{"id":43296,"date":"2023-03-24T19:10:28","date_gmt":"2023-03-24T17:10:28","guid":{"rendered":"https:\/\/www.laguiadepamplona.com\/actualidad\/?p=43296"},"modified":"2023-04-11T11:46:57","modified_gmt":"2023-04-11T09:46:57","slug":"el-cuerpo-de-ciudad-de-pamplona-integrara-este-sabado-por-primera-vez-en-la-historia-al-gobierno-foral","status":"publish","type":"post","link":"https:\/\/www.laguiadepamplona.com\/actualidad\/el-cuerpo-de-ciudad-de-pamplona-integrara-este-sabado-por-primera-vez-en-la-historia-al-gobierno-foral\/","title":{"rendered":"El \u2018Cuerpo de Ciudad\u2019 de Pamplona integrar\u00e1 este s\u00e1bado, por primera vez en la historia, al Gobierno Foral"},"content":{"rendered":"<h5>Adem\u00e1s, el acto de reconocimiento de esta comitiva como BIC inmaterial se podr\u00e1 seguir en una pantalla gigante en la Plaza del Castillo<\/h5>\n<p><!--more--><\/p>\n<p>Ma\u00f1ana s\u00e1bado 25 de marzo Pamplona celebrar\u00e1 la declaraci\u00f3n del cortejo \u2018Cuerpo de Ciudad\u2019 como Bien de Inter\u00e9s Cultural (BIC) inmaterial. Y lo har\u00e1 como siempre se ha hecho, en la calle. <strong>La Comparsa de gigantes y cabezudos de la ciudad estar\u00e1 desde las 10.10 horas recorriendo las calles<\/strong> del centro y el l\u00edmite del Primer Ensanche para preparar el ambiente festivo para un acto formal que se desarrollar\u00e1 entre la Plaza Consistorial y el Palacio de Navarra, con especial protagonismo de la Plaza del Castillo.<br \/>\n<script async src=\"\/\/pagead2.googlesyndication.com\/pagead\/js\/adsbygoogle.js\"><\/script><br \/>\n<!-- Noticias La Guia de Pamplona --><br \/>\n<ins class=\"adsbygoogle\"\nstyle=\"display:block\"\ndata-ad-client=\"ca-pub-6943679897239327\"\ndata-ad-slot=\"7048180777\"\ndata-ad-format=\"auto\"><\/ins><br \/>\n<script>\n(adsbygoogle = window.adsbygoogle || []).push({});\n<\/script><\/p>\n<p>A las <strong>11.05 horas<\/strong>,<strong> la Corporaci\u00f3n saldr\u00e1 en \u2018Cuerpo de Ciudad\u2019 de la Casa Consistorial <\/strong>para dirigirse con todas las figuras del cortejo <strong>al Palacio de Diputaci\u00f3n para participar a las 12 horas en un acto formal. <\/strong>En esta recepci\u00f3n intervendr\u00e1n la consejera de Cultura, <strong>Rebeca Esnaola<\/strong>, el alcalde de Pamplona, <strong>Enrique Maya<\/strong>, y la presidenta de Navarra, <strong>Mar\u00eda Chivite<\/strong>. En ese acto Duguna danzar\u00e1 las coreograf\u00edas \u201cXenpelarrena\u201d y \u201cZinta-dantza\u201d, los gigantes bailar\u00e1n \u201cAngula\u201d y \u201cTurrillas\u201d y La Pamplonesa interpretar\u00e1 la marcha \u201cGora Iru\u00f1a! !Viva Pamplona!\u201d, del Maestro Turrillas y la composici\u00f3n Mochol\u00ed, de Domingo Vela. Todo ello se podr\u00e1 seguir a trav\u00e9s de una pantalla gigante instalada en la Plaza del Castillo.<\/p>\n<p>De nuevo, la fiesta se llevar\u00e1 a la calle. Por primera vez, el Gobierno de Navarra desfilar\u00e1 integrado en el Cuerpo de Ciudad. La participaci\u00f3n conjunta se ha dado en otras ocasiones a lo largo de la historia, como en 1902 cuando desfilaron por la Plaza del Castillo, pero es la primera vez que el Cuerpo de Ciudad integra a la comitiva gubernamental dentro de su composici\u00f3n. Al salir de los jardines en inusual acompa\u00f1amiento al \u2018Cuerpo de Ciudad\u2019 municipal, tras la Polic\u00eda Municipal de gala se integrar\u00e1n los consejeros y consejeras del Gobierno Foral, presidenta y vicepresidentes, y la jefatura y una representaci\u00f3n de agentes de Polic\u00eda Foral en traje de gala. Cerrar\u00e1 el cortejo la banda municipal de m\u00fasica La Pamplonesa.<\/p>\n<p>Esta comitiva, desde la intersecci\u00f3n entre el paseo Sarasate y la Plaza del Castillo, iniciar\u00e1 un recorrido por la plaza en el sentido de las agujas del reloj, dando una vuelta completa a ese espacio, para acompa\u00f1ar finalmente a la representaci\u00f3n del Gobierno foral de vuelta a su sede oficial. Fue esa instituci\u00f3n la que en enero concedi\u00f3 la calificaci\u00f3n de BIC inmaterial al \u2018Cuerpo de Ciudad\u2019 pamplon\u00e9s. El objeto de la protecci\u00f3n que otorga esta categor\u00eda es, por un lado, la forma tradicional de organizaci\u00f3n de las salidas de la Corporaci\u00f3n municipal, con todos su elementos materiales y humanos, y con propia su etiqueta. Por otro lado, la propia participaci\u00f3n del p\u00fablico que lo contempla completa la estructura y componentes de este bien inmaterial, quedando integrado como part\u00edcipe del conjunto.<br \/>\n<script async src=\"\/\/pagead2.googlesyndication.com\/pagead\/js\/adsbygoogle.js\"><\/script><br \/>\n<!-- Noticias La Guia de Pamplona --><br \/>\n<ins class=\"adsbygoogle\"\nstyle=\"display:block\"\ndata-ad-client=\"ca-pub-6943679897239327\"\ndata-ad-slot=\"7048180777\"\ndata-ad-format=\"auto\"><\/ins><br \/>\n<script>\n(adsbygoogle = window.adsbygoogle || []).push({});\n<\/script><\/p>\n<p><strong>A partir de ah\u00ed el cortejo en \u2018Cuerpo de Ciudad\u2019 desfilar\u00e1 de nuevo (hacia las 13 horas) por la Plaza del Castillo, de vuelta a la Casa Consistorial <\/strong>por la calle Chapitela.<\/p>\n<p><strong>La Comparsa y los dantzaris de Duguna seguir\u00e1n ejecutando sus coreograf\u00edas en la Plaza Consistorial para la ciudadan\u00eda hasta las 14 horas,<\/strong> momento en que la comparsa se dirigir\u00e1 a la estaci\u00f3n de autobuses, hasta las pr\u00f3ximas fiestas de San Ferm\u00edn.<\/p>\n","protected":false},"excerpt":{"rendered":"<p>Adem\u00e1s, el acto de reconocimiento de esta comitiva como BIC inmaterial se podr\u00e1 seguir en una pantalla gigante en la Plaza del Castillo<\/p>\n","protected":false},"author":1,"featured_media":43297,"comment_status":"open","ping_status":"closed","sticky":false,"template":"","format":"standard","meta":{"footnotes":""},"categories":[2],"tags":[],"class_list":["post-43296","post","type-post","status-publish","format-standard","has-post-thumbnail","hentry","category-ayuntamiento-pamplona"],"yoast_head":"<!-- This site is optimized with the Yoast SEO plugin v27.3 - https:\/\/yoast.com\/product\/yoast-seo-wordpress\/ -->\n<title>El \u2018Cuerpo de Ciudad\u2019 de Pamplona integrar\u00e1 este s\u00e1bado, por primera vez en la historia, al Gobierno Foral<\/title>\n<meta name=\"description\" content=\"Adem\u00e1s, el acto de reconocimiento de esta comitiva como BIC inmaterial se podr\u00e1 seguir en una pantalla gigante en la Plaza del Castillo\" \/>\n<meta name=\"robots\" content=\"index, follow, max-snippet:-1, max-image-preview:large, max-video-preview:-1\" \/>\n<link rel=\"canonical\" href=\"https:\/\/www.laguiadepamplona.com\/actualidad\/el-cuerpo-de-ciudad-de-pamplona-integrara-este-sabado-por-primera-vez-en-la-historia-al-gobierno-foral\/\" \/>\n<meta property=\"og:locale\" content=\"es_ES\" \/>\n<meta property=\"og:type\" content=\"article\" \/>\n<meta property=\"og:title\" content=\"El \u2018Cuerpo de Ciudad\u2019 de Pamplona integrar\u00e1 este s\u00e1bado, por primera vez en la historia, al Gobierno Foral\" \/>\n<meta property=\"og:description\" content=\"Adem\u00e1s, el acto de reconocimiento de esta comitiva como BIC inmaterial se podr\u00e1 seguir en una pantalla gigante en la Plaza del Castillo\" \/>\n<meta property=\"og:url\" content=\"https:\/\/www.laguiadepamplona.com\/actualidad\/el-cuerpo-de-ciudad-de-pamplona-integrara-este-sabado-por-primera-vez-en-la-historia-al-gobierno-foral\/\" \/>\n<meta property=\"og:site_name\" content=\"La Gu\u00eda de Pamplona\" \/>\n<meta property=\"article:publisher\" content=\"https:\/\/www.facebook.com\/laguiadepamplonacom-133175176762273\/?ref=hl\" \/>\n<meta property=\"article:published_time\" content=\"2023-03-24T17:10:28+00:00\" \/>\n<meta property=\"article:modified_time\" content=\"2023-04-11T09:46:57+00:00\" \/>\n<meta property=\"og:image\" content=\"https:\/\/www.laguiadepamplona.com\/actualidad\/wp-content\/uploads\/2023\/03\/23.03.24_portejo_conjunto_bic.webp\" \/>\n\t<meta property=\"og:image:width\" content=\"1920\" \/>\n\t<meta property=\"og:image:height\" content=\"1339\" \/>\n\t<meta property=\"og:image:type\" content=\"image\/webp\" \/>\n<meta name=\"author\" content=\"La Gu\u00eda de Pamplona\" \/>\n<meta name=\"twitter:card\" content=\"summary_large_image\" \/>\n<meta name=\"twitter:creator\" content=\"@LaGuiadPamplona\" \/>\n<meta name=\"twitter:site\" content=\"@LaGuiadPamplona\" \/>\n<meta name=\"twitter:label1\" content=\"Escrito por\" \/>\n\t<meta name=\"twitter:data1\" content=\"La Gu\u00eda de Pamplona\" \/>\n\t<meta name=\"twitter:label2\" content=\"Tiempo de lectura\" \/>\n\t<meta name=\"twitter:data2\" content=\"3 minutos\" \/>\n<script type=\"application\/ld+json\" class=\"yoast-schema-graph\">{\"@context\":\"https:\\\/\\\/schema.org\",\"@graph\":[{\"@type\":\"Article\",\"@id\":\"https:\\\/\\\/www.laguiadepamplona.com\\\/actualidad\\\/el-cuerpo-de-ciudad-de-pamplona-integrara-este-sabado-por-primera-vez-en-la-historia-al-gobierno-foral\\\/#article\",\"isPartOf\":{\"@id\":\"https:\\\/\\\/www.laguiadepamplona.com\\\/actualidad\\\/el-cuerpo-de-ciudad-de-pamplona-integrara-este-sabado-por-primera-vez-en-la-historia-al-gobierno-foral\\\/\"},\"author\":{\"name\":\"La Gu\u00eda de Pamplona\",\"@id\":\"https:\\\/\\\/www.laguiadepamplona.com\\\/actualidad\\\/#\\\/schema\\\/person\\\/efe887376f0213d4657c93adc50b1fdb\"},\"headline\":\"El \u2018Cuerpo de Ciudad\u2019 de Pamplona integrar\u00e1 este s\u00e1bado, por primera vez en la historia, al Gobierno Foral\",\"datePublished\":\"2023-03-24T17:10:28+00:00\",\"dateModified\":\"2023-04-11T09:46:57+00:00\",\"mainEntityOfPage\":{\"@id\":\"https:\\\/\\\/www.laguiadepamplona.com\\\/actualidad\\\/el-cuerpo-de-ciudad-de-pamplona-integrara-este-sabado-por-primera-vez-en-la-historia-al-gobierno-foral\\\/\"},\"wordCount\":604,\"commentCount\":0,\"publisher\":{\"@id\":\"https:\\\/\\\/www.laguiadepamplona.com\\\/actualidad\\\/#organization\"},\"image\":{\"@id\":\"https:\\\/\\\/www.laguiadepamplona.com\\\/actualidad\\\/el-cuerpo-de-ciudad-de-pamplona-integrara-este-sabado-por-primera-vez-en-la-historia-al-gobierno-foral\\\/#primaryimage\"},\"thumbnailUrl\":\"https:\\\/\\\/www.laguiadepamplona.com\\\/actualidad\\\/wp-content\\\/uploads\\\/2023\\\/03\\\/23.03.24_portejo_conjunto_bic.webp\",\"articleSection\":[\"Ayto Pamplona\"],\"inLanguage\":\"es\",\"potentialAction\":[{\"@type\":\"CommentAction\",\"name\":\"Comment\",\"target\":[\"https:\\\/\\\/www.laguiadepamplona.com\\\/actualidad\\\/el-cuerpo-de-ciudad-de-pamplona-integrara-este-sabado-por-primera-vez-en-la-historia-al-gobierno-foral\\\/#respond\"]}]},{\"@type\":\"WebPage\",\"@id\":\"https:\\\/\\\/www.laguiadepamplona.com\\\/actualidad\\\/el-cuerpo-de-ciudad-de-pamplona-integrara-este-sabado-por-primera-vez-en-la-historia-al-gobierno-foral\\\/\",\"url\":\"https:\\\/\\\/www.laguiadepamplona.com\\\/actualidad\\\/el-cuerpo-de-ciudad-de-pamplona-integrara-este-sabado-por-primera-vez-en-la-historia-al-gobierno-foral\\\/\",\"name\":\"El \u2018Cuerpo de Ciudad\u2019 de Pamplona integrar\u00e1 este s\u00e1bado, por primera vez en la historia, al Gobierno Foral\",\"isPartOf\":{\"@id\":\"https:\\\/\\\/www.laguiadepamplona.com\\\/actualidad\\\/#website\"},\"primaryImageOfPage\":{\"@id\":\"https:\\\/\\\/www.laguiadepamplona.com\\\/actualidad\\\/el-cuerpo-de-ciudad-de-pamplona-integrara-este-sabado-por-primera-vez-en-la-historia-al-gobierno-foral\\\/#primaryimage\"},\"image\":{\"@id\":\"https:\\\/\\\/www.laguiadepamplona.com\\\/actualidad\\\/el-cuerpo-de-ciudad-de-pamplona-integrara-este-sabado-por-primera-vez-en-la-historia-al-gobierno-foral\\\/#primaryimage\"},\"thumbnailUrl\":\"https:\\\/\\\/www.laguiadepamplona.com\\\/actualidad\\\/wp-content\\\/uploads\\\/2023\\\/03\\\/23.03.24_portejo_conjunto_bic.webp\",\"datePublished\":\"2023-03-24T17:10:28+00:00\",\"dateModified\":\"2023-04-11T09:46:57+00:00\",\"description\":\"Adem\u00e1s, el acto de reconocimiento de esta comitiva como BIC inmaterial se podr\u00e1 seguir en una pantalla gigante en la Plaza del Castillo\",\"breadcrumb\":{\"@id\":\"https:\\\/\\\/www.laguiadepamplona.com\\\/actualidad\\\/el-cuerpo-de-ciudad-de-pamplona-integrara-este-sabado-por-primera-vez-en-la-historia-al-gobierno-foral\\\/#breadcrumb\"},\"inLanguage\":\"es\",\"potentialAction\":[{\"@type\":\"ReadAction\",\"target\":[\"https:\\\/\\\/www.laguiadepamplona.com\\\/actualidad\\\/el-cuerpo-de-ciudad-de-pamplona-integrara-este-sabado-por-primera-vez-en-la-historia-al-gobierno-foral\\\/\"]}]},{\"@type\":\"ImageObject\",\"inLanguage\":\"es\",\"@id\":\"https:\\\/\\\/www.laguiadepamplona.com\\\/actualidad\\\/el-cuerpo-de-ciudad-de-pamplona-integrara-este-sabado-por-primera-vez-en-la-historia-al-gobierno-foral\\\/#primaryimage\",\"url\":\"https:\\\/\\\/www.laguiadepamplona.com\\\/actualidad\\\/wp-content\\\/uploads\\\/2023\\\/03\\\/23.03.24_portejo_conjunto_bic.webp\",\"contentUrl\":\"https:\\\/\\\/www.laguiadepamplona.com\\\/actualidad\\\/wp-content\\\/uploads\\\/2023\\\/03\\\/23.03.24_portejo_conjunto_bic.webp\",\"width\":1920,\"height\":1339,\"caption\":\"cortejo\"},{\"@type\":\"BreadcrumbList\",\"@id\":\"https:\\\/\\\/www.laguiadepamplona.com\\\/actualidad\\\/el-cuerpo-de-ciudad-de-pamplona-integrara-este-sabado-por-primera-vez-en-la-historia-al-gobierno-foral\\\/#breadcrumb\",\"itemListElement\":[{\"@type\":\"ListItem\",\"position\":1,\"name\":\"Portada\",\"item\":\"https:\\\/\\\/www.laguiadepamplona.com\\\/actualidad\\\/\"},{\"@type\":\"ListItem\",\"position\":2,\"name\":\"El \u2018Cuerpo de Ciudad\u2019 de Pamplona integrar\u00e1 este s\u00e1bado, por primera vez en la historia, al Gobierno Foral\"}]},{\"@type\":\"WebSite\",\"@id\":\"https:\\\/\\\/www.laguiadepamplona.com\\\/actualidad\\\/#website\",\"url\":\"https:\\\/\\\/www.laguiadepamplona.com\\\/actualidad\\\/\",\"name\":\"La gu\u00eda de Pamplona\",\"description\":\"Noticias de Pamplona\",\"publisher\":{\"@id\":\"https:\\\/\\\/www.laguiadepamplona.com\\\/actualidad\\\/#organization\"},\"potentialAction\":[{\"@type\":\"SearchAction\",\"target\":{\"@type\":\"EntryPoint\",\"urlTemplate\":\"https:\\\/\\\/www.laguiadepamplona.com\\\/actualidad\\\/?s={search_term_string}\"},\"query-input\":{\"@type\":\"PropertyValueSpecification\",\"valueRequired\":true,\"valueName\":\"search_term_string\"}}],\"inLanguage\":\"es\"},{\"@type\":\"Organization\",\"@id\":\"https:\\\/\\\/www.laguiadepamplona.com\\\/actualidad\\\/#organization\",\"name\":\"La Gu\u00eda de Pamplona \\\/ Noticias\",\"url\":\"https:\\\/\\\/www.laguiadepamplona.com\\\/actualidad\\\/\",\"logo\":{\"@type\":\"ImageObject\",\"inLanguage\":\"es\",\"@id\":\"https:\\\/\\\/www.laguiadepamplona.com\\\/actualidad\\\/#\\\/schema\\\/logo\\\/image\\\/\",\"url\":\"https:\\\/\\\/www.laguiadepamplona.com\\\/actualidad\\\/wp-content\\\/uploads\\\/2018\\\/11\\\/logo-laguiadepamplona18-web1.png\",\"contentUrl\":\"https:\\\/\\\/www.laguiadepamplona.com\\\/actualidad\\\/wp-content\\\/uploads\\\/2018\\\/11\\\/logo-laguiadepamplona18-web1.png\",\"width\":600,\"height\":196,\"caption\":\"La Gu\u00eda de Pamplona \\\/ Noticias\"},\"image\":{\"@id\":\"https:\\\/\\\/www.laguiadepamplona.com\\\/actualidad\\\/#\\\/schema\\\/logo\\\/image\\\/\"},\"sameAs\":[\"https:\\\/\\\/www.facebook.com\\\/laguiadepamplonacom-133175176762273\\\/?ref=hl\",\"https:\\\/\\\/x.com\\\/LaGuiadPamplona\",\"https:\\\/\\\/www.instagram.com\\\/la_guia_de_pamplona\\\/\",\"https:\\\/\\\/www.youtube.com\\\/user\\\/laguiadepamplona\"]},{\"@type\":\"Person\",\"@id\":\"https:\\\/\\\/www.laguiadepamplona.com\\\/actualidad\\\/#\\\/schema\\\/person\\\/efe887376f0213d4657c93adc50b1fdb\",\"name\":\"La Gu\u00eda de Pamplona\",\"image\":{\"@type\":\"ImageObject\",\"inLanguage\":\"es\",\"@id\":\"https:\\\/\\\/secure.gravatar.com\\\/avatar\\\/b6992f131dc8d30ab0dff15446e9d346d9dbd95992de0fef795073f5ea83a81c?s=96&d=mm&r=g\",\"url\":\"https:\\\/\\\/secure.gravatar.com\\\/avatar\\\/b6992f131dc8d30ab0dff15446e9d346d9dbd95992de0fef795073f5ea83a81c?s=96&d=mm&r=g\",\"contentUrl\":\"https:\\\/\\\/secure.gravatar.com\\\/avatar\\\/b6992f131dc8d30ab0dff15446e9d346d9dbd95992de0fef795073f5ea83a81c?s=96&d=mm&r=g\",\"caption\":\"La Gu\u00eda de Pamplona\"}}]}<\/script>\n<!-- \/ Yoast SEO plugin. -->","yoast_head_json":{"title":"El \u2018Cuerpo de Ciudad\u2019 de Pamplona integrar\u00e1 este s\u00e1bado, por primera vez en la historia, al Gobierno Foral","description":"Adem\u00e1s, el acto de reconocimiento de esta comitiva como BIC inmaterial se podr\u00e1 seguir en una pantalla gigante en la Plaza del Castillo","robots":{"index":"index","follow":"follow","max-snippet":"max-snippet:-1","max-image-preview":"max-image-preview:large","max-video-preview":"max-video-preview:-1"},"canonical":"https:\/\/www.laguiadepamplona.com\/actualidad\/el-cuerpo-de-ciudad-de-pamplona-integrara-este-sabado-por-primera-vez-en-la-historia-al-gobierno-foral\/","og_locale":"es_ES","og_type":"article","og_title":"El \u2018Cuerpo de Ciudad\u2019 de Pamplona integrar\u00e1 este s\u00e1bado, por primera vez en la historia, al Gobierno Foral","og_description":"Adem\u00e1s, el acto de reconocimiento de esta comitiva como BIC inmaterial se podr\u00e1 seguir en una pantalla gigante en la Plaza del Castillo","og_url":"https:\/\/www.laguiadepamplona.com\/actualidad\/el-cuerpo-de-ciudad-de-pamplona-integrara-este-sabado-por-primera-vez-en-la-historia-al-gobierno-foral\/","og_site_name":"La Gu\u00eda de Pamplona","article_publisher":"https:\/\/www.facebook.com\/laguiadepamplonacom-133175176762273\/?ref=hl","article_published_time":"2023-03-24T17:10:28+00:00","article_modified_time":"2023-04-11T09:46:57+00:00","og_image":[{"width":1920,"height":1339,"url":"https:\/\/www.laguiadepamplona.com\/actualidad\/wp-content\/uploads\/2023\/03\/23.03.24_portejo_conjunto_bic.webp","type":"image\/webp"}],"author":"La Gu\u00eda de Pamplona","twitter_card":"summary_large_image","twitter_creator":"@LaGuiadPamplona","twitter_site":"@LaGuiadPamplona","twitter_misc":{"Escrito por":"La Gu\u00eda de Pamplona","Tiempo de lectura":"3 minutos"},"schema":{"@context":"https:\/\/schema.org","@graph":[{"@type":"Article","@id":"https:\/\/www.laguiadepamplona.com\/actualidad\/el-cuerpo-de-ciudad-de-pamplona-integrara-este-sabado-por-primera-vez-en-la-historia-al-gobierno-foral\/#article","isPartOf":{"@id":"https:\/\/www.laguiadepamplona.com\/actualidad\/el-cuerpo-de-ciudad-de-pamplona-integrara-este-sabado-por-primera-vez-en-la-historia-al-gobierno-foral\/"},"author":{"name":"La Gu\u00eda de Pamplona","@id":"https:\/\/www.laguiadepamplona.com\/actualidad\/#\/schema\/person\/efe887376f0213d4657c93adc50b1fdb"},"headline":"El \u2018Cuerpo de Ciudad\u2019 de Pamplona integrar\u00e1 este s\u00e1bado, por primera vez en la historia, al Gobierno Foral","datePublished":"2023-03-24T17:10:28+00:00","dateModified":"2023-04-11T09:46:57+00:00","mainEntityOfPage":{"@id":"https:\/\/www.laguiadepamplona.com\/actualidad\/el-cuerpo-de-ciudad-de-pamplona-integrara-este-sabado-por-primera-vez-en-la-historia-al-gobierno-foral\/"},"wordCount":604,"commentCount":0,"publisher":{"@id":"https:\/\/www.laguiadepamplona.com\/actualidad\/#organization"},"image":{"@id":"https:\/\/www.laguiadepamplona.com\/actualidad\/el-cuerpo-de-ciudad-de-pamplona-integrara-este-sabado-por-primera-vez-en-la-historia-al-gobierno-foral\/#primaryimage"},"thumbnailUrl":"https:\/\/www.laguiadepamplona.com\/actualidad\/wp-content\/uploads\/2023\/03\/23.03.24_portejo_conjunto_bic.webp","articleSection":["Ayto Pamplona"],"inLanguage":"es","potentialAction":[{"@type":"CommentAction","name":"Comment","target":["https:\/\/www.laguiadepamplona.com\/actualidad\/el-cuerpo-de-ciudad-de-pamplona-integrara-este-sabado-por-primera-vez-en-la-historia-al-gobierno-foral\/#respond"]}]},{"@type":"WebPage","@id":"https:\/\/www.laguiadepamplona.com\/actualidad\/el-cuerpo-de-ciudad-de-pamplona-integrara-este-sabado-por-primera-vez-en-la-historia-al-gobierno-foral\/","url":"https:\/\/www.laguiadepamplona.com\/actualidad\/el-cuerpo-de-ciudad-de-pamplona-integrara-este-sabado-por-primera-vez-en-la-historia-al-gobierno-foral\/","name":"El \u2018Cuerpo de Ciudad\u2019 de Pamplona integrar\u00e1 este s\u00e1bado, por primera vez en la historia, al Gobierno Foral","isPartOf":{"@id":"https:\/\/www.laguiadepamplona.com\/actualidad\/#website"},"primaryImageOfPage":{"@id":"https:\/\/www.laguiadepamplona.com\/actualidad\/el-cuerpo-de-ciudad-de-pamplona-integrara-este-sabado-por-primera-vez-en-la-historia-al-gobierno-foral\/#primaryimage"},"image":{"@id":"https:\/\/www.laguiadepamplona.com\/actualidad\/el-cuerpo-de-ciudad-de-pamplona-integrara-este-sabado-por-primera-vez-en-la-historia-al-gobierno-foral\/#primaryimage"},"thumbnailUrl":"https:\/\/www.laguiadepamplona.com\/actualidad\/wp-content\/uploads\/2023\/03\/23.03.24_portejo_conjunto_bic.webp","datePublished":"2023-03-24T17:10:28+00:00","dateModified":"2023-04-11T09:46:57+00:00","description":"Adem\u00e1s, el acto de reconocimiento de esta comitiva como BIC inmaterial se podr\u00e1 seguir en una pantalla gigante en la Plaza del Castillo","breadcrumb":{"@id":"https:\/\/www.laguiadepamplona.com\/actualidad\/el-cuerpo-de-ciudad-de-pamplona-integrara-este-sabado-por-primera-vez-en-la-historia-al-gobierno-foral\/#breadcrumb"},"inLanguage":"es","potentialAction":[{"@type":"ReadAction","target":["https:\/\/www.laguiadepamplona.com\/actualidad\/el-cuerpo-de-ciudad-de-pamplona-integrara-este-sabado-por-primera-vez-en-la-historia-al-gobierno-foral\/"]}]},{"@type":"ImageObject","inLanguage":"es","@id":"https:\/\/www.laguiadepamplona.com\/actualidad\/el-cuerpo-de-ciudad-de-pamplona-integrara-este-sabado-por-primera-vez-en-la-historia-al-gobierno-foral\/#primaryimage","url":"https:\/\/www.laguiadepamplona.com\/actualidad\/wp-content\/uploads\/2023\/03\/23.03.24_portejo_conjunto_bic.webp","contentUrl":"https:\/\/www.laguiadepamplona.com\/actualidad\/wp-content\/uploads\/2023\/03\/23.03.24_portejo_conjunto_bic.webp","width":1920,"height":1339,"caption":"cortejo"},{"@type":"BreadcrumbList","@id":"https:\/\/www.laguiadepamplona.com\/actualidad\/el-cuerpo-de-ciudad-de-pamplona-integrara-este-sabado-por-primera-vez-en-la-historia-al-gobierno-foral\/#breadcrumb","itemListElement":[{"@type":"ListItem","position":1,"name":"Portada","item":"https:\/\/www.laguiadepamplona.com\/actualidad\/"},{"@type":"ListItem","position":2,"name":"El \u2018Cuerpo de Ciudad\u2019 de Pamplona integrar\u00e1 este s\u00e1bado, por primera vez en la historia, al Gobierno Foral"}]},{"@type":"WebSite","@id":"https:\/\/www.laguiadepamplona.com\/actualidad\/#website","url":"https:\/\/www.laguiadepamplona.com\/actualidad\/","name":"La gu\u00eda de Pamplona","description":"Noticias de Pamplona","publisher":{"@id":"https:\/\/www.laguiadepamplona.com\/actualidad\/#organization"},"potentialAction":[{"@type":"SearchAction","target":{"@type":"EntryPoint","urlTemplate":"https:\/\/www.laguiadepamplona.com\/actualidad\/?s={search_term_string}"},"query-input":{"@type":"PropertyValueSpecification","valueRequired":true,"valueName":"search_term_string"}}],"inLanguage":"es"},{"@type":"Organization","@id":"https:\/\/www.laguiadepamplona.com\/actualidad\/#organization","name":"La Gu\u00eda de Pamplona \/ Noticias","url":"https:\/\/www.laguiadepamplona.com\/actualidad\/","logo":{"@type":"ImageObject","inLanguage":"es","@id":"https:\/\/www.laguiadepamplona.com\/actualidad\/#\/schema\/logo\/image\/","url":"https:\/\/www.laguiadepamplona.com\/actualidad\/wp-content\/uploads\/2018\/11\/logo-laguiadepamplona18-web1.png","contentUrl":"https:\/\/www.laguiadepamplona.com\/actualidad\/wp-content\/uploads\/2018\/11\/logo-laguiadepamplona18-web1.png","width":600,"height":196,"caption":"La Gu\u00eda de Pamplona \/ Noticias"},"image":{"@id":"https:\/\/www.laguiadepamplona.com\/actualidad\/#\/schema\/logo\/image\/"},"sameAs":["https:\/\/www.facebook.com\/laguiadepamplonacom-133175176762273\/?ref=hl","https:\/\/x.com\/LaGuiadPamplona","https:\/\/www.instagram.com\/la_guia_de_pamplona\/","https:\/\/www.youtube.com\/user\/laguiadepamplona"]},{"@type":"Person","@id":"https:\/\/www.laguiadepamplona.com\/actualidad\/#\/schema\/person\/efe887376f0213d4657c93adc50b1fdb","name":"La Gu\u00eda de Pamplona","image":{"@type":"ImageObject","inLanguage":"es","@id":"https:\/\/secure.gravatar.com\/avatar\/b6992f131dc8d30ab0dff15446e9d346d9dbd95992de0fef795073f5ea83a81c?s=96&d=mm&r=g","url":"https:\/\/secure.gravatar.com\/avatar\/b6992f131dc8d30ab0dff15446e9d346d9dbd95992de0fef795073f5ea83a81c?s=96&d=mm&r=g","contentUrl":"https:\/\/secure.gravatar.com\/avatar\/b6992f131dc8d30ab0dff15446e9d346d9dbd95992de0fef795073f5ea83a81c?s=96&d=mm&r=g","caption":"La Gu\u00eda de Pamplona"}}]}},"post_mailing_queue_ids":[],"_links":{"self":[{"href":"https:\/\/www.laguiadepamplona.com\/actualidad\/wp-json\/wp\/v2\/posts\/43296","targetHints":{"allow":["GET"]}}],"collection":[{"href":"https:\/\/www.laguiadepamplona.com\/actualidad\/wp-json\/wp\/v2\/posts"}],"about":[{"href":"https:\/\/www.laguiadepamplona.com\/actualidad\/wp-json\/wp\/v2\/types\/post"}],"author":[{"embeddable":true,"href":"https:\/\/www.laguiadepamplona.com\/actualidad\/wp-json\/wp\/v2\/users\/1"}],"replies":[{"embeddable":true,"href":"https:\/\/www.laguiadepamplona.com\/actualidad\/wp-json\/wp\/v2\/comments?post=43296"}],"version-history":[{"count":0,"href":"https:\/\/www.laguiadepamplona.com\/actualidad\/wp-json\/wp\/v2\/posts\/43296\/revisions"}],"wp:featuredmedia":[{"embeddable":true,"href":"https:\/\/www.laguiadepamplona.com\/actualidad\/wp-json\/wp\/v2\/media\/43297"}],"wp:attachment":[{"href":"https:\/\/www.laguiadepamplona.com\/actualidad\/wp-json\/wp\/v2\/media?parent=43296"}],"wp:term":[{"taxonomy":"category","embeddable":true,"href":"https:\/\/www.laguiadepamplona.com\/actualidad\/wp-json\/wp\/v2\/categories?post=43296"},{"taxonomy":"post_tag","embeddable":true,"href":"https:\/\/www.laguiadepamplona.com\/actualidad\/wp-json\/wp\/v2\/tags?post=43296"}],"curies":[{"name":"wp","href":"https:\/\/api.w.org\/{rel}","templated":true}]}}