{"id":43293,"date":"2023-03-24T19:06:30","date_gmt":"2023-03-24T17:06:30","guid":{"rendered":"https:\/\/www.laguiadepamplona.com\/actualidad\/?p=43293"},"modified":"2023-04-11T11:46:57","modified_gmt":"2023-04-11T09:46:57","slug":"el-colectivo-zzzz-propone-en-el-pabellon-de-mixtos-de-la-ciudadela-un-dialogo-sobre-el-concepto-de-frontera-a-traves-de-la-mirada-fotografica-de-ocho-profesionales","status":"publish","type":"post","link":"https:\/\/www.laguiadepamplona.com\/actualidad\/el-colectivo-zzzz-propone-en-el-pabellon-de-mixtos-de-la-ciudadela-un-dialogo-sobre-el-concepto-de-frontera-a-traves-de-la-mirada-fotografica-de-ocho-profesionales\/","title":{"rendered":"El Colectivo Zzzz propone en el Pabell\u00f3n de Mixtos de la Ciudadela un di\u00e1logo sobre el concepto de frontera a trav\u00e9s de la mirada fotogr\u00e1fica de ocho profesionales"},"content":{"rendered":"<h5>Este proyecto, culminaci\u00f3n de un trabajo de investigaci\u00f3n fotogr\u00e1fica iniciado a principios de 2020, se podr\u00e1 visitar hasta el 7 de mayo<\/h5>\n<p><!--more--><\/p>\n<p>Han sido tres a\u00f1os de trabajo fotogr\u00e1fico, de investigaci\u00f3n visual del concepto de frontera, que ha quedado plasmado en una exposici\u00f3n que ya se puede visitar en la primera planta del Pabell\u00f3n de Mixtos. \u2018Frontera &#8211; Muga\u2019 es la propuesta del Colectivo Zzzz, una muestra en la que se pretende dialogar precisamente sobre las fronteras de todo tipo desde la mirada fotogr\u00e1fica de ocho profesionales. En total, se exhiben unas 400 fotos que presentan 20 ideas y propuestas creativas.<br \/>\n<script async src=\"\/\/pagead2.googlesyndication.com\/pagead\/js\/adsbygoogle.js\"><\/script><br \/>\n<!-- Noticias La Guia de Pamplona --><br \/>\n<ins class=\"adsbygoogle\"\nstyle=\"display:block\"\ndata-ad-client=\"ca-pub-6943679897239327\"\ndata-ad-slot=\"7048180777\"\ndata-ad-format=\"auto\"><\/ins><br \/>\n<script>\n(adsbygoogle = window.adsbygoogle || []).push({});\n<\/script><\/p>\n<p>En la exposici\u00f3n, las im\u00e1genes, ordenadas en una desordenada apariencia, van llevando al p\u00fablico ca\u00f3ticamente sobre las diversas acepciones fronterizas. Desde las f\u00edsicas, muros de piedra construidos con esfuerzo, hasta las m\u00e1s virtuales e \u00edntimas hechas de prejuicios y desprecios, de incomprensi\u00f3n y desconocimiento, pasando por todas las formas fronterizas que unen y separan, acercan y distancian. Estas, adem\u00e1s, aparecen, se crean, se construyen y evolucionan, menguan y desaparecen, y cual ave f\u00e9nix, se materializan en otras de sus primigenias formas de virtualidad real. Siempre habr\u00e1 fronteras. Y siempre desaparecer\u00e1n. La fotograf\u00eda se concibe como un frontera virtual y real a la vez, que acerca a quien la contempla a la realidad fotografiada y, al mismo tiempo, le aleja de ella creando una distancia infranqueable, debido a la elecci\u00f3n de la mirada del artista que capta esa imagen.<\/p>\n<p>El director de Cultura e Igualdad, Jorge Urd\u00e1noz, y los fot\u00f3grafos y miembros del Colectivo Zzzz, Ignacio de \u00c1lava y Paco Sada, han presentado la muestra, que se podr\u00e1 visitar en la primera planta del Pabell\u00f3n de Mixtos de martes a s\u00e1bado, de 11.30 a 13.30 horas y de 18 a 20.30 horas, y domingos y festivos, solo por la ma\u00f1ana, de 11.30 a 13.30 horas.<br \/>\n<script async src=\"\/\/pagead2.googlesyndication.com\/pagead\/js\/adsbygoogle.js\"><\/script><br \/>\n<!-- Noticias La Guia de Pamplona --><br \/>\n<ins class=\"adsbygoogle\"\nstyle=\"display:block\"\ndata-ad-client=\"ca-pub-6943679897239327\"\ndata-ad-slot=\"7048180777\"\ndata-ad-format=\"auto\"><\/ins><br \/>\n<script>\n(adsbygoogle = window.adsbygoogle || []).push({});\n<\/script><\/p>\n<p><strong>Sobre el Colectivo Zzzz<\/strong><\/p>\n<p>El Colectivo Zzzz est\u00e1 conformado, actualmente, por Enrique Aparicio, Ignacio de \u00c1lava, Marcos Garc\u00eda, Jos\u00e9 Antonio Larrasoa\u00f1a, Fernando L\u00f3pez, \u00c1lvaro Mart\u00ednez, Paco Sada y Pilar Sampol. Surgi\u00f3 en mayo de 2013, respondiendo a la necesidad de contar con un \u00e1mbito de encuentro y desarrollo de la fotograf\u00eda y de otras expresiones art\u00edsticas. Aunque pronto se fue limitando exclusivamente al \u00e1mbito de la fotograf\u00eda, fue trazando despu\u00e9s una primera frontera virtual.<\/p>\n<p>El colectivo canaliza los intereses, inquietudes y proyectos, convirti\u00e9ndose en lugar de encuentro y descubrimiento donde cada integrante sigue teniendo su enfoque personal y proyecto propio. El Colectivo Zzzz fortalece el empe\u00f1o y desempe\u00f1o fotogr\u00e1fico de sus miembros al tiempo que ayuda a hacer visible el trabajo, las creaciones, en un momento en el que la fotograf\u00eda se ha popularizado tanto que resulta dif\u00edcil hacerse ver entre la avalancha de im\u00e1genes a las que se tiene acceso.<\/p>\n","protected":false},"excerpt":{"rendered":"<p>Este proyecto, culminaci\u00f3n de un trabajo de investigaci\u00f3n fotogr\u00e1fica iniciado a principios de 2020, se podr\u00e1 visitar hasta el 7 de mayo<\/p>\n","protected":false},"author":1,"featured_media":43294,"comment_status":"open","ping_status":"closed","sticky":false,"template":"","format":"standard","meta":{"footnotes":""},"categories":[2],"tags":[],"class_list":["post-43293","post","type-post","status-publish","format-standard","has-post-thumbnail","hentry","category-ayuntamiento-pamplona"],"yoast_head":"<!-- This site is optimized with the Yoast SEO plugin v27.3 - https:\/\/yoast.com\/product\/yoast-seo-wordpress\/ -->\n<title>El Colectivo Zzzz propone en el Pabell\u00f3n de Mixtos de la Ciudadela un di\u00e1logo sobre el concepto de frontera a trav\u00e9s de la mirada fotogr\u00e1fica de ocho profesionales<\/title>\n<meta name=\"description\" content=\"Este proyecto, culminaci\u00f3n de un trabajo de investigaci\u00f3n fotogr\u00e1fica iniciado a principios de 2020, se podr\u00e1 visitar hasta el 7 de mayo\" \/>\n<meta name=\"robots\" content=\"index, follow, max-snippet:-1, max-image-preview:large, max-video-preview:-1\" \/>\n<link rel=\"canonical\" href=\"https:\/\/www.laguiadepamplona.com\/actualidad\/el-colectivo-zzzz-propone-en-el-pabellon-de-mixtos-de-la-ciudadela-un-dialogo-sobre-el-concepto-de-frontera-a-traves-de-la-mirada-fotografica-de-ocho-profesionales\/\" \/>\n<meta property=\"og:locale\" content=\"es_ES\" \/>\n<meta property=\"og:type\" content=\"article\" \/>\n<meta property=\"og:title\" content=\"El Colectivo Zzzz propone en el Pabell\u00f3n de Mixtos de la Ciudadela un di\u00e1logo sobre el concepto de frontera a trav\u00e9s de la mirada fotogr\u00e1fica de ocho profesionales\" \/>\n<meta property=\"og:description\" content=\"Este proyecto, culminaci\u00f3n de un trabajo de investigaci\u00f3n fotogr\u00e1fica iniciado a principios de 2020, se podr\u00e1 visitar hasta el 7 de mayo\" \/>\n<meta property=\"og:url\" content=\"https:\/\/www.laguiadepamplona.com\/actualidad\/el-colectivo-zzzz-propone-en-el-pabellon-de-mixtos-de-la-ciudadela-un-dialogo-sobre-el-concepto-de-frontera-a-traves-de-la-mirada-fotografica-de-ocho-profesionales\/\" \/>\n<meta property=\"og:site_name\" content=\"La Gu\u00eda de Pamplona\" \/>\n<meta property=\"article:publisher\" content=\"https:\/\/www.facebook.com\/laguiadepamplonacom-133175176762273\/?ref=hl\" \/>\n<meta property=\"article:published_time\" content=\"2023-03-24T17:06:30+00:00\" \/>\n<meta property=\"article:modified_time\" content=\"2023-04-11T09:46:57+00:00\" \/>\n<meta property=\"og:image\" content=\"https:\/\/www.laguiadepamplona.com\/actualidad\/wp-content\/uploads\/2023\/03\/exposicion_zzzz.webp\" \/>\n\t<meta property=\"og:image:width\" content=\"1668\" \/>\n\t<meta property=\"og:image:height\" content=\"840\" \/>\n\t<meta property=\"og:image:type\" content=\"image\/webp\" \/>\n<meta name=\"author\" content=\"La Gu\u00eda de Pamplona\" \/>\n<meta name=\"twitter:card\" content=\"summary_large_image\" \/>\n<meta name=\"twitter:creator\" content=\"@LaGuiadPamplona\" \/>\n<meta name=\"twitter:site\" content=\"@LaGuiadPamplona\" \/>\n<meta name=\"twitter:label1\" content=\"Escrito por\" \/>\n\t<meta name=\"twitter:data1\" content=\"La Gu\u00eda de Pamplona\" \/>\n\t<meta name=\"twitter:label2\" content=\"Tiempo de lectura\" \/>\n\t<meta name=\"twitter:data2\" content=\"3 minutos\" \/>\n<script type=\"application\/ld+json\" class=\"yoast-schema-graph\">{\"@context\":\"https:\\\/\\\/schema.org\",\"@graph\":[{\"@type\":\"Article\",\"@id\":\"https:\\\/\\\/www.laguiadepamplona.com\\\/actualidad\\\/el-colectivo-zzzz-propone-en-el-pabellon-de-mixtos-de-la-ciudadela-un-dialogo-sobre-el-concepto-de-frontera-a-traves-de-la-mirada-fotografica-de-ocho-profesionales\\\/#article\",\"isPartOf\":{\"@id\":\"https:\\\/\\\/www.laguiadepamplona.com\\\/actualidad\\\/el-colectivo-zzzz-propone-en-el-pabellon-de-mixtos-de-la-ciudadela-un-dialogo-sobre-el-concepto-de-frontera-a-traves-de-la-mirada-fotografica-de-ocho-profesionales\\\/\"},\"author\":{\"name\":\"La Gu\u00eda de Pamplona\",\"@id\":\"https:\\\/\\\/www.laguiadepamplona.com\\\/actualidad\\\/#\\\/schema\\\/person\\\/efe887376f0213d4657c93adc50b1fdb\"},\"headline\":\"El Colectivo Zzzz propone en el Pabell\u00f3n de Mixtos de la Ciudadela un di\u00e1logo sobre el concepto de frontera a trav\u00e9s de la mirada fotogr\u00e1fica de ocho profesionales\",\"datePublished\":\"2023-03-24T17:06:30+00:00\",\"dateModified\":\"2023-04-11T09:46:57+00:00\",\"mainEntityOfPage\":{\"@id\":\"https:\\\/\\\/www.laguiadepamplona.com\\\/actualidad\\\/el-colectivo-zzzz-propone-en-el-pabellon-de-mixtos-de-la-ciudadela-un-dialogo-sobre-el-concepto-de-frontera-a-traves-de-la-mirada-fotografica-de-ocho-profesionales\\\/\"},\"wordCount\":518,\"commentCount\":0,\"publisher\":{\"@id\":\"https:\\\/\\\/www.laguiadepamplona.com\\\/actualidad\\\/#organization\"},\"image\":{\"@id\":\"https:\\\/\\\/www.laguiadepamplona.com\\\/actualidad\\\/el-colectivo-zzzz-propone-en-el-pabellon-de-mixtos-de-la-ciudadela-un-dialogo-sobre-el-concepto-de-frontera-a-traves-de-la-mirada-fotografica-de-ocho-profesionales\\\/#primaryimage\"},\"thumbnailUrl\":\"https:\\\/\\\/www.laguiadepamplona.com\\\/actualidad\\\/wp-content\\\/uploads\\\/2023\\\/03\\\/exposicion_zzzz.webp\",\"articleSection\":[\"Ayto Pamplona\"],\"inLanguage\":\"es\",\"potentialAction\":[{\"@type\":\"CommentAction\",\"name\":\"Comment\",\"target\":[\"https:\\\/\\\/www.laguiadepamplona.com\\\/actualidad\\\/el-colectivo-zzzz-propone-en-el-pabellon-de-mixtos-de-la-ciudadela-un-dialogo-sobre-el-concepto-de-frontera-a-traves-de-la-mirada-fotografica-de-ocho-profesionales\\\/#respond\"]}]},{\"@type\":\"WebPage\",\"@id\":\"https:\\\/\\\/www.laguiadepamplona.com\\\/actualidad\\\/el-colectivo-zzzz-propone-en-el-pabellon-de-mixtos-de-la-ciudadela-un-dialogo-sobre-el-concepto-de-frontera-a-traves-de-la-mirada-fotografica-de-ocho-profesionales\\\/\",\"url\":\"https:\\\/\\\/www.laguiadepamplona.com\\\/actualidad\\\/el-colectivo-zzzz-propone-en-el-pabellon-de-mixtos-de-la-ciudadela-un-dialogo-sobre-el-concepto-de-frontera-a-traves-de-la-mirada-fotografica-de-ocho-profesionales\\\/\",\"name\":\"El Colectivo Zzzz propone en el Pabell\u00f3n de Mixtos de la Ciudadela un di\u00e1logo sobre el concepto de frontera a trav\u00e9s de la mirada fotogr\u00e1fica de ocho profesionales\",\"isPartOf\":{\"@id\":\"https:\\\/\\\/www.laguiadepamplona.com\\\/actualidad\\\/#website\"},\"primaryImageOfPage\":{\"@id\":\"https:\\\/\\\/www.laguiadepamplona.com\\\/actualidad\\\/el-colectivo-zzzz-propone-en-el-pabellon-de-mixtos-de-la-ciudadela-un-dialogo-sobre-el-concepto-de-frontera-a-traves-de-la-mirada-fotografica-de-ocho-profesionales\\\/#primaryimage\"},\"image\":{\"@id\":\"https:\\\/\\\/www.laguiadepamplona.com\\\/actualidad\\\/el-colectivo-zzzz-propone-en-el-pabellon-de-mixtos-de-la-ciudadela-un-dialogo-sobre-el-concepto-de-frontera-a-traves-de-la-mirada-fotografica-de-ocho-profesionales\\\/#primaryimage\"},\"thumbnailUrl\":\"https:\\\/\\\/www.laguiadepamplona.com\\\/actualidad\\\/wp-content\\\/uploads\\\/2023\\\/03\\\/exposicion_zzzz.webp\",\"datePublished\":\"2023-03-24T17:06:30+00:00\",\"dateModified\":\"2023-04-11T09:46:57+00:00\",\"description\":\"Este proyecto, culminaci\u00f3n de un trabajo de investigaci\u00f3n fotogr\u00e1fica iniciado a principios de 2020, se podr\u00e1 visitar hasta el 7 de mayo\",\"breadcrumb\":{\"@id\":\"https:\\\/\\\/www.laguiadepamplona.com\\\/actualidad\\\/el-colectivo-zzzz-propone-en-el-pabellon-de-mixtos-de-la-ciudadela-un-dialogo-sobre-el-concepto-de-frontera-a-traves-de-la-mirada-fotografica-de-ocho-profesionales\\\/#breadcrumb\"},\"inLanguage\":\"es\",\"potentialAction\":[{\"@type\":\"ReadAction\",\"target\":[\"https:\\\/\\\/www.laguiadepamplona.com\\\/actualidad\\\/el-colectivo-zzzz-propone-en-el-pabellon-de-mixtos-de-la-ciudadela-un-dialogo-sobre-el-concepto-de-frontera-a-traves-de-la-mirada-fotografica-de-ocho-profesionales\\\/\"]}]},{\"@type\":\"ImageObject\",\"inLanguage\":\"es\",\"@id\":\"https:\\\/\\\/www.laguiadepamplona.com\\\/actualidad\\\/el-colectivo-zzzz-propone-en-el-pabellon-de-mixtos-de-la-ciudadela-un-dialogo-sobre-el-concepto-de-frontera-a-traves-de-la-mirada-fotografica-de-ocho-profesionales\\\/#primaryimage\",\"url\":\"https:\\\/\\\/www.laguiadepamplona.com\\\/actualidad\\\/wp-content\\\/uploads\\\/2023\\\/03\\\/exposicion_zzzz.webp\",\"contentUrl\":\"https:\\\/\\\/www.laguiadepamplona.com\\\/actualidad\\\/wp-content\\\/uploads\\\/2023\\\/03\\\/exposicion_zzzz.webp\",\"width\":1668,\"height\":840},{\"@type\":\"BreadcrumbList\",\"@id\":\"https:\\\/\\\/www.laguiadepamplona.com\\\/actualidad\\\/el-colectivo-zzzz-propone-en-el-pabellon-de-mixtos-de-la-ciudadela-un-dialogo-sobre-el-concepto-de-frontera-a-traves-de-la-mirada-fotografica-de-ocho-profesionales\\\/#breadcrumb\",\"itemListElement\":[{\"@type\":\"ListItem\",\"position\":1,\"name\":\"Portada\",\"item\":\"https:\\\/\\\/www.laguiadepamplona.com\\\/actualidad\\\/\"},{\"@type\":\"ListItem\",\"position\":2,\"name\":\"El Colectivo Zzzz propone en el Pabell\u00f3n de Mixtos de la Ciudadela un di\u00e1logo sobre el concepto de frontera a trav\u00e9s de la mirada fotogr\u00e1fica de ocho profesionales\"}]},{\"@type\":\"WebSite\",\"@id\":\"https:\\\/\\\/www.laguiadepamplona.com\\\/actualidad\\\/#website\",\"url\":\"https:\\\/\\\/www.laguiadepamplona.com\\\/actualidad\\\/\",\"name\":\"La gu\u00eda de Pamplona\",\"description\":\"Noticias de Pamplona\",\"publisher\":{\"@id\":\"https:\\\/\\\/www.laguiadepamplona.com\\\/actualidad\\\/#organization\"},\"potentialAction\":[{\"@type\":\"SearchAction\",\"target\":{\"@type\":\"EntryPoint\",\"urlTemplate\":\"https:\\\/\\\/www.laguiadepamplona.com\\\/actualidad\\\/?s={search_term_string}\"},\"query-input\":{\"@type\":\"PropertyValueSpecification\",\"valueRequired\":true,\"valueName\":\"search_term_string\"}}],\"inLanguage\":\"es\"},{\"@type\":\"Organization\",\"@id\":\"https:\\\/\\\/www.laguiadepamplona.com\\\/actualidad\\\/#organization\",\"name\":\"La Gu\u00eda de Pamplona \\\/ Noticias\",\"url\":\"https:\\\/\\\/www.laguiadepamplona.com\\\/actualidad\\\/\",\"logo\":{\"@type\":\"ImageObject\",\"inLanguage\":\"es\",\"@id\":\"https:\\\/\\\/www.laguiadepamplona.com\\\/actualidad\\\/#\\\/schema\\\/logo\\\/image\\\/\",\"url\":\"https:\\\/\\\/www.laguiadepamplona.com\\\/actualidad\\\/wp-content\\\/uploads\\\/2018\\\/11\\\/logo-laguiadepamplona18-web1.png\",\"contentUrl\":\"https:\\\/\\\/www.laguiadepamplona.com\\\/actualidad\\\/wp-content\\\/uploads\\\/2018\\\/11\\\/logo-laguiadepamplona18-web1.png\",\"width\":600,\"height\":196,\"caption\":\"La Gu\u00eda de Pamplona \\\/ Noticias\"},\"image\":{\"@id\":\"https:\\\/\\\/www.laguiadepamplona.com\\\/actualidad\\\/#\\\/schema\\\/logo\\\/image\\\/\"},\"sameAs\":[\"https:\\\/\\\/www.facebook.com\\\/laguiadepamplonacom-133175176762273\\\/?ref=hl\",\"https:\\\/\\\/x.com\\\/LaGuiadPamplona\",\"https:\\\/\\\/www.instagram.com\\\/la_guia_de_pamplona\\\/\",\"https:\\\/\\\/www.youtube.com\\\/user\\\/laguiadepamplona\"]},{\"@type\":\"Person\",\"@id\":\"https:\\\/\\\/www.laguiadepamplona.com\\\/actualidad\\\/#\\\/schema\\\/person\\\/efe887376f0213d4657c93adc50b1fdb\",\"name\":\"La Gu\u00eda de Pamplona\",\"image\":{\"@type\":\"ImageObject\",\"inLanguage\":\"es\",\"@id\":\"https:\\\/\\\/secure.gravatar.com\\\/avatar\\\/b6992f131dc8d30ab0dff15446e9d346d9dbd95992de0fef795073f5ea83a81c?s=96&d=mm&r=g\",\"url\":\"https:\\\/\\\/secure.gravatar.com\\\/avatar\\\/b6992f131dc8d30ab0dff15446e9d346d9dbd95992de0fef795073f5ea83a81c?s=96&d=mm&r=g\",\"contentUrl\":\"https:\\\/\\\/secure.gravatar.com\\\/avatar\\\/b6992f131dc8d30ab0dff15446e9d346d9dbd95992de0fef795073f5ea83a81c?s=96&d=mm&r=g\",\"caption\":\"La Gu\u00eda de Pamplona\"}}]}<\/script>\n<!-- \/ Yoast SEO plugin. -->","yoast_head_json":{"title":"El Colectivo Zzzz propone en el Pabell\u00f3n de Mixtos de la Ciudadela un di\u00e1logo sobre el concepto de frontera a trav\u00e9s de la mirada fotogr\u00e1fica de ocho profesionales","description":"Este proyecto, culminaci\u00f3n de un trabajo de investigaci\u00f3n fotogr\u00e1fica iniciado a principios de 2020, se podr\u00e1 visitar hasta el 7 de mayo","robots":{"index":"index","follow":"follow","max-snippet":"max-snippet:-1","max-image-preview":"max-image-preview:large","max-video-preview":"max-video-preview:-1"},"canonical":"https:\/\/www.laguiadepamplona.com\/actualidad\/el-colectivo-zzzz-propone-en-el-pabellon-de-mixtos-de-la-ciudadela-un-dialogo-sobre-el-concepto-de-frontera-a-traves-de-la-mirada-fotografica-de-ocho-profesionales\/","og_locale":"es_ES","og_type":"article","og_title":"El Colectivo Zzzz propone en el Pabell\u00f3n de Mixtos de la Ciudadela un di\u00e1logo sobre el concepto de frontera a trav\u00e9s de la mirada fotogr\u00e1fica de ocho profesionales","og_description":"Este proyecto, culminaci\u00f3n de un trabajo de investigaci\u00f3n fotogr\u00e1fica iniciado a principios de 2020, se podr\u00e1 visitar hasta el 7 de mayo","og_url":"https:\/\/www.laguiadepamplona.com\/actualidad\/el-colectivo-zzzz-propone-en-el-pabellon-de-mixtos-de-la-ciudadela-un-dialogo-sobre-el-concepto-de-frontera-a-traves-de-la-mirada-fotografica-de-ocho-profesionales\/","og_site_name":"La Gu\u00eda de Pamplona","article_publisher":"https:\/\/www.facebook.com\/laguiadepamplonacom-133175176762273\/?ref=hl","article_published_time":"2023-03-24T17:06:30+00:00","article_modified_time":"2023-04-11T09:46:57+00:00","og_image":[{"width":1668,"height":840,"url":"https:\/\/www.laguiadepamplona.com\/actualidad\/wp-content\/uploads\/2023\/03\/exposicion_zzzz.webp","type":"image\/webp"}],"author":"La Gu\u00eda de Pamplona","twitter_card":"summary_large_image","twitter_creator":"@LaGuiadPamplona","twitter_site":"@LaGuiadPamplona","twitter_misc":{"Escrito por":"La Gu\u00eda de Pamplona","Tiempo de lectura":"3 minutos"},"schema":{"@context":"https:\/\/schema.org","@graph":[{"@type":"Article","@id":"https:\/\/www.laguiadepamplona.com\/actualidad\/el-colectivo-zzzz-propone-en-el-pabellon-de-mixtos-de-la-ciudadela-un-dialogo-sobre-el-concepto-de-frontera-a-traves-de-la-mirada-fotografica-de-ocho-profesionales\/#article","isPartOf":{"@id":"https:\/\/www.laguiadepamplona.com\/actualidad\/el-colectivo-zzzz-propone-en-el-pabellon-de-mixtos-de-la-ciudadela-un-dialogo-sobre-el-concepto-de-frontera-a-traves-de-la-mirada-fotografica-de-ocho-profesionales\/"},"author":{"name":"La Gu\u00eda de Pamplona","@id":"https:\/\/www.laguiadepamplona.com\/actualidad\/#\/schema\/person\/efe887376f0213d4657c93adc50b1fdb"},"headline":"El Colectivo Zzzz propone en el Pabell\u00f3n de Mixtos de la Ciudadela un di\u00e1logo sobre el concepto de frontera a trav\u00e9s de la mirada fotogr\u00e1fica de ocho profesionales","datePublished":"2023-03-24T17:06:30+00:00","dateModified":"2023-04-11T09:46:57+00:00","mainEntityOfPage":{"@id":"https:\/\/www.laguiadepamplona.com\/actualidad\/el-colectivo-zzzz-propone-en-el-pabellon-de-mixtos-de-la-ciudadela-un-dialogo-sobre-el-concepto-de-frontera-a-traves-de-la-mirada-fotografica-de-ocho-profesionales\/"},"wordCount":518,"commentCount":0,"publisher":{"@id":"https:\/\/www.laguiadepamplona.com\/actualidad\/#organization"},"image":{"@id":"https:\/\/www.laguiadepamplona.com\/actualidad\/el-colectivo-zzzz-propone-en-el-pabellon-de-mixtos-de-la-ciudadela-un-dialogo-sobre-el-concepto-de-frontera-a-traves-de-la-mirada-fotografica-de-ocho-profesionales\/#primaryimage"},"thumbnailUrl":"https:\/\/www.laguiadepamplona.com\/actualidad\/wp-content\/uploads\/2023\/03\/exposicion_zzzz.webp","articleSection":["Ayto Pamplona"],"inLanguage":"es","potentialAction":[{"@type":"CommentAction","name":"Comment","target":["https:\/\/www.laguiadepamplona.com\/actualidad\/el-colectivo-zzzz-propone-en-el-pabellon-de-mixtos-de-la-ciudadela-un-dialogo-sobre-el-concepto-de-frontera-a-traves-de-la-mirada-fotografica-de-ocho-profesionales\/#respond"]}]},{"@type":"WebPage","@id":"https:\/\/www.laguiadepamplona.com\/actualidad\/el-colectivo-zzzz-propone-en-el-pabellon-de-mixtos-de-la-ciudadela-un-dialogo-sobre-el-concepto-de-frontera-a-traves-de-la-mirada-fotografica-de-ocho-profesionales\/","url":"https:\/\/www.laguiadepamplona.com\/actualidad\/el-colectivo-zzzz-propone-en-el-pabellon-de-mixtos-de-la-ciudadela-un-dialogo-sobre-el-concepto-de-frontera-a-traves-de-la-mirada-fotografica-de-ocho-profesionales\/","name":"El Colectivo Zzzz propone en el Pabell\u00f3n de Mixtos de la Ciudadela un di\u00e1logo sobre el concepto de frontera a trav\u00e9s de la mirada fotogr\u00e1fica de ocho profesionales","isPartOf":{"@id":"https:\/\/www.laguiadepamplona.com\/actualidad\/#website"},"primaryImageOfPage":{"@id":"https:\/\/www.laguiadepamplona.com\/actualidad\/el-colectivo-zzzz-propone-en-el-pabellon-de-mixtos-de-la-ciudadela-un-dialogo-sobre-el-concepto-de-frontera-a-traves-de-la-mirada-fotografica-de-ocho-profesionales\/#primaryimage"},"image":{"@id":"https:\/\/www.laguiadepamplona.com\/actualidad\/el-colectivo-zzzz-propone-en-el-pabellon-de-mixtos-de-la-ciudadela-un-dialogo-sobre-el-concepto-de-frontera-a-traves-de-la-mirada-fotografica-de-ocho-profesionales\/#primaryimage"},"thumbnailUrl":"https:\/\/www.laguiadepamplona.com\/actualidad\/wp-content\/uploads\/2023\/03\/exposicion_zzzz.webp","datePublished":"2023-03-24T17:06:30+00:00","dateModified":"2023-04-11T09:46:57+00:00","description":"Este proyecto, culminaci\u00f3n de un trabajo de investigaci\u00f3n fotogr\u00e1fica iniciado a principios de 2020, se podr\u00e1 visitar hasta el 7 de mayo","breadcrumb":{"@id":"https:\/\/www.laguiadepamplona.com\/actualidad\/el-colectivo-zzzz-propone-en-el-pabellon-de-mixtos-de-la-ciudadela-un-dialogo-sobre-el-concepto-de-frontera-a-traves-de-la-mirada-fotografica-de-ocho-profesionales\/#breadcrumb"},"inLanguage":"es","potentialAction":[{"@type":"ReadAction","target":["https:\/\/www.laguiadepamplona.com\/actualidad\/el-colectivo-zzzz-propone-en-el-pabellon-de-mixtos-de-la-ciudadela-un-dialogo-sobre-el-concepto-de-frontera-a-traves-de-la-mirada-fotografica-de-ocho-profesionales\/"]}]},{"@type":"ImageObject","inLanguage":"es","@id":"https:\/\/www.laguiadepamplona.com\/actualidad\/el-colectivo-zzzz-propone-en-el-pabellon-de-mixtos-de-la-ciudadela-un-dialogo-sobre-el-concepto-de-frontera-a-traves-de-la-mirada-fotografica-de-ocho-profesionales\/#primaryimage","url":"https:\/\/www.laguiadepamplona.com\/actualidad\/wp-content\/uploads\/2023\/03\/exposicion_zzzz.webp","contentUrl":"https:\/\/www.laguiadepamplona.com\/actualidad\/wp-content\/uploads\/2023\/03\/exposicion_zzzz.webp","width":1668,"height":840},{"@type":"BreadcrumbList","@id":"https:\/\/www.laguiadepamplona.com\/actualidad\/el-colectivo-zzzz-propone-en-el-pabellon-de-mixtos-de-la-ciudadela-un-dialogo-sobre-el-concepto-de-frontera-a-traves-de-la-mirada-fotografica-de-ocho-profesionales\/#breadcrumb","itemListElement":[{"@type":"ListItem","position":1,"name":"Portada","item":"https:\/\/www.laguiadepamplona.com\/actualidad\/"},{"@type":"ListItem","position":2,"name":"El Colectivo Zzzz propone en el Pabell\u00f3n de Mixtos de la Ciudadela un di\u00e1logo sobre el concepto de frontera a trav\u00e9s de la mirada fotogr\u00e1fica de ocho profesionales"}]},{"@type":"WebSite","@id":"https:\/\/www.laguiadepamplona.com\/actualidad\/#website","url":"https:\/\/www.laguiadepamplona.com\/actualidad\/","name":"La gu\u00eda de Pamplona","description":"Noticias de Pamplona","publisher":{"@id":"https:\/\/www.laguiadepamplona.com\/actualidad\/#organization"},"potentialAction":[{"@type":"SearchAction","target":{"@type":"EntryPoint","urlTemplate":"https:\/\/www.laguiadepamplona.com\/actualidad\/?s={search_term_string}"},"query-input":{"@type":"PropertyValueSpecification","valueRequired":true,"valueName":"search_term_string"}}],"inLanguage":"es"},{"@type":"Organization","@id":"https:\/\/www.laguiadepamplona.com\/actualidad\/#organization","name":"La Gu\u00eda de Pamplona \/ Noticias","url":"https:\/\/www.laguiadepamplona.com\/actualidad\/","logo":{"@type":"ImageObject","inLanguage":"es","@id":"https:\/\/www.laguiadepamplona.com\/actualidad\/#\/schema\/logo\/image\/","url":"https:\/\/www.laguiadepamplona.com\/actualidad\/wp-content\/uploads\/2018\/11\/logo-laguiadepamplona18-web1.png","contentUrl":"https:\/\/www.laguiadepamplona.com\/actualidad\/wp-content\/uploads\/2018\/11\/logo-laguiadepamplona18-web1.png","width":600,"height":196,"caption":"La Gu\u00eda de Pamplona \/ Noticias"},"image":{"@id":"https:\/\/www.laguiadepamplona.com\/actualidad\/#\/schema\/logo\/image\/"},"sameAs":["https:\/\/www.facebook.com\/laguiadepamplonacom-133175176762273\/?ref=hl","https:\/\/x.com\/LaGuiadPamplona","https:\/\/www.instagram.com\/la_guia_de_pamplona\/","https:\/\/www.youtube.com\/user\/laguiadepamplona"]},{"@type":"Person","@id":"https:\/\/www.laguiadepamplona.com\/actualidad\/#\/schema\/person\/efe887376f0213d4657c93adc50b1fdb","name":"La Gu\u00eda de Pamplona","image":{"@type":"ImageObject","inLanguage":"es","@id":"https:\/\/secure.gravatar.com\/avatar\/b6992f131dc8d30ab0dff15446e9d346d9dbd95992de0fef795073f5ea83a81c?s=96&d=mm&r=g","url":"https:\/\/secure.gravatar.com\/avatar\/b6992f131dc8d30ab0dff15446e9d346d9dbd95992de0fef795073f5ea83a81c?s=96&d=mm&r=g","contentUrl":"https:\/\/secure.gravatar.com\/avatar\/b6992f131dc8d30ab0dff15446e9d346d9dbd95992de0fef795073f5ea83a81c?s=96&d=mm&r=g","caption":"La Gu\u00eda de Pamplona"}}]}},"post_mailing_queue_ids":[],"_links":{"self":[{"href":"https:\/\/www.laguiadepamplona.com\/actualidad\/wp-json\/wp\/v2\/posts\/43293","targetHints":{"allow":["GET"]}}],"collection":[{"href":"https:\/\/www.laguiadepamplona.com\/actualidad\/wp-json\/wp\/v2\/posts"}],"about":[{"href":"https:\/\/www.laguiadepamplona.com\/actualidad\/wp-json\/wp\/v2\/types\/post"}],"author":[{"embeddable":true,"href":"https:\/\/www.laguiadepamplona.com\/actualidad\/wp-json\/wp\/v2\/users\/1"}],"replies":[{"embeddable":true,"href":"https:\/\/www.laguiadepamplona.com\/actualidad\/wp-json\/wp\/v2\/comments?post=43293"}],"version-history":[{"count":0,"href":"https:\/\/www.laguiadepamplona.com\/actualidad\/wp-json\/wp\/v2\/posts\/43293\/revisions"}],"wp:featuredmedia":[{"embeddable":true,"href":"https:\/\/www.laguiadepamplona.com\/actualidad\/wp-json\/wp\/v2\/media\/43294"}],"wp:attachment":[{"href":"https:\/\/www.laguiadepamplona.com\/actualidad\/wp-json\/wp\/v2\/media?parent=43293"}],"wp:term":[{"taxonomy":"category","embeddable":true,"href":"https:\/\/www.laguiadepamplona.com\/actualidad\/wp-json\/wp\/v2\/categories?post=43293"},{"taxonomy":"post_tag","embeddable":true,"href":"https:\/\/www.laguiadepamplona.com\/actualidad\/wp-json\/wp\/v2\/tags?post=43293"}],"curies":[{"name":"wp","href":"https:\/\/api.w.org\/{rel}","templated":true}]}}