{"id":43288,"date":"2023-03-24T19:03:33","date_gmt":"2023-03-24T17:03:33","guid":{"rendered":"https:\/\/www.laguiadepamplona.com\/actualidad\/?p=43288"},"modified":"2023-04-11T11:46:57","modified_gmt":"2023-04-11T09:46:57","slug":"las-obras-para-la-mayor-instalacion-fotovoltaica-de-la-ciudad-comienzan-la-semana-que-viene-en-el-aparcamiento-junto-al-cpeip-cardenal-ilundain","status":"publish","type":"post","link":"https:\/\/www.laguiadepamplona.com\/actualidad\/las-obras-para-la-mayor-instalacion-fotovoltaica-de-la-ciudad-comienzan-la-semana-que-viene-en-el-aparcamiento-junto-al-cpeip-cardenal-ilundain\/","title":{"rendered":"Las obras para la mayor instalaci\u00f3n fotovoltaica de la ciudad comienzan la semana que viene en el aparcamiento junto al CPEIP Cardenal Ilundain"},"content":{"rendered":"<h5>El aparcamiento cerrar\u00e1 del 30 de marzo al 3 de julio y, tras las obras, generar\u00e1 energ\u00eda limpia para el autoconsumo en su entorno<\/h5>\n<p><!--more--><\/p>\n<p>El aparcamiento junto al CPEIP Cardenal Ilund\u00e1in en el barrio de Rochapea acoger\u00e1 la mayor instalaci\u00f3n fotovoltaica de la ciudad, con una potencia pico que alcanzar\u00e1 los 1.094 kW. La pr\u00f3xima semana comenzar\u00e1n los trabajos para colocar la cubierta fotovoltaica que abarcar\u00e1 las 230 plazas de estacionamiento y que conllevar\u00e1 el cierre del aparcamiento entre el 30 de marzo y el 3 de julio. Una vez reabierto, el aparcamiento mantendr\u00e1 su modalidad de uso, con las primeras 24 horas de estacionamiento gratuitas.<br \/>\n<script async src=\"\/\/pagead2.googlesyndication.com\/pagead\/js\/adsbygoogle.js\"><\/script><br \/>\n<!-- Noticias La Guia de Pamplona --><br \/>\n<ins class=\"adsbygoogle\"\nstyle=\"display:block\"\ndata-ad-client=\"ca-pub-6943679897239327\"\ndata-ad-slot=\"7048180777\"\ndata-ad-format=\"auto\"><\/ins><br \/>\n<script>\n(adsbygoogle = window.adsbygoogle || []).push({});\n<\/script><\/p>\n<p>La instalaci\u00f3n la conforma una estructura met\u00e1lica de 2.736 paneles solares y se calcula que se dejar\u00e1n de emitir 337 toneladas de CO<sub>2<\/sub> al a\u00f1o. El anteproyecto incluye estaciones de recarga r\u00e1pida y semirr\u00e1pida. Las 230 plazas de aparcamiento quedar\u00e1n cubiertas, con la consiguiente comodidad tanto para los veh\u00edculos como para las personas usuarias. Los paneles generar\u00e1n energ\u00eda limpia para que, adem\u00e1s de cubrir las necesidades del propio aparcamiento, pueda ser autoconsumida por los vecinos y vecinas de la zona e incluso se plantea el desarrollo de una comunidad energ\u00e9tica. Las personas interesadas en ese consumo compartido pueden solicitar informaci\u00f3n en el correo electr\u00f3nico <a href=\"mailto:c.ilundain@enerparking.com\">c.ilundain@enerparking.com<\/a>. Durante estos d\u00edas, se colocar\u00e1 carteler\u00eda en la zona y se informar\u00e1 a las personas usuarios del aparcamiento del proyecto que se va a acometer en los pr\u00f3ximos meses.<\/p>\n<p>Para llevar a cabo este proyecto, el Ayuntamiento de Pamplona apost\u00f3 por una concesi\u00f3n administrativa a 20 a\u00f1os, adjudicado a la UTE Sunstroom Engineering S.L. \u2013 Sunstroom Engineering Nederland B.V. El canon anual ser\u00e1 el resultante de sumar al canon m\u00ednimo de 2.000 euros el 1,5% de los ingresos obtenidos por la concesionaria en el a\u00f1o anterior por la venta de la energ\u00eda generada en la parcela. La concesionaria gestionar\u00e1 la venta de la energ\u00eda generada en la instalaci\u00f3n fotovoltaica y los puntos de recarga de veh\u00edculo el\u00e9ctrico, una venta que deber\u00e1 cumplir con todos los requisitos legales vigentes y futuros.<br \/>\n<script async src=\"\/\/pagead2.googlesyndication.com\/pagead\/js\/adsbygoogle.js\"><\/script><br \/>\n<!-- Noticias La Guia de Pamplona --><br \/>\n<ins class=\"adsbygoogle\"\nstyle=\"display:block\"\ndata-ad-client=\"ca-pub-6943679897239327\"\ndata-ad-slot=\"7048180777\"\ndata-ad-format=\"auto\"><\/ins><br \/>\n<script>\n(adsbygoogle = window.adsbygoogle || []).push({});\n<\/script><\/p>\n<p>El aparcamiento limita con el t\u00e9rmino municipal de Anso\u00e1in, la avenida de Marcelo Celayeta, la traves\u00eda de Tom\u00e1s de Burgui y la calle Ostoki, junto al CPEIP Cardenal Ilund\u00e1in. En diciembre de 2021, despu\u00e9s de muchos a\u00f1os como disuasorio, el aparcamiento estren\u00f3 la f\u00f3rmula de 24 primeras horas gratuitas, que se ha implantado ya en otras zonas de Pamplona. Los trabajos para la ejecuci\u00f3n de la instalaci\u00f3n fotovoltaica y la adecuaci\u00f3n del aparcamiento incluyen tambi\u00e9n aspectos relacionados con la pavimentaci\u00f3n de las zonas, redistribuci\u00f3n de espacios, abastecimientos, alumbrado o se\u00f1alizaci\u00f3n, entre otros. Esta actuaci\u00f3n se enmarca dentro de la Estrategia Go Green del Ayuntamiento de Pamplona, que engloba las actuaciones municipales en materia de lucha contra el cambio clim\u00e1tico.<\/p>\n","protected":false},"excerpt":{"rendered":"<p>El aparcamiento cerrar\u00e1 del 30 de marzo al 3 de julio y, tras las obras, generar\u00e1 energ\u00eda limpia para el autoconsumo en su entorno<\/p>\n","protected":false},"author":1,"featured_media":43289,"comment_status":"open","ping_status":"closed","sticky":false,"template":"","format":"standard","meta":{"footnotes":""},"categories":[2],"tags":[],"class_list":["post-43288","post","type-post","status-publish","format-standard","has-post-thumbnail","hentry","category-ayuntamiento-pamplona"],"yoast_head":"<!-- This site is optimized with the Yoast SEO plugin v27.3 - https:\/\/yoast.com\/product\/yoast-seo-wordpress\/ -->\n<title>Las obras para la mayor instalaci\u00f3n fotovoltaica de la ciudad comienzan la semana que viene en el aparcamiento junto al CPEIP Cardenal Ilundain<\/title>\n<meta name=\"description\" content=\"El aparcamiento cerrar\u00e1 del 30 de marzo al 3 de julio y, tras las obras, generar\u00e1 energ\u00eda limpia para el autoconsumo en su entorno\" \/>\n<meta name=\"robots\" content=\"index, follow, max-snippet:-1, max-image-preview:large, max-video-preview:-1\" \/>\n<link rel=\"canonical\" href=\"https:\/\/www.laguiadepamplona.com\/actualidad\/las-obras-para-la-mayor-instalacion-fotovoltaica-de-la-ciudad-comienzan-la-semana-que-viene-en-el-aparcamiento-junto-al-cpeip-cardenal-ilundain\/\" \/>\n<meta property=\"og:locale\" content=\"es_ES\" \/>\n<meta property=\"og:type\" content=\"article\" \/>\n<meta property=\"og:title\" content=\"Las obras para la mayor instalaci\u00f3n fotovoltaica de la ciudad comienzan la semana que viene en el aparcamiento junto al CPEIP Cardenal Ilundain\" \/>\n<meta property=\"og:description\" content=\"El aparcamiento cerrar\u00e1 del 30 de marzo al 3 de julio y, tras las obras, generar\u00e1 energ\u00eda limpia para el autoconsumo en su entorno\" \/>\n<meta property=\"og:url\" content=\"https:\/\/www.laguiadepamplona.com\/actualidad\/las-obras-para-la-mayor-instalacion-fotovoltaica-de-la-ciudad-comienzan-la-semana-que-viene-en-el-aparcamiento-junto-al-cpeip-cardenal-ilundain\/\" \/>\n<meta property=\"og:site_name\" content=\"La Gu\u00eda de Pamplona\" \/>\n<meta property=\"article:publisher\" content=\"https:\/\/www.facebook.com\/laguiadepamplonacom-133175176762273\/?ref=hl\" \/>\n<meta property=\"article:published_time\" content=\"2023-03-24T17:03:33+00:00\" \/>\n<meta property=\"article:modified_time\" content=\"2023-04-11T09:46:57+00:00\" \/>\n<meta property=\"og:image\" content=\"https:\/\/www.laguiadepamplona.com\/actualidad\/wp-content\/uploads\/2023\/03\/230324aparcamientocubiertofotovoltaicacardenalilundain1_0.webp\" \/>\n\t<meta property=\"og:image:width\" content=\"1920\" \/>\n\t<meta property=\"og:image:height\" content=\"1080\" \/>\n\t<meta property=\"og:image:type\" content=\"image\/webp\" \/>\n<meta name=\"author\" content=\"La Gu\u00eda de Pamplona\" \/>\n<meta name=\"twitter:card\" content=\"summary_large_image\" \/>\n<meta name=\"twitter:creator\" content=\"@LaGuiadPamplona\" \/>\n<meta name=\"twitter:site\" content=\"@LaGuiadPamplona\" \/>\n<meta name=\"twitter:label1\" content=\"Escrito por\" \/>\n\t<meta name=\"twitter:data1\" content=\"La Gu\u00eda de Pamplona\" \/>\n\t<meta name=\"twitter:label2\" content=\"Tiempo de lectura\" \/>\n\t<meta name=\"twitter:data2\" content=\"3 minutos\" \/>\n<script type=\"application\/ld+json\" class=\"yoast-schema-graph\">{\"@context\":\"https:\\\/\\\/schema.org\",\"@graph\":[{\"@type\":\"Article\",\"@id\":\"https:\\\/\\\/www.laguiadepamplona.com\\\/actualidad\\\/las-obras-para-la-mayor-instalacion-fotovoltaica-de-la-ciudad-comienzan-la-semana-que-viene-en-el-aparcamiento-junto-al-cpeip-cardenal-ilundain\\\/#article\",\"isPartOf\":{\"@id\":\"https:\\\/\\\/www.laguiadepamplona.com\\\/actualidad\\\/las-obras-para-la-mayor-instalacion-fotovoltaica-de-la-ciudad-comienzan-la-semana-que-viene-en-el-aparcamiento-junto-al-cpeip-cardenal-ilundain\\\/\"},\"author\":{\"name\":\"La Gu\u00eda de Pamplona\",\"@id\":\"https:\\\/\\\/www.laguiadepamplona.com\\\/actualidad\\\/#\\\/schema\\\/person\\\/efe887376f0213d4657c93adc50b1fdb\"},\"headline\":\"Las obras para la mayor instalaci\u00f3n fotovoltaica de la ciudad comienzan la semana que viene en el aparcamiento junto al CPEIP Cardenal Ilundain\",\"datePublished\":\"2023-03-24T17:03:33+00:00\",\"dateModified\":\"2023-04-11T09:46:57+00:00\",\"mainEntityOfPage\":{\"@id\":\"https:\\\/\\\/www.laguiadepamplona.com\\\/actualidad\\\/las-obras-para-la-mayor-instalacion-fotovoltaica-de-la-ciudad-comienzan-la-semana-que-viene-en-el-aparcamiento-junto-al-cpeip-cardenal-ilundain\\\/\"},\"wordCount\":522,\"commentCount\":0,\"publisher\":{\"@id\":\"https:\\\/\\\/www.laguiadepamplona.com\\\/actualidad\\\/#organization\"},\"image\":{\"@id\":\"https:\\\/\\\/www.laguiadepamplona.com\\\/actualidad\\\/las-obras-para-la-mayor-instalacion-fotovoltaica-de-la-ciudad-comienzan-la-semana-que-viene-en-el-aparcamiento-junto-al-cpeip-cardenal-ilundain\\\/#primaryimage\"},\"thumbnailUrl\":\"https:\\\/\\\/www.laguiadepamplona.com\\\/actualidad\\\/wp-content\\\/uploads\\\/2023\\\/03\\\/230324aparcamientocubiertofotovoltaicacardenalilundain1_0.webp\",\"articleSection\":[\"Ayto Pamplona\"],\"inLanguage\":\"es\",\"potentialAction\":[{\"@type\":\"CommentAction\",\"name\":\"Comment\",\"target\":[\"https:\\\/\\\/www.laguiadepamplona.com\\\/actualidad\\\/las-obras-para-la-mayor-instalacion-fotovoltaica-de-la-ciudad-comienzan-la-semana-que-viene-en-el-aparcamiento-junto-al-cpeip-cardenal-ilundain\\\/#respond\"]}]},{\"@type\":\"WebPage\",\"@id\":\"https:\\\/\\\/www.laguiadepamplona.com\\\/actualidad\\\/las-obras-para-la-mayor-instalacion-fotovoltaica-de-la-ciudad-comienzan-la-semana-que-viene-en-el-aparcamiento-junto-al-cpeip-cardenal-ilundain\\\/\",\"url\":\"https:\\\/\\\/www.laguiadepamplona.com\\\/actualidad\\\/las-obras-para-la-mayor-instalacion-fotovoltaica-de-la-ciudad-comienzan-la-semana-que-viene-en-el-aparcamiento-junto-al-cpeip-cardenal-ilundain\\\/\",\"name\":\"Las obras para la mayor instalaci\u00f3n fotovoltaica de la ciudad comienzan la semana que viene en el aparcamiento junto al CPEIP Cardenal Ilundain\",\"isPartOf\":{\"@id\":\"https:\\\/\\\/www.laguiadepamplona.com\\\/actualidad\\\/#website\"},\"primaryImageOfPage\":{\"@id\":\"https:\\\/\\\/www.laguiadepamplona.com\\\/actualidad\\\/las-obras-para-la-mayor-instalacion-fotovoltaica-de-la-ciudad-comienzan-la-semana-que-viene-en-el-aparcamiento-junto-al-cpeip-cardenal-ilundain\\\/#primaryimage\"},\"image\":{\"@id\":\"https:\\\/\\\/www.laguiadepamplona.com\\\/actualidad\\\/las-obras-para-la-mayor-instalacion-fotovoltaica-de-la-ciudad-comienzan-la-semana-que-viene-en-el-aparcamiento-junto-al-cpeip-cardenal-ilundain\\\/#primaryimage\"},\"thumbnailUrl\":\"https:\\\/\\\/www.laguiadepamplona.com\\\/actualidad\\\/wp-content\\\/uploads\\\/2023\\\/03\\\/230324aparcamientocubiertofotovoltaicacardenalilundain1_0.webp\",\"datePublished\":\"2023-03-24T17:03:33+00:00\",\"dateModified\":\"2023-04-11T09:46:57+00:00\",\"description\":\"El aparcamiento cerrar\u00e1 del 30 de marzo al 3 de julio y, tras las obras, generar\u00e1 energ\u00eda limpia para el autoconsumo en su entorno\",\"breadcrumb\":{\"@id\":\"https:\\\/\\\/www.laguiadepamplona.com\\\/actualidad\\\/las-obras-para-la-mayor-instalacion-fotovoltaica-de-la-ciudad-comienzan-la-semana-que-viene-en-el-aparcamiento-junto-al-cpeip-cardenal-ilundain\\\/#breadcrumb\"},\"inLanguage\":\"es\",\"potentialAction\":[{\"@type\":\"ReadAction\",\"target\":[\"https:\\\/\\\/www.laguiadepamplona.com\\\/actualidad\\\/las-obras-para-la-mayor-instalacion-fotovoltaica-de-la-ciudad-comienzan-la-semana-que-viene-en-el-aparcamiento-junto-al-cpeip-cardenal-ilundain\\\/\"]}]},{\"@type\":\"ImageObject\",\"inLanguage\":\"es\",\"@id\":\"https:\\\/\\\/www.laguiadepamplona.com\\\/actualidad\\\/las-obras-para-la-mayor-instalacion-fotovoltaica-de-la-ciudad-comienzan-la-semana-que-viene-en-el-aparcamiento-junto-al-cpeip-cardenal-ilundain\\\/#primaryimage\",\"url\":\"https:\\\/\\\/www.laguiadepamplona.com\\\/actualidad\\\/wp-content\\\/uploads\\\/2023\\\/03\\\/230324aparcamientocubiertofotovoltaicacardenalilundain1_0.webp\",\"contentUrl\":\"https:\\\/\\\/www.laguiadepamplona.com\\\/actualidad\\\/wp-content\\\/uploads\\\/2023\\\/03\\\/230324aparcamientocubiertofotovoltaicacardenalilundain1_0.webp\",\"width\":1920,\"height\":1080},{\"@type\":\"BreadcrumbList\",\"@id\":\"https:\\\/\\\/www.laguiadepamplona.com\\\/actualidad\\\/las-obras-para-la-mayor-instalacion-fotovoltaica-de-la-ciudad-comienzan-la-semana-que-viene-en-el-aparcamiento-junto-al-cpeip-cardenal-ilundain\\\/#breadcrumb\",\"itemListElement\":[{\"@type\":\"ListItem\",\"position\":1,\"name\":\"Portada\",\"item\":\"https:\\\/\\\/www.laguiadepamplona.com\\\/actualidad\\\/\"},{\"@type\":\"ListItem\",\"position\":2,\"name\":\"Las obras para la mayor instalaci\u00f3n fotovoltaica de la ciudad comienzan la semana que viene en el aparcamiento junto al CPEIP Cardenal Ilundain\"}]},{\"@type\":\"WebSite\",\"@id\":\"https:\\\/\\\/www.laguiadepamplona.com\\\/actualidad\\\/#website\",\"url\":\"https:\\\/\\\/www.laguiadepamplona.com\\\/actualidad\\\/\",\"name\":\"La gu\u00eda de Pamplona\",\"description\":\"Noticias de Pamplona\",\"publisher\":{\"@id\":\"https:\\\/\\\/www.laguiadepamplona.com\\\/actualidad\\\/#organization\"},\"potentialAction\":[{\"@type\":\"SearchAction\",\"target\":{\"@type\":\"EntryPoint\",\"urlTemplate\":\"https:\\\/\\\/www.laguiadepamplona.com\\\/actualidad\\\/?s={search_term_string}\"},\"query-input\":{\"@type\":\"PropertyValueSpecification\",\"valueRequired\":true,\"valueName\":\"search_term_string\"}}],\"inLanguage\":\"es\"},{\"@type\":\"Organization\",\"@id\":\"https:\\\/\\\/www.laguiadepamplona.com\\\/actualidad\\\/#organization\",\"name\":\"La Gu\u00eda de Pamplona \\\/ Noticias\",\"url\":\"https:\\\/\\\/www.laguiadepamplona.com\\\/actualidad\\\/\",\"logo\":{\"@type\":\"ImageObject\",\"inLanguage\":\"es\",\"@id\":\"https:\\\/\\\/www.laguiadepamplona.com\\\/actualidad\\\/#\\\/schema\\\/logo\\\/image\\\/\",\"url\":\"https:\\\/\\\/www.laguiadepamplona.com\\\/actualidad\\\/wp-content\\\/uploads\\\/2018\\\/11\\\/logo-laguiadepamplona18-web1.png\",\"contentUrl\":\"https:\\\/\\\/www.laguiadepamplona.com\\\/actualidad\\\/wp-content\\\/uploads\\\/2018\\\/11\\\/logo-laguiadepamplona18-web1.png\",\"width\":600,\"height\":196,\"caption\":\"La Gu\u00eda de Pamplona \\\/ Noticias\"},\"image\":{\"@id\":\"https:\\\/\\\/www.laguiadepamplona.com\\\/actualidad\\\/#\\\/schema\\\/logo\\\/image\\\/\"},\"sameAs\":[\"https:\\\/\\\/www.facebook.com\\\/laguiadepamplonacom-133175176762273\\\/?ref=hl\",\"https:\\\/\\\/x.com\\\/LaGuiadPamplona\",\"https:\\\/\\\/www.instagram.com\\\/la_guia_de_pamplona\\\/\",\"https:\\\/\\\/www.youtube.com\\\/user\\\/laguiadepamplona\"]},{\"@type\":\"Person\",\"@id\":\"https:\\\/\\\/www.laguiadepamplona.com\\\/actualidad\\\/#\\\/schema\\\/person\\\/efe887376f0213d4657c93adc50b1fdb\",\"name\":\"La Gu\u00eda de Pamplona\",\"image\":{\"@type\":\"ImageObject\",\"inLanguage\":\"es\",\"@id\":\"https:\\\/\\\/secure.gravatar.com\\\/avatar\\\/b6992f131dc8d30ab0dff15446e9d346d9dbd95992de0fef795073f5ea83a81c?s=96&d=mm&r=g\",\"url\":\"https:\\\/\\\/secure.gravatar.com\\\/avatar\\\/b6992f131dc8d30ab0dff15446e9d346d9dbd95992de0fef795073f5ea83a81c?s=96&d=mm&r=g\",\"contentUrl\":\"https:\\\/\\\/secure.gravatar.com\\\/avatar\\\/b6992f131dc8d30ab0dff15446e9d346d9dbd95992de0fef795073f5ea83a81c?s=96&d=mm&r=g\",\"caption\":\"La Gu\u00eda de Pamplona\"}}]}<\/script>\n<!-- \/ Yoast SEO plugin. -->","yoast_head_json":{"title":"Las obras para la mayor instalaci\u00f3n fotovoltaica de la ciudad comienzan la semana que viene en el aparcamiento junto al CPEIP Cardenal Ilundain","description":"El aparcamiento cerrar\u00e1 del 30 de marzo al 3 de julio y, tras las obras, generar\u00e1 energ\u00eda limpia para el autoconsumo en su entorno","robots":{"index":"index","follow":"follow","max-snippet":"max-snippet:-1","max-image-preview":"max-image-preview:large","max-video-preview":"max-video-preview:-1"},"canonical":"https:\/\/www.laguiadepamplona.com\/actualidad\/las-obras-para-la-mayor-instalacion-fotovoltaica-de-la-ciudad-comienzan-la-semana-que-viene-en-el-aparcamiento-junto-al-cpeip-cardenal-ilundain\/","og_locale":"es_ES","og_type":"article","og_title":"Las obras para la mayor instalaci\u00f3n fotovoltaica de la ciudad comienzan la semana que viene en el aparcamiento junto al CPEIP Cardenal Ilundain","og_description":"El aparcamiento cerrar\u00e1 del 30 de marzo al 3 de julio y, tras las obras, generar\u00e1 energ\u00eda limpia para el autoconsumo en su entorno","og_url":"https:\/\/www.laguiadepamplona.com\/actualidad\/las-obras-para-la-mayor-instalacion-fotovoltaica-de-la-ciudad-comienzan-la-semana-que-viene-en-el-aparcamiento-junto-al-cpeip-cardenal-ilundain\/","og_site_name":"La Gu\u00eda de Pamplona","article_publisher":"https:\/\/www.facebook.com\/laguiadepamplonacom-133175176762273\/?ref=hl","article_published_time":"2023-03-24T17:03:33+00:00","article_modified_time":"2023-04-11T09:46:57+00:00","og_image":[{"width":1920,"height":1080,"url":"https:\/\/www.laguiadepamplona.com\/actualidad\/wp-content\/uploads\/2023\/03\/230324aparcamientocubiertofotovoltaicacardenalilundain1_0.webp","type":"image\/webp"}],"author":"La Gu\u00eda de Pamplona","twitter_card":"summary_large_image","twitter_creator":"@LaGuiadPamplona","twitter_site":"@LaGuiadPamplona","twitter_misc":{"Escrito por":"La Gu\u00eda de Pamplona","Tiempo de lectura":"3 minutos"},"schema":{"@context":"https:\/\/schema.org","@graph":[{"@type":"Article","@id":"https:\/\/www.laguiadepamplona.com\/actualidad\/las-obras-para-la-mayor-instalacion-fotovoltaica-de-la-ciudad-comienzan-la-semana-que-viene-en-el-aparcamiento-junto-al-cpeip-cardenal-ilundain\/#article","isPartOf":{"@id":"https:\/\/www.laguiadepamplona.com\/actualidad\/las-obras-para-la-mayor-instalacion-fotovoltaica-de-la-ciudad-comienzan-la-semana-que-viene-en-el-aparcamiento-junto-al-cpeip-cardenal-ilundain\/"},"author":{"name":"La Gu\u00eda de Pamplona","@id":"https:\/\/www.laguiadepamplona.com\/actualidad\/#\/schema\/person\/efe887376f0213d4657c93adc50b1fdb"},"headline":"Las obras para la mayor instalaci\u00f3n fotovoltaica de la ciudad comienzan la semana que viene en el aparcamiento junto al CPEIP Cardenal Ilundain","datePublished":"2023-03-24T17:03:33+00:00","dateModified":"2023-04-11T09:46:57+00:00","mainEntityOfPage":{"@id":"https:\/\/www.laguiadepamplona.com\/actualidad\/las-obras-para-la-mayor-instalacion-fotovoltaica-de-la-ciudad-comienzan-la-semana-que-viene-en-el-aparcamiento-junto-al-cpeip-cardenal-ilundain\/"},"wordCount":522,"commentCount":0,"publisher":{"@id":"https:\/\/www.laguiadepamplona.com\/actualidad\/#organization"},"image":{"@id":"https:\/\/www.laguiadepamplona.com\/actualidad\/las-obras-para-la-mayor-instalacion-fotovoltaica-de-la-ciudad-comienzan-la-semana-que-viene-en-el-aparcamiento-junto-al-cpeip-cardenal-ilundain\/#primaryimage"},"thumbnailUrl":"https:\/\/www.laguiadepamplona.com\/actualidad\/wp-content\/uploads\/2023\/03\/230324aparcamientocubiertofotovoltaicacardenalilundain1_0.webp","articleSection":["Ayto Pamplona"],"inLanguage":"es","potentialAction":[{"@type":"CommentAction","name":"Comment","target":["https:\/\/www.laguiadepamplona.com\/actualidad\/las-obras-para-la-mayor-instalacion-fotovoltaica-de-la-ciudad-comienzan-la-semana-que-viene-en-el-aparcamiento-junto-al-cpeip-cardenal-ilundain\/#respond"]}]},{"@type":"WebPage","@id":"https:\/\/www.laguiadepamplona.com\/actualidad\/las-obras-para-la-mayor-instalacion-fotovoltaica-de-la-ciudad-comienzan-la-semana-que-viene-en-el-aparcamiento-junto-al-cpeip-cardenal-ilundain\/","url":"https:\/\/www.laguiadepamplona.com\/actualidad\/las-obras-para-la-mayor-instalacion-fotovoltaica-de-la-ciudad-comienzan-la-semana-que-viene-en-el-aparcamiento-junto-al-cpeip-cardenal-ilundain\/","name":"Las obras para la mayor instalaci\u00f3n fotovoltaica de la ciudad comienzan la semana que viene en el aparcamiento junto al CPEIP Cardenal Ilundain","isPartOf":{"@id":"https:\/\/www.laguiadepamplona.com\/actualidad\/#website"},"primaryImageOfPage":{"@id":"https:\/\/www.laguiadepamplona.com\/actualidad\/las-obras-para-la-mayor-instalacion-fotovoltaica-de-la-ciudad-comienzan-la-semana-que-viene-en-el-aparcamiento-junto-al-cpeip-cardenal-ilundain\/#primaryimage"},"image":{"@id":"https:\/\/www.laguiadepamplona.com\/actualidad\/las-obras-para-la-mayor-instalacion-fotovoltaica-de-la-ciudad-comienzan-la-semana-que-viene-en-el-aparcamiento-junto-al-cpeip-cardenal-ilundain\/#primaryimage"},"thumbnailUrl":"https:\/\/www.laguiadepamplona.com\/actualidad\/wp-content\/uploads\/2023\/03\/230324aparcamientocubiertofotovoltaicacardenalilundain1_0.webp","datePublished":"2023-03-24T17:03:33+00:00","dateModified":"2023-04-11T09:46:57+00:00","description":"El aparcamiento cerrar\u00e1 del 30 de marzo al 3 de julio y, tras las obras, generar\u00e1 energ\u00eda limpia para el autoconsumo en su entorno","breadcrumb":{"@id":"https:\/\/www.laguiadepamplona.com\/actualidad\/las-obras-para-la-mayor-instalacion-fotovoltaica-de-la-ciudad-comienzan-la-semana-que-viene-en-el-aparcamiento-junto-al-cpeip-cardenal-ilundain\/#breadcrumb"},"inLanguage":"es","potentialAction":[{"@type":"ReadAction","target":["https:\/\/www.laguiadepamplona.com\/actualidad\/las-obras-para-la-mayor-instalacion-fotovoltaica-de-la-ciudad-comienzan-la-semana-que-viene-en-el-aparcamiento-junto-al-cpeip-cardenal-ilundain\/"]}]},{"@type":"ImageObject","inLanguage":"es","@id":"https:\/\/www.laguiadepamplona.com\/actualidad\/las-obras-para-la-mayor-instalacion-fotovoltaica-de-la-ciudad-comienzan-la-semana-que-viene-en-el-aparcamiento-junto-al-cpeip-cardenal-ilundain\/#primaryimage","url":"https:\/\/www.laguiadepamplona.com\/actualidad\/wp-content\/uploads\/2023\/03\/230324aparcamientocubiertofotovoltaicacardenalilundain1_0.webp","contentUrl":"https:\/\/www.laguiadepamplona.com\/actualidad\/wp-content\/uploads\/2023\/03\/230324aparcamientocubiertofotovoltaicacardenalilundain1_0.webp","width":1920,"height":1080},{"@type":"BreadcrumbList","@id":"https:\/\/www.laguiadepamplona.com\/actualidad\/las-obras-para-la-mayor-instalacion-fotovoltaica-de-la-ciudad-comienzan-la-semana-que-viene-en-el-aparcamiento-junto-al-cpeip-cardenal-ilundain\/#breadcrumb","itemListElement":[{"@type":"ListItem","position":1,"name":"Portada","item":"https:\/\/www.laguiadepamplona.com\/actualidad\/"},{"@type":"ListItem","position":2,"name":"Las obras para la mayor instalaci\u00f3n fotovoltaica de la ciudad comienzan la semana que viene en el aparcamiento junto al CPEIP Cardenal Ilundain"}]},{"@type":"WebSite","@id":"https:\/\/www.laguiadepamplona.com\/actualidad\/#website","url":"https:\/\/www.laguiadepamplona.com\/actualidad\/","name":"La gu\u00eda de Pamplona","description":"Noticias de Pamplona","publisher":{"@id":"https:\/\/www.laguiadepamplona.com\/actualidad\/#organization"},"potentialAction":[{"@type":"SearchAction","target":{"@type":"EntryPoint","urlTemplate":"https:\/\/www.laguiadepamplona.com\/actualidad\/?s={search_term_string}"},"query-input":{"@type":"PropertyValueSpecification","valueRequired":true,"valueName":"search_term_string"}}],"inLanguage":"es"},{"@type":"Organization","@id":"https:\/\/www.laguiadepamplona.com\/actualidad\/#organization","name":"La Gu\u00eda de Pamplona \/ Noticias","url":"https:\/\/www.laguiadepamplona.com\/actualidad\/","logo":{"@type":"ImageObject","inLanguage":"es","@id":"https:\/\/www.laguiadepamplona.com\/actualidad\/#\/schema\/logo\/image\/","url":"https:\/\/www.laguiadepamplona.com\/actualidad\/wp-content\/uploads\/2018\/11\/logo-laguiadepamplona18-web1.png","contentUrl":"https:\/\/www.laguiadepamplona.com\/actualidad\/wp-content\/uploads\/2018\/11\/logo-laguiadepamplona18-web1.png","width":600,"height":196,"caption":"La Gu\u00eda de Pamplona \/ Noticias"},"image":{"@id":"https:\/\/www.laguiadepamplona.com\/actualidad\/#\/schema\/logo\/image\/"},"sameAs":["https:\/\/www.facebook.com\/laguiadepamplonacom-133175176762273\/?ref=hl","https:\/\/x.com\/LaGuiadPamplona","https:\/\/www.instagram.com\/la_guia_de_pamplona\/","https:\/\/www.youtube.com\/user\/laguiadepamplona"]},{"@type":"Person","@id":"https:\/\/www.laguiadepamplona.com\/actualidad\/#\/schema\/person\/efe887376f0213d4657c93adc50b1fdb","name":"La Gu\u00eda de Pamplona","image":{"@type":"ImageObject","inLanguage":"es","@id":"https:\/\/secure.gravatar.com\/avatar\/b6992f131dc8d30ab0dff15446e9d346d9dbd95992de0fef795073f5ea83a81c?s=96&d=mm&r=g","url":"https:\/\/secure.gravatar.com\/avatar\/b6992f131dc8d30ab0dff15446e9d346d9dbd95992de0fef795073f5ea83a81c?s=96&d=mm&r=g","contentUrl":"https:\/\/secure.gravatar.com\/avatar\/b6992f131dc8d30ab0dff15446e9d346d9dbd95992de0fef795073f5ea83a81c?s=96&d=mm&r=g","caption":"La Gu\u00eda de Pamplona"}}]}},"post_mailing_queue_ids":[],"_links":{"self":[{"href":"https:\/\/www.laguiadepamplona.com\/actualidad\/wp-json\/wp\/v2\/posts\/43288","targetHints":{"allow":["GET"]}}],"collection":[{"href":"https:\/\/www.laguiadepamplona.com\/actualidad\/wp-json\/wp\/v2\/posts"}],"about":[{"href":"https:\/\/www.laguiadepamplona.com\/actualidad\/wp-json\/wp\/v2\/types\/post"}],"author":[{"embeddable":true,"href":"https:\/\/www.laguiadepamplona.com\/actualidad\/wp-json\/wp\/v2\/users\/1"}],"replies":[{"embeddable":true,"href":"https:\/\/www.laguiadepamplona.com\/actualidad\/wp-json\/wp\/v2\/comments?post=43288"}],"version-history":[{"count":0,"href":"https:\/\/www.laguiadepamplona.com\/actualidad\/wp-json\/wp\/v2\/posts\/43288\/revisions"}],"wp:featuredmedia":[{"embeddable":true,"href":"https:\/\/www.laguiadepamplona.com\/actualidad\/wp-json\/wp\/v2\/media\/43289"}],"wp:attachment":[{"href":"https:\/\/www.laguiadepamplona.com\/actualidad\/wp-json\/wp\/v2\/media?parent=43288"}],"wp:term":[{"taxonomy":"category","embeddable":true,"href":"https:\/\/www.laguiadepamplona.com\/actualidad\/wp-json\/wp\/v2\/categories?post=43288"},{"taxonomy":"post_tag","embeddable":true,"href":"https:\/\/www.laguiadepamplona.com\/actualidad\/wp-json\/wp\/v2\/tags?post=43288"}],"curies":[{"name":"wp","href":"https:\/\/api.w.org\/{rel}","templated":true}]}}