{"id":43286,"date":"2023-03-24T19:01:07","date_gmt":"2023-03-24T17:01:07","guid":{"rendered":"https:\/\/www.laguiadepamplona.com\/actualidad\/?p=43286"},"modified":"2023-04-11T11:46:57","modified_gmt":"2023-04-11T09:46:57","slug":"este-sabado-25-de-marzo-por-primera-vez-la-ciudadania-podra-asistir-en-pamplona-a-una-prueba-del-calendario-oficial-campeonato-del-mundo-de-x-trial","status":"publish","type":"post","link":"https:\/\/www.laguiadepamplona.com\/actualidad\/este-sabado-25-de-marzo-por-primera-vez-la-ciudadania-podra-asistir-en-pamplona-a-una-prueba-del-calendario-oficial-campeonato-del-mundo-de-x-trial\/","title":{"rendered":"Este s\u00e1bado 25 de marzo por primera vez la ciudadan\u00eda podr\u00e1 asistir en Pamplona a una prueba del calendario oficial Campeonato del Mundo de X-trial"},"content":{"rendered":"<h5>A partir de las 19 horas nueve pilotos se enfrentar\u00e1n en el Navarra Arena y, para llegar a la ronda final, deber\u00e1n para superar las seis zonas del circuito<\/h5>\n<p><!--more--><\/p>\n<p>Ma\u00f1ana s\u00e1bado 25 de marzo Pamplona ser\u00e1 el escenario de una de las pruebas del Campeonato del Mundo FIM de X-trial, dentro del Calendario Oficial de la Federaci\u00f3n Internacional de Motociclismo. La competici\u00f3n tendr\u00e1 lugar en el Navarra Arena y comenzar\u00e1 a partir de las 19 horas y, durante dos horas, nueve pilotos se enfrentar\u00e1n entre ellos para superar las seis zonas preparadas en el pabell\u00f3n.<br \/>\n<script async src=\"\/\/pagead2.googlesyndication.com\/pagead\/js\/adsbygoogle.js\"><\/script><br \/>\n<!-- Noticias La Guia de Pamplona --><br \/>\n<ins class=\"adsbygoogle\"\nstyle=\"display:block\"\ndata-ad-client=\"ca-pub-6943679897239327\"\ndata-ad-slot=\"7048180777\"\ndata-ad-format=\"auto\"><\/ins><br \/>\n<script>\n(adsbygoogle = window.adsbygoogle || []).push({});\n<\/script><\/p>\n<p>Se calcula que hasta ocho mil personas pueden seguir en directo el evento, mezcla de competici\u00f3n y espect\u00e1culo, en el que est\u00e1 prevista la asistencia de p\u00fablico llegado de otras comunidades e incluso de otros pa\u00edses. El espect\u00e1culo ser\u00e1 retransmitido, adem\u00e1s, para 115 pa\u00edses de todo el mundo con una audiencia potencial de 345 millones de personas a trav\u00e9s de las principales operadoras de televisi\u00f3n.<\/p>\n<p>El Ayuntamiento de Pamplona participa en la producci\u00f3n del evento mediante un contrato de patrocinio publicitario con un coste de 18.150 euros. Pamplona ya acogi\u00f3 un evento (Plaza de Toros, 1994) al que acudieron 12.000 personas. En la ciudad han tenido lugar otros eventos <em>indoor<\/em> con motos &#8211; modalidad <em>freestyle- co<\/em>mo el X-Gravity de 2022.<br \/>\n<script async src=\"\/\/pagead2.googlesyndication.com\/pagead\/js\/adsbygoogle.js\"><\/script><br \/>\n<!-- Noticias La Guia de Pamplona --><br \/>\n<ins class=\"adsbygoogle\"\nstyle=\"display:block\"\ndata-ad-client=\"ca-pub-6943679897239327\"\ndata-ad-slot=\"7048180777\"\ndata-ad-format=\"auto\"><\/ins><br \/>\n<script>\n(adsbygoogle = window.adsbygoogle || []).push({});\n<\/script><\/p>\n<p>Las entradas la para la jornada de ma\u00f1ana est\u00e1n disponibles en la web <a href=\"http:\/\/www.x-trialpamplona.com\" target=\"_blank\" rel=\"noopener\">www.x-trialpamplona.com<\/a>. Los precios oscilan, en funci\u00f3n de la zona, entre los 25 y 30 euros para personas adultas, y los 15 y 20 euros para ni\u00f1os y ni\u00f1as. Existen un n\u00famero limitado de localidades Premium con un precio de 45 euros para ni\u00f1os y ni\u00f1as, y 60 euros para adulto.<\/p>\n","protected":false},"excerpt":{"rendered":"<p>A partir de las 19 horas nueve pilotos se enfrentar\u00e1n en el Navarra Arena y, para llegar a la ronda final, deber\u00e1n para superar las seis zonas del circuito<\/p>\n","protected":false},"author":1,"featured_media":43178,"comment_status":"open","ping_status":"closed","sticky":false,"template":"","format":"standard","meta":{"footnotes":""},"categories":[2],"tags":[],"class_list":["post-43286","post","type-post","status-publish","format-standard","has-post-thumbnail","hentry","category-ayuntamiento-pamplona"],"yoast_head":"<!-- This site is optimized with the Yoast SEO plugin v27.3 - https:\/\/yoast.com\/product\/yoast-seo-wordpress\/ -->\n<title>Este s\u00e1bado 25 de marzo por primera vez la ciudadan\u00eda podr\u00e1 asistir en Pamplona a una prueba del calendario oficial Campeonato del Mundo de X-trial<\/title>\n<meta name=\"description\" content=\"A partir de las 19 horas nueve pilotos se enfrentar\u00e1n en el Navarra Arena y, para llegar a la ronda final, deber\u00e1n para superar las seis zonas del circuito\" \/>\n<meta name=\"robots\" content=\"index, follow, max-snippet:-1, max-image-preview:large, max-video-preview:-1\" \/>\n<link rel=\"canonical\" href=\"https:\/\/www.laguiadepamplona.com\/actualidad\/este-sabado-25-de-marzo-por-primera-vez-la-ciudadania-podra-asistir-en-pamplona-a-una-prueba-del-calendario-oficial-campeonato-del-mundo-de-x-trial\/\" \/>\n<meta property=\"og:locale\" content=\"es_ES\" \/>\n<meta property=\"og:type\" content=\"article\" \/>\n<meta property=\"og:title\" content=\"Este s\u00e1bado 25 de marzo por primera vez la ciudadan\u00eda podr\u00e1 asistir en Pamplona a una prueba del calendario oficial Campeonato del Mundo de X-trial\" \/>\n<meta property=\"og:description\" content=\"A partir de las 19 horas nueve pilotos se enfrentar\u00e1n en el Navarra Arena y, para llegar a la ronda final, deber\u00e1n para superar las seis zonas del circuito\" \/>\n<meta property=\"og:url\" content=\"https:\/\/www.laguiadepamplona.com\/actualidad\/este-sabado-25-de-marzo-por-primera-vez-la-ciudadania-podra-asistir-en-pamplona-a-una-prueba-del-calendario-oficial-campeonato-del-mundo-de-x-trial\/\" \/>\n<meta property=\"og:site_name\" content=\"La Gu\u00eda de Pamplona\" \/>\n<meta property=\"article:publisher\" content=\"https:\/\/www.facebook.com\/laguiadepamplonacom-133175176762273\/?ref=hl\" \/>\n<meta property=\"article:published_time\" content=\"2023-03-24T17:01:07+00:00\" \/>\n<meta property=\"article:modified_time\" content=\"2023-04-11T09:46:57+00:00\" \/>\n<meta property=\"og:image\" content=\"https:\/\/www.laguiadepamplona.com\/actualidad\/wp-content\/uploads\/2023\/03\/x-trial23r1riders01412pscopia2.webp\" \/>\n\t<meta property=\"og:image:width\" content=\"1920\" \/>\n\t<meta property=\"og:image:height\" content=\"1280\" \/>\n\t<meta property=\"og:image:type\" content=\"image\/webp\" \/>\n<meta name=\"author\" content=\"La Gu\u00eda de Pamplona\" \/>\n<meta name=\"twitter:card\" content=\"summary_large_image\" \/>\n<meta name=\"twitter:creator\" content=\"@LaGuiadPamplona\" \/>\n<meta name=\"twitter:site\" content=\"@LaGuiadPamplona\" \/>\n<meta name=\"twitter:label1\" content=\"Escrito por\" \/>\n\t<meta name=\"twitter:data1\" content=\"La Gu\u00eda de Pamplona\" \/>\n\t<meta name=\"twitter:label2\" content=\"Tiempo de lectura\" \/>\n\t<meta name=\"twitter:data2\" content=\"2 minutos\" \/>\n<script type=\"application\/ld+json\" class=\"yoast-schema-graph\">{\"@context\":\"https:\\\/\\\/schema.org\",\"@graph\":[{\"@type\":\"Article\",\"@id\":\"https:\\\/\\\/www.laguiadepamplona.com\\\/actualidad\\\/este-sabado-25-de-marzo-por-primera-vez-la-ciudadania-podra-asistir-en-pamplona-a-una-prueba-del-calendario-oficial-campeonato-del-mundo-de-x-trial\\\/#article\",\"isPartOf\":{\"@id\":\"https:\\\/\\\/www.laguiadepamplona.com\\\/actualidad\\\/este-sabado-25-de-marzo-por-primera-vez-la-ciudadania-podra-asistir-en-pamplona-a-una-prueba-del-calendario-oficial-campeonato-del-mundo-de-x-trial\\\/\"},\"author\":{\"name\":\"La Gu\u00eda de Pamplona\",\"@id\":\"https:\\\/\\\/www.laguiadepamplona.com\\\/actualidad\\\/#\\\/schema\\\/person\\\/efe887376f0213d4657c93adc50b1fdb\"},\"headline\":\"Este s\u00e1bado 25 de marzo por primera vez la ciudadan\u00eda podr\u00e1 asistir en Pamplona a una prueba del calendario oficial Campeonato del Mundo de X-trial\",\"datePublished\":\"2023-03-24T17:01:07+00:00\",\"dateModified\":\"2023-04-11T09:46:57+00:00\",\"mainEntityOfPage\":{\"@id\":\"https:\\\/\\\/www.laguiadepamplona.com\\\/actualidad\\\/este-sabado-25-de-marzo-por-primera-vez-la-ciudadania-podra-asistir-en-pamplona-a-una-prueba-del-calendario-oficial-campeonato-del-mundo-de-x-trial\\\/\"},\"wordCount\":317,\"commentCount\":0,\"publisher\":{\"@id\":\"https:\\\/\\\/www.laguiadepamplona.com\\\/actualidad\\\/#organization\"},\"image\":{\"@id\":\"https:\\\/\\\/www.laguiadepamplona.com\\\/actualidad\\\/este-sabado-25-de-marzo-por-primera-vez-la-ciudadania-podra-asistir-en-pamplona-a-una-prueba-del-calendario-oficial-campeonato-del-mundo-de-x-trial\\\/#primaryimage\"},\"thumbnailUrl\":\"https:\\\/\\\/www.laguiadepamplona.com\\\/actualidad\\\/wp-content\\\/uploads\\\/2023\\\/03\\\/x-trial23r1riders01412pscopia2.webp\",\"articleSection\":[\"Ayto Pamplona\"],\"inLanguage\":\"es\",\"potentialAction\":[{\"@type\":\"CommentAction\",\"name\":\"Comment\",\"target\":[\"https:\\\/\\\/www.laguiadepamplona.com\\\/actualidad\\\/este-sabado-25-de-marzo-por-primera-vez-la-ciudadania-podra-asistir-en-pamplona-a-una-prueba-del-calendario-oficial-campeonato-del-mundo-de-x-trial\\\/#respond\"]}]},{\"@type\":\"WebPage\",\"@id\":\"https:\\\/\\\/www.laguiadepamplona.com\\\/actualidad\\\/este-sabado-25-de-marzo-por-primera-vez-la-ciudadania-podra-asistir-en-pamplona-a-una-prueba-del-calendario-oficial-campeonato-del-mundo-de-x-trial\\\/\",\"url\":\"https:\\\/\\\/www.laguiadepamplona.com\\\/actualidad\\\/este-sabado-25-de-marzo-por-primera-vez-la-ciudadania-podra-asistir-en-pamplona-a-una-prueba-del-calendario-oficial-campeonato-del-mundo-de-x-trial\\\/\",\"name\":\"Este s\u00e1bado 25 de marzo por primera vez la ciudadan\u00eda podr\u00e1 asistir en Pamplona a una prueba del calendario oficial Campeonato del Mundo de X-trial\",\"isPartOf\":{\"@id\":\"https:\\\/\\\/www.laguiadepamplona.com\\\/actualidad\\\/#website\"},\"primaryImageOfPage\":{\"@id\":\"https:\\\/\\\/www.laguiadepamplona.com\\\/actualidad\\\/este-sabado-25-de-marzo-por-primera-vez-la-ciudadania-podra-asistir-en-pamplona-a-una-prueba-del-calendario-oficial-campeonato-del-mundo-de-x-trial\\\/#primaryimage\"},\"image\":{\"@id\":\"https:\\\/\\\/www.laguiadepamplona.com\\\/actualidad\\\/este-sabado-25-de-marzo-por-primera-vez-la-ciudadania-podra-asistir-en-pamplona-a-una-prueba-del-calendario-oficial-campeonato-del-mundo-de-x-trial\\\/#primaryimage\"},\"thumbnailUrl\":\"https:\\\/\\\/www.laguiadepamplona.com\\\/actualidad\\\/wp-content\\\/uploads\\\/2023\\\/03\\\/x-trial23r1riders01412pscopia2.webp\",\"datePublished\":\"2023-03-24T17:01:07+00:00\",\"dateModified\":\"2023-04-11T09:46:57+00:00\",\"description\":\"A partir de las 19 horas nueve pilotos se enfrentar\u00e1n en el Navarra Arena y, para llegar a la ronda final, deber\u00e1n para superar las seis zonas del circuito\",\"breadcrumb\":{\"@id\":\"https:\\\/\\\/www.laguiadepamplona.com\\\/actualidad\\\/este-sabado-25-de-marzo-por-primera-vez-la-ciudadania-podra-asistir-en-pamplona-a-una-prueba-del-calendario-oficial-campeonato-del-mundo-de-x-trial\\\/#breadcrumb\"},\"inLanguage\":\"es\",\"potentialAction\":[{\"@type\":\"ReadAction\",\"target\":[\"https:\\\/\\\/www.laguiadepamplona.com\\\/actualidad\\\/este-sabado-25-de-marzo-por-primera-vez-la-ciudadania-podra-asistir-en-pamplona-a-una-prueba-del-calendario-oficial-campeonato-del-mundo-de-x-trial\\\/\"]}]},{\"@type\":\"ImageObject\",\"inLanguage\":\"es\",\"@id\":\"https:\\\/\\\/www.laguiadepamplona.com\\\/actualidad\\\/este-sabado-25-de-marzo-por-primera-vez-la-ciudadania-podra-asistir-en-pamplona-a-una-prueba-del-calendario-oficial-campeonato-del-mundo-de-x-trial\\\/#primaryimage\",\"url\":\"https:\\\/\\\/www.laguiadepamplona.com\\\/actualidad\\\/wp-content\\\/uploads\\\/2023\\\/03\\\/x-trial23r1riders01412pscopia2.webp\",\"contentUrl\":\"https:\\\/\\\/www.laguiadepamplona.com\\\/actualidad\\\/wp-content\\\/uploads\\\/2023\\\/03\\\/x-trial23r1riders01412pscopia2.webp\",\"width\":1920,\"height\":1280},{\"@type\":\"BreadcrumbList\",\"@id\":\"https:\\\/\\\/www.laguiadepamplona.com\\\/actualidad\\\/este-sabado-25-de-marzo-por-primera-vez-la-ciudadania-podra-asistir-en-pamplona-a-una-prueba-del-calendario-oficial-campeonato-del-mundo-de-x-trial\\\/#breadcrumb\",\"itemListElement\":[{\"@type\":\"ListItem\",\"position\":1,\"name\":\"Portada\",\"item\":\"https:\\\/\\\/www.laguiadepamplona.com\\\/actualidad\\\/\"},{\"@type\":\"ListItem\",\"position\":2,\"name\":\"Este s\u00e1bado 25 de marzo por primera vez la ciudadan\u00eda podr\u00e1 asistir en Pamplona a una prueba del calendario oficial Campeonato del Mundo de X-trial\"}]},{\"@type\":\"WebSite\",\"@id\":\"https:\\\/\\\/www.laguiadepamplona.com\\\/actualidad\\\/#website\",\"url\":\"https:\\\/\\\/www.laguiadepamplona.com\\\/actualidad\\\/\",\"name\":\"La gu\u00eda de Pamplona\",\"description\":\"Noticias de Pamplona\",\"publisher\":{\"@id\":\"https:\\\/\\\/www.laguiadepamplona.com\\\/actualidad\\\/#organization\"},\"potentialAction\":[{\"@type\":\"SearchAction\",\"target\":{\"@type\":\"EntryPoint\",\"urlTemplate\":\"https:\\\/\\\/www.laguiadepamplona.com\\\/actualidad\\\/?s={search_term_string}\"},\"query-input\":{\"@type\":\"PropertyValueSpecification\",\"valueRequired\":true,\"valueName\":\"search_term_string\"}}],\"inLanguage\":\"es\"},{\"@type\":\"Organization\",\"@id\":\"https:\\\/\\\/www.laguiadepamplona.com\\\/actualidad\\\/#organization\",\"name\":\"La Gu\u00eda de Pamplona \\\/ Noticias\",\"url\":\"https:\\\/\\\/www.laguiadepamplona.com\\\/actualidad\\\/\",\"logo\":{\"@type\":\"ImageObject\",\"inLanguage\":\"es\",\"@id\":\"https:\\\/\\\/www.laguiadepamplona.com\\\/actualidad\\\/#\\\/schema\\\/logo\\\/image\\\/\",\"url\":\"https:\\\/\\\/www.laguiadepamplona.com\\\/actualidad\\\/wp-content\\\/uploads\\\/2018\\\/11\\\/logo-laguiadepamplona18-web1.png\",\"contentUrl\":\"https:\\\/\\\/www.laguiadepamplona.com\\\/actualidad\\\/wp-content\\\/uploads\\\/2018\\\/11\\\/logo-laguiadepamplona18-web1.png\",\"width\":600,\"height\":196,\"caption\":\"La Gu\u00eda de Pamplona \\\/ Noticias\"},\"image\":{\"@id\":\"https:\\\/\\\/www.laguiadepamplona.com\\\/actualidad\\\/#\\\/schema\\\/logo\\\/image\\\/\"},\"sameAs\":[\"https:\\\/\\\/www.facebook.com\\\/laguiadepamplonacom-133175176762273\\\/?ref=hl\",\"https:\\\/\\\/x.com\\\/LaGuiadPamplona\",\"https:\\\/\\\/www.instagram.com\\\/la_guia_de_pamplona\\\/\",\"https:\\\/\\\/www.youtube.com\\\/user\\\/laguiadepamplona\"]},{\"@type\":\"Person\",\"@id\":\"https:\\\/\\\/www.laguiadepamplona.com\\\/actualidad\\\/#\\\/schema\\\/person\\\/efe887376f0213d4657c93adc50b1fdb\",\"name\":\"La Gu\u00eda de Pamplona\",\"image\":{\"@type\":\"ImageObject\",\"inLanguage\":\"es\",\"@id\":\"https:\\\/\\\/secure.gravatar.com\\\/avatar\\\/b6992f131dc8d30ab0dff15446e9d346d9dbd95992de0fef795073f5ea83a81c?s=96&d=mm&r=g\",\"url\":\"https:\\\/\\\/secure.gravatar.com\\\/avatar\\\/b6992f131dc8d30ab0dff15446e9d346d9dbd95992de0fef795073f5ea83a81c?s=96&d=mm&r=g\",\"contentUrl\":\"https:\\\/\\\/secure.gravatar.com\\\/avatar\\\/b6992f131dc8d30ab0dff15446e9d346d9dbd95992de0fef795073f5ea83a81c?s=96&d=mm&r=g\",\"caption\":\"La Gu\u00eda de Pamplona\"}}]}<\/script>\n<!-- \/ Yoast SEO plugin. -->","yoast_head_json":{"title":"Este s\u00e1bado 25 de marzo por primera vez la ciudadan\u00eda podr\u00e1 asistir en Pamplona a una prueba del calendario oficial Campeonato del Mundo de X-trial","description":"A partir de las 19 horas nueve pilotos se enfrentar\u00e1n en el Navarra Arena y, para llegar a la ronda final, deber\u00e1n para superar las seis zonas del circuito","robots":{"index":"index","follow":"follow","max-snippet":"max-snippet:-1","max-image-preview":"max-image-preview:large","max-video-preview":"max-video-preview:-1"},"canonical":"https:\/\/www.laguiadepamplona.com\/actualidad\/este-sabado-25-de-marzo-por-primera-vez-la-ciudadania-podra-asistir-en-pamplona-a-una-prueba-del-calendario-oficial-campeonato-del-mundo-de-x-trial\/","og_locale":"es_ES","og_type":"article","og_title":"Este s\u00e1bado 25 de marzo por primera vez la ciudadan\u00eda podr\u00e1 asistir en Pamplona a una prueba del calendario oficial Campeonato del Mundo de X-trial","og_description":"A partir de las 19 horas nueve pilotos se enfrentar\u00e1n en el Navarra Arena y, para llegar a la ronda final, deber\u00e1n para superar las seis zonas del circuito","og_url":"https:\/\/www.laguiadepamplona.com\/actualidad\/este-sabado-25-de-marzo-por-primera-vez-la-ciudadania-podra-asistir-en-pamplona-a-una-prueba-del-calendario-oficial-campeonato-del-mundo-de-x-trial\/","og_site_name":"La Gu\u00eda de Pamplona","article_publisher":"https:\/\/www.facebook.com\/laguiadepamplonacom-133175176762273\/?ref=hl","article_published_time":"2023-03-24T17:01:07+00:00","article_modified_time":"2023-04-11T09:46:57+00:00","og_image":[{"width":1920,"height":1280,"url":"https:\/\/www.laguiadepamplona.com\/actualidad\/wp-content\/uploads\/2023\/03\/x-trial23r1riders01412pscopia2.webp","type":"image\/webp"}],"author":"La Gu\u00eda de Pamplona","twitter_card":"summary_large_image","twitter_creator":"@LaGuiadPamplona","twitter_site":"@LaGuiadPamplona","twitter_misc":{"Escrito por":"La Gu\u00eda de Pamplona","Tiempo de lectura":"2 minutos"},"schema":{"@context":"https:\/\/schema.org","@graph":[{"@type":"Article","@id":"https:\/\/www.laguiadepamplona.com\/actualidad\/este-sabado-25-de-marzo-por-primera-vez-la-ciudadania-podra-asistir-en-pamplona-a-una-prueba-del-calendario-oficial-campeonato-del-mundo-de-x-trial\/#article","isPartOf":{"@id":"https:\/\/www.laguiadepamplona.com\/actualidad\/este-sabado-25-de-marzo-por-primera-vez-la-ciudadania-podra-asistir-en-pamplona-a-una-prueba-del-calendario-oficial-campeonato-del-mundo-de-x-trial\/"},"author":{"name":"La Gu\u00eda de Pamplona","@id":"https:\/\/www.laguiadepamplona.com\/actualidad\/#\/schema\/person\/efe887376f0213d4657c93adc50b1fdb"},"headline":"Este s\u00e1bado 25 de marzo por primera vez la ciudadan\u00eda podr\u00e1 asistir en Pamplona a una prueba del calendario oficial Campeonato del Mundo de X-trial","datePublished":"2023-03-24T17:01:07+00:00","dateModified":"2023-04-11T09:46:57+00:00","mainEntityOfPage":{"@id":"https:\/\/www.laguiadepamplona.com\/actualidad\/este-sabado-25-de-marzo-por-primera-vez-la-ciudadania-podra-asistir-en-pamplona-a-una-prueba-del-calendario-oficial-campeonato-del-mundo-de-x-trial\/"},"wordCount":317,"commentCount":0,"publisher":{"@id":"https:\/\/www.laguiadepamplona.com\/actualidad\/#organization"},"image":{"@id":"https:\/\/www.laguiadepamplona.com\/actualidad\/este-sabado-25-de-marzo-por-primera-vez-la-ciudadania-podra-asistir-en-pamplona-a-una-prueba-del-calendario-oficial-campeonato-del-mundo-de-x-trial\/#primaryimage"},"thumbnailUrl":"https:\/\/www.laguiadepamplona.com\/actualidad\/wp-content\/uploads\/2023\/03\/x-trial23r1riders01412pscopia2.webp","articleSection":["Ayto Pamplona"],"inLanguage":"es","potentialAction":[{"@type":"CommentAction","name":"Comment","target":["https:\/\/www.laguiadepamplona.com\/actualidad\/este-sabado-25-de-marzo-por-primera-vez-la-ciudadania-podra-asistir-en-pamplona-a-una-prueba-del-calendario-oficial-campeonato-del-mundo-de-x-trial\/#respond"]}]},{"@type":"WebPage","@id":"https:\/\/www.laguiadepamplona.com\/actualidad\/este-sabado-25-de-marzo-por-primera-vez-la-ciudadania-podra-asistir-en-pamplona-a-una-prueba-del-calendario-oficial-campeonato-del-mundo-de-x-trial\/","url":"https:\/\/www.laguiadepamplona.com\/actualidad\/este-sabado-25-de-marzo-por-primera-vez-la-ciudadania-podra-asistir-en-pamplona-a-una-prueba-del-calendario-oficial-campeonato-del-mundo-de-x-trial\/","name":"Este s\u00e1bado 25 de marzo por primera vez la ciudadan\u00eda podr\u00e1 asistir en Pamplona a una prueba del calendario oficial Campeonato del Mundo de X-trial","isPartOf":{"@id":"https:\/\/www.laguiadepamplona.com\/actualidad\/#website"},"primaryImageOfPage":{"@id":"https:\/\/www.laguiadepamplona.com\/actualidad\/este-sabado-25-de-marzo-por-primera-vez-la-ciudadania-podra-asistir-en-pamplona-a-una-prueba-del-calendario-oficial-campeonato-del-mundo-de-x-trial\/#primaryimage"},"image":{"@id":"https:\/\/www.laguiadepamplona.com\/actualidad\/este-sabado-25-de-marzo-por-primera-vez-la-ciudadania-podra-asistir-en-pamplona-a-una-prueba-del-calendario-oficial-campeonato-del-mundo-de-x-trial\/#primaryimage"},"thumbnailUrl":"https:\/\/www.laguiadepamplona.com\/actualidad\/wp-content\/uploads\/2023\/03\/x-trial23r1riders01412pscopia2.webp","datePublished":"2023-03-24T17:01:07+00:00","dateModified":"2023-04-11T09:46:57+00:00","description":"A partir de las 19 horas nueve pilotos se enfrentar\u00e1n en el Navarra Arena y, para llegar a la ronda final, deber\u00e1n para superar las seis zonas del circuito","breadcrumb":{"@id":"https:\/\/www.laguiadepamplona.com\/actualidad\/este-sabado-25-de-marzo-por-primera-vez-la-ciudadania-podra-asistir-en-pamplona-a-una-prueba-del-calendario-oficial-campeonato-del-mundo-de-x-trial\/#breadcrumb"},"inLanguage":"es","potentialAction":[{"@type":"ReadAction","target":["https:\/\/www.laguiadepamplona.com\/actualidad\/este-sabado-25-de-marzo-por-primera-vez-la-ciudadania-podra-asistir-en-pamplona-a-una-prueba-del-calendario-oficial-campeonato-del-mundo-de-x-trial\/"]}]},{"@type":"ImageObject","inLanguage":"es","@id":"https:\/\/www.laguiadepamplona.com\/actualidad\/este-sabado-25-de-marzo-por-primera-vez-la-ciudadania-podra-asistir-en-pamplona-a-una-prueba-del-calendario-oficial-campeonato-del-mundo-de-x-trial\/#primaryimage","url":"https:\/\/www.laguiadepamplona.com\/actualidad\/wp-content\/uploads\/2023\/03\/x-trial23r1riders01412pscopia2.webp","contentUrl":"https:\/\/www.laguiadepamplona.com\/actualidad\/wp-content\/uploads\/2023\/03\/x-trial23r1riders01412pscopia2.webp","width":1920,"height":1280},{"@type":"BreadcrumbList","@id":"https:\/\/www.laguiadepamplona.com\/actualidad\/este-sabado-25-de-marzo-por-primera-vez-la-ciudadania-podra-asistir-en-pamplona-a-una-prueba-del-calendario-oficial-campeonato-del-mundo-de-x-trial\/#breadcrumb","itemListElement":[{"@type":"ListItem","position":1,"name":"Portada","item":"https:\/\/www.laguiadepamplona.com\/actualidad\/"},{"@type":"ListItem","position":2,"name":"Este s\u00e1bado 25 de marzo por primera vez la ciudadan\u00eda podr\u00e1 asistir en Pamplona a una prueba del calendario oficial Campeonato del Mundo de X-trial"}]},{"@type":"WebSite","@id":"https:\/\/www.laguiadepamplona.com\/actualidad\/#website","url":"https:\/\/www.laguiadepamplona.com\/actualidad\/","name":"La gu\u00eda de Pamplona","description":"Noticias de Pamplona","publisher":{"@id":"https:\/\/www.laguiadepamplona.com\/actualidad\/#organization"},"potentialAction":[{"@type":"SearchAction","target":{"@type":"EntryPoint","urlTemplate":"https:\/\/www.laguiadepamplona.com\/actualidad\/?s={search_term_string}"},"query-input":{"@type":"PropertyValueSpecification","valueRequired":true,"valueName":"search_term_string"}}],"inLanguage":"es"},{"@type":"Organization","@id":"https:\/\/www.laguiadepamplona.com\/actualidad\/#organization","name":"La Gu\u00eda de Pamplona \/ Noticias","url":"https:\/\/www.laguiadepamplona.com\/actualidad\/","logo":{"@type":"ImageObject","inLanguage":"es","@id":"https:\/\/www.laguiadepamplona.com\/actualidad\/#\/schema\/logo\/image\/","url":"https:\/\/www.laguiadepamplona.com\/actualidad\/wp-content\/uploads\/2018\/11\/logo-laguiadepamplona18-web1.png","contentUrl":"https:\/\/www.laguiadepamplona.com\/actualidad\/wp-content\/uploads\/2018\/11\/logo-laguiadepamplona18-web1.png","width":600,"height":196,"caption":"La Gu\u00eda de Pamplona \/ Noticias"},"image":{"@id":"https:\/\/www.laguiadepamplona.com\/actualidad\/#\/schema\/logo\/image\/"},"sameAs":["https:\/\/www.facebook.com\/laguiadepamplonacom-133175176762273\/?ref=hl","https:\/\/x.com\/LaGuiadPamplona","https:\/\/www.instagram.com\/la_guia_de_pamplona\/","https:\/\/www.youtube.com\/user\/laguiadepamplona"]},{"@type":"Person","@id":"https:\/\/www.laguiadepamplona.com\/actualidad\/#\/schema\/person\/efe887376f0213d4657c93adc50b1fdb","name":"La Gu\u00eda de Pamplona","image":{"@type":"ImageObject","inLanguage":"es","@id":"https:\/\/secure.gravatar.com\/avatar\/b6992f131dc8d30ab0dff15446e9d346d9dbd95992de0fef795073f5ea83a81c?s=96&d=mm&r=g","url":"https:\/\/secure.gravatar.com\/avatar\/b6992f131dc8d30ab0dff15446e9d346d9dbd95992de0fef795073f5ea83a81c?s=96&d=mm&r=g","contentUrl":"https:\/\/secure.gravatar.com\/avatar\/b6992f131dc8d30ab0dff15446e9d346d9dbd95992de0fef795073f5ea83a81c?s=96&d=mm&r=g","caption":"La Gu\u00eda de Pamplona"}}]}},"post_mailing_queue_ids":[],"_links":{"self":[{"href":"https:\/\/www.laguiadepamplona.com\/actualidad\/wp-json\/wp\/v2\/posts\/43286","targetHints":{"allow":["GET"]}}],"collection":[{"href":"https:\/\/www.laguiadepamplona.com\/actualidad\/wp-json\/wp\/v2\/posts"}],"about":[{"href":"https:\/\/www.laguiadepamplona.com\/actualidad\/wp-json\/wp\/v2\/types\/post"}],"author":[{"embeddable":true,"href":"https:\/\/www.laguiadepamplona.com\/actualidad\/wp-json\/wp\/v2\/users\/1"}],"replies":[{"embeddable":true,"href":"https:\/\/www.laguiadepamplona.com\/actualidad\/wp-json\/wp\/v2\/comments?post=43286"}],"version-history":[{"count":0,"href":"https:\/\/www.laguiadepamplona.com\/actualidad\/wp-json\/wp\/v2\/posts\/43286\/revisions"}],"wp:featuredmedia":[{"embeddable":true,"href":"https:\/\/www.laguiadepamplona.com\/actualidad\/wp-json\/wp\/v2\/media\/43178"}],"wp:attachment":[{"href":"https:\/\/www.laguiadepamplona.com\/actualidad\/wp-json\/wp\/v2\/media?parent=43286"}],"wp:term":[{"taxonomy":"category","embeddable":true,"href":"https:\/\/www.laguiadepamplona.com\/actualidad\/wp-json\/wp\/v2\/categories?post=43286"},{"taxonomy":"post_tag","embeddable":true,"href":"https:\/\/www.laguiadepamplona.com\/actualidad\/wp-json\/wp\/v2\/tags?post=43286"}],"curies":[{"name":"wp","href":"https:\/\/api.w.org\/{rel}","templated":true}]}}