{"id":43283,"date":"2023-03-24T18:59:36","date_gmt":"2023-03-24T16:59:36","guid":{"rendered":"https:\/\/www.laguiadepamplona.com\/actualidad\/?p=43283"},"modified":"2023-04-11T11:46:57","modified_gmt":"2023-04-11T09:46:57","slug":"los-dos-aparcamientos-reformados-en-la-zona-de-trinitarios-reabren-al-publico-el-lunes-con-la-modalidad-de-estacionamiento-gratuito-las-primeras-24-horas","status":"publish","type":"post","link":"https:\/\/www.laguiadepamplona.com\/actualidad\/los-dos-aparcamientos-reformados-en-la-zona-de-trinitarios-reabren-al-publico-el-lunes-con-la-modalidad-de-estacionamiento-gratuito-las-primeras-24-horas\/","title":{"rendered":"Los dos aparcamientos reformados en la zona de Trinitarios reabren al p\u00fablico el lunes con la modalidad de estacionamiento gratuito las primeras 24 horas"},"content":{"rendered":"<h5>Ambos suman m\u00e1s de 800 plazas y en ellos se han invertido cerca de 500.000 euros procedentes de fondos europeos Next Generation EU<\/h5>\n<p><!--more--><\/p>\n<p>Este pr\u00f3ximo lunes 27 de marzo reabren al p\u00fablico los dos aparcamientos que el Ayuntamiento de Pamplona ha reformado en la zona de Trinitarios. Se trata de los estacionamientos situados detr\u00e1s del Centro Integrado de FP Donibane y junto a la rotonda de la calle Biurdana con la avenida de Gipuzkoa. Ambos cuentan con 204 y 609 plazas, respectivamente, que se suman a la modalidad de aparcamiento gratuito durante las primeras 24 horas, implantada tambi\u00e9n en otras zonas de la ciudad.<br \/>\n<script async src=\"\/\/pagead2.googlesyndication.com\/pagead\/js\/adsbygoogle.js\"><\/script><br \/>\n<!-- Noticias La Guia de Pamplona --><br \/>\n<ins class=\"adsbygoogle\"\nstyle=\"display:block\"\ndata-ad-client=\"ca-pub-6943679897239327\"\ndata-ad-slot=\"7048180777\"\ndata-ad-format=\"auto\"><\/ins><br \/>\n<script>\n(adsbygoogle = window.adsbygoogle || []).push({});\n<\/script><\/p>\n<p>Durante los \u00faltimos tres meses, se han llevado a cabo las obras para acondicionar el aparcamiento detr\u00e1s del centro de FP Donibane y para ampliar el ubicado junto a la rotonda con la avenida de Gipuzkoa. Se han invertido un total de 472.460, 88 euros, financiados por los fondos europeos Next Generation EU, a trav\u00e9s del Plan de Recuperaci\u00f3n, Transformaci\u00f3n y Resiliencia del Gobierno de Navarra. La empresa adjudicataria que ha realizado las obras ha sido Excavaciones Ferm\u00edn Os\u00e9s.<\/p>\n<p>El denominado aparcamiento de Trinitarios I, junto a la rotonda de calle Biurdana con avenida de Gipuzkoa, se ha ampliado hacia el norte, acondicionando un espacio que estaba en su mayor\u00eda en desuso. De esta forma, se ha aumentado la capacidad de aparcamiento hasta superar las 600 plazas, de las que 16 est\u00e1n reservadas a personas con movilidad reducida. Unas 50 plazas se han reservado tambi\u00e9n para la gr\u00faa municipal. La adecuaci\u00f3n del nuevo espacio ha conllevado la generaci\u00f3n de un vial de circulaci\u00f3n, as\u00ed como un cambio en la tecnolog\u00eda y acceso y salida para implantar la modalidad de aparcamiento gratuito las primeras 24 horas. Estos trabajos han contado con un presupuesto de 247.682,24 euros.<br \/>\n<script async src=\"\/\/pagead2.googlesyndication.com\/pagead\/js\/adsbygoogle.js\"><\/script><br \/>\n<!-- Noticias La Guia de Pamplona --><br \/>\n<ins class=\"adsbygoogle\"\nstyle=\"display:block\"\ndata-ad-client=\"ca-pub-6943679897239327\"\ndata-ad-slot=\"7048180777\"\ndata-ad-format=\"auto\"><\/ins><br \/>\n<script>\n(adsbygoogle = window.adsbygoogle || []).push({});\n<\/script><\/p>\n<p><strong>Actuaciones en acera y carril bici en calle Biurdana<\/strong><\/p>\n<p>El aparcamiento de Trinitarios II, detr\u00e1s del Centro Integrado de FP Donibane, va a tener como condicionante para acceder la obligatoriedad de que el veh\u00edculo est\u00e9 suscrito al servicio gratuito de avisos por SMS para casos de inundaci\u00f3n. Al estar situado en zona inundable, se ha establecido esa condici\u00f3n para evitar riesgos. El aparcamiento cuenta con 204 plazas distribuidas en un anillo exterior y una bolsa central, con un circuito de acceso y salida desde el ramal de la calle Biurdana que termina junto al parque de Trinitarios. La zona se ha cerrado perimetralmente, se ha reforzado el alumbrado con proyectores led y se han instalado barreras de entrada y salida, sistema de lectura de matr\u00edculas, c\u00e1maras de video y un cajero autom\u00e1tico para el cobro en caso de que sea necesario. Los dos aparcamientos reformados cuentan un vial de conexi\u00f3n para poder desplazar veh\u00edculos de uno a otro en caso de inundaciones.<\/p>\n<p>El contrato para las obras en este aparcamiento de Trinitarios II, con un presupuesto de 224.778,64 euros, inclu\u00eda otros trabajos anexos. Se ha generado un nuevo tramo de carril bici bidireccional en la calle Biurdana, continuado el existente, hasta la puerta del instituto del mismo nombre. Estas actuaciones han suprimido una veintena de plazas de con naranja que hab\u00eda en ese tramo.<\/p>\n","protected":false},"excerpt":{"rendered":"<p>Ambos suman m\u00e1s de 800 plazas y en ellos se han invertido cerca de 500.000 euros procedentes de fondos europeos Next Generation EU<\/p>\n","protected":false},"author":1,"featured_media":43284,"comment_status":"open","ping_status":"closed","sticky":false,"template":"","format":"standard","meta":{"footnotes":""},"categories":[2],"tags":[],"class_list":["post-43283","post","type-post","status-publish","format-standard","has-post-thumbnail","hentry","category-ayuntamiento-pamplona"],"yoast_head":"<!-- This site is optimized with the Yoast SEO plugin v27.3 - https:\/\/yoast.com\/product\/yoast-seo-wordpress\/ -->\n<title>Los dos aparcamientos reformados en la zona de Trinitarios reabren al p\u00fablico el lunes con la modalidad de estacionamiento gratuito las primeras 24 horas<\/title>\n<meta name=\"description\" content=\"Ambos suman m\u00e1s de 800 plazas y en ellos se han invertido cerca de 500.000 euros procedentes de fondos europeos Next Generation EU\" \/>\n<meta name=\"robots\" content=\"index, follow, max-snippet:-1, max-image-preview:large, max-video-preview:-1\" \/>\n<link rel=\"canonical\" href=\"https:\/\/www.laguiadepamplona.com\/actualidad\/los-dos-aparcamientos-reformados-en-la-zona-de-trinitarios-reabren-al-publico-el-lunes-con-la-modalidad-de-estacionamiento-gratuito-las-primeras-24-horas\/\" \/>\n<meta property=\"og:locale\" content=\"es_ES\" \/>\n<meta property=\"og:type\" content=\"article\" \/>\n<meta property=\"og:title\" content=\"Los dos aparcamientos reformados en la zona de Trinitarios reabren al p\u00fablico el lunes con la modalidad de estacionamiento gratuito las primeras 24 horas\" \/>\n<meta property=\"og:description\" content=\"Ambos suman m\u00e1s de 800 plazas y en ellos se han invertido cerca de 500.000 euros procedentes de fondos europeos Next Generation EU\" \/>\n<meta property=\"og:url\" content=\"https:\/\/www.laguiadepamplona.com\/actualidad\/los-dos-aparcamientos-reformados-en-la-zona-de-trinitarios-reabren-al-publico-el-lunes-con-la-modalidad-de-estacionamiento-gratuito-las-primeras-24-horas\/\" \/>\n<meta property=\"og:site_name\" content=\"La Gu\u00eda de Pamplona\" \/>\n<meta property=\"article:publisher\" content=\"https:\/\/www.facebook.com\/laguiadepamplonacom-133175176762273\/?ref=hl\" \/>\n<meta property=\"article:published_time\" content=\"2023-03-24T16:59:36+00:00\" \/>\n<meta property=\"article:modified_time\" content=\"2023-04-11T09:46:57+00:00\" \/>\n<meta property=\"og:image\" content=\"https:\/\/www.laguiadepamplona.com\/actualidad\/wp-content\/uploads\/2023\/03\/Q5A5387parking22-07-26_2.webp\" \/>\n\t<meta property=\"og:image:width\" content=\"1920\" \/>\n\t<meta property=\"og:image:height\" content=\"1281\" \/>\n\t<meta property=\"og:image:type\" content=\"image\/webp\" \/>\n<meta name=\"author\" content=\"La Gu\u00eda de Pamplona\" \/>\n<meta name=\"twitter:card\" content=\"summary_large_image\" \/>\n<meta name=\"twitter:creator\" content=\"@LaGuiadPamplona\" \/>\n<meta name=\"twitter:site\" content=\"@LaGuiadPamplona\" \/>\n<meta name=\"twitter:label1\" content=\"Escrito por\" \/>\n\t<meta name=\"twitter:data1\" content=\"La Gu\u00eda de Pamplona\" \/>\n\t<meta name=\"twitter:label2\" content=\"Tiempo de lectura\" \/>\n\t<meta name=\"twitter:data2\" content=\"3 minutos\" \/>\n<script type=\"application\/ld+json\" class=\"yoast-schema-graph\">{\"@context\":\"https:\\\/\\\/schema.org\",\"@graph\":[{\"@type\":\"Article\",\"@id\":\"https:\\\/\\\/www.laguiadepamplona.com\\\/actualidad\\\/los-dos-aparcamientos-reformados-en-la-zona-de-trinitarios-reabren-al-publico-el-lunes-con-la-modalidad-de-estacionamiento-gratuito-las-primeras-24-horas\\\/#article\",\"isPartOf\":{\"@id\":\"https:\\\/\\\/www.laguiadepamplona.com\\\/actualidad\\\/los-dos-aparcamientos-reformados-en-la-zona-de-trinitarios-reabren-al-publico-el-lunes-con-la-modalidad-de-estacionamiento-gratuito-las-primeras-24-horas\\\/\"},\"author\":{\"name\":\"La Gu\u00eda de Pamplona\",\"@id\":\"https:\\\/\\\/www.laguiadepamplona.com\\\/actualidad\\\/#\\\/schema\\\/person\\\/efe887376f0213d4657c93adc50b1fdb\"},\"headline\":\"Los dos aparcamientos reformados en la zona de Trinitarios reabren al p\u00fablico el lunes con la modalidad de estacionamiento gratuito las primeras 24 horas\",\"datePublished\":\"2023-03-24T16:59:36+00:00\",\"dateModified\":\"2023-04-11T09:46:57+00:00\",\"mainEntityOfPage\":{\"@id\":\"https:\\\/\\\/www.laguiadepamplona.com\\\/actualidad\\\/los-dos-aparcamientos-reformados-en-la-zona-de-trinitarios-reabren-al-publico-el-lunes-con-la-modalidad-de-estacionamiento-gratuito-las-primeras-24-horas\\\/\"},\"wordCount\":562,\"commentCount\":0,\"publisher\":{\"@id\":\"https:\\\/\\\/www.laguiadepamplona.com\\\/actualidad\\\/#organization\"},\"image\":{\"@id\":\"https:\\\/\\\/www.laguiadepamplona.com\\\/actualidad\\\/los-dos-aparcamientos-reformados-en-la-zona-de-trinitarios-reabren-al-publico-el-lunes-con-la-modalidad-de-estacionamiento-gratuito-las-primeras-24-horas\\\/#primaryimage\"},\"thumbnailUrl\":\"https:\\\/\\\/www.laguiadepamplona.com\\\/actualidad\\\/wp-content\\\/uploads\\\/2023\\\/03\\\/Q5A5387parking22-07-26_2.webp\",\"articleSection\":[\"Ayto Pamplona\"],\"inLanguage\":\"es\",\"potentialAction\":[{\"@type\":\"CommentAction\",\"name\":\"Comment\",\"target\":[\"https:\\\/\\\/www.laguiadepamplona.com\\\/actualidad\\\/los-dos-aparcamientos-reformados-en-la-zona-de-trinitarios-reabren-al-publico-el-lunes-con-la-modalidad-de-estacionamiento-gratuito-las-primeras-24-horas\\\/#respond\"]}]},{\"@type\":\"WebPage\",\"@id\":\"https:\\\/\\\/www.laguiadepamplona.com\\\/actualidad\\\/los-dos-aparcamientos-reformados-en-la-zona-de-trinitarios-reabren-al-publico-el-lunes-con-la-modalidad-de-estacionamiento-gratuito-las-primeras-24-horas\\\/\",\"url\":\"https:\\\/\\\/www.laguiadepamplona.com\\\/actualidad\\\/los-dos-aparcamientos-reformados-en-la-zona-de-trinitarios-reabren-al-publico-el-lunes-con-la-modalidad-de-estacionamiento-gratuito-las-primeras-24-horas\\\/\",\"name\":\"Los dos aparcamientos reformados en la zona de Trinitarios reabren al p\u00fablico el lunes con la modalidad de estacionamiento gratuito las primeras 24 horas\",\"isPartOf\":{\"@id\":\"https:\\\/\\\/www.laguiadepamplona.com\\\/actualidad\\\/#website\"},\"primaryImageOfPage\":{\"@id\":\"https:\\\/\\\/www.laguiadepamplona.com\\\/actualidad\\\/los-dos-aparcamientos-reformados-en-la-zona-de-trinitarios-reabren-al-publico-el-lunes-con-la-modalidad-de-estacionamiento-gratuito-las-primeras-24-horas\\\/#primaryimage\"},\"image\":{\"@id\":\"https:\\\/\\\/www.laguiadepamplona.com\\\/actualidad\\\/los-dos-aparcamientos-reformados-en-la-zona-de-trinitarios-reabren-al-publico-el-lunes-con-la-modalidad-de-estacionamiento-gratuito-las-primeras-24-horas\\\/#primaryimage\"},\"thumbnailUrl\":\"https:\\\/\\\/www.laguiadepamplona.com\\\/actualidad\\\/wp-content\\\/uploads\\\/2023\\\/03\\\/Q5A5387parking22-07-26_2.webp\",\"datePublished\":\"2023-03-24T16:59:36+00:00\",\"dateModified\":\"2023-04-11T09:46:57+00:00\",\"description\":\"Ambos suman m\u00e1s de 800 plazas y en ellos se han invertido cerca de 500.000 euros procedentes de fondos europeos Next Generation EU\",\"breadcrumb\":{\"@id\":\"https:\\\/\\\/www.laguiadepamplona.com\\\/actualidad\\\/los-dos-aparcamientos-reformados-en-la-zona-de-trinitarios-reabren-al-publico-el-lunes-con-la-modalidad-de-estacionamiento-gratuito-las-primeras-24-horas\\\/#breadcrumb\"},\"inLanguage\":\"es\",\"potentialAction\":[{\"@type\":\"ReadAction\",\"target\":[\"https:\\\/\\\/www.laguiadepamplona.com\\\/actualidad\\\/los-dos-aparcamientos-reformados-en-la-zona-de-trinitarios-reabren-al-publico-el-lunes-con-la-modalidad-de-estacionamiento-gratuito-las-primeras-24-horas\\\/\"]}]},{\"@type\":\"ImageObject\",\"inLanguage\":\"es\",\"@id\":\"https:\\\/\\\/www.laguiadepamplona.com\\\/actualidad\\\/los-dos-aparcamientos-reformados-en-la-zona-de-trinitarios-reabren-al-publico-el-lunes-con-la-modalidad-de-estacionamiento-gratuito-las-primeras-24-horas\\\/#primaryimage\",\"url\":\"https:\\\/\\\/www.laguiadepamplona.com\\\/actualidad\\\/wp-content\\\/uploads\\\/2023\\\/03\\\/Q5A5387parking22-07-26_2.webp\",\"contentUrl\":\"https:\\\/\\\/www.laguiadepamplona.com\\\/actualidad\\\/wp-content\\\/uploads\\\/2023\\\/03\\\/Q5A5387parking22-07-26_2.webp\",\"width\":1920,\"height\":1281},{\"@type\":\"BreadcrumbList\",\"@id\":\"https:\\\/\\\/www.laguiadepamplona.com\\\/actualidad\\\/los-dos-aparcamientos-reformados-en-la-zona-de-trinitarios-reabren-al-publico-el-lunes-con-la-modalidad-de-estacionamiento-gratuito-las-primeras-24-horas\\\/#breadcrumb\",\"itemListElement\":[{\"@type\":\"ListItem\",\"position\":1,\"name\":\"Portada\",\"item\":\"https:\\\/\\\/www.laguiadepamplona.com\\\/actualidad\\\/\"},{\"@type\":\"ListItem\",\"position\":2,\"name\":\"Los dos aparcamientos reformados en la zona de Trinitarios reabren al p\u00fablico el lunes con la modalidad de estacionamiento gratuito las primeras 24 horas\"}]},{\"@type\":\"WebSite\",\"@id\":\"https:\\\/\\\/www.laguiadepamplona.com\\\/actualidad\\\/#website\",\"url\":\"https:\\\/\\\/www.laguiadepamplona.com\\\/actualidad\\\/\",\"name\":\"La gu\u00eda de Pamplona\",\"description\":\"Noticias de Pamplona\",\"publisher\":{\"@id\":\"https:\\\/\\\/www.laguiadepamplona.com\\\/actualidad\\\/#organization\"},\"potentialAction\":[{\"@type\":\"SearchAction\",\"target\":{\"@type\":\"EntryPoint\",\"urlTemplate\":\"https:\\\/\\\/www.laguiadepamplona.com\\\/actualidad\\\/?s={search_term_string}\"},\"query-input\":{\"@type\":\"PropertyValueSpecification\",\"valueRequired\":true,\"valueName\":\"search_term_string\"}}],\"inLanguage\":\"es\"},{\"@type\":\"Organization\",\"@id\":\"https:\\\/\\\/www.laguiadepamplona.com\\\/actualidad\\\/#organization\",\"name\":\"La Gu\u00eda de Pamplona \\\/ Noticias\",\"url\":\"https:\\\/\\\/www.laguiadepamplona.com\\\/actualidad\\\/\",\"logo\":{\"@type\":\"ImageObject\",\"inLanguage\":\"es\",\"@id\":\"https:\\\/\\\/www.laguiadepamplona.com\\\/actualidad\\\/#\\\/schema\\\/logo\\\/image\\\/\",\"url\":\"https:\\\/\\\/www.laguiadepamplona.com\\\/actualidad\\\/wp-content\\\/uploads\\\/2018\\\/11\\\/logo-laguiadepamplona18-web1.png\",\"contentUrl\":\"https:\\\/\\\/www.laguiadepamplona.com\\\/actualidad\\\/wp-content\\\/uploads\\\/2018\\\/11\\\/logo-laguiadepamplona18-web1.png\",\"width\":600,\"height\":196,\"caption\":\"La Gu\u00eda de Pamplona \\\/ Noticias\"},\"image\":{\"@id\":\"https:\\\/\\\/www.laguiadepamplona.com\\\/actualidad\\\/#\\\/schema\\\/logo\\\/image\\\/\"},\"sameAs\":[\"https:\\\/\\\/www.facebook.com\\\/laguiadepamplonacom-133175176762273\\\/?ref=hl\",\"https:\\\/\\\/x.com\\\/LaGuiadPamplona\",\"https:\\\/\\\/www.instagram.com\\\/la_guia_de_pamplona\\\/\",\"https:\\\/\\\/www.youtube.com\\\/user\\\/laguiadepamplona\"]},{\"@type\":\"Person\",\"@id\":\"https:\\\/\\\/www.laguiadepamplona.com\\\/actualidad\\\/#\\\/schema\\\/person\\\/efe887376f0213d4657c93adc50b1fdb\",\"name\":\"La Gu\u00eda de Pamplona\",\"image\":{\"@type\":\"ImageObject\",\"inLanguage\":\"es\",\"@id\":\"https:\\\/\\\/secure.gravatar.com\\\/avatar\\\/b6992f131dc8d30ab0dff15446e9d346d9dbd95992de0fef795073f5ea83a81c?s=96&d=mm&r=g\",\"url\":\"https:\\\/\\\/secure.gravatar.com\\\/avatar\\\/b6992f131dc8d30ab0dff15446e9d346d9dbd95992de0fef795073f5ea83a81c?s=96&d=mm&r=g\",\"contentUrl\":\"https:\\\/\\\/secure.gravatar.com\\\/avatar\\\/b6992f131dc8d30ab0dff15446e9d346d9dbd95992de0fef795073f5ea83a81c?s=96&d=mm&r=g\",\"caption\":\"La Gu\u00eda de Pamplona\"}}]}<\/script>\n<!-- \/ Yoast SEO plugin. -->","yoast_head_json":{"title":"Los dos aparcamientos reformados en la zona de Trinitarios reabren al p\u00fablico el lunes con la modalidad de estacionamiento gratuito las primeras 24 horas","description":"Ambos suman m\u00e1s de 800 plazas y en ellos se han invertido cerca de 500.000 euros procedentes de fondos europeos Next Generation EU","robots":{"index":"index","follow":"follow","max-snippet":"max-snippet:-1","max-image-preview":"max-image-preview:large","max-video-preview":"max-video-preview:-1"},"canonical":"https:\/\/www.laguiadepamplona.com\/actualidad\/los-dos-aparcamientos-reformados-en-la-zona-de-trinitarios-reabren-al-publico-el-lunes-con-la-modalidad-de-estacionamiento-gratuito-las-primeras-24-horas\/","og_locale":"es_ES","og_type":"article","og_title":"Los dos aparcamientos reformados en la zona de Trinitarios reabren al p\u00fablico el lunes con la modalidad de estacionamiento gratuito las primeras 24 horas","og_description":"Ambos suman m\u00e1s de 800 plazas y en ellos se han invertido cerca de 500.000 euros procedentes de fondos europeos Next Generation EU","og_url":"https:\/\/www.laguiadepamplona.com\/actualidad\/los-dos-aparcamientos-reformados-en-la-zona-de-trinitarios-reabren-al-publico-el-lunes-con-la-modalidad-de-estacionamiento-gratuito-las-primeras-24-horas\/","og_site_name":"La Gu\u00eda de Pamplona","article_publisher":"https:\/\/www.facebook.com\/laguiadepamplonacom-133175176762273\/?ref=hl","article_published_time":"2023-03-24T16:59:36+00:00","article_modified_time":"2023-04-11T09:46:57+00:00","og_image":[{"width":1920,"height":1281,"url":"https:\/\/www.laguiadepamplona.com\/actualidad\/wp-content\/uploads\/2023\/03\/Q5A5387parking22-07-26_2.webp","type":"image\/webp"}],"author":"La Gu\u00eda de Pamplona","twitter_card":"summary_large_image","twitter_creator":"@LaGuiadPamplona","twitter_site":"@LaGuiadPamplona","twitter_misc":{"Escrito por":"La Gu\u00eda de Pamplona","Tiempo de lectura":"3 minutos"},"schema":{"@context":"https:\/\/schema.org","@graph":[{"@type":"Article","@id":"https:\/\/www.laguiadepamplona.com\/actualidad\/los-dos-aparcamientos-reformados-en-la-zona-de-trinitarios-reabren-al-publico-el-lunes-con-la-modalidad-de-estacionamiento-gratuito-las-primeras-24-horas\/#article","isPartOf":{"@id":"https:\/\/www.laguiadepamplona.com\/actualidad\/los-dos-aparcamientos-reformados-en-la-zona-de-trinitarios-reabren-al-publico-el-lunes-con-la-modalidad-de-estacionamiento-gratuito-las-primeras-24-horas\/"},"author":{"name":"La Gu\u00eda de Pamplona","@id":"https:\/\/www.laguiadepamplona.com\/actualidad\/#\/schema\/person\/efe887376f0213d4657c93adc50b1fdb"},"headline":"Los dos aparcamientos reformados en la zona de Trinitarios reabren al p\u00fablico el lunes con la modalidad de estacionamiento gratuito las primeras 24 horas","datePublished":"2023-03-24T16:59:36+00:00","dateModified":"2023-04-11T09:46:57+00:00","mainEntityOfPage":{"@id":"https:\/\/www.laguiadepamplona.com\/actualidad\/los-dos-aparcamientos-reformados-en-la-zona-de-trinitarios-reabren-al-publico-el-lunes-con-la-modalidad-de-estacionamiento-gratuito-las-primeras-24-horas\/"},"wordCount":562,"commentCount":0,"publisher":{"@id":"https:\/\/www.laguiadepamplona.com\/actualidad\/#organization"},"image":{"@id":"https:\/\/www.laguiadepamplona.com\/actualidad\/los-dos-aparcamientos-reformados-en-la-zona-de-trinitarios-reabren-al-publico-el-lunes-con-la-modalidad-de-estacionamiento-gratuito-las-primeras-24-horas\/#primaryimage"},"thumbnailUrl":"https:\/\/www.laguiadepamplona.com\/actualidad\/wp-content\/uploads\/2023\/03\/Q5A5387parking22-07-26_2.webp","articleSection":["Ayto Pamplona"],"inLanguage":"es","potentialAction":[{"@type":"CommentAction","name":"Comment","target":["https:\/\/www.laguiadepamplona.com\/actualidad\/los-dos-aparcamientos-reformados-en-la-zona-de-trinitarios-reabren-al-publico-el-lunes-con-la-modalidad-de-estacionamiento-gratuito-las-primeras-24-horas\/#respond"]}]},{"@type":"WebPage","@id":"https:\/\/www.laguiadepamplona.com\/actualidad\/los-dos-aparcamientos-reformados-en-la-zona-de-trinitarios-reabren-al-publico-el-lunes-con-la-modalidad-de-estacionamiento-gratuito-las-primeras-24-horas\/","url":"https:\/\/www.laguiadepamplona.com\/actualidad\/los-dos-aparcamientos-reformados-en-la-zona-de-trinitarios-reabren-al-publico-el-lunes-con-la-modalidad-de-estacionamiento-gratuito-las-primeras-24-horas\/","name":"Los dos aparcamientos reformados en la zona de Trinitarios reabren al p\u00fablico el lunes con la modalidad de estacionamiento gratuito las primeras 24 horas","isPartOf":{"@id":"https:\/\/www.laguiadepamplona.com\/actualidad\/#website"},"primaryImageOfPage":{"@id":"https:\/\/www.laguiadepamplona.com\/actualidad\/los-dos-aparcamientos-reformados-en-la-zona-de-trinitarios-reabren-al-publico-el-lunes-con-la-modalidad-de-estacionamiento-gratuito-las-primeras-24-horas\/#primaryimage"},"image":{"@id":"https:\/\/www.laguiadepamplona.com\/actualidad\/los-dos-aparcamientos-reformados-en-la-zona-de-trinitarios-reabren-al-publico-el-lunes-con-la-modalidad-de-estacionamiento-gratuito-las-primeras-24-horas\/#primaryimage"},"thumbnailUrl":"https:\/\/www.laguiadepamplona.com\/actualidad\/wp-content\/uploads\/2023\/03\/Q5A5387parking22-07-26_2.webp","datePublished":"2023-03-24T16:59:36+00:00","dateModified":"2023-04-11T09:46:57+00:00","description":"Ambos suman m\u00e1s de 800 plazas y en ellos se han invertido cerca de 500.000 euros procedentes de fondos europeos Next Generation EU","breadcrumb":{"@id":"https:\/\/www.laguiadepamplona.com\/actualidad\/los-dos-aparcamientos-reformados-en-la-zona-de-trinitarios-reabren-al-publico-el-lunes-con-la-modalidad-de-estacionamiento-gratuito-las-primeras-24-horas\/#breadcrumb"},"inLanguage":"es","potentialAction":[{"@type":"ReadAction","target":["https:\/\/www.laguiadepamplona.com\/actualidad\/los-dos-aparcamientos-reformados-en-la-zona-de-trinitarios-reabren-al-publico-el-lunes-con-la-modalidad-de-estacionamiento-gratuito-las-primeras-24-horas\/"]}]},{"@type":"ImageObject","inLanguage":"es","@id":"https:\/\/www.laguiadepamplona.com\/actualidad\/los-dos-aparcamientos-reformados-en-la-zona-de-trinitarios-reabren-al-publico-el-lunes-con-la-modalidad-de-estacionamiento-gratuito-las-primeras-24-horas\/#primaryimage","url":"https:\/\/www.laguiadepamplona.com\/actualidad\/wp-content\/uploads\/2023\/03\/Q5A5387parking22-07-26_2.webp","contentUrl":"https:\/\/www.laguiadepamplona.com\/actualidad\/wp-content\/uploads\/2023\/03\/Q5A5387parking22-07-26_2.webp","width":1920,"height":1281},{"@type":"BreadcrumbList","@id":"https:\/\/www.laguiadepamplona.com\/actualidad\/los-dos-aparcamientos-reformados-en-la-zona-de-trinitarios-reabren-al-publico-el-lunes-con-la-modalidad-de-estacionamiento-gratuito-las-primeras-24-horas\/#breadcrumb","itemListElement":[{"@type":"ListItem","position":1,"name":"Portada","item":"https:\/\/www.laguiadepamplona.com\/actualidad\/"},{"@type":"ListItem","position":2,"name":"Los dos aparcamientos reformados en la zona de Trinitarios reabren al p\u00fablico el lunes con la modalidad de estacionamiento gratuito las primeras 24 horas"}]},{"@type":"WebSite","@id":"https:\/\/www.laguiadepamplona.com\/actualidad\/#website","url":"https:\/\/www.laguiadepamplona.com\/actualidad\/","name":"La gu\u00eda de Pamplona","description":"Noticias de Pamplona","publisher":{"@id":"https:\/\/www.laguiadepamplona.com\/actualidad\/#organization"},"potentialAction":[{"@type":"SearchAction","target":{"@type":"EntryPoint","urlTemplate":"https:\/\/www.laguiadepamplona.com\/actualidad\/?s={search_term_string}"},"query-input":{"@type":"PropertyValueSpecification","valueRequired":true,"valueName":"search_term_string"}}],"inLanguage":"es"},{"@type":"Organization","@id":"https:\/\/www.laguiadepamplona.com\/actualidad\/#organization","name":"La Gu\u00eda de Pamplona \/ Noticias","url":"https:\/\/www.laguiadepamplona.com\/actualidad\/","logo":{"@type":"ImageObject","inLanguage":"es","@id":"https:\/\/www.laguiadepamplona.com\/actualidad\/#\/schema\/logo\/image\/","url":"https:\/\/www.laguiadepamplona.com\/actualidad\/wp-content\/uploads\/2018\/11\/logo-laguiadepamplona18-web1.png","contentUrl":"https:\/\/www.laguiadepamplona.com\/actualidad\/wp-content\/uploads\/2018\/11\/logo-laguiadepamplona18-web1.png","width":600,"height":196,"caption":"La Gu\u00eda de Pamplona \/ Noticias"},"image":{"@id":"https:\/\/www.laguiadepamplona.com\/actualidad\/#\/schema\/logo\/image\/"},"sameAs":["https:\/\/www.facebook.com\/laguiadepamplonacom-133175176762273\/?ref=hl","https:\/\/x.com\/LaGuiadPamplona","https:\/\/www.instagram.com\/la_guia_de_pamplona\/","https:\/\/www.youtube.com\/user\/laguiadepamplona"]},{"@type":"Person","@id":"https:\/\/www.laguiadepamplona.com\/actualidad\/#\/schema\/person\/efe887376f0213d4657c93adc50b1fdb","name":"La Gu\u00eda de Pamplona","image":{"@type":"ImageObject","inLanguage":"es","@id":"https:\/\/secure.gravatar.com\/avatar\/b6992f131dc8d30ab0dff15446e9d346d9dbd95992de0fef795073f5ea83a81c?s=96&d=mm&r=g","url":"https:\/\/secure.gravatar.com\/avatar\/b6992f131dc8d30ab0dff15446e9d346d9dbd95992de0fef795073f5ea83a81c?s=96&d=mm&r=g","contentUrl":"https:\/\/secure.gravatar.com\/avatar\/b6992f131dc8d30ab0dff15446e9d346d9dbd95992de0fef795073f5ea83a81c?s=96&d=mm&r=g","caption":"La Gu\u00eda de Pamplona"}}]}},"post_mailing_queue_ids":[],"_links":{"self":[{"href":"https:\/\/www.laguiadepamplona.com\/actualidad\/wp-json\/wp\/v2\/posts\/43283","targetHints":{"allow":["GET"]}}],"collection":[{"href":"https:\/\/www.laguiadepamplona.com\/actualidad\/wp-json\/wp\/v2\/posts"}],"about":[{"href":"https:\/\/www.laguiadepamplona.com\/actualidad\/wp-json\/wp\/v2\/types\/post"}],"author":[{"embeddable":true,"href":"https:\/\/www.laguiadepamplona.com\/actualidad\/wp-json\/wp\/v2\/users\/1"}],"replies":[{"embeddable":true,"href":"https:\/\/www.laguiadepamplona.com\/actualidad\/wp-json\/wp\/v2\/comments?post=43283"}],"version-history":[{"count":0,"href":"https:\/\/www.laguiadepamplona.com\/actualidad\/wp-json\/wp\/v2\/posts\/43283\/revisions"}],"wp:featuredmedia":[{"embeddable":true,"href":"https:\/\/www.laguiadepamplona.com\/actualidad\/wp-json\/wp\/v2\/media\/43284"}],"wp:attachment":[{"href":"https:\/\/www.laguiadepamplona.com\/actualidad\/wp-json\/wp\/v2\/media?parent=43283"}],"wp:term":[{"taxonomy":"category","embeddable":true,"href":"https:\/\/www.laguiadepamplona.com\/actualidad\/wp-json\/wp\/v2\/categories?post=43283"},{"taxonomy":"post_tag","embeddable":true,"href":"https:\/\/www.laguiadepamplona.com\/actualidad\/wp-json\/wp\/v2\/tags?post=43283"}],"curies":[{"name":"wp","href":"https:\/\/api.w.org\/{rel}","templated":true}]}}