{"id":43274,"date":"2023-03-23T17:49:53","date_gmt":"2023-03-23T15:49:53","guid":{"rendered":"https:\/\/www.laguiadepamplona.com\/actualidad\/?p=43274"},"modified":"2023-04-11T11:46:57","modified_gmt":"2023-04-11T09:46:57","slug":"el-tajo-de-encuadernacion-y-serigrafia-del-ayuntamiento-de-pamplona-y-la-upna-colaboran-en-el-proyecto-europeo-nemos-sobre-sostenibilidad-a-traves-del-aps","status":"publish","type":"post","link":"https:\/\/www.laguiadepamplona.com\/actualidad\/el-tajo-de-encuadernacion-y-serigrafia-del-ayuntamiento-de-pamplona-y-la-upna-colaboran-en-el-proyecto-europeo-nemos-sobre-sostenibilidad-a-traves-del-aps\/","title":{"rendered":"El tajo de Encuadernaci\u00f3n y Serigraf\u00eda del Ayuntamiento de Pamplona y la UPNA colaboran en el proyecto europeo NEMOS sobre sostenibilidad a trav\u00e9s del ApS"},"content":{"rendered":"<h5>Se trata de dise\u00f1ar un embalaje compostable para un desarrollo de \u201cpan de hamburguesas\u201d trabajando por la sostenibilidad<\/h5>\n<p><!--more--><\/p>\n<p>Este jueves 10 estudiantes del Grado de Innovaci\u00f3n de Procesos y Productos Alimentarios de la Universidad P\u00fablica de Navarra (UPNA) han visitado el tajo de Encuadernaci\u00f3n y Serigraf\u00eda del Ayuntamiento de Pamplona. El encuentro es parte del trabajo que est\u00e1 realizando el alumnado, como programa de Aprendizaje-Servicio y dentro del proyecto europeo NEMOS, sobre sostenibilidad alimentaria. Desde la asignatura de Tecnolog\u00eda de alimentos de la universidad se va a elaborar pan y como parte del proceso de elaboraci\u00f3n, se est\u00e1 trabajando tambi\u00e9n lo relativo a su embolsado o empaquetado sostenible. A la visita han acudido tambi\u00e9n Montse Navarro, profesora en el \u00c1rea de Tecnolog\u00eda de los Alimentos; Natxo Irigoien, docente del \u00c1rea de Producci\u00f3n vegetal y Maria Jes\u00fas Cantalejo, responsable de Proyecto NEMO, todos ellos de la UPNA.<br \/>\n<script async src=\"\/\/pagead2.googlesyndication.com\/pagead\/js\/adsbygoogle.js\"><\/script><br \/>\n<!-- Noticias La Guia de Pamplona --><br \/>\n<ins class=\"adsbygoogle\"\nstyle=\"display:block\"\ndata-ad-client=\"ca-pub-6943679897239327\"\ndata-ad-slot=\"7048180777\"\ndata-ad-format=\"auto\"><\/ins><br \/>\n<script>\n(adsbygoogle = window.adsbygoogle || []).push({});\n<\/script><\/p>\n<p>Este a\u00f1o el trabajo de la asignatura \u2018Dise\u00f1o y desarrollo de alimentos\u2019 versa sobre el pan de hamburguesas. Es en la parte final de este proyecto, en el empaquetado, donde entra el tajo de Encuadernaci\u00f3n y Serigraf\u00eda del Ayuntamiento de Pamplona. Sus talleres, en Monasterio Viejo de San Pedro son un espacio de Empleo Social Protegido donde, bajo contrato, se forma a personas en dise\u00f1o gr\u00e1fico, <em>packaging<\/em>, estampado o se\u00f1al\u00e9tica, para ayudarles a mejorar su perfil de empleabilidad. En este momento hay 11 personas trabajando en este tajo municipal.<\/p>\n<p>Hace unas semanas, el tajo prepar\u00f3 y entreg\u00f3 a la universidad alrededor de 60 bolsas de compostado y muestras de todos los materiales con los que trabajan en taller, incluso recortes de papeles que son desechos de vinilos. Durante este tiempo, el alumnado de la universidad los ha tenido en la compostadora de la facultad y esta ma\u00f1ana acud\u00edan al taller para contarles los resultados de su biodegradaci\u00f3n. Una vez se elija el material de embalaje, se iniciar\u00e1 en colaboraci\u00f3n un proceso para dise\u00f1ar el prototipo del envoltorio y, finalmente, para producirlo. Dentro de esta colaboraci\u00f3n, el personal del tajo acudir\u00e1 en abril a las instalaciones de la UPNA para visitar la compostadora y la planta donde se producir\u00e1 el pan, para conocer tambi\u00e9n de primera mano esos procesos.<br \/>\n<script async src=\"\/\/pagead2.googlesyndication.com\/pagead\/js\/adsbygoogle.js\"><\/script><br \/>\n<!-- Noticias La Guia de Pamplona --><br \/>\n<ins class=\"adsbygoogle\"\nstyle=\"display:block\"\ndata-ad-client=\"ca-pub-6943679897239327\"\ndata-ad-slot=\"7048180777\"\ndata-ad-format=\"auto\"><\/ins><br \/>\n<script>\n(adsbygoogle = window.adsbygoogle || []).push({});\n<\/script><\/p>\n<p>El trabajo de Pamplona como Ciudad Educadora es una l\u00ednea transversal que impregna toda la administraci\u00f3n local. En este caso, el tajo de Encuadernaci\u00f3n y Serigraf\u00eda, que pone su taller al servicio de entidades o instituciones de la ciudad bajo demanda, colabora directamente en la participaci\u00f3n y corresponsabilidad de todos sus habitantes en la adopci\u00f3n de estilos de vida y consumo justos, resilientes y sostenibles, como establece la \u2018Carta de Ciudades educadoras, y lo hace directamente vinculada al \u00e1mbito educativo (nivel de ense\u00f1anzas postobligatorias).<\/p>\n<p>La UPNA a su vez, est\u00e1 trabajando en seis talleres dentro del proyecto NEMO en el \u00e1mbito de materias de agronom\u00eda y alimentaci\u00f3n. Estas propuestas, una vez testadas, se convertir\u00e1n en \u2018proyectos piloto\u2019 extensibles a otras universidades espa\u00f1olas y europeas y a otros grados de la propia Universidad P\u00fablica para que el alumnado adquiera la competencia en \u201cSostenibilidad\u201d a trav\u00e9s de la metodolog\u00eda de Aprendizaje-Servicio.<\/p>\n","protected":false},"excerpt":{"rendered":"<p>Se trata de dise\u00f1ar un embalaje compostable para un desarrollo de \u201cpan de hamburguesas\u201d trabajando por la sostenibilidad<\/p>\n","protected":false},"author":1,"featured_media":43275,"comment_status":"open","ping_status":"closed","sticky":false,"template":"","format":"standard","meta":{"footnotes":""},"categories":[2],"tags":[],"class_list":["post-43274","post","type-post","status-publish","format-standard","has-post-thumbnail","hentry","category-ayuntamiento-pamplona"],"yoast_head":"<!-- This site is optimized with the Yoast SEO plugin v27.3 - https:\/\/yoast.com\/product\/yoast-seo-wordpress\/ -->\n<title>El tajo de Encuadernaci\u00f3n y Serigraf\u00eda del Ayuntamiento de Pamplona y la UPNA colaboran en el proyecto europeo NEMOS sobre sostenibilidad a trav\u00e9s del ApS<\/title>\n<meta name=\"description\" content=\"Se trata de dise\u00f1ar un embalaje compostable para un desarrollo de \u201cpan de hamburguesas\u201d trabajando por la sostenibilidad\" \/>\n<meta name=\"robots\" content=\"index, follow, max-snippet:-1, max-image-preview:large, max-video-preview:-1\" \/>\n<link rel=\"canonical\" href=\"https:\/\/www.laguiadepamplona.com\/actualidad\/el-tajo-de-encuadernacion-y-serigrafia-del-ayuntamiento-de-pamplona-y-la-upna-colaboran-en-el-proyecto-europeo-nemos-sobre-sostenibilidad-a-traves-del-aps\/\" \/>\n<meta property=\"og:locale\" content=\"es_ES\" \/>\n<meta property=\"og:type\" content=\"article\" \/>\n<meta property=\"og:title\" content=\"El tajo de Encuadernaci\u00f3n y Serigraf\u00eda del Ayuntamiento de Pamplona y la UPNA colaboran en el proyecto europeo NEMOS sobre sostenibilidad a trav\u00e9s del ApS\" \/>\n<meta property=\"og:description\" content=\"Se trata de dise\u00f1ar un embalaje compostable para un desarrollo de \u201cpan de hamburguesas\u201d trabajando por la sostenibilidad\" \/>\n<meta property=\"og:url\" content=\"https:\/\/www.laguiadepamplona.com\/actualidad\/el-tajo-de-encuadernacion-y-serigrafia-del-ayuntamiento-de-pamplona-y-la-upna-colaboran-en-el-proyecto-europeo-nemos-sobre-sostenibilidad-a-traves-del-aps\/\" \/>\n<meta property=\"og:site_name\" content=\"La Gu\u00eda de Pamplona\" \/>\n<meta property=\"article:publisher\" content=\"https:\/\/www.facebook.com\/laguiadepamplonacom-133175176762273\/?ref=hl\" \/>\n<meta property=\"article:published_time\" content=\"2023-03-23T15:49:53+00:00\" \/>\n<meta property=\"article:modified_time\" content=\"2023-04-11T09:46:57+00:00\" \/>\n<meta property=\"og:image\" content=\"https:\/\/www.laguiadepamplona.com\/actualidad\/wp-content\/uploads\/2023\/03\/q5a8234encuadernacion23-03-23.webp\" \/>\n\t<meta property=\"og:image:width\" content=\"1920\" \/>\n\t<meta property=\"og:image:height\" content=\"1281\" \/>\n\t<meta property=\"og:image:type\" content=\"image\/webp\" \/>\n<meta name=\"author\" content=\"La Gu\u00eda de Pamplona\" \/>\n<meta name=\"twitter:card\" content=\"summary_large_image\" \/>\n<meta name=\"twitter:creator\" content=\"@LaGuiadPamplona\" \/>\n<meta name=\"twitter:site\" content=\"@LaGuiadPamplona\" \/>\n<meta name=\"twitter:label1\" content=\"Escrito por\" \/>\n\t<meta name=\"twitter:data1\" content=\"La Gu\u00eda de Pamplona\" \/>\n\t<meta name=\"twitter:label2\" content=\"Tiempo de lectura\" \/>\n\t<meta name=\"twitter:data2\" content=\"3 minutos\" \/>\n<script type=\"application\/ld+json\" class=\"yoast-schema-graph\">{\"@context\":\"https:\\\/\\\/schema.org\",\"@graph\":[{\"@type\":\"Article\",\"@id\":\"https:\\\/\\\/www.laguiadepamplona.com\\\/actualidad\\\/el-tajo-de-encuadernacion-y-serigrafia-del-ayuntamiento-de-pamplona-y-la-upna-colaboran-en-el-proyecto-europeo-nemos-sobre-sostenibilidad-a-traves-del-aps\\\/#article\",\"isPartOf\":{\"@id\":\"https:\\\/\\\/www.laguiadepamplona.com\\\/actualidad\\\/el-tajo-de-encuadernacion-y-serigrafia-del-ayuntamiento-de-pamplona-y-la-upna-colaboran-en-el-proyecto-europeo-nemos-sobre-sostenibilidad-a-traves-del-aps\\\/\"},\"author\":{\"name\":\"La Gu\u00eda de Pamplona\",\"@id\":\"https:\\\/\\\/www.laguiadepamplona.com\\\/actualidad\\\/#\\\/schema\\\/person\\\/efe887376f0213d4657c93adc50b1fdb\"},\"headline\":\"El tajo de Encuadernaci\u00f3n y Serigraf\u00eda del Ayuntamiento de Pamplona y la UPNA colaboran en el proyecto europeo NEMOS sobre sostenibilidad a trav\u00e9s del ApS\",\"datePublished\":\"2023-03-23T15:49:53+00:00\",\"dateModified\":\"2023-04-11T09:46:57+00:00\",\"mainEntityOfPage\":{\"@id\":\"https:\\\/\\\/www.laguiadepamplona.com\\\/actualidad\\\/el-tajo-de-encuadernacion-y-serigrafia-del-ayuntamiento-de-pamplona-y-la-upna-colaboran-en-el-proyecto-europeo-nemos-sobre-sostenibilidad-a-traves-del-aps\\\/\"},\"wordCount\":579,\"commentCount\":0,\"publisher\":{\"@id\":\"https:\\\/\\\/www.laguiadepamplona.com\\\/actualidad\\\/#organization\"},\"image\":{\"@id\":\"https:\\\/\\\/www.laguiadepamplona.com\\\/actualidad\\\/el-tajo-de-encuadernacion-y-serigrafia-del-ayuntamiento-de-pamplona-y-la-upna-colaboran-en-el-proyecto-europeo-nemos-sobre-sostenibilidad-a-traves-del-aps\\\/#primaryimage\"},\"thumbnailUrl\":\"https:\\\/\\\/www.laguiadepamplona.com\\\/actualidad\\\/wp-content\\\/uploads\\\/2023\\\/03\\\/q5a8234encuadernacion23-03-23.webp\",\"articleSection\":[\"Ayto Pamplona\"],\"inLanguage\":\"es\",\"potentialAction\":[{\"@type\":\"CommentAction\",\"name\":\"Comment\",\"target\":[\"https:\\\/\\\/www.laguiadepamplona.com\\\/actualidad\\\/el-tajo-de-encuadernacion-y-serigrafia-del-ayuntamiento-de-pamplona-y-la-upna-colaboran-en-el-proyecto-europeo-nemos-sobre-sostenibilidad-a-traves-del-aps\\\/#respond\"]}]},{\"@type\":\"WebPage\",\"@id\":\"https:\\\/\\\/www.laguiadepamplona.com\\\/actualidad\\\/el-tajo-de-encuadernacion-y-serigrafia-del-ayuntamiento-de-pamplona-y-la-upna-colaboran-en-el-proyecto-europeo-nemos-sobre-sostenibilidad-a-traves-del-aps\\\/\",\"url\":\"https:\\\/\\\/www.laguiadepamplona.com\\\/actualidad\\\/el-tajo-de-encuadernacion-y-serigrafia-del-ayuntamiento-de-pamplona-y-la-upna-colaboran-en-el-proyecto-europeo-nemos-sobre-sostenibilidad-a-traves-del-aps\\\/\",\"name\":\"El tajo de Encuadernaci\u00f3n y Serigraf\u00eda del Ayuntamiento de Pamplona y la UPNA colaboran en el proyecto europeo NEMOS sobre sostenibilidad a trav\u00e9s del ApS\",\"isPartOf\":{\"@id\":\"https:\\\/\\\/www.laguiadepamplona.com\\\/actualidad\\\/#website\"},\"primaryImageOfPage\":{\"@id\":\"https:\\\/\\\/www.laguiadepamplona.com\\\/actualidad\\\/el-tajo-de-encuadernacion-y-serigrafia-del-ayuntamiento-de-pamplona-y-la-upna-colaboran-en-el-proyecto-europeo-nemos-sobre-sostenibilidad-a-traves-del-aps\\\/#primaryimage\"},\"image\":{\"@id\":\"https:\\\/\\\/www.laguiadepamplona.com\\\/actualidad\\\/el-tajo-de-encuadernacion-y-serigrafia-del-ayuntamiento-de-pamplona-y-la-upna-colaboran-en-el-proyecto-europeo-nemos-sobre-sostenibilidad-a-traves-del-aps\\\/#primaryimage\"},\"thumbnailUrl\":\"https:\\\/\\\/www.laguiadepamplona.com\\\/actualidad\\\/wp-content\\\/uploads\\\/2023\\\/03\\\/q5a8234encuadernacion23-03-23.webp\",\"datePublished\":\"2023-03-23T15:49:53+00:00\",\"dateModified\":\"2023-04-11T09:46:57+00:00\",\"description\":\"Se trata de dise\u00f1ar un embalaje compostable para un desarrollo de \u201cpan de hamburguesas\u201d trabajando por la sostenibilidad\",\"breadcrumb\":{\"@id\":\"https:\\\/\\\/www.laguiadepamplona.com\\\/actualidad\\\/el-tajo-de-encuadernacion-y-serigrafia-del-ayuntamiento-de-pamplona-y-la-upna-colaboran-en-el-proyecto-europeo-nemos-sobre-sostenibilidad-a-traves-del-aps\\\/#breadcrumb\"},\"inLanguage\":\"es\",\"potentialAction\":[{\"@type\":\"ReadAction\",\"target\":[\"https:\\\/\\\/www.laguiadepamplona.com\\\/actualidad\\\/el-tajo-de-encuadernacion-y-serigrafia-del-ayuntamiento-de-pamplona-y-la-upna-colaboran-en-el-proyecto-europeo-nemos-sobre-sostenibilidad-a-traves-del-aps\\\/\"]}]},{\"@type\":\"ImageObject\",\"inLanguage\":\"es\",\"@id\":\"https:\\\/\\\/www.laguiadepamplona.com\\\/actualidad\\\/el-tajo-de-encuadernacion-y-serigrafia-del-ayuntamiento-de-pamplona-y-la-upna-colaboran-en-el-proyecto-europeo-nemos-sobre-sostenibilidad-a-traves-del-aps\\\/#primaryimage\",\"url\":\"https:\\\/\\\/www.laguiadepamplona.com\\\/actualidad\\\/wp-content\\\/uploads\\\/2023\\\/03\\\/q5a8234encuadernacion23-03-23.webp\",\"contentUrl\":\"https:\\\/\\\/www.laguiadepamplona.com\\\/actualidad\\\/wp-content\\\/uploads\\\/2023\\\/03\\\/q5a8234encuadernacion23-03-23.webp\",\"width\":1920,\"height\":1281},{\"@type\":\"BreadcrumbList\",\"@id\":\"https:\\\/\\\/www.laguiadepamplona.com\\\/actualidad\\\/el-tajo-de-encuadernacion-y-serigrafia-del-ayuntamiento-de-pamplona-y-la-upna-colaboran-en-el-proyecto-europeo-nemos-sobre-sostenibilidad-a-traves-del-aps\\\/#breadcrumb\",\"itemListElement\":[{\"@type\":\"ListItem\",\"position\":1,\"name\":\"Portada\",\"item\":\"https:\\\/\\\/www.laguiadepamplona.com\\\/actualidad\\\/\"},{\"@type\":\"ListItem\",\"position\":2,\"name\":\"El tajo de Encuadernaci\u00f3n y Serigraf\u00eda del Ayuntamiento de Pamplona y la UPNA colaboran en el proyecto europeo NEMOS sobre sostenibilidad a trav\u00e9s del ApS\"}]},{\"@type\":\"WebSite\",\"@id\":\"https:\\\/\\\/www.laguiadepamplona.com\\\/actualidad\\\/#website\",\"url\":\"https:\\\/\\\/www.laguiadepamplona.com\\\/actualidad\\\/\",\"name\":\"La gu\u00eda de Pamplona\",\"description\":\"Noticias de Pamplona\",\"publisher\":{\"@id\":\"https:\\\/\\\/www.laguiadepamplona.com\\\/actualidad\\\/#organization\"},\"potentialAction\":[{\"@type\":\"SearchAction\",\"target\":{\"@type\":\"EntryPoint\",\"urlTemplate\":\"https:\\\/\\\/www.laguiadepamplona.com\\\/actualidad\\\/?s={search_term_string}\"},\"query-input\":{\"@type\":\"PropertyValueSpecification\",\"valueRequired\":true,\"valueName\":\"search_term_string\"}}],\"inLanguage\":\"es\"},{\"@type\":\"Organization\",\"@id\":\"https:\\\/\\\/www.laguiadepamplona.com\\\/actualidad\\\/#organization\",\"name\":\"La Gu\u00eda de Pamplona \\\/ Noticias\",\"url\":\"https:\\\/\\\/www.laguiadepamplona.com\\\/actualidad\\\/\",\"logo\":{\"@type\":\"ImageObject\",\"inLanguage\":\"es\",\"@id\":\"https:\\\/\\\/www.laguiadepamplona.com\\\/actualidad\\\/#\\\/schema\\\/logo\\\/image\\\/\",\"url\":\"https:\\\/\\\/www.laguiadepamplona.com\\\/actualidad\\\/wp-content\\\/uploads\\\/2018\\\/11\\\/logo-laguiadepamplona18-web1.png\",\"contentUrl\":\"https:\\\/\\\/www.laguiadepamplona.com\\\/actualidad\\\/wp-content\\\/uploads\\\/2018\\\/11\\\/logo-laguiadepamplona18-web1.png\",\"width\":600,\"height\":196,\"caption\":\"La Gu\u00eda de Pamplona \\\/ Noticias\"},\"image\":{\"@id\":\"https:\\\/\\\/www.laguiadepamplona.com\\\/actualidad\\\/#\\\/schema\\\/logo\\\/image\\\/\"},\"sameAs\":[\"https:\\\/\\\/www.facebook.com\\\/laguiadepamplonacom-133175176762273\\\/?ref=hl\",\"https:\\\/\\\/x.com\\\/LaGuiadPamplona\",\"https:\\\/\\\/www.instagram.com\\\/la_guia_de_pamplona\\\/\",\"https:\\\/\\\/www.youtube.com\\\/user\\\/laguiadepamplona\"]},{\"@type\":\"Person\",\"@id\":\"https:\\\/\\\/www.laguiadepamplona.com\\\/actualidad\\\/#\\\/schema\\\/person\\\/efe887376f0213d4657c93adc50b1fdb\",\"name\":\"La Gu\u00eda de Pamplona\",\"image\":{\"@type\":\"ImageObject\",\"inLanguage\":\"es\",\"@id\":\"https:\\\/\\\/secure.gravatar.com\\\/avatar\\\/b6992f131dc8d30ab0dff15446e9d346d9dbd95992de0fef795073f5ea83a81c?s=96&d=mm&r=g\",\"url\":\"https:\\\/\\\/secure.gravatar.com\\\/avatar\\\/b6992f131dc8d30ab0dff15446e9d346d9dbd95992de0fef795073f5ea83a81c?s=96&d=mm&r=g\",\"contentUrl\":\"https:\\\/\\\/secure.gravatar.com\\\/avatar\\\/b6992f131dc8d30ab0dff15446e9d346d9dbd95992de0fef795073f5ea83a81c?s=96&d=mm&r=g\",\"caption\":\"La Gu\u00eda de Pamplona\"}}]}<\/script>\n<!-- \/ Yoast SEO plugin. -->","yoast_head_json":{"title":"El tajo de Encuadernaci\u00f3n y Serigraf\u00eda del Ayuntamiento de Pamplona y la UPNA colaboran en el proyecto europeo NEMOS sobre sostenibilidad a trav\u00e9s del ApS","description":"Se trata de dise\u00f1ar un embalaje compostable para un desarrollo de \u201cpan de hamburguesas\u201d trabajando por la sostenibilidad","robots":{"index":"index","follow":"follow","max-snippet":"max-snippet:-1","max-image-preview":"max-image-preview:large","max-video-preview":"max-video-preview:-1"},"canonical":"https:\/\/www.laguiadepamplona.com\/actualidad\/el-tajo-de-encuadernacion-y-serigrafia-del-ayuntamiento-de-pamplona-y-la-upna-colaboran-en-el-proyecto-europeo-nemos-sobre-sostenibilidad-a-traves-del-aps\/","og_locale":"es_ES","og_type":"article","og_title":"El tajo de Encuadernaci\u00f3n y Serigraf\u00eda del Ayuntamiento de Pamplona y la UPNA colaboran en el proyecto europeo NEMOS sobre sostenibilidad a trav\u00e9s del ApS","og_description":"Se trata de dise\u00f1ar un embalaje compostable para un desarrollo de \u201cpan de hamburguesas\u201d trabajando por la sostenibilidad","og_url":"https:\/\/www.laguiadepamplona.com\/actualidad\/el-tajo-de-encuadernacion-y-serigrafia-del-ayuntamiento-de-pamplona-y-la-upna-colaboran-en-el-proyecto-europeo-nemos-sobre-sostenibilidad-a-traves-del-aps\/","og_site_name":"La Gu\u00eda de Pamplona","article_publisher":"https:\/\/www.facebook.com\/laguiadepamplonacom-133175176762273\/?ref=hl","article_published_time":"2023-03-23T15:49:53+00:00","article_modified_time":"2023-04-11T09:46:57+00:00","og_image":[{"width":1920,"height":1281,"url":"https:\/\/www.laguiadepamplona.com\/actualidad\/wp-content\/uploads\/2023\/03\/q5a8234encuadernacion23-03-23.webp","type":"image\/webp"}],"author":"La Gu\u00eda de Pamplona","twitter_card":"summary_large_image","twitter_creator":"@LaGuiadPamplona","twitter_site":"@LaGuiadPamplona","twitter_misc":{"Escrito por":"La Gu\u00eda de Pamplona","Tiempo de lectura":"3 minutos"},"schema":{"@context":"https:\/\/schema.org","@graph":[{"@type":"Article","@id":"https:\/\/www.laguiadepamplona.com\/actualidad\/el-tajo-de-encuadernacion-y-serigrafia-del-ayuntamiento-de-pamplona-y-la-upna-colaboran-en-el-proyecto-europeo-nemos-sobre-sostenibilidad-a-traves-del-aps\/#article","isPartOf":{"@id":"https:\/\/www.laguiadepamplona.com\/actualidad\/el-tajo-de-encuadernacion-y-serigrafia-del-ayuntamiento-de-pamplona-y-la-upna-colaboran-en-el-proyecto-europeo-nemos-sobre-sostenibilidad-a-traves-del-aps\/"},"author":{"name":"La Gu\u00eda de Pamplona","@id":"https:\/\/www.laguiadepamplona.com\/actualidad\/#\/schema\/person\/efe887376f0213d4657c93adc50b1fdb"},"headline":"El tajo de Encuadernaci\u00f3n y Serigraf\u00eda del Ayuntamiento de Pamplona y la UPNA colaboran en el proyecto europeo NEMOS sobre sostenibilidad a trav\u00e9s del ApS","datePublished":"2023-03-23T15:49:53+00:00","dateModified":"2023-04-11T09:46:57+00:00","mainEntityOfPage":{"@id":"https:\/\/www.laguiadepamplona.com\/actualidad\/el-tajo-de-encuadernacion-y-serigrafia-del-ayuntamiento-de-pamplona-y-la-upna-colaboran-en-el-proyecto-europeo-nemos-sobre-sostenibilidad-a-traves-del-aps\/"},"wordCount":579,"commentCount":0,"publisher":{"@id":"https:\/\/www.laguiadepamplona.com\/actualidad\/#organization"},"image":{"@id":"https:\/\/www.laguiadepamplona.com\/actualidad\/el-tajo-de-encuadernacion-y-serigrafia-del-ayuntamiento-de-pamplona-y-la-upna-colaboran-en-el-proyecto-europeo-nemos-sobre-sostenibilidad-a-traves-del-aps\/#primaryimage"},"thumbnailUrl":"https:\/\/www.laguiadepamplona.com\/actualidad\/wp-content\/uploads\/2023\/03\/q5a8234encuadernacion23-03-23.webp","articleSection":["Ayto Pamplona"],"inLanguage":"es","potentialAction":[{"@type":"CommentAction","name":"Comment","target":["https:\/\/www.laguiadepamplona.com\/actualidad\/el-tajo-de-encuadernacion-y-serigrafia-del-ayuntamiento-de-pamplona-y-la-upna-colaboran-en-el-proyecto-europeo-nemos-sobre-sostenibilidad-a-traves-del-aps\/#respond"]}]},{"@type":"WebPage","@id":"https:\/\/www.laguiadepamplona.com\/actualidad\/el-tajo-de-encuadernacion-y-serigrafia-del-ayuntamiento-de-pamplona-y-la-upna-colaboran-en-el-proyecto-europeo-nemos-sobre-sostenibilidad-a-traves-del-aps\/","url":"https:\/\/www.laguiadepamplona.com\/actualidad\/el-tajo-de-encuadernacion-y-serigrafia-del-ayuntamiento-de-pamplona-y-la-upna-colaboran-en-el-proyecto-europeo-nemos-sobre-sostenibilidad-a-traves-del-aps\/","name":"El tajo de Encuadernaci\u00f3n y Serigraf\u00eda del Ayuntamiento de Pamplona y la UPNA colaboran en el proyecto europeo NEMOS sobre sostenibilidad a trav\u00e9s del ApS","isPartOf":{"@id":"https:\/\/www.laguiadepamplona.com\/actualidad\/#website"},"primaryImageOfPage":{"@id":"https:\/\/www.laguiadepamplona.com\/actualidad\/el-tajo-de-encuadernacion-y-serigrafia-del-ayuntamiento-de-pamplona-y-la-upna-colaboran-en-el-proyecto-europeo-nemos-sobre-sostenibilidad-a-traves-del-aps\/#primaryimage"},"image":{"@id":"https:\/\/www.laguiadepamplona.com\/actualidad\/el-tajo-de-encuadernacion-y-serigrafia-del-ayuntamiento-de-pamplona-y-la-upna-colaboran-en-el-proyecto-europeo-nemos-sobre-sostenibilidad-a-traves-del-aps\/#primaryimage"},"thumbnailUrl":"https:\/\/www.laguiadepamplona.com\/actualidad\/wp-content\/uploads\/2023\/03\/q5a8234encuadernacion23-03-23.webp","datePublished":"2023-03-23T15:49:53+00:00","dateModified":"2023-04-11T09:46:57+00:00","description":"Se trata de dise\u00f1ar un embalaje compostable para un desarrollo de \u201cpan de hamburguesas\u201d trabajando por la sostenibilidad","breadcrumb":{"@id":"https:\/\/www.laguiadepamplona.com\/actualidad\/el-tajo-de-encuadernacion-y-serigrafia-del-ayuntamiento-de-pamplona-y-la-upna-colaboran-en-el-proyecto-europeo-nemos-sobre-sostenibilidad-a-traves-del-aps\/#breadcrumb"},"inLanguage":"es","potentialAction":[{"@type":"ReadAction","target":["https:\/\/www.laguiadepamplona.com\/actualidad\/el-tajo-de-encuadernacion-y-serigrafia-del-ayuntamiento-de-pamplona-y-la-upna-colaboran-en-el-proyecto-europeo-nemos-sobre-sostenibilidad-a-traves-del-aps\/"]}]},{"@type":"ImageObject","inLanguage":"es","@id":"https:\/\/www.laguiadepamplona.com\/actualidad\/el-tajo-de-encuadernacion-y-serigrafia-del-ayuntamiento-de-pamplona-y-la-upna-colaboran-en-el-proyecto-europeo-nemos-sobre-sostenibilidad-a-traves-del-aps\/#primaryimage","url":"https:\/\/www.laguiadepamplona.com\/actualidad\/wp-content\/uploads\/2023\/03\/q5a8234encuadernacion23-03-23.webp","contentUrl":"https:\/\/www.laguiadepamplona.com\/actualidad\/wp-content\/uploads\/2023\/03\/q5a8234encuadernacion23-03-23.webp","width":1920,"height":1281},{"@type":"BreadcrumbList","@id":"https:\/\/www.laguiadepamplona.com\/actualidad\/el-tajo-de-encuadernacion-y-serigrafia-del-ayuntamiento-de-pamplona-y-la-upna-colaboran-en-el-proyecto-europeo-nemos-sobre-sostenibilidad-a-traves-del-aps\/#breadcrumb","itemListElement":[{"@type":"ListItem","position":1,"name":"Portada","item":"https:\/\/www.laguiadepamplona.com\/actualidad\/"},{"@type":"ListItem","position":2,"name":"El tajo de Encuadernaci\u00f3n y Serigraf\u00eda del Ayuntamiento de Pamplona y la UPNA colaboran en el proyecto europeo NEMOS sobre sostenibilidad a trav\u00e9s del ApS"}]},{"@type":"WebSite","@id":"https:\/\/www.laguiadepamplona.com\/actualidad\/#website","url":"https:\/\/www.laguiadepamplona.com\/actualidad\/","name":"La gu\u00eda de Pamplona","description":"Noticias de Pamplona","publisher":{"@id":"https:\/\/www.laguiadepamplona.com\/actualidad\/#organization"},"potentialAction":[{"@type":"SearchAction","target":{"@type":"EntryPoint","urlTemplate":"https:\/\/www.laguiadepamplona.com\/actualidad\/?s={search_term_string}"},"query-input":{"@type":"PropertyValueSpecification","valueRequired":true,"valueName":"search_term_string"}}],"inLanguage":"es"},{"@type":"Organization","@id":"https:\/\/www.laguiadepamplona.com\/actualidad\/#organization","name":"La Gu\u00eda de Pamplona \/ Noticias","url":"https:\/\/www.laguiadepamplona.com\/actualidad\/","logo":{"@type":"ImageObject","inLanguage":"es","@id":"https:\/\/www.laguiadepamplona.com\/actualidad\/#\/schema\/logo\/image\/","url":"https:\/\/www.laguiadepamplona.com\/actualidad\/wp-content\/uploads\/2018\/11\/logo-laguiadepamplona18-web1.png","contentUrl":"https:\/\/www.laguiadepamplona.com\/actualidad\/wp-content\/uploads\/2018\/11\/logo-laguiadepamplona18-web1.png","width":600,"height":196,"caption":"La Gu\u00eda de Pamplona \/ Noticias"},"image":{"@id":"https:\/\/www.laguiadepamplona.com\/actualidad\/#\/schema\/logo\/image\/"},"sameAs":["https:\/\/www.facebook.com\/laguiadepamplonacom-133175176762273\/?ref=hl","https:\/\/x.com\/LaGuiadPamplona","https:\/\/www.instagram.com\/la_guia_de_pamplona\/","https:\/\/www.youtube.com\/user\/laguiadepamplona"]},{"@type":"Person","@id":"https:\/\/www.laguiadepamplona.com\/actualidad\/#\/schema\/person\/efe887376f0213d4657c93adc50b1fdb","name":"La Gu\u00eda de Pamplona","image":{"@type":"ImageObject","inLanguage":"es","@id":"https:\/\/secure.gravatar.com\/avatar\/b6992f131dc8d30ab0dff15446e9d346d9dbd95992de0fef795073f5ea83a81c?s=96&d=mm&r=g","url":"https:\/\/secure.gravatar.com\/avatar\/b6992f131dc8d30ab0dff15446e9d346d9dbd95992de0fef795073f5ea83a81c?s=96&d=mm&r=g","contentUrl":"https:\/\/secure.gravatar.com\/avatar\/b6992f131dc8d30ab0dff15446e9d346d9dbd95992de0fef795073f5ea83a81c?s=96&d=mm&r=g","caption":"La Gu\u00eda de Pamplona"}}]}},"post_mailing_queue_ids":[],"_links":{"self":[{"href":"https:\/\/www.laguiadepamplona.com\/actualidad\/wp-json\/wp\/v2\/posts\/43274","targetHints":{"allow":["GET"]}}],"collection":[{"href":"https:\/\/www.laguiadepamplona.com\/actualidad\/wp-json\/wp\/v2\/posts"}],"about":[{"href":"https:\/\/www.laguiadepamplona.com\/actualidad\/wp-json\/wp\/v2\/types\/post"}],"author":[{"embeddable":true,"href":"https:\/\/www.laguiadepamplona.com\/actualidad\/wp-json\/wp\/v2\/users\/1"}],"replies":[{"embeddable":true,"href":"https:\/\/www.laguiadepamplona.com\/actualidad\/wp-json\/wp\/v2\/comments?post=43274"}],"version-history":[{"count":0,"href":"https:\/\/www.laguiadepamplona.com\/actualidad\/wp-json\/wp\/v2\/posts\/43274\/revisions"}],"wp:featuredmedia":[{"embeddable":true,"href":"https:\/\/www.laguiadepamplona.com\/actualidad\/wp-json\/wp\/v2\/media\/43275"}],"wp:attachment":[{"href":"https:\/\/www.laguiadepamplona.com\/actualidad\/wp-json\/wp\/v2\/media?parent=43274"}],"wp:term":[{"taxonomy":"category","embeddable":true,"href":"https:\/\/www.laguiadepamplona.com\/actualidad\/wp-json\/wp\/v2\/categories?post=43274"},{"taxonomy":"post_tag","embeddable":true,"href":"https:\/\/www.laguiadepamplona.com\/actualidad\/wp-json\/wp\/v2\/tags?post=43274"}],"curies":[{"name":"wp","href":"https:\/\/api.w.org\/{rel}","templated":true}]}}