{"id":43268,"date":"2023-03-23T14:13:59","date_gmt":"2023-03-23T12:13:59","guid":{"rendered":"https:\/\/www.laguiadepamplona.com\/actualidad\/?p=43268"},"modified":"2023-04-11T11:46:58","modified_gmt":"2023-04-11T09:46:58","slug":"el-dia-del-libro-que-se-celebra-cada-23-de-abril-volvera-a-sacar-a-la-calle-a-las-librerias-de-pamplona","status":"publish","type":"post","link":"https:\/\/www.laguiadepamplona.com\/actualidad\/el-dia-del-libro-que-se-celebra-cada-23-de-abril-volvera-a-sacar-a-la-calle-a-las-librerias-de-pamplona\/","title":{"rendered":"El D\u00eda del Libro, que se celebra cada 23 de abril, volver\u00e1 a sacar a la calle a las librer\u00edas de Pamplona"},"content":{"rendered":"<h5>Las librer\u00edas disponen de plazo hasta el 30 de marzo para solicitar estar presentes en la avenida Carlos III<\/h5>\n<p><!--more--><\/p>\n<p>Un a\u00f1o m\u00e1s, coincidiendo con el D\u00eda del Libro y de la Flor, el pr\u00f3ximo 23 de abril las librer\u00edas de Pamplona acercar\u00e1n la lectura a la ciudadan\u00eda a trav\u00e9s de puestos en la avenida Carlos III, en el cruce con la avenida de Roncesvalles, en un acto organizado por el Ayuntamiento de Pamplona y la Asociaci\u00f3n de Librer\u00edas de Navarra Diego de Haro. Las librer\u00edas interesadas en sacar sus libros a la calle en las jaimas habilitadas a tal fin pueden solicitarlo hasta el pr\u00f3ximo jueves, 30 de marzo.<br \/>\n<script async src=\"\/\/pagead2.googlesyndication.com\/pagead\/js\/adsbygoogle.js\"><\/script><br \/>\n<!-- Noticias La Guia de Pamplona --><br \/>\n<ins class=\"adsbygoogle\"\nstyle=\"display:block\"\ndata-ad-client=\"ca-pub-6943679897239327\"\ndata-ad-slot=\"7048180777\"\ndata-ad-format=\"auto\"><\/ins><br \/>\n<script>\n(adsbygoogle = window.adsbygoogle || []).push({});\n<\/script><\/p>\n<p>En el D\u00eda del Libro, las librer\u00edas dar\u00e1n asesoramiento sobre nuevas lecturas y ofrecer\u00e1n sus libros con un 10% de descuento, tanto en los puestos exteriores como en sus propios establecimientos. Las jaimas en la avenida Carlos III estar\u00e1n abiertas desde las 10 de la ma\u00f1ana hasta las 21 horas. Esta iniciativa cuenta con financiaci\u00f3n procedente de los fondos europeos Next Generation EU a trav\u00e9s del Plan de Recuperaci\u00f3n, Transformaci\u00f3n y Resiliencia del Gobierno de Espa\u00f1a.<\/p>\n<p>Como novedad, en esta ocasi\u00f3n, los libreros y libreras han decidido dar un fin solidario a las flores que tradicionalmente se regalan en ese d\u00eda junto con la compra de un libro. Para ello, los clientes interesados podr\u00e1n adquirir una flor a un precio simb\u00f3lico y el importe total recaudado se invertir\u00e1 en libros, que ser\u00e1n donados a una entidad de car\u00e1cter social elegida por la Asociaci\u00f3n de Librer\u00edas de Navarra Diego de Haro.<br \/>\n<script async src=\"\/\/pagead2.googlesyndication.com\/pagead\/js\/adsbygoogle.js\"><\/script><br \/>\n<!-- Noticias La Guia de Pamplona --><br \/>\n<ins class=\"adsbygoogle\"\nstyle=\"display:block\"\ndata-ad-client=\"ca-pub-6943679897239327\"\ndata-ad-slot=\"7048180777\"\ndata-ad-format=\"auto\"><\/ins><br \/>\n<script>\n(adsbygoogle = window.adsbygoogle || []).push({});\n<\/script><\/p>\n<p>Las librer\u00edas interesadas en participar el domingo 23 de abril en el D\u00eda del Libro deber\u00e1n ponerse en contacto con la Asociaci\u00f3n de Librer\u00edas de Navarra Diego de Haro a trav\u00e9s de la direcci\u00f3n de correo electr\u00f3nico <a href=\"mailto:asociaciondiegodeharo@gmail.com\">asociaciondiegodeharo@gmail.com<\/a> a partir de hoy, jueves 23, y hasta el 30 de este mes. En el correo se deber\u00e1 indicar el nombre de la librer\u00eda, la persona de contacto, la direcci\u00f3n postal y un tel\u00e9fono de contacto. La iniciativa est\u00e1 abierta a aquellos establecimientos comerciales ubicados en Pamplona y dedicados, total o parcialmente, a la venta de libros. Dado que el espacio es limitado, si hubiera m\u00e1s solicitudes que plazas disponibles en la v\u00eda p\u00fablica, se realizar\u00eda un sorteo entre las librer\u00edas interesadas a participar. Cada librer\u00eda participante deber\u00e1 pagar una cuota de 120 euros.<\/p>\n","protected":false},"excerpt":{"rendered":"<p>Las librer\u00edas disponen de plazo hasta el 30 de marzo para solicitar estar presentes en la avenida Carlos III<\/p>\n","protected":false},"author":1,"featured_media":43269,"comment_status":"open","ping_status":"closed","sticky":false,"template":"","format":"standard","meta":{"footnotes":""},"categories":[2],"tags":[],"class_list":["post-43268","post","type-post","status-publish","format-standard","has-post-thumbnail","hentry","category-ayuntamiento-pamplona"],"yoast_head":"<!-- This site is optimized with the Yoast SEO plugin v27.3 - https:\/\/yoast.com\/product\/yoast-seo-wordpress\/ -->\n<title>El D\u00eda del Libro, que se celebra cada 23 de abril, volver\u00e1 a sacar a la calle a las librer\u00edas de Pamplona<\/title>\n<meta name=\"description\" content=\"Las librer\u00edas disponen de plazo hasta el 30 de marzo para solicitar estar presentes en la avenida Carlos III\" \/>\n<meta name=\"robots\" content=\"index, follow, max-snippet:-1, max-image-preview:large, max-video-preview:-1\" \/>\n<link rel=\"canonical\" href=\"https:\/\/www.laguiadepamplona.com\/actualidad\/el-dia-del-libro-que-se-celebra-cada-23-de-abril-volvera-a-sacar-a-la-calle-a-las-librerias-de-pamplona\/\" \/>\n<meta property=\"og:locale\" content=\"es_ES\" \/>\n<meta property=\"og:type\" content=\"article\" \/>\n<meta property=\"og:title\" content=\"El D\u00eda del Libro, que se celebra cada 23 de abril, volver\u00e1 a sacar a la calle a las librer\u00edas de Pamplona\" \/>\n<meta property=\"og:description\" content=\"Las librer\u00edas disponen de plazo hasta el 30 de marzo para solicitar estar presentes en la avenida Carlos III\" \/>\n<meta property=\"og:url\" content=\"https:\/\/www.laguiadepamplona.com\/actualidad\/el-dia-del-libro-que-se-celebra-cada-23-de-abril-volvera-a-sacar-a-la-calle-a-las-librerias-de-pamplona\/\" \/>\n<meta property=\"og:site_name\" content=\"La Gu\u00eda de Pamplona\" \/>\n<meta property=\"article:publisher\" content=\"https:\/\/www.facebook.com\/laguiadepamplonacom-133175176762273\/?ref=hl\" \/>\n<meta property=\"article:published_time\" content=\"2023-03-23T12:13:59+00:00\" \/>\n<meta property=\"article:modified_time\" content=\"2023-04-11T09:46:58+00:00\" \/>\n<meta property=\"og:image\" content=\"https:\/\/www.laguiadepamplona.com\/actualidad\/wp-content\/uploads\/2023\/03\/dia-del-libro.webp\" \/>\n\t<meta property=\"og:image:width\" content=\"1920\" \/>\n\t<meta property=\"og:image:height\" content=\"1276\" \/>\n\t<meta property=\"og:image:type\" content=\"image\/webp\" \/>\n<meta name=\"author\" content=\"La Gu\u00eda de Pamplona\" \/>\n<meta name=\"twitter:card\" content=\"summary_large_image\" \/>\n<meta name=\"twitter:creator\" content=\"@LaGuiadPamplona\" \/>\n<meta name=\"twitter:site\" content=\"@LaGuiadPamplona\" \/>\n<meta name=\"twitter:label1\" content=\"Escrito por\" \/>\n\t<meta name=\"twitter:data1\" content=\"La Gu\u00eda de Pamplona\" \/>\n\t<meta name=\"twitter:label2\" content=\"Tiempo de lectura\" \/>\n\t<meta name=\"twitter:data2\" content=\"2 minutos\" \/>\n<script type=\"application\/ld+json\" class=\"yoast-schema-graph\">{\"@context\":\"https:\\\/\\\/schema.org\",\"@graph\":[{\"@type\":\"Article\",\"@id\":\"https:\\\/\\\/www.laguiadepamplona.com\\\/actualidad\\\/el-dia-del-libro-que-se-celebra-cada-23-de-abril-volvera-a-sacar-a-la-calle-a-las-librerias-de-pamplona\\\/#article\",\"isPartOf\":{\"@id\":\"https:\\\/\\\/www.laguiadepamplona.com\\\/actualidad\\\/el-dia-del-libro-que-se-celebra-cada-23-de-abril-volvera-a-sacar-a-la-calle-a-las-librerias-de-pamplona\\\/\"},\"author\":{\"name\":\"La Gu\u00eda de Pamplona\",\"@id\":\"https:\\\/\\\/www.laguiadepamplona.com\\\/actualidad\\\/#\\\/schema\\\/person\\\/efe887376f0213d4657c93adc50b1fdb\"},\"headline\":\"El D\u00eda del Libro, que se celebra cada 23 de abril, volver\u00e1 a sacar a la calle a las librer\u00edas de Pamplona\",\"datePublished\":\"2023-03-23T12:13:59+00:00\",\"dateModified\":\"2023-04-11T09:46:58+00:00\",\"mainEntityOfPage\":{\"@id\":\"https:\\\/\\\/www.laguiadepamplona.com\\\/actualidad\\\/el-dia-del-libro-que-se-celebra-cada-23-de-abril-volvera-a-sacar-a-la-calle-a-las-librerias-de-pamplona\\\/\"},\"wordCount\":455,\"commentCount\":0,\"publisher\":{\"@id\":\"https:\\\/\\\/www.laguiadepamplona.com\\\/actualidad\\\/#organization\"},\"image\":{\"@id\":\"https:\\\/\\\/www.laguiadepamplona.com\\\/actualidad\\\/el-dia-del-libro-que-se-celebra-cada-23-de-abril-volvera-a-sacar-a-la-calle-a-las-librerias-de-pamplona\\\/#primaryimage\"},\"thumbnailUrl\":\"https:\\\/\\\/www.laguiadepamplona.com\\\/actualidad\\\/wp-content\\\/uploads\\\/2023\\\/03\\\/dia-del-libro.webp\",\"articleSection\":[\"Ayto Pamplona\"],\"inLanguage\":\"es\",\"potentialAction\":[{\"@type\":\"CommentAction\",\"name\":\"Comment\",\"target\":[\"https:\\\/\\\/www.laguiadepamplona.com\\\/actualidad\\\/el-dia-del-libro-que-se-celebra-cada-23-de-abril-volvera-a-sacar-a-la-calle-a-las-librerias-de-pamplona\\\/#respond\"]}]},{\"@type\":\"WebPage\",\"@id\":\"https:\\\/\\\/www.laguiadepamplona.com\\\/actualidad\\\/el-dia-del-libro-que-se-celebra-cada-23-de-abril-volvera-a-sacar-a-la-calle-a-las-librerias-de-pamplona\\\/\",\"url\":\"https:\\\/\\\/www.laguiadepamplona.com\\\/actualidad\\\/el-dia-del-libro-que-se-celebra-cada-23-de-abril-volvera-a-sacar-a-la-calle-a-las-librerias-de-pamplona\\\/\",\"name\":\"El D\u00eda del Libro, que se celebra cada 23 de abril, volver\u00e1 a sacar a la calle a las librer\u00edas de Pamplona\",\"isPartOf\":{\"@id\":\"https:\\\/\\\/www.laguiadepamplona.com\\\/actualidad\\\/#website\"},\"primaryImageOfPage\":{\"@id\":\"https:\\\/\\\/www.laguiadepamplona.com\\\/actualidad\\\/el-dia-del-libro-que-se-celebra-cada-23-de-abril-volvera-a-sacar-a-la-calle-a-las-librerias-de-pamplona\\\/#primaryimage\"},\"image\":{\"@id\":\"https:\\\/\\\/www.laguiadepamplona.com\\\/actualidad\\\/el-dia-del-libro-que-se-celebra-cada-23-de-abril-volvera-a-sacar-a-la-calle-a-las-librerias-de-pamplona\\\/#primaryimage\"},\"thumbnailUrl\":\"https:\\\/\\\/www.laguiadepamplona.com\\\/actualidad\\\/wp-content\\\/uploads\\\/2023\\\/03\\\/dia-del-libro.webp\",\"datePublished\":\"2023-03-23T12:13:59+00:00\",\"dateModified\":\"2023-04-11T09:46:58+00:00\",\"description\":\"Las librer\u00edas disponen de plazo hasta el 30 de marzo para solicitar estar presentes en la avenida Carlos III\",\"breadcrumb\":{\"@id\":\"https:\\\/\\\/www.laguiadepamplona.com\\\/actualidad\\\/el-dia-del-libro-que-se-celebra-cada-23-de-abril-volvera-a-sacar-a-la-calle-a-las-librerias-de-pamplona\\\/#breadcrumb\"},\"inLanguage\":\"es\",\"potentialAction\":[{\"@type\":\"ReadAction\",\"target\":[\"https:\\\/\\\/www.laguiadepamplona.com\\\/actualidad\\\/el-dia-del-libro-que-se-celebra-cada-23-de-abril-volvera-a-sacar-a-la-calle-a-las-librerias-de-pamplona\\\/\"]}]},{\"@type\":\"ImageObject\",\"inLanguage\":\"es\",\"@id\":\"https:\\\/\\\/www.laguiadepamplona.com\\\/actualidad\\\/el-dia-del-libro-que-se-celebra-cada-23-de-abril-volvera-a-sacar-a-la-calle-a-las-librerias-de-pamplona\\\/#primaryimage\",\"url\":\"https:\\\/\\\/www.laguiadepamplona.com\\\/actualidad\\\/wp-content\\\/uploads\\\/2023\\\/03\\\/dia-del-libro.webp\",\"contentUrl\":\"https:\\\/\\\/www.laguiadepamplona.com\\\/actualidad\\\/wp-content\\\/uploads\\\/2023\\\/03\\\/dia-del-libro.webp\",\"width\":1920,\"height\":1276},{\"@type\":\"BreadcrumbList\",\"@id\":\"https:\\\/\\\/www.laguiadepamplona.com\\\/actualidad\\\/el-dia-del-libro-que-se-celebra-cada-23-de-abril-volvera-a-sacar-a-la-calle-a-las-librerias-de-pamplona\\\/#breadcrumb\",\"itemListElement\":[{\"@type\":\"ListItem\",\"position\":1,\"name\":\"Portada\",\"item\":\"https:\\\/\\\/www.laguiadepamplona.com\\\/actualidad\\\/\"},{\"@type\":\"ListItem\",\"position\":2,\"name\":\"El D\u00eda del Libro, que se celebra cada 23 de abril, volver\u00e1 a sacar a la calle a las librer\u00edas de Pamplona\"}]},{\"@type\":\"WebSite\",\"@id\":\"https:\\\/\\\/www.laguiadepamplona.com\\\/actualidad\\\/#website\",\"url\":\"https:\\\/\\\/www.laguiadepamplona.com\\\/actualidad\\\/\",\"name\":\"La gu\u00eda de Pamplona\",\"description\":\"Noticias de Pamplona\",\"publisher\":{\"@id\":\"https:\\\/\\\/www.laguiadepamplona.com\\\/actualidad\\\/#organization\"},\"potentialAction\":[{\"@type\":\"SearchAction\",\"target\":{\"@type\":\"EntryPoint\",\"urlTemplate\":\"https:\\\/\\\/www.laguiadepamplona.com\\\/actualidad\\\/?s={search_term_string}\"},\"query-input\":{\"@type\":\"PropertyValueSpecification\",\"valueRequired\":true,\"valueName\":\"search_term_string\"}}],\"inLanguage\":\"es\"},{\"@type\":\"Organization\",\"@id\":\"https:\\\/\\\/www.laguiadepamplona.com\\\/actualidad\\\/#organization\",\"name\":\"La Gu\u00eda de Pamplona \\\/ Noticias\",\"url\":\"https:\\\/\\\/www.laguiadepamplona.com\\\/actualidad\\\/\",\"logo\":{\"@type\":\"ImageObject\",\"inLanguage\":\"es\",\"@id\":\"https:\\\/\\\/www.laguiadepamplona.com\\\/actualidad\\\/#\\\/schema\\\/logo\\\/image\\\/\",\"url\":\"https:\\\/\\\/www.laguiadepamplona.com\\\/actualidad\\\/wp-content\\\/uploads\\\/2018\\\/11\\\/logo-laguiadepamplona18-web1.png\",\"contentUrl\":\"https:\\\/\\\/www.laguiadepamplona.com\\\/actualidad\\\/wp-content\\\/uploads\\\/2018\\\/11\\\/logo-laguiadepamplona18-web1.png\",\"width\":600,\"height\":196,\"caption\":\"La Gu\u00eda de Pamplona \\\/ Noticias\"},\"image\":{\"@id\":\"https:\\\/\\\/www.laguiadepamplona.com\\\/actualidad\\\/#\\\/schema\\\/logo\\\/image\\\/\"},\"sameAs\":[\"https:\\\/\\\/www.facebook.com\\\/laguiadepamplonacom-133175176762273\\\/?ref=hl\",\"https:\\\/\\\/x.com\\\/LaGuiadPamplona\",\"https:\\\/\\\/www.instagram.com\\\/la_guia_de_pamplona\\\/\",\"https:\\\/\\\/www.youtube.com\\\/user\\\/laguiadepamplona\"]},{\"@type\":\"Person\",\"@id\":\"https:\\\/\\\/www.laguiadepamplona.com\\\/actualidad\\\/#\\\/schema\\\/person\\\/efe887376f0213d4657c93adc50b1fdb\",\"name\":\"La Gu\u00eda de Pamplona\",\"image\":{\"@type\":\"ImageObject\",\"inLanguage\":\"es\",\"@id\":\"https:\\\/\\\/secure.gravatar.com\\\/avatar\\\/b6992f131dc8d30ab0dff15446e9d346d9dbd95992de0fef795073f5ea83a81c?s=96&d=mm&r=g\",\"url\":\"https:\\\/\\\/secure.gravatar.com\\\/avatar\\\/b6992f131dc8d30ab0dff15446e9d346d9dbd95992de0fef795073f5ea83a81c?s=96&d=mm&r=g\",\"contentUrl\":\"https:\\\/\\\/secure.gravatar.com\\\/avatar\\\/b6992f131dc8d30ab0dff15446e9d346d9dbd95992de0fef795073f5ea83a81c?s=96&d=mm&r=g\",\"caption\":\"La Gu\u00eda de Pamplona\"}}]}<\/script>\n<!-- \/ Yoast SEO plugin. -->","yoast_head_json":{"title":"El D\u00eda del Libro, que se celebra cada 23 de abril, volver\u00e1 a sacar a la calle a las librer\u00edas de Pamplona","description":"Las librer\u00edas disponen de plazo hasta el 30 de marzo para solicitar estar presentes en la avenida Carlos III","robots":{"index":"index","follow":"follow","max-snippet":"max-snippet:-1","max-image-preview":"max-image-preview:large","max-video-preview":"max-video-preview:-1"},"canonical":"https:\/\/www.laguiadepamplona.com\/actualidad\/el-dia-del-libro-que-se-celebra-cada-23-de-abril-volvera-a-sacar-a-la-calle-a-las-librerias-de-pamplona\/","og_locale":"es_ES","og_type":"article","og_title":"El D\u00eda del Libro, que se celebra cada 23 de abril, volver\u00e1 a sacar a la calle a las librer\u00edas de Pamplona","og_description":"Las librer\u00edas disponen de plazo hasta el 30 de marzo para solicitar estar presentes en la avenida Carlos III","og_url":"https:\/\/www.laguiadepamplona.com\/actualidad\/el-dia-del-libro-que-se-celebra-cada-23-de-abril-volvera-a-sacar-a-la-calle-a-las-librerias-de-pamplona\/","og_site_name":"La Gu\u00eda de Pamplona","article_publisher":"https:\/\/www.facebook.com\/laguiadepamplonacom-133175176762273\/?ref=hl","article_published_time":"2023-03-23T12:13:59+00:00","article_modified_time":"2023-04-11T09:46:58+00:00","og_image":[{"width":1920,"height":1276,"url":"https:\/\/www.laguiadepamplona.com\/actualidad\/wp-content\/uploads\/2023\/03\/dia-del-libro.webp","type":"image\/webp"}],"author":"La Gu\u00eda de Pamplona","twitter_card":"summary_large_image","twitter_creator":"@LaGuiadPamplona","twitter_site":"@LaGuiadPamplona","twitter_misc":{"Escrito por":"La Gu\u00eda de Pamplona","Tiempo de lectura":"2 minutos"},"schema":{"@context":"https:\/\/schema.org","@graph":[{"@type":"Article","@id":"https:\/\/www.laguiadepamplona.com\/actualidad\/el-dia-del-libro-que-se-celebra-cada-23-de-abril-volvera-a-sacar-a-la-calle-a-las-librerias-de-pamplona\/#article","isPartOf":{"@id":"https:\/\/www.laguiadepamplona.com\/actualidad\/el-dia-del-libro-que-se-celebra-cada-23-de-abril-volvera-a-sacar-a-la-calle-a-las-librerias-de-pamplona\/"},"author":{"name":"La Gu\u00eda de Pamplona","@id":"https:\/\/www.laguiadepamplona.com\/actualidad\/#\/schema\/person\/efe887376f0213d4657c93adc50b1fdb"},"headline":"El D\u00eda del Libro, que se celebra cada 23 de abril, volver\u00e1 a sacar a la calle a las librer\u00edas de Pamplona","datePublished":"2023-03-23T12:13:59+00:00","dateModified":"2023-04-11T09:46:58+00:00","mainEntityOfPage":{"@id":"https:\/\/www.laguiadepamplona.com\/actualidad\/el-dia-del-libro-que-se-celebra-cada-23-de-abril-volvera-a-sacar-a-la-calle-a-las-librerias-de-pamplona\/"},"wordCount":455,"commentCount":0,"publisher":{"@id":"https:\/\/www.laguiadepamplona.com\/actualidad\/#organization"},"image":{"@id":"https:\/\/www.laguiadepamplona.com\/actualidad\/el-dia-del-libro-que-se-celebra-cada-23-de-abril-volvera-a-sacar-a-la-calle-a-las-librerias-de-pamplona\/#primaryimage"},"thumbnailUrl":"https:\/\/www.laguiadepamplona.com\/actualidad\/wp-content\/uploads\/2023\/03\/dia-del-libro.webp","articleSection":["Ayto Pamplona"],"inLanguage":"es","potentialAction":[{"@type":"CommentAction","name":"Comment","target":["https:\/\/www.laguiadepamplona.com\/actualidad\/el-dia-del-libro-que-se-celebra-cada-23-de-abril-volvera-a-sacar-a-la-calle-a-las-librerias-de-pamplona\/#respond"]}]},{"@type":"WebPage","@id":"https:\/\/www.laguiadepamplona.com\/actualidad\/el-dia-del-libro-que-se-celebra-cada-23-de-abril-volvera-a-sacar-a-la-calle-a-las-librerias-de-pamplona\/","url":"https:\/\/www.laguiadepamplona.com\/actualidad\/el-dia-del-libro-que-se-celebra-cada-23-de-abril-volvera-a-sacar-a-la-calle-a-las-librerias-de-pamplona\/","name":"El D\u00eda del Libro, que se celebra cada 23 de abril, volver\u00e1 a sacar a la calle a las librer\u00edas de Pamplona","isPartOf":{"@id":"https:\/\/www.laguiadepamplona.com\/actualidad\/#website"},"primaryImageOfPage":{"@id":"https:\/\/www.laguiadepamplona.com\/actualidad\/el-dia-del-libro-que-se-celebra-cada-23-de-abril-volvera-a-sacar-a-la-calle-a-las-librerias-de-pamplona\/#primaryimage"},"image":{"@id":"https:\/\/www.laguiadepamplona.com\/actualidad\/el-dia-del-libro-que-se-celebra-cada-23-de-abril-volvera-a-sacar-a-la-calle-a-las-librerias-de-pamplona\/#primaryimage"},"thumbnailUrl":"https:\/\/www.laguiadepamplona.com\/actualidad\/wp-content\/uploads\/2023\/03\/dia-del-libro.webp","datePublished":"2023-03-23T12:13:59+00:00","dateModified":"2023-04-11T09:46:58+00:00","description":"Las librer\u00edas disponen de plazo hasta el 30 de marzo para solicitar estar presentes en la avenida Carlos III","breadcrumb":{"@id":"https:\/\/www.laguiadepamplona.com\/actualidad\/el-dia-del-libro-que-se-celebra-cada-23-de-abril-volvera-a-sacar-a-la-calle-a-las-librerias-de-pamplona\/#breadcrumb"},"inLanguage":"es","potentialAction":[{"@type":"ReadAction","target":["https:\/\/www.laguiadepamplona.com\/actualidad\/el-dia-del-libro-que-se-celebra-cada-23-de-abril-volvera-a-sacar-a-la-calle-a-las-librerias-de-pamplona\/"]}]},{"@type":"ImageObject","inLanguage":"es","@id":"https:\/\/www.laguiadepamplona.com\/actualidad\/el-dia-del-libro-que-se-celebra-cada-23-de-abril-volvera-a-sacar-a-la-calle-a-las-librerias-de-pamplona\/#primaryimage","url":"https:\/\/www.laguiadepamplona.com\/actualidad\/wp-content\/uploads\/2023\/03\/dia-del-libro.webp","contentUrl":"https:\/\/www.laguiadepamplona.com\/actualidad\/wp-content\/uploads\/2023\/03\/dia-del-libro.webp","width":1920,"height":1276},{"@type":"BreadcrumbList","@id":"https:\/\/www.laguiadepamplona.com\/actualidad\/el-dia-del-libro-que-se-celebra-cada-23-de-abril-volvera-a-sacar-a-la-calle-a-las-librerias-de-pamplona\/#breadcrumb","itemListElement":[{"@type":"ListItem","position":1,"name":"Portada","item":"https:\/\/www.laguiadepamplona.com\/actualidad\/"},{"@type":"ListItem","position":2,"name":"El D\u00eda del Libro, que se celebra cada 23 de abril, volver\u00e1 a sacar a la calle a las librer\u00edas de Pamplona"}]},{"@type":"WebSite","@id":"https:\/\/www.laguiadepamplona.com\/actualidad\/#website","url":"https:\/\/www.laguiadepamplona.com\/actualidad\/","name":"La gu\u00eda de Pamplona","description":"Noticias de Pamplona","publisher":{"@id":"https:\/\/www.laguiadepamplona.com\/actualidad\/#organization"},"potentialAction":[{"@type":"SearchAction","target":{"@type":"EntryPoint","urlTemplate":"https:\/\/www.laguiadepamplona.com\/actualidad\/?s={search_term_string}"},"query-input":{"@type":"PropertyValueSpecification","valueRequired":true,"valueName":"search_term_string"}}],"inLanguage":"es"},{"@type":"Organization","@id":"https:\/\/www.laguiadepamplona.com\/actualidad\/#organization","name":"La Gu\u00eda de Pamplona \/ Noticias","url":"https:\/\/www.laguiadepamplona.com\/actualidad\/","logo":{"@type":"ImageObject","inLanguage":"es","@id":"https:\/\/www.laguiadepamplona.com\/actualidad\/#\/schema\/logo\/image\/","url":"https:\/\/www.laguiadepamplona.com\/actualidad\/wp-content\/uploads\/2018\/11\/logo-laguiadepamplona18-web1.png","contentUrl":"https:\/\/www.laguiadepamplona.com\/actualidad\/wp-content\/uploads\/2018\/11\/logo-laguiadepamplona18-web1.png","width":600,"height":196,"caption":"La Gu\u00eda de Pamplona \/ Noticias"},"image":{"@id":"https:\/\/www.laguiadepamplona.com\/actualidad\/#\/schema\/logo\/image\/"},"sameAs":["https:\/\/www.facebook.com\/laguiadepamplonacom-133175176762273\/?ref=hl","https:\/\/x.com\/LaGuiadPamplona","https:\/\/www.instagram.com\/la_guia_de_pamplona\/","https:\/\/www.youtube.com\/user\/laguiadepamplona"]},{"@type":"Person","@id":"https:\/\/www.laguiadepamplona.com\/actualidad\/#\/schema\/person\/efe887376f0213d4657c93adc50b1fdb","name":"La Gu\u00eda de Pamplona","image":{"@type":"ImageObject","inLanguage":"es","@id":"https:\/\/secure.gravatar.com\/avatar\/b6992f131dc8d30ab0dff15446e9d346d9dbd95992de0fef795073f5ea83a81c?s=96&d=mm&r=g","url":"https:\/\/secure.gravatar.com\/avatar\/b6992f131dc8d30ab0dff15446e9d346d9dbd95992de0fef795073f5ea83a81c?s=96&d=mm&r=g","contentUrl":"https:\/\/secure.gravatar.com\/avatar\/b6992f131dc8d30ab0dff15446e9d346d9dbd95992de0fef795073f5ea83a81c?s=96&d=mm&r=g","caption":"La Gu\u00eda de Pamplona"}}]}},"post_mailing_queue_ids":[],"_links":{"self":[{"href":"https:\/\/www.laguiadepamplona.com\/actualidad\/wp-json\/wp\/v2\/posts\/43268","targetHints":{"allow":["GET"]}}],"collection":[{"href":"https:\/\/www.laguiadepamplona.com\/actualidad\/wp-json\/wp\/v2\/posts"}],"about":[{"href":"https:\/\/www.laguiadepamplona.com\/actualidad\/wp-json\/wp\/v2\/types\/post"}],"author":[{"embeddable":true,"href":"https:\/\/www.laguiadepamplona.com\/actualidad\/wp-json\/wp\/v2\/users\/1"}],"replies":[{"embeddable":true,"href":"https:\/\/www.laguiadepamplona.com\/actualidad\/wp-json\/wp\/v2\/comments?post=43268"}],"version-history":[{"count":0,"href":"https:\/\/www.laguiadepamplona.com\/actualidad\/wp-json\/wp\/v2\/posts\/43268\/revisions"}],"wp:featuredmedia":[{"embeddable":true,"href":"https:\/\/www.laguiadepamplona.com\/actualidad\/wp-json\/wp\/v2\/media\/43269"}],"wp:attachment":[{"href":"https:\/\/www.laguiadepamplona.com\/actualidad\/wp-json\/wp\/v2\/media?parent=43268"}],"wp:term":[{"taxonomy":"category","embeddable":true,"href":"https:\/\/www.laguiadepamplona.com\/actualidad\/wp-json\/wp\/v2\/categories?post=43268"},{"taxonomy":"post_tag","embeddable":true,"href":"https:\/\/www.laguiadepamplona.com\/actualidad\/wp-json\/wp\/v2\/tags?post=43268"}],"curies":[{"name":"wp","href":"https:\/\/api.w.org\/{rel}","templated":true}]}}