{"id":43265,"date":"2023-03-23T14:11:27","date_gmt":"2023-03-23T12:11:27","guid":{"rendered":"https:\/\/www.laguiadepamplona.com\/actualidad\/?p=43265"},"modified":"2023-04-11T11:46:58","modified_gmt":"2023-04-11T09:46:58","slug":"la-casa-de-la-juventud-acoge-este-sabado-la-segunda-edicion-de-la-competicion-de-poesia-pamplona-poetry-slam","status":"publish","type":"post","link":"https:\/\/www.laguiadepamplona.com\/actualidad\/la-casa-de-la-juventud-acoge-este-sabado-la-segunda-edicion-de-la-competicion-de-poesia-pamplona-poetry-slam\/","title":{"rendered":"La Casa de la Juventud acoge este s\u00e1bado la segunda edici\u00f3n de la competici\u00f3n de poes\u00eda Pamplona Poetry Slam"},"content":{"rendered":"<h5>Diez j\u00f3venes poetas se enfrentar\u00e1n con sus creaciones originales en tandas de tres minutos, con Naroak Taldea como grupo invitado<\/h5>\n<p><!--more--><\/p>\n<p>La Casa de la Juventud es el escenario para la segunda edici\u00f3n de la competici\u00f3n de poes\u00eda Pamplona Poetry Slam, para j\u00f3venes de 12 a 30 a\u00f1os. Este s\u00e1bado, a partir de las 18.30 horas, los participantes se enfrentar\u00e1n en tandas de m\u00e1ximo tres minutos, con el p\u00fablico como jurado. Para inscribirse en la competici\u00f3n, se puede acudir a la Casa de la Juventud o llamar al tel\u00e9fono 948 233 512. Para participar como p\u00fablico, la entrada es libre con la invitaci\u00f3n que se recoge desde el viernes 24 en la Casa.<\/p>\n<p>El poetry slam es un formato en auge con mucha proyecci\u00f3n. Consiste en una competici\u00f3n de poes\u00eda esc\u00e9nica y teatral, que se desarrolla con acompa\u00f1amiento musical, completando as\u00ed un espect\u00e1culo muy entretenido para el p\u00fablico, que tiene un papel clave. Las personas participantes defienden sus creaciones de tema libre, que deben ser originales, durante un m\u00e1ximo de tres minutos. No pueden ir disfrazados ni utilizar m\u00fasica o atrezzo.<br \/>\n<script async src=\"\/\/pagead2.googlesyndication.com\/pagead\/js\/adsbygoogle.js\"><\/script><br \/>\n<!-- Noticias La Guia de Pamplona --><br \/>\n<ins class=\"adsbygoogle\"\nstyle=\"display:block\"\ndata-ad-client=\"ca-pub-6943679897239327\"\ndata-ad-slot=\"7048180777\"\ndata-ad-format=\"auto\"><\/ins><br \/>\n<script>\n(adsbygoogle = window.adsbygoogle || []).push({});\n<\/script><\/p>\n<p>Cinco miembros del p\u00fablico son quienes ejercen como jurado y las tres personas con mejor valoraci\u00f3n pasan a la segunda ronda, donde la persona con m\u00e1s votos resulta ganadora.La competici\u00f3n cuenta con el grupo invitado Naroak Taldea y dj para amenizar las pausas entre las intervenciones de los poetas. Los mejores candidatos elegidos por el p\u00fablico recibir\u00e1n una bolsa con cuatro poemarios de cuatro autores diferentes y el cartel firmado por las personas participantes.<\/p>\n<p>El II Pamplona Poetry Slam Joven est\u00e1 a cargo de la Asociaci\u00f3n Poetry Slam, que lleva varios a\u00f1os dando difusi\u00f3n a este formato de poes\u00eda y organiz\u00f3 un taller en la Casa de la Juventud el mes pasado. Fruto de este taller, algunos de los textos preparados se podr\u00e1n escuchar ma\u00f1ana en la competici\u00f3n.<br \/>\n<script async src=\"\/\/pagead2.googlesyndication.com\/pagead\/js\/adsbygoogle.js\"><\/script><br \/>\n<!-- Noticias La Guia de Pamplona --><br \/>\n<ins class=\"adsbygoogle\"\nstyle=\"display:block\"\ndata-ad-client=\"ca-pub-6943679897239327\"\ndata-ad-slot=\"7048180777\"\ndata-ad-format=\"auto\"><\/ins><br \/>\n<script>\n(adsbygoogle = window.adsbygoogle || []).push({});\n<\/script><\/p>\n<p>&nbsp;<\/p>\n<h3>Pamplona Poetry Slam. 25 de Marzo. 18.30 horas. Casa de la Juventud<\/h3>\n<ul>\n<li>Para j\u00f3venes de 12 a 30 a\u00f1os<\/li>\n<li>Inscripci\u00f3n gratuita en la Casa de la Juventud o el tel\u00e9fono 948 233 512<\/li>\n<li>Los poemas deben seguir las siguientes reglas:\n<ul>\n<li>Tem\u00e1tica libre<\/li>\n<li>Autor\u00eda propia<\/li>\n<li>Sin disfraces, atrezzo ni m\u00fasica<\/li>\n<li>Tres minutos<\/li>\n<\/ul>\n<\/li>\n<\/ul>\n","protected":false},"excerpt":{"rendered":"<p>Diez j\u00f3venes poetas se enfrentar\u00e1n con sus creaciones originales en tandas de tres minutos, con Naroak Taldea como grupo invitado<\/p>\n","protected":false},"author":1,"featured_media":43266,"comment_status":"open","ping_status":"closed","sticky":false,"template":"","format":"standard","meta":{"footnotes":""},"categories":[2],"tags":[],"class_list":["post-43265","post","type-post","status-publish","format-standard","has-post-thumbnail","hentry","category-ayuntamiento-pamplona"],"yoast_head":"<!-- This site is optimized with the Yoast SEO plugin v27.3 - https:\/\/yoast.com\/product\/yoast-seo-wordpress\/ -->\n<title>La Casa de la Juventud acoge este s\u00e1bado la segunda edici\u00f3n de la competici\u00f3n de poes\u00eda Pamplona Poetry Slam<\/title>\n<meta name=\"description\" content=\"Diez j\u00f3venes poetas se enfrentar\u00e1n con sus creaciones originales en tandas de tres minutos, con Naroak Taldea como grupo invitado\" \/>\n<meta name=\"robots\" content=\"index, follow, max-snippet:-1, max-image-preview:large, max-video-preview:-1\" \/>\n<link rel=\"canonical\" href=\"https:\/\/www.laguiadepamplona.com\/actualidad\/la-casa-de-la-juventud-acoge-este-sabado-la-segunda-edicion-de-la-competicion-de-poesia-pamplona-poetry-slam\/\" \/>\n<meta property=\"og:locale\" content=\"es_ES\" \/>\n<meta property=\"og:type\" content=\"article\" \/>\n<meta property=\"og:title\" content=\"La Casa de la Juventud acoge este s\u00e1bado la segunda edici\u00f3n de la competici\u00f3n de poes\u00eda Pamplona Poetry Slam\" \/>\n<meta property=\"og:description\" content=\"Diez j\u00f3venes poetas se enfrentar\u00e1n con sus creaciones originales en tandas de tres minutos, con Naroak Taldea como grupo invitado\" \/>\n<meta property=\"og:url\" content=\"https:\/\/www.laguiadepamplona.com\/actualidad\/la-casa-de-la-juventud-acoge-este-sabado-la-segunda-edicion-de-la-competicion-de-poesia-pamplona-poetry-slam\/\" \/>\n<meta property=\"og:site_name\" content=\"La Gu\u00eda de Pamplona\" \/>\n<meta property=\"article:publisher\" content=\"https:\/\/www.facebook.com\/laguiadepamplonacom-133175176762273\/?ref=hl\" \/>\n<meta property=\"article:published_time\" content=\"2023-03-23T12:11:27+00:00\" \/>\n<meta property=\"article:modified_time\" content=\"2023-04-11T09:46:58+00:00\" \/>\n<meta property=\"og:image\" content=\"https:\/\/www.laguiadepamplona.com\/actualidad\/wp-content\/uploads\/2023\/03\/poestry.webp\" \/>\n\t<meta property=\"og:image:width\" content=\"752\" \/>\n\t<meta property=\"og:image:height\" content=\"800\" \/>\n\t<meta property=\"og:image:type\" content=\"image\/webp\" \/>\n<meta name=\"author\" content=\"La Gu\u00eda de Pamplona\" \/>\n<meta name=\"twitter:card\" content=\"summary_large_image\" \/>\n<meta name=\"twitter:creator\" content=\"@LaGuiadPamplona\" \/>\n<meta name=\"twitter:site\" content=\"@LaGuiadPamplona\" \/>\n<meta name=\"twitter:label1\" content=\"Escrito por\" \/>\n\t<meta name=\"twitter:data1\" content=\"La Gu\u00eda de Pamplona\" \/>\n\t<meta name=\"twitter:label2\" content=\"Tiempo de lectura\" \/>\n\t<meta name=\"twitter:data2\" content=\"2 minutos\" \/>\n<script type=\"application\/ld+json\" class=\"yoast-schema-graph\">{\"@context\":\"https:\\\/\\\/schema.org\",\"@graph\":[{\"@type\":\"Article\",\"@id\":\"https:\\\/\\\/www.laguiadepamplona.com\\\/actualidad\\\/la-casa-de-la-juventud-acoge-este-sabado-la-segunda-edicion-de-la-competicion-de-poesia-pamplona-poetry-slam\\\/#article\",\"isPartOf\":{\"@id\":\"https:\\\/\\\/www.laguiadepamplona.com\\\/actualidad\\\/la-casa-de-la-juventud-acoge-este-sabado-la-segunda-edicion-de-la-competicion-de-poesia-pamplona-poetry-slam\\\/\"},\"author\":{\"name\":\"La Gu\u00eda de Pamplona\",\"@id\":\"https:\\\/\\\/www.laguiadepamplona.com\\\/actualidad\\\/#\\\/schema\\\/person\\\/efe887376f0213d4657c93adc50b1fdb\"},\"headline\":\"La Casa de la Juventud acoge este s\u00e1bado la segunda edici\u00f3n de la competici\u00f3n de poes\u00eda Pamplona Poetry Slam\",\"datePublished\":\"2023-03-23T12:11:27+00:00\",\"dateModified\":\"2023-04-11T09:46:58+00:00\",\"mainEntityOfPage\":{\"@id\":\"https:\\\/\\\/www.laguiadepamplona.com\\\/actualidad\\\/la-casa-de-la-juventud-acoge-este-sabado-la-segunda-edicion-de-la-competicion-de-poesia-pamplona-poetry-slam\\\/\"},\"wordCount\":414,\"commentCount\":0,\"publisher\":{\"@id\":\"https:\\\/\\\/www.laguiadepamplona.com\\\/actualidad\\\/#organization\"},\"image\":{\"@id\":\"https:\\\/\\\/www.laguiadepamplona.com\\\/actualidad\\\/la-casa-de-la-juventud-acoge-este-sabado-la-segunda-edicion-de-la-competicion-de-poesia-pamplona-poetry-slam\\\/#primaryimage\"},\"thumbnailUrl\":\"https:\\\/\\\/www.laguiadepamplona.com\\\/actualidad\\\/wp-content\\\/uploads\\\/2023\\\/03\\\/poestry.webp\",\"articleSection\":[\"Ayto Pamplona\"],\"inLanguage\":\"es\",\"potentialAction\":[{\"@type\":\"CommentAction\",\"name\":\"Comment\",\"target\":[\"https:\\\/\\\/www.laguiadepamplona.com\\\/actualidad\\\/la-casa-de-la-juventud-acoge-este-sabado-la-segunda-edicion-de-la-competicion-de-poesia-pamplona-poetry-slam\\\/#respond\"]}]},{\"@type\":\"WebPage\",\"@id\":\"https:\\\/\\\/www.laguiadepamplona.com\\\/actualidad\\\/la-casa-de-la-juventud-acoge-este-sabado-la-segunda-edicion-de-la-competicion-de-poesia-pamplona-poetry-slam\\\/\",\"url\":\"https:\\\/\\\/www.laguiadepamplona.com\\\/actualidad\\\/la-casa-de-la-juventud-acoge-este-sabado-la-segunda-edicion-de-la-competicion-de-poesia-pamplona-poetry-slam\\\/\",\"name\":\"La Casa de la Juventud acoge este s\u00e1bado la segunda edici\u00f3n de la competici\u00f3n de poes\u00eda Pamplona Poetry Slam\",\"isPartOf\":{\"@id\":\"https:\\\/\\\/www.laguiadepamplona.com\\\/actualidad\\\/#website\"},\"primaryImageOfPage\":{\"@id\":\"https:\\\/\\\/www.laguiadepamplona.com\\\/actualidad\\\/la-casa-de-la-juventud-acoge-este-sabado-la-segunda-edicion-de-la-competicion-de-poesia-pamplona-poetry-slam\\\/#primaryimage\"},\"image\":{\"@id\":\"https:\\\/\\\/www.laguiadepamplona.com\\\/actualidad\\\/la-casa-de-la-juventud-acoge-este-sabado-la-segunda-edicion-de-la-competicion-de-poesia-pamplona-poetry-slam\\\/#primaryimage\"},\"thumbnailUrl\":\"https:\\\/\\\/www.laguiadepamplona.com\\\/actualidad\\\/wp-content\\\/uploads\\\/2023\\\/03\\\/poestry.webp\",\"datePublished\":\"2023-03-23T12:11:27+00:00\",\"dateModified\":\"2023-04-11T09:46:58+00:00\",\"description\":\"Diez j\u00f3venes poetas se enfrentar\u00e1n con sus creaciones originales en tandas de tres minutos, con Naroak Taldea como grupo invitado\",\"breadcrumb\":{\"@id\":\"https:\\\/\\\/www.laguiadepamplona.com\\\/actualidad\\\/la-casa-de-la-juventud-acoge-este-sabado-la-segunda-edicion-de-la-competicion-de-poesia-pamplona-poetry-slam\\\/#breadcrumb\"},\"inLanguage\":\"es\",\"potentialAction\":[{\"@type\":\"ReadAction\",\"target\":[\"https:\\\/\\\/www.laguiadepamplona.com\\\/actualidad\\\/la-casa-de-la-juventud-acoge-este-sabado-la-segunda-edicion-de-la-competicion-de-poesia-pamplona-poetry-slam\\\/\"]}]},{\"@type\":\"ImageObject\",\"inLanguage\":\"es\",\"@id\":\"https:\\\/\\\/www.laguiadepamplona.com\\\/actualidad\\\/la-casa-de-la-juventud-acoge-este-sabado-la-segunda-edicion-de-la-competicion-de-poesia-pamplona-poetry-slam\\\/#primaryimage\",\"url\":\"https:\\\/\\\/www.laguiadepamplona.com\\\/actualidad\\\/wp-content\\\/uploads\\\/2023\\\/03\\\/poestry.webp\",\"contentUrl\":\"https:\\\/\\\/www.laguiadepamplona.com\\\/actualidad\\\/wp-content\\\/uploads\\\/2023\\\/03\\\/poestry.webp\",\"width\":752,\"height\":800},{\"@type\":\"BreadcrumbList\",\"@id\":\"https:\\\/\\\/www.laguiadepamplona.com\\\/actualidad\\\/la-casa-de-la-juventud-acoge-este-sabado-la-segunda-edicion-de-la-competicion-de-poesia-pamplona-poetry-slam\\\/#breadcrumb\",\"itemListElement\":[{\"@type\":\"ListItem\",\"position\":1,\"name\":\"Portada\",\"item\":\"https:\\\/\\\/www.laguiadepamplona.com\\\/actualidad\\\/\"},{\"@type\":\"ListItem\",\"position\":2,\"name\":\"La Casa de la Juventud acoge este s\u00e1bado la segunda edici\u00f3n de la competici\u00f3n de poes\u00eda Pamplona Poetry Slam\"}]},{\"@type\":\"WebSite\",\"@id\":\"https:\\\/\\\/www.laguiadepamplona.com\\\/actualidad\\\/#website\",\"url\":\"https:\\\/\\\/www.laguiadepamplona.com\\\/actualidad\\\/\",\"name\":\"La gu\u00eda de Pamplona\",\"description\":\"Noticias de Pamplona\",\"publisher\":{\"@id\":\"https:\\\/\\\/www.laguiadepamplona.com\\\/actualidad\\\/#organization\"},\"potentialAction\":[{\"@type\":\"SearchAction\",\"target\":{\"@type\":\"EntryPoint\",\"urlTemplate\":\"https:\\\/\\\/www.laguiadepamplona.com\\\/actualidad\\\/?s={search_term_string}\"},\"query-input\":{\"@type\":\"PropertyValueSpecification\",\"valueRequired\":true,\"valueName\":\"search_term_string\"}}],\"inLanguage\":\"es\"},{\"@type\":\"Organization\",\"@id\":\"https:\\\/\\\/www.laguiadepamplona.com\\\/actualidad\\\/#organization\",\"name\":\"La Gu\u00eda de Pamplona \\\/ Noticias\",\"url\":\"https:\\\/\\\/www.laguiadepamplona.com\\\/actualidad\\\/\",\"logo\":{\"@type\":\"ImageObject\",\"inLanguage\":\"es\",\"@id\":\"https:\\\/\\\/www.laguiadepamplona.com\\\/actualidad\\\/#\\\/schema\\\/logo\\\/image\\\/\",\"url\":\"https:\\\/\\\/www.laguiadepamplona.com\\\/actualidad\\\/wp-content\\\/uploads\\\/2018\\\/11\\\/logo-laguiadepamplona18-web1.png\",\"contentUrl\":\"https:\\\/\\\/www.laguiadepamplona.com\\\/actualidad\\\/wp-content\\\/uploads\\\/2018\\\/11\\\/logo-laguiadepamplona18-web1.png\",\"width\":600,\"height\":196,\"caption\":\"La Gu\u00eda de Pamplona \\\/ Noticias\"},\"image\":{\"@id\":\"https:\\\/\\\/www.laguiadepamplona.com\\\/actualidad\\\/#\\\/schema\\\/logo\\\/image\\\/\"},\"sameAs\":[\"https:\\\/\\\/www.facebook.com\\\/laguiadepamplonacom-133175176762273\\\/?ref=hl\",\"https:\\\/\\\/x.com\\\/LaGuiadPamplona\",\"https:\\\/\\\/www.instagram.com\\\/la_guia_de_pamplona\\\/\",\"https:\\\/\\\/www.youtube.com\\\/user\\\/laguiadepamplona\"]},{\"@type\":\"Person\",\"@id\":\"https:\\\/\\\/www.laguiadepamplona.com\\\/actualidad\\\/#\\\/schema\\\/person\\\/efe887376f0213d4657c93adc50b1fdb\",\"name\":\"La Gu\u00eda de Pamplona\",\"image\":{\"@type\":\"ImageObject\",\"inLanguage\":\"es\",\"@id\":\"https:\\\/\\\/secure.gravatar.com\\\/avatar\\\/b6992f131dc8d30ab0dff15446e9d346d9dbd95992de0fef795073f5ea83a81c?s=96&d=mm&r=g\",\"url\":\"https:\\\/\\\/secure.gravatar.com\\\/avatar\\\/b6992f131dc8d30ab0dff15446e9d346d9dbd95992de0fef795073f5ea83a81c?s=96&d=mm&r=g\",\"contentUrl\":\"https:\\\/\\\/secure.gravatar.com\\\/avatar\\\/b6992f131dc8d30ab0dff15446e9d346d9dbd95992de0fef795073f5ea83a81c?s=96&d=mm&r=g\",\"caption\":\"La Gu\u00eda de Pamplona\"}}]}<\/script>\n<!-- \/ Yoast SEO plugin. -->","yoast_head_json":{"title":"La Casa de la Juventud acoge este s\u00e1bado la segunda edici\u00f3n de la competici\u00f3n de poes\u00eda Pamplona Poetry Slam","description":"Diez j\u00f3venes poetas se enfrentar\u00e1n con sus creaciones originales en tandas de tres minutos, con Naroak Taldea como grupo invitado","robots":{"index":"index","follow":"follow","max-snippet":"max-snippet:-1","max-image-preview":"max-image-preview:large","max-video-preview":"max-video-preview:-1"},"canonical":"https:\/\/www.laguiadepamplona.com\/actualidad\/la-casa-de-la-juventud-acoge-este-sabado-la-segunda-edicion-de-la-competicion-de-poesia-pamplona-poetry-slam\/","og_locale":"es_ES","og_type":"article","og_title":"La Casa de la Juventud acoge este s\u00e1bado la segunda edici\u00f3n de la competici\u00f3n de poes\u00eda Pamplona Poetry Slam","og_description":"Diez j\u00f3venes poetas se enfrentar\u00e1n con sus creaciones originales en tandas de tres minutos, con Naroak Taldea como grupo invitado","og_url":"https:\/\/www.laguiadepamplona.com\/actualidad\/la-casa-de-la-juventud-acoge-este-sabado-la-segunda-edicion-de-la-competicion-de-poesia-pamplona-poetry-slam\/","og_site_name":"La Gu\u00eda de Pamplona","article_publisher":"https:\/\/www.facebook.com\/laguiadepamplonacom-133175176762273\/?ref=hl","article_published_time":"2023-03-23T12:11:27+00:00","article_modified_time":"2023-04-11T09:46:58+00:00","og_image":[{"width":752,"height":800,"url":"https:\/\/www.laguiadepamplona.com\/actualidad\/wp-content\/uploads\/2023\/03\/poestry.webp","type":"image\/webp"}],"author":"La Gu\u00eda de Pamplona","twitter_card":"summary_large_image","twitter_creator":"@LaGuiadPamplona","twitter_site":"@LaGuiadPamplona","twitter_misc":{"Escrito por":"La Gu\u00eda de Pamplona","Tiempo de lectura":"2 minutos"},"schema":{"@context":"https:\/\/schema.org","@graph":[{"@type":"Article","@id":"https:\/\/www.laguiadepamplona.com\/actualidad\/la-casa-de-la-juventud-acoge-este-sabado-la-segunda-edicion-de-la-competicion-de-poesia-pamplona-poetry-slam\/#article","isPartOf":{"@id":"https:\/\/www.laguiadepamplona.com\/actualidad\/la-casa-de-la-juventud-acoge-este-sabado-la-segunda-edicion-de-la-competicion-de-poesia-pamplona-poetry-slam\/"},"author":{"name":"La Gu\u00eda de Pamplona","@id":"https:\/\/www.laguiadepamplona.com\/actualidad\/#\/schema\/person\/efe887376f0213d4657c93adc50b1fdb"},"headline":"La Casa de la Juventud acoge este s\u00e1bado la segunda edici\u00f3n de la competici\u00f3n de poes\u00eda Pamplona Poetry Slam","datePublished":"2023-03-23T12:11:27+00:00","dateModified":"2023-04-11T09:46:58+00:00","mainEntityOfPage":{"@id":"https:\/\/www.laguiadepamplona.com\/actualidad\/la-casa-de-la-juventud-acoge-este-sabado-la-segunda-edicion-de-la-competicion-de-poesia-pamplona-poetry-slam\/"},"wordCount":414,"commentCount":0,"publisher":{"@id":"https:\/\/www.laguiadepamplona.com\/actualidad\/#organization"},"image":{"@id":"https:\/\/www.laguiadepamplona.com\/actualidad\/la-casa-de-la-juventud-acoge-este-sabado-la-segunda-edicion-de-la-competicion-de-poesia-pamplona-poetry-slam\/#primaryimage"},"thumbnailUrl":"https:\/\/www.laguiadepamplona.com\/actualidad\/wp-content\/uploads\/2023\/03\/poestry.webp","articleSection":["Ayto Pamplona"],"inLanguage":"es","potentialAction":[{"@type":"CommentAction","name":"Comment","target":["https:\/\/www.laguiadepamplona.com\/actualidad\/la-casa-de-la-juventud-acoge-este-sabado-la-segunda-edicion-de-la-competicion-de-poesia-pamplona-poetry-slam\/#respond"]}]},{"@type":"WebPage","@id":"https:\/\/www.laguiadepamplona.com\/actualidad\/la-casa-de-la-juventud-acoge-este-sabado-la-segunda-edicion-de-la-competicion-de-poesia-pamplona-poetry-slam\/","url":"https:\/\/www.laguiadepamplona.com\/actualidad\/la-casa-de-la-juventud-acoge-este-sabado-la-segunda-edicion-de-la-competicion-de-poesia-pamplona-poetry-slam\/","name":"La Casa de la Juventud acoge este s\u00e1bado la segunda edici\u00f3n de la competici\u00f3n de poes\u00eda Pamplona Poetry Slam","isPartOf":{"@id":"https:\/\/www.laguiadepamplona.com\/actualidad\/#website"},"primaryImageOfPage":{"@id":"https:\/\/www.laguiadepamplona.com\/actualidad\/la-casa-de-la-juventud-acoge-este-sabado-la-segunda-edicion-de-la-competicion-de-poesia-pamplona-poetry-slam\/#primaryimage"},"image":{"@id":"https:\/\/www.laguiadepamplona.com\/actualidad\/la-casa-de-la-juventud-acoge-este-sabado-la-segunda-edicion-de-la-competicion-de-poesia-pamplona-poetry-slam\/#primaryimage"},"thumbnailUrl":"https:\/\/www.laguiadepamplona.com\/actualidad\/wp-content\/uploads\/2023\/03\/poestry.webp","datePublished":"2023-03-23T12:11:27+00:00","dateModified":"2023-04-11T09:46:58+00:00","description":"Diez j\u00f3venes poetas se enfrentar\u00e1n con sus creaciones originales en tandas de tres minutos, con Naroak Taldea como grupo invitado","breadcrumb":{"@id":"https:\/\/www.laguiadepamplona.com\/actualidad\/la-casa-de-la-juventud-acoge-este-sabado-la-segunda-edicion-de-la-competicion-de-poesia-pamplona-poetry-slam\/#breadcrumb"},"inLanguage":"es","potentialAction":[{"@type":"ReadAction","target":["https:\/\/www.laguiadepamplona.com\/actualidad\/la-casa-de-la-juventud-acoge-este-sabado-la-segunda-edicion-de-la-competicion-de-poesia-pamplona-poetry-slam\/"]}]},{"@type":"ImageObject","inLanguage":"es","@id":"https:\/\/www.laguiadepamplona.com\/actualidad\/la-casa-de-la-juventud-acoge-este-sabado-la-segunda-edicion-de-la-competicion-de-poesia-pamplona-poetry-slam\/#primaryimage","url":"https:\/\/www.laguiadepamplona.com\/actualidad\/wp-content\/uploads\/2023\/03\/poestry.webp","contentUrl":"https:\/\/www.laguiadepamplona.com\/actualidad\/wp-content\/uploads\/2023\/03\/poestry.webp","width":752,"height":800},{"@type":"BreadcrumbList","@id":"https:\/\/www.laguiadepamplona.com\/actualidad\/la-casa-de-la-juventud-acoge-este-sabado-la-segunda-edicion-de-la-competicion-de-poesia-pamplona-poetry-slam\/#breadcrumb","itemListElement":[{"@type":"ListItem","position":1,"name":"Portada","item":"https:\/\/www.laguiadepamplona.com\/actualidad\/"},{"@type":"ListItem","position":2,"name":"La Casa de la Juventud acoge este s\u00e1bado la segunda edici\u00f3n de la competici\u00f3n de poes\u00eda Pamplona Poetry Slam"}]},{"@type":"WebSite","@id":"https:\/\/www.laguiadepamplona.com\/actualidad\/#website","url":"https:\/\/www.laguiadepamplona.com\/actualidad\/","name":"La gu\u00eda de Pamplona","description":"Noticias de Pamplona","publisher":{"@id":"https:\/\/www.laguiadepamplona.com\/actualidad\/#organization"},"potentialAction":[{"@type":"SearchAction","target":{"@type":"EntryPoint","urlTemplate":"https:\/\/www.laguiadepamplona.com\/actualidad\/?s={search_term_string}"},"query-input":{"@type":"PropertyValueSpecification","valueRequired":true,"valueName":"search_term_string"}}],"inLanguage":"es"},{"@type":"Organization","@id":"https:\/\/www.laguiadepamplona.com\/actualidad\/#organization","name":"La Gu\u00eda de Pamplona \/ Noticias","url":"https:\/\/www.laguiadepamplona.com\/actualidad\/","logo":{"@type":"ImageObject","inLanguage":"es","@id":"https:\/\/www.laguiadepamplona.com\/actualidad\/#\/schema\/logo\/image\/","url":"https:\/\/www.laguiadepamplona.com\/actualidad\/wp-content\/uploads\/2018\/11\/logo-laguiadepamplona18-web1.png","contentUrl":"https:\/\/www.laguiadepamplona.com\/actualidad\/wp-content\/uploads\/2018\/11\/logo-laguiadepamplona18-web1.png","width":600,"height":196,"caption":"La Gu\u00eda de Pamplona \/ Noticias"},"image":{"@id":"https:\/\/www.laguiadepamplona.com\/actualidad\/#\/schema\/logo\/image\/"},"sameAs":["https:\/\/www.facebook.com\/laguiadepamplonacom-133175176762273\/?ref=hl","https:\/\/x.com\/LaGuiadPamplona","https:\/\/www.instagram.com\/la_guia_de_pamplona\/","https:\/\/www.youtube.com\/user\/laguiadepamplona"]},{"@type":"Person","@id":"https:\/\/www.laguiadepamplona.com\/actualidad\/#\/schema\/person\/efe887376f0213d4657c93adc50b1fdb","name":"La Gu\u00eda de Pamplona","image":{"@type":"ImageObject","inLanguage":"es","@id":"https:\/\/secure.gravatar.com\/avatar\/b6992f131dc8d30ab0dff15446e9d346d9dbd95992de0fef795073f5ea83a81c?s=96&d=mm&r=g","url":"https:\/\/secure.gravatar.com\/avatar\/b6992f131dc8d30ab0dff15446e9d346d9dbd95992de0fef795073f5ea83a81c?s=96&d=mm&r=g","contentUrl":"https:\/\/secure.gravatar.com\/avatar\/b6992f131dc8d30ab0dff15446e9d346d9dbd95992de0fef795073f5ea83a81c?s=96&d=mm&r=g","caption":"La Gu\u00eda de Pamplona"}}]}},"post_mailing_queue_ids":[],"_links":{"self":[{"href":"https:\/\/www.laguiadepamplona.com\/actualidad\/wp-json\/wp\/v2\/posts\/43265","targetHints":{"allow":["GET"]}}],"collection":[{"href":"https:\/\/www.laguiadepamplona.com\/actualidad\/wp-json\/wp\/v2\/posts"}],"about":[{"href":"https:\/\/www.laguiadepamplona.com\/actualidad\/wp-json\/wp\/v2\/types\/post"}],"author":[{"embeddable":true,"href":"https:\/\/www.laguiadepamplona.com\/actualidad\/wp-json\/wp\/v2\/users\/1"}],"replies":[{"embeddable":true,"href":"https:\/\/www.laguiadepamplona.com\/actualidad\/wp-json\/wp\/v2\/comments?post=43265"}],"version-history":[{"count":0,"href":"https:\/\/www.laguiadepamplona.com\/actualidad\/wp-json\/wp\/v2\/posts\/43265\/revisions"}],"wp:featuredmedia":[{"embeddable":true,"href":"https:\/\/www.laguiadepamplona.com\/actualidad\/wp-json\/wp\/v2\/media\/43266"}],"wp:attachment":[{"href":"https:\/\/www.laguiadepamplona.com\/actualidad\/wp-json\/wp\/v2\/media?parent=43265"}],"wp:term":[{"taxonomy":"category","embeddable":true,"href":"https:\/\/www.laguiadepamplona.com\/actualidad\/wp-json\/wp\/v2\/categories?post=43265"},{"taxonomy":"post_tag","embeddable":true,"href":"https:\/\/www.laguiadepamplona.com\/actualidad\/wp-json\/wp\/v2\/tags?post=43265"}],"curies":[{"name":"wp","href":"https:\/\/api.w.org\/{rel}","templated":true}]}}