{"id":43262,"date":"2023-03-23T14:07:05","date_gmt":"2023-03-23T12:07:05","guid":{"rendered":"https:\/\/www.laguiadepamplona.com\/actualidad\/?p=43262"},"modified":"2023-04-11T11:46:58","modified_gmt":"2023-04-11T09:46:58","slug":"el-ayuntamiento-cede-el-edificio-de-la-calle-mayor-59-a-la-asociacion-de-la-juventud-empresarial-para-crear-nuevos-espacios-que-fomenten-el-emprendimiento-de-las-personas-jovenes","status":"publish","type":"post","link":"https:\/\/www.laguiadepamplona.com\/actualidad\/el-ayuntamiento-cede-el-edificio-de-la-calle-mayor-59-a-la-asociacion-de-la-juventud-empresarial-para-crear-nuevos-espacios-que-fomenten-el-emprendimiento-de-las-personas-jovenes\/","title":{"rendered":"El Ayuntamiento cede el edificio de la calle Mayor 59 a la Asociaci\u00f3n de la Juventud Empresarial para crear nuevos espacios que fomenten el emprendimiento de las personas j\u00f3venes"},"content":{"rendered":"<h5>Firmado el convenio por el que el proyecto LaBajera va a utilizar todo el inmueble municipal, donde tiene ahora su sede, para ampliar su actividad<\/h5>\n<p><!--more--><\/p>\n<p>El Ayuntamiento de Pamplona va a ceder el uso del edificio de la calle Mayor 59 a la Asociaci\u00f3n de la Juventud Empresarial (AJE), para fomentar el emprendimiento y la consolidaci\u00f3n de empresas creadas por j\u00f3venes. El proyecto de AJE LaBajera, que ocupa actualmente la planta baja del inmueble municipal, va a ampliar su actividad a todo el edificio, en un ambicioso proyecto que se desarrolla en las cuatro plantas disponibles.<\/p>\n<p>El alcalde de Pamplona, Enrique Maya, y la gerente de AJE, Adriana Eransus, han firmado el convenio de colaboraci\u00f3n y han visitado los distintos espacios. El edificio en su conjunto cuenta con 645,38 metros cuadrados \u00fatiles, repartidos en seis plantas, y fue rehabilitado en 2021 por Pamplona Centro Hist\u00f3rico. En la visita tambi\u00e9n han participado la concejala delegada de Servicios Generales, Mar\u00eda Ech\u00e1varri; el concejal de Educaci\u00f3n, Participaci\u00f3n Ciudadana y Juventud, Fernando Sesma, y el presidente de AJE, Alberto Alonso.<br \/>\n<script async src=\"\/\/pagead2.googlesyndication.com\/pagead\/js\/adsbygoogle.js\"><\/script><br \/>\n<!-- Noticias La Guia de Pamplona --><br \/>\n<ins class=\"adsbygoogle\"\nstyle=\"display:block\"\ndata-ad-client=\"ca-pub-6943679897239327\"\ndata-ad-slot=\"7048180777\"\ndata-ad-format=\"auto\"><\/ins><br \/>\n<script>\n(adsbygoogle = window.adsbygoogle || []).push({});\n<\/script><\/p>\n<p>En la planta baja, la Asociaci\u00f3n de la Juventud Empresarial ofrece el espacio LaBajera, creado el a\u00f1o pasado para orientar, apoyar y fomentar el crecimiento de empresas creadas por j\u00f3venes. Este trabajo de asesoramiento se diversifica ahora en funci\u00f3n del nuevo espacio y la planta queda destinada a trabajos administrativos y de gesti\u00f3n, as\u00ed como a zona de acogida a las personas participantes.<\/p>\n<p>En la primera planta se ubicar\u00e1 La Academia, con \u00e1reas de exposici\u00f3n, sistemas tecnol\u00f3gicos y pantallas gigantes para la exhibici\u00f3n de audiovisuales. Tambi\u00e9n albergar\u00e1 zonas especiales para talleres y sesiones interactivas de formaci\u00f3n. Est\u00e1 previsto que esta planta se divida en dos salas: una con formato auditorio y otra para formaciones.<\/p>\n<p>Las tres plantas restantes del edificio, la segunda, tercera y cuarta, se plantean como espacios de trabajo, que se pueden reservar a trav\u00e9s de una plataforma web. Pensadas al estilo de las termas romanas, destinadas al uso colectivo, son once salas equipadas con tecnolog\u00eda donde emprendedores pueden reunirse con clientes y proveedores, para desarrollar sus proyectos empresariales sin tener que aumentar sus gastos en unas instalaciones fijas.<\/p>\n<p>La propuesta de AJE, adem\u00e1s de asesoramiento, an\u00e1lisis estrat\u00e9gico, orientaci\u00f3n y seguimiento de los negocios, promueve un consumo responsable y sostenible, a trav\u00e9s de la reutilizaci\u00f3n y reciclaje de su mobiliario, adem\u00e1s de tecnolog\u00edas sostenibles. De hecho, entre sus ejes de actuaci\u00f3n se centra en fomentar la econom\u00eda verde, incentivar el emprendimiento femenino, buscar el equilibrio sectorial, regional y generacional, y minimizar la brecha digital.<br \/>\n<script async src=\"\/\/pagead2.googlesyndication.com\/pagead\/js\/adsbygoogle.js\"><\/script><br \/>\n<!-- Noticias La Guia de Pamplona --><br \/>\n<ins class=\"adsbygoogle\"\nstyle=\"display:block\"\ndata-ad-client=\"ca-pub-6943679897239327\"\ndata-ad-slot=\"7048180777\"\ndata-ad-format=\"auto\"><\/ins><br \/>\n<script>\n(adsbygoogle = window.adsbygoogle || []).push({});\n<\/script><\/p>\n<p><strong>La Asociaci\u00f3n<\/strong><\/p>\n<p>La Asociaci\u00f3n de la Juventud Empresaria Navarra cumple 22 a\u00f1os de vida en 2023. Las 150 empresas de todos los sectores que la conforman cuentan con ayuda del Ayuntamiento de Pamplona y Gobierno de Navarra para consolidar el tejido empresarial de la comunidad. Desde junio de 2022, m\u00e1s de 600 personas han recibido atenci\u00f3n en LaBajera y se han cedido espacios de manera puntual en m\u00e1s de 30 ocasiones.<\/p>\n<p>En las instalaciones de LaBajera se han desarrollado acciones de formaci\u00f3n, encuentros de networking, charlas, atenci\u00f3n directa a personas emprendedoras, y orientaci\u00f3n y apoyo a la actividad empresarial en general. Por ello, la ampliaci\u00f3n del espacio facilita el desarrollo de las actividades, al tiempo que se reactiva el Casco Viejo de la ciudad.<br \/>\n<script async src=\"\/\/pagead2.googlesyndication.com\/pagead\/js\/adsbygoogle.js\"><\/script><br \/>\n<!-- Noticias La Guia de Pamplona --><br \/>\n<ins class=\"adsbygoogle\"\nstyle=\"display:block\"\ndata-ad-client=\"ca-pub-6943679897239327\"\ndata-ad-slot=\"7048180777\"\ndata-ad-format=\"auto\"><\/ins><br \/>\n<script>\n(adsbygoogle = window.adsbygoogle || []).push({});\n<\/script><\/p>\n<p>&nbsp;<\/p>\n<h3>LaBajera. Calle Mayor 59<\/h3>\n<ul>\n<li>Cedido el uso del edificio a la Asociaci\u00f3n de la Juventud Empresarial (AJE)\n<ul>\n<li>Planta baja y cinco alturas<\/li>\n<li>645,38 metros cuadrados \u00fatiles<\/li>\n<\/ul>\n<\/li>\n<\/ul>\n","protected":false},"excerpt":{"rendered":"<p>Firmado el convenio por el que el proyecto LaBajera va a utilizar todo el inmueble municipal, donde tiene ahora su sede, para ampliar su actividad<\/p>\n","protected":false},"author":1,"featured_media":43263,"comment_status":"open","ping_status":"closed","sticky":false,"template":"","format":"standard","meta":{"footnotes":""},"categories":[2],"tags":[],"class_list":["post-43262","post","type-post","status-publish","format-standard","has-post-thumbnail","hentry","category-ayuntamiento-pamplona"],"yoast_head":"<!-- This site is optimized with the Yoast SEO plugin v27.3 - https:\/\/yoast.com\/product\/yoast-seo-wordpress\/ -->\n<title>El Ayuntamiento cede el edificio de la calle Mayor 59 a la Asociaci\u00f3n de la Juventud Empresarial para crear nuevos espacios que fomenten el emprendimiento de las personas j\u00f3venes<\/title>\n<meta name=\"description\" content=\"Firmado el convenio por el que el proyecto LaBajera va a utilizar todo el inmueble municipal, donde tiene ahora su sede, para ampliar su actividad\" \/>\n<meta name=\"robots\" content=\"index, follow, max-snippet:-1, max-image-preview:large, max-video-preview:-1\" \/>\n<link rel=\"canonical\" href=\"https:\/\/www.laguiadepamplona.com\/actualidad\/el-ayuntamiento-cede-el-edificio-de-la-calle-mayor-59-a-la-asociacion-de-la-juventud-empresarial-para-crear-nuevos-espacios-que-fomenten-el-emprendimiento-de-las-personas-jovenes\/\" \/>\n<meta property=\"og:locale\" content=\"es_ES\" \/>\n<meta property=\"og:type\" content=\"article\" \/>\n<meta property=\"og:title\" content=\"El Ayuntamiento cede el edificio de la calle Mayor 59 a la Asociaci\u00f3n de la Juventud Empresarial para crear nuevos espacios que fomenten el emprendimiento de las personas j\u00f3venes\" \/>\n<meta property=\"og:description\" content=\"Firmado el convenio por el que el proyecto LaBajera va a utilizar todo el inmueble municipal, donde tiene ahora su sede, para ampliar su actividad\" \/>\n<meta property=\"og:url\" content=\"https:\/\/www.laguiadepamplona.com\/actualidad\/el-ayuntamiento-cede-el-edificio-de-la-calle-mayor-59-a-la-asociacion-de-la-juventud-empresarial-para-crear-nuevos-espacios-que-fomenten-el-emprendimiento-de-las-personas-jovenes\/\" \/>\n<meta property=\"og:site_name\" content=\"La Gu\u00eda de Pamplona\" \/>\n<meta property=\"article:publisher\" content=\"https:\/\/www.facebook.com\/laguiadepamplonacom-133175176762273\/?ref=hl\" \/>\n<meta property=\"article:published_time\" content=\"2023-03-23T12:07:05+00:00\" \/>\n<meta property=\"article:modified_time\" content=\"2023-04-11T09:46:58+00:00\" \/>\n<meta property=\"og:image\" content=\"https:\/\/www.laguiadepamplona.com\/actualidad\/wp-content\/uploads\/2023\/03\/firmaconveniocesionedificioajeee5a4622.webp\" \/>\n\t<meta property=\"og:image:width\" content=\"1920\" \/>\n\t<meta property=\"og:image:height\" content=\"1280\" \/>\n\t<meta property=\"og:image:type\" content=\"image\/webp\" \/>\n<meta name=\"author\" content=\"La Gu\u00eda de Pamplona\" \/>\n<meta name=\"twitter:card\" content=\"summary_large_image\" \/>\n<meta name=\"twitter:creator\" content=\"@LaGuiadPamplona\" \/>\n<meta name=\"twitter:site\" content=\"@LaGuiadPamplona\" \/>\n<meta name=\"twitter:label1\" content=\"Escrito por\" \/>\n\t<meta name=\"twitter:data1\" content=\"La Gu\u00eda de Pamplona\" \/>\n\t<meta name=\"twitter:label2\" content=\"Tiempo de lectura\" \/>\n\t<meta name=\"twitter:data2\" content=\"3 minutos\" \/>\n<script type=\"application\/ld+json\" class=\"yoast-schema-graph\">{\"@context\":\"https:\\\/\\\/schema.org\",\"@graph\":[{\"@type\":\"Article\",\"@id\":\"https:\\\/\\\/www.laguiadepamplona.com\\\/actualidad\\\/el-ayuntamiento-cede-el-edificio-de-la-calle-mayor-59-a-la-asociacion-de-la-juventud-empresarial-para-crear-nuevos-espacios-que-fomenten-el-emprendimiento-de-las-personas-jovenes\\\/#article\",\"isPartOf\":{\"@id\":\"https:\\\/\\\/www.laguiadepamplona.com\\\/actualidad\\\/el-ayuntamiento-cede-el-edificio-de-la-calle-mayor-59-a-la-asociacion-de-la-juventud-empresarial-para-crear-nuevos-espacios-que-fomenten-el-emprendimiento-de-las-personas-jovenes\\\/\"},\"author\":{\"name\":\"La Gu\u00eda de Pamplona\",\"@id\":\"https:\\\/\\\/www.laguiadepamplona.com\\\/actualidad\\\/#\\\/schema\\\/person\\\/efe887376f0213d4657c93adc50b1fdb\"},\"headline\":\"El Ayuntamiento cede el edificio de la calle Mayor 59 a la Asociaci\u00f3n de la Juventud Empresarial para crear nuevos espacios que fomenten el emprendimiento de las personas j\u00f3venes\",\"datePublished\":\"2023-03-23T12:07:05+00:00\",\"dateModified\":\"2023-04-11T09:46:58+00:00\",\"mainEntityOfPage\":{\"@id\":\"https:\\\/\\\/www.laguiadepamplona.com\\\/actualidad\\\/el-ayuntamiento-cede-el-edificio-de-la-calle-mayor-59-a-la-asociacion-de-la-juventud-empresarial-para-crear-nuevos-espacios-que-fomenten-el-emprendimiento-de-las-personas-jovenes\\\/\"},\"wordCount\":635,\"commentCount\":0,\"publisher\":{\"@id\":\"https:\\\/\\\/www.laguiadepamplona.com\\\/actualidad\\\/#organization\"},\"image\":{\"@id\":\"https:\\\/\\\/www.laguiadepamplona.com\\\/actualidad\\\/el-ayuntamiento-cede-el-edificio-de-la-calle-mayor-59-a-la-asociacion-de-la-juventud-empresarial-para-crear-nuevos-espacios-que-fomenten-el-emprendimiento-de-las-personas-jovenes\\\/#primaryimage\"},\"thumbnailUrl\":\"https:\\\/\\\/www.laguiadepamplona.com\\\/actualidad\\\/wp-content\\\/uploads\\\/2023\\\/03\\\/firmaconveniocesionedificioajeee5a4622.webp\",\"articleSection\":[\"Ayto Pamplona\"],\"inLanguage\":\"es\",\"potentialAction\":[{\"@type\":\"CommentAction\",\"name\":\"Comment\",\"target\":[\"https:\\\/\\\/www.laguiadepamplona.com\\\/actualidad\\\/el-ayuntamiento-cede-el-edificio-de-la-calle-mayor-59-a-la-asociacion-de-la-juventud-empresarial-para-crear-nuevos-espacios-que-fomenten-el-emprendimiento-de-las-personas-jovenes\\\/#respond\"]}]},{\"@type\":\"WebPage\",\"@id\":\"https:\\\/\\\/www.laguiadepamplona.com\\\/actualidad\\\/el-ayuntamiento-cede-el-edificio-de-la-calle-mayor-59-a-la-asociacion-de-la-juventud-empresarial-para-crear-nuevos-espacios-que-fomenten-el-emprendimiento-de-las-personas-jovenes\\\/\",\"url\":\"https:\\\/\\\/www.laguiadepamplona.com\\\/actualidad\\\/el-ayuntamiento-cede-el-edificio-de-la-calle-mayor-59-a-la-asociacion-de-la-juventud-empresarial-para-crear-nuevos-espacios-que-fomenten-el-emprendimiento-de-las-personas-jovenes\\\/\",\"name\":\"El Ayuntamiento cede el edificio de la calle Mayor 59 a la Asociaci\u00f3n de la Juventud Empresarial para crear nuevos espacios que fomenten el emprendimiento de las personas j\u00f3venes\",\"isPartOf\":{\"@id\":\"https:\\\/\\\/www.laguiadepamplona.com\\\/actualidad\\\/#website\"},\"primaryImageOfPage\":{\"@id\":\"https:\\\/\\\/www.laguiadepamplona.com\\\/actualidad\\\/el-ayuntamiento-cede-el-edificio-de-la-calle-mayor-59-a-la-asociacion-de-la-juventud-empresarial-para-crear-nuevos-espacios-que-fomenten-el-emprendimiento-de-las-personas-jovenes\\\/#primaryimage\"},\"image\":{\"@id\":\"https:\\\/\\\/www.laguiadepamplona.com\\\/actualidad\\\/el-ayuntamiento-cede-el-edificio-de-la-calle-mayor-59-a-la-asociacion-de-la-juventud-empresarial-para-crear-nuevos-espacios-que-fomenten-el-emprendimiento-de-las-personas-jovenes\\\/#primaryimage\"},\"thumbnailUrl\":\"https:\\\/\\\/www.laguiadepamplona.com\\\/actualidad\\\/wp-content\\\/uploads\\\/2023\\\/03\\\/firmaconveniocesionedificioajeee5a4622.webp\",\"datePublished\":\"2023-03-23T12:07:05+00:00\",\"dateModified\":\"2023-04-11T09:46:58+00:00\",\"description\":\"Firmado el convenio por el que el proyecto LaBajera va a utilizar todo el inmueble municipal, donde tiene ahora su sede, para ampliar su actividad\",\"breadcrumb\":{\"@id\":\"https:\\\/\\\/www.laguiadepamplona.com\\\/actualidad\\\/el-ayuntamiento-cede-el-edificio-de-la-calle-mayor-59-a-la-asociacion-de-la-juventud-empresarial-para-crear-nuevos-espacios-que-fomenten-el-emprendimiento-de-las-personas-jovenes\\\/#breadcrumb\"},\"inLanguage\":\"es\",\"potentialAction\":[{\"@type\":\"ReadAction\",\"target\":[\"https:\\\/\\\/www.laguiadepamplona.com\\\/actualidad\\\/el-ayuntamiento-cede-el-edificio-de-la-calle-mayor-59-a-la-asociacion-de-la-juventud-empresarial-para-crear-nuevos-espacios-que-fomenten-el-emprendimiento-de-las-personas-jovenes\\\/\"]}]},{\"@type\":\"ImageObject\",\"inLanguage\":\"es\",\"@id\":\"https:\\\/\\\/www.laguiadepamplona.com\\\/actualidad\\\/el-ayuntamiento-cede-el-edificio-de-la-calle-mayor-59-a-la-asociacion-de-la-juventud-empresarial-para-crear-nuevos-espacios-que-fomenten-el-emprendimiento-de-las-personas-jovenes\\\/#primaryimage\",\"url\":\"https:\\\/\\\/www.laguiadepamplona.com\\\/actualidad\\\/wp-content\\\/uploads\\\/2023\\\/03\\\/firmaconveniocesionedificioajeee5a4622.webp\",\"contentUrl\":\"https:\\\/\\\/www.laguiadepamplona.com\\\/actualidad\\\/wp-content\\\/uploads\\\/2023\\\/03\\\/firmaconveniocesionedificioajeee5a4622.webp\",\"width\":1920,\"height\":1280},{\"@type\":\"BreadcrumbList\",\"@id\":\"https:\\\/\\\/www.laguiadepamplona.com\\\/actualidad\\\/el-ayuntamiento-cede-el-edificio-de-la-calle-mayor-59-a-la-asociacion-de-la-juventud-empresarial-para-crear-nuevos-espacios-que-fomenten-el-emprendimiento-de-las-personas-jovenes\\\/#breadcrumb\",\"itemListElement\":[{\"@type\":\"ListItem\",\"position\":1,\"name\":\"Portada\",\"item\":\"https:\\\/\\\/www.laguiadepamplona.com\\\/actualidad\\\/\"},{\"@type\":\"ListItem\",\"position\":2,\"name\":\"El Ayuntamiento cede el edificio de la calle Mayor 59 a la Asociaci\u00f3n de la Juventud Empresarial para crear nuevos espacios que fomenten el emprendimiento de las personas j\u00f3venes\"}]},{\"@type\":\"WebSite\",\"@id\":\"https:\\\/\\\/www.laguiadepamplona.com\\\/actualidad\\\/#website\",\"url\":\"https:\\\/\\\/www.laguiadepamplona.com\\\/actualidad\\\/\",\"name\":\"La gu\u00eda de Pamplona\",\"description\":\"Noticias de Pamplona\",\"publisher\":{\"@id\":\"https:\\\/\\\/www.laguiadepamplona.com\\\/actualidad\\\/#organization\"},\"potentialAction\":[{\"@type\":\"SearchAction\",\"target\":{\"@type\":\"EntryPoint\",\"urlTemplate\":\"https:\\\/\\\/www.laguiadepamplona.com\\\/actualidad\\\/?s={search_term_string}\"},\"query-input\":{\"@type\":\"PropertyValueSpecification\",\"valueRequired\":true,\"valueName\":\"search_term_string\"}}],\"inLanguage\":\"es\"},{\"@type\":\"Organization\",\"@id\":\"https:\\\/\\\/www.laguiadepamplona.com\\\/actualidad\\\/#organization\",\"name\":\"La Gu\u00eda de Pamplona \\\/ Noticias\",\"url\":\"https:\\\/\\\/www.laguiadepamplona.com\\\/actualidad\\\/\",\"logo\":{\"@type\":\"ImageObject\",\"inLanguage\":\"es\",\"@id\":\"https:\\\/\\\/www.laguiadepamplona.com\\\/actualidad\\\/#\\\/schema\\\/logo\\\/image\\\/\",\"url\":\"https:\\\/\\\/www.laguiadepamplona.com\\\/actualidad\\\/wp-content\\\/uploads\\\/2018\\\/11\\\/logo-laguiadepamplona18-web1.png\",\"contentUrl\":\"https:\\\/\\\/www.laguiadepamplona.com\\\/actualidad\\\/wp-content\\\/uploads\\\/2018\\\/11\\\/logo-laguiadepamplona18-web1.png\",\"width\":600,\"height\":196,\"caption\":\"La Gu\u00eda de Pamplona \\\/ Noticias\"},\"image\":{\"@id\":\"https:\\\/\\\/www.laguiadepamplona.com\\\/actualidad\\\/#\\\/schema\\\/logo\\\/image\\\/\"},\"sameAs\":[\"https:\\\/\\\/www.facebook.com\\\/laguiadepamplonacom-133175176762273\\\/?ref=hl\",\"https:\\\/\\\/x.com\\\/LaGuiadPamplona\",\"https:\\\/\\\/www.instagram.com\\\/la_guia_de_pamplona\\\/\",\"https:\\\/\\\/www.youtube.com\\\/user\\\/laguiadepamplona\"]},{\"@type\":\"Person\",\"@id\":\"https:\\\/\\\/www.laguiadepamplona.com\\\/actualidad\\\/#\\\/schema\\\/person\\\/efe887376f0213d4657c93adc50b1fdb\",\"name\":\"La Gu\u00eda de Pamplona\",\"image\":{\"@type\":\"ImageObject\",\"inLanguage\":\"es\",\"@id\":\"https:\\\/\\\/secure.gravatar.com\\\/avatar\\\/b6992f131dc8d30ab0dff15446e9d346d9dbd95992de0fef795073f5ea83a81c?s=96&d=mm&r=g\",\"url\":\"https:\\\/\\\/secure.gravatar.com\\\/avatar\\\/b6992f131dc8d30ab0dff15446e9d346d9dbd95992de0fef795073f5ea83a81c?s=96&d=mm&r=g\",\"contentUrl\":\"https:\\\/\\\/secure.gravatar.com\\\/avatar\\\/b6992f131dc8d30ab0dff15446e9d346d9dbd95992de0fef795073f5ea83a81c?s=96&d=mm&r=g\",\"caption\":\"La Gu\u00eda de Pamplona\"}}]}<\/script>\n<!-- \/ Yoast SEO plugin. -->","yoast_head_json":{"title":"El Ayuntamiento cede el edificio de la calle Mayor 59 a la Asociaci\u00f3n de la Juventud Empresarial para crear nuevos espacios que fomenten el emprendimiento de las personas j\u00f3venes","description":"Firmado el convenio por el que el proyecto LaBajera va a utilizar todo el inmueble municipal, donde tiene ahora su sede, para ampliar su actividad","robots":{"index":"index","follow":"follow","max-snippet":"max-snippet:-1","max-image-preview":"max-image-preview:large","max-video-preview":"max-video-preview:-1"},"canonical":"https:\/\/www.laguiadepamplona.com\/actualidad\/el-ayuntamiento-cede-el-edificio-de-la-calle-mayor-59-a-la-asociacion-de-la-juventud-empresarial-para-crear-nuevos-espacios-que-fomenten-el-emprendimiento-de-las-personas-jovenes\/","og_locale":"es_ES","og_type":"article","og_title":"El Ayuntamiento cede el edificio de la calle Mayor 59 a la Asociaci\u00f3n de la Juventud Empresarial para crear nuevos espacios que fomenten el emprendimiento de las personas j\u00f3venes","og_description":"Firmado el convenio por el que el proyecto LaBajera va a utilizar todo el inmueble municipal, donde tiene ahora su sede, para ampliar su actividad","og_url":"https:\/\/www.laguiadepamplona.com\/actualidad\/el-ayuntamiento-cede-el-edificio-de-la-calle-mayor-59-a-la-asociacion-de-la-juventud-empresarial-para-crear-nuevos-espacios-que-fomenten-el-emprendimiento-de-las-personas-jovenes\/","og_site_name":"La Gu\u00eda de Pamplona","article_publisher":"https:\/\/www.facebook.com\/laguiadepamplonacom-133175176762273\/?ref=hl","article_published_time":"2023-03-23T12:07:05+00:00","article_modified_time":"2023-04-11T09:46:58+00:00","og_image":[{"width":1920,"height":1280,"url":"https:\/\/www.laguiadepamplona.com\/actualidad\/wp-content\/uploads\/2023\/03\/firmaconveniocesionedificioajeee5a4622.webp","type":"image\/webp"}],"author":"La Gu\u00eda de Pamplona","twitter_card":"summary_large_image","twitter_creator":"@LaGuiadPamplona","twitter_site":"@LaGuiadPamplona","twitter_misc":{"Escrito por":"La Gu\u00eda de Pamplona","Tiempo de lectura":"3 minutos"},"schema":{"@context":"https:\/\/schema.org","@graph":[{"@type":"Article","@id":"https:\/\/www.laguiadepamplona.com\/actualidad\/el-ayuntamiento-cede-el-edificio-de-la-calle-mayor-59-a-la-asociacion-de-la-juventud-empresarial-para-crear-nuevos-espacios-que-fomenten-el-emprendimiento-de-las-personas-jovenes\/#article","isPartOf":{"@id":"https:\/\/www.laguiadepamplona.com\/actualidad\/el-ayuntamiento-cede-el-edificio-de-la-calle-mayor-59-a-la-asociacion-de-la-juventud-empresarial-para-crear-nuevos-espacios-que-fomenten-el-emprendimiento-de-las-personas-jovenes\/"},"author":{"name":"La Gu\u00eda de Pamplona","@id":"https:\/\/www.laguiadepamplona.com\/actualidad\/#\/schema\/person\/efe887376f0213d4657c93adc50b1fdb"},"headline":"El Ayuntamiento cede el edificio de la calle Mayor 59 a la Asociaci\u00f3n de la Juventud Empresarial para crear nuevos espacios que fomenten el emprendimiento de las personas j\u00f3venes","datePublished":"2023-03-23T12:07:05+00:00","dateModified":"2023-04-11T09:46:58+00:00","mainEntityOfPage":{"@id":"https:\/\/www.laguiadepamplona.com\/actualidad\/el-ayuntamiento-cede-el-edificio-de-la-calle-mayor-59-a-la-asociacion-de-la-juventud-empresarial-para-crear-nuevos-espacios-que-fomenten-el-emprendimiento-de-las-personas-jovenes\/"},"wordCount":635,"commentCount":0,"publisher":{"@id":"https:\/\/www.laguiadepamplona.com\/actualidad\/#organization"},"image":{"@id":"https:\/\/www.laguiadepamplona.com\/actualidad\/el-ayuntamiento-cede-el-edificio-de-la-calle-mayor-59-a-la-asociacion-de-la-juventud-empresarial-para-crear-nuevos-espacios-que-fomenten-el-emprendimiento-de-las-personas-jovenes\/#primaryimage"},"thumbnailUrl":"https:\/\/www.laguiadepamplona.com\/actualidad\/wp-content\/uploads\/2023\/03\/firmaconveniocesionedificioajeee5a4622.webp","articleSection":["Ayto Pamplona"],"inLanguage":"es","potentialAction":[{"@type":"CommentAction","name":"Comment","target":["https:\/\/www.laguiadepamplona.com\/actualidad\/el-ayuntamiento-cede-el-edificio-de-la-calle-mayor-59-a-la-asociacion-de-la-juventud-empresarial-para-crear-nuevos-espacios-que-fomenten-el-emprendimiento-de-las-personas-jovenes\/#respond"]}]},{"@type":"WebPage","@id":"https:\/\/www.laguiadepamplona.com\/actualidad\/el-ayuntamiento-cede-el-edificio-de-la-calle-mayor-59-a-la-asociacion-de-la-juventud-empresarial-para-crear-nuevos-espacios-que-fomenten-el-emprendimiento-de-las-personas-jovenes\/","url":"https:\/\/www.laguiadepamplona.com\/actualidad\/el-ayuntamiento-cede-el-edificio-de-la-calle-mayor-59-a-la-asociacion-de-la-juventud-empresarial-para-crear-nuevos-espacios-que-fomenten-el-emprendimiento-de-las-personas-jovenes\/","name":"El Ayuntamiento cede el edificio de la calle Mayor 59 a la Asociaci\u00f3n de la Juventud Empresarial para crear nuevos espacios que fomenten el emprendimiento de las personas j\u00f3venes","isPartOf":{"@id":"https:\/\/www.laguiadepamplona.com\/actualidad\/#website"},"primaryImageOfPage":{"@id":"https:\/\/www.laguiadepamplona.com\/actualidad\/el-ayuntamiento-cede-el-edificio-de-la-calle-mayor-59-a-la-asociacion-de-la-juventud-empresarial-para-crear-nuevos-espacios-que-fomenten-el-emprendimiento-de-las-personas-jovenes\/#primaryimage"},"image":{"@id":"https:\/\/www.laguiadepamplona.com\/actualidad\/el-ayuntamiento-cede-el-edificio-de-la-calle-mayor-59-a-la-asociacion-de-la-juventud-empresarial-para-crear-nuevos-espacios-que-fomenten-el-emprendimiento-de-las-personas-jovenes\/#primaryimage"},"thumbnailUrl":"https:\/\/www.laguiadepamplona.com\/actualidad\/wp-content\/uploads\/2023\/03\/firmaconveniocesionedificioajeee5a4622.webp","datePublished":"2023-03-23T12:07:05+00:00","dateModified":"2023-04-11T09:46:58+00:00","description":"Firmado el convenio por el que el proyecto LaBajera va a utilizar todo el inmueble municipal, donde tiene ahora su sede, para ampliar su actividad","breadcrumb":{"@id":"https:\/\/www.laguiadepamplona.com\/actualidad\/el-ayuntamiento-cede-el-edificio-de-la-calle-mayor-59-a-la-asociacion-de-la-juventud-empresarial-para-crear-nuevos-espacios-que-fomenten-el-emprendimiento-de-las-personas-jovenes\/#breadcrumb"},"inLanguage":"es","potentialAction":[{"@type":"ReadAction","target":["https:\/\/www.laguiadepamplona.com\/actualidad\/el-ayuntamiento-cede-el-edificio-de-la-calle-mayor-59-a-la-asociacion-de-la-juventud-empresarial-para-crear-nuevos-espacios-que-fomenten-el-emprendimiento-de-las-personas-jovenes\/"]}]},{"@type":"ImageObject","inLanguage":"es","@id":"https:\/\/www.laguiadepamplona.com\/actualidad\/el-ayuntamiento-cede-el-edificio-de-la-calle-mayor-59-a-la-asociacion-de-la-juventud-empresarial-para-crear-nuevos-espacios-que-fomenten-el-emprendimiento-de-las-personas-jovenes\/#primaryimage","url":"https:\/\/www.laguiadepamplona.com\/actualidad\/wp-content\/uploads\/2023\/03\/firmaconveniocesionedificioajeee5a4622.webp","contentUrl":"https:\/\/www.laguiadepamplona.com\/actualidad\/wp-content\/uploads\/2023\/03\/firmaconveniocesionedificioajeee5a4622.webp","width":1920,"height":1280},{"@type":"BreadcrumbList","@id":"https:\/\/www.laguiadepamplona.com\/actualidad\/el-ayuntamiento-cede-el-edificio-de-la-calle-mayor-59-a-la-asociacion-de-la-juventud-empresarial-para-crear-nuevos-espacios-que-fomenten-el-emprendimiento-de-las-personas-jovenes\/#breadcrumb","itemListElement":[{"@type":"ListItem","position":1,"name":"Portada","item":"https:\/\/www.laguiadepamplona.com\/actualidad\/"},{"@type":"ListItem","position":2,"name":"El Ayuntamiento cede el edificio de la calle Mayor 59 a la Asociaci\u00f3n de la Juventud Empresarial para crear nuevos espacios que fomenten el emprendimiento de las personas j\u00f3venes"}]},{"@type":"WebSite","@id":"https:\/\/www.laguiadepamplona.com\/actualidad\/#website","url":"https:\/\/www.laguiadepamplona.com\/actualidad\/","name":"La gu\u00eda de Pamplona","description":"Noticias de Pamplona","publisher":{"@id":"https:\/\/www.laguiadepamplona.com\/actualidad\/#organization"},"potentialAction":[{"@type":"SearchAction","target":{"@type":"EntryPoint","urlTemplate":"https:\/\/www.laguiadepamplona.com\/actualidad\/?s={search_term_string}"},"query-input":{"@type":"PropertyValueSpecification","valueRequired":true,"valueName":"search_term_string"}}],"inLanguage":"es"},{"@type":"Organization","@id":"https:\/\/www.laguiadepamplona.com\/actualidad\/#organization","name":"La Gu\u00eda de Pamplona \/ Noticias","url":"https:\/\/www.laguiadepamplona.com\/actualidad\/","logo":{"@type":"ImageObject","inLanguage":"es","@id":"https:\/\/www.laguiadepamplona.com\/actualidad\/#\/schema\/logo\/image\/","url":"https:\/\/www.laguiadepamplona.com\/actualidad\/wp-content\/uploads\/2018\/11\/logo-laguiadepamplona18-web1.png","contentUrl":"https:\/\/www.laguiadepamplona.com\/actualidad\/wp-content\/uploads\/2018\/11\/logo-laguiadepamplona18-web1.png","width":600,"height":196,"caption":"La Gu\u00eda de Pamplona \/ Noticias"},"image":{"@id":"https:\/\/www.laguiadepamplona.com\/actualidad\/#\/schema\/logo\/image\/"},"sameAs":["https:\/\/www.facebook.com\/laguiadepamplonacom-133175176762273\/?ref=hl","https:\/\/x.com\/LaGuiadPamplona","https:\/\/www.instagram.com\/la_guia_de_pamplona\/","https:\/\/www.youtube.com\/user\/laguiadepamplona"]},{"@type":"Person","@id":"https:\/\/www.laguiadepamplona.com\/actualidad\/#\/schema\/person\/efe887376f0213d4657c93adc50b1fdb","name":"La Gu\u00eda de Pamplona","image":{"@type":"ImageObject","inLanguage":"es","@id":"https:\/\/secure.gravatar.com\/avatar\/b6992f131dc8d30ab0dff15446e9d346d9dbd95992de0fef795073f5ea83a81c?s=96&d=mm&r=g","url":"https:\/\/secure.gravatar.com\/avatar\/b6992f131dc8d30ab0dff15446e9d346d9dbd95992de0fef795073f5ea83a81c?s=96&d=mm&r=g","contentUrl":"https:\/\/secure.gravatar.com\/avatar\/b6992f131dc8d30ab0dff15446e9d346d9dbd95992de0fef795073f5ea83a81c?s=96&d=mm&r=g","caption":"La Gu\u00eda de Pamplona"}}]}},"post_mailing_queue_ids":[],"_links":{"self":[{"href":"https:\/\/www.laguiadepamplona.com\/actualidad\/wp-json\/wp\/v2\/posts\/43262","targetHints":{"allow":["GET"]}}],"collection":[{"href":"https:\/\/www.laguiadepamplona.com\/actualidad\/wp-json\/wp\/v2\/posts"}],"about":[{"href":"https:\/\/www.laguiadepamplona.com\/actualidad\/wp-json\/wp\/v2\/types\/post"}],"author":[{"embeddable":true,"href":"https:\/\/www.laguiadepamplona.com\/actualidad\/wp-json\/wp\/v2\/users\/1"}],"replies":[{"embeddable":true,"href":"https:\/\/www.laguiadepamplona.com\/actualidad\/wp-json\/wp\/v2\/comments?post=43262"}],"version-history":[{"count":0,"href":"https:\/\/www.laguiadepamplona.com\/actualidad\/wp-json\/wp\/v2\/posts\/43262\/revisions"}],"wp:featuredmedia":[{"embeddable":true,"href":"https:\/\/www.laguiadepamplona.com\/actualidad\/wp-json\/wp\/v2\/media\/43263"}],"wp:attachment":[{"href":"https:\/\/www.laguiadepamplona.com\/actualidad\/wp-json\/wp\/v2\/media?parent=43262"}],"wp:term":[{"taxonomy":"category","embeddable":true,"href":"https:\/\/www.laguiadepamplona.com\/actualidad\/wp-json\/wp\/v2\/categories?post=43262"},{"taxonomy":"post_tag","embeddable":true,"href":"https:\/\/www.laguiadepamplona.com\/actualidad\/wp-json\/wp\/v2\/tags?post=43262"}],"curies":[{"name":"wp","href":"https:\/\/api.w.org\/{rel}","templated":true}]}}