{"id":43259,"date":"2023-03-22T14:28:27","date_gmt":"2023-03-22T12:28:27","guid":{"rendered":"https:\/\/www.laguiadepamplona.com\/actualidad\/?p=43259"},"modified":"2023-04-11T11:46:58","modified_gmt":"2023-04-11T09:46:58","slug":"esta-tarde-en-la-iglesia-de-san-lorenzo-tendra-lugar-el-tradicional-vestido-y-la-colocacion-en-el-paso-de-la-dolorosa-para-su-participacion-en-la-semana-santa","status":"publish","type":"post","link":"https:\/\/www.laguiadepamplona.com\/actualidad\/esta-tarde-en-la-iglesia-de-san-lorenzo-tendra-lugar-el-tradicional-vestido-y-la-colocacion-en-el-paso-de-la-dolorosa-para-su-participacion-en-la-semana-santa\/","title":{"rendered":"Esta tarde en la iglesia de San Lorenzo tendr\u00e1 lugar el tradicional vestido y la colocaci\u00f3n en el paso de La Dolorosa para su participaci\u00f3n en la Semana Santa"},"content":{"rendered":"<h5>La imagen de \u2018Nuestra Se\u00f1ora de la Soledad\u2019, sus andas procesionales y el resto de sus elementos son bienes patrimoniales del Consistorio<\/h5>\n<p><!--more--><\/p>\n<p>Esta tarde, a partir de las 15.30 horas, comenzar\u00e1 el acto de vestido tradicional de la imagen del paso de La Dolorosa en la Iglesia de San Lorenzo y se efectuar\u00e1 su instalaci\u00f3n en las andas procesionales. Unos preparativos de dos horas de duraci\u00f3n que marcan el inicio de los actos en los que participa el paso del Ayuntamiento de Pamplona. Camareras de la Hermandad de la Soledad y personal municipal colocar\u00e1n los ropajes procesionales e instalar\u00e1n la talla en las andas para su traslado a la catedral de Pamplona el viernes 31 de marzo, a las 20.30 horas. Es el paso previo para que, como cada a\u00f1o, el \u00fanico paso de propiedad municipal participe en los actos de la Semana Santa de la ciudad.<br \/>\n<script async src=\"\/\/pagead2.googlesyndication.com\/pagead\/js\/adsbygoogle.js\"><\/script><br \/>\n<!-- Noticias La Guia de Pamplona --><br \/>\n<ins class=\"adsbygoogle\"\nstyle=\"display:block\"\ndata-ad-client=\"ca-pub-6943679897239327\"\ndata-ad-slot=\"7048180777\"\ndata-ad-format=\"auto\"><\/ins><br \/>\n<script>\n(adsbygoogle = window.adsbygoogle || []).push({});\n<\/script><\/p>\n<p>\u2018Nuestra Se\u00f1ora de la Soledad\u2019 es una imagen de 166 cent\u00edmetros que tiene talladas cara, manos, tronco y extremidades, aunque esto \u00faltimo no puede verse al encontrarse bajo el manto que utiliza actualmente y fue confeccionado por las Madres Adoratrices de Pamplona en 1961. Todas las partes de la talla fueron realizadas por separado y son obra de Rosendo Nobas i Ballb\u00e9 (Barcelona, 1838-1891), escultor catal\u00e1n especializado en im\u00e1genes religiosas, retratos y escultura funeraria. Para salvaguardar telas y bordados y evitar el deterioro del manto, en 2002 se fabric\u00f3 un impermeable de goretex que se encargan de mantener las Madres Recoletas y se utiliza cuando es preciso en caso de lluvia.<\/p>\n<p>Tanto la imagen y sus ropajes, como sus andas procesionales y el resto de elementos del paso son bienes patrimoniales del Consistorio. En 2020, el Consistorio realiz\u00f3 una restauraci\u00f3n integral de la talla con la empresa especializada Artres Restauraci\u00f3n SL.<br \/>\n<script async src=\"\/\/pagead2.googlesyndication.com\/pagead\/js\/adsbygoogle.js\"><\/script><br \/>\n<!-- Noticias La Guia de Pamplona --><br \/>\n<ins class=\"adsbygoogle\"\nstyle=\"display:block\"\ndata-ad-client=\"ca-pub-6943679897239327\"\ndata-ad-slot=\"7048180777\"\ndata-ad-format=\"auto\"><\/ins><br \/>\n<script>\n(adsbygoogle = window.adsbygoogle || []).push({});\n<\/script><\/p>\n<p>La Dolorosa es el centro de un paso que es portado tradicionalmente por cofrades de la Hermandad de la Paz y la Caridad. El conjunto pesa alrededor de 1.200 kilos, de los que 200 corresponden a las torres de velas dise\u00f1adas por V\u00edctor Eusa en los a\u00f1os 50 del siglo XX. Estas torretas se sit\u00faan en los extremos del paso y sus anclajes fueron redise\u00f1ados en la restauraci\u00f3n de 2020, momento en el que tambi\u00e9n se redise\u00f1\u00f3 el sistema de iluminaci\u00f3n del conjunto.<\/p>\n<p>Una vez en la Catedral, la imagen quedar\u00e1 expuesta al p\u00fablico hasta su participaci\u00f3n el pr\u00f3ximo 7 de abril en la Procesi\u00f3n del Santo Entierro, organizada por la Hermandad de la Pasi\u00f3n del Se\u00f1or. Tras ese acto el paso volver\u00e1 esa misma noche (\u2018Procesi\u00f3n del Retorno\u2019) a la parroquia de San Lorenzo, donde se puede ver durante el a\u00f1o a \u2018Nuestra Se\u00f1ora de la Soledad\u2019.<\/p>\n","protected":false},"excerpt":{"rendered":"<p>La imagen de \u2018Nuestra Se\u00f1ora de la Soledad\u2019, sus andas procesionales y el resto de sus elementos son bienes patrimoniales del Consistorio<\/p>\n","protected":false},"author":1,"featured_media":43260,"comment_status":"open","ping_status":"closed","sticky":false,"template":"","format":"standard","meta":{"footnotes":""},"categories":[2],"tags":[],"class_list":["post-43259","post","type-post","status-publish","format-standard","has-post-thumbnail","hentry","category-ayuntamiento-pamplona"],"yoast_head":"<!-- This site is optimized with the Yoast SEO plugin v27.3 - https:\/\/yoast.com\/product\/yoast-seo-wordpress\/ -->\n<title>Esta tarde en la iglesia de San Lorenzo tendr\u00e1 lugar el tradicional vestido y la colocaci\u00f3n en el paso de La Dolorosa para su participaci\u00f3n en la Semana Santa<\/title>\n<meta name=\"description\" content=\"La imagen de \u2018Nuestra Se\u00f1ora de la Soledad\u2019, sus andas procesionales y el resto de sus elementos son bienes patrimoniales del Consistorio\" \/>\n<meta name=\"robots\" content=\"index, follow, max-snippet:-1, max-image-preview:large, max-video-preview:-1\" \/>\n<link rel=\"canonical\" href=\"https:\/\/www.laguiadepamplona.com\/actualidad\/esta-tarde-en-la-iglesia-de-san-lorenzo-tendra-lugar-el-tradicional-vestido-y-la-colocacion-en-el-paso-de-la-dolorosa-para-su-participacion-en-la-semana-santa\/\" \/>\n<meta property=\"og:locale\" content=\"es_ES\" \/>\n<meta property=\"og:type\" content=\"article\" \/>\n<meta property=\"og:title\" content=\"Esta tarde en la iglesia de San Lorenzo tendr\u00e1 lugar el tradicional vestido y la colocaci\u00f3n en el paso de La Dolorosa para su participaci\u00f3n en la Semana Santa\" \/>\n<meta property=\"og:description\" content=\"La imagen de \u2018Nuestra Se\u00f1ora de la Soledad\u2019, sus andas procesionales y el resto de sus elementos son bienes patrimoniales del Consistorio\" \/>\n<meta property=\"og:url\" content=\"https:\/\/www.laguiadepamplona.com\/actualidad\/esta-tarde-en-la-iglesia-de-san-lorenzo-tendra-lugar-el-tradicional-vestido-y-la-colocacion-en-el-paso-de-la-dolorosa-para-su-participacion-en-la-semana-santa\/\" \/>\n<meta property=\"og:site_name\" content=\"La Gu\u00eda de Pamplona\" \/>\n<meta property=\"article:publisher\" content=\"https:\/\/www.facebook.com\/laguiadepamplonacom-133175176762273\/?ref=hl\" \/>\n<meta property=\"article:published_time\" content=\"2023-03-22T12:28:27+00:00\" \/>\n<meta property=\"article:modified_time\" content=\"2023-04-11T09:46:58+00:00\" \/>\n<meta property=\"og:image\" content=\"https:\/\/www.laguiadepamplona.com\/actualidad\/wp-content\/uploads\/2023\/03\/dolorosa-img1031.webp\" \/>\n\t<meta property=\"og:image:width\" content=\"1920\" \/>\n\t<meta property=\"og:image:height\" content=\"1280\" \/>\n\t<meta property=\"og:image:type\" content=\"image\/webp\" \/>\n<meta name=\"author\" content=\"La Gu\u00eda de Pamplona\" \/>\n<meta name=\"twitter:card\" content=\"summary_large_image\" \/>\n<meta name=\"twitter:creator\" content=\"@LaGuiadPamplona\" \/>\n<meta name=\"twitter:site\" content=\"@LaGuiadPamplona\" \/>\n<meta name=\"twitter:label1\" content=\"Escrito por\" \/>\n\t<meta name=\"twitter:data1\" content=\"La Gu\u00eda de Pamplona\" \/>\n\t<meta name=\"twitter:label2\" content=\"Tiempo de lectura\" \/>\n\t<meta name=\"twitter:data2\" content=\"3 minutos\" \/>\n<script type=\"application\/ld+json\" class=\"yoast-schema-graph\">{\"@context\":\"https:\\\/\\\/schema.org\",\"@graph\":[{\"@type\":\"Article\",\"@id\":\"https:\\\/\\\/www.laguiadepamplona.com\\\/actualidad\\\/esta-tarde-en-la-iglesia-de-san-lorenzo-tendra-lugar-el-tradicional-vestido-y-la-colocacion-en-el-paso-de-la-dolorosa-para-su-participacion-en-la-semana-santa\\\/#article\",\"isPartOf\":{\"@id\":\"https:\\\/\\\/www.laguiadepamplona.com\\\/actualidad\\\/esta-tarde-en-la-iglesia-de-san-lorenzo-tendra-lugar-el-tradicional-vestido-y-la-colocacion-en-el-paso-de-la-dolorosa-para-su-participacion-en-la-semana-santa\\\/\"},\"author\":{\"name\":\"La Gu\u00eda de Pamplona\",\"@id\":\"https:\\\/\\\/www.laguiadepamplona.com\\\/actualidad\\\/#\\\/schema\\\/person\\\/efe887376f0213d4657c93adc50b1fdb\"},\"headline\":\"Esta tarde en la iglesia de San Lorenzo tendr\u00e1 lugar el tradicional vestido y la colocaci\u00f3n en el paso de La Dolorosa para su participaci\u00f3n en la Semana Santa\",\"datePublished\":\"2023-03-22T12:28:27+00:00\",\"dateModified\":\"2023-04-11T09:46:58+00:00\",\"mainEntityOfPage\":{\"@id\":\"https:\\\/\\\/www.laguiadepamplona.com\\\/actualidad\\\/esta-tarde-en-la-iglesia-de-san-lorenzo-tendra-lugar-el-tradicional-vestido-y-la-colocacion-en-el-paso-de-la-dolorosa-para-su-participacion-en-la-semana-santa\\\/\"},\"wordCount\":494,\"commentCount\":0,\"publisher\":{\"@id\":\"https:\\\/\\\/www.laguiadepamplona.com\\\/actualidad\\\/#organization\"},\"image\":{\"@id\":\"https:\\\/\\\/www.laguiadepamplona.com\\\/actualidad\\\/esta-tarde-en-la-iglesia-de-san-lorenzo-tendra-lugar-el-tradicional-vestido-y-la-colocacion-en-el-paso-de-la-dolorosa-para-su-participacion-en-la-semana-santa\\\/#primaryimage\"},\"thumbnailUrl\":\"https:\\\/\\\/www.laguiadepamplona.com\\\/actualidad\\\/wp-content\\\/uploads\\\/2023\\\/03\\\/dolorosa-img1031.webp\",\"articleSection\":[\"Ayto Pamplona\"],\"inLanguage\":\"es\",\"potentialAction\":[{\"@type\":\"CommentAction\",\"name\":\"Comment\",\"target\":[\"https:\\\/\\\/www.laguiadepamplona.com\\\/actualidad\\\/esta-tarde-en-la-iglesia-de-san-lorenzo-tendra-lugar-el-tradicional-vestido-y-la-colocacion-en-el-paso-de-la-dolorosa-para-su-participacion-en-la-semana-santa\\\/#respond\"]}]},{\"@type\":\"WebPage\",\"@id\":\"https:\\\/\\\/www.laguiadepamplona.com\\\/actualidad\\\/esta-tarde-en-la-iglesia-de-san-lorenzo-tendra-lugar-el-tradicional-vestido-y-la-colocacion-en-el-paso-de-la-dolorosa-para-su-participacion-en-la-semana-santa\\\/\",\"url\":\"https:\\\/\\\/www.laguiadepamplona.com\\\/actualidad\\\/esta-tarde-en-la-iglesia-de-san-lorenzo-tendra-lugar-el-tradicional-vestido-y-la-colocacion-en-el-paso-de-la-dolorosa-para-su-participacion-en-la-semana-santa\\\/\",\"name\":\"Esta tarde en la iglesia de San Lorenzo tendr\u00e1 lugar el tradicional vestido y la colocaci\u00f3n en el paso de La Dolorosa para su participaci\u00f3n en la Semana Santa\",\"isPartOf\":{\"@id\":\"https:\\\/\\\/www.laguiadepamplona.com\\\/actualidad\\\/#website\"},\"primaryImageOfPage\":{\"@id\":\"https:\\\/\\\/www.laguiadepamplona.com\\\/actualidad\\\/esta-tarde-en-la-iglesia-de-san-lorenzo-tendra-lugar-el-tradicional-vestido-y-la-colocacion-en-el-paso-de-la-dolorosa-para-su-participacion-en-la-semana-santa\\\/#primaryimage\"},\"image\":{\"@id\":\"https:\\\/\\\/www.laguiadepamplona.com\\\/actualidad\\\/esta-tarde-en-la-iglesia-de-san-lorenzo-tendra-lugar-el-tradicional-vestido-y-la-colocacion-en-el-paso-de-la-dolorosa-para-su-participacion-en-la-semana-santa\\\/#primaryimage\"},\"thumbnailUrl\":\"https:\\\/\\\/www.laguiadepamplona.com\\\/actualidad\\\/wp-content\\\/uploads\\\/2023\\\/03\\\/dolorosa-img1031.webp\",\"datePublished\":\"2023-03-22T12:28:27+00:00\",\"dateModified\":\"2023-04-11T09:46:58+00:00\",\"description\":\"La imagen de \u2018Nuestra Se\u00f1ora de la Soledad\u2019, sus andas procesionales y el resto de sus elementos son bienes patrimoniales del Consistorio\",\"breadcrumb\":{\"@id\":\"https:\\\/\\\/www.laguiadepamplona.com\\\/actualidad\\\/esta-tarde-en-la-iglesia-de-san-lorenzo-tendra-lugar-el-tradicional-vestido-y-la-colocacion-en-el-paso-de-la-dolorosa-para-su-participacion-en-la-semana-santa\\\/#breadcrumb\"},\"inLanguage\":\"es\",\"potentialAction\":[{\"@type\":\"ReadAction\",\"target\":[\"https:\\\/\\\/www.laguiadepamplona.com\\\/actualidad\\\/esta-tarde-en-la-iglesia-de-san-lorenzo-tendra-lugar-el-tradicional-vestido-y-la-colocacion-en-el-paso-de-la-dolorosa-para-su-participacion-en-la-semana-santa\\\/\"]}]},{\"@type\":\"ImageObject\",\"inLanguage\":\"es\",\"@id\":\"https:\\\/\\\/www.laguiadepamplona.com\\\/actualidad\\\/esta-tarde-en-la-iglesia-de-san-lorenzo-tendra-lugar-el-tradicional-vestido-y-la-colocacion-en-el-paso-de-la-dolorosa-para-su-participacion-en-la-semana-santa\\\/#primaryimage\",\"url\":\"https:\\\/\\\/www.laguiadepamplona.com\\\/actualidad\\\/wp-content\\\/uploads\\\/2023\\\/03\\\/dolorosa-img1031.webp\",\"contentUrl\":\"https:\\\/\\\/www.laguiadepamplona.com\\\/actualidad\\\/wp-content\\\/uploads\\\/2023\\\/03\\\/dolorosa-img1031.webp\",\"width\":1920,\"height\":1280},{\"@type\":\"BreadcrumbList\",\"@id\":\"https:\\\/\\\/www.laguiadepamplona.com\\\/actualidad\\\/esta-tarde-en-la-iglesia-de-san-lorenzo-tendra-lugar-el-tradicional-vestido-y-la-colocacion-en-el-paso-de-la-dolorosa-para-su-participacion-en-la-semana-santa\\\/#breadcrumb\",\"itemListElement\":[{\"@type\":\"ListItem\",\"position\":1,\"name\":\"Portada\",\"item\":\"https:\\\/\\\/www.laguiadepamplona.com\\\/actualidad\\\/\"},{\"@type\":\"ListItem\",\"position\":2,\"name\":\"Esta tarde en la iglesia de San Lorenzo tendr\u00e1 lugar el tradicional vestido y la colocaci\u00f3n en el paso de La Dolorosa para su participaci\u00f3n en la Semana Santa\"}]},{\"@type\":\"WebSite\",\"@id\":\"https:\\\/\\\/www.laguiadepamplona.com\\\/actualidad\\\/#website\",\"url\":\"https:\\\/\\\/www.laguiadepamplona.com\\\/actualidad\\\/\",\"name\":\"La gu\u00eda de Pamplona\",\"description\":\"Noticias de Pamplona\",\"publisher\":{\"@id\":\"https:\\\/\\\/www.laguiadepamplona.com\\\/actualidad\\\/#organization\"},\"potentialAction\":[{\"@type\":\"SearchAction\",\"target\":{\"@type\":\"EntryPoint\",\"urlTemplate\":\"https:\\\/\\\/www.laguiadepamplona.com\\\/actualidad\\\/?s={search_term_string}\"},\"query-input\":{\"@type\":\"PropertyValueSpecification\",\"valueRequired\":true,\"valueName\":\"search_term_string\"}}],\"inLanguage\":\"es\"},{\"@type\":\"Organization\",\"@id\":\"https:\\\/\\\/www.laguiadepamplona.com\\\/actualidad\\\/#organization\",\"name\":\"La Gu\u00eda de Pamplona \\\/ Noticias\",\"url\":\"https:\\\/\\\/www.laguiadepamplona.com\\\/actualidad\\\/\",\"logo\":{\"@type\":\"ImageObject\",\"inLanguage\":\"es\",\"@id\":\"https:\\\/\\\/www.laguiadepamplona.com\\\/actualidad\\\/#\\\/schema\\\/logo\\\/image\\\/\",\"url\":\"https:\\\/\\\/www.laguiadepamplona.com\\\/actualidad\\\/wp-content\\\/uploads\\\/2018\\\/11\\\/logo-laguiadepamplona18-web1.png\",\"contentUrl\":\"https:\\\/\\\/www.laguiadepamplona.com\\\/actualidad\\\/wp-content\\\/uploads\\\/2018\\\/11\\\/logo-laguiadepamplona18-web1.png\",\"width\":600,\"height\":196,\"caption\":\"La Gu\u00eda de Pamplona \\\/ Noticias\"},\"image\":{\"@id\":\"https:\\\/\\\/www.laguiadepamplona.com\\\/actualidad\\\/#\\\/schema\\\/logo\\\/image\\\/\"},\"sameAs\":[\"https:\\\/\\\/www.facebook.com\\\/laguiadepamplonacom-133175176762273\\\/?ref=hl\",\"https:\\\/\\\/x.com\\\/LaGuiadPamplona\",\"https:\\\/\\\/www.instagram.com\\\/la_guia_de_pamplona\\\/\",\"https:\\\/\\\/www.youtube.com\\\/user\\\/laguiadepamplona\"]},{\"@type\":\"Person\",\"@id\":\"https:\\\/\\\/www.laguiadepamplona.com\\\/actualidad\\\/#\\\/schema\\\/person\\\/efe887376f0213d4657c93adc50b1fdb\",\"name\":\"La Gu\u00eda de Pamplona\",\"image\":{\"@type\":\"ImageObject\",\"inLanguage\":\"es\",\"@id\":\"https:\\\/\\\/secure.gravatar.com\\\/avatar\\\/b6992f131dc8d30ab0dff15446e9d346d9dbd95992de0fef795073f5ea83a81c?s=96&d=mm&r=g\",\"url\":\"https:\\\/\\\/secure.gravatar.com\\\/avatar\\\/b6992f131dc8d30ab0dff15446e9d346d9dbd95992de0fef795073f5ea83a81c?s=96&d=mm&r=g\",\"contentUrl\":\"https:\\\/\\\/secure.gravatar.com\\\/avatar\\\/b6992f131dc8d30ab0dff15446e9d346d9dbd95992de0fef795073f5ea83a81c?s=96&d=mm&r=g\",\"caption\":\"La Gu\u00eda de Pamplona\"}}]}<\/script>\n<!-- \/ Yoast SEO plugin. -->","yoast_head_json":{"title":"Esta tarde en la iglesia de San Lorenzo tendr\u00e1 lugar el tradicional vestido y la colocaci\u00f3n en el paso de La Dolorosa para su participaci\u00f3n en la Semana Santa","description":"La imagen de \u2018Nuestra Se\u00f1ora de la Soledad\u2019, sus andas procesionales y el resto de sus elementos son bienes patrimoniales del Consistorio","robots":{"index":"index","follow":"follow","max-snippet":"max-snippet:-1","max-image-preview":"max-image-preview:large","max-video-preview":"max-video-preview:-1"},"canonical":"https:\/\/www.laguiadepamplona.com\/actualidad\/esta-tarde-en-la-iglesia-de-san-lorenzo-tendra-lugar-el-tradicional-vestido-y-la-colocacion-en-el-paso-de-la-dolorosa-para-su-participacion-en-la-semana-santa\/","og_locale":"es_ES","og_type":"article","og_title":"Esta tarde en la iglesia de San Lorenzo tendr\u00e1 lugar el tradicional vestido y la colocaci\u00f3n en el paso de La Dolorosa para su participaci\u00f3n en la Semana Santa","og_description":"La imagen de \u2018Nuestra Se\u00f1ora de la Soledad\u2019, sus andas procesionales y el resto de sus elementos son bienes patrimoniales del Consistorio","og_url":"https:\/\/www.laguiadepamplona.com\/actualidad\/esta-tarde-en-la-iglesia-de-san-lorenzo-tendra-lugar-el-tradicional-vestido-y-la-colocacion-en-el-paso-de-la-dolorosa-para-su-participacion-en-la-semana-santa\/","og_site_name":"La Gu\u00eda de Pamplona","article_publisher":"https:\/\/www.facebook.com\/laguiadepamplonacom-133175176762273\/?ref=hl","article_published_time":"2023-03-22T12:28:27+00:00","article_modified_time":"2023-04-11T09:46:58+00:00","og_image":[{"width":1920,"height":1280,"url":"https:\/\/www.laguiadepamplona.com\/actualidad\/wp-content\/uploads\/2023\/03\/dolorosa-img1031.webp","type":"image\/webp"}],"author":"La Gu\u00eda de Pamplona","twitter_card":"summary_large_image","twitter_creator":"@LaGuiadPamplona","twitter_site":"@LaGuiadPamplona","twitter_misc":{"Escrito por":"La Gu\u00eda de Pamplona","Tiempo de lectura":"3 minutos"},"schema":{"@context":"https:\/\/schema.org","@graph":[{"@type":"Article","@id":"https:\/\/www.laguiadepamplona.com\/actualidad\/esta-tarde-en-la-iglesia-de-san-lorenzo-tendra-lugar-el-tradicional-vestido-y-la-colocacion-en-el-paso-de-la-dolorosa-para-su-participacion-en-la-semana-santa\/#article","isPartOf":{"@id":"https:\/\/www.laguiadepamplona.com\/actualidad\/esta-tarde-en-la-iglesia-de-san-lorenzo-tendra-lugar-el-tradicional-vestido-y-la-colocacion-en-el-paso-de-la-dolorosa-para-su-participacion-en-la-semana-santa\/"},"author":{"name":"La Gu\u00eda de Pamplona","@id":"https:\/\/www.laguiadepamplona.com\/actualidad\/#\/schema\/person\/efe887376f0213d4657c93adc50b1fdb"},"headline":"Esta tarde en la iglesia de San Lorenzo tendr\u00e1 lugar el tradicional vestido y la colocaci\u00f3n en el paso de La Dolorosa para su participaci\u00f3n en la Semana Santa","datePublished":"2023-03-22T12:28:27+00:00","dateModified":"2023-04-11T09:46:58+00:00","mainEntityOfPage":{"@id":"https:\/\/www.laguiadepamplona.com\/actualidad\/esta-tarde-en-la-iglesia-de-san-lorenzo-tendra-lugar-el-tradicional-vestido-y-la-colocacion-en-el-paso-de-la-dolorosa-para-su-participacion-en-la-semana-santa\/"},"wordCount":494,"commentCount":0,"publisher":{"@id":"https:\/\/www.laguiadepamplona.com\/actualidad\/#organization"},"image":{"@id":"https:\/\/www.laguiadepamplona.com\/actualidad\/esta-tarde-en-la-iglesia-de-san-lorenzo-tendra-lugar-el-tradicional-vestido-y-la-colocacion-en-el-paso-de-la-dolorosa-para-su-participacion-en-la-semana-santa\/#primaryimage"},"thumbnailUrl":"https:\/\/www.laguiadepamplona.com\/actualidad\/wp-content\/uploads\/2023\/03\/dolorosa-img1031.webp","articleSection":["Ayto Pamplona"],"inLanguage":"es","potentialAction":[{"@type":"CommentAction","name":"Comment","target":["https:\/\/www.laguiadepamplona.com\/actualidad\/esta-tarde-en-la-iglesia-de-san-lorenzo-tendra-lugar-el-tradicional-vestido-y-la-colocacion-en-el-paso-de-la-dolorosa-para-su-participacion-en-la-semana-santa\/#respond"]}]},{"@type":"WebPage","@id":"https:\/\/www.laguiadepamplona.com\/actualidad\/esta-tarde-en-la-iglesia-de-san-lorenzo-tendra-lugar-el-tradicional-vestido-y-la-colocacion-en-el-paso-de-la-dolorosa-para-su-participacion-en-la-semana-santa\/","url":"https:\/\/www.laguiadepamplona.com\/actualidad\/esta-tarde-en-la-iglesia-de-san-lorenzo-tendra-lugar-el-tradicional-vestido-y-la-colocacion-en-el-paso-de-la-dolorosa-para-su-participacion-en-la-semana-santa\/","name":"Esta tarde en la iglesia de San Lorenzo tendr\u00e1 lugar el tradicional vestido y la colocaci\u00f3n en el paso de La Dolorosa para su participaci\u00f3n en la Semana Santa","isPartOf":{"@id":"https:\/\/www.laguiadepamplona.com\/actualidad\/#website"},"primaryImageOfPage":{"@id":"https:\/\/www.laguiadepamplona.com\/actualidad\/esta-tarde-en-la-iglesia-de-san-lorenzo-tendra-lugar-el-tradicional-vestido-y-la-colocacion-en-el-paso-de-la-dolorosa-para-su-participacion-en-la-semana-santa\/#primaryimage"},"image":{"@id":"https:\/\/www.laguiadepamplona.com\/actualidad\/esta-tarde-en-la-iglesia-de-san-lorenzo-tendra-lugar-el-tradicional-vestido-y-la-colocacion-en-el-paso-de-la-dolorosa-para-su-participacion-en-la-semana-santa\/#primaryimage"},"thumbnailUrl":"https:\/\/www.laguiadepamplona.com\/actualidad\/wp-content\/uploads\/2023\/03\/dolorosa-img1031.webp","datePublished":"2023-03-22T12:28:27+00:00","dateModified":"2023-04-11T09:46:58+00:00","description":"La imagen de \u2018Nuestra Se\u00f1ora de la Soledad\u2019, sus andas procesionales y el resto de sus elementos son bienes patrimoniales del Consistorio","breadcrumb":{"@id":"https:\/\/www.laguiadepamplona.com\/actualidad\/esta-tarde-en-la-iglesia-de-san-lorenzo-tendra-lugar-el-tradicional-vestido-y-la-colocacion-en-el-paso-de-la-dolorosa-para-su-participacion-en-la-semana-santa\/#breadcrumb"},"inLanguage":"es","potentialAction":[{"@type":"ReadAction","target":["https:\/\/www.laguiadepamplona.com\/actualidad\/esta-tarde-en-la-iglesia-de-san-lorenzo-tendra-lugar-el-tradicional-vestido-y-la-colocacion-en-el-paso-de-la-dolorosa-para-su-participacion-en-la-semana-santa\/"]}]},{"@type":"ImageObject","inLanguage":"es","@id":"https:\/\/www.laguiadepamplona.com\/actualidad\/esta-tarde-en-la-iglesia-de-san-lorenzo-tendra-lugar-el-tradicional-vestido-y-la-colocacion-en-el-paso-de-la-dolorosa-para-su-participacion-en-la-semana-santa\/#primaryimage","url":"https:\/\/www.laguiadepamplona.com\/actualidad\/wp-content\/uploads\/2023\/03\/dolorosa-img1031.webp","contentUrl":"https:\/\/www.laguiadepamplona.com\/actualidad\/wp-content\/uploads\/2023\/03\/dolorosa-img1031.webp","width":1920,"height":1280},{"@type":"BreadcrumbList","@id":"https:\/\/www.laguiadepamplona.com\/actualidad\/esta-tarde-en-la-iglesia-de-san-lorenzo-tendra-lugar-el-tradicional-vestido-y-la-colocacion-en-el-paso-de-la-dolorosa-para-su-participacion-en-la-semana-santa\/#breadcrumb","itemListElement":[{"@type":"ListItem","position":1,"name":"Portada","item":"https:\/\/www.laguiadepamplona.com\/actualidad\/"},{"@type":"ListItem","position":2,"name":"Esta tarde en la iglesia de San Lorenzo tendr\u00e1 lugar el tradicional vestido y la colocaci\u00f3n en el paso de La Dolorosa para su participaci\u00f3n en la Semana Santa"}]},{"@type":"WebSite","@id":"https:\/\/www.laguiadepamplona.com\/actualidad\/#website","url":"https:\/\/www.laguiadepamplona.com\/actualidad\/","name":"La gu\u00eda de Pamplona","description":"Noticias de Pamplona","publisher":{"@id":"https:\/\/www.laguiadepamplona.com\/actualidad\/#organization"},"potentialAction":[{"@type":"SearchAction","target":{"@type":"EntryPoint","urlTemplate":"https:\/\/www.laguiadepamplona.com\/actualidad\/?s={search_term_string}"},"query-input":{"@type":"PropertyValueSpecification","valueRequired":true,"valueName":"search_term_string"}}],"inLanguage":"es"},{"@type":"Organization","@id":"https:\/\/www.laguiadepamplona.com\/actualidad\/#organization","name":"La Gu\u00eda de Pamplona \/ Noticias","url":"https:\/\/www.laguiadepamplona.com\/actualidad\/","logo":{"@type":"ImageObject","inLanguage":"es","@id":"https:\/\/www.laguiadepamplona.com\/actualidad\/#\/schema\/logo\/image\/","url":"https:\/\/www.laguiadepamplona.com\/actualidad\/wp-content\/uploads\/2018\/11\/logo-laguiadepamplona18-web1.png","contentUrl":"https:\/\/www.laguiadepamplona.com\/actualidad\/wp-content\/uploads\/2018\/11\/logo-laguiadepamplona18-web1.png","width":600,"height":196,"caption":"La Gu\u00eda de Pamplona \/ Noticias"},"image":{"@id":"https:\/\/www.laguiadepamplona.com\/actualidad\/#\/schema\/logo\/image\/"},"sameAs":["https:\/\/www.facebook.com\/laguiadepamplonacom-133175176762273\/?ref=hl","https:\/\/x.com\/LaGuiadPamplona","https:\/\/www.instagram.com\/la_guia_de_pamplona\/","https:\/\/www.youtube.com\/user\/laguiadepamplona"]},{"@type":"Person","@id":"https:\/\/www.laguiadepamplona.com\/actualidad\/#\/schema\/person\/efe887376f0213d4657c93adc50b1fdb","name":"La Gu\u00eda de Pamplona","image":{"@type":"ImageObject","inLanguage":"es","@id":"https:\/\/secure.gravatar.com\/avatar\/b6992f131dc8d30ab0dff15446e9d346d9dbd95992de0fef795073f5ea83a81c?s=96&d=mm&r=g","url":"https:\/\/secure.gravatar.com\/avatar\/b6992f131dc8d30ab0dff15446e9d346d9dbd95992de0fef795073f5ea83a81c?s=96&d=mm&r=g","contentUrl":"https:\/\/secure.gravatar.com\/avatar\/b6992f131dc8d30ab0dff15446e9d346d9dbd95992de0fef795073f5ea83a81c?s=96&d=mm&r=g","caption":"La Gu\u00eda de Pamplona"}}]}},"post_mailing_queue_ids":[],"_links":{"self":[{"href":"https:\/\/www.laguiadepamplona.com\/actualidad\/wp-json\/wp\/v2\/posts\/43259","targetHints":{"allow":["GET"]}}],"collection":[{"href":"https:\/\/www.laguiadepamplona.com\/actualidad\/wp-json\/wp\/v2\/posts"}],"about":[{"href":"https:\/\/www.laguiadepamplona.com\/actualidad\/wp-json\/wp\/v2\/types\/post"}],"author":[{"embeddable":true,"href":"https:\/\/www.laguiadepamplona.com\/actualidad\/wp-json\/wp\/v2\/users\/1"}],"replies":[{"embeddable":true,"href":"https:\/\/www.laguiadepamplona.com\/actualidad\/wp-json\/wp\/v2\/comments?post=43259"}],"version-history":[{"count":0,"href":"https:\/\/www.laguiadepamplona.com\/actualidad\/wp-json\/wp\/v2\/posts\/43259\/revisions"}],"wp:featuredmedia":[{"embeddable":true,"href":"https:\/\/www.laguiadepamplona.com\/actualidad\/wp-json\/wp\/v2\/media\/43260"}],"wp:attachment":[{"href":"https:\/\/www.laguiadepamplona.com\/actualidad\/wp-json\/wp\/v2\/media?parent=43259"}],"wp:term":[{"taxonomy":"category","embeddable":true,"href":"https:\/\/www.laguiadepamplona.com\/actualidad\/wp-json\/wp\/v2\/categories?post=43259"},{"taxonomy":"post_tag","embeddable":true,"href":"https:\/\/www.laguiadepamplona.com\/actualidad\/wp-json\/wp\/v2\/tags?post=43259"}],"curies":[{"name":"wp","href":"https:\/\/api.w.org\/{rel}","templated":true}]}}