{"id":43256,"date":"2023-03-22T14:24:47","date_gmt":"2023-03-22T12:24:47","guid":{"rendered":"https:\/\/www.laguiadepamplona.com\/actualidad\/?p=43256"},"modified":"2023-04-11T11:46:58","modified_gmt":"2023-04-11T09:46:58","slug":"el-ayuntamiento-de-pamplona-y-la-sociedad-espanola-de-estudios-clasicos-firman-un-convenio-para-difundir-el-teatro-clasico-grecolatino-entre-el-alumnado-de-secundaria","status":"publish","type":"post","link":"https:\/\/www.laguiadepamplona.com\/actualidad\/el-ayuntamiento-de-pamplona-y-la-sociedad-espanola-de-estudios-clasicos-firman-un-convenio-para-difundir-el-teatro-clasico-grecolatino-entre-el-alumnado-de-secundaria\/","title":{"rendered":"El Ayuntamiento de Pamplona y la Sociedad Espa\u00f1ola de Estudios Cl\u00e1sicos firman un convenio para difundir el teatro cl\u00e1sico grecolatino entre el alumnado de Secundaria"},"content":{"rendered":"<h5>El grupo Komos de Valencia representa este mi\u00e9rcoles en el Teatro Gayarre \u2018Medea\u2019, de Eur\u00edpides y \u2018Lis\u00edstrata\u2019, de Arist\u00f3fanes<\/h5>\n<p><!--more--><\/p>\n<p>El Ayuntamiento de Pamplona ha firmado un convenio de colaboraci\u00f3n con la delegaci\u00f3n navarra de la Sociedad Espa\u00f1ola de Estudios Cl\u00e1sicos, con el objetivo de difundir el teatro cl\u00e1sico grecolatino entre el alumnado de Educaci\u00f3n Secundaria de Pamplona. Fruto de este convenio, la Sociedad Espa\u00f1ola de Estudios Cl\u00e1sicos incluye en su programa anual a Pamplona como sede del Festival Juvenil Europeo de Teatro Grecolatino, que se celebra en ciudades espa\u00f1olas.<\/p>\n<p>La Sociedad asume la asesor\u00eda t\u00e9cnica del programa y gestiona las reservas de los centros interesados en acudir a las representaciones. El Ayuntamiento, por su parte, asume el alquiler del Teatro Gayarre, donde este mi\u00e9rcoles la compa\u00f1\u00eda Komos, de Valencia, representa dos obras de teatro: \u2018Medea\u2019, de Eur\u00edpides, y \u2018Lis\u00edstrata\u2019, de Arist\u00f3fanes. Los centros interesados inscritos en el programa ya han recibido los textos de las obras, para que el profesorado las trabaje con el alumnado de Secundaria.<br \/>\n<script async src=\"\/\/pagead2.googlesyndication.com\/pagead\/js\/adsbygoogle.js\"><\/script><br \/>\n<!-- Noticias La Guia de Pamplona --><br \/>\n<ins class=\"adsbygoogle\"\nstyle=\"display:block\"\ndata-ad-client=\"ca-pub-6943679897239327\"\ndata-ad-slot=\"7048180777\"\ndata-ad-format=\"auto\"><\/ins><br \/>\n<script>\n(adsbygoogle = window.adsbygoogle || []).push({});\n<\/script><\/p>\n<p>La compa\u00f1\u00eda teatral Komos est\u00e1 formada por j\u00f3venes actores y trabaja como escuela de teatro y compa\u00f1\u00eda teatral. Ha obtenido, entre otros, el primer premio nacional en los Premios Buero de Teatro Joven en sus dos modalidades y el primer premio en el Concurso Nacional de Teatro Grecolatino del Ministerio de Educaci\u00f3n en sus dos categor\u00edas. En Pamplona va a representar la tragedia \u2018Medea\u2019, donde la protagonista se convierte en una asesina despiadada para vengar la infidelidad de Jas\u00f3n. La otra obra que se pone en escena es \u2018Lis\u00edstrata\u2019, comedia que permite conocer la vida cotidiana de los atenienses y que supone un alegato en contra de las guerras y en defensa de las soluciones pac\u00edficas. Tambi\u00e9n trata sobre el papel de la mujer en la sociedad.<\/p>\n<p>El Festival Juvenil de Teatro Grecolatino de la Sociedad Espa\u00f1ola de Estudios Cl\u00e1sicos contribuye a divulgar y mantener vivos los estudios cl\u00e1sicos, favoreciendo la formaci\u00f3n cultural y social de todas las personas implicadas en los procesos educativos. Los grupos de teatro participantes provienen en su mayor\u00eda de los propios institutos de Educaci\u00f3n Secundaria. En esta labor de formaci\u00f3n y difusi\u00f3n coincide con las actuaciones llevadas a cabo por el Ayuntamiento relativas a la promoci\u00f3n de la cultura entre la poblaci\u00f3n escolar. As\u00ed, el convenio de colaboraci\u00f3n estar\u00e1 vigente hasta el final del presente curso escolar, el 30 de junio.<br \/>\n<script async src=\"\/\/pagead2.googlesyndication.com\/pagead\/js\/adsbygoogle.js\"><\/script><br \/>\n<!-- Noticias La Guia de Pamplona --><br \/>\n<ins class=\"adsbygoogle\"\nstyle=\"display:block\"\ndata-ad-client=\"ca-pub-6943679897239327\"\ndata-ad-slot=\"7048180777\"\ndata-ad-format=\"auto\"><\/ins><br \/>\n<script>\n(adsbygoogle = window.adsbygoogle || []).push({});\n<\/script><\/p>\n<p>&nbsp;<\/p>\n<h3>Festival Juvenil Europeo de Teatro Grecolatino.\u00a0 Teatro Gayarre<\/h3>\n<ul>\n<li>Dos obras de teatro dirigidas a estudiantes de Secundaria\n<ul>\n<li>\u2018Medea\u2019, de Eur\u00edpides<\/li>\n<li>\u2018Lis\u00edstrata\u2019, de Arist\u00f3fanes<\/li>\n<\/ul>\n<\/li>\n<\/ul>\n","protected":false},"excerpt":{"rendered":"<p>El grupo Komos de Valencia representa este mi\u00e9rcoles en el Teatro Gayarre \u2018Medea\u2019, de Eur\u00edpides y \u2018Lis\u00edstrata\u2019, de Arist\u00f3fanes<\/p>\n","protected":false},"author":1,"featured_media":43257,"comment_status":"open","ping_status":"closed","sticky":false,"template":"","format":"standard","meta":{"footnotes":""},"categories":[2],"tags":[],"class_list":["post-43256","post","type-post","status-publish","format-standard","has-post-thumbnail","hentry","category-ayuntamiento-pamplona"],"yoast_head":"<!-- This site is optimized with the Yoast SEO plugin v27.3 - https:\/\/yoast.com\/product\/yoast-seo-wordpress\/ -->\n<title>El Ayuntamiento de Pamplona y la Sociedad Espa\u00f1ola de Estudios Cl\u00e1sicos firman un convenio para difundir el teatro cl\u00e1sico grecolatino entre el alumnado de Secundaria<\/title>\n<meta name=\"description\" content=\"El grupo Komos de Valencia representa este mi\u00e9rcoles en el Teatro Gayarre \u2018Medea\u2019, de Eur\u00edpides y \u2018Lis\u00edstrata\u2019, de Arist\u00f3fanes\" \/>\n<meta name=\"robots\" content=\"index, follow, max-snippet:-1, max-image-preview:large, max-video-preview:-1\" \/>\n<link rel=\"canonical\" href=\"https:\/\/www.laguiadepamplona.com\/actualidad\/el-ayuntamiento-de-pamplona-y-la-sociedad-espanola-de-estudios-clasicos-firman-un-convenio-para-difundir-el-teatro-clasico-grecolatino-entre-el-alumnado-de-secundaria\/\" \/>\n<meta property=\"og:locale\" content=\"es_ES\" \/>\n<meta property=\"og:type\" content=\"article\" \/>\n<meta property=\"og:title\" content=\"El Ayuntamiento de Pamplona y la Sociedad Espa\u00f1ola de Estudios Cl\u00e1sicos firman un convenio para difundir el teatro cl\u00e1sico grecolatino entre el alumnado de Secundaria\" \/>\n<meta property=\"og:description\" content=\"El grupo Komos de Valencia representa este mi\u00e9rcoles en el Teatro Gayarre \u2018Medea\u2019, de Eur\u00edpides y \u2018Lis\u00edstrata\u2019, de Arist\u00f3fanes\" \/>\n<meta property=\"og:url\" content=\"https:\/\/www.laguiadepamplona.com\/actualidad\/el-ayuntamiento-de-pamplona-y-la-sociedad-espanola-de-estudios-clasicos-firman-un-convenio-para-difundir-el-teatro-clasico-grecolatino-entre-el-alumnado-de-secundaria\/\" \/>\n<meta property=\"og:site_name\" content=\"La Gu\u00eda de Pamplona\" \/>\n<meta property=\"article:publisher\" content=\"https:\/\/www.facebook.com\/laguiadepamplonacom-133175176762273\/?ref=hl\" \/>\n<meta property=\"article:published_time\" content=\"2023-03-22T12:24:47+00:00\" \/>\n<meta property=\"article:modified_time\" content=\"2023-04-11T09:46:58+00:00\" \/>\n<meta property=\"og:image\" content=\"https:\/\/www.laguiadepamplona.com\/actualidad\/wp-content\/uploads\/2023\/03\/q5a7333grecolatino23-03-22-gayarre.webp\" \/>\n\t<meta property=\"og:image:width\" content=\"1920\" \/>\n\t<meta property=\"og:image:height\" content=\"1281\" \/>\n\t<meta property=\"og:image:type\" content=\"image\/webp\" \/>\n<meta name=\"author\" content=\"La Gu\u00eda de Pamplona\" \/>\n<meta name=\"twitter:card\" content=\"summary_large_image\" \/>\n<meta name=\"twitter:creator\" content=\"@LaGuiadPamplona\" \/>\n<meta name=\"twitter:site\" content=\"@LaGuiadPamplona\" \/>\n<meta name=\"twitter:label1\" content=\"Escrito por\" \/>\n\t<meta name=\"twitter:data1\" content=\"La Gu\u00eda de Pamplona\" \/>\n\t<meta name=\"twitter:label2\" content=\"Tiempo de lectura\" \/>\n\t<meta name=\"twitter:data2\" content=\"2 minutos\" \/>\n<script type=\"application\/ld+json\" class=\"yoast-schema-graph\">{\"@context\":\"https:\\\/\\\/schema.org\",\"@graph\":[{\"@type\":\"Article\",\"@id\":\"https:\\\/\\\/www.laguiadepamplona.com\\\/actualidad\\\/el-ayuntamiento-de-pamplona-y-la-sociedad-espanola-de-estudios-clasicos-firman-un-convenio-para-difundir-el-teatro-clasico-grecolatino-entre-el-alumnado-de-secundaria\\\/#article\",\"isPartOf\":{\"@id\":\"https:\\\/\\\/www.laguiadepamplona.com\\\/actualidad\\\/el-ayuntamiento-de-pamplona-y-la-sociedad-espanola-de-estudios-clasicos-firman-un-convenio-para-difundir-el-teatro-clasico-grecolatino-entre-el-alumnado-de-secundaria\\\/\"},\"author\":{\"name\":\"La Gu\u00eda de Pamplona\",\"@id\":\"https:\\\/\\\/www.laguiadepamplona.com\\\/actualidad\\\/#\\\/schema\\\/person\\\/efe887376f0213d4657c93adc50b1fdb\"},\"headline\":\"El Ayuntamiento de Pamplona y la Sociedad Espa\u00f1ola de Estudios Cl\u00e1sicos firman un convenio para difundir el teatro cl\u00e1sico grecolatino entre el alumnado de Secundaria\",\"datePublished\":\"2023-03-22T12:24:47+00:00\",\"dateModified\":\"2023-04-11T09:46:58+00:00\",\"mainEntityOfPage\":{\"@id\":\"https:\\\/\\\/www.laguiadepamplona.com\\\/actualidad\\\/el-ayuntamiento-de-pamplona-y-la-sociedad-espanola-de-estudios-clasicos-firman-un-convenio-para-difundir-el-teatro-clasico-grecolatino-entre-el-alumnado-de-secundaria\\\/\"},\"wordCount\":487,\"commentCount\":0,\"publisher\":{\"@id\":\"https:\\\/\\\/www.laguiadepamplona.com\\\/actualidad\\\/#organization\"},\"image\":{\"@id\":\"https:\\\/\\\/www.laguiadepamplona.com\\\/actualidad\\\/el-ayuntamiento-de-pamplona-y-la-sociedad-espanola-de-estudios-clasicos-firman-un-convenio-para-difundir-el-teatro-clasico-grecolatino-entre-el-alumnado-de-secundaria\\\/#primaryimage\"},\"thumbnailUrl\":\"https:\\\/\\\/www.laguiadepamplona.com\\\/actualidad\\\/wp-content\\\/uploads\\\/2023\\\/03\\\/q5a7333grecolatino23-03-22-gayarre.webp\",\"articleSection\":[\"Ayto Pamplona\"],\"inLanguage\":\"es\",\"potentialAction\":[{\"@type\":\"CommentAction\",\"name\":\"Comment\",\"target\":[\"https:\\\/\\\/www.laguiadepamplona.com\\\/actualidad\\\/el-ayuntamiento-de-pamplona-y-la-sociedad-espanola-de-estudios-clasicos-firman-un-convenio-para-difundir-el-teatro-clasico-grecolatino-entre-el-alumnado-de-secundaria\\\/#respond\"]}]},{\"@type\":\"WebPage\",\"@id\":\"https:\\\/\\\/www.laguiadepamplona.com\\\/actualidad\\\/el-ayuntamiento-de-pamplona-y-la-sociedad-espanola-de-estudios-clasicos-firman-un-convenio-para-difundir-el-teatro-clasico-grecolatino-entre-el-alumnado-de-secundaria\\\/\",\"url\":\"https:\\\/\\\/www.laguiadepamplona.com\\\/actualidad\\\/el-ayuntamiento-de-pamplona-y-la-sociedad-espanola-de-estudios-clasicos-firman-un-convenio-para-difundir-el-teatro-clasico-grecolatino-entre-el-alumnado-de-secundaria\\\/\",\"name\":\"El Ayuntamiento de Pamplona y la Sociedad Espa\u00f1ola de Estudios Cl\u00e1sicos firman un convenio para difundir el teatro cl\u00e1sico grecolatino entre el alumnado de Secundaria\",\"isPartOf\":{\"@id\":\"https:\\\/\\\/www.laguiadepamplona.com\\\/actualidad\\\/#website\"},\"primaryImageOfPage\":{\"@id\":\"https:\\\/\\\/www.laguiadepamplona.com\\\/actualidad\\\/el-ayuntamiento-de-pamplona-y-la-sociedad-espanola-de-estudios-clasicos-firman-un-convenio-para-difundir-el-teatro-clasico-grecolatino-entre-el-alumnado-de-secundaria\\\/#primaryimage\"},\"image\":{\"@id\":\"https:\\\/\\\/www.laguiadepamplona.com\\\/actualidad\\\/el-ayuntamiento-de-pamplona-y-la-sociedad-espanola-de-estudios-clasicos-firman-un-convenio-para-difundir-el-teatro-clasico-grecolatino-entre-el-alumnado-de-secundaria\\\/#primaryimage\"},\"thumbnailUrl\":\"https:\\\/\\\/www.laguiadepamplona.com\\\/actualidad\\\/wp-content\\\/uploads\\\/2023\\\/03\\\/q5a7333grecolatino23-03-22-gayarre.webp\",\"datePublished\":\"2023-03-22T12:24:47+00:00\",\"dateModified\":\"2023-04-11T09:46:58+00:00\",\"description\":\"El grupo Komos de Valencia representa este mi\u00e9rcoles en el Teatro Gayarre \u2018Medea\u2019, de Eur\u00edpides y \u2018Lis\u00edstrata\u2019, de Arist\u00f3fanes\",\"breadcrumb\":{\"@id\":\"https:\\\/\\\/www.laguiadepamplona.com\\\/actualidad\\\/el-ayuntamiento-de-pamplona-y-la-sociedad-espanola-de-estudios-clasicos-firman-un-convenio-para-difundir-el-teatro-clasico-grecolatino-entre-el-alumnado-de-secundaria\\\/#breadcrumb\"},\"inLanguage\":\"es\",\"potentialAction\":[{\"@type\":\"ReadAction\",\"target\":[\"https:\\\/\\\/www.laguiadepamplona.com\\\/actualidad\\\/el-ayuntamiento-de-pamplona-y-la-sociedad-espanola-de-estudios-clasicos-firman-un-convenio-para-difundir-el-teatro-clasico-grecolatino-entre-el-alumnado-de-secundaria\\\/\"]}]},{\"@type\":\"ImageObject\",\"inLanguage\":\"es\",\"@id\":\"https:\\\/\\\/www.laguiadepamplona.com\\\/actualidad\\\/el-ayuntamiento-de-pamplona-y-la-sociedad-espanola-de-estudios-clasicos-firman-un-convenio-para-difundir-el-teatro-clasico-grecolatino-entre-el-alumnado-de-secundaria\\\/#primaryimage\",\"url\":\"https:\\\/\\\/www.laguiadepamplona.com\\\/actualidad\\\/wp-content\\\/uploads\\\/2023\\\/03\\\/q5a7333grecolatino23-03-22-gayarre.webp\",\"contentUrl\":\"https:\\\/\\\/www.laguiadepamplona.com\\\/actualidad\\\/wp-content\\\/uploads\\\/2023\\\/03\\\/q5a7333grecolatino23-03-22-gayarre.webp\",\"width\":1920,\"height\":1281},{\"@type\":\"BreadcrumbList\",\"@id\":\"https:\\\/\\\/www.laguiadepamplona.com\\\/actualidad\\\/el-ayuntamiento-de-pamplona-y-la-sociedad-espanola-de-estudios-clasicos-firman-un-convenio-para-difundir-el-teatro-clasico-grecolatino-entre-el-alumnado-de-secundaria\\\/#breadcrumb\",\"itemListElement\":[{\"@type\":\"ListItem\",\"position\":1,\"name\":\"Portada\",\"item\":\"https:\\\/\\\/www.laguiadepamplona.com\\\/actualidad\\\/\"},{\"@type\":\"ListItem\",\"position\":2,\"name\":\"El Ayuntamiento de Pamplona y la Sociedad Espa\u00f1ola de Estudios Cl\u00e1sicos firman un convenio para difundir el teatro cl\u00e1sico grecolatino entre el alumnado de Secundaria\"}]},{\"@type\":\"WebSite\",\"@id\":\"https:\\\/\\\/www.laguiadepamplona.com\\\/actualidad\\\/#website\",\"url\":\"https:\\\/\\\/www.laguiadepamplona.com\\\/actualidad\\\/\",\"name\":\"La gu\u00eda de Pamplona\",\"description\":\"Noticias de Pamplona\",\"publisher\":{\"@id\":\"https:\\\/\\\/www.laguiadepamplona.com\\\/actualidad\\\/#organization\"},\"potentialAction\":[{\"@type\":\"SearchAction\",\"target\":{\"@type\":\"EntryPoint\",\"urlTemplate\":\"https:\\\/\\\/www.laguiadepamplona.com\\\/actualidad\\\/?s={search_term_string}\"},\"query-input\":{\"@type\":\"PropertyValueSpecification\",\"valueRequired\":true,\"valueName\":\"search_term_string\"}}],\"inLanguage\":\"es\"},{\"@type\":\"Organization\",\"@id\":\"https:\\\/\\\/www.laguiadepamplona.com\\\/actualidad\\\/#organization\",\"name\":\"La Gu\u00eda de Pamplona \\\/ Noticias\",\"url\":\"https:\\\/\\\/www.laguiadepamplona.com\\\/actualidad\\\/\",\"logo\":{\"@type\":\"ImageObject\",\"inLanguage\":\"es\",\"@id\":\"https:\\\/\\\/www.laguiadepamplona.com\\\/actualidad\\\/#\\\/schema\\\/logo\\\/image\\\/\",\"url\":\"https:\\\/\\\/www.laguiadepamplona.com\\\/actualidad\\\/wp-content\\\/uploads\\\/2018\\\/11\\\/logo-laguiadepamplona18-web1.png\",\"contentUrl\":\"https:\\\/\\\/www.laguiadepamplona.com\\\/actualidad\\\/wp-content\\\/uploads\\\/2018\\\/11\\\/logo-laguiadepamplona18-web1.png\",\"width\":600,\"height\":196,\"caption\":\"La Gu\u00eda de Pamplona \\\/ Noticias\"},\"image\":{\"@id\":\"https:\\\/\\\/www.laguiadepamplona.com\\\/actualidad\\\/#\\\/schema\\\/logo\\\/image\\\/\"},\"sameAs\":[\"https:\\\/\\\/www.facebook.com\\\/laguiadepamplonacom-133175176762273\\\/?ref=hl\",\"https:\\\/\\\/x.com\\\/LaGuiadPamplona\",\"https:\\\/\\\/www.instagram.com\\\/la_guia_de_pamplona\\\/\",\"https:\\\/\\\/www.youtube.com\\\/user\\\/laguiadepamplona\"]},{\"@type\":\"Person\",\"@id\":\"https:\\\/\\\/www.laguiadepamplona.com\\\/actualidad\\\/#\\\/schema\\\/person\\\/efe887376f0213d4657c93adc50b1fdb\",\"name\":\"La Gu\u00eda de Pamplona\",\"image\":{\"@type\":\"ImageObject\",\"inLanguage\":\"es\",\"@id\":\"https:\\\/\\\/secure.gravatar.com\\\/avatar\\\/b6992f131dc8d30ab0dff15446e9d346d9dbd95992de0fef795073f5ea83a81c?s=96&d=mm&r=g\",\"url\":\"https:\\\/\\\/secure.gravatar.com\\\/avatar\\\/b6992f131dc8d30ab0dff15446e9d346d9dbd95992de0fef795073f5ea83a81c?s=96&d=mm&r=g\",\"contentUrl\":\"https:\\\/\\\/secure.gravatar.com\\\/avatar\\\/b6992f131dc8d30ab0dff15446e9d346d9dbd95992de0fef795073f5ea83a81c?s=96&d=mm&r=g\",\"caption\":\"La Gu\u00eda de Pamplona\"}}]}<\/script>\n<!-- \/ Yoast SEO plugin. -->","yoast_head_json":{"title":"El Ayuntamiento de Pamplona y la Sociedad Espa\u00f1ola de Estudios Cl\u00e1sicos firman un convenio para difundir el teatro cl\u00e1sico grecolatino entre el alumnado de Secundaria","description":"El grupo Komos de Valencia representa este mi\u00e9rcoles en el Teatro Gayarre \u2018Medea\u2019, de Eur\u00edpides y \u2018Lis\u00edstrata\u2019, de Arist\u00f3fanes","robots":{"index":"index","follow":"follow","max-snippet":"max-snippet:-1","max-image-preview":"max-image-preview:large","max-video-preview":"max-video-preview:-1"},"canonical":"https:\/\/www.laguiadepamplona.com\/actualidad\/el-ayuntamiento-de-pamplona-y-la-sociedad-espanola-de-estudios-clasicos-firman-un-convenio-para-difundir-el-teatro-clasico-grecolatino-entre-el-alumnado-de-secundaria\/","og_locale":"es_ES","og_type":"article","og_title":"El Ayuntamiento de Pamplona y la Sociedad Espa\u00f1ola de Estudios Cl\u00e1sicos firman un convenio para difundir el teatro cl\u00e1sico grecolatino entre el alumnado de Secundaria","og_description":"El grupo Komos de Valencia representa este mi\u00e9rcoles en el Teatro Gayarre \u2018Medea\u2019, de Eur\u00edpides y \u2018Lis\u00edstrata\u2019, de Arist\u00f3fanes","og_url":"https:\/\/www.laguiadepamplona.com\/actualidad\/el-ayuntamiento-de-pamplona-y-la-sociedad-espanola-de-estudios-clasicos-firman-un-convenio-para-difundir-el-teatro-clasico-grecolatino-entre-el-alumnado-de-secundaria\/","og_site_name":"La Gu\u00eda de Pamplona","article_publisher":"https:\/\/www.facebook.com\/laguiadepamplonacom-133175176762273\/?ref=hl","article_published_time":"2023-03-22T12:24:47+00:00","article_modified_time":"2023-04-11T09:46:58+00:00","og_image":[{"width":1920,"height":1281,"url":"https:\/\/www.laguiadepamplona.com\/actualidad\/wp-content\/uploads\/2023\/03\/q5a7333grecolatino23-03-22-gayarre.webp","type":"image\/webp"}],"author":"La Gu\u00eda de Pamplona","twitter_card":"summary_large_image","twitter_creator":"@LaGuiadPamplona","twitter_site":"@LaGuiadPamplona","twitter_misc":{"Escrito por":"La Gu\u00eda de Pamplona","Tiempo de lectura":"2 minutos"},"schema":{"@context":"https:\/\/schema.org","@graph":[{"@type":"Article","@id":"https:\/\/www.laguiadepamplona.com\/actualidad\/el-ayuntamiento-de-pamplona-y-la-sociedad-espanola-de-estudios-clasicos-firman-un-convenio-para-difundir-el-teatro-clasico-grecolatino-entre-el-alumnado-de-secundaria\/#article","isPartOf":{"@id":"https:\/\/www.laguiadepamplona.com\/actualidad\/el-ayuntamiento-de-pamplona-y-la-sociedad-espanola-de-estudios-clasicos-firman-un-convenio-para-difundir-el-teatro-clasico-grecolatino-entre-el-alumnado-de-secundaria\/"},"author":{"name":"La Gu\u00eda de Pamplona","@id":"https:\/\/www.laguiadepamplona.com\/actualidad\/#\/schema\/person\/efe887376f0213d4657c93adc50b1fdb"},"headline":"El Ayuntamiento de Pamplona y la Sociedad Espa\u00f1ola de Estudios Cl\u00e1sicos firman un convenio para difundir el teatro cl\u00e1sico grecolatino entre el alumnado de Secundaria","datePublished":"2023-03-22T12:24:47+00:00","dateModified":"2023-04-11T09:46:58+00:00","mainEntityOfPage":{"@id":"https:\/\/www.laguiadepamplona.com\/actualidad\/el-ayuntamiento-de-pamplona-y-la-sociedad-espanola-de-estudios-clasicos-firman-un-convenio-para-difundir-el-teatro-clasico-grecolatino-entre-el-alumnado-de-secundaria\/"},"wordCount":487,"commentCount":0,"publisher":{"@id":"https:\/\/www.laguiadepamplona.com\/actualidad\/#organization"},"image":{"@id":"https:\/\/www.laguiadepamplona.com\/actualidad\/el-ayuntamiento-de-pamplona-y-la-sociedad-espanola-de-estudios-clasicos-firman-un-convenio-para-difundir-el-teatro-clasico-grecolatino-entre-el-alumnado-de-secundaria\/#primaryimage"},"thumbnailUrl":"https:\/\/www.laguiadepamplona.com\/actualidad\/wp-content\/uploads\/2023\/03\/q5a7333grecolatino23-03-22-gayarre.webp","articleSection":["Ayto Pamplona"],"inLanguage":"es","potentialAction":[{"@type":"CommentAction","name":"Comment","target":["https:\/\/www.laguiadepamplona.com\/actualidad\/el-ayuntamiento-de-pamplona-y-la-sociedad-espanola-de-estudios-clasicos-firman-un-convenio-para-difundir-el-teatro-clasico-grecolatino-entre-el-alumnado-de-secundaria\/#respond"]}]},{"@type":"WebPage","@id":"https:\/\/www.laguiadepamplona.com\/actualidad\/el-ayuntamiento-de-pamplona-y-la-sociedad-espanola-de-estudios-clasicos-firman-un-convenio-para-difundir-el-teatro-clasico-grecolatino-entre-el-alumnado-de-secundaria\/","url":"https:\/\/www.laguiadepamplona.com\/actualidad\/el-ayuntamiento-de-pamplona-y-la-sociedad-espanola-de-estudios-clasicos-firman-un-convenio-para-difundir-el-teatro-clasico-grecolatino-entre-el-alumnado-de-secundaria\/","name":"El Ayuntamiento de Pamplona y la Sociedad Espa\u00f1ola de Estudios Cl\u00e1sicos firman un convenio para difundir el teatro cl\u00e1sico grecolatino entre el alumnado de Secundaria","isPartOf":{"@id":"https:\/\/www.laguiadepamplona.com\/actualidad\/#website"},"primaryImageOfPage":{"@id":"https:\/\/www.laguiadepamplona.com\/actualidad\/el-ayuntamiento-de-pamplona-y-la-sociedad-espanola-de-estudios-clasicos-firman-un-convenio-para-difundir-el-teatro-clasico-grecolatino-entre-el-alumnado-de-secundaria\/#primaryimage"},"image":{"@id":"https:\/\/www.laguiadepamplona.com\/actualidad\/el-ayuntamiento-de-pamplona-y-la-sociedad-espanola-de-estudios-clasicos-firman-un-convenio-para-difundir-el-teatro-clasico-grecolatino-entre-el-alumnado-de-secundaria\/#primaryimage"},"thumbnailUrl":"https:\/\/www.laguiadepamplona.com\/actualidad\/wp-content\/uploads\/2023\/03\/q5a7333grecolatino23-03-22-gayarre.webp","datePublished":"2023-03-22T12:24:47+00:00","dateModified":"2023-04-11T09:46:58+00:00","description":"El grupo Komos de Valencia representa este mi\u00e9rcoles en el Teatro Gayarre \u2018Medea\u2019, de Eur\u00edpides y \u2018Lis\u00edstrata\u2019, de Arist\u00f3fanes","breadcrumb":{"@id":"https:\/\/www.laguiadepamplona.com\/actualidad\/el-ayuntamiento-de-pamplona-y-la-sociedad-espanola-de-estudios-clasicos-firman-un-convenio-para-difundir-el-teatro-clasico-grecolatino-entre-el-alumnado-de-secundaria\/#breadcrumb"},"inLanguage":"es","potentialAction":[{"@type":"ReadAction","target":["https:\/\/www.laguiadepamplona.com\/actualidad\/el-ayuntamiento-de-pamplona-y-la-sociedad-espanola-de-estudios-clasicos-firman-un-convenio-para-difundir-el-teatro-clasico-grecolatino-entre-el-alumnado-de-secundaria\/"]}]},{"@type":"ImageObject","inLanguage":"es","@id":"https:\/\/www.laguiadepamplona.com\/actualidad\/el-ayuntamiento-de-pamplona-y-la-sociedad-espanola-de-estudios-clasicos-firman-un-convenio-para-difundir-el-teatro-clasico-grecolatino-entre-el-alumnado-de-secundaria\/#primaryimage","url":"https:\/\/www.laguiadepamplona.com\/actualidad\/wp-content\/uploads\/2023\/03\/q5a7333grecolatino23-03-22-gayarre.webp","contentUrl":"https:\/\/www.laguiadepamplona.com\/actualidad\/wp-content\/uploads\/2023\/03\/q5a7333grecolatino23-03-22-gayarre.webp","width":1920,"height":1281},{"@type":"BreadcrumbList","@id":"https:\/\/www.laguiadepamplona.com\/actualidad\/el-ayuntamiento-de-pamplona-y-la-sociedad-espanola-de-estudios-clasicos-firman-un-convenio-para-difundir-el-teatro-clasico-grecolatino-entre-el-alumnado-de-secundaria\/#breadcrumb","itemListElement":[{"@type":"ListItem","position":1,"name":"Portada","item":"https:\/\/www.laguiadepamplona.com\/actualidad\/"},{"@type":"ListItem","position":2,"name":"El Ayuntamiento de Pamplona y la Sociedad Espa\u00f1ola de Estudios Cl\u00e1sicos firman un convenio para difundir el teatro cl\u00e1sico grecolatino entre el alumnado de Secundaria"}]},{"@type":"WebSite","@id":"https:\/\/www.laguiadepamplona.com\/actualidad\/#website","url":"https:\/\/www.laguiadepamplona.com\/actualidad\/","name":"La gu\u00eda de Pamplona","description":"Noticias de Pamplona","publisher":{"@id":"https:\/\/www.laguiadepamplona.com\/actualidad\/#organization"},"potentialAction":[{"@type":"SearchAction","target":{"@type":"EntryPoint","urlTemplate":"https:\/\/www.laguiadepamplona.com\/actualidad\/?s={search_term_string}"},"query-input":{"@type":"PropertyValueSpecification","valueRequired":true,"valueName":"search_term_string"}}],"inLanguage":"es"},{"@type":"Organization","@id":"https:\/\/www.laguiadepamplona.com\/actualidad\/#organization","name":"La Gu\u00eda de Pamplona \/ Noticias","url":"https:\/\/www.laguiadepamplona.com\/actualidad\/","logo":{"@type":"ImageObject","inLanguage":"es","@id":"https:\/\/www.laguiadepamplona.com\/actualidad\/#\/schema\/logo\/image\/","url":"https:\/\/www.laguiadepamplona.com\/actualidad\/wp-content\/uploads\/2018\/11\/logo-laguiadepamplona18-web1.png","contentUrl":"https:\/\/www.laguiadepamplona.com\/actualidad\/wp-content\/uploads\/2018\/11\/logo-laguiadepamplona18-web1.png","width":600,"height":196,"caption":"La Gu\u00eda de Pamplona \/ Noticias"},"image":{"@id":"https:\/\/www.laguiadepamplona.com\/actualidad\/#\/schema\/logo\/image\/"},"sameAs":["https:\/\/www.facebook.com\/laguiadepamplonacom-133175176762273\/?ref=hl","https:\/\/x.com\/LaGuiadPamplona","https:\/\/www.instagram.com\/la_guia_de_pamplona\/","https:\/\/www.youtube.com\/user\/laguiadepamplona"]},{"@type":"Person","@id":"https:\/\/www.laguiadepamplona.com\/actualidad\/#\/schema\/person\/efe887376f0213d4657c93adc50b1fdb","name":"La Gu\u00eda de Pamplona","image":{"@type":"ImageObject","inLanguage":"es","@id":"https:\/\/secure.gravatar.com\/avatar\/b6992f131dc8d30ab0dff15446e9d346d9dbd95992de0fef795073f5ea83a81c?s=96&d=mm&r=g","url":"https:\/\/secure.gravatar.com\/avatar\/b6992f131dc8d30ab0dff15446e9d346d9dbd95992de0fef795073f5ea83a81c?s=96&d=mm&r=g","contentUrl":"https:\/\/secure.gravatar.com\/avatar\/b6992f131dc8d30ab0dff15446e9d346d9dbd95992de0fef795073f5ea83a81c?s=96&d=mm&r=g","caption":"La Gu\u00eda de Pamplona"}}]}},"post_mailing_queue_ids":[],"_links":{"self":[{"href":"https:\/\/www.laguiadepamplona.com\/actualidad\/wp-json\/wp\/v2\/posts\/43256","targetHints":{"allow":["GET"]}}],"collection":[{"href":"https:\/\/www.laguiadepamplona.com\/actualidad\/wp-json\/wp\/v2\/posts"}],"about":[{"href":"https:\/\/www.laguiadepamplona.com\/actualidad\/wp-json\/wp\/v2\/types\/post"}],"author":[{"embeddable":true,"href":"https:\/\/www.laguiadepamplona.com\/actualidad\/wp-json\/wp\/v2\/users\/1"}],"replies":[{"embeddable":true,"href":"https:\/\/www.laguiadepamplona.com\/actualidad\/wp-json\/wp\/v2\/comments?post=43256"}],"version-history":[{"count":0,"href":"https:\/\/www.laguiadepamplona.com\/actualidad\/wp-json\/wp\/v2\/posts\/43256\/revisions"}],"wp:featuredmedia":[{"embeddable":true,"href":"https:\/\/www.laguiadepamplona.com\/actualidad\/wp-json\/wp\/v2\/media\/43257"}],"wp:attachment":[{"href":"https:\/\/www.laguiadepamplona.com\/actualidad\/wp-json\/wp\/v2\/media?parent=43256"}],"wp:term":[{"taxonomy":"category","embeddable":true,"href":"https:\/\/www.laguiadepamplona.com\/actualidad\/wp-json\/wp\/v2\/categories?post=43256"},{"taxonomy":"post_tag","embeddable":true,"href":"https:\/\/www.laguiadepamplona.com\/actualidad\/wp-json\/wp\/v2\/tags?post=43256"}],"curies":[{"name":"wp","href":"https:\/\/api.w.org\/{rel}","templated":true}]}}