{"id":43253,"date":"2023-03-22T14:20:41","date_gmt":"2023-03-22T12:20:41","guid":{"rendered":"https:\/\/www.laguiadepamplona.com\/actualidad\/?p=43253"},"modified":"2023-04-11T11:46:58","modified_gmt":"2023-04-11T09:46:58","slug":"gerencia-de-urbanismo-avala-la-aprobacion-definitiva-del-proyecto-de-urbanizacion-de-misioneras-que-prolonga-la-calle-amaya-hasta-monjardin-para-mejorar-la-conexion-peatonal-con-lezkairu","status":"publish","type":"post","link":"https:\/\/www.laguiadepamplona.com\/actualidad\/gerencia-de-urbanismo-avala-la-aprobacion-definitiva-del-proyecto-de-urbanizacion-de-misioneras-que-prolonga-la-calle-amaya-hasta-monjardin-para-mejorar-la-conexion-peatonal-con-lezkairu\/","title":{"rendered":"Gerencia de Urbanismo avala la aprobaci\u00f3n definitiva del proyecto de urbanizaci\u00f3n de Misioneras, que prolonga la calle Amaya hasta Monjard\u00edn para mejorar la conexi\u00f3n peatonal con Lezkairu"},"content":{"rendered":"<h5>La urbanizaci\u00f3n precisa demoler una parte del edificio de Misioneras y supondr\u00e1 un nuevo espacio peatonal de 1.427 metros cuadrados<\/h5>\n<p><!--more--><\/p>\n<p>Gerencia de Urbanismo ha tratado en su reuni\u00f3n de este mi\u00e9rcoles la aprobaci\u00f3n definitiva del proyecto de derribo y urbanizaci\u00f3n del entorno de las Misioneras del Sagrado Coraz\u00f3n de Jes\u00fas y Mar\u00eda, en el II Ensanche. Este proyecto incluye la prolongaci\u00f3n peatonal de la calle Amaya, hasta conectar con Monjard\u00edn, y la construcci\u00f3n de un nuevo edificio de uso residencial y asistencial, entre otros.<\/p>\n<p>La urbanizaci\u00f3n de la zona peatonal precisa demoler una parte del actual edificio de las Misioneras del Sagrado Coraz\u00f3n de Jes\u00fas y Mar\u00eda. La demolici\u00f3n se integra en el proyecto de urbanizaci\u00f3n del PEAU, y se puede realizar de manera independiente a la urbanizaci\u00f3n.<br \/>\n<script async src=\"\/\/pagead2.googlesyndication.com\/pagead\/js\/adsbygoogle.js\"><\/script><br \/>\n<!-- Noticias La Guia de Pamplona --><br \/>\n<ins class=\"adsbygoogle\"\nstyle=\"display:block\"\ndata-ad-client=\"ca-pub-6943679897239327\"\ndata-ad-slot=\"7048180777\"\ndata-ad-format=\"auto\"><\/ins><br \/>\n<script>\n(adsbygoogle = window.adsbygoogle || []).push({});\n<\/script><\/p>\n<p>El llamado PEAU de Misioneras contempla la reordenaci\u00f3n del \u00e1rea en torno al edificio de las Misioneras del Sagrado Coraz\u00f3n de Jes\u00fas y Mar\u00eda, y la construcci\u00f3n de un edificio destinado a residencial comunitario y asistencial. Este PEAU desarrolla el Plan Municipal de Pamplona y recupera la apertura visual de la calle Amaya, as\u00ed como la conectividad peatonal con nuevo desarrollo urban\u00edstico de Lezkairu y, por tanto, con el sur de la ciudad.<\/p>\n<p>La prolongaci\u00f3n de la calle Amaya conllevar\u00e1 la segregaci\u00f3n de la actual parcela dotacional docente en dos partes diferentes a uno y otro lado del nuevo espacio peatonal. Ese nuevo espacio tendr\u00e1 una superficie libre para el tr\u00e1nsito peatonal de 1.427 metros cuadrados, formado por losas de hormig\u00f3n de distinto formato, flanqueado al norte por una fila de \u00e1rboles en alcorques, y al sur por dos zonas verdes que igualmente acoger\u00e1n arbolado y una plantaci\u00f3n de arbustivas.<br \/>\n<script async src=\"\/\/pagead2.googlesyndication.com\/pagead\/js\/adsbygoogle.js\"><\/script><br \/>\n<!-- Noticias La Guia de Pamplona --><br \/>\n<ins class=\"adsbygoogle\"\nstyle=\"display:block\"\ndata-ad-client=\"ca-pub-6943679897239327\"\ndata-ad-slot=\"7048180777\"\ndata-ad-format=\"auto\"><\/ins><br \/>\n<script>\n(adsbygoogle = window.adsbygoogle || []).push({});\n<\/script><\/p>\n<p>La urbanizaci\u00f3n tambi\u00e9n contar\u00e1 con nuevo alumbrado p\u00fablico de bajo consumo y dos modelos de bancos. En la parte de acera de la glorieta entre la calle Monjard\u00edn y avenida Juan Pablo II que se ver\u00e1 afectada por los trabajos de urbanizaci\u00f3n, se realizar\u00e1n las obras necesarias que posibilitar\u00e1n la conexi\u00f3n del carril bici entre la calle Aoiz y Lezkairu.<\/p>\n<p>En el lado de los n\u00fameros impares, se plantea un nuevo uso dotacional privado de residencia comunitaria y asistencial con la construcci\u00f3n en la parcela de un edificio de planta baja m\u00e1s 5 alturas m\u00e1s \u00e1tico.<\/p>\n<p>En esa parcela dotacional privada para residencia comunitaria y asistencial se ha reducido la edificabilidad de los 7.086 metros cuadrados sobre rasante iniciales a los 6.210 metros cuadrados sobre rasante, adem\u00e1s de retranquear sus alineaciones respecto a los edificios de viviendas colindantes. La parcela que ahora ocupa RTVE mantendr\u00e1 planta baja m\u00e1s 2 alturas, como la edificaci\u00f3n actualmente existente.<br \/>\n<script async src=\"\/\/pagead2.googlesyndication.com\/pagead\/js\/adsbygoogle.js\"><\/script><br \/>\n<!-- Noticias La Guia de Pamplona --><br \/>\n<ins class=\"adsbygoogle\"\nstyle=\"display:block\"\ndata-ad-client=\"ca-pub-6943679897239327\"\ndata-ad-slot=\"7048180777\"\ndata-ad-format=\"auto\"><\/ins><br \/>\n<script>\n(adsbygoogle = window.adsbygoogle || []).push({});\n<\/script><\/p>\n<p>Las obras de urbanizaci\u00f3n, que afectan al cuadrante formado entre la calle Aoiz, la avenida de Juan Pablo II y la calle Monjard\u00edn, obligan a reubicar el espacio de esparcimiento canino que desaparece en la esquina de la calle Monjard\u00edn con la avenida de Juan Pablo II. Est\u00e1 previsto ubicar este espacio en una zona del Parque de las Pioneras, que une los barrios de Mendillorri y Lezkairu por su parte norte.<\/p>\n","protected":false},"excerpt":{"rendered":"<p>La urbanizaci\u00f3n precisa demoler una parte del edificio de Misioneras y supondr\u00e1 un nuevo espacio peatonal de 1.427 metros cuadrados<\/p>\n","protected":false},"author":1,"featured_media":43254,"comment_status":"open","ping_status":"closed","sticky":false,"template":"","format":"standard","meta":{"footnotes":""},"categories":[2],"tags":[],"class_list":["post-43253","post","type-post","status-publish","format-standard","has-post-thumbnail","hentry","category-ayuntamiento-pamplona"],"yoast_head":"<!-- This site is optimized with the Yoast SEO plugin v27.3 - https:\/\/yoast.com\/product\/yoast-seo-wordpress\/ -->\n<title>Gerencia de Urbanismo avala la aprobaci\u00f3n definitiva del proyecto de urbanizaci\u00f3n de Misioneras, que prolonga la calle Amaya hasta Monjard\u00edn para mejorar la conexi\u00f3n peatonal con Lezkairu<\/title>\n<meta name=\"description\" content=\"La urbanizaci\u00f3n precisa demoler una parte del edificio de Misioneras y supondr\u00e1 un nuevo espacio peatonal de 1.427 metros cuadrados\" \/>\n<meta name=\"robots\" content=\"index, follow, max-snippet:-1, max-image-preview:large, max-video-preview:-1\" \/>\n<link rel=\"canonical\" href=\"https:\/\/www.laguiadepamplona.com\/actualidad\/gerencia-de-urbanismo-avala-la-aprobacion-definitiva-del-proyecto-de-urbanizacion-de-misioneras-que-prolonga-la-calle-amaya-hasta-monjardin-para-mejorar-la-conexion-peatonal-con-lezkairu\/\" \/>\n<meta property=\"og:locale\" content=\"es_ES\" \/>\n<meta property=\"og:type\" content=\"article\" \/>\n<meta property=\"og:title\" content=\"Gerencia de Urbanismo avala la aprobaci\u00f3n definitiva del proyecto de urbanizaci\u00f3n de Misioneras, que prolonga la calle Amaya hasta Monjard\u00edn para mejorar la conexi\u00f3n peatonal con Lezkairu\" \/>\n<meta property=\"og:description\" content=\"La urbanizaci\u00f3n precisa demoler una parte del edificio de Misioneras y supondr\u00e1 un nuevo espacio peatonal de 1.427 metros cuadrados\" \/>\n<meta property=\"og:url\" content=\"https:\/\/www.laguiadepamplona.com\/actualidad\/gerencia-de-urbanismo-avala-la-aprobacion-definitiva-del-proyecto-de-urbanizacion-de-misioneras-que-prolonga-la-calle-amaya-hasta-monjardin-para-mejorar-la-conexion-peatonal-con-lezkairu\/\" \/>\n<meta property=\"og:site_name\" content=\"La Gu\u00eda de Pamplona\" \/>\n<meta property=\"article:publisher\" content=\"https:\/\/www.facebook.com\/laguiadepamplonacom-133175176762273\/?ref=hl\" \/>\n<meta property=\"article:published_time\" content=\"2023-03-22T12:20:41+00:00\" \/>\n<meta property=\"article:modified_time\" content=\"2023-04-11T09:46:58+00:00\" \/>\n<meta property=\"og:image\" content=\"https:\/\/www.laguiadepamplona.com\/actualidad\/wp-content\/uploads\/2023\/03\/sitna-web_0.jpg\" \/>\n\t<meta property=\"og:image:width\" content=\"641\" \/>\n\t<meta property=\"og:image:height\" content=\"412\" \/>\n\t<meta property=\"og:image:type\" content=\"image\/jpeg\" \/>\n<meta name=\"author\" content=\"La Gu\u00eda de Pamplona\" \/>\n<meta name=\"twitter:card\" content=\"summary_large_image\" \/>\n<meta name=\"twitter:creator\" content=\"@LaGuiadPamplona\" \/>\n<meta name=\"twitter:site\" content=\"@LaGuiadPamplona\" \/>\n<meta name=\"twitter:label1\" content=\"Escrito por\" \/>\n\t<meta name=\"twitter:data1\" content=\"La Gu\u00eda de Pamplona\" \/>\n\t<meta name=\"twitter:label2\" content=\"Tiempo de lectura\" \/>\n\t<meta name=\"twitter:data2\" content=\"3 minutos\" \/>\n<script type=\"application\/ld+json\" class=\"yoast-schema-graph\">{\"@context\":\"https:\\\/\\\/schema.org\",\"@graph\":[{\"@type\":\"Article\",\"@id\":\"https:\\\/\\\/www.laguiadepamplona.com\\\/actualidad\\\/gerencia-de-urbanismo-avala-la-aprobacion-definitiva-del-proyecto-de-urbanizacion-de-misioneras-que-prolonga-la-calle-amaya-hasta-monjardin-para-mejorar-la-conexion-peatonal-con-lezkairu\\\/#article\",\"isPartOf\":{\"@id\":\"https:\\\/\\\/www.laguiadepamplona.com\\\/actualidad\\\/gerencia-de-urbanismo-avala-la-aprobacion-definitiva-del-proyecto-de-urbanizacion-de-misioneras-que-prolonga-la-calle-amaya-hasta-monjardin-para-mejorar-la-conexion-peatonal-con-lezkairu\\\/\"},\"author\":{\"name\":\"La Gu\u00eda de Pamplona\",\"@id\":\"https:\\\/\\\/www.laguiadepamplona.com\\\/actualidad\\\/#\\\/schema\\\/person\\\/efe887376f0213d4657c93adc50b1fdb\"},\"headline\":\"Gerencia de Urbanismo avala la aprobaci\u00f3n definitiva del proyecto de urbanizaci\u00f3n de Misioneras, que prolonga la calle Amaya hasta Monjard\u00edn para mejorar la conexi\u00f3n peatonal con Lezkairu\",\"datePublished\":\"2023-03-22T12:20:41+00:00\",\"dateModified\":\"2023-04-11T09:46:58+00:00\",\"mainEntityOfPage\":{\"@id\":\"https:\\\/\\\/www.laguiadepamplona.com\\\/actualidad\\\/gerencia-de-urbanismo-avala-la-aprobacion-definitiva-del-proyecto-de-urbanizacion-de-misioneras-que-prolonga-la-calle-amaya-hasta-monjardin-para-mejorar-la-conexion-peatonal-con-lezkairu\\\/\"},\"wordCount\":578,\"commentCount\":0,\"publisher\":{\"@id\":\"https:\\\/\\\/www.laguiadepamplona.com\\\/actualidad\\\/#organization\"},\"image\":{\"@id\":\"https:\\\/\\\/www.laguiadepamplona.com\\\/actualidad\\\/gerencia-de-urbanismo-avala-la-aprobacion-definitiva-del-proyecto-de-urbanizacion-de-misioneras-que-prolonga-la-calle-amaya-hasta-monjardin-para-mejorar-la-conexion-peatonal-con-lezkairu\\\/#primaryimage\"},\"thumbnailUrl\":\"https:\\\/\\\/www.laguiadepamplona.com\\\/actualidad\\\/wp-content\\\/uploads\\\/2023\\\/03\\\/sitna-web_0.jpg\",\"articleSection\":[\"Ayto Pamplona\"],\"inLanguage\":\"es\",\"potentialAction\":[{\"@type\":\"CommentAction\",\"name\":\"Comment\",\"target\":[\"https:\\\/\\\/www.laguiadepamplona.com\\\/actualidad\\\/gerencia-de-urbanismo-avala-la-aprobacion-definitiva-del-proyecto-de-urbanizacion-de-misioneras-que-prolonga-la-calle-amaya-hasta-monjardin-para-mejorar-la-conexion-peatonal-con-lezkairu\\\/#respond\"]}]},{\"@type\":\"WebPage\",\"@id\":\"https:\\\/\\\/www.laguiadepamplona.com\\\/actualidad\\\/gerencia-de-urbanismo-avala-la-aprobacion-definitiva-del-proyecto-de-urbanizacion-de-misioneras-que-prolonga-la-calle-amaya-hasta-monjardin-para-mejorar-la-conexion-peatonal-con-lezkairu\\\/\",\"url\":\"https:\\\/\\\/www.laguiadepamplona.com\\\/actualidad\\\/gerencia-de-urbanismo-avala-la-aprobacion-definitiva-del-proyecto-de-urbanizacion-de-misioneras-que-prolonga-la-calle-amaya-hasta-monjardin-para-mejorar-la-conexion-peatonal-con-lezkairu\\\/\",\"name\":\"Gerencia de Urbanismo avala la aprobaci\u00f3n definitiva del proyecto de urbanizaci\u00f3n de Misioneras, que prolonga la calle Amaya hasta Monjard\u00edn para mejorar la conexi\u00f3n peatonal con Lezkairu\",\"isPartOf\":{\"@id\":\"https:\\\/\\\/www.laguiadepamplona.com\\\/actualidad\\\/#website\"},\"primaryImageOfPage\":{\"@id\":\"https:\\\/\\\/www.laguiadepamplona.com\\\/actualidad\\\/gerencia-de-urbanismo-avala-la-aprobacion-definitiva-del-proyecto-de-urbanizacion-de-misioneras-que-prolonga-la-calle-amaya-hasta-monjardin-para-mejorar-la-conexion-peatonal-con-lezkairu\\\/#primaryimage\"},\"image\":{\"@id\":\"https:\\\/\\\/www.laguiadepamplona.com\\\/actualidad\\\/gerencia-de-urbanismo-avala-la-aprobacion-definitiva-del-proyecto-de-urbanizacion-de-misioneras-que-prolonga-la-calle-amaya-hasta-monjardin-para-mejorar-la-conexion-peatonal-con-lezkairu\\\/#primaryimage\"},\"thumbnailUrl\":\"https:\\\/\\\/www.laguiadepamplona.com\\\/actualidad\\\/wp-content\\\/uploads\\\/2023\\\/03\\\/sitna-web_0.jpg\",\"datePublished\":\"2023-03-22T12:20:41+00:00\",\"dateModified\":\"2023-04-11T09:46:58+00:00\",\"description\":\"La urbanizaci\u00f3n precisa demoler una parte del edificio de Misioneras y supondr\u00e1 un nuevo espacio peatonal de 1.427 metros cuadrados\",\"breadcrumb\":{\"@id\":\"https:\\\/\\\/www.laguiadepamplona.com\\\/actualidad\\\/gerencia-de-urbanismo-avala-la-aprobacion-definitiva-del-proyecto-de-urbanizacion-de-misioneras-que-prolonga-la-calle-amaya-hasta-monjardin-para-mejorar-la-conexion-peatonal-con-lezkairu\\\/#breadcrumb\"},\"inLanguage\":\"es\",\"potentialAction\":[{\"@type\":\"ReadAction\",\"target\":[\"https:\\\/\\\/www.laguiadepamplona.com\\\/actualidad\\\/gerencia-de-urbanismo-avala-la-aprobacion-definitiva-del-proyecto-de-urbanizacion-de-misioneras-que-prolonga-la-calle-amaya-hasta-monjardin-para-mejorar-la-conexion-peatonal-con-lezkairu\\\/\"]}]},{\"@type\":\"ImageObject\",\"inLanguage\":\"es\",\"@id\":\"https:\\\/\\\/www.laguiadepamplona.com\\\/actualidad\\\/gerencia-de-urbanismo-avala-la-aprobacion-definitiva-del-proyecto-de-urbanizacion-de-misioneras-que-prolonga-la-calle-amaya-hasta-monjardin-para-mejorar-la-conexion-peatonal-con-lezkairu\\\/#primaryimage\",\"url\":\"https:\\\/\\\/www.laguiadepamplona.com\\\/actualidad\\\/wp-content\\\/uploads\\\/2023\\\/03\\\/sitna-web_0.jpg\",\"contentUrl\":\"https:\\\/\\\/www.laguiadepamplona.com\\\/actualidad\\\/wp-content\\\/uploads\\\/2023\\\/03\\\/sitna-web_0.jpg\",\"width\":641,\"height\":412},{\"@type\":\"BreadcrumbList\",\"@id\":\"https:\\\/\\\/www.laguiadepamplona.com\\\/actualidad\\\/gerencia-de-urbanismo-avala-la-aprobacion-definitiva-del-proyecto-de-urbanizacion-de-misioneras-que-prolonga-la-calle-amaya-hasta-monjardin-para-mejorar-la-conexion-peatonal-con-lezkairu\\\/#breadcrumb\",\"itemListElement\":[{\"@type\":\"ListItem\",\"position\":1,\"name\":\"Portada\",\"item\":\"https:\\\/\\\/www.laguiadepamplona.com\\\/actualidad\\\/\"},{\"@type\":\"ListItem\",\"position\":2,\"name\":\"Gerencia de Urbanismo avala la aprobaci\u00f3n definitiva del proyecto de urbanizaci\u00f3n de Misioneras, que prolonga la calle Amaya hasta Monjard\u00edn para mejorar la conexi\u00f3n peatonal con Lezkairu\"}]},{\"@type\":\"WebSite\",\"@id\":\"https:\\\/\\\/www.laguiadepamplona.com\\\/actualidad\\\/#website\",\"url\":\"https:\\\/\\\/www.laguiadepamplona.com\\\/actualidad\\\/\",\"name\":\"La gu\u00eda de Pamplona\",\"description\":\"Noticias de Pamplona\",\"publisher\":{\"@id\":\"https:\\\/\\\/www.laguiadepamplona.com\\\/actualidad\\\/#organization\"},\"potentialAction\":[{\"@type\":\"SearchAction\",\"target\":{\"@type\":\"EntryPoint\",\"urlTemplate\":\"https:\\\/\\\/www.laguiadepamplona.com\\\/actualidad\\\/?s={search_term_string}\"},\"query-input\":{\"@type\":\"PropertyValueSpecification\",\"valueRequired\":true,\"valueName\":\"search_term_string\"}}],\"inLanguage\":\"es\"},{\"@type\":\"Organization\",\"@id\":\"https:\\\/\\\/www.laguiadepamplona.com\\\/actualidad\\\/#organization\",\"name\":\"La Gu\u00eda de Pamplona \\\/ Noticias\",\"url\":\"https:\\\/\\\/www.laguiadepamplona.com\\\/actualidad\\\/\",\"logo\":{\"@type\":\"ImageObject\",\"inLanguage\":\"es\",\"@id\":\"https:\\\/\\\/www.laguiadepamplona.com\\\/actualidad\\\/#\\\/schema\\\/logo\\\/image\\\/\",\"url\":\"https:\\\/\\\/www.laguiadepamplona.com\\\/actualidad\\\/wp-content\\\/uploads\\\/2018\\\/11\\\/logo-laguiadepamplona18-web1.png\",\"contentUrl\":\"https:\\\/\\\/www.laguiadepamplona.com\\\/actualidad\\\/wp-content\\\/uploads\\\/2018\\\/11\\\/logo-laguiadepamplona18-web1.png\",\"width\":600,\"height\":196,\"caption\":\"La Gu\u00eda de Pamplona \\\/ Noticias\"},\"image\":{\"@id\":\"https:\\\/\\\/www.laguiadepamplona.com\\\/actualidad\\\/#\\\/schema\\\/logo\\\/image\\\/\"},\"sameAs\":[\"https:\\\/\\\/www.facebook.com\\\/laguiadepamplonacom-133175176762273\\\/?ref=hl\",\"https:\\\/\\\/x.com\\\/LaGuiadPamplona\",\"https:\\\/\\\/www.instagram.com\\\/la_guia_de_pamplona\\\/\",\"https:\\\/\\\/www.youtube.com\\\/user\\\/laguiadepamplona\"]},{\"@type\":\"Person\",\"@id\":\"https:\\\/\\\/www.laguiadepamplona.com\\\/actualidad\\\/#\\\/schema\\\/person\\\/efe887376f0213d4657c93adc50b1fdb\",\"name\":\"La Gu\u00eda de Pamplona\",\"image\":{\"@type\":\"ImageObject\",\"inLanguage\":\"es\",\"@id\":\"https:\\\/\\\/secure.gravatar.com\\\/avatar\\\/b6992f131dc8d30ab0dff15446e9d346d9dbd95992de0fef795073f5ea83a81c?s=96&d=mm&r=g\",\"url\":\"https:\\\/\\\/secure.gravatar.com\\\/avatar\\\/b6992f131dc8d30ab0dff15446e9d346d9dbd95992de0fef795073f5ea83a81c?s=96&d=mm&r=g\",\"contentUrl\":\"https:\\\/\\\/secure.gravatar.com\\\/avatar\\\/b6992f131dc8d30ab0dff15446e9d346d9dbd95992de0fef795073f5ea83a81c?s=96&d=mm&r=g\",\"caption\":\"La Gu\u00eda de Pamplona\"}}]}<\/script>\n<!-- \/ Yoast SEO plugin. -->","yoast_head_json":{"title":"Gerencia de Urbanismo avala la aprobaci\u00f3n definitiva del proyecto de urbanizaci\u00f3n de Misioneras, que prolonga la calle Amaya hasta Monjard\u00edn para mejorar la conexi\u00f3n peatonal con Lezkairu","description":"La urbanizaci\u00f3n precisa demoler una parte del edificio de Misioneras y supondr\u00e1 un nuevo espacio peatonal de 1.427 metros cuadrados","robots":{"index":"index","follow":"follow","max-snippet":"max-snippet:-1","max-image-preview":"max-image-preview:large","max-video-preview":"max-video-preview:-1"},"canonical":"https:\/\/www.laguiadepamplona.com\/actualidad\/gerencia-de-urbanismo-avala-la-aprobacion-definitiva-del-proyecto-de-urbanizacion-de-misioneras-que-prolonga-la-calle-amaya-hasta-monjardin-para-mejorar-la-conexion-peatonal-con-lezkairu\/","og_locale":"es_ES","og_type":"article","og_title":"Gerencia de Urbanismo avala la aprobaci\u00f3n definitiva del proyecto de urbanizaci\u00f3n de Misioneras, que prolonga la calle Amaya hasta Monjard\u00edn para mejorar la conexi\u00f3n peatonal con Lezkairu","og_description":"La urbanizaci\u00f3n precisa demoler una parte del edificio de Misioneras y supondr\u00e1 un nuevo espacio peatonal de 1.427 metros cuadrados","og_url":"https:\/\/www.laguiadepamplona.com\/actualidad\/gerencia-de-urbanismo-avala-la-aprobacion-definitiva-del-proyecto-de-urbanizacion-de-misioneras-que-prolonga-la-calle-amaya-hasta-monjardin-para-mejorar-la-conexion-peatonal-con-lezkairu\/","og_site_name":"La Gu\u00eda de Pamplona","article_publisher":"https:\/\/www.facebook.com\/laguiadepamplonacom-133175176762273\/?ref=hl","article_published_time":"2023-03-22T12:20:41+00:00","article_modified_time":"2023-04-11T09:46:58+00:00","og_image":[{"width":641,"height":412,"url":"https:\/\/www.laguiadepamplona.com\/actualidad\/wp-content\/uploads\/2023\/03\/sitna-web_0.jpg","type":"image\/jpeg"}],"author":"La Gu\u00eda de Pamplona","twitter_card":"summary_large_image","twitter_creator":"@LaGuiadPamplona","twitter_site":"@LaGuiadPamplona","twitter_misc":{"Escrito por":"La Gu\u00eda de Pamplona","Tiempo de lectura":"3 minutos"},"schema":{"@context":"https:\/\/schema.org","@graph":[{"@type":"Article","@id":"https:\/\/www.laguiadepamplona.com\/actualidad\/gerencia-de-urbanismo-avala-la-aprobacion-definitiva-del-proyecto-de-urbanizacion-de-misioneras-que-prolonga-la-calle-amaya-hasta-monjardin-para-mejorar-la-conexion-peatonal-con-lezkairu\/#article","isPartOf":{"@id":"https:\/\/www.laguiadepamplona.com\/actualidad\/gerencia-de-urbanismo-avala-la-aprobacion-definitiva-del-proyecto-de-urbanizacion-de-misioneras-que-prolonga-la-calle-amaya-hasta-monjardin-para-mejorar-la-conexion-peatonal-con-lezkairu\/"},"author":{"name":"La Gu\u00eda de Pamplona","@id":"https:\/\/www.laguiadepamplona.com\/actualidad\/#\/schema\/person\/efe887376f0213d4657c93adc50b1fdb"},"headline":"Gerencia de Urbanismo avala la aprobaci\u00f3n definitiva del proyecto de urbanizaci\u00f3n de Misioneras, que prolonga la calle Amaya hasta Monjard\u00edn para mejorar la conexi\u00f3n peatonal con Lezkairu","datePublished":"2023-03-22T12:20:41+00:00","dateModified":"2023-04-11T09:46:58+00:00","mainEntityOfPage":{"@id":"https:\/\/www.laguiadepamplona.com\/actualidad\/gerencia-de-urbanismo-avala-la-aprobacion-definitiva-del-proyecto-de-urbanizacion-de-misioneras-que-prolonga-la-calle-amaya-hasta-monjardin-para-mejorar-la-conexion-peatonal-con-lezkairu\/"},"wordCount":578,"commentCount":0,"publisher":{"@id":"https:\/\/www.laguiadepamplona.com\/actualidad\/#organization"},"image":{"@id":"https:\/\/www.laguiadepamplona.com\/actualidad\/gerencia-de-urbanismo-avala-la-aprobacion-definitiva-del-proyecto-de-urbanizacion-de-misioneras-que-prolonga-la-calle-amaya-hasta-monjardin-para-mejorar-la-conexion-peatonal-con-lezkairu\/#primaryimage"},"thumbnailUrl":"https:\/\/www.laguiadepamplona.com\/actualidad\/wp-content\/uploads\/2023\/03\/sitna-web_0.jpg","articleSection":["Ayto Pamplona"],"inLanguage":"es","potentialAction":[{"@type":"CommentAction","name":"Comment","target":["https:\/\/www.laguiadepamplona.com\/actualidad\/gerencia-de-urbanismo-avala-la-aprobacion-definitiva-del-proyecto-de-urbanizacion-de-misioneras-que-prolonga-la-calle-amaya-hasta-monjardin-para-mejorar-la-conexion-peatonal-con-lezkairu\/#respond"]}]},{"@type":"WebPage","@id":"https:\/\/www.laguiadepamplona.com\/actualidad\/gerencia-de-urbanismo-avala-la-aprobacion-definitiva-del-proyecto-de-urbanizacion-de-misioneras-que-prolonga-la-calle-amaya-hasta-monjardin-para-mejorar-la-conexion-peatonal-con-lezkairu\/","url":"https:\/\/www.laguiadepamplona.com\/actualidad\/gerencia-de-urbanismo-avala-la-aprobacion-definitiva-del-proyecto-de-urbanizacion-de-misioneras-que-prolonga-la-calle-amaya-hasta-monjardin-para-mejorar-la-conexion-peatonal-con-lezkairu\/","name":"Gerencia de Urbanismo avala la aprobaci\u00f3n definitiva del proyecto de urbanizaci\u00f3n de Misioneras, que prolonga la calle Amaya hasta Monjard\u00edn para mejorar la conexi\u00f3n peatonal con Lezkairu","isPartOf":{"@id":"https:\/\/www.laguiadepamplona.com\/actualidad\/#website"},"primaryImageOfPage":{"@id":"https:\/\/www.laguiadepamplona.com\/actualidad\/gerencia-de-urbanismo-avala-la-aprobacion-definitiva-del-proyecto-de-urbanizacion-de-misioneras-que-prolonga-la-calle-amaya-hasta-monjardin-para-mejorar-la-conexion-peatonal-con-lezkairu\/#primaryimage"},"image":{"@id":"https:\/\/www.laguiadepamplona.com\/actualidad\/gerencia-de-urbanismo-avala-la-aprobacion-definitiva-del-proyecto-de-urbanizacion-de-misioneras-que-prolonga-la-calle-amaya-hasta-monjardin-para-mejorar-la-conexion-peatonal-con-lezkairu\/#primaryimage"},"thumbnailUrl":"https:\/\/www.laguiadepamplona.com\/actualidad\/wp-content\/uploads\/2023\/03\/sitna-web_0.jpg","datePublished":"2023-03-22T12:20:41+00:00","dateModified":"2023-04-11T09:46:58+00:00","description":"La urbanizaci\u00f3n precisa demoler una parte del edificio de Misioneras y supondr\u00e1 un nuevo espacio peatonal de 1.427 metros cuadrados","breadcrumb":{"@id":"https:\/\/www.laguiadepamplona.com\/actualidad\/gerencia-de-urbanismo-avala-la-aprobacion-definitiva-del-proyecto-de-urbanizacion-de-misioneras-que-prolonga-la-calle-amaya-hasta-monjardin-para-mejorar-la-conexion-peatonal-con-lezkairu\/#breadcrumb"},"inLanguage":"es","potentialAction":[{"@type":"ReadAction","target":["https:\/\/www.laguiadepamplona.com\/actualidad\/gerencia-de-urbanismo-avala-la-aprobacion-definitiva-del-proyecto-de-urbanizacion-de-misioneras-que-prolonga-la-calle-amaya-hasta-monjardin-para-mejorar-la-conexion-peatonal-con-lezkairu\/"]}]},{"@type":"ImageObject","inLanguage":"es","@id":"https:\/\/www.laguiadepamplona.com\/actualidad\/gerencia-de-urbanismo-avala-la-aprobacion-definitiva-del-proyecto-de-urbanizacion-de-misioneras-que-prolonga-la-calle-amaya-hasta-monjardin-para-mejorar-la-conexion-peatonal-con-lezkairu\/#primaryimage","url":"https:\/\/www.laguiadepamplona.com\/actualidad\/wp-content\/uploads\/2023\/03\/sitna-web_0.jpg","contentUrl":"https:\/\/www.laguiadepamplona.com\/actualidad\/wp-content\/uploads\/2023\/03\/sitna-web_0.jpg","width":641,"height":412},{"@type":"BreadcrumbList","@id":"https:\/\/www.laguiadepamplona.com\/actualidad\/gerencia-de-urbanismo-avala-la-aprobacion-definitiva-del-proyecto-de-urbanizacion-de-misioneras-que-prolonga-la-calle-amaya-hasta-monjardin-para-mejorar-la-conexion-peatonal-con-lezkairu\/#breadcrumb","itemListElement":[{"@type":"ListItem","position":1,"name":"Portada","item":"https:\/\/www.laguiadepamplona.com\/actualidad\/"},{"@type":"ListItem","position":2,"name":"Gerencia de Urbanismo avala la aprobaci\u00f3n definitiva del proyecto de urbanizaci\u00f3n de Misioneras, que prolonga la calle Amaya hasta Monjard\u00edn para mejorar la conexi\u00f3n peatonal con Lezkairu"}]},{"@type":"WebSite","@id":"https:\/\/www.laguiadepamplona.com\/actualidad\/#website","url":"https:\/\/www.laguiadepamplona.com\/actualidad\/","name":"La gu\u00eda de Pamplona","description":"Noticias de Pamplona","publisher":{"@id":"https:\/\/www.laguiadepamplona.com\/actualidad\/#organization"},"potentialAction":[{"@type":"SearchAction","target":{"@type":"EntryPoint","urlTemplate":"https:\/\/www.laguiadepamplona.com\/actualidad\/?s={search_term_string}"},"query-input":{"@type":"PropertyValueSpecification","valueRequired":true,"valueName":"search_term_string"}}],"inLanguage":"es"},{"@type":"Organization","@id":"https:\/\/www.laguiadepamplona.com\/actualidad\/#organization","name":"La Gu\u00eda de Pamplona \/ Noticias","url":"https:\/\/www.laguiadepamplona.com\/actualidad\/","logo":{"@type":"ImageObject","inLanguage":"es","@id":"https:\/\/www.laguiadepamplona.com\/actualidad\/#\/schema\/logo\/image\/","url":"https:\/\/www.laguiadepamplona.com\/actualidad\/wp-content\/uploads\/2018\/11\/logo-laguiadepamplona18-web1.png","contentUrl":"https:\/\/www.laguiadepamplona.com\/actualidad\/wp-content\/uploads\/2018\/11\/logo-laguiadepamplona18-web1.png","width":600,"height":196,"caption":"La Gu\u00eda de Pamplona \/ Noticias"},"image":{"@id":"https:\/\/www.laguiadepamplona.com\/actualidad\/#\/schema\/logo\/image\/"},"sameAs":["https:\/\/www.facebook.com\/laguiadepamplonacom-133175176762273\/?ref=hl","https:\/\/x.com\/LaGuiadPamplona","https:\/\/www.instagram.com\/la_guia_de_pamplona\/","https:\/\/www.youtube.com\/user\/laguiadepamplona"]},{"@type":"Person","@id":"https:\/\/www.laguiadepamplona.com\/actualidad\/#\/schema\/person\/efe887376f0213d4657c93adc50b1fdb","name":"La Gu\u00eda de Pamplona","image":{"@type":"ImageObject","inLanguage":"es","@id":"https:\/\/secure.gravatar.com\/avatar\/b6992f131dc8d30ab0dff15446e9d346d9dbd95992de0fef795073f5ea83a81c?s=96&d=mm&r=g","url":"https:\/\/secure.gravatar.com\/avatar\/b6992f131dc8d30ab0dff15446e9d346d9dbd95992de0fef795073f5ea83a81c?s=96&d=mm&r=g","contentUrl":"https:\/\/secure.gravatar.com\/avatar\/b6992f131dc8d30ab0dff15446e9d346d9dbd95992de0fef795073f5ea83a81c?s=96&d=mm&r=g","caption":"La Gu\u00eda de Pamplona"}}]}},"post_mailing_queue_ids":[],"_links":{"self":[{"href":"https:\/\/www.laguiadepamplona.com\/actualidad\/wp-json\/wp\/v2\/posts\/43253","targetHints":{"allow":["GET"]}}],"collection":[{"href":"https:\/\/www.laguiadepamplona.com\/actualidad\/wp-json\/wp\/v2\/posts"}],"about":[{"href":"https:\/\/www.laguiadepamplona.com\/actualidad\/wp-json\/wp\/v2\/types\/post"}],"author":[{"embeddable":true,"href":"https:\/\/www.laguiadepamplona.com\/actualidad\/wp-json\/wp\/v2\/users\/1"}],"replies":[{"embeddable":true,"href":"https:\/\/www.laguiadepamplona.com\/actualidad\/wp-json\/wp\/v2\/comments?post=43253"}],"version-history":[{"count":0,"href":"https:\/\/www.laguiadepamplona.com\/actualidad\/wp-json\/wp\/v2\/posts\/43253\/revisions"}],"wp:featuredmedia":[{"embeddable":true,"href":"https:\/\/www.laguiadepamplona.com\/actualidad\/wp-json\/wp\/v2\/media\/43254"}],"wp:attachment":[{"href":"https:\/\/www.laguiadepamplona.com\/actualidad\/wp-json\/wp\/v2\/media?parent=43253"}],"wp:term":[{"taxonomy":"category","embeddable":true,"href":"https:\/\/www.laguiadepamplona.com\/actualidad\/wp-json\/wp\/v2\/categories?post=43253"},{"taxonomy":"post_tag","embeddable":true,"href":"https:\/\/www.laguiadepamplona.com\/actualidad\/wp-json\/wp\/v2\/tags?post=43253"}],"curies":[{"name":"wp","href":"https:\/\/api.w.org\/{rel}","templated":true}]}}