{"id":43251,"date":"2023-03-22T14:18:30","date_gmt":"2023-03-22T12:18:30","guid":{"rendered":"https:\/\/www.laguiadepamplona.com\/actualidad\/?p=43251"},"modified":"2023-04-11T11:46:58","modified_gmt":"2023-04-11T09:46:58","slug":"el-ayuntamiento-de-pamplona-inicia-la-campana-de-primavera-contra-la-avispa-asiatica-en-16-zonas-de-la-ciudad-este-ano-tambien-en-la-ciudadela","status":"publish","type":"post","link":"https:\/\/www.laguiadepamplona.com\/actualidad\/el-ayuntamiento-de-pamplona-inicia-la-campana-de-primavera-contra-la-avispa-asiatica-en-16-zonas-de-la-ciudad-este-ano-tambien-en-la-ciudadela\/","title":{"rendered":"El Ayuntamiento de Pamplona inicia la campa\u00f1a de primavera contra la avispa asi\u00e1tica en 16 zonas de la ciudad, este a\u00f1o tambi\u00e9n en la Ciudadela"},"content":{"rendered":"<h5>El pasado a\u00f1o se capturaron 450 avispas reinas gracias a 43 trampas, se retiraron o inactivaron 26 nidos y se registraron otros18 ya inactivos<\/h5>\n<p><!--more--><\/p>\n<p>El Ayuntamiento de Pamplona ha ampliado a la Ciudadela la campa\u00f1a contra la <em>Vespa velutina<\/em>, m\u00e1s conocida como avispa asi\u00e1tica, por lo que ya son 16 las zonas de la ciudad en las que se va a actuar en la campa\u00f1a de primavera. La decisi\u00f3n de ampliar est\u00e1 vinculada a la detecci\u00f3n de un nido en esta zona el a\u00f1o pasado. La extensi\u00f3n de esta especie en Navarra est\u00e1 provocando la desaparici\u00f3n de otros polinizadores aut\u00f3ctonos, perjudicando la apicultura y la fruticultura, adem\u00e1s de presentar riesgo sanitario para la seguridad ciudadana en entornos urbanos.<br \/>\n<script async src=\"\/\/pagead2.googlesyndication.com\/pagead\/js\/adsbygoogle.js\"><\/script><br \/>\n<!-- Noticias La Guia de Pamplona --><br \/>\n<ins class=\"adsbygoogle\"\nstyle=\"display:block\"\ndata-ad-client=\"ca-pub-6943679897239327\"\ndata-ad-slot=\"7048180777\"\ndata-ad-format=\"auto\"><\/ins><br \/>\n<script>\n(adsbygoogle = window.adsbygoogle || []).push({});\n<\/script><\/p>\n<p>Como cada a\u00f1o el Consistorio solicita la colaboraci\u00f3n de la ciudadan\u00eda en la detecci\u00f3n precoz de la <em>Vespa<\/em><em> velutina<\/em>, de forma que quienes detecten nidos primarios deben ponerse en contacto directamente con el Parque de Desinfecci\u00f3n en el tel\u00e9fono 948 420 994 o llamando al Servicios de Atenci\u00f3n Ciudadana en tel\u00e9fono 010 o al 948 420 100. En las pr\u00f3ximas semanas el Ayuntamiento de Pamplona actuar\u00e1 sobre los nidos, tanto en lugares p\u00fablicos, como privados, en un servicio que se presta de forma gratuita.<\/p>\n<p>Primavera es la estaci\u00f3n en la que se deben retirar los nidos primarios que est\u00e1n en construcci\u00f3n a partir del mes de febrero. Estos nidos estructuras esf\u00e9ricas del tama\u00f1o de una pelota de tenis y habitualmente se enclavan en dinteles de ventanas, aleros, vigas de porches o, arboles de bajo porte. Suelen estar en espacios protegidos de la lluvia. Las reinas fecundadas salen de su letargo en febrero-marzo para hacer el nido primario temporal donde ponen sus huevos formando una peque\u00f1a colonia de avispas obreras. En estos momentos esos nidos son muy vulnerables y f\u00e1ciles de eliminar. De no hacerlo, en mayo se iniciar\u00e1 la construcci\u00f3n del nido secundario que crecer\u00e1 hasta albergar a m\u00e1s de 2.000 avispas y, con el crecimiento de las hojas de los \u00e1rboles de gran porte donde se instalan, quedar\u00e1 oculto a la vista.<br \/>\n<script async src=\"\/\/pagead2.googlesyndication.com\/pagead\/js\/adsbygoogle.js\"><\/script><br \/>\n<!-- Noticias La Guia de Pamplona --><br \/>\n<ins class=\"adsbygoogle\"\nstyle=\"display:block\"\ndata-ad-client=\"ca-pub-6943679897239327\"\ndata-ad-slot=\"7048180777\"\ndata-ad-format=\"auto\"><\/ins><br \/>\n<script>\n(adsbygoogle = window.adsbygoogle || []).push({});\n<\/script><\/p>\n<p>El Parque de Desinfecci\u00f3n municipal, en aplicaci\u00f3n del protocolo contra la extensi\u00f3n de este insecto, la pasada primavera coloc\u00f3 43 trampas en 15 zonas de la ciudad y en ellas se capturaron 450 avispas reinas. De los 48 nidos detectados durante el ciclo 2022-2023, 22 fueron retirados, 4 inactivados, 4 se derivaron al 112 para su retirada o inactivaci\u00f3n y 18 fueron registrados y\/o marcados, al detectarse fuera de la fecha de retirada o del periodo de inactivaci\u00f3n previsto.<\/p>\n<p>Ser\u00e1 a finales de verano cuando las hembras fecundadas abandonen el nido para hibernar de forma que alrededor de febrero del a\u00f1o que viene vuelva a comenzar ciclo. El nido secundario quedar\u00e1 vac\u00edo e inactivo y se ir\u00e1 deteriorando de manera natural de forma que no ser\u00e1 utilizado nuevamente.<\/p>\n","protected":false},"excerpt":{"rendered":"<p>El pasado a\u00f1o se capturaron 450 avispas reinas gracias a 43 trampas, se retiraron o inactivaron 26 nidos y se registraron otros18 ya inactivos<\/p>\n","protected":false},"author":1,"featured_media":36673,"comment_status":"open","ping_status":"closed","sticky":false,"template":"","format":"standard","meta":{"footnotes":""},"categories":[2],"tags":[],"class_list":["post-43251","post","type-post","status-publish","format-standard","has-post-thumbnail","hentry","category-ayuntamiento-pamplona"],"yoast_head":"<!-- This site is optimized with the Yoast SEO plugin v27.3 - https:\/\/yoast.com\/product\/yoast-seo-wordpress\/ -->\n<title>El Ayuntamiento de Pamplona inicia la campa\u00f1a de primavera contra la avispa asi\u00e1tica en 16 zonas de la ciudad, este a\u00f1o tambi\u00e9n en la Ciudadela<\/title>\n<meta name=\"description\" content=\"El pasado a\u00f1o se capturaron 450 avispas reinas gracias a 43 trampas, se retiraron o inactivaron 26 nidos y se registraron otros18 ya inactivos\" \/>\n<meta name=\"robots\" content=\"index, follow, max-snippet:-1, max-image-preview:large, max-video-preview:-1\" \/>\n<link rel=\"canonical\" href=\"https:\/\/www.laguiadepamplona.com\/actualidad\/el-ayuntamiento-de-pamplona-inicia-la-campana-de-primavera-contra-la-avispa-asiatica-en-16-zonas-de-la-ciudad-este-ano-tambien-en-la-ciudadela\/\" \/>\n<meta property=\"og:locale\" content=\"es_ES\" \/>\n<meta property=\"og:type\" content=\"article\" \/>\n<meta property=\"og:title\" content=\"El Ayuntamiento de Pamplona inicia la campa\u00f1a de primavera contra la avispa asi\u00e1tica en 16 zonas de la ciudad, este a\u00f1o tambi\u00e9n en la Ciudadela\" \/>\n<meta property=\"og:description\" content=\"El pasado a\u00f1o se capturaron 450 avispas reinas gracias a 43 trampas, se retiraron o inactivaron 26 nidos y se registraron otros18 ya inactivos\" \/>\n<meta property=\"og:url\" content=\"https:\/\/www.laguiadepamplona.com\/actualidad\/el-ayuntamiento-de-pamplona-inicia-la-campana-de-primavera-contra-la-avispa-asiatica-en-16-zonas-de-la-ciudad-este-ano-tambien-en-la-ciudadela\/\" \/>\n<meta property=\"og:site_name\" content=\"La Gu\u00eda de Pamplona\" \/>\n<meta property=\"article:publisher\" content=\"https:\/\/www.facebook.com\/laguiadepamplonacom-133175176762273\/?ref=hl\" \/>\n<meta property=\"article:published_time\" content=\"2023-03-22T12:18:30+00:00\" \/>\n<meta property=\"article:modified_time\" content=\"2023-04-11T09:46:58+00:00\" \/>\n<meta property=\"og:image\" content=\"https:\/\/www.laguiadepamplona.com\/actualidad\/wp-content\/uploads\/2021\/09\/avisponjmg0321.jpg\" \/>\n\t<meta property=\"og:image:width\" content=\"1920\" \/>\n\t<meta property=\"og:image:height\" content=\"1280\" \/>\n\t<meta property=\"og:image:type\" content=\"image\/jpeg\" \/>\n<meta name=\"author\" content=\"La Gu\u00eda de Pamplona\" \/>\n<meta name=\"twitter:card\" content=\"summary_large_image\" \/>\n<meta name=\"twitter:creator\" content=\"@LaGuiadPamplona\" \/>\n<meta name=\"twitter:site\" content=\"@LaGuiadPamplona\" \/>\n<meta name=\"twitter:label1\" content=\"Escrito por\" \/>\n\t<meta name=\"twitter:data1\" content=\"La Gu\u00eda de Pamplona\" \/>\n\t<meta name=\"twitter:label2\" content=\"Tiempo de lectura\" \/>\n\t<meta name=\"twitter:data2\" content=\"3 minutos\" \/>\n<script type=\"application\/ld+json\" class=\"yoast-schema-graph\">{\"@context\":\"https:\\\/\\\/schema.org\",\"@graph\":[{\"@type\":\"Article\",\"@id\":\"https:\\\/\\\/www.laguiadepamplona.com\\\/actualidad\\\/el-ayuntamiento-de-pamplona-inicia-la-campana-de-primavera-contra-la-avispa-asiatica-en-16-zonas-de-la-ciudad-este-ano-tambien-en-la-ciudadela\\\/#article\",\"isPartOf\":{\"@id\":\"https:\\\/\\\/www.laguiadepamplona.com\\\/actualidad\\\/el-ayuntamiento-de-pamplona-inicia-la-campana-de-primavera-contra-la-avispa-asiatica-en-16-zonas-de-la-ciudad-este-ano-tambien-en-la-ciudadela\\\/\"},\"author\":{\"name\":\"La Gu\u00eda de Pamplona\",\"@id\":\"https:\\\/\\\/www.laguiadepamplona.com\\\/actualidad\\\/#\\\/schema\\\/person\\\/efe887376f0213d4657c93adc50b1fdb\"},\"headline\":\"El Ayuntamiento de Pamplona inicia la campa\u00f1a de primavera contra la avispa asi\u00e1tica en 16 zonas de la ciudad, este a\u00f1o tambi\u00e9n en la Ciudadela\",\"datePublished\":\"2023-03-22T12:18:30+00:00\",\"dateModified\":\"2023-04-11T09:46:58+00:00\",\"mainEntityOfPage\":{\"@id\":\"https:\\\/\\\/www.laguiadepamplona.com\\\/actualidad\\\/el-ayuntamiento-de-pamplona-inicia-la-campana-de-primavera-contra-la-avispa-asiatica-en-16-zonas-de-la-ciudad-este-ano-tambien-en-la-ciudadela\\\/\"},\"wordCount\":515,\"commentCount\":0,\"publisher\":{\"@id\":\"https:\\\/\\\/www.laguiadepamplona.com\\\/actualidad\\\/#organization\"},\"image\":{\"@id\":\"https:\\\/\\\/www.laguiadepamplona.com\\\/actualidad\\\/el-ayuntamiento-de-pamplona-inicia-la-campana-de-primavera-contra-la-avispa-asiatica-en-16-zonas-de-la-ciudad-este-ano-tambien-en-la-ciudadela\\\/#primaryimage\"},\"thumbnailUrl\":\"https:\\\/\\\/www.laguiadepamplona.com\\\/actualidad\\\/wp-content\\\/uploads\\\/2021\\\/09\\\/avisponjmg0321.jpg\",\"articleSection\":[\"Ayto Pamplona\"],\"inLanguage\":\"es\",\"potentialAction\":[{\"@type\":\"CommentAction\",\"name\":\"Comment\",\"target\":[\"https:\\\/\\\/www.laguiadepamplona.com\\\/actualidad\\\/el-ayuntamiento-de-pamplona-inicia-la-campana-de-primavera-contra-la-avispa-asiatica-en-16-zonas-de-la-ciudad-este-ano-tambien-en-la-ciudadela\\\/#respond\"]}]},{\"@type\":\"WebPage\",\"@id\":\"https:\\\/\\\/www.laguiadepamplona.com\\\/actualidad\\\/el-ayuntamiento-de-pamplona-inicia-la-campana-de-primavera-contra-la-avispa-asiatica-en-16-zonas-de-la-ciudad-este-ano-tambien-en-la-ciudadela\\\/\",\"url\":\"https:\\\/\\\/www.laguiadepamplona.com\\\/actualidad\\\/el-ayuntamiento-de-pamplona-inicia-la-campana-de-primavera-contra-la-avispa-asiatica-en-16-zonas-de-la-ciudad-este-ano-tambien-en-la-ciudadela\\\/\",\"name\":\"El Ayuntamiento de Pamplona inicia la campa\u00f1a de primavera contra la avispa asi\u00e1tica en 16 zonas de la ciudad, este a\u00f1o tambi\u00e9n en la Ciudadela\",\"isPartOf\":{\"@id\":\"https:\\\/\\\/www.laguiadepamplona.com\\\/actualidad\\\/#website\"},\"primaryImageOfPage\":{\"@id\":\"https:\\\/\\\/www.laguiadepamplona.com\\\/actualidad\\\/el-ayuntamiento-de-pamplona-inicia-la-campana-de-primavera-contra-la-avispa-asiatica-en-16-zonas-de-la-ciudad-este-ano-tambien-en-la-ciudadela\\\/#primaryimage\"},\"image\":{\"@id\":\"https:\\\/\\\/www.laguiadepamplona.com\\\/actualidad\\\/el-ayuntamiento-de-pamplona-inicia-la-campana-de-primavera-contra-la-avispa-asiatica-en-16-zonas-de-la-ciudad-este-ano-tambien-en-la-ciudadela\\\/#primaryimage\"},\"thumbnailUrl\":\"https:\\\/\\\/www.laguiadepamplona.com\\\/actualidad\\\/wp-content\\\/uploads\\\/2021\\\/09\\\/avisponjmg0321.jpg\",\"datePublished\":\"2023-03-22T12:18:30+00:00\",\"dateModified\":\"2023-04-11T09:46:58+00:00\",\"description\":\"El pasado a\u00f1o se capturaron 450 avispas reinas gracias a 43 trampas, se retiraron o inactivaron 26 nidos y se registraron otros18 ya inactivos\",\"breadcrumb\":{\"@id\":\"https:\\\/\\\/www.laguiadepamplona.com\\\/actualidad\\\/el-ayuntamiento-de-pamplona-inicia-la-campana-de-primavera-contra-la-avispa-asiatica-en-16-zonas-de-la-ciudad-este-ano-tambien-en-la-ciudadela\\\/#breadcrumb\"},\"inLanguage\":\"es\",\"potentialAction\":[{\"@type\":\"ReadAction\",\"target\":[\"https:\\\/\\\/www.laguiadepamplona.com\\\/actualidad\\\/el-ayuntamiento-de-pamplona-inicia-la-campana-de-primavera-contra-la-avispa-asiatica-en-16-zonas-de-la-ciudad-este-ano-tambien-en-la-ciudadela\\\/\"]}]},{\"@type\":\"ImageObject\",\"inLanguage\":\"es\",\"@id\":\"https:\\\/\\\/www.laguiadepamplona.com\\\/actualidad\\\/el-ayuntamiento-de-pamplona-inicia-la-campana-de-primavera-contra-la-avispa-asiatica-en-16-zonas-de-la-ciudad-este-ano-tambien-en-la-ciudadela\\\/#primaryimage\",\"url\":\"https:\\\/\\\/www.laguiadepamplona.com\\\/actualidad\\\/wp-content\\\/uploads\\\/2021\\\/09\\\/avisponjmg0321.jpg\",\"contentUrl\":\"https:\\\/\\\/www.laguiadepamplona.com\\\/actualidad\\\/wp-content\\\/uploads\\\/2021\\\/09\\\/avisponjmg0321.jpg\",\"width\":1920,\"height\":1280,\"caption\":\"A* Jes\u00fas Garzaron F* 2020_11_26 T* Retirada de nido de avispas asi\u00e1ticas L* Calle Valle de Eg\u00fc\u00e9s, Pamplona\"},{\"@type\":\"BreadcrumbList\",\"@id\":\"https:\\\/\\\/www.laguiadepamplona.com\\\/actualidad\\\/el-ayuntamiento-de-pamplona-inicia-la-campana-de-primavera-contra-la-avispa-asiatica-en-16-zonas-de-la-ciudad-este-ano-tambien-en-la-ciudadela\\\/#breadcrumb\",\"itemListElement\":[{\"@type\":\"ListItem\",\"position\":1,\"name\":\"Portada\",\"item\":\"https:\\\/\\\/www.laguiadepamplona.com\\\/actualidad\\\/\"},{\"@type\":\"ListItem\",\"position\":2,\"name\":\"El Ayuntamiento de Pamplona inicia la campa\u00f1a de primavera contra la avispa asi\u00e1tica en 16 zonas de la ciudad, este a\u00f1o tambi\u00e9n en la Ciudadela\"}]},{\"@type\":\"WebSite\",\"@id\":\"https:\\\/\\\/www.laguiadepamplona.com\\\/actualidad\\\/#website\",\"url\":\"https:\\\/\\\/www.laguiadepamplona.com\\\/actualidad\\\/\",\"name\":\"La gu\u00eda de Pamplona\",\"description\":\"Noticias de Pamplona\",\"publisher\":{\"@id\":\"https:\\\/\\\/www.laguiadepamplona.com\\\/actualidad\\\/#organization\"},\"potentialAction\":[{\"@type\":\"SearchAction\",\"target\":{\"@type\":\"EntryPoint\",\"urlTemplate\":\"https:\\\/\\\/www.laguiadepamplona.com\\\/actualidad\\\/?s={search_term_string}\"},\"query-input\":{\"@type\":\"PropertyValueSpecification\",\"valueRequired\":true,\"valueName\":\"search_term_string\"}}],\"inLanguage\":\"es\"},{\"@type\":\"Organization\",\"@id\":\"https:\\\/\\\/www.laguiadepamplona.com\\\/actualidad\\\/#organization\",\"name\":\"La Gu\u00eda de Pamplona \\\/ Noticias\",\"url\":\"https:\\\/\\\/www.laguiadepamplona.com\\\/actualidad\\\/\",\"logo\":{\"@type\":\"ImageObject\",\"inLanguage\":\"es\",\"@id\":\"https:\\\/\\\/www.laguiadepamplona.com\\\/actualidad\\\/#\\\/schema\\\/logo\\\/image\\\/\",\"url\":\"https:\\\/\\\/www.laguiadepamplona.com\\\/actualidad\\\/wp-content\\\/uploads\\\/2018\\\/11\\\/logo-laguiadepamplona18-web1.png\",\"contentUrl\":\"https:\\\/\\\/www.laguiadepamplona.com\\\/actualidad\\\/wp-content\\\/uploads\\\/2018\\\/11\\\/logo-laguiadepamplona18-web1.png\",\"width\":600,\"height\":196,\"caption\":\"La Gu\u00eda de Pamplona \\\/ Noticias\"},\"image\":{\"@id\":\"https:\\\/\\\/www.laguiadepamplona.com\\\/actualidad\\\/#\\\/schema\\\/logo\\\/image\\\/\"},\"sameAs\":[\"https:\\\/\\\/www.facebook.com\\\/laguiadepamplonacom-133175176762273\\\/?ref=hl\",\"https:\\\/\\\/x.com\\\/LaGuiadPamplona\",\"https:\\\/\\\/www.instagram.com\\\/la_guia_de_pamplona\\\/\",\"https:\\\/\\\/www.youtube.com\\\/user\\\/laguiadepamplona\"]},{\"@type\":\"Person\",\"@id\":\"https:\\\/\\\/www.laguiadepamplona.com\\\/actualidad\\\/#\\\/schema\\\/person\\\/efe887376f0213d4657c93adc50b1fdb\",\"name\":\"La Gu\u00eda de Pamplona\",\"image\":{\"@type\":\"ImageObject\",\"inLanguage\":\"es\",\"@id\":\"https:\\\/\\\/secure.gravatar.com\\\/avatar\\\/b6992f131dc8d30ab0dff15446e9d346d9dbd95992de0fef795073f5ea83a81c?s=96&d=mm&r=g\",\"url\":\"https:\\\/\\\/secure.gravatar.com\\\/avatar\\\/b6992f131dc8d30ab0dff15446e9d346d9dbd95992de0fef795073f5ea83a81c?s=96&d=mm&r=g\",\"contentUrl\":\"https:\\\/\\\/secure.gravatar.com\\\/avatar\\\/b6992f131dc8d30ab0dff15446e9d346d9dbd95992de0fef795073f5ea83a81c?s=96&d=mm&r=g\",\"caption\":\"La Gu\u00eda de Pamplona\"}}]}<\/script>\n<!-- \/ Yoast SEO plugin. -->","yoast_head_json":{"title":"El Ayuntamiento de Pamplona inicia la campa\u00f1a de primavera contra la avispa asi\u00e1tica en 16 zonas de la ciudad, este a\u00f1o tambi\u00e9n en la Ciudadela","description":"El pasado a\u00f1o se capturaron 450 avispas reinas gracias a 43 trampas, se retiraron o inactivaron 26 nidos y se registraron otros18 ya inactivos","robots":{"index":"index","follow":"follow","max-snippet":"max-snippet:-1","max-image-preview":"max-image-preview:large","max-video-preview":"max-video-preview:-1"},"canonical":"https:\/\/www.laguiadepamplona.com\/actualidad\/el-ayuntamiento-de-pamplona-inicia-la-campana-de-primavera-contra-la-avispa-asiatica-en-16-zonas-de-la-ciudad-este-ano-tambien-en-la-ciudadela\/","og_locale":"es_ES","og_type":"article","og_title":"El Ayuntamiento de Pamplona inicia la campa\u00f1a de primavera contra la avispa asi\u00e1tica en 16 zonas de la ciudad, este a\u00f1o tambi\u00e9n en la Ciudadela","og_description":"El pasado a\u00f1o se capturaron 450 avispas reinas gracias a 43 trampas, se retiraron o inactivaron 26 nidos y se registraron otros18 ya inactivos","og_url":"https:\/\/www.laguiadepamplona.com\/actualidad\/el-ayuntamiento-de-pamplona-inicia-la-campana-de-primavera-contra-la-avispa-asiatica-en-16-zonas-de-la-ciudad-este-ano-tambien-en-la-ciudadela\/","og_site_name":"La Gu\u00eda de Pamplona","article_publisher":"https:\/\/www.facebook.com\/laguiadepamplonacom-133175176762273\/?ref=hl","article_published_time":"2023-03-22T12:18:30+00:00","article_modified_time":"2023-04-11T09:46:58+00:00","og_image":[{"width":1920,"height":1280,"url":"https:\/\/www.laguiadepamplona.com\/actualidad\/wp-content\/uploads\/2021\/09\/avisponjmg0321.jpg","type":"image\/jpeg"}],"author":"La Gu\u00eda de Pamplona","twitter_card":"summary_large_image","twitter_creator":"@LaGuiadPamplona","twitter_site":"@LaGuiadPamplona","twitter_misc":{"Escrito por":"La Gu\u00eda de Pamplona","Tiempo de lectura":"3 minutos"},"schema":{"@context":"https:\/\/schema.org","@graph":[{"@type":"Article","@id":"https:\/\/www.laguiadepamplona.com\/actualidad\/el-ayuntamiento-de-pamplona-inicia-la-campana-de-primavera-contra-la-avispa-asiatica-en-16-zonas-de-la-ciudad-este-ano-tambien-en-la-ciudadela\/#article","isPartOf":{"@id":"https:\/\/www.laguiadepamplona.com\/actualidad\/el-ayuntamiento-de-pamplona-inicia-la-campana-de-primavera-contra-la-avispa-asiatica-en-16-zonas-de-la-ciudad-este-ano-tambien-en-la-ciudadela\/"},"author":{"name":"La Gu\u00eda de Pamplona","@id":"https:\/\/www.laguiadepamplona.com\/actualidad\/#\/schema\/person\/efe887376f0213d4657c93adc50b1fdb"},"headline":"El Ayuntamiento de Pamplona inicia la campa\u00f1a de primavera contra la avispa asi\u00e1tica en 16 zonas de la ciudad, este a\u00f1o tambi\u00e9n en la Ciudadela","datePublished":"2023-03-22T12:18:30+00:00","dateModified":"2023-04-11T09:46:58+00:00","mainEntityOfPage":{"@id":"https:\/\/www.laguiadepamplona.com\/actualidad\/el-ayuntamiento-de-pamplona-inicia-la-campana-de-primavera-contra-la-avispa-asiatica-en-16-zonas-de-la-ciudad-este-ano-tambien-en-la-ciudadela\/"},"wordCount":515,"commentCount":0,"publisher":{"@id":"https:\/\/www.laguiadepamplona.com\/actualidad\/#organization"},"image":{"@id":"https:\/\/www.laguiadepamplona.com\/actualidad\/el-ayuntamiento-de-pamplona-inicia-la-campana-de-primavera-contra-la-avispa-asiatica-en-16-zonas-de-la-ciudad-este-ano-tambien-en-la-ciudadela\/#primaryimage"},"thumbnailUrl":"https:\/\/www.laguiadepamplona.com\/actualidad\/wp-content\/uploads\/2021\/09\/avisponjmg0321.jpg","articleSection":["Ayto Pamplona"],"inLanguage":"es","potentialAction":[{"@type":"CommentAction","name":"Comment","target":["https:\/\/www.laguiadepamplona.com\/actualidad\/el-ayuntamiento-de-pamplona-inicia-la-campana-de-primavera-contra-la-avispa-asiatica-en-16-zonas-de-la-ciudad-este-ano-tambien-en-la-ciudadela\/#respond"]}]},{"@type":"WebPage","@id":"https:\/\/www.laguiadepamplona.com\/actualidad\/el-ayuntamiento-de-pamplona-inicia-la-campana-de-primavera-contra-la-avispa-asiatica-en-16-zonas-de-la-ciudad-este-ano-tambien-en-la-ciudadela\/","url":"https:\/\/www.laguiadepamplona.com\/actualidad\/el-ayuntamiento-de-pamplona-inicia-la-campana-de-primavera-contra-la-avispa-asiatica-en-16-zonas-de-la-ciudad-este-ano-tambien-en-la-ciudadela\/","name":"El Ayuntamiento de Pamplona inicia la campa\u00f1a de primavera contra la avispa asi\u00e1tica en 16 zonas de la ciudad, este a\u00f1o tambi\u00e9n en la Ciudadela","isPartOf":{"@id":"https:\/\/www.laguiadepamplona.com\/actualidad\/#website"},"primaryImageOfPage":{"@id":"https:\/\/www.laguiadepamplona.com\/actualidad\/el-ayuntamiento-de-pamplona-inicia-la-campana-de-primavera-contra-la-avispa-asiatica-en-16-zonas-de-la-ciudad-este-ano-tambien-en-la-ciudadela\/#primaryimage"},"image":{"@id":"https:\/\/www.laguiadepamplona.com\/actualidad\/el-ayuntamiento-de-pamplona-inicia-la-campana-de-primavera-contra-la-avispa-asiatica-en-16-zonas-de-la-ciudad-este-ano-tambien-en-la-ciudadela\/#primaryimage"},"thumbnailUrl":"https:\/\/www.laguiadepamplona.com\/actualidad\/wp-content\/uploads\/2021\/09\/avisponjmg0321.jpg","datePublished":"2023-03-22T12:18:30+00:00","dateModified":"2023-04-11T09:46:58+00:00","description":"El pasado a\u00f1o se capturaron 450 avispas reinas gracias a 43 trampas, se retiraron o inactivaron 26 nidos y se registraron otros18 ya inactivos","breadcrumb":{"@id":"https:\/\/www.laguiadepamplona.com\/actualidad\/el-ayuntamiento-de-pamplona-inicia-la-campana-de-primavera-contra-la-avispa-asiatica-en-16-zonas-de-la-ciudad-este-ano-tambien-en-la-ciudadela\/#breadcrumb"},"inLanguage":"es","potentialAction":[{"@type":"ReadAction","target":["https:\/\/www.laguiadepamplona.com\/actualidad\/el-ayuntamiento-de-pamplona-inicia-la-campana-de-primavera-contra-la-avispa-asiatica-en-16-zonas-de-la-ciudad-este-ano-tambien-en-la-ciudadela\/"]}]},{"@type":"ImageObject","inLanguage":"es","@id":"https:\/\/www.laguiadepamplona.com\/actualidad\/el-ayuntamiento-de-pamplona-inicia-la-campana-de-primavera-contra-la-avispa-asiatica-en-16-zonas-de-la-ciudad-este-ano-tambien-en-la-ciudadela\/#primaryimage","url":"https:\/\/www.laguiadepamplona.com\/actualidad\/wp-content\/uploads\/2021\/09\/avisponjmg0321.jpg","contentUrl":"https:\/\/www.laguiadepamplona.com\/actualidad\/wp-content\/uploads\/2021\/09\/avisponjmg0321.jpg","width":1920,"height":1280,"caption":"A* Jes\u00fas Garzaron F* 2020_11_26 T* Retirada de nido de avispas asi\u00e1ticas L* Calle Valle de Eg\u00fc\u00e9s, Pamplona"},{"@type":"BreadcrumbList","@id":"https:\/\/www.laguiadepamplona.com\/actualidad\/el-ayuntamiento-de-pamplona-inicia-la-campana-de-primavera-contra-la-avispa-asiatica-en-16-zonas-de-la-ciudad-este-ano-tambien-en-la-ciudadela\/#breadcrumb","itemListElement":[{"@type":"ListItem","position":1,"name":"Portada","item":"https:\/\/www.laguiadepamplona.com\/actualidad\/"},{"@type":"ListItem","position":2,"name":"El Ayuntamiento de Pamplona inicia la campa\u00f1a de primavera contra la avispa asi\u00e1tica en 16 zonas de la ciudad, este a\u00f1o tambi\u00e9n en la Ciudadela"}]},{"@type":"WebSite","@id":"https:\/\/www.laguiadepamplona.com\/actualidad\/#website","url":"https:\/\/www.laguiadepamplona.com\/actualidad\/","name":"La gu\u00eda de Pamplona","description":"Noticias de Pamplona","publisher":{"@id":"https:\/\/www.laguiadepamplona.com\/actualidad\/#organization"},"potentialAction":[{"@type":"SearchAction","target":{"@type":"EntryPoint","urlTemplate":"https:\/\/www.laguiadepamplona.com\/actualidad\/?s={search_term_string}"},"query-input":{"@type":"PropertyValueSpecification","valueRequired":true,"valueName":"search_term_string"}}],"inLanguage":"es"},{"@type":"Organization","@id":"https:\/\/www.laguiadepamplona.com\/actualidad\/#organization","name":"La Gu\u00eda de Pamplona \/ Noticias","url":"https:\/\/www.laguiadepamplona.com\/actualidad\/","logo":{"@type":"ImageObject","inLanguage":"es","@id":"https:\/\/www.laguiadepamplona.com\/actualidad\/#\/schema\/logo\/image\/","url":"https:\/\/www.laguiadepamplona.com\/actualidad\/wp-content\/uploads\/2018\/11\/logo-laguiadepamplona18-web1.png","contentUrl":"https:\/\/www.laguiadepamplona.com\/actualidad\/wp-content\/uploads\/2018\/11\/logo-laguiadepamplona18-web1.png","width":600,"height":196,"caption":"La Gu\u00eda de Pamplona \/ Noticias"},"image":{"@id":"https:\/\/www.laguiadepamplona.com\/actualidad\/#\/schema\/logo\/image\/"},"sameAs":["https:\/\/www.facebook.com\/laguiadepamplonacom-133175176762273\/?ref=hl","https:\/\/x.com\/LaGuiadPamplona","https:\/\/www.instagram.com\/la_guia_de_pamplona\/","https:\/\/www.youtube.com\/user\/laguiadepamplona"]},{"@type":"Person","@id":"https:\/\/www.laguiadepamplona.com\/actualidad\/#\/schema\/person\/efe887376f0213d4657c93adc50b1fdb","name":"La Gu\u00eda de Pamplona","image":{"@type":"ImageObject","inLanguage":"es","@id":"https:\/\/secure.gravatar.com\/avatar\/b6992f131dc8d30ab0dff15446e9d346d9dbd95992de0fef795073f5ea83a81c?s=96&d=mm&r=g","url":"https:\/\/secure.gravatar.com\/avatar\/b6992f131dc8d30ab0dff15446e9d346d9dbd95992de0fef795073f5ea83a81c?s=96&d=mm&r=g","contentUrl":"https:\/\/secure.gravatar.com\/avatar\/b6992f131dc8d30ab0dff15446e9d346d9dbd95992de0fef795073f5ea83a81c?s=96&d=mm&r=g","caption":"La Gu\u00eda de Pamplona"}}]}},"post_mailing_queue_ids":[],"_links":{"self":[{"href":"https:\/\/www.laguiadepamplona.com\/actualidad\/wp-json\/wp\/v2\/posts\/43251","targetHints":{"allow":["GET"]}}],"collection":[{"href":"https:\/\/www.laguiadepamplona.com\/actualidad\/wp-json\/wp\/v2\/posts"}],"about":[{"href":"https:\/\/www.laguiadepamplona.com\/actualidad\/wp-json\/wp\/v2\/types\/post"}],"author":[{"embeddable":true,"href":"https:\/\/www.laguiadepamplona.com\/actualidad\/wp-json\/wp\/v2\/users\/1"}],"replies":[{"embeddable":true,"href":"https:\/\/www.laguiadepamplona.com\/actualidad\/wp-json\/wp\/v2\/comments?post=43251"}],"version-history":[{"count":0,"href":"https:\/\/www.laguiadepamplona.com\/actualidad\/wp-json\/wp\/v2\/posts\/43251\/revisions"}],"wp:featuredmedia":[{"embeddable":true,"href":"https:\/\/www.laguiadepamplona.com\/actualidad\/wp-json\/wp\/v2\/media\/36673"}],"wp:attachment":[{"href":"https:\/\/www.laguiadepamplona.com\/actualidad\/wp-json\/wp\/v2\/media?parent=43251"}],"wp:term":[{"taxonomy":"category","embeddable":true,"href":"https:\/\/www.laguiadepamplona.com\/actualidad\/wp-json\/wp\/v2\/categories?post=43251"},{"taxonomy":"post_tag","embeddable":true,"href":"https:\/\/www.laguiadepamplona.com\/actualidad\/wp-json\/wp\/v2\/tags?post=43251"}],"curies":[{"name":"wp","href":"https:\/\/api.w.org\/{rel}","templated":true}]}}