{"id":43246,"date":"2023-03-22T14:15:30","date_gmt":"2023-03-22T12:15:30","guid":{"rendered":"https:\/\/www.laguiadepamplona.com\/actualidad\/?p=43246"},"modified":"2023-04-11T11:46:58","modified_gmt":"2023-04-11T09:46:58","slug":"la-corporacion-de-pamplona-saldra-a-la-calle-en-cuerpo-de-ciudad-el-sabado-25-de-marzo-para-visibilizar-su-caracter-de-bien-de-interes-cultural-inmaterial","status":"publish","type":"post","link":"https:\/\/www.laguiadepamplona.com\/actualidad\/la-corporacion-de-pamplona-saldra-a-la-calle-en-cuerpo-de-ciudad-el-sabado-25-de-marzo-para-visibilizar-su-caracter-de-bien-de-interes-cultural-inmaterial\/","title":{"rendered":"La Corporaci\u00f3n de Pamplona saldr\u00e1 a la calle en Cuerpo de Ciudad el s\u00e1bado 25 de marzo para visibilizar su car\u00e1cter de Bien de Inter\u00e9s Cultural inmaterial"},"content":{"rendered":"<h5>La Comparsa de Gigantas y Cabezudos y los dantzaris de Duguna recorrer\u00e1n las calles desde las 10 de la ma\u00f1ana 14 horas<\/h5>\n<p><!--more--><\/p>\n<p>Este pr\u00f3ximo s\u00e1bado 25 de marzo la Corporaci\u00f3n de Pamplona saldr\u00e1 a la calle en Cuerpo de Ciudad en un acto de celebraci\u00f3n y visibilizaci\u00f3n p\u00fablica de este cortejo al que el pasado 25 de enero el Gobierno de Navarra declar\u00f3 Bien de Inter\u00e9s Cultural (BIC) inmaterial. Es una salida extraordinaria y, como tal, fue acordada por el Pleno como establece el Reglamento de Protocolo, Ceremonial, Honores y Distinciones del Ayuntamiento de Pamplona. Esa normativa recoge que el Cuerpo de Ciudad es la \u201cforma en que la Corporaci\u00f3n asiste con etiqueta determinada y formando parte de un cortejo, integrado, en todo caso, por clarines y timbales, abanderado y porta-borlas, maceros y la guardia de gala, precedida por la comparsa de gigantes y cabezudos, grupo municipal de danzas, banda municipal de txistularis y banda municipal de m\u00fasica\u201d.<br \/>\n<script async src=\"\/\/pagead2.googlesyndication.com\/pagead\/js\/adsbygoogle.js\"><\/script><br \/>\n<!-- Noticias La Guia de Pamplona --><br \/>\n<ins class=\"adsbygoogle\"\nstyle=\"display:block\"\ndata-ad-client=\"ca-pub-6943679897239327\"\ndata-ad-slot=\"7048180777\"\ndata-ad-format=\"auto\"><\/ins><br \/>\n<script>\n(adsbygoogle = window.adsbygoogle || []).push({});\n<\/script><\/p>\n<p>Seg\u00fan el texto de declaraci\u00f3n el Cuerpo de Ciudad \u201ctiene una especial relevancia para la Comunidad Foral por \u201cser una expresi\u00f3n viva, arraigada y compartida por la ciudadan\u00eda pamplonesa\u201d. As\u00ed, los depositarios del \u2018bien inmaterial\u2019 son la instituci\u00f3n municipal y las asociaciones culturales que participan en \u00e9l, pero en este caso es elemento necesario y fundamental para su desarrollo el p\u00fablico que, al contemplarlo, participa en su realizaci\u00f3n.<\/p>\n<p>As\u00ed, a las 11.05 horas el cortejo saldr\u00e1 de la Casa Consistorial con destino a los jardines el Palacio de Navarra, donde tendr\u00e1 lugar un acto p\u00fablico de reconocimiento que est\u00e1 previsto que comience a las 12 horas. La Comparsa de Gigantes y Cabezudos de Pamplona habr\u00e1 iniciado la ma\u00f1ana algo antes, ya que a las 10.10 horas saldr\u00e1 de la estaci\u00f3n de autobuses con un recorrido que les llevar\u00e1 por plaza de la Paz, Garc\u00eda Xim\u00e9nez, avenida de San Ignacio y paseo de Sarasate, para acceder al Casco Antiguo por Comedias, Pozo Blanco y Zapater\u00eda, llegando hasta la Plaza Consistorial para recoger a la Corporaci\u00f3n.<br \/>\n<script async src=\"\/\/pagead2.googlesyndication.com\/pagead\/js\/adsbygoogle.js\"><\/script><br \/>\n<!-- Noticias La Guia de Pamplona --><br \/>\n<ins class=\"adsbygoogle\"\nstyle=\"display:block\"\ndata-ad-client=\"ca-pub-6943679897239327\"\ndata-ad-slot=\"7048180777\"\ndata-ad-format=\"auto\"><\/ins><br \/>\n<script>\n(adsbygoogle = window.adsbygoogle || []).push({});\n<\/script><\/p>\n<p>A partir de ah\u00ed toda la comitiva se trasladar\u00e1 por las calles San Saturnino, Mayor, Taconera y Navas de Tolosa, hasta el paseo de Sarasate y avenida de San Ignacio, para arribar al Palacio de Diputaci\u00f3n donde tendr\u00e1 lugar el acto oficial. Sus jardines acoger\u00e1n un acto institucional y festivo, con intervenciones de autoridades, m\u00fasica y bailes, en los que la comparsa de Gigantes y Cabezudos y el grupo de dantzaris municipales Duguna Taldea tendr\u00e1n un protagonismo especial. El desarrollo del acto se podr\u00e1 seguir mediante una pantalla gigante instalada en la Plaza del Castillo.<\/p>\n<p>Despu\u00e9s, el cortejo en Cuerpo de Ciudad volver\u00e1 a Casa Consistorial (a trav\u00e9s de la Plaza del Castillo, por Chapitela y Mercaderes). La Corporaci\u00f3n volver\u00e1 a su sede y la Comparsa y los dantzaris de Duguna bailar\u00e1n en la Plaza Consistorial hasta las 14 horas, momento en que los gigantes y todas las figuras que les acompa\u00f1an volver\u00e1n a la estaci\u00f3n de autobuses (Mercaderes, Plaza del Castillo, Carlos III, avenida de Roncesvalles, Garc\u00eda Ximenez, calle Tudela, Conde Oliveto y plaza de la Paz).<\/p>\n","protected":false},"excerpt":{"rendered":"<p>La Comparsa de Gigantas y Cabezudos y los dantzaris de Duguna recorrer\u00e1n las calles desde las 10 de la ma\u00f1ana 14 horas<\/p>\n","protected":false},"author":1,"featured_media":43247,"comment_status":"open","ping_status":"closed","sticky":false,"template":"","format":"standard","meta":{"footnotes":""},"categories":[2],"tags":[],"class_list":["post-43246","post","type-post","status-publish","format-standard","has-post-thumbnail","hentry","category-ayuntamiento-pamplona"],"yoast_head":"<!-- This site is optimized with the Yoast SEO plugin v27.3 - https:\/\/yoast.com\/product\/yoast-seo-wordpress\/ -->\n<title>La Corporaci\u00f3n de Pamplona saldr\u00e1 a la calle en Cuerpo de Ciudad el s\u00e1bado 25 de marzo para visibilizar su car\u00e1cter de Bien de Inter\u00e9s Cultural inmaterial<\/title>\n<meta name=\"description\" content=\"La Comparsa de Gigantas y Cabezudos y los dantzaris de Duguna recorrer\u00e1n las calles desde las 10 de la ma\u00f1ana 14 horas\" \/>\n<meta name=\"robots\" content=\"index, follow, max-snippet:-1, max-image-preview:large, max-video-preview:-1\" \/>\n<link rel=\"canonical\" href=\"https:\/\/www.laguiadepamplona.com\/actualidad\/la-corporacion-de-pamplona-saldra-a-la-calle-en-cuerpo-de-ciudad-el-sabado-25-de-marzo-para-visibilizar-su-caracter-de-bien-de-interes-cultural-inmaterial\/\" \/>\n<meta property=\"og:locale\" content=\"es_ES\" \/>\n<meta property=\"og:type\" content=\"article\" \/>\n<meta property=\"og:title\" content=\"La Corporaci\u00f3n de Pamplona saldr\u00e1 a la calle en Cuerpo de Ciudad el s\u00e1bado 25 de marzo para visibilizar su car\u00e1cter de Bien de Inter\u00e9s Cultural inmaterial\" \/>\n<meta property=\"og:description\" content=\"La Comparsa de Gigantas y Cabezudos y los dantzaris de Duguna recorrer\u00e1n las calles desde las 10 de la ma\u00f1ana 14 horas\" \/>\n<meta property=\"og:url\" content=\"https:\/\/www.laguiadepamplona.com\/actualidad\/la-corporacion-de-pamplona-saldra-a-la-calle-en-cuerpo-de-ciudad-el-sabado-25-de-marzo-para-visibilizar-su-caracter-de-bien-de-interes-cultural-inmaterial\/\" \/>\n<meta property=\"og:site_name\" content=\"La Gu\u00eda de Pamplona\" \/>\n<meta property=\"article:publisher\" content=\"https:\/\/www.facebook.com\/laguiadepamplonacom-133175176762273\/?ref=hl\" \/>\n<meta property=\"article:published_time\" content=\"2023-03-22T12:15:30+00:00\" \/>\n<meta property=\"article:modified_time\" content=\"2023-04-11T09:46:58+00:00\" \/>\n<meta property=\"og:image\" content=\"https:\/\/www.laguiadepamplona.com\/actualidad\/wp-content\/uploads\/2023\/03\/q5a0050sansaturnino22-11-29.webp\" \/>\n\t<meta property=\"og:image:width\" content=\"1920\" \/>\n\t<meta property=\"og:image:height\" content=\"1281\" \/>\n\t<meta property=\"og:image:type\" content=\"image\/webp\" \/>\n<meta name=\"author\" content=\"La Gu\u00eda de Pamplona\" \/>\n<meta name=\"twitter:card\" content=\"summary_large_image\" \/>\n<meta name=\"twitter:creator\" content=\"@LaGuiadPamplona\" \/>\n<meta name=\"twitter:site\" content=\"@LaGuiadPamplona\" \/>\n<meta name=\"twitter:label1\" content=\"Escrito por\" \/>\n\t<meta name=\"twitter:data1\" content=\"La Gu\u00eda de Pamplona\" \/>\n\t<meta name=\"twitter:label2\" content=\"Tiempo de lectura\" \/>\n\t<meta name=\"twitter:data2\" content=\"3 minutos\" \/>\n<script type=\"application\/ld+json\" class=\"yoast-schema-graph\">{\"@context\":\"https:\\\/\\\/schema.org\",\"@graph\":[{\"@type\":\"Article\",\"@id\":\"https:\\\/\\\/www.laguiadepamplona.com\\\/actualidad\\\/la-corporacion-de-pamplona-saldra-a-la-calle-en-cuerpo-de-ciudad-el-sabado-25-de-marzo-para-visibilizar-su-caracter-de-bien-de-interes-cultural-inmaterial\\\/#article\",\"isPartOf\":{\"@id\":\"https:\\\/\\\/www.laguiadepamplona.com\\\/actualidad\\\/la-corporacion-de-pamplona-saldra-a-la-calle-en-cuerpo-de-ciudad-el-sabado-25-de-marzo-para-visibilizar-su-caracter-de-bien-de-interes-cultural-inmaterial\\\/\"},\"author\":{\"name\":\"La Gu\u00eda de Pamplona\",\"@id\":\"https:\\\/\\\/www.laguiadepamplona.com\\\/actualidad\\\/#\\\/schema\\\/person\\\/efe887376f0213d4657c93adc50b1fdb\"},\"headline\":\"La Corporaci\u00f3n de Pamplona saldr\u00e1 a la calle en Cuerpo de Ciudad el s\u00e1bado 25 de marzo para visibilizar su car\u00e1cter de Bien de Inter\u00e9s Cultural inmaterial\",\"datePublished\":\"2023-03-22T12:15:30+00:00\",\"dateModified\":\"2023-04-11T09:46:58+00:00\",\"mainEntityOfPage\":{\"@id\":\"https:\\\/\\\/www.laguiadepamplona.com\\\/actualidad\\\/la-corporacion-de-pamplona-saldra-a-la-calle-en-cuerpo-de-ciudad-el-sabado-25-de-marzo-para-visibilizar-su-caracter-de-bien-de-interes-cultural-inmaterial\\\/\"},\"wordCount\":569,\"commentCount\":0,\"publisher\":{\"@id\":\"https:\\\/\\\/www.laguiadepamplona.com\\\/actualidad\\\/#organization\"},\"image\":{\"@id\":\"https:\\\/\\\/www.laguiadepamplona.com\\\/actualidad\\\/la-corporacion-de-pamplona-saldra-a-la-calle-en-cuerpo-de-ciudad-el-sabado-25-de-marzo-para-visibilizar-su-caracter-de-bien-de-interes-cultural-inmaterial\\\/#primaryimage\"},\"thumbnailUrl\":\"https:\\\/\\\/www.laguiadepamplona.com\\\/actualidad\\\/wp-content\\\/uploads\\\/2023\\\/03\\\/q5a0050sansaturnino22-11-29.webp\",\"articleSection\":[\"Ayto Pamplona\"],\"inLanguage\":\"es\",\"potentialAction\":[{\"@type\":\"CommentAction\",\"name\":\"Comment\",\"target\":[\"https:\\\/\\\/www.laguiadepamplona.com\\\/actualidad\\\/la-corporacion-de-pamplona-saldra-a-la-calle-en-cuerpo-de-ciudad-el-sabado-25-de-marzo-para-visibilizar-su-caracter-de-bien-de-interes-cultural-inmaterial\\\/#respond\"]}]},{\"@type\":\"WebPage\",\"@id\":\"https:\\\/\\\/www.laguiadepamplona.com\\\/actualidad\\\/la-corporacion-de-pamplona-saldra-a-la-calle-en-cuerpo-de-ciudad-el-sabado-25-de-marzo-para-visibilizar-su-caracter-de-bien-de-interes-cultural-inmaterial\\\/\",\"url\":\"https:\\\/\\\/www.laguiadepamplona.com\\\/actualidad\\\/la-corporacion-de-pamplona-saldra-a-la-calle-en-cuerpo-de-ciudad-el-sabado-25-de-marzo-para-visibilizar-su-caracter-de-bien-de-interes-cultural-inmaterial\\\/\",\"name\":\"La Corporaci\u00f3n de Pamplona saldr\u00e1 a la calle en Cuerpo de Ciudad el s\u00e1bado 25 de marzo para visibilizar su car\u00e1cter de Bien de Inter\u00e9s Cultural inmaterial\",\"isPartOf\":{\"@id\":\"https:\\\/\\\/www.laguiadepamplona.com\\\/actualidad\\\/#website\"},\"primaryImageOfPage\":{\"@id\":\"https:\\\/\\\/www.laguiadepamplona.com\\\/actualidad\\\/la-corporacion-de-pamplona-saldra-a-la-calle-en-cuerpo-de-ciudad-el-sabado-25-de-marzo-para-visibilizar-su-caracter-de-bien-de-interes-cultural-inmaterial\\\/#primaryimage\"},\"image\":{\"@id\":\"https:\\\/\\\/www.laguiadepamplona.com\\\/actualidad\\\/la-corporacion-de-pamplona-saldra-a-la-calle-en-cuerpo-de-ciudad-el-sabado-25-de-marzo-para-visibilizar-su-caracter-de-bien-de-interes-cultural-inmaterial\\\/#primaryimage\"},\"thumbnailUrl\":\"https:\\\/\\\/www.laguiadepamplona.com\\\/actualidad\\\/wp-content\\\/uploads\\\/2023\\\/03\\\/q5a0050sansaturnino22-11-29.webp\",\"datePublished\":\"2023-03-22T12:15:30+00:00\",\"dateModified\":\"2023-04-11T09:46:58+00:00\",\"description\":\"La Comparsa de Gigantas y Cabezudos y los dantzaris de Duguna recorrer\u00e1n las calles desde las 10 de la ma\u00f1ana 14 horas\",\"breadcrumb\":{\"@id\":\"https:\\\/\\\/www.laguiadepamplona.com\\\/actualidad\\\/la-corporacion-de-pamplona-saldra-a-la-calle-en-cuerpo-de-ciudad-el-sabado-25-de-marzo-para-visibilizar-su-caracter-de-bien-de-interes-cultural-inmaterial\\\/#breadcrumb\"},\"inLanguage\":\"es\",\"potentialAction\":[{\"@type\":\"ReadAction\",\"target\":[\"https:\\\/\\\/www.laguiadepamplona.com\\\/actualidad\\\/la-corporacion-de-pamplona-saldra-a-la-calle-en-cuerpo-de-ciudad-el-sabado-25-de-marzo-para-visibilizar-su-caracter-de-bien-de-interes-cultural-inmaterial\\\/\"]}]},{\"@type\":\"ImageObject\",\"inLanguage\":\"es\",\"@id\":\"https:\\\/\\\/www.laguiadepamplona.com\\\/actualidad\\\/la-corporacion-de-pamplona-saldra-a-la-calle-en-cuerpo-de-ciudad-el-sabado-25-de-marzo-para-visibilizar-su-caracter-de-bien-de-interes-cultural-inmaterial\\\/#primaryimage\",\"url\":\"https:\\\/\\\/www.laguiadepamplona.com\\\/actualidad\\\/wp-content\\\/uploads\\\/2023\\\/03\\\/q5a0050sansaturnino22-11-29.webp\",\"contentUrl\":\"https:\\\/\\\/www.laguiadepamplona.com\\\/actualidad\\\/wp-content\\\/uploads\\\/2023\\\/03\\\/q5a0050sansaturnino22-11-29.webp\",\"width\":1920,\"height\":1281},{\"@type\":\"BreadcrumbList\",\"@id\":\"https:\\\/\\\/www.laguiadepamplona.com\\\/actualidad\\\/la-corporacion-de-pamplona-saldra-a-la-calle-en-cuerpo-de-ciudad-el-sabado-25-de-marzo-para-visibilizar-su-caracter-de-bien-de-interes-cultural-inmaterial\\\/#breadcrumb\",\"itemListElement\":[{\"@type\":\"ListItem\",\"position\":1,\"name\":\"Portada\",\"item\":\"https:\\\/\\\/www.laguiadepamplona.com\\\/actualidad\\\/\"},{\"@type\":\"ListItem\",\"position\":2,\"name\":\"La Corporaci\u00f3n de Pamplona saldr\u00e1 a la calle en Cuerpo de Ciudad el s\u00e1bado 25 de marzo para visibilizar su car\u00e1cter de Bien de Inter\u00e9s Cultural inmaterial\"}]},{\"@type\":\"WebSite\",\"@id\":\"https:\\\/\\\/www.laguiadepamplona.com\\\/actualidad\\\/#website\",\"url\":\"https:\\\/\\\/www.laguiadepamplona.com\\\/actualidad\\\/\",\"name\":\"La gu\u00eda de Pamplona\",\"description\":\"Noticias de Pamplona\",\"publisher\":{\"@id\":\"https:\\\/\\\/www.laguiadepamplona.com\\\/actualidad\\\/#organization\"},\"potentialAction\":[{\"@type\":\"SearchAction\",\"target\":{\"@type\":\"EntryPoint\",\"urlTemplate\":\"https:\\\/\\\/www.laguiadepamplona.com\\\/actualidad\\\/?s={search_term_string}\"},\"query-input\":{\"@type\":\"PropertyValueSpecification\",\"valueRequired\":true,\"valueName\":\"search_term_string\"}}],\"inLanguage\":\"es\"},{\"@type\":\"Organization\",\"@id\":\"https:\\\/\\\/www.laguiadepamplona.com\\\/actualidad\\\/#organization\",\"name\":\"La Gu\u00eda de Pamplona \\\/ Noticias\",\"url\":\"https:\\\/\\\/www.laguiadepamplona.com\\\/actualidad\\\/\",\"logo\":{\"@type\":\"ImageObject\",\"inLanguage\":\"es\",\"@id\":\"https:\\\/\\\/www.laguiadepamplona.com\\\/actualidad\\\/#\\\/schema\\\/logo\\\/image\\\/\",\"url\":\"https:\\\/\\\/www.laguiadepamplona.com\\\/actualidad\\\/wp-content\\\/uploads\\\/2018\\\/11\\\/logo-laguiadepamplona18-web1.png\",\"contentUrl\":\"https:\\\/\\\/www.laguiadepamplona.com\\\/actualidad\\\/wp-content\\\/uploads\\\/2018\\\/11\\\/logo-laguiadepamplona18-web1.png\",\"width\":600,\"height\":196,\"caption\":\"La Gu\u00eda de Pamplona \\\/ Noticias\"},\"image\":{\"@id\":\"https:\\\/\\\/www.laguiadepamplona.com\\\/actualidad\\\/#\\\/schema\\\/logo\\\/image\\\/\"},\"sameAs\":[\"https:\\\/\\\/www.facebook.com\\\/laguiadepamplonacom-133175176762273\\\/?ref=hl\",\"https:\\\/\\\/x.com\\\/LaGuiadPamplona\",\"https:\\\/\\\/www.instagram.com\\\/la_guia_de_pamplona\\\/\",\"https:\\\/\\\/www.youtube.com\\\/user\\\/laguiadepamplona\"]},{\"@type\":\"Person\",\"@id\":\"https:\\\/\\\/www.laguiadepamplona.com\\\/actualidad\\\/#\\\/schema\\\/person\\\/efe887376f0213d4657c93adc50b1fdb\",\"name\":\"La Gu\u00eda de Pamplona\",\"image\":{\"@type\":\"ImageObject\",\"inLanguage\":\"es\",\"@id\":\"https:\\\/\\\/secure.gravatar.com\\\/avatar\\\/b6992f131dc8d30ab0dff15446e9d346d9dbd95992de0fef795073f5ea83a81c?s=96&d=mm&r=g\",\"url\":\"https:\\\/\\\/secure.gravatar.com\\\/avatar\\\/b6992f131dc8d30ab0dff15446e9d346d9dbd95992de0fef795073f5ea83a81c?s=96&d=mm&r=g\",\"contentUrl\":\"https:\\\/\\\/secure.gravatar.com\\\/avatar\\\/b6992f131dc8d30ab0dff15446e9d346d9dbd95992de0fef795073f5ea83a81c?s=96&d=mm&r=g\",\"caption\":\"La Gu\u00eda de Pamplona\"}}]}<\/script>\n<!-- \/ Yoast SEO plugin. -->","yoast_head_json":{"title":"La Corporaci\u00f3n de Pamplona saldr\u00e1 a la calle en Cuerpo de Ciudad el s\u00e1bado 25 de marzo para visibilizar su car\u00e1cter de Bien de Inter\u00e9s Cultural inmaterial","description":"La Comparsa de Gigantas y Cabezudos y los dantzaris de Duguna recorrer\u00e1n las calles desde las 10 de la ma\u00f1ana 14 horas","robots":{"index":"index","follow":"follow","max-snippet":"max-snippet:-1","max-image-preview":"max-image-preview:large","max-video-preview":"max-video-preview:-1"},"canonical":"https:\/\/www.laguiadepamplona.com\/actualidad\/la-corporacion-de-pamplona-saldra-a-la-calle-en-cuerpo-de-ciudad-el-sabado-25-de-marzo-para-visibilizar-su-caracter-de-bien-de-interes-cultural-inmaterial\/","og_locale":"es_ES","og_type":"article","og_title":"La Corporaci\u00f3n de Pamplona saldr\u00e1 a la calle en Cuerpo de Ciudad el s\u00e1bado 25 de marzo para visibilizar su car\u00e1cter de Bien de Inter\u00e9s Cultural inmaterial","og_description":"La Comparsa de Gigantas y Cabezudos y los dantzaris de Duguna recorrer\u00e1n las calles desde las 10 de la ma\u00f1ana 14 horas","og_url":"https:\/\/www.laguiadepamplona.com\/actualidad\/la-corporacion-de-pamplona-saldra-a-la-calle-en-cuerpo-de-ciudad-el-sabado-25-de-marzo-para-visibilizar-su-caracter-de-bien-de-interes-cultural-inmaterial\/","og_site_name":"La Gu\u00eda de Pamplona","article_publisher":"https:\/\/www.facebook.com\/laguiadepamplonacom-133175176762273\/?ref=hl","article_published_time":"2023-03-22T12:15:30+00:00","article_modified_time":"2023-04-11T09:46:58+00:00","og_image":[{"width":1920,"height":1281,"url":"https:\/\/www.laguiadepamplona.com\/actualidad\/wp-content\/uploads\/2023\/03\/q5a0050sansaturnino22-11-29.webp","type":"image\/webp"}],"author":"La Gu\u00eda de Pamplona","twitter_card":"summary_large_image","twitter_creator":"@LaGuiadPamplona","twitter_site":"@LaGuiadPamplona","twitter_misc":{"Escrito por":"La Gu\u00eda de Pamplona","Tiempo de lectura":"3 minutos"},"schema":{"@context":"https:\/\/schema.org","@graph":[{"@type":"Article","@id":"https:\/\/www.laguiadepamplona.com\/actualidad\/la-corporacion-de-pamplona-saldra-a-la-calle-en-cuerpo-de-ciudad-el-sabado-25-de-marzo-para-visibilizar-su-caracter-de-bien-de-interes-cultural-inmaterial\/#article","isPartOf":{"@id":"https:\/\/www.laguiadepamplona.com\/actualidad\/la-corporacion-de-pamplona-saldra-a-la-calle-en-cuerpo-de-ciudad-el-sabado-25-de-marzo-para-visibilizar-su-caracter-de-bien-de-interes-cultural-inmaterial\/"},"author":{"name":"La Gu\u00eda de Pamplona","@id":"https:\/\/www.laguiadepamplona.com\/actualidad\/#\/schema\/person\/efe887376f0213d4657c93adc50b1fdb"},"headline":"La Corporaci\u00f3n de Pamplona saldr\u00e1 a la calle en Cuerpo de Ciudad el s\u00e1bado 25 de marzo para visibilizar su car\u00e1cter de Bien de Inter\u00e9s Cultural inmaterial","datePublished":"2023-03-22T12:15:30+00:00","dateModified":"2023-04-11T09:46:58+00:00","mainEntityOfPage":{"@id":"https:\/\/www.laguiadepamplona.com\/actualidad\/la-corporacion-de-pamplona-saldra-a-la-calle-en-cuerpo-de-ciudad-el-sabado-25-de-marzo-para-visibilizar-su-caracter-de-bien-de-interes-cultural-inmaterial\/"},"wordCount":569,"commentCount":0,"publisher":{"@id":"https:\/\/www.laguiadepamplona.com\/actualidad\/#organization"},"image":{"@id":"https:\/\/www.laguiadepamplona.com\/actualidad\/la-corporacion-de-pamplona-saldra-a-la-calle-en-cuerpo-de-ciudad-el-sabado-25-de-marzo-para-visibilizar-su-caracter-de-bien-de-interes-cultural-inmaterial\/#primaryimage"},"thumbnailUrl":"https:\/\/www.laguiadepamplona.com\/actualidad\/wp-content\/uploads\/2023\/03\/q5a0050sansaturnino22-11-29.webp","articleSection":["Ayto Pamplona"],"inLanguage":"es","potentialAction":[{"@type":"CommentAction","name":"Comment","target":["https:\/\/www.laguiadepamplona.com\/actualidad\/la-corporacion-de-pamplona-saldra-a-la-calle-en-cuerpo-de-ciudad-el-sabado-25-de-marzo-para-visibilizar-su-caracter-de-bien-de-interes-cultural-inmaterial\/#respond"]}]},{"@type":"WebPage","@id":"https:\/\/www.laguiadepamplona.com\/actualidad\/la-corporacion-de-pamplona-saldra-a-la-calle-en-cuerpo-de-ciudad-el-sabado-25-de-marzo-para-visibilizar-su-caracter-de-bien-de-interes-cultural-inmaterial\/","url":"https:\/\/www.laguiadepamplona.com\/actualidad\/la-corporacion-de-pamplona-saldra-a-la-calle-en-cuerpo-de-ciudad-el-sabado-25-de-marzo-para-visibilizar-su-caracter-de-bien-de-interes-cultural-inmaterial\/","name":"La Corporaci\u00f3n de Pamplona saldr\u00e1 a la calle en Cuerpo de Ciudad el s\u00e1bado 25 de marzo para visibilizar su car\u00e1cter de Bien de Inter\u00e9s Cultural inmaterial","isPartOf":{"@id":"https:\/\/www.laguiadepamplona.com\/actualidad\/#website"},"primaryImageOfPage":{"@id":"https:\/\/www.laguiadepamplona.com\/actualidad\/la-corporacion-de-pamplona-saldra-a-la-calle-en-cuerpo-de-ciudad-el-sabado-25-de-marzo-para-visibilizar-su-caracter-de-bien-de-interes-cultural-inmaterial\/#primaryimage"},"image":{"@id":"https:\/\/www.laguiadepamplona.com\/actualidad\/la-corporacion-de-pamplona-saldra-a-la-calle-en-cuerpo-de-ciudad-el-sabado-25-de-marzo-para-visibilizar-su-caracter-de-bien-de-interes-cultural-inmaterial\/#primaryimage"},"thumbnailUrl":"https:\/\/www.laguiadepamplona.com\/actualidad\/wp-content\/uploads\/2023\/03\/q5a0050sansaturnino22-11-29.webp","datePublished":"2023-03-22T12:15:30+00:00","dateModified":"2023-04-11T09:46:58+00:00","description":"La Comparsa de Gigantas y Cabezudos y los dantzaris de Duguna recorrer\u00e1n las calles desde las 10 de la ma\u00f1ana 14 horas","breadcrumb":{"@id":"https:\/\/www.laguiadepamplona.com\/actualidad\/la-corporacion-de-pamplona-saldra-a-la-calle-en-cuerpo-de-ciudad-el-sabado-25-de-marzo-para-visibilizar-su-caracter-de-bien-de-interes-cultural-inmaterial\/#breadcrumb"},"inLanguage":"es","potentialAction":[{"@type":"ReadAction","target":["https:\/\/www.laguiadepamplona.com\/actualidad\/la-corporacion-de-pamplona-saldra-a-la-calle-en-cuerpo-de-ciudad-el-sabado-25-de-marzo-para-visibilizar-su-caracter-de-bien-de-interes-cultural-inmaterial\/"]}]},{"@type":"ImageObject","inLanguage":"es","@id":"https:\/\/www.laguiadepamplona.com\/actualidad\/la-corporacion-de-pamplona-saldra-a-la-calle-en-cuerpo-de-ciudad-el-sabado-25-de-marzo-para-visibilizar-su-caracter-de-bien-de-interes-cultural-inmaterial\/#primaryimage","url":"https:\/\/www.laguiadepamplona.com\/actualidad\/wp-content\/uploads\/2023\/03\/q5a0050sansaturnino22-11-29.webp","contentUrl":"https:\/\/www.laguiadepamplona.com\/actualidad\/wp-content\/uploads\/2023\/03\/q5a0050sansaturnino22-11-29.webp","width":1920,"height":1281},{"@type":"BreadcrumbList","@id":"https:\/\/www.laguiadepamplona.com\/actualidad\/la-corporacion-de-pamplona-saldra-a-la-calle-en-cuerpo-de-ciudad-el-sabado-25-de-marzo-para-visibilizar-su-caracter-de-bien-de-interes-cultural-inmaterial\/#breadcrumb","itemListElement":[{"@type":"ListItem","position":1,"name":"Portada","item":"https:\/\/www.laguiadepamplona.com\/actualidad\/"},{"@type":"ListItem","position":2,"name":"La Corporaci\u00f3n de Pamplona saldr\u00e1 a la calle en Cuerpo de Ciudad el s\u00e1bado 25 de marzo para visibilizar su car\u00e1cter de Bien de Inter\u00e9s Cultural inmaterial"}]},{"@type":"WebSite","@id":"https:\/\/www.laguiadepamplona.com\/actualidad\/#website","url":"https:\/\/www.laguiadepamplona.com\/actualidad\/","name":"La gu\u00eda de Pamplona","description":"Noticias de Pamplona","publisher":{"@id":"https:\/\/www.laguiadepamplona.com\/actualidad\/#organization"},"potentialAction":[{"@type":"SearchAction","target":{"@type":"EntryPoint","urlTemplate":"https:\/\/www.laguiadepamplona.com\/actualidad\/?s={search_term_string}"},"query-input":{"@type":"PropertyValueSpecification","valueRequired":true,"valueName":"search_term_string"}}],"inLanguage":"es"},{"@type":"Organization","@id":"https:\/\/www.laguiadepamplona.com\/actualidad\/#organization","name":"La Gu\u00eda de Pamplona \/ Noticias","url":"https:\/\/www.laguiadepamplona.com\/actualidad\/","logo":{"@type":"ImageObject","inLanguage":"es","@id":"https:\/\/www.laguiadepamplona.com\/actualidad\/#\/schema\/logo\/image\/","url":"https:\/\/www.laguiadepamplona.com\/actualidad\/wp-content\/uploads\/2018\/11\/logo-laguiadepamplona18-web1.png","contentUrl":"https:\/\/www.laguiadepamplona.com\/actualidad\/wp-content\/uploads\/2018\/11\/logo-laguiadepamplona18-web1.png","width":600,"height":196,"caption":"La Gu\u00eda de Pamplona \/ Noticias"},"image":{"@id":"https:\/\/www.laguiadepamplona.com\/actualidad\/#\/schema\/logo\/image\/"},"sameAs":["https:\/\/www.facebook.com\/laguiadepamplonacom-133175176762273\/?ref=hl","https:\/\/x.com\/LaGuiadPamplona","https:\/\/www.instagram.com\/la_guia_de_pamplona\/","https:\/\/www.youtube.com\/user\/laguiadepamplona"]},{"@type":"Person","@id":"https:\/\/www.laguiadepamplona.com\/actualidad\/#\/schema\/person\/efe887376f0213d4657c93adc50b1fdb","name":"La Gu\u00eda de Pamplona","image":{"@type":"ImageObject","inLanguage":"es","@id":"https:\/\/secure.gravatar.com\/avatar\/b6992f131dc8d30ab0dff15446e9d346d9dbd95992de0fef795073f5ea83a81c?s=96&d=mm&r=g","url":"https:\/\/secure.gravatar.com\/avatar\/b6992f131dc8d30ab0dff15446e9d346d9dbd95992de0fef795073f5ea83a81c?s=96&d=mm&r=g","contentUrl":"https:\/\/secure.gravatar.com\/avatar\/b6992f131dc8d30ab0dff15446e9d346d9dbd95992de0fef795073f5ea83a81c?s=96&d=mm&r=g","caption":"La Gu\u00eda de Pamplona"}}]}},"post_mailing_queue_ids":[],"_links":{"self":[{"href":"https:\/\/www.laguiadepamplona.com\/actualidad\/wp-json\/wp\/v2\/posts\/43246","targetHints":{"allow":["GET"]}}],"collection":[{"href":"https:\/\/www.laguiadepamplona.com\/actualidad\/wp-json\/wp\/v2\/posts"}],"about":[{"href":"https:\/\/www.laguiadepamplona.com\/actualidad\/wp-json\/wp\/v2\/types\/post"}],"author":[{"embeddable":true,"href":"https:\/\/www.laguiadepamplona.com\/actualidad\/wp-json\/wp\/v2\/users\/1"}],"replies":[{"embeddable":true,"href":"https:\/\/www.laguiadepamplona.com\/actualidad\/wp-json\/wp\/v2\/comments?post=43246"}],"version-history":[{"count":0,"href":"https:\/\/www.laguiadepamplona.com\/actualidad\/wp-json\/wp\/v2\/posts\/43246\/revisions"}],"wp:featuredmedia":[{"embeddable":true,"href":"https:\/\/www.laguiadepamplona.com\/actualidad\/wp-json\/wp\/v2\/media\/43247"}],"wp:attachment":[{"href":"https:\/\/www.laguiadepamplona.com\/actualidad\/wp-json\/wp\/v2\/media?parent=43246"}],"wp:term":[{"taxonomy":"category","embeddable":true,"href":"https:\/\/www.laguiadepamplona.com\/actualidad\/wp-json\/wp\/v2\/categories?post=43246"},{"taxonomy":"post_tag","embeddable":true,"href":"https:\/\/www.laguiadepamplona.com\/actualidad\/wp-json\/wp\/v2\/tags?post=43246"}],"curies":[{"name":"wp","href":"https:\/\/api.w.org\/{rel}","templated":true}]}}