{"id":43241,"date":"2023-03-21T15:51:31","date_gmt":"2023-03-21T13:51:31","guid":{"rendered":"https:\/\/www.laguiadepamplona.com\/actualidad\/?p=43241"},"modified":"2023-04-11T11:46:59","modified_gmt":"2023-04-11T09:46:59","slug":"adjudicado-el-contrato-para-el-apoyo-en-la-gestion-del-proyecto-pamplona-sf365-de-planificacion-turistica-basada-en-la-sostenibilidad","status":"publish","type":"post","link":"https:\/\/www.laguiadepamplona.com\/actualidad\/adjudicado-el-contrato-para-el-apoyo-en-la-gestion-del-proyecto-pamplona-sf365-de-planificacion-turistica-basada-en-la-sostenibilidad\/","title":{"rendered":"Adjudicado el contrato para el apoyo en la gesti\u00f3n del proyecto Pamplona SF365, de planificaci\u00f3n tur\u00edstica basada en la sostenibilidad"},"content":{"rendered":"<h5>Este proyecto se enmarca en el Plan de Recuperaci\u00f3n, Transformaci\u00f3n y Resiliencia financiado por la Uni\u00f3n Europea con fondos Next Generation EU<\/h5>\n<p><!--more--><\/p>\n<p>La Junta de Gobierno Local del Ayuntamiento de Pamplona ha aprobado la adjudicaci\u00f3n del contrato del servicio de apoyo a la gesti\u00f3n del proyecto Pamplona SF365. Este contrato se encuadra en el Plan de Recuperaci\u00f3n, Transformaci\u00f3n y Resiliencia del Gobierno de Espa\u00f1a (PRTR), financiado por la Uni\u00f3n Europea a trav\u00e9s de fondos Next Generation EU. El contrato se adjudica a la empresa Sidi Consultor\u00eda y Gesti\u00f3n SLU, por un importe de 174.761 euros (IVA excluido).<br \/>\n<script async src=\"\/\/pagead2.googlesyndication.com\/pagead\/js\/adsbygoogle.js\"><\/script><br \/>\n<!-- Noticias La Guia de Pamplona --><br \/>\n<ins class=\"adsbygoogle\"\nstyle=\"display:block\"\ndata-ad-client=\"ca-pub-6943679897239327\"\ndata-ad-slot=\"7048180777\"\ndata-ad-format=\"auto\"><\/ins><br \/>\n<script>\n(adsbygoogle = window.adsbygoogle || []).push({});\n<\/script><\/p>\n<p>El proyecto PSTD Pamplona SF365 aborda el reto de desarrollar un modelo tur\u00edstico de ciudad basado en la sostenibilidad medioambiental, socioecon\u00f3mica y territorial que extienda los beneficios del turismo a la sociedad. Entre sus objetivos est\u00e1n el incorporar la cultura de sostenibilidad en el sistema de producci\u00f3n, actuar con determinaci\u00f3n sobre el dise\u00f1o y la reorientaci\u00f3n del producto Sanfermines, la imagen proyectada, procurar los medios para el desarrollo de eventos sostenibles, diversificar incorporando al portfolio la oferta de cicloturismo, naturaleza, ecoturismo y cultural, preparar los servicios e infraestructuras p\u00fablicas frente al cambio clim\u00e1tico y dotar al sistema de gobernanza de un sistema de inteligencia que permita una toma de decisiones eficiente basada en datos.<\/p>\n<p>Para lograr estos objetivos, el contrato especifica que ser\u00e1n trabajos propios de la gesti\u00f3n la realizaci\u00f3n de todas las labores de seguimiento, coordinaci\u00f3n, monitorizaci\u00f3n y an\u00e1lisis t\u00e9cnicos del proyecto, as\u00ed como la elaboraci\u00f3n de los informes \u2013 memorias peri\u00f3dicas en el marco del convenio regulador de la subvenci\u00f3n concedida al Ayuntamiento para ejecutar PSTD Pamplona SF365. El equipo t\u00e9cnico de la empresa adjudicataria prestar\u00e1 durante este contrato asesoramiento y soporte general t\u00e9cnico sobre todas las diferentes \u00e1reas de conocimiento y l\u00edneas de actuaci\u00f3n en los que se articula el PSTD Pamplona SF365.<br \/>\n<script async src=\"\/\/pagead2.googlesyndication.com\/pagead\/js\/adsbygoogle.js\"><\/script><br \/>\n<!-- Noticias La Guia de Pamplona --><br \/>\n<ins class=\"adsbygoogle\"\nstyle=\"display:block\"\ndata-ad-client=\"ca-pub-6943679897239327\"\ndata-ad-slot=\"7048180777\"\ndata-ad-format=\"auto\"><\/ins><br \/>\n<script>\n(adsbygoogle = window.adsbygoogle || []).push({});\n<\/script><\/p>\n<p>Este programa se describe en 4 ejes, que se concretan en 13 actuaciones, con una inversi\u00f3n total de 5.492.500 euros. El 31% de ese presupuesto se prev\u00e9 ejecutar en 2022, el 42% el 2023 y el 27% en 2024. Los cuatro ejes establecidos pasan por la transici\u00f3n verde y sostenible, la mejora de la eficiencia energ\u00e9tica, la transici\u00f3n digital y la competitividad. Entre las actuaciones previstas se encuentran la generaci\u00f3n de un centro de experiencias en el cuerpo de guardia de Santo Domingo, la generaci\u00f3n de aparcamientos \u2013 consigna para el cicloturismo en el Casco Antiguo, alojamientos eBike, un archivo documental audiovisual digital sobre Sanfermines o el dise\u00f1o e implantaci\u00f3n de un producto tur\u00edstico \u2018Ecosistema Fluvial del Arga\u2019.<\/p>\n","protected":false},"excerpt":{"rendered":"<p>Este proyecto se enmarca en el Plan de Recuperaci\u00f3n, Transformaci\u00f3n y Resiliencia financiado por la Uni\u00f3n Europea con fondos Next Generation EU<\/p>\n","protected":false},"author":1,"featured_media":41391,"comment_status":"open","ping_status":"closed","sticky":false,"template":"","format":"standard","meta":{"footnotes":""},"categories":[2],"tags":[],"class_list":["post-43241","post","type-post","status-publish","format-standard","has-post-thumbnail","hentry","category-ayuntamiento-pamplona"],"yoast_head":"<!-- This site is optimized with the Yoast SEO plugin v27.3 - https:\/\/yoast.com\/product\/yoast-seo-wordpress\/ -->\n<title>Adjudicado el contrato para el apoyo en la gesti\u00f3n del proyecto Pamplona SF365, de planificaci\u00f3n tur\u00edstica basada en la sostenibilidad<\/title>\n<meta name=\"description\" content=\"Este proyecto se enmarca en el Plan de Recuperaci\u00f3n, Transformaci\u00f3n y Resiliencia financiado por la Uni\u00f3n Europea con fondos Next Generation EU\" \/>\n<meta name=\"robots\" content=\"index, follow, max-snippet:-1, max-image-preview:large, max-video-preview:-1\" \/>\n<link rel=\"canonical\" href=\"https:\/\/www.laguiadepamplona.com\/actualidad\/adjudicado-el-contrato-para-el-apoyo-en-la-gestion-del-proyecto-pamplona-sf365-de-planificacion-turistica-basada-en-la-sostenibilidad\/\" \/>\n<meta property=\"og:locale\" content=\"es_ES\" \/>\n<meta property=\"og:type\" content=\"article\" \/>\n<meta property=\"og:title\" content=\"Adjudicado el contrato para el apoyo en la gesti\u00f3n del proyecto Pamplona SF365, de planificaci\u00f3n tur\u00edstica basada en la sostenibilidad\" \/>\n<meta property=\"og:description\" content=\"Este proyecto se enmarca en el Plan de Recuperaci\u00f3n, Transformaci\u00f3n y Resiliencia financiado por la Uni\u00f3n Europea con fondos Next Generation EU\" \/>\n<meta property=\"og:url\" content=\"https:\/\/www.laguiadepamplona.com\/actualidad\/adjudicado-el-contrato-para-el-apoyo-en-la-gestion-del-proyecto-pamplona-sf365-de-planificacion-turistica-basada-en-la-sostenibilidad\/\" \/>\n<meta property=\"og:site_name\" content=\"La Gu\u00eda de Pamplona\" \/>\n<meta property=\"article:publisher\" content=\"https:\/\/www.facebook.com\/laguiadepamplonacom-133175176762273\/?ref=hl\" \/>\n<meta property=\"article:published_time\" content=\"2023-03-21T13:51:31+00:00\" \/>\n<meta property=\"article:modified_time\" content=\"2023-04-11T09:46:59+00:00\" \/>\n<meta property=\"og:image\" content=\"https:\/\/www.laguiadepamplona.com\/actualidad\/wp-content\/uploads\/2022\/08\/reloj_ayuntamiento.webp\" \/>\n\t<meta property=\"og:image:width\" content=\"1920\" \/>\n\t<meta property=\"og:image:height\" content=\"1245\" \/>\n\t<meta property=\"og:image:type\" content=\"image\/webp\" \/>\n<meta name=\"author\" content=\"La Gu\u00eda de Pamplona\" \/>\n<meta name=\"twitter:card\" content=\"summary_large_image\" \/>\n<meta name=\"twitter:creator\" content=\"@LaGuiadPamplona\" \/>\n<meta name=\"twitter:site\" content=\"@LaGuiadPamplona\" \/>\n<meta name=\"twitter:label1\" content=\"Escrito por\" \/>\n\t<meta name=\"twitter:data1\" content=\"La Gu\u00eda de Pamplona\" \/>\n\t<meta name=\"twitter:label2\" content=\"Tiempo de lectura\" \/>\n\t<meta name=\"twitter:data2\" content=\"2 minutos\" \/>\n<script type=\"application\/ld+json\" class=\"yoast-schema-graph\">{\"@context\":\"https:\\\/\\\/schema.org\",\"@graph\":[{\"@type\":\"Article\",\"@id\":\"https:\\\/\\\/www.laguiadepamplona.com\\\/actualidad\\\/adjudicado-el-contrato-para-el-apoyo-en-la-gestion-del-proyecto-pamplona-sf365-de-planificacion-turistica-basada-en-la-sostenibilidad\\\/#article\",\"isPartOf\":{\"@id\":\"https:\\\/\\\/www.laguiadepamplona.com\\\/actualidad\\\/adjudicado-el-contrato-para-el-apoyo-en-la-gestion-del-proyecto-pamplona-sf365-de-planificacion-turistica-basada-en-la-sostenibilidad\\\/\"},\"author\":{\"name\":\"La Gu\u00eda de Pamplona\",\"@id\":\"https:\\\/\\\/www.laguiadepamplona.com\\\/actualidad\\\/#\\\/schema\\\/person\\\/efe887376f0213d4657c93adc50b1fdb\"},\"headline\":\"Adjudicado el contrato para el apoyo en la gesti\u00f3n del proyecto Pamplona SF365, de planificaci\u00f3n tur\u00edstica basada en la sostenibilidad\",\"datePublished\":\"2023-03-21T13:51:31+00:00\",\"dateModified\":\"2023-04-11T09:46:59+00:00\",\"mainEntityOfPage\":{\"@id\":\"https:\\\/\\\/www.laguiadepamplona.com\\\/actualidad\\\/adjudicado-el-contrato-para-el-apoyo-en-la-gestion-del-proyecto-pamplona-sf365-de-planificacion-turistica-basada-en-la-sostenibilidad\\\/\"},\"wordCount\":476,\"commentCount\":0,\"publisher\":{\"@id\":\"https:\\\/\\\/www.laguiadepamplona.com\\\/actualidad\\\/#organization\"},\"image\":{\"@id\":\"https:\\\/\\\/www.laguiadepamplona.com\\\/actualidad\\\/adjudicado-el-contrato-para-el-apoyo-en-la-gestion-del-proyecto-pamplona-sf365-de-planificacion-turistica-basada-en-la-sostenibilidad\\\/#primaryimage\"},\"thumbnailUrl\":\"https:\\\/\\\/www.laguiadepamplona.com\\\/actualidad\\\/wp-content\\\/uploads\\\/2022\\\/08\\\/reloj_ayuntamiento.webp\",\"articleSection\":[\"Ayto Pamplona\"],\"inLanguage\":\"es\",\"potentialAction\":[{\"@type\":\"CommentAction\",\"name\":\"Comment\",\"target\":[\"https:\\\/\\\/www.laguiadepamplona.com\\\/actualidad\\\/adjudicado-el-contrato-para-el-apoyo-en-la-gestion-del-proyecto-pamplona-sf365-de-planificacion-turistica-basada-en-la-sostenibilidad\\\/#respond\"]}]},{\"@type\":\"WebPage\",\"@id\":\"https:\\\/\\\/www.laguiadepamplona.com\\\/actualidad\\\/adjudicado-el-contrato-para-el-apoyo-en-la-gestion-del-proyecto-pamplona-sf365-de-planificacion-turistica-basada-en-la-sostenibilidad\\\/\",\"url\":\"https:\\\/\\\/www.laguiadepamplona.com\\\/actualidad\\\/adjudicado-el-contrato-para-el-apoyo-en-la-gestion-del-proyecto-pamplona-sf365-de-planificacion-turistica-basada-en-la-sostenibilidad\\\/\",\"name\":\"Adjudicado el contrato para el apoyo en la gesti\u00f3n del proyecto Pamplona SF365, de planificaci\u00f3n tur\u00edstica basada en la sostenibilidad\",\"isPartOf\":{\"@id\":\"https:\\\/\\\/www.laguiadepamplona.com\\\/actualidad\\\/#website\"},\"primaryImageOfPage\":{\"@id\":\"https:\\\/\\\/www.laguiadepamplona.com\\\/actualidad\\\/adjudicado-el-contrato-para-el-apoyo-en-la-gestion-del-proyecto-pamplona-sf365-de-planificacion-turistica-basada-en-la-sostenibilidad\\\/#primaryimage\"},\"image\":{\"@id\":\"https:\\\/\\\/www.laguiadepamplona.com\\\/actualidad\\\/adjudicado-el-contrato-para-el-apoyo-en-la-gestion-del-proyecto-pamplona-sf365-de-planificacion-turistica-basada-en-la-sostenibilidad\\\/#primaryimage\"},\"thumbnailUrl\":\"https:\\\/\\\/www.laguiadepamplona.com\\\/actualidad\\\/wp-content\\\/uploads\\\/2022\\\/08\\\/reloj_ayuntamiento.webp\",\"datePublished\":\"2023-03-21T13:51:31+00:00\",\"dateModified\":\"2023-04-11T09:46:59+00:00\",\"description\":\"Este proyecto se enmarca en el Plan de Recuperaci\u00f3n, Transformaci\u00f3n y Resiliencia financiado por la Uni\u00f3n Europea con fondos Next Generation EU\",\"breadcrumb\":{\"@id\":\"https:\\\/\\\/www.laguiadepamplona.com\\\/actualidad\\\/adjudicado-el-contrato-para-el-apoyo-en-la-gestion-del-proyecto-pamplona-sf365-de-planificacion-turistica-basada-en-la-sostenibilidad\\\/#breadcrumb\"},\"inLanguage\":\"es\",\"potentialAction\":[{\"@type\":\"ReadAction\",\"target\":[\"https:\\\/\\\/www.laguiadepamplona.com\\\/actualidad\\\/adjudicado-el-contrato-para-el-apoyo-en-la-gestion-del-proyecto-pamplona-sf365-de-planificacion-turistica-basada-en-la-sostenibilidad\\\/\"]}]},{\"@type\":\"ImageObject\",\"inLanguage\":\"es\",\"@id\":\"https:\\\/\\\/www.laguiadepamplona.com\\\/actualidad\\\/adjudicado-el-contrato-para-el-apoyo-en-la-gestion-del-proyecto-pamplona-sf365-de-planificacion-turistica-basada-en-la-sostenibilidad\\\/#primaryimage\",\"url\":\"https:\\\/\\\/www.laguiadepamplona.com\\\/actualidad\\\/wp-content\\\/uploads\\\/2022\\\/08\\\/reloj_ayuntamiento.webp\",\"contentUrl\":\"https:\\\/\\\/www.laguiadepamplona.com\\\/actualidad\\\/wp-content\\\/uploads\\\/2022\\\/08\\\/reloj_ayuntamiento.webp\",\"width\":1920,\"height\":1245,\"caption\":\"ayuntamiento\"},{\"@type\":\"BreadcrumbList\",\"@id\":\"https:\\\/\\\/www.laguiadepamplona.com\\\/actualidad\\\/adjudicado-el-contrato-para-el-apoyo-en-la-gestion-del-proyecto-pamplona-sf365-de-planificacion-turistica-basada-en-la-sostenibilidad\\\/#breadcrumb\",\"itemListElement\":[{\"@type\":\"ListItem\",\"position\":1,\"name\":\"Portada\",\"item\":\"https:\\\/\\\/www.laguiadepamplona.com\\\/actualidad\\\/\"},{\"@type\":\"ListItem\",\"position\":2,\"name\":\"Adjudicado el contrato para el apoyo en la gesti\u00f3n del proyecto Pamplona SF365, de planificaci\u00f3n tur\u00edstica basada en la sostenibilidad\"}]},{\"@type\":\"WebSite\",\"@id\":\"https:\\\/\\\/www.laguiadepamplona.com\\\/actualidad\\\/#website\",\"url\":\"https:\\\/\\\/www.laguiadepamplona.com\\\/actualidad\\\/\",\"name\":\"La gu\u00eda de Pamplona\",\"description\":\"Noticias de Pamplona\",\"publisher\":{\"@id\":\"https:\\\/\\\/www.laguiadepamplona.com\\\/actualidad\\\/#organization\"},\"potentialAction\":[{\"@type\":\"SearchAction\",\"target\":{\"@type\":\"EntryPoint\",\"urlTemplate\":\"https:\\\/\\\/www.laguiadepamplona.com\\\/actualidad\\\/?s={search_term_string}\"},\"query-input\":{\"@type\":\"PropertyValueSpecification\",\"valueRequired\":true,\"valueName\":\"search_term_string\"}}],\"inLanguage\":\"es\"},{\"@type\":\"Organization\",\"@id\":\"https:\\\/\\\/www.laguiadepamplona.com\\\/actualidad\\\/#organization\",\"name\":\"La Gu\u00eda de Pamplona \\\/ Noticias\",\"url\":\"https:\\\/\\\/www.laguiadepamplona.com\\\/actualidad\\\/\",\"logo\":{\"@type\":\"ImageObject\",\"inLanguage\":\"es\",\"@id\":\"https:\\\/\\\/www.laguiadepamplona.com\\\/actualidad\\\/#\\\/schema\\\/logo\\\/image\\\/\",\"url\":\"https:\\\/\\\/www.laguiadepamplona.com\\\/actualidad\\\/wp-content\\\/uploads\\\/2018\\\/11\\\/logo-laguiadepamplona18-web1.png\",\"contentUrl\":\"https:\\\/\\\/www.laguiadepamplona.com\\\/actualidad\\\/wp-content\\\/uploads\\\/2018\\\/11\\\/logo-laguiadepamplona18-web1.png\",\"width\":600,\"height\":196,\"caption\":\"La Gu\u00eda de Pamplona \\\/ Noticias\"},\"image\":{\"@id\":\"https:\\\/\\\/www.laguiadepamplona.com\\\/actualidad\\\/#\\\/schema\\\/logo\\\/image\\\/\"},\"sameAs\":[\"https:\\\/\\\/www.facebook.com\\\/laguiadepamplonacom-133175176762273\\\/?ref=hl\",\"https:\\\/\\\/x.com\\\/LaGuiadPamplona\",\"https:\\\/\\\/www.instagram.com\\\/la_guia_de_pamplona\\\/\",\"https:\\\/\\\/www.youtube.com\\\/user\\\/laguiadepamplona\"]},{\"@type\":\"Person\",\"@id\":\"https:\\\/\\\/www.laguiadepamplona.com\\\/actualidad\\\/#\\\/schema\\\/person\\\/efe887376f0213d4657c93adc50b1fdb\",\"name\":\"La Gu\u00eda de Pamplona\",\"image\":{\"@type\":\"ImageObject\",\"inLanguage\":\"es\",\"@id\":\"https:\\\/\\\/secure.gravatar.com\\\/avatar\\\/b6992f131dc8d30ab0dff15446e9d346d9dbd95992de0fef795073f5ea83a81c?s=96&d=mm&r=g\",\"url\":\"https:\\\/\\\/secure.gravatar.com\\\/avatar\\\/b6992f131dc8d30ab0dff15446e9d346d9dbd95992de0fef795073f5ea83a81c?s=96&d=mm&r=g\",\"contentUrl\":\"https:\\\/\\\/secure.gravatar.com\\\/avatar\\\/b6992f131dc8d30ab0dff15446e9d346d9dbd95992de0fef795073f5ea83a81c?s=96&d=mm&r=g\",\"caption\":\"La Gu\u00eda de Pamplona\"}}]}<\/script>\n<!-- \/ Yoast SEO plugin. -->","yoast_head_json":{"title":"Adjudicado el contrato para el apoyo en la gesti\u00f3n del proyecto Pamplona SF365, de planificaci\u00f3n tur\u00edstica basada en la sostenibilidad","description":"Este proyecto se enmarca en el Plan de Recuperaci\u00f3n, Transformaci\u00f3n y Resiliencia financiado por la Uni\u00f3n Europea con fondos Next Generation EU","robots":{"index":"index","follow":"follow","max-snippet":"max-snippet:-1","max-image-preview":"max-image-preview:large","max-video-preview":"max-video-preview:-1"},"canonical":"https:\/\/www.laguiadepamplona.com\/actualidad\/adjudicado-el-contrato-para-el-apoyo-en-la-gestion-del-proyecto-pamplona-sf365-de-planificacion-turistica-basada-en-la-sostenibilidad\/","og_locale":"es_ES","og_type":"article","og_title":"Adjudicado el contrato para el apoyo en la gesti\u00f3n del proyecto Pamplona SF365, de planificaci\u00f3n tur\u00edstica basada en la sostenibilidad","og_description":"Este proyecto se enmarca en el Plan de Recuperaci\u00f3n, Transformaci\u00f3n y Resiliencia financiado por la Uni\u00f3n Europea con fondos Next Generation EU","og_url":"https:\/\/www.laguiadepamplona.com\/actualidad\/adjudicado-el-contrato-para-el-apoyo-en-la-gestion-del-proyecto-pamplona-sf365-de-planificacion-turistica-basada-en-la-sostenibilidad\/","og_site_name":"La Gu\u00eda de Pamplona","article_publisher":"https:\/\/www.facebook.com\/laguiadepamplonacom-133175176762273\/?ref=hl","article_published_time":"2023-03-21T13:51:31+00:00","article_modified_time":"2023-04-11T09:46:59+00:00","og_image":[{"width":1920,"height":1245,"url":"https:\/\/www.laguiadepamplona.com\/actualidad\/wp-content\/uploads\/2022\/08\/reloj_ayuntamiento.webp","type":"image\/webp"}],"author":"La Gu\u00eda de Pamplona","twitter_card":"summary_large_image","twitter_creator":"@LaGuiadPamplona","twitter_site":"@LaGuiadPamplona","twitter_misc":{"Escrito por":"La Gu\u00eda de Pamplona","Tiempo de lectura":"2 minutos"},"schema":{"@context":"https:\/\/schema.org","@graph":[{"@type":"Article","@id":"https:\/\/www.laguiadepamplona.com\/actualidad\/adjudicado-el-contrato-para-el-apoyo-en-la-gestion-del-proyecto-pamplona-sf365-de-planificacion-turistica-basada-en-la-sostenibilidad\/#article","isPartOf":{"@id":"https:\/\/www.laguiadepamplona.com\/actualidad\/adjudicado-el-contrato-para-el-apoyo-en-la-gestion-del-proyecto-pamplona-sf365-de-planificacion-turistica-basada-en-la-sostenibilidad\/"},"author":{"name":"La Gu\u00eda de Pamplona","@id":"https:\/\/www.laguiadepamplona.com\/actualidad\/#\/schema\/person\/efe887376f0213d4657c93adc50b1fdb"},"headline":"Adjudicado el contrato para el apoyo en la gesti\u00f3n del proyecto Pamplona SF365, de planificaci\u00f3n tur\u00edstica basada en la sostenibilidad","datePublished":"2023-03-21T13:51:31+00:00","dateModified":"2023-04-11T09:46:59+00:00","mainEntityOfPage":{"@id":"https:\/\/www.laguiadepamplona.com\/actualidad\/adjudicado-el-contrato-para-el-apoyo-en-la-gestion-del-proyecto-pamplona-sf365-de-planificacion-turistica-basada-en-la-sostenibilidad\/"},"wordCount":476,"commentCount":0,"publisher":{"@id":"https:\/\/www.laguiadepamplona.com\/actualidad\/#organization"},"image":{"@id":"https:\/\/www.laguiadepamplona.com\/actualidad\/adjudicado-el-contrato-para-el-apoyo-en-la-gestion-del-proyecto-pamplona-sf365-de-planificacion-turistica-basada-en-la-sostenibilidad\/#primaryimage"},"thumbnailUrl":"https:\/\/www.laguiadepamplona.com\/actualidad\/wp-content\/uploads\/2022\/08\/reloj_ayuntamiento.webp","articleSection":["Ayto Pamplona"],"inLanguage":"es","potentialAction":[{"@type":"CommentAction","name":"Comment","target":["https:\/\/www.laguiadepamplona.com\/actualidad\/adjudicado-el-contrato-para-el-apoyo-en-la-gestion-del-proyecto-pamplona-sf365-de-planificacion-turistica-basada-en-la-sostenibilidad\/#respond"]}]},{"@type":"WebPage","@id":"https:\/\/www.laguiadepamplona.com\/actualidad\/adjudicado-el-contrato-para-el-apoyo-en-la-gestion-del-proyecto-pamplona-sf365-de-planificacion-turistica-basada-en-la-sostenibilidad\/","url":"https:\/\/www.laguiadepamplona.com\/actualidad\/adjudicado-el-contrato-para-el-apoyo-en-la-gestion-del-proyecto-pamplona-sf365-de-planificacion-turistica-basada-en-la-sostenibilidad\/","name":"Adjudicado el contrato para el apoyo en la gesti\u00f3n del proyecto Pamplona SF365, de planificaci\u00f3n tur\u00edstica basada en la sostenibilidad","isPartOf":{"@id":"https:\/\/www.laguiadepamplona.com\/actualidad\/#website"},"primaryImageOfPage":{"@id":"https:\/\/www.laguiadepamplona.com\/actualidad\/adjudicado-el-contrato-para-el-apoyo-en-la-gestion-del-proyecto-pamplona-sf365-de-planificacion-turistica-basada-en-la-sostenibilidad\/#primaryimage"},"image":{"@id":"https:\/\/www.laguiadepamplona.com\/actualidad\/adjudicado-el-contrato-para-el-apoyo-en-la-gestion-del-proyecto-pamplona-sf365-de-planificacion-turistica-basada-en-la-sostenibilidad\/#primaryimage"},"thumbnailUrl":"https:\/\/www.laguiadepamplona.com\/actualidad\/wp-content\/uploads\/2022\/08\/reloj_ayuntamiento.webp","datePublished":"2023-03-21T13:51:31+00:00","dateModified":"2023-04-11T09:46:59+00:00","description":"Este proyecto se enmarca en el Plan de Recuperaci\u00f3n, Transformaci\u00f3n y Resiliencia financiado por la Uni\u00f3n Europea con fondos Next Generation EU","breadcrumb":{"@id":"https:\/\/www.laguiadepamplona.com\/actualidad\/adjudicado-el-contrato-para-el-apoyo-en-la-gestion-del-proyecto-pamplona-sf365-de-planificacion-turistica-basada-en-la-sostenibilidad\/#breadcrumb"},"inLanguage":"es","potentialAction":[{"@type":"ReadAction","target":["https:\/\/www.laguiadepamplona.com\/actualidad\/adjudicado-el-contrato-para-el-apoyo-en-la-gestion-del-proyecto-pamplona-sf365-de-planificacion-turistica-basada-en-la-sostenibilidad\/"]}]},{"@type":"ImageObject","inLanguage":"es","@id":"https:\/\/www.laguiadepamplona.com\/actualidad\/adjudicado-el-contrato-para-el-apoyo-en-la-gestion-del-proyecto-pamplona-sf365-de-planificacion-turistica-basada-en-la-sostenibilidad\/#primaryimage","url":"https:\/\/www.laguiadepamplona.com\/actualidad\/wp-content\/uploads\/2022\/08\/reloj_ayuntamiento.webp","contentUrl":"https:\/\/www.laguiadepamplona.com\/actualidad\/wp-content\/uploads\/2022\/08\/reloj_ayuntamiento.webp","width":1920,"height":1245,"caption":"ayuntamiento"},{"@type":"BreadcrumbList","@id":"https:\/\/www.laguiadepamplona.com\/actualidad\/adjudicado-el-contrato-para-el-apoyo-en-la-gestion-del-proyecto-pamplona-sf365-de-planificacion-turistica-basada-en-la-sostenibilidad\/#breadcrumb","itemListElement":[{"@type":"ListItem","position":1,"name":"Portada","item":"https:\/\/www.laguiadepamplona.com\/actualidad\/"},{"@type":"ListItem","position":2,"name":"Adjudicado el contrato para el apoyo en la gesti\u00f3n del proyecto Pamplona SF365, de planificaci\u00f3n tur\u00edstica basada en la sostenibilidad"}]},{"@type":"WebSite","@id":"https:\/\/www.laguiadepamplona.com\/actualidad\/#website","url":"https:\/\/www.laguiadepamplona.com\/actualidad\/","name":"La gu\u00eda de Pamplona","description":"Noticias de Pamplona","publisher":{"@id":"https:\/\/www.laguiadepamplona.com\/actualidad\/#organization"},"potentialAction":[{"@type":"SearchAction","target":{"@type":"EntryPoint","urlTemplate":"https:\/\/www.laguiadepamplona.com\/actualidad\/?s={search_term_string}"},"query-input":{"@type":"PropertyValueSpecification","valueRequired":true,"valueName":"search_term_string"}}],"inLanguage":"es"},{"@type":"Organization","@id":"https:\/\/www.laguiadepamplona.com\/actualidad\/#organization","name":"La Gu\u00eda de Pamplona \/ Noticias","url":"https:\/\/www.laguiadepamplona.com\/actualidad\/","logo":{"@type":"ImageObject","inLanguage":"es","@id":"https:\/\/www.laguiadepamplona.com\/actualidad\/#\/schema\/logo\/image\/","url":"https:\/\/www.laguiadepamplona.com\/actualidad\/wp-content\/uploads\/2018\/11\/logo-laguiadepamplona18-web1.png","contentUrl":"https:\/\/www.laguiadepamplona.com\/actualidad\/wp-content\/uploads\/2018\/11\/logo-laguiadepamplona18-web1.png","width":600,"height":196,"caption":"La Gu\u00eda de Pamplona \/ Noticias"},"image":{"@id":"https:\/\/www.laguiadepamplona.com\/actualidad\/#\/schema\/logo\/image\/"},"sameAs":["https:\/\/www.facebook.com\/laguiadepamplonacom-133175176762273\/?ref=hl","https:\/\/x.com\/LaGuiadPamplona","https:\/\/www.instagram.com\/la_guia_de_pamplona\/","https:\/\/www.youtube.com\/user\/laguiadepamplona"]},{"@type":"Person","@id":"https:\/\/www.laguiadepamplona.com\/actualidad\/#\/schema\/person\/efe887376f0213d4657c93adc50b1fdb","name":"La Gu\u00eda de Pamplona","image":{"@type":"ImageObject","inLanguage":"es","@id":"https:\/\/secure.gravatar.com\/avatar\/b6992f131dc8d30ab0dff15446e9d346d9dbd95992de0fef795073f5ea83a81c?s=96&d=mm&r=g","url":"https:\/\/secure.gravatar.com\/avatar\/b6992f131dc8d30ab0dff15446e9d346d9dbd95992de0fef795073f5ea83a81c?s=96&d=mm&r=g","contentUrl":"https:\/\/secure.gravatar.com\/avatar\/b6992f131dc8d30ab0dff15446e9d346d9dbd95992de0fef795073f5ea83a81c?s=96&d=mm&r=g","caption":"La Gu\u00eda de Pamplona"}}]}},"post_mailing_queue_ids":[],"_links":{"self":[{"href":"https:\/\/www.laguiadepamplona.com\/actualidad\/wp-json\/wp\/v2\/posts\/43241","targetHints":{"allow":["GET"]}}],"collection":[{"href":"https:\/\/www.laguiadepamplona.com\/actualidad\/wp-json\/wp\/v2\/posts"}],"about":[{"href":"https:\/\/www.laguiadepamplona.com\/actualidad\/wp-json\/wp\/v2\/types\/post"}],"author":[{"embeddable":true,"href":"https:\/\/www.laguiadepamplona.com\/actualidad\/wp-json\/wp\/v2\/users\/1"}],"replies":[{"embeddable":true,"href":"https:\/\/www.laguiadepamplona.com\/actualidad\/wp-json\/wp\/v2\/comments?post=43241"}],"version-history":[{"count":0,"href":"https:\/\/www.laguiadepamplona.com\/actualidad\/wp-json\/wp\/v2\/posts\/43241\/revisions"}],"wp:featuredmedia":[{"embeddable":true,"href":"https:\/\/www.laguiadepamplona.com\/actualidad\/wp-json\/wp\/v2\/media\/41391"}],"wp:attachment":[{"href":"https:\/\/www.laguiadepamplona.com\/actualidad\/wp-json\/wp\/v2\/media?parent=43241"}],"wp:term":[{"taxonomy":"category","embeddable":true,"href":"https:\/\/www.laguiadepamplona.com\/actualidad\/wp-json\/wp\/v2\/categories?post=43241"},{"taxonomy":"post_tag","embeddable":true,"href":"https:\/\/www.laguiadepamplona.com\/actualidad\/wp-json\/wp\/v2\/tags?post=43241"}],"curies":[{"name":"wp","href":"https:\/\/api.w.org\/{rel}","templated":true}]}}