{"id":43236,"date":"2023-03-21T14:00:53","date_gmt":"2023-03-21T12:00:53","guid":{"rendered":"https:\/\/www.laguiadepamplona.com\/actualidad\/?p=43236"},"modified":"2023-04-11T11:46:59","modified_gmt":"2023-04-11T09:46:59","slug":"el-ayuntamiento-recibe-1-374-solicitudes-de-inscripcion-para-participar-en-la-convocatoria-de-seleccion-de-tres-listas-para-la-contratacion-temporal-de-auxiliares-de-proteccion-civil","status":"publish","type":"post","link":"https:\/\/www.laguiadepamplona.com\/actualidad\/el-ayuntamiento-recibe-1-374-solicitudes-de-inscripcion-para-participar-en-la-convocatoria-de-seleccion-de-tres-listas-para-la-contratacion-temporal-de-auxiliares-de-proteccion-civil\/","title":{"rendered":"El Ayuntamiento recibe 1.374 solicitudes de inscripci\u00f3n para participar en la convocatoria de selecci\u00f3n de tres listas para la contrataci\u00f3n temporal de auxiliares de protecci\u00f3n civil"},"content":{"rendered":"<h5>Cada persona inscrita puede formar parte de una o m\u00e1s listas, acreditando el cumplimiento de sus requisitos espec\u00edficos<\/h5>\n<p><!--more--><\/p>\n<p>1.374 personas han presentado solicitud para participar en las pruebas selectivas por las que se constituir\u00e1n tres listas de contrataci\u00f3n temporal para el puesto de trabajo de Auxiliar de Protecci\u00f3n Civil. La convocatoria se destina a cubrir, de forma temporal, las necesidades que se produzcan en el ente local en ese \u00e1mbito.<br \/>\n<script async src=\"\/\/pagead2.googlesyndication.com\/pagead\/js\/adsbygoogle.js\"><\/script><br \/>\n<!-- Noticias La Guia de Pamplona --><br \/>\n<ins class=\"adsbygoogle\"\nstyle=\"display:block\"\ndata-ad-client=\"ca-pub-6943679897239327\"\ndata-ad-slot=\"7048180777\"\ndata-ad-format=\"auto\"><\/ins><br \/>\n<script>\n(adsbygoogle = window.adsbygoogle || []).push({});\n<\/script><\/p>\n<p>Una de las listas de contrataci\u00f3n se generar\u00e1 para el desempe\u00f1o de la funci\u00f3n de auxiliar de protecci\u00f3n civil en cualquier departamento o servicio del \u00e1rea de Seguridad Ciudadana; la segunda lista se centra en el departamento de objetos perdidos y se requiere la titulaci\u00f3n C1 en ingl\u00e9s y la tercera lista ser\u00e1 para realizar trabajos en cualquier departamento o servicio del \u00e1rea de Seguridad Ciudadana, pero con el requisito de estar en posesi\u00f3n del permiso de conducci\u00f3n de veh\u00edculos clase C.<\/p>\n<p>En las solicitudes cada persona inscrita puede pedir formar parte de una o m\u00e1s listas haci\u00e9ndolo constar en su solicitud y con la acreditaci\u00f3n de los requisitos exigidos para cada una de ellas. La documentaci\u00f3n se deb\u00eda presentar en forma telem\u00e1tica hasta el 20 de marzo.<br \/>\n<script async src=\"\/\/pagead2.googlesyndication.com\/pagead\/js\/adsbygoogle.js\"><\/script><br \/>\n<!-- Noticias La Guia de Pamplona --><br \/>\n<ins class=\"adsbygoogle\"\nstyle=\"display:block\"\ndata-ad-client=\"ca-pub-6943679897239327\"\ndata-ad-slot=\"7048180777\"\ndata-ad-format=\"auto\"><\/ins><br \/>\n<script>\n(adsbygoogle = window.adsbygoogle || []).push({});\n<\/script><\/p>\n<p>Tras el proceso de revisi\u00f3n de solicitudes, el Ayuntamiento publicar\u00e1 en <a href=\"http:\/\/www.pamplona.es\" target=\"_blank\" rel=\"noopener\">www.pamplona.es<\/a>, en la secci\u00f3n de \u2018Empleo p\u00fablico\u2019, las listas provisionales de personas admitidas y excluidas, y abrir\u00e1 un plazo de 5 d\u00edas h\u00e1biles para que las personas excluidas puedan formular reclamaciones y subsanar, en su caso, los defectos en que hubieran incurrido, a trav\u00e9s de Sede Electr\u00f3nica en el enlace que est\u00e1 dentro de la informaci\u00f3n de la convocatoria.<\/p>\n<p>Una vez revisadas las alegaciones en la web del Ayuntamiento de Pamplona se publicar\u00e1, la lista definitiva de personas admitidas y excluidas, junto con la fecha de examen. La selecci\u00f3n se llevar\u00e1 a cabo mediante una prueba objetiva, tipo test, con varias alternativas de respuesta para cada pregunta, de las que solo una ser\u00e1 v\u00e1lida. El test podr\u00e1 incluir distintos tipos de preguntas, situacionales o de cultura general, principalmente relacionadas con la geograf\u00eda pr\u00e1ctica de Pamplona. La prueba se calificar\u00e1 con un m\u00e1ximo de 100 puntos y la superar\u00e1n aquellas personas que obtengan al menos 30 puntos.<\/p>\n","protected":false},"excerpt":{"rendered":"<p>Cada persona inscrita puede formar parte de una o m\u00e1s listas, acreditando el cumplimiento de sus requisitos espec\u00edficos<\/p>\n","protected":false},"author":1,"featured_media":43127,"comment_status":"open","ping_status":"closed","sticky":false,"template":"","format":"standard","meta":{"footnotes":""},"categories":[2],"tags":[],"class_list":["post-43236","post","type-post","status-publish","format-standard","has-post-thumbnail","hentry","category-ayuntamiento-pamplona"],"yoast_head":"<!-- This site is optimized with the Yoast SEO plugin v27.3 - https:\/\/yoast.com\/product\/yoast-seo-wordpress\/ -->\n<title>El Ayuntamiento recibe 1.374 solicitudes de inscripci\u00f3n para participar en la convocatoria de selecci\u00f3n de tres listas para la contrataci\u00f3n temporal de auxiliares de protecci\u00f3n civil<\/title>\n<meta name=\"description\" content=\"Cada persona inscrita puede formar parte de una o m\u00e1s listas, acreditando el cumplimiento de sus requisitos espec\u00edficos\" \/>\n<meta name=\"robots\" content=\"index, follow, max-snippet:-1, max-image-preview:large, max-video-preview:-1\" \/>\n<link rel=\"canonical\" href=\"https:\/\/www.laguiadepamplona.com\/actualidad\/el-ayuntamiento-recibe-1-374-solicitudes-de-inscripcion-para-participar-en-la-convocatoria-de-seleccion-de-tres-listas-para-la-contratacion-temporal-de-auxiliares-de-proteccion-civil\/\" \/>\n<meta property=\"og:locale\" content=\"es_ES\" \/>\n<meta property=\"og:type\" content=\"article\" \/>\n<meta property=\"og:title\" content=\"El Ayuntamiento recibe 1.374 solicitudes de inscripci\u00f3n para participar en la convocatoria de selecci\u00f3n de tres listas para la contrataci\u00f3n temporal de auxiliares de protecci\u00f3n civil\" \/>\n<meta property=\"og:description\" content=\"Cada persona inscrita puede formar parte de una o m\u00e1s listas, acreditando el cumplimiento de sus requisitos espec\u00edficos\" \/>\n<meta property=\"og:url\" content=\"https:\/\/www.laguiadepamplona.com\/actualidad\/el-ayuntamiento-recibe-1-374-solicitudes-de-inscripcion-para-participar-en-la-convocatoria-de-seleccion-de-tres-listas-para-la-contratacion-temporal-de-auxiliares-de-proteccion-civil\/\" \/>\n<meta property=\"og:site_name\" content=\"La Gu\u00eda de Pamplona\" \/>\n<meta property=\"article:publisher\" content=\"https:\/\/www.facebook.com\/laguiadepamplonacom-133175176762273\/?ref=hl\" \/>\n<meta property=\"article:published_time\" content=\"2023-03-21T12:00:53+00:00\" \/>\n<meta property=\"article:modified_time\" content=\"2023-04-11T09:46:59+00:00\" \/>\n<meta property=\"og:image\" content=\"https:\/\/www.laguiadepamplona.com\/actualidad\/wp-content\/uploads\/2023\/03\/NARANJITOS_EE5A0283-copia.webp\" \/>\n\t<meta property=\"og:image:width\" content=\"1920\" \/>\n\t<meta property=\"og:image:height\" content=\"1280\" \/>\n\t<meta property=\"og:image:type\" content=\"image\/webp\" \/>\n<meta name=\"author\" content=\"La Gu\u00eda de Pamplona\" \/>\n<meta name=\"twitter:card\" content=\"summary_large_image\" \/>\n<meta name=\"twitter:creator\" content=\"@LaGuiadPamplona\" \/>\n<meta name=\"twitter:site\" content=\"@LaGuiadPamplona\" \/>\n<meta name=\"twitter:label1\" content=\"Escrito por\" \/>\n\t<meta name=\"twitter:data1\" content=\"La Gu\u00eda de Pamplona\" \/>\n\t<meta name=\"twitter:label2\" content=\"Tiempo de lectura\" \/>\n\t<meta name=\"twitter:data2\" content=\"2 minutos\" \/>\n<script type=\"application\/ld+json\" class=\"yoast-schema-graph\">{\"@context\":\"https:\\\/\\\/schema.org\",\"@graph\":[{\"@type\":\"Article\",\"@id\":\"https:\\\/\\\/www.laguiadepamplona.com\\\/actualidad\\\/el-ayuntamiento-recibe-1-374-solicitudes-de-inscripcion-para-participar-en-la-convocatoria-de-seleccion-de-tres-listas-para-la-contratacion-temporal-de-auxiliares-de-proteccion-civil\\\/#article\",\"isPartOf\":{\"@id\":\"https:\\\/\\\/www.laguiadepamplona.com\\\/actualidad\\\/el-ayuntamiento-recibe-1-374-solicitudes-de-inscripcion-para-participar-en-la-convocatoria-de-seleccion-de-tres-listas-para-la-contratacion-temporal-de-auxiliares-de-proteccion-civil\\\/\"},\"author\":{\"name\":\"La Gu\u00eda de Pamplona\",\"@id\":\"https:\\\/\\\/www.laguiadepamplona.com\\\/actualidad\\\/#\\\/schema\\\/person\\\/efe887376f0213d4657c93adc50b1fdb\"},\"headline\":\"El Ayuntamiento recibe 1.374 solicitudes de inscripci\u00f3n para participar en la convocatoria de selecci\u00f3n de tres listas para la contrataci\u00f3n temporal de auxiliares de protecci\u00f3n civil\",\"datePublished\":\"2023-03-21T12:00:53+00:00\",\"dateModified\":\"2023-04-11T09:46:59+00:00\",\"mainEntityOfPage\":{\"@id\":\"https:\\\/\\\/www.laguiadepamplona.com\\\/actualidad\\\/el-ayuntamiento-recibe-1-374-solicitudes-de-inscripcion-para-participar-en-la-convocatoria-de-seleccion-de-tres-listas-para-la-contratacion-temporal-de-auxiliares-de-proteccion-civil\\\/\"},\"wordCount\":425,\"commentCount\":0,\"publisher\":{\"@id\":\"https:\\\/\\\/www.laguiadepamplona.com\\\/actualidad\\\/#organization\"},\"image\":{\"@id\":\"https:\\\/\\\/www.laguiadepamplona.com\\\/actualidad\\\/el-ayuntamiento-recibe-1-374-solicitudes-de-inscripcion-para-participar-en-la-convocatoria-de-seleccion-de-tres-listas-para-la-contratacion-temporal-de-auxiliares-de-proteccion-civil\\\/#primaryimage\"},\"thumbnailUrl\":\"https:\\\/\\\/www.laguiadepamplona.com\\\/actualidad\\\/wp-content\\\/uploads\\\/2023\\\/03\\\/NARANJITOS_EE5A0283-copia.webp\",\"articleSection\":[\"Ayto Pamplona\"],\"inLanguage\":\"es\",\"potentialAction\":[{\"@type\":\"CommentAction\",\"name\":\"Comment\",\"target\":[\"https:\\\/\\\/www.laguiadepamplona.com\\\/actualidad\\\/el-ayuntamiento-recibe-1-374-solicitudes-de-inscripcion-para-participar-en-la-convocatoria-de-seleccion-de-tres-listas-para-la-contratacion-temporal-de-auxiliares-de-proteccion-civil\\\/#respond\"]}]},{\"@type\":\"WebPage\",\"@id\":\"https:\\\/\\\/www.laguiadepamplona.com\\\/actualidad\\\/el-ayuntamiento-recibe-1-374-solicitudes-de-inscripcion-para-participar-en-la-convocatoria-de-seleccion-de-tres-listas-para-la-contratacion-temporal-de-auxiliares-de-proteccion-civil\\\/\",\"url\":\"https:\\\/\\\/www.laguiadepamplona.com\\\/actualidad\\\/el-ayuntamiento-recibe-1-374-solicitudes-de-inscripcion-para-participar-en-la-convocatoria-de-seleccion-de-tres-listas-para-la-contratacion-temporal-de-auxiliares-de-proteccion-civil\\\/\",\"name\":\"El Ayuntamiento recibe 1.374 solicitudes de inscripci\u00f3n para participar en la convocatoria de selecci\u00f3n de tres listas para la contrataci\u00f3n temporal de auxiliares de protecci\u00f3n civil\",\"isPartOf\":{\"@id\":\"https:\\\/\\\/www.laguiadepamplona.com\\\/actualidad\\\/#website\"},\"primaryImageOfPage\":{\"@id\":\"https:\\\/\\\/www.laguiadepamplona.com\\\/actualidad\\\/el-ayuntamiento-recibe-1-374-solicitudes-de-inscripcion-para-participar-en-la-convocatoria-de-seleccion-de-tres-listas-para-la-contratacion-temporal-de-auxiliares-de-proteccion-civil\\\/#primaryimage\"},\"image\":{\"@id\":\"https:\\\/\\\/www.laguiadepamplona.com\\\/actualidad\\\/el-ayuntamiento-recibe-1-374-solicitudes-de-inscripcion-para-participar-en-la-convocatoria-de-seleccion-de-tres-listas-para-la-contratacion-temporal-de-auxiliares-de-proteccion-civil\\\/#primaryimage\"},\"thumbnailUrl\":\"https:\\\/\\\/www.laguiadepamplona.com\\\/actualidad\\\/wp-content\\\/uploads\\\/2023\\\/03\\\/NARANJITOS_EE5A0283-copia.webp\",\"datePublished\":\"2023-03-21T12:00:53+00:00\",\"dateModified\":\"2023-04-11T09:46:59+00:00\",\"description\":\"Cada persona inscrita puede formar parte de una o m\u00e1s listas, acreditando el cumplimiento de sus requisitos espec\u00edficos\",\"breadcrumb\":{\"@id\":\"https:\\\/\\\/www.laguiadepamplona.com\\\/actualidad\\\/el-ayuntamiento-recibe-1-374-solicitudes-de-inscripcion-para-participar-en-la-convocatoria-de-seleccion-de-tres-listas-para-la-contratacion-temporal-de-auxiliares-de-proteccion-civil\\\/#breadcrumb\"},\"inLanguage\":\"es\",\"potentialAction\":[{\"@type\":\"ReadAction\",\"target\":[\"https:\\\/\\\/www.laguiadepamplona.com\\\/actualidad\\\/el-ayuntamiento-recibe-1-374-solicitudes-de-inscripcion-para-participar-en-la-convocatoria-de-seleccion-de-tres-listas-para-la-contratacion-temporal-de-auxiliares-de-proteccion-civil\\\/\"]}]},{\"@type\":\"ImageObject\",\"inLanguage\":\"es\",\"@id\":\"https:\\\/\\\/www.laguiadepamplona.com\\\/actualidad\\\/el-ayuntamiento-recibe-1-374-solicitudes-de-inscripcion-para-participar-en-la-convocatoria-de-seleccion-de-tres-listas-para-la-contratacion-temporal-de-auxiliares-de-proteccion-civil\\\/#primaryimage\",\"url\":\"https:\\\/\\\/www.laguiadepamplona.com\\\/actualidad\\\/wp-content\\\/uploads\\\/2023\\\/03\\\/NARANJITOS_EE5A0283-copia.webp\",\"contentUrl\":\"https:\\\/\\\/www.laguiadepamplona.com\\\/actualidad\\\/wp-content\\\/uploads\\\/2023\\\/03\\\/NARANJITOS_EE5A0283-copia.webp\",\"width\":1920,\"height\":1280},{\"@type\":\"BreadcrumbList\",\"@id\":\"https:\\\/\\\/www.laguiadepamplona.com\\\/actualidad\\\/el-ayuntamiento-recibe-1-374-solicitudes-de-inscripcion-para-participar-en-la-convocatoria-de-seleccion-de-tres-listas-para-la-contratacion-temporal-de-auxiliares-de-proteccion-civil\\\/#breadcrumb\",\"itemListElement\":[{\"@type\":\"ListItem\",\"position\":1,\"name\":\"Portada\",\"item\":\"https:\\\/\\\/www.laguiadepamplona.com\\\/actualidad\\\/\"},{\"@type\":\"ListItem\",\"position\":2,\"name\":\"El Ayuntamiento recibe 1.374 solicitudes de inscripci\u00f3n para participar en la convocatoria de selecci\u00f3n de tres listas para la contrataci\u00f3n temporal de auxiliares de protecci\u00f3n civil\"}]},{\"@type\":\"WebSite\",\"@id\":\"https:\\\/\\\/www.laguiadepamplona.com\\\/actualidad\\\/#website\",\"url\":\"https:\\\/\\\/www.laguiadepamplona.com\\\/actualidad\\\/\",\"name\":\"La gu\u00eda de Pamplona\",\"description\":\"Noticias de Pamplona\",\"publisher\":{\"@id\":\"https:\\\/\\\/www.laguiadepamplona.com\\\/actualidad\\\/#organization\"},\"potentialAction\":[{\"@type\":\"SearchAction\",\"target\":{\"@type\":\"EntryPoint\",\"urlTemplate\":\"https:\\\/\\\/www.laguiadepamplona.com\\\/actualidad\\\/?s={search_term_string}\"},\"query-input\":{\"@type\":\"PropertyValueSpecification\",\"valueRequired\":true,\"valueName\":\"search_term_string\"}}],\"inLanguage\":\"es\"},{\"@type\":\"Organization\",\"@id\":\"https:\\\/\\\/www.laguiadepamplona.com\\\/actualidad\\\/#organization\",\"name\":\"La Gu\u00eda de Pamplona \\\/ Noticias\",\"url\":\"https:\\\/\\\/www.laguiadepamplona.com\\\/actualidad\\\/\",\"logo\":{\"@type\":\"ImageObject\",\"inLanguage\":\"es\",\"@id\":\"https:\\\/\\\/www.laguiadepamplona.com\\\/actualidad\\\/#\\\/schema\\\/logo\\\/image\\\/\",\"url\":\"https:\\\/\\\/www.laguiadepamplona.com\\\/actualidad\\\/wp-content\\\/uploads\\\/2018\\\/11\\\/logo-laguiadepamplona18-web1.png\",\"contentUrl\":\"https:\\\/\\\/www.laguiadepamplona.com\\\/actualidad\\\/wp-content\\\/uploads\\\/2018\\\/11\\\/logo-laguiadepamplona18-web1.png\",\"width\":600,\"height\":196,\"caption\":\"La Gu\u00eda de Pamplona \\\/ Noticias\"},\"image\":{\"@id\":\"https:\\\/\\\/www.laguiadepamplona.com\\\/actualidad\\\/#\\\/schema\\\/logo\\\/image\\\/\"},\"sameAs\":[\"https:\\\/\\\/www.facebook.com\\\/laguiadepamplonacom-133175176762273\\\/?ref=hl\",\"https:\\\/\\\/x.com\\\/LaGuiadPamplona\",\"https:\\\/\\\/www.instagram.com\\\/la_guia_de_pamplona\\\/\",\"https:\\\/\\\/www.youtube.com\\\/user\\\/laguiadepamplona\"]},{\"@type\":\"Person\",\"@id\":\"https:\\\/\\\/www.laguiadepamplona.com\\\/actualidad\\\/#\\\/schema\\\/person\\\/efe887376f0213d4657c93adc50b1fdb\",\"name\":\"La Gu\u00eda de Pamplona\",\"image\":{\"@type\":\"ImageObject\",\"inLanguage\":\"es\",\"@id\":\"https:\\\/\\\/secure.gravatar.com\\\/avatar\\\/b6992f131dc8d30ab0dff15446e9d346d9dbd95992de0fef795073f5ea83a81c?s=96&d=mm&r=g\",\"url\":\"https:\\\/\\\/secure.gravatar.com\\\/avatar\\\/b6992f131dc8d30ab0dff15446e9d346d9dbd95992de0fef795073f5ea83a81c?s=96&d=mm&r=g\",\"contentUrl\":\"https:\\\/\\\/secure.gravatar.com\\\/avatar\\\/b6992f131dc8d30ab0dff15446e9d346d9dbd95992de0fef795073f5ea83a81c?s=96&d=mm&r=g\",\"caption\":\"La Gu\u00eda de Pamplona\"}}]}<\/script>\n<!-- \/ Yoast SEO plugin. -->","yoast_head_json":{"title":"El Ayuntamiento recibe 1.374 solicitudes de inscripci\u00f3n para participar en la convocatoria de selecci\u00f3n de tres listas para la contrataci\u00f3n temporal de auxiliares de protecci\u00f3n civil","description":"Cada persona inscrita puede formar parte de una o m\u00e1s listas, acreditando el cumplimiento de sus requisitos espec\u00edficos","robots":{"index":"index","follow":"follow","max-snippet":"max-snippet:-1","max-image-preview":"max-image-preview:large","max-video-preview":"max-video-preview:-1"},"canonical":"https:\/\/www.laguiadepamplona.com\/actualidad\/el-ayuntamiento-recibe-1-374-solicitudes-de-inscripcion-para-participar-en-la-convocatoria-de-seleccion-de-tres-listas-para-la-contratacion-temporal-de-auxiliares-de-proteccion-civil\/","og_locale":"es_ES","og_type":"article","og_title":"El Ayuntamiento recibe 1.374 solicitudes de inscripci\u00f3n para participar en la convocatoria de selecci\u00f3n de tres listas para la contrataci\u00f3n temporal de auxiliares de protecci\u00f3n civil","og_description":"Cada persona inscrita puede formar parte de una o m\u00e1s listas, acreditando el cumplimiento de sus requisitos espec\u00edficos","og_url":"https:\/\/www.laguiadepamplona.com\/actualidad\/el-ayuntamiento-recibe-1-374-solicitudes-de-inscripcion-para-participar-en-la-convocatoria-de-seleccion-de-tres-listas-para-la-contratacion-temporal-de-auxiliares-de-proteccion-civil\/","og_site_name":"La Gu\u00eda de Pamplona","article_publisher":"https:\/\/www.facebook.com\/laguiadepamplonacom-133175176762273\/?ref=hl","article_published_time":"2023-03-21T12:00:53+00:00","article_modified_time":"2023-04-11T09:46:59+00:00","og_image":[{"width":1920,"height":1280,"url":"https:\/\/www.laguiadepamplona.com\/actualidad\/wp-content\/uploads\/2023\/03\/NARANJITOS_EE5A0283-copia.webp","type":"image\/webp"}],"author":"La Gu\u00eda de Pamplona","twitter_card":"summary_large_image","twitter_creator":"@LaGuiadPamplona","twitter_site":"@LaGuiadPamplona","twitter_misc":{"Escrito por":"La Gu\u00eda de Pamplona","Tiempo de lectura":"2 minutos"},"schema":{"@context":"https:\/\/schema.org","@graph":[{"@type":"Article","@id":"https:\/\/www.laguiadepamplona.com\/actualidad\/el-ayuntamiento-recibe-1-374-solicitudes-de-inscripcion-para-participar-en-la-convocatoria-de-seleccion-de-tres-listas-para-la-contratacion-temporal-de-auxiliares-de-proteccion-civil\/#article","isPartOf":{"@id":"https:\/\/www.laguiadepamplona.com\/actualidad\/el-ayuntamiento-recibe-1-374-solicitudes-de-inscripcion-para-participar-en-la-convocatoria-de-seleccion-de-tres-listas-para-la-contratacion-temporal-de-auxiliares-de-proteccion-civil\/"},"author":{"name":"La Gu\u00eda de Pamplona","@id":"https:\/\/www.laguiadepamplona.com\/actualidad\/#\/schema\/person\/efe887376f0213d4657c93adc50b1fdb"},"headline":"El Ayuntamiento recibe 1.374 solicitudes de inscripci\u00f3n para participar en la convocatoria de selecci\u00f3n de tres listas para la contrataci\u00f3n temporal de auxiliares de protecci\u00f3n civil","datePublished":"2023-03-21T12:00:53+00:00","dateModified":"2023-04-11T09:46:59+00:00","mainEntityOfPage":{"@id":"https:\/\/www.laguiadepamplona.com\/actualidad\/el-ayuntamiento-recibe-1-374-solicitudes-de-inscripcion-para-participar-en-la-convocatoria-de-seleccion-de-tres-listas-para-la-contratacion-temporal-de-auxiliares-de-proteccion-civil\/"},"wordCount":425,"commentCount":0,"publisher":{"@id":"https:\/\/www.laguiadepamplona.com\/actualidad\/#organization"},"image":{"@id":"https:\/\/www.laguiadepamplona.com\/actualidad\/el-ayuntamiento-recibe-1-374-solicitudes-de-inscripcion-para-participar-en-la-convocatoria-de-seleccion-de-tres-listas-para-la-contratacion-temporal-de-auxiliares-de-proteccion-civil\/#primaryimage"},"thumbnailUrl":"https:\/\/www.laguiadepamplona.com\/actualidad\/wp-content\/uploads\/2023\/03\/NARANJITOS_EE5A0283-copia.webp","articleSection":["Ayto Pamplona"],"inLanguage":"es","potentialAction":[{"@type":"CommentAction","name":"Comment","target":["https:\/\/www.laguiadepamplona.com\/actualidad\/el-ayuntamiento-recibe-1-374-solicitudes-de-inscripcion-para-participar-en-la-convocatoria-de-seleccion-de-tres-listas-para-la-contratacion-temporal-de-auxiliares-de-proteccion-civil\/#respond"]}]},{"@type":"WebPage","@id":"https:\/\/www.laguiadepamplona.com\/actualidad\/el-ayuntamiento-recibe-1-374-solicitudes-de-inscripcion-para-participar-en-la-convocatoria-de-seleccion-de-tres-listas-para-la-contratacion-temporal-de-auxiliares-de-proteccion-civil\/","url":"https:\/\/www.laguiadepamplona.com\/actualidad\/el-ayuntamiento-recibe-1-374-solicitudes-de-inscripcion-para-participar-en-la-convocatoria-de-seleccion-de-tres-listas-para-la-contratacion-temporal-de-auxiliares-de-proteccion-civil\/","name":"El Ayuntamiento recibe 1.374 solicitudes de inscripci\u00f3n para participar en la convocatoria de selecci\u00f3n de tres listas para la contrataci\u00f3n temporal de auxiliares de protecci\u00f3n civil","isPartOf":{"@id":"https:\/\/www.laguiadepamplona.com\/actualidad\/#website"},"primaryImageOfPage":{"@id":"https:\/\/www.laguiadepamplona.com\/actualidad\/el-ayuntamiento-recibe-1-374-solicitudes-de-inscripcion-para-participar-en-la-convocatoria-de-seleccion-de-tres-listas-para-la-contratacion-temporal-de-auxiliares-de-proteccion-civil\/#primaryimage"},"image":{"@id":"https:\/\/www.laguiadepamplona.com\/actualidad\/el-ayuntamiento-recibe-1-374-solicitudes-de-inscripcion-para-participar-en-la-convocatoria-de-seleccion-de-tres-listas-para-la-contratacion-temporal-de-auxiliares-de-proteccion-civil\/#primaryimage"},"thumbnailUrl":"https:\/\/www.laguiadepamplona.com\/actualidad\/wp-content\/uploads\/2023\/03\/NARANJITOS_EE5A0283-copia.webp","datePublished":"2023-03-21T12:00:53+00:00","dateModified":"2023-04-11T09:46:59+00:00","description":"Cada persona inscrita puede formar parte de una o m\u00e1s listas, acreditando el cumplimiento de sus requisitos espec\u00edficos","breadcrumb":{"@id":"https:\/\/www.laguiadepamplona.com\/actualidad\/el-ayuntamiento-recibe-1-374-solicitudes-de-inscripcion-para-participar-en-la-convocatoria-de-seleccion-de-tres-listas-para-la-contratacion-temporal-de-auxiliares-de-proteccion-civil\/#breadcrumb"},"inLanguage":"es","potentialAction":[{"@type":"ReadAction","target":["https:\/\/www.laguiadepamplona.com\/actualidad\/el-ayuntamiento-recibe-1-374-solicitudes-de-inscripcion-para-participar-en-la-convocatoria-de-seleccion-de-tres-listas-para-la-contratacion-temporal-de-auxiliares-de-proteccion-civil\/"]}]},{"@type":"ImageObject","inLanguage":"es","@id":"https:\/\/www.laguiadepamplona.com\/actualidad\/el-ayuntamiento-recibe-1-374-solicitudes-de-inscripcion-para-participar-en-la-convocatoria-de-seleccion-de-tres-listas-para-la-contratacion-temporal-de-auxiliares-de-proteccion-civil\/#primaryimage","url":"https:\/\/www.laguiadepamplona.com\/actualidad\/wp-content\/uploads\/2023\/03\/NARANJITOS_EE5A0283-copia.webp","contentUrl":"https:\/\/www.laguiadepamplona.com\/actualidad\/wp-content\/uploads\/2023\/03\/NARANJITOS_EE5A0283-copia.webp","width":1920,"height":1280},{"@type":"BreadcrumbList","@id":"https:\/\/www.laguiadepamplona.com\/actualidad\/el-ayuntamiento-recibe-1-374-solicitudes-de-inscripcion-para-participar-en-la-convocatoria-de-seleccion-de-tres-listas-para-la-contratacion-temporal-de-auxiliares-de-proteccion-civil\/#breadcrumb","itemListElement":[{"@type":"ListItem","position":1,"name":"Portada","item":"https:\/\/www.laguiadepamplona.com\/actualidad\/"},{"@type":"ListItem","position":2,"name":"El Ayuntamiento recibe 1.374 solicitudes de inscripci\u00f3n para participar en la convocatoria de selecci\u00f3n de tres listas para la contrataci\u00f3n temporal de auxiliares de protecci\u00f3n civil"}]},{"@type":"WebSite","@id":"https:\/\/www.laguiadepamplona.com\/actualidad\/#website","url":"https:\/\/www.laguiadepamplona.com\/actualidad\/","name":"La gu\u00eda de Pamplona","description":"Noticias de Pamplona","publisher":{"@id":"https:\/\/www.laguiadepamplona.com\/actualidad\/#organization"},"potentialAction":[{"@type":"SearchAction","target":{"@type":"EntryPoint","urlTemplate":"https:\/\/www.laguiadepamplona.com\/actualidad\/?s={search_term_string}"},"query-input":{"@type":"PropertyValueSpecification","valueRequired":true,"valueName":"search_term_string"}}],"inLanguage":"es"},{"@type":"Organization","@id":"https:\/\/www.laguiadepamplona.com\/actualidad\/#organization","name":"La Gu\u00eda de Pamplona \/ Noticias","url":"https:\/\/www.laguiadepamplona.com\/actualidad\/","logo":{"@type":"ImageObject","inLanguage":"es","@id":"https:\/\/www.laguiadepamplona.com\/actualidad\/#\/schema\/logo\/image\/","url":"https:\/\/www.laguiadepamplona.com\/actualidad\/wp-content\/uploads\/2018\/11\/logo-laguiadepamplona18-web1.png","contentUrl":"https:\/\/www.laguiadepamplona.com\/actualidad\/wp-content\/uploads\/2018\/11\/logo-laguiadepamplona18-web1.png","width":600,"height":196,"caption":"La Gu\u00eda de Pamplona \/ Noticias"},"image":{"@id":"https:\/\/www.laguiadepamplona.com\/actualidad\/#\/schema\/logo\/image\/"},"sameAs":["https:\/\/www.facebook.com\/laguiadepamplonacom-133175176762273\/?ref=hl","https:\/\/x.com\/LaGuiadPamplona","https:\/\/www.instagram.com\/la_guia_de_pamplona\/","https:\/\/www.youtube.com\/user\/laguiadepamplona"]},{"@type":"Person","@id":"https:\/\/www.laguiadepamplona.com\/actualidad\/#\/schema\/person\/efe887376f0213d4657c93adc50b1fdb","name":"La Gu\u00eda de Pamplona","image":{"@type":"ImageObject","inLanguage":"es","@id":"https:\/\/secure.gravatar.com\/avatar\/b6992f131dc8d30ab0dff15446e9d346d9dbd95992de0fef795073f5ea83a81c?s=96&d=mm&r=g","url":"https:\/\/secure.gravatar.com\/avatar\/b6992f131dc8d30ab0dff15446e9d346d9dbd95992de0fef795073f5ea83a81c?s=96&d=mm&r=g","contentUrl":"https:\/\/secure.gravatar.com\/avatar\/b6992f131dc8d30ab0dff15446e9d346d9dbd95992de0fef795073f5ea83a81c?s=96&d=mm&r=g","caption":"La Gu\u00eda de Pamplona"}}]}},"post_mailing_queue_ids":[],"_links":{"self":[{"href":"https:\/\/www.laguiadepamplona.com\/actualidad\/wp-json\/wp\/v2\/posts\/43236","targetHints":{"allow":["GET"]}}],"collection":[{"href":"https:\/\/www.laguiadepamplona.com\/actualidad\/wp-json\/wp\/v2\/posts"}],"about":[{"href":"https:\/\/www.laguiadepamplona.com\/actualidad\/wp-json\/wp\/v2\/types\/post"}],"author":[{"embeddable":true,"href":"https:\/\/www.laguiadepamplona.com\/actualidad\/wp-json\/wp\/v2\/users\/1"}],"replies":[{"embeddable":true,"href":"https:\/\/www.laguiadepamplona.com\/actualidad\/wp-json\/wp\/v2\/comments?post=43236"}],"version-history":[{"count":0,"href":"https:\/\/www.laguiadepamplona.com\/actualidad\/wp-json\/wp\/v2\/posts\/43236\/revisions"}],"wp:featuredmedia":[{"embeddable":true,"href":"https:\/\/www.laguiadepamplona.com\/actualidad\/wp-json\/wp\/v2\/media\/43127"}],"wp:attachment":[{"href":"https:\/\/www.laguiadepamplona.com\/actualidad\/wp-json\/wp\/v2\/media?parent=43236"}],"wp:term":[{"taxonomy":"category","embeddable":true,"href":"https:\/\/www.laguiadepamplona.com\/actualidad\/wp-json\/wp\/v2\/categories?post=43236"},{"taxonomy":"post_tag","embeddable":true,"href":"https:\/\/www.laguiadepamplona.com\/actualidad\/wp-json\/wp\/v2\/tags?post=43236"}],"curies":[{"name":"wp","href":"https:\/\/api.w.org\/{rel}","templated":true}]}}