{"id":43231,"date":"2023-03-21T13:57:39","date_gmt":"2023-03-21T11:57:39","guid":{"rendered":"https:\/\/www.laguiadepamplona.com\/actualidad\/?p=43231"},"modified":"2023-04-11T11:46:59","modified_gmt":"2023-04-11T09:46:59","slug":"la-red-de-escuelas-infantiles-publicas-de-pamplona-recibe-1-574-preinscripciones-de-menores-de-0-a-3-anos-para-el-proximo-curso","status":"publish","type":"post","link":"https:\/\/www.laguiadepamplona.com\/actualidad\/la-red-de-escuelas-infantiles-publicas-de-pamplona-recibe-1-574-preinscripciones-de-menores-de-0-a-3-anos-para-el-proximo-curso\/","title":{"rendered":"La red de Escuelas Infantiles P\u00fablicas de Pamplona recibe 1.574 preinscripciones de menores de 0 a 3 a\u00f1os para el pr\u00f3ximo curso"},"content":{"rendered":"<h5>Por primera vez formalizadas a trav\u00e9s de la aplicaci\u00f3n EDUCA, el 73,5% de las solicitudes han sido gestionadas directamente por las familias<\/h5>\n<p><!--more--><\/p>\n<p>Hoy se han conocido las cifras de preinscripci\u00f3n para las 16 escuelas infantiles p\u00fablicas de Pamplona, tanto las 11 Escuelas Infantiles Municipales de Pamplona (la escuela Infantil Donibane estar\u00e1 cerrada el pr\u00f3ximo curso por obras de adecuaci\u00f3n) como de los cinco centros dependientes de Gobierno de Navarra. En total, se han presentado 1.574 solicitudes para el curso 2023-2024. El periodo de preinscripci\u00f3n se ha extendido del 6 al 17 de marzo.<\/p>\n<p>En conjunto para la red municipal se han recibido 1.362 solicitudes de preinscripci\u00f3n y para los centros de Gobierno de Navarra otras 212. En esta ocasi\u00f3n, por primera vez, todas las preinscripciones deb\u00edan hacerse de forma telem\u00e1tica a trav\u00e9s de la aplicaci\u00f3n EDUCA, un sistema de informaci\u00f3n a las familias para todas las etapas educativas que gestiona Gobierno de Navarra. De hecho, el Ayuntamiento y el Gobierno foral han suscrito este a\u00f1o un convenio de colaboraci\u00f3n para regularizar el proceso de admisi\u00f3n. Del total de solicitudes recibidas, el 73,5% (1.158) las han realizado las familias, directamente, a trav\u00e9s de internet. El resto ha sido atendido en los locales municipales de la calle Calderer\u00eda, que el Ayuntamiento ha habilitado durante el periodo de preinscripci\u00f3n, con el objetivo de ayudar y asesorar en el proceso de preinscripci\u00f3n telem\u00e1tica a las familias que necesitaban ayuda para gestionar su solicitud a trav\u00e9s de Educa. Este espacio ha estado atendido por seis personas.<br \/>\n<script async src=\"\/\/pagead2.googlesyndication.com\/pagead\/js\/adsbygoogle.js\"><\/script><br \/>\n<!-- Noticias La Guia de Pamplona --><br \/>\n<ins class=\"adsbygoogle\"\nstyle=\"display:block\"\ndata-ad-client=\"ca-pub-6943679897239327\"\ndata-ad-slot=\"7048180777\"\ndata-ad-format=\"auto\"><\/ins><br \/>\n<script>\n(adsbygoogle = window.adsbygoogle || []).push({});\n<\/script><\/p>\n<p>El pr\u00f3ximo 9 de mayo se publicar\u00e1n las listas provisionales y las listas de espera para los diferentes centros y, desde esa fecha hasta el 12 de mayo, se abrir\u00e1 un periodo de reclamaciones que deber\u00e1n hacerse de forma presencial en la calle Conde Oliveto 4, 2\u00ba izquierda. Ser\u00e1 el d\u00eda 18 cuando se conozca la lista definitiva de menores admitidos.<\/p>\n<p>Escuelas Infantiles de Pamplona dispone para el pr\u00f3ximo curso 2023 \u2013 2024 de un total de 967 plazas, 102 menos que este curso, debido al cierre de la E.I. Donibane para acometer una reforma integral. Parte de esas plazas est\u00e1n ya reservadas para aquellos menores que contin\u00faan un a\u00f1o m\u00e1s en ese ciclo de infantil de 0 a 3 a\u00f1os. Tras las reservas, a disposici\u00f3n de esas 1.574 solicitudes quedan finalmente 519 plazas vacantes en las escuelas municipales y 167 en los centros de titularidad del Gobierno de Navarra.<\/p>\n<p>La oferta ling\u00fc\u00edstica del Organismo Aut\u00f3nomo Escuelas Infantiles de Pamplona se mantiene respecto al curso pasado, con la excepci\u00f3n del cierre de la Escuela Infantil Donibane (102 plazas en castellano). Del total de inscripciones recibidas, 1.203 eran para plazas en castellano (un 76,43%) y 371 para plazas en euskera (un 23,57%). En el caso concreto de las escuelas infantiles de titularidad municipal ha habido 1.032 solicitudes para plazas en castellano y 330 para plazas de euskera. De nuevo, este curso la escolarizaci\u00f3n en las Escuelas Infantiles del Ayuntamiento de Pamplona ser\u00e1 gratuita, por lo que \u00fanicamente deber\u00e1 abonarse el servicio de comedor en aquellos casos en los que se ocupen plazas de jornada completa, la mayor\u00eda de las de la red.<br \/>\n<script async src=\"\/\/pagead2.googlesyndication.com\/pagead\/js\/adsbygoogle.js\"><\/script><br \/>\n<!-- Noticias La Guia de Pamplona --><br \/>\n<ins class=\"adsbygoogle\"\nstyle=\"display:block\"\ndata-ad-client=\"ca-pub-6943679897239327\"\ndata-ad-slot=\"7048180777\"\ndata-ad-format=\"auto\"><\/ins><br \/>\n<script>\n(adsbygoogle = window.adsbygoogle || []).push({});\n<\/script><\/p>\n<p>&nbsp;<\/p>\n<h3>Total preinscripciones por escuela del Ayuntamiento de Pamplona<\/h3>\n<p>&nbsp;<\/p>\n<table>\n<tbody>\n<tr>\n<td width=\"189\"><strong>Escuela Infantil<\/strong><\/td>\n<td width=\"141\"><strong>Vacantes provisionales ofertadas<\/strong><\/td>\n<td width=\"158\"><strong>Solicitudes recibidas<\/strong><\/td>\n<td width=\"160\"><strong>Porcentaje de solicitudes sobre el total (%)<\/strong><\/td>\n<\/tr>\n<tr>\n<td width=\"189\">E.I. DONIBANE<\/td>\n<td width=\"141\">0<\/td>\n<td width=\"158\">0<\/td>\n<td width=\"160\">0<\/td>\n<\/tr>\n<tr>\n<td width=\"189\">EI MENDEBALDEA<\/td>\n<td width=\"141\">18<\/td>\n<td width=\"158\">159<\/td>\n<td width=\"160\">10,10%<\/td>\n<\/tr>\n<tr>\n<td width=\"189\">E.I. FUERTE DEL PR\u00cdNCIPE<\/td>\n<td width=\"141\">57<\/td>\n<td width=\"158\">134<\/td>\n<td width=\"160\">8,51%<\/td>\n<\/tr>\n<tr>\n<td width=\"189\">E.I. MENDILLORRI<\/td>\n<td width=\"141\">51<\/td>\n<td width=\"158\">164<\/td>\n<td width=\"160\">10,41%<\/td>\n<\/tr>\n<tr>\n<td width=\"189\">E.I. GOIZEDER<\/td>\n<td width=\"141\">61<\/td>\n<td width=\"158\">82<\/td>\n<td width=\"160\">5,20%<\/td>\n<\/tr>\n<tr>\n<td width=\"189\">E.I. HAURTZARO<\/td>\n<td width=\"141\">44<\/td>\n<td width=\"158\">78<\/td>\n<td width=\"160\">4,95%<\/td>\n<\/tr>\n<tr>\n<td width=\"189\">E.I. IZARTEGI<\/td>\n<td width=\"141\">47<\/td>\n<td width=\"158\">71<\/td>\n<td width=\"160\">4.51%<\/td>\n<\/tr>\n<tr>\n<td width=\"189\">E.I. LEZKAIRU<\/td>\n<td width=\"141\">66<\/td>\n<td width=\"158\">338<\/td>\n<td width=\"160\">21,47%<\/td>\n<\/tr>\n<tr>\n<td width=\"189\">E.I. HELLO EGUNSENTI<\/td>\n<td width=\"141\">29<\/td>\n<td width=\"158\">34<\/td>\n<td width=\"160\">2,16%<\/td>\n<\/tr>\n<tr>\n<td width=\"189\">E.I. HELLO BUZTINTXURI<\/td>\n<td width=\"141\">49<\/td>\n<td width=\"158\">121<\/td>\n<td width=\"160\">7,68%<\/td>\n<\/tr>\n<tr>\n<td width=\"189\">E.I. HELLO AZPILAGA\u00d1A<\/td>\n<td width=\"141\">64<\/td>\n<td width=\"158\">143<\/td>\n<td width=\"160\">9,08%<\/td>\n<\/tr>\n<tr>\n<td width=\"189\">E.I. JOS\u00c9 M\u00aa DE HUARTE<\/td>\n<td width=\"141\">33<\/td>\n<td width=\"158\">38<\/td>\n<td width=\"160\">2,41%<\/td>\n<\/tr>\n<tr>\n<td width=\"189\"><strong>TOTAL<\/strong><\/td>\n<td width=\"141\"><strong>519<\/strong><\/td>\n<td width=\"158\"><strong>1.362<\/strong><\/td>\n<td width=\"160\">&nbsp;<\/td>\n<\/tr>\n<\/tbody>\n<\/table>\n<p><script async src=\"\/\/pagead2.googlesyndication.com\/pagead\/js\/adsbygoogle.js\"><\/script><br \/>\n<!-- Noticias La Guia de Pamplona --><br \/>\n<ins class=\"adsbygoogle\"\nstyle=\"display:block\"\ndata-ad-client=\"ca-pub-6943679897239327\"\ndata-ad-slot=\"7048180777\"\ndata-ad-format=\"auto\"><\/ins><br \/>\n<script>\n(adsbygoogle = window.adsbygoogle || []).push({});\n<\/script><\/p>\n<p>&nbsp;<\/p>\n<h3>Total preinscripciones por escuela del Gobierno de Navarra<\/h3>\n<p>&nbsp;<\/p>\n<table>\n<tbody>\n<tr>\n<td width=\"201\"><strong>Escuela Infantil<\/strong><\/td>\n<td width=\"127\"><strong>Vacantes provisionales ofertadas<\/strong><\/td>\n<td width=\"141\"><strong>Solicitudes recibidas<\/strong><\/td>\n<td width=\"181\"><strong>Porcentaje del total (%)<\/strong><\/td>\n<\/tr>\n<tr>\n<td width=\"201\">E.I. NINIA ETXEA<\/td>\n<td width=\"127\">41<\/td>\n<td width=\"141\">87<\/td>\n<td width=\"181\">5,52%<\/td>\n<\/tr>\n<tr>\n<td width=\"201\">E.I. NTRA SRA DE LOS ANGELES<\/td>\n<td width=\"127\">31<\/td>\n<td width=\"141\">56<\/td>\n<td width=\"181\">3,58%<\/td>\n<\/tr>\n<tr>\n<td width=\"201\">E.I. NTRA SRA DE RONCESVALLES<\/td>\n<td width=\"127\">30<\/td>\n<td width=\"141\">16<\/td>\n<td width=\"181\">1,01%<\/td>\n<\/tr>\n<tr>\n<td width=\"201\">E.I. SAN JORGE<\/td>\n<td width=\"127\">30<\/td>\n<td width=\"141\">46<\/td>\n<td width=\"181\">2,92%<\/td>\n<\/tr>\n<tr>\n<td width=\"201\">E.I. STA TERESA<\/td>\n<td width=\"127\">35<\/td>\n<td width=\"141\">7<\/td>\n<td width=\"181\">0,44%<\/td>\n<\/tr>\n<tr>\n<td width=\"201\"><strong>TOTAL<\/strong><\/td>\n<td width=\"127\"><strong>167<\/strong><\/td>\n<td width=\"141\"><strong>212<\/strong><\/td>\n<td width=\"181\">&nbsp;<\/td>\n<\/tr>\n<\/tbody>\n<\/table>\n<p>&nbsp;<\/p>\n","protected":false},"excerpt":{"rendered":"<p>Por primera vez formalizadas a trav\u00e9s de la aplicaci\u00f3n EDUCA, el 73,5% de las solicitudes han sido gestionadas directamente por las familias<\/p>\n","protected":false},"author":1,"featured_media":40295,"comment_status":"open","ping_status":"closed","sticky":false,"template":"","format":"standard","meta":{"footnotes":""},"categories":[2],"tags":[],"class_list":["post-43231","post","type-post","status-publish","format-standard","has-post-thumbnail","hentry","category-ayuntamiento-pamplona"],"yoast_head":"<!-- This site is optimized with the Yoast SEO plugin v27.3 - https:\/\/yoast.com\/product\/yoast-seo-wordpress\/ -->\n<title>La red de Escuelas Infantiles P\u00fablicas de Pamplona recibe 1.574 preinscripciones de menores de 0 a 3 a\u00f1os para el pr\u00f3ximo curso<\/title>\n<meta name=\"description\" content=\"Por primera vez formalizadas a trav\u00e9s de la aplicaci\u00f3n EDUCA, el 73,5% de las solicitudes han sido gestionadas directamente por las familias\" \/>\n<meta name=\"robots\" content=\"index, follow, max-snippet:-1, max-image-preview:large, max-video-preview:-1\" \/>\n<link rel=\"canonical\" href=\"https:\/\/www.laguiadepamplona.com\/actualidad\/la-red-de-escuelas-infantiles-publicas-de-pamplona-recibe-1-574-preinscripciones-de-menores-de-0-a-3-anos-para-el-proximo-curso\/\" \/>\n<meta property=\"og:locale\" content=\"es_ES\" \/>\n<meta property=\"og:type\" content=\"article\" \/>\n<meta property=\"og:title\" content=\"La red de Escuelas Infantiles P\u00fablicas de Pamplona recibe 1.574 preinscripciones de menores de 0 a 3 a\u00f1os para el pr\u00f3ximo curso\" \/>\n<meta property=\"og:description\" content=\"Por primera vez formalizadas a trav\u00e9s de la aplicaci\u00f3n EDUCA, el 73,5% de las solicitudes han sido gestionadas directamente por las familias\" \/>\n<meta property=\"og:url\" content=\"https:\/\/www.laguiadepamplona.com\/actualidad\/la-red-de-escuelas-infantiles-publicas-de-pamplona-recibe-1-574-preinscripciones-de-menores-de-0-a-3-anos-para-el-proximo-curso\/\" \/>\n<meta property=\"og:site_name\" content=\"La Gu\u00eda de Pamplona\" \/>\n<meta property=\"article:publisher\" content=\"https:\/\/www.facebook.com\/laguiadepamplonacom-133175176762273\/?ref=hl\" \/>\n<meta property=\"article:published_time\" content=\"2023-03-21T11:57:39+00:00\" \/>\n<meta property=\"article:modified_time\" content=\"2023-04-11T09:46:59+00:00\" \/>\n<meta property=\"og:image\" content=\"https:\/\/www.laguiadepamplona.com\/actualidad\/wp-content\/uploads\/2022\/05\/obras-escuela-infantil-lezkairu-copia.webp\" \/>\n\t<meta property=\"og:image:width\" content=\"1920\" \/>\n\t<meta property=\"og:image:height\" content=\"1281\" \/>\n\t<meta property=\"og:image:type\" content=\"image\/webp\" \/>\n<meta name=\"author\" content=\"La Gu\u00eda de Pamplona\" \/>\n<meta name=\"twitter:card\" content=\"summary_large_image\" \/>\n<meta name=\"twitter:creator\" content=\"@LaGuiadPamplona\" \/>\n<meta name=\"twitter:site\" content=\"@LaGuiadPamplona\" \/>\n<meta name=\"twitter:label1\" content=\"Escrito por\" \/>\n\t<meta name=\"twitter:data1\" content=\"La Gu\u00eda de Pamplona\" \/>\n\t<meta name=\"twitter:label2\" content=\"Tiempo de lectura\" \/>\n\t<meta name=\"twitter:data2\" content=\"4 minutos\" \/>\n<script type=\"application\/ld+json\" class=\"yoast-schema-graph\">{\"@context\":\"https:\\\/\\\/schema.org\",\"@graph\":[{\"@type\":\"Article\",\"@id\":\"https:\\\/\\\/www.laguiadepamplona.com\\\/actualidad\\\/la-red-de-escuelas-infantiles-publicas-de-pamplona-recibe-1-574-preinscripciones-de-menores-de-0-a-3-anos-para-el-proximo-curso\\\/#article\",\"isPartOf\":{\"@id\":\"https:\\\/\\\/www.laguiadepamplona.com\\\/actualidad\\\/la-red-de-escuelas-infantiles-publicas-de-pamplona-recibe-1-574-preinscripciones-de-menores-de-0-a-3-anos-para-el-proximo-curso\\\/\"},\"author\":{\"name\":\"La Gu\u00eda de Pamplona\",\"@id\":\"https:\\\/\\\/www.laguiadepamplona.com\\\/actualidad\\\/#\\\/schema\\\/person\\\/efe887376f0213d4657c93adc50b1fdb\"},\"headline\":\"La red de Escuelas Infantiles P\u00fablicas de Pamplona recibe 1.574 preinscripciones de menores de 0 a 3 a\u00f1os para el pr\u00f3ximo curso\",\"datePublished\":\"2023-03-21T11:57:39+00:00\",\"dateModified\":\"2023-04-11T09:46:59+00:00\",\"mainEntityOfPage\":{\"@id\":\"https:\\\/\\\/www.laguiadepamplona.com\\\/actualidad\\\/la-red-de-escuelas-infantiles-publicas-de-pamplona-recibe-1-574-preinscripciones-de-menores-de-0-a-3-anos-para-el-proximo-curso\\\/\"},\"wordCount\":670,\"commentCount\":0,\"publisher\":{\"@id\":\"https:\\\/\\\/www.laguiadepamplona.com\\\/actualidad\\\/#organization\"},\"image\":{\"@id\":\"https:\\\/\\\/www.laguiadepamplona.com\\\/actualidad\\\/la-red-de-escuelas-infantiles-publicas-de-pamplona-recibe-1-574-preinscripciones-de-menores-de-0-a-3-anos-para-el-proximo-curso\\\/#primaryimage\"},\"thumbnailUrl\":\"https:\\\/\\\/www.laguiadepamplona.com\\\/actualidad\\\/wp-content\\\/uploads\\\/2022\\\/05\\\/obras-escuela-infantil-lezkairu-copia.webp\",\"articleSection\":[\"Ayto Pamplona\"],\"inLanguage\":\"es\",\"potentialAction\":[{\"@type\":\"CommentAction\",\"name\":\"Comment\",\"target\":[\"https:\\\/\\\/www.laguiadepamplona.com\\\/actualidad\\\/la-red-de-escuelas-infantiles-publicas-de-pamplona-recibe-1-574-preinscripciones-de-menores-de-0-a-3-anos-para-el-proximo-curso\\\/#respond\"]}]},{\"@type\":\"WebPage\",\"@id\":\"https:\\\/\\\/www.laguiadepamplona.com\\\/actualidad\\\/la-red-de-escuelas-infantiles-publicas-de-pamplona-recibe-1-574-preinscripciones-de-menores-de-0-a-3-anos-para-el-proximo-curso\\\/\",\"url\":\"https:\\\/\\\/www.laguiadepamplona.com\\\/actualidad\\\/la-red-de-escuelas-infantiles-publicas-de-pamplona-recibe-1-574-preinscripciones-de-menores-de-0-a-3-anos-para-el-proximo-curso\\\/\",\"name\":\"La red de Escuelas Infantiles P\u00fablicas de Pamplona recibe 1.574 preinscripciones de menores de 0 a 3 a\u00f1os para el pr\u00f3ximo curso\",\"isPartOf\":{\"@id\":\"https:\\\/\\\/www.laguiadepamplona.com\\\/actualidad\\\/#website\"},\"primaryImageOfPage\":{\"@id\":\"https:\\\/\\\/www.laguiadepamplona.com\\\/actualidad\\\/la-red-de-escuelas-infantiles-publicas-de-pamplona-recibe-1-574-preinscripciones-de-menores-de-0-a-3-anos-para-el-proximo-curso\\\/#primaryimage\"},\"image\":{\"@id\":\"https:\\\/\\\/www.laguiadepamplona.com\\\/actualidad\\\/la-red-de-escuelas-infantiles-publicas-de-pamplona-recibe-1-574-preinscripciones-de-menores-de-0-a-3-anos-para-el-proximo-curso\\\/#primaryimage\"},\"thumbnailUrl\":\"https:\\\/\\\/www.laguiadepamplona.com\\\/actualidad\\\/wp-content\\\/uploads\\\/2022\\\/05\\\/obras-escuela-infantil-lezkairu-copia.webp\",\"datePublished\":\"2023-03-21T11:57:39+00:00\",\"dateModified\":\"2023-04-11T09:46:59+00:00\",\"description\":\"Por primera vez formalizadas a trav\u00e9s de la aplicaci\u00f3n EDUCA, el 73,5% de las solicitudes han sido gestionadas directamente por las familias\",\"breadcrumb\":{\"@id\":\"https:\\\/\\\/www.laguiadepamplona.com\\\/actualidad\\\/la-red-de-escuelas-infantiles-publicas-de-pamplona-recibe-1-574-preinscripciones-de-menores-de-0-a-3-anos-para-el-proximo-curso\\\/#breadcrumb\"},\"inLanguage\":\"es\",\"potentialAction\":[{\"@type\":\"ReadAction\",\"target\":[\"https:\\\/\\\/www.laguiadepamplona.com\\\/actualidad\\\/la-red-de-escuelas-infantiles-publicas-de-pamplona-recibe-1-574-preinscripciones-de-menores-de-0-a-3-anos-para-el-proximo-curso\\\/\"]}]},{\"@type\":\"ImageObject\",\"inLanguage\":\"es\",\"@id\":\"https:\\\/\\\/www.laguiadepamplona.com\\\/actualidad\\\/la-red-de-escuelas-infantiles-publicas-de-pamplona-recibe-1-574-preinscripciones-de-menores-de-0-a-3-anos-para-el-proximo-curso\\\/#primaryimage\",\"url\":\"https:\\\/\\\/www.laguiadepamplona.com\\\/actualidad\\\/wp-content\\\/uploads\\\/2022\\\/05\\\/obras-escuela-infantil-lezkairu-copia.webp\",\"contentUrl\":\"https:\\\/\\\/www.laguiadepamplona.com\\\/actualidad\\\/wp-content\\\/uploads\\\/2022\\\/05\\\/obras-escuela-infantil-lezkairu-copia.webp\",\"width\":1920,\"height\":1281},{\"@type\":\"BreadcrumbList\",\"@id\":\"https:\\\/\\\/www.laguiadepamplona.com\\\/actualidad\\\/la-red-de-escuelas-infantiles-publicas-de-pamplona-recibe-1-574-preinscripciones-de-menores-de-0-a-3-anos-para-el-proximo-curso\\\/#breadcrumb\",\"itemListElement\":[{\"@type\":\"ListItem\",\"position\":1,\"name\":\"Portada\",\"item\":\"https:\\\/\\\/www.laguiadepamplona.com\\\/actualidad\\\/\"},{\"@type\":\"ListItem\",\"position\":2,\"name\":\"La red de Escuelas Infantiles P\u00fablicas de Pamplona recibe 1.574 preinscripciones de menores de 0 a 3 a\u00f1os para el pr\u00f3ximo curso\"}]},{\"@type\":\"WebSite\",\"@id\":\"https:\\\/\\\/www.laguiadepamplona.com\\\/actualidad\\\/#website\",\"url\":\"https:\\\/\\\/www.laguiadepamplona.com\\\/actualidad\\\/\",\"name\":\"La gu\u00eda de Pamplona\",\"description\":\"Noticias de Pamplona\",\"publisher\":{\"@id\":\"https:\\\/\\\/www.laguiadepamplona.com\\\/actualidad\\\/#organization\"},\"potentialAction\":[{\"@type\":\"SearchAction\",\"target\":{\"@type\":\"EntryPoint\",\"urlTemplate\":\"https:\\\/\\\/www.laguiadepamplona.com\\\/actualidad\\\/?s={search_term_string}\"},\"query-input\":{\"@type\":\"PropertyValueSpecification\",\"valueRequired\":true,\"valueName\":\"search_term_string\"}}],\"inLanguage\":\"es\"},{\"@type\":\"Organization\",\"@id\":\"https:\\\/\\\/www.laguiadepamplona.com\\\/actualidad\\\/#organization\",\"name\":\"La Gu\u00eda de Pamplona \\\/ Noticias\",\"url\":\"https:\\\/\\\/www.laguiadepamplona.com\\\/actualidad\\\/\",\"logo\":{\"@type\":\"ImageObject\",\"inLanguage\":\"es\",\"@id\":\"https:\\\/\\\/www.laguiadepamplona.com\\\/actualidad\\\/#\\\/schema\\\/logo\\\/image\\\/\",\"url\":\"https:\\\/\\\/www.laguiadepamplona.com\\\/actualidad\\\/wp-content\\\/uploads\\\/2018\\\/11\\\/logo-laguiadepamplona18-web1.png\",\"contentUrl\":\"https:\\\/\\\/www.laguiadepamplona.com\\\/actualidad\\\/wp-content\\\/uploads\\\/2018\\\/11\\\/logo-laguiadepamplona18-web1.png\",\"width\":600,\"height\":196,\"caption\":\"La Gu\u00eda de Pamplona \\\/ Noticias\"},\"image\":{\"@id\":\"https:\\\/\\\/www.laguiadepamplona.com\\\/actualidad\\\/#\\\/schema\\\/logo\\\/image\\\/\"},\"sameAs\":[\"https:\\\/\\\/www.facebook.com\\\/laguiadepamplonacom-133175176762273\\\/?ref=hl\",\"https:\\\/\\\/x.com\\\/LaGuiadPamplona\",\"https:\\\/\\\/www.instagram.com\\\/la_guia_de_pamplona\\\/\",\"https:\\\/\\\/www.youtube.com\\\/user\\\/laguiadepamplona\"]},{\"@type\":\"Person\",\"@id\":\"https:\\\/\\\/www.laguiadepamplona.com\\\/actualidad\\\/#\\\/schema\\\/person\\\/efe887376f0213d4657c93adc50b1fdb\",\"name\":\"La Gu\u00eda de Pamplona\",\"image\":{\"@type\":\"ImageObject\",\"inLanguage\":\"es\",\"@id\":\"https:\\\/\\\/secure.gravatar.com\\\/avatar\\\/b6992f131dc8d30ab0dff15446e9d346d9dbd95992de0fef795073f5ea83a81c?s=96&d=mm&r=g\",\"url\":\"https:\\\/\\\/secure.gravatar.com\\\/avatar\\\/b6992f131dc8d30ab0dff15446e9d346d9dbd95992de0fef795073f5ea83a81c?s=96&d=mm&r=g\",\"contentUrl\":\"https:\\\/\\\/secure.gravatar.com\\\/avatar\\\/b6992f131dc8d30ab0dff15446e9d346d9dbd95992de0fef795073f5ea83a81c?s=96&d=mm&r=g\",\"caption\":\"La Gu\u00eda de Pamplona\"}}]}<\/script>\n<!-- \/ Yoast SEO plugin. -->","yoast_head_json":{"title":"La red de Escuelas Infantiles P\u00fablicas de Pamplona recibe 1.574 preinscripciones de menores de 0 a 3 a\u00f1os para el pr\u00f3ximo curso","description":"Por primera vez formalizadas a trav\u00e9s de la aplicaci\u00f3n EDUCA, el 73,5% de las solicitudes han sido gestionadas directamente por las familias","robots":{"index":"index","follow":"follow","max-snippet":"max-snippet:-1","max-image-preview":"max-image-preview:large","max-video-preview":"max-video-preview:-1"},"canonical":"https:\/\/www.laguiadepamplona.com\/actualidad\/la-red-de-escuelas-infantiles-publicas-de-pamplona-recibe-1-574-preinscripciones-de-menores-de-0-a-3-anos-para-el-proximo-curso\/","og_locale":"es_ES","og_type":"article","og_title":"La red de Escuelas Infantiles P\u00fablicas de Pamplona recibe 1.574 preinscripciones de menores de 0 a 3 a\u00f1os para el pr\u00f3ximo curso","og_description":"Por primera vez formalizadas a trav\u00e9s de la aplicaci\u00f3n EDUCA, el 73,5% de las solicitudes han sido gestionadas directamente por las familias","og_url":"https:\/\/www.laguiadepamplona.com\/actualidad\/la-red-de-escuelas-infantiles-publicas-de-pamplona-recibe-1-574-preinscripciones-de-menores-de-0-a-3-anos-para-el-proximo-curso\/","og_site_name":"La Gu\u00eda de Pamplona","article_publisher":"https:\/\/www.facebook.com\/laguiadepamplonacom-133175176762273\/?ref=hl","article_published_time":"2023-03-21T11:57:39+00:00","article_modified_time":"2023-04-11T09:46:59+00:00","og_image":[{"width":1920,"height":1281,"url":"https:\/\/www.laguiadepamplona.com\/actualidad\/wp-content\/uploads\/2022\/05\/obras-escuela-infantil-lezkairu-copia.webp","type":"image\/webp"}],"author":"La Gu\u00eda de Pamplona","twitter_card":"summary_large_image","twitter_creator":"@LaGuiadPamplona","twitter_site":"@LaGuiadPamplona","twitter_misc":{"Escrito por":"La Gu\u00eda de Pamplona","Tiempo de lectura":"4 minutos"},"schema":{"@context":"https:\/\/schema.org","@graph":[{"@type":"Article","@id":"https:\/\/www.laguiadepamplona.com\/actualidad\/la-red-de-escuelas-infantiles-publicas-de-pamplona-recibe-1-574-preinscripciones-de-menores-de-0-a-3-anos-para-el-proximo-curso\/#article","isPartOf":{"@id":"https:\/\/www.laguiadepamplona.com\/actualidad\/la-red-de-escuelas-infantiles-publicas-de-pamplona-recibe-1-574-preinscripciones-de-menores-de-0-a-3-anos-para-el-proximo-curso\/"},"author":{"name":"La Gu\u00eda de Pamplona","@id":"https:\/\/www.laguiadepamplona.com\/actualidad\/#\/schema\/person\/efe887376f0213d4657c93adc50b1fdb"},"headline":"La red de Escuelas Infantiles P\u00fablicas de Pamplona recibe 1.574 preinscripciones de menores de 0 a 3 a\u00f1os para el pr\u00f3ximo curso","datePublished":"2023-03-21T11:57:39+00:00","dateModified":"2023-04-11T09:46:59+00:00","mainEntityOfPage":{"@id":"https:\/\/www.laguiadepamplona.com\/actualidad\/la-red-de-escuelas-infantiles-publicas-de-pamplona-recibe-1-574-preinscripciones-de-menores-de-0-a-3-anos-para-el-proximo-curso\/"},"wordCount":670,"commentCount":0,"publisher":{"@id":"https:\/\/www.laguiadepamplona.com\/actualidad\/#organization"},"image":{"@id":"https:\/\/www.laguiadepamplona.com\/actualidad\/la-red-de-escuelas-infantiles-publicas-de-pamplona-recibe-1-574-preinscripciones-de-menores-de-0-a-3-anos-para-el-proximo-curso\/#primaryimage"},"thumbnailUrl":"https:\/\/www.laguiadepamplona.com\/actualidad\/wp-content\/uploads\/2022\/05\/obras-escuela-infantil-lezkairu-copia.webp","articleSection":["Ayto Pamplona"],"inLanguage":"es","potentialAction":[{"@type":"CommentAction","name":"Comment","target":["https:\/\/www.laguiadepamplona.com\/actualidad\/la-red-de-escuelas-infantiles-publicas-de-pamplona-recibe-1-574-preinscripciones-de-menores-de-0-a-3-anos-para-el-proximo-curso\/#respond"]}]},{"@type":"WebPage","@id":"https:\/\/www.laguiadepamplona.com\/actualidad\/la-red-de-escuelas-infantiles-publicas-de-pamplona-recibe-1-574-preinscripciones-de-menores-de-0-a-3-anos-para-el-proximo-curso\/","url":"https:\/\/www.laguiadepamplona.com\/actualidad\/la-red-de-escuelas-infantiles-publicas-de-pamplona-recibe-1-574-preinscripciones-de-menores-de-0-a-3-anos-para-el-proximo-curso\/","name":"La red de Escuelas Infantiles P\u00fablicas de Pamplona recibe 1.574 preinscripciones de menores de 0 a 3 a\u00f1os para el pr\u00f3ximo curso","isPartOf":{"@id":"https:\/\/www.laguiadepamplona.com\/actualidad\/#website"},"primaryImageOfPage":{"@id":"https:\/\/www.laguiadepamplona.com\/actualidad\/la-red-de-escuelas-infantiles-publicas-de-pamplona-recibe-1-574-preinscripciones-de-menores-de-0-a-3-anos-para-el-proximo-curso\/#primaryimage"},"image":{"@id":"https:\/\/www.laguiadepamplona.com\/actualidad\/la-red-de-escuelas-infantiles-publicas-de-pamplona-recibe-1-574-preinscripciones-de-menores-de-0-a-3-anos-para-el-proximo-curso\/#primaryimage"},"thumbnailUrl":"https:\/\/www.laguiadepamplona.com\/actualidad\/wp-content\/uploads\/2022\/05\/obras-escuela-infantil-lezkairu-copia.webp","datePublished":"2023-03-21T11:57:39+00:00","dateModified":"2023-04-11T09:46:59+00:00","description":"Por primera vez formalizadas a trav\u00e9s de la aplicaci\u00f3n EDUCA, el 73,5% de las solicitudes han sido gestionadas directamente por las familias","breadcrumb":{"@id":"https:\/\/www.laguiadepamplona.com\/actualidad\/la-red-de-escuelas-infantiles-publicas-de-pamplona-recibe-1-574-preinscripciones-de-menores-de-0-a-3-anos-para-el-proximo-curso\/#breadcrumb"},"inLanguage":"es","potentialAction":[{"@type":"ReadAction","target":["https:\/\/www.laguiadepamplona.com\/actualidad\/la-red-de-escuelas-infantiles-publicas-de-pamplona-recibe-1-574-preinscripciones-de-menores-de-0-a-3-anos-para-el-proximo-curso\/"]}]},{"@type":"ImageObject","inLanguage":"es","@id":"https:\/\/www.laguiadepamplona.com\/actualidad\/la-red-de-escuelas-infantiles-publicas-de-pamplona-recibe-1-574-preinscripciones-de-menores-de-0-a-3-anos-para-el-proximo-curso\/#primaryimage","url":"https:\/\/www.laguiadepamplona.com\/actualidad\/wp-content\/uploads\/2022\/05\/obras-escuela-infantil-lezkairu-copia.webp","contentUrl":"https:\/\/www.laguiadepamplona.com\/actualidad\/wp-content\/uploads\/2022\/05\/obras-escuela-infantil-lezkairu-copia.webp","width":1920,"height":1281},{"@type":"BreadcrumbList","@id":"https:\/\/www.laguiadepamplona.com\/actualidad\/la-red-de-escuelas-infantiles-publicas-de-pamplona-recibe-1-574-preinscripciones-de-menores-de-0-a-3-anos-para-el-proximo-curso\/#breadcrumb","itemListElement":[{"@type":"ListItem","position":1,"name":"Portada","item":"https:\/\/www.laguiadepamplona.com\/actualidad\/"},{"@type":"ListItem","position":2,"name":"La red de Escuelas Infantiles P\u00fablicas de Pamplona recibe 1.574 preinscripciones de menores de 0 a 3 a\u00f1os para el pr\u00f3ximo curso"}]},{"@type":"WebSite","@id":"https:\/\/www.laguiadepamplona.com\/actualidad\/#website","url":"https:\/\/www.laguiadepamplona.com\/actualidad\/","name":"La gu\u00eda de Pamplona","description":"Noticias de Pamplona","publisher":{"@id":"https:\/\/www.laguiadepamplona.com\/actualidad\/#organization"},"potentialAction":[{"@type":"SearchAction","target":{"@type":"EntryPoint","urlTemplate":"https:\/\/www.laguiadepamplona.com\/actualidad\/?s={search_term_string}"},"query-input":{"@type":"PropertyValueSpecification","valueRequired":true,"valueName":"search_term_string"}}],"inLanguage":"es"},{"@type":"Organization","@id":"https:\/\/www.laguiadepamplona.com\/actualidad\/#organization","name":"La Gu\u00eda de Pamplona \/ Noticias","url":"https:\/\/www.laguiadepamplona.com\/actualidad\/","logo":{"@type":"ImageObject","inLanguage":"es","@id":"https:\/\/www.laguiadepamplona.com\/actualidad\/#\/schema\/logo\/image\/","url":"https:\/\/www.laguiadepamplona.com\/actualidad\/wp-content\/uploads\/2018\/11\/logo-laguiadepamplona18-web1.png","contentUrl":"https:\/\/www.laguiadepamplona.com\/actualidad\/wp-content\/uploads\/2018\/11\/logo-laguiadepamplona18-web1.png","width":600,"height":196,"caption":"La Gu\u00eda de Pamplona \/ Noticias"},"image":{"@id":"https:\/\/www.laguiadepamplona.com\/actualidad\/#\/schema\/logo\/image\/"},"sameAs":["https:\/\/www.facebook.com\/laguiadepamplonacom-133175176762273\/?ref=hl","https:\/\/x.com\/LaGuiadPamplona","https:\/\/www.instagram.com\/la_guia_de_pamplona\/","https:\/\/www.youtube.com\/user\/laguiadepamplona"]},{"@type":"Person","@id":"https:\/\/www.laguiadepamplona.com\/actualidad\/#\/schema\/person\/efe887376f0213d4657c93adc50b1fdb","name":"La Gu\u00eda de Pamplona","image":{"@type":"ImageObject","inLanguage":"es","@id":"https:\/\/secure.gravatar.com\/avatar\/b6992f131dc8d30ab0dff15446e9d346d9dbd95992de0fef795073f5ea83a81c?s=96&d=mm&r=g","url":"https:\/\/secure.gravatar.com\/avatar\/b6992f131dc8d30ab0dff15446e9d346d9dbd95992de0fef795073f5ea83a81c?s=96&d=mm&r=g","contentUrl":"https:\/\/secure.gravatar.com\/avatar\/b6992f131dc8d30ab0dff15446e9d346d9dbd95992de0fef795073f5ea83a81c?s=96&d=mm&r=g","caption":"La Gu\u00eda de Pamplona"}}]}},"post_mailing_queue_ids":[],"_links":{"self":[{"href":"https:\/\/www.laguiadepamplona.com\/actualidad\/wp-json\/wp\/v2\/posts\/43231","targetHints":{"allow":["GET"]}}],"collection":[{"href":"https:\/\/www.laguiadepamplona.com\/actualidad\/wp-json\/wp\/v2\/posts"}],"about":[{"href":"https:\/\/www.laguiadepamplona.com\/actualidad\/wp-json\/wp\/v2\/types\/post"}],"author":[{"embeddable":true,"href":"https:\/\/www.laguiadepamplona.com\/actualidad\/wp-json\/wp\/v2\/users\/1"}],"replies":[{"embeddable":true,"href":"https:\/\/www.laguiadepamplona.com\/actualidad\/wp-json\/wp\/v2\/comments?post=43231"}],"version-history":[{"count":0,"href":"https:\/\/www.laguiadepamplona.com\/actualidad\/wp-json\/wp\/v2\/posts\/43231\/revisions"}],"wp:featuredmedia":[{"embeddable":true,"href":"https:\/\/www.laguiadepamplona.com\/actualidad\/wp-json\/wp\/v2\/media\/40295"}],"wp:attachment":[{"href":"https:\/\/www.laguiadepamplona.com\/actualidad\/wp-json\/wp\/v2\/media?parent=43231"}],"wp:term":[{"taxonomy":"category","embeddable":true,"href":"https:\/\/www.laguiadepamplona.com\/actualidad\/wp-json\/wp\/v2\/categories?post=43231"},{"taxonomy":"post_tag","embeddable":true,"href":"https:\/\/www.laguiadepamplona.com\/actualidad\/wp-json\/wp\/v2\/tags?post=43231"}],"curies":[{"name":"wp","href":"https:\/\/api.w.org\/{rel}","templated":true}]}}