{"id":43078,"date":"2023-03-06T14:17:19","date_gmt":"2023-03-06T12:17:19","guid":{"rendered":"https:\/\/www.laguiadepamplona.com\/actualidad\/?p=43078"},"modified":"2023-04-11T11:47:05","modified_gmt":"2023-04-11T09:47:05","slug":"la-escuela-municipal-catalina-de-oscariz-ofrece-dos-talleres-de-dibujo-y-pintura-para-el-ultimo-trimestre-del-curso","status":"publish","type":"post","link":"https:\/\/www.laguiadepamplona.com\/actualidad\/la-escuela-municipal-catalina-de-oscariz-ofrece-dos-talleres-de-dibujo-y-pintura-para-el-ultimo-trimestre-del-curso\/","title":{"rendered":"La Escuela Municipal Catalina de Osc\u00e1riz ofrece dos talleres de dibujo y pintura para el \u00faltimo trimestre del curso"},"content":{"rendered":"<h5>Las personas interesadas podr\u00e1n realizar la preinscribirse hasta el d\u00eda 17 en el tel\u00e9fono de atenci\u00f3n ciudadana 010<\/h5>\n<p><!--more--><\/p>\n<p>La Escuela Municipal de Artes y Oficios Catalina De Osc\u00e1riz ha programado para el \u00faltimo trimestre del curso acad\u00e9mico dos talleres de dibujo y pintura, con los que ahondar en los conocimientos y la pr\u00e1ctica sobre estas disciplinas. En concreto, ofrecer\u00e1 la posibilidad de inscribirse en el taller \u2018Dibujo con tintas\u2019 y en otro que lleva por t\u00edtulo \u2018Retrato pintado\u2019. Estas actividades, que est\u00e1n dirigidas a p\u00fablico mayor de 16 a\u00f1os con conocimientos b\u00e1sicos de dibujo y pintura, tendr\u00e1n un coste de 48,55 euros.<\/p>\n<p>Las personas interesadas en acudir a estas formaciones podr\u00e1n realizar la preinscripci\u00f3n hasta el d\u00eda 17 de este mes, a trav\u00e9s del tel\u00e9fono de atenci\u00f3n ciudadana 010. Cada actividad dispone de 40 plazas. Si el n\u00famero de personas inscritas es mayor, \u00e9stas se adjudicar\u00e1n por sorteo. Las personas adjudicatarias recibir\u00e1n un SMS el 21 de marzo con la asignaci\u00f3n de la plaza, tras revisar los listados de inscritos y realizar el sorteo. En ese mismo aviso se dar\u00e1n las instrucciones para formalizar la matr\u00edcula.<br \/>\n<script async src=\"\/\/pagead2.googlesyndication.com\/pagead\/js\/adsbygoogle.js\"><\/script><br \/>\n<!-- Noticias La Guia de Pamplona --><br \/>\n<ins class=\"adsbygoogle\"\nstyle=\"display:block\"\ndata-ad-client=\"ca-pub-6943679897239327\"\ndata-ad-slot=\"7048180777\"\ndata-ad-format=\"auto\"><\/ins><br \/>\n<script>\n(adsbygoogle = window.adsbygoogle || []).push({});\n<\/script><\/p>\n<p>A trav\u00e9s del taller \u2018Dibujo con tintas\u2019 se impartir\u00e1n t\u00e9cnicas espec\u00edficas como tramas, rayado cruzado, punteado, punta seca y aguadas, y la combinaci\u00f3n de distintos recursos. El curso se impartir\u00e1 los martes y jueves, en dos tandas, de 17 a 19 horas, y de 19 a 21 horas, cada una con 20 plazas. Las clases comenzar\u00e1n el 4 de abril y se extender\u00e1n hasta el 29 de junio. Por su parte, el taller \u2018Retrato pintado\u2019 ofrece una formaci\u00f3n espec\u00edfica del rostro humano con oleo. En las clases se realizar\u00e1n retratos paso a paso, aplicando diferentes t\u00e9cnicas y procesos pict\u00f3ricos. Para ello, se practicar\u00e1 con la copia de retratos universales y contempor\u00e1neos. Las clases se impartir\u00e1n los lunes y mi\u00e9rcoles, tambi\u00e9n en dos turnos, de 17 a 19 horas y de 19 a 21 horas, y con 20 plazas cada uno. En este caso, el curso comenzar\u00e1 el 3 de abril y se prolongar\u00e1 hasta el 28 de junio.<\/p>\n<p>Las personas adjudicatarias dispondr\u00e1n de plazo desde el 22 hasta el 31 de este mes para confirmar la plaza y abonar el coste de la matr\u00edcula, sobre el que se podr\u00e1n realizar deducciones en los casos habituales recogidos en las ordenanzas fiscales. En caso de que se agoten las plazas, se crear\u00e1 una lista de espera.<br \/>\n<script async src=\"\/\/pagead2.googlesyndication.com\/pagead\/js\/adsbygoogle.js\"><\/script><br \/>\n<!-- Noticias La Guia de Pamplona --><br \/>\n<ins class=\"adsbygoogle\"\nstyle=\"display:block\"\ndata-ad-client=\"ca-pub-6943679897239327\"\ndata-ad-slot=\"7048180777\"\ndata-ad-format=\"auto\"><\/ins><br \/>\n<script>\n(adsbygoogle = window.adsbygoogle || []).push({});\n<\/script><\/p>\n<p><strong>Todo un curso de formaci\u00f3n<\/strong><\/p>\n<p>La Escuela Municipal de Artes y Oficios Catalina de Osc\u00e1riz ofrece formaci\u00f3n dibujo y pintura durante todo el curso, a trav\u00e9s de talleres anuales y trimestrales. En el primer trimestre, por ejemplo, se abordaron aspectos como la \u2018Teor\u00eda del color, aproximaci\u00f3n pr\u00e1ctica\u2019 y \u2018Dibujo al carboncillo\u2019; y en el segundo \u2018Experimentaci\u00f3n con acuarela\u2019 y el \u2018M\u00e9todo Bargue de dibujo 2\u2019. A ellos se suman ahora \u2018Retrato pintado\u2019 y \u2018Dibujo con tintas\u2019.<\/p>\n<p>El centro, ubicado en el antiguo colegio Jos\u00e9 Vila Marqu\u00e9s, en la calle Tajonar, ofrece ense\u00f1anzas no regladas dedicado a estudios cl\u00e1sicos de dibujo y pintura, a partir de los 16 a\u00f1os. El profesorado se compone de cuatro profesionales: dos profesores de dibujo, una profesora de Pintura y un profesor para los talleres trimestrales.<br \/>\n<script async src=\"\/\/pagead2.googlesyndication.com\/pagead\/js\/adsbygoogle.js\"><\/script><br \/>\n<!-- Noticias La Guia de Pamplona --><br \/>\n<ins class=\"adsbygoogle\"\nstyle=\"display:block\"\ndata-ad-client=\"ca-pub-6943679897239327\"\ndata-ad-slot=\"7048180777\"\ndata-ad-format=\"auto\"><\/ins><br \/>\n<script>\n(adsbygoogle = window.adsbygoogle || []).push({});\n<\/script><\/p>\n<p>&nbsp;<\/p>\n<h3>Talleres Tercer Trimestre<\/h3>\n<ul>\n<li><strong>Taller de dibujo con tintas<\/strong>\n<ul>\n<li>20 plazas<\/li>\n<li>Horario: Martes y jueves, en grupos de 17 a 19 horas y de 19 a 21 horas<\/li>\n<li>Duraci\u00f3n: desde el 4 de abril hasta el 29 de junio<\/li>\n<\/ul>\n<\/li>\n<li><strong>Taller de retrato pintado<\/strong>\n<ul>\n<li>20 plazas<\/li>\n<li>Horario: Lunes y mi\u00e9rcoles, en grupos de 17 a 19 horas y de 19 a 21 horas<\/li>\n<li>Duraci\u00f3n: desde el 3 de abril hasta el 28 de junio<\/li>\n<\/ul>\n<\/li>\n<\/ul>\n","protected":false},"excerpt":{"rendered":"<p>Las personas interesadas podr\u00e1n realizar la preinscribirse hasta el d\u00eda 17 en el tel\u00e9fono de atenci\u00f3n ciudadana 010<\/p>\n","protected":false},"author":1,"featured_media":33450,"comment_status":"open","ping_status":"closed","sticky":false,"template":"","format":"standard","meta":{"footnotes":""},"categories":[2],"tags":[],"class_list":["post-43078","post","type-post","status-publish","format-standard","has-post-thumbnail","hentry","category-ayuntamiento-pamplona"],"yoast_head":"<!-- This site is optimized with the Yoast SEO plugin v27.3 - https:\/\/yoast.com\/product\/yoast-seo-wordpress\/ -->\n<title>La Escuela Municipal Catalina de Osc\u00e1riz ofrece dos talleres de dibujo y pintura para el \u00faltimo trimestre del curso<\/title>\n<meta name=\"description\" content=\"Las personas interesadas podr\u00e1n realizar la preinscribirse hasta el d\u00eda 17 en el tel\u00e9fono de atenci\u00f3n ciudadana 010\" \/>\n<meta name=\"robots\" content=\"index, follow, max-snippet:-1, max-image-preview:large, max-video-preview:-1\" \/>\n<link rel=\"canonical\" href=\"https:\/\/www.laguiadepamplona.com\/actualidad\/la-escuela-municipal-catalina-de-oscariz-ofrece-dos-talleres-de-dibujo-y-pintura-para-el-ultimo-trimestre-del-curso\/\" \/>\n<meta property=\"og:locale\" content=\"es_ES\" \/>\n<meta property=\"og:type\" content=\"article\" \/>\n<meta property=\"og:title\" content=\"La Escuela Municipal Catalina de Osc\u00e1riz ofrece dos talleres de dibujo y pintura para el \u00faltimo trimestre del curso\" \/>\n<meta property=\"og:description\" content=\"Las personas interesadas podr\u00e1n realizar la preinscribirse hasta el d\u00eda 17 en el tel\u00e9fono de atenci\u00f3n ciudadana 010\" \/>\n<meta property=\"og:url\" content=\"https:\/\/www.laguiadepamplona.com\/actualidad\/la-escuela-municipal-catalina-de-oscariz-ofrece-dos-talleres-de-dibujo-y-pintura-para-el-ultimo-trimestre-del-curso\/\" \/>\n<meta property=\"og:site_name\" content=\"La Gu\u00eda de Pamplona\" \/>\n<meta property=\"article:publisher\" content=\"https:\/\/www.facebook.com\/laguiadepamplonacom-133175176762273\/?ref=hl\" \/>\n<meta property=\"article:published_time\" content=\"2023-03-06T12:17:19+00:00\" \/>\n<meta property=\"article:modified_time\" content=\"2023-04-11T09:47:05+00:00\" \/>\n<meta property=\"og:image\" content=\"https:\/\/www.laguiadepamplona.com\/actualidad\/wp-content\/uploads\/2021\/03\/Escuela_Municipal_Artes_Oficios_Catalina_Oscariz.jpg\" \/>\n\t<meta property=\"og:image:width\" content=\"1920\" \/>\n\t<meta property=\"og:image:height\" content=\"1242\" \/>\n\t<meta property=\"og:image:type\" content=\"image\/jpeg\" \/>\n<meta name=\"author\" content=\"La Gu\u00eda de Pamplona\" \/>\n<meta name=\"twitter:card\" content=\"summary_large_image\" \/>\n<meta name=\"twitter:creator\" content=\"@LaGuiadPamplona\" \/>\n<meta name=\"twitter:site\" content=\"@LaGuiadPamplona\" \/>\n<meta name=\"twitter:label1\" content=\"Escrito por\" \/>\n\t<meta name=\"twitter:data1\" content=\"La Gu\u00eda de Pamplona\" \/>\n\t<meta name=\"twitter:label2\" content=\"Tiempo de lectura\" \/>\n\t<meta name=\"twitter:data2\" content=\"3 minutos\" \/>\n<script type=\"application\/ld+json\" class=\"yoast-schema-graph\">{\"@context\":\"https:\\\/\\\/schema.org\",\"@graph\":[{\"@type\":\"Article\",\"@id\":\"https:\\\/\\\/www.laguiadepamplona.com\\\/actualidad\\\/la-escuela-municipal-catalina-de-oscariz-ofrece-dos-talleres-de-dibujo-y-pintura-para-el-ultimo-trimestre-del-curso\\\/#article\",\"isPartOf\":{\"@id\":\"https:\\\/\\\/www.laguiadepamplona.com\\\/actualidad\\\/la-escuela-municipal-catalina-de-oscariz-ofrece-dos-talleres-de-dibujo-y-pintura-para-el-ultimo-trimestre-del-curso\\\/\"},\"author\":{\"name\":\"La Gu\u00eda de Pamplona\",\"@id\":\"https:\\\/\\\/www.laguiadepamplona.com\\\/actualidad\\\/#\\\/schema\\\/person\\\/efe887376f0213d4657c93adc50b1fdb\"},\"headline\":\"La Escuela Municipal Catalina de Osc\u00e1riz ofrece dos talleres de dibujo y pintura para el \u00faltimo trimestre del curso\",\"datePublished\":\"2023-03-06T12:17:19+00:00\",\"dateModified\":\"2023-04-11T09:47:05+00:00\",\"mainEntityOfPage\":{\"@id\":\"https:\\\/\\\/www.laguiadepamplona.com\\\/actualidad\\\/la-escuela-municipal-catalina-de-oscariz-ofrece-dos-talleres-de-dibujo-y-pintura-para-el-ultimo-trimestre-del-curso\\\/\"},\"wordCount\":643,\"commentCount\":0,\"publisher\":{\"@id\":\"https:\\\/\\\/www.laguiadepamplona.com\\\/actualidad\\\/#organization\"},\"image\":{\"@id\":\"https:\\\/\\\/www.laguiadepamplona.com\\\/actualidad\\\/la-escuela-municipal-catalina-de-oscariz-ofrece-dos-talleres-de-dibujo-y-pintura-para-el-ultimo-trimestre-del-curso\\\/#primaryimage\"},\"thumbnailUrl\":\"https:\\\/\\\/www.laguiadepamplona.com\\\/actualidad\\\/wp-content\\\/uploads\\\/2021\\\/03\\\/Escuela_Municipal_Artes_Oficios_Catalina_Oscariz.jpg\",\"articleSection\":[\"Ayto Pamplona\"],\"inLanguage\":\"es\",\"potentialAction\":[{\"@type\":\"CommentAction\",\"name\":\"Comment\",\"target\":[\"https:\\\/\\\/www.laguiadepamplona.com\\\/actualidad\\\/la-escuela-municipal-catalina-de-oscariz-ofrece-dos-talleres-de-dibujo-y-pintura-para-el-ultimo-trimestre-del-curso\\\/#respond\"]}]},{\"@type\":\"WebPage\",\"@id\":\"https:\\\/\\\/www.laguiadepamplona.com\\\/actualidad\\\/la-escuela-municipal-catalina-de-oscariz-ofrece-dos-talleres-de-dibujo-y-pintura-para-el-ultimo-trimestre-del-curso\\\/\",\"url\":\"https:\\\/\\\/www.laguiadepamplona.com\\\/actualidad\\\/la-escuela-municipal-catalina-de-oscariz-ofrece-dos-talleres-de-dibujo-y-pintura-para-el-ultimo-trimestre-del-curso\\\/\",\"name\":\"La Escuela Municipal Catalina de Osc\u00e1riz ofrece dos talleres de dibujo y pintura para el \u00faltimo trimestre del curso\",\"isPartOf\":{\"@id\":\"https:\\\/\\\/www.laguiadepamplona.com\\\/actualidad\\\/#website\"},\"primaryImageOfPage\":{\"@id\":\"https:\\\/\\\/www.laguiadepamplona.com\\\/actualidad\\\/la-escuela-municipal-catalina-de-oscariz-ofrece-dos-talleres-de-dibujo-y-pintura-para-el-ultimo-trimestre-del-curso\\\/#primaryimage\"},\"image\":{\"@id\":\"https:\\\/\\\/www.laguiadepamplona.com\\\/actualidad\\\/la-escuela-municipal-catalina-de-oscariz-ofrece-dos-talleres-de-dibujo-y-pintura-para-el-ultimo-trimestre-del-curso\\\/#primaryimage\"},\"thumbnailUrl\":\"https:\\\/\\\/www.laguiadepamplona.com\\\/actualidad\\\/wp-content\\\/uploads\\\/2021\\\/03\\\/Escuela_Municipal_Artes_Oficios_Catalina_Oscariz.jpg\",\"datePublished\":\"2023-03-06T12:17:19+00:00\",\"dateModified\":\"2023-04-11T09:47:05+00:00\",\"description\":\"Las personas interesadas podr\u00e1n realizar la preinscribirse hasta el d\u00eda 17 en el tel\u00e9fono de atenci\u00f3n ciudadana 010\",\"breadcrumb\":{\"@id\":\"https:\\\/\\\/www.laguiadepamplona.com\\\/actualidad\\\/la-escuela-municipal-catalina-de-oscariz-ofrece-dos-talleres-de-dibujo-y-pintura-para-el-ultimo-trimestre-del-curso\\\/#breadcrumb\"},\"inLanguage\":\"es\",\"potentialAction\":[{\"@type\":\"ReadAction\",\"target\":[\"https:\\\/\\\/www.laguiadepamplona.com\\\/actualidad\\\/la-escuela-municipal-catalina-de-oscariz-ofrece-dos-talleres-de-dibujo-y-pintura-para-el-ultimo-trimestre-del-curso\\\/\"]}]},{\"@type\":\"ImageObject\",\"inLanguage\":\"es\",\"@id\":\"https:\\\/\\\/www.laguiadepamplona.com\\\/actualidad\\\/la-escuela-municipal-catalina-de-oscariz-ofrece-dos-talleres-de-dibujo-y-pintura-para-el-ultimo-trimestre-del-curso\\\/#primaryimage\",\"url\":\"https:\\\/\\\/www.laguiadepamplona.com\\\/actualidad\\\/wp-content\\\/uploads\\\/2021\\\/03\\\/Escuela_Municipal_Artes_Oficios_Catalina_Oscariz.jpg\",\"contentUrl\":\"https:\\\/\\\/www.laguiadepamplona.com\\\/actualidad\\\/wp-content\\\/uploads\\\/2021\\\/03\\\/Escuela_Municipal_Artes_Oficios_Catalina_Oscariz.jpg\",\"width\":1920,\"height\":1242},{\"@type\":\"BreadcrumbList\",\"@id\":\"https:\\\/\\\/www.laguiadepamplona.com\\\/actualidad\\\/la-escuela-municipal-catalina-de-oscariz-ofrece-dos-talleres-de-dibujo-y-pintura-para-el-ultimo-trimestre-del-curso\\\/#breadcrumb\",\"itemListElement\":[{\"@type\":\"ListItem\",\"position\":1,\"name\":\"Portada\",\"item\":\"https:\\\/\\\/www.laguiadepamplona.com\\\/actualidad\\\/\"},{\"@type\":\"ListItem\",\"position\":2,\"name\":\"La Escuela Municipal Catalina de Osc\u00e1riz ofrece dos talleres de dibujo y pintura para el \u00faltimo trimestre del curso\"}]},{\"@type\":\"WebSite\",\"@id\":\"https:\\\/\\\/www.laguiadepamplona.com\\\/actualidad\\\/#website\",\"url\":\"https:\\\/\\\/www.laguiadepamplona.com\\\/actualidad\\\/\",\"name\":\"La gu\u00eda de Pamplona\",\"description\":\"Noticias de Pamplona\",\"publisher\":{\"@id\":\"https:\\\/\\\/www.laguiadepamplona.com\\\/actualidad\\\/#organization\"},\"potentialAction\":[{\"@type\":\"SearchAction\",\"target\":{\"@type\":\"EntryPoint\",\"urlTemplate\":\"https:\\\/\\\/www.laguiadepamplona.com\\\/actualidad\\\/?s={search_term_string}\"},\"query-input\":{\"@type\":\"PropertyValueSpecification\",\"valueRequired\":true,\"valueName\":\"search_term_string\"}}],\"inLanguage\":\"es\"},{\"@type\":\"Organization\",\"@id\":\"https:\\\/\\\/www.laguiadepamplona.com\\\/actualidad\\\/#organization\",\"name\":\"La Gu\u00eda de Pamplona \\\/ Noticias\",\"url\":\"https:\\\/\\\/www.laguiadepamplona.com\\\/actualidad\\\/\",\"logo\":{\"@type\":\"ImageObject\",\"inLanguage\":\"es\",\"@id\":\"https:\\\/\\\/www.laguiadepamplona.com\\\/actualidad\\\/#\\\/schema\\\/logo\\\/image\\\/\",\"url\":\"https:\\\/\\\/www.laguiadepamplona.com\\\/actualidad\\\/wp-content\\\/uploads\\\/2018\\\/11\\\/logo-laguiadepamplona18-web1.png\",\"contentUrl\":\"https:\\\/\\\/www.laguiadepamplona.com\\\/actualidad\\\/wp-content\\\/uploads\\\/2018\\\/11\\\/logo-laguiadepamplona18-web1.png\",\"width\":600,\"height\":196,\"caption\":\"La Gu\u00eda de Pamplona \\\/ Noticias\"},\"image\":{\"@id\":\"https:\\\/\\\/www.laguiadepamplona.com\\\/actualidad\\\/#\\\/schema\\\/logo\\\/image\\\/\"},\"sameAs\":[\"https:\\\/\\\/www.facebook.com\\\/laguiadepamplonacom-133175176762273\\\/?ref=hl\",\"https:\\\/\\\/x.com\\\/LaGuiadPamplona\",\"https:\\\/\\\/www.instagram.com\\\/la_guia_de_pamplona\\\/\",\"https:\\\/\\\/www.youtube.com\\\/user\\\/laguiadepamplona\"]},{\"@type\":\"Person\",\"@id\":\"https:\\\/\\\/www.laguiadepamplona.com\\\/actualidad\\\/#\\\/schema\\\/person\\\/efe887376f0213d4657c93adc50b1fdb\",\"name\":\"La Gu\u00eda de Pamplona\",\"image\":{\"@type\":\"ImageObject\",\"inLanguage\":\"es\",\"@id\":\"https:\\\/\\\/secure.gravatar.com\\\/avatar\\\/b6992f131dc8d30ab0dff15446e9d346d9dbd95992de0fef795073f5ea83a81c?s=96&d=mm&r=g\",\"url\":\"https:\\\/\\\/secure.gravatar.com\\\/avatar\\\/b6992f131dc8d30ab0dff15446e9d346d9dbd95992de0fef795073f5ea83a81c?s=96&d=mm&r=g\",\"contentUrl\":\"https:\\\/\\\/secure.gravatar.com\\\/avatar\\\/b6992f131dc8d30ab0dff15446e9d346d9dbd95992de0fef795073f5ea83a81c?s=96&d=mm&r=g\",\"caption\":\"La Gu\u00eda de Pamplona\"}}]}<\/script>\n<!-- \/ Yoast SEO plugin. -->","yoast_head_json":{"title":"La Escuela Municipal Catalina de Osc\u00e1riz ofrece dos talleres de dibujo y pintura para el \u00faltimo trimestre del curso","description":"Las personas interesadas podr\u00e1n realizar la preinscribirse hasta el d\u00eda 17 en el tel\u00e9fono de atenci\u00f3n ciudadana 010","robots":{"index":"index","follow":"follow","max-snippet":"max-snippet:-1","max-image-preview":"max-image-preview:large","max-video-preview":"max-video-preview:-1"},"canonical":"https:\/\/www.laguiadepamplona.com\/actualidad\/la-escuela-municipal-catalina-de-oscariz-ofrece-dos-talleres-de-dibujo-y-pintura-para-el-ultimo-trimestre-del-curso\/","og_locale":"es_ES","og_type":"article","og_title":"La Escuela Municipal Catalina de Osc\u00e1riz ofrece dos talleres de dibujo y pintura para el \u00faltimo trimestre del curso","og_description":"Las personas interesadas podr\u00e1n realizar la preinscribirse hasta el d\u00eda 17 en el tel\u00e9fono de atenci\u00f3n ciudadana 010","og_url":"https:\/\/www.laguiadepamplona.com\/actualidad\/la-escuela-municipal-catalina-de-oscariz-ofrece-dos-talleres-de-dibujo-y-pintura-para-el-ultimo-trimestre-del-curso\/","og_site_name":"La Gu\u00eda de Pamplona","article_publisher":"https:\/\/www.facebook.com\/laguiadepamplonacom-133175176762273\/?ref=hl","article_published_time":"2023-03-06T12:17:19+00:00","article_modified_time":"2023-04-11T09:47:05+00:00","og_image":[{"width":1920,"height":1242,"url":"https:\/\/www.laguiadepamplona.com\/actualidad\/wp-content\/uploads\/2021\/03\/Escuela_Municipal_Artes_Oficios_Catalina_Oscariz.jpg","type":"image\/jpeg"}],"author":"La Gu\u00eda de Pamplona","twitter_card":"summary_large_image","twitter_creator":"@LaGuiadPamplona","twitter_site":"@LaGuiadPamplona","twitter_misc":{"Escrito por":"La Gu\u00eda de Pamplona","Tiempo de lectura":"3 minutos"},"schema":{"@context":"https:\/\/schema.org","@graph":[{"@type":"Article","@id":"https:\/\/www.laguiadepamplona.com\/actualidad\/la-escuela-municipal-catalina-de-oscariz-ofrece-dos-talleres-de-dibujo-y-pintura-para-el-ultimo-trimestre-del-curso\/#article","isPartOf":{"@id":"https:\/\/www.laguiadepamplona.com\/actualidad\/la-escuela-municipal-catalina-de-oscariz-ofrece-dos-talleres-de-dibujo-y-pintura-para-el-ultimo-trimestre-del-curso\/"},"author":{"name":"La Gu\u00eda de Pamplona","@id":"https:\/\/www.laguiadepamplona.com\/actualidad\/#\/schema\/person\/efe887376f0213d4657c93adc50b1fdb"},"headline":"La Escuela Municipal Catalina de Osc\u00e1riz ofrece dos talleres de dibujo y pintura para el \u00faltimo trimestre del curso","datePublished":"2023-03-06T12:17:19+00:00","dateModified":"2023-04-11T09:47:05+00:00","mainEntityOfPage":{"@id":"https:\/\/www.laguiadepamplona.com\/actualidad\/la-escuela-municipal-catalina-de-oscariz-ofrece-dos-talleres-de-dibujo-y-pintura-para-el-ultimo-trimestre-del-curso\/"},"wordCount":643,"commentCount":0,"publisher":{"@id":"https:\/\/www.laguiadepamplona.com\/actualidad\/#organization"},"image":{"@id":"https:\/\/www.laguiadepamplona.com\/actualidad\/la-escuela-municipal-catalina-de-oscariz-ofrece-dos-talleres-de-dibujo-y-pintura-para-el-ultimo-trimestre-del-curso\/#primaryimage"},"thumbnailUrl":"https:\/\/www.laguiadepamplona.com\/actualidad\/wp-content\/uploads\/2021\/03\/Escuela_Municipal_Artes_Oficios_Catalina_Oscariz.jpg","articleSection":["Ayto Pamplona"],"inLanguage":"es","potentialAction":[{"@type":"CommentAction","name":"Comment","target":["https:\/\/www.laguiadepamplona.com\/actualidad\/la-escuela-municipal-catalina-de-oscariz-ofrece-dos-talleres-de-dibujo-y-pintura-para-el-ultimo-trimestre-del-curso\/#respond"]}]},{"@type":"WebPage","@id":"https:\/\/www.laguiadepamplona.com\/actualidad\/la-escuela-municipal-catalina-de-oscariz-ofrece-dos-talleres-de-dibujo-y-pintura-para-el-ultimo-trimestre-del-curso\/","url":"https:\/\/www.laguiadepamplona.com\/actualidad\/la-escuela-municipal-catalina-de-oscariz-ofrece-dos-talleres-de-dibujo-y-pintura-para-el-ultimo-trimestre-del-curso\/","name":"La Escuela Municipal Catalina de Osc\u00e1riz ofrece dos talleres de dibujo y pintura para el \u00faltimo trimestre del curso","isPartOf":{"@id":"https:\/\/www.laguiadepamplona.com\/actualidad\/#website"},"primaryImageOfPage":{"@id":"https:\/\/www.laguiadepamplona.com\/actualidad\/la-escuela-municipal-catalina-de-oscariz-ofrece-dos-talleres-de-dibujo-y-pintura-para-el-ultimo-trimestre-del-curso\/#primaryimage"},"image":{"@id":"https:\/\/www.laguiadepamplona.com\/actualidad\/la-escuela-municipal-catalina-de-oscariz-ofrece-dos-talleres-de-dibujo-y-pintura-para-el-ultimo-trimestre-del-curso\/#primaryimage"},"thumbnailUrl":"https:\/\/www.laguiadepamplona.com\/actualidad\/wp-content\/uploads\/2021\/03\/Escuela_Municipal_Artes_Oficios_Catalina_Oscariz.jpg","datePublished":"2023-03-06T12:17:19+00:00","dateModified":"2023-04-11T09:47:05+00:00","description":"Las personas interesadas podr\u00e1n realizar la preinscribirse hasta el d\u00eda 17 en el tel\u00e9fono de atenci\u00f3n ciudadana 010","breadcrumb":{"@id":"https:\/\/www.laguiadepamplona.com\/actualidad\/la-escuela-municipal-catalina-de-oscariz-ofrece-dos-talleres-de-dibujo-y-pintura-para-el-ultimo-trimestre-del-curso\/#breadcrumb"},"inLanguage":"es","potentialAction":[{"@type":"ReadAction","target":["https:\/\/www.laguiadepamplona.com\/actualidad\/la-escuela-municipal-catalina-de-oscariz-ofrece-dos-talleres-de-dibujo-y-pintura-para-el-ultimo-trimestre-del-curso\/"]}]},{"@type":"ImageObject","inLanguage":"es","@id":"https:\/\/www.laguiadepamplona.com\/actualidad\/la-escuela-municipal-catalina-de-oscariz-ofrece-dos-talleres-de-dibujo-y-pintura-para-el-ultimo-trimestre-del-curso\/#primaryimage","url":"https:\/\/www.laguiadepamplona.com\/actualidad\/wp-content\/uploads\/2021\/03\/Escuela_Municipal_Artes_Oficios_Catalina_Oscariz.jpg","contentUrl":"https:\/\/www.laguiadepamplona.com\/actualidad\/wp-content\/uploads\/2021\/03\/Escuela_Municipal_Artes_Oficios_Catalina_Oscariz.jpg","width":1920,"height":1242},{"@type":"BreadcrumbList","@id":"https:\/\/www.laguiadepamplona.com\/actualidad\/la-escuela-municipal-catalina-de-oscariz-ofrece-dos-talleres-de-dibujo-y-pintura-para-el-ultimo-trimestre-del-curso\/#breadcrumb","itemListElement":[{"@type":"ListItem","position":1,"name":"Portada","item":"https:\/\/www.laguiadepamplona.com\/actualidad\/"},{"@type":"ListItem","position":2,"name":"La Escuela Municipal Catalina de Osc\u00e1riz ofrece dos talleres de dibujo y pintura para el \u00faltimo trimestre del curso"}]},{"@type":"WebSite","@id":"https:\/\/www.laguiadepamplona.com\/actualidad\/#website","url":"https:\/\/www.laguiadepamplona.com\/actualidad\/","name":"La gu\u00eda de Pamplona","description":"Noticias de Pamplona","publisher":{"@id":"https:\/\/www.laguiadepamplona.com\/actualidad\/#organization"},"potentialAction":[{"@type":"SearchAction","target":{"@type":"EntryPoint","urlTemplate":"https:\/\/www.laguiadepamplona.com\/actualidad\/?s={search_term_string}"},"query-input":{"@type":"PropertyValueSpecification","valueRequired":true,"valueName":"search_term_string"}}],"inLanguage":"es"},{"@type":"Organization","@id":"https:\/\/www.laguiadepamplona.com\/actualidad\/#organization","name":"La Gu\u00eda de Pamplona \/ Noticias","url":"https:\/\/www.laguiadepamplona.com\/actualidad\/","logo":{"@type":"ImageObject","inLanguage":"es","@id":"https:\/\/www.laguiadepamplona.com\/actualidad\/#\/schema\/logo\/image\/","url":"https:\/\/www.laguiadepamplona.com\/actualidad\/wp-content\/uploads\/2018\/11\/logo-laguiadepamplona18-web1.png","contentUrl":"https:\/\/www.laguiadepamplona.com\/actualidad\/wp-content\/uploads\/2018\/11\/logo-laguiadepamplona18-web1.png","width":600,"height":196,"caption":"La Gu\u00eda de Pamplona \/ Noticias"},"image":{"@id":"https:\/\/www.laguiadepamplona.com\/actualidad\/#\/schema\/logo\/image\/"},"sameAs":["https:\/\/www.facebook.com\/laguiadepamplonacom-133175176762273\/?ref=hl","https:\/\/x.com\/LaGuiadPamplona","https:\/\/www.instagram.com\/la_guia_de_pamplona\/","https:\/\/www.youtube.com\/user\/laguiadepamplona"]},{"@type":"Person","@id":"https:\/\/www.laguiadepamplona.com\/actualidad\/#\/schema\/person\/efe887376f0213d4657c93adc50b1fdb","name":"La Gu\u00eda de Pamplona","image":{"@type":"ImageObject","inLanguage":"es","@id":"https:\/\/secure.gravatar.com\/avatar\/b6992f131dc8d30ab0dff15446e9d346d9dbd95992de0fef795073f5ea83a81c?s=96&d=mm&r=g","url":"https:\/\/secure.gravatar.com\/avatar\/b6992f131dc8d30ab0dff15446e9d346d9dbd95992de0fef795073f5ea83a81c?s=96&d=mm&r=g","contentUrl":"https:\/\/secure.gravatar.com\/avatar\/b6992f131dc8d30ab0dff15446e9d346d9dbd95992de0fef795073f5ea83a81c?s=96&d=mm&r=g","caption":"La Gu\u00eda de Pamplona"}}]}},"post_mailing_queue_ids":[],"_links":{"self":[{"href":"https:\/\/www.laguiadepamplona.com\/actualidad\/wp-json\/wp\/v2\/posts\/43078","targetHints":{"allow":["GET"]}}],"collection":[{"href":"https:\/\/www.laguiadepamplona.com\/actualidad\/wp-json\/wp\/v2\/posts"}],"about":[{"href":"https:\/\/www.laguiadepamplona.com\/actualidad\/wp-json\/wp\/v2\/types\/post"}],"author":[{"embeddable":true,"href":"https:\/\/www.laguiadepamplona.com\/actualidad\/wp-json\/wp\/v2\/users\/1"}],"replies":[{"embeddable":true,"href":"https:\/\/www.laguiadepamplona.com\/actualidad\/wp-json\/wp\/v2\/comments?post=43078"}],"version-history":[{"count":0,"href":"https:\/\/www.laguiadepamplona.com\/actualidad\/wp-json\/wp\/v2\/posts\/43078\/revisions"}],"wp:featuredmedia":[{"embeddable":true,"href":"https:\/\/www.laguiadepamplona.com\/actualidad\/wp-json\/wp\/v2\/media\/33450"}],"wp:attachment":[{"href":"https:\/\/www.laguiadepamplona.com\/actualidad\/wp-json\/wp\/v2\/media?parent=43078"}],"wp:term":[{"taxonomy":"category","embeddable":true,"href":"https:\/\/www.laguiadepamplona.com\/actualidad\/wp-json\/wp\/v2\/categories?post=43078"},{"taxonomy":"post_tag","embeddable":true,"href":"https:\/\/www.laguiadepamplona.com\/actualidad\/wp-json\/wp\/v2\/tags?post=43078"}],"curies":[{"name":"wp","href":"https:\/\/api.w.org\/{rel}","templated":true}]}}