{"id":43070,"date":"2023-03-03T14:29:39","date_gmt":"2023-03-03T12:29:39","guid":{"rendered":"https:\/\/www.laguiadepamplona.com\/actualidad\/?p=43070"},"modified":"2023-04-11T11:47:05","modified_gmt":"2023-04-11T09:47:05","slug":"el-ayuntamiento-de-pamplona-convoca-el-concurso-de-carteles-de-san-fermin-que-incluye-en-sus-bases-criterios-artisticos-con-los-que-se-valoraran-las-obras-presentadas","status":"publish","type":"post","link":"https:\/\/www.laguiadepamplona.com\/actualidad\/el-ayuntamiento-de-pamplona-convoca-el-concurso-de-carteles-de-san-fermin-que-incluye-en-sus-bases-criterios-artisticos-con-los-que-se-valoraran-las-obras-presentadas\/","title":{"rendered":"El Ayuntamiento de Pamplona convoca el concurso de carteles de San Ferm\u00edn, que incluye en sus bases criterios art\u00edsticos con los que se valorar\u00e1n las obras presentadas"},"content":{"rendered":"<h5>Se incluyen mecanismos para garantizar el anonimato de la autor\u00eda e imagen de los carteles y para la confirmaci\u00f3n de voto en la elecci\u00f3n popular<\/h5>\n<p><!--more--><\/p>\n<p>El jueves 30 de marzo, a las 14 horas, finalizar\u00e1 el plazo de presentaci\u00f3n de trabajos para el concurso de carteles de San Ferm\u00edn 2023. Se mantiene la presentaci\u00f3n telem\u00e1tica de las obras a trav\u00e9s de la web <a href=\"http:\/\/www.pamplonaescultura.es\" target=\"_blank\" rel=\"noopener\">www.pamplonaescultura.es<\/a> y los 6.000 euros con los que est\u00e1 dotado el premio. Las bases de este a\u00f1o incluyen la menci\u00f3n a varios criterios de valoraci\u00f3n art\u00edstica de las obras. Se valorar\u00e1 que las obras sean adaptables a otros formatos, la relaci\u00f3n entre la tipograf\u00eda y el dise\u00f1o general del cartel o la representaci\u00f3n de nuevos dise\u00f1os del escudo de Pamplona adaptados al estilo art\u00edstico del cartel.<\/p>\n<p>El cartel deber\u00e1 ser original e in\u00e9dito y de t\u00e9cnica libre. El archivo digital que se presente tendr\u00e1 la consideraci\u00f3n de obra final. La imagen deber\u00e1 mostrar el cartel en formato vertical de 1000mm x 700mm e incluir\u00e1 de forma obligatoria elementos de texto (San Ferm\u00edn, 2023, Pamplona \/ Iru\u00f1a, Del 6 al 14 de julio \/ Uztailaren 6tik 14ra) y el escudo de la ciudad. La disposici\u00f3n de esos elementos en la obra ser\u00e1 libre. El escudo podr\u00e1 incluirse tal y como est\u00e1 en el logotipo oficial del Ayuntamiento o adapt\u00e1ndolo al dise\u00f1o del cartel libremente, pero siempre y cuando sea reconocible e identificable, con todos sus elementos debida y respetuosamente representados.<\/p>\n<p>Podr\u00e1 presentarse un solo cartel por autor, autora o coautor\u00eda, siempre de personas f\u00edsicas. No podr\u00e1n participar obras que hayan sido seleccionadas entre las finalistas en ediciones anteriores del certamen. El plazo para presentar los carteles comenzar\u00e1 una vez que se publiquen las bases en el Bolet\u00edn Oficial de Navarra.<br \/>\n<script async src=\"\/\/pagead2.googlesyndication.com\/pagead\/js\/adsbygoogle.js\"><\/script><br \/>\n<!-- Noticias La Guia de Pamplona --><br \/>\n<ins class=\"adsbygoogle\"\nstyle=\"display:block\"\ndata-ad-client=\"ca-pub-6943679897239327\"\ndata-ad-slot=\"7048180777\"\ndata-ad-format=\"auto\"><\/ins><br \/>\n<script>\n(adsbygoogle = window.adsbygoogle || []).push({});\n<\/script><\/p>\n<p><strong>Novedades durante el proceso<\/strong><\/p>\n<p>Para evitar situaciones como las del a\u00f1o pasado, con debates paralelos sobre los carteles presentados y con la detecci\u00f3n de votos fraudulentos, se han incluido dos novedades relativas a la autor\u00eda y la imagen de las obras y a la votaci\u00f3n popular. Incumplir la obligaci\u00f3n de anonimato en la autor\u00eda y la imagen de los carteles presentados durante todas las fases del concurso, hasta que se haga p\u00fablico el cartel ganador, supondr\u00e1 la exclusi\u00f3n autom\u00e1tica y la penalizaci\u00f3n de no poder presentarse al certamen durante los tres pr\u00f3ximos a\u00f1os.<\/p>\n<p>Adem\u00e1s, en la votaci\u00f3n popular se garantizar\u00e1 la autenticidad de la persona que emite su voto a trav\u00e9s de un proceso de confirmaci\u00f3n. Para que el voto telem\u00e1tico sea v\u00e1lido, ser\u00e1 necesario confirmarlo mediante un enlace que ser\u00e1 enviado al correo electr\u00f3nico de la persona votante. En caso de no confirmarse a trav\u00e9s de ese correo, el voto no ser\u00e1 contabilizado.<br \/>\n<script async src=\"\/\/pagead2.googlesyndication.com\/pagead\/js\/adsbygoogle.js\"><\/script><br \/>\n<!-- Noticias La Guia de Pamplona --><br \/>\n<ins class=\"adsbygoogle\"\nstyle=\"display:block\"\ndata-ad-client=\"ca-pub-6943679897239327\"\ndata-ad-slot=\"7048180777\"\ndata-ad-format=\"auto\"><\/ins><br \/>\n<script>\n(adsbygoogle = window.adsbygoogle || []).push({});\n<\/script><\/p>\n<p><strong>Presentaci\u00f3n telem\u00e1tica de las obras<\/strong><\/p>\n<p>La inscripci\u00f3n para la presentaci\u00f3n de carteles se realizar\u00e1 \u00fanicamente de forma telem\u00e1tica, cumplimentando un formulario habilitado en la web <a href=\"http:\/\/www.pamplonaescultura.es\" target=\"_blank\" rel=\"noopener\">www.pamplonaescultura.es<\/a>. En la p\u00e1gina de inicio se habilitar\u00e1 un enlace que llevar\u00e1 directamente al formulario de inscripci\u00f3n y donde se podr\u00e1n consultar las bases. El formulario puede rellenarse en tres idiomas, castellano, euskera e ingl\u00e9s. Se deber\u00e1n incluir los datos personales, fecha y lugar de nacimiento, domicilio y datos del cartel como el lema, una descripci\u00f3n de la obra, breve curr\u00edculum y el archivo con la imagen (jpg de 820 x 1171 p\u00edxeles, de 2MB de m\u00e1ximo y resoluci\u00f3n de 72 ppp). Adem\u00e1s, se debe declarar la autor\u00eda del cartel presentado y el reconocimiento de que la obra es original e in\u00e9dita.<\/p>\n<p>Una vez enviado el formulario, se le enviar\u00e1 a la persona autora un resumen de los datos. En ese correo, si se est\u00e1 conforme, se tendr\u00e1 la opci\u00f3n de validar y finalizar la inscripci\u00f3n. Como resultado, se obtendr\u00e1 un segundo y \u00faltimo correo electr\u00f3nico en que se confirmar\u00e1 la participaci\u00f3n en el concurso con el lema del cartel, su documento identificativo y el n\u00famero de plica, que servir\u00e1 de referencia a lo largo del concurso.<br \/>\n<script async src=\"\/\/pagead2.googlesyndication.com\/pagead\/js\/adsbygoogle.js\"><\/script><br \/>\n<!-- Noticias La Guia de Pamplona --><br \/>\n<ins class=\"adsbygoogle\"\nstyle=\"display:block\"\ndata-ad-client=\"ca-pub-6943679897239327\"\ndata-ad-slot=\"7048180777\"\ndata-ad-format=\"auto\"><\/ins><br \/>\n<script>\n(adsbygoogle = window.adsbygoogle || []).push({});\n<\/script><\/p>\n<p><strong>Selecci\u00f3n de los diez finalistas el 12 de abril<\/strong><\/p>\n<p>El 12 de abril se publicar\u00e1n los n\u00fameros de plica de los diez carteles finalistas seleccionados por un jurado compuesto por personal municipal del \u00e1rea de Cultura e Igualdad y cinco profesionales del campo del dise\u00f1o, la comunicaci\u00f3n o las artes pl\u00e1sticas y visuales. Se publicar\u00e1n en las webs municipales <a href=\"http:\/\/www.pamplona.es\" target=\"_blank\" rel=\"noopener\">www.pamplona.es<\/a> y <a href=\"http:\/\/www.pamplonaescultura.es\" target=\"_blank\" rel=\"noopener\">www.pamplonaescultura.es<\/a>. La producci\u00f3n f\u00edsica de esos diez carteles, presentados en formato digital, la asumir\u00e1 el Ayuntamiento de Pamplona.<\/p>\n<p>Tras esta selecci\u00f3n, se abrir\u00e1 el periodo de participaci\u00f3n ciudadana para elegir el cartel que finalmente anunciar\u00e1 los Sanfermines 2023. Los d\u00edas concretos de votaci\u00f3n se dar\u00e1n a conocer conforme el proceso vaya cumpliendo fases. Ese periodo de votaci\u00f3n se llevar\u00e1 a cabo al menos durante 7 d\u00edas. Se prev\u00e9 que en la primera quincena de mayo se haga p\u00fablico el cartel ganador de este a\u00f1o.<\/p>\n","protected":false},"excerpt":{"rendered":"<p>Se incluyen mecanismos para garantizar el anonimato de la autor\u00eda e imagen de los carteles y para la confirmaci\u00f3n de voto en la elecci\u00f3n popular<\/p>\n","protected":false},"author":1,"featured_media":40929,"comment_status":"open","ping_status":"closed","sticky":false,"template":"","format":"standard","meta":{"footnotes":""},"categories":[2],"tags":[],"class_list":["post-43070","post","type-post","status-publish","format-standard","has-post-thumbnail","hentry","category-ayuntamiento-pamplona"],"yoast_head":"<!-- This site is optimized with the Yoast SEO plugin v27.3 - https:\/\/yoast.com\/product\/yoast-seo-wordpress\/ -->\n<title>El Ayuntamiento de Pamplona convoca el concurso de carteles de San Ferm\u00edn, que incluye en sus bases criterios art\u00edsticos con los que se valorar\u00e1n las obras presentadas<\/title>\n<meta name=\"description\" content=\"Se incluyen mecanismos para garantizar el anonimato de la autor\u00eda e imagen de los carteles y para la confirmaci\u00f3n de voto en la elecci\u00f3n popular\" \/>\n<meta name=\"robots\" content=\"index, follow, max-snippet:-1, max-image-preview:large, max-video-preview:-1\" \/>\n<link rel=\"canonical\" href=\"https:\/\/www.laguiadepamplona.com\/actualidad\/el-ayuntamiento-de-pamplona-convoca-el-concurso-de-carteles-de-san-fermin-que-incluye-en-sus-bases-criterios-artisticos-con-los-que-se-valoraran-las-obras-presentadas\/\" \/>\n<meta property=\"og:locale\" content=\"es_ES\" \/>\n<meta property=\"og:type\" content=\"article\" \/>\n<meta property=\"og:title\" content=\"El Ayuntamiento de Pamplona convoca el concurso de carteles de San Ferm\u00edn, que incluye en sus bases criterios art\u00edsticos con los que se valorar\u00e1n las obras presentadas\" \/>\n<meta property=\"og:description\" content=\"Se incluyen mecanismos para garantizar el anonimato de la autor\u00eda e imagen de los carteles y para la confirmaci\u00f3n de voto en la elecci\u00f3n popular\" \/>\n<meta property=\"og:url\" content=\"https:\/\/www.laguiadepamplona.com\/actualidad\/el-ayuntamiento-de-pamplona-convoca-el-concurso-de-carteles-de-san-fermin-que-incluye-en-sus-bases-criterios-artisticos-con-los-que-se-valoraran-las-obras-presentadas\/\" \/>\n<meta property=\"og:site_name\" content=\"La Gu\u00eda de Pamplona\" \/>\n<meta property=\"article:publisher\" content=\"https:\/\/www.facebook.com\/laguiadepamplonacom-133175176762273\/?ref=hl\" \/>\n<meta property=\"article:published_time\" content=\"2023-03-03T12:29:39+00:00\" \/>\n<meta property=\"article:modified_time\" content=\"2023-04-11T09:47:05+00:00\" \/>\n<meta property=\"og:image\" content=\"https:\/\/www.laguiadepamplona.com\/actualidad\/wp-content\/uploads\/2022\/06\/beti-bezala-cartel-sf22.webp\" \/>\n\t<meta property=\"og:image:width\" content=\"1433\" \/>\n\t<meta property=\"og:image:height\" content=\"612\" \/>\n\t<meta property=\"og:image:type\" content=\"image\/webp\" \/>\n<meta name=\"author\" content=\"La Gu\u00eda de Pamplona\" \/>\n<meta name=\"twitter:card\" content=\"summary_large_image\" \/>\n<meta name=\"twitter:creator\" content=\"@LaGuiadPamplona\" \/>\n<meta name=\"twitter:site\" content=\"@LaGuiadPamplona\" \/>\n<meta name=\"twitter:label1\" content=\"Escrito por\" \/>\n\t<meta name=\"twitter:data1\" content=\"La Gu\u00eda de Pamplona\" \/>\n\t<meta name=\"twitter:label2\" content=\"Tiempo de lectura\" \/>\n\t<meta name=\"twitter:data2\" content=\"4 minutos\" \/>\n<script type=\"application\/ld+json\" class=\"yoast-schema-graph\">{\"@context\":\"https:\\\/\\\/schema.org\",\"@graph\":[{\"@type\":\"Article\",\"@id\":\"https:\\\/\\\/www.laguiadepamplona.com\\\/actualidad\\\/el-ayuntamiento-de-pamplona-convoca-el-concurso-de-carteles-de-san-fermin-que-incluye-en-sus-bases-criterios-artisticos-con-los-que-se-valoraran-las-obras-presentadas\\\/#article\",\"isPartOf\":{\"@id\":\"https:\\\/\\\/www.laguiadepamplona.com\\\/actualidad\\\/el-ayuntamiento-de-pamplona-convoca-el-concurso-de-carteles-de-san-fermin-que-incluye-en-sus-bases-criterios-artisticos-con-los-que-se-valoraran-las-obras-presentadas\\\/\"},\"author\":{\"name\":\"La Gu\u00eda de Pamplona\",\"@id\":\"https:\\\/\\\/www.laguiadepamplona.com\\\/actualidad\\\/#\\\/schema\\\/person\\\/efe887376f0213d4657c93adc50b1fdb\"},\"headline\":\"El Ayuntamiento de Pamplona convoca el concurso de carteles de San Ferm\u00edn, que incluye en sus bases criterios art\u00edsticos con los que se valorar\u00e1n las obras presentadas\",\"datePublished\":\"2023-03-03T12:29:39+00:00\",\"dateModified\":\"2023-04-11T09:47:05+00:00\",\"mainEntityOfPage\":{\"@id\":\"https:\\\/\\\/www.laguiadepamplona.com\\\/actualidad\\\/el-ayuntamiento-de-pamplona-convoca-el-concurso-de-carteles-de-san-fermin-que-incluye-en-sus-bases-criterios-artisticos-con-los-que-se-valoraran-las-obras-presentadas\\\/\"},\"wordCount\":906,\"commentCount\":0,\"publisher\":{\"@id\":\"https:\\\/\\\/www.laguiadepamplona.com\\\/actualidad\\\/#organization\"},\"image\":{\"@id\":\"https:\\\/\\\/www.laguiadepamplona.com\\\/actualidad\\\/el-ayuntamiento-de-pamplona-convoca-el-concurso-de-carteles-de-san-fermin-que-incluye-en-sus-bases-criterios-artisticos-con-los-que-se-valoraran-las-obras-presentadas\\\/#primaryimage\"},\"thumbnailUrl\":\"https:\\\/\\\/www.laguiadepamplona.com\\\/actualidad\\\/wp-content\\\/uploads\\\/2022\\\/06\\\/beti-bezala-cartel-sf22.webp\",\"articleSection\":[\"Ayto Pamplona\"],\"inLanguage\":\"es\",\"potentialAction\":[{\"@type\":\"CommentAction\",\"name\":\"Comment\",\"target\":[\"https:\\\/\\\/www.laguiadepamplona.com\\\/actualidad\\\/el-ayuntamiento-de-pamplona-convoca-el-concurso-de-carteles-de-san-fermin-que-incluye-en-sus-bases-criterios-artisticos-con-los-que-se-valoraran-las-obras-presentadas\\\/#respond\"]}]},{\"@type\":\"WebPage\",\"@id\":\"https:\\\/\\\/www.laguiadepamplona.com\\\/actualidad\\\/el-ayuntamiento-de-pamplona-convoca-el-concurso-de-carteles-de-san-fermin-que-incluye-en-sus-bases-criterios-artisticos-con-los-que-se-valoraran-las-obras-presentadas\\\/\",\"url\":\"https:\\\/\\\/www.laguiadepamplona.com\\\/actualidad\\\/el-ayuntamiento-de-pamplona-convoca-el-concurso-de-carteles-de-san-fermin-que-incluye-en-sus-bases-criterios-artisticos-con-los-que-se-valoraran-las-obras-presentadas\\\/\",\"name\":\"El Ayuntamiento de Pamplona convoca el concurso de carteles de San Ferm\u00edn, que incluye en sus bases criterios art\u00edsticos con los que se valorar\u00e1n las obras presentadas\",\"isPartOf\":{\"@id\":\"https:\\\/\\\/www.laguiadepamplona.com\\\/actualidad\\\/#website\"},\"primaryImageOfPage\":{\"@id\":\"https:\\\/\\\/www.laguiadepamplona.com\\\/actualidad\\\/el-ayuntamiento-de-pamplona-convoca-el-concurso-de-carteles-de-san-fermin-que-incluye-en-sus-bases-criterios-artisticos-con-los-que-se-valoraran-las-obras-presentadas\\\/#primaryimage\"},\"image\":{\"@id\":\"https:\\\/\\\/www.laguiadepamplona.com\\\/actualidad\\\/el-ayuntamiento-de-pamplona-convoca-el-concurso-de-carteles-de-san-fermin-que-incluye-en-sus-bases-criterios-artisticos-con-los-que-se-valoraran-las-obras-presentadas\\\/#primaryimage\"},\"thumbnailUrl\":\"https:\\\/\\\/www.laguiadepamplona.com\\\/actualidad\\\/wp-content\\\/uploads\\\/2022\\\/06\\\/beti-bezala-cartel-sf22.webp\",\"datePublished\":\"2023-03-03T12:29:39+00:00\",\"dateModified\":\"2023-04-11T09:47:05+00:00\",\"description\":\"Se incluyen mecanismos para garantizar el anonimato de la autor\u00eda e imagen de los carteles y para la confirmaci\u00f3n de voto en la elecci\u00f3n popular\",\"breadcrumb\":{\"@id\":\"https:\\\/\\\/www.laguiadepamplona.com\\\/actualidad\\\/el-ayuntamiento-de-pamplona-convoca-el-concurso-de-carteles-de-san-fermin-que-incluye-en-sus-bases-criterios-artisticos-con-los-que-se-valoraran-las-obras-presentadas\\\/#breadcrumb\"},\"inLanguage\":\"es\",\"potentialAction\":[{\"@type\":\"ReadAction\",\"target\":[\"https:\\\/\\\/www.laguiadepamplona.com\\\/actualidad\\\/el-ayuntamiento-de-pamplona-convoca-el-concurso-de-carteles-de-san-fermin-que-incluye-en-sus-bases-criterios-artisticos-con-los-que-se-valoraran-las-obras-presentadas\\\/\"]}]},{\"@type\":\"ImageObject\",\"inLanguage\":\"es\",\"@id\":\"https:\\\/\\\/www.laguiadepamplona.com\\\/actualidad\\\/el-ayuntamiento-de-pamplona-convoca-el-concurso-de-carteles-de-san-fermin-que-incluye-en-sus-bases-criterios-artisticos-con-los-que-se-valoraran-las-obras-presentadas\\\/#primaryimage\",\"url\":\"https:\\\/\\\/www.laguiadepamplona.com\\\/actualidad\\\/wp-content\\\/uploads\\\/2022\\\/06\\\/beti-bezala-cartel-sf22.webp\",\"contentUrl\":\"https:\\\/\\\/www.laguiadepamplona.com\\\/actualidad\\\/wp-content\\\/uploads\\\/2022\\\/06\\\/beti-bezala-cartel-sf22.webp\",\"width\":1433,\"height\":612},{\"@type\":\"BreadcrumbList\",\"@id\":\"https:\\\/\\\/www.laguiadepamplona.com\\\/actualidad\\\/el-ayuntamiento-de-pamplona-convoca-el-concurso-de-carteles-de-san-fermin-que-incluye-en-sus-bases-criterios-artisticos-con-los-que-se-valoraran-las-obras-presentadas\\\/#breadcrumb\",\"itemListElement\":[{\"@type\":\"ListItem\",\"position\":1,\"name\":\"Portada\",\"item\":\"https:\\\/\\\/www.laguiadepamplona.com\\\/actualidad\\\/\"},{\"@type\":\"ListItem\",\"position\":2,\"name\":\"El Ayuntamiento de Pamplona convoca el concurso de carteles de San Ferm\u00edn, que incluye en sus bases criterios art\u00edsticos con los que se valorar\u00e1n las obras presentadas\"}]},{\"@type\":\"WebSite\",\"@id\":\"https:\\\/\\\/www.laguiadepamplona.com\\\/actualidad\\\/#website\",\"url\":\"https:\\\/\\\/www.laguiadepamplona.com\\\/actualidad\\\/\",\"name\":\"La gu\u00eda de Pamplona\",\"description\":\"Noticias de Pamplona\",\"publisher\":{\"@id\":\"https:\\\/\\\/www.laguiadepamplona.com\\\/actualidad\\\/#organization\"},\"potentialAction\":[{\"@type\":\"SearchAction\",\"target\":{\"@type\":\"EntryPoint\",\"urlTemplate\":\"https:\\\/\\\/www.laguiadepamplona.com\\\/actualidad\\\/?s={search_term_string}\"},\"query-input\":{\"@type\":\"PropertyValueSpecification\",\"valueRequired\":true,\"valueName\":\"search_term_string\"}}],\"inLanguage\":\"es\"},{\"@type\":\"Organization\",\"@id\":\"https:\\\/\\\/www.laguiadepamplona.com\\\/actualidad\\\/#organization\",\"name\":\"La Gu\u00eda de Pamplona \\\/ Noticias\",\"url\":\"https:\\\/\\\/www.laguiadepamplona.com\\\/actualidad\\\/\",\"logo\":{\"@type\":\"ImageObject\",\"inLanguage\":\"es\",\"@id\":\"https:\\\/\\\/www.laguiadepamplona.com\\\/actualidad\\\/#\\\/schema\\\/logo\\\/image\\\/\",\"url\":\"https:\\\/\\\/www.laguiadepamplona.com\\\/actualidad\\\/wp-content\\\/uploads\\\/2018\\\/11\\\/logo-laguiadepamplona18-web1.png\",\"contentUrl\":\"https:\\\/\\\/www.laguiadepamplona.com\\\/actualidad\\\/wp-content\\\/uploads\\\/2018\\\/11\\\/logo-laguiadepamplona18-web1.png\",\"width\":600,\"height\":196,\"caption\":\"La Gu\u00eda de Pamplona \\\/ Noticias\"},\"image\":{\"@id\":\"https:\\\/\\\/www.laguiadepamplona.com\\\/actualidad\\\/#\\\/schema\\\/logo\\\/image\\\/\"},\"sameAs\":[\"https:\\\/\\\/www.facebook.com\\\/laguiadepamplonacom-133175176762273\\\/?ref=hl\",\"https:\\\/\\\/x.com\\\/LaGuiadPamplona\",\"https:\\\/\\\/www.instagram.com\\\/la_guia_de_pamplona\\\/\",\"https:\\\/\\\/www.youtube.com\\\/user\\\/laguiadepamplona\"]},{\"@type\":\"Person\",\"@id\":\"https:\\\/\\\/www.laguiadepamplona.com\\\/actualidad\\\/#\\\/schema\\\/person\\\/efe887376f0213d4657c93adc50b1fdb\",\"name\":\"La Gu\u00eda de Pamplona\",\"image\":{\"@type\":\"ImageObject\",\"inLanguage\":\"es\",\"@id\":\"https:\\\/\\\/secure.gravatar.com\\\/avatar\\\/b6992f131dc8d30ab0dff15446e9d346d9dbd95992de0fef795073f5ea83a81c?s=96&d=mm&r=g\",\"url\":\"https:\\\/\\\/secure.gravatar.com\\\/avatar\\\/b6992f131dc8d30ab0dff15446e9d346d9dbd95992de0fef795073f5ea83a81c?s=96&d=mm&r=g\",\"contentUrl\":\"https:\\\/\\\/secure.gravatar.com\\\/avatar\\\/b6992f131dc8d30ab0dff15446e9d346d9dbd95992de0fef795073f5ea83a81c?s=96&d=mm&r=g\",\"caption\":\"La Gu\u00eda de Pamplona\"}}]}<\/script>\n<!-- \/ Yoast SEO plugin. -->","yoast_head_json":{"title":"El Ayuntamiento de Pamplona convoca el concurso de carteles de San Ferm\u00edn, que incluye en sus bases criterios art\u00edsticos con los que se valorar\u00e1n las obras presentadas","description":"Se incluyen mecanismos para garantizar el anonimato de la autor\u00eda e imagen de los carteles y para la confirmaci\u00f3n de voto en la elecci\u00f3n popular","robots":{"index":"index","follow":"follow","max-snippet":"max-snippet:-1","max-image-preview":"max-image-preview:large","max-video-preview":"max-video-preview:-1"},"canonical":"https:\/\/www.laguiadepamplona.com\/actualidad\/el-ayuntamiento-de-pamplona-convoca-el-concurso-de-carteles-de-san-fermin-que-incluye-en-sus-bases-criterios-artisticos-con-los-que-se-valoraran-las-obras-presentadas\/","og_locale":"es_ES","og_type":"article","og_title":"El Ayuntamiento de Pamplona convoca el concurso de carteles de San Ferm\u00edn, que incluye en sus bases criterios art\u00edsticos con los que se valorar\u00e1n las obras presentadas","og_description":"Se incluyen mecanismos para garantizar el anonimato de la autor\u00eda e imagen de los carteles y para la confirmaci\u00f3n de voto en la elecci\u00f3n popular","og_url":"https:\/\/www.laguiadepamplona.com\/actualidad\/el-ayuntamiento-de-pamplona-convoca-el-concurso-de-carteles-de-san-fermin-que-incluye-en-sus-bases-criterios-artisticos-con-los-que-se-valoraran-las-obras-presentadas\/","og_site_name":"La Gu\u00eda de Pamplona","article_publisher":"https:\/\/www.facebook.com\/laguiadepamplonacom-133175176762273\/?ref=hl","article_published_time":"2023-03-03T12:29:39+00:00","article_modified_time":"2023-04-11T09:47:05+00:00","og_image":[{"width":1433,"height":612,"url":"https:\/\/www.laguiadepamplona.com\/actualidad\/wp-content\/uploads\/2022\/06\/beti-bezala-cartel-sf22.webp","type":"image\/webp"}],"author":"La Gu\u00eda de Pamplona","twitter_card":"summary_large_image","twitter_creator":"@LaGuiadPamplona","twitter_site":"@LaGuiadPamplona","twitter_misc":{"Escrito por":"La Gu\u00eda de Pamplona","Tiempo de lectura":"4 minutos"},"schema":{"@context":"https:\/\/schema.org","@graph":[{"@type":"Article","@id":"https:\/\/www.laguiadepamplona.com\/actualidad\/el-ayuntamiento-de-pamplona-convoca-el-concurso-de-carteles-de-san-fermin-que-incluye-en-sus-bases-criterios-artisticos-con-los-que-se-valoraran-las-obras-presentadas\/#article","isPartOf":{"@id":"https:\/\/www.laguiadepamplona.com\/actualidad\/el-ayuntamiento-de-pamplona-convoca-el-concurso-de-carteles-de-san-fermin-que-incluye-en-sus-bases-criterios-artisticos-con-los-que-se-valoraran-las-obras-presentadas\/"},"author":{"name":"La Gu\u00eda de Pamplona","@id":"https:\/\/www.laguiadepamplona.com\/actualidad\/#\/schema\/person\/efe887376f0213d4657c93adc50b1fdb"},"headline":"El Ayuntamiento de Pamplona convoca el concurso de carteles de San Ferm\u00edn, que incluye en sus bases criterios art\u00edsticos con los que se valorar\u00e1n las obras presentadas","datePublished":"2023-03-03T12:29:39+00:00","dateModified":"2023-04-11T09:47:05+00:00","mainEntityOfPage":{"@id":"https:\/\/www.laguiadepamplona.com\/actualidad\/el-ayuntamiento-de-pamplona-convoca-el-concurso-de-carteles-de-san-fermin-que-incluye-en-sus-bases-criterios-artisticos-con-los-que-se-valoraran-las-obras-presentadas\/"},"wordCount":906,"commentCount":0,"publisher":{"@id":"https:\/\/www.laguiadepamplona.com\/actualidad\/#organization"},"image":{"@id":"https:\/\/www.laguiadepamplona.com\/actualidad\/el-ayuntamiento-de-pamplona-convoca-el-concurso-de-carteles-de-san-fermin-que-incluye-en-sus-bases-criterios-artisticos-con-los-que-se-valoraran-las-obras-presentadas\/#primaryimage"},"thumbnailUrl":"https:\/\/www.laguiadepamplona.com\/actualidad\/wp-content\/uploads\/2022\/06\/beti-bezala-cartel-sf22.webp","articleSection":["Ayto Pamplona"],"inLanguage":"es","potentialAction":[{"@type":"CommentAction","name":"Comment","target":["https:\/\/www.laguiadepamplona.com\/actualidad\/el-ayuntamiento-de-pamplona-convoca-el-concurso-de-carteles-de-san-fermin-que-incluye-en-sus-bases-criterios-artisticos-con-los-que-se-valoraran-las-obras-presentadas\/#respond"]}]},{"@type":"WebPage","@id":"https:\/\/www.laguiadepamplona.com\/actualidad\/el-ayuntamiento-de-pamplona-convoca-el-concurso-de-carteles-de-san-fermin-que-incluye-en-sus-bases-criterios-artisticos-con-los-que-se-valoraran-las-obras-presentadas\/","url":"https:\/\/www.laguiadepamplona.com\/actualidad\/el-ayuntamiento-de-pamplona-convoca-el-concurso-de-carteles-de-san-fermin-que-incluye-en-sus-bases-criterios-artisticos-con-los-que-se-valoraran-las-obras-presentadas\/","name":"El Ayuntamiento de Pamplona convoca el concurso de carteles de San Ferm\u00edn, que incluye en sus bases criterios art\u00edsticos con los que se valorar\u00e1n las obras presentadas","isPartOf":{"@id":"https:\/\/www.laguiadepamplona.com\/actualidad\/#website"},"primaryImageOfPage":{"@id":"https:\/\/www.laguiadepamplona.com\/actualidad\/el-ayuntamiento-de-pamplona-convoca-el-concurso-de-carteles-de-san-fermin-que-incluye-en-sus-bases-criterios-artisticos-con-los-que-se-valoraran-las-obras-presentadas\/#primaryimage"},"image":{"@id":"https:\/\/www.laguiadepamplona.com\/actualidad\/el-ayuntamiento-de-pamplona-convoca-el-concurso-de-carteles-de-san-fermin-que-incluye-en-sus-bases-criterios-artisticos-con-los-que-se-valoraran-las-obras-presentadas\/#primaryimage"},"thumbnailUrl":"https:\/\/www.laguiadepamplona.com\/actualidad\/wp-content\/uploads\/2022\/06\/beti-bezala-cartel-sf22.webp","datePublished":"2023-03-03T12:29:39+00:00","dateModified":"2023-04-11T09:47:05+00:00","description":"Se incluyen mecanismos para garantizar el anonimato de la autor\u00eda e imagen de los carteles y para la confirmaci\u00f3n de voto en la elecci\u00f3n popular","breadcrumb":{"@id":"https:\/\/www.laguiadepamplona.com\/actualidad\/el-ayuntamiento-de-pamplona-convoca-el-concurso-de-carteles-de-san-fermin-que-incluye-en-sus-bases-criterios-artisticos-con-los-que-se-valoraran-las-obras-presentadas\/#breadcrumb"},"inLanguage":"es","potentialAction":[{"@type":"ReadAction","target":["https:\/\/www.laguiadepamplona.com\/actualidad\/el-ayuntamiento-de-pamplona-convoca-el-concurso-de-carteles-de-san-fermin-que-incluye-en-sus-bases-criterios-artisticos-con-los-que-se-valoraran-las-obras-presentadas\/"]}]},{"@type":"ImageObject","inLanguage":"es","@id":"https:\/\/www.laguiadepamplona.com\/actualidad\/el-ayuntamiento-de-pamplona-convoca-el-concurso-de-carteles-de-san-fermin-que-incluye-en-sus-bases-criterios-artisticos-con-los-que-se-valoraran-las-obras-presentadas\/#primaryimage","url":"https:\/\/www.laguiadepamplona.com\/actualidad\/wp-content\/uploads\/2022\/06\/beti-bezala-cartel-sf22.webp","contentUrl":"https:\/\/www.laguiadepamplona.com\/actualidad\/wp-content\/uploads\/2022\/06\/beti-bezala-cartel-sf22.webp","width":1433,"height":612},{"@type":"BreadcrumbList","@id":"https:\/\/www.laguiadepamplona.com\/actualidad\/el-ayuntamiento-de-pamplona-convoca-el-concurso-de-carteles-de-san-fermin-que-incluye-en-sus-bases-criterios-artisticos-con-los-que-se-valoraran-las-obras-presentadas\/#breadcrumb","itemListElement":[{"@type":"ListItem","position":1,"name":"Portada","item":"https:\/\/www.laguiadepamplona.com\/actualidad\/"},{"@type":"ListItem","position":2,"name":"El Ayuntamiento de Pamplona convoca el concurso de carteles de San Ferm\u00edn, que incluye en sus bases criterios art\u00edsticos con los que se valorar\u00e1n las obras presentadas"}]},{"@type":"WebSite","@id":"https:\/\/www.laguiadepamplona.com\/actualidad\/#website","url":"https:\/\/www.laguiadepamplona.com\/actualidad\/","name":"La gu\u00eda de Pamplona","description":"Noticias de Pamplona","publisher":{"@id":"https:\/\/www.laguiadepamplona.com\/actualidad\/#organization"},"potentialAction":[{"@type":"SearchAction","target":{"@type":"EntryPoint","urlTemplate":"https:\/\/www.laguiadepamplona.com\/actualidad\/?s={search_term_string}"},"query-input":{"@type":"PropertyValueSpecification","valueRequired":true,"valueName":"search_term_string"}}],"inLanguage":"es"},{"@type":"Organization","@id":"https:\/\/www.laguiadepamplona.com\/actualidad\/#organization","name":"La Gu\u00eda de Pamplona \/ Noticias","url":"https:\/\/www.laguiadepamplona.com\/actualidad\/","logo":{"@type":"ImageObject","inLanguage":"es","@id":"https:\/\/www.laguiadepamplona.com\/actualidad\/#\/schema\/logo\/image\/","url":"https:\/\/www.laguiadepamplona.com\/actualidad\/wp-content\/uploads\/2018\/11\/logo-laguiadepamplona18-web1.png","contentUrl":"https:\/\/www.laguiadepamplona.com\/actualidad\/wp-content\/uploads\/2018\/11\/logo-laguiadepamplona18-web1.png","width":600,"height":196,"caption":"La Gu\u00eda de Pamplona \/ Noticias"},"image":{"@id":"https:\/\/www.laguiadepamplona.com\/actualidad\/#\/schema\/logo\/image\/"},"sameAs":["https:\/\/www.facebook.com\/laguiadepamplonacom-133175176762273\/?ref=hl","https:\/\/x.com\/LaGuiadPamplona","https:\/\/www.instagram.com\/la_guia_de_pamplona\/","https:\/\/www.youtube.com\/user\/laguiadepamplona"]},{"@type":"Person","@id":"https:\/\/www.laguiadepamplona.com\/actualidad\/#\/schema\/person\/efe887376f0213d4657c93adc50b1fdb","name":"La Gu\u00eda de Pamplona","image":{"@type":"ImageObject","inLanguage":"es","@id":"https:\/\/secure.gravatar.com\/avatar\/b6992f131dc8d30ab0dff15446e9d346d9dbd95992de0fef795073f5ea83a81c?s=96&d=mm&r=g","url":"https:\/\/secure.gravatar.com\/avatar\/b6992f131dc8d30ab0dff15446e9d346d9dbd95992de0fef795073f5ea83a81c?s=96&d=mm&r=g","contentUrl":"https:\/\/secure.gravatar.com\/avatar\/b6992f131dc8d30ab0dff15446e9d346d9dbd95992de0fef795073f5ea83a81c?s=96&d=mm&r=g","caption":"La Gu\u00eda de Pamplona"}}]}},"post_mailing_queue_ids":[],"_links":{"self":[{"href":"https:\/\/www.laguiadepamplona.com\/actualidad\/wp-json\/wp\/v2\/posts\/43070","targetHints":{"allow":["GET"]}}],"collection":[{"href":"https:\/\/www.laguiadepamplona.com\/actualidad\/wp-json\/wp\/v2\/posts"}],"about":[{"href":"https:\/\/www.laguiadepamplona.com\/actualidad\/wp-json\/wp\/v2\/types\/post"}],"author":[{"embeddable":true,"href":"https:\/\/www.laguiadepamplona.com\/actualidad\/wp-json\/wp\/v2\/users\/1"}],"replies":[{"embeddable":true,"href":"https:\/\/www.laguiadepamplona.com\/actualidad\/wp-json\/wp\/v2\/comments?post=43070"}],"version-history":[{"count":0,"href":"https:\/\/www.laguiadepamplona.com\/actualidad\/wp-json\/wp\/v2\/posts\/43070\/revisions"}],"wp:featuredmedia":[{"embeddable":true,"href":"https:\/\/www.laguiadepamplona.com\/actualidad\/wp-json\/wp\/v2\/media\/40929"}],"wp:attachment":[{"href":"https:\/\/www.laguiadepamplona.com\/actualidad\/wp-json\/wp\/v2\/media?parent=43070"}],"wp:term":[{"taxonomy":"category","embeddable":true,"href":"https:\/\/www.laguiadepamplona.com\/actualidad\/wp-json\/wp\/v2\/categories?post=43070"},{"taxonomy":"post_tag","embeddable":true,"href":"https:\/\/www.laguiadepamplona.com\/actualidad\/wp-json\/wp\/v2\/tags?post=43070"}],"curies":[{"name":"wp","href":"https:\/\/api.w.org\/{rel}","templated":true}]}}