{"id":43067,"date":"2023-03-03T14:28:07","date_gmt":"2023-03-03T12:28:07","guid":{"rendered":"https:\/\/www.laguiadepamplona.com\/actualidad\/?p=43067"},"modified":"2023-04-11T11:47:05","modified_gmt":"2023-04-11T09:47:05","slug":"el-alcalde-de-pamplona-se-reune-con-el-alcalde-de-el-paso-municipio-de-la-isla-de-la-palma-afectado-por-la-erupcion-del-volcan-cumbre-vieja-en-2022","status":"publish","type":"post","link":"https:\/\/www.laguiadepamplona.com\/actualidad\/el-alcalde-de-pamplona-se-reune-con-el-alcalde-de-el-paso-municipio-de-la-isla-de-la-palma-afectado-por-la-erupcion-del-volcan-cumbre-vieja-en-2022\/","title":{"rendered":"El alcalde de Pamplona se re\u00fane con el alcalde de El Paso, municipio de la isla de La Palma afectado por la erupci\u00f3n del volc\u00e1n Cumbre Vieja en 2022"},"content":{"rendered":"<p><!--more--><\/p>\n<p>El alcalde de Pamplona, Enrique Maya, ha recibido en su despacho de la Casa Consistorial al alcalde de El Paso, localidad de la isla de La Palma afectada por la erupci\u00f3n el pasado a\u00f1o del volc\u00e1n Cumbre Vieja, Sergio Hern\u00e1ndez. Una visita de cortes\u00eda dentro del viaje que la delegaci\u00f3n canaria realiza a Pamplona para conocer las propuestas que desde la Escuela T\u00e9cnica Superior de Arquitectura de la Universidad de Navarra se les van a presentar para el dise\u00f1o del Centro Vulcanol\u00f3gico Nacional, al que opta la localidad de El Paso.<br \/>\n<script async src=\"\/\/pagead2.googlesyndication.com\/pagead\/js\/adsbygoogle.js\"><\/script><br \/>\n<!-- Noticias La Guia de Pamplona --><br \/>\n<ins class=\"adsbygoogle\"\nstyle=\"display:block\"\ndata-ad-client=\"ca-pub-6943679897239327\"\ndata-ad-slot=\"7048180777\"\ndata-ad-format=\"auto\"><\/ins><br \/>\n<script>\n(adsbygoogle = window.adsbygoogle || []).push({});\n<\/script><\/p>\n<p>Pamplona se sum\u00f3 a la ola de solidaridad con la isla de La Palma tras la erupci\u00f3n del Cumbre Vieja. El Pleno municipal aprob\u00f3 una declaraci\u00f3n institucional en la que se trasladaba el \u201capoyo a las personas evacuadas de sus hogares\u201d y el cari\u00f1o \u201ca quienes perdieron sus viviendas, sus cultivos o cualesquiera otros bienes bajo la lava\u201d. Adem\u00e1s, se mencionaba en concreto al municipal de El Paso, junto al de Llanos de Aridane y al Cabildo Insular de La Palma, como ejemplo de la importancia de las administraciones locales, a las que se ofreci\u00f3 todo el apoyo y la colaboraci\u00f3n.<\/p>\n<p>En la reuni\u00f3n han participado tambi\u00e9n la teniente de alcalde, \u00c1ngeles Fern\u00e1ndez Acosta, la concejala de Cultura, Fiestas y Turismo, Irinova Hern\u00e1ndez Toledo, el arquitecto municipal Alejandro Haddad Hern\u00e1ndez y el director de la Escuela T\u00e9cnica Superior de Arquitectura de la Universidad de Navarra, Eduardo Domingo.<\/p>\n","protected":false},"excerpt":{"rendered":"","protected":false},"author":1,"featured_media":43068,"comment_status":"open","ping_status":"closed","sticky":false,"template":"","format":"standard","meta":{"footnotes":""},"categories":[2],"tags":[],"class_list":["post-43067","post","type-post","status-publish","format-standard","has-post-thumbnail","hentry","category-ayuntamiento-pamplona"],"yoast_head":"<!-- This site is optimized with the Yoast SEO plugin v27.3 - https:\/\/yoast.com\/product\/yoast-seo-wordpress\/ -->\n<title>El alcalde de Pamplona se re\u00fane con el alcalde de El Paso, municipio de la isla de La Palma afectado por la erupci\u00f3n del volc\u00e1n Cumbre Vieja en 2022<\/title>\n<meta name=\"description\" content=\"Pamplona se sum\u00f3 a la ola de solidaridad con la isla de La Palma tras la erupci\u00f3n del Cumbre Vieja\" \/>\n<meta name=\"robots\" content=\"index, follow, max-snippet:-1, max-image-preview:large, max-video-preview:-1\" \/>\n<link rel=\"canonical\" href=\"https:\/\/www.laguiadepamplona.com\/actualidad\/el-alcalde-de-pamplona-se-reune-con-el-alcalde-de-el-paso-municipio-de-la-isla-de-la-palma-afectado-por-la-erupcion-del-volcan-cumbre-vieja-en-2022\/\" \/>\n<meta property=\"og:locale\" content=\"es_ES\" \/>\n<meta property=\"og:type\" content=\"article\" \/>\n<meta property=\"og:title\" content=\"El alcalde de Pamplona se re\u00fane con el alcalde de El Paso, municipio de la isla de La Palma afectado por la erupci\u00f3n del volc\u00e1n Cumbre Vieja en 2022\" \/>\n<meta property=\"og:description\" content=\"Pamplona se sum\u00f3 a la ola de solidaridad con la isla de La Palma tras la erupci\u00f3n del Cumbre Vieja\" \/>\n<meta property=\"og:url\" content=\"https:\/\/www.laguiadepamplona.com\/actualidad\/el-alcalde-de-pamplona-se-reune-con-el-alcalde-de-el-paso-municipio-de-la-isla-de-la-palma-afectado-por-la-erupcion-del-volcan-cumbre-vieja-en-2022\/\" \/>\n<meta property=\"og:site_name\" content=\"La Gu\u00eda de Pamplona\" \/>\n<meta property=\"article:publisher\" content=\"https:\/\/www.facebook.com\/laguiadepamplonacom-133175176762273\/?ref=hl\" \/>\n<meta property=\"article:published_time\" content=\"2023-03-03T12:28:07+00:00\" \/>\n<meta property=\"article:modified_time\" content=\"2023-04-11T09:47:05+00:00\" \/>\n<meta property=\"og:image\" content=\"https:\/\/www.laguiadepamplona.com\/actualidad\/wp-content\/uploads\/2023\/03\/q5a2951elpaso23-03-03.webp\" \/>\n\t<meta property=\"og:image:width\" content=\"1920\" \/>\n\t<meta property=\"og:image:height\" content=\"1281\" \/>\n\t<meta property=\"og:image:type\" content=\"image\/webp\" \/>\n<meta name=\"author\" content=\"La Gu\u00eda de Pamplona\" \/>\n<meta name=\"twitter:card\" content=\"summary_large_image\" \/>\n<meta name=\"twitter:creator\" content=\"@LaGuiadPamplona\" \/>\n<meta name=\"twitter:site\" content=\"@LaGuiadPamplona\" \/>\n<meta name=\"twitter:label1\" content=\"Escrito por\" \/>\n\t<meta name=\"twitter:data1\" content=\"La Gu\u00eda de Pamplona\" \/>\n\t<meta name=\"twitter:label2\" content=\"Tiempo de lectura\" \/>\n\t<meta name=\"twitter:data2\" content=\"2 minutos\" \/>\n<script type=\"application\/ld+json\" class=\"yoast-schema-graph\">{\"@context\":\"https:\\\/\\\/schema.org\",\"@graph\":[{\"@type\":\"Article\",\"@id\":\"https:\\\/\\\/www.laguiadepamplona.com\\\/actualidad\\\/el-alcalde-de-pamplona-se-reune-con-el-alcalde-de-el-paso-municipio-de-la-isla-de-la-palma-afectado-por-la-erupcion-del-volcan-cumbre-vieja-en-2022\\\/#article\",\"isPartOf\":{\"@id\":\"https:\\\/\\\/www.laguiadepamplona.com\\\/actualidad\\\/el-alcalde-de-pamplona-se-reune-con-el-alcalde-de-el-paso-municipio-de-la-isla-de-la-palma-afectado-por-la-erupcion-del-volcan-cumbre-vieja-en-2022\\\/\"},\"author\":{\"name\":\"La Gu\u00eda de Pamplona\",\"@id\":\"https:\\\/\\\/www.laguiadepamplona.com\\\/actualidad\\\/#\\\/schema\\\/person\\\/efe887376f0213d4657c93adc50b1fdb\"},\"headline\":\"El alcalde de Pamplona se re\u00fane con el alcalde de El Paso, municipio de la isla de La Palma afectado por la erupci\u00f3n del volc\u00e1n Cumbre Vieja en 2022\",\"datePublished\":\"2023-03-03T12:28:07+00:00\",\"dateModified\":\"2023-04-11T09:47:05+00:00\",\"mainEntityOfPage\":{\"@id\":\"https:\\\/\\\/www.laguiadepamplona.com\\\/actualidad\\\/el-alcalde-de-pamplona-se-reune-con-el-alcalde-de-el-paso-municipio-de-la-isla-de-la-palma-afectado-por-la-erupcion-del-volcan-cumbre-vieja-en-2022\\\/\"},\"wordCount\":289,\"commentCount\":0,\"publisher\":{\"@id\":\"https:\\\/\\\/www.laguiadepamplona.com\\\/actualidad\\\/#organization\"},\"image\":{\"@id\":\"https:\\\/\\\/www.laguiadepamplona.com\\\/actualidad\\\/el-alcalde-de-pamplona-se-reune-con-el-alcalde-de-el-paso-municipio-de-la-isla-de-la-palma-afectado-por-la-erupcion-del-volcan-cumbre-vieja-en-2022\\\/#primaryimage\"},\"thumbnailUrl\":\"https:\\\/\\\/www.laguiadepamplona.com\\\/actualidad\\\/wp-content\\\/uploads\\\/2023\\\/03\\\/q5a2951elpaso23-03-03.webp\",\"articleSection\":[\"Ayto Pamplona\"],\"inLanguage\":\"es\",\"potentialAction\":[{\"@type\":\"CommentAction\",\"name\":\"Comment\",\"target\":[\"https:\\\/\\\/www.laguiadepamplona.com\\\/actualidad\\\/el-alcalde-de-pamplona-se-reune-con-el-alcalde-de-el-paso-municipio-de-la-isla-de-la-palma-afectado-por-la-erupcion-del-volcan-cumbre-vieja-en-2022\\\/#respond\"]}]},{\"@type\":\"WebPage\",\"@id\":\"https:\\\/\\\/www.laguiadepamplona.com\\\/actualidad\\\/el-alcalde-de-pamplona-se-reune-con-el-alcalde-de-el-paso-municipio-de-la-isla-de-la-palma-afectado-por-la-erupcion-del-volcan-cumbre-vieja-en-2022\\\/\",\"url\":\"https:\\\/\\\/www.laguiadepamplona.com\\\/actualidad\\\/el-alcalde-de-pamplona-se-reune-con-el-alcalde-de-el-paso-municipio-de-la-isla-de-la-palma-afectado-por-la-erupcion-del-volcan-cumbre-vieja-en-2022\\\/\",\"name\":\"El alcalde de Pamplona se re\u00fane con el alcalde de El Paso, municipio de la isla de La Palma afectado por la erupci\u00f3n del volc\u00e1n Cumbre Vieja en 2022\",\"isPartOf\":{\"@id\":\"https:\\\/\\\/www.laguiadepamplona.com\\\/actualidad\\\/#website\"},\"primaryImageOfPage\":{\"@id\":\"https:\\\/\\\/www.laguiadepamplona.com\\\/actualidad\\\/el-alcalde-de-pamplona-se-reune-con-el-alcalde-de-el-paso-municipio-de-la-isla-de-la-palma-afectado-por-la-erupcion-del-volcan-cumbre-vieja-en-2022\\\/#primaryimage\"},\"image\":{\"@id\":\"https:\\\/\\\/www.laguiadepamplona.com\\\/actualidad\\\/el-alcalde-de-pamplona-se-reune-con-el-alcalde-de-el-paso-municipio-de-la-isla-de-la-palma-afectado-por-la-erupcion-del-volcan-cumbre-vieja-en-2022\\\/#primaryimage\"},\"thumbnailUrl\":\"https:\\\/\\\/www.laguiadepamplona.com\\\/actualidad\\\/wp-content\\\/uploads\\\/2023\\\/03\\\/q5a2951elpaso23-03-03.webp\",\"datePublished\":\"2023-03-03T12:28:07+00:00\",\"dateModified\":\"2023-04-11T09:47:05+00:00\",\"description\":\"Pamplona se sum\u00f3 a la ola de solidaridad con la isla de La Palma tras la erupci\u00f3n del Cumbre Vieja\",\"breadcrumb\":{\"@id\":\"https:\\\/\\\/www.laguiadepamplona.com\\\/actualidad\\\/el-alcalde-de-pamplona-se-reune-con-el-alcalde-de-el-paso-municipio-de-la-isla-de-la-palma-afectado-por-la-erupcion-del-volcan-cumbre-vieja-en-2022\\\/#breadcrumb\"},\"inLanguage\":\"es\",\"potentialAction\":[{\"@type\":\"ReadAction\",\"target\":[\"https:\\\/\\\/www.laguiadepamplona.com\\\/actualidad\\\/el-alcalde-de-pamplona-se-reune-con-el-alcalde-de-el-paso-municipio-de-la-isla-de-la-palma-afectado-por-la-erupcion-del-volcan-cumbre-vieja-en-2022\\\/\"]}]},{\"@type\":\"ImageObject\",\"inLanguage\":\"es\",\"@id\":\"https:\\\/\\\/www.laguiadepamplona.com\\\/actualidad\\\/el-alcalde-de-pamplona-se-reune-con-el-alcalde-de-el-paso-municipio-de-la-isla-de-la-palma-afectado-por-la-erupcion-del-volcan-cumbre-vieja-en-2022\\\/#primaryimage\",\"url\":\"https:\\\/\\\/www.laguiadepamplona.com\\\/actualidad\\\/wp-content\\\/uploads\\\/2023\\\/03\\\/q5a2951elpaso23-03-03.webp\",\"contentUrl\":\"https:\\\/\\\/www.laguiadepamplona.com\\\/actualidad\\\/wp-content\\\/uploads\\\/2023\\\/03\\\/q5a2951elpaso23-03-03.webp\",\"width\":1920,\"height\":1281},{\"@type\":\"BreadcrumbList\",\"@id\":\"https:\\\/\\\/www.laguiadepamplona.com\\\/actualidad\\\/el-alcalde-de-pamplona-se-reune-con-el-alcalde-de-el-paso-municipio-de-la-isla-de-la-palma-afectado-por-la-erupcion-del-volcan-cumbre-vieja-en-2022\\\/#breadcrumb\",\"itemListElement\":[{\"@type\":\"ListItem\",\"position\":1,\"name\":\"Portada\",\"item\":\"https:\\\/\\\/www.laguiadepamplona.com\\\/actualidad\\\/\"},{\"@type\":\"ListItem\",\"position\":2,\"name\":\"El alcalde de Pamplona se re\u00fane con el alcalde de El Paso, municipio de la isla de La Palma afectado por la erupci\u00f3n del volc\u00e1n Cumbre Vieja en 2022\"}]},{\"@type\":\"WebSite\",\"@id\":\"https:\\\/\\\/www.laguiadepamplona.com\\\/actualidad\\\/#website\",\"url\":\"https:\\\/\\\/www.laguiadepamplona.com\\\/actualidad\\\/\",\"name\":\"La gu\u00eda de Pamplona\",\"description\":\"Noticias de Pamplona\",\"publisher\":{\"@id\":\"https:\\\/\\\/www.laguiadepamplona.com\\\/actualidad\\\/#organization\"},\"potentialAction\":[{\"@type\":\"SearchAction\",\"target\":{\"@type\":\"EntryPoint\",\"urlTemplate\":\"https:\\\/\\\/www.laguiadepamplona.com\\\/actualidad\\\/?s={search_term_string}\"},\"query-input\":{\"@type\":\"PropertyValueSpecification\",\"valueRequired\":true,\"valueName\":\"search_term_string\"}}],\"inLanguage\":\"es\"},{\"@type\":\"Organization\",\"@id\":\"https:\\\/\\\/www.laguiadepamplona.com\\\/actualidad\\\/#organization\",\"name\":\"La Gu\u00eda de Pamplona \\\/ Noticias\",\"url\":\"https:\\\/\\\/www.laguiadepamplona.com\\\/actualidad\\\/\",\"logo\":{\"@type\":\"ImageObject\",\"inLanguage\":\"es\",\"@id\":\"https:\\\/\\\/www.laguiadepamplona.com\\\/actualidad\\\/#\\\/schema\\\/logo\\\/image\\\/\",\"url\":\"https:\\\/\\\/www.laguiadepamplona.com\\\/actualidad\\\/wp-content\\\/uploads\\\/2018\\\/11\\\/logo-laguiadepamplona18-web1.png\",\"contentUrl\":\"https:\\\/\\\/www.laguiadepamplona.com\\\/actualidad\\\/wp-content\\\/uploads\\\/2018\\\/11\\\/logo-laguiadepamplona18-web1.png\",\"width\":600,\"height\":196,\"caption\":\"La Gu\u00eda de Pamplona \\\/ Noticias\"},\"image\":{\"@id\":\"https:\\\/\\\/www.laguiadepamplona.com\\\/actualidad\\\/#\\\/schema\\\/logo\\\/image\\\/\"},\"sameAs\":[\"https:\\\/\\\/www.facebook.com\\\/laguiadepamplonacom-133175176762273\\\/?ref=hl\",\"https:\\\/\\\/x.com\\\/LaGuiadPamplona\",\"https:\\\/\\\/www.instagram.com\\\/la_guia_de_pamplona\\\/\",\"https:\\\/\\\/www.youtube.com\\\/user\\\/laguiadepamplona\"]},{\"@type\":\"Person\",\"@id\":\"https:\\\/\\\/www.laguiadepamplona.com\\\/actualidad\\\/#\\\/schema\\\/person\\\/efe887376f0213d4657c93adc50b1fdb\",\"name\":\"La Gu\u00eda de Pamplona\",\"image\":{\"@type\":\"ImageObject\",\"inLanguage\":\"es\",\"@id\":\"https:\\\/\\\/secure.gravatar.com\\\/avatar\\\/b6992f131dc8d30ab0dff15446e9d346d9dbd95992de0fef795073f5ea83a81c?s=96&d=mm&r=g\",\"url\":\"https:\\\/\\\/secure.gravatar.com\\\/avatar\\\/b6992f131dc8d30ab0dff15446e9d346d9dbd95992de0fef795073f5ea83a81c?s=96&d=mm&r=g\",\"contentUrl\":\"https:\\\/\\\/secure.gravatar.com\\\/avatar\\\/b6992f131dc8d30ab0dff15446e9d346d9dbd95992de0fef795073f5ea83a81c?s=96&d=mm&r=g\",\"caption\":\"La Gu\u00eda de Pamplona\"}}]}<\/script>\n<!-- \/ Yoast SEO plugin. -->","yoast_head_json":{"title":"El alcalde de Pamplona se re\u00fane con el alcalde de El Paso, municipio de la isla de La Palma afectado por la erupci\u00f3n del volc\u00e1n Cumbre Vieja en 2022","description":"Pamplona se sum\u00f3 a la ola de solidaridad con la isla de La Palma tras la erupci\u00f3n del Cumbre Vieja","robots":{"index":"index","follow":"follow","max-snippet":"max-snippet:-1","max-image-preview":"max-image-preview:large","max-video-preview":"max-video-preview:-1"},"canonical":"https:\/\/www.laguiadepamplona.com\/actualidad\/el-alcalde-de-pamplona-se-reune-con-el-alcalde-de-el-paso-municipio-de-la-isla-de-la-palma-afectado-por-la-erupcion-del-volcan-cumbre-vieja-en-2022\/","og_locale":"es_ES","og_type":"article","og_title":"El alcalde de Pamplona se re\u00fane con el alcalde de El Paso, municipio de la isla de La Palma afectado por la erupci\u00f3n del volc\u00e1n Cumbre Vieja en 2022","og_description":"Pamplona se sum\u00f3 a la ola de solidaridad con la isla de La Palma tras la erupci\u00f3n del Cumbre Vieja","og_url":"https:\/\/www.laguiadepamplona.com\/actualidad\/el-alcalde-de-pamplona-se-reune-con-el-alcalde-de-el-paso-municipio-de-la-isla-de-la-palma-afectado-por-la-erupcion-del-volcan-cumbre-vieja-en-2022\/","og_site_name":"La Gu\u00eda de Pamplona","article_publisher":"https:\/\/www.facebook.com\/laguiadepamplonacom-133175176762273\/?ref=hl","article_published_time":"2023-03-03T12:28:07+00:00","article_modified_time":"2023-04-11T09:47:05+00:00","og_image":[{"width":1920,"height":1281,"url":"https:\/\/www.laguiadepamplona.com\/actualidad\/wp-content\/uploads\/2023\/03\/q5a2951elpaso23-03-03.webp","type":"image\/webp"}],"author":"La Gu\u00eda de Pamplona","twitter_card":"summary_large_image","twitter_creator":"@LaGuiadPamplona","twitter_site":"@LaGuiadPamplona","twitter_misc":{"Escrito por":"La Gu\u00eda de Pamplona","Tiempo de lectura":"2 minutos"},"schema":{"@context":"https:\/\/schema.org","@graph":[{"@type":"Article","@id":"https:\/\/www.laguiadepamplona.com\/actualidad\/el-alcalde-de-pamplona-se-reune-con-el-alcalde-de-el-paso-municipio-de-la-isla-de-la-palma-afectado-por-la-erupcion-del-volcan-cumbre-vieja-en-2022\/#article","isPartOf":{"@id":"https:\/\/www.laguiadepamplona.com\/actualidad\/el-alcalde-de-pamplona-se-reune-con-el-alcalde-de-el-paso-municipio-de-la-isla-de-la-palma-afectado-por-la-erupcion-del-volcan-cumbre-vieja-en-2022\/"},"author":{"name":"La Gu\u00eda de Pamplona","@id":"https:\/\/www.laguiadepamplona.com\/actualidad\/#\/schema\/person\/efe887376f0213d4657c93adc50b1fdb"},"headline":"El alcalde de Pamplona se re\u00fane con el alcalde de El Paso, municipio de la isla de La Palma afectado por la erupci\u00f3n del volc\u00e1n Cumbre Vieja en 2022","datePublished":"2023-03-03T12:28:07+00:00","dateModified":"2023-04-11T09:47:05+00:00","mainEntityOfPage":{"@id":"https:\/\/www.laguiadepamplona.com\/actualidad\/el-alcalde-de-pamplona-se-reune-con-el-alcalde-de-el-paso-municipio-de-la-isla-de-la-palma-afectado-por-la-erupcion-del-volcan-cumbre-vieja-en-2022\/"},"wordCount":289,"commentCount":0,"publisher":{"@id":"https:\/\/www.laguiadepamplona.com\/actualidad\/#organization"},"image":{"@id":"https:\/\/www.laguiadepamplona.com\/actualidad\/el-alcalde-de-pamplona-se-reune-con-el-alcalde-de-el-paso-municipio-de-la-isla-de-la-palma-afectado-por-la-erupcion-del-volcan-cumbre-vieja-en-2022\/#primaryimage"},"thumbnailUrl":"https:\/\/www.laguiadepamplona.com\/actualidad\/wp-content\/uploads\/2023\/03\/q5a2951elpaso23-03-03.webp","articleSection":["Ayto Pamplona"],"inLanguage":"es","potentialAction":[{"@type":"CommentAction","name":"Comment","target":["https:\/\/www.laguiadepamplona.com\/actualidad\/el-alcalde-de-pamplona-se-reune-con-el-alcalde-de-el-paso-municipio-de-la-isla-de-la-palma-afectado-por-la-erupcion-del-volcan-cumbre-vieja-en-2022\/#respond"]}]},{"@type":"WebPage","@id":"https:\/\/www.laguiadepamplona.com\/actualidad\/el-alcalde-de-pamplona-se-reune-con-el-alcalde-de-el-paso-municipio-de-la-isla-de-la-palma-afectado-por-la-erupcion-del-volcan-cumbre-vieja-en-2022\/","url":"https:\/\/www.laguiadepamplona.com\/actualidad\/el-alcalde-de-pamplona-se-reune-con-el-alcalde-de-el-paso-municipio-de-la-isla-de-la-palma-afectado-por-la-erupcion-del-volcan-cumbre-vieja-en-2022\/","name":"El alcalde de Pamplona se re\u00fane con el alcalde de El Paso, municipio de la isla de La Palma afectado por la erupci\u00f3n del volc\u00e1n Cumbre Vieja en 2022","isPartOf":{"@id":"https:\/\/www.laguiadepamplona.com\/actualidad\/#website"},"primaryImageOfPage":{"@id":"https:\/\/www.laguiadepamplona.com\/actualidad\/el-alcalde-de-pamplona-se-reune-con-el-alcalde-de-el-paso-municipio-de-la-isla-de-la-palma-afectado-por-la-erupcion-del-volcan-cumbre-vieja-en-2022\/#primaryimage"},"image":{"@id":"https:\/\/www.laguiadepamplona.com\/actualidad\/el-alcalde-de-pamplona-se-reune-con-el-alcalde-de-el-paso-municipio-de-la-isla-de-la-palma-afectado-por-la-erupcion-del-volcan-cumbre-vieja-en-2022\/#primaryimage"},"thumbnailUrl":"https:\/\/www.laguiadepamplona.com\/actualidad\/wp-content\/uploads\/2023\/03\/q5a2951elpaso23-03-03.webp","datePublished":"2023-03-03T12:28:07+00:00","dateModified":"2023-04-11T09:47:05+00:00","description":"Pamplona se sum\u00f3 a la ola de solidaridad con la isla de La Palma tras la erupci\u00f3n del Cumbre Vieja","breadcrumb":{"@id":"https:\/\/www.laguiadepamplona.com\/actualidad\/el-alcalde-de-pamplona-se-reune-con-el-alcalde-de-el-paso-municipio-de-la-isla-de-la-palma-afectado-por-la-erupcion-del-volcan-cumbre-vieja-en-2022\/#breadcrumb"},"inLanguage":"es","potentialAction":[{"@type":"ReadAction","target":["https:\/\/www.laguiadepamplona.com\/actualidad\/el-alcalde-de-pamplona-se-reune-con-el-alcalde-de-el-paso-municipio-de-la-isla-de-la-palma-afectado-por-la-erupcion-del-volcan-cumbre-vieja-en-2022\/"]}]},{"@type":"ImageObject","inLanguage":"es","@id":"https:\/\/www.laguiadepamplona.com\/actualidad\/el-alcalde-de-pamplona-se-reune-con-el-alcalde-de-el-paso-municipio-de-la-isla-de-la-palma-afectado-por-la-erupcion-del-volcan-cumbre-vieja-en-2022\/#primaryimage","url":"https:\/\/www.laguiadepamplona.com\/actualidad\/wp-content\/uploads\/2023\/03\/q5a2951elpaso23-03-03.webp","contentUrl":"https:\/\/www.laguiadepamplona.com\/actualidad\/wp-content\/uploads\/2023\/03\/q5a2951elpaso23-03-03.webp","width":1920,"height":1281},{"@type":"BreadcrumbList","@id":"https:\/\/www.laguiadepamplona.com\/actualidad\/el-alcalde-de-pamplona-se-reune-con-el-alcalde-de-el-paso-municipio-de-la-isla-de-la-palma-afectado-por-la-erupcion-del-volcan-cumbre-vieja-en-2022\/#breadcrumb","itemListElement":[{"@type":"ListItem","position":1,"name":"Portada","item":"https:\/\/www.laguiadepamplona.com\/actualidad\/"},{"@type":"ListItem","position":2,"name":"El alcalde de Pamplona se re\u00fane con el alcalde de El Paso, municipio de la isla de La Palma afectado por la erupci\u00f3n del volc\u00e1n Cumbre Vieja en 2022"}]},{"@type":"WebSite","@id":"https:\/\/www.laguiadepamplona.com\/actualidad\/#website","url":"https:\/\/www.laguiadepamplona.com\/actualidad\/","name":"La gu\u00eda de Pamplona","description":"Noticias de Pamplona","publisher":{"@id":"https:\/\/www.laguiadepamplona.com\/actualidad\/#organization"},"potentialAction":[{"@type":"SearchAction","target":{"@type":"EntryPoint","urlTemplate":"https:\/\/www.laguiadepamplona.com\/actualidad\/?s={search_term_string}"},"query-input":{"@type":"PropertyValueSpecification","valueRequired":true,"valueName":"search_term_string"}}],"inLanguage":"es"},{"@type":"Organization","@id":"https:\/\/www.laguiadepamplona.com\/actualidad\/#organization","name":"La Gu\u00eda de Pamplona \/ Noticias","url":"https:\/\/www.laguiadepamplona.com\/actualidad\/","logo":{"@type":"ImageObject","inLanguage":"es","@id":"https:\/\/www.laguiadepamplona.com\/actualidad\/#\/schema\/logo\/image\/","url":"https:\/\/www.laguiadepamplona.com\/actualidad\/wp-content\/uploads\/2018\/11\/logo-laguiadepamplona18-web1.png","contentUrl":"https:\/\/www.laguiadepamplona.com\/actualidad\/wp-content\/uploads\/2018\/11\/logo-laguiadepamplona18-web1.png","width":600,"height":196,"caption":"La Gu\u00eda de Pamplona \/ Noticias"},"image":{"@id":"https:\/\/www.laguiadepamplona.com\/actualidad\/#\/schema\/logo\/image\/"},"sameAs":["https:\/\/www.facebook.com\/laguiadepamplonacom-133175176762273\/?ref=hl","https:\/\/x.com\/LaGuiadPamplona","https:\/\/www.instagram.com\/la_guia_de_pamplona\/","https:\/\/www.youtube.com\/user\/laguiadepamplona"]},{"@type":"Person","@id":"https:\/\/www.laguiadepamplona.com\/actualidad\/#\/schema\/person\/efe887376f0213d4657c93adc50b1fdb","name":"La Gu\u00eda de Pamplona","image":{"@type":"ImageObject","inLanguage":"es","@id":"https:\/\/secure.gravatar.com\/avatar\/b6992f131dc8d30ab0dff15446e9d346d9dbd95992de0fef795073f5ea83a81c?s=96&d=mm&r=g","url":"https:\/\/secure.gravatar.com\/avatar\/b6992f131dc8d30ab0dff15446e9d346d9dbd95992de0fef795073f5ea83a81c?s=96&d=mm&r=g","contentUrl":"https:\/\/secure.gravatar.com\/avatar\/b6992f131dc8d30ab0dff15446e9d346d9dbd95992de0fef795073f5ea83a81c?s=96&d=mm&r=g","caption":"La Gu\u00eda de Pamplona"}}]}},"post_mailing_queue_ids":[],"_links":{"self":[{"href":"https:\/\/www.laguiadepamplona.com\/actualidad\/wp-json\/wp\/v2\/posts\/43067","targetHints":{"allow":["GET"]}}],"collection":[{"href":"https:\/\/www.laguiadepamplona.com\/actualidad\/wp-json\/wp\/v2\/posts"}],"about":[{"href":"https:\/\/www.laguiadepamplona.com\/actualidad\/wp-json\/wp\/v2\/types\/post"}],"author":[{"embeddable":true,"href":"https:\/\/www.laguiadepamplona.com\/actualidad\/wp-json\/wp\/v2\/users\/1"}],"replies":[{"embeddable":true,"href":"https:\/\/www.laguiadepamplona.com\/actualidad\/wp-json\/wp\/v2\/comments?post=43067"}],"version-history":[{"count":0,"href":"https:\/\/www.laguiadepamplona.com\/actualidad\/wp-json\/wp\/v2\/posts\/43067\/revisions"}],"wp:featuredmedia":[{"embeddable":true,"href":"https:\/\/www.laguiadepamplona.com\/actualidad\/wp-json\/wp\/v2\/media\/43068"}],"wp:attachment":[{"href":"https:\/\/www.laguiadepamplona.com\/actualidad\/wp-json\/wp\/v2\/media?parent=43067"}],"wp:term":[{"taxonomy":"category","embeddable":true,"href":"https:\/\/www.laguiadepamplona.com\/actualidad\/wp-json\/wp\/v2\/categories?post=43067"},{"taxonomy":"post_tag","embeddable":true,"href":"https:\/\/www.laguiadepamplona.com\/actualidad\/wp-json\/wp\/v2\/tags?post=43067"}],"curies":[{"name":"wp","href":"https:\/\/api.w.org\/{rel}","templated":true}]}}