{"id":43039,"date":"2023-03-01T14:24:30","date_gmt":"2023-03-01T12:24:30","guid":{"rendered":"https:\/\/www.laguiadepamplona.com\/actualidad\/?p=43039"},"modified":"2023-04-11T11:47:06","modified_gmt":"2023-04-11T09:47:06","slug":"el-ayuntamiento-licita-el-contrato-para-la-instalacion-vigilancia-mantenimiento-y-retirada-de-diferentes-instalaciones-de-aseo-para-los-proximos-sanfermines","status":"publish","type":"post","link":"https:\/\/www.laguiadepamplona.com\/actualidad\/el-ayuntamiento-licita-el-contrato-para-la-instalacion-vigilancia-mantenimiento-y-retirada-de-diferentes-instalaciones-de-aseo-para-los-proximos-sanfermines\/","title":{"rendered":"El Ayuntamiento licita el contrato para la instalaci\u00f3n, vigilancia, mantenimiento y retirada de diferentes instalaciones de aseo para los pr\u00f3ximos Sanfermines"},"content":{"rendered":"<h5>Se refuerzan las instalaciones en la Plaza del Castillo con dos m\u00f3dulos m\u00e1s que se unen al habitual truck sanitario<\/h5>\n<p><!--more--><\/p>\n<p>La Junta de Gobierno Local del Ayuntamiento de Pamplona ha aprobado este mi\u00e9rcoles el contrato de vigilancia, mantenimiento y retirada de diversas instalaciones de aseos para las pr\u00f3ximas fiestas de San Ferm\u00edn. El contrato incluye el truck sanitario de la Plaza del Castillo y 18 aseos conectados a la red de saneamiento, adem\u00e1s de otros 20 aseos qu\u00edmicos. El contrato se licita con un presupuesto de 150.000 euros.<\/p>\n<p>Se trata, de esta forma, de reforzar y complementar las instalaciones fijas existentes en la ciudad para ofrecer este servicio de aseos p\u00fablicos durante un periodo como el de los Sanfermines, en el que Pamplona congrega a miles de visitantes que acudan a la multitud de actividades programadas en la calle durante las fiestas. La totalidad de los aseos incluidos en este contrato deber\u00e1n estar instalados para el 4 de julio.<br \/>\n<script async src=\"\/\/pagead2.googlesyndication.com\/pagead\/js\/adsbygoogle.js\"><\/script><br \/>\n<!-- Noticias La Guia de Pamplona --><br \/>\n<ins class=\"adsbygoogle\"\nstyle=\"display:block\"\ndata-ad-client=\"ca-pub-6943679897239327\"\ndata-ad-slot=\"7048180777\"\ndata-ad-format=\"auto\"><\/ins><br \/>\n<script>\n(adsbygoogle = window.adsbygoogle || []).push({});\n<\/script><\/p>\n<p>El truck de la Plaza del Castillo constar\u00e1 de aseos de se\u00f1oras con al menos cuatro cabinas con inodoros, aseos de caballeros con al menos dos cabinas con inodoros, cambiador de beb\u00e9s y cabina accesible para personas con discapacidad. Estos pr\u00f3ximos Sanfermines se reforzar\u00e1 la zona de la Plaza del Castillo con dos nuevos m\u00f3dulos de aseo para poder satisfacer la demanda del servicio en uno de los puntos m\u00e1s concurridos de la ciudad. El resto de instalaciones conectadas a la red previstas en el contrato constar\u00e1n tambi\u00e9n de dos m\u00f3dulos, uno para se\u00f1oras y otro para caballeros, salvo en aquellas ubicaciones que se se\u00f1ale espec\u00edficamente otra cosa. Estos aseos estar\u00e1n conectados a los puntos de corriente el\u00e9ctrica, agua de abastecimiento y red de saneamiento.<\/p>\n<p>Se ubicar\u00e1n en el recinto ferial (puente de Curtidores), Plaza de Toros, Bajada de Labrit, plaza de San Francisco, Antoniutti, Rinc\u00f3n de Pellejer\u00eda, Calderer\u00eda, San Nicol\u00e1s \u2013 San Gregorio, cuesta del Museo de Navarra, parque de la Taconera, Duque de Ahumada, plaza Santa Ana, paseo del Red\u00edn, Vuelta de Castillo (Misericordia), plaza de la Libertad, Trinitarios, ferial de ganado y Plaza del Castillo. Contar\u00e1n con vigilancia y atenci\u00f3n permanente las 24 horas del d\u00eda, desde las 8 horas del 6 de julio hasta las 8 horas del 15 de julio, con excepci\u00f3n de las instalaciones del recinto ferial y plaza de la Libertad, con horarios adaptados a las actividades que acogen esos espacios, y las de Trinitarios y ferial de ganado, por la especificidad de su uso.<br \/>\n<script async src=\"\/\/pagead2.googlesyndication.com\/pagead\/js\/adsbygoogle.js\"><\/script><br \/>\n<!-- Noticias La Guia de Pamplona --><br \/>\n<ins class=\"adsbygoogle\"\nstyle=\"display:block\"\ndata-ad-client=\"ca-pub-6943679897239327\"\ndata-ad-slot=\"7048180777\"\ndata-ad-format=\"auto\"><\/ins><br \/>\n<script>\n(adsbygoogle = window.adsbygoogle || []).push({});\n<\/script><\/p>\n<p>El contrato incluye tambi\u00e9n la instalaci\u00f3n de 20 aseos qu\u00edmicos para las fiestas, cuya tipolog\u00eda ser\u00e1 definida de forma previa entre el Ayuntamiento de Pamplona y la empresa adjudicataria. El mantenimiento t\u00e9cnico de estos aseos consistir\u00e1, al menos, en el cambio del dep\u00f3sito qu\u00edmico una vez cada 24 horas como m\u00ednimo y en la limpieza de los aseos y la provisi\u00f3n de los complementos indispensables para su uso. Algunas de estas cabinas se colocar\u00e1n en los escenarios de las actuaciones para uso exclusivo de las compa\u00f1\u00edas art\u00edsticas.<\/p>\n","protected":false},"excerpt":{"rendered":"<p>Se refuerzan las instalaciones en la Plaza del Castillo con dos m\u00f3dulos m\u00e1s que se unen al habitual truck sanitario<\/p>\n","protected":false},"author":1,"featured_media":20291,"comment_status":"open","ping_status":"closed","sticky":false,"template":"","format":"standard","meta":{"footnotes":""},"categories":[2],"tags":[],"class_list":["post-43039","post","type-post","status-publish","format-standard","has-post-thumbnail","hentry","category-ayuntamiento-pamplona"],"yoast_head":"<!-- This site is optimized with the Yoast SEO plugin v27.3 - https:\/\/yoast.com\/product\/yoast-seo-wordpress\/ -->\n<title>El Ayuntamiento licita el contrato para la instalaci\u00f3n, vigilancia, mantenimiento y retirada de diferentes instalaciones de aseo para los pr\u00f3ximos Sanfermines<\/title>\n<meta name=\"description\" content=\"Se refuerzan las instalaciones en la Plaza del Castillo con dos m\u00f3dulos m\u00e1s que se unen al habitual truck sanitario\" \/>\n<meta name=\"robots\" content=\"index, follow, max-snippet:-1, max-image-preview:large, max-video-preview:-1\" \/>\n<link rel=\"canonical\" href=\"https:\/\/www.laguiadepamplona.com\/actualidad\/el-ayuntamiento-licita-el-contrato-para-la-instalacion-vigilancia-mantenimiento-y-retirada-de-diferentes-instalaciones-de-aseo-para-los-proximos-sanfermines\/\" \/>\n<meta property=\"og:locale\" content=\"es_ES\" \/>\n<meta property=\"og:type\" content=\"article\" \/>\n<meta property=\"og:title\" content=\"El Ayuntamiento licita el contrato para la instalaci\u00f3n, vigilancia, mantenimiento y retirada de diferentes instalaciones de aseo para los pr\u00f3ximos Sanfermines\" \/>\n<meta property=\"og:description\" content=\"Se refuerzan las instalaciones en la Plaza del Castillo con dos m\u00f3dulos m\u00e1s que se unen al habitual truck sanitario\" \/>\n<meta property=\"og:url\" content=\"https:\/\/www.laguiadepamplona.com\/actualidad\/el-ayuntamiento-licita-el-contrato-para-la-instalacion-vigilancia-mantenimiento-y-retirada-de-diferentes-instalaciones-de-aseo-para-los-proximos-sanfermines\/\" \/>\n<meta property=\"og:site_name\" content=\"La Gu\u00eda de Pamplona\" \/>\n<meta property=\"article:publisher\" content=\"https:\/\/www.facebook.com\/laguiadepamplonacom-133175176762273\/?ref=hl\" \/>\n<meta property=\"article:published_time\" content=\"2023-03-01T12:24:30+00:00\" \/>\n<meta property=\"article:modified_time\" content=\"2023-04-11T09:47:06+00:00\" \/>\n<meta property=\"og:image\" content=\"https:\/\/www.laguiadepamplona.com\/actualidad\/wp-content\/uploads\/2019\/02\/aseos-san-fermin.jpg\" \/>\n\t<meta property=\"og:image:width\" content=\"1920\" \/>\n\t<meta property=\"og:image:height\" content=\"1080\" \/>\n\t<meta property=\"og:image:type\" content=\"image\/jpeg\" \/>\n<meta name=\"author\" content=\"La Gu\u00eda de Pamplona\" \/>\n<meta name=\"twitter:card\" content=\"summary_large_image\" \/>\n<meta name=\"twitter:creator\" content=\"@LaGuiadPamplona\" \/>\n<meta name=\"twitter:site\" content=\"@LaGuiadPamplona\" \/>\n<meta name=\"twitter:label1\" content=\"Escrito por\" \/>\n\t<meta name=\"twitter:data1\" content=\"La Gu\u00eda de Pamplona\" \/>\n\t<meta name=\"twitter:label2\" content=\"Tiempo de lectura\" \/>\n\t<meta name=\"twitter:data2\" content=\"3 minutos\" \/>\n<script type=\"application\/ld+json\" class=\"yoast-schema-graph\">{\"@context\":\"https:\\\/\\\/schema.org\",\"@graph\":[{\"@type\":\"Article\",\"@id\":\"https:\\\/\\\/www.laguiadepamplona.com\\\/actualidad\\\/el-ayuntamiento-licita-el-contrato-para-la-instalacion-vigilancia-mantenimiento-y-retirada-de-diferentes-instalaciones-de-aseo-para-los-proximos-sanfermines\\\/#article\",\"isPartOf\":{\"@id\":\"https:\\\/\\\/www.laguiadepamplona.com\\\/actualidad\\\/el-ayuntamiento-licita-el-contrato-para-la-instalacion-vigilancia-mantenimiento-y-retirada-de-diferentes-instalaciones-de-aseo-para-los-proximos-sanfermines\\\/\"},\"author\":{\"name\":\"La Gu\u00eda de Pamplona\",\"@id\":\"https:\\\/\\\/www.laguiadepamplona.com\\\/actualidad\\\/#\\\/schema\\\/person\\\/efe887376f0213d4657c93adc50b1fdb\"},\"headline\":\"El Ayuntamiento licita el contrato para la instalaci\u00f3n, vigilancia, mantenimiento y retirada de diferentes instalaciones de aseo para los pr\u00f3ximos Sanfermines\",\"datePublished\":\"2023-03-01T12:24:30+00:00\",\"dateModified\":\"2023-04-11T09:47:06+00:00\",\"mainEntityOfPage\":{\"@id\":\"https:\\\/\\\/www.laguiadepamplona.com\\\/actualidad\\\/el-ayuntamiento-licita-el-contrato-para-la-instalacion-vigilancia-mantenimiento-y-retirada-de-diferentes-instalaciones-de-aseo-para-los-proximos-sanfermines\\\/\"},\"wordCount\":553,\"commentCount\":0,\"publisher\":{\"@id\":\"https:\\\/\\\/www.laguiadepamplona.com\\\/actualidad\\\/#organization\"},\"image\":{\"@id\":\"https:\\\/\\\/www.laguiadepamplona.com\\\/actualidad\\\/el-ayuntamiento-licita-el-contrato-para-la-instalacion-vigilancia-mantenimiento-y-retirada-de-diferentes-instalaciones-de-aseo-para-los-proximos-sanfermines\\\/#primaryimage\"},\"thumbnailUrl\":\"https:\\\/\\\/www.laguiadepamplona.com\\\/actualidad\\\/wp-content\\\/uploads\\\/2019\\\/02\\\/aseos-san-fermin.jpg\",\"articleSection\":[\"Ayto Pamplona\"],\"inLanguage\":\"es\",\"potentialAction\":[{\"@type\":\"CommentAction\",\"name\":\"Comment\",\"target\":[\"https:\\\/\\\/www.laguiadepamplona.com\\\/actualidad\\\/el-ayuntamiento-licita-el-contrato-para-la-instalacion-vigilancia-mantenimiento-y-retirada-de-diferentes-instalaciones-de-aseo-para-los-proximos-sanfermines\\\/#respond\"]}]},{\"@type\":\"WebPage\",\"@id\":\"https:\\\/\\\/www.laguiadepamplona.com\\\/actualidad\\\/el-ayuntamiento-licita-el-contrato-para-la-instalacion-vigilancia-mantenimiento-y-retirada-de-diferentes-instalaciones-de-aseo-para-los-proximos-sanfermines\\\/\",\"url\":\"https:\\\/\\\/www.laguiadepamplona.com\\\/actualidad\\\/el-ayuntamiento-licita-el-contrato-para-la-instalacion-vigilancia-mantenimiento-y-retirada-de-diferentes-instalaciones-de-aseo-para-los-proximos-sanfermines\\\/\",\"name\":\"El Ayuntamiento licita el contrato para la instalaci\u00f3n, vigilancia, mantenimiento y retirada de diferentes instalaciones de aseo para los pr\u00f3ximos Sanfermines\",\"isPartOf\":{\"@id\":\"https:\\\/\\\/www.laguiadepamplona.com\\\/actualidad\\\/#website\"},\"primaryImageOfPage\":{\"@id\":\"https:\\\/\\\/www.laguiadepamplona.com\\\/actualidad\\\/el-ayuntamiento-licita-el-contrato-para-la-instalacion-vigilancia-mantenimiento-y-retirada-de-diferentes-instalaciones-de-aseo-para-los-proximos-sanfermines\\\/#primaryimage\"},\"image\":{\"@id\":\"https:\\\/\\\/www.laguiadepamplona.com\\\/actualidad\\\/el-ayuntamiento-licita-el-contrato-para-la-instalacion-vigilancia-mantenimiento-y-retirada-de-diferentes-instalaciones-de-aseo-para-los-proximos-sanfermines\\\/#primaryimage\"},\"thumbnailUrl\":\"https:\\\/\\\/www.laguiadepamplona.com\\\/actualidad\\\/wp-content\\\/uploads\\\/2019\\\/02\\\/aseos-san-fermin.jpg\",\"datePublished\":\"2023-03-01T12:24:30+00:00\",\"dateModified\":\"2023-04-11T09:47:06+00:00\",\"description\":\"Se refuerzan las instalaciones en la Plaza del Castillo con dos m\u00f3dulos m\u00e1s que se unen al habitual truck sanitario\",\"breadcrumb\":{\"@id\":\"https:\\\/\\\/www.laguiadepamplona.com\\\/actualidad\\\/el-ayuntamiento-licita-el-contrato-para-la-instalacion-vigilancia-mantenimiento-y-retirada-de-diferentes-instalaciones-de-aseo-para-los-proximos-sanfermines\\\/#breadcrumb\"},\"inLanguage\":\"es\",\"potentialAction\":[{\"@type\":\"ReadAction\",\"target\":[\"https:\\\/\\\/www.laguiadepamplona.com\\\/actualidad\\\/el-ayuntamiento-licita-el-contrato-para-la-instalacion-vigilancia-mantenimiento-y-retirada-de-diferentes-instalaciones-de-aseo-para-los-proximos-sanfermines\\\/\"]}]},{\"@type\":\"ImageObject\",\"inLanguage\":\"es\",\"@id\":\"https:\\\/\\\/www.laguiadepamplona.com\\\/actualidad\\\/el-ayuntamiento-licita-el-contrato-para-la-instalacion-vigilancia-mantenimiento-y-retirada-de-diferentes-instalaciones-de-aseo-para-los-proximos-sanfermines\\\/#primaryimage\",\"url\":\"https:\\\/\\\/www.laguiadepamplona.com\\\/actualidad\\\/wp-content\\\/uploads\\\/2019\\\/02\\\/aseos-san-fermin.jpg\",\"contentUrl\":\"https:\\\/\\\/www.laguiadepamplona.com\\\/actualidad\\\/wp-content\\\/uploads\\\/2019\\\/02\\\/aseos-san-fermin.jpg\",\"width\":1920,\"height\":1080,\"caption\":\"aseos San Ferm\u00edn\"},{\"@type\":\"BreadcrumbList\",\"@id\":\"https:\\\/\\\/www.laguiadepamplona.com\\\/actualidad\\\/el-ayuntamiento-licita-el-contrato-para-la-instalacion-vigilancia-mantenimiento-y-retirada-de-diferentes-instalaciones-de-aseo-para-los-proximos-sanfermines\\\/#breadcrumb\",\"itemListElement\":[{\"@type\":\"ListItem\",\"position\":1,\"name\":\"Portada\",\"item\":\"https:\\\/\\\/www.laguiadepamplona.com\\\/actualidad\\\/\"},{\"@type\":\"ListItem\",\"position\":2,\"name\":\"El Ayuntamiento licita el contrato para la instalaci\u00f3n, vigilancia, mantenimiento y retirada de diferentes instalaciones de aseo para los pr\u00f3ximos Sanfermines\"}]},{\"@type\":\"WebSite\",\"@id\":\"https:\\\/\\\/www.laguiadepamplona.com\\\/actualidad\\\/#website\",\"url\":\"https:\\\/\\\/www.laguiadepamplona.com\\\/actualidad\\\/\",\"name\":\"La gu\u00eda de Pamplona\",\"description\":\"Noticias de Pamplona\",\"publisher\":{\"@id\":\"https:\\\/\\\/www.laguiadepamplona.com\\\/actualidad\\\/#organization\"},\"potentialAction\":[{\"@type\":\"SearchAction\",\"target\":{\"@type\":\"EntryPoint\",\"urlTemplate\":\"https:\\\/\\\/www.laguiadepamplona.com\\\/actualidad\\\/?s={search_term_string}\"},\"query-input\":{\"@type\":\"PropertyValueSpecification\",\"valueRequired\":true,\"valueName\":\"search_term_string\"}}],\"inLanguage\":\"es\"},{\"@type\":\"Organization\",\"@id\":\"https:\\\/\\\/www.laguiadepamplona.com\\\/actualidad\\\/#organization\",\"name\":\"La Gu\u00eda de Pamplona \\\/ Noticias\",\"url\":\"https:\\\/\\\/www.laguiadepamplona.com\\\/actualidad\\\/\",\"logo\":{\"@type\":\"ImageObject\",\"inLanguage\":\"es\",\"@id\":\"https:\\\/\\\/www.laguiadepamplona.com\\\/actualidad\\\/#\\\/schema\\\/logo\\\/image\\\/\",\"url\":\"https:\\\/\\\/www.laguiadepamplona.com\\\/actualidad\\\/wp-content\\\/uploads\\\/2018\\\/11\\\/logo-laguiadepamplona18-web1.png\",\"contentUrl\":\"https:\\\/\\\/www.laguiadepamplona.com\\\/actualidad\\\/wp-content\\\/uploads\\\/2018\\\/11\\\/logo-laguiadepamplona18-web1.png\",\"width\":600,\"height\":196,\"caption\":\"La Gu\u00eda de Pamplona \\\/ Noticias\"},\"image\":{\"@id\":\"https:\\\/\\\/www.laguiadepamplona.com\\\/actualidad\\\/#\\\/schema\\\/logo\\\/image\\\/\"},\"sameAs\":[\"https:\\\/\\\/www.facebook.com\\\/laguiadepamplonacom-133175176762273\\\/?ref=hl\",\"https:\\\/\\\/x.com\\\/LaGuiadPamplona\",\"https:\\\/\\\/www.instagram.com\\\/la_guia_de_pamplona\\\/\",\"https:\\\/\\\/www.youtube.com\\\/user\\\/laguiadepamplona\"]},{\"@type\":\"Person\",\"@id\":\"https:\\\/\\\/www.laguiadepamplona.com\\\/actualidad\\\/#\\\/schema\\\/person\\\/efe887376f0213d4657c93adc50b1fdb\",\"name\":\"La Gu\u00eda de Pamplona\",\"image\":{\"@type\":\"ImageObject\",\"inLanguage\":\"es\",\"@id\":\"https:\\\/\\\/secure.gravatar.com\\\/avatar\\\/b6992f131dc8d30ab0dff15446e9d346d9dbd95992de0fef795073f5ea83a81c?s=96&d=mm&r=g\",\"url\":\"https:\\\/\\\/secure.gravatar.com\\\/avatar\\\/b6992f131dc8d30ab0dff15446e9d346d9dbd95992de0fef795073f5ea83a81c?s=96&d=mm&r=g\",\"contentUrl\":\"https:\\\/\\\/secure.gravatar.com\\\/avatar\\\/b6992f131dc8d30ab0dff15446e9d346d9dbd95992de0fef795073f5ea83a81c?s=96&d=mm&r=g\",\"caption\":\"La Gu\u00eda de Pamplona\"}}]}<\/script>\n<!-- \/ Yoast SEO plugin. -->","yoast_head_json":{"title":"El Ayuntamiento licita el contrato para la instalaci\u00f3n, vigilancia, mantenimiento y retirada de diferentes instalaciones de aseo para los pr\u00f3ximos Sanfermines","description":"Se refuerzan las instalaciones en la Plaza del Castillo con dos m\u00f3dulos m\u00e1s que se unen al habitual truck sanitario","robots":{"index":"index","follow":"follow","max-snippet":"max-snippet:-1","max-image-preview":"max-image-preview:large","max-video-preview":"max-video-preview:-1"},"canonical":"https:\/\/www.laguiadepamplona.com\/actualidad\/el-ayuntamiento-licita-el-contrato-para-la-instalacion-vigilancia-mantenimiento-y-retirada-de-diferentes-instalaciones-de-aseo-para-los-proximos-sanfermines\/","og_locale":"es_ES","og_type":"article","og_title":"El Ayuntamiento licita el contrato para la instalaci\u00f3n, vigilancia, mantenimiento y retirada de diferentes instalaciones de aseo para los pr\u00f3ximos Sanfermines","og_description":"Se refuerzan las instalaciones en la Plaza del Castillo con dos m\u00f3dulos m\u00e1s que se unen al habitual truck sanitario","og_url":"https:\/\/www.laguiadepamplona.com\/actualidad\/el-ayuntamiento-licita-el-contrato-para-la-instalacion-vigilancia-mantenimiento-y-retirada-de-diferentes-instalaciones-de-aseo-para-los-proximos-sanfermines\/","og_site_name":"La Gu\u00eda de Pamplona","article_publisher":"https:\/\/www.facebook.com\/laguiadepamplonacom-133175176762273\/?ref=hl","article_published_time":"2023-03-01T12:24:30+00:00","article_modified_time":"2023-04-11T09:47:06+00:00","og_image":[{"width":1920,"height":1080,"url":"https:\/\/www.laguiadepamplona.com\/actualidad\/wp-content\/uploads\/2019\/02\/aseos-san-fermin.jpg","type":"image\/jpeg"}],"author":"La Gu\u00eda de Pamplona","twitter_card":"summary_large_image","twitter_creator":"@LaGuiadPamplona","twitter_site":"@LaGuiadPamplona","twitter_misc":{"Escrito por":"La Gu\u00eda de Pamplona","Tiempo de lectura":"3 minutos"},"schema":{"@context":"https:\/\/schema.org","@graph":[{"@type":"Article","@id":"https:\/\/www.laguiadepamplona.com\/actualidad\/el-ayuntamiento-licita-el-contrato-para-la-instalacion-vigilancia-mantenimiento-y-retirada-de-diferentes-instalaciones-de-aseo-para-los-proximos-sanfermines\/#article","isPartOf":{"@id":"https:\/\/www.laguiadepamplona.com\/actualidad\/el-ayuntamiento-licita-el-contrato-para-la-instalacion-vigilancia-mantenimiento-y-retirada-de-diferentes-instalaciones-de-aseo-para-los-proximos-sanfermines\/"},"author":{"name":"La Gu\u00eda de Pamplona","@id":"https:\/\/www.laguiadepamplona.com\/actualidad\/#\/schema\/person\/efe887376f0213d4657c93adc50b1fdb"},"headline":"El Ayuntamiento licita el contrato para la instalaci\u00f3n, vigilancia, mantenimiento y retirada de diferentes instalaciones de aseo para los pr\u00f3ximos Sanfermines","datePublished":"2023-03-01T12:24:30+00:00","dateModified":"2023-04-11T09:47:06+00:00","mainEntityOfPage":{"@id":"https:\/\/www.laguiadepamplona.com\/actualidad\/el-ayuntamiento-licita-el-contrato-para-la-instalacion-vigilancia-mantenimiento-y-retirada-de-diferentes-instalaciones-de-aseo-para-los-proximos-sanfermines\/"},"wordCount":553,"commentCount":0,"publisher":{"@id":"https:\/\/www.laguiadepamplona.com\/actualidad\/#organization"},"image":{"@id":"https:\/\/www.laguiadepamplona.com\/actualidad\/el-ayuntamiento-licita-el-contrato-para-la-instalacion-vigilancia-mantenimiento-y-retirada-de-diferentes-instalaciones-de-aseo-para-los-proximos-sanfermines\/#primaryimage"},"thumbnailUrl":"https:\/\/www.laguiadepamplona.com\/actualidad\/wp-content\/uploads\/2019\/02\/aseos-san-fermin.jpg","articleSection":["Ayto Pamplona"],"inLanguage":"es","potentialAction":[{"@type":"CommentAction","name":"Comment","target":["https:\/\/www.laguiadepamplona.com\/actualidad\/el-ayuntamiento-licita-el-contrato-para-la-instalacion-vigilancia-mantenimiento-y-retirada-de-diferentes-instalaciones-de-aseo-para-los-proximos-sanfermines\/#respond"]}]},{"@type":"WebPage","@id":"https:\/\/www.laguiadepamplona.com\/actualidad\/el-ayuntamiento-licita-el-contrato-para-la-instalacion-vigilancia-mantenimiento-y-retirada-de-diferentes-instalaciones-de-aseo-para-los-proximos-sanfermines\/","url":"https:\/\/www.laguiadepamplona.com\/actualidad\/el-ayuntamiento-licita-el-contrato-para-la-instalacion-vigilancia-mantenimiento-y-retirada-de-diferentes-instalaciones-de-aseo-para-los-proximos-sanfermines\/","name":"El Ayuntamiento licita el contrato para la instalaci\u00f3n, vigilancia, mantenimiento y retirada de diferentes instalaciones de aseo para los pr\u00f3ximos Sanfermines","isPartOf":{"@id":"https:\/\/www.laguiadepamplona.com\/actualidad\/#website"},"primaryImageOfPage":{"@id":"https:\/\/www.laguiadepamplona.com\/actualidad\/el-ayuntamiento-licita-el-contrato-para-la-instalacion-vigilancia-mantenimiento-y-retirada-de-diferentes-instalaciones-de-aseo-para-los-proximos-sanfermines\/#primaryimage"},"image":{"@id":"https:\/\/www.laguiadepamplona.com\/actualidad\/el-ayuntamiento-licita-el-contrato-para-la-instalacion-vigilancia-mantenimiento-y-retirada-de-diferentes-instalaciones-de-aseo-para-los-proximos-sanfermines\/#primaryimage"},"thumbnailUrl":"https:\/\/www.laguiadepamplona.com\/actualidad\/wp-content\/uploads\/2019\/02\/aseos-san-fermin.jpg","datePublished":"2023-03-01T12:24:30+00:00","dateModified":"2023-04-11T09:47:06+00:00","description":"Se refuerzan las instalaciones en la Plaza del Castillo con dos m\u00f3dulos m\u00e1s que se unen al habitual truck sanitario","breadcrumb":{"@id":"https:\/\/www.laguiadepamplona.com\/actualidad\/el-ayuntamiento-licita-el-contrato-para-la-instalacion-vigilancia-mantenimiento-y-retirada-de-diferentes-instalaciones-de-aseo-para-los-proximos-sanfermines\/#breadcrumb"},"inLanguage":"es","potentialAction":[{"@type":"ReadAction","target":["https:\/\/www.laguiadepamplona.com\/actualidad\/el-ayuntamiento-licita-el-contrato-para-la-instalacion-vigilancia-mantenimiento-y-retirada-de-diferentes-instalaciones-de-aseo-para-los-proximos-sanfermines\/"]}]},{"@type":"ImageObject","inLanguage":"es","@id":"https:\/\/www.laguiadepamplona.com\/actualidad\/el-ayuntamiento-licita-el-contrato-para-la-instalacion-vigilancia-mantenimiento-y-retirada-de-diferentes-instalaciones-de-aseo-para-los-proximos-sanfermines\/#primaryimage","url":"https:\/\/www.laguiadepamplona.com\/actualidad\/wp-content\/uploads\/2019\/02\/aseos-san-fermin.jpg","contentUrl":"https:\/\/www.laguiadepamplona.com\/actualidad\/wp-content\/uploads\/2019\/02\/aseos-san-fermin.jpg","width":1920,"height":1080,"caption":"aseos San Ferm\u00edn"},{"@type":"BreadcrumbList","@id":"https:\/\/www.laguiadepamplona.com\/actualidad\/el-ayuntamiento-licita-el-contrato-para-la-instalacion-vigilancia-mantenimiento-y-retirada-de-diferentes-instalaciones-de-aseo-para-los-proximos-sanfermines\/#breadcrumb","itemListElement":[{"@type":"ListItem","position":1,"name":"Portada","item":"https:\/\/www.laguiadepamplona.com\/actualidad\/"},{"@type":"ListItem","position":2,"name":"El Ayuntamiento licita el contrato para la instalaci\u00f3n, vigilancia, mantenimiento y retirada de diferentes instalaciones de aseo para los pr\u00f3ximos Sanfermines"}]},{"@type":"WebSite","@id":"https:\/\/www.laguiadepamplona.com\/actualidad\/#website","url":"https:\/\/www.laguiadepamplona.com\/actualidad\/","name":"La gu\u00eda de Pamplona","description":"Noticias de Pamplona","publisher":{"@id":"https:\/\/www.laguiadepamplona.com\/actualidad\/#organization"},"potentialAction":[{"@type":"SearchAction","target":{"@type":"EntryPoint","urlTemplate":"https:\/\/www.laguiadepamplona.com\/actualidad\/?s={search_term_string}"},"query-input":{"@type":"PropertyValueSpecification","valueRequired":true,"valueName":"search_term_string"}}],"inLanguage":"es"},{"@type":"Organization","@id":"https:\/\/www.laguiadepamplona.com\/actualidad\/#organization","name":"La Gu\u00eda de Pamplona \/ Noticias","url":"https:\/\/www.laguiadepamplona.com\/actualidad\/","logo":{"@type":"ImageObject","inLanguage":"es","@id":"https:\/\/www.laguiadepamplona.com\/actualidad\/#\/schema\/logo\/image\/","url":"https:\/\/www.laguiadepamplona.com\/actualidad\/wp-content\/uploads\/2018\/11\/logo-laguiadepamplona18-web1.png","contentUrl":"https:\/\/www.laguiadepamplona.com\/actualidad\/wp-content\/uploads\/2018\/11\/logo-laguiadepamplona18-web1.png","width":600,"height":196,"caption":"La Gu\u00eda de Pamplona \/ Noticias"},"image":{"@id":"https:\/\/www.laguiadepamplona.com\/actualidad\/#\/schema\/logo\/image\/"},"sameAs":["https:\/\/www.facebook.com\/laguiadepamplonacom-133175176762273\/?ref=hl","https:\/\/x.com\/LaGuiadPamplona","https:\/\/www.instagram.com\/la_guia_de_pamplona\/","https:\/\/www.youtube.com\/user\/laguiadepamplona"]},{"@type":"Person","@id":"https:\/\/www.laguiadepamplona.com\/actualidad\/#\/schema\/person\/efe887376f0213d4657c93adc50b1fdb","name":"La Gu\u00eda de Pamplona","image":{"@type":"ImageObject","inLanguage":"es","@id":"https:\/\/secure.gravatar.com\/avatar\/b6992f131dc8d30ab0dff15446e9d346d9dbd95992de0fef795073f5ea83a81c?s=96&d=mm&r=g","url":"https:\/\/secure.gravatar.com\/avatar\/b6992f131dc8d30ab0dff15446e9d346d9dbd95992de0fef795073f5ea83a81c?s=96&d=mm&r=g","contentUrl":"https:\/\/secure.gravatar.com\/avatar\/b6992f131dc8d30ab0dff15446e9d346d9dbd95992de0fef795073f5ea83a81c?s=96&d=mm&r=g","caption":"La Gu\u00eda de Pamplona"}}]}},"post_mailing_queue_ids":[],"_links":{"self":[{"href":"https:\/\/www.laguiadepamplona.com\/actualidad\/wp-json\/wp\/v2\/posts\/43039","targetHints":{"allow":["GET"]}}],"collection":[{"href":"https:\/\/www.laguiadepamplona.com\/actualidad\/wp-json\/wp\/v2\/posts"}],"about":[{"href":"https:\/\/www.laguiadepamplona.com\/actualidad\/wp-json\/wp\/v2\/types\/post"}],"author":[{"embeddable":true,"href":"https:\/\/www.laguiadepamplona.com\/actualidad\/wp-json\/wp\/v2\/users\/1"}],"replies":[{"embeddable":true,"href":"https:\/\/www.laguiadepamplona.com\/actualidad\/wp-json\/wp\/v2\/comments?post=43039"}],"version-history":[{"count":0,"href":"https:\/\/www.laguiadepamplona.com\/actualidad\/wp-json\/wp\/v2\/posts\/43039\/revisions"}],"wp:featuredmedia":[{"embeddable":true,"href":"https:\/\/www.laguiadepamplona.com\/actualidad\/wp-json\/wp\/v2\/media\/20291"}],"wp:attachment":[{"href":"https:\/\/www.laguiadepamplona.com\/actualidad\/wp-json\/wp\/v2\/media?parent=43039"}],"wp:term":[{"taxonomy":"category","embeddable":true,"href":"https:\/\/www.laguiadepamplona.com\/actualidad\/wp-json\/wp\/v2\/categories?post=43039"},{"taxonomy":"post_tag","embeddable":true,"href":"https:\/\/www.laguiadepamplona.com\/actualidad\/wp-json\/wp\/v2\/tags?post=43039"}],"curies":[{"name":"wp","href":"https:\/\/api.w.org\/{rel}","templated":true}]}}