{"id":43036,"date":"2023-03-01T14:22:10","date_gmt":"2023-03-01T12:22:10","guid":{"rendered":"https:\/\/www.laguiadepamplona.com\/actualidad\/?p=43036"},"modified":"2023-04-11T11:47:06","modified_gmt":"2023-04-11T09:47:06","slug":"este-viernes-3-de-marzo-la-casa-de-la-juventud-acogera-un-taller-de-iniciacion-al-cubo-de-rubik-como-prefacio-al-vii-campeonato-open-iruna-que-tendra-lugar-el-fin-de-semana","status":"publish","type":"post","link":"https:\/\/www.laguiadepamplona.com\/actualidad\/este-viernes-3-de-marzo-la-casa-de-la-juventud-acogera-un-taller-de-iniciacion-al-cubo-de-rubik-como-prefacio-al-vii-campeonato-open-iruna-que-tendra-lugar-el-fin-de-semana\/","title":{"rendered":"Este viernes 3 de marzo la Casa de la Juventud acoger\u00e1 un taller de iniciaci\u00f3n al cubo de Rubik como prefacio al VII Campeonato Open Iru\u00f1a que tendr\u00e1 lugar el fin de semana"},"content":{"rendered":"<h5>El taller, de 25 plazas, se cubrir\u00e1 en orden de inscripci\u00f3n y estar\u00e1 impartido por los plusmarquistas Julen Sim\u00f3n Iriarte y Julio Perugorria Lorente<\/h5>\n<p><!--more--><br \/>\nYa est\u00e1 abierta la inscripci\u00f3n para el taller preparatorio del campeonato oficial de cubos de Rubik Iru\u00f1a Open que se celebrar\u00e1 en Pamplona este fin de semana en la Casa de la Juventud. Este viernes 3 de marzo, de 18 a 20 horas, tendr\u00e1 lugar en esa misma sede una sesi\u00f3n pr\u00e1ctica de iniciaci\u00f3n para quienes quieran aprender destrezas o mejorarlas en la resoluci\u00f3n de este popular rompecabezas.<\/p>\n<p>El taller est\u00e1 dirigido a j\u00f3venes de 12 a 30 a\u00f1os. En \u00e9l, dos plusmarquistas, Julen Sim\u00f3n Iriarte y Julio Perugorria Lorente, se encargar\u00e1n de hacer una breve introducci\u00f3n al rompecabezas de Erno Rubik, de desentra\u00f1ar algunos de los algoritmos con los que funciona su resoluci\u00f3n, explicar un sistema de resoluci\u00f3n en siete pasos, y tambi\u00e9n de hacer una exhibici\u00f3n de diferentes modalidades de competici\u00f3n sobre este puzzle. Adem\u00e1s, se mostrar\u00e1n a las personas presentes algunos videos de los r\u00e9cords mundiales.<br \/>\n<script async src=\"\/\/pagead2.googlesyndication.com\/pagead\/js\/adsbygoogle.js\"><\/script><br \/>\n<!-- Noticias La Guia de Pamplona --><br \/>\n<ins class=\"adsbygoogle\"\nstyle=\"display:block\"\ndata-ad-client=\"ca-pub-6943679897239327\"\ndata-ad-slot=\"7048180777\"\ndata-ad-format=\"auto\"><\/ins><br \/>\n<script>\n(adsbygoogle = window.adsbygoogle || []).push({});\n<\/script><\/p>\n<p>La inscripci\u00f3n al taller es gratuita y puede hacerse presencialmente en la Casa de la Juventud (calle Sang\u00fcesa, 30) o llamando al tel\u00e9fono 948233512. Hay un l\u00edmite de 25 plazas, que se cubrir\u00e1n en orden de inscripci\u00f3n. Las personas apuntadas recibir\u00e1n un cubo de Rubik est\u00e1ndar para poder seguir el taller y practicar posteriormente en su casa.<\/p>\n<p>Y el s\u00e1bado 4 y el domingo 5 de marzo, con las inscripciones cerradas, tendr\u00e1 lugar la s\u00e9ptima edici\u00f3n del Iru\u00f1a Open que permitir\u00e1 a 64 personas de 5 pa\u00edses disputar premios y marcas en cualquiera de las 8 categor\u00edas propuestas, de las 17 reconocidas oficialmente. Al tratarse de una competici\u00f3n oficial el encuentro se rige por las normas de la World Cube Association y habr\u00e1 presente un delegado de la organizaci\u00f3n para certificar el adecuado desarrollo de la competici\u00f3n. Est\u00e1 previsto que el p\u00fablico que lo desee pueda asistir a las diversas rondas de la competici\u00f3n.<br \/>\n<script async src=\"\/\/pagead2.googlesyndication.com\/pagead\/js\/adsbygoogle.js\"><\/script><br \/>\n<!-- Noticias La Guia de Pamplona --><br \/>\n<ins class=\"adsbygoogle\"\nstyle=\"display:block\"\ndata-ad-client=\"ca-pub-6943679897239327\"\ndata-ad-slot=\"7048180777\"\ndata-ad-format=\"auto\"><\/ins><br \/>\n<script>\n(adsbygoogle = window.adsbygoogle || []).push({});\n<\/script><\/p>\n<p>&nbsp;<\/p>\n<h3>Los monitores del taller<\/h3>\n<ul>\n<li><strong>Julen Sim\u00f3n<\/strong>: Organizador y colaborador en m\u00faltiples campeonatos entre los que destaca la organizaci\u00f3n del XV Campeonato de Espa\u00f1a. Poseedor de r\u00e9cords nacionales tanto en 2&#215;2 como en 3&#215;3 con los pies, es el vigente campe\u00f3n del \u00faltimo Iru\u00f1a Open oficial.<\/li>\n<li><strong>Julio Perugorria<\/strong>: El organizador de los primeros Iru\u00f1a Open y uno de los mejores cuberos en la categor\u00eda de Skewb a nivel mundial, con multitud de medallas de oro en esa categor\u00eda y algunos de los tiempos m\u00e1s r\u00e1pidos registrados en competici\u00f3n.<\/li>\n<\/ul>\n<p>&nbsp;<\/p>\n<h3>Taller cubo de Rubik<\/h3>\n<p>Viernes, 3 de marzo, caso de la Juventud, de 18 a 20 horas<\/p>\n<p><span style=\"color: #ff0000;\"><strong>PROGRAMA<\/strong><\/span><\/p>\n<ul>\n<li>18 a 18.30 horas. \u201c\u00bfQu\u00e9 es el Speedcubing?\u201d Introducci\u00f3n al mundo del Cubo de Rubik<\/li>\n<li>18.30 a 19.30 horas. \u201cLos 7 pasos para realizar el cubo de Rubik\u201d. Explicaci\u00f3n de c\u00f3mo resolverlo.<\/li>\n<li>19.30 a 20 horas. Exhibici\u00f3n de cuberos profesionales. Demostraci\u00f3n en vivo de algunos de los mejores cuberos del pa\u00eds.<\/li>\n<\/ul>\n","protected":false},"excerpt":{"rendered":"<p>El taller, de 25 plazas, se cubrir\u00e1 en orden de inscripci\u00f3n y estar\u00e1 impartido por los plusmarquistas Julen Sim\u00f3n Iriarte y Julio Perugorria Lorente<\/p>\n","protected":false},"author":1,"featured_media":43037,"comment_status":"open","ping_status":"closed","sticky":false,"template":"","format":"standard","meta":{"footnotes":""},"categories":[2],"tags":[],"class_list":["post-43036","post","type-post","status-publish","format-standard","has-post-thumbnail","hentry","category-ayuntamiento-pamplona"],"yoast_head":"<!-- This site is optimized with the Yoast SEO plugin v27.3 - https:\/\/yoast.com\/product\/yoast-seo-wordpress\/ -->\n<title>Este viernes 3 de marzo la Casa de la Juventud acoger\u00e1 un taller de iniciaci\u00f3n al cubo de Rubik como prefacio al VII Campeonato Open Iru\u00f1a que tendr\u00e1 lugar el fin de semana<\/title>\n<meta name=\"description\" content=\"El taller, de 25 plazas, se cubrir\u00e1 en orden de inscripci\u00f3n y estar\u00e1 impartido por los plusmarquistas Julen Sim\u00f3n Iriarte y Julio Perugorria Lorente\" \/>\n<meta name=\"robots\" content=\"index, follow, max-snippet:-1, max-image-preview:large, max-video-preview:-1\" \/>\n<link rel=\"canonical\" href=\"https:\/\/www.laguiadepamplona.com\/actualidad\/este-viernes-3-de-marzo-la-casa-de-la-juventud-acogera-un-taller-de-iniciacion-al-cubo-de-rubik-como-prefacio-al-vii-campeonato-open-iruna-que-tendra-lugar-el-fin-de-semana\/\" \/>\n<meta property=\"og:locale\" content=\"es_ES\" \/>\n<meta property=\"og:type\" content=\"article\" \/>\n<meta property=\"og:title\" content=\"Este viernes 3 de marzo la Casa de la Juventud acoger\u00e1 un taller de iniciaci\u00f3n al cubo de Rubik como prefacio al VII Campeonato Open Iru\u00f1a que tendr\u00e1 lugar el fin de semana\" \/>\n<meta property=\"og:description\" content=\"El taller, de 25 plazas, se cubrir\u00e1 en orden de inscripci\u00f3n y estar\u00e1 impartido por los plusmarquistas Julen Sim\u00f3n Iriarte y Julio Perugorria Lorente\" \/>\n<meta property=\"og:url\" content=\"https:\/\/www.laguiadepamplona.com\/actualidad\/este-viernes-3-de-marzo-la-casa-de-la-juventud-acogera-un-taller-de-iniciacion-al-cubo-de-rubik-como-prefacio-al-vii-campeonato-open-iruna-que-tendra-lugar-el-fin-de-semana\/\" \/>\n<meta property=\"og:site_name\" content=\"La Gu\u00eda de Pamplona\" \/>\n<meta property=\"article:publisher\" content=\"https:\/\/www.facebook.com\/laguiadepamplonacom-133175176762273\/?ref=hl\" \/>\n<meta property=\"article:published_time\" content=\"2023-03-01T12:22:10+00:00\" \/>\n<meta property=\"article:modified_time\" content=\"2023-04-11T09:47:06+00:00\" \/>\n<meta property=\"og:image\" content=\"https:\/\/www.laguiadepamplona.com\/actualidad\/wp-content\/uploads\/2023\/03\/open-iruna-23.webp\" \/>\n\t<meta property=\"og:image:width\" content=\"825\" \/>\n\t<meta property=\"og:image:height\" content=\"818\" \/>\n\t<meta property=\"og:image:type\" content=\"image\/webp\" \/>\n<meta name=\"author\" content=\"La Gu\u00eda de Pamplona\" \/>\n<meta name=\"twitter:card\" content=\"summary_large_image\" \/>\n<meta name=\"twitter:creator\" content=\"@LaGuiadPamplona\" \/>\n<meta name=\"twitter:site\" content=\"@LaGuiadPamplona\" \/>\n<meta name=\"twitter:label1\" content=\"Escrito por\" \/>\n\t<meta name=\"twitter:data1\" content=\"La Gu\u00eda de Pamplona\" \/>\n\t<meta name=\"twitter:label2\" content=\"Tiempo de lectura\" \/>\n\t<meta name=\"twitter:data2\" content=\"3 minutos\" \/>\n<script type=\"application\/ld+json\" class=\"yoast-schema-graph\">{\"@context\":\"https:\\\/\\\/schema.org\",\"@graph\":[{\"@type\":\"Article\",\"@id\":\"https:\\\/\\\/www.laguiadepamplona.com\\\/actualidad\\\/este-viernes-3-de-marzo-la-casa-de-la-juventud-acogera-un-taller-de-iniciacion-al-cubo-de-rubik-como-prefacio-al-vii-campeonato-open-iruna-que-tendra-lugar-el-fin-de-semana\\\/#article\",\"isPartOf\":{\"@id\":\"https:\\\/\\\/www.laguiadepamplona.com\\\/actualidad\\\/este-viernes-3-de-marzo-la-casa-de-la-juventud-acogera-un-taller-de-iniciacion-al-cubo-de-rubik-como-prefacio-al-vii-campeonato-open-iruna-que-tendra-lugar-el-fin-de-semana\\\/\"},\"author\":{\"name\":\"La Gu\u00eda de Pamplona\",\"@id\":\"https:\\\/\\\/www.laguiadepamplona.com\\\/actualidad\\\/#\\\/schema\\\/person\\\/efe887376f0213d4657c93adc50b1fdb\"},\"headline\":\"Este viernes 3 de marzo la Casa de la Juventud acoger\u00e1 un taller de iniciaci\u00f3n al cubo de Rubik como prefacio al VII Campeonato Open Iru\u00f1a que tendr\u00e1 lugar el fin de semana\",\"datePublished\":\"2023-03-01T12:22:10+00:00\",\"dateModified\":\"2023-04-11T09:47:06+00:00\",\"mainEntityOfPage\":{\"@id\":\"https:\\\/\\\/www.laguiadepamplona.com\\\/actualidad\\\/este-viernes-3-de-marzo-la-casa-de-la-juventud-acogera-un-taller-de-iniciacion-al-cubo-de-rubik-como-prefacio-al-vii-campeonato-open-iruna-que-tendra-lugar-el-fin-de-semana\\\/\"},\"wordCount\":554,\"commentCount\":0,\"publisher\":{\"@id\":\"https:\\\/\\\/www.laguiadepamplona.com\\\/actualidad\\\/#organization\"},\"image\":{\"@id\":\"https:\\\/\\\/www.laguiadepamplona.com\\\/actualidad\\\/este-viernes-3-de-marzo-la-casa-de-la-juventud-acogera-un-taller-de-iniciacion-al-cubo-de-rubik-como-prefacio-al-vii-campeonato-open-iruna-que-tendra-lugar-el-fin-de-semana\\\/#primaryimage\"},\"thumbnailUrl\":\"https:\\\/\\\/www.laguiadepamplona.com\\\/actualidad\\\/wp-content\\\/uploads\\\/2023\\\/03\\\/open-iruna-23.webp\",\"articleSection\":[\"Ayto Pamplona\"],\"inLanguage\":\"es\",\"potentialAction\":[{\"@type\":\"CommentAction\",\"name\":\"Comment\",\"target\":[\"https:\\\/\\\/www.laguiadepamplona.com\\\/actualidad\\\/este-viernes-3-de-marzo-la-casa-de-la-juventud-acogera-un-taller-de-iniciacion-al-cubo-de-rubik-como-prefacio-al-vii-campeonato-open-iruna-que-tendra-lugar-el-fin-de-semana\\\/#respond\"]}]},{\"@type\":\"WebPage\",\"@id\":\"https:\\\/\\\/www.laguiadepamplona.com\\\/actualidad\\\/este-viernes-3-de-marzo-la-casa-de-la-juventud-acogera-un-taller-de-iniciacion-al-cubo-de-rubik-como-prefacio-al-vii-campeonato-open-iruna-que-tendra-lugar-el-fin-de-semana\\\/\",\"url\":\"https:\\\/\\\/www.laguiadepamplona.com\\\/actualidad\\\/este-viernes-3-de-marzo-la-casa-de-la-juventud-acogera-un-taller-de-iniciacion-al-cubo-de-rubik-como-prefacio-al-vii-campeonato-open-iruna-que-tendra-lugar-el-fin-de-semana\\\/\",\"name\":\"Este viernes 3 de marzo la Casa de la Juventud acoger\u00e1 un taller de iniciaci\u00f3n al cubo de Rubik como prefacio al VII Campeonato Open Iru\u00f1a que tendr\u00e1 lugar el fin de semana\",\"isPartOf\":{\"@id\":\"https:\\\/\\\/www.laguiadepamplona.com\\\/actualidad\\\/#website\"},\"primaryImageOfPage\":{\"@id\":\"https:\\\/\\\/www.laguiadepamplona.com\\\/actualidad\\\/este-viernes-3-de-marzo-la-casa-de-la-juventud-acogera-un-taller-de-iniciacion-al-cubo-de-rubik-como-prefacio-al-vii-campeonato-open-iruna-que-tendra-lugar-el-fin-de-semana\\\/#primaryimage\"},\"image\":{\"@id\":\"https:\\\/\\\/www.laguiadepamplona.com\\\/actualidad\\\/este-viernes-3-de-marzo-la-casa-de-la-juventud-acogera-un-taller-de-iniciacion-al-cubo-de-rubik-como-prefacio-al-vii-campeonato-open-iruna-que-tendra-lugar-el-fin-de-semana\\\/#primaryimage\"},\"thumbnailUrl\":\"https:\\\/\\\/www.laguiadepamplona.com\\\/actualidad\\\/wp-content\\\/uploads\\\/2023\\\/03\\\/open-iruna-23.webp\",\"datePublished\":\"2023-03-01T12:22:10+00:00\",\"dateModified\":\"2023-04-11T09:47:06+00:00\",\"description\":\"El taller, de 25 plazas, se cubrir\u00e1 en orden de inscripci\u00f3n y estar\u00e1 impartido por los plusmarquistas Julen Sim\u00f3n Iriarte y Julio Perugorria Lorente\",\"breadcrumb\":{\"@id\":\"https:\\\/\\\/www.laguiadepamplona.com\\\/actualidad\\\/este-viernes-3-de-marzo-la-casa-de-la-juventud-acogera-un-taller-de-iniciacion-al-cubo-de-rubik-como-prefacio-al-vii-campeonato-open-iruna-que-tendra-lugar-el-fin-de-semana\\\/#breadcrumb\"},\"inLanguage\":\"es\",\"potentialAction\":[{\"@type\":\"ReadAction\",\"target\":[\"https:\\\/\\\/www.laguiadepamplona.com\\\/actualidad\\\/este-viernes-3-de-marzo-la-casa-de-la-juventud-acogera-un-taller-de-iniciacion-al-cubo-de-rubik-como-prefacio-al-vii-campeonato-open-iruna-que-tendra-lugar-el-fin-de-semana\\\/\"]}]},{\"@type\":\"ImageObject\",\"inLanguage\":\"es\",\"@id\":\"https:\\\/\\\/www.laguiadepamplona.com\\\/actualidad\\\/este-viernes-3-de-marzo-la-casa-de-la-juventud-acogera-un-taller-de-iniciacion-al-cubo-de-rubik-como-prefacio-al-vii-campeonato-open-iruna-que-tendra-lugar-el-fin-de-semana\\\/#primaryimage\",\"url\":\"https:\\\/\\\/www.laguiadepamplona.com\\\/actualidad\\\/wp-content\\\/uploads\\\/2023\\\/03\\\/open-iruna-23.webp\",\"contentUrl\":\"https:\\\/\\\/www.laguiadepamplona.com\\\/actualidad\\\/wp-content\\\/uploads\\\/2023\\\/03\\\/open-iruna-23.webp\",\"width\":825,\"height\":818},{\"@type\":\"BreadcrumbList\",\"@id\":\"https:\\\/\\\/www.laguiadepamplona.com\\\/actualidad\\\/este-viernes-3-de-marzo-la-casa-de-la-juventud-acogera-un-taller-de-iniciacion-al-cubo-de-rubik-como-prefacio-al-vii-campeonato-open-iruna-que-tendra-lugar-el-fin-de-semana\\\/#breadcrumb\",\"itemListElement\":[{\"@type\":\"ListItem\",\"position\":1,\"name\":\"Portada\",\"item\":\"https:\\\/\\\/www.laguiadepamplona.com\\\/actualidad\\\/\"},{\"@type\":\"ListItem\",\"position\":2,\"name\":\"Este viernes 3 de marzo la Casa de la Juventud acoger\u00e1 un taller de iniciaci\u00f3n al cubo de Rubik como prefacio al VII Campeonato Open Iru\u00f1a que tendr\u00e1 lugar el fin de semana\"}]},{\"@type\":\"WebSite\",\"@id\":\"https:\\\/\\\/www.laguiadepamplona.com\\\/actualidad\\\/#website\",\"url\":\"https:\\\/\\\/www.laguiadepamplona.com\\\/actualidad\\\/\",\"name\":\"La gu\u00eda de Pamplona\",\"description\":\"Noticias de Pamplona\",\"publisher\":{\"@id\":\"https:\\\/\\\/www.laguiadepamplona.com\\\/actualidad\\\/#organization\"},\"potentialAction\":[{\"@type\":\"SearchAction\",\"target\":{\"@type\":\"EntryPoint\",\"urlTemplate\":\"https:\\\/\\\/www.laguiadepamplona.com\\\/actualidad\\\/?s={search_term_string}\"},\"query-input\":{\"@type\":\"PropertyValueSpecification\",\"valueRequired\":true,\"valueName\":\"search_term_string\"}}],\"inLanguage\":\"es\"},{\"@type\":\"Organization\",\"@id\":\"https:\\\/\\\/www.laguiadepamplona.com\\\/actualidad\\\/#organization\",\"name\":\"La Gu\u00eda de Pamplona \\\/ Noticias\",\"url\":\"https:\\\/\\\/www.laguiadepamplona.com\\\/actualidad\\\/\",\"logo\":{\"@type\":\"ImageObject\",\"inLanguage\":\"es\",\"@id\":\"https:\\\/\\\/www.laguiadepamplona.com\\\/actualidad\\\/#\\\/schema\\\/logo\\\/image\\\/\",\"url\":\"https:\\\/\\\/www.laguiadepamplona.com\\\/actualidad\\\/wp-content\\\/uploads\\\/2018\\\/11\\\/logo-laguiadepamplona18-web1.png\",\"contentUrl\":\"https:\\\/\\\/www.laguiadepamplona.com\\\/actualidad\\\/wp-content\\\/uploads\\\/2018\\\/11\\\/logo-laguiadepamplona18-web1.png\",\"width\":600,\"height\":196,\"caption\":\"La Gu\u00eda de Pamplona \\\/ Noticias\"},\"image\":{\"@id\":\"https:\\\/\\\/www.laguiadepamplona.com\\\/actualidad\\\/#\\\/schema\\\/logo\\\/image\\\/\"},\"sameAs\":[\"https:\\\/\\\/www.facebook.com\\\/laguiadepamplonacom-133175176762273\\\/?ref=hl\",\"https:\\\/\\\/x.com\\\/LaGuiadPamplona\",\"https:\\\/\\\/www.instagram.com\\\/la_guia_de_pamplona\\\/\",\"https:\\\/\\\/www.youtube.com\\\/user\\\/laguiadepamplona\"]},{\"@type\":\"Person\",\"@id\":\"https:\\\/\\\/www.laguiadepamplona.com\\\/actualidad\\\/#\\\/schema\\\/person\\\/efe887376f0213d4657c93adc50b1fdb\",\"name\":\"La Gu\u00eda de Pamplona\",\"image\":{\"@type\":\"ImageObject\",\"inLanguage\":\"es\",\"@id\":\"https:\\\/\\\/secure.gravatar.com\\\/avatar\\\/b6992f131dc8d30ab0dff15446e9d346d9dbd95992de0fef795073f5ea83a81c?s=96&d=mm&r=g\",\"url\":\"https:\\\/\\\/secure.gravatar.com\\\/avatar\\\/b6992f131dc8d30ab0dff15446e9d346d9dbd95992de0fef795073f5ea83a81c?s=96&d=mm&r=g\",\"contentUrl\":\"https:\\\/\\\/secure.gravatar.com\\\/avatar\\\/b6992f131dc8d30ab0dff15446e9d346d9dbd95992de0fef795073f5ea83a81c?s=96&d=mm&r=g\",\"caption\":\"La Gu\u00eda de Pamplona\"}}]}<\/script>\n<!-- \/ Yoast SEO plugin. -->","yoast_head_json":{"title":"Este viernes 3 de marzo la Casa de la Juventud acoger\u00e1 un taller de iniciaci\u00f3n al cubo de Rubik como prefacio al VII Campeonato Open Iru\u00f1a que tendr\u00e1 lugar el fin de semana","description":"El taller, de 25 plazas, se cubrir\u00e1 en orden de inscripci\u00f3n y estar\u00e1 impartido por los plusmarquistas Julen Sim\u00f3n Iriarte y Julio Perugorria Lorente","robots":{"index":"index","follow":"follow","max-snippet":"max-snippet:-1","max-image-preview":"max-image-preview:large","max-video-preview":"max-video-preview:-1"},"canonical":"https:\/\/www.laguiadepamplona.com\/actualidad\/este-viernes-3-de-marzo-la-casa-de-la-juventud-acogera-un-taller-de-iniciacion-al-cubo-de-rubik-como-prefacio-al-vii-campeonato-open-iruna-que-tendra-lugar-el-fin-de-semana\/","og_locale":"es_ES","og_type":"article","og_title":"Este viernes 3 de marzo la Casa de la Juventud acoger\u00e1 un taller de iniciaci\u00f3n al cubo de Rubik como prefacio al VII Campeonato Open Iru\u00f1a que tendr\u00e1 lugar el fin de semana","og_description":"El taller, de 25 plazas, se cubrir\u00e1 en orden de inscripci\u00f3n y estar\u00e1 impartido por los plusmarquistas Julen Sim\u00f3n Iriarte y Julio Perugorria Lorente","og_url":"https:\/\/www.laguiadepamplona.com\/actualidad\/este-viernes-3-de-marzo-la-casa-de-la-juventud-acogera-un-taller-de-iniciacion-al-cubo-de-rubik-como-prefacio-al-vii-campeonato-open-iruna-que-tendra-lugar-el-fin-de-semana\/","og_site_name":"La Gu\u00eda de Pamplona","article_publisher":"https:\/\/www.facebook.com\/laguiadepamplonacom-133175176762273\/?ref=hl","article_published_time":"2023-03-01T12:22:10+00:00","article_modified_time":"2023-04-11T09:47:06+00:00","og_image":[{"width":825,"height":818,"url":"https:\/\/www.laguiadepamplona.com\/actualidad\/wp-content\/uploads\/2023\/03\/open-iruna-23.webp","type":"image\/webp"}],"author":"La Gu\u00eda de Pamplona","twitter_card":"summary_large_image","twitter_creator":"@LaGuiadPamplona","twitter_site":"@LaGuiadPamplona","twitter_misc":{"Escrito por":"La Gu\u00eda de Pamplona","Tiempo de lectura":"3 minutos"},"schema":{"@context":"https:\/\/schema.org","@graph":[{"@type":"Article","@id":"https:\/\/www.laguiadepamplona.com\/actualidad\/este-viernes-3-de-marzo-la-casa-de-la-juventud-acogera-un-taller-de-iniciacion-al-cubo-de-rubik-como-prefacio-al-vii-campeonato-open-iruna-que-tendra-lugar-el-fin-de-semana\/#article","isPartOf":{"@id":"https:\/\/www.laguiadepamplona.com\/actualidad\/este-viernes-3-de-marzo-la-casa-de-la-juventud-acogera-un-taller-de-iniciacion-al-cubo-de-rubik-como-prefacio-al-vii-campeonato-open-iruna-que-tendra-lugar-el-fin-de-semana\/"},"author":{"name":"La Gu\u00eda de Pamplona","@id":"https:\/\/www.laguiadepamplona.com\/actualidad\/#\/schema\/person\/efe887376f0213d4657c93adc50b1fdb"},"headline":"Este viernes 3 de marzo la Casa de la Juventud acoger\u00e1 un taller de iniciaci\u00f3n al cubo de Rubik como prefacio al VII Campeonato Open Iru\u00f1a que tendr\u00e1 lugar el fin de semana","datePublished":"2023-03-01T12:22:10+00:00","dateModified":"2023-04-11T09:47:06+00:00","mainEntityOfPage":{"@id":"https:\/\/www.laguiadepamplona.com\/actualidad\/este-viernes-3-de-marzo-la-casa-de-la-juventud-acogera-un-taller-de-iniciacion-al-cubo-de-rubik-como-prefacio-al-vii-campeonato-open-iruna-que-tendra-lugar-el-fin-de-semana\/"},"wordCount":554,"commentCount":0,"publisher":{"@id":"https:\/\/www.laguiadepamplona.com\/actualidad\/#organization"},"image":{"@id":"https:\/\/www.laguiadepamplona.com\/actualidad\/este-viernes-3-de-marzo-la-casa-de-la-juventud-acogera-un-taller-de-iniciacion-al-cubo-de-rubik-como-prefacio-al-vii-campeonato-open-iruna-que-tendra-lugar-el-fin-de-semana\/#primaryimage"},"thumbnailUrl":"https:\/\/www.laguiadepamplona.com\/actualidad\/wp-content\/uploads\/2023\/03\/open-iruna-23.webp","articleSection":["Ayto Pamplona"],"inLanguage":"es","potentialAction":[{"@type":"CommentAction","name":"Comment","target":["https:\/\/www.laguiadepamplona.com\/actualidad\/este-viernes-3-de-marzo-la-casa-de-la-juventud-acogera-un-taller-de-iniciacion-al-cubo-de-rubik-como-prefacio-al-vii-campeonato-open-iruna-que-tendra-lugar-el-fin-de-semana\/#respond"]}]},{"@type":"WebPage","@id":"https:\/\/www.laguiadepamplona.com\/actualidad\/este-viernes-3-de-marzo-la-casa-de-la-juventud-acogera-un-taller-de-iniciacion-al-cubo-de-rubik-como-prefacio-al-vii-campeonato-open-iruna-que-tendra-lugar-el-fin-de-semana\/","url":"https:\/\/www.laguiadepamplona.com\/actualidad\/este-viernes-3-de-marzo-la-casa-de-la-juventud-acogera-un-taller-de-iniciacion-al-cubo-de-rubik-como-prefacio-al-vii-campeonato-open-iruna-que-tendra-lugar-el-fin-de-semana\/","name":"Este viernes 3 de marzo la Casa de la Juventud acoger\u00e1 un taller de iniciaci\u00f3n al cubo de Rubik como prefacio al VII Campeonato Open Iru\u00f1a que tendr\u00e1 lugar el fin de semana","isPartOf":{"@id":"https:\/\/www.laguiadepamplona.com\/actualidad\/#website"},"primaryImageOfPage":{"@id":"https:\/\/www.laguiadepamplona.com\/actualidad\/este-viernes-3-de-marzo-la-casa-de-la-juventud-acogera-un-taller-de-iniciacion-al-cubo-de-rubik-como-prefacio-al-vii-campeonato-open-iruna-que-tendra-lugar-el-fin-de-semana\/#primaryimage"},"image":{"@id":"https:\/\/www.laguiadepamplona.com\/actualidad\/este-viernes-3-de-marzo-la-casa-de-la-juventud-acogera-un-taller-de-iniciacion-al-cubo-de-rubik-como-prefacio-al-vii-campeonato-open-iruna-que-tendra-lugar-el-fin-de-semana\/#primaryimage"},"thumbnailUrl":"https:\/\/www.laguiadepamplona.com\/actualidad\/wp-content\/uploads\/2023\/03\/open-iruna-23.webp","datePublished":"2023-03-01T12:22:10+00:00","dateModified":"2023-04-11T09:47:06+00:00","description":"El taller, de 25 plazas, se cubrir\u00e1 en orden de inscripci\u00f3n y estar\u00e1 impartido por los plusmarquistas Julen Sim\u00f3n Iriarte y Julio Perugorria Lorente","breadcrumb":{"@id":"https:\/\/www.laguiadepamplona.com\/actualidad\/este-viernes-3-de-marzo-la-casa-de-la-juventud-acogera-un-taller-de-iniciacion-al-cubo-de-rubik-como-prefacio-al-vii-campeonato-open-iruna-que-tendra-lugar-el-fin-de-semana\/#breadcrumb"},"inLanguage":"es","potentialAction":[{"@type":"ReadAction","target":["https:\/\/www.laguiadepamplona.com\/actualidad\/este-viernes-3-de-marzo-la-casa-de-la-juventud-acogera-un-taller-de-iniciacion-al-cubo-de-rubik-como-prefacio-al-vii-campeonato-open-iruna-que-tendra-lugar-el-fin-de-semana\/"]}]},{"@type":"ImageObject","inLanguage":"es","@id":"https:\/\/www.laguiadepamplona.com\/actualidad\/este-viernes-3-de-marzo-la-casa-de-la-juventud-acogera-un-taller-de-iniciacion-al-cubo-de-rubik-como-prefacio-al-vii-campeonato-open-iruna-que-tendra-lugar-el-fin-de-semana\/#primaryimage","url":"https:\/\/www.laguiadepamplona.com\/actualidad\/wp-content\/uploads\/2023\/03\/open-iruna-23.webp","contentUrl":"https:\/\/www.laguiadepamplona.com\/actualidad\/wp-content\/uploads\/2023\/03\/open-iruna-23.webp","width":825,"height":818},{"@type":"BreadcrumbList","@id":"https:\/\/www.laguiadepamplona.com\/actualidad\/este-viernes-3-de-marzo-la-casa-de-la-juventud-acogera-un-taller-de-iniciacion-al-cubo-de-rubik-como-prefacio-al-vii-campeonato-open-iruna-que-tendra-lugar-el-fin-de-semana\/#breadcrumb","itemListElement":[{"@type":"ListItem","position":1,"name":"Portada","item":"https:\/\/www.laguiadepamplona.com\/actualidad\/"},{"@type":"ListItem","position":2,"name":"Este viernes 3 de marzo la Casa de la Juventud acoger\u00e1 un taller de iniciaci\u00f3n al cubo de Rubik como prefacio al VII Campeonato Open Iru\u00f1a que tendr\u00e1 lugar el fin de semana"}]},{"@type":"WebSite","@id":"https:\/\/www.laguiadepamplona.com\/actualidad\/#website","url":"https:\/\/www.laguiadepamplona.com\/actualidad\/","name":"La gu\u00eda de Pamplona","description":"Noticias de Pamplona","publisher":{"@id":"https:\/\/www.laguiadepamplona.com\/actualidad\/#organization"},"potentialAction":[{"@type":"SearchAction","target":{"@type":"EntryPoint","urlTemplate":"https:\/\/www.laguiadepamplona.com\/actualidad\/?s={search_term_string}"},"query-input":{"@type":"PropertyValueSpecification","valueRequired":true,"valueName":"search_term_string"}}],"inLanguage":"es"},{"@type":"Organization","@id":"https:\/\/www.laguiadepamplona.com\/actualidad\/#organization","name":"La Gu\u00eda de Pamplona \/ Noticias","url":"https:\/\/www.laguiadepamplona.com\/actualidad\/","logo":{"@type":"ImageObject","inLanguage":"es","@id":"https:\/\/www.laguiadepamplona.com\/actualidad\/#\/schema\/logo\/image\/","url":"https:\/\/www.laguiadepamplona.com\/actualidad\/wp-content\/uploads\/2018\/11\/logo-laguiadepamplona18-web1.png","contentUrl":"https:\/\/www.laguiadepamplona.com\/actualidad\/wp-content\/uploads\/2018\/11\/logo-laguiadepamplona18-web1.png","width":600,"height":196,"caption":"La Gu\u00eda de Pamplona \/ Noticias"},"image":{"@id":"https:\/\/www.laguiadepamplona.com\/actualidad\/#\/schema\/logo\/image\/"},"sameAs":["https:\/\/www.facebook.com\/laguiadepamplonacom-133175176762273\/?ref=hl","https:\/\/x.com\/LaGuiadPamplona","https:\/\/www.instagram.com\/la_guia_de_pamplona\/","https:\/\/www.youtube.com\/user\/laguiadepamplona"]},{"@type":"Person","@id":"https:\/\/www.laguiadepamplona.com\/actualidad\/#\/schema\/person\/efe887376f0213d4657c93adc50b1fdb","name":"La Gu\u00eda de Pamplona","image":{"@type":"ImageObject","inLanguage":"es","@id":"https:\/\/secure.gravatar.com\/avatar\/b6992f131dc8d30ab0dff15446e9d346d9dbd95992de0fef795073f5ea83a81c?s=96&d=mm&r=g","url":"https:\/\/secure.gravatar.com\/avatar\/b6992f131dc8d30ab0dff15446e9d346d9dbd95992de0fef795073f5ea83a81c?s=96&d=mm&r=g","contentUrl":"https:\/\/secure.gravatar.com\/avatar\/b6992f131dc8d30ab0dff15446e9d346d9dbd95992de0fef795073f5ea83a81c?s=96&d=mm&r=g","caption":"La Gu\u00eda de Pamplona"}}]}},"post_mailing_queue_ids":[],"_links":{"self":[{"href":"https:\/\/www.laguiadepamplona.com\/actualidad\/wp-json\/wp\/v2\/posts\/43036","targetHints":{"allow":["GET"]}}],"collection":[{"href":"https:\/\/www.laguiadepamplona.com\/actualidad\/wp-json\/wp\/v2\/posts"}],"about":[{"href":"https:\/\/www.laguiadepamplona.com\/actualidad\/wp-json\/wp\/v2\/types\/post"}],"author":[{"embeddable":true,"href":"https:\/\/www.laguiadepamplona.com\/actualidad\/wp-json\/wp\/v2\/users\/1"}],"replies":[{"embeddable":true,"href":"https:\/\/www.laguiadepamplona.com\/actualidad\/wp-json\/wp\/v2\/comments?post=43036"}],"version-history":[{"count":0,"href":"https:\/\/www.laguiadepamplona.com\/actualidad\/wp-json\/wp\/v2\/posts\/43036\/revisions"}],"wp:featuredmedia":[{"embeddable":true,"href":"https:\/\/www.laguiadepamplona.com\/actualidad\/wp-json\/wp\/v2\/media\/43037"}],"wp:attachment":[{"href":"https:\/\/www.laguiadepamplona.com\/actualidad\/wp-json\/wp\/v2\/media?parent=43036"}],"wp:term":[{"taxonomy":"category","embeddable":true,"href":"https:\/\/www.laguiadepamplona.com\/actualidad\/wp-json\/wp\/v2\/categories?post=43036"},{"taxonomy":"post_tag","embeddable":true,"href":"https:\/\/www.laguiadepamplona.com\/actualidad\/wp-json\/wp\/v2\/tags?post=43036"}],"curies":[{"name":"wp","href":"https:\/\/api.w.org\/{rel}","templated":true}]}}