{"id":43034,"date":"2023-03-01T14:19:37","date_gmt":"2023-03-01T12:19:37","guid":{"rendered":"https:\/\/www.laguiadepamplona.com\/actualidad\/?p=43034"},"modified":"2023-04-11T11:47:06","modified_gmt":"2023-04-11T09:47:06","slug":"el-ayuntamiento-de-pamplona-va-a-realizar-esta-proxima-semana-una-encuesta-telefonica-de-percepcion-ciudadana-en-torno-a-la-seguridad","status":"publish","type":"post","link":"https:\/\/www.laguiadepamplona.com\/actualidad\/el-ayuntamiento-de-pamplona-va-a-realizar-esta-proxima-semana-una-encuesta-telefonica-de-percepcion-ciudadana-en-torno-a-la-seguridad\/","title":{"rendered":"El Ayuntamiento de Pamplona va a realizar esta pr\u00f3xima semana una encuesta telef\u00f3nica de percepci\u00f3n ciudadana en torno a la seguridad"},"content":{"rendered":"<h5>Las m\u00e1s de 800 entrevistas telef\u00f3nicas previstas se llevar\u00e1n a cabo del 1 al 10 de marzo<\/h5>\n<p><!--more--><\/p>\n<p>Conocer la percepci\u00f3n sobre la seguridad y la convivencia en la ciudad y en sus barrios, as\u00ed como las experiencias de victimizaci\u00f3n de la ciudadan\u00eda, son los objetivos de la encuesta telef\u00f3nica que el Ayuntamiento de Pamplona va a realizar del 1 al 10 de marzo. Se contactar\u00e1 con 828 personas mayores de 15 a\u00f1os y residentes en Pamplona, a quienes se preguntar\u00e1 sobre 48 cuestiones diferentes.<br \/>\n<script async src=\"\/\/pagead2.googlesyndication.com\/pagead\/js\/adsbygoogle.js\"><\/script><br \/>\n<!-- Noticias La Guia de Pamplona --><br \/>\n<ins class=\"adsbygoogle\"\nstyle=\"display:block\"\ndata-ad-client=\"ca-pub-6943679897239327\"\ndata-ad-slot=\"7048180777\"\ndata-ad-format=\"auto\"><\/ins><br \/>\n<script>\n(adsbygoogle = window.adsbygoogle || []).push({});\n<\/script><\/p>\n<p>Como objetivos espec\u00edficos, se pretende conocer la percepci\u00f3n de la seguridad en Pamplona y en sus barrios, conocer aspectos relativos la convivencia, conocer los delitos y sus v\u00edctimas (es decir, las caracter\u00edsticas de los hechos de victimizaci\u00f3n, as\u00ed como las caracter\u00edsticas demogr\u00e1ficas de las v\u00edctimas que las han sufrido) y conocer la percepci\u00f3n de la seguridad desde el punto de vista territorial. La demanda de esta encuesta la ha planteado el \u00e1rea de Seguridad Ciudadana y se llevar\u00e1 a cabo desde la Oficina Estrat\u00e9gica.<\/p>\n<p>En el a\u00f1o 2010, el Ayuntamiento de Pamplona ya realiz\u00f3 una encuesta similar de percepci\u00f3n ciudadana sobre el nivel de seguridad en la ciudad y en la vida diaria. Se buscaba conocer la radiograf\u00eda de la ciudad para generar acciones que disminuyeran la causas que creaban esa sensaci\u00f3n de inseguridad. Fue tambi\u00e9n una encuesta telef\u00f3nica, con una muestra de 803 personas, con edades entre 15 y 65 a\u00f1os. Se realizaron 48 preguntas con cuestiones como la percepci\u00f3n de seguridad en el barrio concreto, si se hab\u00eda sido v\u00edctima de alg\u00fan delito, si se hab\u00eda denunciado, la imagen de la Polic\u00eda Municipal\u2026<br \/>\n<script async src=\"\/\/pagead2.googlesyndication.com\/pagead\/js\/adsbygoogle.js\"><\/script><br \/>\n<!-- Noticias La Guia de Pamplona --><br \/>\n<ins class=\"adsbygoogle\"\nstyle=\"display:block\"\ndata-ad-client=\"ca-pub-6943679897239327\"\ndata-ad-slot=\"7048180777\"\ndata-ad-format=\"auto\"><\/ins><br \/>\n<script>\n(adsbygoogle = window.adsbygoogle || []).push({});\n<\/script><\/p>\n<p>En el informe de resultados ya se plante\u00f3 la necesidad de repetir la encuesta en a\u00f1o posteriores para conocer la evoluci\u00f3n de la percepci\u00f3n de la seguridad en Pamplona. El a\u00f1o pasado, en 2022, se hizo otra encuesta sobre la percepci\u00f3n de la calidad de vida de la ciudadan\u00eda, donde se incluyeron tambi\u00e9n preguntas acerca de seguridad, robos\u2026 Los resultados de esa encuesta dejaron entrever la necesidad de ahondar en la cuesti\u00f3n por la discordancia emergida entre la percepci\u00f3n de la seguridad y los delitos que se producen en la ciudad.<\/p>\n","protected":false},"excerpt":{"rendered":"<p>Las m\u00e1s de 800 entrevistas telef\u00f3nicas previstas se llevar\u00e1n a cabo del 1 al 10 de marzo<\/p>\n","protected":false},"author":1,"featured_media":40813,"comment_status":"open","ping_status":"closed","sticky":false,"template":"","format":"standard","meta":{"footnotes":""},"categories":[2],"tags":[],"class_list":["post-43034","post","type-post","status-publish","format-standard","has-post-thumbnail","hentry","category-ayuntamiento-pamplona"],"yoast_head":"<!-- This site is optimized with the Yoast SEO plugin v27.3 - https:\/\/yoast.com\/product\/yoast-seo-wordpress\/ -->\n<title>El Ayuntamiento de Pamplona va a realizar esta pr\u00f3xima semana una encuesta telef\u00f3nica de percepci\u00f3n ciudadana en torno a la seguridad<\/title>\n<meta name=\"description\" content=\"Las m\u00e1s de 800 entrevistas telef\u00f3nicas previstas se llevar\u00e1n a cabo del 1 al 10 de marzo\" \/>\n<meta name=\"robots\" content=\"index, follow, max-snippet:-1, max-image-preview:large, max-video-preview:-1\" \/>\n<link rel=\"canonical\" href=\"https:\/\/www.laguiadepamplona.com\/actualidad\/el-ayuntamiento-de-pamplona-va-a-realizar-esta-proxima-semana-una-encuesta-telefonica-de-percepcion-ciudadana-en-torno-a-la-seguridad\/\" \/>\n<meta property=\"og:locale\" content=\"es_ES\" \/>\n<meta property=\"og:type\" content=\"article\" \/>\n<meta property=\"og:title\" content=\"El Ayuntamiento de Pamplona va a realizar esta pr\u00f3xima semana una encuesta telef\u00f3nica de percepci\u00f3n ciudadana en torno a la seguridad\" \/>\n<meta property=\"og:description\" content=\"Las m\u00e1s de 800 entrevistas telef\u00f3nicas previstas se llevar\u00e1n a cabo del 1 al 10 de marzo\" \/>\n<meta property=\"og:url\" content=\"https:\/\/www.laguiadepamplona.com\/actualidad\/el-ayuntamiento-de-pamplona-va-a-realizar-esta-proxima-semana-una-encuesta-telefonica-de-percepcion-ciudadana-en-torno-a-la-seguridad\/\" \/>\n<meta property=\"og:site_name\" content=\"La Gu\u00eda de Pamplona\" \/>\n<meta property=\"article:publisher\" content=\"https:\/\/www.facebook.com\/laguiadepamplonacom-133175176762273\/?ref=hl\" \/>\n<meta property=\"article:published_time\" content=\"2023-03-01T12:19:37+00:00\" \/>\n<meta property=\"article:modified_time\" content=\"2023-04-11T09:47:06+00:00\" \/>\n<meta property=\"og:image\" content=\"https:\/\/www.laguiadepamplona.com\/actualidad\/wp-content\/uploads\/2022\/06\/CENTRO-DE-MOVILLIDAD-VIAL-centro-control-policia-local.webp\" \/>\n\t<meta property=\"og:image:width\" content=\"1920\" \/>\n\t<meta property=\"og:image:height\" content=\"1239\" \/>\n\t<meta property=\"og:image:type\" content=\"image\/webp\" \/>\n<meta name=\"author\" content=\"La Gu\u00eda de Pamplona\" \/>\n<meta name=\"twitter:card\" content=\"summary_large_image\" \/>\n<meta name=\"twitter:creator\" content=\"@LaGuiadPamplona\" \/>\n<meta name=\"twitter:site\" content=\"@LaGuiadPamplona\" \/>\n<meta name=\"twitter:label1\" content=\"Escrito por\" \/>\n\t<meta name=\"twitter:data1\" content=\"La Gu\u00eda de Pamplona\" \/>\n\t<meta name=\"twitter:label2\" content=\"Tiempo de lectura\" \/>\n\t<meta name=\"twitter:data2\" content=\"2 minutos\" \/>\n<script type=\"application\/ld+json\" class=\"yoast-schema-graph\">{\"@context\":\"https:\\\/\\\/schema.org\",\"@graph\":[{\"@type\":\"Article\",\"@id\":\"https:\\\/\\\/www.laguiadepamplona.com\\\/actualidad\\\/el-ayuntamiento-de-pamplona-va-a-realizar-esta-proxima-semana-una-encuesta-telefonica-de-percepcion-ciudadana-en-torno-a-la-seguridad\\\/#article\",\"isPartOf\":{\"@id\":\"https:\\\/\\\/www.laguiadepamplona.com\\\/actualidad\\\/el-ayuntamiento-de-pamplona-va-a-realizar-esta-proxima-semana-una-encuesta-telefonica-de-percepcion-ciudadana-en-torno-a-la-seguridad\\\/\"},\"author\":{\"name\":\"La Gu\u00eda de Pamplona\",\"@id\":\"https:\\\/\\\/www.laguiadepamplona.com\\\/actualidad\\\/#\\\/schema\\\/person\\\/efe887376f0213d4657c93adc50b1fdb\"},\"headline\":\"El Ayuntamiento de Pamplona va a realizar esta pr\u00f3xima semana una encuesta telef\u00f3nica de percepci\u00f3n ciudadana en torno a la seguridad\",\"datePublished\":\"2023-03-01T12:19:37+00:00\",\"dateModified\":\"2023-04-11T09:47:06+00:00\",\"mainEntityOfPage\":{\"@id\":\"https:\\\/\\\/www.laguiadepamplona.com\\\/actualidad\\\/el-ayuntamiento-de-pamplona-va-a-realizar-esta-proxima-semana-una-encuesta-telefonica-de-percepcion-ciudadana-en-torno-a-la-seguridad\\\/\"},\"wordCount\":410,\"commentCount\":0,\"publisher\":{\"@id\":\"https:\\\/\\\/www.laguiadepamplona.com\\\/actualidad\\\/#organization\"},\"image\":{\"@id\":\"https:\\\/\\\/www.laguiadepamplona.com\\\/actualidad\\\/el-ayuntamiento-de-pamplona-va-a-realizar-esta-proxima-semana-una-encuesta-telefonica-de-percepcion-ciudadana-en-torno-a-la-seguridad\\\/#primaryimage\"},\"thumbnailUrl\":\"https:\\\/\\\/www.laguiadepamplona.com\\\/actualidad\\\/wp-content\\\/uploads\\\/2022\\\/06\\\/CENTRO-DE-MOVILLIDAD-VIAL-centro-control-policia-local.webp\",\"articleSection\":[\"Ayto Pamplona\"],\"inLanguage\":\"es\",\"potentialAction\":[{\"@type\":\"CommentAction\",\"name\":\"Comment\",\"target\":[\"https:\\\/\\\/www.laguiadepamplona.com\\\/actualidad\\\/el-ayuntamiento-de-pamplona-va-a-realizar-esta-proxima-semana-una-encuesta-telefonica-de-percepcion-ciudadana-en-torno-a-la-seguridad\\\/#respond\"]}]},{\"@type\":\"WebPage\",\"@id\":\"https:\\\/\\\/www.laguiadepamplona.com\\\/actualidad\\\/el-ayuntamiento-de-pamplona-va-a-realizar-esta-proxima-semana-una-encuesta-telefonica-de-percepcion-ciudadana-en-torno-a-la-seguridad\\\/\",\"url\":\"https:\\\/\\\/www.laguiadepamplona.com\\\/actualidad\\\/el-ayuntamiento-de-pamplona-va-a-realizar-esta-proxima-semana-una-encuesta-telefonica-de-percepcion-ciudadana-en-torno-a-la-seguridad\\\/\",\"name\":\"El Ayuntamiento de Pamplona va a realizar esta pr\u00f3xima semana una encuesta telef\u00f3nica de percepci\u00f3n ciudadana en torno a la seguridad\",\"isPartOf\":{\"@id\":\"https:\\\/\\\/www.laguiadepamplona.com\\\/actualidad\\\/#website\"},\"primaryImageOfPage\":{\"@id\":\"https:\\\/\\\/www.laguiadepamplona.com\\\/actualidad\\\/el-ayuntamiento-de-pamplona-va-a-realizar-esta-proxima-semana-una-encuesta-telefonica-de-percepcion-ciudadana-en-torno-a-la-seguridad\\\/#primaryimage\"},\"image\":{\"@id\":\"https:\\\/\\\/www.laguiadepamplona.com\\\/actualidad\\\/el-ayuntamiento-de-pamplona-va-a-realizar-esta-proxima-semana-una-encuesta-telefonica-de-percepcion-ciudadana-en-torno-a-la-seguridad\\\/#primaryimage\"},\"thumbnailUrl\":\"https:\\\/\\\/www.laguiadepamplona.com\\\/actualidad\\\/wp-content\\\/uploads\\\/2022\\\/06\\\/CENTRO-DE-MOVILLIDAD-VIAL-centro-control-policia-local.webp\",\"datePublished\":\"2023-03-01T12:19:37+00:00\",\"dateModified\":\"2023-04-11T09:47:06+00:00\",\"description\":\"Las m\u00e1s de 800 entrevistas telef\u00f3nicas previstas se llevar\u00e1n a cabo del 1 al 10 de marzo\",\"breadcrumb\":{\"@id\":\"https:\\\/\\\/www.laguiadepamplona.com\\\/actualidad\\\/el-ayuntamiento-de-pamplona-va-a-realizar-esta-proxima-semana-una-encuesta-telefonica-de-percepcion-ciudadana-en-torno-a-la-seguridad\\\/#breadcrumb\"},\"inLanguage\":\"es\",\"potentialAction\":[{\"@type\":\"ReadAction\",\"target\":[\"https:\\\/\\\/www.laguiadepamplona.com\\\/actualidad\\\/el-ayuntamiento-de-pamplona-va-a-realizar-esta-proxima-semana-una-encuesta-telefonica-de-percepcion-ciudadana-en-torno-a-la-seguridad\\\/\"]}]},{\"@type\":\"ImageObject\",\"inLanguage\":\"es\",\"@id\":\"https:\\\/\\\/www.laguiadepamplona.com\\\/actualidad\\\/el-ayuntamiento-de-pamplona-va-a-realizar-esta-proxima-semana-una-encuesta-telefonica-de-percepcion-ciudadana-en-torno-a-la-seguridad\\\/#primaryimage\",\"url\":\"https:\\\/\\\/www.laguiadepamplona.com\\\/actualidad\\\/wp-content\\\/uploads\\\/2022\\\/06\\\/CENTRO-DE-MOVILLIDAD-VIAL-centro-control-policia-local.webp\",\"contentUrl\":\"https:\\\/\\\/www.laguiadepamplona.com\\\/actualidad\\\/wp-content\\\/uploads\\\/2022\\\/06\\\/CENTRO-DE-MOVILLIDAD-VIAL-centro-control-policia-local.webp\",\"width\":1920,\"height\":1239},{\"@type\":\"BreadcrumbList\",\"@id\":\"https:\\\/\\\/www.laguiadepamplona.com\\\/actualidad\\\/el-ayuntamiento-de-pamplona-va-a-realizar-esta-proxima-semana-una-encuesta-telefonica-de-percepcion-ciudadana-en-torno-a-la-seguridad\\\/#breadcrumb\",\"itemListElement\":[{\"@type\":\"ListItem\",\"position\":1,\"name\":\"Portada\",\"item\":\"https:\\\/\\\/www.laguiadepamplona.com\\\/actualidad\\\/\"},{\"@type\":\"ListItem\",\"position\":2,\"name\":\"El Ayuntamiento de Pamplona va a realizar esta pr\u00f3xima semana una encuesta telef\u00f3nica de percepci\u00f3n ciudadana en torno a la seguridad\"}]},{\"@type\":\"WebSite\",\"@id\":\"https:\\\/\\\/www.laguiadepamplona.com\\\/actualidad\\\/#website\",\"url\":\"https:\\\/\\\/www.laguiadepamplona.com\\\/actualidad\\\/\",\"name\":\"La gu\u00eda de Pamplona\",\"description\":\"Noticias de Pamplona\",\"publisher\":{\"@id\":\"https:\\\/\\\/www.laguiadepamplona.com\\\/actualidad\\\/#organization\"},\"potentialAction\":[{\"@type\":\"SearchAction\",\"target\":{\"@type\":\"EntryPoint\",\"urlTemplate\":\"https:\\\/\\\/www.laguiadepamplona.com\\\/actualidad\\\/?s={search_term_string}\"},\"query-input\":{\"@type\":\"PropertyValueSpecification\",\"valueRequired\":true,\"valueName\":\"search_term_string\"}}],\"inLanguage\":\"es\"},{\"@type\":\"Organization\",\"@id\":\"https:\\\/\\\/www.laguiadepamplona.com\\\/actualidad\\\/#organization\",\"name\":\"La Gu\u00eda de Pamplona \\\/ Noticias\",\"url\":\"https:\\\/\\\/www.laguiadepamplona.com\\\/actualidad\\\/\",\"logo\":{\"@type\":\"ImageObject\",\"inLanguage\":\"es\",\"@id\":\"https:\\\/\\\/www.laguiadepamplona.com\\\/actualidad\\\/#\\\/schema\\\/logo\\\/image\\\/\",\"url\":\"https:\\\/\\\/www.laguiadepamplona.com\\\/actualidad\\\/wp-content\\\/uploads\\\/2018\\\/11\\\/logo-laguiadepamplona18-web1.png\",\"contentUrl\":\"https:\\\/\\\/www.laguiadepamplona.com\\\/actualidad\\\/wp-content\\\/uploads\\\/2018\\\/11\\\/logo-laguiadepamplona18-web1.png\",\"width\":600,\"height\":196,\"caption\":\"La Gu\u00eda de Pamplona \\\/ Noticias\"},\"image\":{\"@id\":\"https:\\\/\\\/www.laguiadepamplona.com\\\/actualidad\\\/#\\\/schema\\\/logo\\\/image\\\/\"},\"sameAs\":[\"https:\\\/\\\/www.facebook.com\\\/laguiadepamplonacom-133175176762273\\\/?ref=hl\",\"https:\\\/\\\/x.com\\\/LaGuiadPamplona\",\"https:\\\/\\\/www.instagram.com\\\/la_guia_de_pamplona\\\/\",\"https:\\\/\\\/www.youtube.com\\\/user\\\/laguiadepamplona\"]},{\"@type\":\"Person\",\"@id\":\"https:\\\/\\\/www.laguiadepamplona.com\\\/actualidad\\\/#\\\/schema\\\/person\\\/efe887376f0213d4657c93adc50b1fdb\",\"name\":\"La Gu\u00eda de Pamplona\",\"image\":{\"@type\":\"ImageObject\",\"inLanguage\":\"es\",\"@id\":\"https:\\\/\\\/secure.gravatar.com\\\/avatar\\\/b6992f131dc8d30ab0dff15446e9d346d9dbd95992de0fef795073f5ea83a81c?s=96&d=mm&r=g\",\"url\":\"https:\\\/\\\/secure.gravatar.com\\\/avatar\\\/b6992f131dc8d30ab0dff15446e9d346d9dbd95992de0fef795073f5ea83a81c?s=96&d=mm&r=g\",\"contentUrl\":\"https:\\\/\\\/secure.gravatar.com\\\/avatar\\\/b6992f131dc8d30ab0dff15446e9d346d9dbd95992de0fef795073f5ea83a81c?s=96&d=mm&r=g\",\"caption\":\"La Gu\u00eda de Pamplona\"}}]}<\/script>\n<!-- \/ Yoast SEO plugin. -->","yoast_head_json":{"title":"El Ayuntamiento de Pamplona va a realizar esta pr\u00f3xima semana una encuesta telef\u00f3nica de percepci\u00f3n ciudadana en torno a la seguridad","description":"Las m\u00e1s de 800 entrevistas telef\u00f3nicas previstas se llevar\u00e1n a cabo del 1 al 10 de marzo","robots":{"index":"index","follow":"follow","max-snippet":"max-snippet:-1","max-image-preview":"max-image-preview:large","max-video-preview":"max-video-preview:-1"},"canonical":"https:\/\/www.laguiadepamplona.com\/actualidad\/el-ayuntamiento-de-pamplona-va-a-realizar-esta-proxima-semana-una-encuesta-telefonica-de-percepcion-ciudadana-en-torno-a-la-seguridad\/","og_locale":"es_ES","og_type":"article","og_title":"El Ayuntamiento de Pamplona va a realizar esta pr\u00f3xima semana una encuesta telef\u00f3nica de percepci\u00f3n ciudadana en torno a la seguridad","og_description":"Las m\u00e1s de 800 entrevistas telef\u00f3nicas previstas se llevar\u00e1n a cabo del 1 al 10 de marzo","og_url":"https:\/\/www.laguiadepamplona.com\/actualidad\/el-ayuntamiento-de-pamplona-va-a-realizar-esta-proxima-semana-una-encuesta-telefonica-de-percepcion-ciudadana-en-torno-a-la-seguridad\/","og_site_name":"La Gu\u00eda de Pamplona","article_publisher":"https:\/\/www.facebook.com\/laguiadepamplonacom-133175176762273\/?ref=hl","article_published_time":"2023-03-01T12:19:37+00:00","article_modified_time":"2023-04-11T09:47:06+00:00","og_image":[{"width":1920,"height":1239,"url":"https:\/\/www.laguiadepamplona.com\/actualidad\/wp-content\/uploads\/2022\/06\/CENTRO-DE-MOVILLIDAD-VIAL-centro-control-policia-local.webp","type":"image\/webp"}],"author":"La Gu\u00eda de Pamplona","twitter_card":"summary_large_image","twitter_creator":"@LaGuiadPamplona","twitter_site":"@LaGuiadPamplona","twitter_misc":{"Escrito por":"La Gu\u00eda de Pamplona","Tiempo de lectura":"2 minutos"},"schema":{"@context":"https:\/\/schema.org","@graph":[{"@type":"Article","@id":"https:\/\/www.laguiadepamplona.com\/actualidad\/el-ayuntamiento-de-pamplona-va-a-realizar-esta-proxima-semana-una-encuesta-telefonica-de-percepcion-ciudadana-en-torno-a-la-seguridad\/#article","isPartOf":{"@id":"https:\/\/www.laguiadepamplona.com\/actualidad\/el-ayuntamiento-de-pamplona-va-a-realizar-esta-proxima-semana-una-encuesta-telefonica-de-percepcion-ciudadana-en-torno-a-la-seguridad\/"},"author":{"name":"La Gu\u00eda de Pamplona","@id":"https:\/\/www.laguiadepamplona.com\/actualidad\/#\/schema\/person\/efe887376f0213d4657c93adc50b1fdb"},"headline":"El Ayuntamiento de Pamplona va a realizar esta pr\u00f3xima semana una encuesta telef\u00f3nica de percepci\u00f3n ciudadana en torno a la seguridad","datePublished":"2023-03-01T12:19:37+00:00","dateModified":"2023-04-11T09:47:06+00:00","mainEntityOfPage":{"@id":"https:\/\/www.laguiadepamplona.com\/actualidad\/el-ayuntamiento-de-pamplona-va-a-realizar-esta-proxima-semana-una-encuesta-telefonica-de-percepcion-ciudadana-en-torno-a-la-seguridad\/"},"wordCount":410,"commentCount":0,"publisher":{"@id":"https:\/\/www.laguiadepamplona.com\/actualidad\/#organization"},"image":{"@id":"https:\/\/www.laguiadepamplona.com\/actualidad\/el-ayuntamiento-de-pamplona-va-a-realizar-esta-proxima-semana-una-encuesta-telefonica-de-percepcion-ciudadana-en-torno-a-la-seguridad\/#primaryimage"},"thumbnailUrl":"https:\/\/www.laguiadepamplona.com\/actualidad\/wp-content\/uploads\/2022\/06\/CENTRO-DE-MOVILLIDAD-VIAL-centro-control-policia-local.webp","articleSection":["Ayto Pamplona"],"inLanguage":"es","potentialAction":[{"@type":"CommentAction","name":"Comment","target":["https:\/\/www.laguiadepamplona.com\/actualidad\/el-ayuntamiento-de-pamplona-va-a-realizar-esta-proxima-semana-una-encuesta-telefonica-de-percepcion-ciudadana-en-torno-a-la-seguridad\/#respond"]}]},{"@type":"WebPage","@id":"https:\/\/www.laguiadepamplona.com\/actualidad\/el-ayuntamiento-de-pamplona-va-a-realizar-esta-proxima-semana-una-encuesta-telefonica-de-percepcion-ciudadana-en-torno-a-la-seguridad\/","url":"https:\/\/www.laguiadepamplona.com\/actualidad\/el-ayuntamiento-de-pamplona-va-a-realizar-esta-proxima-semana-una-encuesta-telefonica-de-percepcion-ciudadana-en-torno-a-la-seguridad\/","name":"El Ayuntamiento de Pamplona va a realizar esta pr\u00f3xima semana una encuesta telef\u00f3nica de percepci\u00f3n ciudadana en torno a la seguridad","isPartOf":{"@id":"https:\/\/www.laguiadepamplona.com\/actualidad\/#website"},"primaryImageOfPage":{"@id":"https:\/\/www.laguiadepamplona.com\/actualidad\/el-ayuntamiento-de-pamplona-va-a-realizar-esta-proxima-semana-una-encuesta-telefonica-de-percepcion-ciudadana-en-torno-a-la-seguridad\/#primaryimage"},"image":{"@id":"https:\/\/www.laguiadepamplona.com\/actualidad\/el-ayuntamiento-de-pamplona-va-a-realizar-esta-proxima-semana-una-encuesta-telefonica-de-percepcion-ciudadana-en-torno-a-la-seguridad\/#primaryimage"},"thumbnailUrl":"https:\/\/www.laguiadepamplona.com\/actualidad\/wp-content\/uploads\/2022\/06\/CENTRO-DE-MOVILLIDAD-VIAL-centro-control-policia-local.webp","datePublished":"2023-03-01T12:19:37+00:00","dateModified":"2023-04-11T09:47:06+00:00","description":"Las m\u00e1s de 800 entrevistas telef\u00f3nicas previstas se llevar\u00e1n a cabo del 1 al 10 de marzo","breadcrumb":{"@id":"https:\/\/www.laguiadepamplona.com\/actualidad\/el-ayuntamiento-de-pamplona-va-a-realizar-esta-proxima-semana-una-encuesta-telefonica-de-percepcion-ciudadana-en-torno-a-la-seguridad\/#breadcrumb"},"inLanguage":"es","potentialAction":[{"@type":"ReadAction","target":["https:\/\/www.laguiadepamplona.com\/actualidad\/el-ayuntamiento-de-pamplona-va-a-realizar-esta-proxima-semana-una-encuesta-telefonica-de-percepcion-ciudadana-en-torno-a-la-seguridad\/"]}]},{"@type":"ImageObject","inLanguage":"es","@id":"https:\/\/www.laguiadepamplona.com\/actualidad\/el-ayuntamiento-de-pamplona-va-a-realizar-esta-proxima-semana-una-encuesta-telefonica-de-percepcion-ciudadana-en-torno-a-la-seguridad\/#primaryimage","url":"https:\/\/www.laguiadepamplona.com\/actualidad\/wp-content\/uploads\/2022\/06\/CENTRO-DE-MOVILLIDAD-VIAL-centro-control-policia-local.webp","contentUrl":"https:\/\/www.laguiadepamplona.com\/actualidad\/wp-content\/uploads\/2022\/06\/CENTRO-DE-MOVILLIDAD-VIAL-centro-control-policia-local.webp","width":1920,"height":1239},{"@type":"BreadcrumbList","@id":"https:\/\/www.laguiadepamplona.com\/actualidad\/el-ayuntamiento-de-pamplona-va-a-realizar-esta-proxima-semana-una-encuesta-telefonica-de-percepcion-ciudadana-en-torno-a-la-seguridad\/#breadcrumb","itemListElement":[{"@type":"ListItem","position":1,"name":"Portada","item":"https:\/\/www.laguiadepamplona.com\/actualidad\/"},{"@type":"ListItem","position":2,"name":"El Ayuntamiento de Pamplona va a realizar esta pr\u00f3xima semana una encuesta telef\u00f3nica de percepci\u00f3n ciudadana en torno a la seguridad"}]},{"@type":"WebSite","@id":"https:\/\/www.laguiadepamplona.com\/actualidad\/#website","url":"https:\/\/www.laguiadepamplona.com\/actualidad\/","name":"La gu\u00eda de Pamplona","description":"Noticias de Pamplona","publisher":{"@id":"https:\/\/www.laguiadepamplona.com\/actualidad\/#organization"},"potentialAction":[{"@type":"SearchAction","target":{"@type":"EntryPoint","urlTemplate":"https:\/\/www.laguiadepamplona.com\/actualidad\/?s={search_term_string}"},"query-input":{"@type":"PropertyValueSpecification","valueRequired":true,"valueName":"search_term_string"}}],"inLanguage":"es"},{"@type":"Organization","@id":"https:\/\/www.laguiadepamplona.com\/actualidad\/#organization","name":"La Gu\u00eda de Pamplona \/ Noticias","url":"https:\/\/www.laguiadepamplona.com\/actualidad\/","logo":{"@type":"ImageObject","inLanguage":"es","@id":"https:\/\/www.laguiadepamplona.com\/actualidad\/#\/schema\/logo\/image\/","url":"https:\/\/www.laguiadepamplona.com\/actualidad\/wp-content\/uploads\/2018\/11\/logo-laguiadepamplona18-web1.png","contentUrl":"https:\/\/www.laguiadepamplona.com\/actualidad\/wp-content\/uploads\/2018\/11\/logo-laguiadepamplona18-web1.png","width":600,"height":196,"caption":"La Gu\u00eda de Pamplona \/ Noticias"},"image":{"@id":"https:\/\/www.laguiadepamplona.com\/actualidad\/#\/schema\/logo\/image\/"},"sameAs":["https:\/\/www.facebook.com\/laguiadepamplonacom-133175176762273\/?ref=hl","https:\/\/x.com\/LaGuiadPamplona","https:\/\/www.instagram.com\/la_guia_de_pamplona\/","https:\/\/www.youtube.com\/user\/laguiadepamplona"]},{"@type":"Person","@id":"https:\/\/www.laguiadepamplona.com\/actualidad\/#\/schema\/person\/efe887376f0213d4657c93adc50b1fdb","name":"La Gu\u00eda de Pamplona","image":{"@type":"ImageObject","inLanguage":"es","@id":"https:\/\/secure.gravatar.com\/avatar\/b6992f131dc8d30ab0dff15446e9d346d9dbd95992de0fef795073f5ea83a81c?s=96&d=mm&r=g","url":"https:\/\/secure.gravatar.com\/avatar\/b6992f131dc8d30ab0dff15446e9d346d9dbd95992de0fef795073f5ea83a81c?s=96&d=mm&r=g","contentUrl":"https:\/\/secure.gravatar.com\/avatar\/b6992f131dc8d30ab0dff15446e9d346d9dbd95992de0fef795073f5ea83a81c?s=96&d=mm&r=g","caption":"La Gu\u00eda de Pamplona"}}]}},"post_mailing_queue_ids":[],"_links":{"self":[{"href":"https:\/\/www.laguiadepamplona.com\/actualidad\/wp-json\/wp\/v2\/posts\/43034","targetHints":{"allow":["GET"]}}],"collection":[{"href":"https:\/\/www.laguiadepamplona.com\/actualidad\/wp-json\/wp\/v2\/posts"}],"about":[{"href":"https:\/\/www.laguiadepamplona.com\/actualidad\/wp-json\/wp\/v2\/types\/post"}],"author":[{"embeddable":true,"href":"https:\/\/www.laguiadepamplona.com\/actualidad\/wp-json\/wp\/v2\/users\/1"}],"replies":[{"embeddable":true,"href":"https:\/\/www.laguiadepamplona.com\/actualidad\/wp-json\/wp\/v2\/comments?post=43034"}],"version-history":[{"count":0,"href":"https:\/\/www.laguiadepamplona.com\/actualidad\/wp-json\/wp\/v2\/posts\/43034\/revisions"}],"wp:featuredmedia":[{"embeddable":true,"href":"https:\/\/www.laguiadepamplona.com\/actualidad\/wp-json\/wp\/v2\/media\/40813"}],"wp:attachment":[{"href":"https:\/\/www.laguiadepamplona.com\/actualidad\/wp-json\/wp\/v2\/media?parent=43034"}],"wp:term":[{"taxonomy":"category","embeddable":true,"href":"https:\/\/www.laguiadepamplona.com\/actualidad\/wp-json\/wp\/v2\/categories?post=43034"},{"taxonomy":"post_tag","embeddable":true,"href":"https:\/\/www.laguiadepamplona.com\/actualidad\/wp-json\/wp\/v2\/tags?post=43034"}],"curies":[{"name":"wp","href":"https:\/\/api.w.org\/{rel}","templated":true}]}}