{"id":43032,"date":"2023-03-01T14:18:34","date_gmt":"2023-03-01T12:18:34","guid":{"rendered":"https:\/\/www.laguiadepamplona.com\/actualidad\/?p=43032"},"modified":"2023-04-11T11:47:06","modified_gmt":"2023-04-11T09:47:06","slug":"el-ayuntamiento-de-pamplona-colabora-con-el-xvi-salon-del-estudiante-y-el-empleo-que-se-celebra-este-jueves-y-viernes-en-la-sala-de-exposiciones-de-baluarte","status":"publish","type":"post","link":"https:\/\/www.laguiadepamplona.com\/actualidad\/el-ayuntamiento-de-pamplona-colabora-con-el-xvi-salon-del-estudiante-y-el-empleo-que-se-celebra-este-jueves-y-viernes-en-la-sala-de-exposiciones-de-baluarte\/","title":{"rendered":"El Ayuntamiento de Pamplona colabora con el XVI Sal\u00f3n del estudiante y el empleo que se celebra este jueves y viernes en la sala de exposiciones de Baluarte"},"content":{"rendered":"<h5>En su stand informar\u00e1 sobre propuestas para j\u00f3venes como las rutas matem\u00e1ticas, los cursos de Participaci\u00f3n Ciudadana o la Casa de la Juventud<\/h5>\n<p><!--more--><\/p>\n<p>El auditorio Baluarte acoge este jueves y viernes el XVI Sal\u00f3n del estudiante y el empleo 2023, que cuenta con la colaboraci\u00f3n del \u00c1rea de Educaci\u00f3n, Participaci\u00f3n Ciudadana y Juventud del Ayuntamiento de Pamplona. La sala de exposiciones de Baluarte alberga los stands del Sal\u00f3n, donde el Ayuntamiento ofrecer\u00e1 informaci\u00f3n de inter\u00e9s para la poblaci\u00f3n joven.<\/p>\n<p>El stand municipal est\u00e1 atendido por dos t\u00e9cnicas de la unidad de Juventud, que informar\u00e1n sobre programas y servicios municipales de inter\u00e9s para este sector de poblaci\u00f3n, como el programa Rutas matem\u00e1ticas, el cat\u00e1logo de actividades formativas y de ocio que se desarrollan en la Casa de la Juventud, subvenciones para emprendedores y emprendedoras, el Certamen literario juvenil y el III Plan Pamplona Joven recientemente aprobado.<br \/>\n<script async src=\"\/\/pagead2.googlesyndication.com\/pagead\/js\/adsbygoogle.js\"><\/script><br \/>\n<!-- Noticias La Guia de Pamplona --><br \/>\n<ins class=\"adsbygoogle\"\nstyle=\"display:block\"\ndata-ad-client=\"ca-pub-6943679897239327\"\ndata-ad-slot=\"7048180777\"\ndata-ad-format=\"auto\"><\/ins><br \/>\n<script>\n(adsbygoogle = window.adsbygoogle || []).push({});\n<\/script><\/p>\n<p>Tambi\u00e9n se informar\u00e1 sobre las distintas formas de participaci\u00f3n de la gente joven en la vida de la ciudad y la ayuda t\u00e9cnica que las personas interesadas en participar en asuntos de la comunidad pueden encontrar en el Servicio de Dinamizaci\u00f3n para la Participaci\u00f3n Ciudadana, as\u00ed como la oferta de cursos de este trimestre de Formaci\u00f3n en participaci\u00f3n.<\/p>\n<p>Los horarios son el jueves y viernes de 9.30 a 14 horas por la ma\u00f1ana y de 16.30 a 19.30 por la tarde. En la inauguraci\u00f3n oficial de la feria, este jueves a las 11 horas, est\u00e1 prevista la participaci\u00f3n del alcalde de Pamplona, Enrique Maya, y del concejal delegado de Educaci\u00f3n, Participaci\u00f3n Ciudadana y Juventud, Fernando Sesma, quienes tambi\u00e9n estar\u00e1n presenten en la entrega de los premios Talento a los mejores estudiantes de Navarra.<\/p>\n<p>El Sal\u00f3n del estudiante y el empleo muestra la oferta educativa disponible, incluida la formaci\u00f3n profesional y universitaria. Tambi\u00e9n ofrece oportunidades laborales, con el emprendimiento como v\u00eda directa hacia el empleo y orientaci\u00f3n para planificar el futuro laboral para estudiantes, familias, profesionales y centros educativos. Se espera la asistencia de unas diez mil personas y 80 centros de Formaci\u00f3n Profesional, Educaci\u00f3n Secundaria, Bachiller y Universidades.<br \/>\n<script async src=\"\/\/pagead2.googlesyndication.com\/pagead\/js\/adsbygoogle.js\"><\/script><br \/>\n<!-- Noticias La Guia de Pamplona --><br \/>\n<ins class=\"adsbygoogle\"\nstyle=\"display:block\"\ndata-ad-client=\"ca-pub-6943679897239327\"\ndata-ad-slot=\"7048180777\"\ndata-ad-format=\"auto\"><\/ins><br \/>\n<script>\n(adsbygoogle = window.adsbygoogle || []).push({});\n<\/script><\/p>\n<p>&nbsp;<\/p>\n<h3>XVI Sal\u00f3n del Estudiante y el Empleo<\/h3>\n<ul>\n<li>Jueves 2 y viernes 3 de marzo<\/li>\n<li>Horario: de 9.30 a 14 horas y de 16.30 a 19.30<\/li>\n<li>Sala de Exposiciones del Palacio de Congresos Baluarte (plaza del Baluarte, s\/n)<\/li>\n<\/ul>\n","protected":false},"excerpt":{"rendered":"<p>En su stand informar\u00e1 sobre propuestas para j\u00f3venes como las rutas matem\u00e1ticas, los cursos de Participaci\u00f3n Ciudadana o la Casa de la Juventud<\/p>\n","protected":false},"author":1,"featured_media":41391,"comment_status":"open","ping_status":"closed","sticky":false,"template":"","format":"standard","meta":{"footnotes":""},"categories":[2],"tags":[],"class_list":["post-43032","post","type-post","status-publish","format-standard","has-post-thumbnail","hentry","category-ayuntamiento-pamplona"],"yoast_head":"<!-- This site is optimized with the Yoast SEO plugin v27.3 - https:\/\/yoast.com\/product\/yoast-seo-wordpress\/ -->\n<title>El Ayuntamiento de Pamplona colabora con el XVI Sal\u00f3n del estudiante y el empleo que se celebra este jueves y viernes en la sala de exposiciones de Baluarte<\/title>\n<meta name=\"description\" content=\"En su stand informar\u00e1 sobre propuestas para j\u00f3venes como las rutas matem\u00e1ticas, los cursos de Participaci\u00f3n Ciudadana o la Casa de la Juventud\" \/>\n<meta name=\"robots\" content=\"index, follow, max-snippet:-1, max-image-preview:large, max-video-preview:-1\" \/>\n<link rel=\"canonical\" href=\"https:\/\/www.laguiadepamplona.com\/actualidad\/el-ayuntamiento-de-pamplona-colabora-con-el-xvi-salon-del-estudiante-y-el-empleo-que-se-celebra-este-jueves-y-viernes-en-la-sala-de-exposiciones-de-baluarte\/\" \/>\n<meta property=\"og:locale\" content=\"es_ES\" \/>\n<meta property=\"og:type\" content=\"article\" \/>\n<meta property=\"og:title\" content=\"El Ayuntamiento de Pamplona colabora con el XVI Sal\u00f3n del estudiante y el empleo que se celebra este jueves y viernes en la sala de exposiciones de Baluarte\" \/>\n<meta property=\"og:description\" content=\"En su stand informar\u00e1 sobre propuestas para j\u00f3venes como las rutas matem\u00e1ticas, los cursos de Participaci\u00f3n Ciudadana o la Casa de la Juventud\" \/>\n<meta property=\"og:url\" content=\"https:\/\/www.laguiadepamplona.com\/actualidad\/el-ayuntamiento-de-pamplona-colabora-con-el-xvi-salon-del-estudiante-y-el-empleo-que-se-celebra-este-jueves-y-viernes-en-la-sala-de-exposiciones-de-baluarte\/\" \/>\n<meta property=\"og:site_name\" content=\"La Gu\u00eda de Pamplona\" \/>\n<meta property=\"article:publisher\" content=\"https:\/\/www.facebook.com\/laguiadepamplonacom-133175176762273\/?ref=hl\" \/>\n<meta property=\"article:published_time\" content=\"2023-03-01T12:18:34+00:00\" \/>\n<meta property=\"article:modified_time\" content=\"2023-04-11T09:47:06+00:00\" \/>\n<meta property=\"og:image\" content=\"https:\/\/www.laguiadepamplona.com\/actualidad\/wp-content\/uploads\/2022\/08\/reloj_ayuntamiento.webp\" \/>\n\t<meta property=\"og:image:width\" content=\"1920\" \/>\n\t<meta property=\"og:image:height\" content=\"1245\" \/>\n\t<meta property=\"og:image:type\" content=\"image\/webp\" \/>\n<meta name=\"author\" content=\"La Gu\u00eda de Pamplona\" \/>\n<meta name=\"twitter:card\" content=\"summary_large_image\" \/>\n<meta name=\"twitter:creator\" content=\"@LaGuiadPamplona\" \/>\n<meta name=\"twitter:site\" content=\"@LaGuiadPamplona\" \/>\n<meta name=\"twitter:label1\" content=\"Escrito por\" \/>\n\t<meta name=\"twitter:data1\" content=\"La Gu\u00eda de Pamplona\" \/>\n\t<meta name=\"twitter:label2\" content=\"Tiempo de lectura\" \/>\n\t<meta name=\"twitter:data2\" content=\"2 minutos\" \/>\n<script type=\"application\/ld+json\" class=\"yoast-schema-graph\">{\"@context\":\"https:\\\/\\\/schema.org\",\"@graph\":[{\"@type\":\"Article\",\"@id\":\"https:\\\/\\\/www.laguiadepamplona.com\\\/actualidad\\\/el-ayuntamiento-de-pamplona-colabora-con-el-xvi-salon-del-estudiante-y-el-empleo-que-se-celebra-este-jueves-y-viernes-en-la-sala-de-exposiciones-de-baluarte\\\/#article\",\"isPartOf\":{\"@id\":\"https:\\\/\\\/www.laguiadepamplona.com\\\/actualidad\\\/el-ayuntamiento-de-pamplona-colabora-con-el-xvi-salon-del-estudiante-y-el-empleo-que-se-celebra-este-jueves-y-viernes-en-la-sala-de-exposiciones-de-baluarte\\\/\"},\"author\":{\"name\":\"La Gu\u00eda de Pamplona\",\"@id\":\"https:\\\/\\\/www.laguiadepamplona.com\\\/actualidad\\\/#\\\/schema\\\/person\\\/efe887376f0213d4657c93adc50b1fdb\"},\"headline\":\"El Ayuntamiento de Pamplona colabora con el XVI Sal\u00f3n del estudiante y el empleo que se celebra este jueves y viernes en la sala de exposiciones de Baluarte\",\"datePublished\":\"2023-03-01T12:18:34+00:00\",\"dateModified\":\"2023-04-11T09:47:06+00:00\",\"mainEntityOfPage\":{\"@id\":\"https:\\\/\\\/www.laguiadepamplona.com\\\/actualidad\\\/el-ayuntamiento-de-pamplona-colabora-con-el-xvi-salon-del-estudiante-y-el-empleo-que-se-celebra-este-jueves-y-viernes-en-la-sala-de-exposiciones-de-baluarte\\\/\"},\"wordCount\":437,\"commentCount\":0,\"publisher\":{\"@id\":\"https:\\\/\\\/www.laguiadepamplona.com\\\/actualidad\\\/#organization\"},\"image\":{\"@id\":\"https:\\\/\\\/www.laguiadepamplona.com\\\/actualidad\\\/el-ayuntamiento-de-pamplona-colabora-con-el-xvi-salon-del-estudiante-y-el-empleo-que-se-celebra-este-jueves-y-viernes-en-la-sala-de-exposiciones-de-baluarte\\\/#primaryimage\"},\"thumbnailUrl\":\"https:\\\/\\\/www.laguiadepamplona.com\\\/actualidad\\\/wp-content\\\/uploads\\\/2022\\\/08\\\/reloj_ayuntamiento.webp\",\"articleSection\":[\"Ayto Pamplona\"],\"inLanguage\":\"es\",\"potentialAction\":[{\"@type\":\"CommentAction\",\"name\":\"Comment\",\"target\":[\"https:\\\/\\\/www.laguiadepamplona.com\\\/actualidad\\\/el-ayuntamiento-de-pamplona-colabora-con-el-xvi-salon-del-estudiante-y-el-empleo-que-se-celebra-este-jueves-y-viernes-en-la-sala-de-exposiciones-de-baluarte\\\/#respond\"]}]},{\"@type\":\"WebPage\",\"@id\":\"https:\\\/\\\/www.laguiadepamplona.com\\\/actualidad\\\/el-ayuntamiento-de-pamplona-colabora-con-el-xvi-salon-del-estudiante-y-el-empleo-que-se-celebra-este-jueves-y-viernes-en-la-sala-de-exposiciones-de-baluarte\\\/\",\"url\":\"https:\\\/\\\/www.laguiadepamplona.com\\\/actualidad\\\/el-ayuntamiento-de-pamplona-colabora-con-el-xvi-salon-del-estudiante-y-el-empleo-que-se-celebra-este-jueves-y-viernes-en-la-sala-de-exposiciones-de-baluarte\\\/\",\"name\":\"El Ayuntamiento de Pamplona colabora con el XVI Sal\u00f3n del estudiante y el empleo que se celebra este jueves y viernes en la sala de exposiciones de Baluarte\",\"isPartOf\":{\"@id\":\"https:\\\/\\\/www.laguiadepamplona.com\\\/actualidad\\\/#website\"},\"primaryImageOfPage\":{\"@id\":\"https:\\\/\\\/www.laguiadepamplona.com\\\/actualidad\\\/el-ayuntamiento-de-pamplona-colabora-con-el-xvi-salon-del-estudiante-y-el-empleo-que-se-celebra-este-jueves-y-viernes-en-la-sala-de-exposiciones-de-baluarte\\\/#primaryimage\"},\"image\":{\"@id\":\"https:\\\/\\\/www.laguiadepamplona.com\\\/actualidad\\\/el-ayuntamiento-de-pamplona-colabora-con-el-xvi-salon-del-estudiante-y-el-empleo-que-se-celebra-este-jueves-y-viernes-en-la-sala-de-exposiciones-de-baluarte\\\/#primaryimage\"},\"thumbnailUrl\":\"https:\\\/\\\/www.laguiadepamplona.com\\\/actualidad\\\/wp-content\\\/uploads\\\/2022\\\/08\\\/reloj_ayuntamiento.webp\",\"datePublished\":\"2023-03-01T12:18:34+00:00\",\"dateModified\":\"2023-04-11T09:47:06+00:00\",\"description\":\"En su stand informar\u00e1 sobre propuestas para j\u00f3venes como las rutas matem\u00e1ticas, los cursos de Participaci\u00f3n Ciudadana o la Casa de la Juventud\",\"breadcrumb\":{\"@id\":\"https:\\\/\\\/www.laguiadepamplona.com\\\/actualidad\\\/el-ayuntamiento-de-pamplona-colabora-con-el-xvi-salon-del-estudiante-y-el-empleo-que-se-celebra-este-jueves-y-viernes-en-la-sala-de-exposiciones-de-baluarte\\\/#breadcrumb\"},\"inLanguage\":\"es\",\"potentialAction\":[{\"@type\":\"ReadAction\",\"target\":[\"https:\\\/\\\/www.laguiadepamplona.com\\\/actualidad\\\/el-ayuntamiento-de-pamplona-colabora-con-el-xvi-salon-del-estudiante-y-el-empleo-que-se-celebra-este-jueves-y-viernes-en-la-sala-de-exposiciones-de-baluarte\\\/\"]}]},{\"@type\":\"ImageObject\",\"inLanguage\":\"es\",\"@id\":\"https:\\\/\\\/www.laguiadepamplona.com\\\/actualidad\\\/el-ayuntamiento-de-pamplona-colabora-con-el-xvi-salon-del-estudiante-y-el-empleo-que-se-celebra-este-jueves-y-viernes-en-la-sala-de-exposiciones-de-baluarte\\\/#primaryimage\",\"url\":\"https:\\\/\\\/www.laguiadepamplona.com\\\/actualidad\\\/wp-content\\\/uploads\\\/2022\\\/08\\\/reloj_ayuntamiento.webp\",\"contentUrl\":\"https:\\\/\\\/www.laguiadepamplona.com\\\/actualidad\\\/wp-content\\\/uploads\\\/2022\\\/08\\\/reloj_ayuntamiento.webp\",\"width\":1920,\"height\":1245,\"caption\":\"ayuntamiento\"},{\"@type\":\"BreadcrumbList\",\"@id\":\"https:\\\/\\\/www.laguiadepamplona.com\\\/actualidad\\\/el-ayuntamiento-de-pamplona-colabora-con-el-xvi-salon-del-estudiante-y-el-empleo-que-se-celebra-este-jueves-y-viernes-en-la-sala-de-exposiciones-de-baluarte\\\/#breadcrumb\",\"itemListElement\":[{\"@type\":\"ListItem\",\"position\":1,\"name\":\"Portada\",\"item\":\"https:\\\/\\\/www.laguiadepamplona.com\\\/actualidad\\\/\"},{\"@type\":\"ListItem\",\"position\":2,\"name\":\"El Ayuntamiento de Pamplona colabora con el XVI Sal\u00f3n del estudiante y el empleo que se celebra este jueves y viernes en la sala de exposiciones de Baluarte\"}]},{\"@type\":\"WebSite\",\"@id\":\"https:\\\/\\\/www.laguiadepamplona.com\\\/actualidad\\\/#website\",\"url\":\"https:\\\/\\\/www.laguiadepamplona.com\\\/actualidad\\\/\",\"name\":\"La gu\u00eda de Pamplona\",\"description\":\"Noticias de Pamplona\",\"publisher\":{\"@id\":\"https:\\\/\\\/www.laguiadepamplona.com\\\/actualidad\\\/#organization\"},\"potentialAction\":[{\"@type\":\"SearchAction\",\"target\":{\"@type\":\"EntryPoint\",\"urlTemplate\":\"https:\\\/\\\/www.laguiadepamplona.com\\\/actualidad\\\/?s={search_term_string}\"},\"query-input\":{\"@type\":\"PropertyValueSpecification\",\"valueRequired\":true,\"valueName\":\"search_term_string\"}}],\"inLanguage\":\"es\"},{\"@type\":\"Organization\",\"@id\":\"https:\\\/\\\/www.laguiadepamplona.com\\\/actualidad\\\/#organization\",\"name\":\"La Gu\u00eda de Pamplona \\\/ Noticias\",\"url\":\"https:\\\/\\\/www.laguiadepamplona.com\\\/actualidad\\\/\",\"logo\":{\"@type\":\"ImageObject\",\"inLanguage\":\"es\",\"@id\":\"https:\\\/\\\/www.laguiadepamplona.com\\\/actualidad\\\/#\\\/schema\\\/logo\\\/image\\\/\",\"url\":\"https:\\\/\\\/www.laguiadepamplona.com\\\/actualidad\\\/wp-content\\\/uploads\\\/2018\\\/11\\\/logo-laguiadepamplona18-web1.png\",\"contentUrl\":\"https:\\\/\\\/www.laguiadepamplona.com\\\/actualidad\\\/wp-content\\\/uploads\\\/2018\\\/11\\\/logo-laguiadepamplona18-web1.png\",\"width\":600,\"height\":196,\"caption\":\"La Gu\u00eda de Pamplona \\\/ Noticias\"},\"image\":{\"@id\":\"https:\\\/\\\/www.laguiadepamplona.com\\\/actualidad\\\/#\\\/schema\\\/logo\\\/image\\\/\"},\"sameAs\":[\"https:\\\/\\\/www.facebook.com\\\/laguiadepamplonacom-133175176762273\\\/?ref=hl\",\"https:\\\/\\\/x.com\\\/LaGuiadPamplona\",\"https:\\\/\\\/www.instagram.com\\\/la_guia_de_pamplona\\\/\",\"https:\\\/\\\/www.youtube.com\\\/user\\\/laguiadepamplona\"]},{\"@type\":\"Person\",\"@id\":\"https:\\\/\\\/www.laguiadepamplona.com\\\/actualidad\\\/#\\\/schema\\\/person\\\/efe887376f0213d4657c93adc50b1fdb\",\"name\":\"La Gu\u00eda de Pamplona\",\"image\":{\"@type\":\"ImageObject\",\"inLanguage\":\"es\",\"@id\":\"https:\\\/\\\/secure.gravatar.com\\\/avatar\\\/b6992f131dc8d30ab0dff15446e9d346d9dbd95992de0fef795073f5ea83a81c?s=96&d=mm&r=g\",\"url\":\"https:\\\/\\\/secure.gravatar.com\\\/avatar\\\/b6992f131dc8d30ab0dff15446e9d346d9dbd95992de0fef795073f5ea83a81c?s=96&d=mm&r=g\",\"contentUrl\":\"https:\\\/\\\/secure.gravatar.com\\\/avatar\\\/b6992f131dc8d30ab0dff15446e9d346d9dbd95992de0fef795073f5ea83a81c?s=96&d=mm&r=g\",\"caption\":\"La Gu\u00eda de Pamplona\"}}]}<\/script>\n<!-- \/ Yoast SEO plugin. -->","yoast_head_json":{"title":"El Ayuntamiento de Pamplona colabora con el XVI Sal\u00f3n del estudiante y el empleo que se celebra este jueves y viernes en la sala de exposiciones de Baluarte","description":"En su stand informar\u00e1 sobre propuestas para j\u00f3venes como las rutas matem\u00e1ticas, los cursos de Participaci\u00f3n Ciudadana o la Casa de la Juventud","robots":{"index":"index","follow":"follow","max-snippet":"max-snippet:-1","max-image-preview":"max-image-preview:large","max-video-preview":"max-video-preview:-1"},"canonical":"https:\/\/www.laguiadepamplona.com\/actualidad\/el-ayuntamiento-de-pamplona-colabora-con-el-xvi-salon-del-estudiante-y-el-empleo-que-se-celebra-este-jueves-y-viernes-en-la-sala-de-exposiciones-de-baluarte\/","og_locale":"es_ES","og_type":"article","og_title":"El Ayuntamiento de Pamplona colabora con el XVI Sal\u00f3n del estudiante y el empleo que se celebra este jueves y viernes en la sala de exposiciones de Baluarte","og_description":"En su stand informar\u00e1 sobre propuestas para j\u00f3venes como las rutas matem\u00e1ticas, los cursos de Participaci\u00f3n Ciudadana o la Casa de la Juventud","og_url":"https:\/\/www.laguiadepamplona.com\/actualidad\/el-ayuntamiento-de-pamplona-colabora-con-el-xvi-salon-del-estudiante-y-el-empleo-que-se-celebra-este-jueves-y-viernes-en-la-sala-de-exposiciones-de-baluarte\/","og_site_name":"La Gu\u00eda de Pamplona","article_publisher":"https:\/\/www.facebook.com\/laguiadepamplonacom-133175176762273\/?ref=hl","article_published_time":"2023-03-01T12:18:34+00:00","article_modified_time":"2023-04-11T09:47:06+00:00","og_image":[{"width":1920,"height":1245,"url":"https:\/\/www.laguiadepamplona.com\/actualidad\/wp-content\/uploads\/2022\/08\/reloj_ayuntamiento.webp","type":"image\/webp"}],"author":"La Gu\u00eda de Pamplona","twitter_card":"summary_large_image","twitter_creator":"@LaGuiadPamplona","twitter_site":"@LaGuiadPamplona","twitter_misc":{"Escrito por":"La Gu\u00eda de Pamplona","Tiempo de lectura":"2 minutos"},"schema":{"@context":"https:\/\/schema.org","@graph":[{"@type":"Article","@id":"https:\/\/www.laguiadepamplona.com\/actualidad\/el-ayuntamiento-de-pamplona-colabora-con-el-xvi-salon-del-estudiante-y-el-empleo-que-se-celebra-este-jueves-y-viernes-en-la-sala-de-exposiciones-de-baluarte\/#article","isPartOf":{"@id":"https:\/\/www.laguiadepamplona.com\/actualidad\/el-ayuntamiento-de-pamplona-colabora-con-el-xvi-salon-del-estudiante-y-el-empleo-que-se-celebra-este-jueves-y-viernes-en-la-sala-de-exposiciones-de-baluarte\/"},"author":{"name":"La Gu\u00eda de Pamplona","@id":"https:\/\/www.laguiadepamplona.com\/actualidad\/#\/schema\/person\/efe887376f0213d4657c93adc50b1fdb"},"headline":"El Ayuntamiento de Pamplona colabora con el XVI Sal\u00f3n del estudiante y el empleo que se celebra este jueves y viernes en la sala de exposiciones de Baluarte","datePublished":"2023-03-01T12:18:34+00:00","dateModified":"2023-04-11T09:47:06+00:00","mainEntityOfPage":{"@id":"https:\/\/www.laguiadepamplona.com\/actualidad\/el-ayuntamiento-de-pamplona-colabora-con-el-xvi-salon-del-estudiante-y-el-empleo-que-se-celebra-este-jueves-y-viernes-en-la-sala-de-exposiciones-de-baluarte\/"},"wordCount":437,"commentCount":0,"publisher":{"@id":"https:\/\/www.laguiadepamplona.com\/actualidad\/#organization"},"image":{"@id":"https:\/\/www.laguiadepamplona.com\/actualidad\/el-ayuntamiento-de-pamplona-colabora-con-el-xvi-salon-del-estudiante-y-el-empleo-que-se-celebra-este-jueves-y-viernes-en-la-sala-de-exposiciones-de-baluarte\/#primaryimage"},"thumbnailUrl":"https:\/\/www.laguiadepamplona.com\/actualidad\/wp-content\/uploads\/2022\/08\/reloj_ayuntamiento.webp","articleSection":["Ayto Pamplona"],"inLanguage":"es","potentialAction":[{"@type":"CommentAction","name":"Comment","target":["https:\/\/www.laguiadepamplona.com\/actualidad\/el-ayuntamiento-de-pamplona-colabora-con-el-xvi-salon-del-estudiante-y-el-empleo-que-se-celebra-este-jueves-y-viernes-en-la-sala-de-exposiciones-de-baluarte\/#respond"]}]},{"@type":"WebPage","@id":"https:\/\/www.laguiadepamplona.com\/actualidad\/el-ayuntamiento-de-pamplona-colabora-con-el-xvi-salon-del-estudiante-y-el-empleo-que-se-celebra-este-jueves-y-viernes-en-la-sala-de-exposiciones-de-baluarte\/","url":"https:\/\/www.laguiadepamplona.com\/actualidad\/el-ayuntamiento-de-pamplona-colabora-con-el-xvi-salon-del-estudiante-y-el-empleo-que-se-celebra-este-jueves-y-viernes-en-la-sala-de-exposiciones-de-baluarte\/","name":"El Ayuntamiento de Pamplona colabora con el XVI Sal\u00f3n del estudiante y el empleo que se celebra este jueves y viernes en la sala de exposiciones de Baluarte","isPartOf":{"@id":"https:\/\/www.laguiadepamplona.com\/actualidad\/#website"},"primaryImageOfPage":{"@id":"https:\/\/www.laguiadepamplona.com\/actualidad\/el-ayuntamiento-de-pamplona-colabora-con-el-xvi-salon-del-estudiante-y-el-empleo-que-se-celebra-este-jueves-y-viernes-en-la-sala-de-exposiciones-de-baluarte\/#primaryimage"},"image":{"@id":"https:\/\/www.laguiadepamplona.com\/actualidad\/el-ayuntamiento-de-pamplona-colabora-con-el-xvi-salon-del-estudiante-y-el-empleo-que-se-celebra-este-jueves-y-viernes-en-la-sala-de-exposiciones-de-baluarte\/#primaryimage"},"thumbnailUrl":"https:\/\/www.laguiadepamplona.com\/actualidad\/wp-content\/uploads\/2022\/08\/reloj_ayuntamiento.webp","datePublished":"2023-03-01T12:18:34+00:00","dateModified":"2023-04-11T09:47:06+00:00","description":"En su stand informar\u00e1 sobre propuestas para j\u00f3venes como las rutas matem\u00e1ticas, los cursos de Participaci\u00f3n Ciudadana o la Casa de la Juventud","breadcrumb":{"@id":"https:\/\/www.laguiadepamplona.com\/actualidad\/el-ayuntamiento-de-pamplona-colabora-con-el-xvi-salon-del-estudiante-y-el-empleo-que-se-celebra-este-jueves-y-viernes-en-la-sala-de-exposiciones-de-baluarte\/#breadcrumb"},"inLanguage":"es","potentialAction":[{"@type":"ReadAction","target":["https:\/\/www.laguiadepamplona.com\/actualidad\/el-ayuntamiento-de-pamplona-colabora-con-el-xvi-salon-del-estudiante-y-el-empleo-que-se-celebra-este-jueves-y-viernes-en-la-sala-de-exposiciones-de-baluarte\/"]}]},{"@type":"ImageObject","inLanguage":"es","@id":"https:\/\/www.laguiadepamplona.com\/actualidad\/el-ayuntamiento-de-pamplona-colabora-con-el-xvi-salon-del-estudiante-y-el-empleo-que-se-celebra-este-jueves-y-viernes-en-la-sala-de-exposiciones-de-baluarte\/#primaryimage","url":"https:\/\/www.laguiadepamplona.com\/actualidad\/wp-content\/uploads\/2022\/08\/reloj_ayuntamiento.webp","contentUrl":"https:\/\/www.laguiadepamplona.com\/actualidad\/wp-content\/uploads\/2022\/08\/reloj_ayuntamiento.webp","width":1920,"height":1245,"caption":"ayuntamiento"},{"@type":"BreadcrumbList","@id":"https:\/\/www.laguiadepamplona.com\/actualidad\/el-ayuntamiento-de-pamplona-colabora-con-el-xvi-salon-del-estudiante-y-el-empleo-que-se-celebra-este-jueves-y-viernes-en-la-sala-de-exposiciones-de-baluarte\/#breadcrumb","itemListElement":[{"@type":"ListItem","position":1,"name":"Portada","item":"https:\/\/www.laguiadepamplona.com\/actualidad\/"},{"@type":"ListItem","position":2,"name":"El Ayuntamiento de Pamplona colabora con el XVI Sal\u00f3n del estudiante y el empleo que se celebra este jueves y viernes en la sala de exposiciones de Baluarte"}]},{"@type":"WebSite","@id":"https:\/\/www.laguiadepamplona.com\/actualidad\/#website","url":"https:\/\/www.laguiadepamplona.com\/actualidad\/","name":"La gu\u00eda de Pamplona","description":"Noticias de Pamplona","publisher":{"@id":"https:\/\/www.laguiadepamplona.com\/actualidad\/#organization"},"potentialAction":[{"@type":"SearchAction","target":{"@type":"EntryPoint","urlTemplate":"https:\/\/www.laguiadepamplona.com\/actualidad\/?s={search_term_string}"},"query-input":{"@type":"PropertyValueSpecification","valueRequired":true,"valueName":"search_term_string"}}],"inLanguage":"es"},{"@type":"Organization","@id":"https:\/\/www.laguiadepamplona.com\/actualidad\/#organization","name":"La Gu\u00eda de Pamplona \/ Noticias","url":"https:\/\/www.laguiadepamplona.com\/actualidad\/","logo":{"@type":"ImageObject","inLanguage":"es","@id":"https:\/\/www.laguiadepamplona.com\/actualidad\/#\/schema\/logo\/image\/","url":"https:\/\/www.laguiadepamplona.com\/actualidad\/wp-content\/uploads\/2018\/11\/logo-laguiadepamplona18-web1.png","contentUrl":"https:\/\/www.laguiadepamplona.com\/actualidad\/wp-content\/uploads\/2018\/11\/logo-laguiadepamplona18-web1.png","width":600,"height":196,"caption":"La Gu\u00eda de Pamplona \/ Noticias"},"image":{"@id":"https:\/\/www.laguiadepamplona.com\/actualidad\/#\/schema\/logo\/image\/"},"sameAs":["https:\/\/www.facebook.com\/laguiadepamplonacom-133175176762273\/?ref=hl","https:\/\/x.com\/LaGuiadPamplona","https:\/\/www.instagram.com\/la_guia_de_pamplona\/","https:\/\/www.youtube.com\/user\/laguiadepamplona"]},{"@type":"Person","@id":"https:\/\/www.laguiadepamplona.com\/actualidad\/#\/schema\/person\/efe887376f0213d4657c93adc50b1fdb","name":"La Gu\u00eda de Pamplona","image":{"@type":"ImageObject","inLanguage":"es","@id":"https:\/\/secure.gravatar.com\/avatar\/b6992f131dc8d30ab0dff15446e9d346d9dbd95992de0fef795073f5ea83a81c?s=96&d=mm&r=g","url":"https:\/\/secure.gravatar.com\/avatar\/b6992f131dc8d30ab0dff15446e9d346d9dbd95992de0fef795073f5ea83a81c?s=96&d=mm&r=g","contentUrl":"https:\/\/secure.gravatar.com\/avatar\/b6992f131dc8d30ab0dff15446e9d346d9dbd95992de0fef795073f5ea83a81c?s=96&d=mm&r=g","caption":"La Gu\u00eda de Pamplona"}}]}},"post_mailing_queue_ids":[],"_links":{"self":[{"href":"https:\/\/www.laguiadepamplona.com\/actualidad\/wp-json\/wp\/v2\/posts\/43032","targetHints":{"allow":["GET"]}}],"collection":[{"href":"https:\/\/www.laguiadepamplona.com\/actualidad\/wp-json\/wp\/v2\/posts"}],"about":[{"href":"https:\/\/www.laguiadepamplona.com\/actualidad\/wp-json\/wp\/v2\/types\/post"}],"author":[{"embeddable":true,"href":"https:\/\/www.laguiadepamplona.com\/actualidad\/wp-json\/wp\/v2\/users\/1"}],"replies":[{"embeddable":true,"href":"https:\/\/www.laguiadepamplona.com\/actualidad\/wp-json\/wp\/v2\/comments?post=43032"}],"version-history":[{"count":0,"href":"https:\/\/www.laguiadepamplona.com\/actualidad\/wp-json\/wp\/v2\/posts\/43032\/revisions"}],"wp:featuredmedia":[{"embeddable":true,"href":"https:\/\/www.laguiadepamplona.com\/actualidad\/wp-json\/wp\/v2\/media\/41391"}],"wp:attachment":[{"href":"https:\/\/www.laguiadepamplona.com\/actualidad\/wp-json\/wp\/v2\/media?parent=43032"}],"wp:term":[{"taxonomy":"category","embeddable":true,"href":"https:\/\/www.laguiadepamplona.com\/actualidad\/wp-json\/wp\/v2\/categories?post=43032"},{"taxonomy":"post_tag","embeddable":true,"href":"https:\/\/www.laguiadepamplona.com\/actualidad\/wp-json\/wp\/v2\/tags?post=43032"}],"curies":[{"name":"wp","href":"https:\/\/api.w.org\/{rel}","templated":true}]}}