{"id":43023,"date":"2023-02-28T14:43:00","date_gmt":"2023-02-28T12:43:00","guid":{"rendered":"https:\/\/www.laguiadepamplona.com\/actualidad\/?p=43023"},"modified":"2023-04-11T11:47:07","modified_gmt":"2023-04-11T09:47:07","slug":"la-quincena-de-teatro-universitario-cumple-su-vigesimo-quinta-edicion-con-siete-representaciones-en-civivox-iturrama-del-1-al-14-de-marzo","status":"publish","type":"post","link":"https:\/\/www.laguiadepamplona.com\/actualidad\/la-quincena-de-teatro-universitario-cumple-su-vigesimo-quinta-edicion-con-siete-representaciones-en-civivox-iturrama-del-1-al-14-de-marzo\/","title":{"rendered":"La Quincena de Teatro Universitario cumple su vig\u00e9simo quinta edici\u00f3n con siete representaciones en Civivox Iturrama del 1 al 14 de marzo"},"content":{"rendered":"<h5>Las compa\u00f1\u00edas Atrezzo y Mutis por el Foro protagonizan un ciclo organizado en colaboraci\u00f3n con Campus Creativo Museo Universidad de Navarra<\/h5>\n<p><!--more--><\/p>\n<p>La Quincena de Teatro Universitario celebra sus bodas de plata con una nueva edici\u00f3n que se desarrollar\u00e1 del 1 al 14 de marzo. Civivox Iturrama acoger\u00e1 siete representaciones teatrales a cargo de las compa\u00f1\u00edas Atrezzo y Mutis por el Foro, todas ellas a las 19 horas. Las entradas para cada una de ellas tendr\u00e1 un precio de 1 euro y se puede adquirir en el tel\u00e9fono 010 \u2013 948 420 100, en los centros de la red Civivox y en <a href=\"http:\/\/www.pamplonaescultura.es\" target=\"_blank\" rel=\"noopener\">www.pamplonaescultura.es<\/a>. El ciclo se organiza en colaboraci\u00f3n con Campus Creativo Museo Universidad de Navarra.<\/p>\n<p>Este mi\u00e9rcoles se inicia el ciclo con la compa\u00f1\u00eda Atrezzo y la obra \u2018Heyboyheygirl\u2019, de Jordi Casanova. Ante los r\u00e9cords de audiencia conseguidos por la primera edici\u00f3n de un reality show llamado HeyBoyHeyGirl, se decide hacer una segunda edici\u00f3n. Grupos de j\u00f3venes de distintas ciudades se juntan en casas diferentes. El jueves ser\u00e1 Mutis por el Foro quien represente \u2018Ha llegado un inspector\u2019, de J.B. Priestley. La familia Birling est\u00e1 celebrando el compromiso entre Sheila, la hija, y Gerard Croft; un matrimonio que supondr\u00e1 un ascenso econ\u00f3mico y social para el apellido Birling. Pero la alegr\u00eda termina con la repentina visita de un misterioso inspector que est\u00e1 investigando un caso de suicidio. \u2018Mariana Pineda\u2019, de Federico Garc\u00eda Lorca es la apuesta de Mutis por el Foro para el viernes. Mariana Pineda es una mujer de grandes ideales y fuertes convicciones, que lucha siempre por lo que cree y siente, aunque ello suponga arriesgar la vida.<br \/>\n<script async src=\"\/\/pagead2.googlesyndication.com\/pagead\/js\/adsbygoogle.js\"><\/script><br \/>\n<!-- Noticias La Guia de Pamplona --><br \/>\n<ins class=\"adsbygoogle\"\nstyle=\"display:block\"\ndata-ad-client=\"ca-pub-6943679897239327\"\ndata-ad-slot=\"7048180777\"\ndata-ad-format=\"auto\"><\/ins><br \/>\n<script>\n(adsbygoogle = window.adsbygoogle || []).push({});\n<\/script><\/p>\n<p>La pr\u00f3xima semana se representar\u00e1n otras dos obras. Mutis por el Foro propone para el martes 7 de marzo la comedia de Jardiel Poncela \u2018Un marido de ida y vuelta\u2019.\u00a0 Durante la preparaci\u00f3n de una fiesta de disfraces, Pepe fallece repentinamente a causa de un ataque al coraz\u00f3n. Antes de morir, le hace prometer a su amigo Paco Yepes que no se casar\u00e1 con su mujer, Leticia, cuando muera. El 9 de marzo ser\u00e1 el turno de la compa\u00f1\u00eda Atrezzo con \u2018La obra que sale\u2019, de Henry Lewis. Teatro dentro del teatro para descubrir al asesino de Carlota Espa\u00f1a, con una directora novata, un regidor despistado, un libreto sin terminar de ajustar, un grupo de actores sin demasiadas tablas\u2026<\/p>\n<p>Mutis por el Foro volver\u00e1 a los escenarios el lunes 13 y el martes 14 de marzo con \u2018La sirena varada\u2019 y \u2018Los miserables\u2019, respectivamente. \u2018La sirena varada\u2019 se basa en un texto de Alejandro Casona, con un grupo de personajes que pretende huir de una realidad decepcionante y dolorosa, cre\u00e1ndose su propio refugio: un lugar en el que inventar una nueva vida, sin razonamientos ni disciplinas, que solo obedezca al poder de su imaginaci\u00f3n. \u2018Los miserables\u2019 es la adaptaci\u00f3n del cl\u00e1sico de V\u00edctor Hugo. Jean Valjean ha cumplido una condena de casi veinte a\u00f1os por robar comida para su familia. Fuera de la c\u00e1rcel, un inesperado encuentro con el obispo Myriel le har\u00e1 cambiar de actitud y redimirse\u2026<br \/>\n<script async src=\"\/\/pagead2.googlesyndication.com\/pagead\/js\/adsbygoogle.js\"><\/script><br \/>\n<!-- Noticias La Guia de Pamplona --><br \/>\n<ins class=\"adsbygoogle\"\nstyle=\"display:block\"\ndata-ad-client=\"ca-pub-6943679897239327\"\ndata-ad-slot=\"7048180777\"\ndata-ad-format=\"auto\"><\/ins><br \/>\n<script>\n(adsbygoogle = window.adsbygoogle || []).push({});\n<\/script><\/p>\n<p>&nbsp;<\/p>\n<h3>XXV Quincena de Teatro Universitario. Civivox Iturrama<\/h3>\n<ul>\n<li>Mi\u00e9rcoles 1 de marzo, 19 horas. \u2018Heyboyheygirl\u2019, con Atrezzo<\/li>\n<li>Jueves 2 de marzo, 19 horas. \u2018Ha llegado un inspector\u2019, con Mutis por el Foro<\/li>\n<li>Viernes 3 de marzo, 19 horas. \u2018Mariana Pineda\u2019, con Mutis por el Foro<\/li>\n<li>Martes 7 de marzo, 19 horas. \u2018Un marido de ida y vuelta\u2019, con Mutis por el Foro<\/li>\n<li>Jueves 9 de marzo, 19 horas. \u2018La obra que sale mal\u2019, con Atrezzo<\/li>\n<li>Lunes 13 de marzo, 19 horas. \u2018La sirena varada\u2019, con Mutis por el Foro<\/li>\n<li>Martes 14 de marzo, 19 horas. \u2018Los miserables\u2019, con Mutis por el Foro<\/li>\n<\/ul>\n<p>&nbsp;<\/p>\n<ul>\n<li>Entrada: 1 euros, previa inscripci\u00f3n en el tel\u00e9fono 010, los centros de la red Civivox o la web <a href=\"http:\/\/www.pamplonaescultura.es\" target=\"_blank\" rel=\"noopener\">pamplonaescultura.es<\/a>. En colaboraci\u00f3n con Campus Creativo Museo Universidad de Navarra<\/li>\n<\/ul>\n","protected":false},"excerpt":{"rendered":"<p>Las compa\u00f1\u00edas Atrezzo y Mutis por el Foro protagonizan un ciclo organizado en colaboraci\u00f3n con Campus Creativo Museo Universidad de Navarra<\/p>\n","protected":false},"author":1,"featured_media":43024,"comment_status":"open","ping_status":"closed","sticky":false,"template":"","format":"standard","meta":{"footnotes":""},"categories":[2],"tags":[],"class_list":["post-43023","post","type-post","status-publish","format-standard","has-post-thumbnail","hentry","category-ayuntamiento-pamplona"],"yoast_head":"<!-- This site is optimized with the Yoast SEO plugin v27.3 - https:\/\/yoast.com\/product\/yoast-seo-wordpress\/ -->\n<title>La Quincena de Teatro Universitario cumple su vig\u00e9simo quinta edici\u00f3n con siete representaciones en Civivox Iturrama del 1 al 14 de marzo<\/title>\n<meta name=\"description\" content=\"Las compa\u00f1\u00edas Atrezzo y Mutis por el Foro protagonizan un ciclo organizado en colaboraci\u00f3n con Campus Creativo Museo Universidad de Navarra\" \/>\n<meta name=\"robots\" content=\"index, follow, max-snippet:-1, max-image-preview:large, max-video-preview:-1\" \/>\n<link rel=\"canonical\" href=\"https:\/\/www.laguiadepamplona.com\/actualidad\/la-quincena-de-teatro-universitario-cumple-su-vigesimo-quinta-edicion-con-siete-representaciones-en-civivox-iturrama-del-1-al-14-de-marzo\/\" \/>\n<meta property=\"og:locale\" content=\"es_ES\" \/>\n<meta property=\"og:type\" content=\"article\" \/>\n<meta property=\"og:title\" content=\"La Quincena de Teatro Universitario cumple su vig\u00e9simo quinta edici\u00f3n con siete representaciones en Civivox Iturrama del 1 al 14 de marzo\" \/>\n<meta property=\"og:description\" content=\"Las compa\u00f1\u00edas Atrezzo y Mutis por el Foro protagonizan un ciclo organizado en colaboraci\u00f3n con Campus Creativo Museo Universidad de Navarra\" \/>\n<meta property=\"og:url\" content=\"https:\/\/www.laguiadepamplona.com\/actualidad\/la-quincena-de-teatro-universitario-cumple-su-vigesimo-quinta-edicion-con-siete-representaciones-en-civivox-iturrama-del-1-al-14-de-marzo\/\" \/>\n<meta property=\"og:site_name\" content=\"La Gu\u00eda de Pamplona\" \/>\n<meta property=\"article:publisher\" content=\"https:\/\/www.facebook.com\/laguiadepamplonacom-133175176762273\/?ref=hl\" \/>\n<meta property=\"article:published_time\" content=\"2023-02-28T12:43:00+00:00\" \/>\n<meta property=\"article:modified_time\" content=\"2023-04-11T09:47:07+00:00\" \/>\n<meta property=\"og:image\" content=\"https:\/\/www.laguiadepamplona.com\/actualidad\/wp-content\/uploads\/2023\/02\/Quincena-teatro-UN-1.webp\" \/>\n\t<meta property=\"og:image:width\" content=\"1920\" \/>\n\t<meta property=\"og:image:height\" content=\"1280\" \/>\n\t<meta property=\"og:image:type\" content=\"image\/webp\" \/>\n<meta name=\"author\" content=\"La Gu\u00eda de Pamplona\" \/>\n<meta name=\"twitter:card\" content=\"summary_large_image\" \/>\n<meta name=\"twitter:creator\" content=\"@LaGuiadPamplona\" \/>\n<meta name=\"twitter:site\" content=\"@LaGuiadPamplona\" \/>\n<meta name=\"twitter:label1\" content=\"Escrito por\" \/>\n\t<meta name=\"twitter:data1\" content=\"La Gu\u00eda de Pamplona\" \/>\n\t<meta name=\"twitter:label2\" content=\"Tiempo de lectura\" \/>\n\t<meta name=\"twitter:data2\" content=\"3 minutos\" \/>\n<script type=\"application\/ld+json\" class=\"yoast-schema-graph\">{\"@context\":\"https:\\\/\\\/schema.org\",\"@graph\":[{\"@type\":\"Article\",\"@id\":\"https:\\\/\\\/www.laguiadepamplona.com\\\/actualidad\\\/la-quincena-de-teatro-universitario-cumple-su-vigesimo-quinta-edicion-con-siete-representaciones-en-civivox-iturrama-del-1-al-14-de-marzo\\\/#article\",\"isPartOf\":{\"@id\":\"https:\\\/\\\/www.laguiadepamplona.com\\\/actualidad\\\/la-quincena-de-teatro-universitario-cumple-su-vigesimo-quinta-edicion-con-siete-representaciones-en-civivox-iturrama-del-1-al-14-de-marzo\\\/\"},\"author\":{\"name\":\"La Gu\u00eda de Pamplona\",\"@id\":\"https:\\\/\\\/www.laguiadepamplona.com\\\/actualidad\\\/#\\\/schema\\\/person\\\/efe887376f0213d4657c93adc50b1fdb\"},\"headline\":\"La Quincena de Teatro Universitario cumple su vig\u00e9simo quinta edici\u00f3n con siete representaciones en Civivox Iturrama del 1 al 14 de marzo\",\"datePublished\":\"2023-02-28T12:43:00+00:00\",\"dateModified\":\"2023-04-11T09:47:07+00:00\",\"mainEntityOfPage\":{\"@id\":\"https:\\\/\\\/www.laguiadepamplona.com\\\/actualidad\\\/la-quincena-de-teatro-universitario-cumple-su-vigesimo-quinta-edicion-con-siete-representaciones-en-civivox-iturrama-del-1-al-14-de-marzo\\\/\"},\"wordCount\":668,\"commentCount\":0,\"publisher\":{\"@id\":\"https:\\\/\\\/www.laguiadepamplona.com\\\/actualidad\\\/#organization\"},\"image\":{\"@id\":\"https:\\\/\\\/www.laguiadepamplona.com\\\/actualidad\\\/la-quincena-de-teatro-universitario-cumple-su-vigesimo-quinta-edicion-con-siete-representaciones-en-civivox-iturrama-del-1-al-14-de-marzo\\\/#primaryimage\"},\"thumbnailUrl\":\"https:\\\/\\\/www.laguiadepamplona.com\\\/actualidad\\\/wp-content\\\/uploads\\\/2023\\\/02\\\/Quincena-teatro-UN-1.webp\",\"articleSection\":[\"Ayto Pamplona\"],\"inLanguage\":\"es\",\"potentialAction\":[{\"@type\":\"CommentAction\",\"name\":\"Comment\",\"target\":[\"https:\\\/\\\/www.laguiadepamplona.com\\\/actualidad\\\/la-quincena-de-teatro-universitario-cumple-su-vigesimo-quinta-edicion-con-siete-representaciones-en-civivox-iturrama-del-1-al-14-de-marzo\\\/#respond\"]}]},{\"@type\":\"WebPage\",\"@id\":\"https:\\\/\\\/www.laguiadepamplona.com\\\/actualidad\\\/la-quincena-de-teatro-universitario-cumple-su-vigesimo-quinta-edicion-con-siete-representaciones-en-civivox-iturrama-del-1-al-14-de-marzo\\\/\",\"url\":\"https:\\\/\\\/www.laguiadepamplona.com\\\/actualidad\\\/la-quincena-de-teatro-universitario-cumple-su-vigesimo-quinta-edicion-con-siete-representaciones-en-civivox-iturrama-del-1-al-14-de-marzo\\\/\",\"name\":\"La Quincena de Teatro Universitario cumple su vig\u00e9simo quinta edici\u00f3n con siete representaciones en Civivox Iturrama del 1 al 14 de marzo\",\"isPartOf\":{\"@id\":\"https:\\\/\\\/www.laguiadepamplona.com\\\/actualidad\\\/#website\"},\"primaryImageOfPage\":{\"@id\":\"https:\\\/\\\/www.laguiadepamplona.com\\\/actualidad\\\/la-quincena-de-teatro-universitario-cumple-su-vigesimo-quinta-edicion-con-siete-representaciones-en-civivox-iturrama-del-1-al-14-de-marzo\\\/#primaryimage\"},\"image\":{\"@id\":\"https:\\\/\\\/www.laguiadepamplona.com\\\/actualidad\\\/la-quincena-de-teatro-universitario-cumple-su-vigesimo-quinta-edicion-con-siete-representaciones-en-civivox-iturrama-del-1-al-14-de-marzo\\\/#primaryimage\"},\"thumbnailUrl\":\"https:\\\/\\\/www.laguiadepamplona.com\\\/actualidad\\\/wp-content\\\/uploads\\\/2023\\\/02\\\/Quincena-teatro-UN-1.webp\",\"datePublished\":\"2023-02-28T12:43:00+00:00\",\"dateModified\":\"2023-04-11T09:47:07+00:00\",\"description\":\"Las compa\u00f1\u00edas Atrezzo y Mutis por el Foro protagonizan un ciclo organizado en colaboraci\u00f3n con Campus Creativo Museo Universidad de Navarra\",\"breadcrumb\":{\"@id\":\"https:\\\/\\\/www.laguiadepamplona.com\\\/actualidad\\\/la-quincena-de-teatro-universitario-cumple-su-vigesimo-quinta-edicion-con-siete-representaciones-en-civivox-iturrama-del-1-al-14-de-marzo\\\/#breadcrumb\"},\"inLanguage\":\"es\",\"potentialAction\":[{\"@type\":\"ReadAction\",\"target\":[\"https:\\\/\\\/www.laguiadepamplona.com\\\/actualidad\\\/la-quincena-de-teatro-universitario-cumple-su-vigesimo-quinta-edicion-con-siete-representaciones-en-civivox-iturrama-del-1-al-14-de-marzo\\\/\"]}]},{\"@type\":\"ImageObject\",\"inLanguage\":\"es\",\"@id\":\"https:\\\/\\\/www.laguiadepamplona.com\\\/actualidad\\\/la-quincena-de-teatro-universitario-cumple-su-vigesimo-quinta-edicion-con-siete-representaciones-en-civivox-iturrama-del-1-al-14-de-marzo\\\/#primaryimage\",\"url\":\"https:\\\/\\\/www.laguiadepamplona.com\\\/actualidad\\\/wp-content\\\/uploads\\\/2023\\\/02\\\/Quincena-teatro-UN-1.webp\",\"contentUrl\":\"https:\\\/\\\/www.laguiadepamplona.com\\\/actualidad\\\/wp-content\\\/uploads\\\/2023\\\/02\\\/Quincena-teatro-UN-1.webp\",\"width\":1920,\"height\":1280},{\"@type\":\"BreadcrumbList\",\"@id\":\"https:\\\/\\\/www.laguiadepamplona.com\\\/actualidad\\\/la-quincena-de-teatro-universitario-cumple-su-vigesimo-quinta-edicion-con-siete-representaciones-en-civivox-iturrama-del-1-al-14-de-marzo\\\/#breadcrumb\",\"itemListElement\":[{\"@type\":\"ListItem\",\"position\":1,\"name\":\"Portada\",\"item\":\"https:\\\/\\\/www.laguiadepamplona.com\\\/actualidad\\\/\"},{\"@type\":\"ListItem\",\"position\":2,\"name\":\"La Quincena de Teatro Universitario cumple su vig\u00e9simo quinta edici\u00f3n con siete representaciones en Civivox Iturrama del 1 al 14 de marzo\"}]},{\"@type\":\"WebSite\",\"@id\":\"https:\\\/\\\/www.laguiadepamplona.com\\\/actualidad\\\/#website\",\"url\":\"https:\\\/\\\/www.laguiadepamplona.com\\\/actualidad\\\/\",\"name\":\"La gu\u00eda de Pamplona\",\"description\":\"Noticias de Pamplona\",\"publisher\":{\"@id\":\"https:\\\/\\\/www.laguiadepamplona.com\\\/actualidad\\\/#organization\"},\"potentialAction\":[{\"@type\":\"SearchAction\",\"target\":{\"@type\":\"EntryPoint\",\"urlTemplate\":\"https:\\\/\\\/www.laguiadepamplona.com\\\/actualidad\\\/?s={search_term_string}\"},\"query-input\":{\"@type\":\"PropertyValueSpecification\",\"valueRequired\":true,\"valueName\":\"search_term_string\"}}],\"inLanguage\":\"es\"},{\"@type\":\"Organization\",\"@id\":\"https:\\\/\\\/www.laguiadepamplona.com\\\/actualidad\\\/#organization\",\"name\":\"La Gu\u00eda de Pamplona \\\/ Noticias\",\"url\":\"https:\\\/\\\/www.laguiadepamplona.com\\\/actualidad\\\/\",\"logo\":{\"@type\":\"ImageObject\",\"inLanguage\":\"es\",\"@id\":\"https:\\\/\\\/www.laguiadepamplona.com\\\/actualidad\\\/#\\\/schema\\\/logo\\\/image\\\/\",\"url\":\"https:\\\/\\\/www.laguiadepamplona.com\\\/actualidad\\\/wp-content\\\/uploads\\\/2018\\\/11\\\/logo-laguiadepamplona18-web1.png\",\"contentUrl\":\"https:\\\/\\\/www.laguiadepamplona.com\\\/actualidad\\\/wp-content\\\/uploads\\\/2018\\\/11\\\/logo-laguiadepamplona18-web1.png\",\"width\":600,\"height\":196,\"caption\":\"La Gu\u00eda de Pamplona \\\/ Noticias\"},\"image\":{\"@id\":\"https:\\\/\\\/www.laguiadepamplona.com\\\/actualidad\\\/#\\\/schema\\\/logo\\\/image\\\/\"},\"sameAs\":[\"https:\\\/\\\/www.facebook.com\\\/laguiadepamplonacom-133175176762273\\\/?ref=hl\",\"https:\\\/\\\/x.com\\\/LaGuiadPamplona\",\"https:\\\/\\\/www.instagram.com\\\/la_guia_de_pamplona\\\/\",\"https:\\\/\\\/www.youtube.com\\\/user\\\/laguiadepamplona\"]},{\"@type\":\"Person\",\"@id\":\"https:\\\/\\\/www.laguiadepamplona.com\\\/actualidad\\\/#\\\/schema\\\/person\\\/efe887376f0213d4657c93adc50b1fdb\",\"name\":\"La Gu\u00eda de Pamplona\",\"image\":{\"@type\":\"ImageObject\",\"inLanguage\":\"es\",\"@id\":\"https:\\\/\\\/secure.gravatar.com\\\/avatar\\\/b6992f131dc8d30ab0dff15446e9d346d9dbd95992de0fef795073f5ea83a81c?s=96&d=mm&r=g\",\"url\":\"https:\\\/\\\/secure.gravatar.com\\\/avatar\\\/b6992f131dc8d30ab0dff15446e9d346d9dbd95992de0fef795073f5ea83a81c?s=96&d=mm&r=g\",\"contentUrl\":\"https:\\\/\\\/secure.gravatar.com\\\/avatar\\\/b6992f131dc8d30ab0dff15446e9d346d9dbd95992de0fef795073f5ea83a81c?s=96&d=mm&r=g\",\"caption\":\"La Gu\u00eda de Pamplona\"}}]}<\/script>\n<!-- \/ Yoast SEO plugin. -->","yoast_head_json":{"title":"La Quincena de Teatro Universitario cumple su vig\u00e9simo quinta edici\u00f3n con siete representaciones en Civivox Iturrama del 1 al 14 de marzo","description":"Las compa\u00f1\u00edas Atrezzo y Mutis por el Foro protagonizan un ciclo organizado en colaboraci\u00f3n con Campus Creativo Museo Universidad de Navarra","robots":{"index":"index","follow":"follow","max-snippet":"max-snippet:-1","max-image-preview":"max-image-preview:large","max-video-preview":"max-video-preview:-1"},"canonical":"https:\/\/www.laguiadepamplona.com\/actualidad\/la-quincena-de-teatro-universitario-cumple-su-vigesimo-quinta-edicion-con-siete-representaciones-en-civivox-iturrama-del-1-al-14-de-marzo\/","og_locale":"es_ES","og_type":"article","og_title":"La Quincena de Teatro Universitario cumple su vig\u00e9simo quinta edici\u00f3n con siete representaciones en Civivox Iturrama del 1 al 14 de marzo","og_description":"Las compa\u00f1\u00edas Atrezzo y Mutis por el Foro protagonizan un ciclo organizado en colaboraci\u00f3n con Campus Creativo Museo Universidad de Navarra","og_url":"https:\/\/www.laguiadepamplona.com\/actualidad\/la-quincena-de-teatro-universitario-cumple-su-vigesimo-quinta-edicion-con-siete-representaciones-en-civivox-iturrama-del-1-al-14-de-marzo\/","og_site_name":"La Gu\u00eda de Pamplona","article_publisher":"https:\/\/www.facebook.com\/laguiadepamplonacom-133175176762273\/?ref=hl","article_published_time":"2023-02-28T12:43:00+00:00","article_modified_time":"2023-04-11T09:47:07+00:00","og_image":[{"width":1920,"height":1280,"url":"https:\/\/www.laguiadepamplona.com\/actualidad\/wp-content\/uploads\/2023\/02\/Quincena-teatro-UN-1.webp","type":"image\/webp"}],"author":"La Gu\u00eda de Pamplona","twitter_card":"summary_large_image","twitter_creator":"@LaGuiadPamplona","twitter_site":"@LaGuiadPamplona","twitter_misc":{"Escrito por":"La Gu\u00eda de Pamplona","Tiempo de lectura":"3 minutos"},"schema":{"@context":"https:\/\/schema.org","@graph":[{"@type":"Article","@id":"https:\/\/www.laguiadepamplona.com\/actualidad\/la-quincena-de-teatro-universitario-cumple-su-vigesimo-quinta-edicion-con-siete-representaciones-en-civivox-iturrama-del-1-al-14-de-marzo\/#article","isPartOf":{"@id":"https:\/\/www.laguiadepamplona.com\/actualidad\/la-quincena-de-teatro-universitario-cumple-su-vigesimo-quinta-edicion-con-siete-representaciones-en-civivox-iturrama-del-1-al-14-de-marzo\/"},"author":{"name":"La Gu\u00eda de Pamplona","@id":"https:\/\/www.laguiadepamplona.com\/actualidad\/#\/schema\/person\/efe887376f0213d4657c93adc50b1fdb"},"headline":"La Quincena de Teatro Universitario cumple su vig\u00e9simo quinta edici\u00f3n con siete representaciones en Civivox Iturrama del 1 al 14 de marzo","datePublished":"2023-02-28T12:43:00+00:00","dateModified":"2023-04-11T09:47:07+00:00","mainEntityOfPage":{"@id":"https:\/\/www.laguiadepamplona.com\/actualidad\/la-quincena-de-teatro-universitario-cumple-su-vigesimo-quinta-edicion-con-siete-representaciones-en-civivox-iturrama-del-1-al-14-de-marzo\/"},"wordCount":668,"commentCount":0,"publisher":{"@id":"https:\/\/www.laguiadepamplona.com\/actualidad\/#organization"},"image":{"@id":"https:\/\/www.laguiadepamplona.com\/actualidad\/la-quincena-de-teatro-universitario-cumple-su-vigesimo-quinta-edicion-con-siete-representaciones-en-civivox-iturrama-del-1-al-14-de-marzo\/#primaryimage"},"thumbnailUrl":"https:\/\/www.laguiadepamplona.com\/actualidad\/wp-content\/uploads\/2023\/02\/Quincena-teatro-UN-1.webp","articleSection":["Ayto Pamplona"],"inLanguage":"es","potentialAction":[{"@type":"CommentAction","name":"Comment","target":["https:\/\/www.laguiadepamplona.com\/actualidad\/la-quincena-de-teatro-universitario-cumple-su-vigesimo-quinta-edicion-con-siete-representaciones-en-civivox-iturrama-del-1-al-14-de-marzo\/#respond"]}]},{"@type":"WebPage","@id":"https:\/\/www.laguiadepamplona.com\/actualidad\/la-quincena-de-teatro-universitario-cumple-su-vigesimo-quinta-edicion-con-siete-representaciones-en-civivox-iturrama-del-1-al-14-de-marzo\/","url":"https:\/\/www.laguiadepamplona.com\/actualidad\/la-quincena-de-teatro-universitario-cumple-su-vigesimo-quinta-edicion-con-siete-representaciones-en-civivox-iturrama-del-1-al-14-de-marzo\/","name":"La Quincena de Teatro Universitario cumple su vig\u00e9simo quinta edici\u00f3n con siete representaciones en Civivox Iturrama del 1 al 14 de marzo","isPartOf":{"@id":"https:\/\/www.laguiadepamplona.com\/actualidad\/#website"},"primaryImageOfPage":{"@id":"https:\/\/www.laguiadepamplona.com\/actualidad\/la-quincena-de-teatro-universitario-cumple-su-vigesimo-quinta-edicion-con-siete-representaciones-en-civivox-iturrama-del-1-al-14-de-marzo\/#primaryimage"},"image":{"@id":"https:\/\/www.laguiadepamplona.com\/actualidad\/la-quincena-de-teatro-universitario-cumple-su-vigesimo-quinta-edicion-con-siete-representaciones-en-civivox-iturrama-del-1-al-14-de-marzo\/#primaryimage"},"thumbnailUrl":"https:\/\/www.laguiadepamplona.com\/actualidad\/wp-content\/uploads\/2023\/02\/Quincena-teatro-UN-1.webp","datePublished":"2023-02-28T12:43:00+00:00","dateModified":"2023-04-11T09:47:07+00:00","description":"Las compa\u00f1\u00edas Atrezzo y Mutis por el Foro protagonizan un ciclo organizado en colaboraci\u00f3n con Campus Creativo Museo Universidad de Navarra","breadcrumb":{"@id":"https:\/\/www.laguiadepamplona.com\/actualidad\/la-quincena-de-teatro-universitario-cumple-su-vigesimo-quinta-edicion-con-siete-representaciones-en-civivox-iturrama-del-1-al-14-de-marzo\/#breadcrumb"},"inLanguage":"es","potentialAction":[{"@type":"ReadAction","target":["https:\/\/www.laguiadepamplona.com\/actualidad\/la-quincena-de-teatro-universitario-cumple-su-vigesimo-quinta-edicion-con-siete-representaciones-en-civivox-iturrama-del-1-al-14-de-marzo\/"]}]},{"@type":"ImageObject","inLanguage":"es","@id":"https:\/\/www.laguiadepamplona.com\/actualidad\/la-quincena-de-teatro-universitario-cumple-su-vigesimo-quinta-edicion-con-siete-representaciones-en-civivox-iturrama-del-1-al-14-de-marzo\/#primaryimage","url":"https:\/\/www.laguiadepamplona.com\/actualidad\/wp-content\/uploads\/2023\/02\/Quincena-teatro-UN-1.webp","contentUrl":"https:\/\/www.laguiadepamplona.com\/actualidad\/wp-content\/uploads\/2023\/02\/Quincena-teatro-UN-1.webp","width":1920,"height":1280},{"@type":"BreadcrumbList","@id":"https:\/\/www.laguiadepamplona.com\/actualidad\/la-quincena-de-teatro-universitario-cumple-su-vigesimo-quinta-edicion-con-siete-representaciones-en-civivox-iturrama-del-1-al-14-de-marzo\/#breadcrumb","itemListElement":[{"@type":"ListItem","position":1,"name":"Portada","item":"https:\/\/www.laguiadepamplona.com\/actualidad\/"},{"@type":"ListItem","position":2,"name":"La Quincena de Teatro Universitario cumple su vig\u00e9simo quinta edici\u00f3n con siete representaciones en Civivox Iturrama del 1 al 14 de marzo"}]},{"@type":"WebSite","@id":"https:\/\/www.laguiadepamplona.com\/actualidad\/#website","url":"https:\/\/www.laguiadepamplona.com\/actualidad\/","name":"La gu\u00eda de Pamplona","description":"Noticias de Pamplona","publisher":{"@id":"https:\/\/www.laguiadepamplona.com\/actualidad\/#organization"},"potentialAction":[{"@type":"SearchAction","target":{"@type":"EntryPoint","urlTemplate":"https:\/\/www.laguiadepamplona.com\/actualidad\/?s={search_term_string}"},"query-input":{"@type":"PropertyValueSpecification","valueRequired":true,"valueName":"search_term_string"}}],"inLanguage":"es"},{"@type":"Organization","@id":"https:\/\/www.laguiadepamplona.com\/actualidad\/#organization","name":"La Gu\u00eda de Pamplona \/ Noticias","url":"https:\/\/www.laguiadepamplona.com\/actualidad\/","logo":{"@type":"ImageObject","inLanguage":"es","@id":"https:\/\/www.laguiadepamplona.com\/actualidad\/#\/schema\/logo\/image\/","url":"https:\/\/www.laguiadepamplona.com\/actualidad\/wp-content\/uploads\/2018\/11\/logo-laguiadepamplona18-web1.png","contentUrl":"https:\/\/www.laguiadepamplona.com\/actualidad\/wp-content\/uploads\/2018\/11\/logo-laguiadepamplona18-web1.png","width":600,"height":196,"caption":"La Gu\u00eda de Pamplona \/ Noticias"},"image":{"@id":"https:\/\/www.laguiadepamplona.com\/actualidad\/#\/schema\/logo\/image\/"},"sameAs":["https:\/\/www.facebook.com\/laguiadepamplonacom-133175176762273\/?ref=hl","https:\/\/x.com\/LaGuiadPamplona","https:\/\/www.instagram.com\/la_guia_de_pamplona\/","https:\/\/www.youtube.com\/user\/laguiadepamplona"]},{"@type":"Person","@id":"https:\/\/www.laguiadepamplona.com\/actualidad\/#\/schema\/person\/efe887376f0213d4657c93adc50b1fdb","name":"La Gu\u00eda de Pamplona","image":{"@type":"ImageObject","inLanguage":"es","@id":"https:\/\/secure.gravatar.com\/avatar\/b6992f131dc8d30ab0dff15446e9d346d9dbd95992de0fef795073f5ea83a81c?s=96&d=mm&r=g","url":"https:\/\/secure.gravatar.com\/avatar\/b6992f131dc8d30ab0dff15446e9d346d9dbd95992de0fef795073f5ea83a81c?s=96&d=mm&r=g","contentUrl":"https:\/\/secure.gravatar.com\/avatar\/b6992f131dc8d30ab0dff15446e9d346d9dbd95992de0fef795073f5ea83a81c?s=96&d=mm&r=g","caption":"La Gu\u00eda de Pamplona"}}]}},"post_mailing_queue_ids":[],"_links":{"self":[{"href":"https:\/\/www.laguiadepamplona.com\/actualidad\/wp-json\/wp\/v2\/posts\/43023","targetHints":{"allow":["GET"]}}],"collection":[{"href":"https:\/\/www.laguiadepamplona.com\/actualidad\/wp-json\/wp\/v2\/posts"}],"about":[{"href":"https:\/\/www.laguiadepamplona.com\/actualidad\/wp-json\/wp\/v2\/types\/post"}],"author":[{"embeddable":true,"href":"https:\/\/www.laguiadepamplona.com\/actualidad\/wp-json\/wp\/v2\/users\/1"}],"replies":[{"embeddable":true,"href":"https:\/\/www.laguiadepamplona.com\/actualidad\/wp-json\/wp\/v2\/comments?post=43023"}],"version-history":[{"count":0,"href":"https:\/\/www.laguiadepamplona.com\/actualidad\/wp-json\/wp\/v2\/posts\/43023\/revisions"}],"wp:featuredmedia":[{"embeddable":true,"href":"https:\/\/www.laguiadepamplona.com\/actualidad\/wp-json\/wp\/v2\/media\/43024"}],"wp:attachment":[{"href":"https:\/\/www.laguiadepamplona.com\/actualidad\/wp-json\/wp\/v2\/media?parent=43023"}],"wp:term":[{"taxonomy":"category","embeddable":true,"href":"https:\/\/www.laguiadepamplona.com\/actualidad\/wp-json\/wp\/v2\/categories?post=43023"},{"taxonomy":"post_tag","embeddable":true,"href":"https:\/\/www.laguiadepamplona.com\/actualidad\/wp-json\/wp\/v2\/tags?post=43023"}],"curies":[{"name":"wp","href":"https:\/\/api.w.org\/{rel}","templated":true}]}}