{"id":43020,"date":"2023-02-28T14:41:15","date_gmt":"2023-02-28T12:41:15","guid":{"rendered":"https:\/\/www.laguiadepamplona.com\/actualidad\/?p=43020"},"modified":"2023-04-11T11:47:07","modified_gmt":"2023-04-11T09:47:07","slug":"el-comercio-local-celebra-del-2-al-4-de-marzo-pamplona-stock-con-la-posibilidad-de-sacar-genero-a-la-puerta-de-sus-establecimientos","status":"publish","type":"post","link":"https:\/\/www.laguiadepamplona.com\/actualidad\/el-comercio-local-celebra-del-2-al-4-de-marzo-pamplona-stock-con-la-posibilidad-de-sacar-genero-a-la-puerta-de-sus-establecimientos\/","title":{"rendered":"El comercio local celebra del 2 al 4 de marzo \u2018Pamplona Stock\u2019, con la posibilidad de sacar g\u00e9nero a la puerta de sus establecimientos"},"content":{"rendered":"<h5>El Ayuntamiento de Pamplona organiza esta campa\u00f1a desde 2007, en colaboraci\u00f3n con las asociaciones de comerciantes de la ciudad<\/h5>\n<p><!--more--><\/p>\n<p>A primeros de marzo, una vez finalizado el periodo de rebajas, vuelve \u2018Pamplona Stock\u2019. El comercio local celebrar\u00e1 del jueves 2 al s\u00e1bado 4 de marzo esta nueva edici\u00f3n de una campa\u00f1a en la que el Ayuntamiento de Pamplona, en colaboraci\u00f3n con las asociaciones de comerciantes, ofrece la oportunidad a los establecimientos de poder sacar a la calle g\u00e9nero para su venta. Un a\u00f1o m\u00e1s, Pamplona Stock se celebrar\u00e1 en cada establecimiento, en horario de jornada comercial.<br \/>\n<script async src=\"\/\/pagead2.googlesyndication.com\/pagead\/js\/adsbygoogle.js\"><\/script><br \/>\n<!-- Noticias La Guia de Pamplona --><br \/>\n<ins class=\"adsbygoogle\"\nstyle=\"display:block\"\ndata-ad-client=\"ca-pub-6943679897239327\"\ndata-ad-slot=\"7048180777\"\ndata-ad-format=\"auto\"><\/ins><br \/>\n<script>\n(adsbygoogle = window.adsbygoogle || []).push({});\n<\/script><\/p>\n<p>Pueden participar en esta Pamplona Stock 2023 los comercios que lo deseen, cumpliendo, en el caso de querer sacar producto a la v\u00eda p\u00fablica, las condiciones establecidas en la normativa municipal para otras campa\u00f1as como \u2018El comercio sale a la calle\u2019. Por el momento, m\u00e1s de 50 comercios se han sumado a esta campa\u00f1a. Pamplona Stock se puede llevar a cabo en todos los barrios y zonas comerciales de la ciudad con car\u00e1cter general, si bien se prev\u00e9 mayor presencia en aquellos barrios que cuentan con asociaci\u00f3n de comerciantes como Casco Antiguo, Ensanche, Iturrama, Mart\u00edn Azpilcueta, San Jorge, Rochapea, Txantrea, Mendillorri y San Juan, Ermitaga\u00f1a y Mendebaldea.<\/p>\n<p>El Ayuntamiento, a trav\u00e9s del \u00e1rea de Comercio y Turismo, organiza desde 2007 esta campa\u00f1a \u2018Pamplona Stock\u2019. En sus primeras ediciones, se centralizaba en un lugar com\u00fan, como Baluarte o la antigua estaci\u00f3n de autobuses, pero desde hace unos a\u00f1os son los propios comercios los que lo celebran en sus establecimientos, tanto en el interior como pudiendo salir a calle. El Ayuntamiento de Pamplona contin\u00faa apoyando esta acci\u00f3n promocional para visibilizar la marca comercio local y apoyar la liquidaci\u00f3n de stock de cara a liberar almacenes y recibir el g\u00e9nero de la nueva temporada<br \/>\n<script async src=\"\/\/pagead2.googlesyndication.com\/pagead\/js\/adsbygoogle.js\"><\/script><br \/>\n<!-- Noticias La Guia de Pamplona --><br \/>\n<ins class=\"adsbygoogle\"\nstyle=\"display:block\"\ndata-ad-client=\"ca-pub-6943679897239327\"\ndata-ad-slot=\"7048180777\"\ndata-ad-format=\"auto\"><\/ins><br \/>\n<script>\n(adsbygoogle = window.adsbygoogle || []).push({});\n<\/script><\/p>\n<p><strong>Instrucciones para sacar g\u00e9nero a la calle<\/strong><\/p>\n<p>Entre otras medidas, los comercios que saquen g\u00e9nero a la calle no podr\u00e1n ocupar m\u00e1s metros lineales de los que tiene la fachada del local ni ocupar m\u00e1s de dos metros de profundidad de manera perpendicular a la fachada. No se permite la instalaci\u00f3n de carpas, de megafon\u00eda o de elementos que requieran de electricidad (esto \u00faltimo salvo autorizaci\u00f3n expresa) ni de elementos que obstaculicen el paso al propio establecimiento. Se recomienda sacar mobiliario ligero que sea f\u00e1cil de retirar con rapidez.<\/p>\n<p>Todos los elementos instalados en la v\u00eda p\u00fablica se retirar\u00e1n a la finalizaci\u00f3n de la jornada comercial. La anchura m\u00ednima libre de paso para los peatones en las aceras ser\u00e1 de 2 metros. No se podr\u00e1n exponer ni vender en v\u00eda p\u00fablica productos de alimentaci\u00f3n frescos que requieran refrigeraci\u00f3n. No obstante, todo lo anterior, prevalecer\u00e1n y se atender\u00e1n en todo momento las instrucciones y recomendaciones de la Polic\u00eda Municipal de Pamplona por si fuera preciso realizar modificaciones en la instalaci\u00f3n del mobiliario.<\/p>\n<p>El Ayuntamiento de Pamplona no se har\u00e1 responsable de los da\u00f1os, p\u00e9rdidas, robos o incidencias en general que se puedan producir durante el desarrollo de esta actividad, en lo que a la presencia en la calle se refiere durante la jornada comercial.<br \/>\n<script async src=\"\/\/pagead2.googlesyndication.com\/pagead\/js\/adsbygoogle.js\"><\/script><br \/>\n<!-- Noticias La Guia de Pamplona --><br \/>\n<ins class=\"adsbygoogle\"\nstyle=\"display:block\"\ndata-ad-client=\"ca-pub-6943679897239327\"\ndata-ad-slot=\"7048180777\"\ndata-ad-format=\"auto\"><\/ins><br \/>\n<script>\n(adsbygoogle = window.adsbygoogle || []).push({});\n<\/script><\/p>\n<p>&nbsp;<\/p>\n<h3>Pamplona Stock 2023. Comercios participantes<\/h3>\n<p><strong><u><br \/>\nCASCO ANTIGUO<\/u><\/strong><\/p>\n<ul>\n<li>CALZADOS BASOCO. CALZADO<\/li>\n<li>MODA Y COMPLEMENTOS<\/li>\n<li>MODA Y COMPLEMENTOS<\/li>\n<li>SAMOA ZAPATER\u00cdA. CALZADO<\/li>\n<li>SAMOA MERCADERES. CALZADO<\/li>\n<li>ARTESAN\u00cdA, MODA Y COMPLEMENTOS<\/li>\n<li>MODA Y COMPLEMENTOS<\/li>\n<li>LA ZAPATILLERA. CALZADO<\/li>\n<li>SKANER SHOP. MODA Y COMPLEMENTOS<\/li>\n<li>SLIDE SHOP. MODA Y COMPLEMENTOS<\/li>\n<li>MODA Y COMPLEMENTOS<\/li>\n<li>BISUTER\u00cdA<\/li>\n<li>CEBRI\u00c1N. BOLSOS, MALETAS Y COMPLEMENTOS<\/li>\n<li>CALZADOS LA MA\u00d1UETA. CALZADO<\/li>\n<li>LA TRASTIENDA. MODA Y MUNDO BEB\u00c9<\/li>\n<li>CRISTINA TOLLAR. MODA Y COMPLEMENTOS<\/li>\n<\/ul>\n<p>&nbsp;<\/p>\n<p><strong><u>ENSANCHE<\/u><\/strong><\/p>\n<ul>\n<li>JOYER\u00cdA IRISARRI. JOYER\u00cdA<\/li>\n<li>MERCER\u00cdA Y COSTURA<\/li>\n<li>DN INMO. INMOBILIARIA<\/li>\n<li>DONDE SIEMPRE. TEXTIL<\/li>\n<li>MANUALIDADES<\/li>\n<li>LANERA NAVARRA. MERCER\u00cdA<\/li>\n<li>LENCER\u00cdA MARIAN. TEXTIL<\/li>\n<li>MENAJE HOGAR<\/li>\n<li>L\u00cdA CARRIEDO. TEXTIL<\/li>\n<\/ul>\n<p>&nbsp;<\/p>\n<p><strong><u>MART\u00cdN AZPILCUETA<\/u><\/strong><\/p>\n<ul>\n<li>BAR DOVEN. RESTAURACI\u00d3N<\/li>\n<li>CENOR ELECTRODOMESTICOS<\/li>\n<li>COVIRAN TURUMBAY. ALIMENTACI\u00d3N<\/li>\n<li>ILUMINACI\u00d3N Y ELECTRICIDAD I\u00d1AKI. ILUMINACI\u00d3N<\/li>\n<li>GELISA DECORACI\u00d3N. TEXTIL HOGAR<\/li>\n<li>LIZARRAGA. MODA, COMPLEMENTOS Y REGALOS<\/li>\n<li>MERCER\u00cdA MERCER\u00cdA<\/li>\n<li>MILAR \u2013 SAN JUAN. ELECTRODOMESTICOS<\/li>\n<li>RANGL\u00c1N. MODA Y COMPLEMENTOS<\/li>\n<li>PAPELER\u00cdA ITURRALDE. PAPELER\u00cdA<\/li>\n<li>COMPLEMENTOS, REGALO, ARTESAN\u00cdA<\/li>\n<\/ul>\n<p>&nbsp;<\/p>\n<p><strong><u>SAN JUAN, ERMITAGA\u00d1A Y MENDEBALDEA<\/u><\/strong><\/p>\n<ul>\n<li>DEKHO MODA. MODA Y COMPLEMENTOS<\/li>\n<li>MODA Y COMPLEMENTOS<\/li>\n<li>MODA MUJER PILI ZUGALDIA. MODA Y COMPLEMENTOS<\/li>\n<li>MODA Y COMPLEMENTOS<\/li>\n<li>MERCER\u00cdA LENCER\u00cdA CONCHI. MERCER\u00cdA Y LENCER\u00cdA<\/li>\n<li>MODA D\u00b4ELLAS. CALZADO, MODA Y COMPLEMENTOS (AVENIDA BAYONA)<\/li>\n<li>MODA D\u00b4ELLAS. CALZADO, MODA Y COMPLEMENTOS (CALLE SANCHO RAM\u00cdREZ)<\/li>\n<\/ul>\n<p><strong>\u00a0<\/strong><\/p>\n<p><strong><u>SAN JORGE<\/u><\/strong><\/p>\n<ul>\n<li>CENTRO NATURO \u2013EST\u00c9TICA NEROLI. PRODUCTOS NATURALES DE BELLEZA<\/li>\n<li>JOYER\u00cdA Y RELOJER\u00cdA DOMINGUEZ. JOYER\u00cdA Y RELOJER\u00cdA<\/li>\n<\/ul>\n<p>&nbsp;<\/p>\n<p><strong><u>MENDILLORRI<\/u><\/strong><\/p>\n<ul>\n<li>FRUTER\u00cdA BARATZA. FRUTAS Y VERDURAS<\/li>\n<li>MI COCINA. MOBILIARIO DE COCINA Y BA\u00d1O<\/li>\n<li>EVASI\u00d3N MODA. MODA Y COMPLEMENTOS<\/li>\n<\/ul>\n<p>&nbsp;<\/p>\n","protected":false},"excerpt":{"rendered":"<p>El Ayuntamiento de Pamplona organiza esta campa\u00f1a desde 2007, en colaboraci\u00f3n con las asociaciones de comerciantes de la ciudad<\/p>\n","protected":false},"author":1,"featured_media":43021,"comment_status":"open","ping_status":"closed","sticky":false,"template":"","format":"standard","meta":{"footnotes":""},"categories":[2],"tags":[],"class_list":["post-43020","post","type-post","status-publish","format-standard","has-post-thumbnail","hentry","category-ayuntamiento-pamplona"],"yoast_head":"<!-- This site is optimized with the Yoast SEO plugin v27.5 - https:\/\/yoast.com\/product\/yoast-seo-wordpress\/ -->\n<title>El comercio local celebra del 2 al 4 de marzo \u2018Pamplona Stock\u2019, con la posibilidad de sacar g\u00e9nero a la puerta de sus establecimientos<\/title>\n<meta name=\"description\" content=\"El Ayuntamiento de Pamplona organiza esta campa\u00f1a desde 2007, en colaboraci\u00f3n con las asociaciones de comerciantes de la ciudad\u00a0\" \/>\n<meta name=\"robots\" content=\"index, follow, max-snippet:-1, max-image-preview:large, max-video-preview:-1\" \/>\n<link rel=\"canonical\" href=\"https:\/\/www.laguiadepamplona.com\/actualidad\/el-comercio-local-celebra-del-2-al-4-de-marzo-pamplona-stock-con-la-posibilidad-de-sacar-genero-a-la-puerta-de-sus-establecimientos\/\" \/>\n<meta property=\"og:locale\" content=\"es_ES\" \/>\n<meta property=\"og:type\" content=\"article\" \/>\n<meta property=\"og:title\" content=\"El comercio local celebra del 2 al 4 de marzo \u2018Pamplona Stock\u2019, con la posibilidad de sacar g\u00e9nero a la puerta de sus establecimientos\" \/>\n<meta property=\"og:description\" content=\"El Ayuntamiento de Pamplona organiza esta campa\u00f1a desde 2007, en colaboraci\u00f3n con las asociaciones de comerciantes de la ciudad\u00a0\" \/>\n<meta property=\"og:url\" content=\"https:\/\/www.laguiadepamplona.com\/actualidad\/el-comercio-local-celebra-del-2-al-4-de-marzo-pamplona-stock-con-la-posibilidad-de-sacar-genero-a-la-puerta-de-sus-establecimientos\/\" \/>\n<meta property=\"og:site_name\" content=\"La Gu\u00eda de Pamplona\" \/>\n<meta property=\"article:publisher\" content=\"https:\/\/www.facebook.com\/laguiadepamplonacom-133175176762273\/?ref=hl\" \/>\n<meta property=\"article:published_time\" content=\"2023-02-28T12:41:15+00:00\" \/>\n<meta property=\"article:modified_time\" content=\"2023-04-11T09:47:07+00:00\" \/>\n<meta property=\"og:image\" content=\"https:\/\/www.laguiadepamplona.com\/actualidad\/wp-content\/uploads\/2023\/02\/pamplona-stock-2023.jpeg\" \/>\n\t<meta property=\"og:image:width\" content=\"747\" \/>\n\t<meta property=\"og:image:height\" content=\"594\" \/>\n\t<meta property=\"og:image:type\" content=\"image\/jpeg\" \/>\n<meta name=\"author\" content=\"La Gu\u00eda de Pamplona\" \/>\n<meta name=\"twitter:card\" content=\"summary_large_image\" \/>\n<meta name=\"twitter:creator\" content=\"@LaGuiadPamplona\" \/>\n<meta name=\"twitter:site\" content=\"@LaGuiadPamplona\" \/>\n<meta name=\"twitter:label1\" content=\"Escrito por\" \/>\n\t<meta name=\"twitter:data1\" content=\"La Gu\u00eda de Pamplona\" \/>\n\t<meta name=\"twitter:label2\" content=\"Tiempo de lectura\" \/>\n\t<meta name=\"twitter:data2\" content=\"4 minutos\" \/>\n<script type=\"application\/ld+json\" class=\"yoast-schema-graph\">{\"@context\":\"https:\\\/\\\/schema.org\",\"@graph\":[{\"@type\":\"Article\",\"@id\":\"https:\\\/\\\/www.laguiadepamplona.com\\\/actualidad\\\/el-comercio-local-celebra-del-2-al-4-de-marzo-pamplona-stock-con-la-posibilidad-de-sacar-genero-a-la-puerta-de-sus-establecimientos\\\/#article\",\"isPartOf\":{\"@id\":\"https:\\\/\\\/www.laguiadepamplona.com\\\/actualidad\\\/el-comercio-local-celebra-del-2-al-4-de-marzo-pamplona-stock-con-la-posibilidad-de-sacar-genero-a-la-puerta-de-sus-establecimientos\\\/\"},\"author\":{\"name\":\"La Gu\u00eda de Pamplona\",\"@id\":\"https:\\\/\\\/www.laguiadepamplona.com\\\/actualidad\\\/#\\\/schema\\\/person\\\/efe887376f0213d4657c93adc50b1fdb\"},\"headline\":\"El comercio local celebra del 2 al 4 de marzo \u2018Pamplona Stock\u2019, con la posibilidad de sacar g\u00e9nero a la puerta de sus establecimientos\",\"datePublished\":\"2023-02-28T12:41:15+00:00\",\"dateModified\":\"2023-04-11T09:47:07+00:00\",\"mainEntityOfPage\":{\"@id\":\"https:\\\/\\\/www.laguiadepamplona.com\\\/actualidad\\\/el-comercio-local-celebra-del-2-al-4-de-marzo-pamplona-stock-con-la-posibilidad-de-sacar-genero-a-la-puerta-de-sus-establecimientos\\\/\"},\"wordCount\":835,\"commentCount\":0,\"publisher\":{\"@id\":\"https:\\\/\\\/www.laguiadepamplona.com\\\/actualidad\\\/#organization\"},\"image\":{\"@id\":\"https:\\\/\\\/www.laguiadepamplona.com\\\/actualidad\\\/el-comercio-local-celebra-del-2-al-4-de-marzo-pamplona-stock-con-la-posibilidad-de-sacar-genero-a-la-puerta-de-sus-establecimientos\\\/#primaryimage\"},\"thumbnailUrl\":\"https:\\\/\\\/www.laguiadepamplona.com\\\/actualidad\\\/wp-content\\\/uploads\\\/2023\\\/02\\\/pamplona-stock-2023.jpeg\",\"articleSection\":[\"Ayto Pamplona\"],\"inLanguage\":\"es\",\"potentialAction\":[{\"@type\":\"CommentAction\",\"name\":\"Comment\",\"target\":[\"https:\\\/\\\/www.laguiadepamplona.com\\\/actualidad\\\/el-comercio-local-celebra-del-2-al-4-de-marzo-pamplona-stock-con-la-posibilidad-de-sacar-genero-a-la-puerta-de-sus-establecimientos\\\/#respond\"]}]},{\"@type\":\"WebPage\",\"@id\":\"https:\\\/\\\/www.laguiadepamplona.com\\\/actualidad\\\/el-comercio-local-celebra-del-2-al-4-de-marzo-pamplona-stock-con-la-posibilidad-de-sacar-genero-a-la-puerta-de-sus-establecimientos\\\/\",\"url\":\"https:\\\/\\\/www.laguiadepamplona.com\\\/actualidad\\\/el-comercio-local-celebra-del-2-al-4-de-marzo-pamplona-stock-con-la-posibilidad-de-sacar-genero-a-la-puerta-de-sus-establecimientos\\\/\",\"name\":\"El comercio local celebra del 2 al 4 de marzo \u2018Pamplona Stock\u2019, con la posibilidad de sacar g\u00e9nero a la puerta de sus establecimientos\",\"isPartOf\":{\"@id\":\"https:\\\/\\\/www.laguiadepamplona.com\\\/actualidad\\\/#website\"},\"primaryImageOfPage\":{\"@id\":\"https:\\\/\\\/www.laguiadepamplona.com\\\/actualidad\\\/el-comercio-local-celebra-del-2-al-4-de-marzo-pamplona-stock-con-la-posibilidad-de-sacar-genero-a-la-puerta-de-sus-establecimientos\\\/#primaryimage\"},\"image\":{\"@id\":\"https:\\\/\\\/www.laguiadepamplona.com\\\/actualidad\\\/el-comercio-local-celebra-del-2-al-4-de-marzo-pamplona-stock-con-la-posibilidad-de-sacar-genero-a-la-puerta-de-sus-establecimientos\\\/#primaryimage\"},\"thumbnailUrl\":\"https:\\\/\\\/www.laguiadepamplona.com\\\/actualidad\\\/wp-content\\\/uploads\\\/2023\\\/02\\\/pamplona-stock-2023.jpeg\",\"datePublished\":\"2023-02-28T12:41:15+00:00\",\"dateModified\":\"2023-04-11T09:47:07+00:00\",\"description\":\"El Ayuntamiento de Pamplona organiza esta campa\u00f1a desde 2007, en colaboraci\u00f3n con las asociaciones de comerciantes de la ciudad\u00a0\",\"breadcrumb\":{\"@id\":\"https:\\\/\\\/www.laguiadepamplona.com\\\/actualidad\\\/el-comercio-local-celebra-del-2-al-4-de-marzo-pamplona-stock-con-la-posibilidad-de-sacar-genero-a-la-puerta-de-sus-establecimientos\\\/#breadcrumb\"},\"inLanguage\":\"es\",\"potentialAction\":[{\"@type\":\"ReadAction\",\"target\":[\"https:\\\/\\\/www.laguiadepamplona.com\\\/actualidad\\\/el-comercio-local-celebra-del-2-al-4-de-marzo-pamplona-stock-con-la-posibilidad-de-sacar-genero-a-la-puerta-de-sus-establecimientos\\\/\"]}]},{\"@type\":\"ImageObject\",\"inLanguage\":\"es\",\"@id\":\"https:\\\/\\\/www.laguiadepamplona.com\\\/actualidad\\\/el-comercio-local-celebra-del-2-al-4-de-marzo-pamplona-stock-con-la-posibilidad-de-sacar-genero-a-la-puerta-de-sus-establecimientos\\\/#primaryimage\",\"url\":\"https:\\\/\\\/www.laguiadepamplona.com\\\/actualidad\\\/wp-content\\\/uploads\\\/2023\\\/02\\\/pamplona-stock-2023.jpeg\",\"contentUrl\":\"https:\\\/\\\/www.laguiadepamplona.com\\\/actualidad\\\/wp-content\\\/uploads\\\/2023\\\/02\\\/pamplona-stock-2023.jpeg\",\"width\":747,\"height\":594},{\"@type\":\"BreadcrumbList\",\"@id\":\"https:\\\/\\\/www.laguiadepamplona.com\\\/actualidad\\\/el-comercio-local-celebra-del-2-al-4-de-marzo-pamplona-stock-con-la-posibilidad-de-sacar-genero-a-la-puerta-de-sus-establecimientos\\\/#breadcrumb\",\"itemListElement\":[{\"@type\":\"ListItem\",\"position\":1,\"name\":\"Portada\",\"item\":\"https:\\\/\\\/www.laguiadepamplona.com\\\/actualidad\\\/\"},{\"@type\":\"ListItem\",\"position\":2,\"name\":\"El comercio local celebra del 2 al 4 de marzo \u2018Pamplona Stock\u2019, con la posibilidad de sacar g\u00e9nero a la puerta de sus establecimientos\"}]},{\"@type\":\"WebSite\",\"@id\":\"https:\\\/\\\/www.laguiadepamplona.com\\\/actualidad\\\/#website\",\"url\":\"https:\\\/\\\/www.laguiadepamplona.com\\\/actualidad\\\/\",\"name\":\"La gu\u00eda de Pamplona\",\"description\":\"Noticias de Pamplona\",\"publisher\":{\"@id\":\"https:\\\/\\\/www.laguiadepamplona.com\\\/actualidad\\\/#organization\"},\"potentialAction\":[{\"@type\":\"SearchAction\",\"target\":{\"@type\":\"EntryPoint\",\"urlTemplate\":\"https:\\\/\\\/www.laguiadepamplona.com\\\/actualidad\\\/?s={search_term_string}\"},\"query-input\":{\"@type\":\"PropertyValueSpecification\",\"valueRequired\":true,\"valueName\":\"search_term_string\"}}],\"inLanguage\":\"es\"},{\"@type\":\"Organization\",\"@id\":\"https:\\\/\\\/www.laguiadepamplona.com\\\/actualidad\\\/#organization\",\"name\":\"La Gu\u00eda de Pamplona \\\/ Noticias\",\"url\":\"https:\\\/\\\/www.laguiadepamplona.com\\\/actualidad\\\/\",\"logo\":{\"@type\":\"ImageObject\",\"inLanguage\":\"es\",\"@id\":\"https:\\\/\\\/www.laguiadepamplona.com\\\/actualidad\\\/#\\\/schema\\\/logo\\\/image\\\/\",\"url\":\"https:\\\/\\\/www.laguiadepamplona.com\\\/actualidad\\\/wp-content\\\/uploads\\\/2018\\\/11\\\/logo-laguiadepamplona18-web1.png\",\"contentUrl\":\"https:\\\/\\\/www.laguiadepamplona.com\\\/actualidad\\\/wp-content\\\/uploads\\\/2018\\\/11\\\/logo-laguiadepamplona18-web1.png\",\"width\":600,\"height\":196,\"caption\":\"La Gu\u00eda de Pamplona \\\/ Noticias\"},\"image\":{\"@id\":\"https:\\\/\\\/www.laguiadepamplona.com\\\/actualidad\\\/#\\\/schema\\\/logo\\\/image\\\/\"},\"sameAs\":[\"https:\\\/\\\/www.facebook.com\\\/laguiadepamplonacom-133175176762273\\\/?ref=hl\",\"https:\\\/\\\/x.com\\\/LaGuiadPamplona\",\"https:\\\/\\\/www.instagram.com\\\/la_guia_de_pamplona\\\/\",\"https:\\\/\\\/www.youtube.com\\\/user\\\/laguiadepamplona\"]},{\"@type\":\"Person\",\"@id\":\"https:\\\/\\\/www.laguiadepamplona.com\\\/actualidad\\\/#\\\/schema\\\/person\\\/efe887376f0213d4657c93adc50b1fdb\",\"name\":\"La Gu\u00eda de Pamplona\",\"image\":{\"@type\":\"ImageObject\",\"inLanguage\":\"es\",\"@id\":\"https:\\\/\\\/secure.gravatar.com\\\/avatar\\\/b6992f131dc8d30ab0dff15446e9d346d9dbd95992de0fef795073f5ea83a81c?s=96&d=mm&r=g\",\"url\":\"https:\\\/\\\/secure.gravatar.com\\\/avatar\\\/b6992f131dc8d30ab0dff15446e9d346d9dbd95992de0fef795073f5ea83a81c?s=96&d=mm&r=g\",\"contentUrl\":\"https:\\\/\\\/secure.gravatar.com\\\/avatar\\\/b6992f131dc8d30ab0dff15446e9d346d9dbd95992de0fef795073f5ea83a81c?s=96&d=mm&r=g\",\"caption\":\"La Gu\u00eda de Pamplona\"}}]}<\/script>\n<!-- \/ Yoast SEO plugin. -->","yoast_head_json":{"title":"El comercio local celebra del 2 al 4 de marzo \u2018Pamplona Stock\u2019, con la posibilidad de sacar g\u00e9nero a la puerta de sus establecimientos","description":"El Ayuntamiento de Pamplona organiza esta campa\u00f1a desde 2007, en colaboraci\u00f3n con las asociaciones de comerciantes de la ciudad\u00a0","robots":{"index":"index","follow":"follow","max-snippet":"max-snippet:-1","max-image-preview":"max-image-preview:large","max-video-preview":"max-video-preview:-1"},"canonical":"https:\/\/www.laguiadepamplona.com\/actualidad\/el-comercio-local-celebra-del-2-al-4-de-marzo-pamplona-stock-con-la-posibilidad-de-sacar-genero-a-la-puerta-de-sus-establecimientos\/","og_locale":"es_ES","og_type":"article","og_title":"El comercio local celebra del 2 al 4 de marzo \u2018Pamplona Stock\u2019, con la posibilidad de sacar g\u00e9nero a la puerta de sus establecimientos","og_description":"El Ayuntamiento de Pamplona organiza esta campa\u00f1a desde 2007, en colaboraci\u00f3n con las asociaciones de comerciantes de la ciudad\u00a0","og_url":"https:\/\/www.laguiadepamplona.com\/actualidad\/el-comercio-local-celebra-del-2-al-4-de-marzo-pamplona-stock-con-la-posibilidad-de-sacar-genero-a-la-puerta-de-sus-establecimientos\/","og_site_name":"La Gu\u00eda de Pamplona","article_publisher":"https:\/\/www.facebook.com\/laguiadepamplonacom-133175176762273\/?ref=hl","article_published_time":"2023-02-28T12:41:15+00:00","article_modified_time":"2023-04-11T09:47:07+00:00","og_image":[{"width":747,"height":594,"url":"https:\/\/www.laguiadepamplona.com\/actualidad\/wp-content\/uploads\/2023\/02\/pamplona-stock-2023.jpeg","type":"image\/jpeg"}],"author":"La Gu\u00eda de Pamplona","twitter_card":"summary_large_image","twitter_creator":"@LaGuiadPamplona","twitter_site":"@LaGuiadPamplona","twitter_misc":{"Escrito por":"La Gu\u00eda de Pamplona","Tiempo de lectura":"4 minutos"},"schema":{"@context":"https:\/\/schema.org","@graph":[{"@type":"Article","@id":"https:\/\/www.laguiadepamplona.com\/actualidad\/el-comercio-local-celebra-del-2-al-4-de-marzo-pamplona-stock-con-la-posibilidad-de-sacar-genero-a-la-puerta-de-sus-establecimientos\/#article","isPartOf":{"@id":"https:\/\/www.laguiadepamplona.com\/actualidad\/el-comercio-local-celebra-del-2-al-4-de-marzo-pamplona-stock-con-la-posibilidad-de-sacar-genero-a-la-puerta-de-sus-establecimientos\/"},"author":{"name":"La Gu\u00eda de Pamplona","@id":"https:\/\/www.laguiadepamplona.com\/actualidad\/#\/schema\/person\/efe887376f0213d4657c93adc50b1fdb"},"headline":"El comercio local celebra del 2 al 4 de marzo \u2018Pamplona Stock\u2019, con la posibilidad de sacar g\u00e9nero a la puerta de sus establecimientos","datePublished":"2023-02-28T12:41:15+00:00","dateModified":"2023-04-11T09:47:07+00:00","mainEntityOfPage":{"@id":"https:\/\/www.laguiadepamplona.com\/actualidad\/el-comercio-local-celebra-del-2-al-4-de-marzo-pamplona-stock-con-la-posibilidad-de-sacar-genero-a-la-puerta-de-sus-establecimientos\/"},"wordCount":835,"commentCount":0,"publisher":{"@id":"https:\/\/www.laguiadepamplona.com\/actualidad\/#organization"},"image":{"@id":"https:\/\/www.laguiadepamplona.com\/actualidad\/el-comercio-local-celebra-del-2-al-4-de-marzo-pamplona-stock-con-la-posibilidad-de-sacar-genero-a-la-puerta-de-sus-establecimientos\/#primaryimage"},"thumbnailUrl":"https:\/\/www.laguiadepamplona.com\/actualidad\/wp-content\/uploads\/2023\/02\/pamplona-stock-2023.jpeg","articleSection":["Ayto Pamplona"],"inLanguage":"es","potentialAction":[{"@type":"CommentAction","name":"Comment","target":["https:\/\/www.laguiadepamplona.com\/actualidad\/el-comercio-local-celebra-del-2-al-4-de-marzo-pamplona-stock-con-la-posibilidad-de-sacar-genero-a-la-puerta-de-sus-establecimientos\/#respond"]}]},{"@type":"WebPage","@id":"https:\/\/www.laguiadepamplona.com\/actualidad\/el-comercio-local-celebra-del-2-al-4-de-marzo-pamplona-stock-con-la-posibilidad-de-sacar-genero-a-la-puerta-de-sus-establecimientos\/","url":"https:\/\/www.laguiadepamplona.com\/actualidad\/el-comercio-local-celebra-del-2-al-4-de-marzo-pamplona-stock-con-la-posibilidad-de-sacar-genero-a-la-puerta-de-sus-establecimientos\/","name":"El comercio local celebra del 2 al 4 de marzo \u2018Pamplona Stock\u2019, con la posibilidad de sacar g\u00e9nero a la puerta de sus establecimientos","isPartOf":{"@id":"https:\/\/www.laguiadepamplona.com\/actualidad\/#website"},"primaryImageOfPage":{"@id":"https:\/\/www.laguiadepamplona.com\/actualidad\/el-comercio-local-celebra-del-2-al-4-de-marzo-pamplona-stock-con-la-posibilidad-de-sacar-genero-a-la-puerta-de-sus-establecimientos\/#primaryimage"},"image":{"@id":"https:\/\/www.laguiadepamplona.com\/actualidad\/el-comercio-local-celebra-del-2-al-4-de-marzo-pamplona-stock-con-la-posibilidad-de-sacar-genero-a-la-puerta-de-sus-establecimientos\/#primaryimage"},"thumbnailUrl":"https:\/\/www.laguiadepamplona.com\/actualidad\/wp-content\/uploads\/2023\/02\/pamplona-stock-2023.jpeg","datePublished":"2023-02-28T12:41:15+00:00","dateModified":"2023-04-11T09:47:07+00:00","description":"El Ayuntamiento de Pamplona organiza esta campa\u00f1a desde 2007, en colaboraci\u00f3n con las asociaciones de comerciantes de la ciudad\u00a0","breadcrumb":{"@id":"https:\/\/www.laguiadepamplona.com\/actualidad\/el-comercio-local-celebra-del-2-al-4-de-marzo-pamplona-stock-con-la-posibilidad-de-sacar-genero-a-la-puerta-de-sus-establecimientos\/#breadcrumb"},"inLanguage":"es","potentialAction":[{"@type":"ReadAction","target":["https:\/\/www.laguiadepamplona.com\/actualidad\/el-comercio-local-celebra-del-2-al-4-de-marzo-pamplona-stock-con-la-posibilidad-de-sacar-genero-a-la-puerta-de-sus-establecimientos\/"]}]},{"@type":"ImageObject","inLanguage":"es","@id":"https:\/\/www.laguiadepamplona.com\/actualidad\/el-comercio-local-celebra-del-2-al-4-de-marzo-pamplona-stock-con-la-posibilidad-de-sacar-genero-a-la-puerta-de-sus-establecimientos\/#primaryimage","url":"https:\/\/www.laguiadepamplona.com\/actualidad\/wp-content\/uploads\/2023\/02\/pamplona-stock-2023.jpeg","contentUrl":"https:\/\/www.laguiadepamplona.com\/actualidad\/wp-content\/uploads\/2023\/02\/pamplona-stock-2023.jpeg","width":747,"height":594},{"@type":"BreadcrumbList","@id":"https:\/\/www.laguiadepamplona.com\/actualidad\/el-comercio-local-celebra-del-2-al-4-de-marzo-pamplona-stock-con-la-posibilidad-de-sacar-genero-a-la-puerta-de-sus-establecimientos\/#breadcrumb","itemListElement":[{"@type":"ListItem","position":1,"name":"Portada","item":"https:\/\/www.laguiadepamplona.com\/actualidad\/"},{"@type":"ListItem","position":2,"name":"El comercio local celebra del 2 al 4 de marzo \u2018Pamplona Stock\u2019, con la posibilidad de sacar g\u00e9nero a la puerta de sus establecimientos"}]},{"@type":"WebSite","@id":"https:\/\/www.laguiadepamplona.com\/actualidad\/#website","url":"https:\/\/www.laguiadepamplona.com\/actualidad\/","name":"La gu\u00eda de Pamplona","description":"Noticias de Pamplona","publisher":{"@id":"https:\/\/www.laguiadepamplona.com\/actualidad\/#organization"},"potentialAction":[{"@type":"SearchAction","target":{"@type":"EntryPoint","urlTemplate":"https:\/\/www.laguiadepamplona.com\/actualidad\/?s={search_term_string}"},"query-input":{"@type":"PropertyValueSpecification","valueRequired":true,"valueName":"search_term_string"}}],"inLanguage":"es"},{"@type":"Organization","@id":"https:\/\/www.laguiadepamplona.com\/actualidad\/#organization","name":"La Gu\u00eda de Pamplona \/ Noticias","url":"https:\/\/www.laguiadepamplona.com\/actualidad\/","logo":{"@type":"ImageObject","inLanguage":"es","@id":"https:\/\/www.laguiadepamplona.com\/actualidad\/#\/schema\/logo\/image\/","url":"https:\/\/www.laguiadepamplona.com\/actualidad\/wp-content\/uploads\/2018\/11\/logo-laguiadepamplona18-web1.png","contentUrl":"https:\/\/www.laguiadepamplona.com\/actualidad\/wp-content\/uploads\/2018\/11\/logo-laguiadepamplona18-web1.png","width":600,"height":196,"caption":"La Gu\u00eda de Pamplona \/ Noticias"},"image":{"@id":"https:\/\/www.laguiadepamplona.com\/actualidad\/#\/schema\/logo\/image\/"},"sameAs":["https:\/\/www.facebook.com\/laguiadepamplonacom-133175176762273\/?ref=hl","https:\/\/x.com\/LaGuiadPamplona","https:\/\/www.instagram.com\/la_guia_de_pamplona\/","https:\/\/www.youtube.com\/user\/laguiadepamplona"]},{"@type":"Person","@id":"https:\/\/www.laguiadepamplona.com\/actualidad\/#\/schema\/person\/efe887376f0213d4657c93adc50b1fdb","name":"La Gu\u00eda de Pamplona","image":{"@type":"ImageObject","inLanguage":"es","@id":"https:\/\/secure.gravatar.com\/avatar\/b6992f131dc8d30ab0dff15446e9d346d9dbd95992de0fef795073f5ea83a81c?s=96&d=mm&r=g","url":"https:\/\/secure.gravatar.com\/avatar\/b6992f131dc8d30ab0dff15446e9d346d9dbd95992de0fef795073f5ea83a81c?s=96&d=mm&r=g","contentUrl":"https:\/\/secure.gravatar.com\/avatar\/b6992f131dc8d30ab0dff15446e9d346d9dbd95992de0fef795073f5ea83a81c?s=96&d=mm&r=g","caption":"La Gu\u00eda de Pamplona"}}]}},"post_mailing_queue_ids":[],"_links":{"self":[{"href":"https:\/\/www.laguiadepamplona.com\/actualidad\/wp-json\/wp\/v2\/posts\/43020","targetHints":{"allow":["GET"]}}],"collection":[{"href":"https:\/\/www.laguiadepamplona.com\/actualidad\/wp-json\/wp\/v2\/posts"}],"about":[{"href":"https:\/\/www.laguiadepamplona.com\/actualidad\/wp-json\/wp\/v2\/types\/post"}],"author":[{"embeddable":true,"href":"https:\/\/www.laguiadepamplona.com\/actualidad\/wp-json\/wp\/v2\/users\/1"}],"replies":[{"embeddable":true,"href":"https:\/\/www.laguiadepamplona.com\/actualidad\/wp-json\/wp\/v2\/comments?post=43020"}],"version-history":[{"count":0,"href":"https:\/\/www.laguiadepamplona.com\/actualidad\/wp-json\/wp\/v2\/posts\/43020\/revisions"}],"wp:featuredmedia":[{"embeddable":true,"href":"https:\/\/www.laguiadepamplona.com\/actualidad\/wp-json\/wp\/v2\/media\/43021"}],"wp:attachment":[{"href":"https:\/\/www.laguiadepamplona.com\/actualidad\/wp-json\/wp\/v2\/media?parent=43020"}],"wp:term":[{"taxonomy":"category","embeddable":true,"href":"https:\/\/www.laguiadepamplona.com\/actualidad\/wp-json\/wp\/v2\/categories?post=43020"},{"taxonomy":"post_tag","embeddable":true,"href":"https:\/\/www.laguiadepamplona.com\/actualidad\/wp-json\/wp\/v2\/tags?post=43020"}],"curies":[{"name":"wp","href":"https:\/\/api.w.org\/{rel}","templated":true}]}}