{"id":43015,"date":"2023-02-28T14:35:41","date_gmt":"2023-02-28T12:35:41","guid":{"rendered":"https:\/\/www.laguiadepamplona.com\/actualidad\/?p=43015"},"modified":"2023-04-11T11:47:07","modified_gmt":"2023-04-11T09:47:07","slug":"el-pleno-del-jueves-debatira-una-modificacion-presupuestaria-de-mas-de-2-millones-de-euros-vinculada-a-proyectos-financiados-con-fondos-europeos-next-generation-eu","status":"publish","type":"post","link":"https:\/\/www.laguiadepamplona.com\/actualidad\/el-pleno-del-jueves-debatira-una-modificacion-presupuestaria-de-mas-de-2-millones-de-euros-vinculada-a-proyectos-financiados-con-fondos-europeos-next-generation-eu\/","title":{"rendered":"El Pleno del jueves debatir\u00e1 una modificaci\u00f3n presupuestaria de m\u00e1s de 2 millones de euros, vinculada a proyectos financiados con fondos europeos Next Generation EU"},"content":{"rendered":"<h5>Hub Audiovisual, acciones de impulso a la Agenda 2030, renaturalizaci\u00f3n de la ciudad o Zona de Bajas Emisiones, entre los proyectos financiados<\/h5>\n<p><!--more--><\/p>\n<p>La Comisi\u00f3n de Presidencia ha conocido esta ma\u00f1ana una nueva propuesta de modificaci\u00f3n al presupuesto prorrogado de 2023. Se trata, principalmente, de partidas vinculadas a diferentes proyectos que cuentan con financiaci\u00f3n europea de los fondos Next Generation EU a trav\u00e9s del Plan de Recuperaci\u00f3n, Transformaci\u00f3n y Resiliencia. En concreto, la modificaci\u00f3n recoge 2.055.209,84 euros para proyectos como el hub audiovisual, la renaturalizaci\u00f3n urbana de la ciudad, la generaci\u00f3n de una zona de bajas emisiones o la Agenda Urbana de Pamplona 2030. Esta propuesta se debatir\u00e1 en el pr\u00f3ximo Pleno previsto para jueves 2 de marzo.<br \/>\n<script async src=\"\/\/pagead2.googlesyndication.com\/pagead\/js\/adsbygoogle.js\"><\/script><br \/>\n<!-- Noticias La Guia de Pamplona --><br \/>\n<ins class=\"adsbygoogle\"\nstyle=\"display:block\"\ndata-ad-client=\"ca-pub-6943679897239327\"\ndata-ad-slot=\"7048180777\"\ndata-ad-format=\"auto\"><\/ins><br \/>\n<script>\n(adsbygoogle = window.adsbygoogle || []).push({});\n<\/script><\/p>\n<p>La mayor partida de esta modificaci\u00f3n presupuestaria tiene que ver con las ayudas de los fondos Next Generation EU concedidas para la creaci\u00f3n de un Ecosistema Digital Audiovisual en Pamplona. El Ayuntamiento ha recibido una subvenci\u00f3n de 1.723.132,42 euros, de los que 150.000 euros financian gasto corriente y 1.573.132,42 euros financian inversiones. El proyecto tiene como finalidad la creaci\u00f3n de un centro de servicios para empresas del sector animaci\u00f3n y videojuegos en un local municipal situado en la calle Irunlarrea. El Ayuntamiento realizar\u00e1 una concesi\u00f3n de servicio a un plazo de 20 a\u00f1os, cediendo el uso de local y la subvenci\u00f3n a percibir para que sea la entidad concesionaria la responsable de ejecutar el proyecto.<\/p>\n<p>Otros 160.958,01 euros se corresponden con la subvenci\u00f3n concedida dentro de la convocatoria para el impulso de la Agenda 2030 en las entidades locales del Gobierno de Espa\u00f1a. El Ayuntamiento de Pamplona present\u00f3 a una solicitud de subvenci\u00f3n para la realizaci\u00f3n del \u201cPrograma de Sensibilizaci\u00f3n y Concienciaci\u00f3n Pamplona 2030\u201d. Se prev\u00e9 que 136.028,01 euros se destinen a la contrataci\u00f3n de estudios y trabajos t\u00e9cnicos para el desarrollo de acciones vinculadas a la Agenda 2030. Otros 21.300 euros se destinar\u00e1n a retribuciones del personal municipal que participan en las acciones que se va a realizar y los 3.630 euros restante se han recibido para otros gastos que se generen.<br \/>\n<script async src=\"\/\/pagead2.googlesyndication.com\/pagead\/js\/adsbygoogle.js\"><\/script><br \/>\n<!-- Noticias La Guia de Pamplona --><br \/>\n<ins class=\"adsbygoogle\"\nstyle=\"display:block\"\ndata-ad-client=\"ca-pub-6943679897239327\"\ndata-ad-slot=\"7048180777\"\ndata-ad-format=\"auto\"><\/ins><br \/>\n<script>\n(adsbygoogle = window.adsbygoogle || []).push({});\n<\/script><\/p>\n<p>Por \u00faltimo, el expediente incluye dos partidas m\u00e1s, de 144.345 euros y de 26.774,41 euros, relacionadas con el proyecto RUNA 2025 de renaturalizaci\u00f3n urbana de Pamplona y con contratos para la zona de bajas emisiones, respectivamente, ambos tambi\u00e9n vinculados a los fondos europeos Next Generation EU. La partida del proyecto RUNA 2025 se utilizar\u00e1 para la elaboraci\u00f3n del Plan de Infraestructura Verde y Azul de Pamplona, la Estrategia de Drenaje Sostenible, el estudio de actuaciones generales en los r\u00edos y para las acciones de voluntariado en limpieza de los r\u00edos, comunicaci\u00f3n y sensibilizaci\u00f3n. Los 26.774,41 euros se corresponden con la finalizaci\u00f3n del contrato de asesoramiento en la definici\u00f3n de la Zona de Bajas Emisiones de Pamplona.<\/p>\n","protected":false},"excerpt":{"rendered":"<p>Hub Audiovisual, acciones de impulso a la Agenda 2030, renaturalizaci\u00f3n de la ciudad o Zona de Bajas Emisiones, entre los proyectos financiados<\/p>\n","protected":false},"author":1,"featured_media":42333,"comment_status":"open","ping_status":"closed","sticky":false,"template":"","format":"standard","meta":{"footnotes":""},"categories":[2],"tags":[],"class_list":["post-43015","post","type-post","status-publish","format-standard","has-post-thumbnail","hentry","category-ayuntamiento-pamplona"],"yoast_head":"<!-- This site is optimized with the Yoast SEO plugin v27.3 - https:\/\/yoast.com\/product\/yoast-seo-wordpress\/ -->\n<title>El Pleno del jueves debatir\u00e1 una modificaci\u00f3n presupuestaria de m\u00e1s de 2 millones de euros, vinculada a proyectos financiados con fondos europeos Next Generation EU<\/title>\n<meta name=\"description\" content=\"Hub Audiovisual, acciones de impulso a la Agenda 2030, renaturalizaci\u00f3n de la ciudad o Zona de Bajas Emisiones, entre los proyectos financiados\" \/>\n<meta name=\"robots\" content=\"index, follow, max-snippet:-1, max-image-preview:large, max-video-preview:-1\" \/>\n<link rel=\"canonical\" href=\"https:\/\/www.laguiadepamplona.com\/actualidad\/el-pleno-del-jueves-debatira-una-modificacion-presupuestaria-de-mas-de-2-millones-de-euros-vinculada-a-proyectos-financiados-con-fondos-europeos-next-generation-eu\/\" \/>\n<meta property=\"og:locale\" content=\"es_ES\" \/>\n<meta property=\"og:type\" content=\"article\" \/>\n<meta property=\"og:title\" content=\"El Pleno del jueves debatir\u00e1 una modificaci\u00f3n presupuestaria de m\u00e1s de 2 millones de euros, vinculada a proyectos financiados con fondos europeos Next Generation EU\" \/>\n<meta property=\"og:description\" content=\"Hub Audiovisual, acciones de impulso a la Agenda 2030, renaturalizaci\u00f3n de la ciudad o Zona de Bajas Emisiones, entre los proyectos financiados\" \/>\n<meta property=\"og:url\" content=\"https:\/\/www.laguiadepamplona.com\/actualidad\/el-pleno-del-jueves-debatira-una-modificacion-presupuestaria-de-mas-de-2-millones-de-euros-vinculada-a-proyectos-financiados-con-fondos-europeos-next-generation-eu\/\" \/>\n<meta property=\"og:site_name\" content=\"La Gu\u00eda de Pamplona\" \/>\n<meta property=\"article:publisher\" content=\"https:\/\/www.facebook.com\/laguiadepamplonacom-133175176762273\/?ref=hl\" \/>\n<meta property=\"article:published_time\" content=\"2023-02-28T12:35:41+00:00\" \/>\n<meta property=\"article:modified_time\" content=\"2023-04-11T09:47:07+00:00\" \/>\n<meta property=\"og:image\" content=\"https:\/\/www.laguiadepamplona.com\/actualidad\/wp-content\/uploads\/2022\/11\/papeles_0.webp\" \/>\n\t<meta property=\"og:image:width\" content=\"1920\" \/>\n\t<meta property=\"og:image:height\" content=\"1280\" \/>\n\t<meta property=\"og:image:type\" content=\"image\/webp\" \/>\n<meta name=\"author\" content=\"La Gu\u00eda de Pamplona\" \/>\n<meta name=\"twitter:card\" content=\"summary_large_image\" \/>\n<meta name=\"twitter:creator\" content=\"@LaGuiadPamplona\" \/>\n<meta name=\"twitter:site\" content=\"@LaGuiadPamplona\" \/>\n<meta name=\"twitter:label1\" content=\"Escrito por\" \/>\n\t<meta name=\"twitter:data1\" content=\"La Gu\u00eda de Pamplona\" \/>\n\t<meta name=\"twitter:label2\" content=\"Tiempo de lectura\" \/>\n\t<meta name=\"twitter:data2\" content=\"3 minutos\" \/>\n<script type=\"application\/ld+json\" class=\"yoast-schema-graph\">{\"@context\":\"https:\\\/\\\/schema.org\",\"@graph\":[{\"@type\":\"Article\",\"@id\":\"https:\\\/\\\/www.laguiadepamplona.com\\\/actualidad\\\/el-pleno-del-jueves-debatira-una-modificacion-presupuestaria-de-mas-de-2-millones-de-euros-vinculada-a-proyectos-financiados-con-fondos-europeos-next-generation-eu\\\/#article\",\"isPartOf\":{\"@id\":\"https:\\\/\\\/www.laguiadepamplona.com\\\/actualidad\\\/el-pleno-del-jueves-debatira-una-modificacion-presupuestaria-de-mas-de-2-millones-de-euros-vinculada-a-proyectos-financiados-con-fondos-europeos-next-generation-eu\\\/\"},\"author\":{\"name\":\"La Gu\u00eda de Pamplona\",\"@id\":\"https:\\\/\\\/www.laguiadepamplona.com\\\/actualidad\\\/#\\\/schema\\\/person\\\/efe887376f0213d4657c93adc50b1fdb\"},\"headline\":\"El Pleno del jueves debatir\u00e1 una modificaci\u00f3n presupuestaria de m\u00e1s de 2 millones de euros, vinculada a proyectos financiados con fondos europeos Next Generation EU\",\"datePublished\":\"2023-02-28T12:35:41+00:00\",\"dateModified\":\"2023-04-11T09:47:07+00:00\",\"mainEntityOfPage\":{\"@id\":\"https:\\\/\\\/www.laguiadepamplona.com\\\/actualidad\\\/el-pleno-del-jueves-debatira-una-modificacion-presupuestaria-de-mas-de-2-millones-de-euros-vinculada-a-proyectos-financiados-con-fondos-europeos-next-generation-eu\\\/\"},\"wordCount\":500,\"commentCount\":0,\"publisher\":{\"@id\":\"https:\\\/\\\/www.laguiadepamplona.com\\\/actualidad\\\/#organization\"},\"image\":{\"@id\":\"https:\\\/\\\/www.laguiadepamplona.com\\\/actualidad\\\/el-pleno-del-jueves-debatira-una-modificacion-presupuestaria-de-mas-de-2-millones-de-euros-vinculada-a-proyectos-financiados-con-fondos-europeos-next-generation-eu\\\/#primaryimage\"},\"thumbnailUrl\":\"https:\\\/\\\/www.laguiadepamplona.com\\\/actualidad\\\/wp-content\\\/uploads\\\/2022\\\/11\\\/papeles_0.webp\",\"articleSection\":[\"Ayto Pamplona\"],\"inLanguage\":\"es\",\"potentialAction\":[{\"@type\":\"CommentAction\",\"name\":\"Comment\",\"target\":[\"https:\\\/\\\/www.laguiadepamplona.com\\\/actualidad\\\/el-pleno-del-jueves-debatira-una-modificacion-presupuestaria-de-mas-de-2-millones-de-euros-vinculada-a-proyectos-financiados-con-fondos-europeos-next-generation-eu\\\/#respond\"]}]},{\"@type\":\"WebPage\",\"@id\":\"https:\\\/\\\/www.laguiadepamplona.com\\\/actualidad\\\/el-pleno-del-jueves-debatira-una-modificacion-presupuestaria-de-mas-de-2-millones-de-euros-vinculada-a-proyectos-financiados-con-fondos-europeos-next-generation-eu\\\/\",\"url\":\"https:\\\/\\\/www.laguiadepamplona.com\\\/actualidad\\\/el-pleno-del-jueves-debatira-una-modificacion-presupuestaria-de-mas-de-2-millones-de-euros-vinculada-a-proyectos-financiados-con-fondos-europeos-next-generation-eu\\\/\",\"name\":\"El Pleno del jueves debatir\u00e1 una modificaci\u00f3n presupuestaria de m\u00e1s de 2 millones de euros, vinculada a proyectos financiados con fondos europeos Next Generation EU\",\"isPartOf\":{\"@id\":\"https:\\\/\\\/www.laguiadepamplona.com\\\/actualidad\\\/#website\"},\"primaryImageOfPage\":{\"@id\":\"https:\\\/\\\/www.laguiadepamplona.com\\\/actualidad\\\/el-pleno-del-jueves-debatira-una-modificacion-presupuestaria-de-mas-de-2-millones-de-euros-vinculada-a-proyectos-financiados-con-fondos-europeos-next-generation-eu\\\/#primaryimage\"},\"image\":{\"@id\":\"https:\\\/\\\/www.laguiadepamplona.com\\\/actualidad\\\/el-pleno-del-jueves-debatira-una-modificacion-presupuestaria-de-mas-de-2-millones-de-euros-vinculada-a-proyectos-financiados-con-fondos-europeos-next-generation-eu\\\/#primaryimage\"},\"thumbnailUrl\":\"https:\\\/\\\/www.laguiadepamplona.com\\\/actualidad\\\/wp-content\\\/uploads\\\/2022\\\/11\\\/papeles_0.webp\",\"datePublished\":\"2023-02-28T12:35:41+00:00\",\"dateModified\":\"2023-04-11T09:47:07+00:00\",\"description\":\"Hub Audiovisual, acciones de impulso a la Agenda 2030, renaturalizaci\u00f3n de la ciudad o Zona de Bajas Emisiones, entre los proyectos financiados\",\"breadcrumb\":{\"@id\":\"https:\\\/\\\/www.laguiadepamplona.com\\\/actualidad\\\/el-pleno-del-jueves-debatira-una-modificacion-presupuestaria-de-mas-de-2-millones-de-euros-vinculada-a-proyectos-financiados-con-fondos-europeos-next-generation-eu\\\/#breadcrumb\"},\"inLanguage\":\"es\",\"potentialAction\":[{\"@type\":\"ReadAction\",\"target\":[\"https:\\\/\\\/www.laguiadepamplona.com\\\/actualidad\\\/el-pleno-del-jueves-debatira-una-modificacion-presupuestaria-de-mas-de-2-millones-de-euros-vinculada-a-proyectos-financiados-con-fondos-europeos-next-generation-eu\\\/\"]}]},{\"@type\":\"ImageObject\",\"inLanguage\":\"es\",\"@id\":\"https:\\\/\\\/www.laguiadepamplona.com\\\/actualidad\\\/el-pleno-del-jueves-debatira-una-modificacion-presupuestaria-de-mas-de-2-millones-de-euros-vinculada-a-proyectos-financiados-con-fondos-europeos-next-generation-eu\\\/#primaryimage\",\"url\":\"https:\\\/\\\/www.laguiadepamplona.com\\\/actualidad\\\/wp-content\\\/uploads\\\/2022\\\/11\\\/papeles_0.webp\",\"contentUrl\":\"https:\\\/\\\/www.laguiadepamplona.com\\\/actualidad\\\/wp-content\\\/uploads\\\/2022\\\/11\\\/papeles_0.webp\",\"width\":1920,\"height\":1280},{\"@type\":\"BreadcrumbList\",\"@id\":\"https:\\\/\\\/www.laguiadepamplona.com\\\/actualidad\\\/el-pleno-del-jueves-debatira-una-modificacion-presupuestaria-de-mas-de-2-millones-de-euros-vinculada-a-proyectos-financiados-con-fondos-europeos-next-generation-eu\\\/#breadcrumb\",\"itemListElement\":[{\"@type\":\"ListItem\",\"position\":1,\"name\":\"Portada\",\"item\":\"https:\\\/\\\/www.laguiadepamplona.com\\\/actualidad\\\/\"},{\"@type\":\"ListItem\",\"position\":2,\"name\":\"El Pleno del jueves debatir\u00e1 una modificaci\u00f3n presupuestaria de m\u00e1s de 2 millones de euros, vinculada a proyectos financiados con fondos europeos Next Generation EU\"}]},{\"@type\":\"WebSite\",\"@id\":\"https:\\\/\\\/www.laguiadepamplona.com\\\/actualidad\\\/#website\",\"url\":\"https:\\\/\\\/www.laguiadepamplona.com\\\/actualidad\\\/\",\"name\":\"La gu\u00eda de Pamplona\",\"description\":\"Noticias de Pamplona\",\"publisher\":{\"@id\":\"https:\\\/\\\/www.laguiadepamplona.com\\\/actualidad\\\/#organization\"},\"potentialAction\":[{\"@type\":\"SearchAction\",\"target\":{\"@type\":\"EntryPoint\",\"urlTemplate\":\"https:\\\/\\\/www.laguiadepamplona.com\\\/actualidad\\\/?s={search_term_string}\"},\"query-input\":{\"@type\":\"PropertyValueSpecification\",\"valueRequired\":true,\"valueName\":\"search_term_string\"}}],\"inLanguage\":\"es\"},{\"@type\":\"Organization\",\"@id\":\"https:\\\/\\\/www.laguiadepamplona.com\\\/actualidad\\\/#organization\",\"name\":\"La Gu\u00eda de Pamplona \\\/ Noticias\",\"url\":\"https:\\\/\\\/www.laguiadepamplona.com\\\/actualidad\\\/\",\"logo\":{\"@type\":\"ImageObject\",\"inLanguage\":\"es\",\"@id\":\"https:\\\/\\\/www.laguiadepamplona.com\\\/actualidad\\\/#\\\/schema\\\/logo\\\/image\\\/\",\"url\":\"https:\\\/\\\/www.laguiadepamplona.com\\\/actualidad\\\/wp-content\\\/uploads\\\/2018\\\/11\\\/logo-laguiadepamplona18-web1.png\",\"contentUrl\":\"https:\\\/\\\/www.laguiadepamplona.com\\\/actualidad\\\/wp-content\\\/uploads\\\/2018\\\/11\\\/logo-laguiadepamplona18-web1.png\",\"width\":600,\"height\":196,\"caption\":\"La Gu\u00eda de Pamplona \\\/ Noticias\"},\"image\":{\"@id\":\"https:\\\/\\\/www.laguiadepamplona.com\\\/actualidad\\\/#\\\/schema\\\/logo\\\/image\\\/\"},\"sameAs\":[\"https:\\\/\\\/www.facebook.com\\\/laguiadepamplonacom-133175176762273\\\/?ref=hl\",\"https:\\\/\\\/x.com\\\/LaGuiadPamplona\",\"https:\\\/\\\/www.instagram.com\\\/la_guia_de_pamplona\\\/\",\"https:\\\/\\\/www.youtube.com\\\/user\\\/laguiadepamplona\"]},{\"@type\":\"Person\",\"@id\":\"https:\\\/\\\/www.laguiadepamplona.com\\\/actualidad\\\/#\\\/schema\\\/person\\\/efe887376f0213d4657c93adc50b1fdb\",\"name\":\"La Gu\u00eda de Pamplona\",\"image\":{\"@type\":\"ImageObject\",\"inLanguage\":\"es\",\"@id\":\"https:\\\/\\\/secure.gravatar.com\\\/avatar\\\/b6992f131dc8d30ab0dff15446e9d346d9dbd95992de0fef795073f5ea83a81c?s=96&d=mm&r=g\",\"url\":\"https:\\\/\\\/secure.gravatar.com\\\/avatar\\\/b6992f131dc8d30ab0dff15446e9d346d9dbd95992de0fef795073f5ea83a81c?s=96&d=mm&r=g\",\"contentUrl\":\"https:\\\/\\\/secure.gravatar.com\\\/avatar\\\/b6992f131dc8d30ab0dff15446e9d346d9dbd95992de0fef795073f5ea83a81c?s=96&d=mm&r=g\",\"caption\":\"La Gu\u00eda de Pamplona\"}}]}<\/script>\n<!-- \/ Yoast SEO plugin. -->","yoast_head_json":{"title":"El Pleno del jueves debatir\u00e1 una modificaci\u00f3n presupuestaria de m\u00e1s de 2 millones de euros, vinculada a proyectos financiados con fondos europeos Next Generation EU","description":"Hub Audiovisual, acciones de impulso a la Agenda 2030, renaturalizaci\u00f3n de la ciudad o Zona de Bajas Emisiones, entre los proyectos financiados","robots":{"index":"index","follow":"follow","max-snippet":"max-snippet:-1","max-image-preview":"max-image-preview:large","max-video-preview":"max-video-preview:-1"},"canonical":"https:\/\/www.laguiadepamplona.com\/actualidad\/el-pleno-del-jueves-debatira-una-modificacion-presupuestaria-de-mas-de-2-millones-de-euros-vinculada-a-proyectos-financiados-con-fondos-europeos-next-generation-eu\/","og_locale":"es_ES","og_type":"article","og_title":"El Pleno del jueves debatir\u00e1 una modificaci\u00f3n presupuestaria de m\u00e1s de 2 millones de euros, vinculada a proyectos financiados con fondos europeos Next Generation EU","og_description":"Hub Audiovisual, acciones de impulso a la Agenda 2030, renaturalizaci\u00f3n de la ciudad o Zona de Bajas Emisiones, entre los proyectos financiados","og_url":"https:\/\/www.laguiadepamplona.com\/actualidad\/el-pleno-del-jueves-debatira-una-modificacion-presupuestaria-de-mas-de-2-millones-de-euros-vinculada-a-proyectos-financiados-con-fondos-europeos-next-generation-eu\/","og_site_name":"La Gu\u00eda de Pamplona","article_publisher":"https:\/\/www.facebook.com\/laguiadepamplonacom-133175176762273\/?ref=hl","article_published_time":"2023-02-28T12:35:41+00:00","article_modified_time":"2023-04-11T09:47:07+00:00","og_image":[{"width":1920,"height":1280,"url":"https:\/\/www.laguiadepamplona.com\/actualidad\/wp-content\/uploads\/2022\/11\/papeles_0.webp","type":"image\/webp"}],"author":"La Gu\u00eda de Pamplona","twitter_card":"summary_large_image","twitter_creator":"@LaGuiadPamplona","twitter_site":"@LaGuiadPamplona","twitter_misc":{"Escrito por":"La Gu\u00eda de Pamplona","Tiempo de lectura":"3 minutos"},"schema":{"@context":"https:\/\/schema.org","@graph":[{"@type":"Article","@id":"https:\/\/www.laguiadepamplona.com\/actualidad\/el-pleno-del-jueves-debatira-una-modificacion-presupuestaria-de-mas-de-2-millones-de-euros-vinculada-a-proyectos-financiados-con-fondos-europeos-next-generation-eu\/#article","isPartOf":{"@id":"https:\/\/www.laguiadepamplona.com\/actualidad\/el-pleno-del-jueves-debatira-una-modificacion-presupuestaria-de-mas-de-2-millones-de-euros-vinculada-a-proyectos-financiados-con-fondos-europeos-next-generation-eu\/"},"author":{"name":"La Gu\u00eda de Pamplona","@id":"https:\/\/www.laguiadepamplona.com\/actualidad\/#\/schema\/person\/efe887376f0213d4657c93adc50b1fdb"},"headline":"El Pleno del jueves debatir\u00e1 una modificaci\u00f3n presupuestaria de m\u00e1s de 2 millones de euros, vinculada a proyectos financiados con fondos europeos Next Generation EU","datePublished":"2023-02-28T12:35:41+00:00","dateModified":"2023-04-11T09:47:07+00:00","mainEntityOfPage":{"@id":"https:\/\/www.laguiadepamplona.com\/actualidad\/el-pleno-del-jueves-debatira-una-modificacion-presupuestaria-de-mas-de-2-millones-de-euros-vinculada-a-proyectos-financiados-con-fondos-europeos-next-generation-eu\/"},"wordCount":500,"commentCount":0,"publisher":{"@id":"https:\/\/www.laguiadepamplona.com\/actualidad\/#organization"},"image":{"@id":"https:\/\/www.laguiadepamplona.com\/actualidad\/el-pleno-del-jueves-debatira-una-modificacion-presupuestaria-de-mas-de-2-millones-de-euros-vinculada-a-proyectos-financiados-con-fondos-europeos-next-generation-eu\/#primaryimage"},"thumbnailUrl":"https:\/\/www.laguiadepamplona.com\/actualidad\/wp-content\/uploads\/2022\/11\/papeles_0.webp","articleSection":["Ayto Pamplona"],"inLanguage":"es","potentialAction":[{"@type":"CommentAction","name":"Comment","target":["https:\/\/www.laguiadepamplona.com\/actualidad\/el-pleno-del-jueves-debatira-una-modificacion-presupuestaria-de-mas-de-2-millones-de-euros-vinculada-a-proyectos-financiados-con-fondos-europeos-next-generation-eu\/#respond"]}]},{"@type":"WebPage","@id":"https:\/\/www.laguiadepamplona.com\/actualidad\/el-pleno-del-jueves-debatira-una-modificacion-presupuestaria-de-mas-de-2-millones-de-euros-vinculada-a-proyectos-financiados-con-fondos-europeos-next-generation-eu\/","url":"https:\/\/www.laguiadepamplona.com\/actualidad\/el-pleno-del-jueves-debatira-una-modificacion-presupuestaria-de-mas-de-2-millones-de-euros-vinculada-a-proyectos-financiados-con-fondos-europeos-next-generation-eu\/","name":"El Pleno del jueves debatir\u00e1 una modificaci\u00f3n presupuestaria de m\u00e1s de 2 millones de euros, vinculada a proyectos financiados con fondos europeos Next Generation EU","isPartOf":{"@id":"https:\/\/www.laguiadepamplona.com\/actualidad\/#website"},"primaryImageOfPage":{"@id":"https:\/\/www.laguiadepamplona.com\/actualidad\/el-pleno-del-jueves-debatira-una-modificacion-presupuestaria-de-mas-de-2-millones-de-euros-vinculada-a-proyectos-financiados-con-fondos-europeos-next-generation-eu\/#primaryimage"},"image":{"@id":"https:\/\/www.laguiadepamplona.com\/actualidad\/el-pleno-del-jueves-debatira-una-modificacion-presupuestaria-de-mas-de-2-millones-de-euros-vinculada-a-proyectos-financiados-con-fondos-europeos-next-generation-eu\/#primaryimage"},"thumbnailUrl":"https:\/\/www.laguiadepamplona.com\/actualidad\/wp-content\/uploads\/2022\/11\/papeles_0.webp","datePublished":"2023-02-28T12:35:41+00:00","dateModified":"2023-04-11T09:47:07+00:00","description":"Hub Audiovisual, acciones de impulso a la Agenda 2030, renaturalizaci\u00f3n de la ciudad o Zona de Bajas Emisiones, entre los proyectos financiados","breadcrumb":{"@id":"https:\/\/www.laguiadepamplona.com\/actualidad\/el-pleno-del-jueves-debatira-una-modificacion-presupuestaria-de-mas-de-2-millones-de-euros-vinculada-a-proyectos-financiados-con-fondos-europeos-next-generation-eu\/#breadcrumb"},"inLanguage":"es","potentialAction":[{"@type":"ReadAction","target":["https:\/\/www.laguiadepamplona.com\/actualidad\/el-pleno-del-jueves-debatira-una-modificacion-presupuestaria-de-mas-de-2-millones-de-euros-vinculada-a-proyectos-financiados-con-fondos-europeos-next-generation-eu\/"]}]},{"@type":"ImageObject","inLanguage":"es","@id":"https:\/\/www.laguiadepamplona.com\/actualidad\/el-pleno-del-jueves-debatira-una-modificacion-presupuestaria-de-mas-de-2-millones-de-euros-vinculada-a-proyectos-financiados-con-fondos-europeos-next-generation-eu\/#primaryimage","url":"https:\/\/www.laguiadepamplona.com\/actualidad\/wp-content\/uploads\/2022\/11\/papeles_0.webp","contentUrl":"https:\/\/www.laguiadepamplona.com\/actualidad\/wp-content\/uploads\/2022\/11\/papeles_0.webp","width":1920,"height":1280},{"@type":"BreadcrumbList","@id":"https:\/\/www.laguiadepamplona.com\/actualidad\/el-pleno-del-jueves-debatira-una-modificacion-presupuestaria-de-mas-de-2-millones-de-euros-vinculada-a-proyectos-financiados-con-fondos-europeos-next-generation-eu\/#breadcrumb","itemListElement":[{"@type":"ListItem","position":1,"name":"Portada","item":"https:\/\/www.laguiadepamplona.com\/actualidad\/"},{"@type":"ListItem","position":2,"name":"El Pleno del jueves debatir\u00e1 una modificaci\u00f3n presupuestaria de m\u00e1s de 2 millones de euros, vinculada a proyectos financiados con fondos europeos Next Generation EU"}]},{"@type":"WebSite","@id":"https:\/\/www.laguiadepamplona.com\/actualidad\/#website","url":"https:\/\/www.laguiadepamplona.com\/actualidad\/","name":"La gu\u00eda de Pamplona","description":"Noticias de Pamplona","publisher":{"@id":"https:\/\/www.laguiadepamplona.com\/actualidad\/#organization"},"potentialAction":[{"@type":"SearchAction","target":{"@type":"EntryPoint","urlTemplate":"https:\/\/www.laguiadepamplona.com\/actualidad\/?s={search_term_string}"},"query-input":{"@type":"PropertyValueSpecification","valueRequired":true,"valueName":"search_term_string"}}],"inLanguage":"es"},{"@type":"Organization","@id":"https:\/\/www.laguiadepamplona.com\/actualidad\/#organization","name":"La Gu\u00eda de Pamplona \/ Noticias","url":"https:\/\/www.laguiadepamplona.com\/actualidad\/","logo":{"@type":"ImageObject","inLanguage":"es","@id":"https:\/\/www.laguiadepamplona.com\/actualidad\/#\/schema\/logo\/image\/","url":"https:\/\/www.laguiadepamplona.com\/actualidad\/wp-content\/uploads\/2018\/11\/logo-laguiadepamplona18-web1.png","contentUrl":"https:\/\/www.laguiadepamplona.com\/actualidad\/wp-content\/uploads\/2018\/11\/logo-laguiadepamplona18-web1.png","width":600,"height":196,"caption":"La Gu\u00eda de Pamplona \/ Noticias"},"image":{"@id":"https:\/\/www.laguiadepamplona.com\/actualidad\/#\/schema\/logo\/image\/"},"sameAs":["https:\/\/www.facebook.com\/laguiadepamplonacom-133175176762273\/?ref=hl","https:\/\/x.com\/LaGuiadPamplona","https:\/\/www.instagram.com\/la_guia_de_pamplona\/","https:\/\/www.youtube.com\/user\/laguiadepamplona"]},{"@type":"Person","@id":"https:\/\/www.laguiadepamplona.com\/actualidad\/#\/schema\/person\/efe887376f0213d4657c93adc50b1fdb","name":"La Gu\u00eda de Pamplona","image":{"@type":"ImageObject","inLanguage":"es","@id":"https:\/\/secure.gravatar.com\/avatar\/b6992f131dc8d30ab0dff15446e9d346d9dbd95992de0fef795073f5ea83a81c?s=96&d=mm&r=g","url":"https:\/\/secure.gravatar.com\/avatar\/b6992f131dc8d30ab0dff15446e9d346d9dbd95992de0fef795073f5ea83a81c?s=96&d=mm&r=g","contentUrl":"https:\/\/secure.gravatar.com\/avatar\/b6992f131dc8d30ab0dff15446e9d346d9dbd95992de0fef795073f5ea83a81c?s=96&d=mm&r=g","caption":"La Gu\u00eda de Pamplona"}}]}},"post_mailing_queue_ids":[],"_links":{"self":[{"href":"https:\/\/www.laguiadepamplona.com\/actualidad\/wp-json\/wp\/v2\/posts\/43015","targetHints":{"allow":["GET"]}}],"collection":[{"href":"https:\/\/www.laguiadepamplona.com\/actualidad\/wp-json\/wp\/v2\/posts"}],"about":[{"href":"https:\/\/www.laguiadepamplona.com\/actualidad\/wp-json\/wp\/v2\/types\/post"}],"author":[{"embeddable":true,"href":"https:\/\/www.laguiadepamplona.com\/actualidad\/wp-json\/wp\/v2\/users\/1"}],"replies":[{"embeddable":true,"href":"https:\/\/www.laguiadepamplona.com\/actualidad\/wp-json\/wp\/v2\/comments?post=43015"}],"version-history":[{"count":0,"href":"https:\/\/www.laguiadepamplona.com\/actualidad\/wp-json\/wp\/v2\/posts\/43015\/revisions"}],"wp:featuredmedia":[{"embeddable":true,"href":"https:\/\/www.laguiadepamplona.com\/actualidad\/wp-json\/wp\/v2\/media\/42333"}],"wp:attachment":[{"href":"https:\/\/www.laguiadepamplona.com\/actualidad\/wp-json\/wp\/v2\/media?parent=43015"}],"wp:term":[{"taxonomy":"category","embeddable":true,"href":"https:\/\/www.laguiadepamplona.com\/actualidad\/wp-json\/wp\/v2\/categories?post=43015"},{"taxonomy":"post_tag","embeddable":true,"href":"https:\/\/www.laguiadepamplona.com\/actualidad\/wp-json\/wp\/v2\/tags?post=43015"}],"curies":[{"name":"wp","href":"https:\/\/api.w.org\/{rel}","templated":true}]}}