{"id":42994,"date":"2023-02-24T14:25:42","date_gmt":"2023-02-24T12:25:42","guid":{"rendered":"https:\/\/www.laguiadepamplona.com\/actualidad\/?p=42994"},"modified":"2023-04-11T11:47:08","modified_gmt":"2023-04-11T09:47:08","slug":"el-1-de-marzo-abre-al-publico-la-primera-oficina-de-informacion-energetica-como-punto-de-asesoramiento-a-la-ciudadania-sobre-temas-relacionados-con-la-energia","status":"publish","type":"post","link":"https:\/\/www.laguiadepamplona.com\/actualidad\/el-1-de-marzo-abre-al-publico-la-primera-oficina-de-informacion-energetica-como-punto-de-asesoramiento-a-la-ciudadania-sobre-temas-relacionados-con-la-energia\/","title":{"rendered":"El 1 de marzo abre al p\u00fablico la primera Oficina de Informaci\u00f3n Energ\u00e9tica como punto de asesoramiento a la ciudadan\u00eda sobre temas relacionados con la energ\u00eda"},"content":{"rendered":"<h5>Ubicada en el Museo de Educaci\u00f3n Ambiental, la atenci\u00f3n requiere cita previa en el 010 o a trav\u00e9s de la Sede Electr\u00f3nica municipal<\/h5>\n<p><!--more--><\/p>\n<p>El Ayuntamiento de Pamplona abre el pr\u00f3ximo mi\u00e9rcoles 1 de marzo la primera Oficina de Informaci\u00f3n Energ\u00e9tica, enmarcada en el proyecto europeo oPEN Lab. Se trata de habilitar un punto de asesoramiento a la ciudadan\u00eda en temas de comunidades energ\u00e9ticas, energ\u00edas renovables, rehabilitaci\u00f3n energ\u00e9tica, subvenciones y ayudas para instalaciones de energ\u00edas renovables y rehabilitaci\u00f3n, as\u00ed como en temas de facturas energ\u00e9ticas.<\/p>\n<p>La Oficina de Informaci\u00f3n Energ\u00e9tica estar\u00e1 ubicada en el Museo de Educaci\u00f3n Ambiental (c\/ Errotazar, 21 bis) y atender\u00e1 todos los mi\u00e9rcoles, en horario de 10 a 13 horas por la ma\u00f1ana y de 18 a 20 horas por la tarde. Ser\u00e1 necesaria la cita previa, que se puede obtener a trav\u00e9s del tel\u00e9fono 010 \u2013 948 420 100 o de forma telem\u00e1tica, a trav\u00e9s de la <a href=\"https:\/\/sedeelectronica.pamplona.es\/detalleGenerico.aspx\" target=\"_blank\" rel=\"noopener\">Sede Electr\u00f3nica<\/a> del Ayuntamiento de Pamplona.<br \/>\n<script async src=\"\/\/pagead2.googlesyndication.com\/pagead\/js\/adsbygoogle.js\"><\/script><br \/>\n<!-- Noticias La Guia de Pamplona --><br \/>\n<ins class=\"adsbygoogle\"\nstyle=\"display:block\"\ndata-ad-client=\"ca-pub-6943679897239327\"\ndata-ad-slot=\"7048180777\"\ndata-ad-format=\"auto\"><\/ins><br \/>\n<script>\n(adsbygoogle = window.adsbygoogle || []).push({});\n<\/script><\/p>\n<p>Esta ser\u00e1 la primera de una red de oficinas de informaci\u00f3n energ\u00e9tica que el ayuntamiento de Pamplona tiene intenci\u00f3n de implantar durante los pr\u00f3ximos a\u00f1os en diferentes barrios de la ciudad. Esta red, junto con otros instrumentos como las comunidades energ\u00e9ticas, que ya se est\u00e1n implantando en los barrios como Mendillorri y Rochapea, son piezas claves para llegar al objetivo de barrios de energ\u00eda positiva y cumplir as\u00ed con los objetivos marcados en la Estrategia de Transici\u00f3n Energ\u00e9tica y Cambio Clim\u00e1tico de Pamplona.<\/p>\n<p>El Ayuntamiento de Pamplona pretende con esta oficina cumplir con su papel de impulsor de la transici\u00f3n energ\u00e9tica, siendo un agente que genera actividad en torno a proyectos energ\u00e9ticos; rehabilitaci\u00f3n energ\u00e9tica, movilidad, fotovoltaica, e instalaciones renovables t\u00e9rmicas, tanto en el \u00e1mbito p\u00fablico como en comunidades energ\u00e9ticas e incentivando las inversiones privadas.<\/p>\n<p>La Oficina de Informaci\u00f3n Energ\u00e9tica forma parte del proyecto oPEN Lab, cuyo objetivo es impulsar un modelo de barrio de energ\u00eda positiva en la Rochapea y est\u00e1 financiado con fondos europeos del programa H2020. Junto a Pamplona, participan en el programa las localidades de Genk (B\u00e9lgica) y Tartu (Estonia). Este proyecto forma parte tambi\u00e9n del programa Go Green Pamplona, que engloba las actuaciones y medidas que el Ayuntamiento lleva a cabo en materia lucha el cambio clim\u00e1tico.<br \/>\n<script async src=\"\/\/pagead2.googlesyndication.com\/pagead\/js\/adsbygoogle.js\"><\/script><br \/>\n<!-- Noticias La Guia de Pamplona --><br \/>\n<ins class=\"adsbygoogle\"\nstyle=\"display:block\"\ndata-ad-client=\"ca-pub-6943679897239327\"\ndata-ad-slot=\"7048180777\"\ndata-ad-format=\"auto\"><\/ins><br \/>\n<script>\n(adsbygoogle = window.adsbygoogle || []).push({});\n<\/script><\/p>\n<p><strong>Ampliado el plazo para la convocatoria de soluciones innovadoras de oPEN Lab<\/strong><\/p>\n<p>El proyecto oPEN Lab ha ampliado el plazo para la presentaci\u00f3n de propuestas a la convocatoria abierta para soluciones innovadoras en el \u00e1mbito de la energ\u00eda. La convocatoria busca empresas u organismos que tengan productos innovadores relacionados con la rehabilitaci\u00f3n e integraci\u00f3n de energ\u00edas renovables en edificaci\u00f3n y urbanismo para que los puedan probar y testar en el entorno real que genera el proyecto oPEN Lab.<\/p>\n<p>Los retos pr\u00e1cticos que plantea esta convocatoria son la gesti\u00f3n de la ventilaci\u00f3n en funci\u00f3n de la demanda, el almacenamiento eficiente y seguro de bicicletas, herramientas de apoyo a la co-creaci\u00f3n y gesti\u00f3n de Comunidades Energ\u00e9ticas, soluciones energ\u00e9ticas innovadoras para la generaci\u00f3n y el almacenamiento de energ\u00eda, interfaces de usuario innovadoras y rentables para los sistemas de gesti\u00f3n y mantenimiento a distancia de los sistemas energ\u00e9ticos del edificio, BIM desde el escaneado hasta la construcci\u00f3n, infraestructura educativa de barrio y bomba de calor de CC. Las propuestas se podr\u00e1n presentar hasta el 20 de marzo. Las bases de la convocatoria est\u00e1n disponibles en la web del proyecto oPEN Lab (<a href=\"https:\/\/openlab-project.eu\" target=\"_blank\" rel=\"noopener\">https:\/\/openlab-project.eu<\/a>).<\/p>\n","protected":false},"excerpt":{"rendered":"<p>Ubicada en el Museo de Educaci\u00f3n Ambiental, la atenci\u00f3n requiere cita previa en el 010 o a trav\u00e9s de la Sede Electr\u00f3nica municipal<\/p>\n","protected":false},"author":1,"featured_media":42995,"comment_status":"open","ping_status":"closed","sticky":false,"template":"","format":"standard","meta":{"footnotes":""},"categories":[2],"tags":[],"class_list":["post-42994","post","type-post","status-publish","format-standard","has-post-thumbnail","hentry","category-ayuntamiento-pamplona"],"yoast_head":"<!-- This site is optimized with the Yoast SEO plugin v27.5 - https:\/\/yoast.com\/product\/yoast-seo-wordpress\/ -->\n<title>El 1 de marzo abre al p\u00fablico la primera Oficina de Informaci\u00f3n Energ\u00e9tica como punto de asesoramiento a la ciudadan\u00eda sobre temas relacionados con la energ\u00eda<\/title>\n<meta name=\"description\" content=\"Ubicada en el Museo de Educaci\u00f3n Ambiental, la atenci\u00f3n requiere cita previa en el 010 o a trav\u00e9s de la Sede Electr\u00f3nica municipal\" \/>\n<meta name=\"robots\" content=\"index, follow, max-snippet:-1, max-image-preview:large, max-video-preview:-1\" \/>\n<link rel=\"canonical\" href=\"https:\/\/www.laguiadepamplona.com\/actualidad\/el-1-de-marzo-abre-al-publico-la-primera-oficina-de-informacion-energetica-como-punto-de-asesoramiento-a-la-ciudadania-sobre-temas-relacionados-con-la-energia\/\" \/>\n<meta property=\"og:locale\" content=\"es_ES\" \/>\n<meta property=\"og:type\" content=\"article\" \/>\n<meta property=\"og:title\" content=\"El 1 de marzo abre al p\u00fablico la primera Oficina de Informaci\u00f3n Energ\u00e9tica como punto de asesoramiento a la ciudadan\u00eda sobre temas relacionados con la energ\u00eda\" \/>\n<meta property=\"og:description\" content=\"Ubicada en el Museo de Educaci\u00f3n Ambiental, la atenci\u00f3n requiere cita previa en el 010 o a trav\u00e9s de la Sede Electr\u00f3nica municipal\" \/>\n<meta property=\"og:url\" content=\"https:\/\/www.laguiadepamplona.com\/actualidad\/el-1-de-marzo-abre-al-publico-la-primera-oficina-de-informacion-energetica-como-punto-de-asesoramiento-a-la-ciudadania-sobre-temas-relacionados-con-la-energia\/\" \/>\n<meta property=\"og:site_name\" content=\"La Gu\u00eda de Pamplona\" \/>\n<meta property=\"article:publisher\" content=\"https:\/\/www.facebook.com\/laguiadepamplonacom-133175176762273\/?ref=hl\" \/>\n<meta property=\"article:published_time\" content=\"2023-02-24T12:25:42+00:00\" \/>\n<meta property=\"article:modified_time\" content=\"2023-04-11T09:47:08+00:00\" \/>\n<meta property=\"og:image\" content=\"https:\/\/www.laguiadepamplona.com\/actualidad\/wp-content\/uploads\/2023\/02\/oficina-informacion-energetica.webp\" \/>\n\t<meta property=\"og:image:width\" content=\"1257\" \/>\n\t<meta property=\"og:image:height\" content=\"706\" \/>\n\t<meta property=\"og:image:type\" content=\"image\/webp\" \/>\n<meta name=\"author\" content=\"La Gu\u00eda de Pamplona\" \/>\n<meta name=\"twitter:card\" content=\"summary_large_image\" \/>\n<meta name=\"twitter:creator\" content=\"@LaGuiadPamplona\" \/>\n<meta name=\"twitter:site\" content=\"@LaGuiadPamplona\" \/>\n<meta name=\"twitter:label1\" content=\"Escrito por\" \/>\n\t<meta name=\"twitter:data1\" content=\"La Gu\u00eda de Pamplona\" \/>\n\t<meta name=\"twitter:label2\" content=\"Tiempo de lectura\" \/>\n\t<meta name=\"twitter:data2\" content=\"3 minutos\" \/>\n<script type=\"application\/ld+json\" class=\"yoast-schema-graph\">{\"@context\":\"https:\\\/\\\/schema.org\",\"@graph\":[{\"@type\":\"Article\",\"@id\":\"https:\\\/\\\/www.laguiadepamplona.com\\\/actualidad\\\/el-1-de-marzo-abre-al-publico-la-primera-oficina-de-informacion-energetica-como-punto-de-asesoramiento-a-la-ciudadania-sobre-temas-relacionados-con-la-energia\\\/#article\",\"isPartOf\":{\"@id\":\"https:\\\/\\\/www.laguiadepamplona.com\\\/actualidad\\\/el-1-de-marzo-abre-al-publico-la-primera-oficina-de-informacion-energetica-como-punto-de-asesoramiento-a-la-ciudadania-sobre-temas-relacionados-con-la-energia\\\/\"},\"author\":{\"name\":\"La Gu\u00eda de Pamplona\",\"@id\":\"https:\\\/\\\/www.laguiadepamplona.com\\\/actualidad\\\/#\\\/schema\\\/person\\\/efe887376f0213d4657c93adc50b1fdb\"},\"headline\":\"El 1 de marzo abre al p\u00fablico la primera Oficina de Informaci\u00f3n Energ\u00e9tica como punto de asesoramiento a la ciudadan\u00eda sobre temas relacionados con la energ\u00eda\",\"datePublished\":\"2023-02-24T12:25:42+00:00\",\"dateModified\":\"2023-04-11T09:47:08+00:00\",\"mainEntityOfPage\":{\"@id\":\"https:\\\/\\\/www.laguiadepamplona.com\\\/actualidad\\\/el-1-de-marzo-abre-al-publico-la-primera-oficina-de-informacion-energetica-como-punto-de-asesoramiento-a-la-ciudadania-sobre-temas-relacionados-con-la-energia\\\/\"},\"wordCount\":647,\"commentCount\":0,\"publisher\":{\"@id\":\"https:\\\/\\\/www.laguiadepamplona.com\\\/actualidad\\\/#organization\"},\"image\":{\"@id\":\"https:\\\/\\\/www.laguiadepamplona.com\\\/actualidad\\\/el-1-de-marzo-abre-al-publico-la-primera-oficina-de-informacion-energetica-como-punto-de-asesoramiento-a-la-ciudadania-sobre-temas-relacionados-con-la-energia\\\/#primaryimage\"},\"thumbnailUrl\":\"https:\\\/\\\/www.laguiadepamplona.com\\\/actualidad\\\/wp-content\\\/uploads\\\/2023\\\/02\\\/oficina-informacion-energetica.webp\",\"articleSection\":[\"Ayto Pamplona\"],\"inLanguage\":\"es\",\"potentialAction\":[{\"@type\":\"CommentAction\",\"name\":\"Comment\",\"target\":[\"https:\\\/\\\/www.laguiadepamplona.com\\\/actualidad\\\/el-1-de-marzo-abre-al-publico-la-primera-oficina-de-informacion-energetica-como-punto-de-asesoramiento-a-la-ciudadania-sobre-temas-relacionados-con-la-energia\\\/#respond\"]}]},{\"@type\":\"WebPage\",\"@id\":\"https:\\\/\\\/www.laguiadepamplona.com\\\/actualidad\\\/el-1-de-marzo-abre-al-publico-la-primera-oficina-de-informacion-energetica-como-punto-de-asesoramiento-a-la-ciudadania-sobre-temas-relacionados-con-la-energia\\\/\",\"url\":\"https:\\\/\\\/www.laguiadepamplona.com\\\/actualidad\\\/el-1-de-marzo-abre-al-publico-la-primera-oficina-de-informacion-energetica-como-punto-de-asesoramiento-a-la-ciudadania-sobre-temas-relacionados-con-la-energia\\\/\",\"name\":\"El 1 de marzo abre al p\u00fablico la primera Oficina de Informaci\u00f3n Energ\u00e9tica como punto de asesoramiento a la ciudadan\u00eda sobre temas relacionados con la energ\u00eda\",\"isPartOf\":{\"@id\":\"https:\\\/\\\/www.laguiadepamplona.com\\\/actualidad\\\/#website\"},\"primaryImageOfPage\":{\"@id\":\"https:\\\/\\\/www.laguiadepamplona.com\\\/actualidad\\\/el-1-de-marzo-abre-al-publico-la-primera-oficina-de-informacion-energetica-como-punto-de-asesoramiento-a-la-ciudadania-sobre-temas-relacionados-con-la-energia\\\/#primaryimage\"},\"image\":{\"@id\":\"https:\\\/\\\/www.laguiadepamplona.com\\\/actualidad\\\/el-1-de-marzo-abre-al-publico-la-primera-oficina-de-informacion-energetica-como-punto-de-asesoramiento-a-la-ciudadania-sobre-temas-relacionados-con-la-energia\\\/#primaryimage\"},\"thumbnailUrl\":\"https:\\\/\\\/www.laguiadepamplona.com\\\/actualidad\\\/wp-content\\\/uploads\\\/2023\\\/02\\\/oficina-informacion-energetica.webp\",\"datePublished\":\"2023-02-24T12:25:42+00:00\",\"dateModified\":\"2023-04-11T09:47:08+00:00\",\"description\":\"Ubicada en el Museo de Educaci\u00f3n Ambiental, la atenci\u00f3n requiere cita previa en el 010 o a trav\u00e9s de la Sede Electr\u00f3nica municipal\",\"breadcrumb\":{\"@id\":\"https:\\\/\\\/www.laguiadepamplona.com\\\/actualidad\\\/el-1-de-marzo-abre-al-publico-la-primera-oficina-de-informacion-energetica-como-punto-de-asesoramiento-a-la-ciudadania-sobre-temas-relacionados-con-la-energia\\\/#breadcrumb\"},\"inLanguage\":\"es\",\"potentialAction\":[{\"@type\":\"ReadAction\",\"target\":[\"https:\\\/\\\/www.laguiadepamplona.com\\\/actualidad\\\/el-1-de-marzo-abre-al-publico-la-primera-oficina-de-informacion-energetica-como-punto-de-asesoramiento-a-la-ciudadania-sobre-temas-relacionados-con-la-energia\\\/\"]}]},{\"@type\":\"ImageObject\",\"inLanguage\":\"es\",\"@id\":\"https:\\\/\\\/www.laguiadepamplona.com\\\/actualidad\\\/el-1-de-marzo-abre-al-publico-la-primera-oficina-de-informacion-energetica-como-punto-de-asesoramiento-a-la-ciudadania-sobre-temas-relacionados-con-la-energia\\\/#primaryimage\",\"url\":\"https:\\\/\\\/www.laguiadepamplona.com\\\/actualidad\\\/wp-content\\\/uploads\\\/2023\\\/02\\\/oficina-informacion-energetica.webp\",\"contentUrl\":\"https:\\\/\\\/www.laguiadepamplona.com\\\/actualidad\\\/wp-content\\\/uploads\\\/2023\\\/02\\\/oficina-informacion-energetica.webp\",\"width\":1257,\"height\":706},{\"@type\":\"BreadcrumbList\",\"@id\":\"https:\\\/\\\/www.laguiadepamplona.com\\\/actualidad\\\/el-1-de-marzo-abre-al-publico-la-primera-oficina-de-informacion-energetica-como-punto-de-asesoramiento-a-la-ciudadania-sobre-temas-relacionados-con-la-energia\\\/#breadcrumb\",\"itemListElement\":[{\"@type\":\"ListItem\",\"position\":1,\"name\":\"Portada\",\"item\":\"https:\\\/\\\/www.laguiadepamplona.com\\\/actualidad\\\/\"},{\"@type\":\"ListItem\",\"position\":2,\"name\":\"El 1 de marzo abre al p\u00fablico la primera Oficina de Informaci\u00f3n Energ\u00e9tica como punto de asesoramiento a la ciudadan\u00eda sobre temas relacionados con la energ\u00eda\"}]},{\"@type\":\"WebSite\",\"@id\":\"https:\\\/\\\/www.laguiadepamplona.com\\\/actualidad\\\/#website\",\"url\":\"https:\\\/\\\/www.laguiadepamplona.com\\\/actualidad\\\/\",\"name\":\"La gu\u00eda de Pamplona\",\"description\":\"Noticias de Pamplona\",\"publisher\":{\"@id\":\"https:\\\/\\\/www.laguiadepamplona.com\\\/actualidad\\\/#organization\"},\"potentialAction\":[{\"@type\":\"SearchAction\",\"target\":{\"@type\":\"EntryPoint\",\"urlTemplate\":\"https:\\\/\\\/www.laguiadepamplona.com\\\/actualidad\\\/?s={search_term_string}\"},\"query-input\":{\"@type\":\"PropertyValueSpecification\",\"valueRequired\":true,\"valueName\":\"search_term_string\"}}],\"inLanguage\":\"es\"},{\"@type\":\"Organization\",\"@id\":\"https:\\\/\\\/www.laguiadepamplona.com\\\/actualidad\\\/#organization\",\"name\":\"La Gu\u00eda de Pamplona \\\/ Noticias\",\"url\":\"https:\\\/\\\/www.laguiadepamplona.com\\\/actualidad\\\/\",\"logo\":{\"@type\":\"ImageObject\",\"inLanguage\":\"es\",\"@id\":\"https:\\\/\\\/www.laguiadepamplona.com\\\/actualidad\\\/#\\\/schema\\\/logo\\\/image\\\/\",\"url\":\"https:\\\/\\\/www.laguiadepamplona.com\\\/actualidad\\\/wp-content\\\/uploads\\\/2018\\\/11\\\/logo-laguiadepamplona18-web1.png\",\"contentUrl\":\"https:\\\/\\\/www.laguiadepamplona.com\\\/actualidad\\\/wp-content\\\/uploads\\\/2018\\\/11\\\/logo-laguiadepamplona18-web1.png\",\"width\":600,\"height\":196,\"caption\":\"La Gu\u00eda de Pamplona \\\/ Noticias\"},\"image\":{\"@id\":\"https:\\\/\\\/www.laguiadepamplona.com\\\/actualidad\\\/#\\\/schema\\\/logo\\\/image\\\/\"},\"sameAs\":[\"https:\\\/\\\/www.facebook.com\\\/laguiadepamplonacom-133175176762273\\\/?ref=hl\",\"https:\\\/\\\/x.com\\\/LaGuiadPamplona\",\"https:\\\/\\\/www.instagram.com\\\/la_guia_de_pamplona\\\/\",\"https:\\\/\\\/www.youtube.com\\\/user\\\/laguiadepamplona\"]},{\"@type\":\"Person\",\"@id\":\"https:\\\/\\\/www.laguiadepamplona.com\\\/actualidad\\\/#\\\/schema\\\/person\\\/efe887376f0213d4657c93adc50b1fdb\",\"name\":\"La Gu\u00eda de Pamplona\",\"image\":{\"@type\":\"ImageObject\",\"inLanguage\":\"es\",\"@id\":\"https:\\\/\\\/secure.gravatar.com\\\/avatar\\\/b6992f131dc8d30ab0dff15446e9d346d9dbd95992de0fef795073f5ea83a81c?s=96&d=mm&r=g\",\"url\":\"https:\\\/\\\/secure.gravatar.com\\\/avatar\\\/b6992f131dc8d30ab0dff15446e9d346d9dbd95992de0fef795073f5ea83a81c?s=96&d=mm&r=g\",\"contentUrl\":\"https:\\\/\\\/secure.gravatar.com\\\/avatar\\\/b6992f131dc8d30ab0dff15446e9d346d9dbd95992de0fef795073f5ea83a81c?s=96&d=mm&r=g\",\"caption\":\"La Gu\u00eda de Pamplona\"}}]}<\/script>\n<!-- \/ Yoast SEO plugin. -->","yoast_head_json":{"title":"El 1 de marzo abre al p\u00fablico la primera Oficina de Informaci\u00f3n Energ\u00e9tica como punto de asesoramiento a la ciudadan\u00eda sobre temas relacionados con la energ\u00eda","description":"Ubicada en el Museo de Educaci\u00f3n Ambiental, la atenci\u00f3n requiere cita previa en el 010 o a trav\u00e9s de la Sede Electr\u00f3nica municipal","robots":{"index":"index","follow":"follow","max-snippet":"max-snippet:-1","max-image-preview":"max-image-preview:large","max-video-preview":"max-video-preview:-1"},"canonical":"https:\/\/www.laguiadepamplona.com\/actualidad\/el-1-de-marzo-abre-al-publico-la-primera-oficina-de-informacion-energetica-como-punto-de-asesoramiento-a-la-ciudadania-sobre-temas-relacionados-con-la-energia\/","og_locale":"es_ES","og_type":"article","og_title":"El 1 de marzo abre al p\u00fablico la primera Oficina de Informaci\u00f3n Energ\u00e9tica como punto de asesoramiento a la ciudadan\u00eda sobre temas relacionados con la energ\u00eda","og_description":"Ubicada en el Museo de Educaci\u00f3n Ambiental, la atenci\u00f3n requiere cita previa en el 010 o a trav\u00e9s de la Sede Electr\u00f3nica municipal","og_url":"https:\/\/www.laguiadepamplona.com\/actualidad\/el-1-de-marzo-abre-al-publico-la-primera-oficina-de-informacion-energetica-como-punto-de-asesoramiento-a-la-ciudadania-sobre-temas-relacionados-con-la-energia\/","og_site_name":"La Gu\u00eda de Pamplona","article_publisher":"https:\/\/www.facebook.com\/laguiadepamplonacom-133175176762273\/?ref=hl","article_published_time":"2023-02-24T12:25:42+00:00","article_modified_time":"2023-04-11T09:47:08+00:00","og_image":[{"width":1257,"height":706,"url":"https:\/\/www.laguiadepamplona.com\/actualidad\/wp-content\/uploads\/2023\/02\/oficina-informacion-energetica.webp","type":"image\/webp"}],"author":"La Gu\u00eda de Pamplona","twitter_card":"summary_large_image","twitter_creator":"@LaGuiadPamplona","twitter_site":"@LaGuiadPamplona","twitter_misc":{"Escrito por":"La Gu\u00eda de Pamplona","Tiempo de lectura":"3 minutos"},"schema":{"@context":"https:\/\/schema.org","@graph":[{"@type":"Article","@id":"https:\/\/www.laguiadepamplona.com\/actualidad\/el-1-de-marzo-abre-al-publico-la-primera-oficina-de-informacion-energetica-como-punto-de-asesoramiento-a-la-ciudadania-sobre-temas-relacionados-con-la-energia\/#article","isPartOf":{"@id":"https:\/\/www.laguiadepamplona.com\/actualidad\/el-1-de-marzo-abre-al-publico-la-primera-oficina-de-informacion-energetica-como-punto-de-asesoramiento-a-la-ciudadania-sobre-temas-relacionados-con-la-energia\/"},"author":{"name":"La Gu\u00eda de Pamplona","@id":"https:\/\/www.laguiadepamplona.com\/actualidad\/#\/schema\/person\/efe887376f0213d4657c93adc50b1fdb"},"headline":"El 1 de marzo abre al p\u00fablico la primera Oficina de Informaci\u00f3n Energ\u00e9tica como punto de asesoramiento a la ciudadan\u00eda sobre temas relacionados con la energ\u00eda","datePublished":"2023-02-24T12:25:42+00:00","dateModified":"2023-04-11T09:47:08+00:00","mainEntityOfPage":{"@id":"https:\/\/www.laguiadepamplona.com\/actualidad\/el-1-de-marzo-abre-al-publico-la-primera-oficina-de-informacion-energetica-como-punto-de-asesoramiento-a-la-ciudadania-sobre-temas-relacionados-con-la-energia\/"},"wordCount":647,"commentCount":0,"publisher":{"@id":"https:\/\/www.laguiadepamplona.com\/actualidad\/#organization"},"image":{"@id":"https:\/\/www.laguiadepamplona.com\/actualidad\/el-1-de-marzo-abre-al-publico-la-primera-oficina-de-informacion-energetica-como-punto-de-asesoramiento-a-la-ciudadania-sobre-temas-relacionados-con-la-energia\/#primaryimage"},"thumbnailUrl":"https:\/\/www.laguiadepamplona.com\/actualidad\/wp-content\/uploads\/2023\/02\/oficina-informacion-energetica.webp","articleSection":["Ayto Pamplona"],"inLanguage":"es","potentialAction":[{"@type":"CommentAction","name":"Comment","target":["https:\/\/www.laguiadepamplona.com\/actualidad\/el-1-de-marzo-abre-al-publico-la-primera-oficina-de-informacion-energetica-como-punto-de-asesoramiento-a-la-ciudadania-sobre-temas-relacionados-con-la-energia\/#respond"]}]},{"@type":"WebPage","@id":"https:\/\/www.laguiadepamplona.com\/actualidad\/el-1-de-marzo-abre-al-publico-la-primera-oficina-de-informacion-energetica-como-punto-de-asesoramiento-a-la-ciudadania-sobre-temas-relacionados-con-la-energia\/","url":"https:\/\/www.laguiadepamplona.com\/actualidad\/el-1-de-marzo-abre-al-publico-la-primera-oficina-de-informacion-energetica-como-punto-de-asesoramiento-a-la-ciudadania-sobre-temas-relacionados-con-la-energia\/","name":"El 1 de marzo abre al p\u00fablico la primera Oficina de Informaci\u00f3n Energ\u00e9tica como punto de asesoramiento a la ciudadan\u00eda sobre temas relacionados con la energ\u00eda","isPartOf":{"@id":"https:\/\/www.laguiadepamplona.com\/actualidad\/#website"},"primaryImageOfPage":{"@id":"https:\/\/www.laguiadepamplona.com\/actualidad\/el-1-de-marzo-abre-al-publico-la-primera-oficina-de-informacion-energetica-como-punto-de-asesoramiento-a-la-ciudadania-sobre-temas-relacionados-con-la-energia\/#primaryimage"},"image":{"@id":"https:\/\/www.laguiadepamplona.com\/actualidad\/el-1-de-marzo-abre-al-publico-la-primera-oficina-de-informacion-energetica-como-punto-de-asesoramiento-a-la-ciudadania-sobre-temas-relacionados-con-la-energia\/#primaryimage"},"thumbnailUrl":"https:\/\/www.laguiadepamplona.com\/actualidad\/wp-content\/uploads\/2023\/02\/oficina-informacion-energetica.webp","datePublished":"2023-02-24T12:25:42+00:00","dateModified":"2023-04-11T09:47:08+00:00","description":"Ubicada en el Museo de Educaci\u00f3n Ambiental, la atenci\u00f3n requiere cita previa en el 010 o a trav\u00e9s de la Sede Electr\u00f3nica municipal","breadcrumb":{"@id":"https:\/\/www.laguiadepamplona.com\/actualidad\/el-1-de-marzo-abre-al-publico-la-primera-oficina-de-informacion-energetica-como-punto-de-asesoramiento-a-la-ciudadania-sobre-temas-relacionados-con-la-energia\/#breadcrumb"},"inLanguage":"es","potentialAction":[{"@type":"ReadAction","target":["https:\/\/www.laguiadepamplona.com\/actualidad\/el-1-de-marzo-abre-al-publico-la-primera-oficina-de-informacion-energetica-como-punto-de-asesoramiento-a-la-ciudadania-sobre-temas-relacionados-con-la-energia\/"]}]},{"@type":"ImageObject","inLanguage":"es","@id":"https:\/\/www.laguiadepamplona.com\/actualidad\/el-1-de-marzo-abre-al-publico-la-primera-oficina-de-informacion-energetica-como-punto-de-asesoramiento-a-la-ciudadania-sobre-temas-relacionados-con-la-energia\/#primaryimage","url":"https:\/\/www.laguiadepamplona.com\/actualidad\/wp-content\/uploads\/2023\/02\/oficina-informacion-energetica.webp","contentUrl":"https:\/\/www.laguiadepamplona.com\/actualidad\/wp-content\/uploads\/2023\/02\/oficina-informacion-energetica.webp","width":1257,"height":706},{"@type":"BreadcrumbList","@id":"https:\/\/www.laguiadepamplona.com\/actualidad\/el-1-de-marzo-abre-al-publico-la-primera-oficina-de-informacion-energetica-como-punto-de-asesoramiento-a-la-ciudadania-sobre-temas-relacionados-con-la-energia\/#breadcrumb","itemListElement":[{"@type":"ListItem","position":1,"name":"Portada","item":"https:\/\/www.laguiadepamplona.com\/actualidad\/"},{"@type":"ListItem","position":2,"name":"El 1 de marzo abre al p\u00fablico la primera Oficina de Informaci\u00f3n Energ\u00e9tica como punto de asesoramiento a la ciudadan\u00eda sobre temas relacionados con la energ\u00eda"}]},{"@type":"WebSite","@id":"https:\/\/www.laguiadepamplona.com\/actualidad\/#website","url":"https:\/\/www.laguiadepamplona.com\/actualidad\/","name":"La gu\u00eda de Pamplona","description":"Noticias de Pamplona","publisher":{"@id":"https:\/\/www.laguiadepamplona.com\/actualidad\/#organization"},"potentialAction":[{"@type":"SearchAction","target":{"@type":"EntryPoint","urlTemplate":"https:\/\/www.laguiadepamplona.com\/actualidad\/?s={search_term_string}"},"query-input":{"@type":"PropertyValueSpecification","valueRequired":true,"valueName":"search_term_string"}}],"inLanguage":"es"},{"@type":"Organization","@id":"https:\/\/www.laguiadepamplona.com\/actualidad\/#organization","name":"La Gu\u00eda de Pamplona \/ Noticias","url":"https:\/\/www.laguiadepamplona.com\/actualidad\/","logo":{"@type":"ImageObject","inLanguage":"es","@id":"https:\/\/www.laguiadepamplona.com\/actualidad\/#\/schema\/logo\/image\/","url":"https:\/\/www.laguiadepamplona.com\/actualidad\/wp-content\/uploads\/2018\/11\/logo-laguiadepamplona18-web1.png","contentUrl":"https:\/\/www.laguiadepamplona.com\/actualidad\/wp-content\/uploads\/2018\/11\/logo-laguiadepamplona18-web1.png","width":600,"height":196,"caption":"La Gu\u00eda de Pamplona \/ Noticias"},"image":{"@id":"https:\/\/www.laguiadepamplona.com\/actualidad\/#\/schema\/logo\/image\/"},"sameAs":["https:\/\/www.facebook.com\/laguiadepamplonacom-133175176762273\/?ref=hl","https:\/\/x.com\/LaGuiadPamplona","https:\/\/www.instagram.com\/la_guia_de_pamplona\/","https:\/\/www.youtube.com\/user\/laguiadepamplona"]},{"@type":"Person","@id":"https:\/\/www.laguiadepamplona.com\/actualidad\/#\/schema\/person\/efe887376f0213d4657c93adc50b1fdb","name":"La Gu\u00eda de Pamplona","image":{"@type":"ImageObject","inLanguage":"es","@id":"https:\/\/secure.gravatar.com\/avatar\/b6992f131dc8d30ab0dff15446e9d346d9dbd95992de0fef795073f5ea83a81c?s=96&d=mm&r=g","url":"https:\/\/secure.gravatar.com\/avatar\/b6992f131dc8d30ab0dff15446e9d346d9dbd95992de0fef795073f5ea83a81c?s=96&d=mm&r=g","contentUrl":"https:\/\/secure.gravatar.com\/avatar\/b6992f131dc8d30ab0dff15446e9d346d9dbd95992de0fef795073f5ea83a81c?s=96&d=mm&r=g","caption":"La Gu\u00eda de Pamplona"}}]}},"post_mailing_queue_ids":[],"_links":{"self":[{"href":"https:\/\/www.laguiadepamplona.com\/actualidad\/wp-json\/wp\/v2\/posts\/42994","targetHints":{"allow":["GET"]}}],"collection":[{"href":"https:\/\/www.laguiadepamplona.com\/actualidad\/wp-json\/wp\/v2\/posts"}],"about":[{"href":"https:\/\/www.laguiadepamplona.com\/actualidad\/wp-json\/wp\/v2\/types\/post"}],"author":[{"embeddable":true,"href":"https:\/\/www.laguiadepamplona.com\/actualidad\/wp-json\/wp\/v2\/users\/1"}],"replies":[{"embeddable":true,"href":"https:\/\/www.laguiadepamplona.com\/actualidad\/wp-json\/wp\/v2\/comments?post=42994"}],"version-history":[{"count":0,"href":"https:\/\/www.laguiadepamplona.com\/actualidad\/wp-json\/wp\/v2\/posts\/42994\/revisions"}],"wp:featuredmedia":[{"embeddable":true,"href":"https:\/\/www.laguiadepamplona.com\/actualidad\/wp-json\/wp\/v2\/media\/42995"}],"wp:attachment":[{"href":"https:\/\/www.laguiadepamplona.com\/actualidad\/wp-json\/wp\/v2\/media?parent=42994"}],"wp:term":[{"taxonomy":"category","embeddable":true,"href":"https:\/\/www.laguiadepamplona.com\/actualidad\/wp-json\/wp\/v2\/categories?post=42994"},{"taxonomy":"post_tag","embeddable":true,"href":"https:\/\/www.laguiadepamplona.com\/actualidad\/wp-json\/wp\/v2\/tags?post=42994"}],"curies":[{"name":"wp","href":"https:\/\/api.w.org\/{rel}","templated":true}]}}