{"id":42991,"date":"2023-02-24T14:23:00","date_gmt":"2023-02-24T12:23:00","guid":{"rendered":"https:\/\/www.laguiadepamplona.com\/actualidad\/?p=42991"},"modified":"2023-04-11T11:47:08","modified_gmt":"2023-04-11T09:47:08","slug":"el-ayuntamiento-da-visibilidad-al-dia-internacional-del-implante-coclear-iluminando-la-fachada-en-color-lila","status":"publish","type":"post","link":"https:\/\/www.laguiadepamplona.com\/actualidad\/el-ayuntamiento-da-visibilidad-al-dia-internacional-del-implante-coclear-iluminando-la-fachada-en-color-lila\/","title":{"rendered":"El Ayuntamiento da visibilidad al D\u00eda Internacional del Implante Coclear iluminando la fachada en color lila"},"content":{"rendered":"<h5>Este s\u00e1bado se conmemora el aniversario del primer implante coclear, una t\u00e9cnica avanzada que permite o\u00edr a personas con p\u00e9rdida auditiva severa<\/h5>\n<p><!--more--><\/p>\n<p>El Ayuntamiento de Pamplona se une a la celebraci\u00f3n del D\u00eda Internacional del Implante Coclear iluminando su fachada en color lila. La iluminaci\u00f3n secunda la iniciativa de la Federaci\u00f3n de Asociaciones de Implantados Cocleares de Espa\u00f1a (AICE). La t\u00e9cnica del implante coclear permite o\u00edr a las personas afectadas por sordera profunda, a trav\u00e9s de la estimulaci\u00f3n el\u00e9ctrica de las c\u00e9lulas ac\u00fasticas del o\u00eddo interno.<\/p>\n<p>El D\u00eda Internacional del Implante Coclear se celebra en numerosos pa\u00edses desde el a\u00f1o 2009, para dar visibilidad a esa t\u00e9cnica innovadora en el campo de la audici\u00f3n. Esta t\u00e9cnica se suele utilizar en ni\u00f1os y ni\u00f1as reci\u00e9n nacidos, pero tambi\u00e9n es \u00fatil para afectados por p\u00e9rdida auditiva severa de todas las edades, incluidas personas de edad avanzada.<\/p>\n<p>La Federaci\u00f3n de Asociaciones de Implantados Cocleares de Espa\u00f1a centra sus actividades en la difusi\u00f3n de esta tecnolog\u00eda y en la defensa de los intereses del colectivo de implantados, que supera las 20.000 personas en Espa\u00f1a. Para seguir la campa\u00f1a en redes sociales se pueden utilizar los hashtags #DiaImplanteCoclear y #CochlearImplantDay.<br \/>\n<script async src=\"\/\/pagead2.googlesyndication.com\/pagead\/js\/adsbygoogle.js\"><\/script><br \/>\n<!-- Noticias La Guia de Pamplona --><br \/>\n<ins class=\"adsbygoogle\"\nstyle=\"display:block\"\ndata-ad-client=\"ca-pub-6943679897239327\"\ndata-ad-slot=\"7048180777\"\ndata-ad-format=\"auto\"><\/ins><br \/>\n<script>\n(adsbygoogle = window.adsbygoogle || []).push({});\n<\/script><\/p>\n<p><strong>D\u00eda Mundial de la Audici\u00f3n<\/strong><\/p>\n<p>Adem\u00e1s, la semana pr\u00f3xima, el viernes 3 de marzo, la Federaci\u00f3n conmemora el D\u00eda Mundial de la Audici\u00f3n, que el Ayuntamiento visibiliza iluminando la fachada en color rojo-granate. La edici\u00f3n de este a\u00f1o destaca la importancia de integrar el cuidado del o\u00eddo y la audici\u00f3n en la atenci\u00f3n primaria, como un componente esencial de la cobertura universal de salud. Se calcula que m\u00e1s del 60% de los problemas de audici\u00f3n, que son bastante comunes en la poblaci\u00f3n en general, pueden ser diagnosticados y por tanto tratados desde la atenci\u00f3n primaria.<\/p>\n<p>El D\u00eda Mundial propone realizar campa\u00f1as de concienciaci\u00f3n para proteger la salud auditiva, con revisiones anuales que permitan soluciones personalizadas en caso de p\u00e9rdida auditiva. Las revisiones peri\u00f3dicas reducen el impacto de esas p\u00e9rdidas que, detectadas a tiempo, se pueden tratar con mejores resultados. La Organizaci\u00f3n Mundial de la Salud (OMS) eligi\u00f3 el 3 de marzo como D\u00eda Internacional de la Audici\u00f3n porque la fecha con dos n\u00fameros 3 simboliza las dos orejas.<br \/>\n<script async src=\"\/\/pagead2.googlesyndication.com\/pagead\/js\/adsbygoogle.js\"><\/script><br \/>\n<!-- Noticias La Guia de Pamplona --><br \/>\n<ins class=\"adsbygoogle\"\nstyle=\"display:block\"\ndata-ad-client=\"ca-pub-6943679897239327\"\ndata-ad-slot=\"7048180777\"\ndata-ad-format=\"auto\"><\/ins><br \/>\n<script>\n(adsbygoogle = window.adsbygoogle || []).push({});\n<\/script><\/p>\n<p>&nbsp;<\/p>\n<p><span style=\"color: #ff0000;\"><strong>25 de Febrero, D\u00eda Internacional del Implante Coclear<\/strong><\/span><\/p>\n<ul>\n<li>Federaci\u00f3n de Asociaciones de Implantados Cocleares de Espa\u00f1a (AICE)\n<ul>\n<li>Iluminaci\u00f3n de la fachada consistorial en color lila<\/li>\n<li>Seguimiento en redes sociales: #DiaImplanteCoclear, #CochlearImplantDay<\/li>\n<\/ul>\n<\/li>\n<\/ul>\n<p>&nbsp;<\/p>\n<p><span style=\"color: #ff0000;\"><strong>3 de Marzo, D\u00eda Mundial de la Audici\u00f3n<\/strong><\/span><\/p>\n<ul>\n<li>Federaci\u00f3n de Asociaciones de Implantados Cocleares de Espa\u00f1a (AICE)\n<ul>\n<li>Iluminaci\u00f3n de la fachada consistorial en color rojo-granate<\/li>\n<li>Lema de la edici\u00f3n de 2023: \u201c\u00a1Cuidado del o\u00eddo y la audici\u00f3n para todos! Hag\u00e1moslo realidad\u201d<\/li>\n<\/ul>\n<\/li>\n<\/ul>\n","protected":false},"excerpt":{"rendered":"<p>Este s\u00e1bado se conmemora el aniversario del primer implante coclear, una t\u00e9cnica avanzada que permite o\u00edr a personas con p\u00e9rdida auditiva severa<\/p>\n","protected":false},"author":1,"featured_media":42992,"comment_status":"open","ping_status":"closed","sticky":false,"template":"","format":"standard","meta":{"footnotes":""},"categories":[2],"tags":[],"class_list":["post-42991","post","type-post","status-publish","format-standard","has-post-thumbnail","hentry","category-ayuntamiento-pamplona"],"yoast_head":"<!-- This site is optimized with the Yoast SEO plugin v27.5 - https:\/\/yoast.com\/product\/yoast-seo-wordpress\/ -->\n<title>El Ayuntamiento da visibilidad al D\u00eda Internacional del Implante Coclear iluminando la fachada en color lila<\/title>\n<meta name=\"description\" content=\"Este s\u00e1bado se conmemora el aniversario del primer implante coclear, una t\u00e9cnica avanzada que permite o\u00edr a personas con p\u00e9rdida auditiva severa\" \/>\n<meta name=\"robots\" content=\"index, follow, max-snippet:-1, max-image-preview:large, max-video-preview:-1\" \/>\n<link rel=\"canonical\" href=\"https:\/\/www.laguiadepamplona.com\/actualidad\/el-ayuntamiento-da-visibilidad-al-dia-internacional-del-implante-coclear-iluminando-la-fachada-en-color-lila\/\" \/>\n<meta property=\"og:locale\" content=\"es_ES\" \/>\n<meta property=\"og:type\" content=\"article\" \/>\n<meta property=\"og:title\" content=\"El Ayuntamiento da visibilidad al D\u00eda Internacional del Implante Coclear iluminando la fachada en color lila\" \/>\n<meta property=\"og:description\" content=\"Este s\u00e1bado se conmemora el aniversario del primer implante coclear, una t\u00e9cnica avanzada que permite o\u00edr a personas con p\u00e9rdida auditiva severa\" \/>\n<meta property=\"og:url\" content=\"https:\/\/www.laguiadepamplona.com\/actualidad\/el-ayuntamiento-da-visibilidad-al-dia-internacional-del-implante-coclear-iluminando-la-fachada-en-color-lila\/\" \/>\n<meta property=\"og:site_name\" content=\"La Gu\u00eda de Pamplona\" \/>\n<meta property=\"article:publisher\" content=\"https:\/\/www.facebook.com\/laguiadepamplonacom-133175176762273\/?ref=hl\" \/>\n<meta property=\"article:published_time\" content=\"2023-02-24T12:23:00+00:00\" \/>\n<meta property=\"article:modified_time\" content=\"2023-04-11T09:47:08+00:00\" \/>\n<meta property=\"og:image\" content=\"https:\/\/www.laguiadepamplona.com\/actualidad\/wp-content\/uploads\/2023\/02\/fachada_morado_lila.webp\" \/>\n\t<meta property=\"og:image:width\" content=\"1920\" \/>\n\t<meta property=\"og:image:height\" content=\"1280\" \/>\n\t<meta property=\"og:image:type\" content=\"image\/webp\" \/>\n<meta name=\"author\" content=\"La Gu\u00eda de Pamplona\" \/>\n<meta name=\"twitter:card\" content=\"summary_large_image\" \/>\n<meta name=\"twitter:creator\" content=\"@LaGuiadPamplona\" \/>\n<meta name=\"twitter:site\" content=\"@LaGuiadPamplona\" \/>\n<meta name=\"twitter:label1\" content=\"Escrito por\" \/>\n\t<meta name=\"twitter:data1\" content=\"La Gu\u00eda de Pamplona\" \/>\n\t<meta name=\"twitter:label2\" content=\"Tiempo de lectura\" \/>\n\t<meta name=\"twitter:data2\" content=\"2 minutos\" \/>\n<script type=\"application\/ld+json\" class=\"yoast-schema-graph\">{\"@context\":\"https:\\\/\\\/schema.org\",\"@graph\":[{\"@type\":\"Article\",\"@id\":\"https:\\\/\\\/www.laguiadepamplona.com\\\/actualidad\\\/el-ayuntamiento-da-visibilidad-al-dia-internacional-del-implante-coclear-iluminando-la-fachada-en-color-lila\\\/#article\",\"isPartOf\":{\"@id\":\"https:\\\/\\\/www.laguiadepamplona.com\\\/actualidad\\\/el-ayuntamiento-da-visibilidad-al-dia-internacional-del-implante-coclear-iluminando-la-fachada-en-color-lila\\\/\"},\"author\":{\"name\":\"La Gu\u00eda de Pamplona\",\"@id\":\"https:\\\/\\\/www.laguiadepamplona.com\\\/actualidad\\\/#\\\/schema\\\/person\\\/efe887376f0213d4657c93adc50b1fdb\"},\"headline\":\"El Ayuntamiento da visibilidad al D\u00eda Internacional del Implante Coclear iluminando la fachada en color lila\",\"datePublished\":\"2023-02-24T12:23:00+00:00\",\"dateModified\":\"2023-04-11T09:47:08+00:00\",\"mainEntityOfPage\":{\"@id\":\"https:\\\/\\\/www.laguiadepamplona.com\\\/actualidad\\\/el-ayuntamiento-da-visibilidad-al-dia-internacional-del-implante-coclear-iluminando-la-fachada-en-color-lila\\\/\"},\"wordCount\":518,\"commentCount\":0,\"publisher\":{\"@id\":\"https:\\\/\\\/www.laguiadepamplona.com\\\/actualidad\\\/#organization\"},\"image\":{\"@id\":\"https:\\\/\\\/www.laguiadepamplona.com\\\/actualidad\\\/el-ayuntamiento-da-visibilidad-al-dia-internacional-del-implante-coclear-iluminando-la-fachada-en-color-lila\\\/#primaryimage\"},\"thumbnailUrl\":\"https:\\\/\\\/www.laguiadepamplona.com\\\/actualidad\\\/wp-content\\\/uploads\\\/2023\\\/02\\\/fachada_morado_lila.webp\",\"articleSection\":[\"Ayto Pamplona\"],\"inLanguage\":\"es\",\"potentialAction\":[{\"@type\":\"CommentAction\",\"name\":\"Comment\",\"target\":[\"https:\\\/\\\/www.laguiadepamplona.com\\\/actualidad\\\/el-ayuntamiento-da-visibilidad-al-dia-internacional-del-implante-coclear-iluminando-la-fachada-en-color-lila\\\/#respond\"]}]},{\"@type\":\"WebPage\",\"@id\":\"https:\\\/\\\/www.laguiadepamplona.com\\\/actualidad\\\/el-ayuntamiento-da-visibilidad-al-dia-internacional-del-implante-coclear-iluminando-la-fachada-en-color-lila\\\/\",\"url\":\"https:\\\/\\\/www.laguiadepamplona.com\\\/actualidad\\\/el-ayuntamiento-da-visibilidad-al-dia-internacional-del-implante-coclear-iluminando-la-fachada-en-color-lila\\\/\",\"name\":\"El Ayuntamiento da visibilidad al D\u00eda Internacional del Implante Coclear iluminando la fachada en color lila\",\"isPartOf\":{\"@id\":\"https:\\\/\\\/www.laguiadepamplona.com\\\/actualidad\\\/#website\"},\"primaryImageOfPage\":{\"@id\":\"https:\\\/\\\/www.laguiadepamplona.com\\\/actualidad\\\/el-ayuntamiento-da-visibilidad-al-dia-internacional-del-implante-coclear-iluminando-la-fachada-en-color-lila\\\/#primaryimage\"},\"image\":{\"@id\":\"https:\\\/\\\/www.laguiadepamplona.com\\\/actualidad\\\/el-ayuntamiento-da-visibilidad-al-dia-internacional-del-implante-coclear-iluminando-la-fachada-en-color-lila\\\/#primaryimage\"},\"thumbnailUrl\":\"https:\\\/\\\/www.laguiadepamplona.com\\\/actualidad\\\/wp-content\\\/uploads\\\/2023\\\/02\\\/fachada_morado_lila.webp\",\"datePublished\":\"2023-02-24T12:23:00+00:00\",\"dateModified\":\"2023-04-11T09:47:08+00:00\",\"description\":\"Este s\u00e1bado se conmemora el aniversario del primer implante coclear, una t\u00e9cnica avanzada que permite o\u00edr a personas con p\u00e9rdida auditiva severa\",\"breadcrumb\":{\"@id\":\"https:\\\/\\\/www.laguiadepamplona.com\\\/actualidad\\\/el-ayuntamiento-da-visibilidad-al-dia-internacional-del-implante-coclear-iluminando-la-fachada-en-color-lila\\\/#breadcrumb\"},\"inLanguage\":\"es\",\"potentialAction\":[{\"@type\":\"ReadAction\",\"target\":[\"https:\\\/\\\/www.laguiadepamplona.com\\\/actualidad\\\/el-ayuntamiento-da-visibilidad-al-dia-internacional-del-implante-coclear-iluminando-la-fachada-en-color-lila\\\/\"]}]},{\"@type\":\"ImageObject\",\"inLanguage\":\"es\",\"@id\":\"https:\\\/\\\/www.laguiadepamplona.com\\\/actualidad\\\/el-ayuntamiento-da-visibilidad-al-dia-internacional-del-implante-coclear-iluminando-la-fachada-en-color-lila\\\/#primaryimage\",\"url\":\"https:\\\/\\\/www.laguiadepamplona.com\\\/actualidad\\\/wp-content\\\/uploads\\\/2023\\\/02\\\/fachada_morado_lila.webp\",\"contentUrl\":\"https:\\\/\\\/www.laguiadepamplona.com\\\/actualidad\\\/wp-content\\\/uploads\\\/2023\\\/02\\\/fachada_morado_lila.webp\",\"width\":1920,\"height\":1280},{\"@type\":\"BreadcrumbList\",\"@id\":\"https:\\\/\\\/www.laguiadepamplona.com\\\/actualidad\\\/el-ayuntamiento-da-visibilidad-al-dia-internacional-del-implante-coclear-iluminando-la-fachada-en-color-lila\\\/#breadcrumb\",\"itemListElement\":[{\"@type\":\"ListItem\",\"position\":1,\"name\":\"Portada\",\"item\":\"https:\\\/\\\/www.laguiadepamplona.com\\\/actualidad\\\/\"},{\"@type\":\"ListItem\",\"position\":2,\"name\":\"El Ayuntamiento da visibilidad al D\u00eda Internacional del Implante Coclear iluminando la fachada en color lila\"}]},{\"@type\":\"WebSite\",\"@id\":\"https:\\\/\\\/www.laguiadepamplona.com\\\/actualidad\\\/#website\",\"url\":\"https:\\\/\\\/www.laguiadepamplona.com\\\/actualidad\\\/\",\"name\":\"La gu\u00eda de Pamplona\",\"description\":\"Noticias de Pamplona\",\"publisher\":{\"@id\":\"https:\\\/\\\/www.laguiadepamplona.com\\\/actualidad\\\/#organization\"},\"potentialAction\":[{\"@type\":\"SearchAction\",\"target\":{\"@type\":\"EntryPoint\",\"urlTemplate\":\"https:\\\/\\\/www.laguiadepamplona.com\\\/actualidad\\\/?s={search_term_string}\"},\"query-input\":{\"@type\":\"PropertyValueSpecification\",\"valueRequired\":true,\"valueName\":\"search_term_string\"}}],\"inLanguage\":\"es\"},{\"@type\":\"Organization\",\"@id\":\"https:\\\/\\\/www.laguiadepamplona.com\\\/actualidad\\\/#organization\",\"name\":\"La Gu\u00eda de Pamplona \\\/ Noticias\",\"url\":\"https:\\\/\\\/www.laguiadepamplona.com\\\/actualidad\\\/\",\"logo\":{\"@type\":\"ImageObject\",\"inLanguage\":\"es\",\"@id\":\"https:\\\/\\\/www.laguiadepamplona.com\\\/actualidad\\\/#\\\/schema\\\/logo\\\/image\\\/\",\"url\":\"https:\\\/\\\/www.laguiadepamplona.com\\\/actualidad\\\/wp-content\\\/uploads\\\/2018\\\/11\\\/logo-laguiadepamplona18-web1.png\",\"contentUrl\":\"https:\\\/\\\/www.laguiadepamplona.com\\\/actualidad\\\/wp-content\\\/uploads\\\/2018\\\/11\\\/logo-laguiadepamplona18-web1.png\",\"width\":600,\"height\":196,\"caption\":\"La Gu\u00eda de Pamplona \\\/ Noticias\"},\"image\":{\"@id\":\"https:\\\/\\\/www.laguiadepamplona.com\\\/actualidad\\\/#\\\/schema\\\/logo\\\/image\\\/\"},\"sameAs\":[\"https:\\\/\\\/www.facebook.com\\\/laguiadepamplonacom-133175176762273\\\/?ref=hl\",\"https:\\\/\\\/x.com\\\/LaGuiadPamplona\",\"https:\\\/\\\/www.instagram.com\\\/la_guia_de_pamplona\\\/\",\"https:\\\/\\\/www.youtube.com\\\/user\\\/laguiadepamplona\"]},{\"@type\":\"Person\",\"@id\":\"https:\\\/\\\/www.laguiadepamplona.com\\\/actualidad\\\/#\\\/schema\\\/person\\\/efe887376f0213d4657c93adc50b1fdb\",\"name\":\"La Gu\u00eda de Pamplona\",\"image\":{\"@type\":\"ImageObject\",\"inLanguage\":\"es\",\"@id\":\"https:\\\/\\\/secure.gravatar.com\\\/avatar\\\/b6992f131dc8d30ab0dff15446e9d346d9dbd95992de0fef795073f5ea83a81c?s=96&d=mm&r=g\",\"url\":\"https:\\\/\\\/secure.gravatar.com\\\/avatar\\\/b6992f131dc8d30ab0dff15446e9d346d9dbd95992de0fef795073f5ea83a81c?s=96&d=mm&r=g\",\"contentUrl\":\"https:\\\/\\\/secure.gravatar.com\\\/avatar\\\/b6992f131dc8d30ab0dff15446e9d346d9dbd95992de0fef795073f5ea83a81c?s=96&d=mm&r=g\",\"caption\":\"La Gu\u00eda de Pamplona\"}}]}<\/script>\n<!-- \/ Yoast SEO plugin. -->","yoast_head_json":{"title":"El Ayuntamiento da visibilidad al D\u00eda Internacional del Implante Coclear iluminando la fachada en color lila","description":"Este s\u00e1bado se conmemora el aniversario del primer implante coclear, una t\u00e9cnica avanzada que permite o\u00edr a personas con p\u00e9rdida auditiva severa","robots":{"index":"index","follow":"follow","max-snippet":"max-snippet:-1","max-image-preview":"max-image-preview:large","max-video-preview":"max-video-preview:-1"},"canonical":"https:\/\/www.laguiadepamplona.com\/actualidad\/el-ayuntamiento-da-visibilidad-al-dia-internacional-del-implante-coclear-iluminando-la-fachada-en-color-lila\/","og_locale":"es_ES","og_type":"article","og_title":"El Ayuntamiento da visibilidad al D\u00eda Internacional del Implante Coclear iluminando la fachada en color lila","og_description":"Este s\u00e1bado se conmemora el aniversario del primer implante coclear, una t\u00e9cnica avanzada que permite o\u00edr a personas con p\u00e9rdida auditiva severa","og_url":"https:\/\/www.laguiadepamplona.com\/actualidad\/el-ayuntamiento-da-visibilidad-al-dia-internacional-del-implante-coclear-iluminando-la-fachada-en-color-lila\/","og_site_name":"La Gu\u00eda de Pamplona","article_publisher":"https:\/\/www.facebook.com\/laguiadepamplonacom-133175176762273\/?ref=hl","article_published_time":"2023-02-24T12:23:00+00:00","article_modified_time":"2023-04-11T09:47:08+00:00","og_image":[{"width":1920,"height":1280,"url":"https:\/\/www.laguiadepamplona.com\/actualidad\/wp-content\/uploads\/2023\/02\/fachada_morado_lila.webp","type":"image\/webp"}],"author":"La Gu\u00eda de Pamplona","twitter_card":"summary_large_image","twitter_creator":"@LaGuiadPamplona","twitter_site":"@LaGuiadPamplona","twitter_misc":{"Escrito por":"La Gu\u00eda de Pamplona","Tiempo de lectura":"2 minutos"},"schema":{"@context":"https:\/\/schema.org","@graph":[{"@type":"Article","@id":"https:\/\/www.laguiadepamplona.com\/actualidad\/el-ayuntamiento-da-visibilidad-al-dia-internacional-del-implante-coclear-iluminando-la-fachada-en-color-lila\/#article","isPartOf":{"@id":"https:\/\/www.laguiadepamplona.com\/actualidad\/el-ayuntamiento-da-visibilidad-al-dia-internacional-del-implante-coclear-iluminando-la-fachada-en-color-lila\/"},"author":{"name":"La Gu\u00eda de Pamplona","@id":"https:\/\/www.laguiadepamplona.com\/actualidad\/#\/schema\/person\/efe887376f0213d4657c93adc50b1fdb"},"headline":"El Ayuntamiento da visibilidad al D\u00eda Internacional del Implante Coclear iluminando la fachada en color lila","datePublished":"2023-02-24T12:23:00+00:00","dateModified":"2023-04-11T09:47:08+00:00","mainEntityOfPage":{"@id":"https:\/\/www.laguiadepamplona.com\/actualidad\/el-ayuntamiento-da-visibilidad-al-dia-internacional-del-implante-coclear-iluminando-la-fachada-en-color-lila\/"},"wordCount":518,"commentCount":0,"publisher":{"@id":"https:\/\/www.laguiadepamplona.com\/actualidad\/#organization"},"image":{"@id":"https:\/\/www.laguiadepamplona.com\/actualidad\/el-ayuntamiento-da-visibilidad-al-dia-internacional-del-implante-coclear-iluminando-la-fachada-en-color-lila\/#primaryimage"},"thumbnailUrl":"https:\/\/www.laguiadepamplona.com\/actualidad\/wp-content\/uploads\/2023\/02\/fachada_morado_lila.webp","articleSection":["Ayto Pamplona"],"inLanguage":"es","potentialAction":[{"@type":"CommentAction","name":"Comment","target":["https:\/\/www.laguiadepamplona.com\/actualidad\/el-ayuntamiento-da-visibilidad-al-dia-internacional-del-implante-coclear-iluminando-la-fachada-en-color-lila\/#respond"]}]},{"@type":"WebPage","@id":"https:\/\/www.laguiadepamplona.com\/actualidad\/el-ayuntamiento-da-visibilidad-al-dia-internacional-del-implante-coclear-iluminando-la-fachada-en-color-lila\/","url":"https:\/\/www.laguiadepamplona.com\/actualidad\/el-ayuntamiento-da-visibilidad-al-dia-internacional-del-implante-coclear-iluminando-la-fachada-en-color-lila\/","name":"El Ayuntamiento da visibilidad al D\u00eda Internacional del Implante Coclear iluminando la fachada en color lila","isPartOf":{"@id":"https:\/\/www.laguiadepamplona.com\/actualidad\/#website"},"primaryImageOfPage":{"@id":"https:\/\/www.laguiadepamplona.com\/actualidad\/el-ayuntamiento-da-visibilidad-al-dia-internacional-del-implante-coclear-iluminando-la-fachada-en-color-lila\/#primaryimage"},"image":{"@id":"https:\/\/www.laguiadepamplona.com\/actualidad\/el-ayuntamiento-da-visibilidad-al-dia-internacional-del-implante-coclear-iluminando-la-fachada-en-color-lila\/#primaryimage"},"thumbnailUrl":"https:\/\/www.laguiadepamplona.com\/actualidad\/wp-content\/uploads\/2023\/02\/fachada_morado_lila.webp","datePublished":"2023-02-24T12:23:00+00:00","dateModified":"2023-04-11T09:47:08+00:00","description":"Este s\u00e1bado se conmemora el aniversario del primer implante coclear, una t\u00e9cnica avanzada que permite o\u00edr a personas con p\u00e9rdida auditiva severa","breadcrumb":{"@id":"https:\/\/www.laguiadepamplona.com\/actualidad\/el-ayuntamiento-da-visibilidad-al-dia-internacional-del-implante-coclear-iluminando-la-fachada-en-color-lila\/#breadcrumb"},"inLanguage":"es","potentialAction":[{"@type":"ReadAction","target":["https:\/\/www.laguiadepamplona.com\/actualidad\/el-ayuntamiento-da-visibilidad-al-dia-internacional-del-implante-coclear-iluminando-la-fachada-en-color-lila\/"]}]},{"@type":"ImageObject","inLanguage":"es","@id":"https:\/\/www.laguiadepamplona.com\/actualidad\/el-ayuntamiento-da-visibilidad-al-dia-internacional-del-implante-coclear-iluminando-la-fachada-en-color-lila\/#primaryimage","url":"https:\/\/www.laguiadepamplona.com\/actualidad\/wp-content\/uploads\/2023\/02\/fachada_morado_lila.webp","contentUrl":"https:\/\/www.laguiadepamplona.com\/actualidad\/wp-content\/uploads\/2023\/02\/fachada_morado_lila.webp","width":1920,"height":1280},{"@type":"BreadcrumbList","@id":"https:\/\/www.laguiadepamplona.com\/actualidad\/el-ayuntamiento-da-visibilidad-al-dia-internacional-del-implante-coclear-iluminando-la-fachada-en-color-lila\/#breadcrumb","itemListElement":[{"@type":"ListItem","position":1,"name":"Portada","item":"https:\/\/www.laguiadepamplona.com\/actualidad\/"},{"@type":"ListItem","position":2,"name":"El Ayuntamiento da visibilidad al D\u00eda Internacional del Implante Coclear iluminando la fachada en color lila"}]},{"@type":"WebSite","@id":"https:\/\/www.laguiadepamplona.com\/actualidad\/#website","url":"https:\/\/www.laguiadepamplona.com\/actualidad\/","name":"La gu\u00eda de Pamplona","description":"Noticias de Pamplona","publisher":{"@id":"https:\/\/www.laguiadepamplona.com\/actualidad\/#organization"},"potentialAction":[{"@type":"SearchAction","target":{"@type":"EntryPoint","urlTemplate":"https:\/\/www.laguiadepamplona.com\/actualidad\/?s={search_term_string}"},"query-input":{"@type":"PropertyValueSpecification","valueRequired":true,"valueName":"search_term_string"}}],"inLanguage":"es"},{"@type":"Organization","@id":"https:\/\/www.laguiadepamplona.com\/actualidad\/#organization","name":"La Gu\u00eda de Pamplona \/ Noticias","url":"https:\/\/www.laguiadepamplona.com\/actualidad\/","logo":{"@type":"ImageObject","inLanguage":"es","@id":"https:\/\/www.laguiadepamplona.com\/actualidad\/#\/schema\/logo\/image\/","url":"https:\/\/www.laguiadepamplona.com\/actualidad\/wp-content\/uploads\/2018\/11\/logo-laguiadepamplona18-web1.png","contentUrl":"https:\/\/www.laguiadepamplona.com\/actualidad\/wp-content\/uploads\/2018\/11\/logo-laguiadepamplona18-web1.png","width":600,"height":196,"caption":"La Gu\u00eda de Pamplona \/ Noticias"},"image":{"@id":"https:\/\/www.laguiadepamplona.com\/actualidad\/#\/schema\/logo\/image\/"},"sameAs":["https:\/\/www.facebook.com\/laguiadepamplonacom-133175176762273\/?ref=hl","https:\/\/x.com\/LaGuiadPamplona","https:\/\/www.instagram.com\/la_guia_de_pamplona\/","https:\/\/www.youtube.com\/user\/laguiadepamplona"]},{"@type":"Person","@id":"https:\/\/www.laguiadepamplona.com\/actualidad\/#\/schema\/person\/efe887376f0213d4657c93adc50b1fdb","name":"La Gu\u00eda de Pamplona","image":{"@type":"ImageObject","inLanguage":"es","@id":"https:\/\/secure.gravatar.com\/avatar\/b6992f131dc8d30ab0dff15446e9d346d9dbd95992de0fef795073f5ea83a81c?s=96&d=mm&r=g","url":"https:\/\/secure.gravatar.com\/avatar\/b6992f131dc8d30ab0dff15446e9d346d9dbd95992de0fef795073f5ea83a81c?s=96&d=mm&r=g","contentUrl":"https:\/\/secure.gravatar.com\/avatar\/b6992f131dc8d30ab0dff15446e9d346d9dbd95992de0fef795073f5ea83a81c?s=96&d=mm&r=g","caption":"La Gu\u00eda de Pamplona"}}]}},"post_mailing_queue_ids":[],"_links":{"self":[{"href":"https:\/\/www.laguiadepamplona.com\/actualidad\/wp-json\/wp\/v2\/posts\/42991","targetHints":{"allow":["GET"]}}],"collection":[{"href":"https:\/\/www.laguiadepamplona.com\/actualidad\/wp-json\/wp\/v2\/posts"}],"about":[{"href":"https:\/\/www.laguiadepamplona.com\/actualidad\/wp-json\/wp\/v2\/types\/post"}],"author":[{"embeddable":true,"href":"https:\/\/www.laguiadepamplona.com\/actualidad\/wp-json\/wp\/v2\/users\/1"}],"replies":[{"embeddable":true,"href":"https:\/\/www.laguiadepamplona.com\/actualidad\/wp-json\/wp\/v2\/comments?post=42991"}],"version-history":[{"count":0,"href":"https:\/\/www.laguiadepamplona.com\/actualidad\/wp-json\/wp\/v2\/posts\/42991\/revisions"}],"wp:featuredmedia":[{"embeddable":true,"href":"https:\/\/www.laguiadepamplona.com\/actualidad\/wp-json\/wp\/v2\/media\/42992"}],"wp:attachment":[{"href":"https:\/\/www.laguiadepamplona.com\/actualidad\/wp-json\/wp\/v2\/media?parent=42991"}],"wp:term":[{"taxonomy":"category","embeddable":true,"href":"https:\/\/www.laguiadepamplona.com\/actualidad\/wp-json\/wp\/v2\/categories?post=42991"},{"taxonomy":"post_tag","embeddable":true,"href":"https:\/\/www.laguiadepamplona.com\/actualidad\/wp-json\/wp\/v2\/tags?post=42991"}],"curies":[{"name":"wp","href":"https:\/\/api.w.org\/{rel}","templated":true}]}}