{"id":42988,"date":"2023-02-24T14:20:51","date_gmt":"2023-02-24T12:20:51","guid":{"rendered":"https:\/\/www.laguiadepamplona.com\/actualidad\/?p=42988"},"modified":"2023-04-11T11:47:08","modified_gmt":"2023-04-11T09:47:08","slug":"el-festival-de-musica-sacra-2023-ofrece-siete-conciertos-del-18-de-marzo-al-5-de-abril-en-baluarte-la-catedral-y-en-las-iglesias-de-san-antonio-y-los-carmelitas-descalzos","status":"publish","type":"post","link":"https:\/\/www.laguiadepamplona.com\/actualidad\/el-festival-de-musica-sacra-2023-ofrece-siete-conciertos-del-18-de-marzo-al-5-de-abril-en-baluarte-la-catedral-y-en-las-iglesias-de-san-antonio-y-los-carmelitas-descalzos\/","title":{"rendered":"El Festival de M\u00fasica Sacra 2023 ofrece siete conciertos, del 18 de marzo al 5 de abril, en Baluarte, la Catedral y en las iglesias de San Antonio y los Carmelitas Descalzos"},"content":{"rendered":"<h5>La entrada a los conciertos en las iglesias ser\u00e1 libre hasta completar aforo y este viernes salen a la venta las entradas para los conciertos de Baluarte<\/h5>\n<p><!--more--><\/p>\n<p>Pamplona ofrece este a\u00f1o siete conciertos en su nueva edici\u00f3n del Festival de M\u00fasica Sacra. La Catedral, las iglesias de San Antonio y los Carmelitas Descalzos ser\u00e1n los escenarios para los cuatro conciertos con entrada libre. Las entradas para los tres conciertos de Baluarte salen a la venta este viernes, al precio de 15 euros. Estas entradas se pueden adquirir en taquilla o en la p\u00e1gina web del auditorio <a href=\"http:\/\/www.baluarte.com\" target=\"_blank\" rel=\"noopener\">www.baluarte.com<\/a>. Todos los conciertos ser\u00e1n a las 19.30 horas.<\/p>\n<p>La apertura del ciclo corre a cargo de Sinfonietta de Pamplona \u2013 Iru\u00f1eko Sinfonietta, con \u2018El coraz\u00f3n constante\u2019, el s\u00e1bado 18 de marzo en Baluarte. Bajo la direcci\u00f3n de Caroline Collier, el programa incluye m\u00fasica para orquesta de cuerda y arpa, con la solista navarra Alicia Griffiths Turrillas. Esta m\u00fasica invita a bucear en un oc\u00e9ano ac\u00fastico gracias a los colores, la expresi\u00f3n y las texturas \u00fanicas que ofrecen los instrumentos de cuerda.<br \/>\n<script async src=\"\/\/pagead2.googlesyndication.com\/pagead\/js\/adsbygoogle.js\"><\/script><br \/>\n<!-- Noticias La Guia de Pamplona --><br \/>\n<ins class=\"adsbygoogle\"\nstyle=\"display:block\"\ndata-ad-client=\"ca-pub-6943679897239327\"\ndata-ad-slot=\"7048180777\"\ndata-ad-format=\"auto\"><\/ins><br \/>\n<script>\n(adsbygoogle = window.adsbygoogle || []).push({});\n<\/script><\/p>\n<p>El s\u00e1bado siguiente, d\u00eda 25, el Coro de Voces Graves de Madrid, dirigido por Juan Pablo de Juan, ofrece \u2018Sakratu XX-XXI\u2019 en la iglesia de los Carmelitas Descalzos. Este programa rinde homenaje a las \u00faltimas generaciones de m\u00fasicos que han revitalizado y actualizado la m\u00fasica religiosa a las nuevas formas contempor\u00e1neas. El coro naci\u00f3 como proyecto de recuperaci\u00f3n del repertorio compuesto para coro masculino y cuenta en la actualidad con cincuenta componentes.<\/p>\n<p>La siguiente cita la protagoniza la Coral de C\u00e1mara de Navarra, tambi\u00e9n en la iglesia de los Carmelitas, el mi\u00e9rcoles 29. La propuesta lleva por t\u00edtulo Mag\u00e1ny (Soledad), una obra temprana del compositor de vanguardia Ligeti que da nombre a todo el programa y resume de alguna manera el sentimiento del cristiano ante la muerte de Cristo. La direcci\u00f3n corre a cargo de David Guindano.<\/p>\n<p>Al d\u00eda siguiente, el jueves 30, la Capilla de M\u00fasica de la Catedral interpreta en la seo pamplonesa \u2018\u00bfA d\u00f3nde te escondiste, Amado&#8230;?\u2019, t\u00edtulo tomado del poema \u2018La noche oscura\u2019 de San Juan de la Cruz, de Fontiveros, patrono mundial de la poes\u00eda. El programa ofrece una cuidada selecci\u00f3n de obra y estar\u00e1 presentado por Aurelio Sagaseta, predecesor de Ricardo Zoco en el cargo de maestro de capilla.<br \/>\n<script async src=\"\/\/pagead2.googlesyndication.com\/pagead\/js\/adsbygoogle.js\"><\/script><br \/>\n<!-- Noticias La Guia de Pamplona --><br \/>\n<ins class=\"adsbygoogle\"\nstyle=\"display:block\"\ndata-ad-client=\"ca-pub-6943679897239327\"\ndata-ad-slot=\"7048180777\"\ndata-ad-format=\"auto\"><\/ins><br \/>\n<script>\n(adsbygoogle = window.adsbygoogle || []).push({});\n<\/script><\/p>\n<p><strong>Tres citas en el mes de abril<\/strong><\/p>\n<p>El Festival de M\u00fasica Sacra contin\u00faa el lunes 3 de abril en Baluarte, con el Coro sinf\u00f3nico de la Federaci\u00f3n de Coros de Navarra, dirigido por Jes\u00fas Echeverr\u00eda, y la Joven Orquesta de Pamplona. En su propuesta de recuperaci\u00f3n del patrimonio cultural navarro, \u2018M\u00fasica religiosa desde el coraz\u00f3n\u2019 incluye obras de los compositores locales Aurelio Sagaseta, Hilari\u00f3n Eslava y Felipe Gorriti.<\/p>\n<p>El martes 4 de abril, la iglesia de San Antonio (Capuchinos) ser\u00e1 el escenario de \u2018Del Domingo de Ramos al Am\u00e9n final\u2019, con el Coro San Fermin Abesbatza, dirigido por Ferm\u00edn Iriarte. Este concierto plantea un recorrido desde el bullicioso Domingo de Ramos hasta el silencioso S\u00e1bado Santo, pasando por la \u00daltima Cena del Jueves Santo y el dolor del Viernes Santo.<\/p>\n<p>El punto final al ciclo de m\u00fasica sacra de este a\u00f1o lo ponen \u2018Las siete palabras de Cristo\u2019 de Joseph Haydn, con la Orquesta Sinf\u00f3nica de Navarra y Coral de C\u00e1mara de Pamplona, dirigidas por Perry So. El escenario de Baluarte acoger\u00e1 el mi\u00e9rcoles 5 de abril este programa solemne centrado en esa obra maestra del repertorio devocional, preludiada por tres piezas breves para conjunto de metal del organista y compositor renacentista Giovanni Gabrielli.<br \/>\n<script async src=\"\/\/pagead2.googlesyndication.com\/pagead\/js\/adsbygoogle.js\"><\/script><br \/>\n<!-- Noticias La Guia de Pamplona --><br \/>\n<ins class=\"adsbygoogle\"\nstyle=\"display:block\"\ndata-ad-client=\"ca-pub-6943679897239327\"\ndata-ad-slot=\"7048180777\"\ndata-ad-format=\"auto\"><\/ins><br \/>\n<script>\n(adsbygoogle = window.adsbygoogle || []).push({});\n<\/script><\/p>\n<p>&nbsp;<\/p>\n<h3>Festival de M\u00fasica Sacra 2023. Del 18 de Marzo al 5 de Abril, 19.30 horas<\/h3>\n<ul>\n<li><span style=\"color: #ff0000;\"><strong>S\u00e1bado 18 de marzo<\/strong><\/span>\n<ul>\n<li>Auditorio Baluarte (entrada: 15 euros)<\/li>\n<li>\u2018El coraz\u00f3n constante\u2019. Sinfonietta de Pamplona \u2013Iru\u00f1eko Sinfonietta<\/li>\n<li>Direcci\u00f3n: Caroline Collier<\/li>\n<\/ul>\n<\/li>\n<li><span style=\"color: #ff0000;\"><strong>S\u00e1bado 25 de marzo<\/strong><\/span>\n<ul>\n<li>Iglesia Carmelitas Descalzos<\/li>\n<li>\u2018Sakratu XX-XXI\u2019. Coro de Voces Graves de Madrid<\/li>\n<li>Direcci\u00f3n: Juan Pablo de Juan<\/li>\n<\/ul>\n<\/li>\n<li><span style=\"color: #ff0000;\"><strong>Mi\u00e9rcoles 29 de marzo<\/strong><\/span>\n<ul>\n<li>Iglesia Carmelitas Descalzos<\/li>\n<li>\u2018Mag\u00e1ny\u2019 (Soledad). Coral de C\u00e1mara de Navarra \/ Nafarroako Ganbera Abesbatza.<\/li>\n<li>Direcci\u00f3n: David Guindano Igarreta<\/li>\n<\/ul>\n<\/li>\n<li><span style=\"color: #ff0000;\"><strong>Jueves 30 de marzo<\/strong><\/span>\n<ul>\n<li>Catedral de Santa Mar\u00eda de Pamplona<\/li>\n<li>\u2018\u00bfA d\u00f3nde te escondiste, Amado&#8230;? Capilla de M\u00fasica de la Catedral.<\/li>\n<li>Direcci\u00f3n: Ricardo Zoco (maestro de capilla de la Catedral)<\/li>\n<\/ul>\n<\/li>\n<li><span style=\"color: #ff0000;\"><strong>Lunes 3 de abril<\/strong><\/span>\n<ul>\n<li>Auditorio Baluarte (entrada: 15 euros)<\/li>\n<li>\u2018M\u00fasica religiosa desde el coraz\u00f3n\u2019. Coro sinf\u00f3nico de Federaci\u00f3n de Coros de Navarra<\/li>\n<li>Direcci\u00f3n: Jes\u00fas Echeverr\u00eda<\/li>\n<\/ul>\n<\/li>\n<li><span style=\"color: #ff0000;\"><strong>Martes 4 de abril<\/strong><\/span>\n<ul>\n<li>Iglesia San Antonio (Padres Capuchinos)<\/li>\n<li>\u2018Del Domingo de Ramos al Am\u00e9n final\u2019. Coro San Fermin Abesbatza<\/li>\n<li>Direcci\u00f3n: Ferm\u00edn Iriarte<\/li>\n<\/ul>\n<\/li>\n<li><span style=\"color: #ff0000;\"><strong>Mi\u00e9rcoles, 5 de abril<\/strong><\/span>\n<ul>\n<li>Auditorio Baluarte (entrada: 15 euros)<\/li>\n<li>\u2018Las siete palabras de Cristo\u2019. Orquesta Sinf\u00f3nica de Navarra y Coral de C\u00e1mara de Pamplona<\/li>\n<li>Direcci\u00f3n: Perry So.<\/li>\n<\/ul>\n<\/li>\n<\/ul>\n","protected":false},"excerpt":{"rendered":"<p>La entrada a los conciertos en las iglesias ser\u00e1 libre hasta completar aforo y este viernes salen a la venta las entradas para los conciertos de Baluarte<\/p>\n","protected":false},"author":1,"featured_media":42989,"comment_status":"open","ping_status":"closed","sticky":false,"template":"","format":"standard","meta":{"footnotes":""},"categories":[2],"tags":[],"class_list":["post-42988","post","type-post","status-publish","format-standard","has-post-thumbnail","hentry","category-ayuntamiento-pamplona"],"yoast_head":"<!-- This site is optimized with the Yoast SEO plugin v27.5 - https:\/\/yoast.com\/product\/yoast-seo-wordpress\/ -->\n<title>El Festival de M\u00fasica Sacra 2023 ofrece siete conciertos, del 18 de marzo al 5 de abril, en Baluarte, la Catedral y en las iglesias de San Antonio y los Carmelitas Descalzos<\/title>\n<meta name=\"description\" content=\"La entrada a los conciertos en las iglesias ser\u00e1 libre hasta completar aforo y este viernes salen a la venta las entradas para los conciertos de Baluarte\u00a0\" \/>\n<meta name=\"robots\" content=\"index, follow, max-snippet:-1, max-image-preview:large, max-video-preview:-1\" \/>\n<link rel=\"canonical\" href=\"https:\/\/www.laguiadepamplona.com\/actualidad\/el-festival-de-musica-sacra-2023-ofrece-siete-conciertos-del-18-de-marzo-al-5-de-abril-en-baluarte-la-catedral-y-en-las-iglesias-de-san-antonio-y-los-carmelitas-descalzos\/\" \/>\n<meta property=\"og:locale\" content=\"es_ES\" \/>\n<meta property=\"og:type\" content=\"article\" \/>\n<meta property=\"og:title\" content=\"El Festival de M\u00fasica Sacra 2023 ofrece siete conciertos, del 18 de marzo al 5 de abril, en Baluarte, la Catedral y en las iglesias de San Antonio y los Carmelitas Descalzos\" \/>\n<meta property=\"og:description\" content=\"La entrada a los conciertos en las iglesias ser\u00e1 libre hasta completar aforo y este viernes salen a la venta las entradas para los conciertos de Baluarte\u00a0\" \/>\n<meta property=\"og:url\" content=\"https:\/\/www.laguiadepamplona.com\/actualidad\/el-festival-de-musica-sacra-2023-ofrece-siete-conciertos-del-18-de-marzo-al-5-de-abril-en-baluarte-la-catedral-y-en-las-iglesias-de-san-antonio-y-los-carmelitas-descalzos\/\" \/>\n<meta property=\"og:site_name\" content=\"La Gu\u00eda de Pamplona\" \/>\n<meta property=\"article:publisher\" content=\"https:\/\/www.facebook.com\/laguiadepamplonacom-133175176762273\/?ref=hl\" \/>\n<meta property=\"article:published_time\" content=\"2023-02-24T12:20:51+00:00\" \/>\n<meta property=\"article:modified_time\" content=\"2023-04-11T09:47:08+00:00\" \/>\n<meta property=\"og:image\" content=\"https:\/\/www.laguiadepamplona.com\/actualidad\/wp-content\/uploads\/2023\/02\/musica-sacra-cartel.webp\" \/>\n\t<meta property=\"og:image:width\" content=\"1080\" \/>\n\t<meta property=\"og:image:height\" content=\"1080\" \/>\n\t<meta property=\"og:image:type\" content=\"image\/webp\" \/>\n<meta name=\"author\" content=\"La Gu\u00eda de Pamplona\" \/>\n<meta name=\"twitter:card\" content=\"summary_large_image\" \/>\n<meta name=\"twitter:creator\" content=\"@LaGuiadPamplona\" \/>\n<meta name=\"twitter:site\" content=\"@LaGuiadPamplona\" \/>\n<meta name=\"twitter:label1\" content=\"Escrito por\" \/>\n\t<meta name=\"twitter:data1\" content=\"La Gu\u00eda de Pamplona\" \/>\n\t<meta name=\"twitter:label2\" content=\"Tiempo de lectura\" \/>\n\t<meta name=\"twitter:data2\" content=\"4 minutos\" \/>\n<script type=\"application\/ld+json\" class=\"yoast-schema-graph\">{\"@context\":\"https:\\\/\\\/schema.org\",\"@graph\":[{\"@type\":\"Article\",\"@id\":\"https:\\\/\\\/www.laguiadepamplona.com\\\/actualidad\\\/el-festival-de-musica-sacra-2023-ofrece-siete-conciertos-del-18-de-marzo-al-5-de-abril-en-baluarte-la-catedral-y-en-las-iglesias-de-san-antonio-y-los-carmelitas-descalzos\\\/#article\",\"isPartOf\":{\"@id\":\"https:\\\/\\\/www.laguiadepamplona.com\\\/actualidad\\\/el-festival-de-musica-sacra-2023-ofrece-siete-conciertos-del-18-de-marzo-al-5-de-abril-en-baluarte-la-catedral-y-en-las-iglesias-de-san-antonio-y-los-carmelitas-descalzos\\\/\"},\"author\":{\"name\":\"La Gu\u00eda de Pamplona\",\"@id\":\"https:\\\/\\\/www.laguiadepamplona.com\\\/actualidad\\\/#\\\/schema\\\/person\\\/efe887376f0213d4657c93adc50b1fdb\"},\"headline\":\"El Festival de M\u00fasica Sacra 2023 ofrece siete conciertos, del 18 de marzo al 5 de abril, en Baluarte, la Catedral y en las iglesias de San Antonio y los Carmelitas Descalzos\",\"datePublished\":\"2023-02-24T12:20:51+00:00\",\"dateModified\":\"2023-04-11T09:47:08+00:00\",\"mainEntityOfPage\":{\"@id\":\"https:\\\/\\\/www.laguiadepamplona.com\\\/actualidad\\\/el-festival-de-musica-sacra-2023-ofrece-siete-conciertos-del-18-de-marzo-al-5-de-abril-en-baluarte-la-catedral-y-en-las-iglesias-de-san-antonio-y-los-carmelitas-descalzos\\\/\"},\"wordCount\":857,\"commentCount\":0,\"publisher\":{\"@id\":\"https:\\\/\\\/www.laguiadepamplona.com\\\/actualidad\\\/#organization\"},\"image\":{\"@id\":\"https:\\\/\\\/www.laguiadepamplona.com\\\/actualidad\\\/el-festival-de-musica-sacra-2023-ofrece-siete-conciertos-del-18-de-marzo-al-5-de-abril-en-baluarte-la-catedral-y-en-las-iglesias-de-san-antonio-y-los-carmelitas-descalzos\\\/#primaryimage\"},\"thumbnailUrl\":\"https:\\\/\\\/www.laguiadepamplona.com\\\/actualidad\\\/wp-content\\\/uploads\\\/2023\\\/02\\\/musica-sacra-cartel.webp\",\"articleSection\":[\"Ayto Pamplona\"],\"inLanguage\":\"es\",\"potentialAction\":[{\"@type\":\"CommentAction\",\"name\":\"Comment\",\"target\":[\"https:\\\/\\\/www.laguiadepamplona.com\\\/actualidad\\\/el-festival-de-musica-sacra-2023-ofrece-siete-conciertos-del-18-de-marzo-al-5-de-abril-en-baluarte-la-catedral-y-en-las-iglesias-de-san-antonio-y-los-carmelitas-descalzos\\\/#respond\"]}]},{\"@type\":\"WebPage\",\"@id\":\"https:\\\/\\\/www.laguiadepamplona.com\\\/actualidad\\\/el-festival-de-musica-sacra-2023-ofrece-siete-conciertos-del-18-de-marzo-al-5-de-abril-en-baluarte-la-catedral-y-en-las-iglesias-de-san-antonio-y-los-carmelitas-descalzos\\\/\",\"url\":\"https:\\\/\\\/www.laguiadepamplona.com\\\/actualidad\\\/el-festival-de-musica-sacra-2023-ofrece-siete-conciertos-del-18-de-marzo-al-5-de-abril-en-baluarte-la-catedral-y-en-las-iglesias-de-san-antonio-y-los-carmelitas-descalzos\\\/\",\"name\":\"El Festival de M\u00fasica Sacra 2023 ofrece siete conciertos, del 18 de marzo al 5 de abril, en Baluarte, la Catedral y en las iglesias de San Antonio y los Carmelitas Descalzos\",\"isPartOf\":{\"@id\":\"https:\\\/\\\/www.laguiadepamplona.com\\\/actualidad\\\/#website\"},\"primaryImageOfPage\":{\"@id\":\"https:\\\/\\\/www.laguiadepamplona.com\\\/actualidad\\\/el-festival-de-musica-sacra-2023-ofrece-siete-conciertos-del-18-de-marzo-al-5-de-abril-en-baluarte-la-catedral-y-en-las-iglesias-de-san-antonio-y-los-carmelitas-descalzos\\\/#primaryimage\"},\"image\":{\"@id\":\"https:\\\/\\\/www.laguiadepamplona.com\\\/actualidad\\\/el-festival-de-musica-sacra-2023-ofrece-siete-conciertos-del-18-de-marzo-al-5-de-abril-en-baluarte-la-catedral-y-en-las-iglesias-de-san-antonio-y-los-carmelitas-descalzos\\\/#primaryimage\"},\"thumbnailUrl\":\"https:\\\/\\\/www.laguiadepamplona.com\\\/actualidad\\\/wp-content\\\/uploads\\\/2023\\\/02\\\/musica-sacra-cartel.webp\",\"datePublished\":\"2023-02-24T12:20:51+00:00\",\"dateModified\":\"2023-04-11T09:47:08+00:00\",\"description\":\"La entrada a los conciertos en las iglesias ser\u00e1 libre hasta completar aforo y este viernes salen a la venta las entradas para los conciertos de Baluarte\u00a0\",\"breadcrumb\":{\"@id\":\"https:\\\/\\\/www.laguiadepamplona.com\\\/actualidad\\\/el-festival-de-musica-sacra-2023-ofrece-siete-conciertos-del-18-de-marzo-al-5-de-abril-en-baluarte-la-catedral-y-en-las-iglesias-de-san-antonio-y-los-carmelitas-descalzos\\\/#breadcrumb\"},\"inLanguage\":\"es\",\"potentialAction\":[{\"@type\":\"ReadAction\",\"target\":[\"https:\\\/\\\/www.laguiadepamplona.com\\\/actualidad\\\/el-festival-de-musica-sacra-2023-ofrece-siete-conciertos-del-18-de-marzo-al-5-de-abril-en-baluarte-la-catedral-y-en-las-iglesias-de-san-antonio-y-los-carmelitas-descalzos\\\/\"]}]},{\"@type\":\"ImageObject\",\"inLanguage\":\"es\",\"@id\":\"https:\\\/\\\/www.laguiadepamplona.com\\\/actualidad\\\/el-festival-de-musica-sacra-2023-ofrece-siete-conciertos-del-18-de-marzo-al-5-de-abril-en-baluarte-la-catedral-y-en-las-iglesias-de-san-antonio-y-los-carmelitas-descalzos\\\/#primaryimage\",\"url\":\"https:\\\/\\\/www.laguiadepamplona.com\\\/actualidad\\\/wp-content\\\/uploads\\\/2023\\\/02\\\/musica-sacra-cartel.webp\",\"contentUrl\":\"https:\\\/\\\/www.laguiadepamplona.com\\\/actualidad\\\/wp-content\\\/uploads\\\/2023\\\/02\\\/musica-sacra-cartel.webp\",\"width\":1080,\"height\":1080},{\"@type\":\"BreadcrumbList\",\"@id\":\"https:\\\/\\\/www.laguiadepamplona.com\\\/actualidad\\\/el-festival-de-musica-sacra-2023-ofrece-siete-conciertos-del-18-de-marzo-al-5-de-abril-en-baluarte-la-catedral-y-en-las-iglesias-de-san-antonio-y-los-carmelitas-descalzos\\\/#breadcrumb\",\"itemListElement\":[{\"@type\":\"ListItem\",\"position\":1,\"name\":\"Portada\",\"item\":\"https:\\\/\\\/www.laguiadepamplona.com\\\/actualidad\\\/\"},{\"@type\":\"ListItem\",\"position\":2,\"name\":\"El Festival de M\u00fasica Sacra 2023 ofrece siete conciertos, del 18 de marzo al 5 de abril, en Baluarte, la Catedral y en las iglesias de San Antonio y los Carmelitas Descalzos\"}]},{\"@type\":\"WebSite\",\"@id\":\"https:\\\/\\\/www.laguiadepamplona.com\\\/actualidad\\\/#website\",\"url\":\"https:\\\/\\\/www.laguiadepamplona.com\\\/actualidad\\\/\",\"name\":\"La gu\u00eda de Pamplona\",\"description\":\"Noticias de Pamplona\",\"publisher\":{\"@id\":\"https:\\\/\\\/www.laguiadepamplona.com\\\/actualidad\\\/#organization\"},\"potentialAction\":[{\"@type\":\"SearchAction\",\"target\":{\"@type\":\"EntryPoint\",\"urlTemplate\":\"https:\\\/\\\/www.laguiadepamplona.com\\\/actualidad\\\/?s={search_term_string}\"},\"query-input\":{\"@type\":\"PropertyValueSpecification\",\"valueRequired\":true,\"valueName\":\"search_term_string\"}}],\"inLanguage\":\"es\"},{\"@type\":\"Organization\",\"@id\":\"https:\\\/\\\/www.laguiadepamplona.com\\\/actualidad\\\/#organization\",\"name\":\"La Gu\u00eda de Pamplona \\\/ Noticias\",\"url\":\"https:\\\/\\\/www.laguiadepamplona.com\\\/actualidad\\\/\",\"logo\":{\"@type\":\"ImageObject\",\"inLanguage\":\"es\",\"@id\":\"https:\\\/\\\/www.laguiadepamplona.com\\\/actualidad\\\/#\\\/schema\\\/logo\\\/image\\\/\",\"url\":\"https:\\\/\\\/www.laguiadepamplona.com\\\/actualidad\\\/wp-content\\\/uploads\\\/2018\\\/11\\\/logo-laguiadepamplona18-web1.png\",\"contentUrl\":\"https:\\\/\\\/www.laguiadepamplona.com\\\/actualidad\\\/wp-content\\\/uploads\\\/2018\\\/11\\\/logo-laguiadepamplona18-web1.png\",\"width\":600,\"height\":196,\"caption\":\"La Gu\u00eda de Pamplona \\\/ Noticias\"},\"image\":{\"@id\":\"https:\\\/\\\/www.laguiadepamplona.com\\\/actualidad\\\/#\\\/schema\\\/logo\\\/image\\\/\"},\"sameAs\":[\"https:\\\/\\\/www.facebook.com\\\/laguiadepamplonacom-133175176762273\\\/?ref=hl\",\"https:\\\/\\\/x.com\\\/LaGuiadPamplona\",\"https:\\\/\\\/www.instagram.com\\\/la_guia_de_pamplona\\\/\",\"https:\\\/\\\/www.youtube.com\\\/user\\\/laguiadepamplona\"]},{\"@type\":\"Person\",\"@id\":\"https:\\\/\\\/www.laguiadepamplona.com\\\/actualidad\\\/#\\\/schema\\\/person\\\/efe887376f0213d4657c93adc50b1fdb\",\"name\":\"La Gu\u00eda de Pamplona\",\"image\":{\"@type\":\"ImageObject\",\"inLanguage\":\"es\",\"@id\":\"https:\\\/\\\/secure.gravatar.com\\\/avatar\\\/b6992f131dc8d30ab0dff15446e9d346d9dbd95992de0fef795073f5ea83a81c?s=96&d=mm&r=g\",\"url\":\"https:\\\/\\\/secure.gravatar.com\\\/avatar\\\/b6992f131dc8d30ab0dff15446e9d346d9dbd95992de0fef795073f5ea83a81c?s=96&d=mm&r=g\",\"contentUrl\":\"https:\\\/\\\/secure.gravatar.com\\\/avatar\\\/b6992f131dc8d30ab0dff15446e9d346d9dbd95992de0fef795073f5ea83a81c?s=96&d=mm&r=g\",\"caption\":\"La Gu\u00eda de Pamplona\"}}]}<\/script>\n<!-- \/ Yoast SEO plugin. -->","yoast_head_json":{"title":"El Festival de M\u00fasica Sacra 2023 ofrece siete conciertos, del 18 de marzo al 5 de abril, en Baluarte, la Catedral y en las iglesias de San Antonio y los Carmelitas Descalzos","description":"La entrada a los conciertos en las iglesias ser\u00e1 libre hasta completar aforo y este viernes salen a la venta las entradas para los conciertos de Baluarte\u00a0","robots":{"index":"index","follow":"follow","max-snippet":"max-snippet:-1","max-image-preview":"max-image-preview:large","max-video-preview":"max-video-preview:-1"},"canonical":"https:\/\/www.laguiadepamplona.com\/actualidad\/el-festival-de-musica-sacra-2023-ofrece-siete-conciertos-del-18-de-marzo-al-5-de-abril-en-baluarte-la-catedral-y-en-las-iglesias-de-san-antonio-y-los-carmelitas-descalzos\/","og_locale":"es_ES","og_type":"article","og_title":"El Festival de M\u00fasica Sacra 2023 ofrece siete conciertos, del 18 de marzo al 5 de abril, en Baluarte, la Catedral y en las iglesias de San Antonio y los Carmelitas Descalzos","og_description":"La entrada a los conciertos en las iglesias ser\u00e1 libre hasta completar aforo y este viernes salen a la venta las entradas para los conciertos de Baluarte\u00a0","og_url":"https:\/\/www.laguiadepamplona.com\/actualidad\/el-festival-de-musica-sacra-2023-ofrece-siete-conciertos-del-18-de-marzo-al-5-de-abril-en-baluarte-la-catedral-y-en-las-iglesias-de-san-antonio-y-los-carmelitas-descalzos\/","og_site_name":"La Gu\u00eda de Pamplona","article_publisher":"https:\/\/www.facebook.com\/laguiadepamplonacom-133175176762273\/?ref=hl","article_published_time":"2023-02-24T12:20:51+00:00","article_modified_time":"2023-04-11T09:47:08+00:00","og_image":[{"width":1080,"height":1080,"url":"https:\/\/www.laguiadepamplona.com\/actualidad\/wp-content\/uploads\/2023\/02\/musica-sacra-cartel.webp","type":"image\/webp"}],"author":"La Gu\u00eda de Pamplona","twitter_card":"summary_large_image","twitter_creator":"@LaGuiadPamplona","twitter_site":"@LaGuiadPamplona","twitter_misc":{"Escrito por":"La Gu\u00eda de Pamplona","Tiempo de lectura":"4 minutos"},"schema":{"@context":"https:\/\/schema.org","@graph":[{"@type":"Article","@id":"https:\/\/www.laguiadepamplona.com\/actualidad\/el-festival-de-musica-sacra-2023-ofrece-siete-conciertos-del-18-de-marzo-al-5-de-abril-en-baluarte-la-catedral-y-en-las-iglesias-de-san-antonio-y-los-carmelitas-descalzos\/#article","isPartOf":{"@id":"https:\/\/www.laguiadepamplona.com\/actualidad\/el-festival-de-musica-sacra-2023-ofrece-siete-conciertos-del-18-de-marzo-al-5-de-abril-en-baluarte-la-catedral-y-en-las-iglesias-de-san-antonio-y-los-carmelitas-descalzos\/"},"author":{"name":"La Gu\u00eda de Pamplona","@id":"https:\/\/www.laguiadepamplona.com\/actualidad\/#\/schema\/person\/efe887376f0213d4657c93adc50b1fdb"},"headline":"El Festival de M\u00fasica Sacra 2023 ofrece siete conciertos, del 18 de marzo al 5 de abril, en Baluarte, la Catedral y en las iglesias de San Antonio y los Carmelitas Descalzos","datePublished":"2023-02-24T12:20:51+00:00","dateModified":"2023-04-11T09:47:08+00:00","mainEntityOfPage":{"@id":"https:\/\/www.laguiadepamplona.com\/actualidad\/el-festival-de-musica-sacra-2023-ofrece-siete-conciertos-del-18-de-marzo-al-5-de-abril-en-baluarte-la-catedral-y-en-las-iglesias-de-san-antonio-y-los-carmelitas-descalzos\/"},"wordCount":857,"commentCount":0,"publisher":{"@id":"https:\/\/www.laguiadepamplona.com\/actualidad\/#organization"},"image":{"@id":"https:\/\/www.laguiadepamplona.com\/actualidad\/el-festival-de-musica-sacra-2023-ofrece-siete-conciertos-del-18-de-marzo-al-5-de-abril-en-baluarte-la-catedral-y-en-las-iglesias-de-san-antonio-y-los-carmelitas-descalzos\/#primaryimage"},"thumbnailUrl":"https:\/\/www.laguiadepamplona.com\/actualidad\/wp-content\/uploads\/2023\/02\/musica-sacra-cartel.webp","articleSection":["Ayto Pamplona"],"inLanguage":"es","potentialAction":[{"@type":"CommentAction","name":"Comment","target":["https:\/\/www.laguiadepamplona.com\/actualidad\/el-festival-de-musica-sacra-2023-ofrece-siete-conciertos-del-18-de-marzo-al-5-de-abril-en-baluarte-la-catedral-y-en-las-iglesias-de-san-antonio-y-los-carmelitas-descalzos\/#respond"]}]},{"@type":"WebPage","@id":"https:\/\/www.laguiadepamplona.com\/actualidad\/el-festival-de-musica-sacra-2023-ofrece-siete-conciertos-del-18-de-marzo-al-5-de-abril-en-baluarte-la-catedral-y-en-las-iglesias-de-san-antonio-y-los-carmelitas-descalzos\/","url":"https:\/\/www.laguiadepamplona.com\/actualidad\/el-festival-de-musica-sacra-2023-ofrece-siete-conciertos-del-18-de-marzo-al-5-de-abril-en-baluarte-la-catedral-y-en-las-iglesias-de-san-antonio-y-los-carmelitas-descalzos\/","name":"El Festival de M\u00fasica Sacra 2023 ofrece siete conciertos, del 18 de marzo al 5 de abril, en Baluarte, la Catedral y en las iglesias de San Antonio y los Carmelitas Descalzos","isPartOf":{"@id":"https:\/\/www.laguiadepamplona.com\/actualidad\/#website"},"primaryImageOfPage":{"@id":"https:\/\/www.laguiadepamplona.com\/actualidad\/el-festival-de-musica-sacra-2023-ofrece-siete-conciertos-del-18-de-marzo-al-5-de-abril-en-baluarte-la-catedral-y-en-las-iglesias-de-san-antonio-y-los-carmelitas-descalzos\/#primaryimage"},"image":{"@id":"https:\/\/www.laguiadepamplona.com\/actualidad\/el-festival-de-musica-sacra-2023-ofrece-siete-conciertos-del-18-de-marzo-al-5-de-abril-en-baluarte-la-catedral-y-en-las-iglesias-de-san-antonio-y-los-carmelitas-descalzos\/#primaryimage"},"thumbnailUrl":"https:\/\/www.laguiadepamplona.com\/actualidad\/wp-content\/uploads\/2023\/02\/musica-sacra-cartel.webp","datePublished":"2023-02-24T12:20:51+00:00","dateModified":"2023-04-11T09:47:08+00:00","description":"La entrada a los conciertos en las iglesias ser\u00e1 libre hasta completar aforo y este viernes salen a la venta las entradas para los conciertos de Baluarte\u00a0","breadcrumb":{"@id":"https:\/\/www.laguiadepamplona.com\/actualidad\/el-festival-de-musica-sacra-2023-ofrece-siete-conciertos-del-18-de-marzo-al-5-de-abril-en-baluarte-la-catedral-y-en-las-iglesias-de-san-antonio-y-los-carmelitas-descalzos\/#breadcrumb"},"inLanguage":"es","potentialAction":[{"@type":"ReadAction","target":["https:\/\/www.laguiadepamplona.com\/actualidad\/el-festival-de-musica-sacra-2023-ofrece-siete-conciertos-del-18-de-marzo-al-5-de-abril-en-baluarte-la-catedral-y-en-las-iglesias-de-san-antonio-y-los-carmelitas-descalzos\/"]}]},{"@type":"ImageObject","inLanguage":"es","@id":"https:\/\/www.laguiadepamplona.com\/actualidad\/el-festival-de-musica-sacra-2023-ofrece-siete-conciertos-del-18-de-marzo-al-5-de-abril-en-baluarte-la-catedral-y-en-las-iglesias-de-san-antonio-y-los-carmelitas-descalzos\/#primaryimage","url":"https:\/\/www.laguiadepamplona.com\/actualidad\/wp-content\/uploads\/2023\/02\/musica-sacra-cartel.webp","contentUrl":"https:\/\/www.laguiadepamplona.com\/actualidad\/wp-content\/uploads\/2023\/02\/musica-sacra-cartel.webp","width":1080,"height":1080},{"@type":"BreadcrumbList","@id":"https:\/\/www.laguiadepamplona.com\/actualidad\/el-festival-de-musica-sacra-2023-ofrece-siete-conciertos-del-18-de-marzo-al-5-de-abril-en-baluarte-la-catedral-y-en-las-iglesias-de-san-antonio-y-los-carmelitas-descalzos\/#breadcrumb","itemListElement":[{"@type":"ListItem","position":1,"name":"Portada","item":"https:\/\/www.laguiadepamplona.com\/actualidad\/"},{"@type":"ListItem","position":2,"name":"El Festival de M\u00fasica Sacra 2023 ofrece siete conciertos, del 18 de marzo al 5 de abril, en Baluarte, la Catedral y en las iglesias de San Antonio y los Carmelitas Descalzos"}]},{"@type":"WebSite","@id":"https:\/\/www.laguiadepamplona.com\/actualidad\/#website","url":"https:\/\/www.laguiadepamplona.com\/actualidad\/","name":"La gu\u00eda de Pamplona","description":"Noticias de Pamplona","publisher":{"@id":"https:\/\/www.laguiadepamplona.com\/actualidad\/#organization"},"potentialAction":[{"@type":"SearchAction","target":{"@type":"EntryPoint","urlTemplate":"https:\/\/www.laguiadepamplona.com\/actualidad\/?s={search_term_string}"},"query-input":{"@type":"PropertyValueSpecification","valueRequired":true,"valueName":"search_term_string"}}],"inLanguage":"es"},{"@type":"Organization","@id":"https:\/\/www.laguiadepamplona.com\/actualidad\/#organization","name":"La Gu\u00eda de Pamplona \/ Noticias","url":"https:\/\/www.laguiadepamplona.com\/actualidad\/","logo":{"@type":"ImageObject","inLanguage":"es","@id":"https:\/\/www.laguiadepamplona.com\/actualidad\/#\/schema\/logo\/image\/","url":"https:\/\/www.laguiadepamplona.com\/actualidad\/wp-content\/uploads\/2018\/11\/logo-laguiadepamplona18-web1.png","contentUrl":"https:\/\/www.laguiadepamplona.com\/actualidad\/wp-content\/uploads\/2018\/11\/logo-laguiadepamplona18-web1.png","width":600,"height":196,"caption":"La Gu\u00eda de Pamplona \/ Noticias"},"image":{"@id":"https:\/\/www.laguiadepamplona.com\/actualidad\/#\/schema\/logo\/image\/"},"sameAs":["https:\/\/www.facebook.com\/laguiadepamplonacom-133175176762273\/?ref=hl","https:\/\/x.com\/LaGuiadPamplona","https:\/\/www.instagram.com\/la_guia_de_pamplona\/","https:\/\/www.youtube.com\/user\/laguiadepamplona"]},{"@type":"Person","@id":"https:\/\/www.laguiadepamplona.com\/actualidad\/#\/schema\/person\/efe887376f0213d4657c93adc50b1fdb","name":"La Gu\u00eda de Pamplona","image":{"@type":"ImageObject","inLanguage":"es","@id":"https:\/\/secure.gravatar.com\/avatar\/b6992f131dc8d30ab0dff15446e9d346d9dbd95992de0fef795073f5ea83a81c?s=96&d=mm&r=g","url":"https:\/\/secure.gravatar.com\/avatar\/b6992f131dc8d30ab0dff15446e9d346d9dbd95992de0fef795073f5ea83a81c?s=96&d=mm&r=g","contentUrl":"https:\/\/secure.gravatar.com\/avatar\/b6992f131dc8d30ab0dff15446e9d346d9dbd95992de0fef795073f5ea83a81c?s=96&d=mm&r=g","caption":"La Gu\u00eda de Pamplona"}}]}},"post_mailing_queue_ids":[],"_links":{"self":[{"href":"https:\/\/www.laguiadepamplona.com\/actualidad\/wp-json\/wp\/v2\/posts\/42988","targetHints":{"allow":["GET"]}}],"collection":[{"href":"https:\/\/www.laguiadepamplona.com\/actualidad\/wp-json\/wp\/v2\/posts"}],"about":[{"href":"https:\/\/www.laguiadepamplona.com\/actualidad\/wp-json\/wp\/v2\/types\/post"}],"author":[{"embeddable":true,"href":"https:\/\/www.laguiadepamplona.com\/actualidad\/wp-json\/wp\/v2\/users\/1"}],"replies":[{"embeddable":true,"href":"https:\/\/www.laguiadepamplona.com\/actualidad\/wp-json\/wp\/v2\/comments?post=42988"}],"version-history":[{"count":0,"href":"https:\/\/www.laguiadepamplona.com\/actualidad\/wp-json\/wp\/v2\/posts\/42988\/revisions"}],"wp:featuredmedia":[{"embeddable":true,"href":"https:\/\/www.laguiadepamplona.com\/actualidad\/wp-json\/wp\/v2\/media\/42989"}],"wp:attachment":[{"href":"https:\/\/www.laguiadepamplona.com\/actualidad\/wp-json\/wp\/v2\/media?parent=42988"}],"wp:term":[{"taxonomy":"category","embeddable":true,"href":"https:\/\/www.laguiadepamplona.com\/actualidad\/wp-json\/wp\/v2\/categories?post=42988"},{"taxonomy":"post_tag","embeddable":true,"href":"https:\/\/www.laguiadepamplona.com\/actualidad\/wp-json\/wp\/v2\/tags?post=42988"}],"curies":[{"name":"wp","href":"https:\/\/api.w.org\/{rel}","templated":true}]}}