{"id":42979,"date":"2023-02-23T14:30:48","date_gmt":"2023-02-23T12:30:48","guid":{"rendered":"https:\/\/www.laguiadepamplona.com\/actualidad\/?p=42979"},"modified":"2023-04-11T11:47:08","modified_gmt":"2023-04-11T09:47:08","slug":"el-ayuntamiento-trabajara-este-2023-en-el-diseno-de-13-proyectos-estrategicos-para-la-ciudad-y-la-planificacion-de-otros-seis-dentro-de-la-agenda-urbana-de-pamplona","status":"publish","type":"post","link":"https:\/\/www.laguiadepamplona.com\/actualidad\/el-ayuntamiento-trabajara-este-2023-en-el-diseno-de-13-proyectos-estrategicos-para-la-ciudad-y-la-planificacion-de-otros-seis-dentro-de-la-agenda-urbana-de-pamplona\/","title":{"rendered":"El Ayuntamiento trabajara este 2023 en el dise\u00f1o de 13 proyectos estrat\u00e9gicos para la ciudad y la planificaci\u00f3n de otros seis, dentro de la Agenda Urbana de Pamplona"},"content":{"rendered":"<h5>Hoy ha tenido lugar la 7\u00aa reuni\u00f3n del Comit\u00e9 2030 donde se ha informado del trabajo realizado en 2022 y de la obtenci\u00f3n de casi 28 millones de euros<\/h5>\n<p><!--more--><\/p>\n<p>Esta ma\u00f1ana en la sala de usos m\u00faltiples de la calle Descalzos ha tenido lugar la s\u00e9ptima reuni\u00f3n del Comit\u00e9 2030 de la Agenda Urbana de Pamplona con la presencia del alcalde Enrique Maya, representantes de los grupos municipales, y unos 30 agentes del \u00e1mbito local. La reuni\u00f3n ten\u00eda como objetivo de informar a los agentes del progreso de la implantaci\u00f3n de la Agenda Urbana en general, de la evoluci\u00f3n de los proyectos estrat\u00e9gicos ya definidos para la ciudad con horizonte 2030, adem\u00e1s de contrastar el plan de desarrollo para este a\u00f1o. La reuni\u00f3n ha servido tambi\u00e9n para brindar a los presentes espacios de participaci\u00f3n en los proyectos de la Agenda Urbana.<\/p>\n<p>Desde que en mayo del a\u00f1o pasado 26 entidades y agentes claves firmaran el Pacto Local por el Desarrollo de la Agenda Urbana Pamplona 2030, acto en el que se presentaron los 57 proyectos establecidos por la ciudad como estrat\u00e9gicos, se han ido definiendo diversas herramientas (plan de acci\u00f3n detallado, plan de gesti\u00f3n, plan de comunicaci\u00f3n \u2018Es ahora\/Orain da\u2019, gu\u00edas de criterios horizontales\u2026), adem\u00e1s de realizar diagn\u00f3sticos sobre diferentes asuntos como vivienda, barrios, equipamientos, \u2018Urban audit\u2019 o calidad de vida en Pamplona en perspectiva , etc.<br \/>\n<script async src=\"\/\/pagead2.googlesyndication.com\/pagead\/js\/adsbygoogle.js\"><\/script><br \/>\n<!-- Noticias La Guia de Pamplona --><br \/>\n<ins class=\"adsbygoogle\"\nstyle=\"display:block\"\ndata-ad-client=\"ca-pub-6943679897239327\"\ndata-ad-slot=\"7048180777\"\ndata-ad-format=\"auto\"><\/ins><br \/>\n<script>\n(adsbygoogle = window.adsbygoogle || []).push({});\n<\/script><\/p>\n<p>Todo ello est\u00e1 siendo posible gracias a distintas fuentes de financiaci\u00f3n. Para empezar las ayudas del Plan de Recuperaci\u00f3n, Transformaci\u00f3n y Resiliencia (PRTR) &#8211; Next Generation EU. El Ayuntamiento de Pamplona ha obtenido hasta la fecha casi 28 millones de euros de fondos europeos para financiar actuaciones en el marco de 20 proyectos estrat\u00e9gicos, entre ellos los 6,3 millones destinados a las Zonas de bajas emisiones y movilidad; los 5,5 millones para Planes de Sostenibilidad Tur\u00edstica en Destino, los 4,3 millones de RETECH &#8211; Redes Territoriales de Especializaci\u00f3n Tecnol\u00f3gica (Gemelos digitales) o los 2,7 de la Renaturalizaci\u00f3n en los entornos fluviales de la ciudad &#8211; RUNA 2025. En estos momentos hay pendiente de resoluci\u00f3n la solicitud por parte de la ciudad de otros 14 millones de euros m\u00e1s.<\/p>\n<p>En la reuni\u00f3n se informaba de que en 2022 el Consistorio ha trabajado en distintas fases de 15 proyectos PRTR, pero tambi\u00e9n en otros que cuentan con financiaci\u00f3n directa de la entidad local (9), fondos de otras entidades p\u00fablicas o privadas (5) o de la misma la Comunidad Europea, aunque fuera de los fondos Next Generation EU (3). Adem\u00e1s, este a\u00f1o el Ayuntamiento de Pamplona va a trabajar en el dise\u00f1o de 13 de los proyectos ya definidos inicialmente, entre ellos en ubicar a Pamplona como Capital Mundial de la Pelota o en la utilizaci\u00f3n de locales vac\u00edos como espacios para viviendas accesibles.<\/p>\n<p>La Agenda Urbana Pamplona 2030, reconocida por el Ministerio de Transportes, Movilidad y Agenda Urbana (MITMA) como buena pr\u00e1ctica, se considera un referente nacional por la calidad metodol\u00f3gica del proceso desarrollado (la participaci\u00f3n de m\u00e1s de 1.000 personas y 100 agentes clave) y por el nivel de consenso alcanzado para su aprobaci\u00f3n e implementaci\u00f3n que han sido refrendadas por dos acuerdos del Pleno del municipio, en abril y diciembre de 2021.<br \/>\n<script async src=\"\/\/pagead2.googlesyndication.com\/pagead\/js\/adsbygoogle.js\"><\/script><br \/>\n<!-- Noticias La Guia de Pamplona --><br \/>\n<ins class=\"adsbygoogle\"\nstyle=\"display:block\"\ndata-ad-client=\"ca-pub-6943679897239327\"\ndata-ad-slot=\"7048180777\"\ndata-ad-format=\"auto\"><\/ins><br \/>\n<script>\n(adsbygoogle = window.adsbygoogle || []).push({});\n<\/script><\/p>\n<p>&nbsp;<\/p>\n<h3>Entidades asistentes al Comit\u00e9 2030 de la Agenda Urbana de Pamplona<\/h3>\n<p><span style=\"color: #ff0000;\"><strong>AYUNTAMIENTO<\/strong><\/span><\/p>\n<ul>\n<li>Alcalde<\/li>\n<li>Grupo Municipal Navarra Suma<\/li>\n<li>Grupo Municipal EH Bildu<\/li>\n<li>Grupo Municipal Partido Socialista de Navarra<\/li>\n<li>Grupo Municipal Geroa Bai<\/li>\n<\/ul>\n<p><span style=\"color: #ff0000;\"><strong>GOBIERNO DE NAVARRA<\/strong><\/span><\/p>\n<ul>\n<li>Departamento de Ordenaci\u00f3n del Territorio, Vivienda, Paisaje y Proyectos Estrat\u00e9gicos<\/li>\n<li>Departamento de Desarrollo Econ\u00f3mico y Empresarial<\/li>\n<li>Departamento de Desarrollo Rural y Medio Ambiente<\/li>\n<\/ul>\n<p><span style=\"color: #ff0000;\"><strong>OTRAS ENTIDDES Y ASOCIACIONES<\/strong><\/span><\/p>\n<ul>\n<li>Mancomunidad de la Comarca de Pamplona<\/li>\n<li>Federaci\u00f3n Navarra de Municipios y Concejos (FNMC)<\/li>\n<li>NASUVINSA<\/li>\n<li>NAITEC<\/li>\n<li>Centro Europeo de Empresas e Innovaci\u00f3n de Navarra (CEIN)<\/li>\n<li>Asociaci\u00f3n de Trabajadores Aut\u00f3nomos (ATA)<\/li>\n<li>Confederaci\u00f3n de Empresarios de Navarra (CEN)<\/li>\n<li>Centro Nacional De Energ\u00edas Renovables (CENER)<\/li>\n<li>C\u00e1mara Navarra de Comercio e Industria<\/li>\n<li>Asociaci\u00f3n de la Industria de Navarra (AIN)<\/li>\n<li>SODENA<\/li>\n<li>Red de Econom\u00eda Alternativa y Solidaria (REAS)<\/li>\n<li>Asociaciones de Hosteler\u00eda de Navarra<\/li>\n<li>Asociaci\u00f3n de Hosteler\u00eda de Navarra (AHN)<\/li>\n<li>Asociaci\u00f3n Navarra de Peque\u00f1a Empresa de Hosteler\u00eda (ANAPEH)<\/li>\n<li>Asociaciones de Comerciantes<\/li>\n<li>Asociaci\u00f3n de Comerciantes del Casco Antiguo<\/li>\n<li>Asociaci\u00f3n de Empresarios del Comercio, Hosteler\u00eda y Servicios del Ensanche de Pamplona. \u00abEnsanche \u00c1rea Comercial\u00bb<\/li>\n<li>Coordinadora de Organizaciones de Mujeres y\/o Feministas de Navarra (COMFIN)<\/li>\n<li>Coordinadora de ONGD de Navarra<\/li>\n<li>Comit\u00e9 de Representantes de Personas con Discapacidad en Navarra (CERMIN)<\/li>\n<li>Fundaci\u00f3n Caja Navarra<\/li>\n<li>ONCE<\/li>\n<li>Universidad P\u00fablica de Navarra<\/li>\n<li>Universidad de Navarra<\/li>\n<li>Navarra de Infraestructuras de Cultura, Deporte y Ocio (NICDO)<\/li>\n<li>Cluster Audiovisual de Navarra (CLAVNA)<\/li>\n<li>Colegio Ingenieros T\u00e9cnicos Industriales (CITI NAVARRA)<\/li>\n<li>Asociaci\u00f3n de vecinos y vecinas del Ensanche<\/li>\n<li>Asociaci\u00f3n de vecinos y vecinas de Lezkairu<\/li>\n<\/ul>\n","protected":false},"excerpt":{"rendered":"<p>Hoy ha tenido lugar la 7\u00aa reuni\u00f3n del Comit\u00e9 2030 donde se ha informado del trabajo realizado en 2022 y de la obtenci\u00f3n de casi 28 millones de euros<\/p>\n","protected":false},"author":1,"featured_media":42980,"comment_status":"open","ping_status":"closed","sticky":false,"template":"","format":"standard","meta":{"footnotes":""},"categories":[2],"tags":[],"class_list":["post-42979","post","type-post","status-publish","format-standard","has-post-thumbnail","hentry","category-ayuntamiento-pamplona"],"yoast_head":"<!-- This site is optimized with the Yoast SEO plugin v27.5 - https:\/\/yoast.com\/product\/yoast-seo-wordpress\/ -->\n<title>El Ayuntamiento trabajara este 2023 en el dise\u00f1o de 13 proyectos estrat\u00e9gicos para la ciudad y la planificaci\u00f3n de otros seis, dentro de la Agenda Urbana de Pamplona<\/title>\n<meta name=\"description\" content=\"Hoy ha tenido lugar la 7\u00aa reuni\u00f3n del Comit\u00e9 2030 donde se ha informado del trabajo realizado en 2022 y de la obtenci\u00f3n de casi 28 millones de euros\" \/>\n<meta name=\"robots\" content=\"index, follow, max-snippet:-1, max-image-preview:large, max-video-preview:-1\" \/>\n<link rel=\"canonical\" href=\"https:\/\/www.laguiadepamplona.com\/actualidad\/el-ayuntamiento-trabajara-este-2023-en-el-diseno-de-13-proyectos-estrategicos-para-la-ciudad-y-la-planificacion-de-otros-seis-dentro-de-la-agenda-urbana-de-pamplona\/\" \/>\n<meta property=\"og:locale\" content=\"es_ES\" \/>\n<meta property=\"og:type\" content=\"article\" \/>\n<meta property=\"og:title\" content=\"El Ayuntamiento trabajara este 2023 en el dise\u00f1o de 13 proyectos estrat\u00e9gicos para la ciudad y la planificaci\u00f3n de otros seis, dentro de la Agenda Urbana de Pamplona\" \/>\n<meta property=\"og:description\" content=\"Hoy ha tenido lugar la 7\u00aa reuni\u00f3n del Comit\u00e9 2030 donde se ha informado del trabajo realizado en 2022 y de la obtenci\u00f3n de casi 28 millones de euros\" \/>\n<meta property=\"og:url\" content=\"https:\/\/www.laguiadepamplona.com\/actualidad\/el-ayuntamiento-trabajara-este-2023-en-el-diseno-de-13-proyectos-estrategicos-para-la-ciudad-y-la-planificacion-de-otros-seis-dentro-de-la-agenda-urbana-de-pamplona\/\" \/>\n<meta property=\"og:site_name\" content=\"La Gu\u00eda de Pamplona\" \/>\n<meta property=\"article:publisher\" content=\"https:\/\/www.facebook.com\/laguiadepamplonacom-133175176762273\/?ref=hl\" \/>\n<meta property=\"article:published_time\" content=\"2023-02-23T12:30:48+00:00\" \/>\n<meta property=\"article:modified_time\" content=\"2023-04-11T09:47:08+00:00\" \/>\n<meta property=\"og:image\" content=\"https:\/\/www.laguiadepamplona.com\/actualidad\/wp-content\/uploads\/2023\/02\/Q5A6878agendaurbana23-02-23.webp\" \/>\n\t<meta property=\"og:image:width\" content=\"1920\" \/>\n\t<meta property=\"og:image:height\" content=\"1281\" \/>\n\t<meta property=\"og:image:type\" content=\"image\/webp\" \/>\n<meta name=\"author\" content=\"La Gu\u00eda de Pamplona\" \/>\n<meta name=\"twitter:card\" content=\"summary_large_image\" \/>\n<meta name=\"twitter:creator\" content=\"@LaGuiadPamplona\" \/>\n<meta name=\"twitter:site\" content=\"@LaGuiadPamplona\" \/>\n<meta name=\"twitter:label1\" content=\"Escrito por\" \/>\n\t<meta name=\"twitter:data1\" content=\"La Gu\u00eda de Pamplona\" \/>\n\t<meta name=\"twitter:label2\" content=\"Tiempo de lectura\" \/>\n\t<meta name=\"twitter:data2\" content=\"4 minutos\" \/>\n<script type=\"application\/ld+json\" class=\"yoast-schema-graph\">{\"@context\":\"https:\\\/\\\/schema.org\",\"@graph\":[{\"@type\":\"Article\",\"@id\":\"https:\\\/\\\/www.laguiadepamplona.com\\\/actualidad\\\/el-ayuntamiento-trabajara-este-2023-en-el-diseno-de-13-proyectos-estrategicos-para-la-ciudad-y-la-planificacion-de-otros-seis-dentro-de-la-agenda-urbana-de-pamplona\\\/#article\",\"isPartOf\":{\"@id\":\"https:\\\/\\\/www.laguiadepamplona.com\\\/actualidad\\\/el-ayuntamiento-trabajara-este-2023-en-el-diseno-de-13-proyectos-estrategicos-para-la-ciudad-y-la-planificacion-de-otros-seis-dentro-de-la-agenda-urbana-de-pamplona\\\/\"},\"author\":{\"name\":\"La Gu\u00eda de Pamplona\",\"@id\":\"https:\\\/\\\/www.laguiadepamplona.com\\\/actualidad\\\/#\\\/schema\\\/person\\\/efe887376f0213d4657c93adc50b1fdb\"},\"headline\":\"El Ayuntamiento trabajara este 2023 en el dise\u00f1o de 13 proyectos estrat\u00e9gicos para la ciudad y la planificaci\u00f3n de otros seis, dentro de la Agenda Urbana de Pamplona\",\"datePublished\":\"2023-02-23T12:30:48+00:00\",\"dateModified\":\"2023-04-11T09:47:08+00:00\",\"mainEntityOfPage\":{\"@id\":\"https:\\\/\\\/www.laguiadepamplona.com\\\/actualidad\\\/el-ayuntamiento-trabajara-este-2023-en-el-diseno-de-13-proyectos-estrategicos-para-la-ciudad-y-la-planificacion-de-otros-seis-dentro-de-la-agenda-urbana-de-pamplona\\\/\"},\"wordCount\":842,\"commentCount\":0,\"publisher\":{\"@id\":\"https:\\\/\\\/www.laguiadepamplona.com\\\/actualidad\\\/#organization\"},\"image\":{\"@id\":\"https:\\\/\\\/www.laguiadepamplona.com\\\/actualidad\\\/el-ayuntamiento-trabajara-este-2023-en-el-diseno-de-13-proyectos-estrategicos-para-la-ciudad-y-la-planificacion-de-otros-seis-dentro-de-la-agenda-urbana-de-pamplona\\\/#primaryimage\"},\"thumbnailUrl\":\"https:\\\/\\\/www.laguiadepamplona.com\\\/actualidad\\\/wp-content\\\/uploads\\\/2023\\\/02\\\/Q5A6878agendaurbana23-02-23.webp\",\"articleSection\":[\"Ayto Pamplona\"],\"inLanguage\":\"es\",\"potentialAction\":[{\"@type\":\"CommentAction\",\"name\":\"Comment\",\"target\":[\"https:\\\/\\\/www.laguiadepamplona.com\\\/actualidad\\\/el-ayuntamiento-trabajara-este-2023-en-el-diseno-de-13-proyectos-estrategicos-para-la-ciudad-y-la-planificacion-de-otros-seis-dentro-de-la-agenda-urbana-de-pamplona\\\/#respond\"]}]},{\"@type\":\"WebPage\",\"@id\":\"https:\\\/\\\/www.laguiadepamplona.com\\\/actualidad\\\/el-ayuntamiento-trabajara-este-2023-en-el-diseno-de-13-proyectos-estrategicos-para-la-ciudad-y-la-planificacion-de-otros-seis-dentro-de-la-agenda-urbana-de-pamplona\\\/\",\"url\":\"https:\\\/\\\/www.laguiadepamplona.com\\\/actualidad\\\/el-ayuntamiento-trabajara-este-2023-en-el-diseno-de-13-proyectos-estrategicos-para-la-ciudad-y-la-planificacion-de-otros-seis-dentro-de-la-agenda-urbana-de-pamplona\\\/\",\"name\":\"El Ayuntamiento trabajara este 2023 en el dise\u00f1o de 13 proyectos estrat\u00e9gicos para la ciudad y la planificaci\u00f3n de otros seis, dentro de la Agenda Urbana de Pamplona\",\"isPartOf\":{\"@id\":\"https:\\\/\\\/www.laguiadepamplona.com\\\/actualidad\\\/#website\"},\"primaryImageOfPage\":{\"@id\":\"https:\\\/\\\/www.laguiadepamplona.com\\\/actualidad\\\/el-ayuntamiento-trabajara-este-2023-en-el-diseno-de-13-proyectos-estrategicos-para-la-ciudad-y-la-planificacion-de-otros-seis-dentro-de-la-agenda-urbana-de-pamplona\\\/#primaryimage\"},\"image\":{\"@id\":\"https:\\\/\\\/www.laguiadepamplona.com\\\/actualidad\\\/el-ayuntamiento-trabajara-este-2023-en-el-diseno-de-13-proyectos-estrategicos-para-la-ciudad-y-la-planificacion-de-otros-seis-dentro-de-la-agenda-urbana-de-pamplona\\\/#primaryimage\"},\"thumbnailUrl\":\"https:\\\/\\\/www.laguiadepamplona.com\\\/actualidad\\\/wp-content\\\/uploads\\\/2023\\\/02\\\/Q5A6878agendaurbana23-02-23.webp\",\"datePublished\":\"2023-02-23T12:30:48+00:00\",\"dateModified\":\"2023-04-11T09:47:08+00:00\",\"description\":\"Hoy ha tenido lugar la 7\u00aa reuni\u00f3n del Comit\u00e9 2030 donde se ha informado del trabajo realizado en 2022 y de la obtenci\u00f3n de casi 28 millones de euros\",\"breadcrumb\":{\"@id\":\"https:\\\/\\\/www.laguiadepamplona.com\\\/actualidad\\\/el-ayuntamiento-trabajara-este-2023-en-el-diseno-de-13-proyectos-estrategicos-para-la-ciudad-y-la-planificacion-de-otros-seis-dentro-de-la-agenda-urbana-de-pamplona\\\/#breadcrumb\"},\"inLanguage\":\"es\",\"potentialAction\":[{\"@type\":\"ReadAction\",\"target\":[\"https:\\\/\\\/www.laguiadepamplona.com\\\/actualidad\\\/el-ayuntamiento-trabajara-este-2023-en-el-diseno-de-13-proyectos-estrategicos-para-la-ciudad-y-la-planificacion-de-otros-seis-dentro-de-la-agenda-urbana-de-pamplona\\\/\"]}]},{\"@type\":\"ImageObject\",\"inLanguage\":\"es\",\"@id\":\"https:\\\/\\\/www.laguiadepamplona.com\\\/actualidad\\\/el-ayuntamiento-trabajara-este-2023-en-el-diseno-de-13-proyectos-estrategicos-para-la-ciudad-y-la-planificacion-de-otros-seis-dentro-de-la-agenda-urbana-de-pamplona\\\/#primaryimage\",\"url\":\"https:\\\/\\\/www.laguiadepamplona.com\\\/actualidad\\\/wp-content\\\/uploads\\\/2023\\\/02\\\/Q5A6878agendaurbana23-02-23.webp\",\"contentUrl\":\"https:\\\/\\\/www.laguiadepamplona.com\\\/actualidad\\\/wp-content\\\/uploads\\\/2023\\\/02\\\/Q5A6878agendaurbana23-02-23.webp\",\"width\":1920,\"height\":1281},{\"@type\":\"BreadcrumbList\",\"@id\":\"https:\\\/\\\/www.laguiadepamplona.com\\\/actualidad\\\/el-ayuntamiento-trabajara-este-2023-en-el-diseno-de-13-proyectos-estrategicos-para-la-ciudad-y-la-planificacion-de-otros-seis-dentro-de-la-agenda-urbana-de-pamplona\\\/#breadcrumb\",\"itemListElement\":[{\"@type\":\"ListItem\",\"position\":1,\"name\":\"Portada\",\"item\":\"https:\\\/\\\/www.laguiadepamplona.com\\\/actualidad\\\/\"},{\"@type\":\"ListItem\",\"position\":2,\"name\":\"El Ayuntamiento trabajara este 2023 en el dise\u00f1o de 13 proyectos estrat\u00e9gicos para la ciudad y la planificaci\u00f3n de otros seis, dentro de la Agenda Urbana de Pamplona\"}]},{\"@type\":\"WebSite\",\"@id\":\"https:\\\/\\\/www.laguiadepamplona.com\\\/actualidad\\\/#website\",\"url\":\"https:\\\/\\\/www.laguiadepamplona.com\\\/actualidad\\\/\",\"name\":\"La gu\u00eda de Pamplona\",\"description\":\"Noticias de Pamplona\",\"publisher\":{\"@id\":\"https:\\\/\\\/www.laguiadepamplona.com\\\/actualidad\\\/#organization\"},\"potentialAction\":[{\"@type\":\"SearchAction\",\"target\":{\"@type\":\"EntryPoint\",\"urlTemplate\":\"https:\\\/\\\/www.laguiadepamplona.com\\\/actualidad\\\/?s={search_term_string}\"},\"query-input\":{\"@type\":\"PropertyValueSpecification\",\"valueRequired\":true,\"valueName\":\"search_term_string\"}}],\"inLanguage\":\"es\"},{\"@type\":\"Organization\",\"@id\":\"https:\\\/\\\/www.laguiadepamplona.com\\\/actualidad\\\/#organization\",\"name\":\"La Gu\u00eda de Pamplona \\\/ Noticias\",\"url\":\"https:\\\/\\\/www.laguiadepamplona.com\\\/actualidad\\\/\",\"logo\":{\"@type\":\"ImageObject\",\"inLanguage\":\"es\",\"@id\":\"https:\\\/\\\/www.laguiadepamplona.com\\\/actualidad\\\/#\\\/schema\\\/logo\\\/image\\\/\",\"url\":\"https:\\\/\\\/www.laguiadepamplona.com\\\/actualidad\\\/wp-content\\\/uploads\\\/2018\\\/11\\\/logo-laguiadepamplona18-web1.png\",\"contentUrl\":\"https:\\\/\\\/www.laguiadepamplona.com\\\/actualidad\\\/wp-content\\\/uploads\\\/2018\\\/11\\\/logo-laguiadepamplona18-web1.png\",\"width\":600,\"height\":196,\"caption\":\"La Gu\u00eda de Pamplona \\\/ Noticias\"},\"image\":{\"@id\":\"https:\\\/\\\/www.laguiadepamplona.com\\\/actualidad\\\/#\\\/schema\\\/logo\\\/image\\\/\"},\"sameAs\":[\"https:\\\/\\\/www.facebook.com\\\/laguiadepamplonacom-133175176762273\\\/?ref=hl\",\"https:\\\/\\\/x.com\\\/LaGuiadPamplona\",\"https:\\\/\\\/www.instagram.com\\\/la_guia_de_pamplona\\\/\",\"https:\\\/\\\/www.youtube.com\\\/user\\\/laguiadepamplona\"]},{\"@type\":\"Person\",\"@id\":\"https:\\\/\\\/www.laguiadepamplona.com\\\/actualidad\\\/#\\\/schema\\\/person\\\/efe887376f0213d4657c93adc50b1fdb\",\"name\":\"La Gu\u00eda de Pamplona\",\"image\":{\"@type\":\"ImageObject\",\"inLanguage\":\"es\",\"@id\":\"https:\\\/\\\/secure.gravatar.com\\\/avatar\\\/b6992f131dc8d30ab0dff15446e9d346d9dbd95992de0fef795073f5ea83a81c?s=96&d=mm&r=g\",\"url\":\"https:\\\/\\\/secure.gravatar.com\\\/avatar\\\/b6992f131dc8d30ab0dff15446e9d346d9dbd95992de0fef795073f5ea83a81c?s=96&d=mm&r=g\",\"contentUrl\":\"https:\\\/\\\/secure.gravatar.com\\\/avatar\\\/b6992f131dc8d30ab0dff15446e9d346d9dbd95992de0fef795073f5ea83a81c?s=96&d=mm&r=g\",\"caption\":\"La Gu\u00eda de Pamplona\"}}]}<\/script>\n<!-- \/ Yoast SEO plugin. -->","yoast_head_json":{"title":"El Ayuntamiento trabajara este 2023 en el dise\u00f1o de 13 proyectos estrat\u00e9gicos para la ciudad y la planificaci\u00f3n de otros seis, dentro de la Agenda Urbana de Pamplona","description":"Hoy ha tenido lugar la 7\u00aa reuni\u00f3n del Comit\u00e9 2030 donde se ha informado del trabajo realizado en 2022 y de la obtenci\u00f3n de casi 28 millones de euros","robots":{"index":"index","follow":"follow","max-snippet":"max-snippet:-1","max-image-preview":"max-image-preview:large","max-video-preview":"max-video-preview:-1"},"canonical":"https:\/\/www.laguiadepamplona.com\/actualidad\/el-ayuntamiento-trabajara-este-2023-en-el-diseno-de-13-proyectos-estrategicos-para-la-ciudad-y-la-planificacion-de-otros-seis-dentro-de-la-agenda-urbana-de-pamplona\/","og_locale":"es_ES","og_type":"article","og_title":"El Ayuntamiento trabajara este 2023 en el dise\u00f1o de 13 proyectos estrat\u00e9gicos para la ciudad y la planificaci\u00f3n de otros seis, dentro de la Agenda Urbana de Pamplona","og_description":"Hoy ha tenido lugar la 7\u00aa reuni\u00f3n del Comit\u00e9 2030 donde se ha informado del trabajo realizado en 2022 y de la obtenci\u00f3n de casi 28 millones de euros","og_url":"https:\/\/www.laguiadepamplona.com\/actualidad\/el-ayuntamiento-trabajara-este-2023-en-el-diseno-de-13-proyectos-estrategicos-para-la-ciudad-y-la-planificacion-de-otros-seis-dentro-de-la-agenda-urbana-de-pamplona\/","og_site_name":"La Gu\u00eda de Pamplona","article_publisher":"https:\/\/www.facebook.com\/laguiadepamplonacom-133175176762273\/?ref=hl","article_published_time":"2023-02-23T12:30:48+00:00","article_modified_time":"2023-04-11T09:47:08+00:00","og_image":[{"width":1920,"height":1281,"url":"https:\/\/www.laguiadepamplona.com\/actualidad\/wp-content\/uploads\/2023\/02\/Q5A6878agendaurbana23-02-23.webp","type":"image\/webp"}],"author":"La Gu\u00eda de Pamplona","twitter_card":"summary_large_image","twitter_creator":"@LaGuiadPamplona","twitter_site":"@LaGuiadPamplona","twitter_misc":{"Escrito por":"La Gu\u00eda de Pamplona","Tiempo de lectura":"4 minutos"},"schema":{"@context":"https:\/\/schema.org","@graph":[{"@type":"Article","@id":"https:\/\/www.laguiadepamplona.com\/actualidad\/el-ayuntamiento-trabajara-este-2023-en-el-diseno-de-13-proyectos-estrategicos-para-la-ciudad-y-la-planificacion-de-otros-seis-dentro-de-la-agenda-urbana-de-pamplona\/#article","isPartOf":{"@id":"https:\/\/www.laguiadepamplona.com\/actualidad\/el-ayuntamiento-trabajara-este-2023-en-el-diseno-de-13-proyectos-estrategicos-para-la-ciudad-y-la-planificacion-de-otros-seis-dentro-de-la-agenda-urbana-de-pamplona\/"},"author":{"name":"La Gu\u00eda de Pamplona","@id":"https:\/\/www.laguiadepamplona.com\/actualidad\/#\/schema\/person\/efe887376f0213d4657c93adc50b1fdb"},"headline":"El Ayuntamiento trabajara este 2023 en el dise\u00f1o de 13 proyectos estrat\u00e9gicos para la ciudad y la planificaci\u00f3n de otros seis, dentro de la Agenda Urbana de Pamplona","datePublished":"2023-02-23T12:30:48+00:00","dateModified":"2023-04-11T09:47:08+00:00","mainEntityOfPage":{"@id":"https:\/\/www.laguiadepamplona.com\/actualidad\/el-ayuntamiento-trabajara-este-2023-en-el-diseno-de-13-proyectos-estrategicos-para-la-ciudad-y-la-planificacion-de-otros-seis-dentro-de-la-agenda-urbana-de-pamplona\/"},"wordCount":842,"commentCount":0,"publisher":{"@id":"https:\/\/www.laguiadepamplona.com\/actualidad\/#organization"},"image":{"@id":"https:\/\/www.laguiadepamplona.com\/actualidad\/el-ayuntamiento-trabajara-este-2023-en-el-diseno-de-13-proyectos-estrategicos-para-la-ciudad-y-la-planificacion-de-otros-seis-dentro-de-la-agenda-urbana-de-pamplona\/#primaryimage"},"thumbnailUrl":"https:\/\/www.laguiadepamplona.com\/actualidad\/wp-content\/uploads\/2023\/02\/Q5A6878agendaurbana23-02-23.webp","articleSection":["Ayto Pamplona"],"inLanguage":"es","potentialAction":[{"@type":"CommentAction","name":"Comment","target":["https:\/\/www.laguiadepamplona.com\/actualidad\/el-ayuntamiento-trabajara-este-2023-en-el-diseno-de-13-proyectos-estrategicos-para-la-ciudad-y-la-planificacion-de-otros-seis-dentro-de-la-agenda-urbana-de-pamplona\/#respond"]}]},{"@type":"WebPage","@id":"https:\/\/www.laguiadepamplona.com\/actualidad\/el-ayuntamiento-trabajara-este-2023-en-el-diseno-de-13-proyectos-estrategicos-para-la-ciudad-y-la-planificacion-de-otros-seis-dentro-de-la-agenda-urbana-de-pamplona\/","url":"https:\/\/www.laguiadepamplona.com\/actualidad\/el-ayuntamiento-trabajara-este-2023-en-el-diseno-de-13-proyectos-estrategicos-para-la-ciudad-y-la-planificacion-de-otros-seis-dentro-de-la-agenda-urbana-de-pamplona\/","name":"El Ayuntamiento trabajara este 2023 en el dise\u00f1o de 13 proyectos estrat\u00e9gicos para la ciudad y la planificaci\u00f3n de otros seis, dentro de la Agenda Urbana de Pamplona","isPartOf":{"@id":"https:\/\/www.laguiadepamplona.com\/actualidad\/#website"},"primaryImageOfPage":{"@id":"https:\/\/www.laguiadepamplona.com\/actualidad\/el-ayuntamiento-trabajara-este-2023-en-el-diseno-de-13-proyectos-estrategicos-para-la-ciudad-y-la-planificacion-de-otros-seis-dentro-de-la-agenda-urbana-de-pamplona\/#primaryimage"},"image":{"@id":"https:\/\/www.laguiadepamplona.com\/actualidad\/el-ayuntamiento-trabajara-este-2023-en-el-diseno-de-13-proyectos-estrategicos-para-la-ciudad-y-la-planificacion-de-otros-seis-dentro-de-la-agenda-urbana-de-pamplona\/#primaryimage"},"thumbnailUrl":"https:\/\/www.laguiadepamplona.com\/actualidad\/wp-content\/uploads\/2023\/02\/Q5A6878agendaurbana23-02-23.webp","datePublished":"2023-02-23T12:30:48+00:00","dateModified":"2023-04-11T09:47:08+00:00","description":"Hoy ha tenido lugar la 7\u00aa reuni\u00f3n del Comit\u00e9 2030 donde se ha informado del trabajo realizado en 2022 y de la obtenci\u00f3n de casi 28 millones de euros","breadcrumb":{"@id":"https:\/\/www.laguiadepamplona.com\/actualidad\/el-ayuntamiento-trabajara-este-2023-en-el-diseno-de-13-proyectos-estrategicos-para-la-ciudad-y-la-planificacion-de-otros-seis-dentro-de-la-agenda-urbana-de-pamplona\/#breadcrumb"},"inLanguage":"es","potentialAction":[{"@type":"ReadAction","target":["https:\/\/www.laguiadepamplona.com\/actualidad\/el-ayuntamiento-trabajara-este-2023-en-el-diseno-de-13-proyectos-estrategicos-para-la-ciudad-y-la-planificacion-de-otros-seis-dentro-de-la-agenda-urbana-de-pamplona\/"]}]},{"@type":"ImageObject","inLanguage":"es","@id":"https:\/\/www.laguiadepamplona.com\/actualidad\/el-ayuntamiento-trabajara-este-2023-en-el-diseno-de-13-proyectos-estrategicos-para-la-ciudad-y-la-planificacion-de-otros-seis-dentro-de-la-agenda-urbana-de-pamplona\/#primaryimage","url":"https:\/\/www.laguiadepamplona.com\/actualidad\/wp-content\/uploads\/2023\/02\/Q5A6878agendaurbana23-02-23.webp","contentUrl":"https:\/\/www.laguiadepamplona.com\/actualidad\/wp-content\/uploads\/2023\/02\/Q5A6878agendaurbana23-02-23.webp","width":1920,"height":1281},{"@type":"BreadcrumbList","@id":"https:\/\/www.laguiadepamplona.com\/actualidad\/el-ayuntamiento-trabajara-este-2023-en-el-diseno-de-13-proyectos-estrategicos-para-la-ciudad-y-la-planificacion-de-otros-seis-dentro-de-la-agenda-urbana-de-pamplona\/#breadcrumb","itemListElement":[{"@type":"ListItem","position":1,"name":"Portada","item":"https:\/\/www.laguiadepamplona.com\/actualidad\/"},{"@type":"ListItem","position":2,"name":"El Ayuntamiento trabajara este 2023 en el dise\u00f1o de 13 proyectos estrat\u00e9gicos para la ciudad y la planificaci\u00f3n de otros seis, dentro de la Agenda Urbana de Pamplona"}]},{"@type":"WebSite","@id":"https:\/\/www.laguiadepamplona.com\/actualidad\/#website","url":"https:\/\/www.laguiadepamplona.com\/actualidad\/","name":"La gu\u00eda de Pamplona","description":"Noticias de Pamplona","publisher":{"@id":"https:\/\/www.laguiadepamplona.com\/actualidad\/#organization"},"potentialAction":[{"@type":"SearchAction","target":{"@type":"EntryPoint","urlTemplate":"https:\/\/www.laguiadepamplona.com\/actualidad\/?s={search_term_string}"},"query-input":{"@type":"PropertyValueSpecification","valueRequired":true,"valueName":"search_term_string"}}],"inLanguage":"es"},{"@type":"Organization","@id":"https:\/\/www.laguiadepamplona.com\/actualidad\/#organization","name":"La Gu\u00eda de Pamplona \/ Noticias","url":"https:\/\/www.laguiadepamplona.com\/actualidad\/","logo":{"@type":"ImageObject","inLanguage":"es","@id":"https:\/\/www.laguiadepamplona.com\/actualidad\/#\/schema\/logo\/image\/","url":"https:\/\/www.laguiadepamplona.com\/actualidad\/wp-content\/uploads\/2018\/11\/logo-laguiadepamplona18-web1.png","contentUrl":"https:\/\/www.laguiadepamplona.com\/actualidad\/wp-content\/uploads\/2018\/11\/logo-laguiadepamplona18-web1.png","width":600,"height":196,"caption":"La Gu\u00eda de Pamplona \/ Noticias"},"image":{"@id":"https:\/\/www.laguiadepamplona.com\/actualidad\/#\/schema\/logo\/image\/"},"sameAs":["https:\/\/www.facebook.com\/laguiadepamplonacom-133175176762273\/?ref=hl","https:\/\/x.com\/LaGuiadPamplona","https:\/\/www.instagram.com\/la_guia_de_pamplona\/","https:\/\/www.youtube.com\/user\/laguiadepamplona"]},{"@type":"Person","@id":"https:\/\/www.laguiadepamplona.com\/actualidad\/#\/schema\/person\/efe887376f0213d4657c93adc50b1fdb","name":"La Gu\u00eda de Pamplona","image":{"@type":"ImageObject","inLanguage":"es","@id":"https:\/\/secure.gravatar.com\/avatar\/b6992f131dc8d30ab0dff15446e9d346d9dbd95992de0fef795073f5ea83a81c?s=96&d=mm&r=g","url":"https:\/\/secure.gravatar.com\/avatar\/b6992f131dc8d30ab0dff15446e9d346d9dbd95992de0fef795073f5ea83a81c?s=96&d=mm&r=g","contentUrl":"https:\/\/secure.gravatar.com\/avatar\/b6992f131dc8d30ab0dff15446e9d346d9dbd95992de0fef795073f5ea83a81c?s=96&d=mm&r=g","caption":"La Gu\u00eda de Pamplona"}}]}},"post_mailing_queue_ids":[],"_links":{"self":[{"href":"https:\/\/www.laguiadepamplona.com\/actualidad\/wp-json\/wp\/v2\/posts\/42979","targetHints":{"allow":["GET"]}}],"collection":[{"href":"https:\/\/www.laguiadepamplona.com\/actualidad\/wp-json\/wp\/v2\/posts"}],"about":[{"href":"https:\/\/www.laguiadepamplona.com\/actualidad\/wp-json\/wp\/v2\/types\/post"}],"author":[{"embeddable":true,"href":"https:\/\/www.laguiadepamplona.com\/actualidad\/wp-json\/wp\/v2\/users\/1"}],"replies":[{"embeddable":true,"href":"https:\/\/www.laguiadepamplona.com\/actualidad\/wp-json\/wp\/v2\/comments?post=42979"}],"version-history":[{"count":0,"href":"https:\/\/www.laguiadepamplona.com\/actualidad\/wp-json\/wp\/v2\/posts\/42979\/revisions"}],"wp:featuredmedia":[{"embeddable":true,"href":"https:\/\/www.laguiadepamplona.com\/actualidad\/wp-json\/wp\/v2\/media\/42980"}],"wp:attachment":[{"href":"https:\/\/www.laguiadepamplona.com\/actualidad\/wp-json\/wp\/v2\/media?parent=42979"}],"wp:term":[{"taxonomy":"category","embeddable":true,"href":"https:\/\/www.laguiadepamplona.com\/actualidad\/wp-json\/wp\/v2\/categories?post=42979"},{"taxonomy":"post_tag","embeddable":true,"href":"https:\/\/www.laguiadepamplona.com\/actualidad\/wp-json\/wp\/v2\/tags?post=42979"}],"curies":[{"name":"wp","href":"https:\/\/api.w.org\/{rel}","templated":true}]}}