{"id":42977,"date":"2023-02-23T14:28:51","date_gmt":"2023-02-23T12:28:51","guid":{"rendered":"https:\/\/www.laguiadepamplona.com\/actualidad\/?p=42977"},"modified":"2023-04-11T11:47:08","modified_gmt":"2023-04-11T09:47:08","slug":"las-inscripciones-para-un-nuevo-trimestre-de-la-campana-de-natacion-para-personas-adultas-que-se-desarrollara-del-15-de-marzo-al-31-de-mayo-se-abren-este-jueves","status":"publish","type":"post","link":"https:\/\/www.laguiadepamplona.com\/actualidad\/las-inscripciones-para-un-nuevo-trimestre-de-la-campana-de-natacion-para-personas-adultas-que-se-desarrollara-del-15-de-marzo-al-31-de-mayo-se-abren-este-jueves\/","title":{"rendered":"Las inscripciones para un nuevo trimestre de la campa\u00f1a de nataci\u00f3n para personas adultas, que se desarrollar\u00e1 del 15 de marzo al 31 de mayo, se abren este jueves"},"content":{"rendered":"<h5>Se proponen clases de iniciaci\u00f3n, perfeccionamiento y mantenimiento en cinco instalaciones deportivas de la ciudad<\/h5>\n<p><!--more--><\/p>\n<p>El Ayuntamiento de Pamplona y la Federaci\u00f3n Navarra de Nataci\u00f3n impulsan el deporte con el trimestre de la campa\u00f1a de nataci\u00f3n para las personas adultas. Las inscripciones para los diferentes cursos que se organizan en cinco instalaciones deportivas de la ciudad comienzan este jueves a trav\u00e9s de la web <a href=\"http:\/\/www.fnn-nif.com\/cursos\/\" target=\"_blank\" rel=\"noopener\">www.fnn-nif.com\/cursos\/<\/a>. La cuota de inscripci\u00f3n asciende a 82 euros. El tercer trimestre se desarrollar\u00e1 entre el 15 de marzo y el 31 de mayo, sin clases del 6 al 16 de abril debido a la Semana Santa.<br \/>\n<script async src=\"\/\/pagead2.googlesyndication.com\/pagead\/js\/adsbygoogle.js\"><\/script><br \/>\n<!-- Noticias La Guia de Pamplona --><br \/>\n<ins class=\"adsbygoogle\"\nstyle=\"display:block\"\ndata-ad-client=\"ca-pub-6943679897239327\"\ndata-ad-slot=\"7048180777\"\ndata-ad-format=\"auto\"><\/ins><br \/>\n<script>\n(adsbygoogle = window.adsbygoogle || []).push({});\n<\/script><\/p>\n<p>Las clases tendr\u00e1n lugar dos d\u00edas a la semana, lunes y mi\u00e9rcoles o martes y jueves, con horarios tanto por la ma\u00f1ana, entre las 10 y las 12.30 horas, como por la tarde, entre las 16 y las 20.45 horas. Las sesiones tienen una duraci\u00f3n de 45 minutos. La campa\u00f1a se realiza en el Complejo Deportivo Aranzadi, en Aquavox San Jorge, en la UDC Rochapea, UDC Txantrea KKE y CR Guelbenzu, con diferentes opciones de d\u00edas y horario en cada una de ellas. Se ofertan plazas en niveles de iniciaci\u00f3n, perfeccionamiento y mantenimiento.<\/p>\n<p>Para m\u00e1s informaci\u00f3n, las personas interesadas pueden ponerse en contacto con la Federaci\u00f3n Navarra de Nataci\u00f3n en el tel\u00e9fono 948 22 72 79, en la web <a href=\"http:\/\/www.fnn-nif.com\" target=\"_blank\" rel=\"noopener\">www.fnn-nif.com<\/a> o en la plaza Aizagerria 1 en la Casa del Deporte.<\/p>\n","protected":false},"excerpt":{"rendered":"<p>Se proponen clases de iniciaci\u00f3n, perfeccionamiento y mantenimiento en cinco instalaciones deportivas de la ciudad<\/p>\n","protected":false},"author":1,"featured_media":38902,"comment_status":"open","ping_status":"closed","sticky":false,"template":"","format":"standard","meta":{"footnotes":""},"categories":[2],"tags":[],"class_list":["post-42977","post","type-post","status-publish","format-standard","has-post-thumbnail","hentry","category-ayuntamiento-pamplona"],"yoast_head":"<!-- This site is optimized with the Yoast SEO plugin v27.5 - https:\/\/yoast.com\/product\/yoast-seo-wordpress\/ -->\n<title>Las inscripciones para un nuevo trimestre de la campa\u00f1a de nataci\u00f3n para personas adultas, que se desarrollar\u00e1 del 15 de marzo al 31 de mayo, se abren este jueves<\/title>\n<meta name=\"description\" content=\"Se proponen clases de iniciaci\u00f3n, perfeccionamiento y mantenimiento en cinco instalaciones deportivas de la ciudad\" \/>\n<meta name=\"robots\" content=\"index, follow, max-snippet:-1, max-image-preview:large, max-video-preview:-1\" \/>\n<link rel=\"canonical\" href=\"https:\/\/www.laguiadepamplona.com\/actualidad\/las-inscripciones-para-un-nuevo-trimestre-de-la-campana-de-natacion-para-personas-adultas-que-se-desarrollara-del-15-de-marzo-al-31-de-mayo-se-abren-este-jueves\/\" \/>\n<meta property=\"og:locale\" content=\"es_ES\" \/>\n<meta property=\"og:type\" content=\"article\" \/>\n<meta property=\"og:title\" content=\"Las inscripciones para un nuevo trimestre de la campa\u00f1a de nataci\u00f3n para personas adultas, que se desarrollar\u00e1 del 15 de marzo al 31 de mayo, se abren este jueves\" \/>\n<meta property=\"og:description\" content=\"Se proponen clases de iniciaci\u00f3n, perfeccionamiento y mantenimiento en cinco instalaciones deportivas de la ciudad\" \/>\n<meta property=\"og:url\" content=\"https:\/\/www.laguiadepamplona.com\/actualidad\/las-inscripciones-para-un-nuevo-trimestre-de-la-campana-de-natacion-para-personas-adultas-que-se-desarrollara-del-15-de-marzo-al-31-de-mayo-se-abren-este-jueves\/\" \/>\n<meta property=\"og:site_name\" content=\"La Gu\u00eda de Pamplona\" \/>\n<meta property=\"article:publisher\" content=\"https:\/\/www.facebook.com\/laguiadepamplonacom-133175176762273\/?ref=hl\" \/>\n<meta property=\"article:published_time\" content=\"2023-02-23T12:28:51+00:00\" \/>\n<meta property=\"article:modified_time\" content=\"2023-04-11T09:47:08+00:00\" \/>\n<meta property=\"og:image\" content=\"https:\/\/www.laguiadepamplona.com\/actualidad\/wp-content\/uploads\/2022\/02\/natacion_adultos.jpg\" \/>\n\t<meta property=\"og:image:width\" content=\"1417\" \/>\n\t<meta property=\"og:image:height\" content=\"777\" \/>\n\t<meta property=\"og:image:type\" content=\"image\/jpeg\" \/>\n<meta name=\"author\" content=\"La Gu\u00eda de Pamplona\" \/>\n<meta name=\"twitter:card\" content=\"summary_large_image\" \/>\n<meta name=\"twitter:creator\" content=\"@LaGuiadPamplona\" \/>\n<meta name=\"twitter:site\" content=\"@LaGuiadPamplona\" \/>\n<meta name=\"twitter:label1\" content=\"Escrito por\" \/>\n\t<meta name=\"twitter:data1\" content=\"La Gu\u00eda de Pamplona\" \/>\n\t<meta name=\"twitter:label2\" content=\"Tiempo de lectura\" \/>\n\t<meta name=\"twitter:data2\" content=\"2 minutos\" \/>\n<script type=\"application\/ld+json\" class=\"yoast-schema-graph\">{\"@context\":\"https:\\\/\\\/schema.org\",\"@graph\":[{\"@type\":\"Article\",\"@id\":\"https:\\\/\\\/www.laguiadepamplona.com\\\/actualidad\\\/las-inscripciones-para-un-nuevo-trimestre-de-la-campana-de-natacion-para-personas-adultas-que-se-desarrollara-del-15-de-marzo-al-31-de-mayo-se-abren-este-jueves\\\/#article\",\"isPartOf\":{\"@id\":\"https:\\\/\\\/www.laguiadepamplona.com\\\/actualidad\\\/las-inscripciones-para-un-nuevo-trimestre-de-la-campana-de-natacion-para-personas-adultas-que-se-desarrollara-del-15-de-marzo-al-31-de-mayo-se-abren-este-jueves\\\/\"},\"author\":{\"name\":\"La Gu\u00eda de Pamplona\",\"@id\":\"https:\\\/\\\/www.laguiadepamplona.com\\\/actualidad\\\/#\\\/schema\\\/person\\\/efe887376f0213d4657c93adc50b1fdb\"},\"headline\":\"Las inscripciones para un nuevo trimestre de la campa\u00f1a de nataci\u00f3n para personas adultas, que se desarrollar\u00e1 del 15 de marzo al 31 de mayo, se abren este jueves\",\"datePublished\":\"2023-02-23T12:28:51+00:00\",\"dateModified\":\"2023-04-11T09:47:08+00:00\",\"mainEntityOfPage\":{\"@id\":\"https:\\\/\\\/www.laguiadepamplona.com\\\/actualidad\\\/las-inscripciones-para-un-nuevo-trimestre-de-la-campana-de-natacion-para-personas-adultas-que-se-desarrollara-del-15-de-marzo-al-31-de-mayo-se-abren-este-jueves\\\/\"},\"wordCount\":271,\"commentCount\":0,\"publisher\":{\"@id\":\"https:\\\/\\\/www.laguiadepamplona.com\\\/actualidad\\\/#organization\"},\"image\":{\"@id\":\"https:\\\/\\\/www.laguiadepamplona.com\\\/actualidad\\\/las-inscripciones-para-un-nuevo-trimestre-de-la-campana-de-natacion-para-personas-adultas-que-se-desarrollara-del-15-de-marzo-al-31-de-mayo-se-abren-este-jueves\\\/#primaryimage\"},\"thumbnailUrl\":\"https:\\\/\\\/www.laguiadepamplona.com\\\/actualidad\\\/wp-content\\\/uploads\\\/2022\\\/02\\\/natacion_adultos.jpg\",\"articleSection\":[\"Ayto Pamplona\"],\"inLanguage\":\"es\",\"potentialAction\":[{\"@type\":\"CommentAction\",\"name\":\"Comment\",\"target\":[\"https:\\\/\\\/www.laguiadepamplona.com\\\/actualidad\\\/las-inscripciones-para-un-nuevo-trimestre-de-la-campana-de-natacion-para-personas-adultas-que-se-desarrollara-del-15-de-marzo-al-31-de-mayo-se-abren-este-jueves\\\/#respond\"]}]},{\"@type\":\"WebPage\",\"@id\":\"https:\\\/\\\/www.laguiadepamplona.com\\\/actualidad\\\/las-inscripciones-para-un-nuevo-trimestre-de-la-campana-de-natacion-para-personas-adultas-que-se-desarrollara-del-15-de-marzo-al-31-de-mayo-se-abren-este-jueves\\\/\",\"url\":\"https:\\\/\\\/www.laguiadepamplona.com\\\/actualidad\\\/las-inscripciones-para-un-nuevo-trimestre-de-la-campana-de-natacion-para-personas-adultas-que-se-desarrollara-del-15-de-marzo-al-31-de-mayo-se-abren-este-jueves\\\/\",\"name\":\"Las inscripciones para un nuevo trimestre de la campa\u00f1a de nataci\u00f3n para personas adultas, que se desarrollar\u00e1 del 15 de marzo al 31 de mayo, se abren este jueves\",\"isPartOf\":{\"@id\":\"https:\\\/\\\/www.laguiadepamplona.com\\\/actualidad\\\/#website\"},\"primaryImageOfPage\":{\"@id\":\"https:\\\/\\\/www.laguiadepamplona.com\\\/actualidad\\\/las-inscripciones-para-un-nuevo-trimestre-de-la-campana-de-natacion-para-personas-adultas-que-se-desarrollara-del-15-de-marzo-al-31-de-mayo-se-abren-este-jueves\\\/#primaryimage\"},\"image\":{\"@id\":\"https:\\\/\\\/www.laguiadepamplona.com\\\/actualidad\\\/las-inscripciones-para-un-nuevo-trimestre-de-la-campana-de-natacion-para-personas-adultas-que-se-desarrollara-del-15-de-marzo-al-31-de-mayo-se-abren-este-jueves\\\/#primaryimage\"},\"thumbnailUrl\":\"https:\\\/\\\/www.laguiadepamplona.com\\\/actualidad\\\/wp-content\\\/uploads\\\/2022\\\/02\\\/natacion_adultos.jpg\",\"datePublished\":\"2023-02-23T12:28:51+00:00\",\"dateModified\":\"2023-04-11T09:47:08+00:00\",\"description\":\"Se proponen clases de iniciaci\u00f3n, perfeccionamiento y mantenimiento en cinco instalaciones deportivas de la ciudad\",\"breadcrumb\":{\"@id\":\"https:\\\/\\\/www.laguiadepamplona.com\\\/actualidad\\\/las-inscripciones-para-un-nuevo-trimestre-de-la-campana-de-natacion-para-personas-adultas-que-se-desarrollara-del-15-de-marzo-al-31-de-mayo-se-abren-este-jueves\\\/#breadcrumb\"},\"inLanguage\":\"es\",\"potentialAction\":[{\"@type\":\"ReadAction\",\"target\":[\"https:\\\/\\\/www.laguiadepamplona.com\\\/actualidad\\\/las-inscripciones-para-un-nuevo-trimestre-de-la-campana-de-natacion-para-personas-adultas-que-se-desarrollara-del-15-de-marzo-al-31-de-mayo-se-abren-este-jueves\\\/\"]}]},{\"@type\":\"ImageObject\",\"inLanguage\":\"es\",\"@id\":\"https:\\\/\\\/www.laguiadepamplona.com\\\/actualidad\\\/las-inscripciones-para-un-nuevo-trimestre-de-la-campana-de-natacion-para-personas-adultas-que-se-desarrollara-del-15-de-marzo-al-31-de-mayo-se-abren-este-jueves\\\/#primaryimage\",\"url\":\"https:\\\/\\\/www.laguiadepamplona.com\\\/actualidad\\\/wp-content\\\/uploads\\\/2022\\\/02\\\/natacion_adultos.jpg\",\"contentUrl\":\"https:\\\/\\\/www.laguiadepamplona.com\\\/actualidad\\\/wp-content\\\/uploads\\\/2022\\\/02\\\/natacion_adultos.jpg\",\"width\":1417,\"height\":777},{\"@type\":\"BreadcrumbList\",\"@id\":\"https:\\\/\\\/www.laguiadepamplona.com\\\/actualidad\\\/las-inscripciones-para-un-nuevo-trimestre-de-la-campana-de-natacion-para-personas-adultas-que-se-desarrollara-del-15-de-marzo-al-31-de-mayo-se-abren-este-jueves\\\/#breadcrumb\",\"itemListElement\":[{\"@type\":\"ListItem\",\"position\":1,\"name\":\"Portada\",\"item\":\"https:\\\/\\\/www.laguiadepamplona.com\\\/actualidad\\\/\"},{\"@type\":\"ListItem\",\"position\":2,\"name\":\"Las inscripciones para un nuevo trimestre de la campa\u00f1a de nataci\u00f3n para personas adultas, que se desarrollar\u00e1 del 15 de marzo al 31 de mayo, se abren este jueves\"}]},{\"@type\":\"WebSite\",\"@id\":\"https:\\\/\\\/www.laguiadepamplona.com\\\/actualidad\\\/#website\",\"url\":\"https:\\\/\\\/www.laguiadepamplona.com\\\/actualidad\\\/\",\"name\":\"La gu\u00eda de Pamplona\",\"description\":\"Noticias de Pamplona\",\"publisher\":{\"@id\":\"https:\\\/\\\/www.laguiadepamplona.com\\\/actualidad\\\/#organization\"},\"potentialAction\":[{\"@type\":\"SearchAction\",\"target\":{\"@type\":\"EntryPoint\",\"urlTemplate\":\"https:\\\/\\\/www.laguiadepamplona.com\\\/actualidad\\\/?s={search_term_string}\"},\"query-input\":{\"@type\":\"PropertyValueSpecification\",\"valueRequired\":true,\"valueName\":\"search_term_string\"}}],\"inLanguage\":\"es\"},{\"@type\":\"Organization\",\"@id\":\"https:\\\/\\\/www.laguiadepamplona.com\\\/actualidad\\\/#organization\",\"name\":\"La Gu\u00eda de Pamplona \\\/ Noticias\",\"url\":\"https:\\\/\\\/www.laguiadepamplona.com\\\/actualidad\\\/\",\"logo\":{\"@type\":\"ImageObject\",\"inLanguage\":\"es\",\"@id\":\"https:\\\/\\\/www.laguiadepamplona.com\\\/actualidad\\\/#\\\/schema\\\/logo\\\/image\\\/\",\"url\":\"https:\\\/\\\/www.laguiadepamplona.com\\\/actualidad\\\/wp-content\\\/uploads\\\/2018\\\/11\\\/logo-laguiadepamplona18-web1.png\",\"contentUrl\":\"https:\\\/\\\/www.laguiadepamplona.com\\\/actualidad\\\/wp-content\\\/uploads\\\/2018\\\/11\\\/logo-laguiadepamplona18-web1.png\",\"width\":600,\"height\":196,\"caption\":\"La Gu\u00eda de Pamplona \\\/ Noticias\"},\"image\":{\"@id\":\"https:\\\/\\\/www.laguiadepamplona.com\\\/actualidad\\\/#\\\/schema\\\/logo\\\/image\\\/\"},\"sameAs\":[\"https:\\\/\\\/www.facebook.com\\\/laguiadepamplonacom-133175176762273\\\/?ref=hl\",\"https:\\\/\\\/x.com\\\/LaGuiadPamplona\",\"https:\\\/\\\/www.instagram.com\\\/la_guia_de_pamplona\\\/\",\"https:\\\/\\\/www.youtube.com\\\/user\\\/laguiadepamplona\"]},{\"@type\":\"Person\",\"@id\":\"https:\\\/\\\/www.laguiadepamplona.com\\\/actualidad\\\/#\\\/schema\\\/person\\\/efe887376f0213d4657c93adc50b1fdb\",\"name\":\"La Gu\u00eda de Pamplona\",\"image\":{\"@type\":\"ImageObject\",\"inLanguage\":\"es\",\"@id\":\"https:\\\/\\\/secure.gravatar.com\\\/avatar\\\/b6992f131dc8d30ab0dff15446e9d346d9dbd95992de0fef795073f5ea83a81c?s=96&d=mm&r=g\",\"url\":\"https:\\\/\\\/secure.gravatar.com\\\/avatar\\\/b6992f131dc8d30ab0dff15446e9d346d9dbd95992de0fef795073f5ea83a81c?s=96&d=mm&r=g\",\"contentUrl\":\"https:\\\/\\\/secure.gravatar.com\\\/avatar\\\/b6992f131dc8d30ab0dff15446e9d346d9dbd95992de0fef795073f5ea83a81c?s=96&d=mm&r=g\",\"caption\":\"La Gu\u00eda de Pamplona\"}}]}<\/script>\n<!-- \/ Yoast SEO plugin. -->","yoast_head_json":{"title":"Las inscripciones para un nuevo trimestre de la campa\u00f1a de nataci\u00f3n para personas adultas, que se desarrollar\u00e1 del 15 de marzo al 31 de mayo, se abren este jueves","description":"Se proponen clases de iniciaci\u00f3n, perfeccionamiento y mantenimiento en cinco instalaciones deportivas de la ciudad","robots":{"index":"index","follow":"follow","max-snippet":"max-snippet:-1","max-image-preview":"max-image-preview:large","max-video-preview":"max-video-preview:-1"},"canonical":"https:\/\/www.laguiadepamplona.com\/actualidad\/las-inscripciones-para-un-nuevo-trimestre-de-la-campana-de-natacion-para-personas-adultas-que-se-desarrollara-del-15-de-marzo-al-31-de-mayo-se-abren-este-jueves\/","og_locale":"es_ES","og_type":"article","og_title":"Las inscripciones para un nuevo trimestre de la campa\u00f1a de nataci\u00f3n para personas adultas, que se desarrollar\u00e1 del 15 de marzo al 31 de mayo, se abren este jueves","og_description":"Se proponen clases de iniciaci\u00f3n, perfeccionamiento y mantenimiento en cinco instalaciones deportivas de la ciudad","og_url":"https:\/\/www.laguiadepamplona.com\/actualidad\/las-inscripciones-para-un-nuevo-trimestre-de-la-campana-de-natacion-para-personas-adultas-que-se-desarrollara-del-15-de-marzo-al-31-de-mayo-se-abren-este-jueves\/","og_site_name":"La Gu\u00eda de Pamplona","article_publisher":"https:\/\/www.facebook.com\/laguiadepamplonacom-133175176762273\/?ref=hl","article_published_time":"2023-02-23T12:28:51+00:00","article_modified_time":"2023-04-11T09:47:08+00:00","og_image":[{"width":1417,"height":777,"url":"https:\/\/www.laguiadepamplona.com\/actualidad\/wp-content\/uploads\/2022\/02\/natacion_adultos.jpg","type":"image\/jpeg"}],"author":"La Gu\u00eda de Pamplona","twitter_card":"summary_large_image","twitter_creator":"@LaGuiadPamplona","twitter_site":"@LaGuiadPamplona","twitter_misc":{"Escrito por":"La Gu\u00eda de Pamplona","Tiempo de lectura":"2 minutos"},"schema":{"@context":"https:\/\/schema.org","@graph":[{"@type":"Article","@id":"https:\/\/www.laguiadepamplona.com\/actualidad\/las-inscripciones-para-un-nuevo-trimestre-de-la-campana-de-natacion-para-personas-adultas-que-se-desarrollara-del-15-de-marzo-al-31-de-mayo-se-abren-este-jueves\/#article","isPartOf":{"@id":"https:\/\/www.laguiadepamplona.com\/actualidad\/las-inscripciones-para-un-nuevo-trimestre-de-la-campana-de-natacion-para-personas-adultas-que-se-desarrollara-del-15-de-marzo-al-31-de-mayo-se-abren-este-jueves\/"},"author":{"name":"La Gu\u00eda de Pamplona","@id":"https:\/\/www.laguiadepamplona.com\/actualidad\/#\/schema\/person\/efe887376f0213d4657c93adc50b1fdb"},"headline":"Las inscripciones para un nuevo trimestre de la campa\u00f1a de nataci\u00f3n para personas adultas, que se desarrollar\u00e1 del 15 de marzo al 31 de mayo, se abren este jueves","datePublished":"2023-02-23T12:28:51+00:00","dateModified":"2023-04-11T09:47:08+00:00","mainEntityOfPage":{"@id":"https:\/\/www.laguiadepamplona.com\/actualidad\/las-inscripciones-para-un-nuevo-trimestre-de-la-campana-de-natacion-para-personas-adultas-que-se-desarrollara-del-15-de-marzo-al-31-de-mayo-se-abren-este-jueves\/"},"wordCount":271,"commentCount":0,"publisher":{"@id":"https:\/\/www.laguiadepamplona.com\/actualidad\/#organization"},"image":{"@id":"https:\/\/www.laguiadepamplona.com\/actualidad\/las-inscripciones-para-un-nuevo-trimestre-de-la-campana-de-natacion-para-personas-adultas-que-se-desarrollara-del-15-de-marzo-al-31-de-mayo-se-abren-este-jueves\/#primaryimage"},"thumbnailUrl":"https:\/\/www.laguiadepamplona.com\/actualidad\/wp-content\/uploads\/2022\/02\/natacion_adultos.jpg","articleSection":["Ayto Pamplona"],"inLanguage":"es","potentialAction":[{"@type":"CommentAction","name":"Comment","target":["https:\/\/www.laguiadepamplona.com\/actualidad\/las-inscripciones-para-un-nuevo-trimestre-de-la-campana-de-natacion-para-personas-adultas-que-se-desarrollara-del-15-de-marzo-al-31-de-mayo-se-abren-este-jueves\/#respond"]}]},{"@type":"WebPage","@id":"https:\/\/www.laguiadepamplona.com\/actualidad\/las-inscripciones-para-un-nuevo-trimestre-de-la-campana-de-natacion-para-personas-adultas-que-se-desarrollara-del-15-de-marzo-al-31-de-mayo-se-abren-este-jueves\/","url":"https:\/\/www.laguiadepamplona.com\/actualidad\/las-inscripciones-para-un-nuevo-trimestre-de-la-campana-de-natacion-para-personas-adultas-que-se-desarrollara-del-15-de-marzo-al-31-de-mayo-se-abren-este-jueves\/","name":"Las inscripciones para un nuevo trimestre de la campa\u00f1a de nataci\u00f3n para personas adultas, que se desarrollar\u00e1 del 15 de marzo al 31 de mayo, se abren este jueves","isPartOf":{"@id":"https:\/\/www.laguiadepamplona.com\/actualidad\/#website"},"primaryImageOfPage":{"@id":"https:\/\/www.laguiadepamplona.com\/actualidad\/las-inscripciones-para-un-nuevo-trimestre-de-la-campana-de-natacion-para-personas-adultas-que-se-desarrollara-del-15-de-marzo-al-31-de-mayo-se-abren-este-jueves\/#primaryimage"},"image":{"@id":"https:\/\/www.laguiadepamplona.com\/actualidad\/las-inscripciones-para-un-nuevo-trimestre-de-la-campana-de-natacion-para-personas-adultas-que-se-desarrollara-del-15-de-marzo-al-31-de-mayo-se-abren-este-jueves\/#primaryimage"},"thumbnailUrl":"https:\/\/www.laguiadepamplona.com\/actualidad\/wp-content\/uploads\/2022\/02\/natacion_adultos.jpg","datePublished":"2023-02-23T12:28:51+00:00","dateModified":"2023-04-11T09:47:08+00:00","description":"Se proponen clases de iniciaci\u00f3n, perfeccionamiento y mantenimiento en cinco instalaciones deportivas de la ciudad","breadcrumb":{"@id":"https:\/\/www.laguiadepamplona.com\/actualidad\/las-inscripciones-para-un-nuevo-trimestre-de-la-campana-de-natacion-para-personas-adultas-que-se-desarrollara-del-15-de-marzo-al-31-de-mayo-se-abren-este-jueves\/#breadcrumb"},"inLanguage":"es","potentialAction":[{"@type":"ReadAction","target":["https:\/\/www.laguiadepamplona.com\/actualidad\/las-inscripciones-para-un-nuevo-trimestre-de-la-campana-de-natacion-para-personas-adultas-que-se-desarrollara-del-15-de-marzo-al-31-de-mayo-se-abren-este-jueves\/"]}]},{"@type":"ImageObject","inLanguage":"es","@id":"https:\/\/www.laguiadepamplona.com\/actualidad\/las-inscripciones-para-un-nuevo-trimestre-de-la-campana-de-natacion-para-personas-adultas-que-se-desarrollara-del-15-de-marzo-al-31-de-mayo-se-abren-este-jueves\/#primaryimage","url":"https:\/\/www.laguiadepamplona.com\/actualidad\/wp-content\/uploads\/2022\/02\/natacion_adultos.jpg","contentUrl":"https:\/\/www.laguiadepamplona.com\/actualidad\/wp-content\/uploads\/2022\/02\/natacion_adultos.jpg","width":1417,"height":777},{"@type":"BreadcrumbList","@id":"https:\/\/www.laguiadepamplona.com\/actualidad\/las-inscripciones-para-un-nuevo-trimestre-de-la-campana-de-natacion-para-personas-adultas-que-se-desarrollara-del-15-de-marzo-al-31-de-mayo-se-abren-este-jueves\/#breadcrumb","itemListElement":[{"@type":"ListItem","position":1,"name":"Portada","item":"https:\/\/www.laguiadepamplona.com\/actualidad\/"},{"@type":"ListItem","position":2,"name":"Las inscripciones para un nuevo trimestre de la campa\u00f1a de nataci\u00f3n para personas adultas, que se desarrollar\u00e1 del 15 de marzo al 31 de mayo, se abren este jueves"}]},{"@type":"WebSite","@id":"https:\/\/www.laguiadepamplona.com\/actualidad\/#website","url":"https:\/\/www.laguiadepamplona.com\/actualidad\/","name":"La gu\u00eda de Pamplona","description":"Noticias de Pamplona","publisher":{"@id":"https:\/\/www.laguiadepamplona.com\/actualidad\/#organization"},"potentialAction":[{"@type":"SearchAction","target":{"@type":"EntryPoint","urlTemplate":"https:\/\/www.laguiadepamplona.com\/actualidad\/?s={search_term_string}"},"query-input":{"@type":"PropertyValueSpecification","valueRequired":true,"valueName":"search_term_string"}}],"inLanguage":"es"},{"@type":"Organization","@id":"https:\/\/www.laguiadepamplona.com\/actualidad\/#organization","name":"La Gu\u00eda de Pamplona \/ Noticias","url":"https:\/\/www.laguiadepamplona.com\/actualidad\/","logo":{"@type":"ImageObject","inLanguage":"es","@id":"https:\/\/www.laguiadepamplona.com\/actualidad\/#\/schema\/logo\/image\/","url":"https:\/\/www.laguiadepamplona.com\/actualidad\/wp-content\/uploads\/2018\/11\/logo-laguiadepamplona18-web1.png","contentUrl":"https:\/\/www.laguiadepamplona.com\/actualidad\/wp-content\/uploads\/2018\/11\/logo-laguiadepamplona18-web1.png","width":600,"height":196,"caption":"La Gu\u00eda de Pamplona \/ Noticias"},"image":{"@id":"https:\/\/www.laguiadepamplona.com\/actualidad\/#\/schema\/logo\/image\/"},"sameAs":["https:\/\/www.facebook.com\/laguiadepamplonacom-133175176762273\/?ref=hl","https:\/\/x.com\/LaGuiadPamplona","https:\/\/www.instagram.com\/la_guia_de_pamplona\/","https:\/\/www.youtube.com\/user\/laguiadepamplona"]},{"@type":"Person","@id":"https:\/\/www.laguiadepamplona.com\/actualidad\/#\/schema\/person\/efe887376f0213d4657c93adc50b1fdb","name":"La Gu\u00eda de Pamplona","image":{"@type":"ImageObject","inLanguage":"es","@id":"https:\/\/secure.gravatar.com\/avatar\/b6992f131dc8d30ab0dff15446e9d346d9dbd95992de0fef795073f5ea83a81c?s=96&d=mm&r=g","url":"https:\/\/secure.gravatar.com\/avatar\/b6992f131dc8d30ab0dff15446e9d346d9dbd95992de0fef795073f5ea83a81c?s=96&d=mm&r=g","contentUrl":"https:\/\/secure.gravatar.com\/avatar\/b6992f131dc8d30ab0dff15446e9d346d9dbd95992de0fef795073f5ea83a81c?s=96&d=mm&r=g","caption":"La Gu\u00eda de Pamplona"}}]}},"post_mailing_queue_ids":[],"_links":{"self":[{"href":"https:\/\/www.laguiadepamplona.com\/actualidad\/wp-json\/wp\/v2\/posts\/42977","targetHints":{"allow":["GET"]}}],"collection":[{"href":"https:\/\/www.laguiadepamplona.com\/actualidad\/wp-json\/wp\/v2\/posts"}],"about":[{"href":"https:\/\/www.laguiadepamplona.com\/actualidad\/wp-json\/wp\/v2\/types\/post"}],"author":[{"embeddable":true,"href":"https:\/\/www.laguiadepamplona.com\/actualidad\/wp-json\/wp\/v2\/users\/1"}],"replies":[{"embeddable":true,"href":"https:\/\/www.laguiadepamplona.com\/actualidad\/wp-json\/wp\/v2\/comments?post=42977"}],"version-history":[{"count":0,"href":"https:\/\/www.laguiadepamplona.com\/actualidad\/wp-json\/wp\/v2\/posts\/42977\/revisions"}],"wp:featuredmedia":[{"embeddable":true,"href":"https:\/\/www.laguiadepamplona.com\/actualidad\/wp-json\/wp\/v2\/media\/38902"}],"wp:attachment":[{"href":"https:\/\/www.laguiadepamplona.com\/actualidad\/wp-json\/wp\/v2\/media?parent=42977"}],"wp:term":[{"taxonomy":"category","embeddable":true,"href":"https:\/\/www.laguiadepamplona.com\/actualidad\/wp-json\/wp\/v2\/categories?post=42977"},{"taxonomy":"post_tag","embeddable":true,"href":"https:\/\/www.laguiadepamplona.com\/actualidad\/wp-json\/wp\/v2\/tags?post=42977"}],"curies":[{"name":"wp","href":"https:\/\/api.w.org\/{rel}","templated":true}]}}