{"id":42974,"date":"2023-02-23T14:27:19","date_gmt":"2023-02-23T12:27:19","guid":{"rendered":"https:\/\/www.laguiadepamplona.com\/actualidad\/?p=42974"},"modified":"2023-04-11T11:47:08","modified_gmt":"2023-04-11T09:47:08","slug":"alrededor-de-25-personas-comparten-preocupaciones-y-propuestas-medioambientales-en-el-grupo-de-accion-climatica-del-ayuntamiento-de-pamplona","status":"publish","type":"post","link":"https:\/\/www.laguiadepamplona.com\/actualidad\/alrededor-de-25-personas-comparten-preocupaciones-y-propuestas-medioambientales-en-el-grupo-de-accion-climatica-del-ayuntamiento-de-pamplona\/","title":{"rendered":"Alrededor de 25 personas comparten preocupaciones y propuestas medioambientales en el Grupo de Acci\u00f3n Clim\u00e1tica del Ayuntamiento de Pamplona"},"content":{"rendered":"<h5>La iniciativa se organiza en torno a sesiones mensuales con el objetivo de contrarrestar el cambio clim\u00e1tico con acciones personales y colectivas<\/h5>\n<p><!--more--><\/p>\n<p>Alrededor de 25 personas, de todas las edades, participan en la segunda edici\u00f3n del Grupo de Acci\u00f3n Clim\u00e1tica puesto en marcha por el Ayuntamiento de Pamplona como herramienta para concienciar sobre el cambio clim\u00e1tico y avanzar de forma acompa\u00f1ada en la transici\u00f3n ecol\u00f3gica como sociedad. Este grupo pretende generar y visibilizar nuevos referentes, que puedan servir de ejemplo para avanzar hacia una nueva cultura clim\u00e1tica. La metodolog\u00eda consiste en sesiones mensuales, que combinan t\u00e9cnicas innovadoras con salidas para conocer de primera mano propuestas pr\u00e1cticas de iniciativas colectivas.<br \/>\n<script async src=\"\/\/pagead2.googlesyndication.com\/pagead\/js\/adsbygoogle.js\"><\/script><br \/>\n<!-- Noticias La Guia de Pamplona --><br \/>\n<ins class=\"adsbygoogle\"\nstyle=\"display:block\"\ndata-ad-client=\"ca-pub-6943679897239327\"\ndata-ad-slot=\"7048180777\"\ndata-ad-format=\"auto\"><\/ins><br \/>\n<script>\n(adsbygoogle = window.adsbygoogle || []).push({});\n<\/script><\/p>\n<p>Entre las personas interesadas se encuentran vecinos y vecinas de pr\u00e1cticamente todos los barrios de la ciudad, de forma que las propuestas que se lancen podr\u00e1n extenderse a un mayor radio de acci\u00f3n. Desde el inicio de esta nueva edici\u00f3n en octubre hasta la fecha, los encuentros del Grupo de Acci\u00f3n Clim\u00e1tica, que se celebran en el Museo de Educaci\u00f3n Ambiental, han servido para ahondar en algunos aspectos como la energ\u00eda positiva y el autoconsumo energ\u00e9tico, la movilidad sostenible y el impacto ambiental del consumo.<\/p>\n<p>El grupo tambi\u00e9n abordar\u00e1 otros aspectos hasta finales de mayo, como la alimentaci\u00f3n sostenible o el acercamiento a distintas experiencias colectivas encaminadas a lograr una transici\u00f3n ecol\u00f3gica. De hecho, en el d\u00eda de ayer las personas participantes visitaron el huerto comunitario de la Rochapea, como un ejemplo de iniciativa colectiva para impulsar una alimentaci\u00f3n de kil\u00f3metro 0, ecol\u00f3gica y de temporada. A trav\u00e9s de diferentes metodolog\u00edas, las personas que forma parte del Grupo de Acci\u00f3n Clim\u00e1tica reflexionan y comparten emociones y preocupaciones con el objetivo de integrar acciones a nivel individual y colectivo en su d\u00eda a d\u00eda que supongan medidas de mitigaci\u00f3n y adaptaci\u00f3n al cambio clim\u00e1tico.<br \/>\n<script async src=\"\/\/pagead2.googlesyndication.com\/pagead\/js\/adsbygoogle.js\"><\/script><br \/>\n<!-- Noticias La Guia de Pamplona --><br \/>\n<ins class=\"adsbygoogle\"\nstyle=\"display:block\"\ndata-ad-client=\"ca-pub-6943679897239327\"\ndata-ad-slot=\"7048180777\"\ndata-ad-format=\"auto\"><\/ins><br \/>\n<script>\n(adsbygoogle = window.adsbygoogle || []).push({});\n<\/script><\/p>\n<p>En la edici\u00f3n anterior, el Grupo de Acci\u00f3n Clim\u00e1tica logr\u00f3 llevar a cabo retos individuales y colectivos como la contrataci\u00f3n de electricidad de origen renovable para la comunidad de vecinos, la reducci\u00f3n en el uso de pl\u00e1sticos, el impulso del uso de la bicicleta y medios de transporte p\u00fablicos en los desplazamientos de ocio y laborales o el incremento del reciclaje en los lugares de trabajo. Tambi\u00e9n algunas de las personas participantes cambiaron h\u00e1bitos de compra, adquiriendo productos de temporada de cercan\u00eda y evitando en lo posible alimentos envasados y redujeron su consumo de luz.<\/p>\n<p>Esta iniciativa se enmarca dentro del proyecto europeo oPEN Lab y cuenta con financiaci\u00f3n del Programa de Investigaci\u00f3n e Innovaci\u00f3n HORIZON 2020 de la Uni\u00f3n Europea. Adem\u00e1s, forma parte del programa \u2018Go Green Pamplona\u2019, que engloba todas las actuaciones en materia de lucha contra el cambio clim\u00e1tico desarrolladas por la ciudad y se integra en la Agenda Urbana 2030 de Pamplona y la Estrategia de Transici\u00f3n Energ\u00e9tica y Cambio Clim\u00e1tico de Pamplona.<\/p>\n","protected":false},"excerpt":{"rendered":"<p>La iniciativa se organiza en torno a sesiones mensuales con el objetivo de contrarrestar el cambio clim\u00e1tico con acciones personales y colectivas<\/p>\n","protected":false},"author":1,"featured_media":42975,"comment_status":"open","ping_status":"closed","sticky":false,"template":"","format":"standard","meta":{"footnotes":""},"categories":[2],"tags":[],"class_list":["post-42974","post","type-post","status-publish","format-standard","has-post-thumbnail","hentry","category-ayuntamiento-pamplona"],"yoast_head":"<!-- This site is optimized with the Yoast SEO plugin v27.5 - https:\/\/yoast.com\/product\/yoast-seo-wordpress\/ -->\n<title>Alrededor de 25 personas comparten preocupaciones y propuestas medioambientales en el Grupo de Acci\u00f3n Clim\u00e1tica del Ayuntamiento de Pamplona<\/title>\n<meta name=\"description\" content=\"La iniciativa se organiza en torno a sesiones mensuales con el objetivo de contrarrestar el cambio clim\u00e1tico con acciones personales y colectivas\" \/>\n<meta name=\"robots\" content=\"index, follow, max-snippet:-1, max-image-preview:large, max-video-preview:-1\" \/>\n<link rel=\"canonical\" href=\"https:\/\/www.laguiadepamplona.com\/actualidad\/alrededor-de-25-personas-comparten-preocupaciones-y-propuestas-medioambientales-en-el-grupo-de-accion-climatica-del-ayuntamiento-de-pamplona\/\" \/>\n<meta property=\"og:locale\" content=\"es_ES\" \/>\n<meta property=\"og:type\" content=\"article\" \/>\n<meta property=\"og:title\" content=\"Alrededor de 25 personas comparten preocupaciones y propuestas medioambientales en el Grupo de Acci\u00f3n Clim\u00e1tica del Ayuntamiento de Pamplona\" \/>\n<meta property=\"og:description\" content=\"La iniciativa se organiza en torno a sesiones mensuales con el objetivo de contrarrestar el cambio clim\u00e1tico con acciones personales y colectivas\" \/>\n<meta property=\"og:url\" content=\"https:\/\/www.laguiadepamplona.com\/actualidad\/alrededor-de-25-personas-comparten-preocupaciones-y-propuestas-medioambientales-en-el-grupo-de-accion-climatica-del-ayuntamiento-de-pamplona\/\" \/>\n<meta property=\"og:site_name\" content=\"La Gu\u00eda de Pamplona\" \/>\n<meta property=\"article:publisher\" content=\"https:\/\/www.facebook.com\/laguiadepamplonacom-133175176762273\/?ref=hl\" \/>\n<meta property=\"article:published_time\" content=\"2023-02-23T12:27:19+00:00\" \/>\n<meta property=\"article:modified_time\" content=\"2023-04-11T09:47:08+00:00\" \/>\n<meta property=\"og:image\" content=\"https:\/\/www.laguiadepamplona.com\/actualidad\/wp-content\/uploads\/2023\/02\/huertocomunitariorochaee5a9531.webp\" \/>\n\t<meta property=\"og:image:width\" content=\"1920\" \/>\n\t<meta property=\"og:image:height\" content=\"1280\" \/>\n\t<meta property=\"og:image:type\" content=\"image\/webp\" \/>\n<meta name=\"author\" content=\"La Gu\u00eda de Pamplona\" \/>\n<meta name=\"twitter:card\" content=\"summary_large_image\" \/>\n<meta name=\"twitter:creator\" content=\"@LaGuiadPamplona\" \/>\n<meta name=\"twitter:site\" content=\"@LaGuiadPamplona\" \/>\n<meta name=\"twitter:label1\" content=\"Escrito por\" \/>\n\t<meta name=\"twitter:data1\" content=\"La Gu\u00eda de Pamplona\" \/>\n\t<meta name=\"twitter:label2\" content=\"Tiempo de lectura\" \/>\n\t<meta name=\"twitter:data2\" content=\"3 minutos\" \/>\n<script type=\"application\/ld+json\" class=\"yoast-schema-graph\">{\"@context\":\"https:\\\/\\\/schema.org\",\"@graph\":[{\"@type\":\"Article\",\"@id\":\"https:\\\/\\\/www.laguiadepamplona.com\\\/actualidad\\\/alrededor-de-25-personas-comparten-preocupaciones-y-propuestas-medioambientales-en-el-grupo-de-accion-climatica-del-ayuntamiento-de-pamplona\\\/#article\",\"isPartOf\":{\"@id\":\"https:\\\/\\\/www.laguiadepamplona.com\\\/actualidad\\\/alrededor-de-25-personas-comparten-preocupaciones-y-propuestas-medioambientales-en-el-grupo-de-accion-climatica-del-ayuntamiento-de-pamplona\\\/\"},\"author\":{\"name\":\"La Gu\u00eda de Pamplona\",\"@id\":\"https:\\\/\\\/www.laguiadepamplona.com\\\/actualidad\\\/#\\\/schema\\\/person\\\/efe887376f0213d4657c93adc50b1fdb\"},\"headline\":\"Alrededor de 25 personas comparten preocupaciones y propuestas medioambientales en el Grupo de Acci\u00f3n Clim\u00e1tica del Ayuntamiento de Pamplona\",\"datePublished\":\"2023-02-23T12:27:19+00:00\",\"dateModified\":\"2023-04-11T09:47:08+00:00\",\"mainEntityOfPage\":{\"@id\":\"https:\\\/\\\/www.laguiadepamplona.com\\\/actualidad\\\/alrededor-de-25-personas-comparten-preocupaciones-y-propuestas-medioambientales-en-el-grupo-de-accion-climatica-del-ayuntamiento-de-pamplona\\\/\"},\"wordCount\":542,\"commentCount\":0,\"publisher\":{\"@id\":\"https:\\\/\\\/www.laguiadepamplona.com\\\/actualidad\\\/#organization\"},\"image\":{\"@id\":\"https:\\\/\\\/www.laguiadepamplona.com\\\/actualidad\\\/alrededor-de-25-personas-comparten-preocupaciones-y-propuestas-medioambientales-en-el-grupo-de-accion-climatica-del-ayuntamiento-de-pamplona\\\/#primaryimage\"},\"thumbnailUrl\":\"https:\\\/\\\/www.laguiadepamplona.com\\\/actualidad\\\/wp-content\\\/uploads\\\/2023\\\/02\\\/huertocomunitariorochaee5a9531.webp\",\"articleSection\":[\"Ayto Pamplona\"],\"inLanguage\":\"es\",\"potentialAction\":[{\"@type\":\"CommentAction\",\"name\":\"Comment\",\"target\":[\"https:\\\/\\\/www.laguiadepamplona.com\\\/actualidad\\\/alrededor-de-25-personas-comparten-preocupaciones-y-propuestas-medioambientales-en-el-grupo-de-accion-climatica-del-ayuntamiento-de-pamplona\\\/#respond\"]}]},{\"@type\":\"WebPage\",\"@id\":\"https:\\\/\\\/www.laguiadepamplona.com\\\/actualidad\\\/alrededor-de-25-personas-comparten-preocupaciones-y-propuestas-medioambientales-en-el-grupo-de-accion-climatica-del-ayuntamiento-de-pamplona\\\/\",\"url\":\"https:\\\/\\\/www.laguiadepamplona.com\\\/actualidad\\\/alrededor-de-25-personas-comparten-preocupaciones-y-propuestas-medioambientales-en-el-grupo-de-accion-climatica-del-ayuntamiento-de-pamplona\\\/\",\"name\":\"Alrededor de 25 personas comparten preocupaciones y propuestas medioambientales en el Grupo de Acci\u00f3n Clim\u00e1tica del Ayuntamiento de Pamplona\",\"isPartOf\":{\"@id\":\"https:\\\/\\\/www.laguiadepamplona.com\\\/actualidad\\\/#website\"},\"primaryImageOfPage\":{\"@id\":\"https:\\\/\\\/www.laguiadepamplona.com\\\/actualidad\\\/alrededor-de-25-personas-comparten-preocupaciones-y-propuestas-medioambientales-en-el-grupo-de-accion-climatica-del-ayuntamiento-de-pamplona\\\/#primaryimage\"},\"image\":{\"@id\":\"https:\\\/\\\/www.laguiadepamplona.com\\\/actualidad\\\/alrededor-de-25-personas-comparten-preocupaciones-y-propuestas-medioambientales-en-el-grupo-de-accion-climatica-del-ayuntamiento-de-pamplona\\\/#primaryimage\"},\"thumbnailUrl\":\"https:\\\/\\\/www.laguiadepamplona.com\\\/actualidad\\\/wp-content\\\/uploads\\\/2023\\\/02\\\/huertocomunitariorochaee5a9531.webp\",\"datePublished\":\"2023-02-23T12:27:19+00:00\",\"dateModified\":\"2023-04-11T09:47:08+00:00\",\"description\":\"La iniciativa se organiza en torno a sesiones mensuales con el objetivo de contrarrestar el cambio clim\u00e1tico con acciones personales y colectivas\",\"breadcrumb\":{\"@id\":\"https:\\\/\\\/www.laguiadepamplona.com\\\/actualidad\\\/alrededor-de-25-personas-comparten-preocupaciones-y-propuestas-medioambientales-en-el-grupo-de-accion-climatica-del-ayuntamiento-de-pamplona\\\/#breadcrumb\"},\"inLanguage\":\"es\",\"potentialAction\":[{\"@type\":\"ReadAction\",\"target\":[\"https:\\\/\\\/www.laguiadepamplona.com\\\/actualidad\\\/alrededor-de-25-personas-comparten-preocupaciones-y-propuestas-medioambientales-en-el-grupo-de-accion-climatica-del-ayuntamiento-de-pamplona\\\/\"]}]},{\"@type\":\"ImageObject\",\"inLanguage\":\"es\",\"@id\":\"https:\\\/\\\/www.laguiadepamplona.com\\\/actualidad\\\/alrededor-de-25-personas-comparten-preocupaciones-y-propuestas-medioambientales-en-el-grupo-de-accion-climatica-del-ayuntamiento-de-pamplona\\\/#primaryimage\",\"url\":\"https:\\\/\\\/www.laguiadepamplona.com\\\/actualidad\\\/wp-content\\\/uploads\\\/2023\\\/02\\\/huertocomunitariorochaee5a9531.webp\",\"contentUrl\":\"https:\\\/\\\/www.laguiadepamplona.com\\\/actualidad\\\/wp-content\\\/uploads\\\/2023\\\/02\\\/huertocomunitariorochaee5a9531.webp\",\"width\":1920,\"height\":1280},{\"@type\":\"BreadcrumbList\",\"@id\":\"https:\\\/\\\/www.laguiadepamplona.com\\\/actualidad\\\/alrededor-de-25-personas-comparten-preocupaciones-y-propuestas-medioambientales-en-el-grupo-de-accion-climatica-del-ayuntamiento-de-pamplona\\\/#breadcrumb\",\"itemListElement\":[{\"@type\":\"ListItem\",\"position\":1,\"name\":\"Portada\",\"item\":\"https:\\\/\\\/www.laguiadepamplona.com\\\/actualidad\\\/\"},{\"@type\":\"ListItem\",\"position\":2,\"name\":\"Alrededor de 25 personas comparten preocupaciones y propuestas medioambientales en el Grupo de Acci\u00f3n Clim\u00e1tica del Ayuntamiento de Pamplona\"}]},{\"@type\":\"WebSite\",\"@id\":\"https:\\\/\\\/www.laguiadepamplona.com\\\/actualidad\\\/#website\",\"url\":\"https:\\\/\\\/www.laguiadepamplona.com\\\/actualidad\\\/\",\"name\":\"La gu\u00eda de Pamplona\",\"description\":\"Noticias de Pamplona\",\"publisher\":{\"@id\":\"https:\\\/\\\/www.laguiadepamplona.com\\\/actualidad\\\/#organization\"},\"potentialAction\":[{\"@type\":\"SearchAction\",\"target\":{\"@type\":\"EntryPoint\",\"urlTemplate\":\"https:\\\/\\\/www.laguiadepamplona.com\\\/actualidad\\\/?s={search_term_string}\"},\"query-input\":{\"@type\":\"PropertyValueSpecification\",\"valueRequired\":true,\"valueName\":\"search_term_string\"}}],\"inLanguage\":\"es\"},{\"@type\":\"Organization\",\"@id\":\"https:\\\/\\\/www.laguiadepamplona.com\\\/actualidad\\\/#organization\",\"name\":\"La Gu\u00eda de Pamplona \\\/ Noticias\",\"url\":\"https:\\\/\\\/www.laguiadepamplona.com\\\/actualidad\\\/\",\"logo\":{\"@type\":\"ImageObject\",\"inLanguage\":\"es\",\"@id\":\"https:\\\/\\\/www.laguiadepamplona.com\\\/actualidad\\\/#\\\/schema\\\/logo\\\/image\\\/\",\"url\":\"https:\\\/\\\/www.laguiadepamplona.com\\\/actualidad\\\/wp-content\\\/uploads\\\/2018\\\/11\\\/logo-laguiadepamplona18-web1.png\",\"contentUrl\":\"https:\\\/\\\/www.laguiadepamplona.com\\\/actualidad\\\/wp-content\\\/uploads\\\/2018\\\/11\\\/logo-laguiadepamplona18-web1.png\",\"width\":600,\"height\":196,\"caption\":\"La Gu\u00eda de Pamplona \\\/ Noticias\"},\"image\":{\"@id\":\"https:\\\/\\\/www.laguiadepamplona.com\\\/actualidad\\\/#\\\/schema\\\/logo\\\/image\\\/\"},\"sameAs\":[\"https:\\\/\\\/www.facebook.com\\\/laguiadepamplonacom-133175176762273\\\/?ref=hl\",\"https:\\\/\\\/x.com\\\/LaGuiadPamplona\",\"https:\\\/\\\/www.instagram.com\\\/la_guia_de_pamplona\\\/\",\"https:\\\/\\\/www.youtube.com\\\/user\\\/laguiadepamplona\"]},{\"@type\":\"Person\",\"@id\":\"https:\\\/\\\/www.laguiadepamplona.com\\\/actualidad\\\/#\\\/schema\\\/person\\\/efe887376f0213d4657c93adc50b1fdb\",\"name\":\"La Gu\u00eda de Pamplona\",\"image\":{\"@type\":\"ImageObject\",\"inLanguage\":\"es\",\"@id\":\"https:\\\/\\\/secure.gravatar.com\\\/avatar\\\/b6992f131dc8d30ab0dff15446e9d346d9dbd95992de0fef795073f5ea83a81c?s=96&d=mm&r=g\",\"url\":\"https:\\\/\\\/secure.gravatar.com\\\/avatar\\\/b6992f131dc8d30ab0dff15446e9d346d9dbd95992de0fef795073f5ea83a81c?s=96&d=mm&r=g\",\"contentUrl\":\"https:\\\/\\\/secure.gravatar.com\\\/avatar\\\/b6992f131dc8d30ab0dff15446e9d346d9dbd95992de0fef795073f5ea83a81c?s=96&d=mm&r=g\",\"caption\":\"La Gu\u00eda de Pamplona\"}}]}<\/script>\n<!-- \/ Yoast SEO plugin. -->","yoast_head_json":{"title":"Alrededor de 25 personas comparten preocupaciones y propuestas medioambientales en el Grupo de Acci\u00f3n Clim\u00e1tica del Ayuntamiento de Pamplona","description":"La iniciativa se organiza en torno a sesiones mensuales con el objetivo de contrarrestar el cambio clim\u00e1tico con acciones personales y colectivas","robots":{"index":"index","follow":"follow","max-snippet":"max-snippet:-1","max-image-preview":"max-image-preview:large","max-video-preview":"max-video-preview:-1"},"canonical":"https:\/\/www.laguiadepamplona.com\/actualidad\/alrededor-de-25-personas-comparten-preocupaciones-y-propuestas-medioambientales-en-el-grupo-de-accion-climatica-del-ayuntamiento-de-pamplona\/","og_locale":"es_ES","og_type":"article","og_title":"Alrededor de 25 personas comparten preocupaciones y propuestas medioambientales en el Grupo de Acci\u00f3n Clim\u00e1tica del Ayuntamiento de Pamplona","og_description":"La iniciativa se organiza en torno a sesiones mensuales con el objetivo de contrarrestar el cambio clim\u00e1tico con acciones personales y colectivas","og_url":"https:\/\/www.laguiadepamplona.com\/actualidad\/alrededor-de-25-personas-comparten-preocupaciones-y-propuestas-medioambientales-en-el-grupo-de-accion-climatica-del-ayuntamiento-de-pamplona\/","og_site_name":"La Gu\u00eda de Pamplona","article_publisher":"https:\/\/www.facebook.com\/laguiadepamplonacom-133175176762273\/?ref=hl","article_published_time":"2023-02-23T12:27:19+00:00","article_modified_time":"2023-04-11T09:47:08+00:00","og_image":[{"width":1920,"height":1280,"url":"https:\/\/www.laguiadepamplona.com\/actualidad\/wp-content\/uploads\/2023\/02\/huertocomunitariorochaee5a9531.webp","type":"image\/webp"}],"author":"La Gu\u00eda de Pamplona","twitter_card":"summary_large_image","twitter_creator":"@LaGuiadPamplona","twitter_site":"@LaGuiadPamplona","twitter_misc":{"Escrito por":"La Gu\u00eda de Pamplona","Tiempo de lectura":"3 minutos"},"schema":{"@context":"https:\/\/schema.org","@graph":[{"@type":"Article","@id":"https:\/\/www.laguiadepamplona.com\/actualidad\/alrededor-de-25-personas-comparten-preocupaciones-y-propuestas-medioambientales-en-el-grupo-de-accion-climatica-del-ayuntamiento-de-pamplona\/#article","isPartOf":{"@id":"https:\/\/www.laguiadepamplona.com\/actualidad\/alrededor-de-25-personas-comparten-preocupaciones-y-propuestas-medioambientales-en-el-grupo-de-accion-climatica-del-ayuntamiento-de-pamplona\/"},"author":{"name":"La Gu\u00eda de Pamplona","@id":"https:\/\/www.laguiadepamplona.com\/actualidad\/#\/schema\/person\/efe887376f0213d4657c93adc50b1fdb"},"headline":"Alrededor de 25 personas comparten preocupaciones y propuestas medioambientales en el Grupo de Acci\u00f3n Clim\u00e1tica del Ayuntamiento de Pamplona","datePublished":"2023-02-23T12:27:19+00:00","dateModified":"2023-04-11T09:47:08+00:00","mainEntityOfPage":{"@id":"https:\/\/www.laguiadepamplona.com\/actualidad\/alrededor-de-25-personas-comparten-preocupaciones-y-propuestas-medioambientales-en-el-grupo-de-accion-climatica-del-ayuntamiento-de-pamplona\/"},"wordCount":542,"commentCount":0,"publisher":{"@id":"https:\/\/www.laguiadepamplona.com\/actualidad\/#organization"},"image":{"@id":"https:\/\/www.laguiadepamplona.com\/actualidad\/alrededor-de-25-personas-comparten-preocupaciones-y-propuestas-medioambientales-en-el-grupo-de-accion-climatica-del-ayuntamiento-de-pamplona\/#primaryimage"},"thumbnailUrl":"https:\/\/www.laguiadepamplona.com\/actualidad\/wp-content\/uploads\/2023\/02\/huertocomunitariorochaee5a9531.webp","articleSection":["Ayto Pamplona"],"inLanguage":"es","potentialAction":[{"@type":"CommentAction","name":"Comment","target":["https:\/\/www.laguiadepamplona.com\/actualidad\/alrededor-de-25-personas-comparten-preocupaciones-y-propuestas-medioambientales-en-el-grupo-de-accion-climatica-del-ayuntamiento-de-pamplona\/#respond"]}]},{"@type":"WebPage","@id":"https:\/\/www.laguiadepamplona.com\/actualidad\/alrededor-de-25-personas-comparten-preocupaciones-y-propuestas-medioambientales-en-el-grupo-de-accion-climatica-del-ayuntamiento-de-pamplona\/","url":"https:\/\/www.laguiadepamplona.com\/actualidad\/alrededor-de-25-personas-comparten-preocupaciones-y-propuestas-medioambientales-en-el-grupo-de-accion-climatica-del-ayuntamiento-de-pamplona\/","name":"Alrededor de 25 personas comparten preocupaciones y propuestas medioambientales en el Grupo de Acci\u00f3n Clim\u00e1tica del Ayuntamiento de Pamplona","isPartOf":{"@id":"https:\/\/www.laguiadepamplona.com\/actualidad\/#website"},"primaryImageOfPage":{"@id":"https:\/\/www.laguiadepamplona.com\/actualidad\/alrededor-de-25-personas-comparten-preocupaciones-y-propuestas-medioambientales-en-el-grupo-de-accion-climatica-del-ayuntamiento-de-pamplona\/#primaryimage"},"image":{"@id":"https:\/\/www.laguiadepamplona.com\/actualidad\/alrededor-de-25-personas-comparten-preocupaciones-y-propuestas-medioambientales-en-el-grupo-de-accion-climatica-del-ayuntamiento-de-pamplona\/#primaryimage"},"thumbnailUrl":"https:\/\/www.laguiadepamplona.com\/actualidad\/wp-content\/uploads\/2023\/02\/huertocomunitariorochaee5a9531.webp","datePublished":"2023-02-23T12:27:19+00:00","dateModified":"2023-04-11T09:47:08+00:00","description":"La iniciativa se organiza en torno a sesiones mensuales con el objetivo de contrarrestar el cambio clim\u00e1tico con acciones personales y colectivas","breadcrumb":{"@id":"https:\/\/www.laguiadepamplona.com\/actualidad\/alrededor-de-25-personas-comparten-preocupaciones-y-propuestas-medioambientales-en-el-grupo-de-accion-climatica-del-ayuntamiento-de-pamplona\/#breadcrumb"},"inLanguage":"es","potentialAction":[{"@type":"ReadAction","target":["https:\/\/www.laguiadepamplona.com\/actualidad\/alrededor-de-25-personas-comparten-preocupaciones-y-propuestas-medioambientales-en-el-grupo-de-accion-climatica-del-ayuntamiento-de-pamplona\/"]}]},{"@type":"ImageObject","inLanguage":"es","@id":"https:\/\/www.laguiadepamplona.com\/actualidad\/alrededor-de-25-personas-comparten-preocupaciones-y-propuestas-medioambientales-en-el-grupo-de-accion-climatica-del-ayuntamiento-de-pamplona\/#primaryimage","url":"https:\/\/www.laguiadepamplona.com\/actualidad\/wp-content\/uploads\/2023\/02\/huertocomunitariorochaee5a9531.webp","contentUrl":"https:\/\/www.laguiadepamplona.com\/actualidad\/wp-content\/uploads\/2023\/02\/huertocomunitariorochaee5a9531.webp","width":1920,"height":1280},{"@type":"BreadcrumbList","@id":"https:\/\/www.laguiadepamplona.com\/actualidad\/alrededor-de-25-personas-comparten-preocupaciones-y-propuestas-medioambientales-en-el-grupo-de-accion-climatica-del-ayuntamiento-de-pamplona\/#breadcrumb","itemListElement":[{"@type":"ListItem","position":1,"name":"Portada","item":"https:\/\/www.laguiadepamplona.com\/actualidad\/"},{"@type":"ListItem","position":2,"name":"Alrededor de 25 personas comparten preocupaciones y propuestas medioambientales en el Grupo de Acci\u00f3n Clim\u00e1tica del Ayuntamiento de Pamplona"}]},{"@type":"WebSite","@id":"https:\/\/www.laguiadepamplona.com\/actualidad\/#website","url":"https:\/\/www.laguiadepamplona.com\/actualidad\/","name":"La gu\u00eda de Pamplona","description":"Noticias de Pamplona","publisher":{"@id":"https:\/\/www.laguiadepamplona.com\/actualidad\/#organization"},"potentialAction":[{"@type":"SearchAction","target":{"@type":"EntryPoint","urlTemplate":"https:\/\/www.laguiadepamplona.com\/actualidad\/?s={search_term_string}"},"query-input":{"@type":"PropertyValueSpecification","valueRequired":true,"valueName":"search_term_string"}}],"inLanguage":"es"},{"@type":"Organization","@id":"https:\/\/www.laguiadepamplona.com\/actualidad\/#organization","name":"La Gu\u00eda de Pamplona \/ Noticias","url":"https:\/\/www.laguiadepamplona.com\/actualidad\/","logo":{"@type":"ImageObject","inLanguage":"es","@id":"https:\/\/www.laguiadepamplona.com\/actualidad\/#\/schema\/logo\/image\/","url":"https:\/\/www.laguiadepamplona.com\/actualidad\/wp-content\/uploads\/2018\/11\/logo-laguiadepamplona18-web1.png","contentUrl":"https:\/\/www.laguiadepamplona.com\/actualidad\/wp-content\/uploads\/2018\/11\/logo-laguiadepamplona18-web1.png","width":600,"height":196,"caption":"La Gu\u00eda de Pamplona \/ Noticias"},"image":{"@id":"https:\/\/www.laguiadepamplona.com\/actualidad\/#\/schema\/logo\/image\/"},"sameAs":["https:\/\/www.facebook.com\/laguiadepamplonacom-133175176762273\/?ref=hl","https:\/\/x.com\/LaGuiadPamplona","https:\/\/www.instagram.com\/la_guia_de_pamplona\/","https:\/\/www.youtube.com\/user\/laguiadepamplona"]},{"@type":"Person","@id":"https:\/\/www.laguiadepamplona.com\/actualidad\/#\/schema\/person\/efe887376f0213d4657c93adc50b1fdb","name":"La Gu\u00eda de Pamplona","image":{"@type":"ImageObject","inLanguage":"es","@id":"https:\/\/secure.gravatar.com\/avatar\/b6992f131dc8d30ab0dff15446e9d346d9dbd95992de0fef795073f5ea83a81c?s=96&d=mm&r=g","url":"https:\/\/secure.gravatar.com\/avatar\/b6992f131dc8d30ab0dff15446e9d346d9dbd95992de0fef795073f5ea83a81c?s=96&d=mm&r=g","contentUrl":"https:\/\/secure.gravatar.com\/avatar\/b6992f131dc8d30ab0dff15446e9d346d9dbd95992de0fef795073f5ea83a81c?s=96&d=mm&r=g","caption":"La Gu\u00eda de Pamplona"}}]}},"post_mailing_queue_ids":[],"_links":{"self":[{"href":"https:\/\/www.laguiadepamplona.com\/actualidad\/wp-json\/wp\/v2\/posts\/42974","targetHints":{"allow":["GET"]}}],"collection":[{"href":"https:\/\/www.laguiadepamplona.com\/actualidad\/wp-json\/wp\/v2\/posts"}],"about":[{"href":"https:\/\/www.laguiadepamplona.com\/actualidad\/wp-json\/wp\/v2\/types\/post"}],"author":[{"embeddable":true,"href":"https:\/\/www.laguiadepamplona.com\/actualidad\/wp-json\/wp\/v2\/users\/1"}],"replies":[{"embeddable":true,"href":"https:\/\/www.laguiadepamplona.com\/actualidad\/wp-json\/wp\/v2\/comments?post=42974"}],"version-history":[{"count":0,"href":"https:\/\/www.laguiadepamplona.com\/actualidad\/wp-json\/wp\/v2\/posts\/42974\/revisions"}],"wp:featuredmedia":[{"embeddable":true,"href":"https:\/\/www.laguiadepamplona.com\/actualidad\/wp-json\/wp\/v2\/media\/42975"}],"wp:attachment":[{"href":"https:\/\/www.laguiadepamplona.com\/actualidad\/wp-json\/wp\/v2\/media?parent=42974"}],"wp:term":[{"taxonomy":"category","embeddable":true,"href":"https:\/\/www.laguiadepamplona.com\/actualidad\/wp-json\/wp\/v2\/categories?post=42974"},{"taxonomy":"post_tag","embeddable":true,"href":"https:\/\/www.laguiadepamplona.com\/actualidad\/wp-json\/wp\/v2\/tags?post=42974"}],"curies":[{"name":"wp","href":"https:\/\/api.w.org\/{rel}","templated":true}]}}