{"id":42962,"date":"2023-02-22T19:44:57","date_gmt":"2023-02-22T17:44:57","guid":{"rendered":"https:\/\/www.laguiadepamplona.com\/actualidad\/?p=42962"},"modified":"2023-04-11T11:47:09","modified_gmt":"2023-04-11T09:47:09","slug":"presentada-una-nueva-edicion-del-proyecto-planeta-dantzan-que-lleva-a-las-aulas-la-sensibilizacion-frente-al-cambio-climatico-a-traves-del-ballet-y-la-expresion-corporal","status":"publish","type":"post","link":"https:\/\/www.laguiadepamplona.com\/actualidad\/presentada-una-nueva-edicion-del-proyecto-planeta-dantzan-que-lleva-a-las-aulas-la-sensibilizacion-frente-al-cambio-climatico-a-traves-del-ballet-y-la-expresion-corporal\/","title":{"rendered":"Presentada una nueva edici\u00f3n del proyecto \u2018Planeta Dantzan\u2019, que lleva a las aulas la sensibilizaci\u00f3n frente al cambio clim\u00e1tico a trav\u00e9s del ballet y la expresi\u00f3n corporal"},"content":{"rendered":"<h5>El Ayuntamiento de Pamplona ha renovado su compromiso con este programa transfronterizo en el que participan m\u00e1s de mil estudiantes<\/h5>\n<p><!--more--><\/p>\n<p>El Ayuntamiento de Pamplona participa tambi\u00e9n este curso en el proyecto transfronterizo \u2018Planeta Dantzan\u2019. Este proyecto ha iniciado su andadura con la firma de un convenio de colaboraci\u00f3n en San Sebasti\u00e1n entre todas las instituciones participantes. El concejal delegado de Educaci\u00f3n, Participaci\u00f3n Ciudadana y Juventud, Fernando Sesma, la directora de la Eurorregi\u00f3n Nueva Aquitania-Euskadi-Navarra, Arola Urdangarin, el director del Malandain Ballet Biarritz, Yves Kordian, y la concejala de Ecolog\u00eda del ayuntamiento de San Sebasti\u00e1n y vicepresidenta de Fundaci\u00f3n Cristina Enea, Marisol Garmendia, han rubricado el compromiso en un proyecto que a\u00fana sensibilizaci\u00f3n frente al cambio clim\u00e1tica y ballet.<\/p>\n<p>Al igual que en ediciones anteriores, el proyecto Planeta Dantzan girar\u00e1 en torno a una obra coreogr\u00e1fica, a trav\u00e9s de la cual se tratar\u00e1 de fomentar entre el alumnado participante la concienciaci\u00f3n y sensibilizaci\u00f3n ambiental. Adem\u00e1s del gusto e inter\u00e9s por la danza, el ballet y la expresi\u00f3n corporal, en este curso se trabajar\u00e1n m\u00e1s intensamente las relaciones transfronterizas entre el alumnado, una vez superadas las restricciones sanitarias derivadas de la COVID-19. La obra seleccionada por el Malandain Ballet para este curso es \u2018No\u00e9\u2019, creada por Thierry Malandain, con m\u00fasica de Gioacchino Rossini, que se representar\u00e1 tanto en el Teatro Victoria Eugenia de San Sebasti\u00e1n como en la Gare du Midi de Biarritz.<br \/>\n<script async src=\"\/\/pagead2.googlesyndication.com\/pagead\/js\/adsbygoogle.js\"><\/script><br \/>\n<!-- Noticias La Guia de Pamplona --><br \/>\n<ins class=\"adsbygoogle\"\nstyle=\"display:block\"\ndata-ad-client=\"ca-pub-6943679897239327\"\ndata-ad-slot=\"7048180777\"\ndata-ad-format=\"auto\"><\/ins><br \/>\n<script>\n(adsbygoogle = window.adsbygoogle || []).push({});\n<\/script><\/p>\n<p>Planeta Dantzan es un proyecto pionero e innovador para la sensibilizaci\u00f3n de la poblaci\u00f3n escolar en el conocimiento y protecci\u00f3n del medio ambiente y la sensibilizaci\u00f3n frente al cambio clim\u00e1tico, en el que se comparten conocimientos cient\u00edficos y art\u00edsticos, conectando lo racional y lo emocional. En el proyecto participan casi una cincuentena de grupos de los tres territorios, a los que se impartir\u00e1n talleres pedag\u00f3gicos, desarrollando sus propios contenidos sensibilizadores y fomentando el intercambio cultural transfronterizo, a trav\u00e9s de la asistencia a la representaci\u00f3n de la obra \u2018No\u00e9\u2019 y a las actividades que en torno a ella se organizar\u00e1n.<\/p>\n<p>El proyecto est\u00e1 financiado por la Eurorregi\u00f3n Nueva Aquitania-Euskadi-Navarra, por la Fondation d\u2019Ici-Tokiko y por los Friends de la Fondation de France, y coordinado por el Equipo de Educaci\u00f3n Ambiental del Ayuntamiento de Pamplona, la Fundaci\u00f3n Cristina Enea (Gipuzkoa) y el Malandain Ballet Biarritz (Nueva Aquitania). Durante el curso 202 &#8211; 2023 participan m\u00e1s de 1.100 alumnos y alumnas de los tres territorios que conforman la Eurorregi\u00f3n.<br \/>\n<script async src=\"\/\/pagead2.googlesyndication.com\/pagead\/js\/adsbygoogle.js\"><\/script><br \/>\n<!-- Noticias La Guia de Pamplona --><br \/>\n<ins class=\"adsbygoogle\"\nstyle=\"display:block\"\ndata-ad-client=\"ca-pub-6943679897239327\"\ndata-ad-slot=\"7048180777\"\ndata-ad-format=\"auto\"><\/ins><br \/>\n<script>\n(adsbygoogle = window.adsbygoogle || []).push({});\n<\/script><\/p>\n<p><strong>Cronolog\u00eda del proyecto<\/strong><\/p>\n<p>Planeta Dantzan se desarrolla durante todo el curso con una cronolog\u00eda dividida en cuatro fases. La primera de ellas hace referencia a las sesiones pedag\u00f3gicas de contextualizaci\u00f3n a trav\u00e9s de talleres dirigidos por una persona educadora ambiental y una artista del Malandain Ballet Biarritz. En ellos, se invitar\u00e1 al alumnado a reflexionar sobre los efectos que ya sentimos del cambio clim\u00e1tico y el desaf\u00edo que supone la alteraci\u00f3n del clima y la subida del nivel del mar. Esta sesi\u00f3n se llevar\u00e1 a cabo en cada centro escolar que participa en el proyecto, e ir\u00e1 acompa\u00f1ada por un primer contacto con la danza y la expresi\u00f3n corporal.<\/p>\n<p>En la segunda fase, una artista coreogr\u00e1fica del Malandain Ballet Biarritz volver\u00e1 a los centros escolares para hacer descubrir al alumnado el universo que Thierry Malandain ha creado en torno al relato b\u00edblico de No\u00e9, pero actualizado desde un punto de vista de denuncia ambiental y de sensibilizaci\u00f3n frente a la amenaza clim\u00e1tica. El alumnado trabajar\u00e1 en esta sesi\u00f3n coreogr\u00e1fica diferentes pasajes y movimientos de la obra para vivirla con su propio cuerpo. El material did\u00e1ctico complementario se pondr\u00e1 a disposici\u00f3n del alumnado en la tercera fase, tanto en formato digital como en una carpeta de recursos educativos. Estos materiales cuentan con informaci\u00f3n complementaria, propuestas de actividades did\u00e1cticas online dise\u00f1adas y elementos para la inserci\u00f3n curricular de temas ambientales.<br \/>\n<script async src=\"\/\/pagead2.googlesyndication.com\/pagead\/js\/adsbygoogle.js\"><\/script><br \/>\n<!-- Noticias La Guia de Pamplona --><br \/>\n<ins class=\"adsbygoogle\"\nstyle=\"display:block\"\ndata-ad-client=\"ca-pub-6943679897239327\"\ndata-ad-slot=\"7048180777\"\ndata-ad-format=\"auto\"><\/ins><br \/>\n<script>\n(adsbygoogle = window.adsbygoogle || []).push({});\n<\/script><\/p>\n<p>Por \u00faltimo, se llevar\u00e1n a cabo el encuentro con la obra y con las actividades de intercambios transfronterizos. A los pases especiales de la obra \u2018No\u00e9\u2019 en el Teatro Victoria Eugenia de San Sebasti\u00e1n y la Gare du Midi de Biarritz, acudir\u00e1n cerca de un millar de escolares de Nueva Aquitania, Pa\u00eds Vasco y Navarra. Adem\u00e1s de poder disfrutar de la propia obra, tendr\u00e1n la oportunidad de charlar con el elenco de bailarines del Malandain Ballet de Biarritz y con el propio core\u00f3grafo Thierry Malandain. Aprovechando la coincidencia geogr\u00e1fica del alumnado, se han dise\u00f1ado diferentes actividades culturales en las que se favorecer\u00e1 el intercambio cultural. Estas acciones, involucrar\u00e1n la danza conjunta de diferentes grupos, la muestra y exposici\u00f3n de trabajos realizados por cada centro o visitas guiadas por los centros locales.<\/p>\n","protected":false},"excerpt":{"rendered":"<p>El Ayuntamiento de Pamplona ha renovado su compromiso con este programa transfronterizo en el que participan m\u00e1s de mil estudiantes<\/p>\n","protected":false},"author":1,"featured_media":42963,"comment_status":"open","ping_status":"closed","sticky":false,"template":"","format":"standard","meta":{"footnotes":""},"categories":[2],"tags":[],"class_list":["post-42962","post","type-post","status-publish","format-standard","has-post-thumbnail","hentry","category-ayuntamiento-pamplona"],"yoast_head":"<!-- This site is optimized with the Yoast SEO plugin v27.5 - https:\/\/yoast.com\/product\/yoast-seo-wordpress\/ -->\n<title>Presentada una nueva edici\u00f3n del proyecto \u2018Planeta Dantzan\u2019, que lleva a las aulas la sensibilizaci\u00f3n frente al cambio clim\u00e1tico a trav\u00e9s del ballet y la expresi\u00f3n corporal<\/title>\n<meta name=\"description\" content=\"El Ayuntamiento de Pamplona ha renovado su compromiso con este programa transfronterizo en el que participan m\u00e1s de mil estudiantes\" \/>\n<meta name=\"robots\" content=\"index, follow, max-snippet:-1, max-image-preview:large, max-video-preview:-1\" \/>\n<link rel=\"canonical\" href=\"https:\/\/www.laguiadepamplona.com\/actualidad\/presentada-una-nueva-edicion-del-proyecto-planeta-dantzan-que-lleva-a-las-aulas-la-sensibilizacion-frente-al-cambio-climatico-a-traves-del-ballet-y-la-expresion-corporal\/\" \/>\n<meta property=\"og:locale\" content=\"es_ES\" \/>\n<meta property=\"og:type\" content=\"article\" \/>\n<meta property=\"og:title\" content=\"Presentada una nueva edici\u00f3n del proyecto \u2018Planeta Dantzan\u2019, que lleva a las aulas la sensibilizaci\u00f3n frente al cambio clim\u00e1tico a trav\u00e9s del ballet y la expresi\u00f3n corporal\" \/>\n<meta property=\"og:description\" content=\"El Ayuntamiento de Pamplona ha renovado su compromiso con este programa transfronterizo en el que participan m\u00e1s de mil estudiantes\" \/>\n<meta property=\"og:url\" content=\"https:\/\/www.laguiadepamplona.com\/actualidad\/presentada-una-nueva-edicion-del-proyecto-planeta-dantzan-que-lleva-a-las-aulas-la-sensibilizacion-frente-al-cambio-climatico-a-traves-del-ballet-y-la-expresion-corporal\/\" \/>\n<meta property=\"og:site_name\" content=\"La Gu\u00eda de Pamplona\" \/>\n<meta property=\"article:publisher\" content=\"https:\/\/www.facebook.com\/laguiadepamplonacom-133175176762273\/?ref=hl\" \/>\n<meta property=\"article:published_time\" content=\"2023-02-22T17:44:57+00:00\" \/>\n<meta property=\"article:modified_time\" content=\"2023-04-11T09:47:09+00:00\" \/>\n<meta property=\"og:image\" content=\"https:\/\/www.laguiadepamplona.com\/actualidad\/wp-content\/uploads\/2023\/02\/firma-planeta-dantza.webp\" \/>\n\t<meta property=\"og:image:width\" content=\"1920\" \/>\n\t<meta property=\"og:image:height\" content=\"1275\" \/>\n\t<meta property=\"og:image:type\" content=\"image\/webp\" \/>\n<meta name=\"author\" content=\"La Gu\u00eda de Pamplona\" \/>\n<meta name=\"twitter:card\" content=\"summary_large_image\" \/>\n<meta name=\"twitter:creator\" content=\"@LaGuiadPamplona\" \/>\n<meta name=\"twitter:site\" content=\"@LaGuiadPamplona\" \/>\n<meta name=\"twitter:label1\" content=\"Escrito por\" \/>\n\t<meta name=\"twitter:data1\" content=\"La Gu\u00eda de Pamplona\" \/>\n\t<meta name=\"twitter:label2\" content=\"Tiempo de lectura\" \/>\n\t<meta name=\"twitter:data2\" content=\"4 minutos\" \/>\n<script type=\"application\/ld+json\" class=\"yoast-schema-graph\">{\"@context\":\"https:\\\/\\\/schema.org\",\"@graph\":[{\"@type\":\"Article\",\"@id\":\"https:\\\/\\\/www.laguiadepamplona.com\\\/actualidad\\\/presentada-una-nueva-edicion-del-proyecto-planeta-dantzan-que-lleva-a-las-aulas-la-sensibilizacion-frente-al-cambio-climatico-a-traves-del-ballet-y-la-expresion-corporal\\\/#article\",\"isPartOf\":{\"@id\":\"https:\\\/\\\/www.laguiadepamplona.com\\\/actualidad\\\/presentada-una-nueva-edicion-del-proyecto-planeta-dantzan-que-lleva-a-las-aulas-la-sensibilizacion-frente-al-cambio-climatico-a-traves-del-ballet-y-la-expresion-corporal\\\/\"},\"author\":{\"name\":\"La Gu\u00eda de Pamplona\",\"@id\":\"https:\\\/\\\/www.laguiadepamplona.com\\\/actualidad\\\/#\\\/schema\\\/person\\\/efe887376f0213d4657c93adc50b1fdb\"},\"headline\":\"Presentada una nueva edici\u00f3n del proyecto \u2018Planeta Dantzan\u2019, que lleva a las aulas la sensibilizaci\u00f3n frente al cambio clim\u00e1tico a trav\u00e9s del ballet y la expresi\u00f3n corporal\",\"datePublished\":\"2023-02-22T17:44:57+00:00\",\"dateModified\":\"2023-04-11T09:47:09+00:00\",\"mainEntityOfPage\":{\"@id\":\"https:\\\/\\\/www.laguiadepamplona.com\\\/actualidad\\\/presentada-una-nueva-edicion-del-proyecto-planeta-dantzan-que-lleva-a-las-aulas-la-sensibilizacion-frente-al-cambio-climatico-a-traves-del-ballet-y-la-expresion-corporal\\\/\"},\"wordCount\":861,\"commentCount\":0,\"publisher\":{\"@id\":\"https:\\\/\\\/www.laguiadepamplona.com\\\/actualidad\\\/#organization\"},\"image\":{\"@id\":\"https:\\\/\\\/www.laguiadepamplona.com\\\/actualidad\\\/presentada-una-nueva-edicion-del-proyecto-planeta-dantzan-que-lleva-a-las-aulas-la-sensibilizacion-frente-al-cambio-climatico-a-traves-del-ballet-y-la-expresion-corporal\\\/#primaryimage\"},\"thumbnailUrl\":\"https:\\\/\\\/www.laguiadepamplona.com\\\/actualidad\\\/wp-content\\\/uploads\\\/2023\\\/02\\\/firma-planeta-dantza.webp\",\"articleSection\":[\"Ayto Pamplona\"],\"inLanguage\":\"es\",\"potentialAction\":[{\"@type\":\"CommentAction\",\"name\":\"Comment\",\"target\":[\"https:\\\/\\\/www.laguiadepamplona.com\\\/actualidad\\\/presentada-una-nueva-edicion-del-proyecto-planeta-dantzan-que-lleva-a-las-aulas-la-sensibilizacion-frente-al-cambio-climatico-a-traves-del-ballet-y-la-expresion-corporal\\\/#respond\"]}]},{\"@type\":\"WebPage\",\"@id\":\"https:\\\/\\\/www.laguiadepamplona.com\\\/actualidad\\\/presentada-una-nueva-edicion-del-proyecto-planeta-dantzan-que-lleva-a-las-aulas-la-sensibilizacion-frente-al-cambio-climatico-a-traves-del-ballet-y-la-expresion-corporal\\\/\",\"url\":\"https:\\\/\\\/www.laguiadepamplona.com\\\/actualidad\\\/presentada-una-nueva-edicion-del-proyecto-planeta-dantzan-que-lleva-a-las-aulas-la-sensibilizacion-frente-al-cambio-climatico-a-traves-del-ballet-y-la-expresion-corporal\\\/\",\"name\":\"Presentada una nueva edici\u00f3n del proyecto \u2018Planeta Dantzan\u2019, que lleva a las aulas la sensibilizaci\u00f3n frente al cambio clim\u00e1tico a trav\u00e9s del ballet y la expresi\u00f3n corporal\",\"isPartOf\":{\"@id\":\"https:\\\/\\\/www.laguiadepamplona.com\\\/actualidad\\\/#website\"},\"primaryImageOfPage\":{\"@id\":\"https:\\\/\\\/www.laguiadepamplona.com\\\/actualidad\\\/presentada-una-nueva-edicion-del-proyecto-planeta-dantzan-que-lleva-a-las-aulas-la-sensibilizacion-frente-al-cambio-climatico-a-traves-del-ballet-y-la-expresion-corporal\\\/#primaryimage\"},\"image\":{\"@id\":\"https:\\\/\\\/www.laguiadepamplona.com\\\/actualidad\\\/presentada-una-nueva-edicion-del-proyecto-planeta-dantzan-que-lleva-a-las-aulas-la-sensibilizacion-frente-al-cambio-climatico-a-traves-del-ballet-y-la-expresion-corporal\\\/#primaryimage\"},\"thumbnailUrl\":\"https:\\\/\\\/www.laguiadepamplona.com\\\/actualidad\\\/wp-content\\\/uploads\\\/2023\\\/02\\\/firma-planeta-dantza.webp\",\"datePublished\":\"2023-02-22T17:44:57+00:00\",\"dateModified\":\"2023-04-11T09:47:09+00:00\",\"description\":\"El Ayuntamiento de Pamplona ha renovado su compromiso con este programa transfronterizo en el que participan m\u00e1s de mil estudiantes\",\"breadcrumb\":{\"@id\":\"https:\\\/\\\/www.laguiadepamplona.com\\\/actualidad\\\/presentada-una-nueva-edicion-del-proyecto-planeta-dantzan-que-lleva-a-las-aulas-la-sensibilizacion-frente-al-cambio-climatico-a-traves-del-ballet-y-la-expresion-corporal\\\/#breadcrumb\"},\"inLanguage\":\"es\",\"potentialAction\":[{\"@type\":\"ReadAction\",\"target\":[\"https:\\\/\\\/www.laguiadepamplona.com\\\/actualidad\\\/presentada-una-nueva-edicion-del-proyecto-planeta-dantzan-que-lleva-a-las-aulas-la-sensibilizacion-frente-al-cambio-climatico-a-traves-del-ballet-y-la-expresion-corporal\\\/\"]}]},{\"@type\":\"ImageObject\",\"inLanguage\":\"es\",\"@id\":\"https:\\\/\\\/www.laguiadepamplona.com\\\/actualidad\\\/presentada-una-nueva-edicion-del-proyecto-planeta-dantzan-que-lleva-a-las-aulas-la-sensibilizacion-frente-al-cambio-climatico-a-traves-del-ballet-y-la-expresion-corporal\\\/#primaryimage\",\"url\":\"https:\\\/\\\/www.laguiadepamplona.com\\\/actualidad\\\/wp-content\\\/uploads\\\/2023\\\/02\\\/firma-planeta-dantza.webp\",\"contentUrl\":\"https:\\\/\\\/www.laguiadepamplona.com\\\/actualidad\\\/wp-content\\\/uploads\\\/2023\\\/02\\\/firma-planeta-dantza.webp\",\"width\":1920,\"height\":1275},{\"@type\":\"BreadcrumbList\",\"@id\":\"https:\\\/\\\/www.laguiadepamplona.com\\\/actualidad\\\/presentada-una-nueva-edicion-del-proyecto-planeta-dantzan-que-lleva-a-las-aulas-la-sensibilizacion-frente-al-cambio-climatico-a-traves-del-ballet-y-la-expresion-corporal\\\/#breadcrumb\",\"itemListElement\":[{\"@type\":\"ListItem\",\"position\":1,\"name\":\"Portada\",\"item\":\"https:\\\/\\\/www.laguiadepamplona.com\\\/actualidad\\\/\"},{\"@type\":\"ListItem\",\"position\":2,\"name\":\"Presentada una nueva edici\u00f3n del proyecto \u2018Planeta Dantzan\u2019, que lleva a las aulas la sensibilizaci\u00f3n frente al cambio clim\u00e1tico a trav\u00e9s del ballet y la expresi\u00f3n corporal\"}]},{\"@type\":\"WebSite\",\"@id\":\"https:\\\/\\\/www.laguiadepamplona.com\\\/actualidad\\\/#website\",\"url\":\"https:\\\/\\\/www.laguiadepamplona.com\\\/actualidad\\\/\",\"name\":\"La gu\u00eda de Pamplona\",\"description\":\"Noticias de Pamplona\",\"publisher\":{\"@id\":\"https:\\\/\\\/www.laguiadepamplona.com\\\/actualidad\\\/#organization\"},\"potentialAction\":[{\"@type\":\"SearchAction\",\"target\":{\"@type\":\"EntryPoint\",\"urlTemplate\":\"https:\\\/\\\/www.laguiadepamplona.com\\\/actualidad\\\/?s={search_term_string}\"},\"query-input\":{\"@type\":\"PropertyValueSpecification\",\"valueRequired\":true,\"valueName\":\"search_term_string\"}}],\"inLanguage\":\"es\"},{\"@type\":\"Organization\",\"@id\":\"https:\\\/\\\/www.laguiadepamplona.com\\\/actualidad\\\/#organization\",\"name\":\"La Gu\u00eda de Pamplona \\\/ Noticias\",\"url\":\"https:\\\/\\\/www.laguiadepamplona.com\\\/actualidad\\\/\",\"logo\":{\"@type\":\"ImageObject\",\"inLanguage\":\"es\",\"@id\":\"https:\\\/\\\/www.laguiadepamplona.com\\\/actualidad\\\/#\\\/schema\\\/logo\\\/image\\\/\",\"url\":\"https:\\\/\\\/www.laguiadepamplona.com\\\/actualidad\\\/wp-content\\\/uploads\\\/2018\\\/11\\\/logo-laguiadepamplona18-web1.png\",\"contentUrl\":\"https:\\\/\\\/www.laguiadepamplona.com\\\/actualidad\\\/wp-content\\\/uploads\\\/2018\\\/11\\\/logo-laguiadepamplona18-web1.png\",\"width\":600,\"height\":196,\"caption\":\"La Gu\u00eda de Pamplona \\\/ Noticias\"},\"image\":{\"@id\":\"https:\\\/\\\/www.laguiadepamplona.com\\\/actualidad\\\/#\\\/schema\\\/logo\\\/image\\\/\"},\"sameAs\":[\"https:\\\/\\\/www.facebook.com\\\/laguiadepamplonacom-133175176762273\\\/?ref=hl\",\"https:\\\/\\\/x.com\\\/LaGuiadPamplona\",\"https:\\\/\\\/www.instagram.com\\\/la_guia_de_pamplona\\\/\",\"https:\\\/\\\/www.youtube.com\\\/user\\\/laguiadepamplona\"]},{\"@type\":\"Person\",\"@id\":\"https:\\\/\\\/www.laguiadepamplona.com\\\/actualidad\\\/#\\\/schema\\\/person\\\/efe887376f0213d4657c93adc50b1fdb\",\"name\":\"La Gu\u00eda de Pamplona\",\"image\":{\"@type\":\"ImageObject\",\"inLanguage\":\"es\",\"@id\":\"https:\\\/\\\/secure.gravatar.com\\\/avatar\\\/b6992f131dc8d30ab0dff15446e9d346d9dbd95992de0fef795073f5ea83a81c?s=96&d=mm&r=g\",\"url\":\"https:\\\/\\\/secure.gravatar.com\\\/avatar\\\/b6992f131dc8d30ab0dff15446e9d346d9dbd95992de0fef795073f5ea83a81c?s=96&d=mm&r=g\",\"contentUrl\":\"https:\\\/\\\/secure.gravatar.com\\\/avatar\\\/b6992f131dc8d30ab0dff15446e9d346d9dbd95992de0fef795073f5ea83a81c?s=96&d=mm&r=g\",\"caption\":\"La Gu\u00eda de Pamplona\"}}]}<\/script>\n<!-- \/ Yoast SEO plugin. -->","yoast_head_json":{"title":"Presentada una nueva edici\u00f3n del proyecto \u2018Planeta Dantzan\u2019, que lleva a las aulas la sensibilizaci\u00f3n frente al cambio clim\u00e1tico a trav\u00e9s del ballet y la expresi\u00f3n corporal","description":"El Ayuntamiento de Pamplona ha renovado su compromiso con este programa transfronterizo en el que participan m\u00e1s de mil estudiantes","robots":{"index":"index","follow":"follow","max-snippet":"max-snippet:-1","max-image-preview":"max-image-preview:large","max-video-preview":"max-video-preview:-1"},"canonical":"https:\/\/www.laguiadepamplona.com\/actualidad\/presentada-una-nueva-edicion-del-proyecto-planeta-dantzan-que-lleva-a-las-aulas-la-sensibilizacion-frente-al-cambio-climatico-a-traves-del-ballet-y-la-expresion-corporal\/","og_locale":"es_ES","og_type":"article","og_title":"Presentada una nueva edici\u00f3n del proyecto \u2018Planeta Dantzan\u2019, que lleva a las aulas la sensibilizaci\u00f3n frente al cambio clim\u00e1tico a trav\u00e9s del ballet y la expresi\u00f3n corporal","og_description":"El Ayuntamiento de Pamplona ha renovado su compromiso con este programa transfronterizo en el que participan m\u00e1s de mil estudiantes","og_url":"https:\/\/www.laguiadepamplona.com\/actualidad\/presentada-una-nueva-edicion-del-proyecto-planeta-dantzan-que-lleva-a-las-aulas-la-sensibilizacion-frente-al-cambio-climatico-a-traves-del-ballet-y-la-expresion-corporal\/","og_site_name":"La Gu\u00eda de Pamplona","article_publisher":"https:\/\/www.facebook.com\/laguiadepamplonacom-133175176762273\/?ref=hl","article_published_time":"2023-02-22T17:44:57+00:00","article_modified_time":"2023-04-11T09:47:09+00:00","og_image":[{"width":1920,"height":1275,"url":"https:\/\/www.laguiadepamplona.com\/actualidad\/wp-content\/uploads\/2023\/02\/firma-planeta-dantza.webp","type":"image\/webp"}],"author":"La Gu\u00eda de Pamplona","twitter_card":"summary_large_image","twitter_creator":"@LaGuiadPamplona","twitter_site":"@LaGuiadPamplona","twitter_misc":{"Escrito por":"La Gu\u00eda de Pamplona","Tiempo de lectura":"4 minutos"},"schema":{"@context":"https:\/\/schema.org","@graph":[{"@type":"Article","@id":"https:\/\/www.laguiadepamplona.com\/actualidad\/presentada-una-nueva-edicion-del-proyecto-planeta-dantzan-que-lleva-a-las-aulas-la-sensibilizacion-frente-al-cambio-climatico-a-traves-del-ballet-y-la-expresion-corporal\/#article","isPartOf":{"@id":"https:\/\/www.laguiadepamplona.com\/actualidad\/presentada-una-nueva-edicion-del-proyecto-planeta-dantzan-que-lleva-a-las-aulas-la-sensibilizacion-frente-al-cambio-climatico-a-traves-del-ballet-y-la-expresion-corporal\/"},"author":{"name":"La Gu\u00eda de Pamplona","@id":"https:\/\/www.laguiadepamplona.com\/actualidad\/#\/schema\/person\/efe887376f0213d4657c93adc50b1fdb"},"headline":"Presentada una nueva edici\u00f3n del proyecto \u2018Planeta Dantzan\u2019, que lleva a las aulas la sensibilizaci\u00f3n frente al cambio clim\u00e1tico a trav\u00e9s del ballet y la expresi\u00f3n corporal","datePublished":"2023-02-22T17:44:57+00:00","dateModified":"2023-04-11T09:47:09+00:00","mainEntityOfPage":{"@id":"https:\/\/www.laguiadepamplona.com\/actualidad\/presentada-una-nueva-edicion-del-proyecto-planeta-dantzan-que-lleva-a-las-aulas-la-sensibilizacion-frente-al-cambio-climatico-a-traves-del-ballet-y-la-expresion-corporal\/"},"wordCount":861,"commentCount":0,"publisher":{"@id":"https:\/\/www.laguiadepamplona.com\/actualidad\/#organization"},"image":{"@id":"https:\/\/www.laguiadepamplona.com\/actualidad\/presentada-una-nueva-edicion-del-proyecto-planeta-dantzan-que-lleva-a-las-aulas-la-sensibilizacion-frente-al-cambio-climatico-a-traves-del-ballet-y-la-expresion-corporal\/#primaryimage"},"thumbnailUrl":"https:\/\/www.laguiadepamplona.com\/actualidad\/wp-content\/uploads\/2023\/02\/firma-planeta-dantza.webp","articleSection":["Ayto Pamplona"],"inLanguage":"es","potentialAction":[{"@type":"CommentAction","name":"Comment","target":["https:\/\/www.laguiadepamplona.com\/actualidad\/presentada-una-nueva-edicion-del-proyecto-planeta-dantzan-que-lleva-a-las-aulas-la-sensibilizacion-frente-al-cambio-climatico-a-traves-del-ballet-y-la-expresion-corporal\/#respond"]}]},{"@type":"WebPage","@id":"https:\/\/www.laguiadepamplona.com\/actualidad\/presentada-una-nueva-edicion-del-proyecto-planeta-dantzan-que-lleva-a-las-aulas-la-sensibilizacion-frente-al-cambio-climatico-a-traves-del-ballet-y-la-expresion-corporal\/","url":"https:\/\/www.laguiadepamplona.com\/actualidad\/presentada-una-nueva-edicion-del-proyecto-planeta-dantzan-que-lleva-a-las-aulas-la-sensibilizacion-frente-al-cambio-climatico-a-traves-del-ballet-y-la-expresion-corporal\/","name":"Presentada una nueva edici\u00f3n del proyecto \u2018Planeta Dantzan\u2019, que lleva a las aulas la sensibilizaci\u00f3n frente al cambio clim\u00e1tico a trav\u00e9s del ballet y la expresi\u00f3n corporal","isPartOf":{"@id":"https:\/\/www.laguiadepamplona.com\/actualidad\/#website"},"primaryImageOfPage":{"@id":"https:\/\/www.laguiadepamplona.com\/actualidad\/presentada-una-nueva-edicion-del-proyecto-planeta-dantzan-que-lleva-a-las-aulas-la-sensibilizacion-frente-al-cambio-climatico-a-traves-del-ballet-y-la-expresion-corporal\/#primaryimage"},"image":{"@id":"https:\/\/www.laguiadepamplona.com\/actualidad\/presentada-una-nueva-edicion-del-proyecto-planeta-dantzan-que-lleva-a-las-aulas-la-sensibilizacion-frente-al-cambio-climatico-a-traves-del-ballet-y-la-expresion-corporal\/#primaryimage"},"thumbnailUrl":"https:\/\/www.laguiadepamplona.com\/actualidad\/wp-content\/uploads\/2023\/02\/firma-planeta-dantza.webp","datePublished":"2023-02-22T17:44:57+00:00","dateModified":"2023-04-11T09:47:09+00:00","description":"El Ayuntamiento de Pamplona ha renovado su compromiso con este programa transfronterizo en el que participan m\u00e1s de mil estudiantes","breadcrumb":{"@id":"https:\/\/www.laguiadepamplona.com\/actualidad\/presentada-una-nueva-edicion-del-proyecto-planeta-dantzan-que-lleva-a-las-aulas-la-sensibilizacion-frente-al-cambio-climatico-a-traves-del-ballet-y-la-expresion-corporal\/#breadcrumb"},"inLanguage":"es","potentialAction":[{"@type":"ReadAction","target":["https:\/\/www.laguiadepamplona.com\/actualidad\/presentada-una-nueva-edicion-del-proyecto-planeta-dantzan-que-lleva-a-las-aulas-la-sensibilizacion-frente-al-cambio-climatico-a-traves-del-ballet-y-la-expresion-corporal\/"]}]},{"@type":"ImageObject","inLanguage":"es","@id":"https:\/\/www.laguiadepamplona.com\/actualidad\/presentada-una-nueva-edicion-del-proyecto-planeta-dantzan-que-lleva-a-las-aulas-la-sensibilizacion-frente-al-cambio-climatico-a-traves-del-ballet-y-la-expresion-corporal\/#primaryimage","url":"https:\/\/www.laguiadepamplona.com\/actualidad\/wp-content\/uploads\/2023\/02\/firma-planeta-dantza.webp","contentUrl":"https:\/\/www.laguiadepamplona.com\/actualidad\/wp-content\/uploads\/2023\/02\/firma-planeta-dantza.webp","width":1920,"height":1275},{"@type":"BreadcrumbList","@id":"https:\/\/www.laguiadepamplona.com\/actualidad\/presentada-una-nueva-edicion-del-proyecto-planeta-dantzan-que-lleva-a-las-aulas-la-sensibilizacion-frente-al-cambio-climatico-a-traves-del-ballet-y-la-expresion-corporal\/#breadcrumb","itemListElement":[{"@type":"ListItem","position":1,"name":"Portada","item":"https:\/\/www.laguiadepamplona.com\/actualidad\/"},{"@type":"ListItem","position":2,"name":"Presentada una nueva edici\u00f3n del proyecto \u2018Planeta Dantzan\u2019, que lleva a las aulas la sensibilizaci\u00f3n frente al cambio clim\u00e1tico a trav\u00e9s del ballet y la expresi\u00f3n corporal"}]},{"@type":"WebSite","@id":"https:\/\/www.laguiadepamplona.com\/actualidad\/#website","url":"https:\/\/www.laguiadepamplona.com\/actualidad\/","name":"La gu\u00eda de Pamplona","description":"Noticias de Pamplona","publisher":{"@id":"https:\/\/www.laguiadepamplona.com\/actualidad\/#organization"},"potentialAction":[{"@type":"SearchAction","target":{"@type":"EntryPoint","urlTemplate":"https:\/\/www.laguiadepamplona.com\/actualidad\/?s={search_term_string}"},"query-input":{"@type":"PropertyValueSpecification","valueRequired":true,"valueName":"search_term_string"}}],"inLanguage":"es"},{"@type":"Organization","@id":"https:\/\/www.laguiadepamplona.com\/actualidad\/#organization","name":"La Gu\u00eda de Pamplona \/ Noticias","url":"https:\/\/www.laguiadepamplona.com\/actualidad\/","logo":{"@type":"ImageObject","inLanguage":"es","@id":"https:\/\/www.laguiadepamplona.com\/actualidad\/#\/schema\/logo\/image\/","url":"https:\/\/www.laguiadepamplona.com\/actualidad\/wp-content\/uploads\/2018\/11\/logo-laguiadepamplona18-web1.png","contentUrl":"https:\/\/www.laguiadepamplona.com\/actualidad\/wp-content\/uploads\/2018\/11\/logo-laguiadepamplona18-web1.png","width":600,"height":196,"caption":"La Gu\u00eda de Pamplona \/ Noticias"},"image":{"@id":"https:\/\/www.laguiadepamplona.com\/actualidad\/#\/schema\/logo\/image\/"},"sameAs":["https:\/\/www.facebook.com\/laguiadepamplonacom-133175176762273\/?ref=hl","https:\/\/x.com\/LaGuiadPamplona","https:\/\/www.instagram.com\/la_guia_de_pamplona\/","https:\/\/www.youtube.com\/user\/laguiadepamplona"]},{"@type":"Person","@id":"https:\/\/www.laguiadepamplona.com\/actualidad\/#\/schema\/person\/efe887376f0213d4657c93adc50b1fdb","name":"La Gu\u00eda de Pamplona","image":{"@type":"ImageObject","inLanguage":"es","@id":"https:\/\/secure.gravatar.com\/avatar\/b6992f131dc8d30ab0dff15446e9d346d9dbd95992de0fef795073f5ea83a81c?s=96&d=mm&r=g","url":"https:\/\/secure.gravatar.com\/avatar\/b6992f131dc8d30ab0dff15446e9d346d9dbd95992de0fef795073f5ea83a81c?s=96&d=mm&r=g","contentUrl":"https:\/\/secure.gravatar.com\/avatar\/b6992f131dc8d30ab0dff15446e9d346d9dbd95992de0fef795073f5ea83a81c?s=96&d=mm&r=g","caption":"La Gu\u00eda de Pamplona"}}]}},"post_mailing_queue_ids":[],"_links":{"self":[{"href":"https:\/\/www.laguiadepamplona.com\/actualidad\/wp-json\/wp\/v2\/posts\/42962","targetHints":{"allow":["GET"]}}],"collection":[{"href":"https:\/\/www.laguiadepamplona.com\/actualidad\/wp-json\/wp\/v2\/posts"}],"about":[{"href":"https:\/\/www.laguiadepamplona.com\/actualidad\/wp-json\/wp\/v2\/types\/post"}],"author":[{"embeddable":true,"href":"https:\/\/www.laguiadepamplona.com\/actualidad\/wp-json\/wp\/v2\/users\/1"}],"replies":[{"embeddable":true,"href":"https:\/\/www.laguiadepamplona.com\/actualidad\/wp-json\/wp\/v2\/comments?post=42962"}],"version-history":[{"count":0,"href":"https:\/\/www.laguiadepamplona.com\/actualidad\/wp-json\/wp\/v2\/posts\/42962\/revisions"}],"wp:featuredmedia":[{"embeddable":true,"href":"https:\/\/www.laguiadepamplona.com\/actualidad\/wp-json\/wp\/v2\/media\/42963"}],"wp:attachment":[{"href":"https:\/\/www.laguiadepamplona.com\/actualidad\/wp-json\/wp\/v2\/media?parent=42962"}],"wp:term":[{"taxonomy":"category","embeddable":true,"href":"https:\/\/www.laguiadepamplona.com\/actualidad\/wp-json\/wp\/v2\/categories?post=42962"},{"taxonomy":"post_tag","embeddable":true,"href":"https:\/\/www.laguiadepamplona.com\/actualidad\/wp-json\/wp\/v2\/tags?post=42962"}],"curies":[{"name":"wp","href":"https:\/\/api.w.org\/{rel}","templated":true}]}}