{"id":42960,"date":"2023-02-22T19:42:29","date_gmt":"2023-02-22T17:42:29","guid":{"rendered":"https:\/\/www.laguiadepamplona.com\/actualidad\/?p=42960"},"modified":"2023-04-11T11:47:09","modified_gmt":"2023-04-11T09:47:09","slug":"el-ayuntamiento-de-pamplona-reparte-166-000-euros-entre-40-centros-escolares-publicos-y-concertados-para-subvencionar-actividades-extraescolares-y-complementarias","status":"publish","type":"post","link":"https:\/\/www.laguiadepamplona.com\/actualidad\/el-ayuntamiento-de-pamplona-reparte-166-000-euros-entre-40-centros-escolares-publicos-y-concertados-para-subvencionar-actividades-extraescolares-y-complementarias\/","title":{"rendered":"El Ayuntamiento de Pamplona reparte 166.000 euros entre 40 centros escolares p\u00fablicos y concertados para subvencionar actividades extraescolares y complementarias"},"content":{"rendered":"<h5>Se han beneficiado 25 centros p\u00fablicos y 15 concertados de Infantil y Primaria, de educaci\u00f3n especial y de educaci\u00f3n para personas adultas<\/h5>\n<p><!--more--><\/p>\n<p>El Ayuntamiento de Pamplona ha resuelto la convocatoria de subvenciones para actividades extraescolares y complementarias dirigida a centros escolares de la ciudad en este curso 2022 \u2013 2023. Se han beneficiado de ellas un total de 40 centros, 25 de ellos centros p\u00fablicos y 15 concertados de Educaci\u00f3n Infantil y Primaria, Educaci\u00f3n Especial y Educaci\u00f3n B\u00e1sica para Personas Adultas.<\/p>\n<p>La convocatoria tiene como objetivo dar soporte a las iniciativas encaminadas a mejorar la calidad de la ense\u00f1anza mediante la realizaci\u00f3n de actividades en los centros para complementar el curr\u00edculum escolar, as\u00ed como a fomentar el desarrollo de programas de ocio en los centros, subvencionando la realizaci\u00f3n tanto de actividades complementarias como de actividades extraescolares propiamente dichas. Las actividades deber\u00e1n ser gratuitas, estar protagonizadas por el alumnado y dirigidas por el personal docente del centro escolar.<br \/>\n<script async src=\"\/\/pagead2.googlesyndication.com\/pagead\/js\/adsbygoogle.js\"><\/script><br \/>\n<!-- Noticias La Guia de Pamplona --><br \/>\n<ins class=\"adsbygoogle\"\nstyle=\"display:block\"\ndata-ad-client=\"ca-pub-6943679897239327\"\ndata-ad-slot=\"7048180777\"\ndata-ad-format=\"auto\"><\/ins><br \/>\n<script>\n(adsbygoogle = window.adsbygoogle || []).push({});\n<\/script><\/p>\n<p>El c\u00e1lculo de la subvenci\u00f3n se ha llevado a cabo teniendo en cuenta cinco aspectos. El 30% se reparte entre los centros escolares que han presentado programa-presupuesto de actividades complementarias y extraescolares, a partes iguales. Un 25% se distribuye entre los centros solicitantes de manera proporcional a su alumnado total. Otro 35% se reparte de manera proporcional al alumnado de cada centro que aparezca registrado en el censo del Departamento de Educaci\u00f3n del Gobierno de Navarra, como alumnado desfavorecido.<\/p>\n<p>Finalmente, un 5% se otorga a partes iguales entre los centros que incluyan en su programa-presupuesto, al menos una actividad que promueva o favorezca la igualdad entre ni\u00f1os y ni\u00f1as. Un \u00faltimo 5% se distribuye a partes iguales entre los centros que incluyen en su programa-presupuesto, al menos un proyecto de aprendizaje y servicio. Los centros de Educaci\u00f3n B\u00e1sica de Adultos y los centros de Educaci\u00f3n Especial solamente percibir\u00e1n la cantidad correspondiente por centro.<\/p>\n<p>Espec\u00edficamente, se subvencionan gastos de aquellas actividades que est\u00e1n protagonizadas por el alumnado y dirigidas por el profesorado del centro, incluido el peri\u00f3dico o revista editada en el centro, si ha sido editada utilizando los medios t\u00e9cnicos y mec\u00e1nicos disponibles en el mismo. Se financian gastos realizados entre el 1 de septiembre de 2022 y el 25 de junio de 2023.<br \/>\n<script async src=\"\/\/pagead2.googlesyndication.com\/pagead\/js\/adsbygoogle.js\"><\/script><br \/>\n<!-- Noticias La Guia de Pamplona --><br \/>\n<ins class=\"adsbygoogle\"\nstyle=\"display:block\"\ndata-ad-client=\"ca-pub-6943679897239327\"\ndata-ad-slot=\"7048180777\"\ndata-ad-format=\"auto\"><\/ins><br \/>\n<script>\n(adsbygoogle = window.adsbygoogle || []).push({});\n<\/script><\/p>\n<p>&nbsp;<\/p>\n<h3>Subvenciones actividades extraescolares. Curso 2022 &#8211; 2023<\/h3>\n<p><strong>P\u00daBLICOS<\/strong><\/p>\n<ul>\n<li>Amaiur: 3.356,96 euros<\/li>\n<li>Azpilaga\u00f1a: 8.459,30 euros<\/li>\n<li>Bernart Etxepare: 3.623,18 euros<\/li>\n<li>Buztintxuri: 8.204,92 euros<\/li>\n<li>Cardenal Ilund\u00e1in: 7.910,00 euros<\/li>\n<li>Do\u00f1a Mayor: 8.200,45 euros<\/li>\n<li>Elorri: 2.372,14 euros<\/li>\n<li>Ermitaga\u00f1a: 4.910,00 euros<\/li>\n<li>Garc\u00eda Galdeano: 3.845,25 euros<\/li>\n<li>Hegoalde: 3.207,38 euros<\/li>\n<li>Iturrama: 3.578,43 euros<\/li>\n<li>Jos\u00e9 M\u00aa de Huarte: 5.223,22 euros<\/li>\n<li>Mendigoiti: 2.474,50 euros<\/li>\n<li>Mendillorri: 5.865,88 euros<\/li>\n<li>Nicasio Landa: 1.005,47 euros<\/li>\n<li>Paderborn &#8211; V\u00edctor Pradera: 4.441,81 euros<\/li>\n<li>Patxi Larrainzar: 3.458,64 euros<\/li>\n<li>Rochapea: 7.211,21 euros<\/li>\n<li>San Francisco: 5.775,19 euros<\/li>\n<li>San Juan de la Cadena: 4.092,00 euros<\/li>\n<li>San Jorge: 5.421,38 euros<\/li>\n<li>Sanduzelai: 2.412,61 euros<\/li>\n<li>V\u00e1zquez de Mella &#8211; Bayonne: 4.707,81 euros<\/li>\n<li>CEBA Jos\u00e9 Mar\u00eda Iribarren: 1.318,20 euros<\/li>\n<li>Andr\u00e9s Mu\u00f1oz Garde: 520,00<\/li>\n<\/ul>\n<p>&nbsp;<\/p>\n<p><strong>CONCERTADOS<\/strong><\/p>\n<ul>\n<li>Calasanz: 3.256,89 euros<\/li>\n<li>Claret Larraona: 3.854,99 euros<\/li>\n<li>El Red\u00edn: 2.117,26 euros<\/li>\n<li>El Molino: 1.318,20 euros<\/li>\n<li>Esclavas del Sagrado Coraz\u00f3n: 4.655,00 euros<\/li>\n<li>Hijas de Jes\u00fas: 2.408,38 euros<\/li>\n<li>La Compasi\u00f3n &#8211; Escolapios: 5.574,00 euros<\/li>\n<li>Liceo Monjard\u00edn: 4.413,65 euros<\/li>\n<li>Nuestra Se\u00f1ora del Huerto: 4.198,05 euros<\/li>\n<li>Sagrado Coraz\u00f3n: 5.663,68 euros<\/li>\n<li>San Cernin: 3.992,45 euros<\/li>\n<li>Santa Catalina: 3.293,41 euros<\/li>\n<li>Santa Teresa: 3.665,08 euros<\/li>\n<li>Sant\u00edsimo Sacramento: 2.409,34 euros<\/li>\n<li>Santo Tom\u00e1s: 3.565,41 euros<\/li>\n<\/ul>\n<p>&nbsp;<\/p>\n<p><strong>TOTAL: 165.981,72 euros<\/strong><\/p>\n","protected":false},"excerpt":{"rendered":"<p>Se han beneficiado 25 centros p\u00fablicos y 15 concertados de Infantil y Primaria, de educaci\u00f3n especial y de educaci\u00f3n para personas adultas<\/p>\n","protected":false},"author":1,"featured_media":40272,"comment_status":"open","ping_status":"closed","sticky":false,"template":"","format":"standard","meta":{"footnotes":""},"categories":[2],"tags":[],"class_list":["post-42960","post","type-post","status-publish","format-standard","has-post-thumbnail","hentry","category-ayuntamiento-pamplona"],"yoast_head":"<!-- This site is optimized with the Yoast SEO plugin v27.3 - https:\/\/yoast.com\/product\/yoast-seo-wordpress\/ -->\n<title>El Ayuntamiento de Pamplona reparte 166.000 euros entre 40 centros escolares p\u00fablicos y concertados para subvencionar actividades extraescolares y complementarias<\/title>\n<meta name=\"description\" content=\"Se han beneficiado 25 centros p\u00fablicos y 15 concertados de Infantil y Primaria, de educaci\u00f3n especial y de educaci\u00f3n para personas adultas\" \/>\n<meta name=\"robots\" content=\"index, follow, max-snippet:-1, max-image-preview:large, max-video-preview:-1\" \/>\n<link rel=\"canonical\" href=\"https:\/\/www.laguiadepamplona.com\/actualidad\/el-ayuntamiento-de-pamplona-reparte-166-000-euros-entre-40-centros-escolares-publicos-y-concertados-para-subvencionar-actividades-extraescolares-y-complementarias\/\" \/>\n<meta property=\"og:locale\" content=\"es_ES\" \/>\n<meta property=\"og:type\" content=\"article\" \/>\n<meta property=\"og:title\" content=\"El Ayuntamiento de Pamplona reparte 166.000 euros entre 40 centros escolares p\u00fablicos y concertados para subvencionar actividades extraescolares y complementarias\" \/>\n<meta property=\"og:description\" content=\"Se han beneficiado 25 centros p\u00fablicos y 15 concertados de Infantil y Primaria, de educaci\u00f3n especial y de educaci\u00f3n para personas adultas\" \/>\n<meta property=\"og:url\" content=\"https:\/\/www.laguiadepamplona.com\/actualidad\/el-ayuntamiento-de-pamplona-reparte-166-000-euros-entre-40-centros-escolares-publicos-y-concertados-para-subvencionar-actividades-extraescolares-y-complementarias\/\" \/>\n<meta property=\"og:site_name\" content=\"La Gu\u00eda de Pamplona\" \/>\n<meta property=\"article:publisher\" content=\"https:\/\/www.facebook.com\/laguiadepamplonacom-133175176762273\/?ref=hl\" \/>\n<meta property=\"article:published_time\" content=\"2023-02-22T17:42:29+00:00\" \/>\n<meta property=\"article:modified_time\" content=\"2023-04-11T09:47:09+00:00\" \/>\n<meta property=\"og:image\" content=\"https:\/\/www.laguiadepamplona.com\/actualidad\/wp-content\/uploads\/2022\/05\/ninos_02-mediana.webp\" \/>\n\t<meta property=\"og:image:width\" content=\"1731\" \/>\n\t<meta property=\"og:image:height\" content=\"1154\" \/>\n\t<meta property=\"og:image:type\" content=\"image\/webp\" \/>\n<meta name=\"author\" content=\"La Gu\u00eda de Pamplona\" \/>\n<meta name=\"twitter:card\" content=\"summary_large_image\" \/>\n<meta name=\"twitter:creator\" content=\"@LaGuiadPamplona\" \/>\n<meta name=\"twitter:site\" content=\"@LaGuiadPamplona\" \/>\n<meta name=\"twitter:label1\" content=\"Escrito por\" \/>\n\t<meta name=\"twitter:data1\" content=\"La Gu\u00eda de Pamplona\" \/>\n\t<meta name=\"twitter:label2\" content=\"Tiempo de lectura\" \/>\n\t<meta name=\"twitter:data2\" content=\"3 minutos\" \/>\n<script type=\"application\/ld+json\" class=\"yoast-schema-graph\">{\"@context\":\"https:\\\/\\\/schema.org\",\"@graph\":[{\"@type\":\"Article\",\"@id\":\"https:\\\/\\\/www.laguiadepamplona.com\\\/actualidad\\\/el-ayuntamiento-de-pamplona-reparte-166-000-euros-entre-40-centros-escolares-publicos-y-concertados-para-subvencionar-actividades-extraescolares-y-complementarias\\\/#article\",\"isPartOf\":{\"@id\":\"https:\\\/\\\/www.laguiadepamplona.com\\\/actualidad\\\/el-ayuntamiento-de-pamplona-reparte-166-000-euros-entre-40-centros-escolares-publicos-y-concertados-para-subvencionar-actividades-extraescolares-y-complementarias\\\/\"},\"author\":{\"name\":\"La Gu\u00eda de Pamplona\",\"@id\":\"https:\\\/\\\/www.laguiadepamplona.com\\\/actualidad\\\/#\\\/schema\\\/person\\\/efe887376f0213d4657c93adc50b1fdb\"},\"headline\":\"El Ayuntamiento de Pamplona reparte 166.000 euros entre 40 centros escolares p\u00fablicos y concertados para subvencionar actividades extraescolares y complementarias\",\"datePublished\":\"2023-02-22T17:42:29+00:00\",\"dateModified\":\"2023-04-11T09:47:09+00:00\",\"mainEntityOfPage\":{\"@id\":\"https:\\\/\\\/www.laguiadepamplona.com\\\/actualidad\\\/el-ayuntamiento-de-pamplona-reparte-166-000-euros-entre-40-centros-escolares-publicos-y-concertados-para-subvencionar-actividades-extraescolares-y-complementarias\\\/\"},\"wordCount\":559,\"commentCount\":0,\"publisher\":{\"@id\":\"https:\\\/\\\/www.laguiadepamplona.com\\\/actualidad\\\/#organization\"},\"image\":{\"@id\":\"https:\\\/\\\/www.laguiadepamplona.com\\\/actualidad\\\/el-ayuntamiento-de-pamplona-reparte-166-000-euros-entre-40-centros-escolares-publicos-y-concertados-para-subvencionar-actividades-extraescolares-y-complementarias\\\/#primaryimage\"},\"thumbnailUrl\":\"https:\\\/\\\/www.laguiadepamplona.com\\\/actualidad\\\/wp-content\\\/uploads\\\/2022\\\/05\\\/ninos_02-mediana.webp\",\"articleSection\":[\"Ayto Pamplona\"],\"inLanguage\":\"es\",\"potentialAction\":[{\"@type\":\"CommentAction\",\"name\":\"Comment\",\"target\":[\"https:\\\/\\\/www.laguiadepamplona.com\\\/actualidad\\\/el-ayuntamiento-de-pamplona-reparte-166-000-euros-entre-40-centros-escolares-publicos-y-concertados-para-subvencionar-actividades-extraescolares-y-complementarias\\\/#respond\"]}]},{\"@type\":\"WebPage\",\"@id\":\"https:\\\/\\\/www.laguiadepamplona.com\\\/actualidad\\\/el-ayuntamiento-de-pamplona-reparte-166-000-euros-entre-40-centros-escolares-publicos-y-concertados-para-subvencionar-actividades-extraescolares-y-complementarias\\\/\",\"url\":\"https:\\\/\\\/www.laguiadepamplona.com\\\/actualidad\\\/el-ayuntamiento-de-pamplona-reparte-166-000-euros-entre-40-centros-escolares-publicos-y-concertados-para-subvencionar-actividades-extraescolares-y-complementarias\\\/\",\"name\":\"El Ayuntamiento de Pamplona reparte 166.000 euros entre 40 centros escolares p\u00fablicos y concertados para subvencionar actividades extraescolares y complementarias\",\"isPartOf\":{\"@id\":\"https:\\\/\\\/www.laguiadepamplona.com\\\/actualidad\\\/#website\"},\"primaryImageOfPage\":{\"@id\":\"https:\\\/\\\/www.laguiadepamplona.com\\\/actualidad\\\/el-ayuntamiento-de-pamplona-reparte-166-000-euros-entre-40-centros-escolares-publicos-y-concertados-para-subvencionar-actividades-extraescolares-y-complementarias\\\/#primaryimage\"},\"image\":{\"@id\":\"https:\\\/\\\/www.laguiadepamplona.com\\\/actualidad\\\/el-ayuntamiento-de-pamplona-reparte-166-000-euros-entre-40-centros-escolares-publicos-y-concertados-para-subvencionar-actividades-extraescolares-y-complementarias\\\/#primaryimage\"},\"thumbnailUrl\":\"https:\\\/\\\/www.laguiadepamplona.com\\\/actualidad\\\/wp-content\\\/uploads\\\/2022\\\/05\\\/ninos_02-mediana.webp\",\"datePublished\":\"2023-02-22T17:42:29+00:00\",\"dateModified\":\"2023-04-11T09:47:09+00:00\",\"description\":\"Se han beneficiado 25 centros p\u00fablicos y 15 concertados de Infantil y Primaria, de educaci\u00f3n especial y de educaci\u00f3n para personas adultas\",\"breadcrumb\":{\"@id\":\"https:\\\/\\\/www.laguiadepamplona.com\\\/actualidad\\\/el-ayuntamiento-de-pamplona-reparte-166-000-euros-entre-40-centros-escolares-publicos-y-concertados-para-subvencionar-actividades-extraescolares-y-complementarias\\\/#breadcrumb\"},\"inLanguage\":\"es\",\"potentialAction\":[{\"@type\":\"ReadAction\",\"target\":[\"https:\\\/\\\/www.laguiadepamplona.com\\\/actualidad\\\/el-ayuntamiento-de-pamplona-reparte-166-000-euros-entre-40-centros-escolares-publicos-y-concertados-para-subvencionar-actividades-extraescolares-y-complementarias\\\/\"]}]},{\"@type\":\"ImageObject\",\"inLanguage\":\"es\",\"@id\":\"https:\\\/\\\/www.laguiadepamplona.com\\\/actualidad\\\/el-ayuntamiento-de-pamplona-reparte-166-000-euros-entre-40-centros-escolares-publicos-y-concertados-para-subvencionar-actividades-extraescolares-y-complementarias\\\/#primaryimage\",\"url\":\"https:\\\/\\\/www.laguiadepamplona.com\\\/actualidad\\\/wp-content\\\/uploads\\\/2022\\\/05\\\/ninos_02-mediana.webp\",\"contentUrl\":\"https:\\\/\\\/www.laguiadepamplona.com\\\/actualidad\\\/wp-content\\\/uploads\\\/2022\\\/05\\\/ninos_02-mediana.webp\",\"width\":1731,\"height\":1154},{\"@type\":\"BreadcrumbList\",\"@id\":\"https:\\\/\\\/www.laguiadepamplona.com\\\/actualidad\\\/el-ayuntamiento-de-pamplona-reparte-166-000-euros-entre-40-centros-escolares-publicos-y-concertados-para-subvencionar-actividades-extraescolares-y-complementarias\\\/#breadcrumb\",\"itemListElement\":[{\"@type\":\"ListItem\",\"position\":1,\"name\":\"Portada\",\"item\":\"https:\\\/\\\/www.laguiadepamplona.com\\\/actualidad\\\/\"},{\"@type\":\"ListItem\",\"position\":2,\"name\":\"El Ayuntamiento de Pamplona reparte 166.000 euros entre 40 centros escolares p\u00fablicos y concertados para subvencionar actividades extraescolares y complementarias\"}]},{\"@type\":\"WebSite\",\"@id\":\"https:\\\/\\\/www.laguiadepamplona.com\\\/actualidad\\\/#website\",\"url\":\"https:\\\/\\\/www.laguiadepamplona.com\\\/actualidad\\\/\",\"name\":\"La gu\u00eda de Pamplona\",\"description\":\"Noticias de Pamplona\",\"publisher\":{\"@id\":\"https:\\\/\\\/www.laguiadepamplona.com\\\/actualidad\\\/#organization\"},\"potentialAction\":[{\"@type\":\"SearchAction\",\"target\":{\"@type\":\"EntryPoint\",\"urlTemplate\":\"https:\\\/\\\/www.laguiadepamplona.com\\\/actualidad\\\/?s={search_term_string}\"},\"query-input\":{\"@type\":\"PropertyValueSpecification\",\"valueRequired\":true,\"valueName\":\"search_term_string\"}}],\"inLanguage\":\"es\"},{\"@type\":\"Organization\",\"@id\":\"https:\\\/\\\/www.laguiadepamplona.com\\\/actualidad\\\/#organization\",\"name\":\"La Gu\u00eda de Pamplona \\\/ Noticias\",\"url\":\"https:\\\/\\\/www.laguiadepamplona.com\\\/actualidad\\\/\",\"logo\":{\"@type\":\"ImageObject\",\"inLanguage\":\"es\",\"@id\":\"https:\\\/\\\/www.laguiadepamplona.com\\\/actualidad\\\/#\\\/schema\\\/logo\\\/image\\\/\",\"url\":\"https:\\\/\\\/www.laguiadepamplona.com\\\/actualidad\\\/wp-content\\\/uploads\\\/2018\\\/11\\\/logo-laguiadepamplona18-web1.png\",\"contentUrl\":\"https:\\\/\\\/www.laguiadepamplona.com\\\/actualidad\\\/wp-content\\\/uploads\\\/2018\\\/11\\\/logo-laguiadepamplona18-web1.png\",\"width\":600,\"height\":196,\"caption\":\"La Gu\u00eda de Pamplona \\\/ Noticias\"},\"image\":{\"@id\":\"https:\\\/\\\/www.laguiadepamplona.com\\\/actualidad\\\/#\\\/schema\\\/logo\\\/image\\\/\"},\"sameAs\":[\"https:\\\/\\\/www.facebook.com\\\/laguiadepamplonacom-133175176762273\\\/?ref=hl\",\"https:\\\/\\\/x.com\\\/LaGuiadPamplona\",\"https:\\\/\\\/www.instagram.com\\\/la_guia_de_pamplona\\\/\",\"https:\\\/\\\/www.youtube.com\\\/user\\\/laguiadepamplona\"]},{\"@type\":\"Person\",\"@id\":\"https:\\\/\\\/www.laguiadepamplona.com\\\/actualidad\\\/#\\\/schema\\\/person\\\/efe887376f0213d4657c93adc50b1fdb\",\"name\":\"La Gu\u00eda de Pamplona\",\"image\":{\"@type\":\"ImageObject\",\"inLanguage\":\"es\",\"@id\":\"https:\\\/\\\/secure.gravatar.com\\\/avatar\\\/b6992f131dc8d30ab0dff15446e9d346d9dbd95992de0fef795073f5ea83a81c?s=96&d=mm&r=g\",\"url\":\"https:\\\/\\\/secure.gravatar.com\\\/avatar\\\/b6992f131dc8d30ab0dff15446e9d346d9dbd95992de0fef795073f5ea83a81c?s=96&d=mm&r=g\",\"contentUrl\":\"https:\\\/\\\/secure.gravatar.com\\\/avatar\\\/b6992f131dc8d30ab0dff15446e9d346d9dbd95992de0fef795073f5ea83a81c?s=96&d=mm&r=g\",\"caption\":\"La Gu\u00eda de Pamplona\"}}]}<\/script>\n<!-- \/ Yoast SEO plugin. -->","yoast_head_json":{"title":"El Ayuntamiento de Pamplona reparte 166.000 euros entre 40 centros escolares p\u00fablicos y concertados para subvencionar actividades extraescolares y complementarias","description":"Se han beneficiado 25 centros p\u00fablicos y 15 concertados de Infantil y Primaria, de educaci\u00f3n especial y de educaci\u00f3n para personas adultas","robots":{"index":"index","follow":"follow","max-snippet":"max-snippet:-1","max-image-preview":"max-image-preview:large","max-video-preview":"max-video-preview:-1"},"canonical":"https:\/\/www.laguiadepamplona.com\/actualidad\/el-ayuntamiento-de-pamplona-reparte-166-000-euros-entre-40-centros-escolares-publicos-y-concertados-para-subvencionar-actividades-extraescolares-y-complementarias\/","og_locale":"es_ES","og_type":"article","og_title":"El Ayuntamiento de Pamplona reparte 166.000 euros entre 40 centros escolares p\u00fablicos y concertados para subvencionar actividades extraescolares y complementarias","og_description":"Se han beneficiado 25 centros p\u00fablicos y 15 concertados de Infantil y Primaria, de educaci\u00f3n especial y de educaci\u00f3n para personas adultas","og_url":"https:\/\/www.laguiadepamplona.com\/actualidad\/el-ayuntamiento-de-pamplona-reparte-166-000-euros-entre-40-centros-escolares-publicos-y-concertados-para-subvencionar-actividades-extraescolares-y-complementarias\/","og_site_name":"La Gu\u00eda de Pamplona","article_publisher":"https:\/\/www.facebook.com\/laguiadepamplonacom-133175176762273\/?ref=hl","article_published_time":"2023-02-22T17:42:29+00:00","article_modified_time":"2023-04-11T09:47:09+00:00","og_image":[{"width":1731,"height":1154,"url":"https:\/\/www.laguiadepamplona.com\/actualidad\/wp-content\/uploads\/2022\/05\/ninos_02-mediana.webp","type":"image\/webp"}],"author":"La Gu\u00eda de Pamplona","twitter_card":"summary_large_image","twitter_creator":"@LaGuiadPamplona","twitter_site":"@LaGuiadPamplona","twitter_misc":{"Escrito por":"La Gu\u00eda de Pamplona","Tiempo de lectura":"3 minutos"},"schema":{"@context":"https:\/\/schema.org","@graph":[{"@type":"Article","@id":"https:\/\/www.laguiadepamplona.com\/actualidad\/el-ayuntamiento-de-pamplona-reparte-166-000-euros-entre-40-centros-escolares-publicos-y-concertados-para-subvencionar-actividades-extraescolares-y-complementarias\/#article","isPartOf":{"@id":"https:\/\/www.laguiadepamplona.com\/actualidad\/el-ayuntamiento-de-pamplona-reparte-166-000-euros-entre-40-centros-escolares-publicos-y-concertados-para-subvencionar-actividades-extraescolares-y-complementarias\/"},"author":{"name":"La Gu\u00eda de Pamplona","@id":"https:\/\/www.laguiadepamplona.com\/actualidad\/#\/schema\/person\/efe887376f0213d4657c93adc50b1fdb"},"headline":"El Ayuntamiento de Pamplona reparte 166.000 euros entre 40 centros escolares p\u00fablicos y concertados para subvencionar actividades extraescolares y complementarias","datePublished":"2023-02-22T17:42:29+00:00","dateModified":"2023-04-11T09:47:09+00:00","mainEntityOfPage":{"@id":"https:\/\/www.laguiadepamplona.com\/actualidad\/el-ayuntamiento-de-pamplona-reparte-166-000-euros-entre-40-centros-escolares-publicos-y-concertados-para-subvencionar-actividades-extraescolares-y-complementarias\/"},"wordCount":559,"commentCount":0,"publisher":{"@id":"https:\/\/www.laguiadepamplona.com\/actualidad\/#organization"},"image":{"@id":"https:\/\/www.laguiadepamplona.com\/actualidad\/el-ayuntamiento-de-pamplona-reparte-166-000-euros-entre-40-centros-escolares-publicos-y-concertados-para-subvencionar-actividades-extraescolares-y-complementarias\/#primaryimage"},"thumbnailUrl":"https:\/\/www.laguiadepamplona.com\/actualidad\/wp-content\/uploads\/2022\/05\/ninos_02-mediana.webp","articleSection":["Ayto Pamplona"],"inLanguage":"es","potentialAction":[{"@type":"CommentAction","name":"Comment","target":["https:\/\/www.laguiadepamplona.com\/actualidad\/el-ayuntamiento-de-pamplona-reparte-166-000-euros-entre-40-centros-escolares-publicos-y-concertados-para-subvencionar-actividades-extraescolares-y-complementarias\/#respond"]}]},{"@type":"WebPage","@id":"https:\/\/www.laguiadepamplona.com\/actualidad\/el-ayuntamiento-de-pamplona-reparte-166-000-euros-entre-40-centros-escolares-publicos-y-concertados-para-subvencionar-actividades-extraescolares-y-complementarias\/","url":"https:\/\/www.laguiadepamplona.com\/actualidad\/el-ayuntamiento-de-pamplona-reparte-166-000-euros-entre-40-centros-escolares-publicos-y-concertados-para-subvencionar-actividades-extraescolares-y-complementarias\/","name":"El Ayuntamiento de Pamplona reparte 166.000 euros entre 40 centros escolares p\u00fablicos y concertados para subvencionar actividades extraescolares y complementarias","isPartOf":{"@id":"https:\/\/www.laguiadepamplona.com\/actualidad\/#website"},"primaryImageOfPage":{"@id":"https:\/\/www.laguiadepamplona.com\/actualidad\/el-ayuntamiento-de-pamplona-reparte-166-000-euros-entre-40-centros-escolares-publicos-y-concertados-para-subvencionar-actividades-extraescolares-y-complementarias\/#primaryimage"},"image":{"@id":"https:\/\/www.laguiadepamplona.com\/actualidad\/el-ayuntamiento-de-pamplona-reparte-166-000-euros-entre-40-centros-escolares-publicos-y-concertados-para-subvencionar-actividades-extraescolares-y-complementarias\/#primaryimage"},"thumbnailUrl":"https:\/\/www.laguiadepamplona.com\/actualidad\/wp-content\/uploads\/2022\/05\/ninos_02-mediana.webp","datePublished":"2023-02-22T17:42:29+00:00","dateModified":"2023-04-11T09:47:09+00:00","description":"Se han beneficiado 25 centros p\u00fablicos y 15 concertados de Infantil y Primaria, de educaci\u00f3n especial y de educaci\u00f3n para personas adultas","breadcrumb":{"@id":"https:\/\/www.laguiadepamplona.com\/actualidad\/el-ayuntamiento-de-pamplona-reparte-166-000-euros-entre-40-centros-escolares-publicos-y-concertados-para-subvencionar-actividades-extraescolares-y-complementarias\/#breadcrumb"},"inLanguage":"es","potentialAction":[{"@type":"ReadAction","target":["https:\/\/www.laguiadepamplona.com\/actualidad\/el-ayuntamiento-de-pamplona-reparte-166-000-euros-entre-40-centros-escolares-publicos-y-concertados-para-subvencionar-actividades-extraescolares-y-complementarias\/"]}]},{"@type":"ImageObject","inLanguage":"es","@id":"https:\/\/www.laguiadepamplona.com\/actualidad\/el-ayuntamiento-de-pamplona-reparte-166-000-euros-entre-40-centros-escolares-publicos-y-concertados-para-subvencionar-actividades-extraescolares-y-complementarias\/#primaryimage","url":"https:\/\/www.laguiadepamplona.com\/actualidad\/wp-content\/uploads\/2022\/05\/ninos_02-mediana.webp","contentUrl":"https:\/\/www.laguiadepamplona.com\/actualidad\/wp-content\/uploads\/2022\/05\/ninos_02-mediana.webp","width":1731,"height":1154},{"@type":"BreadcrumbList","@id":"https:\/\/www.laguiadepamplona.com\/actualidad\/el-ayuntamiento-de-pamplona-reparte-166-000-euros-entre-40-centros-escolares-publicos-y-concertados-para-subvencionar-actividades-extraescolares-y-complementarias\/#breadcrumb","itemListElement":[{"@type":"ListItem","position":1,"name":"Portada","item":"https:\/\/www.laguiadepamplona.com\/actualidad\/"},{"@type":"ListItem","position":2,"name":"El Ayuntamiento de Pamplona reparte 166.000 euros entre 40 centros escolares p\u00fablicos y concertados para subvencionar actividades extraescolares y complementarias"}]},{"@type":"WebSite","@id":"https:\/\/www.laguiadepamplona.com\/actualidad\/#website","url":"https:\/\/www.laguiadepamplona.com\/actualidad\/","name":"La gu\u00eda de Pamplona","description":"Noticias de Pamplona","publisher":{"@id":"https:\/\/www.laguiadepamplona.com\/actualidad\/#organization"},"potentialAction":[{"@type":"SearchAction","target":{"@type":"EntryPoint","urlTemplate":"https:\/\/www.laguiadepamplona.com\/actualidad\/?s={search_term_string}"},"query-input":{"@type":"PropertyValueSpecification","valueRequired":true,"valueName":"search_term_string"}}],"inLanguage":"es"},{"@type":"Organization","@id":"https:\/\/www.laguiadepamplona.com\/actualidad\/#organization","name":"La Gu\u00eda de Pamplona \/ Noticias","url":"https:\/\/www.laguiadepamplona.com\/actualidad\/","logo":{"@type":"ImageObject","inLanguage":"es","@id":"https:\/\/www.laguiadepamplona.com\/actualidad\/#\/schema\/logo\/image\/","url":"https:\/\/www.laguiadepamplona.com\/actualidad\/wp-content\/uploads\/2018\/11\/logo-laguiadepamplona18-web1.png","contentUrl":"https:\/\/www.laguiadepamplona.com\/actualidad\/wp-content\/uploads\/2018\/11\/logo-laguiadepamplona18-web1.png","width":600,"height":196,"caption":"La Gu\u00eda de Pamplona \/ Noticias"},"image":{"@id":"https:\/\/www.laguiadepamplona.com\/actualidad\/#\/schema\/logo\/image\/"},"sameAs":["https:\/\/www.facebook.com\/laguiadepamplonacom-133175176762273\/?ref=hl","https:\/\/x.com\/LaGuiadPamplona","https:\/\/www.instagram.com\/la_guia_de_pamplona\/","https:\/\/www.youtube.com\/user\/laguiadepamplona"]},{"@type":"Person","@id":"https:\/\/www.laguiadepamplona.com\/actualidad\/#\/schema\/person\/efe887376f0213d4657c93adc50b1fdb","name":"La Gu\u00eda de Pamplona","image":{"@type":"ImageObject","inLanguage":"es","@id":"https:\/\/secure.gravatar.com\/avatar\/b6992f131dc8d30ab0dff15446e9d346d9dbd95992de0fef795073f5ea83a81c?s=96&d=mm&r=g","url":"https:\/\/secure.gravatar.com\/avatar\/b6992f131dc8d30ab0dff15446e9d346d9dbd95992de0fef795073f5ea83a81c?s=96&d=mm&r=g","contentUrl":"https:\/\/secure.gravatar.com\/avatar\/b6992f131dc8d30ab0dff15446e9d346d9dbd95992de0fef795073f5ea83a81c?s=96&d=mm&r=g","caption":"La Gu\u00eda de Pamplona"}}]}},"post_mailing_queue_ids":[],"_links":{"self":[{"href":"https:\/\/www.laguiadepamplona.com\/actualidad\/wp-json\/wp\/v2\/posts\/42960","targetHints":{"allow":["GET"]}}],"collection":[{"href":"https:\/\/www.laguiadepamplona.com\/actualidad\/wp-json\/wp\/v2\/posts"}],"about":[{"href":"https:\/\/www.laguiadepamplona.com\/actualidad\/wp-json\/wp\/v2\/types\/post"}],"author":[{"embeddable":true,"href":"https:\/\/www.laguiadepamplona.com\/actualidad\/wp-json\/wp\/v2\/users\/1"}],"replies":[{"embeddable":true,"href":"https:\/\/www.laguiadepamplona.com\/actualidad\/wp-json\/wp\/v2\/comments?post=42960"}],"version-history":[{"count":0,"href":"https:\/\/www.laguiadepamplona.com\/actualidad\/wp-json\/wp\/v2\/posts\/42960\/revisions"}],"wp:featuredmedia":[{"embeddable":true,"href":"https:\/\/www.laguiadepamplona.com\/actualidad\/wp-json\/wp\/v2\/media\/40272"}],"wp:attachment":[{"href":"https:\/\/www.laguiadepamplona.com\/actualidad\/wp-json\/wp\/v2\/media?parent=42960"}],"wp:term":[{"taxonomy":"category","embeddable":true,"href":"https:\/\/www.laguiadepamplona.com\/actualidad\/wp-json\/wp\/v2\/categories?post=42960"},{"taxonomy":"post_tag","embeddable":true,"href":"https:\/\/www.laguiadepamplona.com\/actualidad\/wp-json\/wp\/v2\/tags?post=42960"}],"curies":[{"name":"wp","href":"https:\/\/api.w.org\/{rel}","templated":true}]}}