{"id":42953,"date":"2023-02-22T13:42:31","date_gmt":"2023-02-22T11:42:31","guid":{"rendered":"https:\/\/www.laguiadepamplona.com\/actualidad\/?p=42953"},"modified":"2023-04-11T11:47:09","modified_gmt":"2023-04-11T09:47:09","slug":"la-casa-de-la-juventud-ofrece-este-jueves-un-taller-de-iniciacion-al-poetry-slam-previo-a-la-competicion-del-proximo-25-de-marzo","status":"publish","type":"post","link":"https:\/\/www.laguiadepamplona.com\/actualidad\/la-casa-de-la-juventud-ofrece-este-jueves-un-taller-de-iniciacion-al-poetry-slam-previo-a-la-competicion-del-proximo-25-de-marzo\/","title":{"rendered":"La Casa de la Juventud ofrece este jueves un taller de iniciaci\u00f3n al poetry slam, previo a la competici\u00f3n del pr\u00f3ximo 25 de marzo"},"content":{"rendered":"<h5>El taller est\u00e1 dirigido a j\u00f3venes de 12 a 30 a\u00f1os y la inscripci\u00f3n gratuita se realiza en la propia Casa o por tel\u00e9fono en el 948 233 512<\/h5>\n<p><!--more--><\/p>\n<p>La Casa de la Juventud del Ayuntamiento de Pamplona ofrece este jueves un taller de iniciaci\u00f3n al poetry slam, un torneo de poes\u00eda en el que las personas participantes compiten en tiempo real, con el p\u00fablico como jurado. El taller se celebra a las 18.30 y est\u00e1 dirigido a j\u00f3venes de 12 a 30 a\u00f1os. Para inscribirse, hay que dirigirse a la propia Casa de la Juventud o llamar al tel\u00e9fono 948 233 512. La inscripci\u00f3n es gratuita.<\/p>\n<p>El taller est\u00e1 a cargo de Yoel Salda\u00f1a, presidente de la Asociaci\u00f3n Pamplona Poetry Slam. El objetivo es tener una primera toma de contacto con este formato de competici\u00f3n y preparar un texto que sirva para participar en la competici\u00f3n del pr\u00f3ximo 25 de marzo, la II Pamplona Poetry Slam Joven. En el taller se ofrecer\u00e1 una introducci\u00f3n al formato, las diferencias entre poes\u00eda cl\u00e1sica y esc\u00e9nica, pautas para dar forma a buena una pieza en escena y creaci\u00f3n de poemas.<br \/>\n<script async src=\"\/\/pagead2.googlesyndication.com\/pagead\/js\/adsbygoogle.js\"><\/script><br \/>\n<!-- Noticias La Guia de Pamplona --><br \/>\n<ins class=\"adsbygoogle\"\nstyle=\"display:block\"\ndata-ad-client=\"ca-pub-6943679897239327\"\ndata-ad-slot=\"7048180777\"\ndata-ad-format=\"auto\"><\/ins><br \/>\n<script>\n(adsbygoogle = window.adsbygoogle || []).push({});\n<\/script><\/p>\n<p>El formato poetry slam es una forma esc\u00e9nica y teatral de desarrollar la poes\u00eda, que junto a la m\u00fasica completa un espect\u00e1culo ideado para entretener al p\u00fablico y fomentar la poes\u00eda entre la juventud. Las personas participantes defienden sus poemas, de autor\u00eda propia y tema libre, en un tiempo m\u00e1ximo de tres minutos. Cinco miembros del p\u00fablico ejercen como jurado y las tres personas mejor valoradas pasan a una segunda ronda, en la que la m\u00e1s votada resulta ganadora.<\/p>\n<p>El taller supone una preparaci\u00f3n para participar, el s\u00e1bado 25 de marzo, en la II Pamplona Poetry Slam Joven. Las inscripciones se realizan en la Casa de la Juventud o llamando al 948 233 512 desde el 23 de febrero hasta el 23 de marzo. Las inscripciones se har\u00e1n por orden de llegada, hasta completar las 10 plazas disponibles. Los poemas que participen deber\u00e1n ser de autor\u00eda propia y tema libre, no se podr\u00e1n utilizar disfraces, atrezzo ni m\u00fasica y la duraci\u00f3n m\u00e1xima es de tres minutos (bajo penalizaci\u00f3n).<\/p>\n<p>La competici\u00f3n de marzo contar\u00e1 con un artista musical invitado y dj para amenizar las pausas entre poetas. Las tres personas mejor clasificadas recibir\u00e1n una bolsa con cuatro poemarios de cuatro autores diferentes y el cartel firmado por las personas participantes.<br \/>\n<script async src=\"\/\/pagead2.googlesyndication.com\/pagead\/js\/adsbygoogle.js\"><\/script><br \/>\n<!-- Noticias La Guia de Pamplona --><br \/>\n<ins class=\"adsbygoogle\"\nstyle=\"display:block\"\ndata-ad-client=\"ca-pub-6943679897239327\"\ndata-ad-slot=\"7048180777\"\ndata-ad-format=\"auto\"><\/ins><br \/>\n<script>\n(adsbygoogle = window.adsbygoogle || []).push({});\n<\/script><\/p>\n<p>&nbsp;<\/p>\n<h3>Poetry Slam en la Casa de la Juventud<\/h3>\n<ul>\n<li>Taller de iniciaci\u00f3n al Poetry Slam, a cargo de Yoel Salda\u00f1a\n<ul>\n<li>Jueves 23 de febrero, a las 18.30<\/li>\n<li>Dirigido a j\u00f3venes de 12 a 30 a\u00f1os<\/li>\n<li>Inscripci\u00f3n gratuita en la Casa de la Juventud o el tel\u00e9fono 948 233 512<\/li>\n<\/ul>\n<\/li>\n<li>Competici\u00f3n II Pamplona Poetry Slam Joven, a cargo de la Asociaci\u00f3n Poetry Slam\n<ul>\n<li>S\u00e1bado 25 de marzo, a las 18.30<\/li>\n<li>Inscripci\u00f3n gratuita desde el 23 de febrero (en la Casa de la Juventud o el 948 233 512)<\/li>\n<li>Entrada libre para el p\u00fablico, recogiendo entrada en la Casa de la Juventud desde el d\u00eda anterior<\/li>\n<\/ul>\n<\/li>\n<\/ul>\n","protected":false},"excerpt":{"rendered":"<p>El taller est\u00e1 dirigido a j\u00f3venes de 12 a 30 a\u00f1os y la inscripci\u00f3n gratuita se realiza en la propia Casa o por tel\u00e9fono en el 948 233 512<\/p>\n","protected":false},"author":1,"featured_media":42954,"comment_status":"open","ping_status":"closed","sticky":false,"template":"","format":"standard","meta":{"footnotes":""},"categories":[2],"tags":[],"class_list":["post-42953","post","type-post","status-publish","format-standard","has-post-thumbnail","hentry","category-ayuntamiento-pamplona"],"yoast_head":"<!-- This site is optimized with the Yoast SEO plugin v27.5 - https:\/\/yoast.com\/product\/yoast-seo-wordpress\/ -->\n<title>La Casa de la Juventud ofrece este jueves un taller de iniciaci\u00f3n al poetry slam, previo a la competici\u00f3n del pr\u00f3ximo 25 de marzo<\/title>\n<meta name=\"description\" content=\"La Casa de la Juventud ofrece este jueves un taller de iniciaci\u00f3n al poetry slam, previo a la competici\u00f3n del pr\u00f3ximo 25 de marzo\" \/>\n<meta name=\"robots\" content=\"index, follow, max-snippet:-1, max-image-preview:large, max-video-preview:-1\" \/>\n<link rel=\"canonical\" href=\"https:\/\/www.laguiadepamplona.com\/actualidad\/la-casa-de-la-juventud-ofrece-este-jueves-un-taller-de-iniciacion-al-poetry-slam-previo-a-la-competicion-del-proximo-25-de-marzo\/\" \/>\n<meta property=\"og:locale\" content=\"es_ES\" \/>\n<meta property=\"og:type\" content=\"article\" \/>\n<meta property=\"og:title\" content=\"La Casa de la Juventud ofrece este jueves un taller de iniciaci\u00f3n al poetry slam, previo a la competici\u00f3n del pr\u00f3ximo 25 de marzo\" \/>\n<meta property=\"og:description\" content=\"La Casa de la Juventud ofrece este jueves un taller de iniciaci\u00f3n al poetry slam, previo a la competici\u00f3n del pr\u00f3ximo 25 de marzo\" \/>\n<meta property=\"og:url\" content=\"https:\/\/www.laguiadepamplona.com\/actualidad\/la-casa-de-la-juventud-ofrece-este-jueves-un-taller-de-iniciacion-al-poetry-slam-previo-a-la-competicion-del-proximo-25-de-marzo\/\" \/>\n<meta property=\"og:site_name\" content=\"La Gu\u00eda de Pamplona\" \/>\n<meta property=\"article:publisher\" content=\"https:\/\/www.facebook.com\/laguiadepamplonacom-133175176762273\/?ref=hl\" \/>\n<meta property=\"article:published_time\" content=\"2023-02-22T11:42:31+00:00\" \/>\n<meta property=\"article:modified_time\" content=\"2023-04-11T09:47:09+00:00\" \/>\n<meta property=\"og:image\" content=\"https:\/\/www.laguiadepamplona.com\/actualidad\/wp-content\/uploads\/2023\/02\/23.02.22_taller_poetry_slam.webp\" \/>\n\t<meta property=\"og:image:width\" content=\"1080\" \/>\n\t<meta property=\"og:image:height\" content=\"1080\" \/>\n\t<meta property=\"og:image:type\" content=\"image\/webp\" \/>\n<meta name=\"author\" content=\"La Gu\u00eda de Pamplona\" \/>\n<meta name=\"twitter:card\" content=\"summary_large_image\" \/>\n<meta name=\"twitter:creator\" content=\"@LaGuiadPamplona\" \/>\n<meta name=\"twitter:site\" content=\"@LaGuiadPamplona\" \/>\n<meta name=\"twitter:label1\" content=\"Escrito por\" \/>\n\t<meta name=\"twitter:data1\" content=\"La Gu\u00eda de Pamplona\" \/>\n\t<meta name=\"twitter:label2\" content=\"Tiempo de lectura\" \/>\n\t<meta name=\"twitter:data2\" content=\"3 minutos\" \/>\n<script type=\"application\/ld+json\" class=\"yoast-schema-graph\">{\"@context\":\"https:\\\/\\\/schema.org\",\"@graph\":[{\"@type\":\"Article\",\"@id\":\"https:\\\/\\\/www.laguiadepamplona.com\\\/actualidad\\\/la-casa-de-la-juventud-ofrece-este-jueves-un-taller-de-iniciacion-al-poetry-slam-previo-a-la-competicion-del-proximo-25-de-marzo\\\/#article\",\"isPartOf\":{\"@id\":\"https:\\\/\\\/www.laguiadepamplona.com\\\/actualidad\\\/la-casa-de-la-juventud-ofrece-este-jueves-un-taller-de-iniciacion-al-poetry-slam-previo-a-la-competicion-del-proximo-25-de-marzo\\\/\"},\"author\":{\"name\":\"La Gu\u00eda de Pamplona\",\"@id\":\"https:\\\/\\\/www.laguiadepamplona.com\\\/actualidad\\\/#\\\/schema\\\/person\\\/efe887376f0213d4657c93adc50b1fdb\"},\"headline\":\"La Casa de la Juventud ofrece este jueves un taller de iniciaci\u00f3n al poetry slam, previo a la competici\u00f3n del pr\u00f3ximo 25 de marzo\",\"datePublished\":\"2023-02-22T11:42:31+00:00\",\"dateModified\":\"2023-04-11T09:47:09+00:00\",\"mainEntityOfPage\":{\"@id\":\"https:\\\/\\\/www.laguiadepamplona.com\\\/actualidad\\\/la-casa-de-la-juventud-ofrece-este-jueves-un-taller-de-iniciacion-al-poetry-slam-previo-a-la-competicion-del-proximo-25-de-marzo\\\/\"},\"wordCount\":550,\"commentCount\":0,\"publisher\":{\"@id\":\"https:\\\/\\\/www.laguiadepamplona.com\\\/actualidad\\\/#organization\"},\"image\":{\"@id\":\"https:\\\/\\\/www.laguiadepamplona.com\\\/actualidad\\\/la-casa-de-la-juventud-ofrece-este-jueves-un-taller-de-iniciacion-al-poetry-slam-previo-a-la-competicion-del-proximo-25-de-marzo\\\/#primaryimage\"},\"thumbnailUrl\":\"https:\\\/\\\/www.laguiadepamplona.com\\\/actualidad\\\/wp-content\\\/uploads\\\/2023\\\/02\\\/23.02.22_taller_poetry_slam.webp\",\"articleSection\":[\"Ayto Pamplona\"],\"inLanguage\":\"es\",\"potentialAction\":[{\"@type\":\"CommentAction\",\"name\":\"Comment\",\"target\":[\"https:\\\/\\\/www.laguiadepamplona.com\\\/actualidad\\\/la-casa-de-la-juventud-ofrece-este-jueves-un-taller-de-iniciacion-al-poetry-slam-previo-a-la-competicion-del-proximo-25-de-marzo\\\/#respond\"]}]},{\"@type\":\"WebPage\",\"@id\":\"https:\\\/\\\/www.laguiadepamplona.com\\\/actualidad\\\/la-casa-de-la-juventud-ofrece-este-jueves-un-taller-de-iniciacion-al-poetry-slam-previo-a-la-competicion-del-proximo-25-de-marzo\\\/\",\"url\":\"https:\\\/\\\/www.laguiadepamplona.com\\\/actualidad\\\/la-casa-de-la-juventud-ofrece-este-jueves-un-taller-de-iniciacion-al-poetry-slam-previo-a-la-competicion-del-proximo-25-de-marzo\\\/\",\"name\":\"La Casa de la Juventud ofrece este jueves un taller de iniciaci\u00f3n al poetry slam, previo a la competici\u00f3n del pr\u00f3ximo 25 de marzo\",\"isPartOf\":{\"@id\":\"https:\\\/\\\/www.laguiadepamplona.com\\\/actualidad\\\/#website\"},\"primaryImageOfPage\":{\"@id\":\"https:\\\/\\\/www.laguiadepamplona.com\\\/actualidad\\\/la-casa-de-la-juventud-ofrece-este-jueves-un-taller-de-iniciacion-al-poetry-slam-previo-a-la-competicion-del-proximo-25-de-marzo\\\/#primaryimage\"},\"image\":{\"@id\":\"https:\\\/\\\/www.laguiadepamplona.com\\\/actualidad\\\/la-casa-de-la-juventud-ofrece-este-jueves-un-taller-de-iniciacion-al-poetry-slam-previo-a-la-competicion-del-proximo-25-de-marzo\\\/#primaryimage\"},\"thumbnailUrl\":\"https:\\\/\\\/www.laguiadepamplona.com\\\/actualidad\\\/wp-content\\\/uploads\\\/2023\\\/02\\\/23.02.22_taller_poetry_slam.webp\",\"datePublished\":\"2023-02-22T11:42:31+00:00\",\"dateModified\":\"2023-04-11T09:47:09+00:00\",\"description\":\"La Casa de la Juventud ofrece este jueves un taller de iniciaci\u00f3n al poetry slam, previo a la competici\u00f3n del pr\u00f3ximo 25 de marzo\",\"breadcrumb\":{\"@id\":\"https:\\\/\\\/www.laguiadepamplona.com\\\/actualidad\\\/la-casa-de-la-juventud-ofrece-este-jueves-un-taller-de-iniciacion-al-poetry-slam-previo-a-la-competicion-del-proximo-25-de-marzo\\\/#breadcrumb\"},\"inLanguage\":\"es\",\"potentialAction\":[{\"@type\":\"ReadAction\",\"target\":[\"https:\\\/\\\/www.laguiadepamplona.com\\\/actualidad\\\/la-casa-de-la-juventud-ofrece-este-jueves-un-taller-de-iniciacion-al-poetry-slam-previo-a-la-competicion-del-proximo-25-de-marzo\\\/\"]}]},{\"@type\":\"ImageObject\",\"inLanguage\":\"es\",\"@id\":\"https:\\\/\\\/www.laguiadepamplona.com\\\/actualidad\\\/la-casa-de-la-juventud-ofrece-este-jueves-un-taller-de-iniciacion-al-poetry-slam-previo-a-la-competicion-del-proximo-25-de-marzo\\\/#primaryimage\",\"url\":\"https:\\\/\\\/www.laguiadepamplona.com\\\/actualidad\\\/wp-content\\\/uploads\\\/2023\\\/02\\\/23.02.22_taller_poetry_slam.webp\",\"contentUrl\":\"https:\\\/\\\/www.laguiadepamplona.com\\\/actualidad\\\/wp-content\\\/uploads\\\/2023\\\/02\\\/23.02.22_taller_poetry_slam.webp\",\"width\":1080,\"height\":1080},{\"@type\":\"BreadcrumbList\",\"@id\":\"https:\\\/\\\/www.laguiadepamplona.com\\\/actualidad\\\/la-casa-de-la-juventud-ofrece-este-jueves-un-taller-de-iniciacion-al-poetry-slam-previo-a-la-competicion-del-proximo-25-de-marzo\\\/#breadcrumb\",\"itemListElement\":[{\"@type\":\"ListItem\",\"position\":1,\"name\":\"Portada\",\"item\":\"https:\\\/\\\/www.laguiadepamplona.com\\\/actualidad\\\/\"},{\"@type\":\"ListItem\",\"position\":2,\"name\":\"La Casa de la Juventud ofrece este jueves un taller de iniciaci\u00f3n al poetry slam, previo a la competici\u00f3n del pr\u00f3ximo 25 de marzo\"}]},{\"@type\":\"WebSite\",\"@id\":\"https:\\\/\\\/www.laguiadepamplona.com\\\/actualidad\\\/#website\",\"url\":\"https:\\\/\\\/www.laguiadepamplona.com\\\/actualidad\\\/\",\"name\":\"La gu\u00eda de Pamplona\",\"description\":\"Noticias de Pamplona\",\"publisher\":{\"@id\":\"https:\\\/\\\/www.laguiadepamplona.com\\\/actualidad\\\/#organization\"},\"potentialAction\":[{\"@type\":\"SearchAction\",\"target\":{\"@type\":\"EntryPoint\",\"urlTemplate\":\"https:\\\/\\\/www.laguiadepamplona.com\\\/actualidad\\\/?s={search_term_string}\"},\"query-input\":{\"@type\":\"PropertyValueSpecification\",\"valueRequired\":true,\"valueName\":\"search_term_string\"}}],\"inLanguage\":\"es\"},{\"@type\":\"Organization\",\"@id\":\"https:\\\/\\\/www.laguiadepamplona.com\\\/actualidad\\\/#organization\",\"name\":\"La Gu\u00eda de Pamplona \\\/ Noticias\",\"url\":\"https:\\\/\\\/www.laguiadepamplona.com\\\/actualidad\\\/\",\"logo\":{\"@type\":\"ImageObject\",\"inLanguage\":\"es\",\"@id\":\"https:\\\/\\\/www.laguiadepamplona.com\\\/actualidad\\\/#\\\/schema\\\/logo\\\/image\\\/\",\"url\":\"https:\\\/\\\/www.laguiadepamplona.com\\\/actualidad\\\/wp-content\\\/uploads\\\/2018\\\/11\\\/logo-laguiadepamplona18-web1.png\",\"contentUrl\":\"https:\\\/\\\/www.laguiadepamplona.com\\\/actualidad\\\/wp-content\\\/uploads\\\/2018\\\/11\\\/logo-laguiadepamplona18-web1.png\",\"width\":600,\"height\":196,\"caption\":\"La Gu\u00eda de Pamplona \\\/ Noticias\"},\"image\":{\"@id\":\"https:\\\/\\\/www.laguiadepamplona.com\\\/actualidad\\\/#\\\/schema\\\/logo\\\/image\\\/\"},\"sameAs\":[\"https:\\\/\\\/www.facebook.com\\\/laguiadepamplonacom-133175176762273\\\/?ref=hl\",\"https:\\\/\\\/x.com\\\/LaGuiadPamplona\",\"https:\\\/\\\/www.instagram.com\\\/la_guia_de_pamplona\\\/\",\"https:\\\/\\\/www.youtube.com\\\/user\\\/laguiadepamplona\"]},{\"@type\":\"Person\",\"@id\":\"https:\\\/\\\/www.laguiadepamplona.com\\\/actualidad\\\/#\\\/schema\\\/person\\\/efe887376f0213d4657c93adc50b1fdb\",\"name\":\"La Gu\u00eda de Pamplona\",\"image\":{\"@type\":\"ImageObject\",\"inLanguage\":\"es\",\"@id\":\"https:\\\/\\\/secure.gravatar.com\\\/avatar\\\/b6992f131dc8d30ab0dff15446e9d346d9dbd95992de0fef795073f5ea83a81c?s=96&d=mm&r=g\",\"url\":\"https:\\\/\\\/secure.gravatar.com\\\/avatar\\\/b6992f131dc8d30ab0dff15446e9d346d9dbd95992de0fef795073f5ea83a81c?s=96&d=mm&r=g\",\"contentUrl\":\"https:\\\/\\\/secure.gravatar.com\\\/avatar\\\/b6992f131dc8d30ab0dff15446e9d346d9dbd95992de0fef795073f5ea83a81c?s=96&d=mm&r=g\",\"caption\":\"La Gu\u00eda de Pamplona\"}}]}<\/script>\n<!-- \/ Yoast SEO plugin. -->","yoast_head_json":{"title":"La Casa de la Juventud ofrece este jueves un taller de iniciaci\u00f3n al poetry slam, previo a la competici\u00f3n del pr\u00f3ximo 25 de marzo","description":"La Casa de la Juventud ofrece este jueves un taller de iniciaci\u00f3n al poetry slam, previo a la competici\u00f3n del pr\u00f3ximo 25 de marzo","robots":{"index":"index","follow":"follow","max-snippet":"max-snippet:-1","max-image-preview":"max-image-preview:large","max-video-preview":"max-video-preview:-1"},"canonical":"https:\/\/www.laguiadepamplona.com\/actualidad\/la-casa-de-la-juventud-ofrece-este-jueves-un-taller-de-iniciacion-al-poetry-slam-previo-a-la-competicion-del-proximo-25-de-marzo\/","og_locale":"es_ES","og_type":"article","og_title":"La Casa de la Juventud ofrece este jueves un taller de iniciaci\u00f3n al poetry slam, previo a la competici\u00f3n del pr\u00f3ximo 25 de marzo","og_description":"La Casa de la Juventud ofrece este jueves un taller de iniciaci\u00f3n al poetry slam, previo a la competici\u00f3n del pr\u00f3ximo 25 de marzo","og_url":"https:\/\/www.laguiadepamplona.com\/actualidad\/la-casa-de-la-juventud-ofrece-este-jueves-un-taller-de-iniciacion-al-poetry-slam-previo-a-la-competicion-del-proximo-25-de-marzo\/","og_site_name":"La Gu\u00eda de Pamplona","article_publisher":"https:\/\/www.facebook.com\/laguiadepamplonacom-133175176762273\/?ref=hl","article_published_time":"2023-02-22T11:42:31+00:00","article_modified_time":"2023-04-11T09:47:09+00:00","og_image":[{"width":1080,"height":1080,"url":"https:\/\/www.laguiadepamplona.com\/actualidad\/wp-content\/uploads\/2023\/02\/23.02.22_taller_poetry_slam.webp","type":"image\/webp"}],"author":"La Gu\u00eda de Pamplona","twitter_card":"summary_large_image","twitter_creator":"@LaGuiadPamplona","twitter_site":"@LaGuiadPamplona","twitter_misc":{"Escrito por":"La Gu\u00eda de Pamplona","Tiempo de lectura":"3 minutos"},"schema":{"@context":"https:\/\/schema.org","@graph":[{"@type":"Article","@id":"https:\/\/www.laguiadepamplona.com\/actualidad\/la-casa-de-la-juventud-ofrece-este-jueves-un-taller-de-iniciacion-al-poetry-slam-previo-a-la-competicion-del-proximo-25-de-marzo\/#article","isPartOf":{"@id":"https:\/\/www.laguiadepamplona.com\/actualidad\/la-casa-de-la-juventud-ofrece-este-jueves-un-taller-de-iniciacion-al-poetry-slam-previo-a-la-competicion-del-proximo-25-de-marzo\/"},"author":{"name":"La Gu\u00eda de Pamplona","@id":"https:\/\/www.laguiadepamplona.com\/actualidad\/#\/schema\/person\/efe887376f0213d4657c93adc50b1fdb"},"headline":"La Casa de la Juventud ofrece este jueves un taller de iniciaci\u00f3n al poetry slam, previo a la competici\u00f3n del pr\u00f3ximo 25 de marzo","datePublished":"2023-02-22T11:42:31+00:00","dateModified":"2023-04-11T09:47:09+00:00","mainEntityOfPage":{"@id":"https:\/\/www.laguiadepamplona.com\/actualidad\/la-casa-de-la-juventud-ofrece-este-jueves-un-taller-de-iniciacion-al-poetry-slam-previo-a-la-competicion-del-proximo-25-de-marzo\/"},"wordCount":550,"commentCount":0,"publisher":{"@id":"https:\/\/www.laguiadepamplona.com\/actualidad\/#organization"},"image":{"@id":"https:\/\/www.laguiadepamplona.com\/actualidad\/la-casa-de-la-juventud-ofrece-este-jueves-un-taller-de-iniciacion-al-poetry-slam-previo-a-la-competicion-del-proximo-25-de-marzo\/#primaryimage"},"thumbnailUrl":"https:\/\/www.laguiadepamplona.com\/actualidad\/wp-content\/uploads\/2023\/02\/23.02.22_taller_poetry_slam.webp","articleSection":["Ayto Pamplona"],"inLanguage":"es","potentialAction":[{"@type":"CommentAction","name":"Comment","target":["https:\/\/www.laguiadepamplona.com\/actualidad\/la-casa-de-la-juventud-ofrece-este-jueves-un-taller-de-iniciacion-al-poetry-slam-previo-a-la-competicion-del-proximo-25-de-marzo\/#respond"]}]},{"@type":"WebPage","@id":"https:\/\/www.laguiadepamplona.com\/actualidad\/la-casa-de-la-juventud-ofrece-este-jueves-un-taller-de-iniciacion-al-poetry-slam-previo-a-la-competicion-del-proximo-25-de-marzo\/","url":"https:\/\/www.laguiadepamplona.com\/actualidad\/la-casa-de-la-juventud-ofrece-este-jueves-un-taller-de-iniciacion-al-poetry-slam-previo-a-la-competicion-del-proximo-25-de-marzo\/","name":"La Casa de la Juventud ofrece este jueves un taller de iniciaci\u00f3n al poetry slam, previo a la competici\u00f3n del pr\u00f3ximo 25 de marzo","isPartOf":{"@id":"https:\/\/www.laguiadepamplona.com\/actualidad\/#website"},"primaryImageOfPage":{"@id":"https:\/\/www.laguiadepamplona.com\/actualidad\/la-casa-de-la-juventud-ofrece-este-jueves-un-taller-de-iniciacion-al-poetry-slam-previo-a-la-competicion-del-proximo-25-de-marzo\/#primaryimage"},"image":{"@id":"https:\/\/www.laguiadepamplona.com\/actualidad\/la-casa-de-la-juventud-ofrece-este-jueves-un-taller-de-iniciacion-al-poetry-slam-previo-a-la-competicion-del-proximo-25-de-marzo\/#primaryimage"},"thumbnailUrl":"https:\/\/www.laguiadepamplona.com\/actualidad\/wp-content\/uploads\/2023\/02\/23.02.22_taller_poetry_slam.webp","datePublished":"2023-02-22T11:42:31+00:00","dateModified":"2023-04-11T09:47:09+00:00","description":"La Casa de la Juventud ofrece este jueves un taller de iniciaci\u00f3n al poetry slam, previo a la competici\u00f3n del pr\u00f3ximo 25 de marzo","breadcrumb":{"@id":"https:\/\/www.laguiadepamplona.com\/actualidad\/la-casa-de-la-juventud-ofrece-este-jueves-un-taller-de-iniciacion-al-poetry-slam-previo-a-la-competicion-del-proximo-25-de-marzo\/#breadcrumb"},"inLanguage":"es","potentialAction":[{"@type":"ReadAction","target":["https:\/\/www.laguiadepamplona.com\/actualidad\/la-casa-de-la-juventud-ofrece-este-jueves-un-taller-de-iniciacion-al-poetry-slam-previo-a-la-competicion-del-proximo-25-de-marzo\/"]}]},{"@type":"ImageObject","inLanguage":"es","@id":"https:\/\/www.laguiadepamplona.com\/actualidad\/la-casa-de-la-juventud-ofrece-este-jueves-un-taller-de-iniciacion-al-poetry-slam-previo-a-la-competicion-del-proximo-25-de-marzo\/#primaryimage","url":"https:\/\/www.laguiadepamplona.com\/actualidad\/wp-content\/uploads\/2023\/02\/23.02.22_taller_poetry_slam.webp","contentUrl":"https:\/\/www.laguiadepamplona.com\/actualidad\/wp-content\/uploads\/2023\/02\/23.02.22_taller_poetry_slam.webp","width":1080,"height":1080},{"@type":"BreadcrumbList","@id":"https:\/\/www.laguiadepamplona.com\/actualidad\/la-casa-de-la-juventud-ofrece-este-jueves-un-taller-de-iniciacion-al-poetry-slam-previo-a-la-competicion-del-proximo-25-de-marzo\/#breadcrumb","itemListElement":[{"@type":"ListItem","position":1,"name":"Portada","item":"https:\/\/www.laguiadepamplona.com\/actualidad\/"},{"@type":"ListItem","position":2,"name":"La Casa de la Juventud ofrece este jueves un taller de iniciaci\u00f3n al poetry slam, previo a la competici\u00f3n del pr\u00f3ximo 25 de marzo"}]},{"@type":"WebSite","@id":"https:\/\/www.laguiadepamplona.com\/actualidad\/#website","url":"https:\/\/www.laguiadepamplona.com\/actualidad\/","name":"La gu\u00eda de Pamplona","description":"Noticias de Pamplona","publisher":{"@id":"https:\/\/www.laguiadepamplona.com\/actualidad\/#organization"},"potentialAction":[{"@type":"SearchAction","target":{"@type":"EntryPoint","urlTemplate":"https:\/\/www.laguiadepamplona.com\/actualidad\/?s={search_term_string}"},"query-input":{"@type":"PropertyValueSpecification","valueRequired":true,"valueName":"search_term_string"}}],"inLanguage":"es"},{"@type":"Organization","@id":"https:\/\/www.laguiadepamplona.com\/actualidad\/#organization","name":"La Gu\u00eda de Pamplona \/ Noticias","url":"https:\/\/www.laguiadepamplona.com\/actualidad\/","logo":{"@type":"ImageObject","inLanguage":"es","@id":"https:\/\/www.laguiadepamplona.com\/actualidad\/#\/schema\/logo\/image\/","url":"https:\/\/www.laguiadepamplona.com\/actualidad\/wp-content\/uploads\/2018\/11\/logo-laguiadepamplona18-web1.png","contentUrl":"https:\/\/www.laguiadepamplona.com\/actualidad\/wp-content\/uploads\/2018\/11\/logo-laguiadepamplona18-web1.png","width":600,"height":196,"caption":"La Gu\u00eda de Pamplona \/ Noticias"},"image":{"@id":"https:\/\/www.laguiadepamplona.com\/actualidad\/#\/schema\/logo\/image\/"},"sameAs":["https:\/\/www.facebook.com\/laguiadepamplonacom-133175176762273\/?ref=hl","https:\/\/x.com\/LaGuiadPamplona","https:\/\/www.instagram.com\/la_guia_de_pamplona\/","https:\/\/www.youtube.com\/user\/laguiadepamplona"]},{"@type":"Person","@id":"https:\/\/www.laguiadepamplona.com\/actualidad\/#\/schema\/person\/efe887376f0213d4657c93adc50b1fdb","name":"La Gu\u00eda de Pamplona","image":{"@type":"ImageObject","inLanguage":"es","@id":"https:\/\/secure.gravatar.com\/avatar\/b6992f131dc8d30ab0dff15446e9d346d9dbd95992de0fef795073f5ea83a81c?s=96&d=mm&r=g","url":"https:\/\/secure.gravatar.com\/avatar\/b6992f131dc8d30ab0dff15446e9d346d9dbd95992de0fef795073f5ea83a81c?s=96&d=mm&r=g","contentUrl":"https:\/\/secure.gravatar.com\/avatar\/b6992f131dc8d30ab0dff15446e9d346d9dbd95992de0fef795073f5ea83a81c?s=96&d=mm&r=g","caption":"La Gu\u00eda de Pamplona"}}]}},"post_mailing_queue_ids":[],"_links":{"self":[{"href":"https:\/\/www.laguiadepamplona.com\/actualidad\/wp-json\/wp\/v2\/posts\/42953","targetHints":{"allow":["GET"]}}],"collection":[{"href":"https:\/\/www.laguiadepamplona.com\/actualidad\/wp-json\/wp\/v2\/posts"}],"about":[{"href":"https:\/\/www.laguiadepamplona.com\/actualidad\/wp-json\/wp\/v2\/types\/post"}],"author":[{"embeddable":true,"href":"https:\/\/www.laguiadepamplona.com\/actualidad\/wp-json\/wp\/v2\/users\/1"}],"replies":[{"embeddable":true,"href":"https:\/\/www.laguiadepamplona.com\/actualidad\/wp-json\/wp\/v2\/comments?post=42953"}],"version-history":[{"count":0,"href":"https:\/\/www.laguiadepamplona.com\/actualidad\/wp-json\/wp\/v2\/posts\/42953\/revisions"}],"wp:featuredmedia":[{"embeddable":true,"href":"https:\/\/www.laguiadepamplona.com\/actualidad\/wp-json\/wp\/v2\/media\/42954"}],"wp:attachment":[{"href":"https:\/\/www.laguiadepamplona.com\/actualidad\/wp-json\/wp\/v2\/media?parent=42953"}],"wp:term":[{"taxonomy":"category","embeddable":true,"href":"https:\/\/www.laguiadepamplona.com\/actualidad\/wp-json\/wp\/v2\/categories?post=42953"},{"taxonomy":"post_tag","embeddable":true,"href":"https:\/\/www.laguiadepamplona.com\/actualidad\/wp-json\/wp\/v2\/tags?post=42953"}],"curies":[{"name":"wp","href":"https:\/\/api.w.org\/{rel}","templated":true}]}}