{"id":42943,"date":"2023-02-21T14:42:23","date_gmt":"2023-02-21T12:42:23","guid":{"rendered":"https:\/\/www.laguiadepamplona.com\/actualidad\/?p=42943"},"modified":"2023-04-11T11:47:09","modified_gmt":"2023-04-11T09:47:09","slug":"civivox-condestable-analiza-en-un-ciclo-de-dos-conferencias-el-contexto-historico-de-la-pamplona-del-siglo-xv-antes-y-despues-del-privilegio-de-la-union","status":"publish","type":"post","link":"https:\/\/www.laguiadepamplona.com\/actualidad\/civivox-condestable-analiza-en-un-ciclo-de-dos-conferencias-el-contexto-historico-de-la-pamplona-del-siglo-xv-antes-y-despues-del-privilegio-de-la-union\/","title":{"rendered":"Civivox Condestable analiza en un ciclo de dos conferencias el contexto hist\u00f3rico de la Pamplona del siglo XV, antes y despu\u00e9s del Privilegio de la Uni\u00f3n"},"content":{"rendered":"<h5>Ambas conferencias complementan las actividades organizadas por el Ayuntamiento para conmemorar el 600 aniversario del Privilegio de la Uni\u00f3n<\/h5>\n<p><!--more--><\/p>\n<p>Dos conferencias abordar\u00e1n este mi\u00e9rcoles y el 15 de marzo en Civivox Condestable el contexto hist\u00f3rico previo y la nueva realidad de la ciudad de Pamplona a partir de la firma del Privilegio de la Uni\u00f3n en 1423. Este programa monogr\u00e1fico complementa las actividades que coordina el Ayuntamiento de Pamplona para celebrar los 600 a\u00f1os de ese Privilegio de la Uni\u00f3n. La doctora en\u00a0<em>Historia del Arte<\/em>\u00a0y profesora de la UNED en Pamplona, Ana Ulargui, impartir\u00e1 ambas sesiones, que se celebrar\u00e1n a las 19.30 horas, con entrada libre hasta completar aforo.<\/p>\n<p>Desde septiembre de 1423, Pamplona se convert\u00eda en una ciudad unida despu\u00e9s de una larga historia de discordias, pleitos, guerras y destrucciones entre los burgos o poblaciones que hab\u00edan existido. Y es que, durante la Edad Media, Pamplona, la ciudad principal del reino, no formaba una sola unidad administrativa ni urbana, sino que estaba dividida en tres n\u00facleos o enclaves distintos: la Navarrer\u00eda, la vieja ciudad episcopal, heredera del antiguo municipio romano; el Burgo franco de San Cernin; y la Poblaci\u00f3n de San Nicol\u00e1s.<br \/>\n<script async src=\"\/\/pagead2.googlesyndication.com\/pagead\/js\/adsbygoogle.js\"><\/script><br \/>\n<!-- Noticias La Guia de Pamplona --><br \/>\n<ins class=\"adsbygoogle\"\nstyle=\"display:block\"\ndata-ad-client=\"ca-pub-6943679897239327\"\ndata-ad-slot=\"7048180777\"\ndata-ad-format=\"auto\"><\/ins><br \/>\n<script>\n(adsbygoogle = window.adsbygoogle || []).push({});\n<\/script><\/p>\n<p>La primera charla de este mi\u00e9rcoles analizar\u00e1 los antecedentes de ese Privilegio de la Uni\u00f3n. Pamplona, durante el reinado de Carlos III el Noble, era una ciudad dividida que a\u00fan se recuperaba de las heridas provocadas por las luchas internas que hab\u00eda padecido centurias anteriores. Arquitectura militar, dom\u00e9stica y religiosa compart\u00edan espacio dentro y fuera de sus muros, mientras la vida bull\u00eda en los talleres y mercados.<\/p>\n<p>El 15 de marzo la conferencia prevista se centrar\u00e1 en los retos y consecuencias del Privilegio de la Uni\u00f3n. El 8 de septiembre de 1423 las antiguas poblaciones en las que se divid\u00eda nuestra Pamplona quedaron vinculadas mediante el Privilegio de la Uni\u00f3n, concedido por Carlos III. A partir de esa fecha, la ciudad se encaminaba a nuevos retos: afrontar un belicoso y complejo siglo XV y prepararse para su transformaci\u00f3n en una ciudad propia de la Edad Moderna.<br \/>\n<script async src=\"\/\/pagead2.googlesyndication.com\/pagead\/js\/adsbygoogle.js\"><\/script><br \/>\n<!-- Noticias La Guia de Pamplona --><br \/>\n<ins class=\"adsbygoogle\"\nstyle=\"display:block\"\ndata-ad-client=\"ca-pub-6943679897239327\"\ndata-ad-slot=\"7048180777\"\ndata-ad-format=\"auto\"><\/ins><br \/>\n<script>\n(adsbygoogle = window.adsbygoogle || []).push({});\n<\/script><\/p>\n<p>&nbsp;<\/p>\n<h3>Pamplona 1423 \u2013 2023\u2026 600 a\u00f1os del Privilegio de la Uni\u00f3n<\/h3>\n<ul>\n<li>Mi\u00e9rcoles 22 de febrero, 19.30 horas. Civivox Condestable\n<ul>\n<li><strong>\u2018Pamplona siglo XV. La ciudad ante el Privilegio de la Uni\u00f3n\u2019<\/strong><\/li>\n<li>Ana Ulargui<\/li>\n<li>Entrada libre, hasta completar al aforo<\/li>\n<\/ul>\n<\/li>\n<\/ul>\n<p>&nbsp;<\/p>\n<ul>\n<li>Mi\u00e9rcoles 15 de marzo, 19.30 horas. Civivox Condestable\n<ul>\n<li><strong>\u2018El Privilegio de la Uni\u00f3n. Retos y consecuencias\u2019<\/strong><\/li>\n<li>Ana Ulargui<\/li>\n<li>Entrada libre, hasta completar al aforo<\/li>\n<\/ul>\n<\/li>\n<\/ul>\n","protected":false},"excerpt":{"rendered":"<p>Ambas conferencias complementan las actividades organizadas por el Ayuntamiento para conmemorar el 600 aniversario del Privilegio de la Uni\u00f3n<\/p>\n","protected":false},"author":1,"featured_media":17390,"comment_status":"open","ping_status":"closed","sticky":false,"template":"","format":"standard","meta":{"footnotes":""},"categories":[2],"tags":[],"class_list":["post-42943","post","type-post","status-publish","format-standard","has-post-thumbnail","hentry","category-ayuntamiento-pamplona"],"yoast_head":"<!-- This site is optimized with the Yoast SEO plugin v27.3 - https:\/\/yoast.com\/product\/yoast-seo-wordpress\/ -->\n<title>Civivox Condestable analiza en un ciclo de dos conferencias el contexto hist\u00f3rico de la Pamplona del siglo XV, antes y despu\u00e9s del Privilegio de la Uni\u00f3n<\/title>\n<meta name=\"description\" content=\"Ambas conferencias complementan las actividades organizadas por el Ayuntamiento para conmemorar el 600 aniversario del Privilegio de la Uni\u00f3n\" \/>\n<meta name=\"robots\" content=\"index, follow, max-snippet:-1, max-image-preview:large, max-video-preview:-1\" \/>\n<link rel=\"canonical\" href=\"https:\/\/www.laguiadepamplona.com\/actualidad\/civivox-condestable-analiza-en-un-ciclo-de-dos-conferencias-el-contexto-historico-de-la-pamplona-del-siglo-xv-antes-y-despues-del-privilegio-de-la-union\/\" \/>\n<meta property=\"og:locale\" content=\"es_ES\" \/>\n<meta property=\"og:type\" content=\"article\" \/>\n<meta property=\"og:title\" content=\"Civivox Condestable analiza en un ciclo de dos conferencias el contexto hist\u00f3rico de la Pamplona del siglo XV, antes y despu\u00e9s del Privilegio de la Uni\u00f3n\" \/>\n<meta property=\"og:description\" content=\"Ambas conferencias complementan las actividades organizadas por el Ayuntamiento para conmemorar el 600 aniversario del Privilegio de la Uni\u00f3n\" \/>\n<meta property=\"og:url\" content=\"https:\/\/www.laguiadepamplona.com\/actualidad\/civivox-condestable-analiza-en-un-ciclo-de-dos-conferencias-el-contexto-historico-de-la-pamplona-del-siglo-xv-antes-y-despues-del-privilegio-de-la-union\/\" \/>\n<meta property=\"og:site_name\" content=\"La Gu\u00eda de Pamplona\" \/>\n<meta property=\"article:publisher\" content=\"https:\/\/www.facebook.com\/laguiadepamplonacom-133175176762273\/?ref=hl\" \/>\n<meta property=\"article:published_time\" content=\"2023-02-21T12:42:23+00:00\" \/>\n<meta property=\"article:modified_time\" content=\"2023-04-11T09:47:09+00:00\" \/>\n<meta property=\"og:image\" content=\"https:\/\/www.laguiadepamplona.com\/actualidad\/wp-content\/uploads\/2018\/05\/palacio-condestable.jpg\" \/>\n\t<meta property=\"og:image:width\" content=\"950\" \/>\n\t<meta property=\"og:image:height\" content=\"634\" \/>\n\t<meta property=\"og:image:type\" content=\"image\/jpeg\" \/>\n<meta name=\"author\" content=\"La Gu\u00eda de Pamplona\" \/>\n<meta name=\"twitter:card\" content=\"summary_large_image\" \/>\n<meta name=\"twitter:creator\" content=\"@LaGuiadPamplona\" \/>\n<meta name=\"twitter:site\" content=\"@LaGuiadPamplona\" \/>\n<meta name=\"twitter:label1\" content=\"Escrito por\" \/>\n\t<meta name=\"twitter:data1\" content=\"La Gu\u00eda de Pamplona\" \/>\n\t<meta name=\"twitter:label2\" content=\"Tiempo de lectura\" \/>\n\t<meta name=\"twitter:data2\" content=\"2 minutos\" \/>\n<script type=\"application\/ld+json\" class=\"yoast-schema-graph\">{\"@context\":\"https:\\\/\\\/schema.org\",\"@graph\":[{\"@type\":\"Article\",\"@id\":\"https:\\\/\\\/www.laguiadepamplona.com\\\/actualidad\\\/civivox-condestable-analiza-en-un-ciclo-de-dos-conferencias-el-contexto-historico-de-la-pamplona-del-siglo-xv-antes-y-despues-del-privilegio-de-la-union\\\/#article\",\"isPartOf\":{\"@id\":\"https:\\\/\\\/www.laguiadepamplona.com\\\/actualidad\\\/civivox-condestable-analiza-en-un-ciclo-de-dos-conferencias-el-contexto-historico-de-la-pamplona-del-siglo-xv-antes-y-despues-del-privilegio-de-la-union\\\/\"},\"author\":{\"name\":\"La Gu\u00eda de Pamplona\",\"@id\":\"https:\\\/\\\/www.laguiadepamplona.com\\\/actualidad\\\/#\\\/schema\\\/person\\\/efe887376f0213d4657c93adc50b1fdb\"},\"headline\":\"Civivox Condestable analiza en un ciclo de dos conferencias el contexto hist\u00f3rico de la Pamplona del siglo XV, antes y despu\u00e9s del Privilegio de la Uni\u00f3n\",\"datePublished\":\"2023-02-21T12:42:23+00:00\",\"dateModified\":\"2023-04-11T09:47:09+00:00\",\"mainEntityOfPage\":{\"@id\":\"https:\\\/\\\/www.laguiadepamplona.com\\\/actualidad\\\/civivox-condestable-analiza-en-un-ciclo-de-dos-conferencias-el-contexto-historico-de-la-pamplona-del-siglo-xv-antes-y-despues-del-privilegio-de-la-union\\\/\"},\"wordCount\":450,\"commentCount\":0,\"publisher\":{\"@id\":\"https:\\\/\\\/www.laguiadepamplona.com\\\/actualidad\\\/#organization\"},\"image\":{\"@id\":\"https:\\\/\\\/www.laguiadepamplona.com\\\/actualidad\\\/civivox-condestable-analiza-en-un-ciclo-de-dos-conferencias-el-contexto-historico-de-la-pamplona-del-siglo-xv-antes-y-despues-del-privilegio-de-la-union\\\/#primaryimage\"},\"thumbnailUrl\":\"https:\\\/\\\/www.laguiadepamplona.com\\\/actualidad\\\/wp-content\\\/uploads\\\/2018\\\/05\\\/palacio-condestable.jpg\",\"articleSection\":[\"Ayto Pamplona\"],\"inLanguage\":\"es\",\"potentialAction\":[{\"@type\":\"CommentAction\",\"name\":\"Comment\",\"target\":[\"https:\\\/\\\/www.laguiadepamplona.com\\\/actualidad\\\/civivox-condestable-analiza-en-un-ciclo-de-dos-conferencias-el-contexto-historico-de-la-pamplona-del-siglo-xv-antes-y-despues-del-privilegio-de-la-union\\\/#respond\"]}]},{\"@type\":\"WebPage\",\"@id\":\"https:\\\/\\\/www.laguiadepamplona.com\\\/actualidad\\\/civivox-condestable-analiza-en-un-ciclo-de-dos-conferencias-el-contexto-historico-de-la-pamplona-del-siglo-xv-antes-y-despues-del-privilegio-de-la-union\\\/\",\"url\":\"https:\\\/\\\/www.laguiadepamplona.com\\\/actualidad\\\/civivox-condestable-analiza-en-un-ciclo-de-dos-conferencias-el-contexto-historico-de-la-pamplona-del-siglo-xv-antes-y-despues-del-privilegio-de-la-union\\\/\",\"name\":\"Civivox Condestable analiza en un ciclo de dos conferencias el contexto hist\u00f3rico de la Pamplona del siglo XV, antes y despu\u00e9s del Privilegio de la Uni\u00f3n\",\"isPartOf\":{\"@id\":\"https:\\\/\\\/www.laguiadepamplona.com\\\/actualidad\\\/#website\"},\"primaryImageOfPage\":{\"@id\":\"https:\\\/\\\/www.laguiadepamplona.com\\\/actualidad\\\/civivox-condestable-analiza-en-un-ciclo-de-dos-conferencias-el-contexto-historico-de-la-pamplona-del-siglo-xv-antes-y-despues-del-privilegio-de-la-union\\\/#primaryimage\"},\"image\":{\"@id\":\"https:\\\/\\\/www.laguiadepamplona.com\\\/actualidad\\\/civivox-condestable-analiza-en-un-ciclo-de-dos-conferencias-el-contexto-historico-de-la-pamplona-del-siglo-xv-antes-y-despues-del-privilegio-de-la-union\\\/#primaryimage\"},\"thumbnailUrl\":\"https:\\\/\\\/www.laguiadepamplona.com\\\/actualidad\\\/wp-content\\\/uploads\\\/2018\\\/05\\\/palacio-condestable.jpg\",\"datePublished\":\"2023-02-21T12:42:23+00:00\",\"dateModified\":\"2023-04-11T09:47:09+00:00\",\"description\":\"Ambas conferencias complementan las actividades organizadas por el Ayuntamiento para conmemorar el 600 aniversario del Privilegio de la Uni\u00f3n\",\"breadcrumb\":{\"@id\":\"https:\\\/\\\/www.laguiadepamplona.com\\\/actualidad\\\/civivox-condestable-analiza-en-un-ciclo-de-dos-conferencias-el-contexto-historico-de-la-pamplona-del-siglo-xv-antes-y-despues-del-privilegio-de-la-union\\\/#breadcrumb\"},\"inLanguage\":\"es\",\"potentialAction\":[{\"@type\":\"ReadAction\",\"target\":[\"https:\\\/\\\/www.laguiadepamplona.com\\\/actualidad\\\/civivox-condestable-analiza-en-un-ciclo-de-dos-conferencias-el-contexto-historico-de-la-pamplona-del-siglo-xv-antes-y-despues-del-privilegio-de-la-union\\\/\"]}]},{\"@type\":\"ImageObject\",\"inLanguage\":\"es\",\"@id\":\"https:\\\/\\\/www.laguiadepamplona.com\\\/actualidad\\\/civivox-condestable-analiza-en-un-ciclo-de-dos-conferencias-el-contexto-historico-de-la-pamplona-del-siglo-xv-antes-y-despues-del-privilegio-de-la-union\\\/#primaryimage\",\"url\":\"https:\\\/\\\/www.laguiadepamplona.com\\\/actualidad\\\/wp-content\\\/uploads\\\/2018\\\/05\\\/palacio-condestable.jpg\",\"contentUrl\":\"https:\\\/\\\/www.laguiadepamplona.com\\\/actualidad\\\/wp-content\\\/uploads\\\/2018\\\/05\\\/palacio-condestable.jpg\",\"width\":950,\"height\":634,\"caption\":\"civivox condestable\"},{\"@type\":\"BreadcrumbList\",\"@id\":\"https:\\\/\\\/www.laguiadepamplona.com\\\/actualidad\\\/civivox-condestable-analiza-en-un-ciclo-de-dos-conferencias-el-contexto-historico-de-la-pamplona-del-siglo-xv-antes-y-despues-del-privilegio-de-la-union\\\/#breadcrumb\",\"itemListElement\":[{\"@type\":\"ListItem\",\"position\":1,\"name\":\"Portada\",\"item\":\"https:\\\/\\\/www.laguiadepamplona.com\\\/actualidad\\\/\"},{\"@type\":\"ListItem\",\"position\":2,\"name\":\"Civivox Condestable analiza en un ciclo de dos conferencias el contexto hist\u00f3rico de la Pamplona del siglo XV, antes y despu\u00e9s del Privilegio de la Uni\u00f3n\"}]},{\"@type\":\"WebSite\",\"@id\":\"https:\\\/\\\/www.laguiadepamplona.com\\\/actualidad\\\/#website\",\"url\":\"https:\\\/\\\/www.laguiadepamplona.com\\\/actualidad\\\/\",\"name\":\"La gu\u00eda de Pamplona\",\"description\":\"Noticias de Pamplona\",\"publisher\":{\"@id\":\"https:\\\/\\\/www.laguiadepamplona.com\\\/actualidad\\\/#organization\"},\"potentialAction\":[{\"@type\":\"SearchAction\",\"target\":{\"@type\":\"EntryPoint\",\"urlTemplate\":\"https:\\\/\\\/www.laguiadepamplona.com\\\/actualidad\\\/?s={search_term_string}\"},\"query-input\":{\"@type\":\"PropertyValueSpecification\",\"valueRequired\":true,\"valueName\":\"search_term_string\"}}],\"inLanguage\":\"es\"},{\"@type\":\"Organization\",\"@id\":\"https:\\\/\\\/www.laguiadepamplona.com\\\/actualidad\\\/#organization\",\"name\":\"La Gu\u00eda de Pamplona \\\/ Noticias\",\"url\":\"https:\\\/\\\/www.laguiadepamplona.com\\\/actualidad\\\/\",\"logo\":{\"@type\":\"ImageObject\",\"inLanguage\":\"es\",\"@id\":\"https:\\\/\\\/www.laguiadepamplona.com\\\/actualidad\\\/#\\\/schema\\\/logo\\\/image\\\/\",\"url\":\"https:\\\/\\\/www.laguiadepamplona.com\\\/actualidad\\\/wp-content\\\/uploads\\\/2018\\\/11\\\/logo-laguiadepamplona18-web1.png\",\"contentUrl\":\"https:\\\/\\\/www.laguiadepamplona.com\\\/actualidad\\\/wp-content\\\/uploads\\\/2018\\\/11\\\/logo-laguiadepamplona18-web1.png\",\"width\":600,\"height\":196,\"caption\":\"La Gu\u00eda de Pamplona \\\/ Noticias\"},\"image\":{\"@id\":\"https:\\\/\\\/www.laguiadepamplona.com\\\/actualidad\\\/#\\\/schema\\\/logo\\\/image\\\/\"},\"sameAs\":[\"https:\\\/\\\/www.facebook.com\\\/laguiadepamplonacom-133175176762273\\\/?ref=hl\",\"https:\\\/\\\/x.com\\\/LaGuiadPamplona\",\"https:\\\/\\\/www.instagram.com\\\/la_guia_de_pamplona\\\/\",\"https:\\\/\\\/www.youtube.com\\\/user\\\/laguiadepamplona\"]},{\"@type\":\"Person\",\"@id\":\"https:\\\/\\\/www.laguiadepamplona.com\\\/actualidad\\\/#\\\/schema\\\/person\\\/efe887376f0213d4657c93adc50b1fdb\",\"name\":\"La Gu\u00eda de Pamplona\",\"image\":{\"@type\":\"ImageObject\",\"inLanguage\":\"es\",\"@id\":\"https:\\\/\\\/secure.gravatar.com\\\/avatar\\\/b6992f131dc8d30ab0dff15446e9d346d9dbd95992de0fef795073f5ea83a81c?s=96&d=mm&r=g\",\"url\":\"https:\\\/\\\/secure.gravatar.com\\\/avatar\\\/b6992f131dc8d30ab0dff15446e9d346d9dbd95992de0fef795073f5ea83a81c?s=96&d=mm&r=g\",\"contentUrl\":\"https:\\\/\\\/secure.gravatar.com\\\/avatar\\\/b6992f131dc8d30ab0dff15446e9d346d9dbd95992de0fef795073f5ea83a81c?s=96&d=mm&r=g\",\"caption\":\"La Gu\u00eda de Pamplona\"}}]}<\/script>\n<!-- \/ Yoast SEO plugin. -->","yoast_head_json":{"title":"Civivox Condestable analiza en un ciclo de dos conferencias el contexto hist\u00f3rico de la Pamplona del siglo XV, antes y despu\u00e9s del Privilegio de la Uni\u00f3n","description":"Ambas conferencias complementan las actividades organizadas por el Ayuntamiento para conmemorar el 600 aniversario del Privilegio de la Uni\u00f3n","robots":{"index":"index","follow":"follow","max-snippet":"max-snippet:-1","max-image-preview":"max-image-preview:large","max-video-preview":"max-video-preview:-1"},"canonical":"https:\/\/www.laguiadepamplona.com\/actualidad\/civivox-condestable-analiza-en-un-ciclo-de-dos-conferencias-el-contexto-historico-de-la-pamplona-del-siglo-xv-antes-y-despues-del-privilegio-de-la-union\/","og_locale":"es_ES","og_type":"article","og_title":"Civivox Condestable analiza en un ciclo de dos conferencias el contexto hist\u00f3rico de la Pamplona del siglo XV, antes y despu\u00e9s del Privilegio de la Uni\u00f3n","og_description":"Ambas conferencias complementan las actividades organizadas por el Ayuntamiento para conmemorar el 600 aniversario del Privilegio de la Uni\u00f3n","og_url":"https:\/\/www.laguiadepamplona.com\/actualidad\/civivox-condestable-analiza-en-un-ciclo-de-dos-conferencias-el-contexto-historico-de-la-pamplona-del-siglo-xv-antes-y-despues-del-privilegio-de-la-union\/","og_site_name":"La Gu\u00eda de Pamplona","article_publisher":"https:\/\/www.facebook.com\/laguiadepamplonacom-133175176762273\/?ref=hl","article_published_time":"2023-02-21T12:42:23+00:00","article_modified_time":"2023-04-11T09:47:09+00:00","og_image":[{"width":950,"height":634,"url":"https:\/\/www.laguiadepamplona.com\/actualidad\/wp-content\/uploads\/2018\/05\/palacio-condestable.jpg","type":"image\/jpeg"}],"author":"La Gu\u00eda de Pamplona","twitter_card":"summary_large_image","twitter_creator":"@LaGuiadPamplona","twitter_site":"@LaGuiadPamplona","twitter_misc":{"Escrito por":"La Gu\u00eda de Pamplona","Tiempo de lectura":"2 minutos"},"schema":{"@context":"https:\/\/schema.org","@graph":[{"@type":"Article","@id":"https:\/\/www.laguiadepamplona.com\/actualidad\/civivox-condestable-analiza-en-un-ciclo-de-dos-conferencias-el-contexto-historico-de-la-pamplona-del-siglo-xv-antes-y-despues-del-privilegio-de-la-union\/#article","isPartOf":{"@id":"https:\/\/www.laguiadepamplona.com\/actualidad\/civivox-condestable-analiza-en-un-ciclo-de-dos-conferencias-el-contexto-historico-de-la-pamplona-del-siglo-xv-antes-y-despues-del-privilegio-de-la-union\/"},"author":{"name":"La Gu\u00eda de Pamplona","@id":"https:\/\/www.laguiadepamplona.com\/actualidad\/#\/schema\/person\/efe887376f0213d4657c93adc50b1fdb"},"headline":"Civivox Condestable analiza en un ciclo de dos conferencias el contexto hist\u00f3rico de la Pamplona del siglo XV, antes y despu\u00e9s del Privilegio de la Uni\u00f3n","datePublished":"2023-02-21T12:42:23+00:00","dateModified":"2023-04-11T09:47:09+00:00","mainEntityOfPage":{"@id":"https:\/\/www.laguiadepamplona.com\/actualidad\/civivox-condestable-analiza-en-un-ciclo-de-dos-conferencias-el-contexto-historico-de-la-pamplona-del-siglo-xv-antes-y-despues-del-privilegio-de-la-union\/"},"wordCount":450,"commentCount":0,"publisher":{"@id":"https:\/\/www.laguiadepamplona.com\/actualidad\/#organization"},"image":{"@id":"https:\/\/www.laguiadepamplona.com\/actualidad\/civivox-condestable-analiza-en-un-ciclo-de-dos-conferencias-el-contexto-historico-de-la-pamplona-del-siglo-xv-antes-y-despues-del-privilegio-de-la-union\/#primaryimage"},"thumbnailUrl":"https:\/\/www.laguiadepamplona.com\/actualidad\/wp-content\/uploads\/2018\/05\/palacio-condestable.jpg","articleSection":["Ayto Pamplona"],"inLanguage":"es","potentialAction":[{"@type":"CommentAction","name":"Comment","target":["https:\/\/www.laguiadepamplona.com\/actualidad\/civivox-condestable-analiza-en-un-ciclo-de-dos-conferencias-el-contexto-historico-de-la-pamplona-del-siglo-xv-antes-y-despues-del-privilegio-de-la-union\/#respond"]}]},{"@type":"WebPage","@id":"https:\/\/www.laguiadepamplona.com\/actualidad\/civivox-condestable-analiza-en-un-ciclo-de-dos-conferencias-el-contexto-historico-de-la-pamplona-del-siglo-xv-antes-y-despues-del-privilegio-de-la-union\/","url":"https:\/\/www.laguiadepamplona.com\/actualidad\/civivox-condestable-analiza-en-un-ciclo-de-dos-conferencias-el-contexto-historico-de-la-pamplona-del-siglo-xv-antes-y-despues-del-privilegio-de-la-union\/","name":"Civivox Condestable analiza en un ciclo de dos conferencias el contexto hist\u00f3rico de la Pamplona del siglo XV, antes y despu\u00e9s del Privilegio de la Uni\u00f3n","isPartOf":{"@id":"https:\/\/www.laguiadepamplona.com\/actualidad\/#website"},"primaryImageOfPage":{"@id":"https:\/\/www.laguiadepamplona.com\/actualidad\/civivox-condestable-analiza-en-un-ciclo-de-dos-conferencias-el-contexto-historico-de-la-pamplona-del-siglo-xv-antes-y-despues-del-privilegio-de-la-union\/#primaryimage"},"image":{"@id":"https:\/\/www.laguiadepamplona.com\/actualidad\/civivox-condestable-analiza-en-un-ciclo-de-dos-conferencias-el-contexto-historico-de-la-pamplona-del-siglo-xv-antes-y-despues-del-privilegio-de-la-union\/#primaryimage"},"thumbnailUrl":"https:\/\/www.laguiadepamplona.com\/actualidad\/wp-content\/uploads\/2018\/05\/palacio-condestable.jpg","datePublished":"2023-02-21T12:42:23+00:00","dateModified":"2023-04-11T09:47:09+00:00","description":"Ambas conferencias complementan las actividades organizadas por el Ayuntamiento para conmemorar el 600 aniversario del Privilegio de la Uni\u00f3n","breadcrumb":{"@id":"https:\/\/www.laguiadepamplona.com\/actualidad\/civivox-condestable-analiza-en-un-ciclo-de-dos-conferencias-el-contexto-historico-de-la-pamplona-del-siglo-xv-antes-y-despues-del-privilegio-de-la-union\/#breadcrumb"},"inLanguage":"es","potentialAction":[{"@type":"ReadAction","target":["https:\/\/www.laguiadepamplona.com\/actualidad\/civivox-condestable-analiza-en-un-ciclo-de-dos-conferencias-el-contexto-historico-de-la-pamplona-del-siglo-xv-antes-y-despues-del-privilegio-de-la-union\/"]}]},{"@type":"ImageObject","inLanguage":"es","@id":"https:\/\/www.laguiadepamplona.com\/actualidad\/civivox-condestable-analiza-en-un-ciclo-de-dos-conferencias-el-contexto-historico-de-la-pamplona-del-siglo-xv-antes-y-despues-del-privilegio-de-la-union\/#primaryimage","url":"https:\/\/www.laguiadepamplona.com\/actualidad\/wp-content\/uploads\/2018\/05\/palacio-condestable.jpg","contentUrl":"https:\/\/www.laguiadepamplona.com\/actualidad\/wp-content\/uploads\/2018\/05\/palacio-condestable.jpg","width":950,"height":634,"caption":"civivox condestable"},{"@type":"BreadcrumbList","@id":"https:\/\/www.laguiadepamplona.com\/actualidad\/civivox-condestable-analiza-en-un-ciclo-de-dos-conferencias-el-contexto-historico-de-la-pamplona-del-siglo-xv-antes-y-despues-del-privilegio-de-la-union\/#breadcrumb","itemListElement":[{"@type":"ListItem","position":1,"name":"Portada","item":"https:\/\/www.laguiadepamplona.com\/actualidad\/"},{"@type":"ListItem","position":2,"name":"Civivox Condestable analiza en un ciclo de dos conferencias el contexto hist\u00f3rico de la Pamplona del siglo XV, antes y despu\u00e9s del Privilegio de la Uni\u00f3n"}]},{"@type":"WebSite","@id":"https:\/\/www.laguiadepamplona.com\/actualidad\/#website","url":"https:\/\/www.laguiadepamplona.com\/actualidad\/","name":"La gu\u00eda de Pamplona","description":"Noticias de Pamplona","publisher":{"@id":"https:\/\/www.laguiadepamplona.com\/actualidad\/#organization"},"potentialAction":[{"@type":"SearchAction","target":{"@type":"EntryPoint","urlTemplate":"https:\/\/www.laguiadepamplona.com\/actualidad\/?s={search_term_string}"},"query-input":{"@type":"PropertyValueSpecification","valueRequired":true,"valueName":"search_term_string"}}],"inLanguage":"es"},{"@type":"Organization","@id":"https:\/\/www.laguiadepamplona.com\/actualidad\/#organization","name":"La Gu\u00eda de Pamplona \/ Noticias","url":"https:\/\/www.laguiadepamplona.com\/actualidad\/","logo":{"@type":"ImageObject","inLanguage":"es","@id":"https:\/\/www.laguiadepamplona.com\/actualidad\/#\/schema\/logo\/image\/","url":"https:\/\/www.laguiadepamplona.com\/actualidad\/wp-content\/uploads\/2018\/11\/logo-laguiadepamplona18-web1.png","contentUrl":"https:\/\/www.laguiadepamplona.com\/actualidad\/wp-content\/uploads\/2018\/11\/logo-laguiadepamplona18-web1.png","width":600,"height":196,"caption":"La Gu\u00eda de Pamplona \/ Noticias"},"image":{"@id":"https:\/\/www.laguiadepamplona.com\/actualidad\/#\/schema\/logo\/image\/"},"sameAs":["https:\/\/www.facebook.com\/laguiadepamplonacom-133175176762273\/?ref=hl","https:\/\/x.com\/LaGuiadPamplona","https:\/\/www.instagram.com\/la_guia_de_pamplona\/","https:\/\/www.youtube.com\/user\/laguiadepamplona"]},{"@type":"Person","@id":"https:\/\/www.laguiadepamplona.com\/actualidad\/#\/schema\/person\/efe887376f0213d4657c93adc50b1fdb","name":"La Gu\u00eda de Pamplona","image":{"@type":"ImageObject","inLanguage":"es","@id":"https:\/\/secure.gravatar.com\/avatar\/b6992f131dc8d30ab0dff15446e9d346d9dbd95992de0fef795073f5ea83a81c?s=96&d=mm&r=g","url":"https:\/\/secure.gravatar.com\/avatar\/b6992f131dc8d30ab0dff15446e9d346d9dbd95992de0fef795073f5ea83a81c?s=96&d=mm&r=g","contentUrl":"https:\/\/secure.gravatar.com\/avatar\/b6992f131dc8d30ab0dff15446e9d346d9dbd95992de0fef795073f5ea83a81c?s=96&d=mm&r=g","caption":"La Gu\u00eda de Pamplona"}}]}},"post_mailing_queue_ids":[],"_links":{"self":[{"href":"https:\/\/www.laguiadepamplona.com\/actualidad\/wp-json\/wp\/v2\/posts\/42943","targetHints":{"allow":["GET"]}}],"collection":[{"href":"https:\/\/www.laguiadepamplona.com\/actualidad\/wp-json\/wp\/v2\/posts"}],"about":[{"href":"https:\/\/www.laguiadepamplona.com\/actualidad\/wp-json\/wp\/v2\/types\/post"}],"author":[{"embeddable":true,"href":"https:\/\/www.laguiadepamplona.com\/actualidad\/wp-json\/wp\/v2\/users\/1"}],"replies":[{"embeddable":true,"href":"https:\/\/www.laguiadepamplona.com\/actualidad\/wp-json\/wp\/v2\/comments?post=42943"}],"version-history":[{"count":0,"href":"https:\/\/www.laguiadepamplona.com\/actualidad\/wp-json\/wp\/v2\/posts\/42943\/revisions"}],"wp:featuredmedia":[{"embeddable":true,"href":"https:\/\/www.laguiadepamplona.com\/actualidad\/wp-json\/wp\/v2\/media\/17390"}],"wp:attachment":[{"href":"https:\/\/www.laguiadepamplona.com\/actualidad\/wp-json\/wp\/v2\/media?parent=42943"}],"wp:term":[{"taxonomy":"category","embeddable":true,"href":"https:\/\/www.laguiadepamplona.com\/actualidad\/wp-json\/wp\/v2\/categories?post=42943"},{"taxonomy":"post_tag","embeddable":true,"href":"https:\/\/www.laguiadepamplona.com\/actualidad\/wp-json\/wp\/v2\/tags?post=42943"}],"curies":[{"name":"wp","href":"https:\/\/api.w.org\/{rel}","templated":true}]}}