{"id":42938,"date":"2023-02-21T14:38:47","date_gmt":"2023-02-21T12:38:47","guid":{"rendered":"https:\/\/www.laguiadepamplona.com\/actualidad\/?p=42938"},"modified":"2023-04-11T11:47:10","modified_gmt":"2023-04-11T09:47:10","slug":"convocadas-pruebas-selectivas-para-generar-una-lista-de-contratacion-para-profesorado-de-la-especialidad-de-coro-en-la-escuela-de-musica-joaquin-maya","status":"publish","type":"post","link":"https:\/\/www.laguiadepamplona.com\/actualidad\/convocadas-pruebas-selectivas-para-generar-una-lista-de-contratacion-para-profesorado-de-la-especialidad-de-coro-en-la-escuela-de-musica-joaquin-maya\/","title":{"rendered":"Convocadas pruebas selectivas para generar una lista de contrataci\u00f3n para profesorado de la especialidad de coro en la Escuela de M\u00fasica Joaqu\u00edn Maya"},"content":{"rendered":"<h5>El 27 de febrero concluye el plazo de presentaci\u00f3n de solicitudes para esta convocatoria municipal de empleo p\u00fablico<\/h5>\n<p><!--more--><\/p>\n<p>El Ayuntamiento de Pamplona ha convocado pruebas selectivas para la constituci\u00f3n de una relaci\u00f3n de aspirantes al desempe\u00f1o, mediante contrataci\u00f3n temporal, del puesto de trabajo de profesor o profesora en la especialidad de coro en la Escuela de M\u00fasica Joaqu\u00edn Maya. El pr\u00f3ximo 27 de febrero finalizar el plazo para presentar las solicitudes de forma telem\u00e1tica, a trav\u00e9s <a href=\"http:\/\/www.pamplona.es\" target=\"_blank\" rel=\"noopener\">www.pamplona.es<\/a>.\u00a0 La tasa a abonar en concepto de derechos de examen y formalizaci\u00f3n de expediente es de 11 euros.<br \/>\n<script async src=\"\/\/pagead2.googlesyndication.com\/pagead\/js\/adsbygoogle.js\"><\/script><br \/>\n<!-- Noticias La Guia de Pamplona --><br \/>\n<ins class=\"adsbygoogle\"\nstyle=\"display:block\"\ndata-ad-client=\"ca-pub-6943679897239327\"\ndata-ad-slot=\"7048180777\"\ndata-ad-format=\"auto\"><\/ins><br \/>\n<script>\n(adsbygoogle = window.adsbygoogle || []).push({});\n<\/script><\/p>\n<p>Las personas que quieran concurrir a esta convocatoria deben cumplir los requisitos de nacionalidad, edad, capacidad f\u00edsica y ps\u00edquica y no hallarse inhabilitadas ni suspendidas para el ejercicio de funciones p\u00fablicas y no haber sido separadas del servicio de una Administraci\u00f3n P\u00fablica. Deben contar, adem\u00e1s, con t\u00edtulo de Diplomatura o Grado Universitario, Ingenier\u00eda T\u00e9cnica, Arquitectura T\u00e9cnica o equivalente y T\u00edtulo Profesional de Grado Medio en cualquier especialidad musical, o con t\u00edtulo de Estudios Superiores en cualquier especialidad musical o, en su caso, el T\u00edtulo de Profesor\/a de Grado Medio en cualquier especialidad musical expedido de conformidad con el Decreto 2618\/1966, de 10 de septiembre, sobre Reglamentaci\u00f3n General de los Conservatorios de M\u00fasica.<\/p>\n<p>Por \u00faltimo, es requisito para el acceso a aquellos puestos que impliquen contacto habitual con menores, el no haber sido condenado por sentencia firme por alg\u00fan delito contra la libertad e indemnidad sexual, as\u00ed como por trata de seres humanos. La convocatoria puede consultarse en el apartado de <a href=\"https:\/\/sedeelectronica.pamplona.es\/FichaTramite.aspx?id=EP3000009&amp;Idioma=1\" target=\"_blank\" rel=\"noopener\">Empleo P\u00fablico<\/a> de la web municipal y se public\u00f3 en el <a href=\"https:\/\/bon.navarra.es\/es\/anuncio\/-\/texto\/2023\/33\/49\" target=\"_blank\" rel=\"noopener\">Bolet\u00edn Oficial de Navarra n\u00famero 33<\/a> de 16 de febrero.<br \/>\n<script async src=\"\/\/pagead2.googlesyndication.com\/pagead\/js\/adsbygoogle.js\"><\/script><br \/>\n<!-- Noticias La Guia de Pamplona --><br \/>\n<ins class=\"adsbygoogle\"\nstyle=\"display:block\"\ndata-ad-client=\"ca-pub-6943679897239327\"\ndata-ad-slot=\"7048180777\"\ndata-ad-format=\"auto\"><\/ins><br \/>\n<script>\n(adsbygoogle = window.adsbygoogle || []).push({});\n<\/script><\/p>\n<p><strong>Dos pruebas<\/strong><\/p>\n<p>El proceso selectivo constar\u00e1 de dos pruebas. La primera de ella consistir\u00e1 en la interpretaci\u00f3n de una melod\u00eda aportada por el tribunal. La persona aspirante deber\u00e1 cantar dicha melod\u00eda y tocar simult\u00e1neamente al piano un acompa\u00f1amiento arm\u00f3nico inventado por ella. Para la preparaci\u00f3n de esta prueba cada aspirante dispondr\u00e1 de 10 minutos, durante los que podr\u00e1 tocar el piano y realizar anotaciones en la partitura. Esta prueba se calificar\u00e1 con un m\u00e1ximo de 15 puntos, quedando eliminadas las personas aspirantes que no alcancen, al menos, 7,5 puntos.<\/p>\n<p>En la segunda prueba se tendr\u00e1 que impartir una sesi\u00f3n de 30 minutos a un coro formado por alumnado de la escuela de nivel de Iniciaci\u00f3n o 1\u00ba curso. La prueba se dividir\u00e1 en tres partes: vocalizaci\u00f3n, direcci\u00f3n de una canci\u00f3n conocida por el coro durante 10 minutos y trabajo de una canci\u00f3n propuesta por la persona opositora durante 10 minutos. La prueba se calificar\u00e1 con un m\u00e1ximo de 35 puntos, quedando eliminados los aspirantes que no alcancen, al menos, 17,5 puntos.<\/p>\n","protected":false},"excerpt":{"rendered":"<p>El 27 de febrero concluye el plazo de presentaci\u00f3n de solicitudes para esta convocatoria municipal de empleo p\u00fablico<\/p>\n","protected":false},"author":1,"featured_media":36440,"comment_status":"open","ping_status":"closed","sticky":false,"template":"","format":"standard","meta":{"footnotes":""},"categories":[2],"tags":[],"class_list":["post-42938","post","type-post","status-publish","format-standard","has-post-thumbnail","hentry","category-ayuntamiento-pamplona"],"yoast_head":"<!-- This site is optimized with the Yoast SEO plugin v27.3 - https:\/\/yoast.com\/product\/yoast-seo-wordpress\/ -->\n<title>Convocadas pruebas selectivas para generar una lista de contrataci\u00f3n para profesorado de la especialidad de coro en la Escuela de M\u00fasica Joaqu\u00edn Maya<\/title>\n<meta name=\"description\" content=\"El 27 de febrero concluye el plazo de presentaci\u00f3n de solicitudes para esta convocatoria municipal de empleo p\u00fablico\" \/>\n<meta name=\"robots\" content=\"index, follow, max-snippet:-1, max-image-preview:large, max-video-preview:-1\" \/>\n<link rel=\"canonical\" href=\"https:\/\/www.laguiadepamplona.com\/actualidad\/convocadas-pruebas-selectivas-para-generar-una-lista-de-contratacion-para-profesorado-de-la-especialidad-de-coro-en-la-escuela-de-musica-joaquin-maya\/\" \/>\n<meta property=\"og:locale\" content=\"es_ES\" \/>\n<meta property=\"og:type\" content=\"article\" \/>\n<meta property=\"og:title\" content=\"Convocadas pruebas selectivas para generar una lista de contrataci\u00f3n para profesorado de la especialidad de coro en la Escuela de M\u00fasica Joaqu\u00edn Maya\" \/>\n<meta property=\"og:description\" content=\"El 27 de febrero concluye el plazo de presentaci\u00f3n de solicitudes para esta convocatoria municipal de empleo p\u00fablico\" \/>\n<meta property=\"og:url\" content=\"https:\/\/www.laguiadepamplona.com\/actualidad\/convocadas-pruebas-selectivas-para-generar-una-lista-de-contratacion-para-profesorado-de-la-especialidad-de-coro-en-la-escuela-de-musica-joaquin-maya\/\" \/>\n<meta property=\"og:site_name\" content=\"La Gu\u00eda de Pamplona\" \/>\n<meta property=\"article:publisher\" content=\"https:\/\/www.facebook.com\/laguiadepamplonacom-133175176762273\/?ref=hl\" \/>\n<meta property=\"article:published_time\" content=\"2023-02-21T12:38:47+00:00\" \/>\n<meta property=\"article:modified_time\" content=\"2023-04-11T09:47:10+00:00\" \/>\n<meta property=\"og:image\" content=\"https:\/\/www.laguiadepamplona.com\/actualidad\/wp-content\/uploads\/2021\/09\/escuela-musica-joaquin-maya.jpg\" \/>\n\t<meta property=\"og:image:width\" content=\"1920\" \/>\n\t<meta property=\"og:image:height\" content=\"1280\" \/>\n\t<meta property=\"og:image:type\" content=\"image\/jpeg\" \/>\n<meta name=\"author\" content=\"La Gu\u00eda de Pamplona\" \/>\n<meta name=\"twitter:card\" content=\"summary_large_image\" \/>\n<meta name=\"twitter:creator\" content=\"@LaGuiadPamplona\" \/>\n<meta name=\"twitter:site\" content=\"@LaGuiadPamplona\" \/>\n<meta name=\"twitter:label1\" content=\"Escrito por\" \/>\n\t<meta name=\"twitter:data1\" content=\"La Gu\u00eda de Pamplona\" \/>\n\t<meta name=\"twitter:label2\" content=\"Tiempo de lectura\" \/>\n\t<meta name=\"twitter:data2\" content=\"3 minutos\" \/>\n<script type=\"application\/ld+json\" class=\"yoast-schema-graph\">{\"@context\":\"https:\\\/\\\/schema.org\",\"@graph\":[{\"@type\":\"Article\",\"@id\":\"https:\\\/\\\/www.laguiadepamplona.com\\\/actualidad\\\/convocadas-pruebas-selectivas-para-generar-una-lista-de-contratacion-para-profesorado-de-la-especialidad-de-coro-en-la-escuela-de-musica-joaquin-maya\\\/#article\",\"isPartOf\":{\"@id\":\"https:\\\/\\\/www.laguiadepamplona.com\\\/actualidad\\\/convocadas-pruebas-selectivas-para-generar-una-lista-de-contratacion-para-profesorado-de-la-especialidad-de-coro-en-la-escuela-de-musica-joaquin-maya\\\/\"},\"author\":{\"name\":\"La Gu\u00eda de Pamplona\",\"@id\":\"https:\\\/\\\/www.laguiadepamplona.com\\\/actualidad\\\/#\\\/schema\\\/person\\\/efe887376f0213d4657c93adc50b1fdb\"},\"headline\":\"Convocadas pruebas selectivas para generar una lista de contrataci\u00f3n para profesorado de la especialidad de coro en la Escuela de M\u00fasica Joaqu\u00edn Maya\",\"datePublished\":\"2023-02-21T12:38:47+00:00\",\"dateModified\":\"2023-04-11T09:47:10+00:00\",\"mainEntityOfPage\":{\"@id\":\"https:\\\/\\\/www.laguiadepamplona.com\\\/actualidad\\\/convocadas-pruebas-selectivas-para-generar-una-lista-de-contratacion-para-profesorado-de-la-especialidad-de-coro-en-la-escuela-de-musica-joaquin-maya\\\/\"},\"wordCount\":506,\"commentCount\":0,\"publisher\":{\"@id\":\"https:\\\/\\\/www.laguiadepamplona.com\\\/actualidad\\\/#organization\"},\"image\":{\"@id\":\"https:\\\/\\\/www.laguiadepamplona.com\\\/actualidad\\\/convocadas-pruebas-selectivas-para-generar-una-lista-de-contratacion-para-profesorado-de-la-especialidad-de-coro-en-la-escuela-de-musica-joaquin-maya\\\/#primaryimage\"},\"thumbnailUrl\":\"https:\\\/\\\/www.laguiadepamplona.com\\\/actualidad\\\/wp-content\\\/uploads\\\/2021\\\/09\\\/escuela-musica-joaquin-maya.jpg\",\"articleSection\":[\"Ayto Pamplona\"],\"inLanguage\":\"es\",\"potentialAction\":[{\"@type\":\"CommentAction\",\"name\":\"Comment\",\"target\":[\"https:\\\/\\\/www.laguiadepamplona.com\\\/actualidad\\\/convocadas-pruebas-selectivas-para-generar-una-lista-de-contratacion-para-profesorado-de-la-especialidad-de-coro-en-la-escuela-de-musica-joaquin-maya\\\/#respond\"]}]},{\"@type\":\"WebPage\",\"@id\":\"https:\\\/\\\/www.laguiadepamplona.com\\\/actualidad\\\/convocadas-pruebas-selectivas-para-generar-una-lista-de-contratacion-para-profesorado-de-la-especialidad-de-coro-en-la-escuela-de-musica-joaquin-maya\\\/\",\"url\":\"https:\\\/\\\/www.laguiadepamplona.com\\\/actualidad\\\/convocadas-pruebas-selectivas-para-generar-una-lista-de-contratacion-para-profesorado-de-la-especialidad-de-coro-en-la-escuela-de-musica-joaquin-maya\\\/\",\"name\":\"Convocadas pruebas selectivas para generar una lista de contrataci\u00f3n para profesorado de la especialidad de coro en la Escuela de M\u00fasica Joaqu\u00edn Maya\",\"isPartOf\":{\"@id\":\"https:\\\/\\\/www.laguiadepamplona.com\\\/actualidad\\\/#website\"},\"primaryImageOfPage\":{\"@id\":\"https:\\\/\\\/www.laguiadepamplona.com\\\/actualidad\\\/convocadas-pruebas-selectivas-para-generar-una-lista-de-contratacion-para-profesorado-de-la-especialidad-de-coro-en-la-escuela-de-musica-joaquin-maya\\\/#primaryimage\"},\"image\":{\"@id\":\"https:\\\/\\\/www.laguiadepamplona.com\\\/actualidad\\\/convocadas-pruebas-selectivas-para-generar-una-lista-de-contratacion-para-profesorado-de-la-especialidad-de-coro-en-la-escuela-de-musica-joaquin-maya\\\/#primaryimage\"},\"thumbnailUrl\":\"https:\\\/\\\/www.laguiadepamplona.com\\\/actualidad\\\/wp-content\\\/uploads\\\/2021\\\/09\\\/escuela-musica-joaquin-maya.jpg\",\"datePublished\":\"2023-02-21T12:38:47+00:00\",\"dateModified\":\"2023-04-11T09:47:10+00:00\",\"description\":\"El 27 de febrero concluye el plazo de presentaci\u00f3n de solicitudes para esta convocatoria municipal de empleo p\u00fablico\",\"breadcrumb\":{\"@id\":\"https:\\\/\\\/www.laguiadepamplona.com\\\/actualidad\\\/convocadas-pruebas-selectivas-para-generar-una-lista-de-contratacion-para-profesorado-de-la-especialidad-de-coro-en-la-escuela-de-musica-joaquin-maya\\\/#breadcrumb\"},\"inLanguage\":\"es\",\"potentialAction\":[{\"@type\":\"ReadAction\",\"target\":[\"https:\\\/\\\/www.laguiadepamplona.com\\\/actualidad\\\/convocadas-pruebas-selectivas-para-generar-una-lista-de-contratacion-para-profesorado-de-la-especialidad-de-coro-en-la-escuela-de-musica-joaquin-maya\\\/\"]}]},{\"@type\":\"ImageObject\",\"inLanguage\":\"es\",\"@id\":\"https:\\\/\\\/www.laguiadepamplona.com\\\/actualidad\\\/convocadas-pruebas-selectivas-para-generar-una-lista-de-contratacion-para-profesorado-de-la-especialidad-de-coro-en-la-escuela-de-musica-joaquin-maya\\\/#primaryimage\",\"url\":\"https:\\\/\\\/www.laguiadepamplona.com\\\/actualidad\\\/wp-content\\\/uploads\\\/2021\\\/09\\\/escuela-musica-joaquin-maya.jpg\",\"contentUrl\":\"https:\\\/\\\/www.laguiadepamplona.com\\\/actualidad\\\/wp-content\\\/uploads\\\/2021\\\/09\\\/escuela-musica-joaquin-maya.jpg\",\"width\":1920,\"height\":1280,\"caption\":\"escuela de m\u00fasica Joaqu\u00edn Maya\"},{\"@type\":\"BreadcrumbList\",\"@id\":\"https:\\\/\\\/www.laguiadepamplona.com\\\/actualidad\\\/convocadas-pruebas-selectivas-para-generar-una-lista-de-contratacion-para-profesorado-de-la-especialidad-de-coro-en-la-escuela-de-musica-joaquin-maya\\\/#breadcrumb\",\"itemListElement\":[{\"@type\":\"ListItem\",\"position\":1,\"name\":\"Portada\",\"item\":\"https:\\\/\\\/www.laguiadepamplona.com\\\/actualidad\\\/\"},{\"@type\":\"ListItem\",\"position\":2,\"name\":\"Convocadas pruebas selectivas para generar una lista de contrataci\u00f3n para profesorado de la especialidad de coro en la Escuela de M\u00fasica Joaqu\u00edn Maya\"}]},{\"@type\":\"WebSite\",\"@id\":\"https:\\\/\\\/www.laguiadepamplona.com\\\/actualidad\\\/#website\",\"url\":\"https:\\\/\\\/www.laguiadepamplona.com\\\/actualidad\\\/\",\"name\":\"La gu\u00eda de Pamplona\",\"description\":\"Noticias de Pamplona\",\"publisher\":{\"@id\":\"https:\\\/\\\/www.laguiadepamplona.com\\\/actualidad\\\/#organization\"},\"potentialAction\":[{\"@type\":\"SearchAction\",\"target\":{\"@type\":\"EntryPoint\",\"urlTemplate\":\"https:\\\/\\\/www.laguiadepamplona.com\\\/actualidad\\\/?s={search_term_string}\"},\"query-input\":{\"@type\":\"PropertyValueSpecification\",\"valueRequired\":true,\"valueName\":\"search_term_string\"}}],\"inLanguage\":\"es\"},{\"@type\":\"Organization\",\"@id\":\"https:\\\/\\\/www.laguiadepamplona.com\\\/actualidad\\\/#organization\",\"name\":\"La Gu\u00eda de Pamplona \\\/ Noticias\",\"url\":\"https:\\\/\\\/www.laguiadepamplona.com\\\/actualidad\\\/\",\"logo\":{\"@type\":\"ImageObject\",\"inLanguage\":\"es\",\"@id\":\"https:\\\/\\\/www.laguiadepamplona.com\\\/actualidad\\\/#\\\/schema\\\/logo\\\/image\\\/\",\"url\":\"https:\\\/\\\/www.laguiadepamplona.com\\\/actualidad\\\/wp-content\\\/uploads\\\/2018\\\/11\\\/logo-laguiadepamplona18-web1.png\",\"contentUrl\":\"https:\\\/\\\/www.laguiadepamplona.com\\\/actualidad\\\/wp-content\\\/uploads\\\/2018\\\/11\\\/logo-laguiadepamplona18-web1.png\",\"width\":600,\"height\":196,\"caption\":\"La Gu\u00eda de Pamplona \\\/ Noticias\"},\"image\":{\"@id\":\"https:\\\/\\\/www.laguiadepamplona.com\\\/actualidad\\\/#\\\/schema\\\/logo\\\/image\\\/\"},\"sameAs\":[\"https:\\\/\\\/www.facebook.com\\\/laguiadepamplonacom-133175176762273\\\/?ref=hl\",\"https:\\\/\\\/x.com\\\/LaGuiadPamplona\",\"https:\\\/\\\/www.instagram.com\\\/la_guia_de_pamplona\\\/\",\"https:\\\/\\\/www.youtube.com\\\/user\\\/laguiadepamplona\"]},{\"@type\":\"Person\",\"@id\":\"https:\\\/\\\/www.laguiadepamplona.com\\\/actualidad\\\/#\\\/schema\\\/person\\\/efe887376f0213d4657c93adc50b1fdb\",\"name\":\"La Gu\u00eda de Pamplona\",\"image\":{\"@type\":\"ImageObject\",\"inLanguage\":\"es\",\"@id\":\"https:\\\/\\\/secure.gravatar.com\\\/avatar\\\/b6992f131dc8d30ab0dff15446e9d346d9dbd95992de0fef795073f5ea83a81c?s=96&d=mm&r=g\",\"url\":\"https:\\\/\\\/secure.gravatar.com\\\/avatar\\\/b6992f131dc8d30ab0dff15446e9d346d9dbd95992de0fef795073f5ea83a81c?s=96&d=mm&r=g\",\"contentUrl\":\"https:\\\/\\\/secure.gravatar.com\\\/avatar\\\/b6992f131dc8d30ab0dff15446e9d346d9dbd95992de0fef795073f5ea83a81c?s=96&d=mm&r=g\",\"caption\":\"La Gu\u00eda de Pamplona\"}}]}<\/script>\n<!-- \/ Yoast SEO plugin. -->","yoast_head_json":{"title":"Convocadas pruebas selectivas para generar una lista de contrataci\u00f3n para profesorado de la especialidad de coro en la Escuela de M\u00fasica Joaqu\u00edn Maya","description":"El 27 de febrero concluye el plazo de presentaci\u00f3n de solicitudes para esta convocatoria municipal de empleo p\u00fablico","robots":{"index":"index","follow":"follow","max-snippet":"max-snippet:-1","max-image-preview":"max-image-preview:large","max-video-preview":"max-video-preview:-1"},"canonical":"https:\/\/www.laguiadepamplona.com\/actualidad\/convocadas-pruebas-selectivas-para-generar-una-lista-de-contratacion-para-profesorado-de-la-especialidad-de-coro-en-la-escuela-de-musica-joaquin-maya\/","og_locale":"es_ES","og_type":"article","og_title":"Convocadas pruebas selectivas para generar una lista de contrataci\u00f3n para profesorado de la especialidad de coro en la Escuela de M\u00fasica Joaqu\u00edn Maya","og_description":"El 27 de febrero concluye el plazo de presentaci\u00f3n de solicitudes para esta convocatoria municipal de empleo p\u00fablico","og_url":"https:\/\/www.laguiadepamplona.com\/actualidad\/convocadas-pruebas-selectivas-para-generar-una-lista-de-contratacion-para-profesorado-de-la-especialidad-de-coro-en-la-escuela-de-musica-joaquin-maya\/","og_site_name":"La Gu\u00eda de Pamplona","article_publisher":"https:\/\/www.facebook.com\/laguiadepamplonacom-133175176762273\/?ref=hl","article_published_time":"2023-02-21T12:38:47+00:00","article_modified_time":"2023-04-11T09:47:10+00:00","og_image":[{"width":1920,"height":1280,"url":"https:\/\/www.laguiadepamplona.com\/actualidad\/wp-content\/uploads\/2021\/09\/escuela-musica-joaquin-maya.jpg","type":"image\/jpeg"}],"author":"La Gu\u00eda de Pamplona","twitter_card":"summary_large_image","twitter_creator":"@LaGuiadPamplona","twitter_site":"@LaGuiadPamplona","twitter_misc":{"Escrito por":"La Gu\u00eda de Pamplona","Tiempo de lectura":"3 minutos"},"schema":{"@context":"https:\/\/schema.org","@graph":[{"@type":"Article","@id":"https:\/\/www.laguiadepamplona.com\/actualidad\/convocadas-pruebas-selectivas-para-generar-una-lista-de-contratacion-para-profesorado-de-la-especialidad-de-coro-en-la-escuela-de-musica-joaquin-maya\/#article","isPartOf":{"@id":"https:\/\/www.laguiadepamplona.com\/actualidad\/convocadas-pruebas-selectivas-para-generar-una-lista-de-contratacion-para-profesorado-de-la-especialidad-de-coro-en-la-escuela-de-musica-joaquin-maya\/"},"author":{"name":"La Gu\u00eda de Pamplona","@id":"https:\/\/www.laguiadepamplona.com\/actualidad\/#\/schema\/person\/efe887376f0213d4657c93adc50b1fdb"},"headline":"Convocadas pruebas selectivas para generar una lista de contrataci\u00f3n para profesorado de la especialidad de coro en la Escuela de M\u00fasica Joaqu\u00edn Maya","datePublished":"2023-02-21T12:38:47+00:00","dateModified":"2023-04-11T09:47:10+00:00","mainEntityOfPage":{"@id":"https:\/\/www.laguiadepamplona.com\/actualidad\/convocadas-pruebas-selectivas-para-generar-una-lista-de-contratacion-para-profesorado-de-la-especialidad-de-coro-en-la-escuela-de-musica-joaquin-maya\/"},"wordCount":506,"commentCount":0,"publisher":{"@id":"https:\/\/www.laguiadepamplona.com\/actualidad\/#organization"},"image":{"@id":"https:\/\/www.laguiadepamplona.com\/actualidad\/convocadas-pruebas-selectivas-para-generar-una-lista-de-contratacion-para-profesorado-de-la-especialidad-de-coro-en-la-escuela-de-musica-joaquin-maya\/#primaryimage"},"thumbnailUrl":"https:\/\/www.laguiadepamplona.com\/actualidad\/wp-content\/uploads\/2021\/09\/escuela-musica-joaquin-maya.jpg","articleSection":["Ayto Pamplona"],"inLanguage":"es","potentialAction":[{"@type":"CommentAction","name":"Comment","target":["https:\/\/www.laguiadepamplona.com\/actualidad\/convocadas-pruebas-selectivas-para-generar-una-lista-de-contratacion-para-profesorado-de-la-especialidad-de-coro-en-la-escuela-de-musica-joaquin-maya\/#respond"]}]},{"@type":"WebPage","@id":"https:\/\/www.laguiadepamplona.com\/actualidad\/convocadas-pruebas-selectivas-para-generar-una-lista-de-contratacion-para-profesorado-de-la-especialidad-de-coro-en-la-escuela-de-musica-joaquin-maya\/","url":"https:\/\/www.laguiadepamplona.com\/actualidad\/convocadas-pruebas-selectivas-para-generar-una-lista-de-contratacion-para-profesorado-de-la-especialidad-de-coro-en-la-escuela-de-musica-joaquin-maya\/","name":"Convocadas pruebas selectivas para generar una lista de contrataci\u00f3n para profesorado de la especialidad de coro en la Escuela de M\u00fasica Joaqu\u00edn Maya","isPartOf":{"@id":"https:\/\/www.laguiadepamplona.com\/actualidad\/#website"},"primaryImageOfPage":{"@id":"https:\/\/www.laguiadepamplona.com\/actualidad\/convocadas-pruebas-selectivas-para-generar-una-lista-de-contratacion-para-profesorado-de-la-especialidad-de-coro-en-la-escuela-de-musica-joaquin-maya\/#primaryimage"},"image":{"@id":"https:\/\/www.laguiadepamplona.com\/actualidad\/convocadas-pruebas-selectivas-para-generar-una-lista-de-contratacion-para-profesorado-de-la-especialidad-de-coro-en-la-escuela-de-musica-joaquin-maya\/#primaryimage"},"thumbnailUrl":"https:\/\/www.laguiadepamplona.com\/actualidad\/wp-content\/uploads\/2021\/09\/escuela-musica-joaquin-maya.jpg","datePublished":"2023-02-21T12:38:47+00:00","dateModified":"2023-04-11T09:47:10+00:00","description":"El 27 de febrero concluye el plazo de presentaci\u00f3n de solicitudes para esta convocatoria municipal de empleo p\u00fablico","breadcrumb":{"@id":"https:\/\/www.laguiadepamplona.com\/actualidad\/convocadas-pruebas-selectivas-para-generar-una-lista-de-contratacion-para-profesorado-de-la-especialidad-de-coro-en-la-escuela-de-musica-joaquin-maya\/#breadcrumb"},"inLanguage":"es","potentialAction":[{"@type":"ReadAction","target":["https:\/\/www.laguiadepamplona.com\/actualidad\/convocadas-pruebas-selectivas-para-generar-una-lista-de-contratacion-para-profesorado-de-la-especialidad-de-coro-en-la-escuela-de-musica-joaquin-maya\/"]}]},{"@type":"ImageObject","inLanguage":"es","@id":"https:\/\/www.laguiadepamplona.com\/actualidad\/convocadas-pruebas-selectivas-para-generar-una-lista-de-contratacion-para-profesorado-de-la-especialidad-de-coro-en-la-escuela-de-musica-joaquin-maya\/#primaryimage","url":"https:\/\/www.laguiadepamplona.com\/actualidad\/wp-content\/uploads\/2021\/09\/escuela-musica-joaquin-maya.jpg","contentUrl":"https:\/\/www.laguiadepamplona.com\/actualidad\/wp-content\/uploads\/2021\/09\/escuela-musica-joaquin-maya.jpg","width":1920,"height":1280,"caption":"escuela de m\u00fasica Joaqu\u00edn Maya"},{"@type":"BreadcrumbList","@id":"https:\/\/www.laguiadepamplona.com\/actualidad\/convocadas-pruebas-selectivas-para-generar-una-lista-de-contratacion-para-profesorado-de-la-especialidad-de-coro-en-la-escuela-de-musica-joaquin-maya\/#breadcrumb","itemListElement":[{"@type":"ListItem","position":1,"name":"Portada","item":"https:\/\/www.laguiadepamplona.com\/actualidad\/"},{"@type":"ListItem","position":2,"name":"Convocadas pruebas selectivas para generar una lista de contrataci\u00f3n para profesorado de la especialidad de coro en la Escuela de M\u00fasica Joaqu\u00edn Maya"}]},{"@type":"WebSite","@id":"https:\/\/www.laguiadepamplona.com\/actualidad\/#website","url":"https:\/\/www.laguiadepamplona.com\/actualidad\/","name":"La gu\u00eda de Pamplona","description":"Noticias de Pamplona","publisher":{"@id":"https:\/\/www.laguiadepamplona.com\/actualidad\/#organization"},"potentialAction":[{"@type":"SearchAction","target":{"@type":"EntryPoint","urlTemplate":"https:\/\/www.laguiadepamplona.com\/actualidad\/?s={search_term_string}"},"query-input":{"@type":"PropertyValueSpecification","valueRequired":true,"valueName":"search_term_string"}}],"inLanguage":"es"},{"@type":"Organization","@id":"https:\/\/www.laguiadepamplona.com\/actualidad\/#organization","name":"La Gu\u00eda de Pamplona \/ Noticias","url":"https:\/\/www.laguiadepamplona.com\/actualidad\/","logo":{"@type":"ImageObject","inLanguage":"es","@id":"https:\/\/www.laguiadepamplona.com\/actualidad\/#\/schema\/logo\/image\/","url":"https:\/\/www.laguiadepamplona.com\/actualidad\/wp-content\/uploads\/2018\/11\/logo-laguiadepamplona18-web1.png","contentUrl":"https:\/\/www.laguiadepamplona.com\/actualidad\/wp-content\/uploads\/2018\/11\/logo-laguiadepamplona18-web1.png","width":600,"height":196,"caption":"La Gu\u00eda de Pamplona \/ Noticias"},"image":{"@id":"https:\/\/www.laguiadepamplona.com\/actualidad\/#\/schema\/logo\/image\/"},"sameAs":["https:\/\/www.facebook.com\/laguiadepamplonacom-133175176762273\/?ref=hl","https:\/\/x.com\/LaGuiadPamplona","https:\/\/www.instagram.com\/la_guia_de_pamplona\/","https:\/\/www.youtube.com\/user\/laguiadepamplona"]},{"@type":"Person","@id":"https:\/\/www.laguiadepamplona.com\/actualidad\/#\/schema\/person\/efe887376f0213d4657c93adc50b1fdb","name":"La Gu\u00eda de Pamplona","image":{"@type":"ImageObject","inLanguage":"es","@id":"https:\/\/secure.gravatar.com\/avatar\/b6992f131dc8d30ab0dff15446e9d346d9dbd95992de0fef795073f5ea83a81c?s=96&d=mm&r=g","url":"https:\/\/secure.gravatar.com\/avatar\/b6992f131dc8d30ab0dff15446e9d346d9dbd95992de0fef795073f5ea83a81c?s=96&d=mm&r=g","contentUrl":"https:\/\/secure.gravatar.com\/avatar\/b6992f131dc8d30ab0dff15446e9d346d9dbd95992de0fef795073f5ea83a81c?s=96&d=mm&r=g","caption":"La Gu\u00eda de Pamplona"}}]}},"post_mailing_queue_ids":[],"_links":{"self":[{"href":"https:\/\/www.laguiadepamplona.com\/actualidad\/wp-json\/wp\/v2\/posts\/42938","targetHints":{"allow":["GET"]}}],"collection":[{"href":"https:\/\/www.laguiadepamplona.com\/actualidad\/wp-json\/wp\/v2\/posts"}],"about":[{"href":"https:\/\/www.laguiadepamplona.com\/actualidad\/wp-json\/wp\/v2\/types\/post"}],"author":[{"embeddable":true,"href":"https:\/\/www.laguiadepamplona.com\/actualidad\/wp-json\/wp\/v2\/users\/1"}],"replies":[{"embeddable":true,"href":"https:\/\/www.laguiadepamplona.com\/actualidad\/wp-json\/wp\/v2\/comments?post=42938"}],"version-history":[{"count":0,"href":"https:\/\/www.laguiadepamplona.com\/actualidad\/wp-json\/wp\/v2\/posts\/42938\/revisions"}],"wp:featuredmedia":[{"embeddable":true,"href":"https:\/\/www.laguiadepamplona.com\/actualidad\/wp-json\/wp\/v2\/media\/36440"}],"wp:attachment":[{"href":"https:\/\/www.laguiadepamplona.com\/actualidad\/wp-json\/wp\/v2\/media?parent=42938"}],"wp:term":[{"taxonomy":"category","embeddable":true,"href":"https:\/\/www.laguiadepamplona.com\/actualidad\/wp-json\/wp\/v2\/categories?post=42938"},{"taxonomy":"post_tag","embeddable":true,"href":"https:\/\/www.laguiadepamplona.com\/actualidad\/wp-json\/wp\/v2\/tags?post=42938"}],"curies":[{"name":"wp","href":"https:\/\/api.w.org\/{rel}","templated":true}]}}