{"id":42935,"date":"2023-02-21T14:37:26","date_gmt":"2023-02-21T12:37:26","guid":{"rendered":"https:\/\/www.laguiadepamplona.com\/actualidad\/?p=42935"},"modified":"2023-04-11T11:47:10","modified_gmt":"2023-04-11T09:47:10","slug":"el-ayuntamiento-plantea-cuatro-nuevos-pasos-de-peatones-semaforizados-en-el-entorno-de-la-rotonda-de-san-jorge-para-facilitar-el-transito-a-personas-con-movilidad-reducida","status":"publish","type":"post","link":"https:\/\/www.laguiadepamplona.com\/actualidad\/el-ayuntamiento-plantea-cuatro-nuevos-pasos-de-peatones-semaforizados-en-el-entorno-de-la-rotonda-de-san-jorge-para-facilitar-el-transito-a-personas-con-movilidad-reducida\/","title":{"rendered":"El Ayuntamiento plantea cuatro nuevos pasos de peatones semaforizados en el entorno de la rotonda de San Jorge para facilitar el tr\u00e1nsito a personas con movilidad reducida"},"content":{"rendered":"<h5>Las obras incluyen dos nuevas paradas de autob\u00fas en la zona del campo de f\u00fatbol y otro paso de peatones semaforizado en la avenida de San Jorge<\/h5>\n<p><!--more--><\/p>\n<p>El Ayuntamiento prev\u00e9 cuatro nuevos pasos de cebra semaforizados en el entorno de la rotonda de San Jorge, as\u00ed como dos nuevas paradas de autob\u00fas en la avenida de San Jorge, en la zona del campo de futbol, y otro nuevo paso de peatones semaforizado en la avenida de San Jorge. Las obras, con una duraci\u00f3n prevista de tres meses, van a comenzar de manera inmediata.<\/p>\n<p>Esta intervenci\u00f3n, adem\u00e1s de ser una primera respuesta del Consistorio a la solicitud del vecindario, pretende mejorar la accesibilidad entre las cuatro zonas en las que queda dividido el barrio por las avenidas de Navarra y San Jorge.<br \/>\n<script async src=\"\/\/pagead2.googlesyndication.com\/pagead\/js\/adsbygoogle.js\"><\/script><br \/>\n<!-- Noticias La Guia de Pamplona --><br \/>\n<ins class=\"adsbygoogle\"\nstyle=\"display:block\"\ndata-ad-client=\"ca-pub-6943679897239327\"\ndata-ad-slot=\"7048180777\"\ndata-ad-format=\"auto\"><\/ins><br \/>\n<script>\n(adsbygoogle = window.adsbygoogle || []).push({});\n<\/script><\/p>\n<p>Ante la solicitud de los vecinos de soterrar las avenidas, se ha optado por una primera soluci\u00f3n que puede ponerse en funcionamiento en breve plazo y sin apenas afecciones de obras al vecindario, en la l\u00ednea de otras actuaciones que se han realizado en la avenida de Navarra (concretamente a la altura de la plaza F\u00e9lix Huarte). Se trata de dar un paso m\u00e1s para transformar la antigua variante en una calle.<\/p>\n<p>Los pasos de peatones semaforizados facilitar\u00e1n el acceso al mismo nivel entre todas las zonas, adem\u00e1s de dotar de un car\u00e1cter m\u00e1s urbano a la actual rotonda. Esta es una soluci\u00f3n urbana, r\u00e1pida, que no compromete otras soluciones, sino al rev\u00e9s: puede servir de base a nuevas soluciones. Se han realizado estudios de aforos y tr\u00e1fico, de los que se desprende la viabilidad de la propuesta.<\/p>\n<p>Esta propuesta es compatible con otras que se puedan realizar en el futuro para dar m\u00e1s espacio al peat\u00f3n y reducir los carriles de circulaci\u00f3n, si tras planteamientos supramunicipales, se realizan nuevos accesos en la Comarca y se completa la malla urbana en la zona norte, reduciendo el tr\u00e1fico por ambas avenidas. Igualmente, tampoco hipoteca la soluci\u00f3n del soterramiento, si fuera posible y recomendada.<br \/>\n<script async src=\"\/\/pagead2.googlesyndication.com\/pagead\/js\/adsbygoogle.js\"><\/script><br \/>\n<!-- Noticias La Guia de Pamplona --><br \/>\n<ins class=\"adsbygoogle\"\nstyle=\"display:block\"\ndata-ad-client=\"ca-pub-6943679897239327\"\ndata-ad-slot=\"7048180777\"\ndata-ad-format=\"auto\"><\/ins><br \/>\n<script>\n(adsbygoogle = window.adsbygoogle || []).push({});\n<\/script><\/p>\n<p><strong>Accesibilidad<\/strong><\/p>\n<p>Los vecinos y vecinas expresaron su inquietud a los representantes municipales por la dificultad que algunas personas ten\u00edan, sobre todo mayores y con movilidad reducida, para acceder a la zona soterrada de la plaza, debido a la inclinaci\u00f3n de las rampas. La actual configuraci\u00f3n de las avenidas de la zona crea una separaci\u00f3n y para darle una soluci\u00f3n a corto plazo se van a crear cinco nuevos pasos de peatones que estar\u00e1n terminados para primavera.<\/p>\n<p>Cuatro de los nuevos pasos se sit\u00faan en los cuatro ejes que enmarcan la rotonda de San Jorge, en la intersecci\u00f3n de la avenida de Navarra con la avenida de San Jorge. Estos pasos cubrir\u00e1n la separaci\u00f3n entre los dos sentidos de circulaci\u00f3n, facilitando la conexi\u00f3n en la zona sin atravesar la zona soterrada de la rotonda.<\/p>\n<p>El quinto paso de peatones est\u00e1 previsto en la avenida de San Jorge, en la zona junto a la iglesia, donde se han constatado numerosos cruces irregulares que causan situaciones de peligro. Este paso semaforizado, cerca de la calle Doctor Lucea, permite atravesar la avenida con seguridad, sobre todo para las personas con problemas de movilidad. Igualmente se consigue una mayor permeabilidad de la avenida San Jorge, estableciendo pasos de peatones en ese tramo cada menos de 100 metros.<\/p>\n<p>Las inversiones para acometer estos nuevos pasos semaforizados correr\u00e1n principalmente a cuenta de la partida de \u201cnuevas instalaciones semaf\u00f3ricas\u201d de la que dispone el Ayuntamiento de Pamplona y que este a\u00f1o tendr\u00e1 su principal destino en San Jorge.<br \/>\n<script async src=\"\/\/pagead2.googlesyndication.com\/pagead\/js\/adsbygoogle.js\"><\/script><br \/>\n<!-- Noticias La Guia de Pamplona --><br \/>\n<ins class=\"adsbygoogle\"\nstyle=\"display:block\"\ndata-ad-client=\"ca-pub-6943679897239327\"\ndata-ad-slot=\"7048180777\"\ndata-ad-format=\"auto\"><\/ins><br \/>\n<script>\n(adsbygoogle = window.adsbygoogle || []).push({});\n<\/script><\/p>\n<p><strong>Nuevas paradas de autob\u00fas en la avenida de San Jorge<\/strong><\/p>\n<p>Otra de las demandas vecinales era una nueva parada del autob\u00fas urbano, debido a la distancia entre la \u00faltima parada de la avenida de Navarra y el tramo final, donde hay bastantes viviendas. Tras consultar con la Mancomunidad de la Comarca de Pamplona, responsable del servicio, se van a habilitar dos nuevas paradas, una en cada sentido, en la avenida de San Jorge, en la zona del campo de f\u00fatbol y la ikastola.<\/p>\n<p>&nbsp;<\/p>\n<h3>Mejoras en el Barrio de San Jorge<\/h3>\n<ul>\n<li>Cinco nuevos pasos de cebra semaforizados\n<ul>\n<li>Cuatro para cruzar la zona de la rotonda<\/li>\n<li>Un paso para atravesar la avenida de San Jorge en la zona junto a la iglesia<\/li>\n<\/ul>\n<\/li>\n<li>Nueva parada de autob\u00fas en la avenida de San Jorge junto al campo de f\u00fatbol<\/li>\n<li>Los trabajos estar\u00e1n finalizados en un plazo de tres meses<\/li>\n<\/ul>\n","protected":false},"excerpt":{"rendered":"<p>Las obras incluyen dos nuevas paradas de autob\u00fas en la zona del campo de f\u00fatbol y otro paso de peatones semaforizado en la avenida de San Jorge<\/p>\n","protected":false},"author":1,"featured_media":42936,"comment_status":"open","ping_status":"closed","sticky":false,"template":"","format":"standard","meta":{"footnotes":""},"categories":[2],"tags":[],"class_list":["post-42935","post","type-post","status-publish","format-standard","has-post-thumbnail","hentry","category-ayuntamiento-pamplona"],"yoast_head":"<!-- This site is optimized with the Yoast SEO plugin v27.5 - https:\/\/yoast.com\/product\/yoast-seo-wordpress\/ -->\n<title>El Ayuntamiento plantea cuatro nuevos pasos de peatones semaforizados en el entorno de la rotonda de San Jorge para facilitar el tr\u00e1nsito a personas con movilidad reducida<\/title>\n<meta name=\"description\" content=\"Las obras incluyen dos nuevas paradas de autob\u00fas en la zona del campo de f\u00fatbol y otro paso de peatones semaforizado en la avenida de San Jorge\" \/>\n<meta name=\"robots\" content=\"index, follow, max-snippet:-1, max-image-preview:large, max-video-preview:-1\" \/>\n<link rel=\"canonical\" href=\"https:\/\/www.laguiadepamplona.com\/actualidad\/el-ayuntamiento-plantea-cuatro-nuevos-pasos-de-peatones-semaforizados-en-el-entorno-de-la-rotonda-de-san-jorge-para-facilitar-el-transito-a-personas-con-movilidad-reducida\/\" \/>\n<meta property=\"og:locale\" content=\"es_ES\" \/>\n<meta property=\"og:type\" content=\"article\" \/>\n<meta property=\"og:title\" content=\"El Ayuntamiento plantea cuatro nuevos pasos de peatones semaforizados en el entorno de la rotonda de San Jorge para facilitar el tr\u00e1nsito a personas con movilidad reducida\" \/>\n<meta property=\"og:description\" content=\"Las obras incluyen dos nuevas paradas de autob\u00fas en la zona del campo de f\u00fatbol y otro paso de peatones semaforizado en la avenida de San Jorge\" \/>\n<meta property=\"og:url\" content=\"https:\/\/www.laguiadepamplona.com\/actualidad\/el-ayuntamiento-plantea-cuatro-nuevos-pasos-de-peatones-semaforizados-en-el-entorno-de-la-rotonda-de-san-jorge-para-facilitar-el-transito-a-personas-con-movilidad-reducida\/\" \/>\n<meta property=\"og:site_name\" content=\"La Gu\u00eda de Pamplona\" \/>\n<meta property=\"article:publisher\" content=\"https:\/\/www.facebook.com\/laguiadepamplonacom-133175176762273\/?ref=hl\" \/>\n<meta property=\"article:published_time\" content=\"2023-02-21T12:37:26+00:00\" \/>\n<meta property=\"article:modified_time\" content=\"2023-04-11T09:47:10+00:00\" \/>\n<meta property=\"og:image\" content=\"https:\/\/www.laguiadepamplona.com\/actualidad\/wp-content\/uploads\/2023\/02\/23.02.21_pasos_cebra_San-Jorge-.webp\" \/>\n\t<meta property=\"og:image:width\" content=\"1920\" \/>\n\t<meta property=\"og:image:height\" content=\"1307\" \/>\n\t<meta property=\"og:image:type\" content=\"image\/webp\" \/>\n<meta name=\"author\" content=\"La Gu\u00eda de Pamplona\" \/>\n<meta name=\"twitter:card\" content=\"summary_large_image\" \/>\n<meta name=\"twitter:creator\" content=\"@LaGuiadPamplona\" \/>\n<meta name=\"twitter:site\" content=\"@LaGuiadPamplona\" \/>\n<meta name=\"twitter:label1\" content=\"Escrito por\" \/>\n\t<meta name=\"twitter:data1\" content=\"La Gu\u00eda de Pamplona\" \/>\n\t<meta name=\"twitter:label2\" content=\"Tiempo de lectura\" \/>\n\t<meta name=\"twitter:data2\" content=\"4 minutos\" \/>\n<script type=\"application\/ld+json\" class=\"yoast-schema-graph\">{\"@context\":\"https:\\\/\\\/schema.org\",\"@graph\":[{\"@type\":\"Article\",\"@id\":\"https:\\\/\\\/www.laguiadepamplona.com\\\/actualidad\\\/el-ayuntamiento-plantea-cuatro-nuevos-pasos-de-peatones-semaforizados-en-el-entorno-de-la-rotonda-de-san-jorge-para-facilitar-el-transito-a-personas-con-movilidad-reducida\\\/#article\",\"isPartOf\":{\"@id\":\"https:\\\/\\\/www.laguiadepamplona.com\\\/actualidad\\\/el-ayuntamiento-plantea-cuatro-nuevos-pasos-de-peatones-semaforizados-en-el-entorno-de-la-rotonda-de-san-jorge-para-facilitar-el-transito-a-personas-con-movilidad-reducida\\\/\"},\"author\":{\"name\":\"La Gu\u00eda de Pamplona\",\"@id\":\"https:\\\/\\\/www.laguiadepamplona.com\\\/actualidad\\\/#\\\/schema\\\/person\\\/efe887376f0213d4657c93adc50b1fdb\"},\"headline\":\"El Ayuntamiento plantea cuatro nuevos pasos de peatones semaforizados en el entorno de la rotonda de San Jorge para facilitar el tr\u00e1nsito a personas con movilidad reducida\",\"datePublished\":\"2023-02-21T12:37:26+00:00\",\"dateModified\":\"2023-04-11T09:47:10+00:00\",\"mainEntityOfPage\":{\"@id\":\"https:\\\/\\\/www.laguiadepamplona.com\\\/actualidad\\\/el-ayuntamiento-plantea-cuatro-nuevos-pasos-de-peatones-semaforizados-en-el-entorno-de-la-rotonda-de-san-jorge-para-facilitar-el-transito-a-personas-con-movilidad-reducida\\\/\"},\"wordCount\":800,\"commentCount\":0,\"publisher\":{\"@id\":\"https:\\\/\\\/www.laguiadepamplona.com\\\/actualidad\\\/#organization\"},\"image\":{\"@id\":\"https:\\\/\\\/www.laguiadepamplona.com\\\/actualidad\\\/el-ayuntamiento-plantea-cuatro-nuevos-pasos-de-peatones-semaforizados-en-el-entorno-de-la-rotonda-de-san-jorge-para-facilitar-el-transito-a-personas-con-movilidad-reducida\\\/#primaryimage\"},\"thumbnailUrl\":\"https:\\\/\\\/www.laguiadepamplona.com\\\/actualidad\\\/wp-content\\\/uploads\\\/2023\\\/02\\\/23.02.21_pasos_cebra_San-Jorge-.webp\",\"articleSection\":[\"Ayto Pamplona\"],\"inLanguage\":\"es\",\"potentialAction\":[{\"@type\":\"CommentAction\",\"name\":\"Comment\",\"target\":[\"https:\\\/\\\/www.laguiadepamplona.com\\\/actualidad\\\/el-ayuntamiento-plantea-cuatro-nuevos-pasos-de-peatones-semaforizados-en-el-entorno-de-la-rotonda-de-san-jorge-para-facilitar-el-transito-a-personas-con-movilidad-reducida\\\/#respond\"]}]},{\"@type\":\"WebPage\",\"@id\":\"https:\\\/\\\/www.laguiadepamplona.com\\\/actualidad\\\/el-ayuntamiento-plantea-cuatro-nuevos-pasos-de-peatones-semaforizados-en-el-entorno-de-la-rotonda-de-san-jorge-para-facilitar-el-transito-a-personas-con-movilidad-reducida\\\/\",\"url\":\"https:\\\/\\\/www.laguiadepamplona.com\\\/actualidad\\\/el-ayuntamiento-plantea-cuatro-nuevos-pasos-de-peatones-semaforizados-en-el-entorno-de-la-rotonda-de-san-jorge-para-facilitar-el-transito-a-personas-con-movilidad-reducida\\\/\",\"name\":\"El Ayuntamiento plantea cuatro nuevos pasos de peatones semaforizados en el entorno de la rotonda de San Jorge para facilitar el tr\u00e1nsito a personas con movilidad reducida\",\"isPartOf\":{\"@id\":\"https:\\\/\\\/www.laguiadepamplona.com\\\/actualidad\\\/#website\"},\"primaryImageOfPage\":{\"@id\":\"https:\\\/\\\/www.laguiadepamplona.com\\\/actualidad\\\/el-ayuntamiento-plantea-cuatro-nuevos-pasos-de-peatones-semaforizados-en-el-entorno-de-la-rotonda-de-san-jorge-para-facilitar-el-transito-a-personas-con-movilidad-reducida\\\/#primaryimage\"},\"image\":{\"@id\":\"https:\\\/\\\/www.laguiadepamplona.com\\\/actualidad\\\/el-ayuntamiento-plantea-cuatro-nuevos-pasos-de-peatones-semaforizados-en-el-entorno-de-la-rotonda-de-san-jorge-para-facilitar-el-transito-a-personas-con-movilidad-reducida\\\/#primaryimage\"},\"thumbnailUrl\":\"https:\\\/\\\/www.laguiadepamplona.com\\\/actualidad\\\/wp-content\\\/uploads\\\/2023\\\/02\\\/23.02.21_pasos_cebra_San-Jorge-.webp\",\"datePublished\":\"2023-02-21T12:37:26+00:00\",\"dateModified\":\"2023-04-11T09:47:10+00:00\",\"description\":\"Las obras incluyen dos nuevas paradas de autob\u00fas en la zona del campo de f\u00fatbol y otro paso de peatones semaforizado en la avenida de San Jorge\",\"breadcrumb\":{\"@id\":\"https:\\\/\\\/www.laguiadepamplona.com\\\/actualidad\\\/el-ayuntamiento-plantea-cuatro-nuevos-pasos-de-peatones-semaforizados-en-el-entorno-de-la-rotonda-de-san-jorge-para-facilitar-el-transito-a-personas-con-movilidad-reducida\\\/#breadcrumb\"},\"inLanguage\":\"es\",\"potentialAction\":[{\"@type\":\"ReadAction\",\"target\":[\"https:\\\/\\\/www.laguiadepamplona.com\\\/actualidad\\\/el-ayuntamiento-plantea-cuatro-nuevos-pasos-de-peatones-semaforizados-en-el-entorno-de-la-rotonda-de-san-jorge-para-facilitar-el-transito-a-personas-con-movilidad-reducida\\\/\"]}]},{\"@type\":\"ImageObject\",\"inLanguage\":\"es\",\"@id\":\"https:\\\/\\\/www.laguiadepamplona.com\\\/actualidad\\\/el-ayuntamiento-plantea-cuatro-nuevos-pasos-de-peatones-semaforizados-en-el-entorno-de-la-rotonda-de-san-jorge-para-facilitar-el-transito-a-personas-con-movilidad-reducida\\\/#primaryimage\",\"url\":\"https:\\\/\\\/www.laguiadepamplona.com\\\/actualidad\\\/wp-content\\\/uploads\\\/2023\\\/02\\\/23.02.21_pasos_cebra_San-Jorge-.webp\",\"contentUrl\":\"https:\\\/\\\/www.laguiadepamplona.com\\\/actualidad\\\/wp-content\\\/uploads\\\/2023\\\/02\\\/23.02.21_pasos_cebra_San-Jorge-.webp\",\"width\":1920,\"height\":1307},{\"@type\":\"BreadcrumbList\",\"@id\":\"https:\\\/\\\/www.laguiadepamplona.com\\\/actualidad\\\/el-ayuntamiento-plantea-cuatro-nuevos-pasos-de-peatones-semaforizados-en-el-entorno-de-la-rotonda-de-san-jorge-para-facilitar-el-transito-a-personas-con-movilidad-reducida\\\/#breadcrumb\",\"itemListElement\":[{\"@type\":\"ListItem\",\"position\":1,\"name\":\"Portada\",\"item\":\"https:\\\/\\\/www.laguiadepamplona.com\\\/actualidad\\\/\"},{\"@type\":\"ListItem\",\"position\":2,\"name\":\"El Ayuntamiento plantea cuatro nuevos pasos de peatones semaforizados en el entorno de la rotonda de San Jorge para facilitar el tr\u00e1nsito a personas con movilidad reducida\"}]},{\"@type\":\"WebSite\",\"@id\":\"https:\\\/\\\/www.laguiadepamplona.com\\\/actualidad\\\/#website\",\"url\":\"https:\\\/\\\/www.laguiadepamplona.com\\\/actualidad\\\/\",\"name\":\"La gu\u00eda de Pamplona\",\"description\":\"Noticias de Pamplona\",\"publisher\":{\"@id\":\"https:\\\/\\\/www.laguiadepamplona.com\\\/actualidad\\\/#organization\"},\"potentialAction\":[{\"@type\":\"SearchAction\",\"target\":{\"@type\":\"EntryPoint\",\"urlTemplate\":\"https:\\\/\\\/www.laguiadepamplona.com\\\/actualidad\\\/?s={search_term_string}\"},\"query-input\":{\"@type\":\"PropertyValueSpecification\",\"valueRequired\":true,\"valueName\":\"search_term_string\"}}],\"inLanguage\":\"es\"},{\"@type\":\"Organization\",\"@id\":\"https:\\\/\\\/www.laguiadepamplona.com\\\/actualidad\\\/#organization\",\"name\":\"La Gu\u00eda de Pamplona \\\/ Noticias\",\"url\":\"https:\\\/\\\/www.laguiadepamplona.com\\\/actualidad\\\/\",\"logo\":{\"@type\":\"ImageObject\",\"inLanguage\":\"es\",\"@id\":\"https:\\\/\\\/www.laguiadepamplona.com\\\/actualidad\\\/#\\\/schema\\\/logo\\\/image\\\/\",\"url\":\"https:\\\/\\\/www.laguiadepamplona.com\\\/actualidad\\\/wp-content\\\/uploads\\\/2018\\\/11\\\/logo-laguiadepamplona18-web1.png\",\"contentUrl\":\"https:\\\/\\\/www.laguiadepamplona.com\\\/actualidad\\\/wp-content\\\/uploads\\\/2018\\\/11\\\/logo-laguiadepamplona18-web1.png\",\"width\":600,\"height\":196,\"caption\":\"La Gu\u00eda de Pamplona \\\/ Noticias\"},\"image\":{\"@id\":\"https:\\\/\\\/www.laguiadepamplona.com\\\/actualidad\\\/#\\\/schema\\\/logo\\\/image\\\/\"},\"sameAs\":[\"https:\\\/\\\/www.facebook.com\\\/laguiadepamplonacom-133175176762273\\\/?ref=hl\",\"https:\\\/\\\/x.com\\\/LaGuiadPamplona\",\"https:\\\/\\\/www.instagram.com\\\/la_guia_de_pamplona\\\/\",\"https:\\\/\\\/www.youtube.com\\\/user\\\/laguiadepamplona\"]},{\"@type\":\"Person\",\"@id\":\"https:\\\/\\\/www.laguiadepamplona.com\\\/actualidad\\\/#\\\/schema\\\/person\\\/efe887376f0213d4657c93adc50b1fdb\",\"name\":\"La Gu\u00eda de Pamplona\",\"image\":{\"@type\":\"ImageObject\",\"inLanguage\":\"es\",\"@id\":\"https:\\\/\\\/secure.gravatar.com\\\/avatar\\\/b6992f131dc8d30ab0dff15446e9d346d9dbd95992de0fef795073f5ea83a81c?s=96&d=mm&r=g\",\"url\":\"https:\\\/\\\/secure.gravatar.com\\\/avatar\\\/b6992f131dc8d30ab0dff15446e9d346d9dbd95992de0fef795073f5ea83a81c?s=96&d=mm&r=g\",\"contentUrl\":\"https:\\\/\\\/secure.gravatar.com\\\/avatar\\\/b6992f131dc8d30ab0dff15446e9d346d9dbd95992de0fef795073f5ea83a81c?s=96&d=mm&r=g\",\"caption\":\"La Gu\u00eda de Pamplona\"}}]}<\/script>\n<!-- \/ Yoast SEO plugin. -->","yoast_head_json":{"title":"El Ayuntamiento plantea cuatro nuevos pasos de peatones semaforizados en el entorno de la rotonda de San Jorge para facilitar el tr\u00e1nsito a personas con movilidad reducida","description":"Las obras incluyen dos nuevas paradas de autob\u00fas en la zona del campo de f\u00fatbol y otro paso de peatones semaforizado en la avenida de San Jorge","robots":{"index":"index","follow":"follow","max-snippet":"max-snippet:-1","max-image-preview":"max-image-preview:large","max-video-preview":"max-video-preview:-1"},"canonical":"https:\/\/www.laguiadepamplona.com\/actualidad\/el-ayuntamiento-plantea-cuatro-nuevos-pasos-de-peatones-semaforizados-en-el-entorno-de-la-rotonda-de-san-jorge-para-facilitar-el-transito-a-personas-con-movilidad-reducida\/","og_locale":"es_ES","og_type":"article","og_title":"El Ayuntamiento plantea cuatro nuevos pasos de peatones semaforizados en el entorno de la rotonda de San Jorge para facilitar el tr\u00e1nsito a personas con movilidad reducida","og_description":"Las obras incluyen dos nuevas paradas de autob\u00fas en la zona del campo de f\u00fatbol y otro paso de peatones semaforizado en la avenida de San Jorge","og_url":"https:\/\/www.laguiadepamplona.com\/actualidad\/el-ayuntamiento-plantea-cuatro-nuevos-pasos-de-peatones-semaforizados-en-el-entorno-de-la-rotonda-de-san-jorge-para-facilitar-el-transito-a-personas-con-movilidad-reducida\/","og_site_name":"La Gu\u00eda de Pamplona","article_publisher":"https:\/\/www.facebook.com\/laguiadepamplonacom-133175176762273\/?ref=hl","article_published_time":"2023-02-21T12:37:26+00:00","article_modified_time":"2023-04-11T09:47:10+00:00","og_image":[{"width":1920,"height":1307,"url":"https:\/\/www.laguiadepamplona.com\/actualidad\/wp-content\/uploads\/2023\/02\/23.02.21_pasos_cebra_San-Jorge-.webp","type":"image\/webp"}],"author":"La Gu\u00eda de Pamplona","twitter_card":"summary_large_image","twitter_creator":"@LaGuiadPamplona","twitter_site":"@LaGuiadPamplona","twitter_misc":{"Escrito por":"La Gu\u00eda de Pamplona","Tiempo de lectura":"4 minutos"},"schema":{"@context":"https:\/\/schema.org","@graph":[{"@type":"Article","@id":"https:\/\/www.laguiadepamplona.com\/actualidad\/el-ayuntamiento-plantea-cuatro-nuevos-pasos-de-peatones-semaforizados-en-el-entorno-de-la-rotonda-de-san-jorge-para-facilitar-el-transito-a-personas-con-movilidad-reducida\/#article","isPartOf":{"@id":"https:\/\/www.laguiadepamplona.com\/actualidad\/el-ayuntamiento-plantea-cuatro-nuevos-pasos-de-peatones-semaforizados-en-el-entorno-de-la-rotonda-de-san-jorge-para-facilitar-el-transito-a-personas-con-movilidad-reducida\/"},"author":{"name":"La Gu\u00eda de Pamplona","@id":"https:\/\/www.laguiadepamplona.com\/actualidad\/#\/schema\/person\/efe887376f0213d4657c93adc50b1fdb"},"headline":"El Ayuntamiento plantea cuatro nuevos pasos de peatones semaforizados en el entorno de la rotonda de San Jorge para facilitar el tr\u00e1nsito a personas con movilidad reducida","datePublished":"2023-02-21T12:37:26+00:00","dateModified":"2023-04-11T09:47:10+00:00","mainEntityOfPage":{"@id":"https:\/\/www.laguiadepamplona.com\/actualidad\/el-ayuntamiento-plantea-cuatro-nuevos-pasos-de-peatones-semaforizados-en-el-entorno-de-la-rotonda-de-san-jorge-para-facilitar-el-transito-a-personas-con-movilidad-reducida\/"},"wordCount":800,"commentCount":0,"publisher":{"@id":"https:\/\/www.laguiadepamplona.com\/actualidad\/#organization"},"image":{"@id":"https:\/\/www.laguiadepamplona.com\/actualidad\/el-ayuntamiento-plantea-cuatro-nuevos-pasos-de-peatones-semaforizados-en-el-entorno-de-la-rotonda-de-san-jorge-para-facilitar-el-transito-a-personas-con-movilidad-reducida\/#primaryimage"},"thumbnailUrl":"https:\/\/www.laguiadepamplona.com\/actualidad\/wp-content\/uploads\/2023\/02\/23.02.21_pasos_cebra_San-Jorge-.webp","articleSection":["Ayto Pamplona"],"inLanguage":"es","potentialAction":[{"@type":"CommentAction","name":"Comment","target":["https:\/\/www.laguiadepamplona.com\/actualidad\/el-ayuntamiento-plantea-cuatro-nuevos-pasos-de-peatones-semaforizados-en-el-entorno-de-la-rotonda-de-san-jorge-para-facilitar-el-transito-a-personas-con-movilidad-reducida\/#respond"]}]},{"@type":"WebPage","@id":"https:\/\/www.laguiadepamplona.com\/actualidad\/el-ayuntamiento-plantea-cuatro-nuevos-pasos-de-peatones-semaforizados-en-el-entorno-de-la-rotonda-de-san-jorge-para-facilitar-el-transito-a-personas-con-movilidad-reducida\/","url":"https:\/\/www.laguiadepamplona.com\/actualidad\/el-ayuntamiento-plantea-cuatro-nuevos-pasos-de-peatones-semaforizados-en-el-entorno-de-la-rotonda-de-san-jorge-para-facilitar-el-transito-a-personas-con-movilidad-reducida\/","name":"El Ayuntamiento plantea cuatro nuevos pasos de peatones semaforizados en el entorno de la rotonda de San Jorge para facilitar el tr\u00e1nsito a personas con movilidad reducida","isPartOf":{"@id":"https:\/\/www.laguiadepamplona.com\/actualidad\/#website"},"primaryImageOfPage":{"@id":"https:\/\/www.laguiadepamplona.com\/actualidad\/el-ayuntamiento-plantea-cuatro-nuevos-pasos-de-peatones-semaforizados-en-el-entorno-de-la-rotonda-de-san-jorge-para-facilitar-el-transito-a-personas-con-movilidad-reducida\/#primaryimage"},"image":{"@id":"https:\/\/www.laguiadepamplona.com\/actualidad\/el-ayuntamiento-plantea-cuatro-nuevos-pasos-de-peatones-semaforizados-en-el-entorno-de-la-rotonda-de-san-jorge-para-facilitar-el-transito-a-personas-con-movilidad-reducida\/#primaryimage"},"thumbnailUrl":"https:\/\/www.laguiadepamplona.com\/actualidad\/wp-content\/uploads\/2023\/02\/23.02.21_pasos_cebra_San-Jorge-.webp","datePublished":"2023-02-21T12:37:26+00:00","dateModified":"2023-04-11T09:47:10+00:00","description":"Las obras incluyen dos nuevas paradas de autob\u00fas en la zona del campo de f\u00fatbol y otro paso de peatones semaforizado en la avenida de San Jorge","breadcrumb":{"@id":"https:\/\/www.laguiadepamplona.com\/actualidad\/el-ayuntamiento-plantea-cuatro-nuevos-pasos-de-peatones-semaforizados-en-el-entorno-de-la-rotonda-de-san-jorge-para-facilitar-el-transito-a-personas-con-movilidad-reducida\/#breadcrumb"},"inLanguage":"es","potentialAction":[{"@type":"ReadAction","target":["https:\/\/www.laguiadepamplona.com\/actualidad\/el-ayuntamiento-plantea-cuatro-nuevos-pasos-de-peatones-semaforizados-en-el-entorno-de-la-rotonda-de-san-jorge-para-facilitar-el-transito-a-personas-con-movilidad-reducida\/"]}]},{"@type":"ImageObject","inLanguage":"es","@id":"https:\/\/www.laguiadepamplona.com\/actualidad\/el-ayuntamiento-plantea-cuatro-nuevos-pasos-de-peatones-semaforizados-en-el-entorno-de-la-rotonda-de-san-jorge-para-facilitar-el-transito-a-personas-con-movilidad-reducida\/#primaryimage","url":"https:\/\/www.laguiadepamplona.com\/actualidad\/wp-content\/uploads\/2023\/02\/23.02.21_pasos_cebra_San-Jorge-.webp","contentUrl":"https:\/\/www.laguiadepamplona.com\/actualidad\/wp-content\/uploads\/2023\/02\/23.02.21_pasos_cebra_San-Jorge-.webp","width":1920,"height":1307},{"@type":"BreadcrumbList","@id":"https:\/\/www.laguiadepamplona.com\/actualidad\/el-ayuntamiento-plantea-cuatro-nuevos-pasos-de-peatones-semaforizados-en-el-entorno-de-la-rotonda-de-san-jorge-para-facilitar-el-transito-a-personas-con-movilidad-reducida\/#breadcrumb","itemListElement":[{"@type":"ListItem","position":1,"name":"Portada","item":"https:\/\/www.laguiadepamplona.com\/actualidad\/"},{"@type":"ListItem","position":2,"name":"El Ayuntamiento plantea cuatro nuevos pasos de peatones semaforizados en el entorno de la rotonda de San Jorge para facilitar el tr\u00e1nsito a personas con movilidad reducida"}]},{"@type":"WebSite","@id":"https:\/\/www.laguiadepamplona.com\/actualidad\/#website","url":"https:\/\/www.laguiadepamplona.com\/actualidad\/","name":"La gu\u00eda de Pamplona","description":"Noticias de Pamplona","publisher":{"@id":"https:\/\/www.laguiadepamplona.com\/actualidad\/#organization"},"potentialAction":[{"@type":"SearchAction","target":{"@type":"EntryPoint","urlTemplate":"https:\/\/www.laguiadepamplona.com\/actualidad\/?s={search_term_string}"},"query-input":{"@type":"PropertyValueSpecification","valueRequired":true,"valueName":"search_term_string"}}],"inLanguage":"es"},{"@type":"Organization","@id":"https:\/\/www.laguiadepamplona.com\/actualidad\/#organization","name":"La Gu\u00eda de Pamplona \/ Noticias","url":"https:\/\/www.laguiadepamplona.com\/actualidad\/","logo":{"@type":"ImageObject","inLanguage":"es","@id":"https:\/\/www.laguiadepamplona.com\/actualidad\/#\/schema\/logo\/image\/","url":"https:\/\/www.laguiadepamplona.com\/actualidad\/wp-content\/uploads\/2018\/11\/logo-laguiadepamplona18-web1.png","contentUrl":"https:\/\/www.laguiadepamplona.com\/actualidad\/wp-content\/uploads\/2018\/11\/logo-laguiadepamplona18-web1.png","width":600,"height":196,"caption":"La Gu\u00eda de Pamplona \/ Noticias"},"image":{"@id":"https:\/\/www.laguiadepamplona.com\/actualidad\/#\/schema\/logo\/image\/"},"sameAs":["https:\/\/www.facebook.com\/laguiadepamplonacom-133175176762273\/?ref=hl","https:\/\/x.com\/LaGuiadPamplona","https:\/\/www.instagram.com\/la_guia_de_pamplona\/","https:\/\/www.youtube.com\/user\/laguiadepamplona"]},{"@type":"Person","@id":"https:\/\/www.laguiadepamplona.com\/actualidad\/#\/schema\/person\/efe887376f0213d4657c93adc50b1fdb","name":"La Gu\u00eda de Pamplona","image":{"@type":"ImageObject","inLanguage":"es","@id":"https:\/\/secure.gravatar.com\/avatar\/b6992f131dc8d30ab0dff15446e9d346d9dbd95992de0fef795073f5ea83a81c?s=96&d=mm&r=g","url":"https:\/\/secure.gravatar.com\/avatar\/b6992f131dc8d30ab0dff15446e9d346d9dbd95992de0fef795073f5ea83a81c?s=96&d=mm&r=g","contentUrl":"https:\/\/secure.gravatar.com\/avatar\/b6992f131dc8d30ab0dff15446e9d346d9dbd95992de0fef795073f5ea83a81c?s=96&d=mm&r=g","caption":"La Gu\u00eda de Pamplona"}}]}},"post_mailing_queue_ids":[],"_links":{"self":[{"href":"https:\/\/www.laguiadepamplona.com\/actualidad\/wp-json\/wp\/v2\/posts\/42935","targetHints":{"allow":["GET"]}}],"collection":[{"href":"https:\/\/www.laguiadepamplona.com\/actualidad\/wp-json\/wp\/v2\/posts"}],"about":[{"href":"https:\/\/www.laguiadepamplona.com\/actualidad\/wp-json\/wp\/v2\/types\/post"}],"author":[{"embeddable":true,"href":"https:\/\/www.laguiadepamplona.com\/actualidad\/wp-json\/wp\/v2\/users\/1"}],"replies":[{"embeddable":true,"href":"https:\/\/www.laguiadepamplona.com\/actualidad\/wp-json\/wp\/v2\/comments?post=42935"}],"version-history":[{"count":0,"href":"https:\/\/www.laguiadepamplona.com\/actualidad\/wp-json\/wp\/v2\/posts\/42935\/revisions"}],"wp:featuredmedia":[{"embeddable":true,"href":"https:\/\/www.laguiadepamplona.com\/actualidad\/wp-json\/wp\/v2\/media\/42936"}],"wp:attachment":[{"href":"https:\/\/www.laguiadepamplona.com\/actualidad\/wp-json\/wp\/v2\/media?parent=42935"}],"wp:term":[{"taxonomy":"category","embeddable":true,"href":"https:\/\/www.laguiadepamplona.com\/actualidad\/wp-json\/wp\/v2\/categories?post=42935"},{"taxonomy":"post_tag","embeddable":true,"href":"https:\/\/www.laguiadepamplona.com\/actualidad\/wp-json\/wp\/v2\/tags?post=42935"}],"curies":[{"name":"wp","href":"https:\/\/api.w.org\/{rel}","templated":true}]}}