{"id":42932,"date":"2023-02-20T20:22:08","date_gmt":"2023-02-20T18:22:08","guid":{"rendered":"https:\/\/www.laguiadepamplona.com\/actualidad\/?p=42932"},"modified":"2023-04-11T11:47:10","modified_gmt":"2023-04-11T09:47:10","slug":"el-ayuntamiento-de-pamplona-y-el-gobierno-de-navarra-acuerdan-construir-un-nuevo-panteon-para-inhumar-los-restos-de-victimas-navarras-de-1936-y-el-franquismo","status":"publish","type":"post","link":"https:\/\/www.laguiadepamplona.com\/actualidad\/el-ayuntamiento-de-pamplona-y-el-gobierno-de-navarra-acuerdan-construir-un-nuevo-panteon-para-inhumar-los-restos-de-victimas-navarras-de-1936-y-el-franquismo\/","title":{"rendered":"El Ayuntamiento de Pamplona y el Gobierno de Navarra acuerdan construir un nuevo pante\u00f3n para inhumar los restos de v\u00edctimas navarras de 1936 y el franquismo"},"content":{"rendered":"<h5>El convenio, con una vigencia de cuatro a\u00f1os, se enmarca en la Ley Foral de reconocimiento y reparaci\u00f3n moral de las v\u00edctimas<\/h5>\n<p><!--more--><\/p>\n<p>El Ayuntamiento de Pamplona y el Gobierno de Navarra van a construir un nuevo pante\u00f3n en el cementerio de San Jos\u00e9 destinado a las v\u00edctimas de la Guerra Civil de 1936 y del franquismo en Navarra. El alcalde de Pamplona, Enrique Maya, y la consejera de Relaciones Ciudadanas, Ana Ollo, han suscrito un convenio de colaboraci\u00f3n, en cumplimiento de la Ley Foral de reconocimiento y reparaci\u00f3n moral de las ciudadanas y ciudadanos navarros asesinados y v\u00edctimas de la represi\u00f3n a ra\u00edz del golpe militar de 1936.<\/p>\n<p>El convenio establece que el Ayuntamiento recibir\u00e1 del Gobierno toda la informaci\u00f3n sobre las exhumaciones que se hayan practicado o se practiquen en el futuro y dar\u00e1 sepultura a los restos. Ambas instituciones organizar\u00e1n peri\u00f3dicamente un acto de inhumaci\u00f3n de los cuerpos recuperados, para dignificar a las personas v\u00edctimas de la violencia y trasladar la memoria de lo ocurrido a la sociedad, as\u00ed como valores de paz, convivencia y respeto a los derechos humanos.<br \/>\n<script async src=\"\/\/pagead2.googlesyndication.com\/pagead\/js\/adsbygoogle.js\"><\/script><br \/>\n<!-- Noticias La Guia de Pamplona --><br \/>\n<ins class=\"adsbygoogle\"\nstyle=\"display:block\"\ndata-ad-client=\"ca-pub-6943679897239327\"\ndata-ad-slot=\"7048180777\"\ndata-ad-format=\"auto\"><\/ins><br \/>\n<script>\n(adsbygoogle = window.adsbygoogle || []).push({});\n<\/script><\/p>\n<p>El texto indica que los restos deber\u00e1n corresponder a v\u00edctimas de la Guerra Civil de 1936 o del franquismo desaparecidas y exhumadas conforme al Protocolo de Exhumaciones de la Comunidad Foral de Navarra. Estos restos se recuperar\u00e1n de fosas de Navarra y contemplan tres situaciones: que no sea posible su identificaci\u00f3n; que pese a ser identificados no hayan podido ser entregados a sus familiares o sus familias no hayan podido hacerse cargo de ellos; y que las familias de residentes en Pamplona fusilados e identificados los soliciten.<\/p>\n<p>El convenio incluye asimismo los restos identificados de v\u00edctimas navarras localizados en fosas de otros lugares del Estado y que no han podido ser entregados a sus familiares o estos no han podido hacerse cargo de ellos. La vigencia del convenio es de cuatro a\u00f1os y, antes de su finalizaci\u00f3n, se podr\u00e1 acordar una pr\u00f3rroga de otros cuatro a\u00f1os adicionales.<br \/>\n<script async src=\"\/\/pagead2.googlesyndication.com\/pagead\/js\/adsbygoogle.js\"><\/script><br \/>\n<!-- Noticias La Guia de Pamplona --><br \/>\n<ins class=\"adsbygoogle\"\nstyle=\"display:block\"\ndata-ad-client=\"ca-pub-6943679897239327\"\ndata-ad-slot=\"7048180777\"\ndata-ad-format=\"auto\"><\/ins><br \/>\n<script>\n(adsbygoogle = window.adsbygoogle || []).push({});\n<\/script><\/p>\n<p><strong>Financiaci\u00f3n<\/strong><\/p>\n<p>El nuevo pante\u00f3n, de titularidad municipal, ser\u00e1 financiado a partes iguales por Ayuntamiento y Gobierno. El Consistorio se compromete a tramitar en 2023 el procedimiento de adjudicaci\u00f3n del contrato de obras, as\u00ed como a la ejecuci\u00f3n del correspondiente proyecto de obras. Por su parte, el departamento de Relaciones Ciudadanas realizar\u00e1 una aportaci\u00f3n m\u00e1xima de 125.000 euros, en concepto de subvenci\u00f3n, para financiar la construcci\u00f3n.<br \/>\n<script async src=\"\/\/pagead2.googlesyndication.com\/pagead\/js\/adsbygoogle.js\"><\/script><br \/>\n<!-- Noticias La Guia de Pamplona --><br \/>\n<ins class=\"adsbygoogle\"\nstyle=\"display:block\"\ndata-ad-client=\"ca-pub-6943679897239327\"\ndata-ad-slot=\"7048180777\"\ndata-ad-format=\"auto\"><\/ins><br \/>\n<script>\n(adsbygoogle = window.adsbygoogle || []).push({});\n<\/script><\/p>\n<p>&nbsp;<\/p>\n<h3>Nuevo Pante\u00f3n en el Cementerio de San Jos\u00e9 de pamplona<\/h3>\n<ul>\n<li>Convenio firmado por Ayuntamiento de Pamplona y Gobierno de Navarra<\/li>\n<li>Duraci\u00f3n: cuatro a\u00f1os, prorrogable por otros cuatro a\u00f1os m\u00e1s<\/li>\n<li>Financiaci\u00f3n a partes iguales por Ayuntamiento y Gobierno<\/li>\n<li>Enmarcado en la Ley Foral de reconocimiento y reparaci\u00f3n moral de las ciudadanas y ciudadanos navarros asesinados y v\u00edctimas de la represi\u00f3n a ra\u00edz del golpe militar de 1936<\/li>\n<\/ul>\n","protected":false},"excerpt":{"rendered":"<p>El convenio, con una vigencia de cuatro a\u00f1os, se enmarca en la Ley Foral de reconocimiento y reparaci\u00f3n moral de las v\u00edctimas<\/p>\n","protected":false},"author":1,"featured_media":42933,"comment_status":"open","ping_status":"closed","sticky":false,"template":"","format":"standard","meta":{"footnotes":""},"categories":[2],"tags":[],"class_list":["post-42932","post","type-post","status-publish","format-standard","has-post-thumbnail","hentry","category-ayuntamiento-pamplona"],"yoast_head":"<!-- This site is optimized with the Yoast SEO plugin v27.3 - https:\/\/yoast.com\/product\/yoast-seo-wordpress\/ -->\n<title>El Ayuntamiento de Pamplona y el Gobierno de Navarra acuerdan construir un nuevo pante\u00f3n para inhumar los restos de v\u00edctimas navarras de 1936 y el franquismo<\/title>\n<meta name=\"description\" content=\"El convenio, con una vigencia de cuatro a\u00f1os, se enmarca en la Ley Foral de reconocimiento y reparaci\u00f3n moral de las v\u00edctimas\" \/>\n<meta name=\"robots\" content=\"index, follow, max-snippet:-1, max-image-preview:large, max-video-preview:-1\" \/>\n<link rel=\"canonical\" href=\"https:\/\/www.laguiadepamplona.com\/actualidad\/el-ayuntamiento-de-pamplona-y-el-gobierno-de-navarra-acuerdan-construir-un-nuevo-panteon-para-inhumar-los-restos-de-victimas-navarras-de-1936-y-el-franquismo\/\" \/>\n<meta property=\"og:locale\" content=\"es_ES\" \/>\n<meta property=\"og:type\" content=\"article\" \/>\n<meta property=\"og:title\" content=\"El Ayuntamiento de Pamplona y el Gobierno de Navarra acuerdan construir un nuevo pante\u00f3n para inhumar los restos de v\u00edctimas navarras de 1936 y el franquismo\" \/>\n<meta property=\"og:description\" content=\"El convenio, con una vigencia de cuatro a\u00f1os, se enmarca en la Ley Foral de reconocimiento y reparaci\u00f3n moral de las v\u00edctimas\" \/>\n<meta property=\"og:url\" content=\"https:\/\/www.laguiadepamplona.com\/actualidad\/el-ayuntamiento-de-pamplona-y-el-gobierno-de-navarra-acuerdan-construir-un-nuevo-panteon-para-inhumar-los-restos-de-victimas-navarras-de-1936-y-el-franquismo\/\" \/>\n<meta property=\"og:site_name\" content=\"La Gu\u00eda de Pamplona\" \/>\n<meta property=\"article:publisher\" content=\"https:\/\/www.facebook.com\/laguiadepamplonacom-133175176762273\/?ref=hl\" \/>\n<meta property=\"article:published_time\" content=\"2023-02-20T18:22:08+00:00\" \/>\n<meta property=\"article:modified_time\" content=\"2023-04-11T09:47:10+00:00\" \/>\n<meta property=\"og:image\" content=\"https:\/\/www.laguiadepamplona.com\/actualidad\/wp-content\/uploads\/2023\/02\/q5a6011fcollo23-02-20.webp\" \/>\n\t<meta property=\"og:image:width\" content=\"1920\" \/>\n\t<meta property=\"og:image:height\" content=\"1281\" \/>\n\t<meta property=\"og:image:type\" content=\"image\/webp\" \/>\n<meta name=\"author\" content=\"La Gu\u00eda de Pamplona\" \/>\n<meta name=\"twitter:card\" content=\"summary_large_image\" \/>\n<meta name=\"twitter:creator\" content=\"@LaGuiadPamplona\" \/>\n<meta name=\"twitter:site\" content=\"@LaGuiadPamplona\" \/>\n<meta name=\"twitter:label1\" content=\"Escrito por\" \/>\n\t<meta name=\"twitter:data1\" content=\"La Gu\u00eda de Pamplona\" \/>\n\t<meta name=\"twitter:label2\" content=\"Tiempo de lectura\" \/>\n\t<meta name=\"twitter:data2\" content=\"3 minutos\" \/>\n<script type=\"application\/ld+json\" class=\"yoast-schema-graph\">{\"@context\":\"https:\\\/\\\/schema.org\",\"@graph\":[{\"@type\":\"Article\",\"@id\":\"https:\\\/\\\/www.laguiadepamplona.com\\\/actualidad\\\/el-ayuntamiento-de-pamplona-y-el-gobierno-de-navarra-acuerdan-construir-un-nuevo-panteon-para-inhumar-los-restos-de-victimas-navarras-de-1936-y-el-franquismo\\\/#article\",\"isPartOf\":{\"@id\":\"https:\\\/\\\/www.laguiadepamplona.com\\\/actualidad\\\/el-ayuntamiento-de-pamplona-y-el-gobierno-de-navarra-acuerdan-construir-un-nuevo-panteon-para-inhumar-los-restos-de-victimas-navarras-de-1936-y-el-franquismo\\\/\"},\"author\":{\"name\":\"La Gu\u00eda de Pamplona\",\"@id\":\"https:\\\/\\\/www.laguiadepamplona.com\\\/actualidad\\\/#\\\/schema\\\/person\\\/efe887376f0213d4657c93adc50b1fdb\"},\"headline\":\"El Ayuntamiento de Pamplona y el Gobierno de Navarra acuerdan construir un nuevo pante\u00f3n para inhumar los restos de v\u00edctimas navarras de 1936 y el franquismo\",\"datePublished\":\"2023-02-20T18:22:08+00:00\",\"dateModified\":\"2023-04-11T09:47:10+00:00\",\"mainEntityOfPage\":{\"@id\":\"https:\\\/\\\/www.laguiadepamplona.com\\\/actualidad\\\/el-ayuntamiento-de-pamplona-y-el-gobierno-de-navarra-acuerdan-construir-un-nuevo-panteon-para-inhumar-los-restos-de-victimas-navarras-de-1936-y-el-franquismo\\\/\"},\"wordCount\":524,\"commentCount\":0,\"publisher\":{\"@id\":\"https:\\\/\\\/www.laguiadepamplona.com\\\/actualidad\\\/#organization\"},\"image\":{\"@id\":\"https:\\\/\\\/www.laguiadepamplona.com\\\/actualidad\\\/el-ayuntamiento-de-pamplona-y-el-gobierno-de-navarra-acuerdan-construir-un-nuevo-panteon-para-inhumar-los-restos-de-victimas-navarras-de-1936-y-el-franquismo\\\/#primaryimage\"},\"thumbnailUrl\":\"https:\\\/\\\/www.laguiadepamplona.com\\\/actualidad\\\/wp-content\\\/uploads\\\/2023\\\/02\\\/q5a6011fcollo23-02-20.webp\",\"articleSection\":[\"Ayto Pamplona\"],\"inLanguage\":\"es\",\"potentialAction\":[{\"@type\":\"CommentAction\",\"name\":\"Comment\",\"target\":[\"https:\\\/\\\/www.laguiadepamplona.com\\\/actualidad\\\/el-ayuntamiento-de-pamplona-y-el-gobierno-de-navarra-acuerdan-construir-un-nuevo-panteon-para-inhumar-los-restos-de-victimas-navarras-de-1936-y-el-franquismo\\\/#respond\"]}]},{\"@type\":\"WebPage\",\"@id\":\"https:\\\/\\\/www.laguiadepamplona.com\\\/actualidad\\\/el-ayuntamiento-de-pamplona-y-el-gobierno-de-navarra-acuerdan-construir-un-nuevo-panteon-para-inhumar-los-restos-de-victimas-navarras-de-1936-y-el-franquismo\\\/\",\"url\":\"https:\\\/\\\/www.laguiadepamplona.com\\\/actualidad\\\/el-ayuntamiento-de-pamplona-y-el-gobierno-de-navarra-acuerdan-construir-un-nuevo-panteon-para-inhumar-los-restos-de-victimas-navarras-de-1936-y-el-franquismo\\\/\",\"name\":\"El Ayuntamiento de Pamplona y el Gobierno de Navarra acuerdan construir un nuevo pante\u00f3n para inhumar los restos de v\u00edctimas navarras de 1936 y el franquismo\",\"isPartOf\":{\"@id\":\"https:\\\/\\\/www.laguiadepamplona.com\\\/actualidad\\\/#website\"},\"primaryImageOfPage\":{\"@id\":\"https:\\\/\\\/www.laguiadepamplona.com\\\/actualidad\\\/el-ayuntamiento-de-pamplona-y-el-gobierno-de-navarra-acuerdan-construir-un-nuevo-panteon-para-inhumar-los-restos-de-victimas-navarras-de-1936-y-el-franquismo\\\/#primaryimage\"},\"image\":{\"@id\":\"https:\\\/\\\/www.laguiadepamplona.com\\\/actualidad\\\/el-ayuntamiento-de-pamplona-y-el-gobierno-de-navarra-acuerdan-construir-un-nuevo-panteon-para-inhumar-los-restos-de-victimas-navarras-de-1936-y-el-franquismo\\\/#primaryimage\"},\"thumbnailUrl\":\"https:\\\/\\\/www.laguiadepamplona.com\\\/actualidad\\\/wp-content\\\/uploads\\\/2023\\\/02\\\/q5a6011fcollo23-02-20.webp\",\"datePublished\":\"2023-02-20T18:22:08+00:00\",\"dateModified\":\"2023-04-11T09:47:10+00:00\",\"description\":\"El convenio, con una vigencia de cuatro a\u00f1os, se enmarca en la Ley Foral de reconocimiento y reparaci\u00f3n moral de las v\u00edctimas\",\"breadcrumb\":{\"@id\":\"https:\\\/\\\/www.laguiadepamplona.com\\\/actualidad\\\/el-ayuntamiento-de-pamplona-y-el-gobierno-de-navarra-acuerdan-construir-un-nuevo-panteon-para-inhumar-los-restos-de-victimas-navarras-de-1936-y-el-franquismo\\\/#breadcrumb\"},\"inLanguage\":\"es\",\"potentialAction\":[{\"@type\":\"ReadAction\",\"target\":[\"https:\\\/\\\/www.laguiadepamplona.com\\\/actualidad\\\/el-ayuntamiento-de-pamplona-y-el-gobierno-de-navarra-acuerdan-construir-un-nuevo-panteon-para-inhumar-los-restos-de-victimas-navarras-de-1936-y-el-franquismo\\\/\"]}]},{\"@type\":\"ImageObject\",\"inLanguage\":\"es\",\"@id\":\"https:\\\/\\\/www.laguiadepamplona.com\\\/actualidad\\\/el-ayuntamiento-de-pamplona-y-el-gobierno-de-navarra-acuerdan-construir-un-nuevo-panteon-para-inhumar-los-restos-de-victimas-navarras-de-1936-y-el-franquismo\\\/#primaryimage\",\"url\":\"https:\\\/\\\/www.laguiadepamplona.com\\\/actualidad\\\/wp-content\\\/uploads\\\/2023\\\/02\\\/q5a6011fcollo23-02-20.webp\",\"contentUrl\":\"https:\\\/\\\/www.laguiadepamplona.com\\\/actualidad\\\/wp-content\\\/uploads\\\/2023\\\/02\\\/q5a6011fcollo23-02-20.webp\",\"width\":1920,\"height\":1281},{\"@type\":\"BreadcrumbList\",\"@id\":\"https:\\\/\\\/www.laguiadepamplona.com\\\/actualidad\\\/el-ayuntamiento-de-pamplona-y-el-gobierno-de-navarra-acuerdan-construir-un-nuevo-panteon-para-inhumar-los-restos-de-victimas-navarras-de-1936-y-el-franquismo\\\/#breadcrumb\",\"itemListElement\":[{\"@type\":\"ListItem\",\"position\":1,\"name\":\"Portada\",\"item\":\"https:\\\/\\\/www.laguiadepamplona.com\\\/actualidad\\\/\"},{\"@type\":\"ListItem\",\"position\":2,\"name\":\"El Ayuntamiento de Pamplona y el Gobierno de Navarra acuerdan construir un nuevo pante\u00f3n para inhumar los restos de v\u00edctimas navarras de 1936 y el franquismo\"}]},{\"@type\":\"WebSite\",\"@id\":\"https:\\\/\\\/www.laguiadepamplona.com\\\/actualidad\\\/#website\",\"url\":\"https:\\\/\\\/www.laguiadepamplona.com\\\/actualidad\\\/\",\"name\":\"La gu\u00eda de Pamplona\",\"description\":\"Noticias de Pamplona\",\"publisher\":{\"@id\":\"https:\\\/\\\/www.laguiadepamplona.com\\\/actualidad\\\/#organization\"},\"potentialAction\":[{\"@type\":\"SearchAction\",\"target\":{\"@type\":\"EntryPoint\",\"urlTemplate\":\"https:\\\/\\\/www.laguiadepamplona.com\\\/actualidad\\\/?s={search_term_string}\"},\"query-input\":{\"@type\":\"PropertyValueSpecification\",\"valueRequired\":true,\"valueName\":\"search_term_string\"}}],\"inLanguage\":\"es\"},{\"@type\":\"Organization\",\"@id\":\"https:\\\/\\\/www.laguiadepamplona.com\\\/actualidad\\\/#organization\",\"name\":\"La Gu\u00eda de Pamplona \\\/ Noticias\",\"url\":\"https:\\\/\\\/www.laguiadepamplona.com\\\/actualidad\\\/\",\"logo\":{\"@type\":\"ImageObject\",\"inLanguage\":\"es\",\"@id\":\"https:\\\/\\\/www.laguiadepamplona.com\\\/actualidad\\\/#\\\/schema\\\/logo\\\/image\\\/\",\"url\":\"https:\\\/\\\/www.laguiadepamplona.com\\\/actualidad\\\/wp-content\\\/uploads\\\/2018\\\/11\\\/logo-laguiadepamplona18-web1.png\",\"contentUrl\":\"https:\\\/\\\/www.laguiadepamplona.com\\\/actualidad\\\/wp-content\\\/uploads\\\/2018\\\/11\\\/logo-laguiadepamplona18-web1.png\",\"width\":600,\"height\":196,\"caption\":\"La Gu\u00eda de Pamplona \\\/ Noticias\"},\"image\":{\"@id\":\"https:\\\/\\\/www.laguiadepamplona.com\\\/actualidad\\\/#\\\/schema\\\/logo\\\/image\\\/\"},\"sameAs\":[\"https:\\\/\\\/www.facebook.com\\\/laguiadepamplonacom-133175176762273\\\/?ref=hl\",\"https:\\\/\\\/x.com\\\/LaGuiadPamplona\",\"https:\\\/\\\/www.instagram.com\\\/la_guia_de_pamplona\\\/\",\"https:\\\/\\\/www.youtube.com\\\/user\\\/laguiadepamplona\"]},{\"@type\":\"Person\",\"@id\":\"https:\\\/\\\/www.laguiadepamplona.com\\\/actualidad\\\/#\\\/schema\\\/person\\\/efe887376f0213d4657c93adc50b1fdb\",\"name\":\"La Gu\u00eda de Pamplona\",\"image\":{\"@type\":\"ImageObject\",\"inLanguage\":\"es\",\"@id\":\"https:\\\/\\\/secure.gravatar.com\\\/avatar\\\/b6992f131dc8d30ab0dff15446e9d346d9dbd95992de0fef795073f5ea83a81c?s=96&d=mm&r=g\",\"url\":\"https:\\\/\\\/secure.gravatar.com\\\/avatar\\\/b6992f131dc8d30ab0dff15446e9d346d9dbd95992de0fef795073f5ea83a81c?s=96&d=mm&r=g\",\"contentUrl\":\"https:\\\/\\\/secure.gravatar.com\\\/avatar\\\/b6992f131dc8d30ab0dff15446e9d346d9dbd95992de0fef795073f5ea83a81c?s=96&d=mm&r=g\",\"caption\":\"La Gu\u00eda de Pamplona\"}}]}<\/script>\n<!-- \/ Yoast SEO plugin. -->","yoast_head_json":{"title":"El Ayuntamiento de Pamplona y el Gobierno de Navarra acuerdan construir un nuevo pante\u00f3n para inhumar los restos de v\u00edctimas navarras de 1936 y el franquismo","description":"El convenio, con una vigencia de cuatro a\u00f1os, se enmarca en la Ley Foral de reconocimiento y reparaci\u00f3n moral de las v\u00edctimas","robots":{"index":"index","follow":"follow","max-snippet":"max-snippet:-1","max-image-preview":"max-image-preview:large","max-video-preview":"max-video-preview:-1"},"canonical":"https:\/\/www.laguiadepamplona.com\/actualidad\/el-ayuntamiento-de-pamplona-y-el-gobierno-de-navarra-acuerdan-construir-un-nuevo-panteon-para-inhumar-los-restos-de-victimas-navarras-de-1936-y-el-franquismo\/","og_locale":"es_ES","og_type":"article","og_title":"El Ayuntamiento de Pamplona y el Gobierno de Navarra acuerdan construir un nuevo pante\u00f3n para inhumar los restos de v\u00edctimas navarras de 1936 y el franquismo","og_description":"El convenio, con una vigencia de cuatro a\u00f1os, se enmarca en la Ley Foral de reconocimiento y reparaci\u00f3n moral de las v\u00edctimas","og_url":"https:\/\/www.laguiadepamplona.com\/actualidad\/el-ayuntamiento-de-pamplona-y-el-gobierno-de-navarra-acuerdan-construir-un-nuevo-panteon-para-inhumar-los-restos-de-victimas-navarras-de-1936-y-el-franquismo\/","og_site_name":"La Gu\u00eda de Pamplona","article_publisher":"https:\/\/www.facebook.com\/laguiadepamplonacom-133175176762273\/?ref=hl","article_published_time":"2023-02-20T18:22:08+00:00","article_modified_time":"2023-04-11T09:47:10+00:00","og_image":[{"width":1920,"height":1281,"url":"https:\/\/www.laguiadepamplona.com\/actualidad\/wp-content\/uploads\/2023\/02\/q5a6011fcollo23-02-20.webp","type":"image\/webp"}],"author":"La Gu\u00eda de Pamplona","twitter_card":"summary_large_image","twitter_creator":"@LaGuiadPamplona","twitter_site":"@LaGuiadPamplona","twitter_misc":{"Escrito por":"La Gu\u00eda de Pamplona","Tiempo de lectura":"3 minutos"},"schema":{"@context":"https:\/\/schema.org","@graph":[{"@type":"Article","@id":"https:\/\/www.laguiadepamplona.com\/actualidad\/el-ayuntamiento-de-pamplona-y-el-gobierno-de-navarra-acuerdan-construir-un-nuevo-panteon-para-inhumar-los-restos-de-victimas-navarras-de-1936-y-el-franquismo\/#article","isPartOf":{"@id":"https:\/\/www.laguiadepamplona.com\/actualidad\/el-ayuntamiento-de-pamplona-y-el-gobierno-de-navarra-acuerdan-construir-un-nuevo-panteon-para-inhumar-los-restos-de-victimas-navarras-de-1936-y-el-franquismo\/"},"author":{"name":"La Gu\u00eda de Pamplona","@id":"https:\/\/www.laguiadepamplona.com\/actualidad\/#\/schema\/person\/efe887376f0213d4657c93adc50b1fdb"},"headline":"El Ayuntamiento de Pamplona y el Gobierno de Navarra acuerdan construir un nuevo pante\u00f3n para inhumar los restos de v\u00edctimas navarras de 1936 y el franquismo","datePublished":"2023-02-20T18:22:08+00:00","dateModified":"2023-04-11T09:47:10+00:00","mainEntityOfPage":{"@id":"https:\/\/www.laguiadepamplona.com\/actualidad\/el-ayuntamiento-de-pamplona-y-el-gobierno-de-navarra-acuerdan-construir-un-nuevo-panteon-para-inhumar-los-restos-de-victimas-navarras-de-1936-y-el-franquismo\/"},"wordCount":524,"commentCount":0,"publisher":{"@id":"https:\/\/www.laguiadepamplona.com\/actualidad\/#organization"},"image":{"@id":"https:\/\/www.laguiadepamplona.com\/actualidad\/el-ayuntamiento-de-pamplona-y-el-gobierno-de-navarra-acuerdan-construir-un-nuevo-panteon-para-inhumar-los-restos-de-victimas-navarras-de-1936-y-el-franquismo\/#primaryimage"},"thumbnailUrl":"https:\/\/www.laguiadepamplona.com\/actualidad\/wp-content\/uploads\/2023\/02\/q5a6011fcollo23-02-20.webp","articleSection":["Ayto Pamplona"],"inLanguage":"es","potentialAction":[{"@type":"CommentAction","name":"Comment","target":["https:\/\/www.laguiadepamplona.com\/actualidad\/el-ayuntamiento-de-pamplona-y-el-gobierno-de-navarra-acuerdan-construir-un-nuevo-panteon-para-inhumar-los-restos-de-victimas-navarras-de-1936-y-el-franquismo\/#respond"]}]},{"@type":"WebPage","@id":"https:\/\/www.laguiadepamplona.com\/actualidad\/el-ayuntamiento-de-pamplona-y-el-gobierno-de-navarra-acuerdan-construir-un-nuevo-panteon-para-inhumar-los-restos-de-victimas-navarras-de-1936-y-el-franquismo\/","url":"https:\/\/www.laguiadepamplona.com\/actualidad\/el-ayuntamiento-de-pamplona-y-el-gobierno-de-navarra-acuerdan-construir-un-nuevo-panteon-para-inhumar-los-restos-de-victimas-navarras-de-1936-y-el-franquismo\/","name":"El Ayuntamiento de Pamplona y el Gobierno de Navarra acuerdan construir un nuevo pante\u00f3n para inhumar los restos de v\u00edctimas navarras de 1936 y el franquismo","isPartOf":{"@id":"https:\/\/www.laguiadepamplona.com\/actualidad\/#website"},"primaryImageOfPage":{"@id":"https:\/\/www.laguiadepamplona.com\/actualidad\/el-ayuntamiento-de-pamplona-y-el-gobierno-de-navarra-acuerdan-construir-un-nuevo-panteon-para-inhumar-los-restos-de-victimas-navarras-de-1936-y-el-franquismo\/#primaryimage"},"image":{"@id":"https:\/\/www.laguiadepamplona.com\/actualidad\/el-ayuntamiento-de-pamplona-y-el-gobierno-de-navarra-acuerdan-construir-un-nuevo-panteon-para-inhumar-los-restos-de-victimas-navarras-de-1936-y-el-franquismo\/#primaryimage"},"thumbnailUrl":"https:\/\/www.laguiadepamplona.com\/actualidad\/wp-content\/uploads\/2023\/02\/q5a6011fcollo23-02-20.webp","datePublished":"2023-02-20T18:22:08+00:00","dateModified":"2023-04-11T09:47:10+00:00","description":"El convenio, con una vigencia de cuatro a\u00f1os, se enmarca en la Ley Foral de reconocimiento y reparaci\u00f3n moral de las v\u00edctimas","breadcrumb":{"@id":"https:\/\/www.laguiadepamplona.com\/actualidad\/el-ayuntamiento-de-pamplona-y-el-gobierno-de-navarra-acuerdan-construir-un-nuevo-panteon-para-inhumar-los-restos-de-victimas-navarras-de-1936-y-el-franquismo\/#breadcrumb"},"inLanguage":"es","potentialAction":[{"@type":"ReadAction","target":["https:\/\/www.laguiadepamplona.com\/actualidad\/el-ayuntamiento-de-pamplona-y-el-gobierno-de-navarra-acuerdan-construir-un-nuevo-panteon-para-inhumar-los-restos-de-victimas-navarras-de-1936-y-el-franquismo\/"]}]},{"@type":"ImageObject","inLanguage":"es","@id":"https:\/\/www.laguiadepamplona.com\/actualidad\/el-ayuntamiento-de-pamplona-y-el-gobierno-de-navarra-acuerdan-construir-un-nuevo-panteon-para-inhumar-los-restos-de-victimas-navarras-de-1936-y-el-franquismo\/#primaryimage","url":"https:\/\/www.laguiadepamplona.com\/actualidad\/wp-content\/uploads\/2023\/02\/q5a6011fcollo23-02-20.webp","contentUrl":"https:\/\/www.laguiadepamplona.com\/actualidad\/wp-content\/uploads\/2023\/02\/q5a6011fcollo23-02-20.webp","width":1920,"height":1281},{"@type":"BreadcrumbList","@id":"https:\/\/www.laguiadepamplona.com\/actualidad\/el-ayuntamiento-de-pamplona-y-el-gobierno-de-navarra-acuerdan-construir-un-nuevo-panteon-para-inhumar-los-restos-de-victimas-navarras-de-1936-y-el-franquismo\/#breadcrumb","itemListElement":[{"@type":"ListItem","position":1,"name":"Portada","item":"https:\/\/www.laguiadepamplona.com\/actualidad\/"},{"@type":"ListItem","position":2,"name":"El Ayuntamiento de Pamplona y el Gobierno de Navarra acuerdan construir un nuevo pante\u00f3n para inhumar los restos de v\u00edctimas navarras de 1936 y el franquismo"}]},{"@type":"WebSite","@id":"https:\/\/www.laguiadepamplona.com\/actualidad\/#website","url":"https:\/\/www.laguiadepamplona.com\/actualidad\/","name":"La gu\u00eda de Pamplona","description":"Noticias de Pamplona","publisher":{"@id":"https:\/\/www.laguiadepamplona.com\/actualidad\/#organization"},"potentialAction":[{"@type":"SearchAction","target":{"@type":"EntryPoint","urlTemplate":"https:\/\/www.laguiadepamplona.com\/actualidad\/?s={search_term_string}"},"query-input":{"@type":"PropertyValueSpecification","valueRequired":true,"valueName":"search_term_string"}}],"inLanguage":"es"},{"@type":"Organization","@id":"https:\/\/www.laguiadepamplona.com\/actualidad\/#organization","name":"La Gu\u00eda de Pamplona \/ Noticias","url":"https:\/\/www.laguiadepamplona.com\/actualidad\/","logo":{"@type":"ImageObject","inLanguage":"es","@id":"https:\/\/www.laguiadepamplona.com\/actualidad\/#\/schema\/logo\/image\/","url":"https:\/\/www.laguiadepamplona.com\/actualidad\/wp-content\/uploads\/2018\/11\/logo-laguiadepamplona18-web1.png","contentUrl":"https:\/\/www.laguiadepamplona.com\/actualidad\/wp-content\/uploads\/2018\/11\/logo-laguiadepamplona18-web1.png","width":600,"height":196,"caption":"La Gu\u00eda de Pamplona \/ Noticias"},"image":{"@id":"https:\/\/www.laguiadepamplona.com\/actualidad\/#\/schema\/logo\/image\/"},"sameAs":["https:\/\/www.facebook.com\/laguiadepamplonacom-133175176762273\/?ref=hl","https:\/\/x.com\/LaGuiadPamplona","https:\/\/www.instagram.com\/la_guia_de_pamplona\/","https:\/\/www.youtube.com\/user\/laguiadepamplona"]},{"@type":"Person","@id":"https:\/\/www.laguiadepamplona.com\/actualidad\/#\/schema\/person\/efe887376f0213d4657c93adc50b1fdb","name":"La Gu\u00eda de Pamplona","image":{"@type":"ImageObject","inLanguage":"es","@id":"https:\/\/secure.gravatar.com\/avatar\/b6992f131dc8d30ab0dff15446e9d346d9dbd95992de0fef795073f5ea83a81c?s=96&d=mm&r=g","url":"https:\/\/secure.gravatar.com\/avatar\/b6992f131dc8d30ab0dff15446e9d346d9dbd95992de0fef795073f5ea83a81c?s=96&d=mm&r=g","contentUrl":"https:\/\/secure.gravatar.com\/avatar\/b6992f131dc8d30ab0dff15446e9d346d9dbd95992de0fef795073f5ea83a81c?s=96&d=mm&r=g","caption":"La Gu\u00eda de Pamplona"}}]}},"post_mailing_queue_ids":[],"_links":{"self":[{"href":"https:\/\/www.laguiadepamplona.com\/actualidad\/wp-json\/wp\/v2\/posts\/42932","targetHints":{"allow":["GET"]}}],"collection":[{"href":"https:\/\/www.laguiadepamplona.com\/actualidad\/wp-json\/wp\/v2\/posts"}],"about":[{"href":"https:\/\/www.laguiadepamplona.com\/actualidad\/wp-json\/wp\/v2\/types\/post"}],"author":[{"embeddable":true,"href":"https:\/\/www.laguiadepamplona.com\/actualidad\/wp-json\/wp\/v2\/users\/1"}],"replies":[{"embeddable":true,"href":"https:\/\/www.laguiadepamplona.com\/actualidad\/wp-json\/wp\/v2\/comments?post=42932"}],"version-history":[{"count":0,"href":"https:\/\/www.laguiadepamplona.com\/actualidad\/wp-json\/wp\/v2\/posts\/42932\/revisions"}],"wp:featuredmedia":[{"embeddable":true,"href":"https:\/\/www.laguiadepamplona.com\/actualidad\/wp-json\/wp\/v2\/media\/42933"}],"wp:attachment":[{"href":"https:\/\/www.laguiadepamplona.com\/actualidad\/wp-json\/wp\/v2\/media?parent=42932"}],"wp:term":[{"taxonomy":"category","embeddable":true,"href":"https:\/\/www.laguiadepamplona.com\/actualidad\/wp-json\/wp\/v2\/categories?post=42932"},{"taxonomy":"post_tag","embeddable":true,"href":"https:\/\/www.laguiadepamplona.com\/actualidad\/wp-json\/wp\/v2\/tags?post=42932"}],"curies":[{"name":"wp","href":"https:\/\/api.w.org\/{rel}","templated":true}]}}