{"id":42930,"date":"2023-02-20T20:19:32","date_gmt":"2023-02-20T18:19:32","guid":{"rendered":"https:\/\/www.laguiadepamplona.com\/actualidad\/?p=42930"},"modified":"2023-04-11T11:47:10","modified_gmt":"2023-04-11T09:47:10","slug":"el-ayuntamiento-de-pamplona-aprueba-el-acuerdo-marco-para-las-campanas-de-comunicacion-en-los-medios-locales-durante-2023","status":"publish","type":"post","link":"https:\/\/www.laguiadepamplona.com\/actualidad\/el-ayuntamiento-de-pamplona-aprueba-el-acuerdo-marco-para-las-campanas-de-comunicacion-en-los-medios-locales-durante-2023\/","title":{"rendered":"El Ayuntamiento de Pamplona aprueba el acuerdo marco para las campa\u00f1as de comunicaci\u00f3n en los medios locales durante 2023"},"content":{"rendered":"<h5>El acuerdo regula la compra de espacios para publicidad en prensa, radio, televisi\u00f3n y prensa digital atendiendo a criterios de econom\u00eda y audiencia<\/h5>\n<p><!--more--><\/p>\n<p>La Junta de Gobierno Local ha aprobado esta ma\u00f1ana la relaci\u00f3n de medios de comunicaci\u00f3n que forman parte del acuerdo marco mediante el cual el Ayuntamiento de Pamplona compra de forma directa de espacios publicitarios para la inserci\u00f3n de campa\u00f1as institucionales durante este a\u00f1o 2023. El acuerdo, como en a\u00f1os anteriores, recoge un gasto m\u00e1ximo total de 600.000 euros distribuido en cuatro lotes en relaci\u00f3n a los soportes: prensa convencional, prensa digital, radio o televisi\u00f3n. Los medios de comunicaci\u00f3n han sido seleccionados por sus ofertas econ\u00f3micas y con el criterio de audiencia o difusi\u00f3n, buscando la mayor extensi\u00f3n del mensaje municipal.<br \/>\n<script async src=\"\/\/pagead2.googlesyndication.com\/pagead\/js\/adsbygoogle.js\"><\/script><br \/>\n<!-- Noticias La Guia de Pamplona --><br \/>\n<ins class=\"adsbygoogle\"\nstyle=\"display:block\"\ndata-ad-client=\"ca-pub-6943679897239327\"\ndata-ad-slot=\"7048180777\"\ndata-ad-format=\"auto\"><\/ins><br \/>\n<script>\n(adsbygoogle = window.adsbygoogle || []).push({});\n<\/script><\/p>\n<p>El Ayuntamiento de Pamplona podr\u00e1 comprar este a\u00f1o espacios publicitarios en los ocho medios de comunicaci\u00f3n que se han presentado a la licitaci\u00f3n y que cumplen con los requisitos establecidos para el acuerdo marco. Esos requisitos exig\u00edan un \u00e1mbito inmediato de difusi\u00f3n local en Pamplona, sede social en Navarra y, en el caso de radio y televisi\u00f3n, licencia de \u00e1mbito local o regional para operar como medio de comunicaci\u00f3n en la Comunidad Foral. Asimismo, se exig\u00eda porcentaje m\u00ednimo de audiencia en Pamplona del 10%. Ese porcentaje, en el caso de los lotes de prensa, radio y televisi\u00f3n, deb\u00eda validarse con el estudio de medios publicado por el Centro de Investigaci\u00f3n y Estudios Sociales (CIES) y, en el caso de los medios digitales, por las mediciones de Comscore y GFK.<\/p>\n<p>La partida destinada a prensa tiene un presupuesto m\u00e1ximo de 180.000 euros. En este lote, se ha admitido a dos empresas comunicaci\u00f3n, Brandok Comunicaci\u00f3n S.L. (Diario de Navarra) y Zeroa Multimedia (Diario de Noticias). Estas dos mismas empresas, adem\u00e1s de Glocal Influence S.L. (Navarra.com), se incluyen en el lote de prensa digital, dotado con un m\u00e1ximo de 250.000 euros. En lote de radio se podr\u00e1n comprar espacios publicitarios en la Sociedad Espa\u00f1ola de Radiodifusi\u00f3n S.L. (SER), en Radio Popular \u2013 Cadena COPE y en Uniprex S.A.U. (Onda Cero), con un presupuesto m\u00e1ximo de 120.000 euros. Por \u00faltimo, en televisi\u00f3n, se ha admitido a Sumando TV y Web S.A. (Navarra Televisi\u00f3n) en un lote que cuenta con 50.000 euros de presupuesto m\u00e1ximo.<\/p>\n","protected":false},"excerpt":{"rendered":"<p>El acuerdo regula la compra de espacios para publicidad en prensa, radio, televisi\u00f3n y prensa digital atendiendo a criterios de econom\u00eda y audiencia<\/p>\n","protected":false},"author":1,"featured_media":36074,"comment_status":"open","ping_status":"closed","sticky":false,"template":"","format":"standard","meta":{"footnotes":""},"categories":[2],"tags":[],"class_list":["post-42930","post","type-post","status-publish","format-standard","has-post-thumbnail","hentry","category-ayuntamiento-pamplona"],"yoast_head":"<!-- This site is optimized with the Yoast SEO plugin v27.3 - https:\/\/yoast.com\/product\/yoast-seo-wordpress\/ -->\n<title>El Ayuntamiento de Pamplona aprueba el acuerdo marco para las campa\u00f1as de comunicaci\u00f3n en los medios locales durante 2023<\/title>\n<meta name=\"description\" content=\"El acuerdo regula la compra de espacios para publicidad en prensa, radio, televisi\u00f3n y prensa digital atendiendo a criterios de econom\u00eda y audiencia\" \/>\n<meta name=\"robots\" content=\"index, follow, max-snippet:-1, max-image-preview:large, max-video-preview:-1\" \/>\n<link rel=\"canonical\" href=\"https:\/\/www.laguiadepamplona.com\/actualidad\/el-ayuntamiento-de-pamplona-aprueba-el-acuerdo-marco-para-las-campanas-de-comunicacion-en-los-medios-locales-durante-2023\/\" \/>\n<meta property=\"og:locale\" content=\"es_ES\" \/>\n<meta property=\"og:type\" content=\"article\" \/>\n<meta property=\"og:title\" content=\"El Ayuntamiento de Pamplona aprueba el acuerdo marco para las campa\u00f1as de comunicaci\u00f3n en los medios locales durante 2023\" \/>\n<meta property=\"og:description\" content=\"El acuerdo regula la compra de espacios para publicidad en prensa, radio, televisi\u00f3n y prensa digital atendiendo a criterios de econom\u00eda y audiencia\" \/>\n<meta property=\"og:url\" content=\"https:\/\/www.laguiadepamplona.com\/actualidad\/el-ayuntamiento-de-pamplona-aprueba-el-acuerdo-marco-para-las-campanas-de-comunicacion-en-los-medios-locales-durante-2023\/\" \/>\n<meta property=\"og:site_name\" content=\"La Gu\u00eda de Pamplona\" \/>\n<meta property=\"article:publisher\" content=\"https:\/\/www.facebook.com\/laguiadepamplonacom-133175176762273\/?ref=hl\" \/>\n<meta property=\"article:published_time\" content=\"2023-02-20T18:19:32+00:00\" \/>\n<meta property=\"article:modified_time\" content=\"2023-04-11T09:47:10+00:00\" \/>\n<meta property=\"og:image\" content=\"https:\/\/www.laguiadepamplona.com\/actualidad\/wp-content\/uploads\/2021\/08\/ayuntamiento-pamplona2.jpg\" \/>\n\t<meta property=\"og:image:width\" content=\"1920\" \/>\n\t<meta property=\"og:image:height\" content=\"1080\" \/>\n\t<meta property=\"og:image:type\" content=\"image\/jpeg\" \/>\n<meta name=\"author\" content=\"La Gu\u00eda de Pamplona\" \/>\n<meta name=\"twitter:card\" content=\"summary_large_image\" \/>\n<meta name=\"twitter:creator\" content=\"@LaGuiadPamplona\" \/>\n<meta name=\"twitter:site\" content=\"@LaGuiadPamplona\" \/>\n<meta name=\"twitter:label1\" content=\"Escrito por\" \/>\n\t<meta name=\"twitter:data1\" content=\"La Gu\u00eda de Pamplona\" \/>\n\t<meta name=\"twitter:label2\" content=\"Tiempo de lectura\" \/>\n\t<meta name=\"twitter:data2\" content=\"2 minutos\" \/>\n<script type=\"application\/ld+json\" class=\"yoast-schema-graph\">{\"@context\":\"https:\\\/\\\/schema.org\",\"@graph\":[{\"@type\":\"Article\",\"@id\":\"https:\\\/\\\/www.laguiadepamplona.com\\\/actualidad\\\/el-ayuntamiento-de-pamplona-aprueba-el-acuerdo-marco-para-las-campanas-de-comunicacion-en-los-medios-locales-durante-2023\\\/#article\",\"isPartOf\":{\"@id\":\"https:\\\/\\\/www.laguiadepamplona.com\\\/actualidad\\\/el-ayuntamiento-de-pamplona-aprueba-el-acuerdo-marco-para-las-campanas-de-comunicacion-en-los-medios-locales-durante-2023\\\/\"},\"author\":{\"name\":\"La Gu\u00eda de Pamplona\",\"@id\":\"https:\\\/\\\/www.laguiadepamplona.com\\\/actualidad\\\/#\\\/schema\\\/person\\\/efe887376f0213d4657c93adc50b1fdb\"},\"headline\":\"El Ayuntamiento de Pamplona aprueba el acuerdo marco para las campa\u00f1as de comunicaci\u00f3n en los medios locales durante 2023\",\"datePublished\":\"2023-02-20T18:19:32+00:00\",\"dateModified\":\"2023-04-11T09:47:10+00:00\",\"mainEntityOfPage\":{\"@id\":\"https:\\\/\\\/www.laguiadepamplona.com\\\/actualidad\\\/el-ayuntamiento-de-pamplona-aprueba-el-acuerdo-marco-para-las-campanas-de-comunicacion-en-los-medios-locales-durante-2023\\\/\"},\"wordCount\":433,\"commentCount\":0,\"publisher\":{\"@id\":\"https:\\\/\\\/www.laguiadepamplona.com\\\/actualidad\\\/#organization\"},\"image\":{\"@id\":\"https:\\\/\\\/www.laguiadepamplona.com\\\/actualidad\\\/el-ayuntamiento-de-pamplona-aprueba-el-acuerdo-marco-para-las-campanas-de-comunicacion-en-los-medios-locales-durante-2023\\\/#primaryimage\"},\"thumbnailUrl\":\"https:\\\/\\\/www.laguiadepamplona.com\\\/actualidad\\\/wp-content\\\/uploads\\\/2021\\\/08\\\/ayuntamiento-pamplona2.jpg\",\"articleSection\":[\"Ayto Pamplona\"],\"inLanguage\":\"es\",\"potentialAction\":[{\"@type\":\"CommentAction\",\"name\":\"Comment\",\"target\":[\"https:\\\/\\\/www.laguiadepamplona.com\\\/actualidad\\\/el-ayuntamiento-de-pamplona-aprueba-el-acuerdo-marco-para-las-campanas-de-comunicacion-en-los-medios-locales-durante-2023\\\/#respond\"]}]},{\"@type\":\"WebPage\",\"@id\":\"https:\\\/\\\/www.laguiadepamplona.com\\\/actualidad\\\/el-ayuntamiento-de-pamplona-aprueba-el-acuerdo-marco-para-las-campanas-de-comunicacion-en-los-medios-locales-durante-2023\\\/\",\"url\":\"https:\\\/\\\/www.laguiadepamplona.com\\\/actualidad\\\/el-ayuntamiento-de-pamplona-aprueba-el-acuerdo-marco-para-las-campanas-de-comunicacion-en-los-medios-locales-durante-2023\\\/\",\"name\":\"El Ayuntamiento de Pamplona aprueba el acuerdo marco para las campa\u00f1as de comunicaci\u00f3n en los medios locales durante 2023\",\"isPartOf\":{\"@id\":\"https:\\\/\\\/www.laguiadepamplona.com\\\/actualidad\\\/#website\"},\"primaryImageOfPage\":{\"@id\":\"https:\\\/\\\/www.laguiadepamplona.com\\\/actualidad\\\/el-ayuntamiento-de-pamplona-aprueba-el-acuerdo-marco-para-las-campanas-de-comunicacion-en-los-medios-locales-durante-2023\\\/#primaryimage\"},\"image\":{\"@id\":\"https:\\\/\\\/www.laguiadepamplona.com\\\/actualidad\\\/el-ayuntamiento-de-pamplona-aprueba-el-acuerdo-marco-para-las-campanas-de-comunicacion-en-los-medios-locales-durante-2023\\\/#primaryimage\"},\"thumbnailUrl\":\"https:\\\/\\\/www.laguiadepamplona.com\\\/actualidad\\\/wp-content\\\/uploads\\\/2021\\\/08\\\/ayuntamiento-pamplona2.jpg\",\"datePublished\":\"2023-02-20T18:19:32+00:00\",\"dateModified\":\"2023-04-11T09:47:10+00:00\",\"description\":\"El acuerdo regula la compra de espacios para publicidad en prensa, radio, televisi\u00f3n y prensa digital atendiendo a criterios de econom\u00eda y audiencia\",\"breadcrumb\":{\"@id\":\"https:\\\/\\\/www.laguiadepamplona.com\\\/actualidad\\\/el-ayuntamiento-de-pamplona-aprueba-el-acuerdo-marco-para-las-campanas-de-comunicacion-en-los-medios-locales-durante-2023\\\/#breadcrumb\"},\"inLanguage\":\"es\",\"potentialAction\":[{\"@type\":\"ReadAction\",\"target\":[\"https:\\\/\\\/www.laguiadepamplona.com\\\/actualidad\\\/el-ayuntamiento-de-pamplona-aprueba-el-acuerdo-marco-para-las-campanas-de-comunicacion-en-los-medios-locales-durante-2023\\\/\"]}]},{\"@type\":\"ImageObject\",\"inLanguage\":\"es\",\"@id\":\"https:\\\/\\\/www.laguiadepamplona.com\\\/actualidad\\\/el-ayuntamiento-de-pamplona-aprueba-el-acuerdo-marco-para-las-campanas-de-comunicacion-en-los-medios-locales-durante-2023\\\/#primaryimage\",\"url\":\"https:\\\/\\\/www.laguiadepamplona.com\\\/actualidad\\\/wp-content\\\/uploads\\\/2021\\\/08\\\/ayuntamiento-pamplona2.jpg\",\"contentUrl\":\"https:\\\/\\\/www.laguiadepamplona.com\\\/actualidad\\\/wp-content\\\/uploads\\\/2021\\\/08\\\/ayuntamiento-pamplona2.jpg\",\"width\":1920,\"height\":1080,\"caption\":\"ayuntamiento pamplona\"},{\"@type\":\"BreadcrumbList\",\"@id\":\"https:\\\/\\\/www.laguiadepamplona.com\\\/actualidad\\\/el-ayuntamiento-de-pamplona-aprueba-el-acuerdo-marco-para-las-campanas-de-comunicacion-en-los-medios-locales-durante-2023\\\/#breadcrumb\",\"itemListElement\":[{\"@type\":\"ListItem\",\"position\":1,\"name\":\"Portada\",\"item\":\"https:\\\/\\\/www.laguiadepamplona.com\\\/actualidad\\\/\"},{\"@type\":\"ListItem\",\"position\":2,\"name\":\"El Ayuntamiento de Pamplona aprueba el acuerdo marco para las campa\u00f1as de comunicaci\u00f3n en los medios locales durante 2023\"}]},{\"@type\":\"WebSite\",\"@id\":\"https:\\\/\\\/www.laguiadepamplona.com\\\/actualidad\\\/#website\",\"url\":\"https:\\\/\\\/www.laguiadepamplona.com\\\/actualidad\\\/\",\"name\":\"La gu\u00eda de Pamplona\",\"description\":\"Noticias de Pamplona\",\"publisher\":{\"@id\":\"https:\\\/\\\/www.laguiadepamplona.com\\\/actualidad\\\/#organization\"},\"potentialAction\":[{\"@type\":\"SearchAction\",\"target\":{\"@type\":\"EntryPoint\",\"urlTemplate\":\"https:\\\/\\\/www.laguiadepamplona.com\\\/actualidad\\\/?s={search_term_string}\"},\"query-input\":{\"@type\":\"PropertyValueSpecification\",\"valueRequired\":true,\"valueName\":\"search_term_string\"}}],\"inLanguage\":\"es\"},{\"@type\":\"Organization\",\"@id\":\"https:\\\/\\\/www.laguiadepamplona.com\\\/actualidad\\\/#organization\",\"name\":\"La Gu\u00eda de Pamplona \\\/ Noticias\",\"url\":\"https:\\\/\\\/www.laguiadepamplona.com\\\/actualidad\\\/\",\"logo\":{\"@type\":\"ImageObject\",\"inLanguage\":\"es\",\"@id\":\"https:\\\/\\\/www.laguiadepamplona.com\\\/actualidad\\\/#\\\/schema\\\/logo\\\/image\\\/\",\"url\":\"https:\\\/\\\/www.laguiadepamplona.com\\\/actualidad\\\/wp-content\\\/uploads\\\/2018\\\/11\\\/logo-laguiadepamplona18-web1.png\",\"contentUrl\":\"https:\\\/\\\/www.laguiadepamplona.com\\\/actualidad\\\/wp-content\\\/uploads\\\/2018\\\/11\\\/logo-laguiadepamplona18-web1.png\",\"width\":600,\"height\":196,\"caption\":\"La Gu\u00eda de Pamplona \\\/ Noticias\"},\"image\":{\"@id\":\"https:\\\/\\\/www.laguiadepamplona.com\\\/actualidad\\\/#\\\/schema\\\/logo\\\/image\\\/\"},\"sameAs\":[\"https:\\\/\\\/www.facebook.com\\\/laguiadepamplonacom-133175176762273\\\/?ref=hl\",\"https:\\\/\\\/x.com\\\/LaGuiadPamplona\",\"https:\\\/\\\/www.instagram.com\\\/la_guia_de_pamplona\\\/\",\"https:\\\/\\\/www.youtube.com\\\/user\\\/laguiadepamplona\"]},{\"@type\":\"Person\",\"@id\":\"https:\\\/\\\/www.laguiadepamplona.com\\\/actualidad\\\/#\\\/schema\\\/person\\\/efe887376f0213d4657c93adc50b1fdb\",\"name\":\"La Gu\u00eda de Pamplona\",\"image\":{\"@type\":\"ImageObject\",\"inLanguage\":\"es\",\"@id\":\"https:\\\/\\\/secure.gravatar.com\\\/avatar\\\/b6992f131dc8d30ab0dff15446e9d346d9dbd95992de0fef795073f5ea83a81c?s=96&d=mm&r=g\",\"url\":\"https:\\\/\\\/secure.gravatar.com\\\/avatar\\\/b6992f131dc8d30ab0dff15446e9d346d9dbd95992de0fef795073f5ea83a81c?s=96&d=mm&r=g\",\"contentUrl\":\"https:\\\/\\\/secure.gravatar.com\\\/avatar\\\/b6992f131dc8d30ab0dff15446e9d346d9dbd95992de0fef795073f5ea83a81c?s=96&d=mm&r=g\",\"caption\":\"La Gu\u00eda de Pamplona\"}}]}<\/script>\n<!-- \/ Yoast SEO plugin. -->","yoast_head_json":{"title":"El Ayuntamiento de Pamplona aprueba el acuerdo marco para las campa\u00f1as de comunicaci\u00f3n en los medios locales durante 2023","description":"El acuerdo regula la compra de espacios para publicidad en prensa, radio, televisi\u00f3n y prensa digital atendiendo a criterios de econom\u00eda y audiencia","robots":{"index":"index","follow":"follow","max-snippet":"max-snippet:-1","max-image-preview":"max-image-preview:large","max-video-preview":"max-video-preview:-1"},"canonical":"https:\/\/www.laguiadepamplona.com\/actualidad\/el-ayuntamiento-de-pamplona-aprueba-el-acuerdo-marco-para-las-campanas-de-comunicacion-en-los-medios-locales-durante-2023\/","og_locale":"es_ES","og_type":"article","og_title":"El Ayuntamiento de Pamplona aprueba el acuerdo marco para las campa\u00f1as de comunicaci\u00f3n en los medios locales durante 2023","og_description":"El acuerdo regula la compra de espacios para publicidad en prensa, radio, televisi\u00f3n y prensa digital atendiendo a criterios de econom\u00eda y audiencia","og_url":"https:\/\/www.laguiadepamplona.com\/actualidad\/el-ayuntamiento-de-pamplona-aprueba-el-acuerdo-marco-para-las-campanas-de-comunicacion-en-los-medios-locales-durante-2023\/","og_site_name":"La Gu\u00eda de Pamplona","article_publisher":"https:\/\/www.facebook.com\/laguiadepamplonacom-133175176762273\/?ref=hl","article_published_time":"2023-02-20T18:19:32+00:00","article_modified_time":"2023-04-11T09:47:10+00:00","og_image":[{"width":1920,"height":1080,"url":"https:\/\/www.laguiadepamplona.com\/actualidad\/wp-content\/uploads\/2021\/08\/ayuntamiento-pamplona2.jpg","type":"image\/jpeg"}],"author":"La Gu\u00eda de Pamplona","twitter_card":"summary_large_image","twitter_creator":"@LaGuiadPamplona","twitter_site":"@LaGuiadPamplona","twitter_misc":{"Escrito por":"La Gu\u00eda de Pamplona","Tiempo de lectura":"2 minutos"},"schema":{"@context":"https:\/\/schema.org","@graph":[{"@type":"Article","@id":"https:\/\/www.laguiadepamplona.com\/actualidad\/el-ayuntamiento-de-pamplona-aprueba-el-acuerdo-marco-para-las-campanas-de-comunicacion-en-los-medios-locales-durante-2023\/#article","isPartOf":{"@id":"https:\/\/www.laguiadepamplona.com\/actualidad\/el-ayuntamiento-de-pamplona-aprueba-el-acuerdo-marco-para-las-campanas-de-comunicacion-en-los-medios-locales-durante-2023\/"},"author":{"name":"La Gu\u00eda de Pamplona","@id":"https:\/\/www.laguiadepamplona.com\/actualidad\/#\/schema\/person\/efe887376f0213d4657c93adc50b1fdb"},"headline":"El Ayuntamiento de Pamplona aprueba el acuerdo marco para las campa\u00f1as de comunicaci\u00f3n en los medios locales durante 2023","datePublished":"2023-02-20T18:19:32+00:00","dateModified":"2023-04-11T09:47:10+00:00","mainEntityOfPage":{"@id":"https:\/\/www.laguiadepamplona.com\/actualidad\/el-ayuntamiento-de-pamplona-aprueba-el-acuerdo-marco-para-las-campanas-de-comunicacion-en-los-medios-locales-durante-2023\/"},"wordCount":433,"commentCount":0,"publisher":{"@id":"https:\/\/www.laguiadepamplona.com\/actualidad\/#organization"},"image":{"@id":"https:\/\/www.laguiadepamplona.com\/actualidad\/el-ayuntamiento-de-pamplona-aprueba-el-acuerdo-marco-para-las-campanas-de-comunicacion-en-los-medios-locales-durante-2023\/#primaryimage"},"thumbnailUrl":"https:\/\/www.laguiadepamplona.com\/actualidad\/wp-content\/uploads\/2021\/08\/ayuntamiento-pamplona2.jpg","articleSection":["Ayto Pamplona"],"inLanguage":"es","potentialAction":[{"@type":"CommentAction","name":"Comment","target":["https:\/\/www.laguiadepamplona.com\/actualidad\/el-ayuntamiento-de-pamplona-aprueba-el-acuerdo-marco-para-las-campanas-de-comunicacion-en-los-medios-locales-durante-2023\/#respond"]}]},{"@type":"WebPage","@id":"https:\/\/www.laguiadepamplona.com\/actualidad\/el-ayuntamiento-de-pamplona-aprueba-el-acuerdo-marco-para-las-campanas-de-comunicacion-en-los-medios-locales-durante-2023\/","url":"https:\/\/www.laguiadepamplona.com\/actualidad\/el-ayuntamiento-de-pamplona-aprueba-el-acuerdo-marco-para-las-campanas-de-comunicacion-en-los-medios-locales-durante-2023\/","name":"El Ayuntamiento de Pamplona aprueba el acuerdo marco para las campa\u00f1as de comunicaci\u00f3n en los medios locales durante 2023","isPartOf":{"@id":"https:\/\/www.laguiadepamplona.com\/actualidad\/#website"},"primaryImageOfPage":{"@id":"https:\/\/www.laguiadepamplona.com\/actualidad\/el-ayuntamiento-de-pamplona-aprueba-el-acuerdo-marco-para-las-campanas-de-comunicacion-en-los-medios-locales-durante-2023\/#primaryimage"},"image":{"@id":"https:\/\/www.laguiadepamplona.com\/actualidad\/el-ayuntamiento-de-pamplona-aprueba-el-acuerdo-marco-para-las-campanas-de-comunicacion-en-los-medios-locales-durante-2023\/#primaryimage"},"thumbnailUrl":"https:\/\/www.laguiadepamplona.com\/actualidad\/wp-content\/uploads\/2021\/08\/ayuntamiento-pamplona2.jpg","datePublished":"2023-02-20T18:19:32+00:00","dateModified":"2023-04-11T09:47:10+00:00","description":"El acuerdo regula la compra de espacios para publicidad en prensa, radio, televisi\u00f3n y prensa digital atendiendo a criterios de econom\u00eda y audiencia","breadcrumb":{"@id":"https:\/\/www.laguiadepamplona.com\/actualidad\/el-ayuntamiento-de-pamplona-aprueba-el-acuerdo-marco-para-las-campanas-de-comunicacion-en-los-medios-locales-durante-2023\/#breadcrumb"},"inLanguage":"es","potentialAction":[{"@type":"ReadAction","target":["https:\/\/www.laguiadepamplona.com\/actualidad\/el-ayuntamiento-de-pamplona-aprueba-el-acuerdo-marco-para-las-campanas-de-comunicacion-en-los-medios-locales-durante-2023\/"]}]},{"@type":"ImageObject","inLanguage":"es","@id":"https:\/\/www.laguiadepamplona.com\/actualidad\/el-ayuntamiento-de-pamplona-aprueba-el-acuerdo-marco-para-las-campanas-de-comunicacion-en-los-medios-locales-durante-2023\/#primaryimage","url":"https:\/\/www.laguiadepamplona.com\/actualidad\/wp-content\/uploads\/2021\/08\/ayuntamiento-pamplona2.jpg","contentUrl":"https:\/\/www.laguiadepamplona.com\/actualidad\/wp-content\/uploads\/2021\/08\/ayuntamiento-pamplona2.jpg","width":1920,"height":1080,"caption":"ayuntamiento pamplona"},{"@type":"BreadcrumbList","@id":"https:\/\/www.laguiadepamplona.com\/actualidad\/el-ayuntamiento-de-pamplona-aprueba-el-acuerdo-marco-para-las-campanas-de-comunicacion-en-los-medios-locales-durante-2023\/#breadcrumb","itemListElement":[{"@type":"ListItem","position":1,"name":"Portada","item":"https:\/\/www.laguiadepamplona.com\/actualidad\/"},{"@type":"ListItem","position":2,"name":"El Ayuntamiento de Pamplona aprueba el acuerdo marco para las campa\u00f1as de comunicaci\u00f3n en los medios locales durante 2023"}]},{"@type":"WebSite","@id":"https:\/\/www.laguiadepamplona.com\/actualidad\/#website","url":"https:\/\/www.laguiadepamplona.com\/actualidad\/","name":"La gu\u00eda de Pamplona","description":"Noticias de Pamplona","publisher":{"@id":"https:\/\/www.laguiadepamplona.com\/actualidad\/#organization"},"potentialAction":[{"@type":"SearchAction","target":{"@type":"EntryPoint","urlTemplate":"https:\/\/www.laguiadepamplona.com\/actualidad\/?s={search_term_string}"},"query-input":{"@type":"PropertyValueSpecification","valueRequired":true,"valueName":"search_term_string"}}],"inLanguage":"es"},{"@type":"Organization","@id":"https:\/\/www.laguiadepamplona.com\/actualidad\/#organization","name":"La Gu\u00eda de Pamplona \/ Noticias","url":"https:\/\/www.laguiadepamplona.com\/actualidad\/","logo":{"@type":"ImageObject","inLanguage":"es","@id":"https:\/\/www.laguiadepamplona.com\/actualidad\/#\/schema\/logo\/image\/","url":"https:\/\/www.laguiadepamplona.com\/actualidad\/wp-content\/uploads\/2018\/11\/logo-laguiadepamplona18-web1.png","contentUrl":"https:\/\/www.laguiadepamplona.com\/actualidad\/wp-content\/uploads\/2018\/11\/logo-laguiadepamplona18-web1.png","width":600,"height":196,"caption":"La Gu\u00eda de Pamplona \/ Noticias"},"image":{"@id":"https:\/\/www.laguiadepamplona.com\/actualidad\/#\/schema\/logo\/image\/"},"sameAs":["https:\/\/www.facebook.com\/laguiadepamplonacom-133175176762273\/?ref=hl","https:\/\/x.com\/LaGuiadPamplona","https:\/\/www.instagram.com\/la_guia_de_pamplona\/","https:\/\/www.youtube.com\/user\/laguiadepamplona"]},{"@type":"Person","@id":"https:\/\/www.laguiadepamplona.com\/actualidad\/#\/schema\/person\/efe887376f0213d4657c93adc50b1fdb","name":"La Gu\u00eda de Pamplona","image":{"@type":"ImageObject","inLanguage":"es","@id":"https:\/\/secure.gravatar.com\/avatar\/b6992f131dc8d30ab0dff15446e9d346d9dbd95992de0fef795073f5ea83a81c?s=96&d=mm&r=g","url":"https:\/\/secure.gravatar.com\/avatar\/b6992f131dc8d30ab0dff15446e9d346d9dbd95992de0fef795073f5ea83a81c?s=96&d=mm&r=g","contentUrl":"https:\/\/secure.gravatar.com\/avatar\/b6992f131dc8d30ab0dff15446e9d346d9dbd95992de0fef795073f5ea83a81c?s=96&d=mm&r=g","caption":"La Gu\u00eda de Pamplona"}}]}},"post_mailing_queue_ids":[],"_links":{"self":[{"href":"https:\/\/www.laguiadepamplona.com\/actualidad\/wp-json\/wp\/v2\/posts\/42930","targetHints":{"allow":["GET"]}}],"collection":[{"href":"https:\/\/www.laguiadepamplona.com\/actualidad\/wp-json\/wp\/v2\/posts"}],"about":[{"href":"https:\/\/www.laguiadepamplona.com\/actualidad\/wp-json\/wp\/v2\/types\/post"}],"author":[{"embeddable":true,"href":"https:\/\/www.laguiadepamplona.com\/actualidad\/wp-json\/wp\/v2\/users\/1"}],"replies":[{"embeddable":true,"href":"https:\/\/www.laguiadepamplona.com\/actualidad\/wp-json\/wp\/v2\/comments?post=42930"}],"version-history":[{"count":0,"href":"https:\/\/www.laguiadepamplona.com\/actualidad\/wp-json\/wp\/v2\/posts\/42930\/revisions"}],"wp:featuredmedia":[{"embeddable":true,"href":"https:\/\/www.laguiadepamplona.com\/actualidad\/wp-json\/wp\/v2\/media\/36074"}],"wp:attachment":[{"href":"https:\/\/www.laguiadepamplona.com\/actualidad\/wp-json\/wp\/v2\/media?parent=42930"}],"wp:term":[{"taxonomy":"category","embeddable":true,"href":"https:\/\/www.laguiadepamplona.com\/actualidad\/wp-json\/wp\/v2\/categories?post=42930"},{"taxonomy":"post_tag","embeddable":true,"href":"https:\/\/www.laguiadepamplona.com\/actualidad\/wp-json\/wp\/v2\/tags?post=42930"}],"curies":[{"name":"wp","href":"https:\/\/api.w.org\/{rel}","templated":true}]}}