{"id":42928,"date":"2023-02-20T20:18:30","date_gmt":"2023-02-20T18:18:30","guid":{"rendered":"https:\/\/www.laguiadepamplona.com\/actualidad\/?p=42928"},"modified":"2023-04-11T11:47:10","modified_gmt":"2023-04-11T09:47:10","slug":"el-ayuntamiento-de-pamplona-convoca-6-plazas-de-licenciado-a-en-derecho-a-traves-de-un-proceso-selectivo-que-se-iniciara-a-partir-de-septiembre-de-2023","status":"publish","type":"post","link":"https:\/\/www.laguiadepamplona.com\/actualidad\/el-ayuntamiento-de-pamplona-convoca-6-plazas-de-licenciado-a-en-derecho-a-traves-de-un-proceso-selectivo-que-se-iniciara-a-partir-de-septiembre-de-2023\/","title":{"rendered":"El Ayuntamiento de Pamplona convoca 6 plazas de licenciado\/a en Derecho a trav\u00e9s de un proceso selectivo que se iniciar\u00e1 a partir de septiembre de 2023"},"content":{"rendered":"<h5>Las bases se publicar\u00e1n pr\u00f3ximamente en el Bolet\u00edn Oficial de Navarra, incluyen 91 temas y establecen tres pruebas eliminatorias<\/h5>\n<p><!--more--><\/p>\n<p>La Junta de Gobierno Local ha aprobado la provisi\u00f3n, mediante oposici\u00f3n, de 6 plazas del puesto de trabajo de licenciado o licenciada en Derecho al servicio del Ayuntamiento de Pamplona. El comienzo de la oposici\u00f3n tendr\u00e1 lugar a partir del mes de septiembre de 2023, y las pruebas previstas consistir\u00e1n en tres ejercicios eliminatorios, centrados en los 91 temas que figuran como anexo en la convocatoria: el primero, tipo \u2018test\u2019, con 100 preguntas de respuesta m\u00faltiple y una valoraci\u00f3n de 30 puntos; el siguiente, que consiste en el desarrollo de dos temas, con una valoraci\u00f3n m\u00e1xima tambi\u00e9n de 30 puntos y, por \u00faltimo, un ejercicio pr\u00e1ctico, que tendr\u00e1 una valoraci\u00f3n m\u00e1xima de 40 puntos. Todas las materias establecidas en el temario se exigir\u00e1n actualizadas a fecha de publicaci\u00f3n de la convocatoria en el Bolet\u00edn Oficial de Navarra (BON).<br \/>\n<script async src=\"\/\/pagead2.googlesyndication.com\/pagead\/js\/adsbygoogle.js\"><\/script><br \/>\n<!-- Noticias La Guia de Pamplona --><br \/>\n<ins class=\"adsbygoogle\"\nstyle=\"display:block\"\ndata-ad-client=\"ca-pub-6943679897239327\"\ndata-ad-slot=\"7048180777\"\ndata-ad-format=\"auto\"><\/ins><br \/>\n<script>\n(adsbygoogle = window.adsbygoogle || []).push({});\n<\/script><\/p>\n<p>Las seis plazas de esta convocatoria se distribuyen de la forma siguiente: dos por el turno libre, tres por el turno de promoci\u00f3n, y una por el turno de discapacidad. Las plazas convocadas est\u00e1n adscritas al \u00c1rea de Gobierno Estrat\u00e9gico, Comercio y Turismo del Ayuntamiento de Pamplona.<\/p>\n<p>El plazo de presentaci\u00f3n de solicitudes ser\u00e1 de 30 d\u00edas naturales a partir del d\u00eda siguiente al de su publicaci\u00f3n en el BON, y deber\u00e1 hacerse de forma telem\u00e1tica en la rese\u00f1a correspondiente a esta convocatoria en la direcci\u00f3n <a href=\"http:\/\/www.pamplona.es\" target=\"_blank\" rel=\"noopener\">www.pamplona.es<\/a>, siguiendo la ruta de navegaci\u00f3n: \u201cTr\u00e1mites y licitaciones\u201d, \u201cOfertas de Trabajo\u00bb, \u201cEmpleo p\u00fablico\u201d, \u201cConvocatorias de empleo p\u00fablico\u201d. Inicialmente, con la solicitud deber\u00e1n presentarse copias simples del t\u00edtulo de grado o licenciatura en Derecho o equivalentes, o el resguardo acreditativo del pago de tasas por la obtenci\u00f3n del t\u00edtulo.<br \/>\n<script async src=\"\/\/pagead2.googlesyndication.com\/pagead\/js\/adsbygoogle.js\"><\/script><br \/>\n<!-- Noticias La Guia de Pamplona --><br \/>\n<ins class=\"adsbygoogle\"\nstyle=\"display:block\"\ndata-ad-client=\"ca-pub-6943679897239327\"\ndata-ad-slot=\"7048180777\"\ndata-ad-format=\"auto\"><\/ins><br \/>\n<script>\n(adsbygoogle = window.adsbygoogle || []).push({});\n<\/script><\/p>\n<p>En el caso de personas aspirantes al turno de promoci\u00f3n o discapacidad, deber\u00e1n presentar, adem\u00e1s, la documentaci\u00f3n que acredite los servicios prestados durante 5 a\u00f1os como personal fijo de las Administraciones P\u00fablicas de Navarra en el caso del turno de promoci\u00f3n, y el reconocimiento oficial del grado de discapacidad igual o superior al 33% para el turno de discapacidad.<\/p>\n<p>En todos los casos en el momento de presentaci\u00f3n de la solicitud las personas aspirantes deber\u00e1n abonar una tasa de 25 euros por derechos de examen y formalizaci\u00f3n de expediente mediante un sistema de pago telem\u00e1tico.<\/p>\n<p>Con las personas que no obtengan plaza en el proceso selectivo se constituir\u00e1n listas para la contrataci\u00f3n temporal. El sistema y el orden de prelaci\u00f3n ser\u00e1 el establecido en las bases de la convocatoria e incluir\u00e1n a las personas aspirantes aprobadas sin plaza, a las personas aspirantes que hayan superado alguna de las pruebas selectivas y a aquellas que hayan obtenido al menos un 30% de la puntuaci\u00f3n m\u00e1xima que se otorga a la primera prueba.<\/p>\n","protected":false},"excerpt":{"rendered":"<p>Las bases se publicar\u00e1n pr\u00f3ximamente en el Bolet\u00edn Oficial de Navarra, incluyen 91 temas y establecen tres pruebas eliminatorias<\/p>\n","protected":false},"author":1,"featured_media":41391,"comment_status":"open","ping_status":"closed","sticky":false,"template":"","format":"standard","meta":{"footnotes":""},"categories":[2],"tags":[],"class_list":["post-42928","post","type-post","status-publish","format-standard","has-post-thumbnail","hentry","category-ayuntamiento-pamplona"],"yoast_head":"<!-- This site is optimized with the Yoast SEO plugin v27.3 - https:\/\/yoast.com\/product\/yoast-seo-wordpress\/ -->\n<title>El Ayuntamiento de Pamplona convoca 6 plazas de licenciado\/a en Derecho a trav\u00e9s de un proceso selectivo que se iniciar\u00e1 a partir de septiembre de 2023<\/title>\n<meta name=\"description\" content=\"Las bases se publicar\u00e1n pr\u00f3ximamente en el Bolet\u00edn Oficial de Navarra, incluyen 91 temas y establecen tres pruebas eliminatorias\" \/>\n<meta name=\"robots\" content=\"index, follow, max-snippet:-1, max-image-preview:large, max-video-preview:-1\" \/>\n<link rel=\"canonical\" href=\"https:\/\/www.laguiadepamplona.com\/actualidad\/el-ayuntamiento-de-pamplona-convoca-6-plazas-de-licenciado-a-en-derecho-a-traves-de-un-proceso-selectivo-que-se-iniciara-a-partir-de-septiembre-de-2023\/\" \/>\n<meta property=\"og:locale\" content=\"es_ES\" \/>\n<meta property=\"og:type\" content=\"article\" \/>\n<meta property=\"og:title\" content=\"El Ayuntamiento de Pamplona convoca 6 plazas de licenciado\/a en Derecho a trav\u00e9s de un proceso selectivo que se iniciar\u00e1 a partir de septiembre de 2023\" \/>\n<meta property=\"og:description\" content=\"Las bases se publicar\u00e1n pr\u00f3ximamente en el Bolet\u00edn Oficial de Navarra, incluyen 91 temas y establecen tres pruebas eliminatorias\" \/>\n<meta property=\"og:url\" content=\"https:\/\/www.laguiadepamplona.com\/actualidad\/el-ayuntamiento-de-pamplona-convoca-6-plazas-de-licenciado-a-en-derecho-a-traves-de-un-proceso-selectivo-que-se-iniciara-a-partir-de-septiembre-de-2023\/\" \/>\n<meta property=\"og:site_name\" content=\"La Gu\u00eda de Pamplona\" \/>\n<meta property=\"article:publisher\" content=\"https:\/\/www.facebook.com\/laguiadepamplonacom-133175176762273\/?ref=hl\" \/>\n<meta property=\"article:published_time\" content=\"2023-02-20T18:18:30+00:00\" \/>\n<meta property=\"article:modified_time\" content=\"2023-04-11T09:47:10+00:00\" \/>\n<meta property=\"og:image\" content=\"https:\/\/www.laguiadepamplona.com\/actualidad\/wp-content\/uploads\/2022\/08\/reloj_ayuntamiento.webp\" \/>\n\t<meta property=\"og:image:width\" content=\"1920\" \/>\n\t<meta property=\"og:image:height\" content=\"1245\" \/>\n\t<meta property=\"og:image:type\" content=\"image\/webp\" \/>\n<meta name=\"author\" content=\"La Gu\u00eda de Pamplona\" \/>\n<meta name=\"twitter:card\" content=\"summary_large_image\" \/>\n<meta name=\"twitter:creator\" content=\"@LaGuiadPamplona\" \/>\n<meta name=\"twitter:site\" content=\"@LaGuiadPamplona\" \/>\n<meta name=\"twitter:label1\" content=\"Escrito por\" \/>\n\t<meta name=\"twitter:data1\" content=\"La Gu\u00eda de Pamplona\" \/>\n\t<meta name=\"twitter:label2\" content=\"Tiempo de lectura\" \/>\n\t<meta name=\"twitter:data2\" content=\"3 minutos\" \/>\n<script type=\"application\/ld+json\" class=\"yoast-schema-graph\">{\"@context\":\"https:\\\/\\\/schema.org\",\"@graph\":[{\"@type\":\"Article\",\"@id\":\"https:\\\/\\\/www.laguiadepamplona.com\\\/actualidad\\\/el-ayuntamiento-de-pamplona-convoca-6-plazas-de-licenciado-a-en-derecho-a-traves-de-un-proceso-selectivo-que-se-iniciara-a-partir-de-septiembre-de-2023\\\/#article\",\"isPartOf\":{\"@id\":\"https:\\\/\\\/www.laguiadepamplona.com\\\/actualidad\\\/el-ayuntamiento-de-pamplona-convoca-6-plazas-de-licenciado-a-en-derecho-a-traves-de-un-proceso-selectivo-que-se-iniciara-a-partir-de-septiembre-de-2023\\\/\"},\"author\":{\"name\":\"La Gu\u00eda de Pamplona\",\"@id\":\"https:\\\/\\\/www.laguiadepamplona.com\\\/actualidad\\\/#\\\/schema\\\/person\\\/efe887376f0213d4657c93adc50b1fdb\"},\"headline\":\"El Ayuntamiento de Pamplona convoca 6 plazas de licenciado\\\/a en Derecho a trav\u00e9s de un proceso selectivo que se iniciar\u00e1 a partir de septiembre de 2023\",\"datePublished\":\"2023-02-20T18:18:30+00:00\",\"dateModified\":\"2023-04-11T09:47:10+00:00\",\"mainEntityOfPage\":{\"@id\":\"https:\\\/\\\/www.laguiadepamplona.com\\\/actualidad\\\/el-ayuntamiento-de-pamplona-convoca-6-plazas-de-licenciado-a-en-derecho-a-traves-de-un-proceso-selectivo-que-se-iniciara-a-partir-de-septiembre-de-2023\\\/\"},\"wordCount\":531,\"commentCount\":0,\"publisher\":{\"@id\":\"https:\\\/\\\/www.laguiadepamplona.com\\\/actualidad\\\/#organization\"},\"image\":{\"@id\":\"https:\\\/\\\/www.laguiadepamplona.com\\\/actualidad\\\/el-ayuntamiento-de-pamplona-convoca-6-plazas-de-licenciado-a-en-derecho-a-traves-de-un-proceso-selectivo-que-se-iniciara-a-partir-de-septiembre-de-2023\\\/#primaryimage\"},\"thumbnailUrl\":\"https:\\\/\\\/www.laguiadepamplona.com\\\/actualidad\\\/wp-content\\\/uploads\\\/2022\\\/08\\\/reloj_ayuntamiento.webp\",\"articleSection\":[\"Ayto Pamplona\"],\"inLanguage\":\"es\",\"potentialAction\":[{\"@type\":\"CommentAction\",\"name\":\"Comment\",\"target\":[\"https:\\\/\\\/www.laguiadepamplona.com\\\/actualidad\\\/el-ayuntamiento-de-pamplona-convoca-6-plazas-de-licenciado-a-en-derecho-a-traves-de-un-proceso-selectivo-que-se-iniciara-a-partir-de-septiembre-de-2023\\\/#respond\"]}]},{\"@type\":\"WebPage\",\"@id\":\"https:\\\/\\\/www.laguiadepamplona.com\\\/actualidad\\\/el-ayuntamiento-de-pamplona-convoca-6-plazas-de-licenciado-a-en-derecho-a-traves-de-un-proceso-selectivo-que-se-iniciara-a-partir-de-septiembre-de-2023\\\/\",\"url\":\"https:\\\/\\\/www.laguiadepamplona.com\\\/actualidad\\\/el-ayuntamiento-de-pamplona-convoca-6-plazas-de-licenciado-a-en-derecho-a-traves-de-un-proceso-selectivo-que-se-iniciara-a-partir-de-septiembre-de-2023\\\/\",\"name\":\"El Ayuntamiento de Pamplona convoca 6 plazas de licenciado\\\/a en Derecho a trav\u00e9s de un proceso selectivo que se iniciar\u00e1 a partir de septiembre de 2023\",\"isPartOf\":{\"@id\":\"https:\\\/\\\/www.laguiadepamplona.com\\\/actualidad\\\/#website\"},\"primaryImageOfPage\":{\"@id\":\"https:\\\/\\\/www.laguiadepamplona.com\\\/actualidad\\\/el-ayuntamiento-de-pamplona-convoca-6-plazas-de-licenciado-a-en-derecho-a-traves-de-un-proceso-selectivo-que-se-iniciara-a-partir-de-septiembre-de-2023\\\/#primaryimage\"},\"image\":{\"@id\":\"https:\\\/\\\/www.laguiadepamplona.com\\\/actualidad\\\/el-ayuntamiento-de-pamplona-convoca-6-plazas-de-licenciado-a-en-derecho-a-traves-de-un-proceso-selectivo-que-se-iniciara-a-partir-de-septiembre-de-2023\\\/#primaryimage\"},\"thumbnailUrl\":\"https:\\\/\\\/www.laguiadepamplona.com\\\/actualidad\\\/wp-content\\\/uploads\\\/2022\\\/08\\\/reloj_ayuntamiento.webp\",\"datePublished\":\"2023-02-20T18:18:30+00:00\",\"dateModified\":\"2023-04-11T09:47:10+00:00\",\"description\":\"Las bases se publicar\u00e1n pr\u00f3ximamente en el Bolet\u00edn Oficial de Navarra, incluyen 91 temas y establecen tres pruebas eliminatorias\",\"breadcrumb\":{\"@id\":\"https:\\\/\\\/www.laguiadepamplona.com\\\/actualidad\\\/el-ayuntamiento-de-pamplona-convoca-6-plazas-de-licenciado-a-en-derecho-a-traves-de-un-proceso-selectivo-que-se-iniciara-a-partir-de-septiembre-de-2023\\\/#breadcrumb\"},\"inLanguage\":\"es\",\"potentialAction\":[{\"@type\":\"ReadAction\",\"target\":[\"https:\\\/\\\/www.laguiadepamplona.com\\\/actualidad\\\/el-ayuntamiento-de-pamplona-convoca-6-plazas-de-licenciado-a-en-derecho-a-traves-de-un-proceso-selectivo-que-se-iniciara-a-partir-de-septiembre-de-2023\\\/\"]}]},{\"@type\":\"ImageObject\",\"inLanguage\":\"es\",\"@id\":\"https:\\\/\\\/www.laguiadepamplona.com\\\/actualidad\\\/el-ayuntamiento-de-pamplona-convoca-6-plazas-de-licenciado-a-en-derecho-a-traves-de-un-proceso-selectivo-que-se-iniciara-a-partir-de-septiembre-de-2023\\\/#primaryimage\",\"url\":\"https:\\\/\\\/www.laguiadepamplona.com\\\/actualidad\\\/wp-content\\\/uploads\\\/2022\\\/08\\\/reloj_ayuntamiento.webp\",\"contentUrl\":\"https:\\\/\\\/www.laguiadepamplona.com\\\/actualidad\\\/wp-content\\\/uploads\\\/2022\\\/08\\\/reloj_ayuntamiento.webp\",\"width\":1920,\"height\":1245,\"caption\":\"ayuntamiento\"},{\"@type\":\"BreadcrumbList\",\"@id\":\"https:\\\/\\\/www.laguiadepamplona.com\\\/actualidad\\\/el-ayuntamiento-de-pamplona-convoca-6-plazas-de-licenciado-a-en-derecho-a-traves-de-un-proceso-selectivo-que-se-iniciara-a-partir-de-septiembre-de-2023\\\/#breadcrumb\",\"itemListElement\":[{\"@type\":\"ListItem\",\"position\":1,\"name\":\"Portada\",\"item\":\"https:\\\/\\\/www.laguiadepamplona.com\\\/actualidad\\\/\"},{\"@type\":\"ListItem\",\"position\":2,\"name\":\"El Ayuntamiento de Pamplona convoca 6 plazas de licenciado\\\/a en Derecho a trav\u00e9s de un proceso selectivo que se iniciar\u00e1 a partir de septiembre de 2023\"}]},{\"@type\":\"WebSite\",\"@id\":\"https:\\\/\\\/www.laguiadepamplona.com\\\/actualidad\\\/#website\",\"url\":\"https:\\\/\\\/www.laguiadepamplona.com\\\/actualidad\\\/\",\"name\":\"La gu\u00eda de Pamplona\",\"description\":\"Noticias de Pamplona\",\"publisher\":{\"@id\":\"https:\\\/\\\/www.laguiadepamplona.com\\\/actualidad\\\/#organization\"},\"potentialAction\":[{\"@type\":\"SearchAction\",\"target\":{\"@type\":\"EntryPoint\",\"urlTemplate\":\"https:\\\/\\\/www.laguiadepamplona.com\\\/actualidad\\\/?s={search_term_string}\"},\"query-input\":{\"@type\":\"PropertyValueSpecification\",\"valueRequired\":true,\"valueName\":\"search_term_string\"}}],\"inLanguage\":\"es\"},{\"@type\":\"Organization\",\"@id\":\"https:\\\/\\\/www.laguiadepamplona.com\\\/actualidad\\\/#organization\",\"name\":\"La Gu\u00eda de Pamplona \\\/ Noticias\",\"url\":\"https:\\\/\\\/www.laguiadepamplona.com\\\/actualidad\\\/\",\"logo\":{\"@type\":\"ImageObject\",\"inLanguage\":\"es\",\"@id\":\"https:\\\/\\\/www.laguiadepamplona.com\\\/actualidad\\\/#\\\/schema\\\/logo\\\/image\\\/\",\"url\":\"https:\\\/\\\/www.laguiadepamplona.com\\\/actualidad\\\/wp-content\\\/uploads\\\/2018\\\/11\\\/logo-laguiadepamplona18-web1.png\",\"contentUrl\":\"https:\\\/\\\/www.laguiadepamplona.com\\\/actualidad\\\/wp-content\\\/uploads\\\/2018\\\/11\\\/logo-laguiadepamplona18-web1.png\",\"width\":600,\"height\":196,\"caption\":\"La Gu\u00eda de Pamplona \\\/ Noticias\"},\"image\":{\"@id\":\"https:\\\/\\\/www.laguiadepamplona.com\\\/actualidad\\\/#\\\/schema\\\/logo\\\/image\\\/\"},\"sameAs\":[\"https:\\\/\\\/www.facebook.com\\\/laguiadepamplonacom-133175176762273\\\/?ref=hl\",\"https:\\\/\\\/x.com\\\/LaGuiadPamplona\",\"https:\\\/\\\/www.instagram.com\\\/la_guia_de_pamplona\\\/\",\"https:\\\/\\\/www.youtube.com\\\/user\\\/laguiadepamplona\"]},{\"@type\":\"Person\",\"@id\":\"https:\\\/\\\/www.laguiadepamplona.com\\\/actualidad\\\/#\\\/schema\\\/person\\\/efe887376f0213d4657c93adc50b1fdb\",\"name\":\"La Gu\u00eda de Pamplona\",\"image\":{\"@type\":\"ImageObject\",\"inLanguage\":\"es\",\"@id\":\"https:\\\/\\\/secure.gravatar.com\\\/avatar\\\/b6992f131dc8d30ab0dff15446e9d346d9dbd95992de0fef795073f5ea83a81c?s=96&d=mm&r=g\",\"url\":\"https:\\\/\\\/secure.gravatar.com\\\/avatar\\\/b6992f131dc8d30ab0dff15446e9d346d9dbd95992de0fef795073f5ea83a81c?s=96&d=mm&r=g\",\"contentUrl\":\"https:\\\/\\\/secure.gravatar.com\\\/avatar\\\/b6992f131dc8d30ab0dff15446e9d346d9dbd95992de0fef795073f5ea83a81c?s=96&d=mm&r=g\",\"caption\":\"La Gu\u00eda de Pamplona\"}}]}<\/script>\n<!-- \/ Yoast SEO plugin. -->","yoast_head_json":{"title":"El Ayuntamiento de Pamplona convoca 6 plazas de licenciado\/a en Derecho a trav\u00e9s de un proceso selectivo que se iniciar\u00e1 a partir de septiembre de 2023","description":"Las bases se publicar\u00e1n pr\u00f3ximamente en el Bolet\u00edn Oficial de Navarra, incluyen 91 temas y establecen tres pruebas eliminatorias","robots":{"index":"index","follow":"follow","max-snippet":"max-snippet:-1","max-image-preview":"max-image-preview:large","max-video-preview":"max-video-preview:-1"},"canonical":"https:\/\/www.laguiadepamplona.com\/actualidad\/el-ayuntamiento-de-pamplona-convoca-6-plazas-de-licenciado-a-en-derecho-a-traves-de-un-proceso-selectivo-que-se-iniciara-a-partir-de-septiembre-de-2023\/","og_locale":"es_ES","og_type":"article","og_title":"El Ayuntamiento de Pamplona convoca 6 plazas de licenciado\/a en Derecho a trav\u00e9s de un proceso selectivo que se iniciar\u00e1 a partir de septiembre de 2023","og_description":"Las bases se publicar\u00e1n pr\u00f3ximamente en el Bolet\u00edn Oficial de Navarra, incluyen 91 temas y establecen tres pruebas eliminatorias","og_url":"https:\/\/www.laguiadepamplona.com\/actualidad\/el-ayuntamiento-de-pamplona-convoca-6-plazas-de-licenciado-a-en-derecho-a-traves-de-un-proceso-selectivo-que-se-iniciara-a-partir-de-septiembre-de-2023\/","og_site_name":"La Gu\u00eda de Pamplona","article_publisher":"https:\/\/www.facebook.com\/laguiadepamplonacom-133175176762273\/?ref=hl","article_published_time":"2023-02-20T18:18:30+00:00","article_modified_time":"2023-04-11T09:47:10+00:00","og_image":[{"width":1920,"height":1245,"url":"https:\/\/www.laguiadepamplona.com\/actualidad\/wp-content\/uploads\/2022\/08\/reloj_ayuntamiento.webp","type":"image\/webp"}],"author":"La Gu\u00eda de Pamplona","twitter_card":"summary_large_image","twitter_creator":"@LaGuiadPamplona","twitter_site":"@LaGuiadPamplona","twitter_misc":{"Escrito por":"La Gu\u00eda de Pamplona","Tiempo de lectura":"3 minutos"},"schema":{"@context":"https:\/\/schema.org","@graph":[{"@type":"Article","@id":"https:\/\/www.laguiadepamplona.com\/actualidad\/el-ayuntamiento-de-pamplona-convoca-6-plazas-de-licenciado-a-en-derecho-a-traves-de-un-proceso-selectivo-que-se-iniciara-a-partir-de-septiembre-de-2023\/#article","isPartOf":{"@id":"https:\/\/www.laguiadepamplona.com\/actualidad\/el-ayuntamiento-de-pamplona-convoca-6-plazas-de-licenciado-a-en-derecho-a-traves-de-un-proceso-selectivo-que-se-iniciara-a-partir-de-septiembre-de-2023\/"},"author":{"name":"La Gu\u00eda de Pamplona","@id":"https:\/\/www.laguiadepamplona.com\/actualidad\/#\/schema\/person\/efe887376f0213d4657c93adc50b1fdb"},"headline":"El Ayuntamiento de Pamplona convoca 6 plazas de licenciado\/a en Derecho a trav\u00e9s de un proceso selectivo que se iniciar\u00e1 a partir de septiembre de 2023","datePublished":"2023-02-20T18:18:30+00:00","dateModified":"2023-04-11T09:47:10+00:00","mainEntityOfPage":{"@id":"https:\/\/www.laguiadepamplona.com\/actualidad\/el-ayuntamiento-de-pamplona-convoca-6-plazas-de-licenciado-a-en-derecho-a-traves-de-un-proceso-selectivo-que-se-iniciara-a-partir-de-septiembre-de-2023\/"},"wordCount":531,"commentCount":0,"publisher":{"@id":"https:\/\/www.laguiadepamplona.com\/actualidad\/#organization"},"image":{"@id":"https:\/\/www.laguiadepamplona.com\/actualidad\/el-ayuntamiento-de-pamplona-convoca-6-plazas-de-licenciado-a-en-derecho-a-traves-de-un-proceso-selectivo-que-se-iniciara-a-partir-de-septiembre-de-2023\/#primaryimage"},"thumbnailUrl":"https:\/\/www.laguiadepamplona.com\/actualidad\/wp-content\/uploads\/2022\/08\/reloj_ayuntamiento.webp","articleSection":["Ayto Pamplona"],"inLanguage":"es","potentialAction":[{"@type":"CommentAction","name":"Comment","target":["https:\/\/www.laguiadepamplona.com\/actualidad\/el-ayuntamiento-de-pamplona-convoca-6-plazas-de-licenciado-a-en-derecho-a-traves-de-un-proceso-selectivo-que-se-iniciara-a-partir-de-septiembre-de-2023\/#respond"]}]},{"@type":"WebPage","@id":"https:\/\/www.laguiadepamplona.com\/actualidad\/el-ayuntamiento-de-pamplona-convoca-6-plazas-de-licenciado-a-en-derecho-a-traves-de-un-proceso-selectivo-que-se-iniciara-a-partir-de-septiembre-de-2023\/","url":"https:\/\/www.laguiadepamplona.com\/actualidad\/el-ayuntamiento-de-pamplona-convoca-6-plazas-de-licenciado-a-en-derecho-a-traves-de-un-proceso-selectivo-que-se-iniciara-a-partir-de-septiembre-de-2023\/","name":"El Ayuntamiento de Pamplona convoca 6 plazas de licenciado\/a en Derecho a trav\u00e9s de un proceso selectivo que se iniciar\u00e1 a partir de septiembre de 2023","isPartOf":{"@id":"https:\/\/www.laguiadepamplona.com\/actualidad\/#website"},"primaryImageOfPage":{"@id":"https:\/\/www.laguiadepamplona.com\/actualidad\/el-ayuntamiento-de-pamplona-convoca-6-plazas-de-licenciado-a-en-derecho-a-traves-de-un-proceso-selectivo-que-se-iniciara-a-partir-de-septiembre-de-2023\/#primaryimage"},"image":{"@id":"https:\/\/www.laguiadepamplona.com\/actualidad\/el-ayuntamiento-de-pamplona-convoca-6-plazas-de-licenciado-a-en-derecho-a-traves-de-un-proceso-selectivo-que-se-iniciara-a-partir-de-septiembre-de-2023\/#primaryimage"},"thumbnailUrl":"https:\/\/www.laguiadepamplona.com\/actualidad\/wp-content\/uploads\/2022\/08\/reloj_ayuntamiento.webp","datePublished":"2023-02-20T18:18:30+00:00","dateModified":"2023-04-11T09:47:10+00:00","description":"Las bases se publicar\u00e1n pr\u00f3ximamente en el Bolet\u00edn Oficial de Navarra, incluyen 91 temas y establecen tres pruebas eliminatorias","breadcrumb":{"@id":"https:\/\/www.laguiadepamplona.com\/actualidad\/el-ayuntamiento-de-pamplona-convoca-6-plazas-de-licenciado-a-en-derecho-a-traves-de-un-proceso-selectivo-que-se-iniciara-a-partir-de-septiembre-de-2023\/#breadcrumb"},"inLanguage":"es","potentialAction":[{"@type":"ReadAction","target":["https:\/\/www.laguiadepamplona.com\/actualidad\/el-ayuntamiento-de-pamplona-convoca-6-plazas-de-licenciado-a-en-derecho-a-traves-de-un-proceso-selectivo-que-se-iniciara-a-partir-de-septiembre-de-2023\/"]}]},{"@type":"ImageObject","inLanguage":"es","@id":"https:\/\/www.laguiadepamplona.com\/actualidad\/el-ayuntamiento-de-pamplona-convoca-6-plazas-de-licenciado-a-en-derecho-a-traves-de-un-proceso-selectivo-que-se-iniciara-a-partir-de-septiembre-de-2023\/#primaryimage","url":"https:\/\/www.laguiadepamplona.com\/actualidad\/wp-content\/uploads\/2022\/08\/reloj_ayuntamiento.webp","contentUrl":"https:\/\/www.laguiadepamplona.com\/actualidad\/wp-content\/uploads\/2022\/08\/reloj_ayuntamiento.webp","width":1920,"height":1245,"caption":"ayuntamiento"},{"@type":"BreadcrumbList","@id":"https:\/\/www.laguiadepamplona.com\/actualidad\/el-ayuntamiento-de-pamplona-convoca-6-plazas-de-licenciado-a-en-derecho-a-traves-de-un-proceso-selectivo-que-se-iniciara-a-partir-de-septiembre-de-2023\/#breadcrumb","itemListElement":[{"@type":"ListItem","position":1,"name":"Portada","item":"https:\/\/www.laguiadepamplona.com\/actualidad\/"},{"@type":"ListItem","position":2,"name":"El Ayuntamiento de Pamplona convoca 6 plazas de licenciado\/a en Derecho a trav\u00e9s de un proceso selectivo que se iniciar\u00e1 a partir de septiembre de 2023"}]},{"@type":"WebSite","@id":"https:\/\/www.laguiadepamplona.com\/actualidad\/#website","url":"https:\/\/www.laguiadepamplona.com\/actualidad\/","name":"La gu\u00eda de Pamplona","description":"Noticias de Pamplona","publisher":{"@id":"https:\/\/www.laguiadepamplona.com\/actualidad\/#organization"},"potentialAction":[{"@type":"SearchAction","target":{"@type":"EntryPoint","urlTemplate":"https:\/\/www.laguiadepamplona.com\/actualidad\/?s={search_term_string}"},"query-input":{"@type":"PropertyValueSpecification","valueRequired":true,"valueName":"search_term_string"}}],"inLanguage":"es"},{"@type":"Organization","@id":"https:\/\/www.laguiadepamplona.com\/actualidad\/#organization","name":"La Gu\u00eda de Pamplona \/ Noticias","url":"https:\/\/www.laguiadepamplona.com\/actualidad\/","logo":{"@type":"ImageObject","inLanguage":"es","@id":"https:\/\/www.laguiadepamplona.com\/actualidad\/#\/schema\/logo\/image\/","url":"https:\/\/www.laguiadepamplona.com\/actualidad\/wp-content\/uploads\/2018\/11\/logo-laguiadepamplona18-web1.png","contentUrl":"https:\/\/www.laguiadepamplona.com\/actualidad\/wp-content\/uploads\/2018\/11\/logo-laguiadepamplona18-web1.png","width":600,"height":196,"caption":"La Gu\u00eda de Pamplona \/ Noticias"},"image":{"@id":"https:\/\/www.laguiadepamplona.com\/actualidad\/#\/schema\/logo\/image\/"},"sameAs":["https:\/\/www.facebook.com\/laguiadepamplonacom-133175176762273\/?ref=hl","https:\/\/x.com\/LaGuiadPamplona","https:\/\/www.instagram.com\/la_guia_de_pamplona\/","https:\/\/www.youtube.com\/user\/laguiadepamplona"]},{"@type":"Person","@id":"https:\/\/www.laguiadepamplona.com\/actualidad\/#\/schema\/person\/efe887376f0213d4657c93adc50b1fdb","name":"La Gu\u00eda de Pamplona","image":{"@type":"ImageObject","inLanguage":"es","@id":"https:\/\/secure.gravatar.com\/avatar\/b6992f131dc8d30ab0dff15446e9d346d9dbd95992de0fef795073f5ea83a81c?s=96&d=mm&r=g","url":"https:\/\/secure.gravatar.com\/avatar\/b6992f131dc8d30ab0dff15446e9d346d9dbd95992de0fef795073f5ea83a81c?s=96&d=mm&r=g","contentUrl":"https:\/\/secure.gravatar.com\/avatar\/b6992f131dc8d30ab0dff15446e9d346d9dbd95992de0fef795073f5ea83a81c?s=96&d=mm&r=g","caption":"La Gu\u00eda de Pamplona"}}]}},"post_mailing_queue_ids":[],"_links":{"self":[{"href":"https:\/\/www.laguiadepamplona.com\/actualidad\/wp-json\/wp\/v2\/posts\/42928","targetHints":{"allow":["GET"]}}],"collection":[{"href":"https:\/\/www.laguiadepamplona.com\/actualidad\/wp-json\/wp\/v2\/posts"}],"about":[{"href":"https:\/\/www.laguiadepamplona.com\/actualidad\/wp-json\/wp\/v2\/types\/post"}],"author":[{"embeddable":true,"href":"https:\/\/www.laguiadepamplona.com\/actualidad\/wp-json\/wp\/v2\/users\/1"}],"replies":[{"embeddable":true,"href":"https:\/\/www.laguiadepamplona.com\/actualidad\/wp-json\/wp\/v2\/comments?post=42928"}],"version-history":[{"count":0,"href":"https:\/\/www.laguiadepamplona.com\/actualidad\/wp-json\/wp\/v2\/posts\/42928\/revisions"}],"wp:featuredmedia":[{"embeddable":true,"href":"https:\/\/www.laguiadepamplona.com\/actualidad\/wp-json\/wp\/v2\/media\/41391"}],"wp:attachment":[{"href":"https:\/\/www.laguiadepamplona.com\/actualidad\/wp-json\/wp\/v2\/media?parent=42928"}],"wp:term":[{"taxonomy":"category","embeddable":true,"href":"https:\/\/www.laguiadepamplona.com\/actualidad\/wp-json\/wp\/v2\/categories?post=42928"},{"taxonomy":"post_tag","embeddable":true,"href":"https:\/\/www.laguiadepamplona.com\/actualidad\/wp-json\/wp\/v2\/tags?post=42928"}],"curies":[{"name":"wp","href":"https:\/\/api.w.org\/{rel}","templated":true}]}}