{"id":42925,"date":"2023-02-20T20:17:06","date_gmt":"2023-02-20T18:17:06","guid":{"rendered":"https:\/\/www.laguiadepamplona.com\/actualidad\/?p=42925"},"modified":"2023-04-11T11:47:10","modified_gmt":"2023-04-11T09:47:10","slug":"se-abre-un-periodo-de-diez-dias-habiles-para-presentar-aportaciones-a-la-modificacion-de-la-ordenanza-de-rehabilitacion-de-viviendas","status":"publish","type":"post","link":"https:\/\/www.laguiadepamplona.com\/actualidad\/se-abre-un-periodo-de-diez-dias-habiles-para-presentar-aportaciones-a-la-modificacion-de-la-ordenanza-de-rehabilitacion-de-viviendas\/","title":{"rendered":"Se abre un periodo de diez d\u00edas h\u00e1biles para presentar aportaciones a la modificaci\u00f3n de la ordenanza de rehabilitaci\u00f3n de viviendas"},"content":{"rendered":"<h5>La ordenanza prioriza las ayudas a las comunidades de propietarios frente a las individuales y las extiende a toda la ciudad creando \u00e1reas prioritarias<\/h5>\n<p><!--more--><\/p>\n<p>La Junta de Gobierno Local del Ayuntamiento de Pamplona ha dado hoy el visto bueno al anteproyecto de la nueva ordenanza reguladora de las ayudas municipales a la rehabilitaci\u00f3n de edificios. El documento, disponible para su consulta en la web municipal, pasa ahora a una fase de aportaciones p\u00fablicas durante diez d\u00edas h\u00e1biles, previa a su debate y aprobaci\u00f3n en Pleno. La nueva ordenanza pretende sustituir a la actual, con quince a\u00f1os de antig\u00fcedad, para adaptarla a las nuevas necesidades de rehabilitaci\u00f3n de la ciudad.<\/p>\n<p>La principal novedad pasa por extender las ayudas a toda la ciudad, incluyendo al barrio de Milagrosa como \u00e1rea prioritaria de actuaci\u00f3n con unas condiciones similares al Casco Antiguo y los Ensanches. Con esta inclusi\u00f3n, el Consistorio busca incidir en una zona especialmente delicada por la antig\u00fcedad y calidad de los inmuebles. Es por ello, que subvencionar\u00e1 actuaciones de rehabilitaci\u00f3n integral de edificios. En el resto de la ciudad, la ordenanza contempla ayudas \u00fanicamente para actuaciones encaminadas a mejorar la eficiencia energ\u00e9tica y de accesibilidad.<br \/>\n<script async src=\"\/\/pagead2.googlesyndication.com\/pagead\/js\/adsbygoogle.js\"><\/script><br \/>\n<!-- Noticias La Guia de Pamplona --><br \/>\n<ins class=\"adsbygoogle\"\nstyle=\"display:block\"\ndata-ad-client=\"ca-pub-6943679897239327\"\ndata-ad-slot=\"7048180777\"\ndata-ad-format=\"auto\"><\/ins><br \/>\n<script>\n(adsbygoogle = window.adsbygoogle || []).push({});\n<\/script><\/p>\n<p>Adem\u00e1s, el nuevo documento introduce, de manera general, la concesi\u00f3n de ayudas a favor de comunidades de propietarios para intervenciones en elementos comunes, en lugar de subvenciones individuales, como ocurr\u00eda en la actualidad. No obstante, se mantendr\u00e1n ayudas individuales, tanto como ayudas complementarias para las personas con bajos ingresos, como para obras en el interior de las viviendas susceptibles de recibir subvenciones p\u00fablicas.<\/p>\n<p>En cuanto a las actuaciones subvencionables, adem\u00e1s de mantenerse las destinadas a mejorar las condiciones de accesibilidad de los edificios, se incluyen las encaminadas a la mejora de la eficiencia energ\u00e9tica, a trav\u00e9s de la mejora del aislamiento, de la actualizaci\u00f3n de los sistemas de producci\u00f3n de calor y de la implantaci\u00f3n de energ\u00edas renovables.<\/p>\n<p>En conjunto, las ayudas estar\u00e1n dirigidas a viviendas de m\u00e1s de 50 a\u00f1os para actuaciones generales y de m\u00e1s de 30 en el caso de obras de accesibilidad. Asimismo, se prestar\u00e1 especial atenci\u00f3n a conjuntos residenciales incluidos en Proyectos de Intervenci\u00f3n Global (PIG).<br \/>\n<script async src=\"\/\/pagead2.googlesyndication.com\/pagead\/js\/adsbygoogle.js\"><\/script><br \/>\n<!-- Noticias La Guia de Pamplona --><br \/>\n<ins class=\"adsbygoogle\"\nstyle=\"display:block\"\ndata-ad-client=\"ca-pub-6943679897239327\"\ndata-ad-slot=\"7048180777\"\ndata-ad-format=\"auto\"><\/ins><br \/>\n<script>\n(adsbygoogle = window.adsbygoogle || []).push({});\n<\/script><\/p>\n<p>Por el contrario, la nueva ordenanza elimina las ayudas a la rehabilitaci\u00f3n de fachadas de m\u00e1s de 50 a\u00f1os, puesto que producir\u00eda efectos contrarios al objetivo de ahorro energ\u00e9tico que busca la nueva ordenanza, y desaparecen las ayudas para la iluminaci\u00f3n de fachadas y para la promoci\u00f3n de aparcamientos en el Casco Antiguo.<\/p>\n<p>Una vez finalizado el plazo de exposici\u00f3n p\u00fablica, el Ayuntamiento valorar\u00e1 las aportaciones realizadas por la ciudadan\u00eda y de los sectores implicados y decidir\u00e1 su inclusi\u00f3n en la nueva redacci\u00f3n. De esta forma, el proyecto de ordenanza se someter\u00e1 nuevamente a aprobaci\u00f3n de la Junta de Gobierno, para su posterior pase a Pleno. El objetivo es que la nueva ordenanza pueda estar lista antes de que finalice el primer semestre de este a\u00f1o.<\/p>\n","protected":false},"excerpt":{"rendered":"<p>La ordenanza prioriza las ayudas a las comunidades de propietarios frente a las individuales y las extiende a toda la ciudad creando \u00e1reas prioritarias<\/p>\n","protected":false},"author":1,"featured_media":42926,"comment_status":"open","ping_status":"closed","sticky":false,"template":"","format":"standard","meta":{"footnotes":""},"categories":[2],"tags":[],"class_list":["post-42925","post","type-post","status-publish","format-standard","has-post-thumbnail","hentry","category-ayuntamiento-pamplona"],"yoast_head":"<!-- This site is optimized with the Yoast SEO plugin v27.3 - https:\/\/yoast.com\/product\/yoast-seo-wordpress\/ -->\n<title>Se abre un periodo de diez d\u00edas h\u00e1biles para presentar aportaciones a la modificaci\u00f3n de la ordenanza de rehabilitaci\u00f3n de viviendas<\/title>\n<meta name=\"description\" content=\"La ordenanza prioriza las ayudas a las comunidades de propietarios frente a las individuales y las extiende a toda la ciudad creando \u00e1reas prioritarias\" \/>\n<meta name=\"robots\" content=\"index, follow, max-snippet:-1, max-image-preview:large, max-video-preview:-1\" \/>\n<link rel=\"canonical\" href=\"https:\/\/www.laguiadepamplona.com\/actualidad\/se-abre-un-periodo-de-diez-dias-habiles-para-presentar-aportaciones-a-la-modificacion-de-la-ordenanza-de-rehabilitacion-de-viviendas\/\" \/>\n<meta property=\"og:locale\" content=\"es_ES\" \/>\n<meta property=\"og:type\" content=\"article\" \/>\n<meta property=\"og:title\" content=\"Se abre un periodo de diez d\u00edas h\u00e1biles para presentar aportaciones a la modificaci\u00f3n de la ordenanza de rehabilitaci\u00f3n de viviendas\" \/>\n<meta property=\"og:description\" content=\"La ordenanza prioriza las ayudas a las comunidades de propietarios frente a las individuales y las extiende a toda la ciudad creando \u00e1reas prioritarias\" \/>\n<meta property=\"og:url\" content=\"https:\/\/www.laguiadepamplona.com\/actualidad\/se-abre-un-periodo-de-diez-dias-habiles-para-presentar-aportaciones-a-la-modificacion-de-la-ordenanza-de-rehabilitacion-de-viviendas\/\" \/>\n<meta property=\"og:site_name\" content=\"La Gu\u00eda de Pamplona\" \/>\n<meta property=\"article:publisher\" content=\"https:\/\/www.facebook.com\/laguiadepamplonacom-133175176762273\/?ref=hl\" \/>\n<meta property=\"article:published_time\" content=\"2023-02-20T18:17:06+00:00\" \/>\n<meta property=\"article:modified_time\" content=\"2023-04-11T09:47:10+00:00\" \/>\n<meta property=\"og:image\" content=\"https:\/\/www.laguiadepamplona.com\/actualidad\/wp-content\/uploads\/2023\/02\/vista_rochapea_desde_murallas_1.webp\" \/>\n\t<meta property=\"og:image:width\" content=\"1920\" \/>\n\t<meta property=\"og:image:height\" content=\"1280\" \/>\n\t<meta property=\"og:image:type\" content=\"image\/webp\" \/>\n<meta name=\"author\" content=\"La Gu\u00eda de Pamplona\" \/>\n<meta name=\"twitter:card\" content=\"summary_large_image\" \/>\n<meta name=\"twitter:creator\" content=\"@LaGuiadPamplona\" \/>\n<meta name=\"twitter:site\" content=\"@LaGuiadPamplona\" \/>\n<meta name=\"twitter:label1\" content=\"Escrito por\" \/>\n\t<meta name=\"twitter:data1\" content=\"La Gu\u00eda de Pamplona\" \/>\n\t<meta name=\"twitter:label2\" content=\"Tiempo de lectura\" \/>\n\t<meta name=\"twitter:data2\" content=\"3 minutos\" \/>\n<script type=\"application\/ld+json\" class=\"yoast-schema-graph\">{\"@context\":\"https:\\\/\\\/schema.org\",\"@graph\":[{\"@type\":\"Article\",\"@id\":\"https:\\\/\\\/www.laguiadepamplona.com\\\/actualidad\\\/se-abre-un-periodo-de-diez-dias-habiles-para-presentar-aportaciones-a-la-modificacion-de-la-ordenanza-de-rehabilitacion-de-viviendas\\\/#article\",\"isPartOf\":{\"@id\":\"https:\\\/\\\/www.laguiadepamplona.com\\\/actualidad\\\/se-abre-un-periodo-de-diez-dias-habiles-para-presentar-aportaciones-a-la-modificacion-de-la-ordenanza-de-rehabilitacion-de-viviendas\\\/\"},\"author\":{\"name\":\"La Gu\u00eda de Pamplona\",\"@id\":\"https:\\\/\\\/www.laguiadepamplona.com\\\/actualidad\\\/#\\\/schema\\\/person\\\/efe887376f0213d4657c93adc50b1fdb\"},\"headline\":\"Se abre un periodo de diez d\u00edas h\u00e1biles para presentar aportaciones a la modificaci\u00f3n de la ordenanza de rehabilitaci\u00f3n de viviendas\",\"datePublished\":\"2023-02-20T18:17:06+00:00\",\"dateModified\":\"2023-04-11T09:47:10+00:00\",\"mainEntityOfPage\":{\"@id\":\"https:\\\/\\\/www.laguiadepamplona.com\\\/actualidad\\\/se-abre-un-periodo-de-diez-dias-habiles-para-presentar-aportaciones-a-la-modificacion-de-la-ordenanza-de-rehabilitacion-de-viviendas\\\/\"},\"wordCount\":548,\"commentCount\":0,\"publisher\":{\"@id\":\"https:\\\/\\\/www.laguiadepamplona.com\\\/actualidad\\\/#organization\"},\"image\":{\"@id\":\"https:\\\/\\\/www.laguiadepamplona.com\\\/actualidad\\\/se-abre-un-periodo-de-diez-dias-habiles-para-presentar-aportaciones-a-la-modificacion-de-la-ordenanza-de-rehabilitacion-de-viviendas\\\/#primaryimage\"},\"thumbnailUrl\":\"https:\\\/\\\/www.laguiadepamplona.com\\\/actualidad\\\/wp-content\\\/uploads\\\/2023\\\/02\\\/vista_rochapea_desde_murallas_1.webp\",\"articleSection\":[\"Ayto Pamplona\"],\"inLanguage\":\"es\",\"potentialAction\":[{\"@type\":\"CommentAction\",\"name\":\"Comment\",\"target\":[\"https:\\\/\\\/www.laguiadepamplona.com\\\/actualidad\\\/se-abre-un-periodo-de-diez-dias-habiles-para-presentar-aportaciones-a-la-modificacion-de-la-ordenanza-de-rehabilitacion-de-viviendas\\\/#respond\"]}]},{\"@type\":\"WebPage\",\"@id\":\"https:\\\/\\\/www.laguiadepamplona.com\\\/actualidad\\\/se-abre-un-periodo-de-diez-dias-habiles-para-presentar-aportaciones-a-la-modificacion-de-la-ordenanza-de-rehabilitacion-de-viviendas\\\/\",\"url\":\"https:\\\/\\\/www.laguiadepamplona.com\\\/actualidad\\\/se-abre-un-periodo-de-diez-dias-habiles-para-presentar-aportaciones-a-la-modificacion-de-la-ordenanza-de-rehabilitacion-de-viviendas\\\/\",\"name\":\"Se abre un periodo de diez d\u00edas h\u00e1biles para presentar aportaciones a la modificaci\u00f3n de la ordenanza de rehabilitaci\u00f3n de viviendas\",\"isPartOf\":{\"@id\":\"https:\\\/\\\/www.laguiadepamplona.com\\\/actualidad\\\/#website\"},\"primaryImageOfPage\":{\"@id\":\"https:\\\/\\\/www.laguiadepamplona.com\\\/actualidad\\\/se-abre-un-periodo-de-diez-dias-habiles-para-presentar-aportaciones-a-la-modificacion-de-la-ordenanza-de-rehabilitacion-de-viviendas\\\/#primaryimage\"},\"image\":{\"@id\":\"https:\\\/\\\/www.laguiadepamplona.com\\\/actualidad\\\/se-abre-un-periodo-de-diez-dias-habiles-para-presentar-aportaciones-a-la-modificacion-de-la-ordenanza-de-rehabilitacion-de-viviendas\\\/#primaryimage\"},\"thumbnailUrl\":\"https:\\\/\\\/www.laguiadepamplona.com\\\/actualidad\\\/wp-content\\\/uploads\\\/2023\\\/02\\\/vista_rochapea_desde_murallas_1.webp\",\"datePublished\":\"2023-02-20T18:17:06+00:00\",\"dateModified\":\"2023-04-11T09:47:10+00:00\",\"description\":\"La ordenanza prioriza las ayudas a las comunidades de propietarios frente a las individuales y las extiende a toda la ciudad creando \u00e1reas prioritarias\",\"breadcrumb\":{\"@id\":\"https:\\\/\\\/www.laguiadepamplona.com\\\/actualidad\\\/se-abre-un-periodo-de-diez-dias-habiles-para-presentar-aportaciones-a-la-modificacion-de-la-ordenanza-de-rehabilitacion-de-viviendas\\\/#breadcrumb\"},\"inLanguage\":\"es\",\"potentialAction\":[{\"@type\":\"ReadAction\",\"target\":[\"https:\\\/\\\/www.laguiadepamplona.com\\\/actualidad\\\/se-abre-un-periodo-de-diez-dias-habiles-para-presentar-aportaciones-a-la-modificacion-de-la-ordenanza-de-rehabilitacion-de-viviendas\\\/\"]}]},{\"@type\":\"ImageObject\",\"inLanguage\":\"es\",\"@id\":\"https:\\\/\\\/www.laguiadepamplona.com\\\/actualidad\\\/se-abre-un-periodo-de-diez-dias-habiles-para-presentar-aportaciones-a-la-modificacion-de-la-ordenanza-de-rehabilitacion-de-viviendas\\\/#primaryimage\",\"url\":\"https:\\\/\\\/www.laguiadepamplona.com\\\/actualidad\\\/wp-content\\\/uploads\\\/2023\\\/02\\\/vista_rochapea_desde_murallas_1.webp\",\"contentUrl\":\"https:\\\/\\\/www.laguiadepamplona.com\\\/actualidad\\\/wp-content\\\/uploads\\\/2023\\\/02\\\/vista_rochapea_desde_murallas_1.webp\",\"width\":1920,\"height\":1280},{\"@type\":\"BreadcrumbList\",\"@id\":\"https:\\\/\\\/www.laguiadepamplona.com\\\/actualidad\\\/se-abre-un-periodo-de-diez-dias-habiles-para-presentar-aportaciones-a-la-modificacion-de-la-ordenanza-de-rehabilitacion-de-viviendas\\\/#breadcrumb\",\"itemListElement\":[{\"@type\":\"ListItem\",\"position\":1,\"name\":\"Portada\",\"item\":\"https:\\\/\\\/www.laguiadepamplona.com\\\/actualidad\\\/\"},{\"@type\":\"ListItem\",\"position\":2,\"name\":\"Se abre un periodo de diez d\u00edas h\u00e1biles para presentar aportaciones a la modificaci\u00f3n de la ordenanza de rehabilitaci\u00f3n de viviendas\"}]},{\"@type\":\"WebSite\",\"@id\":\"https:\\\/\\\/www.laguiadepamplona.com\\\/actualidad\\\/#website\",\"url\":\"https:\\\/\\\/www.laguiadepamplona.com\\\/actualidad\\\/\",\"name\":\"La gu\u00eda de Pamplona\",\"description\":\"Noticias de Pamplona\",\"publisher\":{\"@id\":\"https:\\\/\\\/www.laguiadepamplona.com\\\/actualidad\\\/#organization\"},\"potentialAction\":[{\"@type\":\"SearchAction\",\"target\":{\"@type\":\"EntryPoint\",\"urlTemplate\":\"https:\\\/\\\/www.laguiadepamplona.com\\\/actualidad\\\/?s={search_term_string}\"},\"query-input\":{\"@type\":\"PropertyValueSpecification\",\"valueRequired\":true,\"valueName\":\"search_term_string\"}}],\"inLanguage\":\"es\"},{\"@type\":\"Organization\",\"@id\":\"https:\\\/\\\/www.laguiadepamplona.com\\\/actualidad\\\/#organization\",\"name\":\"La Gu\u00eda de Pamplona \\\/ Noticias\",\"url\":\"https:\\\/\\\/www.laguiadepamplona.com\\\/actualidad\\\/\",\"logo\":{\"@type\":\"ImageObject\",\"inLanguage\":\"es\",\"@id\":\"https:\\\/\\\/www.laguiadepamplona.com\\\/actualidad\\\/#\\\/schema\\\/logo\\\/image\\\/\",\"url\":\"https:\\\/\\\/www.laguiadepamplona.com\\\/actualidad\\\/wp-content\\\/uploads\\\/2018\\\/11\\\/logo-laguiadepamplona18-web1.png\",\"contentUrl\":\"https:\\\/\\\/www.laguiadepamplona.com\\\/actualidad\\\/wp-content\\\/uploads\\\/2018\\\/11\\\/logo-laguiadepamplona18-web1.png\",\"width\":600,\"height\":196,\"caption\":\"La Gu\u00eda de Pamplona \\\/ Noticias\"},\"image\":{\"@id\":\"https:\\\/\\\/www.laguiadepamplona.com\\\/actualidad\\\/#\\\/schema\\\/logo\\\/image\\\/\"},\"sameAs\":[\"https:\\\/\\\/www.facebook.com\\\/laguiadepamplonacom-133175176762273\\\/?ref=hl\",\"https:\\\/\\\/x.com\\\/LaGuiadPamplona\",\"https:\\\/\\\/www.instagram.com\\\/la_guia_de_pamplona\\\/\",\"https:\\\/\\\/www.youtube.com\\\/user\\\/laguiadepamplona\"]},{\"@type\":\"Person\",\"@id\":\"https:\\\/\\\/www.laguiadepamplona.com\\\/actualidad\\\/#\\\/schema\\\/person\\\/efe887376f0213d4657c93adc50b1fdb\",\"name\":\"La Gu\u00eda de Pamplona\",\"image\":{\"@type\":\"ImageObject\",\"inLanguage\":\"es\",\"@id\":\"https:\\\/\\\/secure.gravatar.com\\\/avatar\\\/b6992f131dc8d30ab0dff15446e9d346d9dbd95992de0fef795073f5ea83a81c?s=96&d=mm&r=g\",\"url\":\"https:\\\/\\\/secure.gravatar.com\\\/avatar\\\/b6992f131dc8d30ab0dff15446e9d346d9dbd95992de0fef795073f5ea83a81c?s=96&d=mm&r=g\",\"contentUrl\":\"https:\\\/\\\/secure.gravatar.com\\\/avatar\\\/b6992f131dc8d30ab0dff15446e9d346d9dbd95992de0fef795073f5ea83a81c?s=96&d=mm&r=g\",\"caption\":\"La Gu\u00eda de Pamplona\"}}]}<\/script>\n<!-- \/ Yoast SEO plugin. -->","yoast_head_json":{"title":"Se abre un periodo de diez d\u00edas h\u00e1biles para presentar aportaciones a la modificaci\u00f3n de la ordenanza de rehabilitaci\u00f3n de viviendas","description":"La ordenanza prioriza las ayudas a las comunidades de propietarios frente a las individuales y las extiende a toda la ciudad creando \u00e1reas prioritarias","robots":{"index":"index","follow":"follow","max-snippet":"max-snippet:-1","max-image-preview":"max-image-preview:large","max-video-preview":"max-video-preview:-1"},"canonical":"https:\/\/www.laguiadepamplona.com\/actualidad\/se-abre-un-periodo-de-diez-dias-habiles-para-presentar-aportaciones-a-la-modificacion-de-la-ordenanza-de-rehabilitacion-de-viviendas\/","og_locale":"es_ES","og_type":"article","og_title":"Se abre un periodo de diez d\u00edas h\u00e1biles para presentar aportaciones a la modificaci\u00f3n de la ordenanza de rehabilitaci\u00f3n de viviendas","og_description":"La ordenanza prioriza las ayudas a las comunidades de propietarios frente a las individuales y las extiende a toda la ciudad creando \u00e1reas prioritarias","og_url":"https:\/\/www.laguiadepamplona.com\/actualidad\/se-abre-un-periodo-de-diez-dias-habiles-para-presentar-aportaciones-a-la-modificacion-de-la-ordenanza-de-rehabilitacion-de-viviendas\/","og_site_name":"La Gu\u00eda de Pamplona","article_publisher":"https:\/\/www.facebook.com\/laguiadepamplonacom-133175176762273\/?ref=hl","article_published_time":"2023-02-20T18:17:06+00:00","article_modified_time":"2023-04-11T09:47:10+00:00","og_image":[{"width":1920,"height":1280,"url":"https:\/\/www.laguiadepamplona.com\/actualidad\/wp-content\/uploads\/2023\/02\/vista_rochapea_desde_murallas_1.webp","type":"image\/webp"}],"author":"La Gu\u00eda de Pamplona","twitter_card":"summary_large_image","twitter_creator":"@LaGuiadPamplona","twitter_site":"@LaGuiadPamplona","twitter_misc":{"Escrito por":"La Gu\u00eda de Pamplona","Tiempo de lectura":"3 minutos"},"schema":{"@context":"https:\/\/schema.org","@graph":[{"@type":"Article","@id":"https:\/\/www.laguiadepamplona.com\/actualidad\/se-abre-un-periodo-de-diez-dias-habiles-para-presentar-aportaciones-a-la-modificacion-de-la-ordenanza-de-rehabilitacion-de-viviendas\/#article","isPartOf":{"@id":"https:\/\/www.laguiadepamplona.com\/actualidad\/se-abre-un-periodo-de-diez-dias-habiles-para-presentar-aportaciones-a-la-modificacion-de-la-ordenanza-de-rehabilitacion-de-viviendas\/"},"author":{"name":"La Gu\u00eda de Pamplona","@id":"https:\/\/www.laguiadepamplona.com\/actualidad\/#\/schema\/person\/efe887376f0213d4657c93adc50b1fdb"},"headline":"Se abre un periodo de diez d\u00edas h\u00e1biles para presentar aportaciones a la modificaci\u00f3n de la ordenanza de rehabilitaci\u00f3n de viviendas","datePublished":"2023-02-20T18:17:06+00:00","dateModified":"2023-04-11T09:47:10+00:00","mainEntityOfPage":{"@id":"https:\/\/www.laguiadepamplona.com\/actualidad\/se-abre-un-periodo-de-diez-dias-habiles-para-presentar-aportaciones-a-la-modificacion-de-la-ordenanza-de-rehabilitacion-de-viviendas\/"},"wordCount":548,"commentCount":0,"publisher":{"@id":"https:\/\/www.laguiadepamplona.com\/actualidad\/#organization"},"image":{"@id":"https:\/\/www.laguiadepamplona.com\/actualidad\/se-abre-un-periodo-de-diez-dias-habiles-para-presentar-aportaciones-a-la-modificacion-de-la-ordenanza-de-rehabilitacion-de-viviendas\/#primaryimage"},"thumbnailUrl":"https:\/\/www.laguiadepamplona.com\/actualidad\/wp-content\/uploads\/2023\/02\/vista_rochapea_desde_murallas_1.webp","articleSection":["Ayto Pamplona"],"inLanguage":"es","potentialAction":[{"@type":"CommentAction","name":"Comment","target":["https:\/\/www.laguiadepamplona.com\/actualidad\/se-abre-un-periodo-de-diez-dias-habiles-para-presentar-aportaciones-a-la-modificacion-de-la-ordenanza-de-rehabilitacion-de-viviendas\/#respond"]}]},{"@type":"WebPage","@id":"https:\/\/www.laguiadepamplona.com\/actualidad\/se-abre-un-periodo-de-diez-dias-habiles-para-presentar-aportaciones-a-la-modificacion-de-la-ordenanza-de-rehabilitacion-de-viviendas\/","url":"https:\/\/www.laguiadepamplona.com\/actualidad\/se-abre-un-periodo-de-diez-dias-habiles-para-presentar-aportaciones-a-la-modificacion-de-la-ordenanza-de-rehabilitacion-de-viviendas\/","name":"Se abre un periodo de diez d\u00edas h\u00e1biles para presentar aportaciones a la modificaci\u00f3n de la ordenanza de rehabilitaci\u00f3n de viviendas","isPartOf":{"@id":"https:\/\/www.laguiadepamplona.com\/actualidad\/#website"},"primaryImageOfPage":{"@id":"https:\/\/www.laguiadepamplona.com\/actualidad\/se-abre-un-periodo-de-diez-dias-habiles-para-presentar-aportaciones-a-la-modificacion-de-la-ordenanza-de-rehabilitacion-de-viviendas\/#primaryimage"},"image":{"@id":"https:\/\/www.laguiadepamplona.com\/actualidad\/se-abre-un-periodo-de-diez-dias-habiles-para-presentar-aportaciones-a-la-modificacion-de-la-ordenanza-de-rehabilitacion-de-viviendas\/#primaryimage"},"thumbnailUrl":"https:\/\/www.laguiadepamplona.com\/actualidad\/wp-content\/uploads\/2023\/02\/vista_rochapea_desde_murallas_1.webp","datePublished":"2023-02-20T18:17:06+00:00","dateModified":"2023-04-11T09:47:10+00:00","description":"La ordenanza prioriza las ayudas a las comunidades de propietarios frente a las individuales y las extiende a toda la ciudad creando \u00e1reas prioritarias","breadcrumb":{"@id":"https:\/\/www.laguiadepamplona.com\/actualidad\/se-abre-un-periodo-de-diez-dias-habiles-para-presentar-aportaciones-a-la-modificacion-de-la-ordenanza-de-rehabilitacion-de-viviendas\/#breadcrumb"},"inLanguage":"es","potentialAction":[{"@type":"ReadAction","target":["https:\/\/www.laguiadepamplona.com\/actualidad\/se-abre-un-periodo-de-diez-dias-habiles-para-presentar-aportaciones-a-la-modificacion-de-la-ordenanza-de-rehabilitacion-de-viviendas\/"]}]},{"@type":"ImageObject","inLanguage":"es","@id":"https:\/\/www.laguiadepamplona.com\/actualidad\/se-abre-un-periodo-de-diez-dias-habiles-para-presentar-aportaciones-a-la-modificacion-de-la-ordenanza-de-rehabilitacion-de-viviendas\/#primaryimage","url":"https:\/\/www.laguiadepamplona.com\/actualidad\/wp-content\/uploads\/2023\/02\/vista_rochapea_desde_murallas_1.webp","contentUrl":"https:\/\/www.laguiadepamplona.com\/actualidad\/wp-content\/uploads\/2023\/02\/vista_rochapea_desde_murallas_1.webp","width":1920,"height":1280},{"@type":"BreadcrumbList","@id":"https:\/\/www.laguiadepamplona.com\/actualidad\/se-abre-un-periodo-de-diez-dias-habiles-para-presentar-aportaciones-a-la-modificacion-de-la-ordenanza-de-rehabilitacion-de-viviendas\/#breadcrumb","itemListElement":[{"@type":"ListItem","position":1,"name":"Portada","item":"https:\/\/www.laguiadepamplona.com\/actualidad\/"},{"@type":"ListItem","position":2,"name":"Se abre un periodo de diez d\u00edas h\u00e1biles para presentar aportaciones a la modificaci\u00f3n de la ordenanza de rehabilitaci\u00f3n de viviendas"}]},{"@type":"WebSite","@id":"https:\/\/www.laguiadepamplona.com\/actualidad\/#website","url":"https:\/\/www.laguiadepamplona.com\/actualidad\/","name":"La gu\u00eda de Pamplona","description":"Noticias de Pamplona","publisher":{"@id":"https:\/\/www.laguiadepamplona.com\/actualidad\/#organization"},"potentialAction":[{"@type":"SearchAction","target":{"@type":"EntryPoint","urlTemplate":"https:\/\/www.laguiadepamplona.com\/actualidad\/?s={search_term_string}"},"query-input":{"@type":"PropertyValueSpecification","valueRequired":true,"valueName":"search_term_string"}}],"inLanguage":"es"},{"@type":"Organization","@id":"https:\/\/www.laguiadepamplona.com\/actualidad\/#organization","name":"La Gu\u00eda de Pamplona \/ Noticias","url":"https:\/\/www.laguiadepamplona.com\/actualidad\/","logo":{"@type":"ImageObject","inLanguage":"es","@id":"https:\/\/www.laguiadepamplona.com\/actualidad\/#\/schema\/logo\/image\/","url":"https:\/\/www.laguiadepamplona.com\/actualidad\/wp-content\/uploads\/2018\/11\/logo-laguiadepamplona18-web1.png","contentUrl":"https:\/\/www.laguiadepamplona.com\/actualidad\/wp-content\/uploads\/2018\/11\/logo-laguiadepamplona18-web1.png","width":600,"height":196,"caption":"La Gu\u00eda de Pamplona \/ Noticias"},"image":{"@id":"https:\/\/www.laguiadepamplona.com\/actualidad\/#\/schema\/logo\/image\/"},"sameAs":["https:\/\/www.facebook.com\/laguiadepamplonacom-133175176762273\/?ref=hl","https:\/\/x.com\/LaGuiadPamplona","https:\/\/www.instagram.com\/la_guia_de_pamplona\/","https:\/\/www.youtube.com\/user\/laguiadepamplona"]},{"@type":"Person","@id":"https:\/\/www.laguiadepamplona.com\/actualidad\/#\/schema\/person\/efe887376f0213d4657c93adc50b1fdb","name":"La Gu\u00eda de Pamplona","image":{"@type":"ImageObject","inLanguage":"es","@id":"https:\/\/secure.gravatar.com\/avatar\/b6992f131dc8d30ab0dff15446e9d346d9dbd95992de0fef795073f5ea83a81c?s=96&d=mm&r=g","url":"https:\/\/secure.gravatar.com\/avatar\/b6992f131dc8d30ab0dff15446e9d346d9dbd95992de0fef795073f5ea83a81c?s=96&d=mm&r=g","contentUrl":"https:\/\/secure.gravatar.com\/avatar\/b6992f131dc8d30ab0dff15446e9d346d9dbd95992de0fef795073f5ea83a81c?s=96&d=mm&r=g","caption":"La Gu\u00eda de Pamplona"}}]}},"post_mailing_queue_ids":[],"_links":{"self":[{"href":"https:\/\/www.laguiadepamplona.com\/actualidad\/wp-json\/wp\/v2\/posts\/42925","targetHints":{"allow":["GET"]}}],"collection":[{"href":"https:\/\/www.laguiadepamplona.com\/actualidad\/wp-json\/wp\/v2\/posts"}],"about":[{"href":"https:\/\/www.laguiadepamplona.com\/actualidad\/wp-json\/wp\/v2\/types\/post"}],"author":[{"embeddable":true,"href":"https:\/\/www.laguiadepamplona.com\/actualidad\/wp-json\/wp\/v2\/users\/1"}],"replies":[{"embeddable":true,"href":"https:\/\/www.laguiadepamplona.com\/actualidad\/wp-json\/wp\/v2\/comments?post=42925"}],"version-history":[{"count":0,"href":"https:\/\/www.laguiadepamplona.com\/actualidad\/wp-json\/wp\/v2\/posts\/42925\/revisions"}],"wp:featuredmedia":[{"embeddable":true,"href":"https:\/\/www.laguiadepamplona.com\/actualidad\/wp-json\/wp\/v2\/media\/42926"}],"wp:attachment":[{"href":"https:\/\/www.laguiadepamplona.com\/actualidad\/wp-json\/wp\/v2\/media?parent=42925"}],"wp:term":[{"taxonomy":"category","embeddable":true,"href":"https:\/\/www.laguiadepamplona.com\/actualidad\/wp-json\/wp\/v2\/categories?post=42925"},{"taxonomy":"post_tag","embeddable":true,"href":"https:\/\/www.laguiadepamplona.com\/actualidad\/wp-json\/wp\/v2\/tags?post=42925"}],"curies":[{"name":"wp","href":"https:\/\/api.w.org\/{rel}","templated":true}]}}