{"id":42922,"date":"2023-02-20T20:14:59","date_gmt":"2023-02-20T18:14:59","guid":{"rendered":"https:\/\/www.laguiadepamplona.com\/actualidad\/?p=42922"},"modified":"2023-04-11T11:47:10","modified_gmt":"2023-04-11T09:47:10","slug":"pamplona-joven-relanza-su-web-con-un-nuevo-diseno-mas-accesible-a-traves-de-la-campana-mucho-que-apuesta-por-la-participacion-de-la-juventud-en-la-sociedad","status":"publish","type":"post","link":"https:\/\/www.laguiadepamplona.com\/actualidad\/pamplona-joven-relanza-su-web-con-un-nuevo-diseno-mas-accesible-a-traves-de-la-campana-mucho-que-apuesta-por-la-participacion-de-la-juventud-en-la-sociedad\/","title":{"rendered":"Pamplona Joven relanza su web, con un nuevo dise\u00f1o m\u00e1s accesible, a trav\u00e9s de la campa\u00f1a \u2018Mucho\u2019, que apuesta por la participaci\u00f3n de la juventud en la sociedad"},"content":{"rendered":"<h5>Este s\u00e1bado se ha organizado una jornada de actividades en la Casa de la Juventud y un concierto en la sala Canalla para difundir la nueva imagen<\/h5>\n<p><!--more--><\/p>\n<p>\u2018Mucho. Eres joven. Eres importante. Tenemos mucho para ti\u2019. Con este lema, el Ayuntamiento de Pamplona busca acercarse a la juventud de la ciudad, a trav\u00e9s de una imagen renovada, una p\u00e1gina web redise\u00f1ada y nuevos perfiles en redes sociales. Una renovaci\u00f3n que coincide con la elaboraci\u00f3n y puesta en marcha del III Plan Joven de Pamplona. Para difundir esta nueva imagen se ha preparado para el s\u00e1bado 25 de febrero una jornada de actividades gratuitas en la Casa de la Juventud y un concierto en la sala Canalla.<br \/>\n<script async src=\"\/\/pagead2.googlesyndication.com\/pagead\/js\/adsbygoogle.js\"><\/script><br \/>\n<!-- Noticias La Guia de Pamplona --><br \/>\n<ins class=\"adsbygoogle\"\nstyle=\"display:block\"\ndata-ad-client=\"ca-pub-6943679897239327\"\ndata-ad-slot=\"7048180777\"\ndata-ad-format=\"auto\"><\/ins><br \/>\n<script>\n(adsbygoogle = window.adsbygoogle || []).push({});\n<\/script><\/p>\n<p>El concejal delegado de Educaci\u00f3n, Participaci\u00f3n Ciudadana y Juventud, Fernando Sesma, y el concejal especial de Juventud y Deporte, Fernando Aranguren, han presentado esta ma\u00f1ana la nueva web y los materiales promocionales y de difusi\u00f3n de la campa\u00f1a \u2018Mucho\u2019. Se busca llegar a la juventud para que conozca los \u2018muchos\u2019 recursos, programas y servicios que el Ayuntamiento tiene para ellos y ellas y hacer as\u00ed part\u00edcipe a este colectivo del modelo de ciudad que se quiere alcanzar.<\/p>\n<p>La nueva web de Pamplona Joven, <a href=\"http:\/\/www.pamplonajoven.es\" target=\"_blank\" rel=\"noopener\">www.pamplonajoven.es<\/a>, se ha adaptado a los nuevos usos y h\u00e1bitos, haci\u00e9ndola m\u00e1s accesible para su consulta en todo tipo de dispositivos y facilitando el poder compartir contenidos como los de las actividades y programas municipales para as\u00ed generar comunidades. Una web din\u00e1mica y actual que reordena toda la informaci\u00f3n municipal del Ayuntamiento de Pamplona dirigida a la juventud.<\/p>\n<p>Esta nueva web completa el cambio de imagen de Pamplona Joven. El pasado mes de diciembre ya se present\u00f3 el nuevo logo, m\u00e1s din\u00e1mico, fresco y juvenil, en una apuesta por un mensaje visual claro, directo y conciso, que ya se puede ver en las diferentes comunicaciones que se realizan. Se han actualizado tambi\u00e9n los perfiles de Pamplona Joven en redes sociales y se ha abierto cuenta en Tik Tok con los perfiles @pamplonajoven y @irunagaztea.<br \/>\n<script async src=\"\/\/pagead2.googlesyndication.com\/pagead\/js\/adsbygoogle.js\"><\/script><br \/>\n<!-- Noticias La Guia de Pamplona --><br \/>\n<ins class=\"adsbygoogle\"\nstyle=\"display:block\"\ndata-ad-client=\"ca-pub-6943679897239327\"\ndata-ad-slot=\"7048180777\"\ndata-ad-format=\"auto\"><\/ins><br \/>\n<script>\n(adsbygoogle = window.adsbygoogle || []).push({});\n<\/script><\/p>\n<p><strong>Redise\u00f1o de la web<\/strong><\/p>\n<p>El redise\u00f1o de la web presenta una portada que recoge asuntos destacados, agenda, los programas y servicios municipales para la juventud e informaci\u00f3n sobre el III Plan Joven de Pamplona, eje vertebrador de las pol\u00edticas municipales actuales y futuras. La web cuenta con cinco apartados espec\u00edficos relacionados con \u2018Programas\u2019, \u2018Agenda\u2019, \u2018Casa de la Juventud\u2019, \u2018Plan Joven\u2019 y \u2018Contacto\u2019, adem\u00e1s de un espacio llamado \u2018Club de informaci\u00f3n\u2019, en el que se puede solicitar informaci\u00f3n concreta sobre empleo, vivienda, becas, concursos, cursos, actividades\u2026 cumplimentando un formulario.<\/p>\n<p>Los programas municipales se agrupan en seis categor\u00edas: informaci\u00f3n, asesoramiento, cultura, subvenciones, participaci\u00f3n y ocio y tiempo libre. En cada una de ellas, se muestran los servicios concretos que se ofrecen y los modos de contacto y acceso a la informaci\u00f3n correspondiente. En el espacio sobre la Casa de la Juventud, se incide en los recursos con los que cuenta, los diferentes espacios en los que se pueden desarrollar las actividades, los programas y servicios para la juventud, la agenda y los horarios de apertura.<\/p>\n<p>Presenta de forma clara y accesible todas las iniciativas recogidas en el III Plan Joven de Pamplona, agrupadas en torno a los cinco ejes que lo sustentan, juventud comprometida, juventud emancipada, juventud activa, juventud participativa y juventud sostenible, y los retos a los que se enfrentan. De igual forma, describe los principios de transversalidad, igualdad, participaci\u00f3n e inclusi\u00f3n social, innovaci\u00f3n y creatividad, sostenibilidad y solidaridad.<br \/>\n<script async src=\"\/\/pagead2.googlesyndication.com\/pagead\/js\/adsbygoogle.js\"><\/script><br \/>\n<!-- Noticias La Guia de Pamplona --><br \/>\n<ins class=\"adsbygoogle\"\nstyle=\"display:block\"\ndata-ad-client=\"ca-pub-6943679897239327\"\ndata-ad-slot=\"7048180777\"\ndata-ad-format=\"auto\"><\/ins><br \/>\n<script>\n(adsbygoogle = window.adsbygoogle || []).push({});\n<\/script><\/p>\n<p><strong>Jornada de actividades para este s\u00e1bado 25 de febrero<\/strong><\/p>\n<p>La difusi\u00f3n de esta nueva imagen contar\u00e1 con una jornada de actividades este s\u00e1bado que se desarrollar\u00e1 tanto en la Casa de la Juventud y como en la sala Canalla. En la Casa de la Juventud, y con la colaboraci\u00f3n de varias asociaciones juveniles, se han organizado de 10 a 14 horas torneos de tenis de mesa o videojuegos, masterclass de K-Pop y danza urbana, un Friki Trivial, partidas de juegos de mesa, experiencias con gafas de realidad virtual y taller de bordados.<\/p>\n<p>Por la tarde, continuar\u00e1n las actividades, en horario de 16 a 20 horas, con yincana, juego de rol, talleres de estampaci\u00f3n, tatuajes y bisuter\u00eda, realidad virtual, masterclass de K-Pop o la proyecci\u00f3n de la pel\u00edcula \u2018Still walking\u2019, incluido en el ciclo #Cinetag. Durante todo el d\u00eda se realizar\u00e1n visitas guiadas por la Casa de la Juventud para conocer sus espacios y las oportunidades que se ofrecen a quienes acuden. Todas estas actividades est\u00e1n abiertas a la participaci\u00f3n de cualquier joven que acuda a la Casa de la Juventud.<\/p>\n<p>El fin de fiesta tendr\u00e1 lugar en la sala Canalla con los conciertos de Meraba y Anne Lukin. A las 20 horas, la banda pamplonesa de rock alternativo Meraba presentar\u00e1 varios temas del que ser\u00e1 su primer EP, entre ellos, el primer adelanto \u2018Parte de un todo\u2019. Y a partir de las 21 horas, se subir\u00e1 al escenario Anne Lukin. La cantante pamplonesa interpretar\u00e1, entre otros \u2018Ni olvidar\u2019, el segundo single de su nuevo disco que muestra una evoluci\u00f3n en su carrera hacia una m\u00fasica m\u00e1s oscura y electr\u00f3nica. Se podr\u00e1n escuchar tambi\u00e9n temas como su anterior single \u2018Ay, peque\u00f1a\u2019 y otros que ha ido publicando en los \u00faltimos a\u00f1os. La entrada a los conciertos es libre, previa retirada de invitaciones en la Casa de la Juventud desde ma\u00f1ana martes.<br \/>\n<script async src=\"\/\/pagead2.googlesyndication.com\/pagead\/js\/adsbygoogle.js\"><\/script><br \/>\n<!-- Noticias La Guia de Pamplona --><br \/>\n<ins class=\"adsbygoogle\"\nstyle=\"display:block\"\ndata-ad-client=\"ca-pub-6943679897239327\"\ndata-ad-slot=\"7048180777\"\ndata-ad-format=\"auto\"><\/ins><br \/>\n<script>\n(adsbygoogle = window.adsbygoogle || []).push({});\n<\/script><\/p>\n<p><strong>Difusi\u00f3n de la nueva imagen<\/strong><\/p>\n<p>La nueva imagen de Pamplona Joven se va a difundir tambi\u00e9n a trav\u00e9s de varias acciones de promoci\u00f3n. Se han producido 50.000 vasos de caf\u00e9 y 50.000 salvamanteles con el logo \u2018Mucho\u2019, que se van a distribuir en los campus de la Universidad de Navarra y de la Universidad P\u00fablica de Navarra, que colaboran con esta iniciativa. Ambos elementos cuentan con un QR que redirige a la nueva p\u00e1gina web para poder conocer directamente la informaci\u00f3n y las propuestas que Pamplona ofrece para su juventud.<\/p>\n<p>Asimismo, se visibilizar\u00e1 la campa\u00f1a en t\u00f3tems repartidos por once bibliotecas p\u00fablicas y en la calle, a trav\u00e9s de marquesinas, en los soportes verticales de publicidad municipal (mupis y mupis digitales) y en los ed\u00edculos de acceso a los aparcamientos de concesi\u00f3n p\u00fablica. Se han preparado tambi\u00e9n material para la difusi\u00f3n en redes sociales, en los perfiles de Pamplona Joven y del Ayuntamiento de Pamplona.<\/p>\n","protected":false},"excerpt":{"rendered":"<p>Este s\u00e1bado se ha organizado una jornada de actividades en la Casa de la Juventud y un concierto en la sala Canalla para difundir la nueva imagen<\/p>\n","protected":false},"author":1,"featured_media":42923,"comment_status":"open","ping_status":"closed","sticky":false,"template":"","format":"standard","meta":{"footnotes":""},"categories":[2],"tags":[],"class_list":["post-42922","post","type-post","status-publish","format-standard","has-post-thumbnail","hentry","category-ayuntamiento-pamplona"],"yoast_head":"<!-- This site is optimized with the Yoast SEO plugin v27.3 - https:\/\/yoast.com\/product\/yoast-seo-wordpress\/ -->\n<title>Pamplona Joven relanza su web, con un nuevo dise\u00f1o m\u00e1s accesible, a trav\u00e9s de la campa\u00f1a \u2018Mucho\u2019, que apuesta por la participaci\u00f3n de la juventud en la sociedad<\/title>\n<meta name=\"description\" content=\"Este s\u00e1bado se ha organizado una jornada de actividades en la Casa de la Juventud y un concierto en la sala Canalla para difundir la nueva imagen\" \/>\n<meta name=\"robots\" content=\"index, follow, max-snippet:-1, max-image-preview:large, max-video-preview:-1\" \/>\n<link rel=\"canonical\" href=\"https:\/\/www.laguiadepamplona.com\/actualidad\/pamplona-joven-relanza-su-web-con-un-nuevo-diseno-mas-accesible-a-traves-de-la-campana-mucho-que-apuesta-por-la-participacion-de-la-juventud-en-la-sociedad\/\" \/>\n<meta property=\"og:locale\" content=\"es_ES\" \/>\n<meta property=\"og:type\" content=\"article\" \/>\n<meta property=\"og:title\" content=\"Pamplona Joven relanza su web, con un nuevo dise\u00f1o m\u00e1s accesible, a trav\u00e9s de la campa\u00f1a \u2018Mucho\u2019, que apuesta por la participaci\u00f3n de la juventud en la sociedad\" \/>\n<meta property=\"og:description\" content=\"Este s\u00e1bado se ha organizado una jornada de actividades en la Casa de la Juventud y un concierto en la sala Canalla para difundir la nueva imagen\" \/>\n<meta property=\"og:url\" content=\"https:\/\/www.laguiadepamplona.com\/actualidad\/pamplona-joven-relanza-su-web-con-un-nuevo-diseno-mas-accesible-a-traves-de-la-campana-mucho-que-apuesta-por-la-participacion-de-la-juventud-en-la-sociedad\/\" \/>\n<meta property=\"og:site_name\" content=\"La Gu\u00eda de Pamplona\" \/>\n<meta property=\"article:publisher\" content=\"https:\/\/www.facebook.com\/laguiadepamplonacom-133175176762273\/?ref=hl\" \/>\n<meta property=\"article:published_time\" content=\"2023-02-20T18:14:59+00:00\" \/>\n<meta property=\"article:modified_time\" content=\"2023-04-11T09:47:10+00:00\" \/>\n<meta property=\"og:image\" content=\"https:\/\/www.laguiadepamplona.com\/actualidad\/wp-content\/uploads\/2023\/02\/banner_web_MUCHO.jpg\" \/>\n\t<meta property=\"og:image:width\" content=\"1920\" \/>\n\t<meta property=\"og:image:height\" content=\"1080\" \/>\n\t<meta property=\"og:image:type\" content=\"image\/jpeg\" \/>\n<meta name=\"author\" content=\"La Gu\u00eda de Pamplona\" \/>\n<meta name=\"twitter:card\" content=\"summary_large_image\" \/>\n<meta name=\"twitter:creator\" content=\"@LaGuiadPamplona\" \/>\n<meta name=\"twitter:site\" content=\"@LaGuiadPamplona\" \/>\n<meta name=\"twitter:label1\" content=\"Escrito por\" \/>\n\t<meta name=\"twitter:data1\" content=\"La Gu\u00eda de Pamplona\" \/>\n\t<meta name=\"twitter:label2\" content=\"Tiempo de lectura\" \/>\n\t<meta name=\"twitter:data2\" content=\"5 minutos\" \/>\n<script type=\"application\/ld+json\" class=\"yoast-schema-graph\">{\"@context\":\"https:\\\/\\\/schema.org\",\"@graph\":[{\"@type\":\"Article\",\"@id\":\"https:\\\/\\\/www.laguiadepamplona.com\\\/actualidad\\\/pamplona-joven-relanza-su-web-con-un-nuevo-diseno-mas-accesible-a-traves-de-la-campana-mucho-que-apuesta-por-la-participacion-de-la-juventud-en-la-sociedad\\\/#article\",\"isPartOf\":{\"@id\":\"https:\\\/\\\/www.laguiadepamplona.com\\\/actualidad\\\/pamplona-joven-relanza-su-web-con-un-nuevo-diseno-mas-accesible-a-traves-de-la-campana-mucho-que-apuesta-por-la-participacion-de-la-juventud-en-la-sociedad\\\/\"},\"author\":{\"name\":\"La Gu\u00eda de Pamplona\",\"@id\":\"https:\\\/\\\/www.laguiadepamplona.com\\\/actualidad\\\/#\\\/schema\\\/person\\\/efe887376f0213d4657c93adc50b1fdb\"},\"headline\":\"Pamplona Joven relanza su web, con un nuevo dise\u00f1o m\u00e1s accesible, a trav\u00e9s de la campa\u00f1a \u2018Mucho\u2019, que apuesta por la participaci\u00f3n de la juventud en la sociedad\",\"datePublished\":\"2023-02-20T18:14:59+00:00\",\"dateModified\":\"2023-04-11T09:47:10+00:00\",\"mainEntityOfPage\":{\"@id\":\"https:\\\/\\\/www.laguiadepamplona.com\\\/actualidad\\\/pamplona-joven-relanza-su-web-con-un-nuevo-diseno-mas-accesible-a-traves-de-la-campana-mucho-que-apuesta-por-la-participacion-de-la-juventud-en-la-sociedad\\\/\"},\"wordCount\":1135,\"commentCount\":0,\"publisher\":{\"@id\":\"https:\\\/\\\/www.laguiadepamplona.com\\\/actualidad\\\/#organization\"},\"image\":{\"@id\":\"https:\\\/\\\/www.laguiadepamplona.com\\\/actualidad\\\/pamplona-joven-relanza-su-web-con-un-nuevo-diseno-mas-accesible-a-traves-de-la-campana-mucho-que-apuesta-por-la-participacion-de-la-juventud-en-la-sociedad\\\/#primaryimage\"},\"thumbnailUrl\":\"https:\\\/\\\/www.laguiadepamplona.com\\\/actualidad\\\/wp-content\\\/uploads\\\/2023\\\/02\\\/banner_web_MUCHO.jpg\",\"articleSection\":[\"Ayto Pamplona\"],\"inLanguage\":\"es\",\"potentialAction\":[{\"@type\":\"CommentAction\",\"name\":\"Comment\",\"target\":[\"https:\\\/\\\/www.laguiadepamplona.com\\\/actualidad\\\/pamplona-joven-relanza-su-web-con-un-nuevo-diseno-mas-accesible-a-traves-de-la-campana-mucho-que-apuesta-por-la-participacion-de-la-juventud-en-la-sociedad\\\/#respond\"]}]},{\"@type\":\"WebPage\",\"@id\":\"https:\\\/\\\/www.laguiadepamplona.com\\\/actualidad\\\/pamplona-joven-relanza-su-web-con-un-nuevo-diseno-mas-accesible-a-traves-de-la-campana-mucho-que-apuesta-por-la-participacion-de-la-juventud-en-la-sociedad\\\/\",\"url\":\"https:\\\/\\\/www.laguiadepamplona.com\\\/actualidad\\\/pamplona-joven-relanza-su-web-con-un-nuevo-diseno-mas-accesible-a-traves-de-la-campana-mucho-que-apuesta-por-la-participacion-de-la-juventud-en-la-sociedad\\\/\",\"name\":\"Pamplona Joven relanza su web, con un nuevo dise\u00f1o m\u00e1s accesible, a trav\u00e9s de la campa\u00f1a \u2018Mucho\u2019, que apuesta por la participaci\u00f3n de la juventud en la sociedad\",\"isPartOf\":{\"@id\":\"https:\\\/\\\/www.laguiadepamplona.com\\\/actualidad\\\/#website\"},\"primaryImageOfPage\":{\"@id\":\"https:\\\/\\\/www.laguiadepamplona.com\\\/actualidad\\\/pamplona-joven-relanza-su-web-con-un-nuevo-diseno-mas-accesible-a-traves-de-la-campana-mucho-que-apuesta-por-la-participacion-de-la-juventud-en-la-sociedad\\\/#primaryimage\"},\"image\":{\"@id\":\"https:\\\/\\\/www.laguiadepamplona.com\\\/actualidad\\\/pamplona-joven-relanza-su-web-con-un-nuevo-diseno-mas-accesible-a-traves-de-la-campana-mucho-que-apuesta-por-la-participacion-de-la-juventud-en-la-sociedad\\\/#primaryimage\"},\"thumbnailUrl\":\"https:\\\/\\\/www.laguiadepamplona.com\\\/actualidad\\\/wp-content\\\/uploads\\\/2023\\\/02\\\/banner_web_MUCHO.jpg\",\"datePublished\":\"2023-02-20T18:14:59+00:00\",\"dateModified\":\"2023-04-11T09:47:10+00:00\",\"description\":\"Este s\u00e1bado se ha organizado una jornada de actividades en la Casa de la Juventud y un concierto en la sala Canalla para difundir la nueva imagen\",\"breadcrumb\":{\"@id\":\"https:\\\/\\\/www.laguiadepamplona.com\\\/actualidad\\\/pamplona-joven-relanza-su-web-con-un-nuevo-diseno-mas-accesible-a-traves-de-la-campana-mucho-que-apuesta-por-la-participacion-de-la-juventud-en-la-sociedad\\\/#breadcrumb\"},\"inLanguage\":\"es\",\"potentialAction\":[{\"@type\":\"ReadAction\",\"target\":[\"https:\\\/\\\/www.laguiadepamplona.com\\\/actualidad\\\/pamplona-joven-relanza-su-web-con-un-nuevo-diseno-mas-accesible-a-traves-de-la-campana-mucho-que-apuesta-por-la-participacion-de-la-juventud-en-la-sociedad\\\/\"]}]},{\"@type\":\"ImageObject\",\"inLanguage\":\"es\",\"@id\":\"https:\\\/\\\/www.laguiadepamplona.com\\\/actualidad\\\/pamplona-joven-relanza-su-web-con-un-nuevo-diseno-mas-accesible-a-traves-de-la-campana-mucho-que-apuesta-por-la-participacion-de-la-juventud-en-la-sociedad\\\/#primaryimage\",\"url\":\"https:\\\/\\\/www.laguiadepamplona.com\\\/actualidad\\\/wp-content\\\/uploads\\\/2023\\\/02\\\/banner_web_MUCHO.jpg\",\"contentUrl\":\"https:\\\/\\\/www.laguiadepamplona.com\\\/actualidad\\\/wp-content\\\/uploads\\\/2023\\\/02\\\/banner_web_MUCHO.jpg\",\"width\":1920,\"height\":1080},{\"@type\":\"BreadcrumbList\",\"@id\":\"https:\\\/\\\/www.laguiadepamplona.com\\\/actualidad\\\/pamplona-joven-relanza-su-web-con-un-nuevo-diseno-mas-accesible-a-traves-de-la-campana-mucho-que-apuesta-por-la-participacion-de-la-juventud-en-la-sociedad\\\/#breadcrumb\",\"itemListElement\":[{\"@type\":\"ListItem\",\"position\":1,\"name\":\"Portada\",\"item\":\"https:\\\/\\\/www.laguiadepamplona.com\\\/actualidad\\\/\"},{\"@type\":\"ListItem\",\"position\":2,\"name\":\"Pamplona Joven relanza su web, con un nuevo dise\u00f1o m\u00e1s accesible, a trav\u00e9s de la campa\u00f1a \u2018Mucho\u2019, que apuesta por la participaci\u00f3n de la juventud en la sociedad\"}]},{\"@type\":\"WebSite\",\"@id\":\"https:\\\/\\\/www.laguiadepamplona.com\\\/actualidad\\\/#website\",\"url\":\"https:\\\/\\\/www.laguiadepamplona.com\\\/actualidad\\\/\",\"name\":\"La gu\u00eda de Pamplona\",\"description\":\"Noticias de Pamplona\",\"publisher\":{\"@id\":\"https:\\\/\\\/www.laguiadepamplona.com\\\/actualidad\\\/#organization\"},\"potentialAction\":[{\"@type\":\"SearchAction\",\"target\":{\"@type\":\"EntryPoint\",\"urlTemplate\":\"https:\\\/\\\/www.laguiadepamplona.com\\\/actualidad\\\/?s={search_term_string}\"},\"query-input\":{\"@type\":\"PropertyValueSpecification\",\"valueRequired\":true,\"valueName\":\"search_term_string\"}}],\"inLanguage\":\"es\"},{\"@type\":\"Organization\",\"@id\":\"https:\\\/\\\/www.laguiadepamplona.com\\\/actualidad\\\/#organization\",\"name\":\"La Gu\u00eda de Pamplona \\\/ Noticias\",\"url\":\"https:\\\/\\\/www.laguiadepamplona.com\\\/actualidad\\\/\",\"logo\":{\"@type\":\"ImageObject\",\"inLanguage\":\"es\",\"@id\":\"https:\\\/\\\/www.laguiadepamplona.com\\\/actualidad\\\/#\\\/schema\\\/logo\\\/image\\\/\",\"url\":\"https:\\\/\\\/www.laguiadepamplona.com\\\/actualidad\\\/wp-content\\\/uploads\\\/2018\\\/11\\\/logo-laguiadepamplona18-web1.png\",\"contentUrl\":\"https:\\\/\\\/www.laguiadepamplona.com\\\/actualidad\\\/wp-content\\\/uploads\\\/2018\\\/11\\\/logo-laguiadepamplona18-web1.png\",\"width\":600,\"height\":196,\"caption\":\"La Gu\u00eda de Pamplona \\\/ Noticias\"},\"image\":{\"@id\":\"https:\\\/\\\/www.laguiadepamplona.com\\\/actualidad\\\/#\\\/schema\\\/logo\\\/image\\\/\"},\"sameAs\":[\"https:\\\/\\\/www.facebook.com\\\/laguiadepamplonacom-133175176762273\\\/?ref=hl\",\"https:\\\/\\\/x.com\\\/LaGuiadPamplona\",\"https:\\\/\\\/www.instagram.com\\\/la_guia_de_pamplona\\\/\",\"https:\\\/\\\/www.youtube.com\\\/user\\\/laguiadepamplona\"]},{\"@type\":\"Person\",\"@id\":\"https:\\\/\\\/www.laguiadepamplona.com\\\/actualidad\\\/#\\\/schema\\\/person\\\/efe887376f0213d4657c93adc50b1fdb\",\"name\":\"La Gu\u00eda de Pamplona\",\"image\":{\"@type\":\"ImageObject\",\"inLanguage\":\"es\",\"@id\":\"https:\\\/\\\/secure.gravatar.com\\\/avatar\\\/b6992f131dc8d30ab0dff15446e9d346d9dbd95992de0fef795073f5ea83a81c?s=96&d=mm&r=g\",\"url\":\"https:\\\/\\\/secure.gravatar.com\\\/avatar\\\/b6992f131dc8d30ab0dff15446e9d346d9dbd95992de0fef795073f5ea83a81c?s=96&d=mm&r=g\",\"contentUrl\":\"https:\\\/\\\/secure.gravatar.com\\\/avatar\\\/b6992f131dc8d30ab0dff15446e9d346d9dbd95992de0fef795073f5ea83a81c?s=96&d=mm&r=g\",\"caption\":\"La Gu\u00eda de Pamplona\"}}]}<\/script>\n<!-- \/ Yoast SEO plugin. -->","yoast_head_json":{"title":"Pamplona Joven relanza su web, con un nuevo dise\u00f1o m\u00e1s accesible, a trav\u00e9s de la campa\u00f1a \u2018Mucho\u2019, que apuesta por la participaci\u00f3n de la juventud en la sociedad","description":"Este s\u00e1bado se ha organizado una jornada de actividades en la Casa de la Juventud y un concierto en la sala Canalla para difundir la nueva imagen","robots":{"index":"index","follow":"follow","max-snippet":"max-snippet:-1","max-image-preview":"max-image-preview:large","max-video-preview":"max-video-preview:-1"},"canonical":"https:\/\/www.laguiadepamplona.com\/actualidad\/pamplona-joven-relanza-su-web-con-un-nuevo-diseno-mas-accesible-a-traves-de-la-campana-mucho-que-apuesta-por-la-participacion-de-la-juventud-en-la-sociedad\/","og_locale":"es_ES","og_type":"article","og_title":"Pamplona Joven relanza su web, con un nuevo dise\u00f1o m\u00e1s accesible, a trav\u00e9s de la campa\u00f1a \u2018Mucho\u2019, que apuesta por la participaci\u00f3n de la juventud en la sociedad","og_description":"Este s\u00e1bado se ha organizado una jornada de actividades en la Casa de la Juventud y un concierto en la sala Canalla para difundir la nueva imagen","og_url":"https:\/\/www.laguiadepamplona.com\/actualidad\/pamplona-joven-relanza-su-web-con-un-nuevo-diseno-mas-accesible-a-traves-de-la-campana-mucho-que-apuesta-por-la-participacion-de-la-juventud-en-la-sociedad\/","og_site_name":"La Gu\u00eda de Pamplona","article_publisher":"https:\/\/www.facebook.com\/laguiadepamplonacom-133175176762273\/?ref=hl","article_published_time":"2023-02-20T18:14:59+00:00","article_modified_time":"2023-04-11T09:47:10+00:00","og_image":[{"width":1920,"height":1080,"url":"https:\/\/www.laguiadepamplona.com\/actualidad\/wp-content\/uploads\/2023\/02\/banner_web_MUCHO.jpg","type":"image\/jpeg"}],"author":"La Gu\u00eda de Pamplona","twitter_card":"summary_large_image","twitter_creator":"@LaGuiadPamplona","twitter_site":"@LaGuiadPamplona","twitter_misc":{"Escrito por":"La Gu\u00eda de Pamplona","Tiempo de lectura":"5 minutos"},"schema":{"@context":"https:\/\/schema.org","@graph":[{"@type":"Article","@id":"https:\/\/www.laguiadepamplona.com\/actualidad\/pamplona-joven-relanza-su-web-con-un-nuevo-diseno-mas-accesible-a-traves-de-la-campana-mucho-que-apuesta-por-la-participacion-de-la-juventud-en-la-sociedad\/#article","isPartOf":{"@id":"https:\/\/www.laguiadepamplona.com\/actualidad\/pamplona-joven-relanza-su-web-con-un-nuevo-diseno-mas-accesible-a-traves-de-la-campana-mucho-que-apuesta-por-la-participacion-de-la-juventud-en-la-sociedad\/"},"author":{"name":"La Gu\u00eda de Pamplona","@id":"https:\/\/www.laguiadepamplona.com\/actualidad\/#\/schema\/person\/efe887376f0213d4657c93adc50b1fdb"},"headline":"Pamplona Joven relanza su web, con un nuevo dise\u00f1o m\u00e1s accesible, a trav\u00e9s de la campa\u00f1a \u2018Mucho\u2019, que apuesta por la participaci\u00f3n de la juventud en la sociedad","datePublished":"2023-02-20T18:14:59+00:00","dateModified":"2023-04-11T09:47:10+00:00","mainEntityOfPage":{"@id":"https:\/\/www.laguiadepamplona.com\/actualidad\/pamplona-joven-relanza-su-web-con-un-nuevo-diseno-mas-accesible-a-traves-de-la-campana-mucho-que-apuesta-por-la-participacion-de-la-juventud-en-la-sociedad\/"},"wordCount":1135,"commentCount":0,"publisher":{"@id":"https:\/\/www.laguiadepamplona.com\/actualidad\/#organization"},"image":{"@id":"https:\/\/www.laguiadepamplona.com\/actualidad\/pamplona-joven-relanza-su-web-con-un-nuevo-diseno-mas-accesible-a-traves-de-la-campana-mucho-que-apuesta-por-la-participacion-de-la-juventud-en-la-sociedad\/#primaryimage"},"thumbnailUrl":"https:\/\/www.laguiadepamplona.com\/actualidad\/wp-content\/uploads\/2023\/02\/banner_web_MUCHO.jpg","articleSection":["Ayto Pamplona"],"inLanguage":"es","potentialAction":[{"@type":"CommentAction","name":"Comment","target":["https:\/\/www.laguiadepamplona.com\/actualidad\/pamplona-joven-relanza-su-web-con-un-nuevo-diseno-mas-accesible-a-traves-de-la-campana-mucho-que-apuesta-por-la-participacion-de-la-juventud-en-la-sociedad\/#respond"]}]},{"@type":"WebPage","@id":"https:\/\/www.laguiadepamplona.com\/actualidad\/pamplona-joven-relanza-su-web-con-un-nuevo-diseno-mas-accesible-a-traves-de-la-campana-mucho-que-apuesta-por-la-participacion-de-la-juventud-en-la-sociedad\/","url":"https:\/\/www.laguiadepamplona.com\/actualidad\/pamplona-joven-relanza-su-web-con-un-nuevo-diseno-mas-accesible-a-traves-de-la-campana-mucho-que-apuesta-por-la-participacion-de-la-juventud-en-la-sociedad\/","name":"Pamplona Joven relanza su web, con un nuevo dise\u00f1o m\u00e1s accesible, a trav\u00e9s de la campa\u00f1a \u2018Mucho\u2019, que apuesta por la participaci\u00f3n de la juventud en la sociedad","isPartOf":{"@id":"https:\/\/www.laguiadepamplona.com\/actualidad\/#website"},"primaryImageOfPage":{"@id":"https:\/\/www.laguiadepamplona.com\/actualidad\/pamplona-joven-relanza-su-web-con-un-nuevo-diseno-mas-accesible-a-traves-de-la-campana-mucho-que-apuesta-por-la-participacion-de-la-juventud-en-la-sociedad\/#primaryimage"},"image":{"@id":"https:\/\/www.laguiadepamplona.com\/actualidad\/pamplona-joven-relanza-su-web-con-un-nuevo-diseno-mas-accesible-a-traves-de-la-campana-mucho-que-apuesta-por-la-participacion-de-la-juventud-en-la-sociedad\/#primaryimage"},"thumbnailUrl":"https:\/\/www.laguiadepamplona.com\/actualidad\/wp-content\/uploads\/2023\/02\/banner_web_MUCHO.jpg","datePublished":"2023-02-20T18:14:59+00:00","dateModified":"2023-04-11T09:47:10+00:00","description":"Este s\u00e1bado se ha organizado una jornada de actividades en la Casa de la Juventud y un concierto en la sala Canalla para difundir la nueva imagen","breadcrumb":{"@id":"https:\/\/www.laguiadepamplona.com\/actualidad\/pamplona-joven-relanza-su-web-con-un-nuevo-diseno-mas-accesible-a-traves-de-la-campana-mucho-que-apuesta-por-la-participacion-de-la-juventud-en-la-sociedad\/#breadcrumb"},"inLanguage":"es","potentialAction":[{"@type":"ReadAction","target":["https:\/\/www.laguiadepamplona.com\/actualidad\/pamplona-joven-relanza-su-web-con-un-nuevo-diseno-mas-accesible-a-traves-de-la-campana-mucho-que-apuesta-por-la-participacion-de-la-juventud-en-la-sociedad\/"]}]},{"@type":"ImageObject","inLanguage":"es","@id":"https:\/\/www.laguiadepamplona.com\/actualidad\/pamplona-joven-relanza-su-web-con-un-nuevo-diseno-mas-accesible-a-traves-de-la-campana-mucho-que-apuesta-por-la-participacion-de-la-juventud-en-la-sociedad\/#primaryimage","url":"https:\/\/www.laguiadepamplona.com\/actualidad\/wp-content\/uploads\/2023\/02\/banner_web_MUCHO.jpg","contentUrl":"https:\/\/www.laguiadepamplona.com\/actualidad\/wp-content\/uploads\/2023\/02\/banner_web_MUCHO.jpg","width":1920,"height":1080},{"@type":"BreadcrumbList","@id":"https:\/\/www.laguiadepamplona.com\/actualidad\/pamplona-joven-relanza-su-web-con-un-nuevo-diseno-mas-accesible-a-traves-de-la-campana-mucho-que-apuesta-por-la-participacion-de-la-juventud-en-la-sociedad\/#breadcrumb","itemListElement":[{"@type":"ListItem","position":1,"name":"Portada","item":"https:\/\/www.laguiadepamplona.com\/actualidad\/"},{"@type":"ListItem","position":2,"name":"Pamplona Joven relanza su web, con un nuevo dise\u00f1o m\u00e1s accesible, a trav\u00e9s de la campa\u00f1a \u2018Mucho\u2019, que apuesta por la participaci\u00f3n de la juventud en la sociedad"}]},{"@type":"WebSite","@id":"https:\/\/www.laguiadepamplona.com\/actualidad\/#website","url":"https:\/\/www.laguiadepamplona.com\/actualidad\/","name":"La gu\u00eda de Pamplona","description":"Noticias de Pamplona","publisher":{"@id":"https:\/\/www.laguiadepamplona.com\/actualidad\/#organization"},"potentialAction":[{"@type":"SearchAction","target":{"@type":"EntryPoint","urlTemplate":"https:\/\/www.laguiadepamplona.com\/actualidad\/?s={search_term_string}"},"query-input":{"@type":"PropertyValueSpecification","valueRequired":true,"valueName":"search_term_string"}}],"inLanguage":"es"},{"@type":"Organization","@id":"https:\/\/www.laguiadepamplona.com\/actualidad\/#organization","name":"La Gu\u00eda de Pamplona \/ Noticias","url":"https:\/\/www.laguiadepamplona.com\/actualidad\/","logo":{"@type":"ImageObject","inLanguage":"es","@id":"https:\/\/www.laguiadepamplona.com\/actualidad\/#\/schema\/logo\/image\/","url":"https:\/\/www.laguiadepamplona.com\/actualidad\/wp-content\/uploads\/2018\/11\/logo-laguiadepamplona18-web1.png","contentUrl":"https:\/\/www.laguiadepamplona.com\/actualidad\/wp-content\/uploads\/2018\/11\/logo-laguiadepamplona18-web1.png","width":600,"height":196,"caption":"La Gu\u00eda de Pamplona \/ Noticias"},"image":{"@id":"https:\/\/www.laguiadepamplona.com\/actualidad\/#\/schema\/logo\/image\/"},"sameAs":["https:\/\/www.facebook.com\/laguiadepamplonacom-133175176762273\/?ref=hl","https:\/\/x.com\/LaGuiadPamplona","https:\/\/www.instagram.com\/la_guia_de_pamplona\/","https:\/\/www.youtube.com\/user\/laguiadepamplona"]},{"@type":"Person","@id":"https:\/\/www.laguiadepamplona.com\/actualidad\/#\/schema\/person\/efe887376f0213d4657c93adc50b1fdb","name":"La Gu\u00eda de Pamplona","image":{"@type":"ImageObject","inLanguage":"es","@id":"https:\/\/secure.gravatar.com\/avatar\/b6992f131dc8d30ab0dff15446e9d346d9dbd95992de0fef795073f5ea83a81c?s=96&d=mm&r=g","url":"https:\/\/secure.gravatar.com\/avatar\/b6992f131dc8d30ab0dff15446e9d346d9dbd95992de0fef795073f5ea83a81c?s=96&d=mm&r=g","contentUrl":"https:\/\/secure.gravatar.com\/avatar\/b6992f131dc8d30ab0dff15446e9d346d9dbd95992de0fef795073f5ea83a81c?s=96&d=mm&r=g","caption":"La Gu\u00eda de Pamplona"}}]}},"post_mailing_queue_ids":[],"_links":{"self":[{"href":"https:\/\/www.laguiadepamplona.com\/actualidad\/wp-json\/wp\/v2\/posts\/42922","targetHints":{"allow":["GET"]}}],"collection":[{"href":"https:\/\/www.laguiadepamplona.com\/actualidad\/wp-json\/wp\/v2\/posts"}],"about":[{"href":"https:\/\/www.laguiadepamplona.com\/actualidad\/wp-json\/wp\/v2\/types\/post"}],"author":[{"embeddable":true,"href":"https:\/\/www.laguiadepamplona.com\/actualidad\/wp-json\/wp\/v2\/users\/1"}],"replies":[{"embeddable":true,"href":"https:\/\/www.laguiadepamplona.com\/actualidad\/wp-json\/wp\/v2\/comments?post=42922"}],"version-history":[{"count":0,"href":"https:\/\/www.laguiadepamplona.com\/actualidad\/wp-json\/wp\/v2\/posts\/42922\/revisions"}],"wp:featuredmedia":[{"embeddable":true,"href":"https:\/\/www.laguiadepamplona.com\/actualidad\/wp-json\/wp\/v2\/media\/42923"}],"wp:attachment":[{"href":"https:\/\/www.laguiadepamplona.com\/actualidad\/wp-json\/wp\/v2\/media?parent=42922"}],"wp:term":[{"taxonomy":"category","embeddable":true,"href":"https:\/\/www.laguiadepamplona.com\/actualidad\/wp-json\/wp\/v2\/categories?post=42922"},{"taxonomy":"post_tag","embeddable":true,"href":"https:\/\/www.laguiadepamplona.com\/actualidad\/wp-json\/wp\/v2\/tags?post=42922"}],"curies":[{"name":"wp","href":"https:\/\/api.w.org\/{rel}","templated":true}]}}