{"id":42919,"date":"2023-02-17T14:33:26","date_gmt":"2023-02-17T12:33:26","guid":{"rendered":"https:\/\/www.laguiadepamplona.com\/actualidad\/?p=42919"},"modified":"2023-04-11T11:47:10","modified_gmt":"2023-04-11T09:47:10","slug":"el-alcalde-recibe-a-un-miembro-del-instituto-de-itinerarios-culturales-del-consejo-de-europa-para-hablar-de-la-implantacion-de-la-via-carlomagno-de-pamplona","status":"publish","type":"post","link":"https:\/\/www.laguiadepamplona.com\/actualidad\/el-alcalde-recibe-a-un-miembro-del-instituto-de-itinerarios-culturales-del-consejo-de-europa-para-hablar-de-la-implantacion-de-la-via-carlomagno-de-pamplona\/","title":{"rendered":"El alcalde recibe a un miembro del Instituto de Itinerarios Culturales del Consejo de Europa para hablar de la implantaci\u00f3n de la V\u00eda Carlomagno de Pamplona"},"content":{"rendered":"<p><!--more--><\/p>\n<p>El alcalde de Pamplona, Enrique Maya ha recibido esta ma\u00f1ana en su despacho a Pierre Frustier, miembro del Instituto de Itinerarios Culturales del Consejo de Europa, doctor en Ciencias de la Comunicaci\u00f3n y especialista en comunicaci\u00f3n tur\u00edstica. Este especialista franc\u00e9s llegaba a la Casa Consistorial acompa\u00f1ado por Juan Ram\u00f3n Corpas, m\u00e9dico y escritor, para analizar el estado de la implantaci\u00f3n de la V\u00eda Carlomagno en la ciudad.<\/p>\n<p>La V\u00eda Carlomagno es uno de los 40 itinerarios culturales que actualmente tiene aprobados el Consejo de Europa. Est\u00e1n adheridos a ella Espa\u00f1a, Francia, B\u00e9lgica, Suiza, Luxemburgo, Italia o Irlanda, adem\u00e1s de varias regiones europeas y la Comunidad Aut\u00f3noma de Asturias.<br \/>\n<script async src=\"\/\/pagead2.googlesyndication.com\/pagead\/js\/adsbygoogle.js\"><\/script><br \/>\n<!-- Noticias La Guia de Pamplona --><br \/>\n<ins class=\"adsbygoogle\"\nstyle=\"display:block\"\ndata-ad-client=\"ca-pub-6943679897239327\"\ndata-ad-slot=\"7048180777\"\ndata-ad-format=\"auto\"><\/ins><br \/>\n<script>\n(adsbygoogle = window.adsbygoogle || []).push({});\n<\/script><\/p>\n<p>El impulso del reconocimiento de este itinerario como \u201cla primera Europa\u201d comenz\u00f3 a tomar forma en 2014, con ocasi\u00f3n del 1.200 aniversario de la muerte del emperador. Frente a otros itinerarios culturales y tur\u00edsticos como el Camino de Santiago, la V\u00eda Carlomagno no tiene un desarrollo lineal, sino que es reticular y permite el trazado de diversas rutas. Una idea central del proyecto es asociar al mismo a las localidades que han tenido alguna significaci\u00f3n en el mundo carolingio. Pamplona en noviembre 2019 acogi\u00f3 una reuni\u00f3n de trabajo en la que participaron municipios como Tudela, Estella, Roncesvalles, Burguete, Valcarlos o Esteribar.<\/p>\n","protected":false},"excerpt":{"rendered":"","protected":false},"author":1,"featured_media":42920,"comment_status":"open","ping_status":"closed","sticky":false,"template":"","format":"standard","meta":{"footnotes":""},"categories":[2],"tags":[],"class_list":["post-42919","post","type-post","status-publish","format-standard","has-post-thumbnail","hentry","category-ayuntamiento-pamplona"],"yoast_head":"<!-- This site is optimized with the Yoast SEO plugin v27.3 - https:\/\/yoast.com\/product\/yoast-seo-wordpress\/ -->\n<title>El alcalde recibe a un miembro del Instituto de Itinerarios Culturales del Consejo de Europa para hablar de la implantaci\u00f3n de la V\u00eda Carlomagno de Pamplona<\/title>\n<meta name=\"description\" content=\"Enrique Maya ha recibido esta ma\u00f1ana en su despacho a Pierre Frustier, miembro del Instituto de Itinerarios Culturales del Consejo de Europa\" \/>\n<meta name=\"robots\" content=\"index, follow, max-snippet:-1, max-image-preview:large, max-video-preview:-1\" \/>\n<link rel=\"canonical\" href=\"https:\/\/www.laguiadepamplona.com\/actualidad\/el-alcalde-recibe-a-un-miembro-del-instituto-de-itinerarios-culturales-del-consejo-de-europa-para-hablar-de-la-implantacion-de-la-via-carlomagno-de-pamplona\/\" \/>\n<meta property=\"og:locale\" content=\"es_ES\" \/>\n<meta property=\"og:type\" content=\"article\" \/>\n<meta property=\"og:title\" content=\"El alcalde recibe a un miembro del Instituto de Itinerarios Culturales del Consejo de Europa para hablar de la implantaci\u00f3n de la V\u00eda Carlomagno de Pamplona\" \/>\n<meta property=\"og:description\" content=\"Enrique Maya ha recibido esta ma\u00f1ana en su despacho a Pierre Frustier, miembro del Instituto de Itinerarios Culturales del Consejo de Europa\" \/>\n<meta property=\"og:url\" content=\"https:\/\/www.laguiadepamplona.com\/actualidad\/el-alcalde-recibe-a-un-miembro-del-instituto-de-itinerarios-culturales-del-consejo-de-europa-para-hablar-de-la-implantacion-de-la-via-carlomagno-de-pamplona\/\" \/>\n<meta property=\"og:site_name\" content=\"La Gu\u00eda de Pamplona\" \/>\n<meta property=\"article:publisher\" content=\"https:\/\/www.facebook.com\/laguiadepamplonacom-133175176762273\/?ref=hl\" \/>\n<meta property=\"article:published_time\" content=\"2023-02-17T12:33:26+00:00\" \/>\n<meta property=\"article:modified_time\" content=\"2023-04-11T09:47:10+00:00\" \/>\n<meta property=\"og:image\" content=\"https:\/\/www.laguiadepamplona.com\/actualidad\/wp-content\/uploads\/2023\/02\/Charlemagne_CoE_Logo_200.jpg\" \/>\n\t<meta property=\"og:image:width\" content=\"1838\" \/>\n\t<meta property=\"og:image:height\" content=\"200\" \/>\n\t<meta property=\"og:image:type\" content=\"image\/jpeg\" \/>\n<meta name=\"author\" content=\"La Gu\u00eda de Pamplona\" \/>\n<meta name=\"twitter:card\" content=\"summary_large_image\" \/>\n<meta name=\"twitter:creator\" content=\"@LaGuiadPamplona\" \/>\n<meta name=\"twitter:site\" content=\"@LaGuiadPamplona\" \/>\n<meta name=\"twitter:label1\" content=\"Escrito por\" \/>\n\t<meta name=\"twitter:data1\" content=\"La Gu\u00eda de Pamplona\" \/>\n\t<meta name=\"twitter:label2\" content=\"Tiempo de lectura\" \/>\n\t<meta name=\"twitter:data2\" content=\"1 minuto\" \/>\n<script type=\"application\/ld+json\" class=\"yoast-schema-graph\">{\"@context\":\"https:\\\/\\\/schema.org\",\"@graph\":[{\"@type\":\"Article\",\"@id\":\"https:\\\/\\\/www.laguiadepamplona.com\\\/actualidad\\\/el-alcalde-recibe-a-un-miembro-del-instituto-de-itinerarios-culturales-del-consejo-de-europa-para-hablar-de-la-implantacion-de-la-via-carlomagno-de-pamplona\\\/#article\",\"isPartOf\":{\"@id\":\"https:\\\/\\\/www.laguiadepamplona.com\\\/actualidad\\\/el-alcalde-recibe-a-un-miembro-del-instituto-de-itinerarios-culturales-del-consejo-de-europa-para-hablar-de-la-implantacion-de-la-via-carlomagno-de-pamplona\\\/\"},\"author\":{\"name\":\"La Gu\u00eda de Pamplona\",\"@id\":\"https:\\\/\\\/www.laguiadepamplona.com\\\/actualidad\\\/#\\\/schema\\\/person\\\/efe887376f0213d4657c93adc50b1fdb\"},\"headline\":\"El alcalde recibe a un miembro del Instituto de Itinerarios Culturales del Consejo de Europa para hablar de la implantaci\u00f3n de la V\u00eda Carlomagno de Pamplona\",\"datePublished\":\"2023-02-17T12:33:26+00:00\",\"dateModified\":\"2023-04-11T09:47:10+00:00\",\"mainEntityOfPage\":{\"@id\":\"https:\\\/\\\/www.laguiadepamplona.com\\\/actualidad\\\/el-alcalde-recibe-a-un-miembro-del-instituto-de-itinerarios-culturales-del-consejo-de-europa-para-hablar-de-la-implantacion-de-la-via-carlomagno-de-pamplona\\\/\"},\"wordCount\":254,\"commentCount\":0,\"publisher\":{\"@id\":\"https:\\\/\\\/www.laguiadepamplona.com\\\/actualidad\\\/#organization\"},\"image\":{\"@id\":\"https:\\\/\\\/www.laguiadepamplona.com\\\/actualidad\\\/el-alcalde-recibe-a-un-miembro-del-instituto-de-itinerarios-culturales-del-consejo-de-europa-para-hablar-de-la-implantacion-de-la-via-carlomagno-de-pamplona\\\/#primaryimage\"},\"thumbnailUrl\":\"https:\\\/\\\/www.laguiadepamplona.com\\\/actualidad\\\/wp-content\\\/uploads\\\/2023\\\/02\\\/Charlemagne_CoE_Logo_200.jpg\",\"articleSection\":[\"Ayto Pamplona\"],\"inLanguage\":\"es\",\"potentialAction\":[{\"@type\":\"CommentAction\",\"name\":\"Comment\",\"target\":[\"https:\\\/\\\/www.laguiadepamplona.com\\\/actualidad\\\/el-alcalde-recibe-a-un-miembro-del-instituto-de-itinerarios-culturales-del-consejo-de-europa-para-hablar-de-la-implantacion-de-la-via-carlomagno-de-pamplona\\\/#respond\"]}]},{\"@type\":\"WebPage\",\"@id\":\"https:\\\/\\\/www.laguiadepamplona.com\\\/actualidad\\\/el-alcalde-recibe-a-un-miembro-del-instituto-de-itinerarios-culturales-del-consejo-de-europa-para-hablar-de-la-implantacion-de-la-via-carlomagno-de-pamplona\\\/\",\"url\":\"https:\\\/\\\/www.laguiadepamplona.com\\\/actualidad\\\/el-alcalde-recibe-a-un-miembro-del-instituto-de-itinerarios-culturales-del-consejo-de-europa-para-hablar-de-la-implantacion-de-la-via-carlomagno-de-pamplona\\\/\",\"name\":\"El alcalde recibe a un miembro del Instituto de Itinerarios Culturales del Consejo de Europa para hablar de la implantaci\u00f3n de la V\u00eda Carlomagno de Pamplona\",\"isPartOf\":{\"@id\":\"https:\\\/\\\/www.laguiadepamplona.com\\\/actualidad\\\/#website\"},\"primaryImageOfPage\":{\"@id\":\"https:\\\/\\\/www.laguiadepamplona.com\\\/actualidad\\\/el-alcalde-recibe-a-un-miembro-del-instituto-de-itinerarios-culturales-del-consejo-de-europa-para-hablar-de-la-implantacion-de-la-via-carlomagno-de-pamplona\\\/#primaryimage\"},\"image\":{\"@id\":\"https:\\\/\\\/www.laguiadepamplona.com\\\/actualidad\\\/el-alcalde-recibe-a-un-miembro-del-instituto-de-itinerarios-culturales-del-consejo-de-europa-para-hablar-de-la-implantacion-de-la-via-carlomagno-de-pamplona\\\/#primaryimage\"},\"thumbnailUrl\":\"https:\\\/\\\/www.laguiadepamplona.com\\\/actualidad\\\/wp-content\\\/uploads\\\/2023\\\/02\\\/Charlemagne_CoE_Logo_200.jpg\",\"datePublished\":\"2023-02-17T12:33:26+00:00\",\"dateModified\":\"2023-04-11T09:47:10+00:00\",\"description\":\"Enrique Maya ha recibido esta ma\u00f1ana en su despacho a Pierre Frustier, miembro del Instituto de Itinerarios Culturales del Consejo de Europa\",\"breadcrumb\":{\"@id\":\"https:\\\/\\\/www.laguiadepamplona.com\\\/actualidad\\\/el-alcalde-recibe-a-un-miembro-del-instituto-de-itinerarios-culturales-del-consejo-de-europa-para-hablar-de-la-implantacion-de-la-via-carlomagno-de-pamplona\\\/#breadcrumb\"},\"inLanguage\":\"es\",\"potentialAction\":[{\"@type\":\"ReadAction\",\"target\":[\"https:\\\/\\\/www.laguiadepamplona.com\\\/actualidad\\\/el-alcalde-recibe-a-un-miembro-del-instituto-de-itinerarios-culturales-del-consejo-de-europa-para-hablar-de-la-implantacion-de-la-via-carlomagno-de-pamplona\\\/\"]}]},{\"@type\":\"ImageObject\",\"inLanguage\":\"es\",\"@id\":\"https:\\\/\\\/www.laguiadepamplona.com\\\/actualidad\\\/el-alcalde-recibe-a-un-miembro-del-instituto-de-itinerarios-culturales-del-consejo-de-europa-para-hablar-de-la-implantacion-de-la-via-carlomagno-de-pamplona\\\/#primaryimage\",\"url\":\"https:\\\/\\\/www.laguiadepamplona.com\\\/actualidad\\\/wp-content\\\/uploads\\\/2023\\\/02\\\/Charlemagne_CoE_Logo_200.jpg\",\"contentUrl\":\"https:\\\/\\\/www.laguiadepamplona.com\\\/actualidad\\\/wp-content\\\/uploads\\\/2023\\\/02\\\/Charlemagne_CoE_Logo_200.jpg\",\"width\":1838,\"height\":200},{\"@type\":\"BreadcrumbList\",\"@id\":\"https:\\\/\\\/www.laguiadepamplona.com\\\/actualidad\\\/el-alcalde-recibe-a-un-miembro-del-instituto-de-itinerarios-culturales-del-consejo-de-europa-para-hablar-de-la-implantacion-de-la-via-carlomagno-de-pamplona\\\/#breadcrumb\",\"itemListElement\":[{\"@type\":\"ListItem\",\"position\":1,\"name\":\"Portada\",\"item\":\"https:\\\/\\\/www.laguiadepamplona.com\\\/actualidad\\\/\"},{\"@type\":\"ListItem\",\"position\":2,\"name\":\"El alcalde recibe a un miembro del Instituto de Itinerarios Culturales del Consejo de Europa para hablar de la implantaci\u00f3n de la V\u00eda Carlomagno de Pamplona\"}]},{\"@type\":\"WebSite\",\"@id\":\"https:\\\/\\\/www.laguiadepamplona.com\\\/actualidad\\\/#website\",\"url\":\"https:\\\/\\\/www.laguiadepamplona.com\\\/actualidad\\\/\",\"name\":\"La gu\u00eda de Pamplona\",\"description\":\"Noticias de Pamplona\",\"publisher\":{\"@id\":\"https:\\\/\\\/www.laguiadepamplona.com\\\/actualidad\\\/#organization\"},\"potentialAction\":[{\"@type\":\"SearchAction\",\"target\":{\"@type\":\"EntryPoint\",\"urlTemplate\":\"https:\\\/\\\/www.laguiadepamplona.com\\\/actualidad\\\/?s={search_term_string}\"},\"query-input\":{\"@type\":\"PropertyValueSpecification\",\"valueRequired\":true,\"valueName\":\"search_term_string\"}}],\"inLanguage\":\"es\"},{\"@type\":\"Organization\",\"@id\":\"https:\\\/\\\/www.laguiadepamplona.com\\\/actualidad\\\/#organization\",\"name\":\"La Gu\u00eda de Pamplona \\\/ Noticias\",\"url\":\"https:\\\/\\\/www.laguiadepamplona.com\\\/actualidad\\\/\",\"logo\":{\"@type\":\"ImageObject\",\"inLanguage\":\"es\",\"@id\":\"https:\\\/\\\/www.laguiadepamplona.com\\\/actualidad\\\/#\\\/schema\\\/logo\\\/image\\\/\",\"url\":\"https:\\\/\\\/www.laguiadepamplona.com\\\/actualidad\\\/wp-content\\\/uploads\\\/2018\\\/11\\\/logo-laguiadepamplona18-web1.png\",\"contentUrl\":\"https:\\\/\\\/www.laguiadepamplona.com\\\/actualidad\\\/wp-content\\\/uploads\\\/2018\\\/11\\\/logo-laguiadepamplona18-web1.png\",\"width\":600,\"height\":196,\"caption\":\"La Gu\u00eda de Pamplona \\\/ Noticias\"},\"image\":{\"@id\":\"https:\\\/\\\/www.laguiadepamplona.com\\\/actualidad\\\/#\\\/schema\\\/logo\\\/image\\\/\"},\"sameAs\":[\"https:\\\/\\\/www.facebook.com\\\/laguiadepamplonacom-133175176762273\\\/?ref=hl\",\"https:\\\/\\\/x.com\\\/LaGuiadPamplona\",\"https:\\\/\\\/www.instagram.com\\\/la_guia_de_pamplona\\\/\",\"https:\\\/\\\/www.youtube.com\\\/user\\\/laguiadepamplona\"]},{\"@type\":\"Person\",\"@id\":\"https:\\\/\\\/www.laguiadepamplona.com\\\/actualidad\\\/#\\\/schema\\\/person\\\/efe887376f0213d4657c93adc50b1fdb\",\"name\":\"La Gu\u00eda de Pamplona\",\"image\":{\"@type\":\"ImageObject\",\"inLanguage\":\"es\",\"@id\":\"https:\\\/\\\/secure.gravatar.com\\\/avatar\\\/b6992f131dc8d30ab0dff15446e9d346d9dbd95992de0fef795073f5ea83a81c?s=96&d=mm&r=g\",\"url\":\"https:\\\/\\\/secure.gravatar.com\\\/avatar\\\/b6992f131dc8d30ab0dff15446e9d346d9dbd95992de0fef795073f5ea83a81c?s=96&d=mm&r=g\",\"contentUrl\":\"https:\\\/\\\/secure.gravatar.com\\\/avatar\\\/b6992f131dc8d30ab0dff15446e9d346d9dbd95992de0fef795073f5ea83a81c?s=96&d=mm&r=g\",\"caption\":\"La Gu\u00eda de Pamplona\"}}]}<\/script>\n<!-- \/ Yoast SEO plugin. -->","yoast_head_json":{"title":"El alcalde recibe a un miembro del Instituto de Itinerarios Culturales del Consejo de Europa para hablar de la implantaci\u00f3n de la V\u00eda Carlomagno de Pamplona","description":"Enrique Maya ha recibido esta ma\u00f1ana en su despacho a Pierre Frustier, miembro del Instituto de Itinerarios Culturales del Consejo de Europa","robots":{"index":"index","follow":"follow","max-snippet":"max-snippet:-1","max-image-preview":"max-image-preview:large","max-video-preview":"max-video-preview:-1"},"canonical":"https:\/\/www.laguiadepamplona.com\/actualidad\/el-alcalde-recibe-a-un-miembro-del-instituto-de-itinerarios-culturales-del-consejo-de-europa-para-hablar-de-la-implantacion-de-la-via-carlomagno-de-pamplona\/","og_locale":"es_ES","og_type":"article","og_title":"El alcalde recibe a un miembro del Instituto de Itinerarios Culturales del Consejo de Europa para hablar de la implantaci\u00f3n de la V\u00eda Carlomagno de Pamplona","og_description":"Enrique Maya ha recibido esta ma\u00f1ana en su despacho a Pierre Frustier, miembro del Instituto de Itinerarios Culturales del Consejo de Europa","og_url":"https:\/\/www.laguiadepamplona.com\/actualidad\/el-alcalde-recibe-a-un-miembro-del-instituto-de-itinerarios-culturales-del-consejo-de-europa-para-hablar-de-la-implantacion-de-la-via-carlomagno-de-pamplona\/","og_site_name":"La Gu\u00eda de Pamplona","article_publisher":"https:\/\/www.facebook.com\/laguiadepamplonacom-133175176762273\/?ref=hl","article_published_time":"2023-02-17T12:33:26+00:00","article_modified_time":"2023-04-11T09:47:10+00:00","og_image":[{"width":1838,"height":200,"url":"https:\/\/www.laguiadepamplona.com\/actualidad\/wp-content\/uploads\/2023\/02\/Charlemagne_CoE_Logo_200.jpg","type":"image\/jpeg"}],"author":"La Gu\u00eda de Pamplona","twitter_card":"summary_large_image","twitter_creator":"@LaGuiadPamplona","twitter_site":"@LaGuiadPamplona","twitter_misc":{"Escrito por":"La Gu\u00eda de Pamplona","Tiempo de lectura":"1 minuto"},"schema":{"@context":"https:\/\/schema.org","@graph":[{"@type":"Article","@id":"https:\/\/www.laguiadepamplona.com\/actualidad\/el-alcalde-recibe-a-un-miembro-del-instituto-de-itinerarios-culturales-del-consejo-de-europa-para-hablar-de-la-implantacion-de-la-via-carlomagno-de-pamplona\/#article","isPartOf":{"@id":"https:\/\/www.laguiadepamplona.com\/actualidad\/el-alcalde-recibe-a-un-miembro-del-instituto-de-itinerarios-culturales-del-consejo-de-europa-para-hablar-de-la-implantacion-de-la-via-carlomagno-de-pamplona\/"},"author":{"name":"La Gu\u00eda de Pamplona","@id":"https:\/\/www.laguiadepamplona.com\/actualidad\/#\/schema\/person\/efe887376f0213d4657c93adc50b1fdb"},"headline":"El alcalde recibe a un miembro del Instituto de Itinerarios Culturales del Consejo de Europa para hablar de la implantaci\u00f3n de la V\u00eda Carlomagno de Pamplona","datePublished":"2023-02-17T12:33:26+00:00","dateModified":"2023-04-11T09:47:10+00:00","mainEntityOfPage":{"@id":"https:\/\/www.laguiadepamplona.com\/actualidad\/el-alcalde-recibe-a-un-miembro-del-instituto-de-itinerarios-culturales-del-consejo-de-europa-para-hablar-de-la-implantacion-de-la-via-carlomagno-de-pamplona\/"},"wordCount":254,"commentCount":0,"publisher":{"@id":"https:\/\/www.laguiadepamplona.com\/actualidad\/#organization"},"image":{"@id":"https:\/\/www.laguiadepamplona.com\/actualidad\/el-alcalde-recibe-a-un-miembro-del-instituto-de-itinerarios-culturales-del-consejo-de-europa-para-hablar-de-la-implantacion-de-la-via-carlomagno-de-pamplona\/#primaryimage"},"thumbnailUrl":"https:\/\/www.laguiadepamplona.com\/actualidad\/wp-content\/uploads\/2023\/02\/Charlemagne_CoE_Logo_200.jpg","articleSection":["Ayto Pamplona"],"inLanguage":"es","potentialAction":[{"@type":"CommentAction","name":"Comment","target":["https:\/\/www.laguiadepamplona.com\/actualidad\/el-alcalde-recibe-a-un-miembro-del-instituto-de-itinerarios-culturales-del-consejo-de-europa-para-hablar-de-la-implantacion-de-la-via-carlomagno-de-pamplona\/#respond"]}]},{"@type":"WebPage","@id":"https:\/\/www.laguiadepamplona.com\/actualidad\/el-alcalde-recibe-a-un-miembro-del-instituto-de-itinerarios-culturales-del-consejo-de-europa-para-hablar-de-la-implantacion-de-la-via-carlomagno-de-pamplona\/","url":"https:\/\/www.laguiadepamplona.com\/actualidad\/el-alcalde-recibe-a-un-miembro-del-instituto-de-itinerarios-culturales-del-consejo-de-europa-para-hablar-de-la-implantacion-de-la-via-carlomagno-de-pamplona\/","name":"El alcalde recibe a un miembro del Instituto de Itinerarios Culturales del Consejo de Europa para hablar de la implantaci\u00f3n de la V\u00eda Carlomagno de Pamplona","isPartOf":{"@id":"https:\/\/www.laguiadepamplona.com\/actualidad\/#website"},"primaryImageOfPage":{"@id":"https:\/\/www.laguiadepamplona.com\/actualidad\/el-alcalde-recibe-a-un-miembro-del-instituto-de-itinerarios-culturales-del-consejo-de-europa-para-hablar-de-la-implantacion-de-la-via-carlomagno-de-pamplona\/#primaryimage"},"image":{"@id":"https:\/\/www.laguiadepamplona.com\/actualidad\/el-alcalde-recibe-a-un-miembro-del-instituto-de-itinerarios-culturales-del-consejo-de-europa-para-hablar-de-la-implantacion-de-la-via-carlomagno-de-pamplona\/#primaryimage"},"thumbnailUrl":"https:\/\/www.laguiadepamplona.com\/actualidad\/wp-content\/uploads\/2023\/02\/Charlemagne_CoE_Logo_200.jpg","datePublished":"2023-02-17T12:33:26+00:00","dateModified":"2023-04-11T09:47:10+00:00","description":"Enrique Maya ha recibido esta ma\u00f1ana en su despacho a Pierre Frustier, miembro del Instituto de Itinerarios Culturales del Consejo de Europa","breadcrumb":{"@id":"https:\/\/www.laguiadepamplona.com\/actualidad\/el-alcalde-recibe-a-un-miembro-del-instituto-de-itinerarios-culturales-del-consejo-de-europa-para-hablar-de-la-implantacion-de-la-via-carlomagno-de-pamplona\/#breadcrumb"},"inLanguage":"es","potentialAction":[{"@type":"ReadAction","target":["https:\/\/www.laguiadepamplona.com\/actualidad\/el-alcalde-recibe-a-un-miembro-del-instituto-de-itinerarios-culturales-del-consejo-de-europa-para-hablar-de-la-implantacion-de-la-via-carlomagno-de-pamplona\/"]}]},{"@type":"ImageObject","inLanguage":"es","@id":"https:\/\/www.laguiadepamplona.com\/actualidad\/el-alcalde-recibe-a-un-miembro-del-instituto-de-itinerarios-culturales-del-consejo-de-europa-para-hablar-de-la-implantacion-de-la-via-carlomagno-de-pamplona\/#primaryimage","url":"https:\/\/www.laguiadepamplona.com\/actualidad\/wp-content\/uploads\/2023\/02\/Charlemagne_CoE_Logo_200.jpg","contentUrl":"https:\/\/www.laguiadepamplona.com\/actualidad\/wp-content\/uploads\/2023\/02\/Charlemagne_CoE_Logo_200.jpg","width":1838,"height":200},{"@type":"BreadcrumbList","@id":"https:\/\/www.laguiadepamplona.com\/actualidad\/el-alcalde-recibe-a-un-miembro-del-instituto-de-itinerarios-culturales-del-consejo-de-europa-para-hablar-de-la-implantacion-de-la-via-carlomagno-de-pamplona\/#breadcrumb","itemListElement":[{"@type":"ListItem","position":1,"name":"Portada","item":"https:\/\/www.laguiadepamplona.com\/actualidad\/"},{"@type":"ListItem","position":2,"name":"El alcalde recibe a un miembro del Instituto de Itinerarios Culturales del Consejo de Europa para hablar de la implantaci\u00f3n de la V\u00eda Carlomagno de Pamplona"}]},{"@type":"WebSite","@id":"https:\/\/www.laguiadepamplona.com\/actualidad\/#website","url":"https:\/\/www.laguiadepamplona.com\/actualidad\/","name":"La gu\u00eda de Pamplona","description":"Noticias de Pamplona","publisher":{"@id":"https:\/\/www.laguiadepamplona.com\/actualidad\/#organization"},"potentialAction":[{"@type":"SearchAction","target":{"@type":"EntryPoint","urlTemplate":"https:\/\/www.laguiadepamplona.com\/actualidad\/?s={search_term_string}"},"query-input":{"@type":"PropertyValueSpecification","valueRequired":true,"valueName":"search_term_string"}}],"inLanguage":"es"},{"@type":"Organization","@id":"https:\/\/www.laguiadepamplona.com\/actualidad\/#organization","name":"La Gu\u00eda de Pamplona \/ Noticias","url":"https:\/\/www.laguiadepamplona.com\/actualidad\/","logo":{"@type":"ImageObject","inLanguage":"es","@id":"https:\/\/www.laguiadepamplona.com\/actualidad\/#\/schema\/logo\/image\/","url":"https:\/\/www.laguiadepamplona.com\/actualidad\/wp-content\/uploads\/2018\/11\/logo-laguiadepamplona18-web1.png","contentUrl":"https:\/\/www.laguiadepamplona.com\/actualidad\/wp-content\/uploads\/2018\/11\/logo-laguiadepamplona18-web1.png","width":600,"height":196,"caption":"La Gu\u00eda de Pamplona \/ Noticias"},"image":{"@id":"https:\/\/www.laguiadepamplona.com\/actualidad\/#\/schema\/logo\/image\/"},"sameAs":["https:\/\/www.facebook.com\/laguiadepamplonacom-133175176762273\/?ref=hl","https:\/\/x.com\/LaGuiadPamplona","https:\/\/www.instagram.com\/la_guia_de_pamplona\/","https:\/\/www.youtube.com\/user\/laguiadepamplona"]},{"@type":"Person","@id":"https:\/\/www.laguiadepamplona.com\/actualidad\/#\/schema\/person\/efe887376f0213d4657c93adc50b1fdb","name":"La Gu\u00eda de Pamplona","image":{"@type":"ImageObject","inLanguage":"es","@id":"https:\/\/secure.gravatar.com\/avatar\/b6992f131dc8d30ab0dff15446e9d346d9dbd95992de0fef795073f5ea83a81c?s=96&d=mm&r=g","url":"https:\/\/secure.gravatar.com\/avatar\/b6992f131dc8d30ab0dff15446e9d346d9dbd95992de0fef795073f5ea83a81c?s=96&d=mm&r=g","contentUrl":"https:\/\/secure.gravatar.com\/avatar\/b6992f131dc8d30ab0dff15446e9d346d9dbd95992de0fef795073f5ea83a81c?s=96&d=mm&r=g","caption":"La Gu\u00eda de Pamplona"}}]}},"post_mailing_queue_ids":[],"_links":{"self":[{"href":"https:\/\/www.laguiadepamplona.com\/actualidad\/wp-json\/wp\/v2\/posts\/42919","targetHints":{"allow":["GET"]}}],"collection":[{"href":"https:\/\/www.laguiadepamplona.com\/actualidad\/wp-json\/wp\/v2\/posts"}],"about":[{"href":"https:\/\/www.laguiadepamplona.com\/actualidad\/wp-json\/wp\/v2\/types\/post"}],"author":[{"embeddable":true,"href":"https:\/\/www.laguiadepamplona.com\/actualidad\/wp-json\/wp\/v2\/users\/1"}],"replies":[{"embeddable":true,"href":"https:\/\/www.laguiadepamplona.com\/actualidad\/wp-json\/wp\/v2\/comments?post=42919"}],"version-history":[{"count":0,"href":"https:\/\/www.laguiadepamplona.com\/actualidad\/wp-json\/wp\/v2\/posts\/42919\/revisions"}],"wp:featuredmedia":[{"embeddable":true,"href":"https:\/\/www.laguiadepamplona.com\/actualidad\/wp-json\/wp\/v2\/media\/42920"}],"wp:attachment":[{"href":"https:\/\/www.laguiadepamplona.com\/actualidad\/wp-json\/wp\/v2\/media?parent=42919"}],"wp:term":[{"taxonomy":"category","embeddable":true,"href":"https:\/\/www.laguiadepamplona.com\/actualidad\/wp-json\/wp\/v2\/categories?post=42919"},{"taxonomy":"post_tag","embeddable":true,"href":"https:\/\/www.laguiadepamplona.com\/actualidad\/wp-json\/wp\/v2\/tags?post=42919"}],"curies":[{"name":"wp","href":"https:\/\/api.w.org\/{rel}","templated":true}]}}