{"id":42916,"date":"2023-02-17T14:31:17","date_gmt":"2023-02-17T12:31:17","guid":{"rendered":"https:\/\/www.laguiadepamplona.com\/actualidad\/?p=42916"},"modified":"2023-04-11T11:47:10","modified_gmt":"2023-04-11T09:47:10","slug":"pamplona-elegida-sede-del-50o-congreso-de-parques-y-jardines-publicos-el-foro-especializado-de-reflexion-sobre-el-espacio-comun-verde-que-llegara-a-la-ciudad-en-2024","status":"publish","type":"post","link":"https:\/\/www.laguiadepamplona.com\/actualidad\/pamplona-elegida-sede-del-50o-congreso-de-parques-y-jardines-publicos-el-foro-especializado-de-reflexion-sobre-el-espacio-comun-verde-que-llegara-a-la-ciudad-en-2024\/","title":{"rendered":"Pamplona elegida sede del 50\u00ba Congreso de Parques y Jardines P\u00fablicos, el foro especializado de reflexi\u00f3n sobre el espacio com\u00fan verde que llegar\u00e1 a la ciudad en 2024"},"content":{"rendered":"<h5>En el encuentro de este a\u00f1o, que est\u00e1 teniendo lugar en Madrid, m\u00e1s de 600 personas asisten a intervenciones de 20 expertos de todo el mundo<\/h5>\n<p><!--more--><\/p>\n<p>Pamplona acoger\u00e1 el pr\u00f3ximo a\u00f1o el Congreso PARJAP en el 50 aniversario de la Fundaci\u00f3n de la Asociaci\u00f3n de Parques y Jardines P\u00fablicos (AEPJP). La decisi\u00f3n se ha conocido en el transcurso de la edici\u00f3n del foro de este a\u00f1o en el que est\u00e1 participando una delegaci\u00f3n municipal encabezada por Ferm\u00edn Alonso, concejal de Proyectos Estrat\u00e9gicos, Movilidad y Sostenibilidad.<br \/>\n<script async src=\"\/\/pagead2.googlesyndication.com\/pagead\/js\/adsbygoogle.js\"><\/script><br \/>\n<!-- Noticias La Guia de Pamplona --><br \/>\n<ins class=\"adsbygoogle\"\nstyle=\"display:block\"\ndata-ad-client=\"ca-pub-6943679897239327\"\ndata-ad-slot=\"7048180777\"\ndata-ad-format=\"auto\"><\/ins><br \/>\n<script>\n(adsbygoogle = window.adsbygoogle || []).push({});\n<\/script><\/p>\n<p>El congreso anual PARJAP es el principal evento nacional de la jardiner\u00eda p\u00fablica. El encuentro re\u00fane anualmente a centenares de especialistas. Ahora mismo m\u00e1s de 600 personas asisten en Madrid a ponencias que imparten una veintena de expertos de todo el mundo. La repercusi\u00f3n de estos congresos es importante, no s\u00f3lo en los ambientes t\u00e9cnicos y cient\u00edficos del sector, sino que tambi\u00e9n act\u00faan como escaparate de la ciudad organizadora. Gracias a esta designaci\u00f3n Pamplona tendr\u00e1 en 2024 una oportunidad para dar a conocer la situaci\u00f3n de la jardiner\u00eda de la ciudad, sus buenas pr\u00e1cticas y sus aspectos m\u00e1s atractivos, adem\u00e1s coadyuvar al trabajo en sus l\u00edneas de actuaci\u00f3n futura. El trabajo de organizaci\u00f3n servir\u00e1 tambi\u00e9n como impulso para relanzar la atenci\u00f3n a los aspectos est\u00e9ticos, organizativos y de gesti\u00f3n de las zonas verdes.<\/p>\n<p>Pamplona, como ciudad organizadora, se encargar\u00e1 de determinar la sede del proveer de personal de apoyo y organizar las actividades complementarias de este foro, as\u00ed como de preparar, materiales para las personas participantes y coordinar los traslados de ponentes, etc. La Asociaci\u00f3n de Parques y Jardines P\u00fablicos se encargar\u00e1 de la organizaci\u00f3n cient\u00edfica del Congreso y de la atenci\u00f3n a ponentes nacionales e internacionales, incluidos alojamiento y difusi\u00f3n en medios de comunicaci\u00f3n.<br \/>\n<script async src=\"\/\/pagead2.googlesyndication.com\/pagead\/js\/adsbygoogle.js\"><\/script><br \/>\n<!-- Noticias La Guia de Pamplona --><br \/>\n<ins class=\"adsbygoogle\"\nstyle=\"display:block\"\ndata-ad-client=\"ca-pub-6943679897239327\"\ndata-ad-slot=\"7048180777\"\ndata-ad-format=\"auto\"><\/ins><br \/>\n<script>\n(adsbygoogle = window.adsbygoogle || []).push({});\n<\/script><\/p>\n<p><strong>Una estrategia contra el cambio clim\u00e1tico<\/strong><\/p>\n<p>Pamplona cuenta con numerosas hect\u00e1reas de parques y jardines que la convierten en una ciudad verde y, adem\u00e1s, la ciudad alberga diversos ejemplares de \u00e1rboles singulares en sus parques y calles. Con 60.000 \u00e1rboles y 300 hect\u00e1reas de zonas verdes, la ciudad hist\u00f3ricamente ha concedido mucha importancia al manejo de estos recursos que suponen un 15% de su superficie (3 millones de m2) y que son, tanto patrimonio natural, como paisaje, as\u00ed como un factor que incide de forma directa en la calidad de vida de la ciudadan\u00eda. Adem\u00e1s, su cualidad de \u2018ciudad verde\u2019 tiene peso espec\u00edfico en la atractividad de Pamplona como destino tur\u00edstico y se convierte en una caracter\u00edstica generadora de empleo.<\/p>\n<p>La geograf\u00eda (hay tres r\u00edos en el t\u00e9rmino municipal y se mantienen parcelas de bosque p\u00fablico en el Monte Ezkaba o Mendillorri), la historia (una ciudad amurallada con espacios de exclusi\u00f3n en los estaba prohibido construir) o el desarrollo del tejido social (tres campus universitarios en la misma ciudad), han contribuido a que la ciudad haya llegado al siglo XXI en una buena posici\u00f3n para enfrentarse a los efectos negativos del cambio clim\u00e1tico. En el pensamiento estrat\u00e9gico de la entidad local en este \u00e1mbito, que se concreta en la estrategia Go Green Pamplona, sus zonas verdes tienen una presencia esencial: desde los parques, al bosque, desde los pasos de cebra permeables a los huertos urbanos.<\/p>\n","protected":false},"excerpt":{"rendered":"<p>En el encuentro de este a\u00f1o, que est\u00e1 teniendo lugar en Madrid, m\u00e1s de 600 personas asisten a intervenciones de 20 expertos de todo el mundo<\/p>\n","protected":false},"author":1,"featured_media":42917,"comment_status":"open","ping_status":"closed","sticky":false,"template":"","format":"standard","meta":{"footnotes":""},"categories":[2],"tags":[],"class_list":["post-42916","post","type-post","status-publish","format-standard","has-post-thumbnail","hentry","category-ayuntamiento-pamplona"],"yoast_head":"<!-- This site is optimized with the Yoast SEO plugin v27.3 - https:\/\/yoast.com\/product\/yoast-seo-wordpress\/ -->\n<title>Pamplona elegida sede del 50\u00ba Congreso de Parques y Jardines P\u00fablicos, el foro especializado de reflexi\u00f3n sobre el espacio com\u00fan verde que llegar\u00e1 a la ciudad en 2024<\/title>\n<meta name=\"description\" content=\"En el encuentro de este a\u00f1o, que est\u00e1 teniendo lugar en Madrid, m\u00e1s de 600 personas asisten a intervenciones de 20 expertos de todo el mundo\" \/>\n<meta name=\"robots\" content=\"index, follow, max-snippet:-1, max-image-preview:large, max-video-preview:-1\" \/>\n<link rel=\"canonical\" href=\"https:\/\/www.laguiadepamplona.com\/actualidad\/pamplona-elegida-sede-del-50o-congreso-de-parques-y-jardines-publicos-el-foro-especializado-de-reflexion-sobre-el-espacio-comun-verde-que-llegara-a-la-ciudad-en-2024\/\" \/>\n<meta property=\"og:locale\" content=\"es_ES\" \/>\n<meta property=\"og:type\" content=\"article\" \/>\n<meta property=\"og:title\" content=\"Pamplona elegida sede del 50\u00ba Congreso de Parques y Jardines P\u00fablicos, el foro especializado de reflexi\u00f3n sobre el espacio com\u00fan verde que llegar\u00e1 a la ciudad en 2024\" \/>\n<meta property=\"og:description\" content=\"En el encuentro de este a\u00f1o, que est\u00e1 teniendo lugar en Madrid, m\u00e1s de 600 personas asisten a intervenciones de 20 expertos de todo el mundo\" \/>\n<meta property=\"og:url\" content=\"https:\/\/www.laguiadepamplona.com\/actualidad\/pamplona-elegida-sede-del-50o-congreso-de-parques-y-jardines-publicos-el-foro-especializado-de-reflexion-sobre-el-espacio-comun-verde-que-llegara-a-la-ciudad-en-2024\/\" \/>\n<meta property=\"og:site_name\" content=\"La Gu\u00eda de Pamplona\" \/>\n<meta property=\"article:publisher\" content=\"https:\/\/www.facebook.com\/laguiadepamplonacom-133175176762273\/?ref=hl\" \/>\n<meta property=\"article:published_time\" content=\"2023-02-17T12:31:17+00:00\" \/>\n<meta property=\"article:modified_time\" content=\"2023-04-11T09:47:10+00:00\" \/>\n<meta property=\"og:image\" content=\"https:\/\/www.laguiadepamplona.com\/actualidad\/wp-content\/uploads\/2023\/02\/congreso-parques-jardines-publicos.webp\" \/>\n\t<meta property=\"og:image:width\" content=\"1920\" \/>\n\t<meta property=\"og:image:height\" content=\"1282\" \/>\n\t<meta property=\"og:image:type\" content=\"image\/webp\" \/>\n<meta name=\"author\" content=\"La Gu\u00eda de Pamplona\" \/>\n<meta name=\"twitter:card\" content=\"summary_large_image\" \/>\n<meta name=\"twitter:creator\" content=\"@LaGuiadPamplona\" \/>\n<meta name=\"twitter:site\" content=\"@LaGuiadPamplona\" \/>\n<meta name=\"twitter:label1\" content=\"Escrito por\" \/>\n\t<meta name=\"twitter:data1\" content=\"La Gu\u00eda de Pamplona\" \/>\n\t<meta name=\"twitter:label2\" content=\"Tiempo de lectura\" \/>\n\t<meta name=\"twitter:data2\" content=\"3 minutos\" \/>\n<script type=\"application\/ld+json\" class=\"yoast-schema-graph\">{\"@context\":\"https:\\\/\\\/schema.org\",\"@graph\":[{\"@type\":\"Article\",\"@id\":\"https:\\\/\\\/www.laguiadepamplona.com\\\/actualidad\\\/pamplona-elegida-sede-del-50o-congreso-de-parques-y-jardines-publicos-el-foro-especializado-de-reflexion-sobre-el-espacio-comun-verde-que-llegara-a-la-ciudad-en-2024\\\/#article\",\"isPartOf\":{\"@id\":\"https:\\\/\\\/www.laguiadepamplona.com\\\/actualidad\\\/pamplona-elegida-sede-del-50o-congreso-de-parques-y-jardines-publicos-el-foro-especializado-de-reflexion-sobre-el-espacio-comun-verde-que-llegara-a-la-ciudad-en-2024\\\/\"},\"author\":{\"name\":\"La Gu\u00eda de Pamplona\",\"@id\":\"https:\\\/\\\/www.laguiadepamplona.com\\\/actualidad\\\/#\\\/schema\\\/person\\\/efe887376f0213d4657c93adc50b1fdb\"},\"headline\":\"Pamplona elegida sede del 50\u00ba Congreso de Parques y Jardines P\u00fablicos, el foro especializado de reflexi\u00f3n sobre el espacio com\u00fan verde que llegar\u00e1 a la ciudad en 2024\",\"datePublished\":\"2023-02-17T12:31:17+00:00\",\"dateModified\":\"2023-04-11T09:47:10+00:00\",\"mainEntityOfPage\":{\"@id\":\"https:\\\/\\\/www.laguiadepamplona.com\\\/actualidad\\\/pamplona-elegida-sede-del-50o-congreso-de-parques-y-jardines-publicos-el-foro-especializado-de-reflexion-sobre-el-espacio-comun-verde-que-llegara-a-la-ciudad-en-2024\\\/\"},\"wordCount\":606,\"commentCount\":0,\"publisher\":{\"@id\":\"https:\\\/\\\/www.laguiadepamplona.com\\\/actualidad\\\/#organization\"},\"image\":{\"@id\":\"https:\\\/\\\/www.laguiadepamplona.com\\\/actualidad\\\/pamplona-elegida-sede-del-50o-congreso-de-parques-y-jardines-publicos-el-foro-especializado-de-reflexion-sobre-el-espacio-comun-verde-que-llegara-a-la-ciudad-en-2024\\\/#primaryimage\"},\"thumbnailUrl\":\"https:\\\/\\\/www.laguiadepamplona.com\\\/actualidad\\\/wp-content\\\/uploads\\\/2023\\\/02\\\/congreso-parques-jardines-publicos.webp\",\"articleSection\":[\"Ayto Pamplona\"],\"inLanguage\":\"es\",\"potentialAction\":[{\"@type\":\"CommentAction\",\"name\":\"Comment\",\"target\":[\"https:\\\/\\\/www.laguiadepamplona.com\\\/actualidad\\\/pamplona-elegida-sede-del-50o-congreso-de-parques-y-jardines-publicos-el-foro-especializado-de-reflexion-sobre-el-espacio-comun-verde-que-llegara-a-la-ciudad-en-2024\\\/#respond\"]}]},{\"@type\":\"WebPage\",\"@id\":\"https:\\\/\\\/www.laguiadepamplona.com\\\/actualidad\\\/pamplona-elegida-sede-del-50o-congreso-de-parques-y-jardines-publicos-el-foro-especializado-de-reflexion-sobre-el-espacio-comun-verde-que-llegara-a-la-ciudad-en-2024\\\/\",\"url\":\"https:\\\/\\\/www.laguiadepamplona.com\\\/actualidad\\\/pamplona-elegida-sede-del-50o-congreso-de-parques-y-jardines-publicos-el-foro-especializado-de-reflexion-sobre-el-espacio-comun-verde-que-llegara-a-la-ciudad-en-2024\\\/\",\"name\":\"Pamplona elegida sede del 50\u00ba Congreso de Parques y Jardines P\u00fablicos, el foro especializado de reflexi\u00f3n sobre el espacio com\u00fan verde que llegar\u00e1 a la ciudad en 2024\",\"isPartOf\":{\"@id\":\"https:\\\/\\\/www.laguiadepamplona.com\\\/actualidad\\\/#website\"},\"primaryImageOfPage\":{\"@id\":\"https:\\\/\\\/www.laguiadepamplona.com\\\/actualidad\\\/pamplona-elegida-sede-del-50o-congreso-de-parques-y-jardines-publicos-el-foro-especializado-de-reflexion-sobre-el-espacio-comun-verde-que-llegara-a-la-ciudad-en-2024\\\/#primaryimage\"},\"image\":{\"@id\":\"https:\\\/\\\/www.laguiadepamplona.com\\\/actualidad\\\/pamplona-elegida-sede-del-50o-congreso-de-parques-y-jardines-publicos-el-foro-especializado-de-reflexion-sobre-el-espacio-comun-verde-que-llegara-a-la-ciudad-en-2024\\\/#primaryimage\"},\"thumbnailUrl\":\"https:\\\/\\\/www.laguiadepamplona.com\\\/actualidad\\\/wp-content\\\/uploads\\\/2023\\\/02\\\/congreso-parques-jardines-publicos.webp\",\"datePublished\":\"2023-02-17T12:31:17+00:00\",\"dateModified\":\"2023-04-11T09:47:10+00:00\",\"description\":\"En el encuentro de este a\u00f1o, que est\u00e1 teniendo lugar en Madrid, m\u00e1s de 600 personas asisten a intervenciones de 20 expertos de todo el mundo\",\"breadcrumb\":{\"@id\":\"https:\\\/\\\/www.laguiadepamplona.com\\\/actualidad\\\/pamplona-elegida-sede-del-50o-congreso-de-parques-y-jardines-publicos-el-foro-especializado-de-reflexion-sobre-el-espacio-comun-verde-que-llegara-a-la-ciudad-en-2024\\\/#breadcrumb\"},\"inLanguage\":\"es\",\"potentialAction\":[{\"@type\":\"ReadAction\",\"target\":[\"https:\\\/\\\/www.laguiadepamplona.com\\\/actualidad\\\/pamplona-elegida-sede-del-50o-congreso-de-parques-y-jardines-publicos-el-foro-especializado-de-reflexion-sobre-el-espacio-comun-verde-que-llegara-a-la-ciudad-en-2024\\\/\"]}]},{\"@type\":\"ImageObject\",\"inLanguage\":\"es\",\"@id\":\"https:\\\/\\\/www.laguiadepamplona.com\\\/actualidad\\\/pamplona-elegida-sede-del-50o-congreso-de-parques-y-jardines-publicos-el-foro-especializado-de-reflexion-sobre-el-espacio-comun-verde-que-llegara-a-la-ciudad-en-2024\\\/#primaryimage\",\"url\":\"https:\\\/\\\/www.laguiadepamplona.com\\\/actualidad\\\/wp-content\\\/uploads\\\/2023\\\/02\\\/congreso-parques-jardines-publicos.webp\",\"contentUrl\":\"https:\\\/\\\/www.laguiadepamplona.com\\\/actualidad\\\/wp-content\\\/uploads\\\/2023\\\/02\\\/congreso-parques-jardines-publicos.webp\",\"width\":1920,\"height\":1282},{\"@type\":\"BreadcrumbList\",\"@id\":\"https:\\\/\\\/www.laguiadepamplona.com\\\/actualidad\\\/pamplona-elegida-sede-del-50o-congreso-de-parques-y-jardines-publicos-el-foro-especializado-de-reflexion-sobre-el-espacio-comun-verde-que-llegara-a-la-ciudad-en-2024\\\/#breadcrumb\",\"itemListElement\":[{\"@type\":\"ListItem\",\"position\":1,\"name\":\"Portada\",\"item\":\"https:\\\/\\\/www.laguiadepamplona.com\\\/actualidad\\\/\"},{\"@type\":\"ListItem\",\"position\":2,\"name\":\"Pamplona elegida sede del 50\u00ba Congreso de Parques y Jardines P\u00fablicos, el foro especializado de reflexi\u00f3n sobre el espacio com\u00fan verde que llegar\u00e1 a la ciudad en 2024\"}]},{\"@type\":\"WebSite\",\"@id\":\"https:\\\/\\\/www.laguiadepamplona.com\\\/actualidad\\\/#website\",\"url\":\"https:\\\/\\\/www.laguiadepamplona.com\\\/actualidad\\\/\",\"name\":\"La gu\u00eda de Pamplona\",\"description\":\"Noticias de Pamplona\",\"publisher\":{\"@id\":\"https:\\\/\\\/www.laguiadepamplona.com\\\/actualidad\\\/#organization\"},\"potentialAction\":[{\"@type\":\"SearchAction\",\"target\":{\"@type\":\"EntryPoint\",\"urlTemplate\":\"https:\\\/\\\/www.laguiadepamplona.com\\\/actualidad\\\/?s={search_term_string}\"},\"query-input\":{\"@type\":\"PropertyValueSpecification\",\"valueRequired\":true,\"valueName\":\"search_term_string\"}}],\"inLanguage\":\"es\"},{\"@type\":\"Organization\",\"@id\":\"https:\\\/\\\/www.laguiadepamplona.com\\\/actualidad\\\/#organization\",\"name\":\"La Gu\u00eda de Pamplona \\\/ Noticias\",\"url\":\"https:\\\/\\\/www.laguiadepamplona.com\\\/actualidad\\\/\",\"logo\":{\"@type\":\"ImageObject\",\"inLanguage\":\"es\",\"@id\":\"https:\\\/\\\/www.laguiadepamplona.com\\\/actualidad\\\/#\\\/schema\\\/logo\\\/image\\\/\",\"url\":\"https:\\\/\\\/www.laguiadepamplona.com\\\/actualidad\\\/wp-content\\\/uploads\\\/2018\\\/11\\\/logo-laguiadepamplona18-web1.png\",\"contentUrl\":\"https:\\\/\\\/www.laguiadepamplona.com\\\/actualidad\\\/wp-content\\\/uploads\\\/2018\\\/11\\\/logo-laguiadepamplona18-web1.png\",\"width\":600,\"height\":196,\"caption\":\"La Gu\u00eda de Pamplona \\\/ Noticias\"},\"image\":{\"@id\":\"https:\\\/\\\/www.laguiadepamplona.com\\\/actualidad\\\/#\\\/schema\\\/logo\\\/image\\\/\"},\"sameAs\":[\"https:\\\/\\\/www.facebook.com\\\/laguiadepamplonacom-133175176762273\\\/?ref=hl\",\"https:\\\/\\\/x.com\\\/LaGuiadPamplona\",\"https:\\\/\\\/www.instagram.com\\\/la_guia_de_pamplona\\\/\",\"https:\\\/\\\/www.youtube.com\\\/user\\\/laguiadepamplona\"]},{\"@type\":\"Person\",\"@id\":\"https:\\\/\\\/www.laguiadepamplona.com\\\/actualidad\\\/#\\\/schema\\\/person\\\/efe887376f0213d4657c93adc50b1fdb\",\"name\":\"La Gu\u00eda de Pamplona\",\"image\":{\"@type\":\"ImageObject\",\"inLanguage\":\"es\",\"@id\":\"https:\\\/\\\/secure.gravatar.com\\\/avatar\\\/b6992f131dc8d30ab0dff15446e9d346d9dbd95992de0fef795073f5ea83a81c?s=96&d=mm&r=g\",\"url\":\"https:\\\/\\\/secure.gravatar.com\\\/avatar\\\/b6992f131dc8d30ab0dff15446e9d346d9dbd95992de0fef795073f5ea83a81c?s=96&d=mm&r=g\",\"contentUrl\":\"https:\\\/\\\/secure.gravatar.com\\\/avatar\\\/b6992f131dc8d30ab0dff15446e9d346d9dbd95992de0fef795073f5ea83a81c?s=96&d=mm&r=g\",\"caption\":\"La Gu\u00eda de Pamplona\"}}]}<\/script>\n<!-- \/ Yoast SEO plugin. -->","yoast_head_json":{"title":"Pamplona elegida sede del 50\u00ba Congreso de Parques y Jardines P\u00fablicos, el foro especializado de reflexi\u00f3n sobre el espacio com\u00fan verde que llegar\u00e1 a la ciudad en 2024","description":"En el encuentro de este a\u00f1o, que est\u00e1 teniendo lugar en Madrid, m\u00e1s de 600 personas asisten a intervenciones de 20 expertos de todo el mundo","robots":{"index":"index","follow":"follow","max-snippet":"max-snippet:-1","max-image-preview":"max-image-preview:large","max-video-preview":"max-video-preview:-1"},"canonical":"https:\/\/www.laguiadepamplona.com\/actualidad\/pamplona-elegida-sede-del-50o-congreso-de-parques-y-jardines-publicos-el-foro-especializado-de-reflexion-sobre-el-espacio-comun-verde-que-llegara-a-la-ciudad-en-2024\/","og_locale":"es_ES","og_type":"article","og_title":"Pamplona elegida sede del 50\u00ba Congreso de Parques y Jardines P\u00fablicos, el foro especializado de reflexi\u00f3n sobre el espacio com\u00fan verde que llegar\u00e1 a la ciudad en 2024","og_description":"En el encuentro de este a\u00f1o, que est\u00e1 teniendo lugar en Madrid, m\u00e1s de 600 personas asisten a intervenciones de 20 expertos de todo el mundo","og_url":"https:\/\/www.laguiadepamplona.com\/actualidad\/pamplona-elegida-sede-del-50o-congreso-de-parques-y-jardines-publicos-el-foro-especializado-de-reflexion-sobre-el-espacio-comun-verde-que-llegara-a-la-ciudad-en-2024\/","og_site_name":"La Gu\u00eda de Pamplona","article_publisher":"https:\/\/www.facebook.com\/laguiadepamplonacom-133175176762273\/?ref=hl","article_published_time":"2023-02-17T12:31:17+00:00","article_modified_time":"2023-04-11T09:47:10+00:00","og_image":[{"width":1920,"height":1282,"url":"https:\/\/www.laguiadepamplona.com\/actualidad\/wp-content\/uploads\/2023\/02\/congreso-parques-jardines-publicos.webp","type":"image\/webp"}],"author":"La Gu\u00eda de Pamplona","twitter_card":"summary_large_image","twitter_creator":"@LaGuiadPamplona","twitter_site":"@LaGuiadPamplona","twitter_misc":{"Escrito por":"La Gu\u00eda de Pamplona","Tiempo de lectura":"3 minutos"},"schema":{"@context":"https:\/\/schema.org","@graph":[{"@type":"Article","@id":"https:\/\/www.laguiadepamplona.com\/actualidad\/pamplona-elegida-sede-del-50o-congreso-de-parques-y-jardines-publicos-el-foro-especializado-de-reflexion-sobre-el-espacio-comun-verde-que-llegara-a-la-ciudad-en-2024\/#article","isPartOf":{"@id":"https:\/\/www.laguiadepamplona.com\/actualidad\/pamplona-elegida-sede-del-50o-congreso-de-parques-y-jardines-publicos-el-foro-especializado-de-reflexion-sobre-el-espacio-comun-verde-que-llegara-a-la-ciudad-en-2024\/"},"author":{"name":"La Gu\u00eda de Pamplona","@id":"https:\/\/www.laguiadepamplona.com\/actualidad\/#\/schema\/person\/efe887376f0213d4657c93adc50b1fdb"},"headline":"Pamplona elegida sede del 50\u00ba Congreso de Parques y Jardines P\u00fablicos, el foro especializado de reflexi\u00f3n sobre el espacio com\u00fan verde que llegar\u00e1 a la ciudad en 2024","datePublished":"2023-02-17T12:31:17+00:00","dateModified":"2023-04-11T09:47:10+00:00","mainEntityOfPage":{"@id":"https:\/\/www.laguiadepamplona.com\/actualidad\/pamplona-elegida-sede-del-50o-congreso-de-parques-y-jardines-publicos-el-foro-especializado-de-reflexion-sobre-el-espacio-comun-verde-que-llegara-a-la-ciudad-en-2024\/"},"wordCount":606,"commentCount":0,"publisher":{"@id":"https:\/\/www.laguiadepamplona.com\/actualidad\/#organization"},"image":{"@id":"https:\/\/www.laguiadepamplona.com\/actualidad\/pamplona-elegida-sede-del-50o-congreso-de-parques-y-jardines-publicos-el-foro-especializado-de-reflexion-sobre-el-espacio-comun-verde-que-llegara-a-la-ciudad-en-2024\/#primaryimage"},"thumbnailUrl":"https:\/\/www.laguiadepamplona.com\/actualidad\/wp-content\/uploads\/2023\/02\/congreso-parques-jardines-publicos.webp","articleSection":["Ayto Pamplona"],"inLanguage":"es","potentialAction":[{"@type":"CommentAction","name":"Comment","target":["https:\/\/www.laguiadepamplona.com\/actualidad\/pamplona-elegida-sede-del-50o-congreso-de-parques-y-jardines-publicos-el-foro-especializado-de-reflexion-sobre-el-espacio-comun-verde-que-llegara-a-la-ciudad-en-2024\/#respond"]}]},{"@type":"WebPage","@id":"https:\/\/www.laguiadepamplona.com\/actualidad\/pamplona-elegida-sede-del-50o-congreso-de-parques-y-jardines-publicos-el-foro-especializado-de-reflexion-sobre-el-espacio-comun-verde-que-llegara-a-la-ciudad-en-2024\/","url":"https:\/\/www.laguiadepamplona.com\/actualidad\/pamplona-elegida-sede-del-50o-congreso-de-parques-y-jardines-publicos-el-foro-especializado-de-reflexion-sobre-el-espacio-comun-verde-que-llegara-a-la-ciudad-en-2024\/","name":"Pamplona elegida sede del 50\u00ba Congreso de Parques y Jardines P\u00fablicos, el foro especializado de reflexi\u00f3n sobre el espacio com\u00fan verde que llegar\u00e1 a la ciudad en 2024","isPartOf":{"@id":"https:\/\/www.laguiadepamplona.com\/actualidad\/#website"},"primaryImageOfPage":{"@id":"https:\/\/www.laguiadepamplona.com\/actualidad\/pamplona-elegida-sede-del-50o-congreso-de-parques-y-jardines-publicos-el-foro-especializado-de-reflexion-sobre-el-espacio-comun-verde-que-llegara-a-la-ciudad-en-2024\/#primaryimage"},"image":{"@id":"https:\/\/www.laguiadepamplona.com\/actualidad\/pamplona-elegida-sede-del-50o-congreso-de-parques-y-jardines-publicos-el-foro-especializado-de-reflexion-sobre-el-espacio-comun-verde-que-llegara-a-la-ciudad-en-2024\/#primaryimage"},"thumbnailUrl":"https:\/\/www.laguiadepamplona.com\/actualidad\/wp-content\/uploads\/2023\/02\/congreso-parques-jardines-publicos.webp","datePublished":"2023-02-17T12:31:17+00:00","dateModified":"2023-04-11T09:47:10+00:00","description":"En el encuentro de este a\u00f1o, que est\u00e1 teniendo lugar en Madrid, m\u00e1s de 600 personas asisten a intervenciones de 20 expertos de todo el mundo","breadcrumb":{"@id":"https:\/\/www.laguiadepamplona.com\/actualidad\/pamplona-elegida-sede-del-50o-congreso-de-parques-y-jardines-publicos-el-foro-especializado-de-reflexion-sobre-el-espacio-comun-verde-que-llegara-a-la-ciudad-en-2024\/#breadcrumb"},"inLanguage":"es","potentialAction":[{"@type":"ReadAction","target":["https:\/\/www.laguiadepamplona.com\/actualidad\/pamplona-elegida-sede-del-50o-congreso-de-parques-y-jardines-publicos-el-foro-especializado-de-reflexion-sobre-el-espacio-comun-verde-que-llegara-a-la-ciudad-en-2024\/"]}]},{"@type":"ImageObject","inLanguage":"es","@id":"https:\/\/www.laguiadepamplona.com\/actualidad\/pamplona-elegida-sede-del-50o-congreso-de-parques-y-jardines-publicos-el-foro-especializado-de-reflexion-sobre-el-espacio-comun-verde-que-llegara-a-la-ciudad-en-2024\/#primaryimage","url":"https:\/\/www.laguiadepamplona.com\/actualidad\/wp-content\/uploads\/2023\/02\/congreso-parques-jardines-publicos.webp","contentUrl":"https:\/\/www.laguiadepamplona.com\/actualidad\/wp-content\/uploads\/2023\/02\/congreso-parques-jardines-publicos.webp","width":1920,"height":1282},{"@type":"BreadcrumbList","@id":"https:\/\/www.laguiadepamplona.com\/actualidad\/pamplona-elegida-sede-del-50o-congreso-de-parques-y-jardines-publicos-el-foro-especializado-de-reflexion-sobre-el-espacio-comun-verde-que-llegara-a-la-ciudad-en-2024\/#breadcrumb","itemListElement":[{"@type":"ListItem","position":1,"name":"Portada","item":"https:\/\/www.laguiadepamplona.com\/actualidad\/"},{"@type":"ListItem","position":2,"name":"Pamplona elegida sede del 50\u00ba Congreso de Parques y Jardines P\u00fablicos, el foro especializado de reflexi\u00f3n sobre el espacio com\u00fan verde que llegar\u00e1 a la ciudad en 2024"}]},{"@type":"WebSite","@id":"https:\/\/www.laguiadepamplona.com\/actualidad\/#website","url":"https:\/\/www.laguiadepamplona.com\/actualidad\/","name":"La gu\u00eda de Pamplona","description":"Noticias de Pamplona","publisher":{"@id":"https:\/\/www.laguiadepamplona.com\/actualidad\/#organization"},"potentialAction":[{"@type":"SearchAction","target":{"@type":"EntryPoint","urlTemplate":"https:\/\/www.laguiadepamplona.com\/actualidad\/?s={search_term_string}"},"query-input":{"@type":"PropertyValueSpecification","valueRequired":true,"valueName":"search_term_string"}}],"inLanguage":"es"},{"@type":"Organization","@id":"https:\/\/www.laguiadepamplona.com\/actualidad\/#organization","name":"La Gu\u00eda de Pamplona \/ Noticias","url":"https:\/\/www.laguiadepamplona.com\/actualidad\/","logo":{"@type":"ImageObject","inLanguage":"es","@id":"https:\/\/www.laguiadepamplona.com\/actualidad\/#\/schema\/logo\/image\/","url":"https:\/\/www.laguiadepamplona.com\/actualidad\/wp-content\/uploads\/2018\/11\/logo-laguiadepamplona18-web1.png","contentUrl":"https:\/\/www.laguiadepamplona.com\/actualidad\/wp-content\/uploads\/2018\/11\/logo-laguiadepamplona18-web1.png","width":600,"height":196,"caption":"La Gu\u00eda de Pamplona \/ Noticias"},"image":{"@id":"https:\/\/www.laguiadepamplona.com\/actualidad\/#\/schema\/logo\/image\/"},"sameAs":["https:\/\/www.facebook.com\/laguiadepamplonacom-133175176762273\/?ref=hl","https:\/\/x.com\/LaGuiadPamplona","https:\/\/www.instagram.com\/la_guia_de_pamplona\/","https:\/\/www.youtube.com\/user\/laguiadepamplona"]},{"@type":"Person","@id":"https:\/\/www.laguiadepamplona.com\/actualidad\/#\/schema\/person\/efe887376f0213d4657c93adc50b1fdb","name":"La Gu\u00eda de Pamplona","image":{"@type":"ImageObject","inLanguage":"es","@id":"https:\/\/secure.gravatar.com\/avatar\/b6992f131dc8d30ab0dff15446e9d346d9dbd95992de0fef795073f5ea83a81c?s=96&d=mm&r=g","url":"https:\/\/secure.gravatar.com\/avatar\/b6992f131dc8d30ab0dff15446e9d346d9dbd95992de0fef795073f5ea83a81c?s=96&d=mm&r=g","contentUrl":"https:\/\/secure.gravatar.com\/avatar\/b6992f131dc8d30ab0dff15446e9d346d9dbd95992de0fef795073f5ea83a81c?s=96&d=mm&r=g","caption":"La Gu\u00eda de Pamplona"}}]}},"post_mailing_queue_ids":[],"_links":{"self":[{"href":"https:\/\/www.laguiadepamplona.com\/actualidad\/wp-json\/wp\/v2\/posts\/42916","targetHints":{"allow":["GET"]}}],"collection":[{"href":"https:\/\/www.laguiadepamplona.com\/actualidad\/wp-json\/wp\/v2\/posts"}],"about":[{"href":"https:\/\/www.laguiadepamplona.com\/actualidad\/wp-json\/wp\/v2\/types\/post"}],"author":[{"embeddable":true,"href":"https:\/\/www.laguiadepamplona.com\/actualidad\/wp-json\/wp\/v2\/users\/1"}],"replies":[{"embeddable":true,"href":"https:\/\/www.laguiadepamplona.com\/actualidad\/wp-json\/wp\/v2\/comments?post=42916"}],"version-history":[{"count":0,"href":"https:\/\/www.laguiadepamplona.com\/actualidad\/wp-json\/wp\/v2\/posts\/42916\/revisions"}],"wp:featuredmedia":[{"embeddable":true,"href":"https:\/\/www.laguiadepamplona.com\/actualidad\/wp-json\/wp\/v2\/media\/42917"}],"wp:attachment":[{"href":"https:\/\/www.laguiadepamplona.com\/actualidad\/wp-json\/wp\/v2\/media?parent=42916"}],"wp:term":[{"taxonomy":"category","embeddable":true,"href":"https:\/\/www.laguiadepamplona.com\/actualidad\/wp-json\/wp\/v2\/categories?post=42916"},{"taxonomy":"post_tag","embeddable":true,"href":"https:\/\/www.laguiadepamplona.com\/actualidad\/wp-json\/wp\/v2\/tags?post=42916"}],"curies":[{"name":"wp","href":"https:\/\/api.w.org\/{rel}","templated":true}]}}