{"id":42913,"date":"2023-02-17T14:29:08","date_gmt":"2023-02-17T12:29:08","guid":{"rendered":"https:\/\/www.laguiadepamplona.com\/actualidad\/?p=42913"},"modified":"2023-04-11T11:47:10","modified_gmt":"2023-04-11T09:47:10","slug":"mas-de-medio-centenar-de-personas-se-interesan-en-la-futura-comunidad-energetica-de-la-rochapea","status":"publish","type":"post","link":"https:\/\/www.laguiadepamplona.com\/actualidad\/mas-de-medio-centenar-de-personas-se-interesan-en-la-futura-comunidad-energetica-de-la-rochapea\/","title":{"rendered":"M\u00e1s de medio centenar de personas se interesan en la futura comunidad energ\u00e9tica de la Rochapea"},"content":{"rendered":"<h5>El Ayuntamiento ha ofrecido cuatro sesiones informativas a la ciudadan\u00eda con el trasfondo de crear un barrio de energ\u00eda verde y sostenible<\/h5>\n<p><!--more--><\/p>\n<p>Convertir el barrio de Rochapea en un espacio verde, autosuficiente energ\u00e9ticamente hablando, es el objetivo que persigue el Ayuntamiento de Pamplona, a trav\u00e9s del proyecto europeo oPEN Lab. La iniciativa, que requiere la implicaci\u00f3n de la ciudadan\u00eda, despierta un creciente inter\u00e9s entre el vecindario, hasta el punto que m\u00e1s de medio centenar de personas ha participado en las sesiones formativas organizadas por el Consistorio y que est\u00e1n encaminadas a crear una comunidad energ\u00e9tica en el barrio, similar a la ya creada en Mendillorri.<br \/>\n<script async src=\"\/\/pagead2.googlesyndication.com\/pagead\/js\/adsbygoogle.js\"><\/script><br \/>\n<!-- Noticias La Guia de Pamplona --><br \/>\n<ins class=\"adsbygoogle\"\nstyle=\"display:block\"\ndata-ad-client=\"ca-pub-6943679897239327\"\ndata-ad-slot=\"7048180777\"\ndata-ad-format=\"auto\"><\/ins><br \/>\n<script>\n(adsbygoogle = window.adsbygoogle || []).push({});\n<\/script><\/p>\n<p>La comunidad de Mendillorri ya tiene claros sus primeros proyectos, que ser\u00e1n de autoconsumo colectivo fotovoltaico. En el caso de Rochapea, est\u00e1 todav\u00eda por definir el modelo que adoptar\u00e1 la comunidad y los proyectos e inversiones que se pueden llevar a cabo en el barrio para conseguir generaci\u00f3n de energ\u00eda de forma sostenible y otras medidas de consumo eficiente, tanto con proyectos colectivos como iniciativas particulares. De hecho, el grupo motor impulsor de la comunidad energ\u00e9tica analizar\u00e1 ahora las posibles v\u00edas para convertir el barrio de Rochapea en un espacio verde, que no dependa de energ\u00edas f\u00f3siles, como un modo de combatir de forma local el cambio clim\u00e1tico.<\/p>\n<p>Por de pronto, el barrio ya ha dado los primeros pasos para convertirse en un espacio de energ\u00eda sostenible, con la instalaci\u00f3n de placas solares en la p\u00e9rgola de la plaza Sancho Abarca y en el colegio p\u00fablico Rochapea, adem\u00e1s del suministro de energ\u00eda limpia en edificios municipales como el Museo de Educaci\u00f3n Ambiental. A todo ello se suman tambi\u00e9n proyectos de mayor envergadura, como el que afectar\u00e1 al antiguo edificio IWER, donde habr\u00e1 una gran instalaci\u00f3n fotovoltaica capaz de suministrar energ\u00eda al propio edificio y a otros espacios, o el proyecto en torno al Grupo San Pedro, donde se proceder\u00e1 en una fase inicial a la rehabilitaci\u00f3n integral de un edificio de dos bloques de viviendas, para alcanzar un est\u00e1ndar de consumo energ\u00e9tico casi nulo (NZEB).<br \/>\n<script async src=\"\/\/pagead2.googlesyndication.com\/pagead\/js\/adsbygoogle.js\"><\/script><br \/>\n<!-- Noticias La Guia de Pamplona --><br \/>\n<ins class=\"adsbygoogle\"\nstyle=\"display:block\"\ndata-ad-client=\"ca-pub-6943679897239327\"\ndata-ad-slot=\"7048180777\"\ndata-ad-format=\"auto\"><\/ins><br \/>\n<script>\n(adsbygoogle = window.adsbygoogle || []).push({});\n<\/script><\/p>\n<p><strong>Cuatro charlas<\/strong><\/p>\n<p>Para desarrollar este proyecto de comunidad energ\u00e9tica, el Ayuntamiento de Pamplona ha organizado en las \u00faltimas semanas cuatro charlas informativas, a las que han acudido entre 40 y 60 personas en funci\u00f3n del d\u00eda. En las primeras de estas jornadas, se abordaron aspectos energ\u00e9ticos y legales, mientras que en las dos siguientes se presentaron ejemplos de buenas pr\u00e1cticas y distintos proyectos de energ\u00eda sostenible.<\/p>\n<p>De hecho, en el d\u00eda de ayer, se visitaron las distintas instalaciones energ\u00e9ticas y acciones encaminadas a reducir el consumo repartidas por el barrio. El paseo permiti\u00f3 a las personas interesadas conocer en primera persona las instalaciones de autoconsumo solar fotovoltaico y solar t\u00e9rmico del CPEIP Rochapea; visitar los bloques de viviendas rehabilitadas en la calle Cruz de Barkazio, donde se reform\u00f3 la fachada con envolvente t\u00e9rmica para reducir la demanda de energ\u00eda; y tener informaci\u00f3n de primera mano del proyecto oPEN Lab en el edificio IWER.<br \/>\n<script async src=\"\/\/pagead2.googlesyndication.com\/pagead\/js\/adsbygoogle.js\"><\/script><br \/>\n<!-- Noticias La Guia de Pamplona --><br \/>\n<ins class=\"adsbygoogle\"\nstyle=\"display:block\"\ndata-ad-client=\"ca-pub-6943679897239327\"\ndata-ad-slot=\"7048180777\"\ndata-ad-format=\"auto\"><\/ins><br \/>\n<script>\n(adsbygoogle = window.adsbygoogle || []).push({});\n<\/script><\/p>\n<p>El proyecto oPEN Lab, en el que Pamplona participa con otros socios locales (CENER, AH Asociados, Obenasa y PUV_EHU) y europeos, pretende identificar soluciones energ\u00e9ticas limpias que puedan ser replicadas en otras ciudades. En concreto, este proyecto, que cuenta con financiaci\u00f3n del programa Horizonte 2020, pretende conseguir barrios energ\u00e9ticamente positivos. Para ello, busca probar tecnolog\u00edas y paquetes como soluci\u00f3n integrada a escala de barrio, partiendo de una colaboraci\u00f3n p\u00fablico-privada, que luego pueda ser extrapolable a toda la ciudad. En el caso de Pamplona, el Consistorio ha elegido Rochapea como espacio piloto.<\/p>\n<p>Adem\u00e1s del proyecto en la antigua f\u00e1brica IWER y el Grupo San Pedro, existen en el barrio diferentes iniciativas de generaci\u00f3n como la cubierta del parking disuasorio junto al colegio Cardenal Ilundain de en torno a 1.000 kW, que se convertir\u00e1 en la instalaci\u00f3n fotovoltica m\u00e1s grande de la ciudad, y otros posibles proyectos ligados a cubiertas tanto p\u00fablicas como privadas. La puesta en marcha de la comunidad energ\u00e9tica supondr\u00eda un paso m\u00e1s para impulsar este distrito verde.<\/p>\n<p>Este proyecto, que se enmarca dentro del programa Go Green Pamplona, engloba las actuaciones y medidas que el Ayuntamiento lleva a cabo contra el cambio clim\u00e1tico.<\/p>\n","protected":false},"excerpt":{"rendered":"<p>El Ayuntamiento ha ofrecido cuatro sesiones informativas a la ciudadan\u00eda con el trasfondo de crear un barrio de energ\u00eda verde y sostenible<\/p>\n","protected":false},"author":1,"featured_media":42914,"comment_status":"open","ping_status":"closed","sticky":false,"template":"","format":"standard","meta":{"footnotes":""},"categories":[2],"tags":[],"class_list":["post-42913","post","type-post","status-publish","format-standard","has-post-thumbnail","hentry","category-ayuntamiento-pamplona"],"yoast_head":"<!-- This site is optimized with the Yoast SEO plugin v27.3 - https:\/\/yoast.com\/product\/yoast-seo-wordpress\/ -->\n<title>M\u00e1s de medio centenar de personas se interesan en la futura comunidad energ\u00e9tica de la Rochapea<\/title>\n<meta name=\"description\" content=\"M\u00e1s de medio centenar de personas se interesan en la futura comunidad energ\u00e9tica de la Rochapea\" \/>\n<meta name=\"robots\" content=\"index, follow, max-snippet:-1, max-image-preview:large, max-video-preview:-1\" \/>\n<link rel=\"canonical\" href=\"https:\/\/www.laguiadepamplona.com\/actualidad\/mas-de-medio-centenar-de-personas-se-interesan-en-la-futura-comunidad-energetica-de-la-rochapea\/\" \/>\n<meta property=\"og:locale\" content=\"es_ES\" \/>\n<meta property=\"og:type\" content=\"article\" \/>\n<meta property=\"og:title\" content=\"M\u00e1s de medio centenar de personas se interesan en la futura comunidad energ\u00e9tica de la Rochapea\" \/>\n<meta property=\"og:description\" content=\"M\u00e1s de medio centenar de personas se interesan en la futura comunidad energ\u00e9tica de la Rochapea\" \/>\n<meta property=\"og:url\" content=\"https:\/\/www.laguiadepamplona.com\/actualidad\/mas-de-medio-centenar-de-personas-se-interesan-en-la-futura-comunidad-energetica-de-la-rochapea\/\" \/>\n<meta property=\"og:site_name\" content=\"La Gu\u00eda de Pamplona\" \/>\n<meta property=\"article:publisher\" content=\"https:\/\/www.facebook.com\/laguiadepamplonacom-133175176762273\/?ref=hl\" \/>\n<meta property=\"article:published_time\" content=\"2023-02-17T12:29:08+00:00\" \/>\n<meta property=\"article:modified_time\" content=\"2023-04-11T09:47:10+00:00\" \/>\n<meta property=\"og:image\" content=\"https:\/\/www.laguiadepamplona.com\/actualidad\/wp-content\/uploads\/2023\/02\/comenergetica3_1.webp\" \/>\n\t<meta property=\"og:image:width\" content=\"1779\" \/>\n\t<meta property=\"og:image:height\" content=\"864\" \/>\n\t<meta property=\"og:image:type\" content=\"image\/webp\" \/>\n<meta name=\"author\" content=\"La Gu\u00eda de Pamplona\" \/>\n<meta name=\"twitter:card\" content=\"summary_large_image\" \/>\n<meta name=\"twitter:creator\" content=\"@LaGuiadPamplona\" \/>\n<meta name=\"twitter:site\" content=\"@LaGuiadPamplona\" \/>\n<meta name=\"twitter:label1\" content=\"Escrito por\" \/>\n\t<meta name=\"twitter:data1\" content=\"La Gu\u00eda de Pamplona\" \/>\n\t<meta name=\"twitter:label2\" content=\"Tiempo de lectura\" \/>\n\t<meta name=\"twitter:data2\" content=\"4 minutos\" \/>\n<script type=\"application\/ld+json\" class=\"yoast-schema-graph\">{\"@context\":\"https:\\\/\\\/schema.org\",\"@graph\":[{\"@type\":\"Article\",\"@id\":\"https:\\\/\\\/www.laguiadepamplona.com\\\/actualidad\\\/mas-de-medio-centenar-de-personas-se-interesan-en-la-futura-comunidad-energetica-de-la-rochapea\\\/#article\",\"isPartOf\":{\"@id\":\"https:\\\/\\\/www.laguiadepamplona.com\\\/actualidad\\\/mas-de-medio-centenar-de-personas-se-interesan-en-la-futura-comunidad-energetica-de-la-rochapea\\\/\"},\"author\":{\"name\":\"La Gu\u00eda de Pamplona\",\"@id\":\"https:\\\/\\\/www.laguiadepamplona.com\\\/actualidad\\\/#\\\/schema\\\/person\\\/efe887376f0213d4657c93adc50b1fdb\"},\"headline\":\"M\u00e1s de medio centenar de personas se interesan en la futura comunidad energ\u00e9tica de la Rochapea\",\"datePublished\":\"2023-02-17T12:29:08+00:00\",\"dateModified\":\"2023-04-11T09:47:10+00:00\",\"mainEntityOfPage\":{\"@id\":\"https:\\\/\\\/www.laguiadepamplona.com\\\/actualidad\\\/mas-de-medio-centenar-de-personas-se-interesan-en-la-futura-comunidad-energetica-de-la-rochapea\\\/\"},\"wordCount\":764,\"commentCount\":0,\"publisher\":{\"@id\":\"https:\\\/\\\/www.laguiadepamplona.com\\\/actualidad\\\/#organization\"},\"image\":{\"@id\":\"https:\\\/\\\/www.laguiadepamplona.com\\\/actualidad\\\/mas-de-medio-centenar-de-personas-se-interesan-en-la-futura-comunidad-energetica-de-la-rochapea\\\/#primaryimage\"},\"thumbnailUrl\":\"https:\\\/\\\/www.laguiadepamplona.com\\\/actualidad\\\/wp-content\\\/uploads\\\/2023\\\/02\\\/comenergetica3_1.webp\",\"articleSection\":[\"Ayto Pamplona\"],\"inLanguage\":\"es\",\"potentialAction\":[{\"@type\":\"CommentAction\",\"name\":\"Comment\",\"target\":[\"https:\\\/\\\/www.laguiadepamplona.com\\\/actualidad\\\/mas-de-medio-centenar-de-personas-se-interesan-en-la-futura-comunidad-energetica-de-la-rochapea\\\/#respond\"]}]},{\"@type\":\"WebPage\",\"@id\":\"https:\\\/\\\/www.laguiadepamplona.com\\\/actualidad\\\/mas-de-medio-centenar-de-personas-se-interesan-en-la-futura-comunidad-energetica-de-la-rochapea\\\/\",\"url\":\"https:\\\/\\\/www.laguiadepamplona.com\\\/actualidad\\\/mas-de-medio-centenar-de-personas-se-interesan-en-la-futura-comunidad-energetica-de-la-rochapea\\\/\",\"name\":\"M\u00e1s de medio centenar de personas se interesan en la futura comunidad energ\u00e9tica de la Rochapea\",\"isPartOf\":{\"@id\":\"https:\\\/\\\/www.laguiadepamplona.com\\\/actualidad\\\/#website\"},\"primaryImageOfPage\":{\"@id\":\"https:\\\/\\\/www.laguiadepamplona.com\\\/actualidad\\\/mas-de-medio-centenar-de-personas-se-interesan-en-la-futura-comunidad-energetica-de-la-rochapea\\\/#primaryimage\"},\"image\":{\"@id\":\"https:\\\/\\\/www.laguiadepamplona.com\\\/actualidad\\\/mas-de-medio-centenar-de-personas-se-interesan-en-la-futura-comunidad-energetica-de-la-rochapea\\\/#primaryimage\"},\"thumbnailUrl\":\"https:\\\/\\\/www.laguiadepamplona.com\\\/actualidad\\\/wp-content\\\/uploads\\\/2023\\\/02\\\/comenergetica3_1.webp\",\"datePublished\":\"2023-02-17T12:29:08+00:00\",\"dateModified\":\"2023-04-11T09:47:10+00:00\",\"description\":\"M\u00e1s de medio centenar de personas se interesan en la futura comunidad energ\u00e9tica de la Rochapea\",\"breadcrumb\":{\"@id\":\"https:\\\/\\\/www.laguiadepamplona.com\\\/actualidad\\\/mas-de-medio-centenar-de-personas-se-interesan-en-la-futura-comunidad-energetica-de-la-rochapea\\\/#breadcrumb\"},\"inLanguage\":\"es\",\"potentialAction\":[{\"@type\":\"ReadAction\",\"target\":[\"https:\\\/\\\/www.laguiadepamplona.com\\\/actualidad\\\/mas-de-medio-centenar-de-personas-se-interesan-en-la-futura-comunidad-energetica-de-la-rochapea\\\/\"]}]},{\"@type\":\"ImageObject\",\"inLanguage\":\"es\",\"@id\":\"https:\\\/\\\/www.laguiadepamplona.com\\\/actualidad\\\/mas-de-medio-centenar-de-personas-se-interesan-en-la-futura-comunidad-energetica-de-la-rochapea\\\/#primaryimage\",\"url\":\"https:\\\/\\\/www.laguiadepamplona.com\\\/actualidad\\\/wp-content\\\/uploads\\\/2023\\\/02\\\/comenergetica3_1.webp\",\"contentUrl\":\"https:\\\/\\\/www.laguiadepamplona.com\\\/actualidad\\\/wp-content\\\/uploads\\\/2023\\\/02\\\/comenergetica3_1.webp\",\"width\":1779,\"height\":864},{\"@type\":\"BreadcrumbList\",\"@id\":\"https:\\\/\\\/www.laguiadepamplona.com\\\/actualidad\\\/mas-de-medio-centenar-de-personas-se-interesan-en-la-futura-comunidad-energetica-de-la-rochapea\\\/#breadcrumb\",\"itemListElement\":[{\"@type\":\"ListItem\",\"position\":1,\"name\":\"Portada\",\"item\":\"https:\\\/\\\/www.laguiadepamplona.com\\\/actualidad\\\/\"},{\"@type\":\"ListItem\",\"position\":2,\"name\":\"M\u00e1s de medio centenar de personas se interesan en la futura comunidad energ\u00e9tica de la Rochapea\"}]},{\"@type\":\"WebSite\",\"@id\":\"https:\\\/\\\/www.laguiadepamplona.com\\\/actualidad\\\/#website\",\"url\":\"https:\\\/\\\/www.laguiadepamplona.com\\\/actualidad\\\/\",\"name\":\"La gu\u00eda de Pamplona\",\"description\":\"Noticias de Pamplona\",\"publisher\":{\"@id\":\"https:\\\/\\\/www.laguiadepamplona.com\\\/actualidad\\\/#organization\"},\"potentialAction\":[{\"@type\":\"SearchAction\",\"target\":{\"@type\":\"EntryPoint\",\"urlTemplate\":\"https:\\\/\\\/www.laguiadepamplona.com\\\/actualidad\\\/?s={search_term_string}\"},\"query-input\":{\"@type\":\"PropertyValueSpecification\",\"valueRequired\":true,\"valueName\":\"search_term_string\"}}],\"inLanguage\":\"es\"},{\"@type\":\"Organization\",\"@id\":\"https:\\\/\\\/www.laguiadepamplona.com\\\/actualidad\\\/#organization\",\"name\":\"La Gu\u00eda de Pamplona \\\/ Noticias\",\"url\":\"https:\\\/\\\/www.laguiadepamplona.com\\\/actualidad\\\/\",\"logo\":{\"@type\":\"ImageObject\",\"inLanguage\":\"es\",\"@id\":\"https:\\\/\\\/www.laguiadepamplona.com\\\/actualidad\\\/#\\\/schema\\\/logo\\\/image\\\/\",\"url\":\"https:\\\/\\\/www.laguiadepamplona.com\\\/actualidad\\\/wp-content\\\/uploads\\\/2018\\\/11\\\/logo-laguiadepamplona18-web1.png\",\"contentUrl\":\"https:\\\/\\\/www.laguiadepamplona.com\\\/actualidad\\\/wp-content\\\/uploads\\\/2018\\\/11\\\/logo-laguiadepamplona18-web1.png\",\"width\":600,\"height\":196,\"caption\":\"La Gu\u00eda de Pamplona \\\/ Noticias\"},\"image\":{\"@id\":\"https:\\\/\\\/www.laguiadepamplona.com\\\/actualidad\\\/#\\\/schema\\\/logo\\\/image\\\/\"},\"sameAs\":[\"https:\\\/\\\/www.facebook.com\\\/laguiadepamplonacom-133175176762273\\\/?ref=hl\",\"https:\\\/\\\/x.com\\\/LaGuiadPamplona\",\"https:\\\/\\\/www.instagram.com\\\/la_guia_de_pamplona\\\/\",\"https:\\\/\\\/www.youtube.com\\\/user\\\/laguiadepamplona\"]},{\"@type\":\"Person\",\"@id\":\"https:\\\/\\\/www.laguiadepamplona.com\\\/actualidad\\\/#\\\/schema\\\/person\\\/efe887376f0213d4657c93adc50b1fdb\",\"name\":\"La Gu\u00eda de Pamplona\",\"image\":{\"@type\":\"ImageObject\",\"inLanguage\":\"es\",\"@id\":\"https:\\\/\\\/secure.gravatar.com\\\/avatar\\\/b6992f131dc8d30ab0dff15446e9d346d9dbd95992de0fef795073f5ea83a81c?s=96&d=mm&r=g\",\"url\":\"https:\\\/\\\/secure.gravatar.com\\\/avatar\\\/b6992f131dc8d30ab0dff15446e9d346d9dbd95992de0fef795073f5ea83a81c?s=96&d=mm&r=g\",\"contentUrl\":\"https:\\\/\\\/secure.gravatar.com\\\/avatar\\\/b6992f131dc8d30ab0dff15446e9d346d9dbd95992de0fef795073f5ea83a81c?s=96&d=mm&r=g\",\"caption\":\"La Gu\u00eda de Pamplona\"}}]}<\/script>\n<!-- \/ Yoast SEO plugin. -->","yoast_head_json":{"title":"M\u00e1s de medio centenar de personas se interesan en la futura comunidad energ\u00e9tica de la Rochapea","description":"M\u00e1s de medio centenar de personas se interesan en la futura comunidad energ\u00e9tica de la Rochapea","robots":{"index":"index","follow":"follow","max-snippet":"max-snippet:-1","max-image-preview":"max-image-preview:large","max-video-preview":"max-video-preview:-1"},"canonical":"https:\/\/www.laguiadepamplona.com\/actualidad\/mas-de-medio-centenar-de-personas-se-interesan-en-la-futura-comunidad-energetica-de-la-rochapea\/","og_locale":"es_ES","og_type":"article","og_title":"M\u00e1s de medio centenar de personas se interesan en la futura comunidad energ\u00e9tica de la Rochapea","og_description":"M\u00e1s de medio centenar de personas se interesan en la futura comunidad energ\u00e9tica de la Rochapea","og_url":"https:\/\/www.laguiadepamplona.com\/actualidad\/mas-de-medio-centenar-de-personas-se-interesan-en-la-futura-comunidad-energetica-de-la-rochapea\/","og_site_name":"La Gu\u00eda de Pamplona","article_publisher":"https:\/\/www.facebook.com\/laguiadepamplonacom-133175176762273\/?ref=hl","article_published_time":"2023-02-17T12:29:08+00:00","article_modified_time":"2023-04-11T09:47:10+00:00","og_image":[{"width":1779,"height":864,"url":"https:\/\/www.laguiadepamplona.com\/actualidad\/wp-content\/uploads\/2023\/02\/comenergetica3_1.webp","type":"image\/webp"}],"author":"La Gu\u00eda de Pamplona","twitter_card":"summary_large_image","twitter_creator":"@LaGuiadPamplona","twitter_site":"@LaGuiadPamplona","twitter_misc":{"Escrito por":"La Gu\u00eda de Pamplona","Tiempo de lectura":"4 minutos"},"schema":{"@context":"https:\/\/schema.org","@graph":[{"@type":"Article","@id":"https:\/\/www.laguiadepamplona.com\/actualidad\/mas-de-medio-centenar-de-personas-se-interesan-en-la-futura-comunidad-energetica-de-la-rochapea\/#article","isPartOf":{"@id":"https:\/\/www.laguiadepamplona.com\/actualidad\/mas-de-medio-centenar-de-personas-se-interesan-en-la-futura-comunidad-energetica-de-la-rochapea\/"},"author":{"name":"La Gu\u00eda de Pamplona","@id":"https:\/\/www.laguiadepamplona.com\/actualidad\/#\/schema\/person\/efe887376f0213d4657c93adc50b1fdb"},"headline":"M\u00e1s de medio centenar de personas se interesan en la futura comunidad energ\u00e9tica de la Rochapea","datePublished":"2023-02-17T12:29:08+00:00","dateModified":"2023-04-11T09:47:10+00:00","mainEntityOfPage":{"@id":"https:\/\/www.laguiadepamplona.com\/actualidad\/mas-de-medio-centenar-de-personas-se-interesan-en-la-futura-comunidad-energetica-de-la-rochapea\/"},"wordCount":764,"commentCount":0,"publisher":{"@id":"https:\/\/www.laguiadepamplona.com\/actualidad\/#organization"},"image":{"@id":"https:\/\/www.laguiadepamplona.com\/actualidad\/mas-de-medio-centenar-de-personas-se-interesan-en-la-futura-comunidad-energetica-de-la-rochapea\/#primaryimage"},"thumbnailUrl":"https:\/\/www.laguiadepamplona.com\/actualidad\/wp-content\/uploads\/2023\/02\/comenergetica3_1.webp","articleSection":["Ayto Pamplona"],"inLanguage":"es","potentialAction":[{"@type":"CommentAction","name":"Comment","target":["https:\/\/www.laguiadepamplona.com\/actualidad\/mas-de-medio-centenar-de-personas-se-interesan-en-la-futura-comunidad-energetica-de-la-rochapea\/#respond"]}]},{"@type":"WebPage","@id":"https:\/\/www.laguiadepamplona.com\/actualidad\/mas-de-medio-centenar-de-personas-se-interesan-en-la-futura-comunidad-energetica-de-la-rochapea\/","url":"https:\/\/www.laguiadepamplona.com\/actualidad\/mas-de-medio-centenar-de-personas-se-interesan-en-la-futura-comunidad-energetica-de-la-rochapea\/","name":"M\u00e1s de medio centenar de personas se interesan en la futura comunidad energ\u00e9tica de la Rochapea","isPartOf":{"@id":"https:\/\/www.laguiadepamplona.com\/actualidad\/#website"},"primaryImageOfPage":{"@id":"https:\/\/www.laguiadepamplona.com\/actualidad\/mas-de-medio-centenar-de-personas-se-interesan-en-la-futura-comunidad-energetica-de-la-rochapea\/#primaryimage"},"image":{"@id":"https:\/\/www.laguiadepamplona.com\/actualidad\/mas-de-medio-centenar-de-personas-se-interesan-en-la-futura-comunidad-energetica-de-la-rochapea\/#primaryimage"},"thumbnailUrl":"https:\/\/www.laguiadepamplona.com\/actualidad\/wp-content\/uploads\/2023\/02\/comenergetica3_1.webp","datePublished":"2023-02-17T12:29:08+00:00","dateModified":"2023-04-11T09:47:10+00:00","description":"M\u00e1s de medio centenar de personas se interesan en la futura comunidad energ\u00e9tica de la Rochapea","breadcrumb":{"@id":"https:\/\/www.laguiadepamplona.com\/actualidad\/mas-de-medio-centenar-de-personas-se-interesan-en-la-futura-comunidad-energetica-de-la-rochapea\/#breadcrumb"},"inLanguage":"es","potentialAction":[{"@type":"ReadAction","target":["https:\/\/www.laguiadepamplona.com\/actualidad\/mas-de-medio-centenar-de-personas-se-interesan-en-la-futura-comunidad-energetica-de-la-rochapea\/"]}]},{"@type":"ImageObject","inLanguage":"es","@id":"https:\/\/www.laguiadepamplona.com\/actualidad\/mas-de-medio-centenar-de-personas-se-interesan-en-la-futura-comunidad-energetica-de-la-rochapea\/#primaryimage","url":"https:\/\/www.laguiadepamplona.com\/actualidad\/wp-content\/uploads\/2023\/02\/comenergetica3_1.webp","contentUrl":"https:\/\/www.laguiadepamplona.com\/actualidad\/wp-content\/uploads\/2023\/02\/comenergetica3_1.webp","width":1779,"height":864},{"@type":"BreadcrumbList","@id":"https:\/\/www.laguiadepamplona.com\/actualidad\/mas-de-medio-centenar-de-personas-se-interesan-en-la-futura-comunidad-energetica-de-la-rochapea\/#breadcrumb","itemListElement":[{"@type":"ListItem","position":1,"name":"Portada","item":"https:\/\/www.laguiadepamplona.com\/actualidad\/"},{"@type":"ListItem","position":2,"name":"M\u00e1s de medio centenar de personas se interesan en la futura comunidad energ\u00e9tica de la Rochapea"}]},{"@type":"WebSite","@id":"https:\/\/www.laguiadepamplona.com\/actualidad\/#website","url":"https:\/\/www.laguiadepamplona.com\/actualidad\/","name":"La gu\u00eda de Pamplona","description":"Noticias de Pamplona","publisher":{"@id":"https:\/\/www.laguiadepamplona.com\/actualidad\/#organization"},"potentialAction":[{"@type":"SearchAction","target":{"@type":"EntryPoint","urlTemplate":"https:\/\/www.laguiadepamplona.com\/actualidad\/?s={search_term_string}"},"query-input":{"@type":"PropertyValueSpecification","valueRequired":true,"valueName":"search_term_string"}}],"inLanguage":"es"},{"@type":"Organization","@id":"https:\/\/www.laguiadepamplona.com\/actualidad\/#organization","name":"La Gu\u00eda de Pamplona \/ Noticias","url":"https:\/\/www.laguiadepamplona.com\/actualidad\/","logo":{"@type":"ImageObject","inLanguage":"es","@id":"https:\/\/www.laguiadepamplona.com\/actualidad\/#\/schema\/logo\/image\/","url":"https:\/\/www.laguiadepamplona.com\/actualidad\/wp-content\/uploads\/2018\/11\/logo-laguiadepamplona18-web1.png","contentUrl":"https:\/\/www.laguiadepamplona.com\/actualidad\/wp-content\/uploads\/2018\/11\/logo-laguiadepamplona18-web1.png","width":600,"height":196,"caption":"La Gu\u00eda de Pamplona \/ Noticias"},"image":{"@id":"https:\/\/www.laguiadepamplona.com\/actualidad\/#\/schema\/logo\/image\/"},"sameAs":["https:\/\/www.facebook.com\/laguiadepamplonacom-133175176762273\/?ref=hl","https:\/\/x.com\/LaGuiadPamplona","https:\/\/www.instagram.com\/la_guia_de_pamplona\/","https:\/\/www.youtube.com\/user\/laguiadepamplona"]},{"@type":"Person","@id":"https:\/\/www.laguiadepamplona.com\/actualidad\/#\/schema\/person\/efe887376f0213d4657c93adc50b1fdb","name":"La Gu\u00eda de Pamplona","image":{"@type":"ImageObject","inLanguage":"es","@id":"https:\/\/secure.gravatar.com\/avatar\/b6992f131dc8d30ab0dff15446e9d346d9dbd95992de0fef795073f5ea83a81c?s=96&d=mm&r=g","url":"https:\/\/secure.gravatar.com\/avatar\/b6992f131dc8d30ab0dff15446e9d346d9dbd95992de0fef795073f5ea83a81c?s=96&d=mm&r=g","contentUrl":"https:\/\/secure.gravatar.com\/avatar\/b6992f131dc8d30ab0dff15446e9d346d9dbd95992de0fef795073f5ea83a81c?s=96&d=mm&r=g","caption":"La Gu\u00eda de Pamplona"}}]}},"post_mailing_queue_ids":[],"_links":{"self":[{"href":"https:\/\/www.laguiadepamplona.com\/actualidad\/wp-json\/wp\/v2\/posts\/42913","targetHints":{"allow":["GET"]}}],"collection":[{"href":"https:\/\/www.laguiadepamplona.com\/actualidad\/wp-json\/wp\/v2\/posts"}],"about":[{"href":"https:\/\/www.laguiadepamplona.com\/actualidad\/wp-json\/wp\/v2\/types\/post"}],"author":[{"embeddable":true,"href":"https:\/\/www.laguiadepamplona.com\/actualidad\/wp-json\/wp\/v2\/users\/1"}],"replies":[{"embeddable":true,"href":"https:\/\/www.laguiadepamplona.com\/actualidad\/wp-json\/wp\/v2\/comments?post=42913"}],"version-history":[{"count":0,"href":"https:\/\/www.laguiadepamplona.com\/actualidad\/wp-json\/wp\/v2\/posts\/42913\/revisions"}],"wp:featuredmedia":[{"embeddable":true,"href":"https:\/\/www.laguiadepamplona.com\/actualidad\/wp-json\/wp\/v2\/media\/42914"}],"wp:attachment":[{"href":"https:\/\/www.laguiadepamplona.com\/actualidad\/wp-json\/wp\/v2\/media?parent=42913"}],"wp:term":[{"taxonomy":"category","embeddable":true,"href":"https:\/\/www.laguiadepamplona.com\/actualidad\/wp-json\/wp\/v2\/categories?post=42913"},{"taxonomy":"post_tag","embeddable":true,"href":"https:\/\/www.laguiadepamplona.com\/actualidad\/wp-json\/wp\/v2\/tags?post=42913"}],"curies":[{"name":"wp","href":"https:\/\/api.w.org\/{rel}","templated":true}]}}