{"id":42910,"date":"2023-02-17T14:27:16","date_gmt":"2023-02-17T12:27:16","guid":{"rendered":"https:\/\/www.laguiadepamplona.com\/actualidad\/?p=42910"},"modified":"2023-04-11T11:47:11","modified_gmt":"2023-04-11T09:47:11","slug":"pamplona-estrena-dos-nuevos-aparcamientos-cubiertos-para-bicicletas-en-la-calle-taconera-y-en-la-plaza-de-europa","status":"publish","type":"post","link":"https:\/\/www.laguiadepamplona.com\/actualidad\/pamplona-estrena-dos-nuevos-aparcamientos-cubiertos-para-bicicletas-en-la-calle-taconera-y-en-la-plaza-de-europa\/","title":{"rendered":"Pamplona estrena dos nuevos aparcamientos cubiertos para bicicletas en la calle Taconera y en la plaza de Europa"},"content":{"rendered":"<h5>Cada uno de ellos cuenta con 20 plazas y han supuesto una inversi\u00f3n de 56.200 euros, financiados con fondos europeos Next Generation EU<\/h5>\n<p><!--more--><\/p>\n<p>Dos nuevos aparcamientos cubiertos y videovigilados para bicicletas han entrado en funcionamiento este viernes en la calle Taconera, frente a la iglesia de San Lorenzo, y en la plaza de Europa. Cuentan con 20 plazas cada uno y est\u00e1n integrados en la red p\u00fablica de aparcamientos para bicicletas de Pamplona. El Ayuntamiento de Pamplona ha invertido 56.200 euros, financiados mediante fondos europeos Next Generation EU, a trav\u00e9s del Plan de Recuperaci\u00f3n, Transformaci\u00f3n y Resiliencia del Gobierno de Espa\u00f1a.<br \/>\n<script async src=\"\/\/pagead2.googlesyndication.com\/pagead\/js\/adsbygoogle.js\"><\/script><br \/>\n<!-- Noticias La Guia de Pamplona --><br \/>\n<ins class=\"adsbygoogle\"\nstyle=\"display:block\"\ndata-ad-client=\"ca-pub-6943679897239327\"\ndata-ad-slot=\"7048180777\"\ndata-ad-format=\"auto\"><\/ins><br \/>\n<script>\n(adsbygoogle = window.adsbygoogle || []).push({});\n<\/script><\/p>\n<p>La financiaci\u00f3n europea ha llegado dentro del proyecto SF365 que coordina el \u00e1rea de Turismo del Ayuntamiento de Pamplona. La elecci\u00f3n de su ubicaci\u00f3n se debe a un doble objetivo: fomentar el uso de la bicicleta entre la ciudadan\u00eda pamplonesa dotando a Pamplona de nuevos puntos de aparcamiento seguro y protegido, y ofrecer una dotaci\u00f3n de aparcamiento para bicicletas de estas caracter\u00edsticas que puedan ser utilizados por visitantes y turistas ya que se encuentran instalados cerca de algunos de los complejos hoteleros con m\u00e1s habitaciones de la ciudad.<\/p>\n<p>Esta red de aparcamientos para bicicletas Nbici tiene un car\u00e1cter rotatorio, de tal manera que las personas usuarias abonan una tarifa de 2 euros al mes, que permite aparcamientos de hasta 48 horas sin pago adicional. A partir de esos dos d\u00edas de tiempo m\u00e1ximo de estancia, se deber\u00e1 abonar una tarifa de 0,5 euros por cada hora de m\u00e1s. En la app Nbici se gestionan las altas, los pagos y los accesos a los aparcamientos, as\u00ed como incidencias y otras cuestiones. El acceso al aparcamiento se realiza a trav\u00e9s de la app o mediante un c\u00f3digo personal que se debe teclear en la botonera de la puerta exterior.<br \/>\n<script async src=\"\/\/pagead2.googlesyndication.com\/pagead\/js\/adsbygoogle.js\"><\/script><br \/>\n<!-- Noticias La Guia de Pamplona --><br \/>\n<ins class=\"adsbygoogle\"\nstyle=\"display:block\"\ndata-ad-client=\"ca-pub-6943679897239327\"\ndata-ad-slot=\"7048180777\"\ndata-ad-format=\"auto\"><\/ins><br \/>\n<script>\n(adsbygoogle = window.adsbygoogle || []).push({});\n<\/script><\/p>\n<p>Pamplona cuenta ya con diez aparcamientos p\u00fablicos de este tipo en la ciudad, que suman 330 plazas cubiertas, videovigiladas y seguras. Los diez aparcamientos se ubican en el exterior de la Plaza de Toros, en la plaza Arriurdi\u00f1eta (Txantrea), en la calle Yanguas y Miranda, en la calle Garc\u00eda Xim\u00e9nez, en la calle Monasterio de Irache (junto a la Vaguada), en el Complejo Hospitalario de Navarra, en el paseo P\u00e9rez Goyena (junto a la Biblioteca General), en la calle Esqu\u00edroz (junto a Civivox Iturrama), en la calle Taconera y en la plaza de Europa. A ellos hay que sumar el aparcamiento instalado en Berriozar que, mediante convenio entre ambos ayuntamientos, se integra tambi\u00e9n en esta red Nbici.<\/p>\n","protected":false},"excerpt":{"rendered":"<p>Cada uno de ellos cuenta con 20 plazas y han supuesto una inversi\u00f3n de 56.200 euros, financiados con fondos europeos Next Generation EU<\/p>\n","protected":false},"author":1,"featured_media":42911,"comment_status":"open","ping_status":"closed","sticky":false,"template":"","format":"standard","meta":{"footnotes":""},"categories":[2],"tags":[],"class_list":["post-42910","post","type-post","status-publish","format-standard","has-post-thumbnail","hentry","category-ayuntamiento-pamplona"],"yoast_head":"<!-- This site is optimized with the Yoast SEO plugin v27.3 - https:\/\/yoast.com\/product\/yoast-seo-wordpress\/ -->\n<title>Pamplona estrena dos nuevos aparcamientos cubiertos para bicicletas en la calle Taconera y en la plaza de Europa<\/title>\n<meta name=\"description\" content=\"Cada uno de ellos cuenta con 20 plazas y han supuesto una inversi\u00f3n de 56.200 euros, financiados con fondos europeos Next Generation EU\" \/>\n<meta name=\"robots\" content=\"index, follow, max-snippet:-1, max-image-preview:large, max-video-preview:-1\" \/>\n<link rel=\"canonical\" href=\"https:\/\/www.laguiadepamplona.com\/actualidad\/pamplona-estrena-dos-nuevos-aparcamientos-cubiertos-para-bicicletas-en-la-calle-taconera-y-en-la-plaza-de-europa\/\" \/>\n<meta property=\"og:locale\" content=\"es_ES\" \/>\n<meta property=\"og:type\" content=\"article\" \/>\n<meta property=\"og:title\" content=\"Pamplona estrena dos nuevos aparcamientos cubiertos para bicicletas en la calle Taconera y en la plaza de Europa\" \/>\n<meta property=\"og:description\" content=\"Cada uno de ellos cuenta con 20 plazas y han supuesto una inversi\u00f3n de 56.200 euros, financiados con fondos europeos Next Generation EU\" \/>\n<meta property=\"og:url\" content=\"https:\/\/www.laguiadepamplona.com\/actualidad\/pamplona-estrena-dos-nuevos-aparcamientos-cubiertos-para-bicicletas-en-la-calle-taconera-y-en-la-plaza-de-europa\/\" \/>\n<meta property=\"og:site_name\" content=\"La Gu\u00eda de Pamplona\" \/>\n<meta property=\"article:publisher\" content=\"https:\/\/www.facebook.com\/laguiadepamplonacom-133175176762273\/?ref=hl\" \/>\n<meta property=\"article:published_time\" content=\"2023-02-17T12:27:16+00:00\" \/>\n<meta property=\"article:modified_time\" content=\"2023-04-11T09:47:11+00:00\" \/>\n<meta property=\"og:image\" content=\"https:\/\/www.laguiadepamplona.com\/actualidad\/wp-content\/uploads\/2023\/02\/APARCA-BICIS_EE5A8932.webp\" \/>\n\t<meta property=\"og:image:width\" content=\"1920\" \/>\n\t<meta property=\"og:image:height\" content=\"1280\" \/>\n\t<meta property=\"og:image:type\" content=\"image\/webp\" \/>\n<meta name=\"author\" content=\"La Gu\u00eda de Pamplona\" \/>\n<meta name=\"twitter:card\" content=\"summary_large_image\" \/>\n<meta name=\"twitter:creator\" content=\"@LaGuiadPamplona\" \/>\n<meta name=\"twitter:site\" content=\"@LaGuiadPamplona\" \/>\n<meta name=\"twitter:label1\" content=\"Escrito por\" \/>\n\t<meta name=\"twitter:data1\" content=\"La Gu\u00eda de Pamplona\" \/>\n\t<meta name=\"twitter:label2\" content=\"Tiempo de lectura\" \/>\n\t<meta name=\"twitter:data2\" content=\"2 minutos\" \/>\n<script type=\"application\/ld+json\" class=\"yoast-schema-graph\">{\"@context\":\"https:\\\/\\\/schema.org\",\"@graph\":[{\"@type\":\"Article\",\"@id\":\"https:\\\/\\\/www.laguiadepamplona.com\\\/actualidad\\\/pamplona-estrena-dos-nuevos-aparcamientos-cubiertos-para-bicicletas-en-la-calle-taconera-y-en-la-plaza-de-europa\\\/#article\",\"isPartOf\":{\"@id\":\"https:\\\/\\\/www.laguiadepamplona.com\\\/actualidad\\\/pamplona-estrena-dos-nuevos-aparcamientos-cubiertos-para-bicicletas-en-la-calle-taconera-y-en-la-plaza-de-europa\\\/\"},\"author\":{\"name\":\"La Gu\u00eda de Pamplona\",\"@id\":\"https:\\\/\\\/www.laguiadepamplona.com\\\/actualidad\\\/#\\\/schema\\\/person\\\/efe887376f0213d4657c93adc50b1fdb\"},\"headline\":\"Pamplona estrena dos nuevos aparcamientos cubiertos para bicicletas en la calle Taconera y en la plaza de Europa\",\"datePublished\":\"2023-02-17T12:27:16+00:00\",\"dateModified\":\"2023-04-11T09:47:11+00:00\",\"mainEntityOfPage\":{\"@id\":\"https:\\\/\\\/www.laguiadepamplona.com\\\/actualidad\\\/pamplona-estrena-dos-nuevos-aparcamientos-cubiertos-para-bicicletas-en-la-calle-taconera-y-en-la-plaza-de-europa\\\/\"},\"wordCount\":452,\"commentCount\":0,\"publisher\":{\"@id\":\"https:\\\/\\\/www.laguiadepamplona.com\\\/actualidad\\\/#organization\"},\"image\":{\"@id\":\"https:\\\/\\\/www.laguiadepamplona.com\\\/actualidad\\\/pamplona-estrena-dos-nuevos-aparcamientos-cubiertos-para-bicicletas-en-la-calle-taconera-y-en-la-plaza-de-europa\\\/#primaryimage\"},\"thumbnailUrl\":\"https:\\\/\\\/www.laguiadepamplona.com\\\/actualidad\\\/wp-content\\\/uploads\\\/2023\\\/02\\\/APARCA-BICIS_EE5A8932.webp\",\"articleSection\":[\"Ayto Pamplona\"],\"inLanguage\":\"es\",\"potentialAction\":[{\"@type\":\"CommentAction\",\"name\":\"Comment\",\"target\":[\"https:\\\/\\\/www.laguiadepamplona.com\\\/actualidad\\\/pamplona-estrena-dos-nuevos-aparcamientos-cubiertos-para-bicicletas-en-la-calle-taconera-y-en-la-plaza-de-europa\\\/#respond\"]}]},{\"@type\":\"WebPage\",\"@id\":\"https:\\\/\\\/www.laguiadepamplona.com\\\/actualidad\\\/pamplona-estrena-dos-nuevos-aparcamientos-cubiertos-para-bicicletas-en-la-calle-taconera-y-en-la-plaza-de-europa\\\/\",\"url\":\"https:\\\/\\\/www.laguiadepamplona.com\\\/actualidad\\\/pamplona-estrena-dos-nuevos-aparcamientos-cubiertos-para-bicicletas-en-la-calle-taconera-y-en-la-plaza-de-europa\\\/\",\"name\":\"Pamplona estrena dos nuevos aparcamientos cubiertos para bicicletas en la calle Taconera y en la plaza de Europa\",\"isPartOf\":{\"@id\":\"https:\\\/\\\/www.laguiadepamplona.com\\\/actualidad\\\/#website\"},\"primaryImageOfPage\":{\"@id\":\"https:\\\/\\\/www.laguiadepamplona.com\\\/actualidad\\\/pamplona-estrena-dos-nuevos-aparcamientos-cubiertos-para-bicicletas-en-la-calle-taconera-y-en-la-plaza-de-europa\\\/#primaryimage\"},\"image\":{\"@id\":\"https:\\\/\\\/www.laguiadepamplona.com\\\/actualidad\\\/pamplona-estrena-dos-nuevos-aparcamientos-cubiertos-para-bicicletas-en-la-calle-taconera-y-en-la-plaza-de-europa\\\/#primaryimage\"},\"thumbnailUrl\":\"https:\\\/\\\/www.laguiadepamplona.com\\\/actualidad\\\/wp-content\\\/uploads\\\/2023\\\/02\\\/APARCA-BICIS_EE5A8932.webp\",\"datePublished\":\"2023-02-17T12:27:16+00:00\",\"dateModified\":\"2023-04-11T09:47:11+00:00\",\"description\":\"Cada uno de ellos cuenta con 20 plazas y han supuesto una inversi\u00f3n de 56.200 euros, financiados con fondos europeos Next Generation EU\",\"breadcrumb\":{\"@id\":\"https:\\\/\\\/www.laguiadepamplona.com\\\/actualidad\\\/pamplona-estrena-dos-nuevos-aparcamientos-cubiertos-para-bicicletas-en-la-calle-taconera-y-en-la-plaza-de-europa\\\/#breadcrumb\"},\"inLanguage\":\"es\",\"potentialAction\":[{\"@type\":\"ReadAction\",\"target\":[\"https:\\\/\\\/www.laguiadepamplona.com\\\/actualidad\\\/pamplona-estrena-dos-nuevos-aparcamientos-cubiertos-para-bicicletas-en-la-calle-taconera-y-en-la-plaza-de-europa\\\/\"]}]},{\"@type\":\"ImageObject\",\"inLanguage\":\"es\",\"@id\":\"https:\\\/\\\/www.laguiadepamplona.com\\\/actualidad\\\/pamplona-estrena-dos-nuevos-aparcamientos-cubiertos-para-bicicletas-en-la-calle-taconera-y-en-la-plaza-de-europa\\\/#primaryimage\",\"url\":\"https:\\\/\\\/www.laguiadepamplona.com\\\/actualidad\\\/wp-content\\\/uploads\\\/2023\\\/02\\\/APARCA-BICIS_EE5A8932.webp\",\"contentUrl\":\"https:\\\/\\\/www.laguiadepamplona.com\\\/actualidad\\\/wp-content\\\/uploads\\\/2023\\\/02\\\/APARCA-BICIS_EE5A8932.webp\",\"width\":1920,\"height\":1280,\"caption\":\"aparca bicis\"},{\"@type\":\"BreadcrumbList\",\"@id\":\"https:\\\/\\\/www.laguiadepamplona.com\\\/actualidad\\\/pamplona-estrena-dos-nuevos-aparcamientos-cubiertos-para-bicicletas-en-la-calle-taconera-y-en-la-plaza-de-europa\\\/#breadcrumb\",\"itemListElement\":[{\"@type\":\"ListItem\",\"position\":1,\"name\":\"Portada\",\"item\":\"https:\\\/\\\/www.laguiadepamplona.com\\\/actualidad\\\/\"},{\"@type\":\"ListItem\",\"position\":2,\"name\":\"Pamplona estrena dos nuevos aparcamientos cubiertos para bicicletas en la calle Taconera y en la plaza de Europa\"}]},{\"@type\":\"WebSite\",\"@id\":\"https:\\\/\\\/www.laguiadepamplona.com\\\/actualidad\\\/#website\",\"url\":\"https:\\\/\\\/www.laguiadepamplona.com\\\/actualidad\\\/\",\"name\":\"La gu\u00eda de Pamplona\",\"description\":\"Noticias de Pamplona\",\"publisher\":{\"@id\":\"https:\\\/\\\/www.laguiadepamplona.com\\\/actualidad\\\/#organization\"},\"potentialAction\":[{\"@type\":\"SearchAction\",\"target\":{\"@type\":\"EntryPoint\",\"urlTemplate\":\"https:\\\/\\\/www.laguiadepamplona.com\\\/actualidad\\\/?s={search_term_string}\"},\"query-input\":{\"@type\":\"PropertyValueSpecification\",\"valueRequired\":true,\"valueName\":\"search_term_string\"}}],\"inLanguage\":\"es\"},{\"@type\":\"Organization\",\"@id\":\"https:\\\/\\\/www.laguiadepamplona.com\\\/actualidad\\\/#organization\",\"name\":\"La Gu\u00eda de Pamplona \\\/ Noticias\",\"url\":\"https:\\\/\\\/www.laguiadepamplona.com\\\/actualidad\\\/\",\"logo\":{\"@type\":\"ImageObject\",\"inLanguage\":\"es\",\"@id\":\"https:\\\/\\\/www.laguiadepamplona.com\\\/actualidad\\\/#\\\/schema\\\/logo\\\/image\\\/\",\"url\":\"https:\\\/\\\/www.laguiadepamplona.com\\\/actualidad\\\/wp-content\\\/uploads\\\/2018\\\/11\\\/logo-laguiadepamplona18-web1.png\",\"contentUrl\":\"https:\\\/\\\/www.laguiadepamplona.com\\\/actualidad\\\/wp-content\\\/uploads\\\/2018\\\/11\\\/logo-laguiadepamplona18-web1.png\",\"width\":600,\"height\":196,\"caption\":\"La Gu\u00eda de Pamplona \\\/ Noticias\"},\"image\":{\"@id\":\"https:\\\/\\\/www.laguiadepamplona.com\\\/actualidad\\\/#\\\/schema\\\/logo\\\/image\\\/\"},\"sameAs\":[\"https:\\\/\\\/www.facebook.com\\\/laguiadepamplonacom-133175176762273\\\/?ref=hl\",\"https:\\\/\\\/x.com\\\/LaGuiadPamplona\",\"https:\\\/\\\/www.instagram.com\\\/la_guia_de_pamplona\\\/\",\"https:\\\/\\\/www.youtube.com\\\/user\\\/laguiadepamplona\"]},{\"@type\":\"Person\",\"@id\":\"https:\\\/\\\/www.laguiadepamplona.com\\\/actualidad\\\/#\\\/schema\\\/person\\\/efe887376f0213d4657c93adc50b1fdb\",\"name\":\"La Gu\u00eda de Pamplona\",\"image\":{\"@type\":\"ImageObject\",\"inLanguage\":\"es\",\"@id\":\"https:\\\/\\\/secure.gravatar.com\\\/avatar\\\/b6992f131dc8d30ab0dff15446e9d346d9dbd95992de0fef795073f5ea83a81c?s=96&d=mm&r=g\",\"url\":\"https:\\\/\\\/secure.gravatar.com\\\/avatar\\\/b6992f131dc8d30ab0dff15446e9d346d9dbd95992de0fef795073f5ea83a81c?s=96&d=mm&r=g\",\"contentUrl\":\"https:\\\/\\\/secure.gravatar.com\\\/avatar\\\/b6992f131dc8d30ab0dff15446e9d346d9dbd95992de0fef795073f5ea83a81c?s=96&d=mm&r=g\",\"caption\":\"La Gu\u00eda de Pamplona\"}}]}<\/script>\n<!-- \/ Yoast SEO plugin. -->","yoast_head_json":{"title":"Pamplona estrena dos nuevos aparcamientos cubiertos para bicicletas en la calle Taconera y en la plaza de Europa","description":"Cada uno de ellos cuenta con 20 plazas y han supuesto una inversi\u00f3n de 56.200 euros, financiados con fondos europeos Next Generation EU","robots":{"index":"index","follow":"follow","max-snippet":"max-snippet:-1","max-image-preview":"max-image-preview:large","max-video-preview":"max-video-preview:-1"},"canonical":"https:\/\/www.laguiadepamplona.com\/actualidad\/pamplona-estrena-dos-nuevos-aparcamientos-cubiertos-para-bicicletas-en-la-calle-taconera-y-en-la-plaza-de-europa\/","og_locale":"es_ES","og_type":"article","og_title":"Pamplona estrena dos nuevos aparcamientos cubiertos para bicicletas en la calle Taconera y en la plaza de Europa","og_description":"Cada uno de ellos cuenta con 20 plazas y han supuesto una inversi\u00f3n de 56.200 euros, financiados con fondos europeos Next Generation EU","og_url":"https:\/\/www.laguiadepamplona.com\/actualidad\/pamplona-estrena-dos-nuevos-aparcamientos-cubiertos-para-bicicletas-en-la-calle-taconera-y-en-la-plaza-de-europa\/","og_site_name":"La Gu\u00eda de Pamplona","article_publisher":"https:\/\/www.facebook.com\/laguiadepamplonacom-133175176762273\/?ref=hl","article_published_time":"2023-02-17T12:27:16+00:00","article_modified_time":"2023-04-11T09:47:11+00:00","og_image":[{"width":1920,"height":1280,"url":"https:\/\/www.laguiadepamplona.com\/actualidad\/wp-content\/uploads\/2023\/02\/APARCA-BICIS_EE5A8932.webp","type":"image\/webp"}],"author":"La Gu\u00eda de Pamplona","twitter_card":"summary_large_image","twitter_creator":"@LaGuiadPamplona","twitter_site":"@LaGuiadPamplona","twitter_misc":{"Escrito por":"La Gu\u00eda de Pamplona","Tiempo de lectura":"2 minutos"},"schema":{"@context":"https:\/\/schema.org","@graph":[{"@type":"Article","@id":"https:\/\/www.laguiadepamplona.com\/actualidad\/pamplona-estrena-dos-nuevos-aparcamientos-cubiertos-para-bicicletas-en-la-calle-taconera-y-en-la-plaza-de-europa\/#article","isPartOf":{"@id":"https:\/\/www.laguiadepamplona.com\/actualidad\/pamplona-estrena-dos-nuevos-aparcamientos-cubiertos-para-bicicletas-en-la-calle-taconera-y-en-la-plaza-de-europa\/"},"author":{"name":"La Gu\u00eda de Pamplona","@id":"https:\/\/www.laguiadepamplona.com\/actualidad\/#\/schema\/person\/efe887376f0213d4657c93adc50b1fdb"},"headline":"Pamplona estrena dos nuevos aparcamientos cubiertos para bicicletas en la calle Taconera y en la plaza de Europa","datePublished":"2023-02-17T12:27:16+00:00","dateModified":"2023-04-11T09:47:11+00:00","mainEntityOfPage":{"@id":"https:\/\/www.laguiadepamplona.com\/actualidad\/pamplona-estrena-dos-nuevos-aparcamientos-cubiertos-para-bicicletas-en-la-calle-taconera-y-en-la-plaza-de-europa\/"},"wordCount":452,"commentCount":0,"publisher":{"@id":"https:\/\/www.laguiadepamplona.com\/actualidad\/#organization"},"image":{"@id":"https:\/\/www.laguiadepamplona.com\/actualidad\/pamplona-estrena-dos-nuevos-aparcamientos-cubiertos-para-bicicletas-en-la-calle-taconera-y-en-la-plaza-de-europa\/#primaryimage"},"thumbnailUrl":"https:\/\/www.laguiadepamplona.com\/actualidad\/wp-content\/uploads\/2023\/02\/APARCA-BICIS_EE5A8932.webp","articleSection":["Ayto Pamplona"],"inLanguage":"es","potentialAction":[{"@type":"CommentAction","name":"Comment","target":["https:\/\/www.laguiadepamplona.com\/actualidad\/pamplona-estrena-dos-nuevos-aparcamientos-cubiertos-para-bicicletas-en-la-calle-taconera-y-en-la-plaza-de-europa\/#respond"]}]},{"@type":"WebPage","@id":"https:\/\/www.laguiadepamplona.com\/actualidad\/pamplona-estrena-dos-nuevos-aparcamientos-cubiertos-para-bicicletas-en-la-calle-taconera-y-en-la-plaza-de-europa\/","url":"https:\/\/www.laguiadepamplona.com\/actualidad\/pamplona-estrena-dos-nuevos-aparcamientos-cubiertos-para-bicicletas-en-la-calle-taconera-y-en-la-plaza-de-europa\/","name":"Pamplona estrena dos nuevos aparcamientos cubiertos para bicicletas en la calle Taconera y en la plaza de Europa","isPartOf":{"@id":"https:\/\/www.laguiadepamplona.com\/actualidad\/#website"},"primaryImageOfPage":{"@id":"https:\/\/www.laguiadepamplona.com\/actualidad\/pamplona-estrena-dos-nuevos-aparcamientos-cubiertos-para-bicicletas-en-la-calle-taconera-y-en-la-plaza-de-europa\/#primaryimage"},"image":{"@id":"https:\/\/www.laguiadepamplona.com\/actualidad\/pamplona-estrena-dos-nuevos-aparcamientos-cubiertos-para-bicicletas-en-la-calle-taconera-y-en-la-plaza-de-europa\/#primaryimage"},"thumbnailUrl":"https:\/\/www.laguiadepamplona.com\/actualidad\/wp-content\/uploads\/2023\/02\/APARCA-BICIS_EE5A8932.webp","datePublished":"2023-02-17T12:27:16+00:00","dateModified":"2023-04-11T09:47:11+00:00","description":"Cada uno de ellos cuenta con 20 plazas y han supuesto una inversi\u00f3n de 56.200 euros, financiados con fondos europeos Next Generation EU","breadcrumb":{"@id":"https:\/\/www.laguiadepamplona.com\/actualidad\/pamplona-estrena-dos-nuevos-aparcamientos-cubiertos-para-bicicletas-en-la-calle-taconera-y-en-la-plaza-de-europa\/#breadcrumb"},"inLanguage":"es","potentialAction":[{"@type":"ReadAction","target":["https:\/\/www.laguiadepamplona.com\/actualidad\/pamplona-estrena-dos-nuevos-aparcamientos-cubiertos-para-bicicletas-en-la-calle-taconera-y-en-la-plaza-de-europa\/"]}]},{"@type":"ImageObject","inLanguage":"es","@id":"https:\/\/www.laguiadepamplona.com\/actualidad\/pamplona-estrena-dos-nuevos-aparcamientos-cubiertos-para-bicicletas-en-la-calle-taconera-y-en-la-plaza-de-europa\/#primaryimage","url":"https:\/\/www.laguiadepamplona.com\/actualidad\/wp-content\/uploads\/2023\/02\/APARCA-BICIS_EE5A8932.webp","contentUrl":"https:\/\/www.laguiadepamplona.com\/actualidad\/wp-content\/uploads\/2023\/02\/APARCA-BICIS_EE5A8932.webp","width":1920,"height":1280,"caption":"aparca bicis"},{"@type":"BreadcrumbList","@id":"https:\/\/www.laguiadepamplona.com\/actualidad\/pamplona-estrena-dos-nuevos-aparcamientos-cubiertos-para-bicicletas-en-la-calle-taconera-y-en-la-plaza-de-europa\/#breadcrumb","itemListElement":[{"@type":"ListItem","position":1,"name":"Portada","item":"https:\/\/www.laguiadepamplona.com\/actualidad\/"},{"@type":"ListItem","position":2,"name":"Pamplona estrena dos nuevos aparcamientos cubiertos para bicicletas en la calle Taconera y en la plaza de Europa"}]},{"@type":"WebSite","@id":"https:\/\/www.laguiadepamplona.com\/actualidad\/#website","url":"https:\/\/www.laguiadepamplona.com\/actualidad\/","name":"La gu\u00eda de Pamplona","description":"Noticias de Pamplona","publisher":{"@id":"https:\/\/www.laguiadepamplona.com\/actualidad\/#organization"},"potentialAction":[{"@type":"SearchAction","target":{"@type":"EntryPoint","urlTemplate":"https:\/\/www.laguiadepamplona.com\/actualidad\/?s={search_term_string}"},"query-input":{"@type":"PropertyValueSpecification","valueRequired":true,"valueName":"search_term_string"}}],"inLanguage":"es"},{"@type":"Organization","@id":"https:\/\/www.laguiadepamplona.com\/actualidad\/#organization","name":"La Gu\u00eda de Pamplona \/ Noticias","url":"https:\/\/www.laguiadepamplona.com\/actualidad\/","logo":{"@type":"ImageObject","inLanguage":"es","@id":"https:\/\/www.laguiadepamplona.com\/actualidad\/#\/schema\/logo\/image\/","url":"https:\/\/www.laguiadepamplona.com\/actualidad\/wp-content\/uploads\/2018\/11\/logo-laguiadepamplona18-web1.png","contentUrl":"https:\/\/www.laguiadepamplona.com\/actualidad\/wp-content\/uploads\/2018\/11\/logo-laguiadepamplona18-web1.png","width":600,"height":196,"caption":"La Gu\u00eda de Pamplona \/ Noticias"},"image":{"@id":"https:\/\/www.laguiadepamplona.com\/actualidad\/#\/schema\/logo\/image\/"},"sameAs":["https:\/\/www.facebook.com\/laguiadepamplonacom-133175176762273\/?ref=hl","https:\/\/x.com\/LaGuiadPamplona","https:\/\/www.instagram.com\/la_guia_de_pamplona\/","https:\/\/www.youtube.com\/user\/laguiadepamplona"]},{"@type":"Person","@id":"https:\/\/www.laguiadepamplona.com\/actualidad\/#\/schema\/person\/efe887376f0213d4657c93adc50b1fdb","name":"La Gu\u00eda de Pamplona","image":{"@type":"ImageObject","inLanguage":"es","@id":"https:\/\/secure.gravatar.com\/avatar\/b6992f131dc8d30ab0dff15446e9d346d9dbd95992de0fef795073f5ea83a81c?s=96&d=mm&r=g","url":"https:\/\/secure.gravatar.com\/avatar\/b6992f131dc8d30ab0dff15446e9d346d9dbd95992de0fef795073f5ea83a81c?s=96&d=mm&r=g","contentUrl":"https:\/\/secure.gravatar.com\/avatar\/b6992f131dc8d30ab0dff15446e9d346d9dbd95992de0fef795073f5ea83a81c?s=96&d=mm&r=g","caption":"La Gu\u00eda de Pamplona"}}]}},"post_mailing_queue_ids":[],"_links":{"self":[{"href":"https:\/\/www.laguiadepamplona.com\/actualidad\/wp-json\/wp\/v2\/posts\/42910","targetHints":{"allow":["GET"]}}],"collection":[{"href":"https:\/\/www.laguiadepamplona.com\/actualidad\/wp-json\/wp\/v2\/posts"}],"about":[{"href":"https:\/\/www.laguiadepamplona.com\/actualidad\/wp-json\/wp\/v2\/types\/post"}],"author":[{"embeddable":true,"href":"https:\/\/www.laguiadepamplona.com\/actualidad\/wp-json\/wp\/v2\/users\/1"}],"replies":[{"embeddable":true,"href":"https:\/\/www.laguiadepamplona.com\/actualidad\/wp-json\/wp\/v2\/comments?post=42910"}],"version-history":[{"count":0,"href":"https:\/\/www.laguiadepamplona.com\/actualidad\/wp-json\/wp\/v2\/posts\/42910\/revisions"}],"wp:featuredmedia":[{"embeddable":true,"href":"https:\/\/www.laguiadepamplona.com\/actualidad\/wp-json\/wp\/v2\/media\/42911"}],"wp:attachment":[{"href":"https:\/\/www.laguiadepamplona.com\/actualidad\/wp-json\/wp\/v2\/media?parent=42910"}],"wp:term":[{"taxonomy":"category","embeddable":true,"href":"https:\/\/www.laguiadepamplona.com\/actualidad\/wp-json\/wp\/v2\/categories?post=42910"},{"taxonomy":"post_tag","embeddable":true,"href":"https:\/\/www.laguiadepamplona.com\/actualidad\/wp-json\/wp\/v2\/tags?post=42910"}],"curies":[{"name":"wp","href":"https:\/\/api.w.org\/{rel}","templated":true}]}}