{"id":42901,"date":"2023-02-17T14:20:16","date_gmt":"2023-02-17T12:20:16","guid":{"rendered":"https:\/\/www.laguiadepamplona.com\/actualidad\/?p=42901"},"modified":"2023-04-11T11:47:11","modified_gmt":"2023-04-11T09:47:11","slug":"este-viernes-se-abren-las-inscripciones-del-taller-gratuito-para-entender-la-factura-electrica-y-de-gas-dirigido-a-personas-mayores-de-65-anos","status":"publish","type":"post","link":"https:\/\/www.laguiadepamplona.com\/actualidad\/este-viernes-se-abren-las-inscripciones-del-taller-gratuito-para-entender-la-factura-electrica-y-de-gas-dirigido-a-personas-mayores-de-65-anos\/","title":{"rendered":"Este viernes se abren las inscripciones del taller gratuito para entender la factura el\u00e9ctrica y de gas, dirigido a personas mayores de 65 a\u00f1os"},"content":{"rendered":"<h5>Las plazas para el taller del jueves 2 de marzo por la ma\u00f1ana se completan por orden de llamada al 010 \u2013 948 420 100<\/h5>\n<p><!--more--><\/p>\n<p>Este viernes se abren las inscripciones para una nueva edici\u00f3n del taller gratuito que facilita a las personas mayores de 65 a\u00f1os entender la factura el\u00e9ctrica y de gas. El taller ofrece contenidos relacionados con las facturas y las personas participantes tambi\u00e9n pueden plantear las dudas que tengan. El taller del mes de marzo tendr\u00e1 lugar en Civivox Condestable, el jueves d\u00eda 2, de 10.30 a 12.30.<\/p>\n<p>Las plazas se completan por orden de llamada al tel\u00e9fono 010 \u2013 948 420 100, con preferencia para las personas empadronadas en Pamplona. Los temas previstos son los distintos conceptos que integran las facturas de electricidad y gas, la forma en que se calculan los recibos, c\u00f3mo saber qu\u00e9 tarifa se tiene contratada y si se tiene derecho al bono social.<br \/>\n<script async src=\"\/\/pagead2.googlesyndication.com\/pagead\/js\/adsbygoogle.js\"><\/script><br \/>\n<!-- Noticias La Guia de Pamplona --><br \/>\n<ins class=\"adsbygoogle\"\nstyle=\"display:block\"\ndata-ad-client=\"ca-pub-6943679897239327\"\ndata-ad-slot=\"7048180777\"\ndata-ad-format=\"auto\"><\/ins><br \/>\n<script>\n(adsbygoogle = window.adsbygoogle || []).push({});\n<\/script><\/p>\n<p>Las personas que lo deseen puede llevar sus propias facturas, para recibir informaci\u00f3n m\u00e1s detallada por parte del personal de la entidad TEDER, que est\u00e1 a cargo del taller. Esta entidad colabora con entidades locales en iniciativas que promueven el conocimiento. Adem\u00e1s, se dar\u00e1n consejos y se mostrar\u00e1n buenas pr\u00e1cticas que sirvan para ahorrar en las facturas.<\/p>\n<p>El taller se enmarca dentro del programa municipal \u2018Pamplona te cuida\u2019, que aglutina la oferta del Ayuntamiento para las personas mayores de 65 a\u00f1os, con el objetivo de promover el envejecimiento activo y saludable. Los talleres tambi\u00e9n forman parte de la estrategia Go Green Pamplona, denominaci\u00f3n de la Estrategia de Transici\u00f3n Energ\u00e9tica y Cambio Clim\u00e1tico 2030 del Ayuntamiento de Pamplona.<br \/>\n<script async src=\"\/\/pagead2.googlesyndication.com\/pagead\/js\/adsbygoogle.js\"><\/script><br \/>\n<!-- Noticias La Guia de Pamplona --><br \/>\n<ins class=\"adsbygoogle\"\nstyle=\"display:block\"\ndata-ad-client=\"ca-pub-6943679897239327\"\ndata-ad-slot=\"7048180777\"\ndata-ad-format=\"auto\"><\/ins><br \/>\n<script>\n(adsbygoogle = window.adsbygoogle || []).push({});\n<\/script><\/p>\n<p>&nbsp;<\/p>\n<h3>\u2018Descifra tu Factura El\u00e9ctrica y de Gas\u2019<\/h3>\n<ul>\n<li>Taller gratuito para mayores de 65<\/li>\n<li>Fecha: jueves 2 de marzo<\/li>\n<li>Horario: de 10.30 a 12.30<\/li>\n<li>Lugar: Civivox Condestable (calle Mayor, 2)<\/li>\n<li>Inscripciones: por orden de llamada al 010 \u2013 948 420 100<\/li>\n<li><strong>Contenido:<\/strong>\n<ul>\n<li>\u00bfQu\u00e9 conceptos componen mi factura de electricidad y gas?<\/li>\n<li>\u00bfC\u00f3mo se calcula mi recibo de electricidad?<\/li>\n<li>\u00bfQu\u00e9 tarifa el\u00e9ctrica tengo contratada? \u00bftengo derecho al bono social?<\/li>\n<li>\u00bfC\u00f3mo puedo ahorrar en mi factura?<\/li>\n<\/ul>\n<\/li>\n<\/ul>\n[qodef_button size=\u00bblarge\u00bb type=\u00bb\u00bb text=\u00bbdescibra tu factura el\u00e9ctrica y de gas.pdf\u00bb custom_class=\u00bb\u00bb icon_pack=\u00bbfont_elegant\u00bb fa_icon=\u00bbicon_download\u00bb link=\u00bbhttps:\/\/www.pamplona.es\/sites\/default\/files\/2023-02\/cartel-descifra-tu-factura2023condestablecast.pdf\u00bb target=\u00bb_blank\u00bb color=\u00bbffffff\u00bb hover_color=\u00bb\u00bb background_color=\u00bb\u00bb hover_background_color=\u00bb\u00bb border_color=\u00bb\u00bb hover_border_color=\u00bb\u00bb font_size=\u00bb\u00bb font_weight=\u00bb\u00bb margin=\u00bb\u00bb]\n","protected":false},"excerpt":{"rendered":"<p>Las plazas para el taller del jueves 2 de marzo por la ma\u00f1ana se completan por orden de llamada al 010 \u2013 948 420 100<\/p>\n","protected":false},"author":1,"featured_media":42902,"comment_status":"open","ping_status":"closed","sticky":false,"template":"","format":"standard","meta":{"footnotes":""},"categories":[2],"tags":[],"class_list":["post-42901","post","type-post","status-publish","format-standard","has-post-thumbnail","hentry","category-ayuntamiento-pamplona"],"yoast_head":"<!-- This site is optimized with the Yoast SEO plugin v27.3 - https:\/\/yoast.com\/product\/yoast-seo-wordpress\/ -->\n<title>Este viernes se abren las inscripciones del taller gratuito para entender la factura el\u00e9ctrica y de gas, dirigido a personas mayores de 65 a\u00f1os<\/title>\n<meta name=\"description\" content=\"Las plazas para el taller del jueves 2 de marzo por la ma\u00f1ana se completan por orden de llamada al 010 \u2013 948 420 100\" \/>\n<meta name=\"robots\" content=\"index, follow, max-snippet:-1, max-image-preview:large, max-video-preview:-1\" \/>\n<link rel=\"canonical\" href=\"https:\/\/www.laguiadepamplona.com\/actualidad\/este-viernes-se-abren-las-inscripciones-del-taller-gratuito-para-entender-la-factura-electrica-y-de-gas-dirigido-a-personas-mayores-de-65-anos\/\" \/>\n<meta property=\"og:locale\" content=\"es_ES\" \/>\n<meta property=\"og:type\" content=\"article\" \/>\n<meta property=\"og:title\" content=\"Este viernes se abren las inscripciones del taller gratuito para entender la factura el\u00e9ctrica y de gas, dirigido a personas mayores de 65 a\u00f1os\" \/>\n<meta property=\"og:description\" content=\"Las plazas para el taller del jueves 2 de marzo por la ma\u00f1ana se completan por orden de llamada al 010 \u2013 948 420 100\" \/>\n<meta property=\"og:url\" content=\"https:\/\/www.laguiadepamplona.com\/actualidad\/este-viernes-se-abren-las-inscripciones-del-taller-gratuito-para-entender-la-factura-electrica-y-de-gas-dirigido-a-personas-mayores-de-65-anos\/\" \/>\n<meta property=\"og:site_name\" content=\"La Gu\u00eda de Pamplona\" \/>\n<meta property=\"article:publisher\" content=\"https:\/\/www.facebook.com\/laguiadepamplonacom-133175176762273\/?ref=hl\" \/>\n<meta property=\"article:published_time\" content=\"2023-02-17T12:20:16+00:00\" \/>\n<meta property=\"article:modified_time\" content=\"2023-04-11T09:47:11+00:00\" \/>\n<meta property=\"og:image\" content=\"https:\/\/www.laguiadepamplona.com\/actualidad\/wp-content\/uploads\/2023\/02\/descifra-tu-factura-electrica-gas.webp\" \/>\n\t<meta property=\"og:image:width\" content=\"876\" \/>\n\t<meta property=\"og:image:height\" content=\"621\" \/>\n\t<meta property=\"og:image:type\" content=\"image\/webp\" \/>\n<meta name=\"author\" content=\"La Gu\u00eda de Pamplona\" \/>\n<meta name=\"twitter:card\" content=\"summary_large_image\" \/>\n<meta name=\"twitter:creator\" content=\"@LaGuiadPamplona\" \/>\n<meta name=\"twitter:site\" content=\"@LaGuiadPamplona\" \/>\n<meta name=\"twitter:label1\" content=\"Escrito por\" \/>\n\t<meta name=\"twitter:data1\" content=\"La Gu\u00eda de Pamplona\" \/>\n\t<meta name=\"twitter:label2\" content=\"Tiempo de lectura\" \/>\n\t<meta name=\"twitter:data2\" content=\"2 minutos\" \/>\n<script type=\"application\/ld+json\" class=\"yoast-schema-graph\">{\"@context\":\"https:\\\/\\\/schema.org\",\"@graph\":[{\"@type\":\"Article\",\"@id\":\"https:\\\/\\\/www.laguiadepamplona.com\\\/actualidad\\\/este-viernes-se-abren-las-inscripciones-del-taller-gratuito-para-entender-la-factura-electrica-y-de-gas-dirigido-a-personas-mayores-de-65-anos\\\/#article\",\"isPartOf\":{\"@id\":\"https:\\\/\\\/www.laguiadepamplona.com\\\/actualidad\\\/este-viernes-se-abren-las-inscripciones-del-taller-gratuito-para-entender-la-factura-electrica-y-de-gas-dirigido-a-personas-mayores-de-65-anos\\\/\"},\"author\":{\"name\":\"La Gu\u00eda de Pamplona\",\"@id\":\"https:\\\/\\\/www.laguiadepamplona.com\\\/actualidad\\\/#\\\/schema\\\/person\\\/efe887376f0213d4657c93adc50b1fdb\"},\"headline\":\"Este viernes se abren las inscripciones del taller gratuito para entender la factura el\u00e9ctrica y de gas, dirigido a personas mayores de 65 a\u00f1os\",\"datePublished\":\"2023-02-17T12:20:16+00:00\",\"dateModified\":\"2023-04-11T09:47:11+00:00\",\"mainEntityOfPage\":{\"@id\":\"https:\\\/\\\/www.laguiadepamplona.com\\\/actualidad\\\/este-viernes-se-abren-las-inscripciones-del-taller-gratuito-para-entender-la-factura-electrica-y-de-gas-dirigido-a-personas-mayores-de-65-anos\\\/\"},\"wordCount\":424,\"commentCount\":0,\"publisher\":{\"@id\":\"https:\\\/\\\/www.laguiadepamplona.com\\\/actualidad\\\/#organization\"},\"image\":{\"@id\":\"https:\\\/\\\/www.laguiadepamplona.com\\\/actualidad\\\/este-viernes-se-abren-las-inscripciones-del-taller-gratuito-para-entender-la-factura-electrica-y-de-gas-dirigido-a-personas-mayores-de-65-anos\\\/#primaryimage\"},\"thumbnailUrl\":\"https:\\\/\\\/www.laguiadepamplona.com\\\/actualidad\\\/wp-content\\\/uploads\\\/2023\\\/02\\\/descifra-tu-factura-electrica-gas.webp\",\"articleSection\":[\"Ayto Pamplona\"],\"inLanguage\":\"es\",\"potentialAction\":[{\"@type\":\"CommentAction\",\"name\":\"Comment\",\"target\":[\"https:\\\/\\\/www.laguiadepamplona.com\\\/actualidad\\\/este-viernes-se-abren-las-inscripciones-del-taller-gratuito-para-entender-la-factura-electrica-y-de-gas-dirigido-a-personas-mayores-de-65-anos\\\/#respond\"]}]},{\"@type\":\"WebPage\",\"@id\":\"https:\\\/\\\/www.laguiadepamplona.com\\\/actualidad\\\/este-viernes-se-abren-las-inscripciones-del-taller-gratuito-para-entender-la-factura-electrica-y-de-gas-dirigido-a-personas-mayores-de-65-anos\\\/\",\"url\":\"https:\\\/\\\/www.laguiadepamplona.com\\\/actualidad\\\/este-viernes-se-abren-las-inscripciones-del-taller-gratuito-para-entender-la-factura-electrica-y-de-gas-dirigido-a-personas-mayores-de-65-anos\\\/\",\"name\":\"Este viernes se abren las inscripciones del taller gratuito para entender la factura el\u00e9ctrica y de gas, dirigido a personas mayores de 65 a\u00f1os\",\"isPartOf\":{\"@id\":\"https:\\\/\\\/www.laguiadepamplona.com\\\/actualidad\\\/#website\"},\"primaryImageOfPage\":{\"@id\":\"https:\\\/\\\/www.laguiadepamplona.com\\\/actualidad\\\/este-viernes-se-abren-las-inscripciones-del-taller-gratuito-para-entender-la-factura-electrica-y-de-gas-dirigido-a-personas-mayores-de-65-anos\\\/#primaryimage\"},\"image\":{\"@id\":\"https:\\\/\\\/www.laguiadepamplona.com\\\/actualidad\\\/este-viernes-se-abren-las-inscripciones-del-taller-gratuito-para-entender-la-factura-electrica-y-de-gas-dirigido-a-personas-mayores-de-65-anos\\\/#primaryimage\"},\"thumbnailUrl\":\"https:\\\/\\\/www.laguiadepamplona.com\\\/actualidad\\\/wp-content\\\/uploads\\\/2023\\\/02\\\/descifra-tu-factura-electrica-gas.webp\",\"datePublished\":\"2023-02-17T12:20:16+00:00\",\"dateModified\":\"2023-04-11T09:47:11+00:00\",\"description\":\"Las plazas para el taller del jueves 2 de marzo por la ma\u00f1ana se completan por orden de llamada al 010 \u2013 948 420 100\",\"breadcrumb\":{\"@id\":\"https:\\\/\\\/www.laguiadepamplona.com\\\/actualidad\\\/este-viernes-se-abren-las-inscripciones-del-taller-gratuito-para-entender-la-factura-electrica-y-de-gas-dirigido-a-personas-mayores-de-65-anos\\\/#breadcrumb\"},\"inLanguage\":\"es\",\"potentialAction\":[{\"@type\":\"ReadAction\",\"target\":[\"https:\\\/\\\/www.laguiadepamplona.com\\\/actualidad\\\/este-viernes-se-abren-las-inscripciones-del-taller-gratuito-para-entender-la-factura-electrica-y-de-gas-dirigido-a-personas-mayores-de-65-anos\\\/\"]}]},{\"@type\":\"ImageObject\",\"inLanguage\":\"es\",\"@id\":\"https:\\\/\\\/www.laguiadepamplona.com\\\/actualidad\\\/este-viernes-se-abren-las-inscripciones-del-taller-gratuito-para-entender-la-factura-electrica-y-de-gas-dirigido-a-personas-mayores-de-65-anos\\\/#primaryimage\",\"url\":\"https:\\\/\\\/www.laguiadepamplona.com\\\/actualidad\\\/wp-content\\\/uploads\\\/2023\\\/02\\\/descifra-tu-factura-electrica-gas.webp\",\"contentUrl\":\"https:\\\/\\\/www.laguiadepamplona.com\\\/actualidad\\\/wp-content\\\/uploads\\\/2023\\\/02\\\/descifra-tu-factura-electrica-gas.webp\",\"width\":876,\"height\":621},{\"@type\":\"BreadcrumbList\",\"@id\":\"https:\\\/\\\/www.laguiadepamplona.com\\\/actualidad\\\/este-viernes-se-abren-las-inscripciones-del-taller-gratuito-para-entender-la-factura-electrica-y-de-gas-dirigido-a-personas-mayores-de-65-anos\\\/#breadcrumb\",\"itemListElement\":[{\"@type\":\"ListItem\",\"position\":1,\"name\":\"Portada\",\"item\":\"https:\\\/\\\/www.laguiadepamplona.com\\\/actualidad\\\/\"},{\"@type\":\"ListItem\",\"position\":2,\"name\":\"Este viernes se abren las inscripciones del taller gratuito para entender la factura el\u00e9ctrica y de gas, dirigido a personas mayores de 65 a\u00f1os\"}]},{\"@type\":\"WebSite\",\"@id\":\"https:\\\/\\\/www.laguiadepamplona.com\\\/actualidad\\\/#website\",\"url\":\"https:\\\/\\\/www.laguiadepamplona.com\\\/actualidad\\\/\",\"name\":\"La gu\u00eda de Pamplona\",\"description\":\"Noticias de Pamplona\",\"publisher\":{\"@id\":\"https:\\\/\\\/www.laguiadepamplona.com\\\/actualidad\\\/#organization\"},\"potentialAction\":[{\"@type\":\"SearchAction\",\"target\":{\"@type\":\"EntryPoint\",\"urlTemplate\":\"https:\\\/\\\/www.laguiadepamplona.com\\\/actualidad\\\/?s={search_term_string}\"},\"query-input\":{\"@type\":\"PropertyValueSpecification\",\"valueRequired\":true,\"valueName\":\"search_term_string\"}}],\"inLanguage\":\"es\"},{\"@type\":\"Organization\",\"@id\":\"https:\\\/\\\/www.laguiadepamplona.com\\\/actualidad\\\/#organization\",\"name\":\"La Gu\u00eda de Pamplona \\\/ Noticias\",\"url\":\"https:\\\/\\\/www.laguiadepamplona.com\\\/actualidad\\\/\",\"logo\":{\"@type\":\"ImageObject\",\"inLanguage\":\"es\",\"@id\":\"https:\\\/\\\/www.laguiadepamplona.com\\\/actualidad\\\/#\\\/schema\\\/logo\\\/image\\\/\",\"url\":\"https:\\\/\\\/www.laguiadepamplona.com\\\/actualidad\\\/wp-content\\\/uploads\\\/2018\\\/11\\\/logo-laguiadepamplona18-web1.png\",\"contentUrl\":\"https:\\\/\\\/www.laguiadepamplona.com\\\/actualidad\\\/wp-content\\\/uploads\\\/2018\\\/11\\\/logo-laguiadepamplona18-web1.png\",\"width\":600,\"height\":196,\"caption\":\"La Gu\u00eda de Pamplona \\\/ Noticias\"},\"image\":{\"@id\":\"https:\\\/\\\/www.laguiadepamplona.com\\\/actualidad\\\/#\\\/schema\\\/logo\\\/image\\\/\"},\"sameAs\":[\"https:\\\/\\\/www.facebook.com\\\/laguiadepamplonacom-133175176762273\\\/?ref=hl\",\"https:\\\/\\\/x.com\\\/LaGuiadPamplona\",\"https:\\\/\\\/www.instagram.com\\\/la_guia_de_pamplona\\\/\",\"https:\\\/\\\/www.youtube.com\\\/user\\\/laguiadepamplona\"]},{\"@type\":\"Person\",\"@id\":\"https:\\\/\\\/www.laguiadepamplona.com\\\/actualidad\\\/#\\\/schema\\\/person\\\/efe887376f0213d4657c93adc50b1fdb\",\"name\":\"La Gu\u00eda de Pamplona\",\"image\":{\"@type\":\"ImageObject\",\"inLanguage\":\"es\",\"@id\":\"https:\\\/\\\/secure.gravatar.com\\\/avatar\\\/b6992f131dc8d30ab0dff15446e9d346d9dbd95992de0fef795073f5ea83a81c?s=96&d=mm&r=g\",\"url\":\"https:\\\/\\\/secure.gravatar.com\\\/avatar\\\/b6992f131dc8d30ab0dff15446e9d346d9dbd95992de0fef795073f5ea83a81c?s=96&d=mm&r=g\",\"contentUrl\":\"https:\\\/\\\/secure.gravatar.com\\\/avatar\\\/b6992f131dc8d30ab0dff15446e9d346d9dbd95992de0fef795073f5ea83a81c?s=96&d=mm&r=g\",\"caption\":\"La Gu\u00eda de Pamplona\"}}]}<\/script>\n<!-- \/ Yoast SEO plugin. -->","yoast_head_json":{"title":"Este viernes se abren las inscripciones del taller gratuito para entender la factura el\u00e9ctrica y de gas, dirigido a personas mayores de 65 a\u00f1os","description":"Las plazas para el taller del jueves 2 de marzo por la ma\u00f1ana se completan por orden de llamada al 010 \u2013 948 420 100","robots":{"index":"index","follow":"follow","max-snippet":"max-snippet:-1","max-image-preview":"max-image-preview:large","max-video-preview":"max-video-preview:-1"},"canonical":"https:\/\/www.laguiadepamplona.com\/actualidad\/este-viernes-se-abren-las-inscripciones-del-taller-gratuito-para-entender-la-factura-electrica-y-de-gas-dirigido-a-personas-mayores-de-65-anos\/","og_locale":"es_ES","og_type":"article","og_title":"Este viernes se abren las inscripciones del taller gratuito para entender la factura el\u00e9ctrica y de gas, dirigido a personas mayores de 65 a\u00f1os","og_description":"Las plazas para el taller del jueves 2 de marzo por la ma\u00f1ana se completan por orden de llamada al 010 \u2013 948 420 100","og_url":"https:\/\/www.laguiadepamplona.com\/actualidad\/este-viernes-se-abren-las-inscripciones-del-taller-gratuito-para-entender-la-factura-electrica-y-de-gas-dirigido-a-personas-mayores-de-65-anos\/","og_site_name":"La Gu\u00eda de Pamplona","article_publisher":"https:\/\/www.facebook.com\/laguiadepamplonacom-133175176762273\/?ref=hl","article_published_time":"2023-02-17T12:20:16+00:00","article_modified_time":"2023-04-11T09:47:11+00:00","og_image":[{"width":876,"height":621,"url":"https:\/\/www.laguiadepamplona.com\/actualidad\/wp-content\/uploads\/2023\/02\/descifra-tu-factura-electrica-gas.webp","type":"image\/webp"}],"author":"La Gu\u00eda de Pamplona","twitter_card":"summary_large_image","twitter_creator":"@LaGuiadPamplona","twitter_site":"@LaGuiadPamplona","twitter_misc":{"Escrito por":"La Gu\u00eda de Pamplona","Tiempo de lectura":"2 minutos"},"schema":{"@context":"https:\/\/schema.org","@graph":[{"@type":"Article","@id":"https:\/\/www.laguiadepamplona.com\/actualidad\/este-viernes-se-abren-las-inscripciones-del-taller-gratuito-para-entender-la-factura-electrica-y-de-gas-dirigido-a-personas-mayores-de-65-anos\/#article","isPartOf":{"@id":"https:\/\/www.laguiadepamplona.com\/actualidad\/este-viernes-se-abren-las-inscripciones-del-taller-gratuito-para-entender-la-factura-electrica-y-de-gas-dirigido-a-personas-mayores-de-65-anos\/"},"author":{"name":"La Gu\u00eda de Pamplona","@id":"https:\/\/www.laguiadepamplona.com\/actualidad\/#\/schema\/person\/efe887376f0213d4657c93adc50b1fdb"},"headline":"Este viernes se abren las inscripciones del taller gratuito para entender la factura el\u00e9ctrica y de gas, dirigido a personas mayores de 65 a\u00f1os","datePublished":"2023-02-17T12:20:16+00:00","dateModified":"2023-04-11T09:47:11+00:00","mainEntityOfPage":{"@id":"https:\/\/www.laguiadepamplona.com\/actualidad\/este-viernes-se-abren-las-inscripciones-del-taller-gratuito-para-entender-la-factura-electrica-y-de-gas-dirigido-a-personas-mayores-de-65-anos\/"},"wordCount":424,"commentCount":0,"publisher":{"@id":"https:\/\/www.laguiadepamplona.com\/actualidad\/#organization"},"image":{"@id":"https:\/\/www.laguiadepamplona.com\/actualidad\/este-viernes-se-abren-las-inscripciones-del-taller-gratuito-para-entender-la-factura-electrica-y-de-gas-dirigido-a-personas-mayores-de-65-anos\/#primaryimage"},"thumbnailUrl":"https:\/\/www.laguiadepamplona.com\/actualidad\/wp-content\/uploads\/2023\/02\/descifra-tu-factura-electrica-gas.webp","articleSection":["Ayto Pamplona"],"inLanguage":"es","potentialAction":[{"@type":"CommentAction","name":"Comment","target":["https:\/\/www.laguiadepamplona.com\/actualidad\/este-viernes-se-abren-las-inscripciones-del-taller-gratuito-para-entender-la-factura-electrica-y-de-gas-dirigido-a-personas-mayores-de-65-anos\/#respond"]}]},{"@type":"WebPage","@id":"https:\/\/www.laguiadepamplona.com\/actualidad\/este-viernes-se-abren-las-inscripciones-del-taller-gratuito-para-entender-la-factura-electrica-y-de-gas-dirigido-a-personas-mayores-de-65-anos\/","url":"https:\/\/www.laguiadepamplona.com\/actualidad\/este-viernes-se-abren-las-inscripciones-del-taller-gratuito-para-entender-la-factura-electrica-y-de-gas-dirigido-a-personas-mayores-de-65-anos\/","name":"Este viernes se abren las inscripciones del taller gratuito para entender la factura el\u00e9ctrica y de gas, dirigido a personas mayores de 65 a\u00f1os","isPartOf":{"@id":"https:\/\/www.laguiadepamplona.com\/actualidad\/#website"},"primaryImageOfPage":{"@id":"https:\/\/www.laguiadepamplona.com\/actualidad\/este-viernes-se-abren-las-inscripciones-del-taller-gratuito-para-entender-la-factura-electrica-y-de-gas-dirigido-a-personas-mayores-de-65-anos\/#primaryimage"},"image":{"@id":"https:\/\/www.laguiadepamplona.com\/actualidad\/este-viernes-se-abren-las-inscripciones-del-taller-gratuito-para-entender-la-factura-electrica-y-de-gas-dirigido-a-personas-mayores-de-65-anos\/#primaryimage"},"thumbnailUrl":"https:\/\/www.laguiadepamplona.com\/actualidad\/wp-content\/uploads\/2023\/02\/descifra-tu-factura-electrica-gas.webp","datePublished":"2023-02-17T12:20:16+00:00","dateModified":"2023-04-11T09:47:11+00:00","description":"Las plazas para el taller del jueves 2 de marzo por la ma\u00f1ana se completan por orden de llamada al 010 \u2013 948 420 100","breadcrumb":{"@id":"https:\/\/www.laguiadepamplona.com\/actualidad\/este-viernes-se-abren-las-inscripciones-del-taller-gratuito-para-entender-la-factura-electrica-y-de-gas-dirigido-a-personas-mayores-de-65-anos\/#breadcrumb"},"inLanguage":"es","potentialAction":[{"@type":"ReadAction","target":["https:\/\/www.laguiadepamplona.com\/actualidad\/este-viernes-se-abren-las-inscripciones-del-taller-gratuito-para-entender-la-factura-electrica-y-de-gas-dirigido-a-personas-mayores-de-65-anos\/"]}]},{"@type":"ImageObject","inLanguage":"es","@id":"https:\/\/www.laguiadepamplona.com\/actualidad\/este-viernes-se-abren-las-inscripciones-del-taller-gratuito-para-entender-la-factura-electrica-y-de-gas-dirigido-a-personas-mayores-de-65-anos\/#primaryimage","url":"https:\/\/www.laguiadepamplona.com\/actualidad\/wp-content\/uploads\/2023\/02\/descifra-tu-factura-electrica-gas.webp","contentUrl":"https:\/\/www.laguiadepamplona.com\/actualidad\/wp-content\/uploads\/2023\/02\/descifra-tu-factura-electrica-gas.webp","width":876,"height":621},{"@type":"BreadcrumbList","@id":"https:\/\/www.laguiadepamplona.com\/actualidad\/este-viernes-se-abren-las-inscripciones-del-taller-gratuito-para-entender-la-factura-electrica-y-de-gas-dirigido-a-personas-mayores-de-65-anos\/#breadcrumb","itemListElement":[{"@type":"ListItem","position":1,"name":"Portada","item":"https:\/\/www.laguiadepamplona.com\/actualidad\/"},{"@type":"ListItem","position":2,"name":"Este viernes se abren las inscripciones del taller gratuito para entender la factura el\u00e9ctrica y de gas, dirigido a personas mayores de 65 a\u00f1os"}]},{"@type":"WebSite","@id":"https:\/\/www.laguiadepamplona.com\/actualidad\/#website","url":"https:\/\/www.laguiadepamplona.com\/actualidad\/","name":"La gu\u00eda de Pamplona","description":"Noticias de Pamplona","publisher":{"@id":"https:\/\/www.laguiadepamplona.com\/actualidad\/#organization"},"potentialAction":[{"@type":"SearchAction","target":{"@type":"EntryPoint","urlTemplate":"https:\/\/www.laguiadepamplona.com\/actualidad\/?s={search_term_string}"},"query-input":{"@type":"PropertyValueSpecification","valueRequired":true,"valueName":"search_term_string"}}],"inLanguage":"es"},{"@type":"Organization","@id":"https:\/\/www.laguiadepamplona.com\/actualidad\/#organization","name":"La Gu\u00eda de Pamplona \/ Noticias","url":"https:\/\/www.laguiadepamplona.com\/actualidad\/","logo":{"@type":"ImageObject","inLanguage":"es","@id":"https:\/\/www.laguiadepamplona.com\/actualidad\/#\/schema\/logo\/image\/","url":"https:\/\/www.laguiadepamplona.com\/actualidad\/wp-content\/uploads\/2018\/11\/logo-laguiadepamplona18-web1.png","contentUrl":"https:\/\/www.laguiadepamplona.com\/actualidad\/wp-content\/uploads\/2018\/11\/logo-laguiadepamplona18-web1.png","width":600,"height":196,"caption":"La Gu\u00eda de Pamplona \/ Noticias"},"image":{"@id":"https:\/\/www.laguiadepamplona.com\/actualidad\/#\/schema\/logo\/image\/"},"sameAs":["https:\/\/www.facebook.com\/laguiadepamplonacom-133175176762273\/?ref=hl","https:\/\/x.com\/LaGuiadPamplona","https:\/\/www.instagram.com\/la_guia_de_pamplona\/","https:\/\/www.youtube.com\/user\/laguiadepamplona"]},{"@type":"Person","@id":"https:\/\/www.laguiadepamplona.com\/actualidad\/#\/schema\/person\/efe887376f0213d4657c93adc50b1fdb","name":"La Gu\u00eda de Pamplona","image":{"@type":"ImageObject","inLanguage":"es","@id":"https:\/\/secure.gravatar.com\/avatar\/b6992f131dc8d30ab0dff15446e9d346d9dbd95992de0fef795073f5ea83a81c?s=96&d=mm&r=g","url":"https:\/\/secure.gravatar.com\/avatar\/b6992f131dc8d30ab0dff15446e9d346d9dbd95992de0fef795073f5ea83a81c?s=96&d=mm&r=g","contentUrl":"https:\/\/secure.gravatar.com\/avatar\/b6992f131dc8d30ab0dff15446e9d346d9dbd95992de0fef795073f5ea83a81c?s=96&d=mm&r=g","caption":"La Gu\u00eda de Pamplona"}}]}},"post_mailing_queue_ids":[],"_links":{"self":[{"href":"https:\/\/www.laguiadepamplona.com\/actualidad\/wp-json\/wp\/v2\/posts\/42901","targetHints":{"allow":["GET"]}}],"collection":[{"href":"https:\/\/www.laguiadepamplona.com\/actualidad\/wp-json\/wp\/v2\/posts"}],"about":[{"href":"https:\/\/www.laguiadepamplona.com\/actualidad\/wp-json\/wp\/v2\/types\/post"}],"author":[{"embeddable":true,"href":"https:\/\/www.laguiadepamplona.com\/actualidad\/wp-json\/wp\/v2\/users\/1"}],"replies":[{"embeddable":true,"href":"https:\/\/www.laguiadepamplona.com\/actualidad\/wp-json\/wp\/v2\/comments?post=42901"}],"version-history":[{"count":0,"href":"https:\/\/www.laguiadepamplona.com\/actualidad\/wp-json\/wp\/v2\/posts\/42901\/revisions"}],"wp:featuredmedia":[{"embeddable":true,"href":"https:\/\/www.laguiadepamplona.com\/actualidad\/wp-json\/wp\/v2\/media\/42902"}],"wp:attachment":[{"href":"https:\/\/www.laguiadepamplona.com\/actualidad\/wp-json\/wp\/v2\/media?parent=42901"}],"wp:term":[{"taxonomy":"category","embeddable":true,"href":"https:\/\/www.laguiadepamplona.com\/actualidad\/wp-json\/wp\/v2\/categories?post=42901"},{"taxonomy":"post_tag","embeddable":true,"href":"https:\/\/www.laguiadepamplona.com\/actualidad\/wp-json\/wp\/v2\/tags?post=42901"}],"curies":[{"name":"wp","href":"https:\/\/api.w.org\/{rel}","templated":true}]}}