{"id":42898,"date":"2023-02-16T19:51:21","date_gmt":"2023-02-16T17:51:21","guid":{"rendered":"https:\/\/www.laguiadepamplona.com\/actualidad\/?p=42898"},"modified":"2023-04-11T11:47:11","modified_gmt":"2023-04-11T09:47:11","slug":"el-alcalde-recibe-a-la-delegacion-del-ministerio-de-asuntos-economicos-y-transformacion-digital-que-hoy-se-reune-con-agentes-del-ecosistema-digital-audiovisual-de-pamplona","status":"publish","type":"post","link":"https:\/\/www.laguiadepamplona.com\/actualidad\/el-alcalde-recibe-a-la-delegacion-del-ministerio-de-asuntos-economicos-y-transformacion-digital-que-hoy-se-reune-con-agentes-del-ecosistema-digital-audiovisual-de-pamplona\/","title":{"rendered":"El alcalde recibe a la delegaci\u00f3n del Ministerio de Asuntos Econ\u00f3micos y Transformaci\u00f3n Digital que hoy se re\u00fane con agentes del \u2018Ecosistema digital audiovisual de Pamplona\u2019"},"content":{"rendered":"<h5>Es la reuni\u00f3n inicial de un proyecto por el que la ciudad recibir\u00e1 1,7 millones de euros de los Fondos Next Generation EU<\/h5>\n<p><!--more--><\/p>\n<p>Esta ma\u00f1ana est\u00e1 teniendo lugar en Pamplona la reuni\u00f3n inicial de lo que ser\u00e1 el \u2018Ecosistema digital audiovisual de Pamplona-Hub\u2019 en el barrio de Mendebaldea, un proyecto destinado a crear un laboratorio y espacio de encuentro de empresas del sector de las industrias creativas y digitales de la ciudad, con especial atenci\u00f3n a la animaci\u00f3n y los videojuegos.<br \/>\n<script async src=\"\/\/pagead2.googlesyndication.com\/pagead\/js\/adsbygoogle.js\"><\/script><br \/>\n<!-- Noticias La Guia de Pamplona --><br \/>\n<ins class=\"adsbygoogle\"\nstyle=\"display:block\"\ndata-ad-client=\"ca-pub-6943679897239327\"\ndata-ad-slot=\"7048180777\"\ndata-ad-format=\"auto\"><\/ins><br \/>\n<script>\n(adsbygoogle = window.adsbygoogle || []).push({});\n<\/script><\/p>\n<p>La propuesta de Pamplona recibi\u00f3 a finales del a\u00f1o pasado recibi\u00f3 el respaldo de la Direcci\u00f3n de Servicios Digitales (Red.es) del Ministerio de Asuntos Econ\u00f3micos y Transformaci\u00f3n Digital en el marco de una ayuda de 1,7 millones de euros para hacerla realidad, obtenida a trav\u00e9s del Plan de Recuperaci\u00f3n Transformaci\u00f3n y Resiliencia de los Fondos Next Generation EU.<\/p>\n<p>Hoy a las 9 horas se ha reunido en la Casa Consistorial una delegaci\u00f3n de la Direcci\u00f3n de Servicios Digitales (Red.es) formada por Francisco Javier Garc\u00eda Vieira, director de Servicios P\u00fablicos Digitales, y Mar\u00eda Fern\u00e1ndez Ranca\u00f1o, directora Adjunta, con responsables del Cl\u00faster Audiovisual de Navarra (su presidenta y vicepresidente, Rosa Garc\u00eda y Carlos Fern\u00e1ndez de Vigo, respectivamente, y su gerente Arturo Cisneros; el director del servicio de Competitividad de Gobierno de Navarra, Juan Carlos Art\u00e1zcoz y personal t\u00e9cnico municipal que desarrolla el proyecto. Antes de la cita, la delegaci\u00f3n del ministerio ha sido recibida por el alcalde de Pamplona, Enrique Maya.<br \/>\n<script async src=\"\/\/pagead2.googlesyndication.com\/pagead\/js\/adsbygoogle.js\"><\/script><br \/>\n<!-- Noticias La Guia de Pamplona --><br \/>\n<ins class=\"adsbygoogle\"\nstyle=\"display:block\"\ndata-ad-client=\"ca-pub-6943679897239327\"\ndata-ad-slot=\"7048180777\"\ndata-ad-format=\"auto\"><\/ins><br \/>\n<script>\n(adsbygoogle = window.adsbygoogle || []).push({});\n<\/script><\/p>\n<p>Tras el encuentro, a las 10.40 horas, las personas participantes se han trasladado a la futura sede de Hub que estar\u00e1 ubicada en un local municipal situado en el cruce de las calles Irunlarrea y Ermitaga\u00f1a, que tiene accesos por ambas calles.<\/p>\n<p>Pamplona, junto con las ciudades de Madrid y Murcia, el Cabildo de Gran Canaria y las diputaciones de A Coru\u00f1a y Barcelona, result\u00f3 adjudicataria de los fondos de la convocatoria de ayudas Red.es destinadas a entidades locales de m\u00e1s de 100.000 habitantes. Las entidades beneficiarias se comprometen a cofinanciar los proyectos con recursos p\u00fablicos locales y a contar con el apoyo de pymes del sector de su regi\u00f3n. Todo ello forma parte del plan \u2018Spain Audiovisual Hub\u2019, una propuesta que tiene como objetivo aumentar la producci\u00f3n audiovisual en la era digital un 30% y mejorar el atractivo de Espa\u00f1a en ese campo, es adem\u00e1s uno de los ejes de la agenda Espa\u00f1a Digital 2026.<\/p>\n","protected":false},"excerpt":{"rendered":"<p>Es la reuni\u00f3n inicial de un proyecto por el que la ciudad recibir\u00e1 1,7 millones de euros de los Fondos Next Generation EU<\/p>\n","protected":false},"author":1,"featured_media":42899,"comment_status":"open","ping_status":"closed","sticky":false,"template":"","format":"standard","meta":{"footnotes":""},"categories":[2],"tags":[],"class_list":["post-42898","post","type-post","status-publish","format-standard","has-post-thumbnail","hentry","category-ayuntamiento-pamplona"],"yoast_head":"<!-- This site is optimized with the Yoast SEO plugin v27.5 - https:\/\/yoast.com\/product\/yoast-seo-wordpress\/ -->\n<title>El alcalde recibe a la delegaci\u00f3n del Ministerio de Asuntos Econ\u00f3micos y Transformaci\u00f3n Digital que hoy se re\u00fane con agentes del \u2018Ecosistema digital audiovisual de Pamplona\u2019<\/title>\n<meta name=\"description\" content=\"Es la reuni\u00f3n inicial de un proyecto por el que la ciudad recibir\u00e1 1,7 millones de euros de los Fondos Next Generation EU\" \/>\n<meta name=\"robots\" content=\"index, follow, max-snippet:-1, max-image-preview:large, max-video-preview:-1\" \/>\n<link rel=\"canonical\" href=\"https:\/\/www.laguiadepamplona.com\/actualidad\/el-alcalde-recibe-a-la-delegacion-del-ministerio-de-asuntos-economicos-y-transformacion-digital-que-hoy-se-reune-con-agentes-del-ecosistema-digital-audiovisual-de-pamplona\/\" \/>\n<meta property=\"og:locale\" content=\"es_ES\" \/>\n<meta property=\"og:type\" content=\"article\" \/>\n<meta property=\"og:title\" content=\"El alcalde recibe a la delegaci\u00f3n del Ministerio de Asuntos Econ\u00f3micos y Transformaci\u00f3n Digital que hoy se re\u00fane con agentes del \u2018Ecosistema digital audiovisual de Pamplona\u2019\" \/>\n<meta property=\"og:description\" content=\"Es la reuni\u00f3n inicial de un proyecto por el que la ciudad recibir\u00e1 1,7 millones de euros de los Fondos Next Generation EU\" \/>\n<meta property=\"og:url\" content=\"https:\/\/www.laguiadepamplona.com\/actualidad\/el-alcalde-recibe-a-la-delegacion-del-ministerio-de-asuntos-economicos-y-transformacion-digital-que-hoy-se-reune-con-agentes-del-ecosistema-digital-audiovisual-de-pamplona\/\" \/>\n<meta property=\"og:site_name\" content=\"La Gu\u00eda de Pamplona\" \/>\n<meta property=\"article:publisher\" content=\"https:\/\/www.facebook.com\/laguiadepamplonacom-133175176762273\/?ref=hl\" \/>\n<meta property=\"article:published_time\" content=\"2023-02-16T17:51:21+00:00\" \/>\n<meta property=\"article:modified_time\" content=\"2023-04-11T09:47:11+00:00\" \/>\n<meta property=\"og:image\" content=\"https:\/\/www.laguiadepamplona.com\/actualidad\/wp-content\/uploads\/2023\/02\/delegacservdigitales13022022ee5a8806.webp\" \/>\n\t<meta property=\"og:image:width\" content=\"1920\" \/>\n\t<meta property=\"og:image:height\" content=\"1280\" \/>\n\t<meta property=\"og:image:type\" content=\"image\/webp\" \/>\n<meta name=\"author\" content=\"La Gu\u00eda de Pamplona\" \/>\n<meta name=\"twitter:card\" content=\"summary_large_image\" \/>\n<meta name=\"twitter:creator\" content=\"@LaGuiadPamplona\" \/>\n<meta name=\"twitter:site\" content=\"@LaGuiadPamplona\" \/>\n<meta name=\"twitter:label1\" content=\"Escrito por\" \/>\n\t<meta name=\"twitter:data1\" content=\"La Gu\u00eda de Pamplona\" \/>\n\t<meta name=\"twitter:label2\" content=\"Tiempo de lectura\" \/>\n\t<meta name=\"twitter:data2\" content=\"2 minutos\" \/>\n<script type=\"application\/ld+json\" class=\"yoast-schema-graph\">{\"@context\":\"https:\\\/\\\/schema.org\",\"@graph\":[{\"@type\":\"Article\",\"@id\":\"https:\\\/\\\/www.laguiadepamplona.com\\\/actualidad\\\/el-alcalde-recibe-a-la-delegacion-del-ministerio-de-asuntos-economicos-y-transformacion-digital-que-hoy-se-reune-con-agentes-del-ecosistema-digital-audiovisual-de-pamplona\\\/#article\",\"isPartOf\":{\"@id\":\"https:\\\/\\\/www.laguiadepamplona.com\\\/actualidad\\\/el-alcalde-recibe-a-la-delegacion-del-ministerio-de-asuntos-economicos-y-transformacion-digital-que-hoy-se-reune-con-agentes-del-ecosistema-digital-audiovisual-de-pamplona\\\/\"},\"author\":{\"name\":\"La Gu\u00eda de Pamplona\",\"@id\":\"https:\\\/\\\/www.laguiadepamplona.com\\\/actualidad\\\/#\\\/schema\\\/person\\\/efe887376f0213d4657c93adc50b1fdb\"},\"headline\":\"El alcalde recibe a la delegaci\u00f3n del Ministerio de Asuntos Econ\u00f3micos y Transformaci\u00f3n Digital que hoy se re\u00fane con agentes del \u2018Ecosistema digital audiovisual de Pamplona\u2019\",\"datePublished\":\"2023-02-16T17:51:21+00:00\",\"dateModified\":\"2023-04-11T09:47:11+00:00\",\"mainEntityOfPage\":{\"@id\":\"https:\\\/\\\/www.laguiadepamplona.com\\\/actualidad\\\/el-alcalde-recibe-a-la-delegacion-del-ministerio-de-asuntos-economicos-y-transformacion-digital-que-hoy-se-reune-con-agentes-del-ecosistema-digital-audiovisual-de-pamplona\\\/\"},\"wordCount\":456,\"commentCount\":0,\"publisher\":{\"@id\":\"https:\\\/\\\/www.laguiadepamplona.com\\\/actualidad\\\/#organization\"},\"image\":{\"@id\":\"https:\\\/\\\/www.laguiadepamplona.com\\\/actualidad\\\/el-alcalde-recibe-a-la-delegacion-del-ministerio-de-asuntos-economicos-y-transformacion-digital-que-hoy-se-reune-con-agentes-del-ecosistema-digital-audiovisual-de-pamplona\\\/#primaryimage\"},\"thumbnailUrl\":\"https:\\\/\\\/www.laguiadepamplona.com\\\/actualidad\\\/wp-content\\\/uploads\\\/2023\\\/02\\\/delegacservdigitales13022022ee5a8806.webp\",\"articleSection\":[\"Ayto Pamplona\"],\"inLanguage\":\"es\",\"potentialAction\":[{\"@type\":\"CommentAction\",\"name\":\"Comment\",\"target\":[\"https:\\\/\\\/www.laguiadepamplona.com\\\/actualidad\\\/el-alcalde-recibe-a-la-delegacion-del-ministerio-de-asuntos-economicos-y-transformacion-digital-que-hoy-se-reune-con-agentes-del-ecosistema-digital-audiovisual-de-pamplona\\\/#respond\"]}]},{\"@type\":\"WebPage\",\"@id\":\"https:\\\/\\\/www.laguiadepamplona.com\\\/actualidad\\\/el-alcalde-recibe-a-la-delegacion-del-ministerio-de-asuntos-economicos-y-transformacion-digital-que-hoy-se-reune-con-agentes-del-ecosistema-digital-audiovisual-de-pamplona\\\/\",\"url\":\"https:\\\/\\\/www.laguiadepamplona.com\\\/actualidad\\\/el-alcalde-recibe-a-la-delegacion-del-ministerio-de-asuntos-economicos-y-transformacion-digital-que-hoy-se-reune-con-agentes-del-ecosistema-digital-audiovisual-de-pamplona\\\/\",\"name\":\"El alcalde recibe a la delegaci\u00f3n del Ministerio de Asuntos Econ\u00f3micos y Transformaci\u00f3n Digital que hoy se re\u00fane con agentes del \u2018Ecosistema digital audiovisual de Pamplona\u2019\",\"isPartOf\":{\"@id\":\"https:\\\/\\\/www.laguiadepamplona.com\\\/actualidad\\\/#website\"},\"primaryImageOfPage\":{\"@id\":\"https:\\\/\\\/www.laguiadepamplona.com\\\/actualidad\\\/el-alcalde-recibe-a-la-delegacion-del-ministerio-de-asuntos-economicos-y-transformacion-digital-que-hoy-se-reune-con-agentes-del-ecosistema-digital-audiovisual-de-pamplona\\\/#primaryimage\"},\"image\":{\"@id\":\"https:\\\/\\\/www.laguiadepamplona.com\\\/actualidad\\\/el-alcalde-recibe-a-la-delegacion-del-ministerio-de-asuntos-economicos-y-transformacion-digital-que-hoy-se-reune-con-agentes-del-ecosistema-digital-audiovisual-de-pamplona\\\/#primaryimage\"},\"thumbnailUrl\":\"https:\\\/\\\/www.laguiadepamplona.com\\\/actualidad\\\/wp-content\\\/uploads\\\/2023\\\/02\\\/delegacservdigitales13022022ee5a8806.webp\",\"datePublished\":\"2023-02-16T17:51:21+00:00\",\"dateModified\":\"2023-04-11T09:47:11+00:00\",\"description\":\"Es la reuni\u00f3n inicial de un proyecto por el que la ciudad recibir\u00e1 1,7 millones de euros de los Fondos Next Generation EU\",\"breadcrumb\":{\"@id\":\"https:\\\/\\\/www.laguiadepamplona.com\\\/actualidad\\\/el-alcalde-recibe-a-la-delegacion-del-ministerio-de-asuntos-economicos-y-transformacion-digital-que-hoy-se-reune-con-agentes-del-ecosistema-digital-audiovisual-de-pamplona\\\/#breadcrumb\"},\"inLanguage\":\"es\",\"potentialAction\":[{\"@type\":\"ReadAction\",\"target\":[\"https:\\\/\\\/www.laguiadepamplona.com\\\/actualidad\\\/el-alcalde-recibe-a-la-delegacion-del-ministerio-de-asuntos-economicos-y-transformacion-digital-que-hoy-se-reune-con-agentes-del-ecosistema-digital-audiovisual-de-pamplona\\\/\"]}]},{\"@type\":\"ImageObject\",\"inLanguage\":\"es\",\"@id\":\"https:\\\/\\\/www.laguiadepamplona.com\\\/actualidad\\\/el-alcalde-recibe-a-la-delegacion-del-ministerio-de-asuntos-economicos-y-transformacion-digital-que-hoy-se-reune-con-agentes-del-ecosistema-digital-audiovisual-de-pamplona\\\/#primaryimage\",\"url\":\"https:\\\/\\\/www.laguiadepamplona.com\\\/actualidad\\\/wp-content\\\/uploads\\\/2023\\\/02\\\/delegacservdigitales13022022ee5a8806.webp\",\"contentUrl\":\"https:\\\/\\\/www.laguiadepamplona.com\\\/actualidad\\\/wp-content\\\/uploads\\\/2023\\\/02\\\/delegacservdigitales13022022ee5a8806.webp\",\"width\":1920,\"height\":1280},{\"@type\":\"BreadcrumbList\",\"@id\":\"https:\\\/\\\/www.laguiadepamplona.com\\\/actualidad\\\/el-alcalde-recibe-a-la-delegacion-del-ministerio-de-asuntos-economicos-y-transformacion-digital-que-hoy-se-reune-con-agentes-del-ecosistema-digital-audiovisual-de-pamplona\\\/#breadcrumb\",\"itemListElement\":[{\"@type\":\"ListItem\",\"position\":1,\"name\":\"Portada\",\"item\":\"https:\\\/\\\/www.laguiadepamplona.com\\\/actualidad\\\/\"},{\"@type\":\"ListItem\",\"position\":2,\"name\":\"El alcalde recibe a la delegaci\u00f3n del Ministerio de Asuntos Econ\u00f3micos y Transformaci\u00f3n Digital que hoy se re\u00fane con agentes del \u2018Ecosistema digital audiovisual de Pamplona\u2019\"}]},{\"@type\":\"WebSite\",\"@id\":\"https:\\\/\\\/www.laguiadepamplona.com\\\/actualidad\\\/#website\",\"url\":\"https:\\\/\\\/www.laguiadepamplona.com\\\/actualidad\\\/\",\"name\":\"La gu\u00eda de Pamplona\",\"description\":\"Noticias de Pamplona\",\"publisher\":{\"@id\":\"https:\\\/\\\/www.laguiadepamplona.com\\\/actualidad\\\/#organization\"},\"potentialAction\":[{\"@type\":\"SearchAction\",\"target\":{\"@type\":\"EntryPoint\",\"urlTemplate\":\"https:\\\/\\\/www.laguiadepamplona.com\\\/actualidad\\\/?s={search_term_string}\"},\"query-input\":{\"@type\":\"PropertyValueSpecification\",\"valueRequired\":true,\"valueName\":\"search_term_string\"}}],\"inLanguage\":\"es\"},{\"@type\":\"Organization\",\"@id\":\"https:\\\/\\\/www.laguiadepamplona.com\\\/actualidad\\\/#organization\",\"name\":\"La Gu\u00eda de Pamplona \\\/ Noticias\",\"url\":\"https:\\\/\\\/www.laguiadepamplona.com\\\/actualidad\\\/\",\"logo\":{\"@type\":\"ImageObject\",\"inLanguage\":\"es\",\"@id\":\"https:\\\/\\\/www.laguiadepamplona.com\\\/actualidad\\\/#\\\/schema\\\/logo\\\/image\\\/\",\"url\":\"https:\\\/\\\/www.laguiadepamplona.com\\\/actualidad\\\/wp-content\\\/uploads\\\/2018\\\/11\\\/logo-laguiadepamplona18-web1.png\",\"contentUrl\":\"https:\\\/\\\/www.laguiadepamplona.com\\\/actualidad\\\/wp-content\\\/uploads\\\/2018\\\/11\\\/logo-laguiadepamplona18-web1.png\",\"width\":600,\"height\":196,\"caption\":\"La Gu\u00eda de Pamplona \\\/ Noticias\"},\"image\":{\"@id\":\"https:\\\/\\\/www.laguiadepamplona.com\\\/actualidad\\\/#\\\/schema\\\/logo\\\/image\\\/\"},\"sameAs\":[\"https:\\\/\\\/www.facebook.com\\\/laguiadepamplonacom-133175176762273\\\/?ref=hl\",\"https:\\\/\\\/x.com\\\/LaGuiadPamplona\",\"https:\\\/\\\/www.instagram.com\\\/la_guia_de_pamplona\\\/\",\"https:\\\/\\\/www.youtube.com\\\/user\\\/laguiadepamplona\"]},{\"@type\":\"Person\",\"@id\":\"https:\\\/\\\/www.laguiadepamplona.com\\\/actualidad\\\/#\\\/schema\\\/person\\\/efe887376f0213d4657c93adc50b1fdb\",\"name\":\"La Gu\u00eda de Pamplona\",\"image\":{\"@type\":\"ImageObject\",\"inLanguage\":\"es\",\"@id\":\"https:\\\/\\\/secure.gravatar.com\\\/avatar\\\/b6992f131dc8d30ab0dff15446e9d346d9dbd95992de0fef795073f5ea83a81c?s=96&d=mm&r=g\",\"url\":\"https:\\\/\\\/secure.gravatar.com\\\/avatar\\\/b6992f131dc8d30ab0dff15446e9d346d9dbd95992de0fef795073f5ea83a81c?s=96&d=mm&r=g\",\"contentUrl\":\"https:\\\/\\\/secure.gravatar.com\\\/avatar\\\/b6992f131dc8d30ab0dff15446e9d346d9dbd95992de0fef795073f5ea83a81c?s=96&d=mm&r=g\",\"caption\":\"La Gu\u00eda de Pamplona\"}}]}<\/script>\n<!-- \/ Yoast SEO plugin. -->","yoast_head_json":{"title":"El alcalde recibe a la delegaci\u00f3n del Ministerio de Asuntos Econ\u00f3micos y Transformaci\u00f3n Digital que hoy se re\u00fane con agentes del \u2018Ecosistema digital audiovisual de Pamplona\u2019","description":"Es la reuni\u00f3n inicial de un proyecto por el que la ciudad recibir\u00e1 1,7 millones de euros de los Fondos Next Generation EU","robots":{"index":"index","follow":"follow","max-snippet":"max-snippet:-1","max-image-preview":"max-image-preview:large","max-video-preview":"max-video-preview:-1"},"canonical":"https:\/\/www.laguiadepamplona.com\/actualidad\/el-alcalde-recibe-a-la-delegacion-del-ministerio-de-asuntos-economicos-y-transformacion-digital-que-hoy-se-reune-con-agentes-del-ecosistema-digital-audiovisual-de-pamplona\/","og_locale":"es_ES","og_type":"article","og_title":"El alcalde recibe a la delegaci\u00f3n del Ministerio de Asuntos Econ\u00f3micos y Transformaci\u00f3n Digital que hoy se re\u00fane con agentes del \u2018Ecosistema digital audiovisual de Pamplona\u2019","og_description":"Es la reuni\u00f3n inicial de un proyecto por el que la ciudad recibir\u00e1 1,7 millones de euros de los Fondos Next Generation EU","og_url":"https:\/\/www.laguiadepamplona.com\/actualidad\/el-alcalde-recibe-a-la-delegacion-del-ministerio-de-asuntos-economicos-y-transformacion-digital-que-hoy-se-reune-con-agentes-del-ecosistema-digital-audiovisual-de-pamplona\/","og_site_name":"La Gu\u00eda de Pamplona","article_publisher":"https:\/\/www.facebook.com\/laguiadepamplonacom-133175176762273\/?ref=hl","article_published_time":"2023-02-16T17:51:21+00:00","article_modified_time":"2023-04-11T09:47:11+00:00","og_image":[{"width":1920,"height":1280,"url":"https:\/\/www.laguiadepamplona.com\/actualidad\/wp-content\/uploads\/2023\/02\/delegacservdigitales13022022ee5a8806.webp","type":"image\/webp"}],"author":"La Gu\u00eda de Pamplona","twitter_card":"summary_large_image","twitter_creator":"@LaGuiadPamplona","twitter_site":"@LaGuiadPamplona","twitter_misc":{"Escrito por":"La Gu\u00eda de Pamplona","Tiempo de lectura":"2 minutos"},"schema":{"@context":"https:\/\/schema.org","@graph":[{"@type":"Article","@id":"https:\/\/www.laguiadepamplona.com\/actualidad\/el-alcalde-recibe-a-la-delegacion-del-ministerio-de-asuntos-economicos-y-transformacion-digital-que-hoy-se-reune-con-agentes-del-ecosistema-digital-audiovisual-de-pamplona\/#article","isPartOf":{"@id":"https:\/\/www.laguiadepamplona.com\/actualidad\/el-alcalde-recibe-a-la-delegacion-del-ministerio-de-asuntos-economicos-y-transformacion-digital-que-hoy-se-reune-con-agentes-del-ecosistema-digital-audiovisual-de-pamplona\/"},"author":{"name":"La Gu\u00eda de Pamplona","@id":"https:\/\/www.laguiadepamplona.com\/actualidad\/#\/schema\/person\/efe887376f0213d4657c93adc50b1fdb"},"headline":"El alcalde recibe a la delegaci\u00f3n del Ministerio de Asuntos Econ\u00f3micos y Transformaci\u00f3n Digital que hoy se re\u00fane con agentes del \u2018Ecosistema digital audiovisual de Pamplona\u2019","datePublished":"2023-02-16T17:51:21+00:00","dateModified":"2023-04-11T09:47:11+00:00","mainEntityOfPage":{"@id":"https:\/\/www.laguiadepamplona.com\/actualidad\/el-alcalde-recibe-a-la-delegacion-del-ministerio-de-asuntos-economicos-y-transformacion-digital-que-hoy-se-reune-con-agentes-del-ecosistema-digital-audiovisual-de-pamplona\/"},"wordCount":456,"commentCount":0,"publisher":{"@id":"https:\/\/www.laguiadepamplona.com\/actualidad\/#organization"},"image":{"@id":"https:\/\/www.laguiadepamplona.com\/actualidad\/el-alcalde-recibe-a-la-delegacion-del-ministerio-de-asuntos-economicos-y-transformacion-digital-que-hoy-se-reune-con-agentes-del-ecosistema-digital-audiovisual-de-pamplona\/#primaryimage"},"thumbnailUrl":"https:\/\/www.laguiadepamplona.com\/actualidad\/wp-content\/uploads\/2023\/02\/delegacservdigitales13022022ee5a8806.webp","articleSection":["Ayto Pamplona"],"inLanguage":"es","potentialAction":[{"@type":"CommentAction","name":"Comment","target":["https:\/\/www.laguiadepamplona.com\/actualidad\/el-alcalde-recibe-a-la-delegacion-del-ministerio-de-asuntos-economicos-y-transformacion-digital-que-hoy-se-reune-con-agentes-del-ecosistema-digital-audiovisual-de-pamplona\/#respond"]}]},{"@type":"WebPage","@id":"https:\/\/www.laguiadepamplona.com\/actualidad\/el-alcalde-recibe-a-la-delegacion-del-ministerio-de-asuntos-economicos-y-transformacion-digital-que-hoy-se-reune-con-agentes-del-ecosistema-digital-audiovisual-de-pamplona\/","url":"https:\/\/www.laguiadepamplona.com\/actualidad\/el-alcalde-recibe-a-la-delegacion-del-ministerio-de-asuntos-economicos-y-transformacion-digital-que-hoy-se-reune-con-agentes-del-ecosistema-digital-audiovisual-de-pamplona\/","name":"El alcalde recibe a la delegaci\u00f3n del Ministerio de Asuntos Econ\u00f3micos y Transformaci\u00f3n Digital que hoy se re\u00fane con agentes del \u2018Ecosistema digital audiovisual de Pamplona\u2019","isPartOf":{"@id":"https:\/\/www.laguiadepamplona.com\/actualidad\/#website"},"primaryImageOfPage":{"@id":"https:\/\/www.laguiadepamplona.com\/actualidad\/el-alcalde-recibe-a-la-delegacion-del-ministerio-de-asuntos-economicos-y-transformacion-digital-que-hoy-se-reune-con-agentes-del-ecosistema-digital-audiovisual-de-pamplona\/#primaryimage"},"image":{"@id":"https:\/\/www.laguiadepamplona.com\/actualidad\/el-alcalde-recibe-a-la-delegacion-del-ministerio-de-asuntos-economicos-y-transformacion-digital-que-hoy-se-reune-con-agentes-del-ecosistema-digital-audiovisual-de-pamplona\/#primaryimage"},"thumbnailUrl":"https:\/\/www.laguiadepamplona.com\/actualidad\/wp-content\/uploads\/2023\/02\/delegacservdigitales13022022ee5a8806.webp","datePublished":"2023-02-16T17:51:21+00:00","dateModified":"2023-04-11T09:47:11+00:00","description":"Es la reuni\u00f3n inicial de un proyecto por el que la ciudad recibir\u00e1 1,7 millones de euros de los Fondos Next Generation EU","breadcrumb":{"@id":"https:\/\/www.laguiadepamplona.com\/actualidad\/el-alcalde-recibe-a-la-delegacion-del-ministerio-de-asuntos-economicos-y-transformacion-digital-que-hoy-se-reune-con-agentes-del-ecosistema-digital-audiovisual-de-pamplona\/#breadcrumb"},"inLanguage":"es","potentialAction":[{"@type":"ReadAction","target":["https:\/\/www.laguiadepamplona.com\/actualidad\/el-alcalde-recibe-a-la-delegacion-del-ministerio-de-asuntos-economicos-y-transformacion-digital-que-hoy-se-reune-con-agentes-del-ecosistema-digital-audiovisual-de-pamplona\/"]}]},{"@type":"ImageObject","inLanguage":"es","@id":"https:\/\/www.laguiadepamplona.com\/actualidad\/el-alcalde-recibe-a-la-delegacion-del-ministerio-de-asuntos-economicos-y-transformacion-digital-que-hoy-se-reune-con-agentes-del-ecosistema-digital-audiovisual-de-pamplona\/#primaryimage","url":"https:\/\/www.laguiadepamplona.com\/actualidad\/wp-content\/uploads\/2023\/02\/delegacservdigitales13022022ee5a8806.webp","contentUrl":"https:\/\/www.laguiadepamplona.com\/actualidad\/wp-content\/uploads\/2023\/02\/delegacservdigitales13022022ee5a8806.webp","width":1920,"height":1280},{"@type":"BreadcrumbList","@id":"https:\/\/www.laguiadepamplona.com\/actualidad\/el-alcalde-recibe-a-la-delegacion-del-ministerio-de-asuntos-economicos-y-transformacion-digital-que-hoy-se-reune-con-agentes-del-ecosistema-digital-audiovisual-de-pamplona\/#breadcrumb","itemListElement":[{"@type":"ListItem","position":1,"name":"Portada","item":"https:\/\/www.laguiadepamplona.com\/actualidad\/"},{"@type":"ListItem","position":2,"name":"El alcalde recibe a la delegaci\u00f3n del Ministerio de Asuntos Econ\u00f3micos y Transformaci\u00f3n Digital que hoy se re\u00fane con agentes del \u2018Ecosistema digital audiovisual de Pamplona\u2019"}]},{"@type":"WebSite","@id":"https:\/\/www.laguiadepamplona.com\/actualidad\/#website","url":"https:\/\/www.laguiadepamplona.com\/actualidad\/","name":"La gu\u00eda de Pamplona","description":"Noticias de Pamplona","publisher":{"@id":"https:\/\/www.laguiadepamplona.com\/actualidad\/#organization"},"potentialAction":[{"@type":"SearchAction","target":{"@type":"EntryPoint","urlTemplate":"https:\/\/www.laguiadepamplona.com\/actualidad\/?s={search_term_string}"},"query-input":{"@type":"PropertyValueSpecification","valueRequired":true,"valueName":"search_term_string"}}],"inLanguage":"es"},{"@type":"Organization","@id":"https:\/\/www.laguiadepamplona.com\/actualidad\/#organization","name":"La Gu\u00eda de Pamplona \/ Noticias","url":"https:\/\/www.laguiadepamplona.com\/actualidad\/","logo":{"@type":"ImageObject","inLanguage":"es","@id":"https:\/\/www.laguiadepamplona.com\/actualidad\/#\/schema\/logo\/image\/","url":"https:\/\/www.laguiadepamplona.com\/actualidad\/wp-content\/uploads\/2018\/11\/logo-laguiadepamplona18-web1.png","contentUrl":"https:\/\/www.laguiadepamplona.com\/actualidad\/wp-content\/uploads\/2018\/11\/logo-laguiadepamplona18-web1.png","width":600,"height":196,"caption":"La Gu\u00eda de Pamplona \/ Noticias"},"image":{"@id":"https:\/\/www.laguiadepamplona.com\/actualidad\/#\/schema\/logo\/image\/"},"sameAs":["https:\/\/www.facebook.com\/laguiadepamplonacom-133175176762273\/?ref=hl","https:\/\/x.com\/LaGuiadPamplona","https:\/\/www.instagram.com\/la_guia_de_pamplona\/","https:\/\/www.youtube.com\/user\/laguiadepamplona"]},{"@type":"Person","@id":"https:\/\/www.laguiadepamplona.com\/actualidad\/#\/schema\/person\/efe887376f0213d4657c93adc50b1fdb","name":"La Gu\u00eda de Pamplona","image":{"@type":"ImageObject","inLanguage":"es","@id":"https:\/\/secure.gravatar.com\/avatar\/b6992f131dc8d30ab0dff15446e9d346d9dbd95992de0fef795073f5ea83a81c?s=96&d=mm&r=g","url":"https:\/\/secure.gravatar.com\/avatar\/b6992f131dc8d30ab0dff15446e9d346d9dbd95992de0fef795073f5ea83a81c?s=96&d=mm&r=g","contentUrl":"https:\/\/secure.gravatar.com\/avatar\/b6992f131dc8d30ab0dff15446e9d346d9dbd95992de0fef795073f5ea83a81c?s=96&d=mm&r=g","caption":"La Gu\u00eda de Pamplona"}}]}},"post_mailing_queue_ids":[],"_links":{"self":[{"href":"https:\/\/www.laguiadepamplona.com\/actualidad\/wp-json\/wp\/v2\/posts\/42898","targetHints":{"allow":["GET"]}}],"collection":[{"href":"https:\/\/www.laguiadepamplona.com\/actualidad\/wp-json\/wp\/v2\/posts"}],"about":[{"href":"https:\/\/www.laguiadepamplona.com\/actualidad\/wp-json\/wp\/v2\/types\/post"}],"author":[{"embeddable":true,"href":"https:\/\/www.laguiadepamplona.com\/actualidad\/wp-json\/wp\/v2\/users\/1"}],"replies":[{"embeddable":true,"href":"https:\/\/www.laguiadepamplona.com\/actualidad\/wp-json\/wp\/v2\/comments?post=42898"}],"version-history":[{"count":0,"href":"https:\/\/www.laguiadepamplona.com\/actualidad\/wp-json\/wp\/v2\/posts\/42898\/revisions"}],"wp:featuredmedia":[{"embeddable":true,"href":"https:\/\/www.laguiadepamplona.com\/actualidad\/wp-json\/wp\/v2\/media\/42899"}],"wp:attachment":[{"href":"https:\/\/www.laguiadepamplona.com\/actualidad\/wp-json\/wp\/v2\/media?parent=42898"}],"wp:term":[{"taxonomy":"category","embeddable":true,"href":"https:\/\/www.laguiadepamplona.com\/actualidad\/wp-json\/wp\/v2\/categories?post=42898"},{"taxonomy":"post_tag","embeddable":true,"href":"https:\/\/www.laguiadepamplona.com\/actualidad\/wp-json\/wp\/v2\/tags?post=42898"}],"curies":[{"name":"wp","href":"https:\/\/api.w.org\/{rel}","templated":true}]}}